{"id":6637,"date":"2015-07-30T13:09:01","date_gmt":"2015-07-30T11:09:01","guid":{"rendered":"http:\/\/laguiadepamplona.com\/actualidad\/?p=6637"},"modified":"2015-07-30T13:09:01","modified_gmt":"2015-07-30T11:09:01","slug":"el-lunes-3-de-agosto-se-abre-la-inscripcion-para-los-talleres-infantiles-de-verano-del-museo-de-educacion-ambiental-que-este-ano-cumplen-su-decima-edicion","status":"publish","type":"post","link":"https:\/\/www.laguiadepamplona.com\/actualidad\/el-lunes-3-de-agosto-se-abre-la-inscripcion-para-los-talleres-infantiles-de-verano-del-museo-de-educacion-ambiental-que-este-ano-cumplen-su-decima-edicion\/","title":{"rendered":"El lunes 3 de agosto se abre la inscripci\u00f3n para los talleres infantiles de verano del Museo de Educaci\u00f3n Ambiental que este a\u00f1o cumplen su d\u00e9cima edici\u00f3n"},"content":{"rendered":"<h4 class=\"western\" lang=\"es-ES\">Suman 280 plazas para menores de 5 a 12 a\u00f1os y se realizan en horario de ma\u00f1ana con car\u00e1cter gratuito<\/h4>\n<p lang=\"es-ES\"><span style=\"font-family: Arial, sans-serif;\"><a href=\"http:\/\/laguiadepamplona.com\/actualidad\/wp-content\/uploads\/2015\/07\/talleres_verano_14_museo-1.jpg\"><img loading=\"lazy\" decoding=\"async\" class=\"alignleft size-medium wp-image-6638\" src=\"http:\/\/laguiadepamplona.com\/actualidad\/wp-content\/uploads\/2015\/07\/talleres_verano_14_museo-1-300x225.jpg\" alt=\"talleres_verano_14_museo-1\" width=\"300\" height=\"225\" \/><\/a>\u00a0Este lunes 3 de agosto se abre el plazo para inscribir menores en los talleres ambientales del Museo de Educaci\u00f3n Ambiental del Ayuntamiento de Pamplona que, este verano, cumplen su d\u00e9cima edici\u00f3n. Los huertos urbanos, la identificaci\u00f3n de plantas silvestres, la utilizaci\u00f3n eficiente de la energ\u00eda, el agua, la biodiversidad, la alimentaci\u00f3n sostenible, el uso responsable de los recursos naturales y el consumo responsable, son los temas \u2018serios\u2019 que se abordar\u00e1n a trav\u00e9s de juegos y manualidades con los menores. Durante los ocho talleres los monitores ambientales buscar\u00e1n llegar, a trav\u00e9s de la observaci\u00f3n y de la experimentaci\u00f3n, a conclusiones que ayuden a los menores a plantearse su relaci\u00f3n con el entorno en diversos campos.<\/span><\/p>\n<p lang=\"es-ES\"><span style=\"font-family: Arial, sans-serif;\"><a href=\"http:\/\/laguiadepamplona.com\/actualidad\/wp-content\/uploads\/2015\/07\/talleres_verano_14_museo2-1.jpg\"><img loading=\"lazy\" decoding=\"async\" class=\"alignleft size-medium wp-image-6639\" src=\"http:\/\/laguiadepamplona.com\/actualidad\/wp-content\/uploads\/2015\/07\/talleres_verano_14_museo2-1-300x225.jpg\" alt=\"talleres_verano_14_museo2-1\" width=\"300\" height=\"225\" \/><\/a> Destinados a<span style=\"color: #000000;\"> ni\u00f1os de 5 a 12 a\u00f1os, se desarrollar\u00e1n de lunes a jueves en la segunda quincena de agosto en horario de 10.30 a 12.30 horas. Todas las actividades se<\/span> ofrecen en castellano y euskera. Hay un <span style=\"color: #000000;\">m\u00e1ximo de 35 plazas por grupo, de forma que l<\/span>a oferta engloba 280 plazas que se cubrir\u00e1n en orden de inscripci\u00f3n. La manera de hacerlo es llamando al Tel\u00e9fono de Atenci\u00f3n Ciudadana 010 (948 420 100 si se llama desde m\u00f3vil o desde fuera de Pamplona) en horario de lunes a viernes de 8 a 15 horas.<\/span><\/p>\n<p lang=\"es-ES\"><span style=\"font-family: Arial, sans-serif;\">El museo est\u00e1 situado en el Monasterio Viejo de San Pedro y es un equipamiento del Ayuntamiento de Pamplona que tiene como objetivos b\u00e1sicos dar a conocer y valorar los recursos naturales y reflexionar sobre las actividades humanas y su interacci\u00f3n con estos recursos. En ese sentido los talleres estivales se enmarcan en el esfuerzo de contribuir mediante la educaci\u00f3n ambiental permanente a la construcci\u00f3n de un nuevo modelo de sociedad basado en los principios de la sostenibilidad. En el verano de 2006, a\u00f1o en el que comenz\u00f3 esta programaci\u00f3n que ahora cumple 10 a\u00f1os, los talleres se extendieron a los dos meses estivales y en ellos participaron 168 menores; el pasado a\u00f1o, ya concentradas las actividades en la segunda mitad del mes de agosto, los inscritos a los talleres gratuitos fueron 265.<\/span><\/p>\n<p lang=\"es-ES\"><span style=\"font-family: Arial, sans-serif;\"><b>Cuidar el medio ambiente y divertirse<\/b><\/span><\/p>\n<p lang=\"es-ES\"><span style=\"font-family: Arial, sans-serif;\"><a href=\"http:\/\/laguiadepamplona.com\/actualidad\/wp-content\/uploads\/2015\/07\/talleres_verano_14_museo4-1.jpg\"><img loading=\"lazy\" decoding=\"async\" class=\"alignleft size-medium wp-image-6640\" src=\"http:\/\/laguiadepamplona.com\/actualidad\/wp-content\/uploads\/2015\/07\/talleres_verano_14_museo4-1-300x225.jpg\" alt=\"talleres_verano_14_museo4-1\" width=\"300\" height=\"225\" \/><\/a>El abanico de propuestas es amplio. En esos d\u00edas en los talleres se plantar\u00e1n verduras de temporada o se visitar\u00e1 con nuevos ojos el entorno del museo y el R\u00edo Arga, pero tambi\u00e9n se revisar\u00e1 la situaci\u00f3n actual de un animal emblem\u00e1tico, como es el vis\u00f3n europeo o se realizar\u00e1n juegos de pistas y un taller de decoraci\u00f3n de camisetas.<\/span><\/p>\n<p lang=\"es-ES\"><span style=\"font-family: Arial, sans-serif;\">Cada taller tiene inscripci\u00f3n independiente y, en algunos casos los menores deber\u00e1n llevar algunos materiales: tres envases de yogur vac\u00edos para hacer semilleros, una caja de zapatos y un bocadillo con contenido \u201cfundible\u201d para experimentar con un horno solar; botellas de pl\u00e1stico para hacer huchas donde guardar el dinero ahorrado por medios de pr\u00e1cticas ambientales adecuadas u objetos que se quieran intercambiar para hacer un mercadillo de intercambio.<\/span><\/p>\n<h4 class=\"apoyo-de-datos-western\">Talleres ambientales en agosto (del 17 al 27 de agosto)<\/h4>\n<p><span style=\"font-family: Arial, sans-serif;\"><b>Lunes 17 de agosto<\/b><\/span><\/p>\n<ul>\n<li><span style=\"font-family: Arial, sans-serif;\">Nuestro peque\u00f1o huerto<\/span>\n<p><span style=\"font-family: Arial, sans-serif;\"><b>Martes 18 de agosto<\/b><\/span><\/li>\n<li><span style=\"font-family: Arial, sans-serif;\">\u00bfQu\u00e9 es este \u00e1rbol? \u00bfY esta planta?<\/span>\n<p><span style=\"font-family: Arial, sans-serif;\"><b>Mi\u00e9rcoles 19 de agosto<\/b><\/span><\/li>\n<li><span style=\"font-family: Arial, sans-serif;\">\u00bfSe puede cocinar al sol?<\/span>\n<p><span style=\"font-family: Arial, sans-serif;\"><b>Jueves 20 de agosto<\/b><\/span><\/li>\n<li><span style=\"font-family: Arial, sans-serif;\">Alimentos viajeros<\/span>\n<p><span style=\"font-family: Arial, sans-serif;\"><b>Lunes 24 de agosto<\/b><\/span><\/li>\n<li><span style=\"font-family: Arial, sans-serif;\">Cuidemos el r\u00edo<\/span>\n<p><span style=\"font-family: Arial, sans-serif;\"><b>Martes 25 agosto<\/b><\/span><\/li>\n<li><span style=\"font-family: Arial, sans-serif;\">\u00bfConoces el vis\u00f3n europeo?<\/span>\n<p><span style=\"font-family: Arial, sans-serif;\"><b>Mi\u00e9rcoles 26 de agosto<\/b><\/span><\/li>\n<li><span style=\"font-family: Arial, sans-serif;\">Cuidando el medio ambiente ahorramos<\/span>\n<p><span style=\"font-family: Arial, sans-serif;\"><b>Jueves 27 de agosto<\/b><\/span><\/li>\n<li><span style=\"font-family: Arial, sans-serif;\">Jugar no cuesta tanto<\/span><\/li>\n<\/ul>\n<p lang=\"es-ES\">\n<p lang=\"es-ES\">\n","protected":false},"excerpt":{"rendered":"<p>Suman 280 plazas para menores de 5 a 12 a\u00f1os y se realizan en horario de ma\u00f1ana con car\u00e1cter gratuito \u00a0Este lunes 3 de agosto se abre el plazo para&#8230;<\/p>\n","protected":false},"author":1,"featured_media":6640,"comment_status":"closed","ping_status":"closed","sticky":false,"template":"","format":"standard","meta":{"footnotes":""},"categories":[2],"tags":[2191,5,6,509,1358,814,100,8,9,1504,1027],"class_list":["post-6637","post","type-post","status-publish","format-standard","has-post-thumbnail","hentry","category-ayuntamiento-pamplona","tag-2191","tag-actualidad","tag-ayto-pamplona","tag-ayuntamiento-de-pamplona","tag-infantiles","tag-inscripcion","tag-museo-de-educacion-ambiental","tag-noticias","tag-pamplona","tag-talleres","tag-verano"],"yoast_head":"<!-- This site is optimized with the Yoast SEO plugin v27.5 - https:\/\/yoast.com\/product\/yoast-seo-wordpress\/ -->\n<title>El lunes 3 de agosto se abre la inscripci\u00f3n para los talleres infantiles de verano del Museo de Educaci\u00f3n Ambiental que este a\u00f1o cumplen su d\u00e9cima edici\u00f3n<\/title>\n<meta name=\"robots\" content=\"index, follow, max-snippet:-1, max-image-preview:large, max-video-preview:-1\" \/>\n<link rel=\"canonical\" href=\"https:\/\/www.laguiadepamplona.com\/actualidad\/el-lunes-3-de-agosto-se-abre-la-inscripcion-para-los-talleres-infantiles-de-verano-del-museo-de-educacion-ambiental-que-este-ano-cumplen-su-decima-edicion\/\" \/>\n<meta property=\"og:locale\" content=\"es_ES\" \/>\n<meta property=\"og:type\" content=\"article\" \/>\n<meta property=\"og:title\" content=\"El lunes 3 de agosto se abre la inscripci\u00f3n para los talleres infantiles de verano del Museo de Educaci\u00f3n Ambiental que este a\u00f1o cumplen su d\u00e9cima edici\u00f3n\" \/>\n<meta property=\"og:description\" content=\"Suman 280 plazas para menores de 5 a 12 a\u00f1os y se realizan en horario de ma\u00f1ana con car\u00e1cter gratuito \u00a0Este lunes 3 de agosto se abre el plazo para...\" \/>\n<meta property=\"og:url\" content=\"https:\/\/www.laguiadepamplona.com\/actualidad\/el-lunes-3-de-agosto-se-abre-la-inscripcion-para-los-talleres-infantiles-de-verano-del-museo-de-educacion-ambiental-que-este-ano-cumplen-su-decima-edicion\/\" \/>\n<meta property=\"og:site_name\" content=\"La Gu\u00eda de Pamplona\" \/>\n<meta property=\"article:publisher\" content=\"https:\/\/www.facebook.com\/laguiadepamplonacom-133175176762273\/?ref=hl\" \/>\n<meta property=\"article:published_time\" content=\"2015-07-30T11:09:01+00:00\" \/>\n<meta name=\"author\" content=\"La Gu\u00eda de Pamplona\" \/>\n<meta name=\"twitter:card\" content=\"summary_large_image\" \/>\n<meta name=\"twitter:creator\" content=\"@LaGuiadPamplona\" \/>\n<meta name=\"twitter:site\" content=\"@LaGuiadPamplona\" \/>\n<meta name=\"twitter:label1\" content=\"Escrito por\" \/>\n\t<meta name=\"twitter:data1\" content=\"La Gu\u00eda de Pamplona\" \/>\n\t<meta name=\"twitter:label2\" content=\"Tiempo de lectura\" \/>\n\t<meta name=\"twitter:data2\" content=\"3 minutos\" \/>\n<script type=\"application\/ld+json\" class=\"yoast-schema-graph\">{\"@context\":\"https:\\\/\\\/schema.org\",\"@graph\":[{\"@type\":\"Article\",\"@id\":\"https:\\\/\\\/www.laguiadepamplona.com\\\/actualidad\\\/el-lunes-3-de-agosto-se-abre-la-inscripcion-para-los-talleres-infantiles-de-verano-del-museo-de-educacion-ambiental-que-este-ano-cumplen-su-decima-edicion\\\/#article\",\"isPartOf\":{\"@id\":\"https:\\\/\\\/www.laguiadepamplona.com\\\/actualidad\\\/el-lunes-3-de-agosto-se-abre-la-inscripcion-para-los-talleres-infantiles-de-verano-del-museo-de-educacion-ambiental-que-este-ano-cumplen-su-decima-edicion\\\/\"},\"author\":{\"name\":\"La Gu\u00eda de Pamplona\",\"@id\":\"https:\\\/\\\/www.laguiadepamplona.com\\\/actualidad\\\/#\\\/schema\\\/person\\\/efe887376f0213d4657c93adc50b1fdb\"},\"headline\":\"El lunes 3 de agosto se abre la inscripci\u00f3n para los talleres infantiles de verano del Museo de Educaci\u00f3n Ambiental que este a\u00f1o cumplen su d\u00e9cima edici\u00f3n\",\"datePublished\":\"2015-07-30T11:09:01+00:00\",\"mainEntityOfPage\":{\"@id\":\"https:\\\/\\\/www.laguiadepamplona.com\\\/actualidad\\\/el-lunes-3-de-agosto-se-abre-la-inscripcion-para-los-talleres-infantiles-de-verano-del-museo-de-educacion-ambiental-que-este-ano-cumplen-su-decima-edicion\\\/\"},\"wordCount\":625,\"publisher\":{\"@id\":\"https:\\\/\\\/www.laguiadepamplona.com\\\/actualidad\\\/#organization\"},\"image\":{\"@id\":\"https:\\\/\\\/www.laguiadepamplona.com\\\/actualidad\\\/el-lunes-3-de-agosto-se-abre-la-inscripcion-para-los-talleres-infantiles-de-verano-del-museo-de-educacion-ambiental-que-este-ano-cumplen-su-decima-edicion\\\/#primaryimage\"},\"thumbnailUrl\":\"\",\"keywords\":[\"2015\",\"actualidad\",\"ayto pamplona\",\"Ayuntamiento de Pamplona\",\"infantiles\",\"inscripci\u00f3n\",\"Museo de Educaci\u00f3n Ambiental\",\"noticias\",\"pamplona\",\"Talleres\",\"verano\"],\"articleSection\":[\"Ayto Pamplona\"],\"inLanguage\":\"es\"},{\"@type\":\"WebPage\",\"@id\":\"https:\\\/\\\/www.laguiadepamplona.com\\\/actualidad\\\/el-lunes-3-de-agosto-se-abre-la-inscripcion-para-los-talleres-infantiles-de-verano-del-museo-de-educacion-ambiental-que-este-ano-cumplen-su-decima-edicion\\\/\",\"url\":\"https:\\\/\\\/www.laguiadepamplona.com\\\/actualidad\\\/el-lunes-3-de-agosto-se-abre-la-inscripcion-para-los-talleres-infantiles-de-verano-del-museo-de-educacion-ambiental-que-este-ano-cumplen-su-decima-edicion\\\/\",\"name\":\"El lunes 3 de agosto se abre la inscripci\u00f3n para los talleres infantiles de verano del Museo de Educaci\u00f3n Ambiental que este a\u00f1o cumplen su d\u00e9cima edici\u00f3n\",\"isPartOf\":{\"@id\":\"https:\\\/\\\/www.laguiadepamplona.com\\\/actualidad\\\/#website\"},\"primaryImageOfPage\":{\"@id\":\"https:\\\/\\\/www.laguiadepamplona.com\\\/actualidad\\\/el-lunes-3-de-agosto-se-abre-la-inscripcion-para-los-talleres-infantiles-de-verano-del-museo-de-educacion-ambiental-que-este-ano-cumplen-su-decima-edicion\\\/#primaryimage\"},\"image\":{\"@id\":\"https:\\\/\\\/www.laguiadepamplona.com\\\/actualidad\\\/el-lunes-3-de-agosto-se-abre-la-inscripcion-para-los-talleres-infantiles-de-verano-del-museo-de-educacion-ambiental-que-este-ano-cumplen-su-decima-edicion\\\/#primaryimage\"},\"thumbnailUrl\":\"\",\"datePublished\":\"2015-07-30T11:09:01+00:00\",\"breadcrumb\":{\"@id\":\"https:\\\/\\\/www.laguiadepamplona.com\\\/actualidad\\\/el-lunes-3-de-agosto-se-abre-la-inscripcion-para-los-talleres-infantiles-de-verano-del-museo-de-educacion-ambiental-que-este-ano-cumplen-su-decima-edicion\\\/#breadcrumb\"},\"inLanguage\":\"es\",\"potentialAction\":[{\"@type\":\"ReadAction\",\"target\":[\"https:\\\/\\\/www.laguiadepamplona.com\\\/actualidad\\\/el-lunes-3-de-agosto-se-abre-la-inscripcion-para-los-talleres-infantiles-de-verano-del-museo-de-educacion-ambiental-que-este-ano-cumplen-su-decima-edicion\\\/\"]}]},{\"@type\":\"ImageObject\",\"inLanguage\":\"es\",\"@id\":\"https:\\\/\\\/www.laguiadepamplona.com\\\/actualidad\\\/el-lunes-3-de-agosto-se-abre-la-inscripcion-para-los-talleres-infantiles-de-verano-del-museo-de-educacion-ambiental-que-este-ano-cumplen-su-decima-edicion\\\/#primaryimage\",\"url\":\"\",\"contentUrl\":\"\"},{\"@type\":\"BreadcrumbList\",\"@id\":\"https:\\\/\\\/www.laguiadepamplona.com\\\/actualidad\\\/el-lunes-3-de-agosto-se-abre-la-inscripcion-para-los-talleres-infantiles-de-verano-del-museo-de-educacion-ambiental-que-este-ano-cumplen-su-decima-edicion\\\/#breadcrumb\",\"itemListElement\":[{\"@type\":\"ListItem\",\"position\":1,\"name\":\"Portada\",\"item\":\"https:\\\/\\\/www.laguiadepamplona.com\\\/actualidad\\\/\"},{\"@type\":\"ListItem\",\"position\":2,\"name\":\"El lunes 3 de agosto se abre la inscripci\u00f3n para los talleres infantiles de verano del Museo de Educaci\u00f3n Ambiental que este a\u00f1o cumplen su d\u00e9cima edici\u00f3n\"}]},{\"@type\":\"WebSite\",\"@id\":\"https:\\\/\\\/www.laguiadepamplona.com\\\/actualidad\\\/#website\",\"url\":\"https:\\\/\\\/www.laguiadepamplona.com\\\/actualidad\\\/\",\"name\":\"La gu\u00eda de Pamplona\",\"description\":\"Noticias de Pamplona\",\"publisher\":{\"@id\":\"https:\\\/\\\/www.laguiadepamplona.com\\\/actualidad\\\/#organization\"},\"potentialAction\":[{\"@type\":\"SearchAction\",\"target\":{\"@type\":\"EntryPoint\",\"urlTemplate\":\"https:\\\/\\\/www.laguiadepamplona.com\\\/actualidad\\\/?s={search_term_string}\"},\"query-input\":{\"@type\":\"PropertyValueSpecification\",\"valueRequired\":true,\"valueName\":\"search_term_string\"}}],\"inLanguage\":\"es\"},{\"@type\":\"Organization\",\"@id\":\"https:\\\/\\\/www.laguiadepamplona.com\\\/actualidad\\\/#organization\",\"name\":\"La Gu\u00eda de Pamplona \\\/ Noticias\",\"url\":\"https:\\\/\\\/www.laguiadepamplona.com\\\/actualidad\\\/\",\"logo\":{\"@type\":\"ImageObject\",\"inLanguage\":\"es\",\"@id\":\"https:\\\/\\\/www.laguiadepamplona.com\\\/actualidad\\\/#\\\/schema\\\/logo\\\/image\\\/\",\"url\":\"https:\\\/\\\/www.laguiadepamplona.com\\\/actualidad\\\/wp-content\\\/uploads\\\/2018\\\/11\\\/logo-laguiadepamplona18-web1.png\",\"contentUrl\":\"https:\\\/\\\/www.laguiadepamplona.com\\\/actualidad\\\/wp-content\\\/uploads\\\/2018\\\/11\\\/logo-laguiadepamplona18-web1.png\",\"width\":600,\"height\":196,\"caption\":\"La Gu\u00eda de Pamplona \\\/ Noticias\"},\"image\":{\"@id\":\"https:\\\/\\\/www.laguiadepamplona.com\\\/actualidad\\\/#\\\/schema\\\/logo\\\/image\\\/\"},\"sameAs\":[\"https:\\\/\\\/www.facebook.com\\\/laguiadepamplonacom-133175176762273\\\/?ref=hl\",\"https:\\\/\\\/x.com\\\/LaGuiadPamplona\",\"https:\\\/\\\/www.instagram.com\\\/la_guia_de_pamplona\\\/\",\"https:\\\/\\\/www.youtube.com\\\/user\\\/laguiadepamplona\"]},{\"@type\":\"Person\",\"@id\":\"https:\\\/\\\/www.laguiadepamplona.com\\\/actualidad\\\/#\\\/schema\\\/person\\\/efe887376f0213d4657c93adc50b1fdb\",\"name\":\"La Gu\u00eda de Pamplona\",\"image\":{\"@type\":\"ImageObject\",\"inLanguage\":\"es\",\"@id\":\"https:\\\/\\\/secure.gravatar.com\\\/avatar\\\/b6992f131dc8d30ab0dff15446e9d346d9dbd95992de0fef795073f5ea83a81c?s=96&d=mm&r=g\",\"url\":\"https:\\\/\\\/secure.gravatar.com\\\/avatar\\\/b6992f131dc8d30ab0dff15446e9d346d9dbd95992de0fef795073f5ea83a81c?s=96&d=mm&r=g\",\"contentUrl\":\"https:\\\/\\\/secure.gravatar.com\\\/avatar\\\/b6992f131dc8d30ab0dff15446e9d346d9dbd95992de0fef795073f5ea83a81c?s=96&d=mm&r=g\",\"caption\":\"La Gu\u00eda de Pamplona\"}}]}<\/script>\n<!-- \/ Yoast SEO plugin. -->","yoast_head_json":{"title":"El lunes 3 de agosto se abre la inscripci\u00f3n para los talleres infantiles de verano del Museo de Educaci\u00f3n Ambiental que este a\u00f1o cumplen su d\u00e9cima edici\u00f3n","robots":{"index":"index","follow":"follow","max-snippet":"max-snippet:-1","max-image-preview":"max-image-preview:large","max-video-preview":"max-video-preview:-1"},"canonical":"https:\/\/www.laguiadepamplona.com\/actualidad\/el-lunes-3-de-agosto-se-abre-la-inscripcion-para-los-talleres-infantiles-de-verano-del-museo-de-educacion-ambiental-que-este-ano-cumplen-su-decima-edicion\/","og_locale":"es_ES","og_type":"article","og_title":"El lunes 3 de agosto se abre la inscripci\u00f3n para los talleres infantiles de verano del Museo de Educaci\u00f3n Ambiental que este a\u00f1o cumplen su d\u00e9cima edici\u00f3n","og_description":"Suman 280 plazas para menores de 5 a 12 a\u00f1os y se realizan en horario de ma\u00f1ana con car\u00e1cter gratuito \u00a0Este lunes 3 de agosto se abre el plazo para...","og_url":"https:\/\/www.laguiadepamplona.com\/actualidad\/el-lunes-3-de-agosto-se-abre-la-inscripcion-para-los-talleres-infantiles-de-verano-del-museo-de-educacion-ambiental-que-este-ano-cumplen-su-decima-edicion\/","og_site_name":"La Gu\u00eda de Pamplona","article_publisher":"https:\/\/www.facebook.com\/laguiadepamplonacom-133175176762273\/?ref=hl","article_published_time":"2015-07-30T11:09:01+00:00","author":"La Gu\u00eda de Pamplona","twitter_card":"summary_large_image","twitter_creator":"@LaGuiadPamplona","twitter_site":"@LaGuiadPamplona","twitter_misc":{"Escrito por":"La Gu\u00eda de Pamplona","Tiempo de lectura":"3 minutos"},"schema":{"@context":"https:\/\/schema.org","@graph":[{"@type":"Article","@id":"https:\/\/www.laguiadepamplona.com\/actualidad\/el-lunes-3-de-agosto-se-abre-la-inscripcion-para-los-talleres-infantiles-de-verano-del-museo-de-educacion-ambiental-que-este-ano-cumplen-su-decima-edicion\/#article","isPartOf":{"@id":"https:\/\/www.laguiadepamplona.com\/actualidad\/el-lunes-3-de-agosto-se-abre-la-inscripcion-para-los-talleres-infantiles-de-verano-del-museo-de-educacion-ambiental-que-este-ano-cumplen-su-decima-edicion\/"},"author":{"name":"La Gu\u00eda de Pamplona","@id":"https:\/\/www.laguiadepamplona.com\/actualidad\/#\/schema\/person\/efe887376f0213d4657c93adc50b1fdb"},"headline":"El lunes 3 de agosto se abre la inscripci\u00f3n para los talleres infantiles de verano del Museo de Educaci\u00f3n Ambiental que este a\u00f1o cumplen su d\u00e9cima edici\u00f3n","datePublished":"2015-07-30T11:09:01+00:00","mainEntityOfPage":{"@id":"https:\/\/www.laguiadepamplona.com\/actualidad\/el-lunes-3-de-agosto-se-abre-la-inscripcion-para-los-talleres-infantiles-de-verano-del-museo-de-educacion-ambiental-que-este-ano-cumplen-su-decima-edicion\/"},"wordCount":625,"publisher":{"@id":"https:\/\/www.laguiadepamplona.com\/actualidad\/#organization"},"image":{"@id":"https:\/\/www.laguiadepamplona.com\/actualidad\/el-lunes-3-de-agosto-se-abre-la-inscripcion-para-los-talleres-infantiles-de-verano-del-museo-de-educacion-ambiental-que-este-ano-cumplen-su-decima-edicion\/#primaryimage"},"thumbnailUrl":"","keywords":["2015","actualidad","ayto pamplona","Ayuntamiento de Pamplona","infantiles","inscripci\u00f3n","Museo de Educaci\u00f3n Ambiental","noticias","pamplona","Talleres","verano"],"articleSection":["Ayto Pamplona"],"inLanguage":"es"},{"@type":"WebPage","@id":"https:\/\/www.laguiadepamplona.com\/actualidad\/el-lunes-3-de-agosto-se-abre-la-inscripcion-para-los-talleres-infantiles-de-verano-del-museo-de-educacion-ambiental-que-este-ano-cumplen-su-decima-edicion\/","url":"https:\/\/www.laguiadepamplona.com\/actualidad\/el-lunes-3-de-agosto-se-abre-la-inscripcion-para-los-talleres-infantiles-de-verano-del-museo-de-educacion-ambiental-que-este-ano-cumplen-su-decima-edicion\/","name":"El lunes 3 de agosto se abre la inscripci\u00f3n para los talleres infantiles de verano del Museo de Educaci\u00f3n Ambiental que este a\u00f1o cumplen su d\u00e9cima edici\u00f3n","isPartOf":{"@id":"https:\/\/www.laguiadepamplona.com\/actualidad\/#website"},"primaryImageOfPage":{"@id":"https:\/\/www.laguiadepamplona.com\/actualidad\/el-lunes-3-de-agosto-se-abre-la-inscripcion-para-los-talleres-infantiles-de-verano-del-museo-de-educacion-ambiental-que-este-ano-cumplen-su-decima-edicion\/#primaryimage"},"image":{"@id":"https:\/\/www.laguiadepamplona.com\/actualidad\/el-lunes-3-de-agosto-se-abre-la-inscripcion-para-los-talleres-infantiles-de-verano-del-museo-de-educacion-ambiental-que-este-ano-cumplen-su-decima-edicion\/#primaryimage"},"thumbnailUrl":"","datePublished":"2015-07-30T11:09:01+00:00","breadcrumb":{"@id":"https:\/\/www.laguiadepamplona.com\/actualidad\/el-lunes-3-de-agosto-se-abre-la-inscripcion-para-los-talleres-infantiles-de-verano-del-museo-de-educacion-ambiental-que-este-ano-cumplen-su-decima-edicion\/#breadcrumb"},"inLanguage":"es","potentialAction":[{"@type":"ReadAction","target":["https:\/\/www.laguiadepamplona.com\/actualidad\/el-lunes-3-de-agosto-se-abre-la-inscripcion-para-los-talleres-infantiles-de-verano-del-museo-de-educacion-ambiental-que-este-ano-cumplen-su-decima-edicion\/"]}]},{"@type":"ImageObject","inLanguage":"es","@id":"https:\/\/www.laguiadepamplona.com\/actualidad\/el-lunes-3-de-agosto-se-abre-la-inscripcion-para-los-talleres-infantiles-de-verano-del-museo-de-educacion-ambiental-que-este-ano-cumplen-su-decima-edicion\/#primaryimage","url":"","contentUrl":""},{"@type":"BreadcrumbList","@id":"https:\/\/www.laguiadepamplona.com\/actualidad\/el-lunes-3-de-agosto-se-abre-la-inscripcion-para-los-talleres-infantiles-de-verano-del-museo-de-educacion-ambiental-que-este-ano-cumplen-su-decima-edicion\/#breadcrumb","itemListElement":[{"@type":"ListItem","position":1,"name":"Portada","item":"https:\/\/www.laguiadepamplona.com\/actualidad\/"},{"@type":"ListItem","position":2,"name":"El lunes 3 de agosto se abre la inscripci\u00f3n para los talleres infantiles de verano del Museo de Educaci\u00f3n Ambiental que este a\u00f1o cumplen su d\u00e9cima edici\u00f3n"}]},{"@type":"WebSite","@id":"https:\/\/www.laguiadepamplona.com\/actualidad\/#website","url":"https:\/\/www.laguiadepamplona.com\/actualidad\/","name":"La gu\u00eda de Pamplona","description":"Noticias de Pamplona","publisher":{"@id":"https:\/\/www.laguiadepamplona.com\/actualidad\/#organization"},"potentialAction":[{"@type":"SearchAction","target":{"@type":"EntryPoint","urlTemplate":"https:\/\/www.laguiadepamplona.com\/actualidad\/?s={search_term_string}"},"query-input":{"@type":"PropertyValueSpecification","valueRequired":true,"valueName":"search_term_string"}}],"inLanguage":"es"},{"@type":"Organization","@id":"https:\/\/www.laguiadepamplona.com\/actualidad\/#organization","name":"La Gu\u00eda de Pamplona \/ Noticias","url":"https:\/\/www.laguiadepamplona.com\/actualidad\/","logo":{"@type":"ImageObject","inLanguage":"es","@id":"https:\/\/www.laguiadepamplona.com\/actualidad\/#\/schema\/logo\/image\/","url":"https:\/\/www.laguiadepamplona.com\/actualidad\/wp-content\/uploads\/2018\/11\/logo-laguiadepamplona18-web1.png","contentUrl":"https:\/\/www.laguiadepamplona.com\/actualidad\/wp-content\/uploads\/2018\/11\/logo-laguiadepamplona18-web1.png","width":600,"height":196,"caption":"La Gu\u00eda de Pamplona \/ Noticias"},"image":{"@id":"https:\/\/www.laguiadepamplona.com\/actualidad\/#\/schema\/logo\/image\/"},"sameAs":["https:\/\/www.facebook.com\/laguiadepamplonacom-133175176762273\/?ref=hl","https:\/\/x.com\/LaGuiadPamplona","https:\/\/www.instagram.com\/la_guia_de_pamplona\/","https:\/\/www.youtube.com\/user\/laguiadepamplona"]},{"@type":"Person","@id":"https:\/\/www.laguiadepamplona.com\/actualidad\/#\/schema\/person\/efe887376f0213d4657c93adc50b1fdb","name":"La Gu\u00eda de Pamplona","image":{"@type":"ImageObject","inLanguage":"es","@id":"https:\/\/secure.gravatar.com\/avatar\/b6992f131dc8d30ab0dff15446e9d346d9dbd95992de0fef795073f5ea83a81c?s=96&d=mm&r=g","url":"https:\/\/secure.gravatar.com\/avatar\/b6992f131dc8d30ab0dff15446e9d346d9dbd95992de0fef795073f5ea83a81c?s=96&d=mm&r=g","contentUrl":"https:\/\/secure.gravatar.com\/avatar\/b6992f131dc8d30ab0dff15446e9d346d9dbd95992de0fef795073f5ea83a81c?s=96&d=mm&r=g","caption":"La Gu\u00eda de Pamplona"}}]}},"post_mailing_queue_ids":[],"_links":{"self":[{"href":"https:\/\/www.laguiadepamplona.com\/actualidad\/wp-json\/wp\/v2\/posts\/6637","targetHints":{"allow":["GET"]}}],"collection":[{"href":"https:\/\/www.laguiadepamplona.com\/actualidad\/wp-json\/wp\/v2\/posts"}],"about":[{"href":"https:\/\/www.laguiadepamplona.com\/actualidad\/wp-json\/wp\/v2\/types\/post"}],"author":[{"embeddable":true,"href":"https:\/\/www.laguiadepamplona.com\/actualidad\/wp-json\/wp\/v2\/users\/1"}],"replies":[{"embeddable":true,"href":"https:\/\/www.laguiadepamplona.com\/actualidad\/wp-json\/wp\/v2\/comments?post=6637"}],"version-history":[{"count":0,"href":"https:\/\/www.laguiadepamplona.com\/actualidad\/wp-json\/wp\/v2\/posts\/6637\/revisions"}],"wp:featuredmedia":[{"embeddable":true,"href":"https:\/\/www.laguiadepamplona.com\/actualidad\/wp-json\/"}],"wp:attachment":[{"href":"https:\/\/www.laguiadepamplona.com\/actualidad\/wp-json\/wp\/v2\/media?parent=6637"}],"wp:term":[{"taxonomy":"category","embeddable":true,"href":"https:\/\/www.laguiadepamplona.com\/actualidad\/wp-json\/wp\/v2\/categories?post=6637"},{"taxonomy":"post_tag","embeddable":true,"href":"https:\/\/www.laguiadepamplona.com\/actualidad\/wp-json\/wp\/v2\/tags?post=6637"}],"curies":[{"name":"wp","href":"https:\/\/api.w.org\/{rel}","templated":true}]}}