{"id":663,"date":"2014-03-04T12:39:01","date_gmt":"2014-03-04T11:39:01","guid":{"rendered":"http:\/\/laguiadepamplona.es\/noticias\/?p=663"},"modified":"2014-03-04T12:39:01","modified_gmt":"2014-03-04T11:39:01","slug":"comienza-el-montaje-en-baluarte-de-pamplona-stock-que-abre-de-jueves-a-domingo-con-54-comercios-de-ropa-complementos-textil-hogar-menaje-lenceria-o-calzado","status":"publish","type":"post","link":"https:\/\/www.laguiadepamplona.com\/actualidad\/comienza-el-montaje-en-baluarte-de-pamplona-stock-que-abre-de-jueves-a-domingo-con-54-comercios-de-ropa-complementos-textil-hogar-menaje-lenceria-o-calzado\/","title":{"rendered":"Comienza el montaje en Baluarte de Pamplona Stock que abre de jueves a domingo con 54 comercios de ropa, complementos, textil hogar, menaje, lencer\u00eda o calzado"},"content":{"rendered":"<h6>Esta octava edici\u00f3n abrir\u00e1 el jueves por la tarde, el viernes y el s\u00e1bado por la ma\u00f1ana y por la tarde y el domingo por la ma\u00f1ana<\/h6>\n<p><a href=\"http:\/\/laguiadepamplona.es\/noticias\/wp-content\/uploads\/2014\/03\/pamplona-stock.jpg\"><img loading=\"lazy\" decoding=\"async\" class=\"alignleft size-medium wp-image-664\" alt=\"pamplona-stock\" src=\"http:\/\/laguiadepamplona.es\/noticias\/wp-content\/uploads\/2014\/03\/pamplona-stock-300x161.jpg\" width=\"300\" height=\"161\" \/><\/a>Esta ma\u00f1ana ha comenzado el montaje de la feria de oportunidades Pamplona Stock 2014 que se celebrar\u00e1 en Baluarte del jueves 6 marzo al domingo d\u00eda 9. En esta octava edici\u00f3n, participar\u00e1n 54 comercios que ocupar\u00e1n 89 expositores que ofrecer\u00e1n ropa, complementos, textil hogar, menaje, material de deporte, lencer\u00eda, perfumes, art\u00edculos de joyer\u00eda y bisuter\u00eda, cuadros, calzado o regalos de todo tipo, entre otros art\u00edculos.<\/p>\n<p>La feria permanecer\u00e1 abierta el jueves de cinco de la tarde a nueve de la noche. El viernes 7 y el s\u00e1bado 8 de marzo, el horario ser\u00e1 ininterrumpido desde las 10 de la ma\u00f1ana a las nueve de la noche. El domingo, \u00faltimo d\u00eda de feria, se abrir\u00e1 por la ma\u00f1ana, en horario de 10 a 14.30 horas. La entrada es gratuita.<\/p>\n<p>Al igual que en 2013, a\u00f1o que cont\u00f3 con la visita de m\u00e1s de 30.000 personas, habr\u00e1 un servicio de ludoteca. Se abrir\u00e1 en la primera planta con actividades dirigidas especialmente a menores de 3 a 12 a\u00f1os, que estar\u00e1n atendidos mientras sus responsables visitan los establecimientos. El horario de la ludotecas ser\u00e1 el jueves de 17.30 a 20.30 horas con una sesi\u00f3n de cuentacuentos de 18 a 19 horas; el viernes y el s\u00e1bado de 11 a 13.30 y de 17.30 a 20.30 horas con distintas actividades de juegos, minidisco y yincana repartidas a lo largo de ese horario; y el domingo de 11 a 13.30 con un taller de broches y llaveros de 12 a 13 horas.<\/p>\n<p><strong>Art\u00edculos de calidad a precio de saldo<\/strong><\/p>\n<p>El Ayuntamiento de Pamplona organiza desde 2007 este evento con la colaboraci\u00f3n de la Federaci\u00f3n de Comercios de Navarra y las asociaciones de comerciantes de Casco Antiguo, Ensanche, Iturrama, Zona Mart\u00edn de Azpilcueta, San Juan, Ermitaga\u00f1a y Mendebaldea y el Salvador-Rochapea. Pamplona Stock ofrece al ciudadano y a quienes visiten la feria comercio de calidad a precios de saldo. Su objetivo es potenciar el comercio urbano de la ciudad, ofrecer a los comerciantes una plataforma para exponer sus productos y acercar a los consumidores productos de calidad a buen precio, todo ello en el centro de Pamplona.<\/p>\n<p>Acudir\u00e1n a Pamplona Stock 54 comercios, 48 de ellos repiten de ediciones anteriores y 6 se estrenan. Ocupar\u00e1n 89 expositores. La feria cuenta con una <i>microsite<\/i> <a href=\"http:\/\/www.pamplonastock.es\/\">www.pamplonastock.es<\/a> en la que se podr\u00e1 seguir toda la actualidad que se genere en torno a Pamplona Stock.<\/p>\n<p>&nbsp;<\/p>\n<div>\n<p><strong>Comercios participantes en la VIII Feria de Oportunidades Pamplona Stock<\/strong><\/p>\n<\/div>\n<ul>\n<li>Adorno: bisuter\u00eda, bolsos y pa\u00f1uelos<\/li>\n<li>Agust\u00edn Aguirre Taller Art\u00edstico: joyer\u00eda en plata, gemas, perlas, esmaltes y creaciones exclusivas en vidrio art\u00edstico<\/li>\n<li>Ana y Yo tallas 48-62: moda tallas 48-62 de mujer<\/li>\n<li>Basati Kirolak: ropa t\u00e9cnica de monta\u00f1a<\/li>\n<li>Bolsos Cebri\u00e1n: bolsos piel y sint\u00e9tico, paraguas, maletas, billeteros y cinturones<\/li>\n<li>Cachet: ropa, calzado y complementos<\/li>\n<li>Calzados La Infantil: calzado de piel para ni\u00f1os<\/li>\n<li>Calzados La Ma\u00f1ueta: botas de se\u00f1ora, trecking, deportivos y zapatos<\/li>\n<li>Calzados Yorkal: zapatos caballero y mujer<\/li>\n<li>Cester\u00eda Garralda: cestas, ba\u00fales, roperos, mueble auxiliar y complementos<\/li>\n<li>Cienhilos: textil hogar y textil de ni\u00f1o<\/li>\n<li>Cio: joyer\u00eda en plata y relojes marcas<\/li>\n<li>Comercial Iranzu: calzado confort alta calidad<\/li>\n<li>Cristina Tollar: moda italiana y parisina para se\u00f1oras y plata antigua<\/li>\n<li>Chargui: lencer\u00eda<\/li>\n<li>D&#8217;Ellas: vestidos, zapatos y blusones<\/li>\n<li>Deport-Dis: camisetas, sudaderas, ch\u00e1ndal y polos<\/li>\n<li>Deportes Atanasio: ropa y calzado deportivo de primeras marcas<\/li>\n<li>El s\u00faper del Menaje: menaje<\/li>\n<li>Fulber \u2013 Lois: tienda oficial Lois &#8211; calzado y multimarca<\/li>\n<li>Futbolmanias.com: camisetas de los principales clubes del mundo<\/li>\n<li>Garnica Joyeros: joyer\u00eda navarra en plata, cadenas de navarra, San Ferm\u00edn, etc. dise\u00f1os en plata y bronce de su marca Owieru<\/li>\n<li>Gelisa: toallas, juegos s\u00e1banas y colchas<\/li>\n<li>Glow (<a href=\"http:\/\/www.glowts.com\/\">www.glowts.com<\/a>): moda y complementos de mujer<\/li>\n<li>Hunchha: marca propia &#8211; especialidad en abrigos<\/li>\n<li>Jomay: confecci\u00f3n se\u00f1ora-cro y ni\u00f1o<\/li>\n<li>Joyer\u00eda Irisarri: oro, plata, relojes, collares y colgantes en piedra natural<\/li>\n<li>Kabala: abrigos<\/li>\n<li>Kamina: calzado<\/li>\n<li>Koala: ropa y complementos<\/li>\n<li>La Algodonera: lencer\u00eda, pijamas, ropa interior y trajes de ba\u00f1o<\/li>\n<li>La Botica de los Perfumes: perfumes a granel, cosm\u00e9tica, aromas y jabones naturales<\/li>\n<li>La Zapatillera: calzado para toda la familia<\/li>\n<li>Lencer\u00eda Medina: lencer\u00eda, moda \u00edntima y ba\u00f1o &#8211; hombre y mujer<\/li>\n<li>Librer\u00eda y Complementos 15: libros, bolsos, bisuter\u00eda, fulares, material escolar, puzzles, regalo de papeler\u00eda y juguetes<\/li>\n<li>Maitagarri: ropa joven y complementos<\/li>\n<li>Marion Se Va de Compras: bolsos y\u00a0 ropa<\/li>\n<li>Masmarco.com: cuadros, espejos y regalos<\/li>\n<li>Mavima Complementos: bolsos, fulares, bisuter\u00eda normal y artesan\u00eda<\/li>\n<li>Merino\u00b4s: ropa, calzado, complementos y bolsos<\/li>\n<li>\u00d3ptica Azpilicueta: gafas de sol y graduado<\/li>\n<li>Pajarer\u00eda Tuc\u00e1n: todo lo necesario para animales de compa\u00f1\u00eda<\/li>\n<li>Pavana: moda hombre y mujer<\/li>\n<li>Plan B: moda se\u00f1ora, caballero y ni\u00f1o<\/li>\n<li>Porto Bello: ropa, calzado ni\u00f1o y complementos<\/li>\n<li>Portugu\u00e9s Textil: s\u00e1banas, toallas, albornoces y bebe<\/li>\n<li>Relojes y M\u00e1s: relojes digitales, anal\u00f3gicos &#8211; bisuter\u00eda fashion<\/li>\n<li>Robredo Helena Unzu\u00e9: camisas, pantalones, parkas y jerseys<\/li>\n<li>Samoa Sport: calzado urbano multimarca<\/li>\n<li>Skaner Shop: ropa de mujer y complementos<\/li>\n<li>Slide: ropa, calzado y complementos<\/li>\n<li>Tres en Raya: ropa de ni\u00f1os<\/li>\n<li>Tximeleta Telas: tejidos de moda para vestir, adulto e infantil; telas de hogar; patchwork; disfraz y g\u00e9neros para euskofolklore<\/li>\n<li>Zergatik: camisetas, vestidos, faldas, chaquetas y bolsos<\/li>\n<\/ul>\n<p>&nbsp;<\/p>\n","protected":false},"excerpt":{"rendered":"<p>Esta octava edici\u00f3n abrir\u00e1 el jueves por la tarde, el viernes y el s\u00e1bado por la ma\u00f1ana y por la tarde y el domingo por la ma\u00f1ana Esta ma\u00f1ana ha&#8230;<\/p>\n","protected":false},"author":1,"featured_media":664,"comment_status":"open","ping_status":"open","sticky":false,"template":"","format":"standard","meta":{"footnotes":""},"categories":[2],"tags":[5,6,402,8,9,403],"class_list":["post-663","post","type-post","status-publish","format-standard","has-post-thumbnail","hentry","category-ayuntamiento-pamplona","tag-actualidad","tag-ayto-pamplona","tag-jueves-a-domingo","tag-noticias","tag-pamplona","tag-pamplona-stock-14"],"yoast_head":"<!-- This site is optimized with the Yoast SEO plugin v27.5 - https:\/\/yoast.com\/product\/yoast-seo-wordpress\/ -->\n<title>Comienza el montaje en Baluarte de Pamplona Stock que abre de jueves a domingo con 54 comercios de ropa, complementos, textil hogar, menaje, lencer\u00eda o calzado<\/title>\n<meta name=\"robots\" content=\"index, follow, max-snippet:-1, max-image-preview:large, max-video-preview:-1\" \/>\n<link rel=\"canonical\" href=\"https:\/\/www.laguiadepamplona.com\/actualidad\/comienza-el-montaje-en-baluarte-de-pamplona-stock-que-abre-de-jueves-a-domingo-con-54-comercios-de-ropa-complementos-textil-hogar-menaje-lenceria-o-calzado\/\" \/>\n<meta property=\"og:locale\" content=\"es_ES\" \/>\n<meta property=\"og:type\" content=\"article\" \/>\n<meta property=\"og:title\" content=\"Comienza el montaje en Baluarte de Pamplona Stock que abre de jueves a domingo con 54 comercios de ropa, complementos, textil hogar, menaje, lencer\u00eda o calzado\" \/>\n<meta property=\"og:description\" content=\"Esta octava edici\u00f3n abrir\u00e1 el jueves por la tarde, el viernes y el s\u00e1bado por la ma\u00f1ana y por la tarde y el domingo por la ma\u00f1ana Esta ma\u00f1ana ha...\" \/>\n<meta property=\"og:url\" content=\"https:\/\/www.laguiadepamplona.com\/actualidad\/comienza-el-montaje-en-baluarte-de-pamplona-stock-que-abre-de-jueves-a-domingo-con-54-comercios-de-ropa-complementos-textil-hogar-menaje-lenceria-o-calzado\/\" \/>\n<meta property=\"og:site_name\" content=\"La Gu\u00eda de Pamplona\" \/>\n<meta property=\"article:publisher\" content=\"https:\/\/www.facebook.com\/laguiadepamplonacom-133175176762273\/?ref=hl\" \/>\n<meta property=\"article:published_time\" content=\"2014-03-04T11:39:01+00:00\" \/>\n<meta name=\"author\" content=\"La Gu\u00eda de Pamplona\" \/>\n<meta name=\"twitter:card\" content=\"summary_large_image\" \/>\n<meta name=\"twitter:creator\" content=\"@LaGuiadPamplona\" \/>\n<meta name=\"twitter:site\" content=\"@LaGuiadPamplona\" \/>\n<meta name=\"twitter:label1\" content=\"Escrito por\" \/>\n\t<meta name=\"twitter:data1\" content=\"La Gu\u00eda de Pamplona\" \/>\n\t<meta name=\"twitter:label2\" content=\"Tiempo de lectura\" \/>\n\t<meta name=\"twitter:data2\" content=\"5 minutos\" \/>\n<script type=\"application\/ld+json\" class=\"yoast-schema-graph\">{\"@context\":\"https:\\\/\\\/schema.org\",\"@graph\":[{\"@type\":\"Article\",\"@id\":\"https:\\\/\\\/www.laguiadepamplona.com\\\/actualidad\\\/comienza-el-montaje-en-baluarte-de-pamplona-stock-que-abre-de-jueves-a-domingo-con-54-comercios-de-ropa-complementos-textil-hogar-menaje-lenceria-o-calzado\\\/#article\",\"isPartOf\":{\"@id\":\"https:\\\/\\\/www.laguiadepamplona.com\\\/actualidad\\\/comienza-el-montaje-en-baluarte-de-pamplona-stock-que-abre-de-jueves-a-domingo-con-54-comercios-de-ropa-complementos-textil-hogar-menaje-lenceria-o-calzado\\\/\"},\"author\":{\"name\":\"La Gu\u00eda de Pamplona\",\"@id\":\"https:\\\/\\\/www.laguiadepamplona.com\\\/actualidad\\\/#\\\/schema\\\/person\\\/efe887376f0213d4657c93adc50b1fdb\"},\"headline\":\"Comienza el montaje en Baluarte de Pamplona Stock que abre de jueves a domingo con 54 comercios de ropa, complementos, textil hogar, menaje, lencer\u00eda o calzado\",\"datePublished\":\"2014-03-04T11:39:01+00:00\",\"mainEntityOfPage\":{\"@id\":\"https:\\\/\\\/www.laguiadepamplona.com\\\/actualidad\\\/comienza-el-montaje-en-baluarte-de-pamplona-stock-que-abre-de-jueves-a-domingo-con-54-comercios-de-ropa-complementos-textil-hogar-menaje-lenceria-o-calzado\\\/\"},\"wordCount\":944,\"commentCount\":0,\"publisher\":{\"@id\":\"https:\\\/\\\/www.laguiadepamplona.com\\\/actualidad\\\/#organization\"},\"image\":{\"@id\":\"https:\\\/\\\/www.laguiadepamplona.com\\\/actualidad\\\/comienza-el-montaje-en-baluarte-de-pamplona-stock-que-abre-de-jueves-a-domingo-con-54-comercios-de-ropa-complementos-textil-hogar-menaje-lenceria-o-calzado\\\/#primaryimage\"},\"thumbnailUrl\":\"\",\"keywords\":[\"actualidad\",\"ayto pamplona\",\"jueves a domingo\",\"noticias\",\"pamplona\",\"Pamplona Stock 14\"],\"articleSection\":[\"Ayto Pamplona\"],\"inLanguage\":\"es\",\"potentialAction\":[{\"@type\":\"CommentAction\",\"name\":\"Comment\",\"target\":[\"https:\\\/\\\/www.laguiadepamplona.com\\\/actualidad\\\/comienza-el-montaje-en-baluarte-de-pamplona-stock-que-abre-de-jueves-a-domingo-con-54-comercios-de-ropa-complementos-textil-hogar-menaje-lenceria-o-calzado\\\/#respond\"]}]},{\"@type\":\"WebPage\",\"@id\":\"https:\\\/\\\/www.laguiadepamplona.com\\\/actualidad\\\/comienza-el-montaje-en-baluarte-de-pamplona-stock-que-abre-de-jueves-a-domingo-con-54-comercios-de-ropa-complementos-textil-hogar-menaje-lenceria-o-calzado\\\/\",\"url\":\"https:\\\/\\\/www.laguiadepamplona.com\\\/actualidad\\\/comienza-el-montaje-en-baluarte-de-pamplona-stock-que-abre-de-jueves-a-domingo-con-54-comercios-de-ropa-complementos-textil-hogar-menaje-lenceria-o-calzado\\\/\",\"name\":\"Comienza el montaje en Baluarte de Pamplona Stock que abre de jueves a domingo con 54 comercios de ropa, complementos, textil hogar, menaje, lencer\u00eda o calzado\",\"isPartOf\":{\"@id\":\"https:\\\/\\\/www.laguiadepamplona.com\\\/actualidad\\\/#website\"},\"primaryImageOfPage\":{\"@id\":\"https:\\\/\\\/www.laguiadepamplona.com\\\/actualidad\\\/comienza-el-montaje-en-baluarte-de-pamplona-stock-que-abre-de-jueves-a-domingo-con-54-comercios-de-ropa-complementos-textil-hogar-menaje-lenceria-o-calzado\\\/#primaryimage\"},\"image\":{\"@id\":\"https:\\\/\\\/www.laguiadepamplona.com\\\/actualidad\\\/comienza-el-montaje-en-baluarte-de-pamplona-stock-que-abre-de-jueves-a-domingo-con-54-comercios-de-ropa-complementos-textil-hogar-menaje-lenceria-o-calzado\\\/#primaryimage\"},\"thumbnailUrl\":\"\",\"datePublished\":\"2014-03-04T11:39:01+00:00\",\"breadcrumb\":{\"@id\":\"https:\\\/\\\/www.laguiadepamplona.com\\\/actualidad\\\/comienza-el-montaje-en-baluarte-de-pamplona-stock-que-abre-de-jueves-a-domingo-con-54-comercios-de-ropa-complementos-textil-hogar-menaje-lenceria-o-calzado\\\/#breadcrumb\"},\"inLanguage\":\"es\",\"potentialAction\":[{\"@type\":\"ReadAction\",\"target\":[\"https:\\\/\\\/www.laguiadepamplona.com\\\/actualidad\\\/comienza-el-montaje-en-baluarte-de-pamplona-stock-que-abre-de-jueves-a-domingo-con-54-comercios-de-ropa-complementos-textil-hogar-menaje-lenceria-o-calzado\\\/\"]}]},{\"@type\":\"ImageObject\",\"inLanguage\":\"es\",\"@id\":\"https:\\\/\\\/www.laguiadepamplona.com\\\/actualidad\\\/comienza-el-montaje-en-baluarte-de-pamplona-stock-que-abre-de-jueves-a-domingo-con-54-comercios-de-ropa-complementos-textil-hogar-menaje-lenceria-o-calzado\\\/#primaryimage\",\"url\":\"\",\"contentUrl\":\"\"},{\"@type\":\"BreadcrumbList\",\"@id\":\"https:\\\/\\\/www.laguiadepamplona.com\\\/actualidad\\\/comienza-el-montaje-en-baluarte-de-pamplona-stock-que-abre-de-jueves-a-domingo-con-54-comercios-de-ropa-complementos-textil-hogar-menaje-lenceria-o-calzado\\\/#breadcrumb\",\"itemListElement\":[{\"@type\":\"ListItem\",\"position\":1,\"name\":\"Portada\",\"item\":\"https:\\\/\\\/www.laguiadepamplona.com\\\/actualidad\\\/\"},{\"@type\":\"ListItem\",\"position\":2,\"name\":\"Comienza el montaje en Baluarte de Pamplona Stock que abre de jueves a domingo con 54 comercios de ropa, complementos, textil hogar, menaje, lencer\u00eda o calzado\"}]},{\"@type\":\"WebSite\",\"@id\":\"https:\\\/\\\/www.laguiadepamplona.com\\\/actualidad\\\/#website\",\"url\":\"https:\\\/\\\/www.laguiadepamplona.com\\\/actualidad\\\/\",\"name\":\"La gu\u00eda de Pamplona\",\"description\":\"Noticias de Pamplona\",\"publisher\":{\"@id\":\"https:\\\/\\\/www.laguiadepamplona.com\\\/actualidad\\\/#organization\"},\"potentialAction\":[{\"@type\":\"SearchAction\",\"target\":{\"@type\":\"EntryPoint\",\"urlTemplate\":\"https:\\\/\\\/www.laguiadepamplona.com\\\/actualidad\\\/?s={search_term_string}\"},\"query-input\":{\"@type\":\"PropertyValueSpecification\",\"valueRequired\":true,\"valueName\":\"search_term_string\"}}],\"inLanguage\":\"es\"},{\"@type\":\"Organization\",\"@id\":\"https:\\\/\\\/www.laguiadepamplona.com\\\/actualidad\\\/#organization\",\"name\":\"La Gu\u00eda de Pamplona \\\/ Noticias\",\"url\":\"https:\\\/\\\/www.laguiadepamplona.com\\\/actualidad\\\/\",\"logo\":{\"@type\":\"ImageObject\",\"inLanguage\":\"es\",\"@id\":\"https:\\\/\\\/www.laguiadepamplona.com\\\/actualidad\\\/#\\\/schema\\\/logo\\\/image\\\/\",\"url\":\"https:\\\/\\\/www.laguiadepamplona.com\\\/actualidad\\\/wp-content\\\/uploads\\\/2018\\\/11\\\/logo-laguiadepamplona18-web1.png\",\"contentUrl\":\"https:\\\/\\\/www.laguiadepamplona.com\\\/actualidad\\\/wp-content\\\/uploads\\\/2018\\\/11\\\/logo-laguiadepamplona18-web1.png\",\"width\":600,\"height\":196,\"caption\":\"La Gu\u00eda de Pamplona \\\/ Noticias\"},\"image\":{\"@id\":\"https:\\\/\\\/www.laguiadepamplona.com\\\/actualidad\\\/#\\\/schema\\\/logo\\\/image\\\/\"},\"sameAs\":[\"https:\\\/\\\/www.facebook.com\\\/laguiadepamplonacom-133175176762273\\\/?ref=hl\",\"https:\\\/\\\/x.com\\\/LaGuiadPamplona\",\"https:\\\/\\\/www.instagram.com\\\/la_guia_de_pamplona\\\/\",\"https:\\\/\\\/www.youtube.com\\\/user\\\/laguiadepamplona\"]},{\"@type\":\"Person\",\"@id\":\"https:\\\/\\\/www.laguiadepamplona.com\\\/actualidad\\\/#\\\/schema\\\/person\\\/efe887376f0213d4657c93adc50b1fdb\",\"name\":\"La Gu\u00eda de Pamplona\",\"image\":{\"@type\":\"ImageObject\",\"inLanguage\":\"es\",\"@id\":\"https:\\\/\\\/secure.gravatar.com\\\/avatar\\\/b6992f131dc8d30ab0dff15446e9d346d9dbd95992de0fef795073f5ea83a81c?s=96&d=mm&r=g\",\"url\":\"https:\\\/\\\/secure.gravatar.com\\\/avatar\\\/b6992f131dc8d30ab0dff15446e9d346d9dbd95992de0fef795073f5ea83a81c?s=96&d=mm&r=g\",\"contentUrl\":\"https:\\\/\\\/secure.gravatar.com\\\/avatar\\\/b6992f131dc8d30ab0dff15446e9d346d9dbd95992de0fef795073f5ea83a81c?s=96&d=mm&r=g\",\"caption\":\"La Gu\u00eda de Pamplona\"}}]}<\/script>\n<!-- \/ Yoast SEO plugin. -->","yoast_head_json":{"title":"Comienza el montaje en Baluarte de Pamplona Stock que abre de jueves a domingo con 54 comercios de ropa, complementos, textil hogar, menaje, lencer\u00eda o calzado","robots":{"index":"index","follow":"follow","max-snippet":"max-snippet:-1","max-image-preview":"max-image-preview:large","max-video-preview":"max-video-preview:-1"},"canonical":"https:\/\/www.laguiadepamplona.com\/actualidad\/comienza-el-montaje-en-baluarte-de-pamplona-stock-que-abre-de-jueves-a-domingo-con-54-comercios-de-ropa-complementos-textil-hogar-menaje-lenceria-o-calzado\/","og_locale":"es_ES","og_type":"article","og_title":"Comienza el montaje en Baluarte de Pamplona Stock que abre de jueves a domingo con 54 comercios de ropa, complementos, textil hogar, menaje, lencer\u00eda o calzado","og_description":"Esta octava edici\u00f3n abrir\u00e1 el jueves por la tarde, el viernes y el s\u00e1bado por la ma\u00f1ana y por la tarde y el domingo por la ma\u00f1ana Esta ma\u00f1ana ha...","og_url":"https:\/\/www.laguiadepamplona.com\/actualidad\/comienza-el-montaje-en-baluarte-de-pamplona-stock-que-abre-de-jueves-a-domingo-con-54-comercios-de-ropa-complementos-textil-hogar-menaje-lenceria-o-calzado\/","og_site_name":"La Gu\u00eda de Pamplona","article_publisher":"https:\/\/www.facebook.com\/laguiadepamplonacom-133175176762273\/?ref=hl","article_published_time":"2014-03-04T11:39:01+00:00","author":"La Gu\u00eda de Pamplona","twitter_card":"summary_large_image","twitter_creator":"@LaGuiadPamplona","twitter_site":"@LaGuiadPamplona","twitter_misc":{"Escrito por":"La Gu\u00eda de Pamplona","Tiempo de lectura":"5 minutos"},"schema":{"@context":"https:\/\/schema.org","@graph":[{"@type":"Article","@id":"https:\/\/www.laguiadepamplona.com\/actualidad\/comienza-el-montaje-en-baluarte-de-pamplona-stock-que-abre-de-jueves-a-domingo-con-54-comercios-de-ropa-complementos-textil-hogar-menaje-lenceria-o-calzado\/#article","isPartOf":{"@id":"https:\/\/www.laguiadepamplona.com\/actualidad\/comienza-el-montaje-en-baluarte-de-pamplona-stock-que-abre-de-jueves-a-domingo-con-54-comercios-de-ropa-complementos-textil-hogar-menaje-lenceria-o-calzado\/"},"author":{"name":"La Gu\u00eda de Pamplona","@id":"https:\/\/www.laguiadepamplona.com\/actualidad\/#\/schema\/person\/efe887376f0213d4657c93adc50b1fdb"},"headline":"Comienza el montaje en Baluarte de Pamplona Stock que abre de jueves a domingo con 54 comercios de ropa, complementos, textil hogar, menaje, lencer\u00eda o calzado","datePublished":"2014-03-04T11:39:01+00:00","mainEntityOfPage":{"@id":"https:\/\/www.laguiadepamplona.com\/actualidad\/comienza-el-montaje-en-baluarte-de-pamplona-stock-que-abre-de-jueves-a-domingo-con-54-comercios-de-ropa-complementos-textil-hogar-menaje-lenceria-o-calzado\/"},"wordCount":944,"commentCount":0,"publisher":{"@id":"https:\/\/www.laguiadepamplona.com\/actualidad\/#organization"},"image":{"@id":"https:\/\/www.laguiadepamplona.com\/actualidad\/comienza-el-montaje-en-baluarte-de-pamplona-stock-que-abre-de-jueves-a-domingo-con-54-comercios-de-ropa-complementos-textil-hogar-menaje-lenceria-o-calzado\/#primaryimage"},"thumbnailUrl":"","keywords":["actualidad","ayto pamplona","jueves a domingo","noticias","pamplona","Pamplona Stock 14"],"articleSection":["Ayto Pamplona"],"inLanguage":"es","potentialAction":[{"@type":"CommentAction","name":"Comment","target":["https:\/\/www.laguiadepamplona.com\/actualidad\/comienza-el-montaje-en-baluarte-de-pamplona-stock-que-abre-de-jueves-a-domingo-con-54-comercios-de-ropa-complementos-textil-hogar-menaje-lenceria-o-calzado\/#respond"]}]},{"@type":"WebPage","@id":"https:\/\/www.laguiadepamplona.com\/actualidad\/comienza-el-montaje-en-baluarte-de-pamplona-stock-que-abre-de-jueves-a-domingo-con-54-comercios-de-ropa-complementos-textil-hogar-menaje-lenceria-o-calzado\/","url":"https:\/\/www.laguiadepamplona.com\/actualidad\/comienza-el-montaje-en-baluarte-de-pamplona-stock-que-abre-de-jueves-a-domingo-con-54-comercios-de-ropa-complementos-textil-hogar-menaje-lenceria-o-calzado\/","name":"Comienza el montaje en Baluarte de Pamplona Stock que abre de jueves a domingo con 54 comercios de ropa, complementos, textil hogar, menaje, lencer\u00eda o calzado","isPartOf":{"@id":"https:\/\/www.laguiadepamplona.com\/actualidad\/#website"},"primaryImageOfPage":{"@id":"https:\/\/www.laguiadepamplona.com\/actualidad\/comienza-el-montaje-en-baluarte-de-pamplona-stock-que-abre-de-jueves-a-domingo-con-54-comercios-de-ropa-complementos-textil-hogar-menaje-lenceria-o-calzado\/#primaryimage"},"image":{"@id":"https:\/\/www.laguiadepamplona.com\/actualidad\/comienza-el-montaje-en-baluarte-de-pamplona-stock-que-abre-de-jueves-a-domingo-con-54-comercios-de-ropa-complementos-textil-hogar-menaje-lenceria-o-calzado\/#primaryimage"},"thumbnailUrl":"","datePublished":"2014-03-04T11:39:01+00:00","breadcrumb":{"@id":"https:\/\/www.laguiadepamplona.com\/actualidad\/comienza-el-montaje-en-baluarte-de-pamplona-stock-que-abre-de-jueves-a-domingo-con-54-comercios-de-ropa-complementos-textil-hogar-menaje-lenceria-o-calzado\/#breadcrumb"},"inLanguage":"es","potentialAction":[{"@type":"ReadAction","target":["https:\/\/www.laguiadepamplona.com\/actualidad\/comienza-el-montaje-en-baluarte-de-pamplona-stock-que-abre-de-jueves-a-domingo-con-54-comercios-de-ropa-complementos-textil-hogar-menaje-lenceria-o-calzado\/"]}]},{"@type":"ImageObject","inLanguage":"es","@id":"https:\/\/www.laguiadepamplona.com\/actualidad\/comienza-el-montaje-en-baluarte-de-pamplona-stock-que-abre-de-jueves-a-domingo-con-54-comercios-de-ropa-complementos-textil-hogar-menaje-lenceria-o-calzado\/#primaryimage","url":"","contentUrl":""},{"@type":"BreadcrumbList","@id":"https:\/\/www.laguiadepamplona.com\/actualidad\/comienza-el-montaje-en-baluarte-de-pamplona-stock-que-abre-de-jueves-a-domingo-con-54-comercios-de-ropa-complementos-textil-hogar-menaje-lenceria-o-calzado\/#breadcrumb","itemListElement":[{"@type":"ListItem","position":1,"name":"Portada","item":"https:\/\/www.laguiadepamplona.com\/actualidad\/"},{"@type":"ListItem","position":2,"name":"Comienza el montaje en Baluarte de Pamplona Stock que abre de jueves a domingo con 54 comercios de ropa, complementos, textil hogar, menaje, lencer\u00eda o calzado"}]},{"@type":"WebSite","@id":"https:\/\/www.laguiadepamplona.com\/actualidad\/#website","url":"https:\/\/www.laguiadepamplona.com\/actualidad\/","name":"La gu\u00eda de Pamplona","description":"Noticias de Pamplona","publisher":{"@id":"https:\/\/www.laguiadepamplona.com\/actualidad\/#organization"},"potentialAction":[{"@type":"SearchAction","target":{"@type":"EntryPoint","urlTemplate":"https:\/\/www.laguiadepamplona.com\/actualidad\/?s={search_term_string}"},"query-input":{"@type":"PropertyValueSpecification","valueRequired":true,"valueName":"search_term_string"}}],"inLanguage":"es"},{"@type":"Organization","@id":"https:\/\/www.laguiadepamplona.com\/actualidad\/#organization","name":"La Gu\u00eda de Pamplona \/ Noticias","url":"https:\/\/www.laguiadepamplona.com\/actualidad\/","logo":{"@type":"ImageObject","inLanguage":"es","@id":"https:\/\/www.laguiadepamplona.com\/actualidad\/#\/schema\/logo\/image\/","url":"https:\/\/www.laguiadepamplona.com\/actualidad\/wp-content\/uploads\/2018\/11\/logo-laguiadepamplona18-web1.png","contentUrl":"https:\/\/www.laguiadepamplona.com\/actualidad\/wp-content\/uploads\/2018\/11\/logo-laguiadepamplona18-web1.png","width":600,"height":196,"caption":"La Gu\u00eda de Pamplona \/ Noticias"},"image":{"@id":"https:\/\/www.laguiadepamplona.com\/actualidad\/#\/schema\/logo\/image\/"},"sameAs":["https:\/\/www.facebook.com\/laguiadepamplonacom-133175176762273\/?ref=hl","https:\/\/x.com\/LaGuiadPamplona","https:\/\/www.instagram.com\/la_guia_de_pamplona\/","https:\/\/www.youtube.com\/user\/laguiadepamplona"]},{"@type":"Person","@id":"https:\/\/www.laguiadepamplona.com\/actualidad\/#\/schema\/person\/efe887376f0213d4657c93adc50b1fdb","name":"La Gu\u00eda de Pamplona","image":{"@type":"ImageObject","inLanguage":"es","@id":"https:\/\/secure.gravatar.com\/avatar\/b6992f131dc8d30ab0dff15446e9d346d9dbd95992de0fef795073f5ea83a81c?s=96&d=mm&r=g","url":"https:\/\/secure.gravatar.com\/avatar\/b6992f131dc8d30ab0dff15446e9d346d9dbd95992de0fef795073f5ea83a81c?s=96&d=mm&r=g","contentUrl":"https:\/\/secure.gravatar.com\/avatar\/b6992f131dc8d30ab0dff15446e9d346d9dbd95992de0fef795073f5ea83a81c?s=96&d=mm&r=g","caption":"La Gu\u00eda de Pamplona"}}]}},"post_mailing_queue_ids":[],"_links":{"self":[{"href":"https:\/\/www.laguiadepamplona.com\/actualidad\/wp-json\/wp\/v2\/posts\/663","targetHints":{"allow":["GET"]}}],"collection":[{"href":"https:\/\/www.laguiadepamplona.com\/actualidad\/wp-json\/wp\/v2\/posts"}],"about":[{"href":"https:\/\/www.laguiadepamplona.com\/actualidad\/wp-json\/wp\/v2\/types\/post"}],"author":[{"embeddable":true,"href":"https:\/\/www.laguiadepamplona.com\/actualidad\/wp-json\/wp\/v2\/users\/1"}],"replies":[{"embeddable":true,"href":"https:\/\/www.laguiadepamplona.com\/actualidad\/wp-json\/wp\/v2\/comments?post=663"}],"version-history":[{"count":0,"href":"https:\/\/www.laguiadepamplona.com\/actualidad\/wp-json\/wp\/v2\/posts\/663\/revisions"}],"wp:featuredmedia":[{"embeddable":true,"href":"https:\/\/www.laguiadepamplona.com\/actualidad\/wp-json\/"}],"wp:attachment":[{"href":"https:\/\/www.laguiadepamplona.com\/actualidad\/wp-json\/wp\/v2\/media?parent=663"}],"wp:term":[{"taxonomy":"category","embeddable":true,"href":"https:\/\/www.laguiadepamplona.com\/actualidad\/wp-json\/wp\/v2\/categories?post=663"},{"taxonomy":"post_tag","embeddable":true,"href":"https:\/\/www.laguiadepamplona.com\/actualidad\/wp-json\/wp\/v2\/tags?post=663"}],"curies":[{"name":"wp","href":"https:\/\/api.w.org\/{rel}","templated":true}]}}