{"id":6588,"date":"2015-07-24T14:08:31","date_gmt":"2015-07-24T12:08:31","guid":{"rendered":"http:\/\/laguiadepamplona.com\/actualidad\/?p=6588"},"modified":"2015-07-24T14:08:31","modified_gmt":"2015-07-24T12:08:31","slug":"mas-de-80-jovenes-se-han-inscrito-para-participar-en-la-segunda-edicion-de-la-lanzadera-de-empleo-que-impulsara-la-insercion-laboral-de-jovenes-de-pamplona","status":"publish","type":"post","link":"https:\/\/www.laguiadepamplona.com\/actualidad\/mas-de-80-jovenes-se-han-inscrito-para-participar-en-la-segunda-edicion-de-la-lanzadera-de-empleo-que-impulsara-la-insercion-laboral-de-jovenes-de-pamplona\/","title":{"rendered":"M\u00e1s de 80 j\u00f3venes se han inscrito para participar en la segunda edici\u00f3n de la Lanzadera de empleo que impulsar\u00e1 la inserci\u00f3n laboral de j\u00f3venes de Pamplona"},"content":{"rendered":"<h4 class=\"western\" lang=\"es-ES\">Esta semana se est\u00e1 llevando a cabo el proceso de selecci\u00f3n de los 20 j\u00f3venes que participar\u00e1n en la lanzadera que comenzar\u00e1 el lunes<\/h4>\n<p lang=\"es-ES\"><span style=\"font-family: Arial, sans-serif;\"><a href=\"http:\/\/laguiadepamplona.com\/actualidad\/wp-content\/uploads\/2015\/01\/apertura_lanzadera_empleo_1.jpg\"><img loading=\"lazy\" decoding=\"async\" class=\"alignleft size-medium wp-image-4531\" src=\"http:\/\/laguiadepamplona.com\/actualidad\/wp-content\/uploads\/2015\/01\/apertura_lanzadera_empleo_1-300x200.jpg\" alt=\"apertura_lanzadera_empleo_1\" width=\"300\" height=\"200\" \/><\/a>M\u00e1s de 80 j\u00f3venes se han inscrito para participar en la segunda edici\u00f3n de la Lanzadera de empleo que busca impulsar la inserci\u00f3n laboral de j\u00f3venes de Pamplona. El plazo para inscribirse finaliz\u00f3 el pasado d\u00eda 17 y esta semana se est\u00e1n llevando a cabo las entrevistas y las din\u00e1micas de grupo para seleccionar los 20 j\u00f3venes que participar\u00e1n en la formaci\u00f3n que comenzar\u00e1 el pr\u00f3ximo lunes, d\u00eda 27 de julio. Las lanzaderas est\u00e1n organizadas por el Ayuntamiento de Pamplona y la Fundaci\u00f3n Santa Mar\u00eda la Real con la colaboraci\u00f3n y la financiaci\u00f3n de Fundaci\u00f3n Telef\u00f3nica.<\/span><\/p>\n<p lang=\"es-ES\"><span style=\"font-family: Arial, sans-serif;\">Al igual que en la primera, van a participar desempleados menores de 35 a\u00f1os. El equipo formado por las 20 personas seleccionadas entrenar\u00e1n, guiadas por un coordinador, una innovadora b\u00fasqueda de empleo para lograr acceder al mercado laboral. La primera edici\u00f3n, desarrollada entre los meses de enero y junio, logr\u00f3 que 12 de los 20 integrantes lograran un trabajo por cuenta ajena, a los que se une una compa\u00f1era que opt\u00f3 por el autoempleo. Esto supone un balance final del 65% de inserci\u00f3n.<\/span><\/p>\n<p lang=\"es-ES\"><span style=\"font-family: Arial, sans-serif;\">El arquitecto, dibujante y humorista, Jos\u00e9 Mar\u00eda P\u00e9rez \u2018Peridis\u2019, presidente de la Fundaci\u00f3n Santa Mar\u00eda la Real, es el promotor del programa \u2018Lanzaderas de Empleo y emprendimiento solidario\u2019 (LEES). El objetivo de esta iniciativa es cambiar la actitud de la persona desempleada que tiene un comportamiento pasivo para impulsarle hacia un enfoque proactivo y m\u00e1s optimista. Se busca que el desempleado abandone la soledad, la desgana o la desilusi\u00f3n y que trabaje en equipo con personas que comparten su misma situaci\u00f3n, personas que refuercen sus competencias y colaboren en la b\u00fasqueda activa de trabajo.<\/span><\/p>\n<p lang=\"es-ES\">\n","protected":false},"excerpt":{"rendered":"<p>Esta semana se est\u00e1 llevando a cabo el proceso de selecci\u00f3n de los 20 j\u00f3venes que participar\u00e1n en la lanzadera que comenzar\u00e1 el lunes M\u00e1s de 80 j\u00f3venes se han&#8230;<\/p>\n","protected":false},"author":1,"featured_media":4531,"comment_status":"closed","ping_status":"closed","sticky":false,"template":"","format":"standard","meta":{"footnotes":""},"categories":[2],"tags":[5,6,509,4997,1093,3831,8,9,5919],"class_list":["post-6588","post","type-post","status-publish","format-standard","has-post-thumbnail","hentry","category-ayuntamiento-pamplona","tag-actualidad","tag-ayto-pamplona","tag-ayuntamiento-de-pamplona","tag-insercion-laboral","tag-jovenes","tag-lanzadera-de-empleo","tag-noticias","tag-pamplona","tag-participan"],"yoast_head":"<!-- This site is optimized with the Yoast SEO plugin v27.5 - https:\/\/yoast.com\/product\/yoast-seo-wordpress\/ -->\n<title>M\u00e1s de 80 j\u00f3venes se han inscrito para participar en la segunda edici\u00f3n de la Lanzadera de empleo que impulsar\u00e1 la inserci\u00f3n laboral de j\u00f3venes de Pamplona<\/title>\n<meta name=\"robots\" content=\"index, follow, max-snippet:-1, max-image-preview:large, max-video-preview:-1\" \/>\n<link rel=\"canonical\" href=\"https:\/\/www.laguiadepamplona.com\/actualidad\/mas-de-80-jovenes-se-han-inscrito-para-participar-en-la-segunda-edicion-de-la-lanzadera-de-empleo-que-impulsara-la-insercion-laboral-de-jovenes-de-pamplona\/\" \/>\n<meta property=\"og:locale\" content=\"es_ES\" \/>\n<meta property=\"og:type\" content=\"article\" \/>\n<meta property=\"og:title\" content=\"M\u00e1s de 80 j\u00f3venes se han inscrito para participar en la segunda edici\u00f3n de la Lanzadera de empleo que impulsar\u00e1 la inserci\u00f3n laboral de j\u00f3venes de Pamplona\" \/>\n<meta property=\"og:description\" content=\"Esta semana se est\u00e1 llevando a cabo el proceso de selecci\u00f3n de los 20 j\u00f3venes que participar\u00e1n en la lanzadera que comenzar\u00e1 el lunes M\u00e1s de 80 j\u00f3venes se han...\" \/>\n<meta property=\"og:url\" content=\"https:\/\/www.laguiadepamplona.com\/actualidad\/mas-de-80-jovenes-se-han-inscrito-para-participar-en-la-segunda-edicion-de-la-lanzadera-de-empleo-que-impulsara-la-insercion-laboral-de-jovenes-de-pamplona\/\" \/>\n<meta property=\"og:site_name\" content=\"La Gu\u00eda de Pamplona\" \/>\n<meta property=\"article:publisher\" content=\"https:\/\/www.facebook.com\/laguiadepamplonacom-133175176762273\/?ref=hl\" \/>\n<meta property=\"article:published_time\" content=\"2015-07-24T12:08:31+00:00\" \/>\n<meta name=\"author\" content=\"La Gu\u00eda de Pamplona\" \/>\n<meta name=\"twitter:card\" content=\"summary_large_image\" \/>\n<meta name=\"twitter:creator\" content=\"@LaGuiadPamplona\" \/>\n<meta name=\"twitter:site\" content=\"@LaGuiadPamplona\" \/>\n<meta name=\"twitter:label1\" content=\"Escrito por\" \/>\n\t<meta name=\"twitter:data1\" content=\"La Gu\u00eda de Pamplona\" \/>\n\t<meta name=\"twitter:label2\" content=\"Tiempo de lectura\" \/>\n\t<meta name=\"twitter:data2\" content=\"2 minutos\" \/>\n<script type=\"application\/ld+json\" class=\"yoast-schema-graph\">{\"@context\":\"https:\\\/\\\/schema.org\",\"@graph\":[{\"@type\":\"Article\",\"@id\":\"https:\\\/\\\/www.laguiadepamplona.com\\\/actualidad\\\/mas-de-80-jovenes-se-han-inscrito-para-participar-en-la-segunda-edicion-de-la-lanzadera-de-empleo-que-impulsara-la-insercion-laboral-de-jovenes-de-pamplona\\\/#article\",\"isPartOf\":{\"@id\":\"https:\\\/\\\/www.laguiadepamplona.com\\\/actualidad\\\/mas-de-80-jovenes-se-han-inscrito-para-participar-en-la-segunda-edicion-de-la-lanzadera-de-empleo-que-impulsara-la-insercion-laboral-de-jovenes-de-pamplona\\\/\"},\"author\":{\"name\":\"La Gu\u00eda de Pamplona\",\"@id\":\"https:\\\/\\\/www.laguiadepamplona.com\\\/actualidad\\\/#\\\/schema\\\/person\\\/efe887376f0213d4657c93adc50b1fdb\"},\"headline\":\"M\u00e1s de 80 j\u00f3venes se han inscrito para participar en la segunda edici\u00f3n de la Lanzadera de empleo que impulsar\u00e1 la inserci\u00f3n laboral de j\u00f3venes de Pamplona\",\"datePublished\":\"2015-07-24T12:08:31+00:00\",\"mainEntityOfPage\":{\"@id\":\"https:\\\/\\\/www.laguiadepamplona.com\\\/actualidad\\\/mas-de-80-jovenes-se-han-inscrito-para-participar-en-la-segunda-edicion-de-la-lanzadera-de-empleo-que-impulsara-la-insercion-laboral-de-jovenes-de-pamplona\\\/\"},\"wordCount\":355,\"publisher\":{\"@id\":\"https:\\\/\\\/www.laguiadepamplona.com\\\/actualidad\\\/#organization\"},\"image\":{\"@id\":\"https:\\\/\\\/www.laguiadepamplona.com\\\/actualidad\\\/mas-de-80-jovenes-se-han-inscrito-para-participar-en-la-segunda-edicion-de-la-lanzadera-de-empleo-que-impulsara-la-insercion-laboral-de-jovenes-de-pamplona\\\/#primaryimage\"},\"thumbnailUrl\":\"\",\"keywords\":[\"actualidad\",\"ayto pamplona\",\"Ayuntamiento de Pamplona\",\"inserci\u00f3n laboral\",\"j\u00f3venes\",\"lanzadera de empleo\",\"noticias\",\"pamplona\",\"participan\"],\"articleSection\":[\"Ayto Pamplona\"],\"inLanguage\":\"es\"},{\"@type\":\"WebPage\",\"@id\":\"https:\\\/\\\/www.laguiadepamplona.com\\\/actualidad\\\/mas-de-80-jovenes-se-han-inscrito-para-participar-en-la-segunda-edicion-de-la-lanzadera-de-empleo-que-impulsara-la-insercion-laboral-de-jovenes-de-pamplona\\\/\",\"url\":\"https:\\\/\\\/www.laguiadepamplona.com\\\/actualidad\\\/mas-de-80-jovenes-se-han-inscrito-para-participar-en-la-segunda-edicion-de-la-lanzadera-de-empleo-que-impulsara-la-insercion-laboral-de-jovenes-de-pamplona\\\/\",\"name\":\"M\u00e1s de 80 j\u00f3venes se han inscrito para participar en la segunda edici\u00f3n de la Lanzadera de empleo que impulsar\u00e1 la inserci\u00f3n laboral de j\u00f3venes de Pamplona\",\"isPartOf\":{\"@id\":\"https:\\\/\\\/www.laguiadepamplona.com\\\/actualidad\\\/#website\"},\"primaryImageOfPage\":{\"@id\":\"https:\\\/\\\/www.laguiadepamplona.com\\\/actualidad\\\/mas-de-80-jovenes-se-han-inscrito-para-participar-en-la-segunda-edicion-de-la-lanzadera-de-empleo-que-impulsara-la-insercion-laboral-de-jovenes-de-pamplona\\\/#primaryimage\"},\"image\":{\"@id\":\"https:\\\/\\\/www.laguiadepamplona.com\\\/actualidad\\\/mas-de-80-jovenes-se-han-inscrito-para-participar-en-la-segunda-edicion-de-la-lanzadera-de-empleo-que-impulsara-la-insercion-laboral-de-jovenes-de-pamplona\\\/#primaryimage\"},\"thumbnailUrl\":\"\",\"datePublished\":\"2015-07-24T12:08:31+00:00\",\"breadcrumb\":{\"@id\":\"https:\\\/\\\/www.laguiadepamplona.com\\\/actualidad\\\/mas-de-80-jovenes-se-han-inscrito-para-participar-en-la-segunda-edicion-de-la-lanzadera-de-empleo-que-impulsara-la-insercion-laboral-de-jovenes-de-pamplona\\\/#breadcrumb\"},\"inLanguage\":\"es\",\"potentialAction\":[{\"@type\":\"ReadAction\",\"target\":[\"https:\\\/\\\/www.laguiadepamplona.com\\\/actualidad\\\/mas-de-80-jovenes-se-han-inscrito-para-participar-en-la-segunda-edicion-de-la-lanzadera-de-empleo-que-impulsara-la-insercion-laboral-de-jovenes-de-pamplona\\\/\"]}]},{\"@type\":\"ImageObject\",\"inLanguage\":\"es\",\"@id\":\"https:\\\/\\\/www.laguiadepamplona.com\\\/actualidad\\\/mas-de-80-jovenes-se-han-inscrito-para-participar-en-la-segunda-edicion-de-la-lanzadera-de-empleo-que-impulsara-la-insercion-laboral-de-jovenes-de-pamplona\\\/#primaryimage\",\"url\":\"\",\"contentUrl\":\"\"},{\"@type\":\"BreadcrumbList\",\"@id\":\"https:\\\/\\\/www.laguiadepamplona.com\\\/actualidad\\\/mas-de-80-jovenes-se-han-inscrito-para-participar-en-la-segunda-edicion-de-la-lanzadera-de-empleo-que-impulsara-la-insercion-laboral-de-jovenes-de-pamplona\\\/#breadcrumb\",\"itemListElement\":[{\"@type\":\"ListItem\",\"position\":1,\"name\":\"Portada\",\"item\":\"https:\\\/\\\/www.laguiadepamplona.com\\\/actualidad\\\/\"},{\"@type\":\"ListItem\",\"position\":2,\"name\":\"M\u00e1s de 80 j\u00f3venes se han inscrito para participar en la segunda edici\u00f3n de la Lanzadera de empleo que impulsar\u00e1 la inserci\u00f3n laboral de j\u00f3venes de Pamplona\"}]},{\"@type\":\"WebSite\",\"@id\":\"https:\\\/\\\/www.laguiadepamplona.com\\\/actualidad\\\/#website\",\"url\":\"https:\\\/\\\/www.laguiadepamplona.com\\\/actualidad\\\/\",\"name\":\"La gu\u00eda de Pamplona\",\"description\":\"Noticias de Pamplona\",\"publisher\":{\"@id\":\"https:\\\/\\\/www.laguiadepamplona.com\\\/actualidad\\\/#organization\"},\"potentialAction\":[{\"@type\":\"SearchAction\",\"target\":{\"@type\":\"EntryPoint\",\"urlTemplate\":\"https:\\\/\\\/www.laguiadepamplona.com\\\/actualidad\\\/?s={search_term_string}\"},\"query-input\":{\"@type\":\"PropertyValueSpecification\",\"valueRequired\":true,\"valueName\":\"search_term_string\"}}],\"inLanguage\":\"es\"},{\"@type\":\"Organization\",\"@id\":\"https:\\\/\\\/www.laguiadepamplona.com\\\/actualidad\\\/#organization\",\"name\":\"La Gu\u00eda de Pamplona \\\/ Noticias\",\"url\":\"https:\\\/\\\/www.laguiadepamplona.com\\\/actualidad\\\/\",\"logo\":{\"@type\":\"ImageObject\",\"inLanguage\":\"es\",\"@id\":\"https:\\\/\\\/www.laguiadepamplona.com\\\/actualidad\\\/#\\\/schema\\\/logo\\\/image\\\/\",\"url\":\"https:\\\/\\\/www.laguiadepamplona.com\\\/actualidad\\\/wp-content\\\/uploads\\\/2018\\\/11\\\/logo-laguiadepamplona18-web1.png\",\"contentUrl\":\"https:\\\/\\\/www.laguiadepamplona.com\\\/actualidad\\\/wp-content\\\/uploads\\\/2018\\\/11\\\/logo-laguiadepamplona18-web1.png\",\"width\":600,\"height\":196,\"caption\":\"La Gu\u00eda de Pamplona \\\/ Noticias\"},\"image\":{\"@id\":\"https:\\\/\\\/www.laguiadepamplona.com\\\/actualidad\\\/#\\\/schema\\\/logo\\\/image\\\/\"},\"sameAs\":[\"https:\\\/\\\/www.facebook.com\\\/laguiadepamplonacom-133175176762273\\\/?ref=hl\",\"https:\\\/\\\/x.com\\\/LaGuiadPamplona\",\"https:\\\/\\\/www.instagram.com\\\/la_guia_de_pamplona\\\/\",\"https:\\\/\\\/www.youtube.com\\\/user\\\/laguiadepamplona\"]},{\"@type\":\"Person\",\"@id\":\"https:\\\/\\\/www.laguiadepamplona.com\\\/actualidad\\\/#\\\/schema\\\/person\\\/efe887376f0213d4657c93adc50b1fdb\",\"name\":\"La Gu\u00eda de Pamplona\",\"image\":{\"@type\":\"ImageObject\",\"inLanguage\":\"es\",\"@id\":\"https:\\\/\\\/secure.gravatar.com\\\/avatar\\\/b6992f131dc8d30ab0dff15446e9d346d9dbd95992de0fef795073f5ea83a81c?s=96&d=mm&r=g\",\"url\":\"https:\\\/\\\/secure.gravatar.com\\\/avatar\\\/b6992f131dc8d30ab0dff15446e9d346d9dbd95992de0fef795073f5ea83a81c?s=96&d=mm&r=g\",\"contentUrl\":\"https:\\\/\\\/secure.gravatar.com\\\/avatar\\\/b6992f131dc8d30ab0dff15446e9d346d9dbd95992de0fef795073f5ea83a81c?s=96&d=mm&r=g\",\"caption\":\"La Gu\u00eda de Pamplona\"}}]}<\/script>\n<!-- \/ Yoast SEO plugin. -->","yoast_head_json":{"title":"M\u00e1s de 80 j\u00f3venes se han inscrito para participar en la segunda edici\u00f3n de la Lanzadera de empleo que impulsar\u00e1 la inserci\u00f3n laboral de j\u00f3venes de Pamplona","robots":{"index":"index","follow":"follow","max-snippet":"max-snippet:-1","max-image-preview":"max-image-preview:large","max-video-preview":"max-video-preview:-1"},"canonical":"https:\/\/www.laguiadepamplona.com\/actualidad\/mas-de-80-jovenes-se-han-inscrito-para-participar-en-la-segunda-edicion-de-la-lanzadera-de-empleo-que-impulsara-la-insercion-laboral-de-jovenes-de-pamplona\/","og_locale":"es_ES","og_type":"article","og_title":"M\u00e1s de 80 j\u00f3venes se han inscrito para participar en la segunda edici\u00f3n de la Lanzadera de empleo que impulsar\u00e1 la inserci\u00f3n laboral de j\u00f3venes de Pamplona","og_description":"Esta semana se est\u00e1 llevando a cabo el proceso de selecci\u00f3n de los 20 j\u00f3venes que participar\u00e1n en la lanzadera que comenzar\u00e1 el lunes M\u00e1s de 80 j\u00f3venes se han...","og_url":"https:\/\/www.laguiadepamplona.com\/actualidad\/mas-de-80-jovenes-se-han-inscrito-para-participar-en-la-segunda-edicion-de-la-lanzadera-de-empleo-que-impulsara-la-insercion-laboral-de-jovenes-de-pamplona\/","og_site_name":"La Gu\u00eda de Pamplona","article_publisher":"https:\/\/www.facebook.com\/laguiadepamplonacom-133175176762273\/?ref=hl","article_published_time":"2015-07-24T12:08:31+00:00","author":"La Gu\u00eda de Pamplona","twitter_card":"summary_large_image","twitter_creator":"@LaGuiadPamplona","twitter_site":"@LaGuiadPamplona","twitter_misc":{"Escrito por":"La Gu\u00eda de Pamplona","Tiempo de lectura":"2 minutos"},"schema":{"@context":"https:\/\/schema.org","@graph":[{"@type":"Article","@id":"https:\/\/www.laguiadepamplona.com\/actualidad\/mas-de-80-jovenes-se-han-inscrito-para-participar-en-la-segunda-edicion-de-la-lanzadera-de-empleo-que-impulsara-la-insercion-laboral-de-jovenes-de-pamplona\/#article","isPartOf":{"@id":"https:\/\/www.laguiadepamplona.com\/actualidad\/mas-de-80-jovenes-se-han-inscrito-para-participar-en-la-segunda-edicion-de-la-lanzadera-de-empleo-que-impulsara-la-insercion-laboral-de-jovenes-de-pamplona\/"},"author":{"name":"La Gu\u00eda de Pamplona","@id":"https:\/\/www.laguiadepamplona.com\/actualidad\/#\/schema\/person\/efe887376f0213d4657c93adc50b1fdb"},"headline":"M\u00e1s de 80 j\u00f3venes se han inscrito para participar en la segunda edici\u00f3n de la Lanzadera de empleo que impulsar\u00e1 la inserci\u00f3n laboral de j\u00f3venes de Pamplona","datePublished":"2015-07-24T12:08:31+00:00","mainEntityOfPage":{"@id":"https:\/\/www.laguiadepamplona.com\/actualidad\/mas-de-80-jovenes-se-han-inscrito-para-participar-en-la-segunda-edicion-de-la-lanzadera-de-empleo-que-impulsara-la-insercion-laboral-de-jovenes-de-pamplona\/"},"wordCount":355,"publisher":{"@id":"https:\/\/www.laguiadepamplona.com\/actualidad\/#organization"},"image":{"@id":"https:\/\/www.laguiadepamplona.com\/actualidad\/mas-de-80-jovenes-se-han-inscrito-para-participar-en-la-segunda-edicion-de-la-lanzadera-de-empleo-que-impulsara-la-insercion-laboral-de-jovenes-de-pamplona\/#primaryimage"},"thumbnailUrl":"","keywords":["actualidad","ayto pamplona","Ayuntamiento de Pamplona","inserci\u00f3n laboral","j\u00f3venes","lanzadera de empleo","noticias","pamplona","participan"],"articleSection":["Ayto Pamplona"],"inLanguage":"es"},{"@type":"WebPage","@id":"https:\/\/www.laguiadepamplona.com\/actualidad\/mas-de-80-jovenes-se-han-inscrito-para-participar-en-la-segunda-edicion-de-la-lanzadera-de-empleo-que-impulsara-la-insercion-laboral-de-jovenes-de-pamplona\/","url":"https:\/\/www.laguiadepamplona.com\/actualidad\/mas-de-80-jovenes-se-han-inscrito-para-participar-en-la-segunda-edicion-de-la-lanzadera-de-empleo-que-impulsara-la-insercion-laboral-de-jovenes-de-pamplona\/","name":"M\u00e1s de 80 j\u00f3venes se han inscrito para participar en la segunda edici\u00f3n de la Lanzadera de empleo que impulsar\u00e1 la inserci\u00f3n laboral de j\u00f3venes de Pamplona","isPartOf":{"@id":"https:\/\/www.laguiadepamplona.com\/actualidad\/#website"},"primaryImageOfPage":{"@id":"https:\/\/www.laguiadepamplona.com\/actualidad\/mas-de-80-jovenes-se-han-inscrito-para-participar-en-la-segunda-edicion-de-la-lanzadera-de-empleo-que-impulsara-la-insercion-laboral-de-jovenes-de-pamplona\/#primaryimage"},"image":{"@id":"https:\/\/www.laguiadepamplona.com\/actualidad\/mas-de-80-jovenes-se-han-inscrito-para-participar-en-la-segunda-edicion-de-la-lanzadera-de-empleo-que-impulsara-la-insercion-laboral-de-jovenes-de-pamplona\/#primaryimage"},"thumbnailUrl":"","datePublished":"2015-07-24T12:08:31+00:00","breadcrumb":{"@id":"https:\/\/www.laguiadepamplona.com\/actualidad\/mas-de-80-jovenes-se-han-inscrito-para-participar-en-la-segunda-edicion-de-la-lanzadera-de-empleo-que-impulsara-la-insercion-laboral-de-jovenes-de-pamplona\/#breadcrumb"},"inLanguage":"es","potentialAction":[{"@type":"ReadAction","target":["https:\/\/www.laguiadepamplona.com\/actualidad\/mas-de-80-jovenes-se-han-inscrito-para-participar-en-la-segunda-edicion-de-la-lanzadera-de-empleo-que-impulsara-la-insercion-laboral-de-jovenes-de-pamplona\/"]}]},{"@type":"ImageObject","inLanguage":"es","@id":"https:\/\/www.laguiadepamplona.com\/actualidad\/mas-de-80-jovenes-se-han-inscrito-para-participar-en-la-segunda-edicion-de-la-lanzadera-de-empleo-que-impulsara-la-insercion-laboral-de-jovenes-de-pamplona\/#primaryimage","url":"","contentUrl":""},{"@type":"BreadcrumbList","@id":"https:\/\/www.laguiadepamplona.com\/actualidad\/mas-de-80-jovenes-se-han-inscrito-para-participar-en-la-segunda-edicion-de-la-lanzadera-de-empleo-que-impulsara-la-insercion-laboral-de-jovenes-de-pamplona\/#breadcrumb","itemListElement":[{"@type":"ListItem","position":1,"name":"Portada","item":"https:\/\/www.laguiadepamplona.com\/actualidad\/"},{"@type":"ListItem","position":2,"name":"M\u00e1s de 80 j\u00f3venes se han inscrito para participar en la segunda edici\u00f3n de la Lanzadera de empleo que impulsar\u00e1 la inserci\u00f3n laboral de j\u00f3venes de Pamplona"}]},{"@type":"WebSite","@id":"https:\/\/www.laguiadepamplona.com\/actualidad\/#website","url":"https:\/\/www.laguiadepamplona.com\/actualidad\/","name":"La gu\u00eda de Pamplona","description":"Noticias de Pamplona","publisher":{"@id":"https:\/\/www.laguiadepamplona.com\/actualidad\/#organization"},"potentialAction":[{"@type":"SearchAction","target":{"@type":"EntryPoint","urlTemplate":"https:\/\/www.laguiadepamplona.com\/actualidad\/?s={search_term_string}"},"query-input":{"@type":"PropertyValueSpecification","valueRequired":true,"valueName":"search_term_string"}}],"inLanguage":"es"},{"@type":"Organization","@id":"https:\/\/www.laguiadepamplona.com\/actualidad\/#organization","name":"La Gu\u00eda de Pamplona \/ Noticias","url":"https:\/\/www.laguiadepamplona.com\/actualidad\/","logo":{"@type":"ImageObject","inLanguage":"es","@id":"https:\/\/www.laguiadepamplona.com\/actualidad\/#\/schema\/logo\/image\/","url":"https:\/\/www.laguiadepamplona.com\/actualidad\/wp-content\/uploads\/2018\/11\/logo-laguiadepamplona18-web1.png","contentUrl":"https:\/\/www.laguiadepamplona.com\/actualidad\/wp-content\/uploads\/2018\/11\/logo-laguiadepamplona18-web1.png","width":600,"height":196,"caption":"La Gu\u00eda de Pamplona \/ Noticias"},"image":{"@id":"https:\/\/www.laguiadepamplona.com\/actualidad\/#\/schema\/logo\/image\/"},"sameAs":["https:\/\/www.facebook.com\/laguiadepamplonacom-133175176762273\/?ref=hl","https:\/\/x.com\/LaGuiadPamplona","https:\/\/www.instagram.com\/la_guia_de_pamplona\/","https:\/\/www.youtube.com\/user\/laguiadepamplona"]},{"@type":"Person","@id":"https:\/\/www.laguiadepamplona.com\/actualidad\/#\/schema\/person\/efe887376f0213d4657c93adc50b1fdb","name":"La Gu\u00eda de Pamplona","image":{"@type":"ImageObject","inLanguage":"es","@id":"https:\/\/secure.gravatar.com\/avatar\/b6992f131dc8d30ab0dff15446e9d346d9dbd95992de0fef795073f5ea83a81c?s=96&d=mm&r=g","url":"https:\/\/secure.gravatar.com\/avatar\/b6992f131dc8d30ab0dff15446e9d346d9dbd95992de0fef795073f5ea83a81c?s=96&d=mm&r=g","contentUrl":"https:\/\/secure.gravatar.com\/avatar\/b6992f131dc8d30ab0dff15446e9d346d9dbd95992de0fef795073f5ea83a81c?s=96&d=mm&r=g","caption":"La Gu\u00eda de Pamplona"}}]}},"post_mailing_queue_ids":[],"_links":{"self":[{"href":"https:\/\/www.laguiadepamplona.com\/actualidad\/wp-json\/wp\/v2\/posts\/6588","targetHints":{"allow":["GET"]}}],"collection":[{"href":"https:\/\/www.laguiadepamplona.com\/actualidad\/wp-json\/wp\/v2\/posts"}],"about":[{"href":"https:\/\/www.laguiadepamplona.com\/actualidad\/wp-json\/wp\/v2\/types\/post"}],"author":[{"embeddable":true,"href":"https:\/\/www.laguiadepamplona.com\/actualidad\/wp-json\/wp\/v2\/users\/1"}],"replies":[{"embeddable":true,"href":"https:\/\/www.laguiadepamplona.com\/actualidad\/wp-json\/wp\/v2\/comments?post=6588"}],"version-history":[{"count":0,"href":"https:\/\/www.laguiadepamplona.com\/actualidad\/wp-json\/wp\/v2\/posts\/6588\/revisions"}],"wp:featuredmedia":[{"embeddable":true,"href":"https:\/\/www.laguiadepamplona.com\/actualidad\/wp-json\/"}],"wp:attachment":[{"href":"https:\/\/www.laguiadepamplona.com\/actualidad\/wp-json\/wp\/v2\/media?parent=6588"}],"wp:term":[{"taxonomy":"category","embeddable":true,"href":"https:\/\/www.laguiadepamplona.com\/actualidad\/wp-json\/wp\/v2\/categories?post=6588"},{"taxonomy":"post_tag","embeddable":true,"href":"https:\/\/www.laguiadepamplona.com\/actualidad\/wp-json\/wp\/v2\/tags?post=6588"}],"curies":[{"name":"wp","href":"https:\/\/api.w.org\/{rel}","templated":true}]}}