{"id":6566,"date":"2015-07-22T13:38:07","date_gmt":"2015-07-22T11:38:07","guid":{"rendered":"http:\/\/laguiadepamplona.com\/actualidad\/?p=6566"},"modified":"2015-07-22T13:38:07","modified_gmt":"2015-07-22T11:38:07","slug":"herliebe-arteari-eta-botereari-buruz-zortzi-artistek-egindako-gogoeta-koordinatua-ikusgai-armen-aretoan-abuztuaren-23ra-arte","status":"publish","type":"post","link":"https:\/\/www.laguiadepamplona.com\/actualidad\/herliebe-arteari-eta-botereari-buruz-zortzi-artistek-egindako-gogoeta-koordinatua-ikusgai-armen-aretoan-abuztuaren-23ra-arte\/","title":{"rendered":"Herliebe: arteari eta botereari buruz zortzi artistek egindako gogoeta koordinatua ikusgai Armen aretoan, abuztuaren 23ra arte."},"content":{"rendered":"<h4 class=\"western\" lang=\"eu\">Erakusketa EHUko Arte Ederretako Fakultatea 2012az geroztik garatzen ari den <i>Politiko-Poetiko<\/i> proiektuaren 4. edizioaren parte da.<\/h4>\n<p lang=\"eu\"><span style=\"font-family: Arial, sans-serif;\"><a href=\"http:\/\/laguiadepamplona.com\/actualidad\/wp-content\/uploads\/2015\/07\/herliebe_portada_png.png\"><img loading=\"lazy\" decoding=\"async\" class=\"alignleft size-medium wp-image-6564\" src=\"http:\/\/laguiadepamplona.com\/actualidad\/wp-content\/uploads\/2015\/07\/herliebe_portada_png-300x300.png\" alt=\"herliebe_portada_png\" width=\"300\" height=\"300\" \/><\/a>Politika eta artea elkarri eragiten dioten arloak dira, esperimentazio sozial eta komunikatiboari estu lotuak. Abuztuaren 23ra arte, Iru\u00f1eko Udalak kontzeptu horiek berraztertzeko proposamena egiten digu <i>Herliebe<\/i> erakusketaren bidez. Erakusketa hori <i>Politiko-Poetiko<\/i> proiektuaren laugarren edizioaren irudikapena da, eta proiektua bera, eztabaida artistikorako gune bat, non artista talde bat 2012az geroztik lanean ari baita Euskal Herriko Unibertsitateko (EHU) Arte Ederretako Fakultatean sortutako ideia bat abiapuntu hartuta.<\/span><\/p>\n<p lang=\"eu\"><span style=\"font-family: Arial, sans-serif;\">Oinarri teoriko horri \u2013hau da, artelanen izaera politikoa eta poetikoaren ideiari\u2013 helduta, zortzi artistek talde-laneko prozesu bat garatu dute urtebetez, interes komun batek gidatuta: banakako lanetik harago doan erakusketa-entitatea eraikitzea, proposamen ezberdinen artean sortzen diren harremanak kontuan hartuta.<\/span><\/p>\n<p lang=\"eu\"><span style=\"font-family: Arial, sans-serif;\">Gaur goizean, Maider Beloki Hezkuntza eta Kulturako zinegotziak eta egileetako batzuek \u2013tartean, Amaia Molinet, erakusketa koordinatzen duen Lizarrako artista\u2013 erakusketa aurkeztu dute, Ziudadelako Armen aretoko lehen solairuan: bertan daude ikusgai Edurne Gonz\u00e1lez Ib\u00e1\u00f1ez, Julen Alberdi, Amaia Molinet, Damaris Pan, Claudia Lorenzo, David Pavo, Sandra Alcal\u00e1 Senosiain eta Camilo Torres Zorrillaren artelanak. Katalogoan, bestalde, Haizea Barcenilla idazlea aritu da kolaboratzaile.<\/span><\/p>\n<p lang=\"eu\"><a name=\"OLE_LINK3\"><\/a> <span style=\"font-family: Arial, sans-serif;\">Erakusketa uztailaren 24an irekiko da, hau da, heldu den ostiralean, noiz eta Ziudadelako gainerako aretoak ere irekiko diren egun berean. Ziudadelako erakusketa-aretoek, guztira, 2.167 m<sup>2<\/sup> dituzte \u2013aretotik aretora joateko belardiez gain\u2013, eta azalera horrekin hiriko erakusketa-aretorik handiena da Ziudadela. Hona hala erakusketa honen nola hurrengo egunetan zehar irekiko diren gainerakoen ordutegiak: asteartetik ostiralera, 18:30etik 21:00etara; larunbatetan, 12:00etatik 14:00etara eta 18:30etik 21:00etara; igande eta jaiegunetan, 12:00etatik 14:00etara (goizez bakarrik); astelehenetan, itxita dago.<\/span><\/p>\n<p lang=\"eu\"><span style=\"font-family: Arial, sans-serif;\">Iru\u00f1eko Ziudadelan egon ostean, <i>Herliebe<\/i> ikusgai jarriko dute, bertsio murriztuan, BilbaoArte fundazioan, uda amaieran, irailaren 16tik urriaren 2ra arte. Gogoeta artistiko eta kontzeptual honen aurreko edizioak ikusgai egon ziren Gasteizko Araba aretoan, Algortako Torrene aretoan (Getxo), Durangoko Arte eta Historia museoan eta Donostiako Arteztu galerian.<\/span><\/p>\n<h4 class=\"apoyo-de-datos-western\" lang=\"eu\">Herliebe: artistak eta artelanak<\/h4>\n<p lang=\"eu\"><span style=\"font-family: Arial, sans-serif;\"><b>Edurne Gonz\u00e1lez Ib\u00e1\u00f1ez (Sestao, 1980)<\/b><\/span><\/p>\n<ul>\n<li>\n<p lang=\"eu\"><span style=\"font-family: Arial, sans-serif;\">Haren proposamenak zenbait gogoeta piztu, eta tentsioa sortzen du kultur eraikuntzari lotutako gai batzuei buruz, zein eta lurraldearen, identitatearen eta errealitate garaikidearen zenbait alderdiri heltzeko oinarri gisa baliatzen direnak. Horretarako erabiltzen duen metodologia oharkabe pasatu ohi diren elementuen etengabeko bilaketan datza: elementu horiek testuingurutik erauzi eta berrinterpretatzeak egitura jakin batzuez jabetzea ahalbidetzen dute, eta horiek har daitezke abiapuntu haiek beraiek zedarritzen dituen markoaz duda egiteko. Ikus-entzunezkoek berezko dituzten mekanismoekin zerikusia duten estrategiak eta haiekiko esperimentazioa abiapuntu hartu eta hainbat proposamen sortzen ditu, ikusleei beraien bizipenak zalantzan jartzeko eskatzen dietenak: horrela, ukiguneak sortzen dira hainbat ikuspegiren artean.<\/span><\/p>\n<p lang=\"eu\"><span style=\"font-family: Arial, sans-serif;\"><b>Julen Alberdi (Iru\u00f1a, 1991)<\/b><\/span><\/p>\n<\/li>\n<li>\n<p lang=\"eu\"><span style=\"font-family: Arial, sans-serif;\">Mitoa da Erdi Aroko jendeak uste zuela Lur planeta laua zela (eta ez biribila), XIX. mendean eboluzionismoaren eztabaidaren inguruan zientziaren eta elizaren talkaren baitan zenbait idazlek sortu eta zabalduriko mitoa alegia. Nahita sorturiko gaizkiulertu horren alde baliatu zituzten Planetaren lehen adierazpen kartografikoak, geometrikoki nahasgarriak, bi dimentsiotan eginak zirelako, eta sinbolismorako eta lautasunerako joerari helduta. Garai hartako moldeak, finean, sarritan herri-sineskeriak ezgaitasun teknikoarekin eta trebetasun ezarekin nahastu dituenak, horrek bere baitan daraman esangura-asmoa ahaztuta. Gainera, hortik abiatuta hiru dimentsiotako kartografia-adierazpena Errenazimentuan lorturiko aurrerapen eta balentria tekniko gisa aurkeztu zen, nahiz datu okerra izan hori ere, Antzina Aroan ere egiten baitzen halakorik. Historia-ziriak, gaizkiulertuak, denbora-gezurrak, haustura teknikoak&#8230;<\/span><\/p>\n<p lang=\"eu\"><span style=\"font-family: Arial, sans-serif;\"><b>Amaia Molinet (Lizarra, 1988)<\/b><\/span><\/p>\n<\/li>\n<li>\n<p lang=\"eu\"><span style=\"font-family: Arial, sans-serif;\">Proiektu hau Ebro ibaiaren ertzean gauzatu du artistak, Sartagudan eta Lodosan. Bertan, egileak ohiko duen argazkilaritza-lana arkitekturaren esparrura hedatu nahi du, eta horretarako, esperimentazioari ekiten dio: argazkigintzan ohikoak ez diren euskarriak eraikitzen ditu, erakusketaren eremuarekin harremanetan aritzea bilatzen dutenak.<\/span><\/p>\n<p lang=\"eu\"><span style=\"font-family: Arial, sans-serif;\"><b>Damaris Pan (Mallabia, 1983)<\/b><\/span><\/p>\n<\/li>\n<li>\n<p lang=\"eu\">\u201c<span style=\"font-family: Arial, sans-serif;\"><i>Zorizko topaketa bat finkatzea, hastapen baten forma emanda<\/i>: hala mintzo zen Alain Badiou amodioari buruz, baina horrek berdin balio du <i>pintura<\/i> zer den esateko. Artean aritzeko dudan manerak ordenarik gabeko zenbait elementu metatzea du oinarri: birak eta aldaketak eginez egituratzen ditut, aldi batetik bestera forma diferenteak burutuz, eta batzuetan, ezer gisara.\u00bb<\/span><\/p>\n<p lang=\"eu\"><span style=\"font-family: Arial, sans-serif;\"><b>Claudia Lorenzo (Logro\u00f1o, 1988)<\/b><\/span><\/p>\n<\/li>\n<li>\n<p lang=\"eu\"><span style=\"font-family: Arial, sans-serif;\">Paisaia batera itzultzeko bulkadak sorrarazi zuen <i>villaortru\u00f1o_primavera<\/i> bideoa. Bideoa Logro\u00f1on (Errioxa) okupaturik dagoen etxe batean dago grabaturik, maiteminduen parkearen ondoan. Paisaia hori hondar bat da, hiri denaren eta natura denaren arteko muga den hondarra. Bertan hiri-hondarrak daude, eta natura-hondarrak: ez da ez gauza bat, ez bestea, baina hura bera da. Haren egunerokotasuna abiapuntu hartuta. Bidaia bera itzulera bihurtuta. Espazio horretan egoteko eta grabatzeko bulkada.<\/span><\/p>\n<p lang=\"eu\"><span style=\"font-family: Arial, sans-serif;\"><b>David Pavo (Ermua, 1987)<\/b><\/span><\/p>\n<\/li>\n<li>\n<p lang=\"eu\"><span style=\"font-family: Arial, sans-serif;\">Erakusketan aurkezten duen eskultura-multzoa sormen-beka bat baliatuta egin zuen artistak Okela Sormen Lantegian (Bilbo). Han, artelanak erakusketa-aretoan bertan eraikitzen zituzten, erakusketa iraun bitartean. Helburu nagusia zen eraikuntzak burutzea plastikoki eta estetikoki, aldez aurretik pentsaturiko material xumeekin. Ezagutzen ez denaren aurkikuntzak gidatzen duen prozesu baten deriba figurazio batean hasten zen eta pixkanaka abstrakzioan barna abiatzen zen. Prozesua modu naturalean amaitu zen, eskultorea bultzatzen zuen aurkikuntza agortu, eta produktua manierismoaren etapara jo zuenean.<\/span><\/p>\n<p lang=\"eu\"><span style=\"font-family: Arial, sans-serif;\"><b>Sandra Alcal\u00e1 Senosiain (Iru\u00f1a, 1985)<\/b><\/span><\/p>\n<\/li>\n<li>\n<p lang=\"eu\"><span style=\"font-family: Arial, sans-serif;\">\u00abGure bizitzetan banderek jokatzen duten papera du aztergai <i>1-195 bandera-S<\/i> proiektuak, banderek batzen baikaituzte, eta aldi berean banandu.\u00bb Bideo-performance horretan, 195 bandera ikus daitezke, haien ikur, kolore eta abarrekin, elkarri lotuta. Proiekzioak aurrera egin ahala, banderek formak galtzen dituzte, esanahiak, konnotazioak&#8230; Azkenean, bandera zuri handi bat bilakatzen dira, esanahi horiez guztiez biluztua, baina, aldi berean, esanahi berrien sortzaile. Bideoa oihal margulduan bertan proiektatzen da.<\/span><\/p>\n<p lang=\"eu\"><span style=\"font-family: Arial, sans-serif;\"><b>Camilo Torres Zorrilla (Santiago, Txile, 1971)<\/b><\/span><\/p>\n<\/li>\n<li>\n<p lang=\"eu\"><span style=\"font-family: Arial, sans-serif;\">Zeregin artistikoari ekoizpen-mekanismo bati bezala ekiten dio, xede hartuta diskurtso kritiko bat garatzen dituzten hausnarketak eta ideiak hezurmamitzea, esku-hartze jakin batzuen bidez, leku jakin batzuetan. Bere proposamenetan, artistak<i> politikoa dena <\/i>orainari dagokion ekintzatzat hartzen du, gizartea eraldatzeko prozesuak nork bere ingurunea eraldatzekoekin lotzeko bidea ematen duena. Diziplina anitzeko instalazio batzuen bidez, ikusleei gonbit egiten zaie beren testuingurua birpentsa dezaten, bai eta banakoen bizi-baldintzak zedarritzen dituzten inguruabar sozial, politiko eta kulturalak ere.<\/span><\/p>\n<\/li>\n<\/ul>\n<p lang=\"eu\">\n<p lang=\"eu\">\n","protected":false},"excerpt":{"rendered":"<p>Erakusketa EHUko Arte Ederretako Fakultatea 2012az geroztik garatzen ari den Politiko-Poetiko proiektuaren 4. edizioaren parte da. Politika eta artea elkarri eragiten dioten arloak dira, esperimentazio sozial eta komunikatiboari estu lotuak&#8230;.<\/p>\n","protected":false},"author":1,"featured_media":6564,"comment_status":"closed","ping_status":"closed","sticky":false,"template":"","format":"standard","meta":{"footnotes":""},"categories":[2],"tags":[],"class_list":["post-6566","post","type-post","status-publish","format-standard","has-post-thumbnail","hentry","category-ayuntamiento-pamplona"],"yoast_head":"<!-- This site is optimized with the Yoast SEO plugin v27.5 - https:\/\/yoast.com\/product\/yoast-seo-wordpress\/ -->\n<title>Herliebe: arteari eta botereari buruz zortzi artistek egindako gogoeta koordinatua ikusgai Armen aretoan, abuztuaren 23ra arte.<\/title>\n<meta name=\"robots\" content=\"index, follow, max-snippet:-1, max-image-preview:large, max-video-preview:-1\" \/>\n<link rel=\"canonical\" href=\"https:\/\/www.laguiadepamplona.com\/actualidad\/herliebe-arteari-eta-botereari-buruz-zortzi-artistek-egindako-gogoeta-koordinatua-ikusgai-armen-aretoan-abuztuaren-23ra-arte\/\" \/>\n<meta property=\"og:locale\" content=\"es_ES\" \/>\n<meta property=\"og:type\" content=\"article\" \/>\n<meta property=\"og:title\" content=\"Herliebe: arteari eta botereari buruz zortzi artistek egindako gogoeta koordinatua ikusgai Armen aretoan, abuztuaren 23ra arte.\" \/>\n<meta property=\"og:description\" content=\"Erakusketa EHUko Arte Ederretako Fakultatea 2012az geroztik garatzen ari den Politiko-Poetiko proiektuaren 4. edizioaren parte da. Politika eta artea elkarri eragiten dioten arloak dira, esperimentazio sozial eta komunikatiboari estu lotuak....\" \/>\n<meta property=\"og:url\" content=\"https:\/\/www.laguiadepamplona.com\/actualidad\/herliebe-arteari-eta-botereari-buruz-zortzi-artistek-egindako-gogoeta-koordinatua-ikusgai-armen-aretoan-abuztuaren-23ra-arte\/\" \/>\n<meta property=\"og:site_name\" content=\"La Gu\u00eda de Pamplona\" \/>\n<meta property=\"article:publisher\" content=\"https:\/\/www.facebook.com\/laguiadepamplonacom-133175176762273\/?ref=hl\" \/>\n<meta property=\"article:published_time\" content=\"2015-07-22T11:38:07+00:00\" \/>\n<meta name=\"author\" content=\"La Gu\u00eda de Pamplona\" \/>\n<meta name=\"twitter:card\" content=\"summary_large_image\" \/>\n<meta name=\"twitter:creator\" content=\"@LaGuiadPamplona\" \/>\n<meta name=\"twitter:site\" content=\"@LaGuiadPamplona\" \/>\n<meta name=\"twitter:label1\" content=\"Escrito por\" \/>\n\t<meta name=\"twitter:data1\" content=\"La Gu\u00eda de Pamplona\" \/>\n\t<meta name=\"twitter:label2\" content=\"Tiempo de lectura\" \/>\n\t<meta name=\"twitter:data2\" content=\"4 minutos\" \/>\n<script type=\"application\/ld+json\" class=\"yoast-schema-graph\">{\"@context\":\"https:\\\/\\\/schema.org\",\"@graph\":[{\"@type\":\"Article\",\"@id\":\"https:\\\/\\\/www.laguiadepamplona.com\\\/actualidad\\\/herliebe-arteari-eta-botereari-buruz-zortzi-artistek-egindako-gogoeta-koordinatua-ikusgai-armen-aretoan-abuztuaren-23ra-arte\\\/#article\",\"isPartOf\":{\"@id\":\"https:\\\/\\\/www.laguiadepamplona.com\\\/actualidad\\\/herliebe-arteari-eta-botereari-buruz-zortzi-artistek-egindako-gogoeta-koordinatua-ikusgai-armen-aretoan-abuztuaren-23ra-arte\\\/\"},\"author\":{\"name\":\"La Gu\u00eda de Pamplona\",\"@id\":\"https:\\\/\\\/www.laguiadepamplona.com\\\/actualidad\\\/#\\\/schema\\\/person\\\/efe887376f0213d4657c93adc50b1fdb\"},\"headline\":\"Herliebe: arteari eta botereari buruz zortzi artistek egindako gogoeta koordinatua ikusgai Armen aretoan, abuztuaren 23ra arte.\",\"datePublished\":\"2015-07-22T11:38:07+00:00\",\"mainEntityOfPage\":{\"@id\":\"https:\\\/\\\/www.laguiadepamplona.com\\\/actualidad\\\/herliebe-arteari-eta-botereari-buruz-zortzi-artistek-egindako-gogoeta-koordinatua-ikusgai-armen-aretoan-abuztuaren-23ra-arte\\\/\"},\"wordCount\":911,\"publisher\":{\"@id\":\"https:\\\/\\\/www.laguiadepamplona.com\\\/actualidad\\\/#organization\"},\"image\":{\"@id\":\"https:\\\/\\\/www.laguiadepamplona.com\\\/actualidad\\\/herliebe-arteari-eta-botereari-buruz-zortzi-artistek-egindako-gogoeta-koordinatua-ikusgai-armen-aretoan-abuztuaren-23ra-arte\\\/#primaryimage\"},\"thumbnailUrl\":\"\",\"articleSection\":[\"Ayto Pamplona\"],\"inLanguage\":\"es\"},{\"@type\":\"WebPage\",\"@id\":\"https:\\\/\\\/www.laguiadepamplona.com\\\/actualidad\\\/herliebe-arteari-eta-botereari-buruz-zortzi-artistek-egindako-gogoeta-koordinatua-ikusgai-armen-aretoan-abuztuaren-23ra-arte\\\/\",\"url\":\"https:\\\/\\\/www.laguiadepamplona.com\\\/actualidad\\\/herliebe-arteari-eta-botereari-buruz-zortzi-artistek-egindako-gogoeta-koordinatua-ikusgai-armen-aretoan-abuztuaren-23ra-arte\\\/\",\"name\":\"Herliebe: arteari eta botereari buruz zortzi artistek egindako gogoeta koordinatua ikusgai Armen aretoan, abuztuaren 23ra arte.\",\"isPartOf\":{\"@id\":\"https:\\\/\\\/www.laguiadepamplona.com\\\/actualidad\\\/#website\"},\"primaryImageOfPage\":{\"@id\":\"https:\\\/\\\/www.laguiadepamplona.com\\\/actualidad\\\/herliebe-arteari-eta-botereari-buruz-zortzi-artistek-egindako-gogoeta-koordinatua-ikusgai-armen-aretoan-abuztuaren-23ra-arte\\\/#primaryimage\"},\"image\":{\"@id\":\"https:\\\/\\\/www.laguiadepamplona.com\\\/actualidad\\\/herliebe-arteari-eta-botereari-buruz-zortzi-artistek-egindako-gogoeta-koordinatua-ikusgai-armen-aretoan-abuztuaren-23ra-arte\\\/#primaryimage\"},\"thumbnailUrl\":\"\",\"datePublished\":\"2015-07-22T11:38:07+00:00\",\"breadcrumb\":{\"@id\":\"https:\\\/\\\/www.laguiadepamplona.com\\\/actualidad\\\/herliebe-arteari-eta-botereari-buruz-zortzi-artistek-egindako-gogoeta-koordinatua-ikusgai-armen-aretoan-abuztuaren-23ra-arte\\\/#breadcrumb\"},\"inLanguage\":\"es\",\"potentialAction\":[{\"@type\":\"ReadAction\",\"target\":[\"https:\\\/\\\/www.laguiadepamplona.com\\\/actualidad\\\/herliebe-arteari-eta-botereari-buruz-zortzi-artistek-egindako-gogoeta-koordinatua-ikusgai-armen-aretoan-abuztuaren-23ra-arte\\\/\"]}]},{\"@type\":\"ImageObject\",\"inLanguage\":\"es\",\"@id\":\"https:\\\/\\\/www.laguiadepamplona.com\\\/actualidad\\\/herliebe-arteari-eta-botereari-buruz-zortzi-artistek-egindako-gogoeta-koordinatua-ikusgai-armen-aretoan-abuztuaren-23ra-arte\\\/#primaryimage\",\"url\":\"\",\"contentUrl\":\"\"},{\"@type\":\"BreadcrumbList\",\"@id\":\"https:\\\/\\\/www.laguiadepamplona.com\\\/actualidad\\\/herliebe-arteari-eta-botereari-buruz-zortzi-artistek-egindako-gogoeta-koordinatua-ikusgai-armen-aretoan-abuztuaren-23ra-arte\\\/#breadcrumb\",\"itemListElement\":[{\"@type\":\"ListItem\",\"position\":1,\"name\":\"Portada\",\"item\":\"https:\\\/\\\/www.laguiadepamplona.com\\\/actualidad\\\/\"},{\"@type\":\"ListItem\",\"position\":2,\"name\":\"Herliebe: arteari eta botereari buruz zortzi artistek egindako gogoeta koordinatua ikusgai Armen aretoan, abuztuaren 23ra arte.\"}]},{\"@type\":\"WebSite\",\"@id\":\"https:\\\/\\\/www.laguiadepamplona.com\\\/actualidad\\\/#website\",\"url\":\"https:\\\/\\\/www.laguiadepamplona.com\\\/actualidad\\\/\",\"name\":\"La gu\u00eda de Pamplona\",\"description\":\"Noticias de Pamplona\",\"publisher\":{\"@id\":\"https:\\\/\\\/www.laguiadepamplona.com\\\/actualidad\\\/#organization\"},\"potentialAction\":[{\"@type\":\"SearchAction\",\"target\":{\"@type\":\"EntryPoint\",\"urlTemplate\":\"https:\\\/\\\/www.laguiadepamplona.com\\\/actualidad\\\/?s={search_term_string}\"},\"query-input\":{\"@type\":\"PropertyValueSpecification\",\"valueRequired\":true,\"valueName\":\"search_term_string\"}}],\"inLanguage\":\"es\"},{\"@type\":\"Organization\",\"@id\":\"https:\\\/\\\/www.laguiadepamplona.com\\\/actualidad\\\/#organization\",\"name\":\"La Gu\u00eda de Pamplona \\\/ Noticias\",\"url\":\"https:\\\/\\\/www.laguiadepamplona.com\\\/actualidad\\\/\",\"logo\":{\"@type\":\"ImageObject\",\"inLanguage\":\"es\",\"@id\":\"https:\\\/\\\/www.laguiadepamplona.com\\\/actualidad\\\/#\\\/schema\\\/logo\\\/image\\\/\",\"url\":\"https:\\\/\\\/www.laguiadepamplona.com\\\/actualidad\\\/wp-content\\\/uploads\\\/2018\\\/11\\\/logo-laguiadepamplona18-web1.png\",\"contentUrl\":\"https:\\\/\\\/www.laguiadepamplona.com\\\/actualidad\\\/wp-content\\\/uploads\\\/2018\\\/11\\\/logo-laguiadepamplona18-web1.png\",\"width\":600,\"height\":196,\"caption\":\"La Gu\u00eda de Pamplona \\\/ Noticias\"},\"image\":{\"@id\":\"https:\\\/\\\/www.laguiadepamplona.com\\\/actualidad\\\/#\\\/schema\\\/logo\\\/image\\\/\"},\"sameAs\":[\"https:\\\/\\\/www.facebook.com\\\/laguiadepamplonacom-133175176762273\\\/?ref=hl\",\"https:\\\/\\\/x.com\\\/LaGuiadPamplona\",\"https:\\\/\\\/www.instagram.com\\\/la_guia_de_pamplona\\\/\",\"https:\\\/\\\/www.youtube.com\\\/user\\\/laguiadepamplona\"]},{\"@type\":\"Person\",\"@id\":\"https:\\\/\\\/www.laguiadepamplona.com\\\/actualidad\\\/#\\\/schema\\\/person\\\/efe887376f0213d4657c93adc50b1fdb\",\"name\":\"La Gu\u00eda de Pamplona\",\"image\":{\"@type\":\"ImageObject\",\"inLanguage\":\"es\",\"@id\":\"https:\\\/\\\/secure.gravatar.com\\\/avatar\\\/b6992f131dc8d30ab0dff15446e9d346d9dbd95992de0fef795073f5ea83a81c?s=96&d=mm&r=g\",\"url\":\"https:\\\/\\\/secure.gravatar.com\\\/avatar\\\/b6992f131dc8d30ab0dff15446e9d346d9dbd95992de0fef795073f5ea83a81c?s=96&d=mm&r=g\",\"contentUrl\":\"https:\\\/\\\/secure.gravatar.com\\\/avatar\\\/b6992f131dc8d30ab0dff15446e9d346d9dbd95992de0fef795073f5ea83a81c?s=96&d=mm&r=g\",\"caption\":\"La Gu\u00eda de Pamplona\"}}]}<\/script>\n<!-- \/ Yoast SEO plugin. -->","yoast_head_json":{"title":"Herliebe: arteari eta botereari buruz zortzi artistek egindako gogoeta koordinatua ikusgai Armen aretoan, abuztuaren 23ra arte.","robots":{"index":"index","follow":"follow","max-snippet":"max-snippet:-1","max-image-preview":"max-image-preview:large","max-video-preview":"max-video-preview:-1"},"canonical":"https:\/\/www.laguiadepamplona.com\/actualidad\/herliebe-arteari-eta-botereari-buruz-zortzi-artistek-egindako-gogoeta-koordinatua-ikusgai-armen-aretoan-abuztuaren-23ra-arte\/","og_locale":"es_ES","og_type":"article","og_title":"Herliebe: arteari eta botereari buruz zortzi artistek egindako gogoeta koordinatua ikusgai Armen aretoan, abuztuaren 23ra arte.","og_description":"Erakusketa EHUko Arte Ederretako Fakultatea 2012az geroztik garatzen ari den Politiko-Poetiko proiektuaren 4. edizioaren parte da. Politika eta artea elkarri eragiten dioten arloak dira, esperimentazio sozial eta komunikatiboari estu lotuak....","og_url":"https:\/\/www.laguiadepamplona.com\/actualidad\/herliebe-arteari-eta-botereari-buruz-zortzi-artistek-egindako-gogoeta-koordinatua-ikusgai-armen-aretoan-abuztuaren-23ra-arte\/","og_site_name":"La Gu\u00eda de Pamplona","article_publisher":"https:\/\/www.facebook.com\/laguiadepamplonacom-133175176762273\/?ref=hl","article_published_time":"2015-07-22T11:38:07+00:00","author":"La Gu\u00eda de Pamplona","twitter_card":"summary_large_image","twitter_creator":"@LaGuiadPamplona","twitter_site":"@LaGuiadPamplona","twitter_misc":{"Escrito por":"La Gu\u00eda de Pamplona","Tiempo de lectura":"4 minutos"},"schema":{"@context":"https:\/\/schema.org","@graph":[{"@type":"Article","@id":"https:\/\/www.laguiadepamplona.com\/actualidad\/herliebe-arteari-eta-botereari-buruz-zortzi-artistek-egindako-gogoeta-koordinatua-ikusgai-armen-aretoan-abuztuaren-23ra-arte\/#article","isPartOf":{"@id":"https:\/\/www.laguiadepamplona.com\/actualidad\/herliebe-arteari-eta-botereari-buruz-zortzi-artistek-egindako-gogoeta-koordinatua-ikusgai-armen-aretoan-abuztuaren-23ra-arte\/"},"author":{"name":"La Gu\u00eda de Pamplona","@id":"https:\/\/www.laguiadepamplona.com\/actualidad\/#\/schema\/person\/efe887376f0213d4657c93adc50b1fdb"},"headline":"Herliebe: arteari eta botereari buruz zortzi artistek egindako gogoeta koordinatua ikusgai Armen aretoan, abuztuaren 23ra arte.","datePublished":"2015-07-22T11:38:07+00:00","mainEntityOfPage":{"@id":"https:\/\/www.laguiadepamplona.com\/actualidad\/herliebe-arteari-eta-botereari-buruz-zortzi-artistek-egindako-gogoeta-koordinatua-ikusgai-armen-aretoan-abuztuaren-23ra-arte\/"},"wordCount":911,"publisher":{"@id":"https:\/\/www.laguiadepamplona.com\/actualidad\/#organization"},"image":{"@id":"https:\/\/www.laguiadepamplona.com\/actualidad\/herliebe-arteari-eta-botereari-buruz-zortzi-artistek-egindako-gogoeta-koordinatua-ikusgai-armen-aretoan-abuztuaren-23ra-arte\/#primaryimage"},"thumbnailUrl":"","articleSection":["Ayto Pamplona"],"inLanguage":"es"},{"@type":"WebPage","@id":"https:\/\/www.laguiadepamplona.com\/actualidad\/herliebe-arteari-eta-botereari-buruz-zortzi-artistek-egindako-gogoeta-koordinatua-ikusgai-armen-aretoan-abuztuaren-23ra-arte\/","url":"https:\/\/www.laguiadepamplona.com\/actualidad\/herliebe-arteari-eta-botereari-buruz-zortzi-artistek-egindako-gogoeta-koordinatua-ikusgai-armen-aretoan-abuztuaren-23ra-arte\/","name":"Herliebe: arteari eta botereari buruz zortzi artistek egindako gogoeta koordinatua ikusgai Armen aretoan, abuztuaren 23ra arte.","isPartOf":{"@id":"https:\/\/www.laguiadepamplona.com\/actualidad\/#website"},"primaryImageOfPage":{"@id":"https:\/\/www.laguiadepamplona.com\/actualidad\/herliebe-arteari-eta-botereari-buruz-zortzi-artistek-egindako-gogoeta-koordinatua-ikusgai-armen-aretoan-abuztuaren-23ra-arte\/#primaryimage"},"image":{"@id":"https:\/\/www.laguiadepamplona.com\/actualidad\/herliebe-arteari-eta-botereari-buruz-zortzi-artistek-egindako-gogoeta-koordinatua-ikusgai-armen-aretoan-abuztuaren-23ra-arte\/#primaryimage"},"thumbnailUrl":"","datePublished":"2015-07-22T11:38:07+00:00","breadcrumb":{"@id":"https:\/\/www.laguiadepamplona.com\/actualidad\/herliebe-arteari-eta-botereari-buruz-zortzi-artistek-egindako-gogoeta-koordinatua-ikusgai-armen-aretoan-abuztuaren-23ra-arte\/#breadcrumb"},"inLanguage":"es","potentialAction":[{"@type":"ReadAction","target":["https:\/\/www.laguiadepamplona.com\/actualidad\/herliebe-arteari-eta-botereari-buruz-zortzi-artistek-egindako-gogoeta-koordinatua-ikusgai-armen-aretoan-abuztuaren-23ra-arte\/"]}]},{"@type":"ImageObject","inLanguage":"es","@id":"https:\/\/www.laguiadepamplona.com\/actualidad\/herliebe-arteari-eta-botereari-buruz-zortzi-artistek-egindako-gogoeta-koordinatua-ikusgai-armen-aretoan-abuztuaren-23ra-arte\/#primaryimage","url":"","contentUrl":""},{"@type":"BreadcrumbList","@id":"https:\/\/www.laguiadepamplona.com\/actualidad\/herliebe-arteari-eta-botereari-buruz-zortzi-artistek-egindako-gogoeta-koordinatua-ikusgai-armen-aretoan-abuztuaren-23ra-arte\/#breadcrumb","itemListElement":[{"@type":"ListItem","position":1,"name":"Portada","item":"https:\/\/www.laguiadepamplona.com\/actualidad\/"},{"@type":"ListItem","position":2,"name":"Herliebe: arteari eta botereari buruz zortzi artistek egindako gogoeta koordinatua ikusgai Armen aretoan, abuztuaren 23ra arte."}]},{"@type":"WebSite","@id":"https:\/\/www.laguiadepamplona.com\/actualidad\/#website","url":"https:\/\/www.laguiadepamplona.com\/actualidad\/","name":"La gu\u00eda de Pamplona","description":"Noticias de Pamplona","publisher":{"@id":"https:\/\/www.laguiadepamplona.com\/actualidad\/#organization"},"potentialAction":[{"@type":"SearchAction","target":{"@type":"EntryPoint","urlTemplate":"https:\/\/www.laguiadepamplona.com\/actualidad\/?s={search_term_string}"},"query-input":{"@type":"PropertyValueSpecification","valueRequired":true,"valueName":"search_term_string"}}],"inLanguage":"es"},{"@type":"Organization","@id":"https:\/\/www.laguiadepamplona.com\/actualidad\/#organization","name":"La Gu\u00eda de Pamplona \/ Noticias","url":"https:\/\/www.laguiadepamplona.com\/actualidad\/","logo":{"@type":"ImageObject","inLanguage":"es","@id":"https:\/\/www.laguiadepamplona.com\/actualidad\/#\/schema\/logo\/image\/","url":"https:\/\/www.laguiadepamplona.com\/actualidad\/wp-content\/uploads\/2018\/11\/logo-laguiadepamplona18-web1.png","contentUrl":"https:\/\/www.laguiadepamplona.com\/actualidad\/wp-content\/uploads\/2018\/11\/logo-laguiadepamplona18-web1.png","width":600,"height":196,"caption":"La Gu\u00eda de Pamplona \/ Noticias"},"image":{"@id":"https:\/\/www.laguiadepamplona.com\/actualidad\/#\/schema\/logo\/image\/"},"sameAs":["https:\/\/www.facebook.com\/laguiadepamplonacom-133175176762273\/?ref=hl","https:\/\/x.com\/LaGuiadPamplona","https:\/\/www.instagram.com\/la_guia_de_pamplona\/","https:\/\/www.youtube.com\/user\/laguiadepamplona"]},{"@type":"Person","@id":"https:\/\/www.laguiadepamplona.com\/actualidad\/#\/schema\/person\/efe887376f0213d4657c93adc50b1fdb","name":"La Gu\u00eda de Pamplona","image":{"@type":"ImageObject","inLanguage":"es","@id":"https:\/\/secure.gravatar.com\/avatar\/b6992f131dc8d30ab0dff15446e9d346d9dbd95992de0fef795073f5ea83a81c?s=96&d=mm&r=g","url":"https:\/\/secure.gravatar.com\/avatar\/b6992f131dc8d30ab0dff15446e9d346d9dbd95992de0fef795073f5ea83a81c?s=96&d=mm&r=g","contentUrl":"https:\/\/secure.gravatar.com\/avatar\/b6992f131dc8d30ab0dff15446e9d346d9dbd95992de0fef795073f5ea83a81c?s=96&d=mm&r=g","caption":"La Gu\u00eda de Pamplona"}}]}},"post_mailing_queue_ids":[],"_links":{"self":[{"href":"https:\/\/www.laguiadepamplona.com\/actualidad\/wp-json\/wp\/v2\/posts\/6566","targetHints":{"allow":["GET"]}}],"collection":[{"href":"https:\/\/www.laguiadepamplona.com\/actualidad\/wp-json\/wp\/v2\/posts"}],"about":[{"href":"https:\/\/www.laguiadepamplona.com\/actualidad\/wp-json\/wp\/v2\/types\/post"}],"author":[{"embeddable":true,"href":"https:\/\/www.laguiadepamplona.com\/actualidad\/wp-json\/wp\/v2\/users\/1"}],"replies":[{"embeddable":true,"href":"https:\/\/www.laguiadepamplona.com\/actualidad\/wp-json\/wp\/v2\/comments?post=6566"}],"version-history":[{"count":0,"href":"https:\/\/www.laguiadepamplona.com\/actualidad\/wp-json\/wp\/v2\/posts\/6566\/revisions"}],"wp:featuredmedia":[{"embeddable":true,"href":"https:\/\/www.laguiadepamplona.com\/actualidad\/wp-json\/"}],"wp:attachment":[{"href":"https:\/\/www.laguiadepamplona.com\/actualidad\/wp-json\/wp\/v2\/media?parent=6566"}],"wp:term":[{"taxonomy":"category","embeddable":true,"href":"https:\/\/www.laguiadepamplona.com\/actualidad\/wp-json\/wp\/v2\/categories?post=6566"},{"taxonomy":"post_tag","embeddable":true,"href":"https:\/\/www.laguiadepamplona.com\/actualidad\/wp-json\/wp\/v2\/tags?post=6566"}],"curies":[{"name":"wp","href":"https:\/\/api.w.org\/{rel}","templated":true}]}}