{"id":6563,"date":"2015-07-22T13:37:25","date_gmt":"2015-07-22T11:37:25","guid":{"rendered":"http:\/\/laguiadepamplona.com\/actualidad\/?p=6563"},"modified":"2015-07-22T13:37:25","modified_gmt":"2015-07-22T11:37:25","slug":"ocho-autores-crean-de-forma-coordinada-una-reflexion-sobre-el-arte-y-el-poder-en-herliebe-la-muestra-que-se-podra-ver-en-la-sala-de-armas-hasta-el-23-de-agosto","status":"publish","type":"post","link":"https:\/\/www.laguiadepamplona.com\/actualidad\/ocho-autores-crean-de-forma-coordinada-una-reflexion-sobre-el-arte-y-el-poder-en-herliebe-la-muestra-que-se-podra-ver-en-la-sala-de-armas-hasta-el-23-de-agosto\/","title":{"rendered":"Ocho autores crean de forma coordinada una reflexi\u00f3n sobre el arte y el poder en Herliebe, la muestra que se podr\u00e1 ver en la sala de Armas hasta el 23 de agosto"},"content":{"rendered":"<h4 class=\"western\" lang=\"es-ES\"><span lang=\"es-ES\">La exposici\u00f3n es parte de la cuarta<\/span> edici\u00f3n del proyecto \u2018Pol\u00edtico-Po\u00e9tico\u2019 que desde 2012 desarrolla la Facultad de Bellas Artes de la UPV<\/h4>\n<p lang=\"es-ES\"><span style=\"font-family: Arial, sans-serif;\"><span lang=\"es-ES\"><a href=\"http:\/\/laguiadepamplona.com\/actualidad\/wp-content\/uploads\/2015\/07\/herliebe_portada_png.png\"><img loading=\"lazy\" decoding=\"async\" class=\"alignleft size-medium wp-image-6564\" src=\"http:\/\/laguiadepamplona.com\/actualidad\/wp-content\/uploads\/2015\/07\/herliebe_portada_png-300x300.png\" alt=\"herliebe_portada_png\" width=\"300\" height=\"300\" \/><\/a>La pol\u00edtica y el arte son campos interrelacionados y muy vinculados a la experimentaci\u00f3n social y comunicativa. El Ayuntamiento de Pamplona propone hasta el 23 de agosto una revisi\u00f3n a estos conceptos de la mano de la muestra Herliebe, que es la plasmaci\u00f3n de la cuarta edici\u00f3n del proyecto \u2018<\/span>Pol\u00edtico-Po\u00e9tico\u2019, un espacio<span lang=\"es-ES\"> de debate art\u00edstico en el que un grupo de artistas viene trabajando desde 2012, a partir de una idea original de la Facultad de Bellas Artes de la Universidad del Pa\u00eds Vasco (UPV).<\/span><\/span><\/p>\n<p lang=\"es-ES\"><span style=\"font-family: Arial, sans-serif;\"><span lang=\"es-ES\">Con esta base te\u00f3rica, <\/span>la condici\u00f3n pol\u00edtica y po\u00e9tica de la obra de arte,<span lang=\"es-ES\"> un conjunto de ocho artistas<\/span> han desarrollado a lo largo del a\u00f1o un proceso de trabajo conjunto bajo el inter\u00e9s com\u00fan de construir una entidad expositiva que vaya m\u00e1s all\u00e1 de la muestra de las obras particulares, atendiendo a las relaciones que se establecen entre las distintas propuestas.<\/span><\/p>\n<p lang=\"es-ES\"><span style=\"font-family: Arial, sans-serif;\">Esta ma\u00f1ana la concejala delegada de Educaci\u00f3n y Cultura, Maider Beloki, junto con una parte de los autores entre los que se contaba la artista estellesa y coordinadora de la muestra, Amaia Molinet, han presentado la exposici\u00f3n en la primera planta de la Sala de Armas de la Ciudadela que incluye obras de Edurne Gonz\u00e1lez Ib\u00e1\u00f1ez, Julen Alberdi, Amaia Molinet, Damaris Pan, Claudia Lorenzo, David Pavo, Sandra Alcal\u00e1 Senosiain y Camilo Torres Zorrilla. El cat\u00e1logo ha contado, adem\u00e1s, con la colaboraci\u00f3n de la escritora Haizea Barcenilla.<\/span><\/p>\n<p lang=\"es-ES\"><a name=\"OLE_LINK3\"><\/a> <span style=\"font-family: Arial, sans-serif;\">La muestra se abrir\u00e1 el pr\u00f3ximo viernes 24 junto al resto de salas de la Ciudadela. Una instalaci\u00f3n que alberga 2.167 m<sup>2<\/sup> de espacios expositivos construidos, adem\u00e1s de las praderas que los comunican y que es la mayor sala de exposiciones de la ciudad. Los horarios de esta muestra, as\u00ed como de las que ir\u00e1n abriendo en los pr\u00f3ximos d\u00edas ser\u00e1n de martes a viernes de 18.30 a 21 horas. Los fines de semana el horario ser\u00e1 s\u00e1bado de 12 a 14 y de 18.30 a 21 horas, y domingos y festivos por la ma\u00f1ana (12 a 14 horas). Lunes cerrado.<\/span><\/p>\n<p lang=\"es-ES\"><span style=\"font-family: Arial, sans-serif;\">Tras recalar en la Ciudadela de Pamplona, Herliebe podr\u00e1 verse en versi\u00f3n reducida en la Fundaci\u00f3n BilbaoArte a finales de verano, entre los d\u00edas 16 de septiembre y 2 de octubre. Las anteriores ediciones de esta reflexi\u00f3n art\u00edstica y conceptual se han expuesto en Sala Araba (Vitoria-Gasteiz), Sala Torrene de Algorta (Getxo), Museo de Arte e Historia (Durango) y Galer\u00eda Arteztu (Donostia-San Sebasti\u00e1n).<\/span><\/p>\n<h4 class=\"apoyo-de-datos-western\">Artistas y obras de Herliebe<\/h4>\n<p><span style=\"font-family: Arial, sans-serif;\"><b>E<\/b><span lang=\"\"><b>durne Gonz\u00e1lez Ib\u00e1\u00f1ez (Sestao, 1980)<\/b><\/span><\/span><\/p>\n<ul>\n<li>\n<p lang=\"\"><span style=\"font-family: Arial, sans-serif;\">Su propuesta desata y pone en tensi\u00f3n cuestiones que permiten reflexionar sobre aspectos vinculados a la construcci\u00f3n cultural en los que se cimientan los modos de abordar diversos aspectos del territorio, la identidad y la realidad contempor\u00e1nea. La metodolog\u00eda desde la que opera consiste en una b\u00fasqueda constante de elementos que habitualmente pasan desapercibidos, pero que al extraerlos de su contexto y ser reinterpretados, permiten un reconocimiento de ciertas estructuras a partir de las que cuestionar el marco al que se circunscriben. A partir de estrategias vinculadas a los mecanismos propios de los medios audiovisuales y la experimentaci\u00f3n con los mismos, genera propuestas que requieren del espectador un cuestionamiento de su propia vivencia, propiciando puntos de contacto entre diversas perspectivas.<\/span><\/p>\n<p lang=\"\"><span style=\"font-family: Arial, sans-serif;\"><b>Julen Alberdi (Pamplona, 1991)<\/b><\/span><\/p>\n<\/li>\n<li>\n<p lang=\"\"><span style=\"font-family: Arial, sans-serif;\">La creencia de que durante de la Edad Media la Tierra se consideraba plana y no redonda es un mito que fue extendido a partir del s.XIX por ciertas confabulaciones hist\u00f3ricas, emitidas por algunos escritores envueltos en la confrontaci\u00f3n entre ciencia e iglesia en torno al evolucionismo. Este malentendido intencionado se favorec\u00eda de las primeras representaciones cartogr\u00e1ficas del planeta, que geom\u00e9tricamente resultan confusas debido a la bidimensionalidad, a la tendencia al simbolismo y la planitud. Atributos del modo de hacer propio de estos tiempos, que a menudo la creencia popular tambi\u00e9n confunde con la torpeza t\u00e9cnica y falta de destreza, ignorando la intencionalidad significa inherente a \u00e9sta. A su vez, este hecho permite extender el dato err\u00f3neo de la representaci\u00f3n de la tridimensionalidad como un logro y una proeza t\u00e9cnica reconocida al renacimiento, mientras que hist\u00f3ricamente se ven\u00eda dando desde la Antig\u00fcedad. Estas puyas hist\u00f3ricas, estos malentendidos, bulos que juegan con la temporalidad, roturas t\u00e9cnicas.<\/span><\/p>\n<p lang=\"\"><span style=\"font-family: Arial, sans-serif;\"><b>Amaia Molinet (Estella-Lizarra, 1988)<\/b><\/span><\/p>\n<\/li>\n<li>\n<p lang=\"\"><span style=\"font-family: Arial, sans-serif;\">Proyecto llevado a cabo a orillas del r\u00edo Ebro a su paso por Sartaguda y Lodosa en el que la autora pretende expandir la naturaleza fotogr\u00e1fica de su trabajo habitual hacia el \u00e1mbito de lo arquitect\u00f3nico, mediante una experimentaci\u00f3n en la construcci\u00f3n de soportes no tradicionales en fotograf\u00eda que a su vez buscan relacionarse con el espacio expositivo.<\/span><\/p>\n<p lang=\"\"><span style=\"font-family: Arial, sans-serif;\"><b>Damaris Pan (Mallabia, 1983)<\/b><\/span><\/p>\n<\/li>\n<li>\u201c<span style=\"font-family: Arial, sans-serif;\"><span lang=\"\"><i>Fijar el azar del encuentro bajo la forma de un comienzo<\/i><\/span><span lang=\"\">, lo dec\u00eda Alain Badiou a prop\u00f3sito del amor, pero bien sirve para decir pintura. Mi modo de proceder en la pr\u00e1ctica art\u00edstica se basa en cierta acumulaci\u00f3n de elementos desordenados, que estructuro con diversos giros y cambios, resolviendo con diferentes formas cada vez y a veces como nada.\u201d<\/span><\/span>\n<p lang=\"\"><span style=\"font-family: Arial, sans-serif;\"><b>Claudia Lorenzo (Logro\u00f1o, 1988)<\/b><\/span><\/p>\n<\/li>\n<li>\n<p lang=\"\"><span style=\"font-family: Arial, sans-serif;\">El video villaortru\u00f1o_primavera surge por impulso de volver a un paisaje. El video est\u00e1 grabado en una casa ocupada que se encuentra en Logro\u00f1o (La Rioja), al lado del parque de los enamorados. Es un paisaje que es un resto, resto como l\u00edmite entre lo que es ciudad y lo que es naturaleza. Hay restos de ciudad y restos de naturaleza, no es una cosa ni es otra pero es ella misma. Desde su cotidianeidad. Volver en forma de viaje. De estar en ese espacio y grabar.<\/span><\/p>\n<p lang=\"\"><span style=\"font-family: Arial, sans-serif;\"><b>David Pavo (Ermua, 1987)<\/b><\/span><\/p>\n<\/li>\n<li>\n<p lang=\"\"><span style=\"font-family: Arial, sans-serif;\">El conjunto escult\u00f3rico presentado fue realizado durante una beca de creaci\u00f3n en Okela Sormen Lantegia (Bilbao), donde las obras se iban construyendo sobre el terreno durante el tiempo de exposici\u00f3n. El prop\u00f3sito principal resid\u00eda en resolver pl\u00e1stica y est\u00e9ticamente las construcciones, con unos materiales sencillos premeditados. La deriva de un proceso guiado por el descubrimiento de lo no sabido, comenzaba en una figuraci\u00f3n que progresivamente iba adentr\u00e1ndose en la abstracci\u00f3n. El proceso concluy\u00f3 de manera natural cuando se agot\u00f3 el descubrimiento que mov\u00eda al escultor y el producto entraba en una etapa de manierismo.<\/span><\/p>\n<p lang=\"\"><span style=\"font-family: Arial, sans-serif;\"><b>Sandra Alcal\u00e1 Senosiain (Pamplona-Iru\u00f1a, 1985)<\/b><\/span><\/p>\n<\/li>\n<li>\n<p lang=\"\"><span style=\"font-family: Arial, sans-serif;\">\u00ab1-195 bandera-S trata sobre el papel que tienen las banderas en nuestras vidas. A la vez que nos unen, nos dividen\u201d. Se trata de una video-performance donde se pueden ver 195 banderas con sus s\u00edmbolos, colores&#8230; unas unidas a otras. Conforme avanza la proyecci\u00f3n, est\u00e1s van perdiendo sus formas, significados, connotaciones&#8230; para finalmente convertirse en una gran bandera blanca vac\u00eda de todos esos significados, pero que a su vez, crean otros nuevos. El v\u00eddeo queda proyectado sobre la propia tela deste\u00f1ida.<\/span><\/p>\n<p lang=\"\"><span style=\"font-family: Arial, sans-serif;\"><b>Camilo Torres Zorrilla (Santiago de Chile, 1971)<\/b><\/span><\/p>\n<\/li>\n<li><span style=\"font-family: Arial, sans-serif;\"><span lang=\"\">Desarrolla su pr\u00e1ctica art\u00edstica como un mecanismo de producci\u00f3n que apunta a materializar reflexiones e ideas que elaboran un discurso cr\u00edtico, mediante intervenciones espec\u00edficas para determinados lugares. En sus propuestas, plantea <\/span><span lang=\"\"><i>lo pol\u00edtico <\/i><\/span><span lang=\"\">como una acci\u00f3n del presente que permite vincular los procesos de transformaci\u00f3n de la sociedad con los del propio entorno. A trav\u00e9s de instalaciones multidisciplinares se interpela al espectador a re-pensar su contexto, as\u00ed como las circunstancias sociales, pol\u00edticas y culturales que determinan las condiciones de vida de los sujetos.<\/span><\/span><\/li>\n<\/ul>\n<p lang=\"es-ES\">\n","protected":false},"excerpt":{"rendered":"<p>La exposici\u00f3n es parte de la cuarta edici\u00f3n del proyecto \u2018Pol\u00edtico-Po\u00e9tico\u2019 que desde 2012 desarrolla la Facultad de Bellas Artes de la UPV La pol\u00edtica y el arte son campos&#8230;<\/p>\n","protected":false},"author":1,"featured_media":6564,"comment_status":"closed","ping_status":"closed","sticky":false,"template":"","format":"standard","meta":{"footnotes":""},"categories":[2],"tags":[5,5895,1304,6,509,5896,1011,8,9,3247,706],"class_list":["post-6563","post","type-post","status-publish","format-standard","has-post-thumbnail","hentry","category-ayuntamiento-pamplona","tag-actualidad","tag-arte-y-poder","tag-autores","tag-ayto-pamplona","tag-ayuntamiento-de-pamplona","tag-herliebe","tag-muestra","tag-noticias","tag-pamplona","tag-reflexion","tag-sala-de-armas"],"yoast_head":"<!-- This site is optimized with the Yoast SEO plugin v27.5 - https:\/\/yoast.com\/product\/yoast-seo-wordpress\/ -->\n<title>Ocho autores crean de forma coordinada una reflexi\u00f3n sobre el arte y el poder en Herliebe, la muestra que se podr\u00e1 ver en la sala de Armas hasta el 23 de agosto<\/title>\n<meta name=\"robots\" content=\"index, follow, max-snippet:-1, max-image-preview:large, max-video-preview:-1\" \/>\n<link rel=\"canonical\" href=\"https:\/\/www.laguiadepamplona.com\/actualidad\/ocho-autores-crean-de-forma-coordinada-una-reflexion-sobre-el-arte-y-el-poder-en-herliebe-la-muestra-que-se-podra-ver-en-la-sala-de-armas-hasta-el-23-de-agosto\/\" \/>\n<meta property=\"og:locale\" content=\"es_ES\" \/>\n<meta property=\"og:type\" content=\"article\" \/>\n<meta property=\"og:title\" content=\"Ocho autores crean de forma coordinada una reflexi\u00f3n sobre el arte y el poder en Herliebe, la muestra que se podr\u00e1 ver en la sala de Armas hasta el 23 de agosto\" \/>\n<meta property=\"og:description\" content=\"La exposici\u00f3n es parte de la cuarta edici\u00f3n del proyecto \u2018Pol\u00edtico-Po\u00e9tico\u2019 que desde 2012 desarrolla la Facultad de Bellas Artes de la UPV La pol\u00edtica y el arte son campos...\" \/>\n<meta property=\"og:url\" content=\"https:\/\/www.laguiadepamplona.com\/actualidad\/ocho-autores-crean-de-forma-coordinada-una-reflexion-sobre-el-arte-y-el-poder-en-herliebe-la-muestra-que-se-podra-ver-en-la-sala-de-armas-hasta-el-23-de-agosto\/\" \/>\n<meta property=\"og:site_name\" content=\"La Gu\u00eda de Pamplona\" \/>\n<meta property=\"article:publisher\" content=\"https:\/\/www.facebook.com\/laguiadepamplonacom-133175176762273\/?ref=hl\" \/>\n<meta property=\"article:published_time\" content=\"2015-07-22T11:37:25+00:00\" \/>\n<meta name=\"author\" content=\"La Gu\u00eda de Pamplona\" \/>\n<meta name=\"twitter:card\" content=\"summary_large_image\" \/>\n<meta name=\"twitter:creator\" content=\"@LaGuiadPamplona\" \/>\n<meta name=\"twitter:site\" content=\"@LaGuiadPamplona\" \/>\n<meta name=\"twitter:label1\" content=\"Escrito por\" \/>\n\t<meta name=\"twitter:data1\" content=\"La Gu\u00eda de Pamplona\" \/>\n\t<meta name=\"twitter:label2\" content=\"Tiempo de lectura\" \/>\n\t<meta name=\"twitter:data2\" content=\"6 minutos\" \/>\n<script type=\"application\/ld+json\" class=\"yoast-schema-graph\">{\"@context\":\"https:\\\/\\\/schema.org\",\"@graph\":[{\"@type\":\"Article\",\"@id\":\"https:\\\/\\\/www.laguiadepamplona.com\\\/actualidad\\\/ocho-autores-crean-de-forma-coordinada-una-reflexion-sobre-el-arte-y-el-poder-en-herliebe-la-muestra-que-se-podra-ver-en-la-sala-de-armas-hasta-el-23-de-agosto\\\/#article\",\"isPartOf\":{\"@id\":\"https:\\\/\\\/www.laguiadepamplona.com\\\/actualidad\\\/ocho-autores-crean-de-forma-coordinada-una-reflexion-sobre-el-arte-y-el-poder-en-herliebe-la-muestra-que-se-podra-ver-en-la-sala-de-armas-hasta-el-23-de-agosto\\\/\"},\"author\":{\"name\":\"La Gu\u00eda de Pamplona\",\"@id\":\"https:\\\/\\\/www.laguiadepamplona.com\\\/actualidad\\\/#\\\/schema\\\/person\\\/efe887376f0213d4657c93adc50b1fdb\"},\"headline\":\"Ocho autores crean de forma coordinada una reflexi\u00f3n sobre el arte y el poder en Herliebe, la muestra que se podr\u00e1 ver en la sala de Armas hasta el 23 de agosto\",\"datePublished\":\"2015-07-22T11:37:25+00:00\",\"mainEntityOfPage\":{\"@id\":\"https:\\\/\\\/www.laguiadepamplona.com\\\/actualidad\\\/ocho-autores-crean-de-forma-coordinada-una-reflexion-sobre-el-arte-y-el-poder-en-herliebe-la-muestra-que-se-podra-ver-en-la-sala-de-armas-hasta-el-23-de-agosto\\\/\"},\"wordCount\":1321,\"publisher\":{\"@id\":\"https:\\\/\\\/www.laguiadepamplona.com\\\/actualidad\\\/#organization\"},\"image\":{\"@id\":\"https:\\\/\\\/www.laguiadepamplona.com\\\/actualidad\\\/ocho-autores-crean-de-forma-coordinada-una-reflexion-sobre-el-arte-y-el-poder-en-herliebe-la-muestra-que-se-podra-ver-en-la-sala-de-armas-hasta-el-23-de-agosto\\\/#primaryimage\"},\"thumbnailUrl\":\"\",\"keywords\":[\"actualidad\",\"arte y poder\",\"autores\",\"ayto pamplona\",\"Ayuntamiento de Pamplona\",\"herliebe\",\"muestra\",\"noticias\",\"pamplona\",\"reflexi\u00f3n\",\"sala de armas\"],\"articleSection\":[\"Ayto Pamplona\"],\"inLanguage\":\"es\"},{\"@type\":\"WebPage\",\"@id\":\"https:\\\/\\\/www.laguiadepamplona.com\\\/actualidad\\\/ocho-autores-crean-de-forma-coordinada-una-reflexion-sobre-el-arte-y-el-poder-en-herliebe-la-muestra-que-se-podra-ver-en-la-sala-de-armas-hasta-el-23-de-agosto\\\/\",\"url\":\"https:\\\/\\\/www.laguiadepamplona.com\\\/actualidad\\\/ocho-autores-crean-de-forma-coordinada-una-reflexion-sobre-el-arte-y-el-poder-en-herliebe-la-muestra-que-se-podra-ver-en-la-sala-de-armas-hasta-el-23-de-agosto\\\/\",\"name\":\"Ocho autores crean de forma coordinada una reflexi\u00f3n sobre el arte y el poder en Herliebe, la muestra que se podr\u00e1 ver en la sala de Armas hasta el 23 de agosto\",\"isPartOf\":{\"@id\":\"https:\\\/\\\/www.laguiadepamplona.com\\\/actualidad\\\/#website\"},\"primaryImageOfPage\":{\"@id\":\"https:\\\/\\\/www.laguiadepamplona.com\\\/actualidad\\\/ocho-autores-crean-de-forma-coordinada-una-reflexion-sobre-el-arte-y-el-poder-en-herliebe-la-muestra-que-se-podra-ver-en-la-sala-de-armas-hasta-el-23-de-agosto\\\/#primaryimage\"},\"image\":{\"@id\":\"https:\\\/\\\/www.laguiadepamplona.com\\\/actualidad\\\/ocho-autores-crean-de-forma-coordinada-una-reflexion-sobre-el-arte-y-el-poder-en-herliebe-la-muestra-que-se-podra-ver-en-la-sala-de-armas-hasta-el-23-de-agosto\\\/#primaryimage\"},\"thumbnailUrl\":\"\",\"datePublished\":\"2015-07-22T11:37:25+00:00\",\"breadcrumb\":{\"@id\":\"https:\\\/\\\/www.laguiadepamplona.com\\\/actualidad\\\/ocho-autores-crean-de-forma-coordinada-una-reflexion-sobre-el-arte-y-el-poder-en-herliebe-la-muestra-que-se-podra-ver-en-la-sala-de-armas-hasta-el-23-de-agosto\\\/#breadcrumb\"},\"inLanguage\":\"es\",\"potentialAction\":[{\"@type\":\"ReadAction\",\"target\":[\"https:\\\/\\\/www.laguiadepamplona.com\\\/actualidad\\\/ocho-autores-crean-de-forma-coordinada-una-reflexion-sobre-el-arte-y-el-poder-en-herliebe-la-muestra-que-se-podra-ver-en-la-sala-de-armas-hasta-el-23-de-agosto\\\/\"]}]},{\"@type\":\"ImageObject\",\"inLanguage\":\"es\",\"@id\":\"https:\\\/\\\/www.laguiadepamplona.com\\\/actualidad\\\/ocho-autores-crean-de-forma-coordinada-una-reflexion-sobre-el-arte-y-el-poder-en-herliebe-la-muestra-que-se-podra-ver-en-la-sala-de-armas-hasta-el-23-de-agosto\\\/#primaryimage\",\"url\":\"\",\"contentUrl\":\"\"},{\"@type\":\"BreadcrumbList\",\"@id\":\"https:\\\/\\\/www.laguiadepamplona.com\\\/actualidad\\\/ocho-autores-crean-de-forma-coordinada-una-reflexion-sobre-el-arte-y-el-poder-en-herliebe-la-muestra-que-se-podra-ver-en-la-sala-de-armas-hasta-el-23-de-agosto\\\/#breadcrumb\",\"itemListElement\":[{\"@type\":\"ListItem\",\"position\":1,\"name\":\"Portada\",\"item\":\"https:\\\/\\\/www.laguiadepamplona.com\\\/actualidad\\\/\"},{\"@type\":\"ListItem\",\"position\":2,\"name\":\"Ocho autores crean de forma coordinada una reflexi\u00f3n sobre el arte y el poder en Herliebe, la muestra que se podr\u00e1 ver en la sala de Armas hasta el 23 de agosto\"}]},{\"@type\":\"WebSite\",\"@id\":\"https:\\\/\\\/www.laguiadepamplona.com\\\/actualidad\\\/#website\",\"url\":\"https:\\\/\\\/www.laguiadepamplona.com\\\/actualidad\\\/\",\"name\":\"La gu\u00eda de Pamplona\",\"description\":\"Noticias de Pamplona\",\"publisher\":{\"@id\":\"https:\\\/\\\/www.laguiadepamplona.com\\\/actualidad\\\/#organization\"},\"potentialAction\":[{\"@type\":\"SearchAction\",\"target\":{\"@type\":\"EntryPoint\",\"urlTemplate\":\"https:\\\/\\\/www.laguiadepamplona.com\\\/actualidad\\\/?s={search_term_string}\"},\"query-input\":{\"@type\":\"PropertyValueSpecification\",\"valueRequired\":true,\"valueName\":\"search_term_string\"}}],\"inLanguage\":\"es\"},{\"@type\":\"Organization\",\"@id\":\"https:\\\/\\\/www.laguiadepamplona.com\\\/actualidad\\\/#organization\",\"name\":\"La Gu\u00eda de Pamplona \\\/ Noticias\",\"url\":\"https:\\\/\\\/www.laguiadepamplona.com\\\/actualidad\\\/\",\"logo\":{\"@type\":\"ImageObject\",\"inLanguage\":\"es\",\"@id\":\"https:\\\/\\\/www.laguiadepamplona.com\\\/actualidad\\\/#\\\/schema\\\/logo\\\/image\\\/\",\"url\":\"https:\\\/\\\/www.laguiadepamplona.com\\\/actualidad\\\/wp-content\\\/uploads\\\/2018\\\/11\\\/logo-laguiadepamplona18-web1.png\",\"contentUrl\":\"https:\\\/\\\/www.laguiadepamplona.com\\\/actualidad\\\/wp-content\\\/uploads\\\/2018\\\/11\\\/logo-laguiadepamplona18-web1.png\",\"width\":600,\"height\":196,\"caption\":\"La Gu\u00eda de Pamplona \\\/ Noticias\"},\"image\":{\"@id\":\"https:\\\/\\\/www.laguiadepamplona.com\\\/actualidad\\\/#\\\/schema\\\/logo\\\/image\\\/\"},\"sameAs\":[\"https:\\\/\\\/www.facebook.com\\\/laguiadepamplonacom-133175176762273\\\/?ref=hl\",\"https:\\\/\\\/x.com\\\/LaGuiadPamplona\",\"https:\\\/\\\/www.instagram.com\\\/la_guia_de_pamplona\\\/\",\"https:\\\/\\\/www.youtube.com\\\/user\\\/laguiadepamplona\"]},{\"@type\":\"Person\",\"@id\":\"https:\\\/\\\/www.laguiadepamplona.com\\\/actualidad\\\/#\\\/schema\\\/person\\\/efe887376f0213d4657c93adc50b1fdb\",\"name\":\"La Gu\u00eda de Pamplona\",\"image\":{\"@type\":\"ImageObject\",\"inLanguage\":\"es\",\"@id\":\"https:\\\/\\\/secure.gravatar.com\\\/avatar\\\/b6992f131dc8d30ab0dff15446e9d346d9dbd95992de0fef795073f5ea83a81c?s=96&d=mm&r=g\",\"url\":\"https:\\\/\\\/secure.gravatar.com\\\/avatar\\\/b6992f131dc8d30ab0dff15446e9d346d9dbd95992de0fef795073f5ea83a81c?s=96&d=mm&r=g\",\"contentUrl\":\"https:\\\/\\\/secure.gravatar.com\\\/avatar\\\/b6992f131dc8d30ab0dff15446e9d346d9dbd95992de0fef795073f5ea83a81c?s=96&d=mm&r=g\",\"caption\":\"La Gu\u00eda de Pamplona\"}}]}<\/script>\n<!-- \/ Yoast SEO plugin. -->","yoast_head_json":{"title":"Ocho autores crean de forma coordinada una reflexi\u00f3n sobre el arte y el poder en Herliebe, la muestra que se podr\u00e1 ver en la sala de Armas hasta el 23 de agosto","robots":{"index":"index","follow":"follow","max-snippet":"max-snippet:-1","max-image-preview":"max-image-preview:large","max-video-preview":"max-video-preview:-1"},"canonical":"https:\/\/www.laguiadepamplona.com\/actualidad\/ocho-autores-crean-de-forma-coordinada-una-reflexion-sobre-el-arte-y-el-poder-en-herliebe-la-muestra-que-se-podra-ver-en-la-sala-de-armas-hasta-el-23-de-agosto\/","og_locale":"es_ES","og_type":"article","og_title":"Ocho autores crean de forma coordinada una reflexi\u00f3n sobre el arte y el poder en Herliebe, la muestra que se podr\u00e1 ver en la sala de Armas hasta el 23 de agosto","og_description":"La exposici\u00f3n es parte de la cuarta edici\u00f3n del proyecto \u2018Pol\u00edtico-Po\u00e9tico\u2019 que desde 2012 desarrolla la Facultad de Bellas Artes de la UPV La pol\u00edtica y el arte son campos...","og_url":"https:\/\/www.laguiadepamplona.com\/actualidad\/ocho-autores-crean-de-forma-coordinada-una-reflexion-sobre-el-arte-y-el-poder-en-herliebe-la-muestra-que-se-podra-ver-en-la-sala-de-armas-hasta-el-23-de-agosto\/","og_site_name":"La Gu\u00eda de Pamplona","article_publisher":"https:\/\/www.facebook.com\/laguiadepamplonacom-133175176762273\/?ref=hl","article_published_time":"2015-07-22T11:37:25+00:00","author":"La Gu\u00eda de Pamplona","twitter_card":"summary_large_image","twitter_creator":"@LaGuiadPamplona","twitter_site":"@LaGuiadPamplona","twitter_misc":{"Escrito por":"La Gu\u00eda de Pamplona","Tiempo de lectura":"6 minutos"},"schema":{"@context":"https:\/\/schema.org","@graph":[{"@type":"Article","@id":"https:\/\/www.laguiadepamplona.com\/actualidad\/ocho-autores-crean-de-forma-coordinada-una-reflexion-sobre-el-arte-y-el-poder-en-herliebe-la-muestra-que-se-podra-ver-en-la-sala-de-armas-hasta-el-23-de-agosto\/#article","isPartOf":{"@id":"https:\/\/www.laguiadepamplona.com\/actualidad\/ocho-autores-crean-de-forma-coordinada-una-reflexion-sobre-el-arte-y-el-poder-en-herliebe-la-muestra-que-se-podra-ver-en-la-sala-de-armas-hasta-el-23-de-agosto\/"},"author":{"name":"La Gu\u00eda de Pamplona","@id":"https:\/\/www.laguiadepamplona.com\/actualidad\/#\/schema\/person\/efe887376f0213d4657c93adc50b1fdb"},"headline":"Ocho autores crean de forma coordinada una reflexi\u00f3n sobre el arte y el poder en Herliebe, la muestra que se podr\u00e1 ver en la sala de Armas hasta el 23 de agosto","datePublished":"2015-07-22T11:37:25+00:00","mainEntityOfPage":{"@id":"https:\/\/www.laguiadepamplona.com\/actualidad\/ocho-autores-crean-de-forma-coordinada-una-reflexion-sobre-el-arte-y-el-poder-en-herliebe-la-muestra-que-se-podra-ver-en-la-sala-de-armas-hasta-el-23-de-agosto\/"},"wordCount":1321,"publisher":{"@id":"https:\/\/www.laguiadepamplona.com\/actualidad\/#organization"},"image":{"@id":"https:\/\/www.laguiadepamplona.com\/actualidad\/ocho-autores-crean-de-forma-coordinada-una-reflexion-sobre-el-arte-y-el-poder-en-herliebe-la-muestra-que-se-podra-ver-en-la-sala-de-armas-hasta-el-23-de-agosto\/#primaryimage"},"thumbnailUrl":"","keywords":["actualidad","arte y poder","autores","ayto pamplona","Ayuntamiento de Pamplona","herliebe","muestra","noticias","pamplona","reflexi\u00f3n","sala de armas"],"articleSection":["Ayto Pamplona"],"inLanguage":"es"},{"@type":"WebPage","@id":"https:\/\/www.laguiadepamplona.com\/actualidad\/ocho-autores-crean-de-forma-coordinada-una-reflexion-sobre-el-arte-y-el-poder-en-herliebe-la-muestra-que-se-podra-ver-en-la-sala-de-armas-hasta-el-23-de-agosto\/","url":"https:\/\/www.laguiadepamplona.com\/actualidad\/ocho-autores-crean-de-forma-coordinada-una-reflexion-sobre-el-arte-y-el-poder-en-herliebe-la-muestra-que-se-podra-ver-en-la-sala-de-armas-hasta-el-23-de-agosto\/","name":"Ocho autores crean de forma coordinada una reflexi\u00f3n sobre el arte y el poder en Herliebe, la muestra que se podr\u00e1 ver en la sala de Armas hasta el 23 de agosto","isPartOf":{"@id":"https:\/\/www.laguiadepamplona.com\/actualidad\/#website"},"primaryImageOfPage":{"@id":"https:\/\/www.laguiadepamplona.com\/actualidad\/ocho-autores-crean-de-forma-coordinada-una-reflexion-sobre-el-arte-y-el-poder-en-herliebe-la-muestra-que-se-podra-ver-en-la-sala-de-armas-hasta-el-23-de-agosto\/#primaryimage"},"image":{"@id":"https:\/\/www.laguiadepamplona.com\/actualidad\/ocho-autores-crean-de-forma-coordinada-una-reflexion-sobre-el-arte-y-el-poder-en-herliebe-la-muestra-que-se-podra-ver-en-la-sala-de-armas-hasta-el-23-de-agosto\/#primaryimage"},"thumbnailUrl":"","datePublished":"2015-07-22T11:37:25+00:00","breadcrumb":{"@id":"https:\/\/www.laguiadepamplona.com\/actualidad\/ocho-autores-crean-de-forma-coordinada-una-reflexion-sobre-el-arte-y-el-poder-en-herliebe-la-muestra-que-se-podra-ver-en-la-sala-de-armas-hasta-el-23-de-agosto\/#breadcrumb"},"inLanguage":"es","potentialAction":[{"@type":"ReadAction","target":["https:\/\/www.laguiadepamplona.com\/actualidad\/ocho-autores-crean-de-forma-coordinada-una-reflexion-sobre-el-arte-y-el-poder-en-herliebe-la-muestra-que-se-podra-ver-en-la-sala-de-armas-hasta-el-23-de-agosto\/"]}]},{"@type":"ImageObject","inLanguage":"es","@id":"https:\/\/www.laguiadepamplona.com\/actualidad\/ocho-autores-crean-de-forma-coordinada-una-reflexion-sobre-el-arte-y-el-poder-en-herliebe-la-muestra-que-se-podra-ver-en-la-sala-de-armas-hasta-el-23-de-agosto\/#primaryimage","url":"","contentUrl":""},{"@type":"BreadcrumbList","@id":"https:\/\/www.laguiadepamplona.com\/actualidad\/ocho-autores-crean-de-forma-coordinada-una-reflexion-sobre-el-arte-y-el-poder-en-herliebe-la-muestra-que-se-podra-ver-en-la-sala-de-armas-hasta-el-23-de-agosto\/#breadcrumb","itemListElement":[{"@type":"ListItem","position":1,"name":"Portada","item":"https:\/\/www.laguiadepamplona.com\/actualidad\/"},{"@type":"ListItem","position":2,"name":"Ocho autores crean de forma coordinada una reflexi\u00f3n sobre el arte y el poder en Herliebe, la muestra que se podr\u00e1 ver en la sala de Armas hasta el 23 de agosto"}]},{"@type":"WebSite","@id":"https:\/\/www.laguiadepamplona.com\/actualidad\/#website","url":"https:\/\/www.laguiadepamplona.com\/actualidad\/","name":"La gu\u00eda de Pamplona","description":"Noticias de Pamplona","publisher":{"@id":"https:\/\/www.laguiadepamplona.com\/actualidad\/#organization"},"potentialAction":[{"@type":"SearchAction","target":{"@type":"EntryPoint","urlTemplate":"https:\/\/www.laguiadepamplona.com\/actualidad\/?s={search_term_string}"},"query-input":{"@type":"PropertyValueSpecification","valueRequired":true,"valueName":"search_term_string"}}],"inLanguage":"es"},{"@type":"Organization","@id":"https:\/\/www.laguiadepamplona.com\/actualidad\/#organization","name":"La Gu\u00eda de Pamplona \/ Noticias","url":"https:\/\/www.laguiadepamplona.com\/actualidad\/","logo":{"@type":"ImageObject","inLanguage":"es","@id":"https:\/\/www.laguiadepamplona.com\/actualidad\/#\/schema\/logo\/image\/","url":"https:\/\/www.laguiadepamplona.com\/actualidad\/wp-content\/uploads\/2018\/11\/logo-laguiadepamplona18-web1.png","contentUrl":"https:\/\/www.laguiadepamplona.com\/actualidad\/wp-content\/uploads\/2018\/11\/logo-laguiadepamplona18-web1.png","width":600,"height":196,"caption":"La Gu\u00eda de Pamplona \/ Noticias"},"image":{"@id":"https:\/\/www.laguiadepamplona.com\/actualidad\/#\/schema\/logo\/image\/"},"sameAs":["https:\/\/www.facebook.com\/laguiadepamplonacom-133175176762273\/?ref=hl","https:\/\/x.com\/LaGuiadPamplona","https:\/\/www.instagram.com\/la_guia_de_pamplona\/","https:\/\/www.youtube.com\/user\/laguiadepamplona"]},{"@type":"Person","@id":"https:\/\/www.laguiadepamplona.com\/actualidad\/#\/schema\/person\/efe887376f0213d4657c93adc50b1fdb","name":"La Gu\u00eda de Pamplona","image":{"@type":"ImageObject","inLanguage":"es","@id":"https:\/\/secure.gravatar.com\/avatar\/b6992f131dc8d30ab0dff15446e9d346d9dbd95992de0fef795073f5ea83a81c?s=96&d=mm&r=g","url":"https:\/\/secure.gravatar.com\/avatar\/b6992f131dc8d30ab0dff15446e9d346d9dbd95992de0fef795073f5ea83a81c?s=96&d=mm&r=g","contentUrl":"https:\/\/secure.gravatar.com\/avatar\/b6992f131dc8d30ab0dff15446e9d346d9dbd95992de0fef795073f5ea83a81c?s=96&d=mm&r=g","caption":"La Gu\u00eda de Pamplona"}}]}},"post_mailing_queue_ids":[],"_links":{"self":[{"href":"https:\/\/www.laguiadepamplona.com\/actualidad\/wp-json\/wp\/v2\/posts\/6563","targetHints":{"allow":["GET"]}}],"collection":[{"href":"https:\/\/www.laguiadepamplona.com\/actualidad\/wp-json\/wp\/v2\/posts"}],"about":[{"href":"https:\/\/www.laguiadepamplona.com\/actualidad\/wp-json\/wp\/v2\/types\/post"}],"author":[{"embeddable":true,"href":"https:\/\/www.laguiadepamplona.com\/actualidad\/wp-json\/wp\/v2\/users\/1"}],"replies":[{"embeddable":true,"href":"https:\/\/www.laguiadepamplona.com\/actualidad\/wp-json\/wp\/v2\/comments?post=6563"}],"version-history":[{"count":0,"href":"https:\/\/www.laguiadepamplona.com\/actualidad\/wp-json\/wp\/v2\/posts\/6563\/revisions"}],"wp:featuredmedia":[{"embeddable":true,"href":"https:\/\/www.laguiadepamplona.com\/actualidad\/wp-json\/"}],"wp:attachment":[{"href":"https:\/\/www.laguiadepamplona.com\/actualidad\/wp-json\/wp\/v2\/media?parent=6563"}],"wp:term":[{"taxonomy":"category","embeddable":true,"href":"https:\/\/www.laguiadepamplona.com\/actualidad\/wp-json\/wp\/v2\/categories?post=6563"},{"taxonomy":"post_tag","embeddable":true,"href":"https:\/\/www.laguiadepamplona.com\/actualidad\/wp-json\/wp\/v2\/tags?post=6563"}],"curies":[{"name":"wp","href":"https:\/\/api.w.org\/{rel}","templated":true}]}}