{"id":652,"date":"2014-03-03T14:01:37","date_gmt":"2014-03-03T13:01:37","guid":{"rendered":"http:\/\/laguiadepamplona.es\/noticias\/?p=652"},"modified":"2014-03-03T14:01:37","modified_gmt":"2014-03-03T13:01:37","slug":"un-nuevo-taller-gratuito-del-servicio-de-promocion-empresarial-ayudara-a-los-emprendedores-a-identificar-sus-competencias-para-gestionar-un-comercio","status":"publish","type":"post","link":"https:\/\/www.laguiadepamplona.com\/actualidad\/un-nuevo-taller-gratuito-del-servicio-de-promocion-empresarial-ayudara-a-los-emprendedores-a-identificar-sus-competencias-para-gestionar-un-comercio\/","title":{"rendered":"Un nuevo taller gratuito del Servicio de Promoci\u00f3n Empresarial ayudar\u00e1 a los emprendedores a identificar sus competencias para gestionar un comercio"},"content":{"rendered":"<h6>La sesi\u00f3n se desarrollar\u00e1 el martes d\u00eda 11 entre las 9.30 y las 13.30 horas<\/h6>\n<p><a href=\"http:\/\/laguiadepamplona.es\/noticias\/wp-content\/uploads\/2014\/01\/spe-pamplona.jpg\"><img loading=\"lazy\" decoding=\"async\" class=\"alignleft size-medium wp-image-97\" alt=\"spe-pamplona\" src=\"http:\/\/laguiadepamplona.es\/noticias\/wp-content\/uploads\/2014\/01\/spe-pamplona-300x156.jpg\" width=\"300\" height=\"156\" \/><\/a>El Servicio de Promoci\u00f3n Empresarial del Ayuntamiento de Pamplona ha organizado para el pr\u00f3ximo martes d\u00eda 11 de marzo una sesi\u00f3n, especialmente dirigida a emprendedores del sector del comercio, en la que se incidir\u00e1 en la identificaci\u00f3n de las habilidades de los asistentes y en su potenciaci\u00f3n y desarrollo. El taller es gratuito y se desarrollar\u00e1 en horario de 9.30 a 13.30 (cuatro horas de formaci\u00f3n) en las instalaciones del SPE (avenida Marcelo Celayeta, 75. Edificio IWER. Entrada 4A), en el barrio de la Rochapea.<\/p>\n<p>El taller tiene como objetivo ayudar a las personas interesadas en identificar sus aptitudes emprendedoras a la hora de gestionar un comercio, d\u00e1ndoles una serie de recomendaciones de actuaci\u00f3n para que aprendan a potenciarlas. La psic\u00f3loga Mar\u00eda Jes\u00fas Pujol, encargada del taller, comenzar\u00e1 con un caso pr\u00e1ctico de Networking, para tratar a continuaci\u00f3n competencias concretas como la persistencia, eficiencia y calidad, riesgos calculados, fijaci\u00f3n de metas, planificaci\u00f3n, persuasi\u00f3n, y redes de apoyo y autoconfianza, entre otras. La sesi\u00f3n finalizar\u00e1 con casos pr\u00e1cticos sobre temas como la planificaci\u00f3n o la persuasi\u00f3n.<\/p>\n<p>Las inscripciones se pueden realizar hasta el d\u00eda previo a la celebraci\u00f3n del taller en el propio SPE, a trav\u00e9s del tel\u00e9fono 948 382560 o en el correo electr\u00f3nico <a href=\"mailto:spe@pamplona.es\">spe@pamplona.es<\/a>.<\/p>\n<p>&nbsp;<\/p>\n<div>\n<p><strong>curso gratuito<\/strong><\/p>\n<\/div>\n<ul>\n<li><b>T\u00edtulo<\/b>: \u2018Competencias emprendedoras para gestionar un comercio\u2019<\/li>\n<li><b>Fechas y horario<\/b>: 11 de marzo, de 9.30 a 13.30 horas (4 horas)<\/li>\n<li><b>Lugar<\/b>: SPE. Edificio IWER (avenida Marcelo Celayeta, 75 \u2013 Entrada 4A)<\/li>\n<li><b>Inscripciones<\/b>: en el tel\u00e9fono 948 382560 y en el correo electr\u00f3nico spe@pamplona.es<\/li>\n<\/ul>\n","protected":false},"excerpt":{"rendered":"<p>La sesi\u00f3n se desarrollar\u00e1 el martes d\u00eda 11 entre las 9.30 y las 13.30 horas El Servicio de Promoci\u00f3n Empresarial del Ayuntamiento de Pamplona ha organizado para el pr\u00f3ximo martes&#8230;<\/p>\n","protected":false},"author":1,"featured_media":97,"comment_status":"open","ping_status":"open","sticky":false,"template":"","format":"standard","meta":{"footnotes":""},"categories":[2],"tags":[5,6,394,8,9,302],"class_list":["post-652","post","type-post","status-publish","format-standard","has-post-thumbnail","hentry","category-ayuntamiento-pamplona","tag-actualidad","tag-ayto-pamplona","tag-competencias-emprendedoras-para-gestionar-un-comercio","tag-noticias","tag-pamplona","tag-servicio-de-promocion-empresarial"],"yoast_head":"<!-- This site is optimized with the Yoast SEO plugin v27.5 - https:\/\/yoast.com\/product\/yoast-seo-wordpress\/ -->\n<title>Un nuevo taller gratuito del Servicio de Promoci\u00f3n Empresarial ayudar\u00e1 a los emprendedores a identificar sus competencias para gestionar un comercio<\/title>\n<meta name=\"robots\" content=\"index, follow, max-snippet:-1, max-image-preview:large, max-video-preview:-1\" \/>\n<link rel=\"canonical\" href=\"https:\/\/www.laguiadepamplona.com\/actualidad\/un-nuevo-taller-gratuito-del-servicio-de-promocion-empresarial-ayudara-a-los-emprendedores-a-identificar-sus-competencias-para-gestionar-un-comercio\/\" \/>\n<meta property=\"og:locale\" content=\"es_ES\" \/>\n<meta property=\"og:type\" content=\"article\" \/>\n<meta property=\"og:title\" content=\"Un nuevo taller gratuito del Servicio de Promoci\u00f3n Empresarial ayudar\u00e1 a los emprendedores a identificar sus competencias para gestionar un comercio\" \/>\n<meta property=\"og:description\" content=\"La sesi\u00f3n se desarrollar\u00e1 el martes d\u00eda 11 entre las 9.30 y las 13.30 horas El Servicio de Promoci\u00f3n Empresarial del Ayuntamiento de Pamplona ha organizado para el pr\u00f3ximo martes...\" \/>\n<meta property=\"og:url\" content=\"https:\/\/www.laguiadepamplona.com\/actualidad\/un-nuevo-taller-gratuito-del-servicio-de-promocion-empresarial-ayudara-a-los-emprendedores-a-identificar-sus-competencias-para-gestionar-un-comercio\/\" \/>\n<meta property=\"og:site_name\" content=\"La Gu\u00eda de Pamplona\" \/>\n<meta property=\"article:publisher\" content=\"https:\/\/www.facebook.com\/laguiadepamplonacom-133175176762273\/?ref=hl\" \/>\n<meta property=\"article:published_time\" content=\"2014-03-03T13:01:37+00:00\" \/>\n<meta name=\"author\" content=\"La Gu\u00eda de Pamplona\" \/>\n<meta name=\"twitter:card\" content=\"summary_large_image\" \/>\n<meta name=\"twitter:creator\" content=\"@LaGuiadPamplona\" \/>\n<meta name=\"twitter:site\" content=\"@LaGuiadPamplona\" \/>\n<meta name=\"twitter:label1\" content=\"Escrito por\" \/>\n\t<meta name=\"twitter:data1\" content=\"La Gu\u00eda de Pamplona\" \/>\n\t<meta name=\"twitter:label2\" content=\"Tiempo de lectura\" \/>\n\t<meta name=\"twitter:data2\" content=\"1 minuto\" \/>\n<script type=\"application\/ld+json\" class=\"yoast-schema-graph\">{\"@context\":\"https:\\\/\\\/schema.org\",\"@graph\":[{\"@type\":\"Article\",\"@id\":\"https:\\\/\\\/www.laguiadepamplona.com\\\/actualidad\\\/un-nuevo-taller-gratuito-del-servicio-de-promocion-empresarial-ayudara-a-los-emprendedores-a-identificar-sus-competencias-para-gestionar-un-comercio\\\/#article\",\"isPartOf\":{\"@id\":\"https:\\\/\\\/www.laguiadepamplona.com\\\/actualidad\\\/un-nuevo-taller-gratuito-del-servicio-de-promocion-empresarial-ayudara-a-los-emprendedores-a-identificar-sus-competencias-para-gestionar-un-comercio\\\/\"},\"author\":{\"name\":\"La Gu\u00eda de Pamplona\",\"@id\":\"https:\\\/\\\/www.laguiadepamplona.com\\\/actualidad\\\/#\\\/schema\\\/person\\\/efe887376f0213d4657c93adc50b1fdb\"},\"headline\":\"Un nuevo taller gratuito del Servicio de Promoci\u00f3n Empresarial ayudar\u00e1 a los emprendedores a identificar sus competencias para gestionar un comercio\",\"datePublished\":\"2014-03-03T13:01:37+00:00\",\"mainEntityOfPage\":{\"@id\":\"https:\\\/\\\/www.laguiadepamplona.com\\\/actualidad\\\/un-nuevo-taller-gratuito-del-servicio-de-promocion-empresarial-ayudara-a-los-emprendedores-a-identificar-sus-competencias-para-gestionar-un-comercio\\\/\"},\"wordCount\":306,\"commentCount\":0,\"publisher\":{\"@id\":\"https:\\\/\\\/www.laguiadepamplona.com\\\/actualidad\\\/#organization\"},\"image\":{\"@id\":\"https:\\\/\\\/www.laguiadepamplona.com\\\/actualidad\\\/un-nuevo-taller-gratuito-del-servicio-de-promocion-empresarial-ayudara-a-los-emprendedores-a-identificar-sus-competencias-para-gestionar-un-comercio\\\/#primaryimage\"},\"thumbnailUrl\":\"\",\"keywords\":[\"actualidad\",\"ayto pamplona\",\"Competencias emprendedoras para gestionar un comercio\",\"noticias\",\"pamplona\",\"Servicio de Promoci\u00f3n Empresarial\"],\"articleSection\":[\"Ayto Pamplona\"],\"inLanguage\":\"es\",\"potentialAction\":[{\"@type\":\"CommentAction\",\"name\":\"Comment\",\"target\":[\"https:\\\/\\\/www.laguiadepamplona.com\\\/actualidad\\\/un-nuevo-taller-gratuito-del-servicio-de-promocion-empresarial-ayudara-a-los-emprendedores-a-identificar-sus-competencias-para-gestionar-un-comercio\\\/#respond\"]}]},{\"@type\":\"WebPage\",\"@id\":\"https:\\\/\\\/www.laguiadepamplona.com\\\/actualidad\\\/un-nuevo-taller-gratuito-del-servicio-de-promocion-empresarial-ayudara-a-los-emprendedores-a-identificar-sus-competencias-para-gestionar-un-comercio\\\/\",\"url\":\"https:\\\/\\\/www.laguiadepamplona.com\\\/actualidad\\\/un-nuevo-taller-gratuito-del-servicio-de-promocion-empresarial-ayudara-a-los-emprendedores-a-identificar-sus-competencias-para-gestionar-un-comercio\\\/\",\"name\":\"Un nuevo taller gratuito del Servicio de Promoci\u00f3n Empresarial ayudar\u00e1 a los emprendedores a identificar sus competencias para gestionar un comercio\",\"isPartOf\":{\"@id\":\"https:\\\/\\\/www.laguiadepamplona.com\\\/actualidad\\\/#website\"},\"primaryImageOfPage\":{\"@id\":\"https:\\\/\\\/www.laguiadepamplona.com\\\/actualidad\\\/un-nuevo-taller-gratuito-del-servicio-de-promocion-empresarial-ayudara-a-los-emprendedores-a-identificar-sus-competencias-para-gestionar-un-comercio\\\/#primaryimage\"},\"image\":{\"@id\":\"https:\\\/\\\/www.laguiadepamplona.com\\\/actualidad\\\/un-nuevo-taller-gratuito-del-servicio-de-promocion-empresarial-ayudara-a-los-emprendedores-a-identificar-sus-competencias-para-gestionar-un-comercio\\\/#primaryimage\"},\"thumbnailUrl\":\"\",\"datePublished\":\"2014-03-03T13:01:37+00:00\",\"breadcrumb\":{\"@id\":\"https:\\\/\\\/www.laguiadepamplona.com\\\/actualidad\\\/un-nuevo-taller-gratuito-del-servicio-de-promocion-empresarial-ayudara-a-los-emprendedores-a-identificar-sus-competencias-para-gestionar-un-comercio\\\/#breadcrumb\"},\"inLanguage\":\"es\",\"potentialAction\":[{\"@type\":\"ReadAction\",\"target\":[\"https:\\\/\\\/www.laguiadepamplona.com\\\/actualidad\\\/un-nuevo-taller-gratuito-del-servicio-de-promocion-empresarial-ayudara-a-los-emprendedores-a-identificar-sus-competencias-para-gestionar-un-comercio\\\/\"]}]},{\"@type\":\"ImageObject\",\"inLanguage\":\"es\",\"@id\":\"https:\\\/\\\/www.laguiadepamplona.com\\\/actualidad\\\/un-nuevo-taller-gratuito-del-servicio-de-promocion-empresarial-ayudara-a-los-emprendedores-a-identificar-sus-competencias-para-gestionar-un-comercio\\\/#primaryimage\",\"url\":\"\",\"contentUrl\":\"\"},{\"@type\":\"BreadcrumbList\",\"@id\":\"https:\\\/\\\/www.laguiadepamplona.com\\\/actualidad\\\/un-nuevo-taller-gratuito-del-servicio-de-promocion-empresarial-ayudara-a-los-emprendedores-a-identificar-sus-competencias-para-gestionar-un-comercio\\\/#breadcrumb\",\"itemListElement\":[{\"@type\":\"ListItem\",\"position\":1,\"name\":\"Portada\",\"item\":\"https:\\\/\\\/www.laguiadepamplona.com\\\/actualidad\\\/\"},{\"@type\":\"ListItem\",\"position\":2,\"name\":\"Un nuevo taller gratuito del Servicio de Promoci\u00f3n Empresarial ayudar\u00e1 a los emprendedores a identificar sus competencias para gestionar un comercio\"}]},{\"@type\":\"WebSite\",\"@id\":\"https:\\\/\\\/www.laguiadepamplona.com\\\/actualidad\\\/#website\",\"url\":\"https:\\\/\\\/www.laguiadepamplona.com\\\/actualidad\\\/\",\"name\":\"La gu\u00eda de Pamplona\",\"description\":\"Noticias de Pamplona\",\"publisher\":{\"@id\":\"https:\\\/\\\/www.laguiadepamplona.com\\\/actualidad\\\/#organization\"},\"potentialAction\":[{\"@type\":\"SearchAction\",\"target\":{\"@type\":\"EntryPoint\",\"urlTemplate\":\"https:\\\/\\\/www.laguiadepamplona.com\\\/actualidad\\\/?s={search_term_string}\"},\"query-input\":{\"@type\":\"PropertyValueSpecification\",\"valueRequired\":true,\"valueName\":\"search_term_string\"}}],\"inLanguage\":\"es\"},{\"@type\":\"Organization\",\"@id\":\"https:\\\/\\\/www.laguiadepamplona.com\\\/actualidad\\\/#organization\",\"name\":\"La Gu\u00eda de Pamplona \\\/ Noticias\",\"url\":\"https:\\\/\\\/www.laguiadepamplona.com\\\/actualidad\\\/\",\"logo\":{\"@type\":\"ImageObject\",\"inLanguage\":\"es\",\"@id\":\"https:\\\/\\\/www.laguiadepamplona.com\\\/actualidad\\\/#\\\/schema\\\/logo\\\/image\\\/\",\"url\":\"https:\\\/\\\/www.laguiadepamplona.com\\\/actualidad\\\/wp-content\\\/uploads\\\/2018\\\/11\\\/logo-laguiadepamplona18-web1.png\",\"contentUrl\":\"https:\\\/\\\/www.laguiadepamplona.com\\\/actualidad\\\/wp-content\\\/uploads\\\/2018\\\/11\\\/logo-laguiadepamplona18-web1.png\",\"width\":600,\"height\":196,\"caption\":\"La Gu\u00eda de Pamplona \\\/ Noticias\"},\"image\":{\"@id\":\"https:\\\/\\\/www.laguiadepamplona.com\\\/actualidad\\\/#\\\/schema\\\/logo\\\/image\\\/\"},\"sameAs\":[\"https:\\\/\\\/www.facebook.com\\\/laguiadepamplonacom-133175176762273\\\/?ref=hl\",\"https:\\\/\\\/x.com\\\/LaGuiadPamplona\",\"https:\\\/\\\/www.instagram.com\\\/la_guia_de_pamplona\\\/\",\"https:\\\/\\\/www.youtube.com\\\/user\\\/laguiadepamplona\"]},{\"@type\":\"Person\",\"@id\":\"https:\\\/\\\/www.laguiadepamplona.com\\\/actualidad\\\/#\\\/schema\\\/person\\\/efe887376f0213d4657c93adc50b1fdb\",\"name\":\"La Gu\u00eda de Pamplona\",\"image\":{\"@type\":\"ImageObject\",\"inLanguage\":\"es\",\"@id\":\"https:\\\/\\\/secure.gravatar.com\\\/avatar\\\/b6992f131dc8d30ab0dff15446e9d346d9dbd95992de0fef795073f5ea83a81c?s=96&d=mm&r=g\",\"url\":\"https:\\\/\\\/secure.gravatar.com\\\/avatar\\\/b6992f131dc8d30ab0dff15446e9d346d9dbd95992de0fef795073f5ea83a81c?s=96&d=mm&r=g\",\"contentUrl\":\"https:\\\/\\\/secure.gravatar.com\\\/avatar\\\/b6992f131dc8d30ab0dff15446e9d346d9dbd95992de0fef795073f5ea83a81c?s=96&d=mm&r=g\",\"caption\":\"La Gu\u00eda de Pamplona\"}}]}<\/script>\n<!-- \/ Yoast SEO plugin. -->","yoast_head_json":{"title":"Un nuevo taller gratuito del Servicio de Promoci\u00f3n Empresarial ayudar\u00e1 a los emprendedores a identificar sus competencias para gestionar un comercio","robots":{"index":"index","follow":"follow","max-snippet":"max-snippet:-1","max-image-preview":"max-image-preview:large","max-video-preview":"max-video-preview:-1"},"canonical":"https:\/\/www.laguiadepamplona.com\/actualidad\/un-nuevo-taller-gratuito-del-servicio-de-promocion-empresarial-ayudara-a-los-emprendedores-a-identificar-sus-competencias-para-gestionar-un-comercio\/","og_locale":"es_ES","og_type":"article","og_title":"Un nuevo taller gratuito del Servicio de Promoci\u00f3n Empresarial ayudar\u00e1 a los emprendedores a identificar sus competencias para gestionar un comercio","og_description":"La sesi\u00f3n se desarrollar\u00e1 el martes d\u00eda 11 entre las 9.30 y las 13.30 horas El Servicio de Promoci\u00f3n Empresarial del Ayuntamiento de Pamplona ha organizado para el pr\u00f3ximo martes...","og_url":"https:\/\/www.laguiadepamplona.com\/actualidad\/un-nuevo-taller-gratuito-del-servicio-de-promocion-empresarial-ayudara-a-los-emprendedores-a-identificar-sus-competencias-para-gestionar-un-comercio\/","og_site_name":"La Gu\u00eda de Pamplona","article_publisher":"https:\/\/www.facebook.com\/laguiadepamplonacom-133175176762273\/?ref=hl","article_published_time":"2014-03-03T13:01:37+00:00","author":"La Gu\u00eda de Pamplona","twitter_card":"summary_large_image","twitter_creator":"@LaGuiadPamplona","twitter_site":"@LaGuiadPamplona","twitter_misc":{"Escrito por":"La Gu\u00eda de Pamplona","Tiempo de lectura":"1 minuto"},"schema":{"@context":"https:\/\/schema.org","@graph":[{"@type":"Article","@id":"https:\/\/www.laguiadepamplona.com\/actualidad\/un-nuevo-taller-gratuito-del-servicio-de-promocion-empresarial-ayudara-a-los-emprendedores-a-identificar-sus-competencias-para-gestionar-un-comercio\/#article","isPartOf":{"@id":"https:\/\/www.laguiadepamplona.com\/actualidad\/un-nuevo-taller-gratuito-del-servicio-de-promocion-empresarial-ayudara-a-los-emprendedores-a-identificar-sus-competencias-para-gestionar-un-comercio\/"},"author":{"name":"La Gu\u00eda de Pamplona","@id":"https:\/\/www.laguiadepamplona.com\/actualidad\/#\/schema\/person\/efe887376f0213d4657c93adc50b1fdb"},"headline":"Un nuevo taller gratuito del Servicio de Promoci\u00f3n Empresarial ayudar\u00e1 a los emprendedores a identificar sus competencias para gestionar un comercio","datePublished":"2014-03-03T13:01:37+00:00","mainEntityOfPage":{"@id":"https:\/\/www.laguiadepamplona.com\/actualidad\/un-nuevo-taller-gratuito-del-servicio-de-promocion-empresarial-ayudara-a-los-emprendedores-a-identificar-sus-competencias-para-gestionar-un-comercio\/"},"wordCount":306,"commentCount":0,"publisher":{"@id":"https:\/\/www.laguiadepamplona.com\/actualidad\/#organization"},"image":{"@id":"https:\/\/www.laguiadepamplona.com\/actualidad\/un-nuevo-taller-gratuito-del-servicio-de-promocion-empresarial-ayudara-a-los-emprendedores-a-identificar-sus-competencias-para-gestionar-un-comercio\/#primaryimage"},"thumbnailUrl":"","keywords":["actualidad","ayto pamplona","Competencias emprendedoras para gestionar un comercio","noticias","pamplona","Servicio de Promoci\u00f3n Empresarial"],"articleSection":["Ayto Pamplona"],"inLanguage":"es","potentialAction":[{"@type":"CommentAction","name":"Comment","target":["https:\/\/www.laguiadepamplona.com\/actualidad\/un-nuevo-taller-gratuito-del-servicio-de-promocion-empresarial-ayudara-a-los-emprendedores-a-identificar-sus-competencias-para-gestionar-un-comercio\/#respond"]}]},{"@type":"WebPage","@id":"https:\/\/www.laguiadepamplona.com\/actualidad\/un-nuevo-taller-gratuito-del-servicio-de-promocion-empresarial-ayudara-a-los-emprendedores-a-identificar-sus-competencias-para-gestionar-un-comercio\/","url":"https:\/\/www.laguiadepamplona.com\/actualidad\/un-nuevo-taller-gratuito-del-servicio-de-promocion-empresarial-ayudara-a-los-emprendedores-a-identificar-sus-competencias-para-gestionar-un-comercio\/","name":"Un nuevo taller gratuito del Servicio de Promoci\u00f3n Empresarial ayudar\u00e1 a los emprendedores a identificar sus competencias para gestionar un comercio","isPartOf":{"@id":"https:\/\/www.laguiadepamplona.com\/actualidad\/#website"},"primaryImageOfPage":{"@id":"https:\/\/www.laguiadepamplona.com\/actualidad\/un-nuevo-taller-gratuito-del-servicio-de-promocion-empresarial-ayudara-a-los-emprendedores-a-identificar-sus-competencias-para-gestionar-un-comercio\/#primaryimage"},"image":{"@id":"https:\/\/www.laguiadepamplona.com\/actualidad\/un-nuevo-taller-gratuito-del-servicio-de-promocion-empresarial-ayudara-a-los-emprendedores-a-identificar-sus-competencias-para-gestionar-un-comercio\/#primaryimage"},"thumbnailUrl":"","datePublished":"2014-03-03T13:01:37+00:00","breadcrumb":{"@id":"https:\/\/www.laguiadepamplona.com\/actualidad\/un-nuevo-taller-gratuito-del-servicio-de-promocion-empresarial-ayudara-a-los-emprendedores-a-identificar-sus-competencias-para-gestionar-un-comercio\/#breadcrumb"},"inLanguage":"es","potentialAction":[{"@type":"ReadAction","target":["https:\/\/www.laguiadepamplona.com\/actualidad\/un-nuevo-taller-gratuito-del-servicio-de-promocion-empresarial-ayudara-a-los-emprendedores-a-identificar-sus-competencias-para-gestionar-un-comercio\/"]}]},{"@type":"ImageObject","inLanguage":"es","@id":"https:\/\/www.laguiadepamplona.com\/actualidad\/un-nuevo-taller-gratuito-del-servicio-de-promocion-empresarial-ayudara-a-los-emprendedores-a-identificar-sus-competencias-para-gestionar-un-comercio\/#primaryimage","url":"","contentUrl":""},{"@type":"BreadcrumbList","@id":"https:\/\/www.laguiadepamplona.com\/actualidad\/un-nuevo-taller-gratuito-del-servicio-de-promocion-empresarial-ayudara-a-los-emprendedores-a-identificar-sus-competencias-para-gestionar-un-comercio\/#breadcrumb","itemListElement":[{"@type":"ListItem","position":1,"name":"Portada","item":"https:\/\/www.laguiadepamplona.com\/actualidad\/"},{"@type":"ListItem","position":2,"name":"Un nuevo taller gratuito del Servicio de Promoci\u00f3n Empresarial ayudar\u00e1 a los emprendedores a identificar sus competencias para gestionar un comercio"}]},{"@type":"WebSite","@id":"https:\/\/www.laguiadepamplona.com\/actualidad\/#website","url":"https:\/\/www.laguiadepamplona.com\/actualidad\/","name":"La gu\u00eda de Pamplona","description":"Noticias de Pamplona","publisher":{"@id":"https:\/\/www.laguiadepamplona.com\/actualidad\/#organization"},"potentialAction":[{"@type":"SearchAction","target":{"@type":"EntryPoint","urlTemplate":"https:\/\/www.laguiadepamplona.com\/actualidad\/?s={search_term_string}"},"query-input":{"@type":"PropertyValueSpecification","valueRequired":true,"valueName":"search_term_string"}}],"inLanguage":"es"},{"@type":"Organization","@id":"https:\/\/www.laguiadepamplona.com\/actualidad\/#organization","name":"La Gu\u00eda de Pamplona \/ Noticias","url":"https:\/\/www.laguiadepamplona.com\/actualidad\/","logo":{"@type":"ImageObject","inLanguage":"es","@id":"https:\/\/www.laguiadepamplona.com\/actualidad\/#\/schema\/logo\/image\/","url":"https:\/\/www.laguiadepamplona.com\/actualidad\/wp-content\/uploads\/2018\/11\/logo-laguiadepamplona18-web1.png","contentUrl":"https:\/\/www.laguiadepamplona.com\/actualidad\/wp-content\/uploads\/2018\/11\/logo-laguiadepamplona18-web1.png","width":600,"height":196,"caption":"La Gu\u00eda de Pamplona \/ Noticias"},"image":{"@id":"https:\/\/www.laguiadepamplona.com\/actualidad\/#\/schema\/logo\/image\/"},"sameAs":["https:\/\/www.facebook.com\/laguiadepamplonacom-133175176762273\/?ref=hl","https:\/\/x.com\/LaGuiadPamplona","https:\/\/www.instagram.com\/la_guia_de_pamplona\/","https:\/\/www.youtube.com\/user\/laguiadepamplona"]},{"@type":"Person","@id":"https:\/\/www.laguiadepamplona.com\/actualidad\/#\/schema\/person\/efe887376f0213d4657c93adc50b1fdb","name":"La Gu\u00eda de Pamplona","image":{"@type":"ImageObject","inLanguage":"es","@id":"https:\/\/secure.gravatar.com\/avatar\/b6992f131dc8d30ab0dff15446e9d346d9dbd95992de0fef795073f5ea83a81c?s=96&d=mm&r=g","url":"https:\/\/secure.gravatar.com\/avatar\/b6992f131dc8d30ab0dff15446e9d346d9dbd95992de0fef795073f5ea83a81c?s=96&d=mm&r=g","contentUrl":"https:\/\/secure.gravatar.com\/avatar\/b6992f131dc8d30ab0dff15446e9d346d9dbd95992de0fef795073f5ea83a81c?s=96&d=mm&r=g","caption":"La Gu\u00eda de Pamplona"}}]}},"post_mailing_queue_ids":[],"_links":{"self":[{"href":"https:\/\/www.laguiadepamplona.com\/actualidad\/wp-json\/wp\/v2\/posts\/652","targetHints":{"allow":["GET"]}}],"collection":[{"href":"https:\/\/www.laguiadepamplona.com\/actualidad\/wp-json\/wp\/v2\/posts"}],"about":[{"href":"https:\/\/www.laguiadepamplona.com\/actualidad\/wp-json\/wp\/v2\/types\/post"}],"author":[{"embeddable":true,"href":"https:\/\/www.laguiadepamplona.com\/actualidad\/wp-json\/wp\/v2\/users\/1"}],"replies":[{"embeddable":true,"href":"https:\/\/www.laguiadepamplona.com\/actualidad\/wp-json\/wp\/v2\/comments?post=652"}],"version-history":[{"count":0,"href":"https:\/\/www.laguiadepamplona.com\/actualidad\/wp-json\/wp\/v2\/posts\/652\/revisions"}],"wp:featuredmedia":[{"embeddable":true,"href":"https:\/\/www.laguiadepamplona.com\/actualidad\/wp-json\/"}],"wp:attachment":[{"href":"https:\/\/www.laguiadepamplona.com\/actualidad\/wp-json\/wp\/v2\/media?parent=652"}],"wp:term":[{"taxonomy":"category","embeddable":true,"href":"https:\/\/www.laguiadepamplona.com\/actualidad\/wp-json\/wp\/v2\/categories?post=652"},{"taxonomy":"post_tag","embeddable":true,"href":"https:\/\/www.laguiadepamplona.com\/actualidad\/wp-json\/wp\/v2\/tags?post=652"}],"curies":[{"name":"wp","href":"https:\/\/api.w.org\/{rel}","templated":true}]}}