{"id":648,"date":"2014-03-03T14:00:23","date_gmt":"2014-03-03T13:00:23","guid":{"rendered":"http:\/\/laguiadepamplona.es\/noticias\/?p=648"},"modified":"2014-03-03T14:00:23","modified_gmt":"2014-03-03T13:00:23","slug":"el-ayuntamiento-se-une-a-la-celebracion-del-dia-internacional-de-las-mujeres-con-un-programa-que-incluye-charlas-exposiciones-y-un-espectaculo-multimedia","status":"publish","type":"post","link":"https:\/\/www.laguiadepamplona.com\/actualidad\/el-ayuntamiento-se-une-a-la-celebracion-del-dia-internacional-de-las-mujeres-con-un-programa-que-incluye-charlas-exposiciones-y-un-espectaculo-multimedia\/","title":{"rendered":"El Ayuntamiento se une a la celebraci\u00f3n del D\u00eda Internacional de las Mujeres con un programa que incluye charlas, exposiciones y un espect\u00e1culo multimedia"},"content":{"rendered":"<h6>Una muestra fotogr\u00e1fica al aire libre y en Condestable visibiliza los trabajos que realizaba la mujer en la ciudad a finales del siglo XIX y principios del XX<\/h6>\n<p><a href=\"http:\/\/laguiadepamplona.es\/noticias\/wp-content\/uploads\/2014\/03\/dia_mujer-1.jpg\"><img loading=\"lazy\" decoding=\"async\" class=\"alignleft size-medium wp-image-649\" alt=\"diptico\" src=\"http:\/\/laguiadepamplona.es\/noticias\/wp-content\/uploads\/2014\/03\/dia_mujer-1-300x212.jpg\" width=\"300\" height=\"212\" \/><\/a>El Ayuntamiento de Pamplona ha preparado un variado programa de actividades con las que se suma, un a\u00f1o m\u00e1s, a la celebraci\u00f3n del D\u00eda Internacional de las Mujeres el pr\u00f3ximo 8 de marzo. La propuesta, presentada con el eslogan \u2018Todas las mujeres, todos los derechos, todos los d\u00edas\u2019, incluye un espect\u00e1culo multimedia, dos conferencias, un caf\u00e9-tertulia, un acto institucional, diversas exposiciones y la entrega de premios del certamen de fotograf\u00eda \u2018Pamplona en femenino 2014\u2019. Todas las actividades son gratuitas.<\/p>\n<p>Uno de los actos destacados este a\u00f1o es la inauguraci\u00f3n el d\u00eda 7 de la muestra fotogr\u00e1fica \u2018Los trabajos de las mujeres y su contribuci\u00f3n a la econom\u00eda familiar. Pamplona siglos XIX y XX\u2019, con la que se pretende visibilizar la contribuci\u00f3n de las mujeres a la construcci\u00f3n de la ciudad con unos trabajos generalmente no reconocidos ni valorados. La exposici\u00f3n incluye nueve fotograf\u00edas de mujeres trabajando en lugares concretos de la ciudad, que se colocar\u00e1n al aire libre en los mismos emplazamientos donde se tomaron las instant\u00e1neas originales. Las im\u00e1genes, ubicadas en la Plaza del Castillo, Dormitaler\u00eda o la fuente de Navarrer\u00eda, ir\u00e1n acompa\u00f1adas de un texto explicativo. Adem\u00e1s, Civivox Condestable acoge una exposici\u00f3n simult\u00e1nea con las citadas fotograf\u00edas m\u00e1s otras cinco de trabajos realizados en el interior de viviendas y f\u00e1bricas, que contribuyen a aportar una visi\u00f3n global de los oficios realizados por las mujeres a finales del siglo XIX y principios del XX. La muestra por las calles podr\u00e1 verse hasta el 21 de marzo, mientras que la de Condestable estar\u00e1 abierta hasta el 10 de abril.<\/p>\n<p>Con esta programaci\u00f3n, el Consistorio pretende sensibilizar a la poblaci\u00f3n y fomentar valores relacionados con la igualdad de oportunidades, para continuar avanzando hacia una sociedad m\u00e1s justa e igualitaria, tal y como se recoge en el II Plan de Igualdad de Oportunidades entre Mujeres y Hombres del Ayuntamiento de Pamplona. En esta l\u00ednea, en el pr\u00f3ximo Pleno municipal, que se celebrar\u00e1 el jueves d\u00eda 6, se leer\u00e1 un manifiesto acordado por diversos ayuntamientos.<\/p>\n<p><strong>Humor femenino y emprendimiento<\/strong><\/p>\n<p>Las actividades arrancar\u00e1n el jueves d\u00eda 6 con una conferencia en euskera titulada \u2018Errimak umorez: zerez egiten?\u2019 (\u2018Rimas con humor: \u00bfcon qu\u00e9 nos re\u00edmos?\u2019), que se celebrar\u00e1 a las 19.30 horas en Civivox Condestable en colaboraci\u00f3n con el Ateneo Navarro. La charla correr\u00e1 a cargo de Ainhoa Agirreazaldegi, licenciada en Filolog\u00eda Vasca y en Filolog\u00eda Germ\u00e1nica, profesora de euskera, bertsolari y miembro de la secci\u00f3n de investigaci\u00f3n de la sociedad Bertsozale Elkartea. La ponente analizar\u00e1 las claves del humor femenino en el bertsolarismo en la actualidad, en una actividad ofrecida con entrada libre.<\/p>\n<p>Para el martes d\u00eda 11, el Consistorio propone un caf\u00e9-tertulia con cuatro mujeres emprendedoras navarras de sectores diversos que contar\u00e1n su experiencia profesional y personal. Concretamente asistir\u00e1n Beatriz Etayo, de Pamplona Food, una empresa que ofrece visitas guiadas, vino y gastronom\u00eda en Navarra; Cristina Ochoa, del sector de I+D en contenidos; Vanessa Fuentes, de Esea 2, una consultor\u00eda especializada en Seguridad Alimentaria y Sanidad Ambiental; y M\u00aa \u00c1ngeles Catal\u00e1n, de la empresa de caramelos artesanos Garrarte. La sesi\u00f3n, de car\u00e1cter gratuito, se desarrollar\u00e1 entre las 14.30 y las 16.30 horas en el Servicio de Promoci\u00f3n Empresarial (SPE) del Ayuntamiento, ubicado en la avenida Marcelo Celayeta, 75 (edificio IWER \u2013 entrada 4A), en el barrio de la Rochapea. Para participar es necesario confirmar previamente la asistencia a trav\u00e9s del tel\u00e9fono 948 382560 o del correo electr\u00f3nico <a href=\"mailto:spe@pamplona.es\">spe@pamplona.es<\/a>.<\/p>\n<p><strong>Entrega de premios y charla sobre agricultoras<\/strong><\/p>\n<p>Civivox Condestable ser\u00e1 escenario tambi\u00e9n el d\u00eda 11 de la entrega de premios del concurso de fotograf\u00eda \u2018Pamplona en femenino 2014\u2019. Este certamen municipal, que se celebra por octavo a\u00f1o consecutivo, trata de reflejar la presencia de las mujeres en todos los \u00e1mbitos de la vida en la ciudad: en la historia, el arte, la cultura, las tradiciones y costumbres, la modernidad y la vanguardia, en la educaci\u00f3n y la formaci\u00f3n, en el trabajo y en la vida social, familiar y cotidiana. Asimismo, en el transcurso del acto, que comenzar\u00e1 a las 20 horas, quedar\u00e1 inaugurada una exposici\u00f3n con todas las fotograf\u00edas premiadas y seleccionadas este a\u00f1o, que permanecer\u00e1 abierta al p\u00fablico hasta el 29 de marzo.<\/p>\n<p>\u2018El papel de las mujeres en la agricultura\u2019 es el t\u00edtulo de la siguiente actividad programada, una charla que presentar\u00e1 el Museo de Educaci\u00f3n Ambiental el mi\u00e9rcoles d\u00eda 12 a las 19 horas y que contar\u00e1 con la presencia de representantes de la Asociaci\u00f3n de Mujeres Rurales de Navarra y de la Asociaci\u00f3n Agroecol\u00f3gica ARREA. En la misma l\u00ednea y complementando esta sesi\u00f3n, el museo acoge, entre el 3 y el 14 de marzo, una exposici\u00f3n sobre \u2018La mujer como garante de la soberan\u00eda alimentaria\u2019 organizada por Sodepaz.<\/p>\n<p><strong>M\u00fasica y exposiciones en la Ciudadela<\/strong><\/p>\n<p>El viernes d\u00eda 14 de marzo, la escuela de canto M\u00aa Eugenia Echarren presentar\u00e1 en Civivox San Jorge el espect\u00e1culo multimedia \u2018Gracias a la vida\u2019. A trav\u00e9s de la m\u00fasica y las im\u00e1genes, intentar\u00e1n acercar al p\u00fablico asistente al universo creativo de las cantantes latinoamericanas. La cita ser\u00e1 a las 20 horas y podr\u00e1n retirarse invitaciones desde una hora antes, con un m\u00e1ximo de dos por persona.<\/p>\n<p>Por \u00faltimo, durante estos d\u00edas pueden visitarse en la Ciudadela dos exposiciones organizadas dentro del festival Miradas de Mujeres 2014, y que vienen a sumarse a los actos conmemorativos del D\u00eda Internacional de las Mujeres. La tafallesa Asun Requena es la autora de la muestra pict\u00f3rica \u20183565R\u2019, mientras que \u2018Summa Contempor\u00e1nea Svmmis\u2019 presenta la obra de la artista Ana Dmatos. Estas exposiciones podr\u00e1n verse en el Polvor\u00edn y en el Horno respectivamente hasta el 6 de abril.<\/p>\n<p>&nbsp;<\/p>\n<div>\n<p><strong>Programa municipal \u2018D\u00eda Internacional de las Mujeres\u2019<\/strong><\/p>\n<\/div>\n<p><b>JUEVES 6 DE MARZO<\/b><\/p>\n<ul>\n<li>Conferencia en euskera. \u2018Errimak umorez: zerez egiten dugu irri?\u2019 (\u2018Rimas con humor: \u00bfcon qu\u00e9 nos re\u00edmos?\u2019)\n<ul>\n<li>Con Ainhoa Agirreazaldegi, licenciada en Filolog\u00eda Vasca y Germ\u00e1nica, y en colaboraci\u00f3n con el Ateneo Navarro<\/li>\n<li>Civivox Condestable. 19.30 horas<\/li>\n<\/ul>\n<\/li>\n<\/ul>\n<p><b>\u00a0<\/b><\/p>\n<p><b>VIERNES 7 DE MARZO<\/b><\/p>\n<ul>\n<li>Acto institucional<\/li>\n<li>Inauguraci\u00f3n de la exposici\u00f3n fotogr\u00e1fica \u2018Los trabajos de las mujeres y su contribuci\u00f3n a la econom\u00eda familiar. Pamplona siglos XIX y XX\u2019\n<ul>\n<li>Civivox Condestable (hasta el 10 de abril) y calles de la ciudad (hasta el 21 de marzo)<\/li>\n<\/ul>\n<\/li>\n<\/ul>\n<p><b>\u00a0<\/b><\/p>\n<p><b>MARTES 11 DE MARZO<\/b><\/p>\n<ul>\n<li>Caf\u00e9-tertulia con emprendedoras navarras\n<ul>\n<li>Servicio de Promoci\u00f3n Empresarial. Avenida Marcelo Celayeta, 25. Edificio IWER. Entrada 4 A. De 14.30 a 16.30 horas<\/li>\n<li>Confirmaci\u00f3n previa de asistencia en el tel\u00e9fono 948 382560 o en el correo <a href=\"mailto:spe@pamplona.es\">spe@pamplona.es<\/a><\/li>\n<li>Entrega de premios del concurso de fotograf\u00eda &#8216;Pamplona en femenino 2014\u2019 e inauguraci\u00f3n de la exposici\u00f3n\n<ul>\n<li>Civivox Condestable. 20 horas<\/li>\n<li>Exposici\u00f3n: hasta el 29 de marzo<\/li>\n<\/ul>\n<\/li>\n<\/ul>\n<\/li>\n<\/ul>\n<p><b>\u00a0<\/b><\/p>\n<p><b>MI\u00c9RCOLES 12 DE MARZO<\/b><\/p>\n<ul>\n<li>Conferencia. \u2018El papel de las mujeres en la agricultura\u2019\n<ul>\n<li>Con Asociaci\u00f3n de Mujeres Rurales de Navarra y Asociaci\u00f3n Agroecol\u00f3gica ARREA<\/li>\n<li>Museo de Educaci\u00f3n Ambiental. 19 horas<\/li>\n<li>Servicio de ludoteca gratuita con inscripci\u00f3n previa en el 948 149804<\/li>\n<\/ul>\n<\/li>\n<\/ul>\n<p><b>\u00a0<\/b><\/p>\n<p><b>VIERNES 14 DE MARZO<\/b><\/p>\n<ul>\n<li>Espect\u00e1culo multimedia. \u2018Gracias a la vida\u2019\n<ul>\n<li>Escuela de Canto M\u00aa Eugenia Echarren<b> <\/b><\/li>\n<li>Civivox San Jorge. 20 horas<\/li>\n<li>Entrada libre previa retirada de invitaciones desde una hora antes, m\u00e1ximo dos por persona<\/li>\n<\/ul>\n<\/li>\n<\/ul>\n<p><b>\u00a0<\/b><\/p>\n<p><b>OTRAS EXPOSICIONES<\/b><\/p>\n<ul>\n<li>Asun Requena. \u20183565R\u2019\n<ul>\n<li>Polvor\u00edn de la Ciudadela. Del 20 de febrero al 6 de abril<\/li>\n<li>Ana Dmatos. \u2018Summa Contempor\u00e1nea\u2019\n<ul>\n<li>Horno de la Ciudadela. Del 7 de marzo al 6 de abril<\/li>\n<li>\u2018La mujer como garante de la soberan\u00eda alimentaria\u2019. Sodepaz\n<ul>\n<li>Museo de Educaci\u00f3n Ambiental. Del 3 al 14 de marzo<\/li>\n<\/ul>\n<\/li>\n<\/ul>\n<\/li>\n<\/ul>\n<\/li>\n<\/ul>\n<p>&nbsp;<\/p>\n<h3><b>\u00a0<a href=\"http:\/\/laguiadepamplona.es\/noticias\/wp-content\/uploads\/2014\/03\/dia_mujer.pdf\" target=\"_blank\">dia_mujer.pdf<\/a><\/b><\/h3>\n","protected":false},"excerpt":{"rendered":"<p>Una muestra fotogr\u00e1fica al aire libre y en Condestable visibiliza los trabajos que realizaba la mujer en la ciudad a finales del siglo XIX y principios del XX El Ayuntamiento&#8230;<\/p>\n","protected":false},"author":1,"featured_media":649,"comment_status":"open","ping_status":"open","sticky":false,"template":"","format":"standard","meta":{"footnotes":""},"categories":[2],"tags":[5,6,393,8,9],"class_list":["post-648","post","type-post","status-publish","format-standard","has-post-thumbnail","hentry","category-ayuntamiento-pamplona","tag-actualidad","tag-ayto-pamplona","tag-internacional-de-las-mujeres","tag-noticias","tag-pamplona"],"yoast_head":"<!-- This site is optimized with the Yoast SEO plugin v27.5 - https:\/\/yoast.com\/product\/yoast-seo-wordpress\/ -->\n<title>El Ayuntamiento se une a la celebraci\u00f3n del D\u00eda Internacional de las Mujeres con un programa que incluye charlas, exposiciones y un espect\u00e1culo multimedia<\/title>\n<meta name=\"robots\" content=\"index, follow, max-snippet:-1, max-image-preview:large, max-video-preview:-1\" \/>\n<link rel=\"canonical\" href=\"https:\/\/www.laguiadepamplona.com\/actualidad\/el-ayuntamiento-se-une-a-la-celebracion-del-dia-internacional-de-las-mujeres-con-un-programa-que-incluye-charlas-exposiciones-y-un-espectaculo-multimedia\/\" \/>\n<meta property=\"og:locale\" content=\"es_ES\" \/>\n<meta property=\"og:type\" content=\"article\" \/>\n<meta property=\"og:title\" content=\"El Ayuntamiento se une a la celebraci\u00f3n del D\u00eda Internacional de las Mujeres con un programa que incluye charlas, exposiciones y un espect\u00e1culo multimedia\" \/>\n<meta property=\"og:description\" content=\"Una muestra fotogr\u00e1fica al aire libre y en Condestable visibiliza los trabajos que realizaba la mujer en la ciudad a finales del siglo XIX y principios del XX El Ayuntamiento...\" \/>\n<meta property=\"og:url\" content=\"https:\/\/www.laguiadepamplona.com\/actualidad\/el-ayuntamiento-se-une-a-la-celebracion-del-dia-internacional-de-las-mujeres-con-un-programa-que-incluye-charlas-exposiciones-y-un-espectaculo-multimedia\/\" \/>\n<meta property=\"og:site_name\" content=\"La Gu\u00eda de Pamplona\" \/>\n<meta property=\"article:publisher\" content=\"https:\/\/www.facebook.com\/laguiadepamplonacom-133175176762273\/?ref=hl\" \/>\n<meta property=\"article:published_time\" content=\"2014-03-03T13:00:23+00:00\" \/>\n<meta name=\"author\" content=\"La Gu\u00eda de Pamplona\" \/>\n<meta name=\"twitter:card\" content=\"summary_large_image\" \/>\n<meta name=\"twitter:creator\" content=\"@LaGuiadPamplona\" \/>\n<meta name=\"twitter:site\" content=\"@LaGuiadPamplona\" \/>\n<meta name=\"twitter:label1\" content=\"Escrito por\" \/>\n\t<meta name=\"twitter:data1\" content=\"La Gu\u00eda de Pamplona\" \/>\n\t<meta name=\"twitter:label2\" content=\"Tiempo de lectura\" \/>\n\t<meta name=\"twitter:data2\" content=\"7 minutos\" \/>\n<script type=\"application\/ld+json\" class=\"yoast-schema-graph\">{\"@context\":\"https:\\\/\\\/schema.org\",\"@graph\":[{\"@type\":\"Article\",\"@id\":\"https:\\\/\\\/www.laguiadepamplona.com\\\/actualidad\\\/el-ayuntamiento-se-une-a-la-celebracion-del-dia-internacional-de-las-mujeres-con-un-programa-que-incluye-charlas-exposiciones-y-un-espectaculo-multimedia\\\/#article\",\"isPartOf\":{\"@id\":\"https:\\\/\\\/www.laguiadepamplona.com\\\/actualidad\\\/el-ayuntamiento-se-une-a-la-celebracion-del-dia-internacional-de-las-mujeres-con-un-programa-que-incluye-charlas-exposiciones-y-un-espectaculo-multimedia\\\/\"},\"author\":{\"name\":\"La Gu\u00eda de Pamplona\",\"@id\":\"https:\\\/\\\/www.laguiadepamplona.com\\\/actualidad\\\/#\\\/schema\\\/person\\\/efe887376f0213d4657c93adc50b1fdb\"},\"headline\":\"El Ayuntamiento se une a la celebraci\u00f3n del D\u00eda Internacional de las Mujeres con un programa que incluye charlas, exposiciones y un espect\u00e1culo multimedia\",\"datePublished\":\"2014-03-03T13:00:23+00:00\",\"mainEntityOfPage\":{\"@id\":\"https:\\\/\\\/www.laguiadepamplona.com\\\/actualidad\\\/el-ayuntamiento-se-une-a-la-celebracion-del-dia-internacional-de-las-mujeres-con-un-programa-que-incluye-charlas-exposiciones-y-un-espectaculo-multimedia\\\/\"},\"wordCount\":1352,\"commentCount\":0,\"publisher\":{\"@id\":\"https:\\\/\\\/www.laguiadepamplona.com\\\/actualidad\\\/#organization\"},\"image\":{\"@id\":\"https:\\\/\\\/www.laguiadepamplona.com\\\/actualidad\\\/el-ayuntamiento-se-une-a-la-celebracion-del-dia-internacional-de-las-mujeres-con-un-programa-que-incluye-charlas-exposiciones-y-un-espectaculo-multimedia\\\/#primaryimage\"},\"thumbnailUrl\":\"\",\"keywords\":[\"actualidad\",\"ayto pamplona\",\"Internacional de las Mujeres\",\"noticias\",\"pamplona\"],\"articleSection\":[\"Ayto Pamplona\"],\"inLanguage\":\"es\",\"potentialAction\":[{\"@type\":\"CommentAction\",\"name\":\"Comment\",\"target\":[\"https:\\\/\\\/www.laguiadepamplona.com\\\/actualidad\\\/el-ayuntamiento-se-une-a-la-celebracion-del-dia-internacional-de-las-mujeres-con-un-programa-que-incluye-charlas-exposiciones-y-un-espectaculo-multimedia\\\/#respond\"]}]},{\"@type\":\"WebPage\",\"@id\":\"https:\\\/\\\/www.laguiadepamplona.com\\\/actualidad\\\/el-ayuntamiento-se-une-a-la-celebracion-del-dia-internacional-de-las-mujeres-con-un-programa-que-incluye-charlas-exposiciones-y-un-espectaculo-multimedia\\\/\",\"url\":\"https:\\\/\\\/www.laguiadepamplona.com\\\/actualidad\\\/el-ayuntamiento-se-une-a-la-celebracion-del-dia-internacional-de-las-mujeres-con-un-programa-que-incluye-charlas-exposiciones-y-un-espectaculo-multimedia\\\/\",\"name\":\"El Ayuntamiento se une a la celebraci\u00f3n del D\u00eda Internacional de las Mujeres con un programa que incluye charlas, exposiciones y un espect\u00e1culo multimedia\",\"isPartOf\":{\"@id\":\"https:\\\/\\\/www.laguiadepamplona.com\\\/actualidad\\\/#website\"},\"primaryImageOfPage\":{\"@id\":\"https:\\\/\\\/www.laguiadepamplona.com\\\/actualidad\\\/el-ayuntamiento-se-une-a-la-celebracion-del-dia-internacional-de-las-mujeres-con-un-programa-que-incluye-charlas-exposiciones-y-un-espectaculo-multimedia\\\/#primaryimage\"},\"image\":{\"@id\":\"https:\\\/\\\/www.laguiadepamplona.com\\\/actualidad\\\/el-ayuntamiento-se-une-a-la-celebracion-del-dia-internacional-de-las-mujeres-con-un-programa-que-incluye-charlas-exposiciones-y-un-espectaculo-multimedia\\\/#primaryimage\"},\"thumbnailUrl\":\"\",\"datePublished\":\"2014-03-03T13:00:23+00:00\",\"breadcrumb\":{\"@id\":\"https:\\\/\\\/www.laguiadepamplona.com\\\/actualidad\\\/el-ayuntamiento-se-une-a-la-celebracion-del-dia-internacional-de-las-mujeres-con-un-programa-que-incluye-charlas-exposiciones-y-un-espectaculo-multimedia\\\/#breadcrumb\"},\"inLanguage\":\"es\",\"potentialAction\":[{\"@type\":\"ReadAction\",\"target\":[\"https:\\\/\\\/www.laguiadepamplona.com\\\/actualidad\\\/el-ayuntamiento-se-une-a-la-celebracion-del-dia-internacional-de-las-mujeres-con-un-programa-que-incluye-charlas-exposiciones-y-un-espectaculo-multimedia\\\/\"]}]},{\"@type\":\"ImageObject\",\"inLanguage\":\"es\",\"@id\":\"https:\\\/\\\/www.laguiadepamplona.com\\\/actualidad\\\/el-ayuntamiento-se-une-a-la-celebracion-del-dia-internacional-de-las-mujeres-con-un-programa-que-incluye-charlas-exposiciones-y-un-espectaculo-multimedia\\\/#primaryimage\",\"url\":\"\",\"contentUrl\":\"\"},{\"@type\":\"BreadcrumbList\",\"@id\":\"https:\\\/\\\/www.laguiadepamplona.com\\\/actualidad\\\/el-ayuntamiento-se-une-a-la-celebracion-del-dia-internacional-de-las-mujeres-con-un-programa-que-incluye-charlas-exposiciones-y-un-espectaculo-multimedia\\\/#breadcrumb\",\"itemListElement\":[{\"@type\":\"ListItem\",\"position\":1,\"name\":\"Portada\",\"item\":\"https:\\\/\\\/www.laguiadepamplona.com\\\/actualidad\\\/\"},{\"@type\":\"ListItem\",\"position\":2,\"name\":\"El Ayuntamiento se une a la celebraci\u00f3n del D\u00eda Internacional de las Mujeres con un programa que incluye charlas, exposiciones y un espect\u00e1culo multimedia\"}]},{\"@type\":\"WebSite\",\"@id\":\"https:\\\/\\\/www.laguiadepamplona.com\\\/actualidad\\\/#website\",\"url\":\"https:\\\/\\\/www.laguiadepamplona.com\\\/actualidad\\\/\",\"name\":\"La gu\u00eda de Pamplona\",\"description\":\"Noticias de Pamplona\",\"publisher\":{\"@id\":\"https:\\\/\\\/www.laguiadepamplona.com\\\/actualidad\\\/#organization\"},\"potentialAction\":[{\"@type\":\"SearchAction\",\"target\":{\"@type\":\"EntryPoint\",\"urlTemplate\":\"https:\\\/\\\/www.laguiadepamplona.com\\\/actualidad\\\/?s={search_term_string}\"},\"query-input\":{\"@type\":\"PropertyValueSpecification\",\"valueRequired\":true,\"valueName\":\"search_term_string\"}}],\"inLanguage\":\"es\"},{\"@type\":\"Organization\",\"@id\":\"https:\\\/\\\/www.laguiadepamplona.com\\\/actualidad\\\/#organization\",\"name\":\"La Gu\u00eda de Pamplona \\\/ Noticias\",\"url\":\"https:\\\/\\\/www.laguiadepamplona.com\\\/actualidad\\\/\",\"logo\":{\"@type\":\"ImageObject\",\"inLanguage\":\"es\",\"@id\":\"https:\\\/\\\/www.laguiadepamplona.com\\\/actualidad\\\/#\\\/schema\\\/logo\\\/image\\\/\",\"url\":\"https:\\\/\\\/www.laguiadepamplona.com\\\/actualidad\\\/wp-content\\\/uploads\\\/2018\\\/11\\\/logo-laguiadepamplona18-web1.png\",\"contentUrl\":\"https:\\\/\\\/www.laguiadepamplona.com\\\/actualidad\\\/wp-content\\\/uploads\\\/2018\\\/11\\\/logo-laguiadepamplona18-web1.png\",\"width\":600,\"height\":196,\"caption\":\"La Gu\u00eda de Pamplona \\\/ Noticias\"},\"image\":{\"@id\":\"https:\\\/\\\/www.laguiadepamplona.com\\\/actualidad\\\/#\\\/schema\\\/logo\\\/image\\\/\"},\"sameAs\":[\"https:\\\/\\\/www.facebook.com\\\/laguiadepamplonacom-133175176762273\\\/?ref=hl\",\"https:\\\/\\\/x.com\\\/LaGuiadPamplona\",\"https:\\\/\\\/www.instagram.com\\\/la_guia_de_pamplona\\\/\",\"https:\\\/\\\/www.youtube.com\\\/user\\\/laguiadepamplona\"]},{\"@type\":\"Person\",\"@id\":\"https:\\\/\\\/www.laguiadepamplona.com\\\/actualidad\\\/#\\\/schema\\\/person\\\/efe887376f0213d4657c93adc50b1fdb\",\"name\":\"La Gu\u00eda de Pamplona\",\"image\":{\"@type\":\"ImageObject\",\"inLanguage\":\"es\",\"@id\":\"https:\\\/\\\/secure.gravatar.com\\\/avatar\\\/b6992f131dc8d30ab0dff15446e9d346d9dbd95992de0fef795073f5ea83a81c?s=96&d=mm&r=g\",\"url\":\"https:\\\/\\\/secure.gravatar.com\\\/avatar\\\/b6992f131dc8d30ab0dff15446e9d346d9dbd95992de0fef795073f5ea83a81c?s=96&d=mm&r=g\",\"contentUrl\":\"https:\\\/\\\/secure.gravatar.com\\\/avatar\\\/b6992f131dc8d30ab0dff15446e9d346d9dbd95992de0fef795073f5ea83a81c?s=96&d=mm&r=g\",\"caption\":\"La Gu\u00eda de Pamplona\"}}]}<\/script>\n<!-- \/ Yoast SEO plugin. -->","yoast_head_json":{"title":"El Ayuntamiento se une a la celebraci\u00f3n del D\u00eda Internacional de las Mujeres con un programa que incluye charlas, exposiciones y un espect\u00e1culo multimedia","robots":{"index":"index","follow":"follow","max-snippet":"max-snippet:-1","max-image-preview":"max-image-preview:large","max-video-preview":"max-video-preview:-1"},"canonical":"https:\/\/www.laguiadepamplona.com\/actualidad\/el-ayuntamiento-se-une-a-la-celebracion-del-dia-internacional-de-las-mujeres-con-un-programa-que-incluye-charlas-exposiciones-y-un-espectaculo-multimedia\/","og_locale":"es_ES","og_type":"article","og_title":"El Ayuntamiento se une a la celebraci\u00f3n del D\u00eda Internacional de las Mujeres con un programa que incluye charlas, exposiciones y un espect\u00e1culo multimedia","og_description":"Una muestra fotogr\u00e1fica al aire libre y en Condestable visibiliza los trabajos que realizaba la mujer en la ciudad a finales del siglo XIX y principios del XX El Ayuntamiento...","og_url":"https:\/\/www.laguiadepamplona.com\/actualidad\/el-ayuntamiento-se-une-a-la-celebracion-del-dia-internacional-de-las-mujeres-con-un-programa-que-incluye-charlas-exposiciones-y-un-espectaculo-multimedia\/","og_site_name":"La Gu\u00eda de Pamplona","article_publisher":"https:\/\/www.facebook.com\/laguiadepamplonacom-133175176762273\/?ref=hl","article_published_time":"2014-03-03T13:00:23+00:00","author":"La Gu\u00eda de Pamplona","twitter_card":"summary_large_image","twitter_creator":"@LaGuiadPamplona","twitter_site":"@LaGuiadPamplona","twitter_misc":{"Escrito por":"La Gu\u00eda de Pamplona","Tiempo de lectura":"7 minutos"},"schema":{"@context":"https:\/\/schema.org","@graph":[{"@type":"Article","@id":"https:\/\/www.laguiadepamplona.com\/actualidad\/el-ayuntamiento-se-une-a-la-celebracion-del-dia-internacional-de-las-mujeres-con-un-programa-que-incluye-charlas-exposiciones-y-un-espectaculo-multimedia\/#article","isPartOf":{"@id":"https:\/\/www.laguiadepamplona.com\/actualidad\/el-ayuntamiento-se-une-a-la-celebracion-del-dia-internacional-de-las-mujeres-con-un-programa-que-incluye-charlas-exposiciones-y-un-espectaculo-multimedia\/"},"author":{"name":"La Gu\u00eda de Pamplona","@id":"https:\/\/www.laguiadepamplona.com\/actualidad\/#\/schema\/person\/efe887376f0213d4657c93adc50b1fdb"},"headline":"El Ayuntamiento se une a la celebraci\u00f3n del D\u00eda Internacional de las Mujeres con un programa que incluye charlas, exposiciones y un espect\u00e1culo multimedia","datePublished":"2014-03-03T13:00:23+00:00","mainEntityOfPage":{"@id":"https:\/\/www.laguiadepamplona.com\/actualidad\/el-ayuntamiento-se-une-a-la-celebracion-del-dia-internacional-de-las-mujeres-con-un-programa-que-incluye-charlas-exposiciones-y-un-espectaculo-multimedia\/"},"wordCount":1352,"commentCount":0,"publisher":{"@id":"https:\/\/www.laguiadepamplona.com\/actualidad\/#organization"},"image":{"@id":"https:\/\/www.laguiadepamplona.com\/actualidad\/el-ayuntamiento-se-une-a-la-celebracion-del-dia-internacional-de-las-mujeres-con-un-programa-que-incluye-charlas-exposiciones-y-un-espectaculo-multimedia\/#primaryimage"},"thumbnailUrl":"","keywords":["actualidad","ayto pamplona","Internacional de las Mujeres","noticias","pamplona"],"articleSection":["Ayto Pamplona"],"inLanguage":"es","potentialAction":[{"@type":"CommentAction","name":"Comment","target":["https:\/\/www.laguiadepamplona.com\/actualidad\/el-ayuntamiento-se-une-a-la-celebracion-del-dia-internacional-de-las-mujeres-con-un-programa-que-incluye-charlas-exposiciones-y-un-espectaculo-multimedia\/#respond"]}]},{"@type":"WebPage","@id":"https:\/\/www.laguiadepamplona.com\/actualidad\/el-ayuntamiento-se-une-a-la-celebracion-del-dia-internacional-de-las-mujeres-con-un-programa-que-incluye-charlas-exposiciones-y-un-espectaculo-multimedia\/","url":"https:\/\/www.laguiadepamplona.com\/actualidad\/el-ayuntamiento-se-une-a-la-celebracion-del-dia-internacional-de-las-mujeres-con-un-programa-que-incluye-charlas-exposiciones-y-un-espectaculo-multimedia\/","name":"El Ayuntamiento se une a la celebraci\u00f3n del D\u00eda Internacional de las Mujeres con un programa que incluye charlas, exposiciones y un espect\u00e1culo multimedia","isPartOf":{"@id":"https:\/\/www.laguiadepamplona.com\/actualidad\/#website"},"primaryImageOfPage":{"@id":"https:\/\/www.laguiadepamplona.com\/actualidad\/el-ayuntamiento-se-une-a-la-celebracion-del-dia-internacional-de-las-mujeres-con-un-programa-que-incluye-charlas-exposiciones-y-un-espectaculo-multimedia\/#primaryimage"},"image":{"@id":"https:\/\/www.laguiadepamplona.com\/actualidad\/el-ayuntamiento-se-une-a-la-celebracion-del-dia-internacional-de-las-mujeres-con-un-programa-que-incluye-charlas-exposiciones-y-un-espectaculo-multimedia\/#primaryimage"},"thumbnailUrl":"","datePublished":"2014-03-03T13:00:23+00:00","breadcrumb":{"@id":"https:\/\/www.laguiadepamplona.com\/actualidad\/el-ayuntamiento-se-une-a-la-celebracion-del-dia-internacional-de-las-mujeres-con-un-programa-que-incluye-charlas-exposiciones-y-un-espectaculo-multimedia\/#breadcrumb"},"inLanguage":"es","potentialAction":[{"@type":"ReadAction","target":["https:\/\/www.laguiadepamplona.com\/actualidad\/el-ayuntamiento-se-une-a-la-celebracion-del-dia-internacional-de-las-mujeres-con-un-programa-que-incluye-charlas-exposiciones-y-un-espectaculo-multimedia\/"]}]},{"@type":"ImageObject","inLanguage":"es","@id":"https:\/\/www.laguiadepamplona.com\/actualidad\/el-ayuntamiento-se-une-a-la-celebracion-del-dia-internacional-de-las-mujeres-con-un-programa-que-incluye-charlas-exposiciones-y-un-espectaculo-multimedia\/#primaryimage","url":"","contentUrl":""},{"@type":"BreadcrumbList","@id":"https:\/\/www.laguiadepamplona.com\/actualidad\/el-ayuntamiento-se-une-a-la-celebracion-del-dia-internacional-de-las-mujeres-con-un-programa-que-incluye-charlas-exposiciones-y-un-espectaculo-multimedia\/#breadcrumb","itemListElement":[{"@type":"ListItem","position":1,"name":"Portada","item":"https:\/\/www.laguiadepamplona.com\/actualidad\/"},{"@type":"ListItem","position":2,"name":"El Ayuntamiento se une a la celebraci\u00f3n del D\u00eda Internacional de las Mujeres con un programa que incluye charlas, exposiciones y un espect\u00e1culo multimedia"}]},{"@type":"WebSite","@id":"https:\/\/www.laguiadepamplona.com\/actualidad\/#website","url":"https:\/\/www.laguiadepamplona.com\/actualidad\/","name":"La gu\u00eda de Pamplona","description":"Noticias de Pamplona","publisher":{"@id":"https:\/\/www.laguiadepamplona.com\/actualidad\/#organization"},"potentialAction":[{"@type":"SearchAction","target":{"@type":"EntryPoint","urlTemplate":"https:\/\/www.laguiadepamplona.com\/actualidad\/?s={search_term_string}"},"query-input":{"@type":"PropertyValueSpecification","valueRequired":true,"valueName":"search_term_string"}}],"inLanguage":"es"},{"@type":"Organization","@id":"https:\/\/www.laguiadepamplona.com\/actualidad\/#organization","name":"La Gu\u00eda de Pamplona \/ Noticias","url":"https:\/\/www.laguiadepamplona.com\/actualidad\/","logo":{"@type":"ImageObject","inLanguage":"es","@id":"https:\/\/www.laguiadepamplona.com\/actualidad\/#\/schema\/logo\/image\/","url":"https:\/\/www.laguiadepamplona.com\/actualidad\/wp-content\/uploads\/2018\/11\/logo-laguiadepamplona18-web1.png","contentUrl":"https:\/\/www.laguiadepamplona.com\/actualidad\/wp-content\/uploads\/2018\/11\/logo-laguiadepamplona18-web1.png","width":600,"height":196,"caption":"La Gu\u00eda de Pamplona \/ Noticias"},"image":{"@id":"https:\/\/www.laguiadepamplona.com\/actualidad\/#\/schema\/logo\/image\/"},"sameAs":["https:\/\/www.facebook.com\/laguiadepamplonacom-133175176762273\/?ref=hl","https:\/\/x.com\/LaGuiadPamplona","https:\/\/www.instagram.com\/la_guia_de_pamplona\/","https:\/\/www.youtube.com\/user\/laguiadepamplona"]},{"@type":"Person","@id":"https:\/\/www.laguiadepamplona.com\/actualidad\/#\/schema\/person\/efe887376f0213d4657c93adc50b1fdb","name":"La Gu\u00eda de Pamplona","image":{"@type":"ImageObject","inLanguage":"es","@id":"https:\/\/secure.gravatar.com\/avatar\/b6992f131dc8d30ab0dff15446e9d346d9dbd95992de0fef795073f5ea83a81c?s=96&d=mm&r=g","url":"https:\/\/secure.gravatar.com\/avatar\/b6992f131dc8d30ab0dff15446e9d346d9dbd95992de0fef795073f5ea83a81c?s=96&d=mm&r=g","contentUrl":"https:\/\/secure.gravatar.com\/avatar\/b6992f131dc8d30ab0dff15446e9d346d9dbd95992de0fef795073f5ea83a81c?s=96&d=mm&r=g","caption":"La Gu\u00eda de Pamplona"}}]}},"post_mailing_queue_ids":[],"_links":{"self":[{"href":"https:\/\/www.laguiadepamplona.com\/actualidad\/wp-json\/wp\/v2\/posts\/648","targetHints":{"allow":["GET"]}}],"collection":[{"href":"https:\/\/www.laguiadepamplona.com\/actualidad\/wp-json\/wp\/v2\/posts"}],"about":[{"href":"https:\/\/www.laguiadepamplona.com\/actualidad\/wp-json\/wp\/v2\/types\/post"}],"author":[{"embeddable":true,"href":"https:\/\/www.laguiadepamplona.com\/actualidad\/wp-json\/wp\/v2\/users\/1"}],"replies":[{"embeddable":true,"href":"https:\/\/www.laguiadepamplona.com\/actualidad\/wp-json\/wp\/v2\/comments?post=648"}],"version-history":[{"count":0,"href":"https:\/\/www.laguiadepamplona.com\/actualidad\/wp-json\/wp\/v2\/posts\/648\/revisions"}],"wp:featuredmedia":[{"embeddable":true,"href":"https:\/\/www.laguiadepamplona.com\/actualidad\/wp-json\/"}],"wp:attachment":[{"href":"https:\/\/www.laguiadepamplona.com\/actualidad\/wp-json\/wp\/v2\/media?parent=648"}],"wp:term":[{"taxonomy":"category","embeddable":true,"href":"https:\/\/www.laguiadepamplona.com\/actualidad\/wp-json\/wp\/v2\/categories?post=648"},{"taxonomy":"post_tag","embeddable":true,"href":"https:\/\/www.laguiadepamplona.com\/actualidad\/wp-json\/wp\/v2\/tags?post=648"}],"curies":[{"name":"wp","href":"https:\/\/api.w.org\/{rel}","templated":true}]}}