{"id":6462,"date":"2015-07-03T12:39:54","date_gmt":"2015-07-03T10:39:54","guid":{"rendered":"http:\/\/laguiadepamplona.com\/actualidad\/?p=6462"},"modified":"2015-07-03T12:39:54","modified_gmt":"2015-07-03T10:39:54","slug":"delegadas-las-presidencias-de-los-festejos-taurinos-de-la-feria-del-toro-de-san-fermin-2015","status":"publish","type":"post","link":"https:\/\/www.laguiadepamplona.com\/actualidad\/delegadas-las-presidencias-de-los-festejos-taurinos-de-la-feria-del-toro-de-san-fermin-2015\/","title":{"rendered":"Delegadas las presidencias de los festejos taurinos de la Feria del Toro de San Ferm\u00edn 2015"},"content":{"rendered":"<p class=\"western\" lang=\"es-ES\"><a href=\"http:\/\/laguiadepamplona.com\/actualidad\/wp-content\/uploads\/2015\/06\/cartel-feria-toro-2015.jpg\"><img loading=\"lazy\" decoding=\"async\" class=\"alignleft size-medium wp-image-6404\" src=\"http:\/\/laguiadepamplona.com\/actualidad\/wp-content\/uploads\/2015\/06\/cartel-feria-toro-2015-214x300.jpg\" alt=\"cartel-feria-toro-2015\" width=\"214\" height=\"300\" \/><\/a>El alcalde de Pamplona, Joseba Asiron, ha aprobado la resoluci\u00f3n en la que delega siete de las ocho presidencias de las corridas de toros de fiestas. El alcalde presidir\u00e1, como es tradici\u00f3n, la del d\u00eda 7 de julio, este a\u00f1o con toros de Jandilla, y delega las del resto de festejos de la Feria del Toro, entre el 8 y el 14 de julio. Tres concejales de UPN, dos de Geroa, uno de EH Bildu, adem\u00e1s del alcalde, y uno de PSN presidir\u00e1n esas corridas de toros.<\/p>\n<p lang=\"es-ES\"><span style=\"font-family: Arial, sans-serif;\">El mi\u00e9rcoles 8 de julio presidir\u00e1 la corrida, con toros de la ganader\u00eda del Tajo \u2013 ganader\u00eda La Reina, Mikel Armend\u00e1riz (Geroa Bai); el jueves 9, con astados de Victoriano del R\u00edo, ser\u00e1 el turno de Enrique Maya (UPN); el viernes 10 presidir\u00e1 Maite Esporr\u00edn (PSN) y protagonizar\u00e1n la corrida los toros de Fuente Ymbro. El s\u00e1bado 11 de julio, con toros de Jos\u00e9 Escolar Gil, la corrida contar\u00e1 con la presidencia de Mar\u00eda Garc\u00eda-Barberena (UPN). El domingo 12, con astados de Conde de la Maza, presidir\u00e1 I\u00f1aki Cabas\u00e9s (Geroa Bai); el lunes 13 ser\u00e1 el turno de Rom\u00e1n Luz\u00e1n (UPN) que ser\u00e1 el encargado de repartir los trofeos que los toreros logren de los toros de Garcigrande. Por \u00faltimo, Aritz Romeo (EH Bildu) presidir\u00e1 el \u00faltimo festejo, con toros de Miura el lunes 14 de julio.<\/span><\/p>\n<p lang=\"es-ES\"><span style=\"font-family: Arial, sans-serif;\">La labor de la presidencia en una corrida de toros consiste en dar inicio al espect\u00e1culo, en dar los avisos a los diestros o en decidir, en los casos en los que haya devoluciones de toros o en los que se plantee la suspensi\u00f3n de las corridas por eventos climatol\u00f3gicos. Asimismo, dirigen la celebraci\u00f3n a trav\u00e9s del uso de pa\u00f1uelos de colores (blanco para iniciarla, verde para devolver las reses al corral, rojos para las banderillas negras, azul para que el toro de la vuelta al ruedo o naranja para indultar al morlaco). Tambi\u00e9n deciden sobre los cambios de tercio, la concesi\u00f3n de trofeos y, en definitiva, sobre todos los extremos necesarios para el buen desarrollo del espect\u00e1culo taurino. Los presidentes cuentan con asesores taurinos para la toma de decisiones.<\/span><\/p>\n<p lang=\"es-ES\">\n<h4 class=\"apoyo-de-datos-western\">Presidencias Feria del Toro 2015<\/h4>\n<ul>\n<li><span style=\"font-family: Arial, sans-serif;\"><b>D\u00eda 7: <\/b>Joseba Asiron (EH Bildu)<\/span><\/li>\n<li><span style=\"font-family: Arial, sans-serif;\"><b>D\u00eda 8: <\/b>Mikel Armend\u00e1riz (Geroa Bai)<\/span><\/li>\n<li><span style=\"font-family: Arial, sans-serif;\"><b>D\u00eda 9: <\/b>Enrique Maya (UPN)<\/span><\/li>\n<li><span style=\"font-family: Arial, sans-serif;\"><b>D\u00eda 10: <\/b>Maite Esporr\u00edn (PSN)<\/span><\/li>\n<li><span style=\"font-family: Arial, sans-serif;\"><b>D\u00eda 11: <\/b>Mar\u00eda Garc\u00eda &#8211; Barberena (UPN)<\/span><\/li>\n<li><span style=\"font-family: Arial, sans-serif;\"><b>D\u00eda 12: <\/b>I\u00f1aki Cabas\u00e9s (Geroa Bai) <\/span><\/li>\n<li><span style=\"font-family: Arial, sans-serif;\"><b>D\u00eda 13: <\/b>Rom\u00e1n Luz\u00e1n (UPN)<\/span><\/li>\n<li><span style=\"font-family: Arial, sans-serif;\"><b>D\u00eda 14: <\/b>Aritz Romeo (EH Bildu)<\/span><\/li>\n<\/ul>\n","protected":false},"excerpt":{"rendered":"<p>El alcalde de Pamplona, Joseba Asiron, ha aprobado la resoluci\u00f3n en la que delega siete de las ocho presidencias de las corridas de toros de fiestas. El alcalde presidir\u00e1, como&#8230;<\/p>\n","protected":false},"author":1,"featured_media":6404,"comment_status":"closed","ping_status":"closed","sticky":false,"template":"","format":"standard","meta":{"footnotes":""},"categories":[2],"tags":[6,509,5813,5758,1803,8,9,5814,506,1804],"class_list":["post-6462","post","type-post","status-publish","format-standard","has-post-thumbnail","hentry","category-ayuntamiento-pamplona","tag-ayto-pamplona","tag-ayuntamiento-de-pamplona","tag-delegadas","tag-feria-del-toro-2015","tag-festejos","tag-noticias","tag-pamplona","tag-presidencias","tag-san-fermin","tag-taurinos"],"yoast_head":"<!-- This site is optimized with the Yoast SEO plugin v27.5 - https:\/\/yoast.com\/product\/yoast-seo-wordpress\/ -->\n<title>Delegadas las presidencias de los festejos taurinos de la Feria del Toro de San Ferm\u00edn 2015<\/title>\n<meta name=\"robots\" content=\"index, follow, max-snippet:-1, max-image-preview:large, max-video-preview:-1\" \/>\n<link rel=\"canonical\" href=\"https:\/\/www.laguiadepamplona.com\/actualidad\/delegadas-las-presidencias-de-los-festejos-taurinos-de-la-feria-del-toro-de-san-fermin-2015\/\" \/>\n<meta property=\"og:locale\" content=\"es_ES\" \/>\n<meta property=\"og:type\" content=\"article\" \/>\n<meta property=\"og:title\" content=\"Delegadas las presidencias de los festejos taurinos de la Feria del Toro de San Ferm\u00edn 2015\" \/>\n<meta property=\"og:description\" content=\"El alcalde de Pamplona, Joseba Asiron, ha aprobado la resoluci\u00f3n en la que delega siete de las ocho presidencias de las corridas de toros de fiestas. El alcalde presidir\u00e1, como...\" \/>\n<meta property=\"og:url\" content=\"https:\/\/www.laguiadepamplona.com\/actualidad\/delegadas-las-presidencias-de-los-festejos-taurinos-de-la-feria-del-toro-de-san-fermin-2015\/\" \/>\n<meta property=\"og:site_name\" content=\"La Gu\u00eda de Pamplona\" \/>\n<meta property=\"article:publisher\" content=\"https:\/\/www.facebook.com\/laguiadepamplonacom-133175176762273\/?ref=hl\" \/>\n<meta property=\"article:published_time\" content=\"2015-07-03T10:39:54+00:00\" \/>\n<meta name=\"author\" content=\"La Gu\u00eda de Pamplona\" \/>\n<meta name=\"twitter:card\" content=\"summary_large_image\" \/>\n<meta name=\"twitter:creator\" content=\"@LaGuiadPamplona\" \/>\n<meta name=\"twitter:site\" content=\"@LaGuiadPamplona\" \/>\n<meta name=\"twitter:label1\" content=\"Escrito por\" \/>\n\t<meta name=\"twitter:data1\" content=\"La Gu\u00eda de Pamplona\" \/>\n\t<meta name=\"twitter:label2\" content=\"Tiempo de lectura\" \/>\n\t<meta name=\"twitter:data2\" content=\"2 minutos\" \/>\n<script type=\"application\/ld+json\" class=\"yoast-schema-graph\">{\"@context\":\"https:\\\/\\\/schema.org\",\"@graph\":[{\"@type\":\"Article\",\"@id\":\"https:\\\/\\\/www.laguiadepamplona.com\\\/actualidad\\\/delegadas-las-presidencias-de-los-festejos-taurinos-de-la-feria-del-toro-de-san-fermin-2015\\\/#article\",\"isPartOf\":{\"@id\":\"https:\\\/\\\/www.laguiadepamplona.com\\\/actualidad\\\/delegadas-las-presidencias-de-los-festejos-taurinos-de-la-feria-del-toro-de-san-fermin-2015\\\/\"},\"author\":{\"name\":\"La Gu\u00eda de Pamplona\",\"@id\":\"https:\\\/\\\/www.laguiadepamplona.com\\\/actualidad\\\/#\\\/schema\\\/person\\\/efe887376f0213d4657c93adc50b1fdb\"},\"headline\":\"Delegadas las presidencias de los festejos taurinos de la Feria del Toro de San Ferm\u00edn 2015\",\"datePublished\":\"2015-07-03T10:39:54+00:00\",\"mainEntityOfPage\":{\"@id\":\"https:\\\/\\\/www.laguiadepamplona.com\\\/actualidad\\\/delegadas-las-presidencias-de-los-festejos-taurinos-de-la-feria-del-toro-de-san-fermin-2015\\\/\"},\"wordCount\":446,\"publisher\":{\"@id\":\"https:\\\/\\\/www.laguiadepamplona.com\\\/actualidad\\\/#organization\"},\"image\":{\"@id\":\"https:\\\/\\\/www.laguiadepamplona.com\\\/actualidad\\\/delegadas-las-presidencias-de-los-festejos-taurinos-de-la-feria-del-toro-de-san-fermin-2015\\\/#primaryimage\"},\"thumbnailUrl\":\"\",\"keywords\":[\"ayto pamplona\",\"Ayuntamiento de Pamplona\",\"delegadas\",\"Feria del Toro 2015\",\"festejos\",\"noticias\",\"pamplona\",\"presidencias\",\"san ferm\u00edn\",\"taurinos\"],\"articleSection\":[\"Ayto Pamplona\"],\"inLanguage\":\"es\"},{\"@type\":\"WebPage\",\"@id\":\"https:\\\/\\\/www.laguiadepamplona.com\\\/actualidad\\\/delegadas-las-presidencias-de-los-festejos-taurinos-de-la-feria-del-toro-de-san-fermin-2015\\\/\",\"url\":\"https:\\\/\\\/www.laguiadepamplona.com\\\/actualidad\\\/delegadas-las-presidencias-de-los-festejos-taurinos-de-la-feria-del-toro-de-san-fermin-2015\\\/\",\"name\":\"Delegadas las presidencias de los festejos taurinos de la Feria del Toro de San Ferm\u00edn 2015\",\"isPartOf\":{\"@id\":\"https:\\\/\\\/www.laguiadepamplona.com\\\/actualidad\\\/#website\"},\"primaryImageOfPage\":{\"@id\":\"https:\\\/\\\/www.laguiadepamplona.com\\\/actualidad\\\/delegadas-las-presidencias-de-los-festejos-taurinos-de-la-feria-del-toro-de-san-fermin-2015\\\/#primaryimage\"},\"image\":{\"@id\":\"https:\\\/\\\/www.laguiadepamplona.com\\\/actualidad\\\/delegadas-las-presidencias-de-los-festejos-taurinos-de-la-feria-del-toro-de-san-fermin-2015\\\/#primaryimage\"},\"thumbnailUrl\":\"\",\"datePublished\":\"2015-07-03T10:39:54+00:00\",\"breadcrumb\":{\"@id\":\"https:\\\/\\\/www.laguiadepamplona.com\\\/actualidad\\\/delegadas-las-presidencias-de-los-festejos-taurinos-de-la-feria-del-toro-de-san-fermin-2015\\\/#breadcrumb\"},\"inLanguage\":\"es\",\"potentialAction\":[{\"@type\":\"ReadAction\",\"target\":[\"https:\\\/\\\/www.laguiadepamplona.com\\\/actualidad\\\/delegadas-las-presidencias-de-los-festejos-taurinos-de-la-feria-del-toro-de-san-fermin-2015\\\/\"]}]},{\"@type\":\"ImageObject\",\"inLanguage\":\"es\",\"@id\":\"https:\\\/\\\/www.laguiadepamplona.com\\\/actualidad\\\/delegadas-las-presidencias-de-los-festejos-taurinos-de-la-feria-del-toro-de-san-fermin-2015\\\/#primaryimage\",\"url\":\"\",\"contentUrl\":\"\"},{\"@type\":\"BreadcrumbList\",\"@id\":\"https:\\\/\\\/www.laguiadepamplona.com\\\/actualidad\\\/delegadas-las-presidencias-de-los-festejos-taurinos-de-la-feria-del-toro-de-san-fermin-2015\\\/#breadcrumb\",\"itemListElement\":[{\"@type\":\"ListItem\",\"position\":1,\"name\":\"Portada\",\"item\":\"https:\\\/\\\/www.laguiadepamplona.com\\\/actualidad\\\/\"},{\"@type\":\"ListItem\",\"position\":2,\"name\":\"Delegadas las presidencias de los festejos taurinos de la Feria del Toro de San Ferm\u00edn 2015\"}]},{\"@type\":\"WebSite\",\"@id\":\"https:\\\/\\\/www.laguiadepamplona.com\\\/actualidad\\\/#website\",\"url\":\"https:\\\/\\\/www.laguiadepamplona.com\\\/actualidad\\\/\",\"name\":\"La gu\u00eda de Pamplona\",\"description\":\"Noticias de Pamplona\",\"publisher\":{\"@id\":\"https:\\\/\\\/www.laguiadepamplona.com\\\/actualidad\\\/#organization\"},\"potentialAction\":[{\"@type\":\"SearchAction\",\"target\":{\"@type\":\"EntryPoint\",\"urlTemplate\":\"https:\\\/\\\/www.laguiadepamplona.com\\\/actualidad\\\/?s={search_term_string}\"},\"query-input\":{\"@type\":\"PropertyValueSpecification\",\"valueRequired\":true,\"valueName\":\"search_term_string\"}}],\"inLanguage\":\"es\"},{\"@type\":\"Organization\",\"@id\":\"https:\\\/\\\/www.laguiadepamplona.com\\\/actualidad\\\/#organization\",\"name\":\"La Gu\u00eda de Pamplona \\\/ Noticias\",\"url\":\"https:\\\/\\\/www.laguiadepamplona.com\\\/actualidad\\\/\",\"logo\":{\"@type\":\"ImageObject\",\"inLanguage\":\"es\",\"@id\":\"https:\\\/\\\/www.laguiadepamplona.com\\\/actualidad\\\/#\\\/schema\\\/logo\\\/image\\\/\",\"url\":\"https:\\\/\\\/www.laguiadepamplona.com\\\/actualidad\\\/wp-content\\\/uploads\\\/2018\\\/11\\\/logo-laguiadepamplona18-web1.png\",\"contentUrl\":\"https:\\\/\\\/www.laguiadepamplona.com\\\/actualidad\\\/wp-content\\\/uploads\\\/2018\\\/11\\\/logo-laguiadepamplona18-web1.png\",\"width\":600,\"height\":196,\"caption\":\"La Gu\u00eda de Pamplona \\\/ Noticias\"},\"image\":{\"@id\":\"https:\\\/\\\/www.laguiadepamplona.com\\\/actualidad\\\/#\\\/schema\\\/logo\\\/image\\\/\"},\"sameAs\":[\"https:\\\/\\\/www.facebook.com\\\/laguiadepamplonacom-133175176762273\\\/?ref=hl\",\"https:\\\/\\\/x.com\\\/LaGuiadPamplona\",\"https:\\\/\\\/www.instagram.com\\\/la_guia_de_pamplona\\\/\",\"https:\\\/\\\/www.youtube.com\\\/user\\\/laguiadepamplona\"]},{\"@type\":\"Person\",\"@id\":\"https:\\\/\\\/www.laguiadepamplona.com\\\/actualidad\\\/#\\\/schema\\\/person\\\/efe887376f0213d4657c93adc50b1fdb\",\"name\":\"La Gu\u00eda de Pamplona\",\"image\":{\"@type\":\"ImageObject\",\"inLanguage\":\"es\",\"@id\":\"https:\\\/\\\/secure.gravatar.com\\\/avatar\\\/b6992f131dc8d30ab0dff15446e9d346d9dbd95992de0fef795073f5ea83a81c?s=96&d=mm&r=g\",\"url\":\"https:\\\/\\\/secure.gravatar.com\\\/avatar\\\/b6992f131dc8d30ab0dff15446e9d346d9dbd95992de0fef795073f5ea83a81c?s=96&d=mm&r=g\",\"contentUrl\":\"https:\\\/\\\/secure.gravatar.com\\\/avatar\\\/b6992f131dc8d30ab0dff15446e9d346d9dbd95992de0fef795073f5ea83a81c?s=96&d=mm&r=g\",\"caption\":\"La Gu\u00eda de Pamplona\"}}]}<\/script>\n<!-- \/ Yoast SEO plugin. -->","yoast_head_json":{"title":"Delegadas las presidencias de los festejos taurinos de la Feria del Toro de San Ferm\u00edn 2015","robots":{"index":"index","follow":"follow","max-snippet":"max-snippet:-1","max-image-preview":"max-image-preview:large","max-video-preview":"max-video-preview:-1"},"canonical":"https:\/\/www.laguiadepamplona.com\/actualidad\/delegadas-las-presidencias-de-los-festejos-taurinos-de-la-feria-del-toro-de-san-fermin-2015\/","og_locale":"es_ES","og_type":"article","og_title":"Delegadas las presidencias de los festejos taurinos de la Feria del Toro de San Ferm\u00edn 2015","og_description":"El alcalde de Pamplona, Joseba Asiron, ha aprobado la resoluci\u00f3n en la que delega siete de las ocho presidencias de las corridas de toros de fiestas. El alcalde presidir\u00e1, como...","og_url":"https:\/\/www.laguiadepamplona.com\/actualidad\/delegadas-las-presidencias-de-los-festejos-taurinos-de-la-feria-del-toro-de-san-fermin-2015\/","og_site_name":"La Gu\u00eda de Pamplona","article_publisher":"https:\/\/www.facebook.com\/laguiadepamplonacom-133175176762273\/?ref=hl","article_published_time":"2015-07-03T10:39:54+00:00","author":"La Gu\u00eda de Pamplona","twitter_card":"summary_large_image","twitter_creator":"@LaGuiadPamplona","twitter_site":"@LaGuiadPamplona","twitter_misc":{"Escrito por":"La Gu\u00eda de Pamplona","Tiempo de lectura":"2 minutos"},"schema":{"@context":"https:\/\/schema.org","@graph":[{"@type":"Article","@id":"https:\/\/www.laguiadepamplona.com\/actualidad\/delegadas-las-presidencias-de-los-festejos-taurinos-de-la-feria-del-toro-de-san-fermin-2015\/#article","isPartOf":{"@id":"https:\/\/www.laguiadepamplona.com\/actualidad\/delegadas-las-presidencias-de-los-festejos-taurinos-de-la-feria-del-toro-de-san-fermin-2015\/"},"author":{"name":"La Gu\u00eda de Pamplona","@id":"https:\/\/www.laguiadepamplona.com\/actualidad\/#\/schema\/person\/efe887376f0213d4657c93adc50b1fdb"},"headline":"Delegadas las presidencias de los festejos taurinos de la Feria del Toro de San Ferm\u00edn 2015","datePublished":"2015-07-03T10:39:54+00:00","mainEntityOfPage":{"@id":"https:\/\/www.laguiadepamplona.com\/actualidad\/delegadas-las-presidencias-de-los-festejos-taurinos-de-la-feria-del-toro-de-san-fermin-2015\/"},"wordCount":446,"publisher":{"@id":"https:\/\/www.laguiadepamplona.com\/actualidad\/#organization"},"image":{"@id":"https:\/\/www.laguiadepamplona.com\/actualidad\/delegadas-las-presidencias-de-los-festejos-taurinos-de-la-feria-del-toro-de-san-fermin-2015\/#primaryimage"},"thumbnailUrl":"","keywords":["ayto pamplona","Ayuntamiento de Pamplona","delegadas","Feria del Toro 2015","festejos","noticias","pamplona","presidencias","san ferm\u00edn","taurinos"],"articleSection":["Ayto Pamplona"],"inLanguage":"es"},{"@type":"WebPage","@id":"https:\/\/www.laguiadepamplona.com\/actualidad\/delegadas-las-presidencias-de-los-festejos-taurinos-de-la-feria-del-toro-de-san-fermin-2015\/","url":"https:\/\/www.laguiadepamplona.com\/actualidad\/delegadas-las-presidencias-de-los-festejos-taurinos-de-la-feria-del-toro-de-san-fermin-2015\/","name":"Delegadas las presidencias de los festejos taurinos de la Feria del Toro de San Ferm\u00edn 2015","isPartOf":{"@id":"https:\/\/www.laguiadepamplona.com\/actualidad\/#website"},"primaryImageOfPage":{"@id":"https:\/\/www.laguiadepamplona.com\/actualidad\/delegadas-las-presidencias-de-los-festejos-taurinos-de-la-feria-del-toro-de-san-fermin-2015\/#primaryimage"},"image":{"@id":"https:\/\/www.laguiadepamplona.com\/actualidad\/delegadas-las-presidencias-de-los-festejos-taurinos-de-la-feria-del-toro-de-san-fermin-2015\/#primaryimage"},"thumbnailUrl":"","datePublished":"2015-07-03T10:39:54+00:00","breadcrumb":{"@id":"https:\/\/www.laguiadepamplona.com\/actualidad\/delegadas-las-presidencias-de-los-festejos-taurinos-de-la-feria-del-toro-de-san-fermin-2015\/#breadcrumb"},"inLanguage":"es","potentialAction":[{"@type":"ReadAction","target":["https:\/\/www.laguiadepamplona.com\/actualidad\/delegadas-las-presidencias-de-los-festejos-taurinos-de-la-feria-del-toro-de-san-fermin-2015\/"]}]},{"@type":"ImageObject","inLanguage":"es","@id":"https:\/\/www.laguiadepamplona.com\/actualidad\/delegadas-las-presidencias-de-los-festejos-taurinos-de-la-feria-del-toro-de-san-fermin-2015\/#primaryimage","url":"","contentUrl":""},{"@type":"BreadcrumbList","@id":"https:\/\/www.laguiadepamplona.com\/actualidad\/delegadas-las-presidencias-de-los-festejos-taurinos-de-la-feria-del-toro-de-san-fermin-2015\/#breadcrumb","itemListElement":[{"@type":"ListItem","position":1,"name":"Portada","item":"https:\/\/www.laguiadepamplona.com\/actualidad\/"},{"@type":"ListItem","position":2,"name":"Delegadas las presidencias de los festejos taurinos de la Feria del Toro de San Ferm\u00edn 2015"}]},{"@type":"WebSite","@id":"https:\/\/www.laguiadepamplona.com\/actualidad\/#website","url":"https:\/\/www.laguiadepamplona.com\/actualidad\/","name":"La gu\u00eda de Pamplona","description":"Noticias de Pamplona","publisher":{"@id":"https:\/\/www.laguiadepamplona.com\/actualidad\/#organization"},"potentialAction":[{"@type":"SearchAction","target":{"@type":"EntryPoint","urlTemplate":"https:\/\/www.laguiadepamplona.com\/actualidad\/?s={search_term_string}"},"query-input":{"@type":"PropertyValueSpecification","valueRequired":true,"valueName":"search_term_string"}}],"inLanguage":"es"},{"@type":"Organization","@id":"https:\/\/www.laguiadepamplona.com\/actualidad\/#organization","name":"La Gu\u00eda de Pamplona \/ Noticias","url":"https:\/\/www.laguiadepamplona.com\/actualidad\/","logo":{"@type":"ImageObject","inLanguage":"es","@id":"https:\/\/www.laguiadepamplona.com\/actualidad\/#\/schema\/logo\/image\/","url":"https:\/\/www.laguiadepamplona.com\/actualidad\/wp-content\/uploads\/2018\/11\/logo-laguiadepamplona18-web1.png","contentUrl":"https:\/\/www.laguiadepamplona.com\/actualidad\/wp-content\/uploads\/2018\/11\/logo-laguiadepamplona18-web1.png","width":600,"height":196,"caption":"La Gu\u00eda de Pamplona \/ Noticias"},"image":{"@id":"https:\/\/www.laguiadepamplona.com\/actualidad\/#\/schema\/logo\/image\/"},"sameAs":["https:\/\/www.facebook.com\/laguiadepamplonacom-133175176762273\/?ref=hl","https:\/\/x.com\/LaGuiadPamplona","https:\/\/www.instagram.com\/la_guia_de_pamplona\/","https:\/\/www.youtube.com\/user\/laguiadepamplona"]},{"@type":"Person","@id":"https:\/\/www.laguiadepamplona.com\/actualidad\/#\/schema\/person\/efe887376f0213d4657c93adc50b1fdb","name":"La Gu\u00eda de Pamplona","image":{"@type":"ImageObject","inLanguage":"es","@id":"https:\/\/secure.gravatar.com\/avatar\/b6992f131dc8d30ab0dff15446e9d346d9dbd95992de0fef795073f5ea83a81c?s=96&d=mm&r=g","url":"https:\/\/secure.gravatar.com\/avatar\/b6992f131dc8d30ab0dff15446e9d346d9dbd95992de0fef795073f5ea83a81c?s=96&d=mm&r=g","contentUrl":"https:\/\/secure.gravatar.com\/avatar\/b6992f131dc8d30ab0dff15446e9d346d9dbd95992de0fef795073f5ea83a81c?s=96&d=mm&r=g","caption":"La Gu\u00eda de Pamplona"}}]}},"post_mailing_queue_ids":[],"_links":{"self":[{"href":"https:\/\/www.laguiadepamplona.com\/actualidad\/wp-json\/wp\/v2\/posts\/6462","targetHints":{"allow":["GET"]}}],"collection":[{"href":"https:\/\/www.laguiadepamplona.com\/actualidad\/wp-json\/wp\/v2\/posts"}],"about":[{"href":"https:\/\/www.laguiadepamplona.com\/actualidad\/wp-json\/wp\/v2\/types\/post"}],"author":[{"embeddable":true,"href":"https:\/\/www.laguiadepamplona.com\/actualidad\/wp-json\/wp\/v2\/users\/1"}],"replies":[{"embeddable":true,"href":"https:\/\/www.laguiadepamplona.com\/actualidad\/wp-json\/wp\/v2\/comments?post=6462"}],"version-history":[{"count":0,"href":"https:\/\/www.laguiadepamplona.com\/actualidad\/wp-json\/wp\/v2\/posts\/6462\/revisions"}],"wp:featuredmedia":[{"embeddable":true,"href":"https:\/\/www.laguiadepamplona.com\/actualidad\/wp-json\/"}],"wp:attachment":[{"href":"https:\/\/www.laguiadepamplona.com\/actualidad\/wp-json\/wp\/v2\/media?parent=6462"}],"wp:term":[{"taxonomy":"category","embeddable":true,"href":"https:\/\/www.laguiadepamplona.com\/actualidad\/wp-json\/wp\/v2\/categories?post=6462"},{"taxonomy":"post_tag","embeddable":true,"href":"https:\/\/www.laguiadepamplona.com\/actualidad\/wp-json\/wp\/v2\/tags?post=6462"}],"curies":[{"name":"wp","href":"https:\/\/api.w.org\/{rel}","templated":true}]}}