{"id":6456,"date":"2015-07-02T17:34:20","date_gmt":"2015-07-02T15:34:20","guid":{"rendered":"http:\/\/laguiadepamplona.com\/actualidad\/?p=6456"},"modified":"2015-07-02T17:34:20","modified_gmt":"2015-07-02T15:34:20","slug":"el-telefono-010-atendera-del-6-al-14-de-julio-todos-los-dias-incluidos-sabado-y-domingo-de-9-30-a-13-30-horas","status":"publish","type":"post","link":"https:\/\/www.laguiadepamplona.com\/actualidad\/el-telefono-010-atendera-del-6-al-14-de-julio-todos-los-dias-incluidos-sabado-y-domingo-de-9-30-a-13-30-horas\/","title":{"rendered":"El tel\u00e9fono 010 atender\u00e1 del 6 al 14 de julio, todos los d\u00edas, incluidos s\u00e1bado y domingo, de 9.30 a 13.30 horas"},"content":{"rendered":"<h4 class=\"western\" lang=\"es-ES\">La Casa Consistorial permanecer\u00e1 operativa como registro municipal durante los d\u00edas de San Ferm\u00edn hasta el 13 de julio, de 12 a 14.30 horas<\/h4>\n<p lang=\"es-ES\"><span style=\"font-family: Arial, sans-serif;\"><a href=\"http:\/\/laguiadepamplona.com\/actualidad\/wp-content\/uploads\/2015\/02\/ayto-pamplona-010.jpg\"><img loading=\"lazy\" decoding=\"async\" class=\"alignleft size-medium wp-image-4748\" src=\"http:\/\/laguiadepamplona.com\/actualidad\/wp-content\/uploads\/2015\/02\/ayto-pamplona-010-300x238.jpg\" alt=\"ayto pamplona 010\" width=\"300\" height=\"238\" \/><\/a>Las fiestas de San Ferm\u00edn provocan modificaciones en los horarios de los servicios de atenci\u00f3n al p\u00fablico que ofrece el Ayuntamiento de Pamplona a los ciudadanos. Para las fiestas, el tel\u00e9fono 010 atender\u00e1 por las ma\u00f1anas, se habilitar\u00e1 como registro la Casa Consistorial tambi\u00e9n por la ma\u00f1ana hasta el d\u00eda 13 y se cerrar\u00e1 la atenci\u00f3n presencial en el Palacio del Condestable<i>.<\/i><\/span><\/p>\n<p lang=\"es-ES\"><span style=\"font-family: Arial, sans-serif;\">El servicio de atenci\u00f3n telef\u00f3nica 010 continuar\u00e1 con su habitual labor informativa durante las fiestas de San Ferm\u00edn. Del 6 al 14 de julio, incluidos el s\u00e1bado y el domingo, atender\u00e1n las demandas de los ciudadanos en horario de ma\u00f1ana, de 9.30 a 13.30 horas. El 4 de julio mantienen su horario habitual de los s\u00e1bados durante el curso, con atenci\u00f3n de 9.30 a 13.30 horas, y el 5, como es norma los domingos, el servicio permanecer\u00e1 inh\u00e1bil. Despu\u00e9s de fiestas, el 15 de julio, entrar\u00e1 en vigor el llamado horario de verano, con atenci\u00f3n de lunes a viernes, de 8 a 15 horas. <\/span><\/p>\n<p lang=\"es-ES\"><span style=\"font-family: Arial, sans-serif;\">Por su parte, la atenci\u00f3n presencial que se lleva a cabo en la oficina del Palacio del Condestable permanecer\u00e1 cerrada desde el 4 de julio hasta el 14. El d\u00eda 15 reabrir\u00e1 sus puertas, una vez finalizadas las fiestas de San Ferm\u00edn, con el horario de atenci\u00f3n habitual, de 8.30 a 14.30 horas. <\/span><\/p>\n<p lang=\"es-ES\"><span style=\"font-family: Arial, sans-serif;\"><b>Registro operativo en la Casa Consistorial<\/b><\/span><\/p>\n<p lang=\"es-ES\"><span style=\"font-family: Arial, sans-serif;\">Durante fiestas permanecer\u00e1 operativa como registro municipal la Casa Consistorial. La presentaci\u00f3n de instancias durante los d\u00edas de San Ferm\u00edn, hasta el d\u00eda 13 de julio, se podr\u00e1 realizar en horario de 12 a 14:30 horas en la puerta principal del Ayuntamiento. Se ha habilitado este servicio ya que, entre otros aspectos, est\u00e1 abierto hasta el 13 de julio el plazo de presentaci\u00f3n de instancias para la convocatoria de listas de contrataci\u00f3n temporal como auxiliar administrativo en el Ayuntamiento de Pamplona. <\/span><\/p>\n<p lang=\"es-ES\"><span style=\"font-family: Arial, sans-serif;\">El resto de registros ubicados en edificios municipales permanecer\u00e1 cerrado. Tambi\u00e9n se pueden presentar instancias por cualquiera de los medios previstos en el art\u00edculo 38.4 de la Ley 30\/1992, de 20 de noviembre, de R\u00e9gimen Jur\u00eddico de las Administraciones P\u00fablicas y del Procedimiento Administrativo Com\u00fan.<\/span><\/p>\n<p lang=\"es-ES\">\n","protected":false},"excerpt":{"rendered":"<p>La Casa Consistorial permanecer\u00e1 operativa como registro municipal durante los d\u00edas de San Ferm\u00edn hasta el 13 de julio, de 12 a 14.30 horas Las fiestas de San Ferm\u00edn provocan&#8230;<\/p>\n","protected":false},"author":1,"featured_media":4748,"comment_status":"closed","ping_status":"closed","sticky":false,"template":"","format":"standard","meta":{"footnotes":""},"categories":[2],"tags":[1861,5,5807,6,509,5808,8,9,506,1977,5809],"class_list":["post-6456","post","type-post","status-publish","format-standard","has-post-thumbnail","hentry","category-ayuntamiento-pamplona","tag-1861","tag-actualidad","tag-atendera","tag-ayto-pamplona","tag-ayuntamiento-de-pamplona","tag-los-dias","tag-noticias","tag-pamplona","tag-san-fermin","tag-telefono","tag-todos"],"yoast_head":"<!-- This site is optimized with the Yoast SEO plugin v27.5 - https:\/\/yoast.com\/product\/yoast-seo-wordpress\/ -->\n<title>El tel\u00e9fono 010 atender\u00e1 del 6 al 14 de julio, todos los d\u00edas, incluidos s\u00e1bado y domingo, de 9.30 a 13.30 horas<\/title>\n<meta name=\"robots\" content=\"index, follow, max-snippet:-1, max-image-preview:large, max-video-preview:-1\" \/>\n<link rel=\"canonical\" href=\"https:\/\/www.laguiadepamplona.com\/actualidad\/el-telefono-010-atendera-del-6-al-14-de-julio-todos-los-dias-incluidos-sabado-y-domingo-de-9-30-a-13-30-horas\/\" \/>\n<meta property=\"og:locale\" content=\"es_ES\" \/>\n<meta property=\"og:type\" content=\"article\" \/>\n<meta property=\"og:title\" content=\"El tel\u00e9fono 010 atender\u00e1 del 6 al 14 de julio, todos los d\u00edas, incluidos s\u00e1bado y domingo, de 9.30 a 13.30 horas\" \/>\n<meta property=\"og:description\" content=\"La Casa Consistorial permanecer\u00e1 operativa como registro municipal durante los d\u00edas de San Ferm\u00edn hasta el 13 de julio, de 12 a 14.30 horas Las fiestas de San Ferm\u00edn provocan...\" \/>\n<meta property=\"og:url\" content=\"https:\/\/www.laguiadepamplona.com\/actualidad\/el-telefono-010-atendera-del-6-al-14-de-julio-todos-los-dias-incluidos-sabado-y-domingo-de-9-30-a-13-30-horas\/\" \/>\n<meta property=\"og:site_name\" content=\"La Gu\u00eda de Pamplona\" \/>\n<meta property=\"article:publisher\" content=\"https:\/\/www.facebook.com\/laguiadepamplonacom-133175176762273\/?ref=hl\" \/>\n<meta property=\"article:published_time\" content=\"2015-07-02T15:34:20+00:00\" \/>\n<meta name=\"author\" content=\"La Gu\u00eda de Pamplona\" \/>\n<meta name=\"twitter:card\" content=\"summary_large_image\" \/>\n<meta name=\"twitter:creator\" content=\"@LaGuiadPamplona\" \/>\n<meta name=\"twitter:site\" content=\"@LaGuiadPamplona\" \/>\n<meta name=\"twitter:label1\" content=\"Escrito por\" \/>\n\t<meta name=\"twitter:data1\" content=\"La Gu\u00eda de Pamplona\" \/>\n\t<meta name=\"twitter:label2\" content=\"Tiempo de lectura\" \/>\n\t<meta name=\"twitter:data2\" content=\"2 minutos\" \/>\n<script type=\"application\/ld+json\" class=\"yoast-schema-graph\">{\"@context\":\"https:\\\/\\\/schema.org\",\"@graph\":[{\"@type\":\"Article\",\"@id\":\"https:\\\/\\\/www.laguiadepamplona.com\\\/actualidad\\\/el-telefono-010-atendera-del-6-al-14-de-julio-todos-los-dias-incluidos-sabado-y-domingo-de-9-30-a-13-30-horas\\\/#article\",\"isPartOf\":{\"@id\":\"https:\\\/\\\/www.laguiadepamplona.com\\\/actualidad\\\/el-telefono-010-atendera-del-6-al-14-de-julio-todos-los-dias-incluidos-sabado-y-domingo-de-9-30-a-13-30-horas\\\/\"},\"author\":{\"name\":\"La Gu\u00eda de Pamplona\",\"@id\":\"https:\\\/\\\/www.laguiadepamplona.com\\\/actualidad\\\/#\\\/schema\\\/person\\\/efe887376f0213d4657c93adc50b1fdb\"},\"headline\":\"El tel\u00e9fono 010 atender\u00e1 del 6 al 14 de julio, todos los d\u00edas, incluidos s\u00e1bado y domingo, de 9.30 a 13.30 horas\",\"datePublished\":\"2015-07-02T15:34:20+00:00\",\"mainEntityOfPage\":{\"@id\":\"https:\\\/\\\/www.laguiadepamplona.com\\\/actualidad\\\/el-telefono-010-atendera-del-6-al-14-de-julio-todos-los-dias-incluidos-sabado-y-domingo-de-9-30-a-13-30-horas\\\/\"},\"wordCount\":404,\"publisher\":{\"@id\":\"https:\\\/\\\/www.laguiadepamplona.com\\\/actualidad\\\/#organization\"},\"image\":{\"@id\":\"https:\\\/\\\/www.laguiadepamplona.com\\\/actualidad\\\/el-telefono-010-atendera-del-6-al-14-de-julio-todos-los-dias-incluidos-sabado-y-domingo-de-9-30-a-13-30-horas\\\/#primaryimage\"},\"thumbnailUrl\":\"\",\"keywords\":[\"010\",\"actualidad\",\"atender\u00e1\",\"ayto pamplona\",\"Ayuntamiento de Pamplona\",\"los d\u00edas\",\"noticias\",\"pamplona\",\"san ferm\u00edn\",\"tel\u00e9fono\",\"todos\"],\"articleSection\":[\"Ayto Pamplona\"],\"inLanguage\":\"es\"},{\"@type\":\"WebPage\",\"@id\":\"https:\\\/\\\/www.laguiadepamplona.com\\\/actualidad\\\/el-telefono-010-atendera-del-6-al-14-de-julio-todos-los-dias-incluidos-sabado-y-domingo-de-9-30-a-13-30-horas\\\/\",\"url\":\"https:\\\/\\\/www.laguiadepamplona.com\\\/actualidad\\\/el-telefono-010-atendera-del-6-al-14-de-julio-todos-los-dias-incluidos-sabado-y-domingo-de-9-30-a-13-30-horas\\\/\",\"name\":\"El tel\u00e9fono 010 atender\u00e1 del 6 al 14 de julio, todos los d\u00edas, incluidos s\u00e1bado y domingo, de 9.30 a 13.30 horas\",\"isPartOf\":{\"@id\":\"https:\\\/\\\/www.laguiadepamplona.com\\\/actualidad\\\/#website\"},\"primaryImageOfPage\":{\"@id\":\"https:\\\/\\\/www.laguiadepamplona.com\\\/actualidad\\\/el-telefono-010-atendera-del-6-al-14-de-julio-todos-los-dias-incluidos-sabado-y-domingo-de-9-30-a-13-30-horas\\\/#primaryimage\"},\"image\":{\"@id\":\"https:\\\/\\\/www.laguiadepamplona.com\\\/actualidad\\\/el-telefono-010-atendera-del-6-al-14-de-julio-todos-los-dias-incluidos-sabado-y-domingo-de-9-30-a-13-30-horas\\\/#primaryimage\"},\"thumbnailUrl\":\"\",\"datePublished\":\"2015-07-02T15:34:20+00:00\",\"breadcrumb\":{\"@id\":\"https:\\\/\\\/www.laguiadepamplona.com\\\/actualidad\\\/el-telefono-010-atendera-del-6-al-14-de-julio-todos-los-dias-incluidos-sabado-y-domingo-de-9-30-a-13-30-horas\\\/#breadcrumb\"},\"inLanguage\":\"es\",\"potentialAction\":[{\"@type\":\"ReadAction\",\"target\":[\"https:\\\/\\\/www.laguiadepamplona.com\\\/actualidad\\\/el-telefono-010-atendera-del-6-al-14-de-julio-todos-los-dias-incluidos-sabado-y-domingo-de-9-30-a-13-30-horas\\\/\"]}]},{\"@type\":\"ImageObject\",\"inLanguage\":\"es\",\"@id\":\"https:\\\/\\\/www.laguiadepamplona.com\\\/actualidad\\\/el-telefono-010-atendera-del-6-al-14-de-julio-todos-los-dias-incluidos-sabado-y-domingo-de-9-30-a-13-30-horas\\\/#primaryimage\",\"url\":\"\",\"contentUrl\":\"\"},{\"@type\":\"BreadcrumbList\",\"@id\":\"https:\\\/\\\/www.laguiadepamplona.com\\\/actualidad\\\/el-telefono-010-atendera-del-6-al-14-de-julio-todos-los-dias-incluidos-sabado-y-domingo-de-9-30-a-13-30-horas\\\/#breadcrumb\",\"itemListElement\":[{\"@type\":\"ListItem\",\"position\":1,\"name\":\"Portada\",\"item\":\"https:\\\/\\\/www.laguiadepamplona.com\\\/actualidad\\\/\"},{\"@type\":\"ListItem\",\"position\":2,\"name\":\"El tel\u00e9fono 010 atender\u00e1 del 6 al 14 de julio, todos los d\u00edas, incluidos s\u00e1bado y domingo, de 9.30 a 13.30 horas\"}]},{\"@type\":\"WebSite\",\"@id\":\"https:\\\/\\\/www.laguiadepamplona.com\\\/actualidad\\\/#website\",\"url\":\"https:\\\/\\\/www.laguiadepamplona.com\\\/actualidad\\\/\",\"name\":\"La gu\u00eda de Pamplona\",\"description\":\"Noticias de Pamplona\",\"publisher\":{\"@id\":\"https:\\\/\\\/www.laguiadepamplona.com\\\/actualidad\\\/#organization\"},\"potentialAction\":[{\"@type\":\"SearchAction\",\"target\":{\"@type\":\"EntryPoint\",\"urlTemplate\":\"https:\\\/\\\/www.laguiadepamplona.com\\\/actualidad\\\/?s={search_term_string}\"},\"query-input\":{\"@type\":\"PropertyValueSpecification\",\"valueRequired\":true,\"valueName\":\"search_term_string\"}}],\"inLanguage\":\"es\"},{\"@type\":\"Organization\",\"@id\":\"https:\\\/\\\/www.laguiadepamplona.com\\\/actualidad\\\/#organization\",\"name\":\"La Gu\u00eda de Pamplona \\\/ Noticias\",\"url\":\"https:\\\/\\\/www.laguiadepamplona.com\\\/actualidad\\\/\",\"logo\":{\"@type\":\"ImageObject\",\"inLanguage\":\"es\",\"@id\":\"https:\\\/\\\/www.laguiadepamplona.com\\\/actualidad\\\/#\\\/schema\\\/logo\\\/image\\\/\",\"url\":\"https:\\\/\\\/www.laguiadepamplona.com\\\/actualidad\\\/wp-content\\\/uploads\\\/2018\\\/11\\\/logo-laguiadepamplona18-web1.png\",\"contentUrl\":\"https:\\\/\\\/www.laguiadepamplona.com\\\/actualidad\\\/wp-content\\\/uploads\\\/2018\\\/11\\\/logo-laguiadepamplona18-web1.png\",\"width\":600,\"height\":196,\"caption\":\"La Gu\u00eda de Pamplona \\\/ Noticias\"},\"image\":{\"@id\":\"https:\\\/\\\/www.laguiadepamplona.com\\\/actualidad\\\/#\\\/schema\\\/logo\\\/image\\\/\"},\"sameAs\":[\"https:\\\/\\\/www.facebook.com\\\/laguiadepamplonacom-133175176762273\\\/?ref=hl\",\"https:\\\/\\\/x.com\\\/LaGuiadPamplona\",\"https:\\\/\\\/www.instagram.com\\\/la_guia_de_pamplona\\\/\",\"https:\\\/\\\/www.youtube.com\\\/user\\\/laguiadepamplona\"]},{\"@type\":\"Person\",\"@id\":\"https:\\\/\\\/www.laguiadepamplona.com\\\/actualidad\\\/#\\\/schema\\\/person\\\/efe887376f0213d4657c93adc50b1fdb\",\"name\":\"La Gu\u00eda de Pamplona\",\"image\":{\"@type\":\"ImageObject\",\"inLanguage\":\"es\",\"@id\":\"https:\\\/\\\/secure.gravatar.com\\\/avatar\\\/b6992f131dc8d30ab0dff15446e9d346d9dbd95992de0fef795073f5ea83a81c?s=96&d=mm&r=g\",\"url\":\"https:\\\/\\\/secure.gravatar.com\\\/avatar\\\/b6992f131dc8d30ab0dff15446e9d346d9dbd95992de0fef795073f5ea83a81c?s=96&d=mm&r=g\",\"contentUrl\":\"https:\\\/\\\/secure.gravatar.com\\\/avatar\\\/b6992f131dc8d30ab0dff15446e9d346d9dbd95992de0fef795073f5ea83a81c?s=96&d=mm&r=g\",\"caption\":\"La Gu\u00eda de Pamplona\"}}]}<\/script>\n<!-- \/ Yoast SEO plugin. -->","yoast_head_json":{"title":"El tel\u00e9fono 010 atender\u00e1 del 6 al 14 de julio, todos los d\u00edas, incluidos s\u00e1bado y domingo, de 9.30 a 13.30 horas","robots":{"index":"index","follow":"follow","max-snippet":"max-snippet:-1","max-image-preview":"max-image-preview:large","max-video-preview":"max-video-preview:-1"},"canonical":"https:\/\/www.laguiadepamplona.com\/actualidad\/el-telefono-010-atendera-del-6-al-14-de-julio-todos-los-dias-incluidos-sabado-y-domingo-de-9-30-a-13-30-horas\/","og_locale":"es_ES","og_type":"article","og_title":"El tel\u00e9fono 010 atender\u00e1 del 6 al 14 de julio, todos los d\u00edas, incluidos s\u00e1bado y domingo, de 9.30 a 13.30 horas","og_description":"La Casa Consistorial permanecer\u00e1 operativa como registro municipal durante los d\u00edas de San Ferm\u00edn hasta el 13 de julio, de 12 a 14.30 horas Las fiestas de San Ferm\u00edn provocan...","og_url":"https:\/\/www.laguiadepamplona.com\/actualidad\/el-telefono-010-atendera-del-6-al-14-de-julio-todos-los-dias-incluidos-sabado-y-domingo-de-9-30-a-13-30-horas\/","og_site_name":"La Gu\u00eda de Pamplona","article_publisher":"https:\/\/www.facebook.com\/laguiadepamplonacom-133175176762273\/?ref=hl","article_published_time":"2015-07-02T15:34:20+00:00","author":"La Gu\u00eda de Pamplona","twitter_card":"summary_large_image","twitter_creator":"@LaGuiadPamplona","twitter_site":"@LaGuiadPamplona","twitter_misc":{"Escrito por":"La Gu\u00eda de Pamplona","Tiempo de lectura":"2 minutos"},"schema":{"@context":"https:\/\/schema.org","@graph":[{"@type":"Article","@id":"https:\/\/www.laguiadepamplona.com\/actualidad\/el-telefono-010-atendera-del-6-al-14-de-julio-todos-los-dias-incluidos-sabado-y-domingo-de-9-30-a-13-30-horas\/#article","isPartOf":{"@id":"https:\/\/www.laguiadepamplona.com\/actualidad\/el-telefono-010-atendera-del-6-al-14-de-julio-todos-los-dias-incluidos-sabado-y-domingo-de-9-30-a-13-30-horas\/"},"author":{"name":"La Gu\u00eda de Pamplona","@id":"https:\/\/www.laguiadepamplona.com\/actualidad\/#\/schema\/person\/efe887376f0213d4657c93adc50b1fdb"},"headline":"El tel\u00e9fono 010 atender\u00e1 del 6 al 14 de julio, todos los d\u00edas, incluidos s\u00e1bado y domingo, de 9.30 a 13.30 horas","datePublished":"2015-07-02T15:34:20+00:00","mainEntityOfPage":{"@id":"https:\/\/www.laguiadepamplona.com\/actualidad\/el-telefono-010-atendera-del-6-al-14-de-julio-todos-los-dias-incluidos-sabado-y-domingo-de-9-30-a-13-30-horas\/"},"wordCount":404,"publisher":{"@id":"https:\/\/www.laguiadepamplona.com\/actualidad\/#organization"},"image":{"@id":"https:\/\/www.laguiadepamplona.com\/actualidad\/el-telefono-010-atendera-del-6-al-14-de-julio-todos-los-dias-incluidos-sabado-y-domingo-de-9-30-a-13-30-horas\/#primaryimage"},"thumbnailUrl":"","keywords":["010","actualidad","atender\u00e1","ayto pamplona","Ayuntamiento de Pamplona","los d\u00edas","noticias","pamplona","san ferm\u00edn","tel\u00e9fono","todos"],"articleSection":["Ayto Pamplona"],"inLanguage":"es"},{"@type":"WebPage","@id":"https:\/\/www.laguiadepamplona.com\/actualidad\/el-telefono-010-atendera-del-6-al-14-de-julio-todos-los-dias-incluidos-sabado-y-domingo-de-9-30-a-13-30-horas\/","url":"https:\/\/www.laguiadepamplona.com\/actualidad\/el-telefono-010-atendera-del-6-al-14-de-julio-todos-los-dias-incluidos-sabado-y-domingo-de-9-30-a-13-30-horas\/","name":"El tel\u00e9fono 010 atender\u00e1 del 6 al 14 de julio, todos los d\u00edas, incluidos s\u00e1bado y domingo, de 9.30 a 13.30 horas","isPartOf":{"@id":"https:\/\/www.laguiadepamplona.com\/actualidad\/#website"},"primaryImageOfPage":{"@id":"https:\/\/www.laguiadepamplona.com\/actualidad\/el-telefono-010-atendera-del-6-al-14-de-julio-todos-los-dias-incluidos-sabado-y-domingo-de-9-30-a-13-30-horas\/#primaryimage"},"image":{"@id":"https:\/\/www.laguiadepamplona.com\/actualidad\/el-telefono-010-atendera-del-6-al-14-de-julio-todos-los-dias-incluidos-sabado-y-domingo-de-9-30-a-13-30-horas\/#primaryimage"},"thumbnailUrl":"","datePublished":"2015-07-02T15:34:20+00:00","breadcrumb":{"@id":"https:\/\/www.laguiadepamplona.com\/actualidad\/el-telefono-010-atendera-del-6-al-14-de-julio-todos-los-dias-incluidos-sabado-y-domingo-de-9-30-a-13-30-horas\/#breadcrumb"},"inLanguage":"es","potentialAction":[{"@type":"ReadAction","target":["https:\/\/www.laguiadepamplona.com\/actualidad\/el-telefono-010-atendera-del-6-al-14-de-julio-todos-los-dias-incluidos-sabado-y-domingo-de-9-30-a-13-30-horas\/"]}]},{"@type":"ImageObject","inLanguage":"es","@id":"https:\/\/www.laguiadepamplona.com\/actualidad\/el-telefono-010-atendera-del-6-al-14-de-julio-todos-los-dias-incluidos-sabado-y-domingo-de-9-30-a-13-30-horas\/#primaryimage","url":"","contentUrl":""},{"@type":"BreadcrumbList","@id":"https:\/\/www.laguiadepamplona.com\/actualidad\/el-telefono-010-atendera-del-6-al-14-de-julio-todos-los-dias-incluidos-sabado-y-domingo-de-9-30-a-13-30-horas\/#breadcrumb","itemListElement":[{"@type":"ListItem","position":1,"name":"Portada","item":"https:\/\/www.laguiadepamplona.com\/actualidad\/"},{"@type":"ListItem","position":2,"name":"El tel\u00e9fono 010 atender\u00e1 del 6 al 14 de julio, todos los d\u00edas, incluidos s\u00e1bado y domingo, de 9.30 a 13.30 horas"}]},{"@type":"WebSite","@id":"https:\/\/www.laguiadepamplona.com\/actualidad\/#website","url":"https:\/\/www.laguiadepamplona.com\/actualidad\/","name":"La gu\u00eda de Pamplona","description":"Noticias de Pamplona","publisher":{"@id":"https:\/\/www.laguiadepamplona.com\/actualidad\/#organization"},"potentialAction":[{"@type":"SearchAction","target":{"@type":"EntryPoint","urlTemplate":"https:\/\/www.laguiadepamplona.com\/actualidad\/?s={search_term_string}"},"query-input":{"@type":"PropertyValueSpecification","valueRequired":true,"valueName":"search_term_string"}}],"inLanguage":"es"},{"@type":"Organization","@id":"https:\/\/www.laguiadepamplona.com\/actualidad\/#organization","name":"La Gu\u00eda de Pamplona \/ Noticias","url":"https:\/\/www.laguiadepamplona.com\/actualidad\/","logo":{"@type":"ImageObject","inLanguage":"es","@id":"https:\/\/www.laguiadepamplona.com\/actualidad\/#\/schema\/logo\/image\/","url":"https:\/\/www.laguiadepamplona.com\/actualidad\/wp-content\/uploads\/2018\/11\/logo-laguiadepamplona18-web1.png","contentUrl":"https:\/\/www.laguiadepamplona.com\/actualidad\/wp-content\/uploads\/2018\/11\/logo-laguiadepamplona18-web1.png","width":600,"height":196,"caption":"La Gu\u00eda de Pamplona \/ Noticias"},"image":{"@id":"https:\/\/www.laguiadepamplona.com\/actualidad\/#\/schema\/logo\/image\/"},"sameAs":["https:\/\/www.facebook.com\/laguiadepamplonacom-133175176762273\/?ref=hl","https:\/\/x.com\/LaGuiadPamplona","https:\/\/www.instagram.com\/la_guia_de_pamplona\/","https:\/\/www.youtube.com\/user\/laguiadepamplona"]},{"@type":"Person","@id":"https:\/\/www.laguiadepamplona.com\/actualidad\/#\/schema\/person\/efe887376f0213d4657c93adc50b1fdb","name":"La Gu\u00eda de Pamplona","image":{"@type":"ImageObject","inLanguage":"es","@id":"https:\/\/secure.gravatar.com\/avatar\/b6992f131dc8d30ab0dff15446e9d346d9dbd95992de0fef795073f5ea83a81c?s=96&d=mm&r=g","url":"https:\/\/secure.gravatar.com\/avatar\/b6992f131dc8d30ab0dff15446e9d346d9dbd95992de0fef795073f5ea83a81c?s=96&d=mm&r=g","contentUrl":"https:\/\/secure.gravatar.com\/avatar\/b6992f131dc8d30ab0dff15446e9d346d9dbd95992de0fef795073f5ea83a81c?s=96&d=mm&r=g","caption":"La Gu\u00eda de Pamplona"}}]}},"post_mailing_queue_ids":[],"_links":{"self":[{"href":"https:\/\/www.laguiadepamplona.com\/actualidad\/wp-json\/wp\/v2\/posts\/6456","targetHints":{"allow":["GET"]}}],"collection":[{"href":"https:\/\/www.laguiadepamplona.com\/actualidad\/wp-json\/wp\/v2\/posts"}],"about":[{"href":"https:\/\/www.laguiadepamplona.com\/actualidad\/wp-json\/wp\/v2\/types\/post"}],"author":[{"embeddable":true,"href":"https:\/\/www.laguiadepamplona.com\/actualidad\/wp-json\/wp\/v2\/users\/1"}],"replies":[{"embeddable":true,"href":"https:\/\/www.laguiadepamplona.com\/actualidad\/wp-json\/wp\/v2\/comments?post=6456"}],"version-history":[{"count":0,"href":"https:\/\/www.laguiadepamplona.com\/actualidad\/wp-json\/wp\/v2\/posts\/6456\/revisions"}],"wp:featuredmedia":[{"embeddable":true,"href":"https:\/\/www.laguiadepamplona.com\/actualidad\/wp-json\/"}],"wp:attachment":[{"href":"https:\/\/www.laguiadepamplona.com\/actualidad\/wp-json\/wp\/v2\/media?parent=6456"}],"wp:term":[{"taxonomy":"category","embeddable":true,"href":"https:\/\/www.laguiadepamplona.com\/actualidad\/wp-json\/wp\/v2\/categories?post=6456"},{"taxonomy":"post_tag","embeddable":true,"href":"https:\/\/www.laguiadepamplona.com\/actualidad\/wp-json\/wp\/v2\/tags?post=6456"}],"curies":[{"name":"wp","href":"https:\/\/api.w.org\/{rel}","templated":true}]}}