{"id":6420,"date":"2015-06-29T17:27:44","date_gmt":"2015-06-29T15:27:44","guid":{"rendered":"http:\/\/laguiadepamplona.com\/actualidad\/?p=6420"},"modified":"2015-06-29T17:27:44","modified_gmt":"2015-06-29T15:27:44","slug":"el-quiosco-bar-con-servicio-de-terraza-de-la-ciudadela-se-mantendra-abierto-desde-hoy-lunes-hasta-septiembre","status":"publish","type":"post","link":"https:\/\/www.laguiadepamplona.com\/actualidad\/el-quiosco-bar-con-servicio-de-terraza-de-la-ciudadela-se-mantendra-abierto-desde-hoy-lunes-hasta-septiembre\/","title":{"rendered":"El quiosco-bar con servicio de terraza de la Ciudadela se mantendr\u00e1 abierto desde hoy lunes hasta septiembre"},"content":{"rendered":"<h4 class=\"western\" lang=\"es-ES\">La Junta de Gobierno Local aprueba la adjudicaci\u00f3n de este espacio hostelero que reabrir\u00e1 sus puertas en primavera<\/h4>\n<p lang=\"es-ES\"><span style=\"font-family: Arial, sans-serif;\"><span lang=\"es-ES\"><a href=\"http:\/\/laguiadepamplona.com\/actualidad\/wp-content\/uploads\/2014\/06\/Ayto_Pamplona.jpg\"><img loading=\"lazy\" decoding=\"async\" class=\"alignleft size-medium wp-image-2063\" src=\"http:\/\/laguiadepamplona.com\/actualidad\/wp-content\/uploads\/2014\/06\/Ayto_Pamplona-300x225.jpg\" alt=\"Ayto_Pamplona\" width=\"300\" height=\"225\" \/><\/a>El quiosco-bar de Ciudadela abre hoy sus puertas, coincidiendo con el programa Sarasate Live, y ya nos la cerrar\u00e1 hasta el mes de septiembre. El m\u00f3dulo, situado en el exterior de la Sala de Armas, con una zona de terraza de 100 m<\/span><sup><span lang=\"es-ES\">2 <\/span><\/sup><span lang=\"es-ES\">alrededor dispone de mesas cuadradas, mesas abatibles con taburetes, pufs y toldos y sombrillas, con una amplia carta de comidas y bebidas.<\/span><\/span><\/p>\n<p lang=\"es-ES\"><span style=\"font-family: Arial, sans-serif;\">A las m\u00faltiples modalidades de caf\u00e9s e infusiones se suman refrescos, vinos con D.O. Navarra, combinados y cervezas, adem\u00e1s de fritos, snaks, aceitunas y platos m\u00e1s consistentes como hamburguesas 100% \u201cTernera de Navarra\u201d, perritos, Esp\u00e1rragos de Navarra, pimientos de Lodosa, pat\u00e9s o ensaladas. Todos los ingredientes ser\u00e1n de proveedores navarros y muchos de ellos con el sello Reyno Gourmet. La carta de precios, sin contar las comidas, oscilan entre el 1,20 de un caf\u00e9 y los 6 euros de los combinados.<\/span><\/p>\n<p lang=\"es-ES\"><span style=\"color: #000000;\"><span style=\"font-family: Arial, sans-serif;\">Este nuevo servicio, que cerrar\u00e1 por Sanfermines entre el 5 y el 17 de julio (la Ciudadela es el recinto de lanzamiento de los fuegos artificiales) a partir de ese d\u00eda y hasta finales de septiembre abrir\u00e1 de lunes a domingo de 18 horas, con el l\u00edmite de la una de la madrugada. Coincidir\u00e1, adem\u00e1s, con la programaci\u00f3n cultural\/musical de verano. Las personas que se encarguen de dar servicio desde el m\u00f3dulo (una persona sirviendo, otra en cocina y una en coordinaci\u00f3n) ser\u00e1n adem\u00e1s \u201cinformadores tur\u00edsticos\u201d ya que tendr\u00e1n nociones de idiomas y de la oferta cultural y patrimonial de la ciudad.<\/span><\/span><\/p>\n<p lang=\"es-ES\"><span style=\"font-family: Arial, sans-serif;\"><b>Un prisma rectangular ante la Sala de Armas<\/b><\/span><\/p>\n<p lang=\"es-ES\"><span style=\"color: #000000;\"><span style=\"font-family: Arial, sans-serif;\">La Junta de Gobierno Local aprob\u00f3 el pasado viernes la adjudicaci\u00f3n (contrato de arrendamiento por 12 meses, prorrogable hasta un m\u00e1ximo de 4 a\u00f1os) a la empresa Catering Cock S.L por medio de un procedimiento es abierto. La empresa tiene ya experiencia con el Ayuntamiento de Pamplona ya que ha gestionado el Tres Sesenta Gourmet de este a\u00f1o y el Gastro Bar Fortius de 2012. A cambio de la explotaci\u00f3n, la empresa adjudicataria deber\u00e1 abonar al Consistorio un precio anual de 1.317 euros, IVA Incluido.<\/span><\/span><\/p>\n<p lang=\"es-ES\"><span style=\"color: #000000;\"><span style=\"font-family: Arial, sans-serif;\">Corresponder\u00e1 al arrendatario aportar tanto la maquinaria de hosteler\u00eda necesaria para prestar el servicio, como el menaje y los art\u00edculos de consumo que se oferten al p\u00fablico. Asimismo el titular del contrato deber\u00e1 encargarse de la conservaci\u00f3n y limpieza de los espacios incluidos en el acuerdo.<\/span><\/span><\/p>\n<p lang=\"es-ES\"><span style=\"color: #000000;\"><span style=\"font-family: Arial, sans-serif;\">El m\u00f3dulo de quiosco-bar, de propiedad municipal, tiene como dimensi\u00f3n en planta 2,40&#215;4,80 metros, con una altura de 3 metros y dispone de un una encimera longitudinal, as\u00ed como varios armarios de almacenamiento. <\/span><\/span><\/p>\n<p lang=\"es-ES\">\n","protected":false},"excerpt":{"rendered":"<p>La Junta de Gobierno Local aprueba la adjudicaci\u00f3n de este espacio hostelero que reabrir\u00e1 sus puertas en primavera El quiosco-bar de Ciudadela abre hoy sus puertas, coincidiendo con el programa&#8230;<\/p>\n","protected":false},"author":1,"featured_media":2063,"comment_status":"closed","ping_status":"closed","sticky":false,"template":"","format":"standard","meta":{"footnotes":""},"categories":[2],"tags":[2078,5,6,509,42,5769,8,9,5770,706,4832],"class_list":["post-6420","post","type-post","status-publish","format-standard","has-post-thumbnail","hentry","category-ayuntamiento-pamplona","tag-abierto","tag-actualidad","tag-ayto-pamplona","tag-ayuntamiento-de-pamplona","tag-ciudadela","tag-hasta-septiembre","tag-noticias","tag-pamplona","tag-quiosco-bar","tag-sala-de-armas","tag-servicio-terraza"],"yoast_head":"<!-- This site is optimized with the Yoast SEO plugin v27.5 - https:\/\/yoast.com\/product\/yoast-seo-wordpress\/ -->\n<title>El quiosco-bar con servicio de terraza de la Ciudadela se mantendr\u00e1 abierto desde hoy lunes hasta septiembre<\/title>\n<meta name=\"robots\" content=\"index, follow, max-snippet:-1, max-image-preview:large, max-video-preview:-1\" \/>\n<link rel=\"canonical\" href=\"https:\/\/www.laguiadepamplona.com\/actualidad\/el-quiosco-bar-con-servicio-de-terraza-de-la-ciudadela-se-mantendra-abierto-desde-hoy-lunes-hasta-septiembre\/\" \/>\n<meta property=\"og:locale\" content=\"es_ES\" \/>\n<meta property=\"og:type\" content=\"article\" \/>\n<meta property=\"og:title\" content=\"El quiosco-bar con servicio de terraza de la Ciudadela se mantendr\u00e1 abierto desde hoy lunes hasta septiembre\" \/>\n<meta property=\"og:description\" content=\"La Junta de Gobierno Local aprueba la adjudicaci\u00f3n de este espacio hostelero que reabrir\u00e1 sus puertas en primavera El quiosco-bar de Ciudadela abre hoy sus puertas, coincidiendo con el programa...\" \/>\n<meta property=\"og:url\" content=\"https:\/\/www.laguiadepamplona.com\/actualidad\/el-quiosco-bar-con-servicio-de-terraza-de-la-ciudadela-se-mantendra-abierto-desde-hoy-lunes-hasta-septiembre\/\" \/>\n<meta property=\"og:site_name\" content=\"La Gu\u00eda de Pamplona\" \/>\n<meta property=\"article:publisher\" content=\"https:\/\/www.facebook.com\/laguiadepamplonacom-133175176762273\/?ref=hl\" \/>\n<meta property=\"article:published_time\" content=\"2015-06-29T15:27:44+00:00\" \/>\n<meta name=\"author\" content=\"La Gu\u00eda de Pamplona\" \/>\n<meta name=\"twitter:card\" content=\"summary_large_image\" \/>\n<meta name=\"twitter:creator\" content=\"@LaGuiadPamplona\" \/>\n<meta name=\"twitter:site\" content=\"@LaGuiadPamplona\" \/>\n<meta name=\"twitter:label1\" content=\"Escrito por\" \/>\n\t<meta name=\"twitter:data1\" content=\"La Gu\u00eda de Pamplona\" \/>\n\t<meta name=\"twitter:label2\" content=\"Tiempo de lectura\" \/>\n\t<meta name=\"twitter:data2\" content=\"2 minutos\" \/>\n<script type=\"application\/ld+json\" class=\"yoast-schema-graph\">{\"@context\":\"https:\\\/\\\/schema.org\",\"@graph\":[{\"@type\":\"Article\",\"@id\":\"https:\\\/\\\/www.laguiadepamplona.com\\\/actualidad\\\/el-quiosco-bar-con-servicio-de-terraza-de-la-ciudadela-se-mantendra-abierto-desde-hoy-lunes-hasta-septiembre\\\/#article\",\"isPartOf\":{\"@id\":\"https:\\\/\\\/www.laguiadepamplona.com\\\/actualidad\\\/el-quiosco-bar-con-servicio-de-terraza-de-la-ciudadela-se-mantendra-abierto-desde-hoy-lunes-hasta-septiembre\\\/\"},\"author\":{\"name\":\"La Gu\u00eda de Pamplona\",\"@id\":\"https:\\\/\\\/www.laguiadepamplona.com\\\/actualidad\\\/#\\\/schema\\\/person\\\/efe887376f0213d4657c93adc50b1fdb\"},\"headline\":\"El quiosco-bar con servicio de terraza de la Ciudadela se mantendr\u00e1 abierto desde hoy lunes hasta septiembre\",\"datePublished\":\"2015-06-29T15:27:44+00:00\",\"mainEntityOfPage\":{\"@id\":\"https:\\\/\\\/www.laguiadepamplona.com\\\/actualidad\\\/el-quiosco-bar-con-servicio-de-terraza-de-la-ciudadela-se-mantendra-abierto-desde-hoy-lunes-hasta-septiembre\\\/\"},\"wordCount\":476,\"publisher\":{\"@id\":\"https:\\\/\\\/www.laguiadepamplona.com\\\/actualidad\\\/#organization\"},\"image\":{\"@id\":\"https:\\\/\\\/www.laguiadepamplona.com\\\/actualidad\\\/el-quiosco-bar-con-servicio-de-terraza-de-la-ciudadela-se-mantendra-abierto-desde-hoy-lunes-hasta-septiembre\\\/#primaryimage\"},\"thumbnailUrl\":\"\",\"keywords\":[\"abierto\",\"actualidad\",\"ayto pamplona\",\"Ayuntamiento de Pamplona\",\"ciudadela\",\"hasta septiembre\",\"noticias\",\"pamplona\",\"quiosco bar\",\"sala de armas\",\"servicio terraza\"],\"articleSection\":[\"Ayto Pamplona\"],\"inLanguage\":\"es\"},{\"@type\":\"WebPage\",\"@id\":\"https:\\\/\\\/www.laguiadepamplona.com\\\/actualidad\\\/el-quiosco-bar-con-servicio-de-terraza-de-la-ciudadela-se-mantendra-abierto-desde-hoy-lunes-hasta-septiembre\\\/\",\"url\":\"https:\\\/\\\/www.laguiadepamplona.com\\\/actualidad\\\/el-quiosco-bar-con-servicio-de-terraza-de-la-ciudadela-se-mantendra-abierto-desde-hoy-lunes-hasta-septiembre\\\/\",\"name\":\"El quiosco-bar con servicio de terraza de la Ciudadela se mantendr\u00e1 abierto desde hoy lunes hasta septiembre\",\"isPartOf\":{\"@id\":\"https:\\\/\\\/www.laguiadepamplona.com\\\/actualidad\\\/#website\"},\"primaryImageOfPage\":{\"@id\":\"https:\\\/\\\/www.laguiadepamplona.com\\\/actualidad\\\/el-quiosco-bar-con-servicio-de-terraza-de-la-ciudadela-se-mantendra-abierto-desde-hoy-lunes-hasta-septiembre\\\/#primaryimage\"},\"image\":{\"@id\":\"https:\\\/\\\/www.laguiadepamplona.com\\\/actualidad\\\/el-quiosco-bar-con-servicio-de-terraza-de-la-ciudadela-se-mantendra-abierto-desde-hoy-lunes-hasta-septiembre\\\/#primaryimage\"},\"thumbnailUrl\":\"\",\"datePublished\":\"2015-06-29T15:27:44+00:00\",\"breadcrumb\":{\"@id\":\"https:\\\/\\\/www.laguiadepamplona.com\\\/actualidad\\\/el-quiosco-bar-con-servicio-de-terraza-de-la-ciudadela-se-mantendra-abierto-desde-hoy-lunes-hasta-septiembre\\\/#breadcrumb\"},\"inLanguage\":\"es\",\"potentialAction\":[{\"@type\":\"ReadAction\",\"target\":[\"https:\\\/\\\/www.laguiadepamplona.com\\\/actualidad\\\/el-quiosco-bar-con-servicio-de-terraza-de-la-ciudadela-se-mantendra-abierto-desde-hoy-lunes-hasta-septiembre\\\/\"]}]},{\"@type\":\"ImageObject\",\"inLanguage\":\"es\",\"@id\":\"https:\\\/\\\/www.laguiadepamplona.com\\\/actualidad\\\/el-quiosco-bar-con-servicio-de-terraza-de-la-ciudadela-se-mantendra-abierto-desde-hoy-lunes-hasta-septiembre\\\/#primaryimage\",\"url\":\"\",\"contentUrl\":\"\"},{\"@type\":\"BreadcrumbList\",\"@id\":\"https:\\\/\\\/www.laguiadepamplona.com\\\/actualidad\\\/el-quiosco-bar-con-servicio-de-terraza-de-la-ciudadela-se-mantendra-abierto-desde-hoy-lunes-hasta-septiembre\\\/#breadcrumb\",\"itemListElement\":[{\"@type\":\"ListItem\",\"position\":1,\"name\":\"Portada\",\"item\":\"https:\\\/\\\/www.laguiadepamplona.com\\\/actualidad\\\/\"},{\"@type\":\"ListItem\",\"position\":2,\"name\":\"El quiosco-bar con servicio de terraza de la Ciudadela se mantendr\u00e1 abierto desde hoy lunes hasta septiembre\"}]},{\"@type\":\"WebSite\",\"@id\":\"https:\\\/\\\/www.laguiadepamplona.com\\\/actualidad\\\/#website\",\"url\":\"https:\\\/\\\/www.laguiadepamplona.com\\\/actualidad\\\/\",\"name\":\"La gu\u00eda de Pamplona\",\"description\":\"Noticias de Pamplona\",\"publisher\":{\"@id\":\"https:\\\/\\\/www.laguiadepamplona.com\\\/actualidad\\\/#organization\"},\"potentialAction\":[{\"@type\":\"SearchAction\",\"target\":{\"@type\":\"EntryPoint\",\"urlTemplate\":\"https:\\\/\\\/www.laguiadepamplona.com\\\/actualidad\\\/?s={search_term_string}\"},\"query-input\":{\"@type\":\"PropertyValueSpecification\",\"valueRequired\":true,\"valueName\":\"search_term_string\"}}],\"inLanguage\":\"es\"},{\"@type\":\"Organization\",\"@id\":\"https:\\\/\\\/www.laguiadepamplona.com\\\/actualidad\\\/#organization\",\"name\":\"La Gu\u00eda de Pamplona \\\/ Noticias\",\"url\":\"https:\\\/\\\/www.laguiadepamplona.com\\\/actualidad\\\/\",\"logo\":{\"@type\":\"ImageObject\",\"inLanguage\":\"es\",\"@id\":\"https:\\\/\\\/www.laguiadepamplona.com\\\/actualidad\\\/#\\\/schema\\\/logo\\\/image\\\/\",\"url\":\"https:\\\/\\\/www.laguiadepamplona.com\\\/actualidad\\\/wp-content\\\/uploads\\\/2018\\\/11\\\/logo-laguiadepamplona18-web1.png\",\"contentUrl\":\"https:\\\/\\\/www.laguiadepamplona.com\\\/actualidad\\\/wp-content\\\/uploads\\\/2018\\\/11\\\/logo-laguiadepamplona18-web1.png\",\"width\":600,\"height\":196,\"caption\":\"La Gu\u00eda de Pamplona \\\/ Noticias\"},\"image\":{\"@id\":\"https:\\\/\\\/www.laguiadepamplona.com\\\/actualidad\\\/#\\\/schema\\\/logo\\\/image\\\/\"},\"sameAs\":[\"https:\\\/\\\/www.facebook.com\\\/laguiadepamplonacom-133175176762273\\\/?ref=hl\",\"https:\\\/\\\/x.com\\\/LaGuiadPamplona\",\"https:\\\/\\\/www.instagram.com\\\/la_guia_de_pamplona\\\/\",\"https:\\\/\\\/www.youtube.com\\\/user\\\/laguiadepamplona\"]},{\"@type\":\"Person\",\"@id\":\"https:\\\/\\\/www.laguiadepamplona.com\\\/actualidad\\\/#\\\/schema\\\/person\\\/efe887376f0213d4657c93adc50b1fdb\",\"name\":\"La Gu\u00eda de Pamplona\",\"image\":{\"@type\":\"ImageObject\",\"inLanguage\":\"es\",\"@id\":\"https:\\\/\\\/secure.gravatar.com\\\/avatar\\\/b6992f131dc8d30ab0dff15446e9d346d9dbd95992de0fef795073f5ea83a81c?s=96&d=mm&r=g\",\"url\":\"https:\\\/\\\/secure.gravatar.com\\\/avatar\\\/b6992f131dc8d30ab0dff15446e9d346d9dbd95992de0fef795073f5ea83a81c?s=96&d=mm&r=g\",\"contentUrl\":\"https:\\\/\\\/secure.gravatar.com\\\/avatar\\\/b6992f131dc8d30ab0dff15446e9d346d9dbd95992de0fef795073f5ea83a81c?s=96&d=mm&r=g\",\"caption\":\"La Gu\u00eda de Pamplona\"}}]}<\/script>\n<!-- \/ Yoast SEO plugin. -->","yoast_head_json":{"title":"El quiosco-bar con servicio de terraza de la Ciudadela se mantendr\u00e1 abierto desde hoy lunes hasta septiembre","robots":{"index":"index","follow":"follow","max-snippet":"max-snippet:-1","max-image-preview":"max-image-preview:large","max-video-preview":"max-video-preview:-1"},"canonical":"https:\/\/www.laguiadepamplona.com\/actualidad\/el-quiosco-bar-con-servicio-de-terraza-de-la-ciudadela-se-mantendra-abierto-desde-hoy-lunes-hasta-septiembre\/","og_locale":"es_ES","og_type":"article","og_title":"El quiosco-bar con servicio de terraza de la Ciudadela se mantendr\u00e1 abierto desde hoy lunes hasta septiembre","og_description":"La Junta de Gobierno Local aprueba la adjudicaci\u00f3n de este espacio hostelero que reabrir\u00e1 sus puertas en primavera El quiosco-bar de Ciudadela abre hoy sus puertas, coincidiendo con el programa...","og_url":"https:\/\/www.laguiadepamplona.com\/actualidad\/el-quiosco-bar-con-servicio-de-terraza-de-la-ciudadela-se-mantendra-abierto-desde-hoy-lunes-hasta-septiembre\/","og_site_name":"La Gu\u00eda de Pamplona","article_publisher":"https:\/\/www.facebook.com\/laguiadepamplonacom-133175176762273\/?ref=hl","article_published_time":"2015-06-29T15:27:44+00:00","author":"La Gu\u00eda de Pamplona","twitter_card":"summary_large_image","twitter_creator":"@LaGuiadPamplona","twitter_site":"@LaGuiadPamplona","twitter_misc":{"Escrito por":"La Gu\u00eda de Pamplona","Tiempo de lectura":"2 minutos"},"schema":{"@context":"https:\/\/schema.org","@graph":[{"@type":"Article","@id":"https:\/\/www.laguiadepamplona.com\/actualidad\/el-quiosco-bar-con-servicio-de-terraza-de-la-ciudadela-se-mantendra-abierto-desde-hoy-lunes-hasta-septiembre\/#article","isPartOf":{"@id":"https:\/\/www.laguiadepamplona.com\/actualidad\/el-quiosco-bar-con-servicio-de-terraza-de-la-ciudadela-se-mantendra-abierto-desde-hoy-lunes-hasta-septiembre\/"},"author":{"name":"La Gu\u00eda de Pamplona","@id":"https:\/\/www.laguiadepamplona.com\/actualidad\/#\/schema\/person\/efe887376f0213d4657c93adc50b1fdb"},"headline":"El quiosco-bar con servicio de terraza de la Ciudadela se mantendr\u00e1 abierto desde hoy lunes hasta septiembre","datePublished":"2015-06-29T15:27:44+00:00","mainEntityOfPage":{"@id":"https:\/\/www.laguiadepamplona.com\/actualidad\/el-quiosco-bar-con-servicio-de-terraza-de-la-ciudadela-se-mantendra-abierto-desde-hoy-lunes-hasta-septiembre\/"},"wordCount":476,"publisher":{"@id":"https:\/\/www.laguiadepamplona.com\/actualidad\/#organization"},"image":{"@id":"https:\/\/www.laguiadepamplona.com\/actualidad\/el-quiosco-bar-con-servicio-de-terraza-de-la-ciudadela-se-mantendra-abierto-desde-hoy-lunes-hasta-septiembre\/#primaryimage"},"thumbnailUrl":"","keywords":["abierto","actualidad","ayto pamplona","Ayuntamiento de Pamplona","ciudadela","hasta septiembre","noticias","pamplona","quiosco bar","sala de armas","servicio terraza"],"articleSection":["Ayto Pamplona"],"inLanguage":"es"},{"@type":"WebPage","@id":"https:\/\/www.laguiadepamplona.com\/actualidad\/el-quiosco-bar-con-servicio-de-terraza-de-la-ciudadela-se-mantendra-abierto-desde-hoy-lunes-hasta-septiembre\/","url":"https:\/\/www.laguiadepamplona.com\/actualidad\/el-quiosco-bar-con-servicio-de-terraza-de-la-ciudadela-se-mantendra-abierto-desde-hoy-lunes-hasta-septiembre\/","name":"El quiosco-bar con servicio de terraza de la Ciudadela se mantendr\u00e1 abierto desde hoy lunes hasta septiembre","isPartOf":{"@id":"https:\/\/www.laguiadepamplona.com\/actualidad\/#website"},"primaryImageOfPage":{"@id":"https:\/\/www.laguiadepamplona.com\/actualidad\/el-quiosco-bar-con-servicio-de-terraza-de-la-ciudadela-se-mantendra-abierto-desde-hoy-lunes-hasta-septiembre\/#primaryimage"},"image":{"@id":"https:\/\/www.laguiadepamplona.com\/actualidad\/el-quiosco-bar-con-servicio-de-terraza-de-la-ciudadela-se-mantendra-abierto-desde-hoy-lunes-hasta-septiembre\/#primaryimage"},"thumbnailUrl":"","datePublished":"2015-06-29T15:27:44+00:00","breadcrumb":{"@id":"https:\/\/www.laguiadepamplona.com\/actualidad\/el-quiosco-bar-con-servicio-de-terraza-de-la-ciudadela-se-mantendra-abierto-desde-hoy-lunes-hasta-septiembre\/#breadcrumb"},"inLanguage":"es","potentialAction":[{"@type":"ReadAction","target":["https:\/\/www.laguiadepamplona.com\/actualidad\/el-quiosco-bar-con-servicio-de-terraza-de-la-ciudadela-se-mantendra-abierto-desde-hoy-lunes-hasta-septiembre\/"]}]},{"@type":"ImageObject","inLanguage":"es","@id":"https:\/\/www.laguiadepamplona.com\/actualidad\/el-quiosco-bar-con-servicio-de-terraza-de-la-ciudadela-se-mantendra-abierto-desde-hoy-lunes-hasta-septiembre\/#primaryimage","url":"","contentUrl":""},{"@type":"BreadcrumbList","@id":"https:\/\/www.laguiadepamplona.com\/actualidad\/el-quiosco-bar-con-servicio-de-terraza-de-la-ciudadela-se-mantendra-abierto-desde-hoy-lunes-hasta-septiembre\/#breadcrumb","itemListElement":[{"@type":"ListItem","position":1,"name":"Portada","item":"https:\/\/www.laguiadepamplona.com\/actualidad\/"},{"@type":"ListItem","position":2,"name":"El quiosco-bar con servicio de terraza de la Ciudadela se mantendr\u00e1 abierto desde hoy lunes hasta septiembre"}]},{"@type":"WebSite","@id":"https:\/\/www.laguiadepamplona.com\/actualidad\/#website","url":"https:\/\/www.laguiadepamplona.com\/actualidad\/","name":"La gu\u00eda de Pamplona","description":"Noticias de Pamplona","publisher":{"@id":"https:\/\/www.laguiadepamplona.com\/actualidad\/#organization"},"potentialAction":[{"@type":"SearchAction","target":{"@type":"EntryPoint","urlTemplate":"https:\/\/www.laguiadepamplona.com\/actualidad\/?s={search_term_string}"},"query-input":{"@type":"PropertyValueSpecification","valueRequired":true,"valueName":"search_term_string"}}],"inLanguage":"es"},{"@type":"Organization","@id":"https:\/\/www.laguiadepamplona.com\/actualidad\/#organization","name":"La Gu\u00eda de Pamplona \/ Noticias","url":"https:\/\/www.laguiadepamplona.com\/actualidad\/","logo":{"@type":"ImageObject","inLanguage":"es","@id":"https:\/\/www.laguiadepamplona.com\/actualidad\/#\/schema\/logo\/image\/","url":"https:\/\/www.laguiadepamplona.com\/actualidad\/wp-content\/uploads\/2018\/11\/logo-laguiadepamplona18-web1.png","contentUrl":"https:\/\/www.laguiadepamplona.com\/actualidad\/wp-content\/uploads\/2018\/11\/logo-laguiadepamplona18-web1.png","width":600,"height":196,"caption":"La Gu\u00eda de Pamplona \/ Noticias"},"image":{"@id":"https:\/\/www.laguiadepamplona.com\/actualidad\/#\/schema\/logo\/image\/"},"sameAs":["https:\/\/www.facebook.com\/laguiadepamplonacom-133175176762273\/?ref=hl","https:\/\/x.com\/LaGuiadPamplona","https:\/\/www.instagram.com\/la_guia_de_pamplona\/","https:\/\/www.youtube.com\/user\/laguiadepamplona"]},{"@type":"Person","@id":"https:\/\/www.laguiadepamplona.com\/actualidad\/#\/schema\/person\/efe887376f0213d4657c93adc50b1fdb","name":"La Gu\u00eda de Pamplona","image":{"@type":"ImageObject","inLanguage":"es","@id":"https:\/\/secure.gravatar.com\/avatar\/b6992f131dc8d30ab0dff15446e9d346d9dbd95992de0fef795073f5ea83a81c?s=96&d=mm&r=g","url":"https:\/\/secure.gravatar.com\/avatar\/b6992f131dc8d30ab0dff15446e9d346d9dbd95992de0fef795073f5ea83a81c?s=96&d=mm&r=g","contentUrl":"https:\/\/secure.gravatar.com\/avatar\/b6992f131dc8d30ab0dff15446e9d346d9dbd95992de0fef795073f5ea83a81c?s=96&d=mm&r=g","caption":"La Gu\u00eda de Pamplona"}}]}},"post_mailing_queue_ids":[],"_links":{"self":[{"href":"https:\/\/www.laguiadepamplona.com\/actualidad\/wp-json\/wp\/v2\/posts\/6420","targetHints":{"allow":["GET"]}}],"collection":[{"href":"https:\/\/www.laguiadepamplona.com\/actualidad\/wp-json\/wp\/v2\/posts"}],"about":[{"href":"https:\/\/www.laguiadepamplona.com\/actualidad\/wp-json\/wp\/v2\/types\/post"}],"author":[{"embeddable":true,"href":"https:\/\/www.laguiadepamplona.com\/actualidad\/wp-json\/wp\/v2\/users\/1"}],"replies":[{"embeddable":true,"href":"https:\/\/www.laguiadepamplona.com\/actualidad\/wp-json\/wp\/v2\/comments?post=6420"}],"version-history":[{"count":0,"href":"https:\/\/www.laguiadepamplona.com\/actualidad\/wp-json\/wp\/v2\/posts\/6420\/revisions"}],"wp:featuredmedia":[{"embeddable":true,"href":"https:\/\/www.laguiadepamplona.com\/actualidad\/wp-json\/"}],"wp:attachment":[{"href":"https:\/\/www.laguiadepamplona.com\/actualidad\/wp-json\/wp\/v2\/media?parent=6420"}],"wp:term":[{"taxonomy":"category","embeddable":true,"href":"https:\/\/www.laguiadepamplona.com\/actualidad\/wp-json\/wp\/v2\/categories?post=6420"},{"taxonomy":"post_tag","embeddable":true,"href":"https:\/\/www.laguiadepamplona.com\/actualidad\/wp-json\/wp\/v2\/tags?post=6420"}],"curies":[{"name":"wp","href":"https:\/\/api.w.org\/{rel}","templated":true}]}}