{"id":636,"date":"2014-02-28T13:10:34","date_gmt":"2014-02-28T12:10:34","guid":{"rendered":"http:\/\/laguiadepamplona.es\/noticias\/?p=636"},"modified":"2014-02-28T13:10:34","modified_gmt":"2014-02-28T12:10:34","slug":"dos-muestras-de-fotografia-y-otras-dos-de-pintura-componen-la-nueva-oferta-expositiva-de-la-red-civivox-para-las-proximas-semanas","status":"publish","type":"post","link":"https:\/\/www.laguiadepamplona.com\/actualidad\/dos-muestras-de-fotografia-y-otras-dos-de-pintura-componen-la-nueva-oferta-expositiva-de-la-red-civivox-para-las-proximas-semanas\/","title":{"rendered":"Dos muestras de fotograf\u00eda y otras dos de pintura componen la nueva oferta expositiva de la red Civivox para las pr\u00f3ximas semanas"},"content":{"rendered":"<h6>Bolivia, el r\u00edo Arga, pintura figurativa o fragmentos de ilusi\u00f3n son protagonistas en Civivox Ensanche, Milagrosa, Iturrama y Jus la Rocha<\/h6>\n<p><a href=\"http:\/\/laguiadepamplona.es\/noticias\/wp-content\/uploads\/2014\/01\/civivox-milagrosa.jpg\"><img loading=\"lazy\" decoding=\"async\" class=\"alignleft size-medium wp-image-218\" alt=\"civivox-milagrosa\" src=\"http:\/\/laguiadepamplona.es\/noticias\/wp-content\/uploads\/2014\/01\/civivox-milagrosa-300x199.jpg\" width=\"300\" height=\"199\" \/><\/a>La red Civivox contin\u00faa dando espacio en sus centros c\u00edvicos a exposiciones de diferentes art\u00edsticas y de diversas t\u00e9cnicas art\u00edsticas. Civivox Ensanche, Civivox Milagrosa, Civivox Iturrama y Civivox Jus la Rocha estrenan estos d\u00edas dos muestras fotogr\u00e1ficas y otras dos pict\u00f3ricas que firman, respectivamente, la Fundaci\u00f3n TAU, Tom\u00e1s Arroyo Crespo, \u00cd\u00f1igo Sesma y Zuri\u00f1e Coronado.<\/p>\n<p>\u2018Bolivia: la hija predilecta\u2019 es una exposici\u00f3n de la Fundaci\u00f3n TAU, una ONGD de solidaridad y cooperaci\u00f3n entre norte y sur que trabaja con personas, grupos y comunidades de Am\u00e9rica Latina, Centroam\u00e9rica y \u00c1frica, principalmente. Mediante fotograf\u00edas y paneles explicativos, esta ONGD pretende acercar parte de la realidad de Bolivia y sus gentes, dando a conocer c\u00f3mo se organizan en grupos y trabajan de manera proactiva, especialmente a trav\u00e9s de las mujeres y ni\u00f1os que, en silencio, luchan por sus derechos y su futuro.<\/p>\n<p>En Civivox Milagrosa, Tom\u00e1s Arroyo Crespo expone sus fotograf\u00edas bajo el t\u00edtulo \u2018Iru\u00f1a se retrata en el Arga\u2019. Una colecci\u00f3n que se puede visitar hasta el 31 de marzo y que muestra instant\u00e1neas que, a trav\u00e9s de reflejos en el agua del Arga, recogen su transcurso a lo largo de la ciudad de Pamplona, contando historias que el fot\u00f3grafo trata de captar.<\/p>\n<p><strong>Pintura en Iturrama y Jus la Rocha<\/strong><\/p>\n<p>La pintura ser\u00e1 la protagonista de las exposiciones de Civivox Iturrama y Civivox Jus la Rocha, con los trabajos de \u00cd\u00f1igo Sesma y Zuri\u00f1e Coronado. Ya se puede visitar en Iturrama hasta el 28 de marzo la muestra \u2018Fragmento\u2019, en la que Sesma exhibe su pintura figurativa, aunque rara vez representada con formas totalmente convencionales. Con un fuerte car\u00e1cter expresionista, retrata motivos imposibles o surrealistas, sintiendo la necesidad de naturalizar las rarezas o de hacer cotidiano lo irreal.<\/p>\n<p>Este viernes se abre al p\u00fablico hasta el 28 de marzo \u2019Fragmentos de ilusi\u00f3n\u2019, la propuesta de Zuri\u00f1e Coronado. En ella, la artista realiza un recorrido por los momentos en los que la artista siente la ilusi\u00f3n de pintar para crear obras que no dejan de ser fragmentos de s\u00ed misma representando al mundo, su mundo, a trav\u00e9s de \u00e1rboles de la vida y bosques realizados en papel sede y pintura acr\u00edlica.<\/p>\n<p><strong>Otras exposiciones<\/strong><\/p>\n<p>Adem\u00e1s de las nuevas exposiciones que se abren estos d\u00edas, Civivox San Jorge mantiene hasta el 1 de marzo la muestra \u2018Tebeos: una Espa\u00f1a de vi\u00f1etas\u2019. La muestra recorre la historia del tebeo espa\u00f1ol, los primeros pasos de la historieta a finales del siglo XIX, la gran generaci\u00f3n de humoristas del 27, las penurias de la Guerra Civil y la posguerra, y la renovaci\u00f3n de la historieta con la vuelta de la democracia.<\/p>\n<p>En Civivox Mendillorri, por su parte, se pueden ver las obras escult\u00f3ricas de Jokin Bazt\u00e1n. Situado entre los figurativo y los abstracto, Bazt\u00e1n trabaja en un tipo de creaci\u00f3n que va de lo org\u00e1nico a lo geom\u00e9trico. Utiliza la tensi\u00f3n entre lazos rectil\u00edneos y curvas para producir sensaci\u00f3n de dinamismo y viveza en la materia, con formas y vol\u00famenes que buscan el equilibrio a trav\u00e9s del movimiento.<\/p>\n<p>&nbsp;<\/p>\n<div>\n<p><strong>Exposiciones red Civivox<\/strong><\/p>\n<\/div>\n<ul>\n<li><b>Civivox Ensanche<\/b>: \u2018Bolivia, la hija predilecta\u2019. Exposici\u00f3n de Fundaci\u00f3n TAU. Del 21 de febrero al 28 de marzo<\/li>\n<li><b>Civivox Iturrama:<\/b> \u2018Fragmentos\u2019. Exposici\u00f3n de pintura de \u00cd\u00f1igo Sesma. Del 21 de febrero al 28 de marzo<\/li>\n<li><b>Civivox Milagrosa<\/b>: \u2018Iru\u00f1a se retrata en el Arga\u2019. Exposici\u00f3n fotogr\u00e1fica de Tom\u00e1s Arroyo Crespo. Del 20 al 31 de marzo<\/li>\n<li><b>Civivox Jus la Rocha<\/b>: \u2019Fragmentos de ilusi\u00f3n\u2019. Exposici\u00f3n de pintura de Zuri\u00f1e Coronado. Del 28 de febrero al 28 de marzo<\/li>\n<li><b>Civivox Mendillorri<\/b>: \u2018Materia viva\u2019. Exposici\u00f3n de escultura de Jokin Bazt\u00e1n. Taller de escultura Bihart. Del 5 de febrero al 7 de marzo<\/li>\n<li><b>Civivox San Jorge<\/b>: \u2018Tebeos: una Espa\u00f1a de vi\u00f1etas\u2019. Exposici\u00f3n del Ministerio de Educaci\u00f3n, Cultura y Deporte. Del 5 de febrero al 1 de marzo\n<ul>\n<li><b>Visita guiada <\/b>\u2013 Los\u00a0 personajes m\u00e1s atrevidos y disparatados de los tebeos. Una oportunidad para recordar en familia. S\u00e1bado 1 de marzo, 11.30 horas. Actividad dirigida a familias. Para mayores de 4 a\u00f1os<\/li>\n<li><b>Taller <\/b>\u2013 Mi propio tebeo. S\u00e1bado 1 de marzo, 12.15 horas. Para mayores de 4 a\u00f1os. Inscripci\u00f3n previa en Civivox<\/li>\n<\/ul>\n<\/li>\n<\/ul>\n<p>&nbsp;<\/p>\n","protected":false},"excerpt":{"rendered":"<p>Bolivia, el r\u00edo Arga, pintura figurativa o fragmentos de ilusi\u00f3n son protagonistas en Civivox Ensanche, Milagrosa, Iturrama y Jus la Rocha La red Civivox contin\u00faa dando espacio en sus centros&#8230;<\/p>\n","protected":false},"author":1,"featured_media":218,"comment_status":"open","ping_status":"open","sticky":false,"template":"","format":"standard","meta":{"footnotes":""},"categories":[2],"tags":[5,6,94,385,386,8,9],"class_list":["post-636","post","type-post","status-publish","format-standard","has-post-thumbnail","hentry","category-ayuntamiento-pamplona","tag-actualidad","tag-ayto-pamplona","tag-civivox-ensanche","tag-iturrama-y-jus-la-rocha","tag-milagrosa","tag-noticias","tag-pamplona"],"yoast_head":"<!-- This site is optimized with the Yoast SEO plugin v27.5 - https:\/\/yoast.com\/product\/yoast-seo-wordpress\/ -->\n<title>Dos muestras de fotograf\u00eda y otras dos de pintura componen la nueva oferta expositiva de la red Civivox para las pr\u00f3ximas semanas<\/title>\n<meta name=\"robots\" content=\"index, follow, max-snippet:-1, max-image-preview:large, max-video-preview:-1\" \/>\n<link rel=\"canonical\" href=\"https:\/\/www.laguiadepamplona.com\/actualidad\/dos-muestras-de-fotografia-y-otras-dos-de-pintura-componen-la-nueva-oferta-expositiva-de-la-red-civivox-para-las-proximas-semanas\/\" \/>\n<meta property=\"og:locale\" content=\"es_ES\" \/>\n<meta property=\"og:type\" content=\"article\" \/>\n<meta property=\"og:title\" content=\"Dos muestras de fotograf\u00eda y otras dos de pintura componen la nueva oferta expositiva de la red Civivox para las pr\u00f3ximas semanas\" \/>\n<meta property=\"og:description\" content=\"Bolivia, el r\u00edo Arga, pintura figurativa o fragmentos de ilusi\u00f3n son protagonistas en Civivox Ensanche, Milagrosa, Iturrama y Jus la Rocha La red Civivox contin\u00faa dando espacio en sus centros...\" \/>\n<meta property=\"og:url\" content=\"https:\/\/www.laguiadepamplona.com\/actualidad\/dos-muestras-de-fotografia-y-otras-dos-de-pintura-componen-la-nueva-oferta-expositiva-de-la-red-civivox-para-las-proximas-semanas\/\" \/>\n<meta property=\"og:site_name\" content=\"La Gu\u00eda de Pamplona\" \/>\n<meta property=\"article:publisher\" content=\"https:\/\/www.facebook.com\/laguiadepamplonacom-133175176762273\/?ref=hl\" \/>\n<meta property=\"article:published_time\" content=\"2014-02-28T12:10:34+00:00\" \/>\n<meta name=\"author\" content=\"La Gu\u00eda de Pamplona\" \/>\n<meta name=\"twitter:card\" content=\"summary_large_image\" \/>\n<meta name=\"twitter:creator\" content=\"@LaGuiadPamplona\" \/>\n<meta name=\"twitter:site\" content=\"@LaGuiadPamplona\" \/>\n<meta name=\"twitter:label1\" content=\"Escrito por\" \/>\n\t<meta name=\"twitter:data1\" content=\"La Gu\u00eda de Pamplona\" \/>\n\t<meta name=\"twitter:label2\" content=\"Tiempo de lectura\" \/>\n\t<meta name=\"twitter:data2\" content=\"4 minutos\" \/>\n<script type=\"application\/ld+json\" class=\"yoast-schema-graph\">{\"@context\":\"https:\\\/\\\/schema.org\",\"@graph\":[{\"@type\":\"Article\",\"@id\":\"https:\\\/\\\/www.laguiadepamplona.com\\\/actualidad\\\/dos-muestras-de-fotografia-y-otras-dos-de-pintura-componen-la-nueva-oferta-expositiva-de-la-red-civivox-para-las-proximas-semanas\\\/#article\",\"isPartOf\":{\"@id\":\"https:\\\/\\\/www.laguiadepamplona.com\\\/actualidad\\\/dos-muestras-de-fotografia-y-otras-dos-de-pintura-componen-la-nueva-oferta-expositiva-de-la-red-civivox-para-las-proximas-semanas\\\/\"},\"author\":{\"name\":\"La Gu\u00eda de Pamplona\",\"@id\":\"https:\\\/\\\/www.laguiadepamplona.com\\\/actualidad\\\/#\\\/schema\\\/person\\\/efe887376f0213d4657c93adc50b1fdb\"},\"headline\":\"Dos muestras de fotograf\u00eda y otras dos de pintura componen la nueva oferta expositiva de la red Civivox para las pr\u00f3ximas semanas\",\"datePublished\":\"2014-02-28T12:10:34+00:00\",\"mainEntityOfPage\":{\"@id\":\"https:\\\/\\\/www.laguiadepamplona.com\\\/actualidad\\\/dos-muestras-de-fotografia-y-otras-dos-de-pintura-componen-la-nueva-oferta-expositiva-de-la-red-civivox-para-las-proximas-semanas\\\/\"},\"wordCount\":778,\"commentCount\":0,\"publisher\":{\"@id\":\"https:\\\/\\\/www.laguiadepamplona.com\\\/actualidad\\\/#organization\"},\"image\":{\"@id\":\"https:\\\/\\\/www.laguiadepamplona.com\\\/actualidad\\\/dos-muestras-de-fotografia-y-otras-dos-de-pintura-componen-la-nueva-oferta-expositiva-de-la-red-civivox-para-las-proximas-semanas\\\/#primaryimage\"},\"thumbnailUrl\":\"\",\"keywords\":[\"actualidad\",\"ayto pamplona\",\"Civivox Ensanche\",\"Iturrama y Jus la Rocha\",\"Milagrosa\",\"noticias\",\"pamplona\"],\"articleSection\":[\"Ayto Pamplona\"],\"inLanguage\":\"es\",\"potentialAction\":[{\"@type\":\"CommentAction\",\"name\":\"Comment\",\"target\":[\"https:\\\/\\\/www.laguiadepamplona.com\\\/actualidad\\\/dos-muestras-de-fotografia-y-otras-dos-de-pintura-componen-la-nueva-oferta-expositiva-de-la-red-civivox-para-las-proximas-semanas\\\/#respond\"]}]},{\"@type\":\"WebPage\",\"@id\":\"https:\\\/\\\/www.laguiadepamplona.com\\\/actualidad\\\/dos-muestras-de-fotografia-y-otras-dos-de-pintura-componen-la-nueva-oferta-expositiva-de-la-red-civivox-para-las-proximas-semanas\\\/\",\"url\":\"https:\\\/\\\/www.laguiadepamplona.com\\\/actualidad\\\/dos-muestras-de-fotografia-y-otras-dos-de-pintura-componen-la-nueva-oferta-expositiva-de-la-red-civivox-para-las-proximas-semanas\\\/\",\"name\":\"Dos muestras de fotograf\u00eda y otras dos de pintura componen la nueva oferta expositiva de la red Civivox para las pr\u00f3ximas semanas\",\"isPartOf\":{\"@id\":\"https:\\\/\\\/www.laguiadepamplona.com\\\/actualidad\\\/#website\"},\"primaryImageOfPage\":{\"@id\":\"https:\\\/\\\/www.laguiadepamplona.com\\\/actualidad\\\/dos-muestras-de-fotografia-y-otras-dos-de-pintura-componen-la-nueva-oferta-expositiva-de-la-red-civivox-para-las-proximas-semanas\\\/#primaryimage\"},\"image\":{\"@id\":\"https:\\\/\\\/www.laguiadepamplona.com\\\/actualidad\\\/dos-muestras-de-fotografia-y-otras-dos-de-pintura-componen-la-nueva-oferta-expositiva-de-la-red-civivox-para-las-proximas-semanas\\\/#primaryimage\"},\"thumbnailUrl\":\"\",\"datePublished\":\"2014-02-28T12:10:34+00:00\",\"breadcrumb\":{\"@id\":\"https:\\\/\\\/www.laguiadepamplona.com\\\/actualidad\\\/dos-muestras-de-fotografia-y-otras-dos-de-pintura-componen-la-nueva-oferta-expositiva-de-la-red-civivox-para-las-proximas-semanas\\\/#breadcrumb\"},\"inLanguage\":\"es\",\"potentialAction\":[{\"@type\":\"ReadAction\",\"target\":[\"https:\\\/\\\/www.laguiadepamplona.com\\\/actualidad\\\/dos-muestras-de-fotografia-y-otras-dos-de-pintura-componen-la-nueva-oferta-expositiva-de-la-red-civivox-para-las-proximas-semanas\\\/\"]}]},{\"@type\":\"ImageObject\",\"inLanguage\":\"es\",\"@id\":\"https:\\\/\\\/www.laguiadepamplona.com\\\/actualidad\\\/dos-muestras-de-fotografia-y-otras-dos-de-pintura-componen-la-nueva-oferta-expositiva-de-la-red-civivox-para-las-proximas-semanas\\\/#primaryimage\",\"url\":\"\",\"contentUrl\":\"\"},{\"@type\":\"BreadcrumbList\",\"@id\":\"https:\\\/\\\/www.laguiadepamplona.com\\\/actualidad\\\/dos-muestras-de-fotografia-y-otras-dos-de-pintura-componen-la-nueva-oferta-expositiva-de-la-red-civivox-para-las-proximas-semanas\\\/#breadcrumb\",\"itemListElement\":[{\"@type\":\"ListItem\",\"position\":1,\"name\":\"Portada\",\"item\":\"https:\\\/\\\/www.laguiadepamplona.com\\\/actualidad\\\/\"},{\"@type\":\"ListItem\",\"position\":2,\"name\":\"Dos muestras de fotograf\u00eda y otras dos de pintura componen la nueva oferta expositiva de la red Civivox para las pr\u00f3ximas semanas\"}]},{\"@type\":\"WebSite\",\"@id\":\"https:\\\/\\\/www.laguiadepamplona.com\\\/actualidad\\\/#website\",\"url\":\"https:\\\/\\\/www.laguiadepamplona.com\\\/actualidad\\\/\",\"name\":\"La gu\u00eda de Pamplona\",\"description\":\"Noticias de Pamplona\",\"publisher\":{\"@id\":\"https:\\\/\\\/www.laguiadepamplona.com\\\/actualidad\\\/#organization\"},\"potentialAction\":[{\"@type\":\"SearchAction\",\"target\":{\"@type\":\"EntryPoint\",\"urlTemplate\":\"https:\\\/\\\/www.laguiadepamplona.com\\\/actualidad\\\/?s={search_term_string}\"},\"query-input\":{\"@type\":\"PropertyValueSpecification\",\"valueRequired\":true,\"valueName\":\"search_term_string\"}}],\"inLanguage\":\"es\"},{\"@type\":\"Organization\",\"@id\":\"https:\\\/\\\/www.laguiadepamplona.com\\\/actualidad\\\/#organization\",\"name\":\"La Gu\u00eda de Pamplona \\\/ Noticias\",\"url\":\"https:\\\/\\\/www.laguiadepamplona.com\\\/actualidad\\\/\",\"logo\":{\"@type\":\"ImageObject\",\"inLanguage\":\"es\",\"@id\":\"https:\\\/\\\/www.laguiadepamplona.com\\\/actualidad\\\/#\\\/schema\\\/logo\\\/image\\\/\",\"url\":\"https:\\\/\\\/www.laguiadepamplona.com\\\/actualidad\\\/wp-content\\\/uploads\\\/2018\\\/11\\\/logo-laguiadepamplona18-web1.png\",\"contentUrl\":\"https:\\\/\\\/www.laguiadepamplona.com\\\/actualidad\\\/wp-content\\\/uploads\\\/2018\\\/11\\\/logo-laguiadepamplona18-web1.png\",\"width\":600,\"height\":196,\"caption\":\"La Gu\u00eda de Pamplona \\\/ Noticias\"},\"image\":{\"@id\":\"https:\\\/\\\/www.laguiadepamplona.com\\\/actualidad\\\/#\\\/schema\\\/logo\\\/image\\\/\"},\"sameAs\":[\"https:\\\/\\\/www.facebook.com\\\/laguiadepamplonacom-133175176762273\\\/?ref=hl\",\"https:\\\/\\\/x.com\\\/LaGuiadPamplona\",\"https:\\\/\\\/www.instagram.com\\\/la_guia_de_pamplona\\\/\",\"https:\\\/\\\/www.youtube.com\\\/user\\\/laguiadepamplona\"]},{\"@type\":\"Person\",\"@id\":\"https:\\\/\\\/www.laguiadepamplona.com\\\/actualidad\\\/#\\\/schema\\\/person\\\/efe887376f0213d4657c93adc50b1fdb\",\"name\":\"La Gu\u00eda de Pamplona\",\"image\":{\"@type\":\"ImageObject\",\"inLanguage\":\"es\",\"@id\":\"https:\\\/\\\/secure.gravatar.com\\\/avatar\\\/b6992f131dc8d30ab0dff15446e9d346d9dbd95992de0fef795073f5ea83a81c?s=96&d=mm&r=g\",\"url\":\"https:\\\/\\\/secure.gravatar.com\\\/avatar\\\/b6992f131dc8d30ab0dff15446e9d346d9dbd95992de0fef795073f5ea83a81c?s=96&d=mm&r=g\",\"contentUrl\":\"https:\\\/\\\/secure.gravatar.com\\\/avatar\\\/b6992f131dc8d30ab0dff15446e9d346d9dbd95992de0fef795073f5ea83a81c?s=96&d=mm&r=g\",\"caption\":\"La Gu\u00eda de Pamplona\"}}]}<\/script>\n<!-- \/ Yoast SEO plugin. -->","yoast_head_json":{"title":"Dos muestras de fotograf\u00eda y otras dos de pintura componen la nueva oferta expositiva de la red Civivox para las pr\u00f3ximas semanas","robots":{"index":"index","follow":"follow","max-snippet":"max-snippet:-1","max-image-preview":"max-image-preview:large","max-video-preview":"max-video-preview:-1"},"canonical":"https:\/\/www.laguiadepamplona.com\/actualidad\/dos-muestras-de-fotografia-y-otras-dos-de-pintura-componen-la-nueva-oferta-expositiva-de-la-red-civivox-para-las-proximas-semanas\/","og_locale":"es_ES","og_type":"article","og_title":"Dos muestras de fotograf\u00eda y otras dos de pintura componen la nueva oferta expositiva de la red Civivox para las pr\u00f3ximas semanas","og_description":"Bolivia, el r\u00edo Arga, pintura figurativa o fragmentos de ilusi\u00f3n son protagonistas en Civivox Ensanche, Milagrosa, Iturrama y Jus la Rocha La red Civivox contin\u00faa dando espacio en sus centros...","og_url":"https:\/\/www.laguiadepamplona.com\/actualidad\/dos-muestras-de-fotografia-y-otras-dos-de-pintura-componen-la-nueva-oferta-expositiva-de-la-red-civivox-para-las-proximas-semanas\/","og_site_name":"La Gu\u00eda de Pamplona","article_publisher":"https:\/\/www.facebook.com\/laguiadepamplonacom-133175176762273\/?ref=hl","article_published_time":"2014-02-28T12:10:34+00:00","author":"La Gu\u00eda de Pamplona","twitter_card":"summary_large_image","twitter_creator":"@LaGuiadPamplona","twitter_site":"@LaGuiadPamplona","twitter_misc":{"Escrito por":"La Gu\u00eda de Pamplona","Tiempo de lectura":"4 minutos"},"schema":{"@context":"https:\/\/schema.org","@graph":[{"@type":"Article","@id":"https:\/\/www.laguiadepamplona.com\/actualidad\/dos-muestras-de-fotografia-y-otras-dos-de-pintura-componen-la-nueva-oferta-expositiva-de-la-red-civivox-para-las-proximas-semanas\/#article","isPartOf":{"@id":"https:\/\/www.laguiadepamplona.com\/actualidad\/dos-muestras-de-fotografia-y-otras-dos-de-pintura-componen-la-nueva-oferta-expositiva-de-la-red-civivox-para-las-proximas-semanas\/"},"author":{"name":"La Gu\u00eda de Pamplona","@id":"https:\/\/www.laguiadepamplona.com\/actualidad\/#\/schema\/person\/efe887376f0213d4657c93adc50b1fdb"},"headline":"Dos muestras de fotograf\u00eda y otras dos de pintura componen la nueva oferta expositiva de la red Civivox para las pr\u00f3ximas semanas","datePublished":"2014-02-28T12:10:34+00:00","mainEntityOfPage":{"@id":"https:\/\/www.laguiadepamplona.com\/actualidad\/dos-muestras-de-fotografia-y-otras-dos-de-pintura-componen-la-nueva-oferta-expositiva-de-la-red-civivox-para-las-proximas-semanas\/"},"wordCount":778,"commentCount":0,"publisher":{"@id":"https:\/\/www.laguiadepamplona.com\/actualidad\/#organization"},"image":{"@id":"https:\/\/www.laguiadepamplona.com\/actualidad\/dos-muestras-de-fotografia-y-otras-dos-de-pintura-componen-la-nueva-oferta-expositiva-de-la-red-civivox-para-las-proximas-semanas\/#primaryimage"},"thumbnailUrl":"","keywords":["actualidad","ayto pamplona","Civivox Ensanche","Iturrama y Jus la Rocha","Milagrosa","noticias","pamplona"],"articleSection":["Ayto Pamplona"],"inLanguage":"es","potentialAction":[{"@type":"CommentAction","name":"Comment","target":["https:\/\/www.laguiadepamplona.com\/actualidad\/dos-muestras-de-fotografia-y-otras-dos-de-pintura-componen-la-nueva-oferta-expositiva-de-la-red-civivox-para-las-proximas-semanas\/#respond"]}]},{"@type":"WebPage","@id":"https:\/\/www.laguiadepamplona.com\/actualidad\/dos-muestras-de-fotografia-y-otras-dos-de-pintura-componen-la-nueva-oferta-expositiva-de-la-red-civivox-para-las-proximas-semanas\/","url":"https:\/\/www.laguiadepamplona.com\/actualidad\/dos-muestras-de-fotografia-y-otras-dos-de-pintura-componen-la-nueva-oferta-expositiva-de-la-red-civivox-para-las-proximas-semanas\/","name":"Dos muestras de fotograf\u00eda y otras dos de pintura componen la nueva oferta expositiva de la red Civivox para las pr\u00f3ximas semanas","isPartOf":{"@id":"https:\/\/www.laguiadepamplona.com\/actualidad\/#website"},"primaryImageOfPage":{"@id":"https:\/\/www.laguiadepamplona.com\/actualidad\/dos-muestras-de-fotografia-y-otras-dos-de-pintura-componen-la-nueva-oferta-expositiva-de-la-red-civivox-para-las-proximas-semanas\/#primaryimage"},"image":{"@id":"https:\/\/www.laguiadepamplona.com\/actualidad\/dos-muestras-de-fotografia-y-otras-dos-de-pintura-componen-la-nueva-oferta-expositiva-de-la-red-civivox-para-las-proximas-semanas\/#primaryimage"},"thumbnailUrl":"","datePublished":"2014-02-28T12:10:34+00:00","breadcrumb":{"@id":"https:\/\/www.laguiadepamplona.com\/actualidad\/dos-muestras-de-fotografia-y-otras-dos-de-pintura-componen-la-nueva-oferta-expositiva-de-la-red-civivox-para-las-proximas-semanas\/#breadcrumb"},"inLanguage":"es","potentialAction":[{"@type":"ReadAction","target":["https:\/\/www.laguiadepamplona.com\/actualidad\/dos-muestras-de-fotografia-y-otras-dos-de-pintura-componen-la-nueva-oferta-expositiva-de-la-red-civivox-para-las-proximas-semanas\/"]}]},{"@type":"ImageObject","inLanguage":"es","@id":"https:\/\/www.laguiadepamplona.com\/actualidad\/dos-muestras-de-fotografia-y-otras-dos-de-pintura-componen-la-nueva-oferta-expositiva-de-la-red-civivox-para-las-proximas-semanas\/#primaryimage","url":"","contentUrl":""},{"@type":"BreadcrumbList","@id":"https:\/\/www.laguiadepamplona.com\/actualidad\/dos-muestras-de-fotografia-y-otras-dos-de-pintura-componen-la-nueva-oferta-expositiva-de-la-red-civivox-para-las-proximas-semanas\/#breadcrumb","itemListElement":[{"@type":"ListItem","position":1,"name":"Portada","item":"https:\/\/www.laguiadepamplona.com\/actualidad\/"},{"@type":"ListItem","position":2,"name":"Dos muestras de fotograf\u00eda y otras dos de pintura componen la nueva oferta expositiva de la red Civivox para las pr\u00f3ximas semanas"}]},{"@type":"WebSite","@id":"https:\/\/www.laguiadepamplona.com\/actualidad\/#website","url":"https:\/\/www.laguiadepamplona.com\/actualidad\/","name":"La gu\u00eda de Pamplona","description":"Noticias de Pamplona","publisher":{"@id":"https:\/\/www.laguiadepamplona.com\/actualidad\/#organization"},"potentialAction":[{"@type":"SearchAction","target":{"@type":"EntryPoint","urlTemplate":"https:\/\/www.laguiadepamplona.com\/actualidad\/?s={search_term_string}"},"query-input":{"@type":"PropertyValueSpecification","valueRequired":true,"valueName":"search_term_string"}}],"inLanguage":"es"},{"@type":"Organization","@id":"https:\/\/www.laguiadepamplona.com\/actualidad\/#organization","name":"La Gu\u00eda de Pamplona \/ Noticias","url":"https:\/\/www.laguiadepamplona.com\/actualidad\/","logo":{"@type":"ImageObject","inLanguage":"es","@id":"https:\/\/www.laguiadepamplona.com\/actualidad\/#\/schema\/logo\/image\/","url":"https:\/\/www.laguiadepamplona.com\/actualidad\/wp-content\/uploads\/2018\/11\/logo-laguiadepamplona18-web1.png","contentUrl":"https:\/\/www.laguiadepamplona.com\/actualidad\/wp-content\/uploads\/2018\/11\/logo-laguiadepamplona18-web1.png","width":600,"height":196,"caption":"La Gu\u00eda de Pamplona \/ Noticias"},"image":{"@id":"https:\/\/www.laguiadepamplona.com\/actualidad\/#\/schema\/logo\/image\/"},"sameAs":["https:\/\/www.facebook.com\/laguiadepamplonacom-133175176762273\/?ref=hl","https:\/\/x.com\/LaGuiadPamplona","https:\/\/www.instagram.com\/la_guia_de_pamplona\/","https:\/\/www.youtube.com\/user\/laguiadepamplona"]},{"@type":"Person","@id":"https:\/\/www.laguiadepamplona.com\/actualidad\/#\/schema\/person\/efe887376f0213d4657c93adc50b1fdb","name":"La Gu\u00eda de Pamplona","image":{"@type":"ImageObject","inLanguage":"es","@id":"https:\/\/secure.gravatar.com\/avatar\/b6992f131dc8d30ab0dff15446e9d346d9dbd95992de0fef795073f5ea83a81c?s=96&d=mm&r=g","url":"https:\/\/secure.gravatar.com\/avatar\/b6992f131dc8d30ab0dff15446e9d346d9dbd95992de0fef795073f5ea83a81c?s=96&d=mm&r=g","contentUrl":"https:\/\/secure.gravatar.com\/avatar\/b6992f131dc8d30ab0dff15446e9d346d9dbd95992de0fef795073f5ea83a81c?s=96&d=mm&r=g","caption":"La Gu\u00eda de Pamplona"}}]}},"post_mailing_queue_ids":[],"_links":{"self":[{"href":"https:\/\/www.laguiadepamplona.com\/actualidad\/wp-json\/wp\/v2\/posts\/636","targetHints":{"allow":["GET"]}}],"collection":[{"href":"https:\/\/www.laguiadepamplona.com\/actualidad\/wp-json\/wp\/v2\/posts"}],"about":[{"href":"https:\/\/www.laguiadepamplona.com\/actualidad\/wp-json\/wp\/v2\/types\/post"}],"author":[{"embeddable":true,"href":"https:\/\/www.laguiadepamplona.com\/actualidad\/wp-json\/wp\/v2\/users\/1"}],"replies":[{"embeddable":true,"href":"https:\/\/www.laguiadepamplona.com\/actualidad\/wp-json\/wp\/v2\/comments?post=636"}],"version-history":[{"count":0,"href":"https:\/\/www.laguiadepamplona.com\/actualidad\/wp-json\/wp\/v2\/posts\/636\/revisions"}],"wp:featuredmedia":[{"embeddable":true,"href":"https:\/\/www.laguiadepamplona.com\/actualidad\/wp-json\/"}],"wp:attachment":[{"href":"https:\/\/www.laguiadepamplona.com\/actualidad\/wp-json\/wp\/v2\/media?parent=636"}],"wp:term":[{"taxonomy":"category","embeddable":true,"href":"https:\/\/www.laguiadepamplona.com\/actualidad\/wp-json\/wp\/v2\/categories?post=636"},{"taxonomy":"post_tag","embeddable":true,"href":"https:\/\/www.laguiadepamplona.com\/actualidad\/wp-json\/wp\/v2\/tags?post=636"}],"curies":[{"name":"wp","href":"https:\/\/api.w.org\/{rel}","templated":true}]}}