{"id":6313,"date":"2015-06-18T14:13:15","date_gmt":"2015-06-18T12:13:15","guid":{"rendered":"http:\/\/laguiadepamplona.com\/actualidad\/?p=6313"},"modified":"2015-06-18T14:13:15","modified_gmt":"2015-06-18T12:13:15","slug":"el-edificio-de-descalzos-24-recibe-una-nueva-mencion-ahora-en-el-premio-de-arquitectura-espanola-2015-que-convoca-el-consejo-superior-de-colegios-de-arquitectos","status":"publish","type":"post","link":"https:\/\/www.laguiadepamplona.com\/actualidad\/el-edificio-de-descalzos-24-recibe-una-nueva-mencion-ahora-en-el-premio-de-arquitectura-espanola-2015-que-convoca-el-consejo-superior-de-colegios-de-arquitectos\/","title":{"rendered":"El edificio de Descalzos, 24 recibe una nueva menci\u00f3n, ahora en el Premio de Arquitectura Espa\u00f1ola 2015 que convoca el Consejo Superior de Colegios de Arquitectos"},"content":{"rendered":"<h4 class=\"western\"><span lang=\"es-ES\">Los arquitectos <\/span>Carlos Pereda Iglesias y \u00d3scar P\u00e9rez Silanes ganaron la edici\u00f3n anterior de este galard\u00f3n con otro proyecto del Consistorio<\/h4>\n<p lang=\"es-ES\"><span style=\"font-family: Arial, sans-serif;\"><a href=\"http:\/\/laguiadepamplona.com\/actualidad\/wp-content\/uploads\/2015\/05\/descalzos_24_general.jpg\"><img loading=\"lazy\" decoding=\"async\" class=\"alignleft size-medium wp-image-5900\" src=\"http:\/\/laguiadepamplona.com\/actualidad\/wp-content\/uploads\/2015\/05\/descalzos_24_general-300x214.jpg\" alt=\"descalzos_24_general\" width=\"300\" height=\"214\" \/><\/a>El edificio de la calle Descalzos 24, de viviendas para realojos, promovido por la sociedad Pamplona Centro Hist\u00f3rico, del Ayuntamiento de Pamplona, ha obtenido una menci\u00f3n en el Premio de Arquitectura Espa\u00f1ola 2015. El Consejo Superior de Colegios de Arquitectos de Espa\u00f1a ha fallado su premio anual que ha reca\u00eddo en la rehabilitaci\u00f3n del antiguo Hospital Militar para la Escuela T\u00e9cnica Superior de Arquitectura de Granada, del arquitecto madrile\u00f1o V\u00edctor L\u00f3pez Cotelo.<\/span><\/p>\n<p><span style=\"font-family: Arial, sans-serif;\">Adem\u00e1s del galard\u00f3n principal el jurado ha otorgado dos menciones, una a la rehabilitaci\u00f3n del edificio de Descalzos, de impulso municipal y cuyos autores son Carlos Pereda Iglesias y \u00d3scar P\u00e9rez Silanes y otra a la de rehabilitaci\u00f3n y ampliaci\u00f3n del Castillo de la Luz en las Palmas de Gran Canaria, de Fuensanta Nieto y Enrique Sobejano.<\/span><\/p>\n<p><span style=\"font-family: Arial, sans-serif;\">El edificio de la calle Descalzos est\u00e1 situado en el centro hist\u00f3rico de la ciudad, consta de s\u00f3tano, planta baja y cuatro alturas. Cuenta con seis viviendas dom\u00f3ticas y dos locales, uno de ellos asociado a un s\u00f3tano en el que se encontr\u00f3 una b\u00f3veda de medio punto con tres arcos apoyados sobre capiteles del siglo XVI. Se caracteriza, adem\u00e1s, por su especial ubicaci\u00f3n, con fachadas descalzos y al Paseo de Ronda.<\/span><\/p>\n<p><span style=\"font-family: Arial, sans-serif;\">Este mismo edificio obtuvo el pasado mes de mayo una menci\u00f3n en los premios Construmat 2015 \u2013 Beyond Building Barcelona, dentro de la categor\u00eda de edificaci\u00f3n de obra nueva y rehabilitaci\u00f3n edificio y en el a\u00f1o 2014 el premio ASPRIMA SIMA a la mejor promoci\u00f3n p\u00fablica de viviendas, adem\u00e1s de ser finalista de los premios FAD de Arquitectura y Dise\u00f1o. Sus autores, Carlos Pereda Iglesias y \u00d3scar P\u00e9rez Silanes, obtuvieron asimismo el primer premio en la anterior edici\u00f3n del Premio de Arquitectura Espa\u00f1ola (2013) en este caso por la Escuela Infantil Fuerte Pr\u00edncipe (Milagrosa), una dotaci\u00f3n tambi\u00e9n promovida por el Ayuntamiento de Pamplona.<\/span><\/p>\n<p><span style=\"font-family: Arial, sans-serif;\">El jurado del Premio de Arquitectura Espa\u00f1ola 2015 ha estado presidido por Jordi Ludevid i Anglada, Presidente del CSCAE, y compuesto por Fernando Nasarre Goicoechea de la Direcci\u00f3n General de Arquitectura, Vivienda y Suelo del Ministerio de Fomento; Alfonso Mu\u00f1oz Cosme, del Instituto de Patrimonio Cultural de Espa\u00f1a del Ministerio de Educaci\u00f3n, Cultura y Deporte; Ignacio Garc\u00eda Pedrosa, arquitecto designado por el Pleno del Consejo Superior; Enrique \u00c1lvarez-Sala Walther, arquitecto designado por el Pleno del Consejo Superior y Eloy Algorri Garc\u00eda, secretario general del CSCAE.<\/span><\/p>\n<p>&nbsp;<\/p>\n","protected":false},"excerpt":{"rendered":"<p>Los arquitectos Carlos Pereda Iglesias y \u00d3scar P\u00e9rez Silanes ganaron la edici\u00f3n anterior de este galard\u00f3n con otro proyecto del Consistorio El edificio de la calle Descalzos 24, de viviendas&#8230;<\/p>\n","protected":false},"author":1,"featured_media":5900,"comment_status":"closed","ping_status":"closed","sticky":false,"template":"","format":"standard","meta":{"footnotes":""},"categories":[2],"tags":[5,6,509,5666,5667,3221,8,5668,9,5669],"class_list":["post-6313","post","type-post","status-publish","format-standard","has-post-thumbnail","hentry","category-ayuntamiento-pamplona","tag-actualidad","tag-ayto-pamplona","tag-ayuntamiento-de-pamplona","tag-consejo-superior-de-colegios-de-arquitectos","tag-descalzos-24","tag-edificio","tag-noticias","tag-nueva-mencion","tag-pamplona","tag-premio-de-arquitectura-espanola-2015"],"yoast_head":"<!-- This site is optimized with the Yoast SEO plugin v27.5 - https:\/\/yoast.com\/product\/yoast-seo-wordpress\/ -->\n<title>El edificio de Descalzos, 24 recibe una nueva menci\u00f3n, ahora en el Premio de Arquitectura Espa\u00f1ola 2015 que convoca el Consejo Superior de Colegios de Arquitectos<\/title>\n<meta name=\"robots\" content=\"index, follow, max-snippet:-1, max-image-preview:large, max-video-preview:-1\" \/>\n<link rel=\"canonical\" href=\"https:\/\/www.laguiadepamplona.com\/actualidad\/el-edificio-de-descalzos-24-recibe-una-nueva-mencion-ahora-en-el-premio-de-arquitectura-espanola-2015-que-convoca-el-consejo-superior-de-colegios-de-arquitectos\/\" \/>\n<meta property=\"og:locale\" content=\"es_ES\" \/>\n<meta property=\"og:type\" content=\"article\" \/>\n<meta property=\"og:title\" content=\"El edificio de Descalzos, 24 recibe una nueva menci\u00f3n, ahora en el Premio de Arquitectura Espa\u00f1ola 2015 que convoca el Consejo Superior de Colegios de Arquitectos\" \/>\n<meta property=\"og:description\" content=\"Los arquitectos Carlos Pereda Iglesias y \u00d3scar P\u00e9rez Silanes ganaron la edici\u00f3n anterior de este galard\u00f3n con otro proyecto del Consistorio El edificio de la calle Descalzos 24, de viviendas...\" \/>\n<meta property=\"og:url\" content=\"https:\/\/www.laguiadepamplona.com\/actualidad\/el-edificio-de-descalzos-24-recibe-una-nueva-mencion-ahora-en-el-premio-de-arquitectura-espanola-2015-que-convoca-el-consejo-superior-de-colegios-de-arquitectos\/\" \/>\n<meta property=\"og:site_name\" content=\"La Gu\u00eda de Pamplona\" \/>\n<meta property=\"article:publisher\" content=\"https:\/\/www.facebook.com\/laguiadepamplonacom-133175176762273\/?ref=hl\" \/>\n<meta property=\"article:published_time\" content=\"2015-06-18T12:13:15+00:00\" \/>\n<meta name=\"author\" content=\"La Gu\u00eda de Pamplona\" \/>\n<meta name=\"twitter:card\" content=\"summary_large_image\" \/>\n<meta name=\"twitter:creator\" content=\"@LaGuiadPamplona\" \/>\n<meta name=\"twitter:site\" content=\"@LaGuiadPamplona\" \/>\n<meta name=\"twitter:label1\" content=\"Escrito por\" \/>\n\t<meta name=\"twitter:data1\" content=\"La Gu\u00eda de Pamplona\" \/>\n\t<meta name=\"twitter:label2\" content=\"Tiempo de lectura\" \/>\n\t<meta name=\"twitter:data2\" content=\"2 minutos\" \/>\n<script type=\"application\/ld+json\" class=\"yoast-schema-graph\">{\"@context\":\"https:\\\/\\\/schema.org\",\"@graph\":[{\"@type\":\"Article\",\"@id\":\"https:\\\/\\\/www.laguiadepamplona.com\\\/actualidad\\\/el-edificio-de-descalzos-24-recibe-una-nueva-mencion-ahora-en-el-premio-de-arquitectura-espanola-2015-que-convoca-el-consejo-superior-de-colegios-de-arquitectos\\\/#article\",\"isPartOf\":{\"@id\":\"https:\\\/\\\/www.laguiadepamplona.com\\\/actualidad\\\/el-edificio-de-descalzos-24-recibe-una-nueva-mencion-ahora-en-el-premio-de-arquitectura-espanola-2015-que-convoca-el-consejo-superior-de-colegios-de-arquitectos\\\/\"},\"author\":{\"name\":\"La Gu\u00eda de Pamplona\",\"@id\":\"https:\\\/\\\/www.laguiadepamplona.com\\\/actualidad\\\/#\\\/schema\\\/person\\\/efe887376f0213d4657c93adc50b1fdb\"},\"headline\":\"El edificio de Descalzos, 24 recibe una nueva menci\u00f3n, ahora en el Premio de Arquitectura Espa\u00f1ola 2015 que convoca el Consejo Superior de Colegios de Arquitectos\",\"datePublished\":\"2015-06-18T12:13:15+00:00\",\"mainEntityOfPage\":{\"@id\":\"https:\\\/\\\/www.laguiadepamplona.com\\\/actualidad\\\/el-edificio-de-descalzos-24-recibe-una-nueva-mencion-ahora-en-el-premio-de-arquitectura-espanola-2015-que-convoca-el-consejo-superior-de-colegios-de-arquitectos\\\/\"},\"wordCount\":478,\"publisher\":{\"@id\":\"https:\\\/\\\/www.laguiadepamplona.com\\\/actualidad\\\/#organization\"},\"image\":{\"@id\":\"https:\\\/\\\/www.laguiadepamplona.com\\\/actualidad\\\/el-edificio-de-descalzos-24-recibe-una-nueva-mencion-ahora-en-el-premio-de-arquitectura-espanola-2015-que-convoca-el-consejo-superior-de-colegios-de-arquitectos\\\/#primaryimage\"},\"thumbnailUrl\":\"\",\"keywords\":[\"actualidad\",\"ayto pamplona\",\"Ayuntamiento de Pamplona\",\"Consejo Superior de Colegios de Arquitectos\",\"Descalzos 24\",\"edificio\",\"noticias\",\"nueva menci\u00f3n\",\"pamplona\",\"Premio de Arquitectura Espa\u00f1ola 2015\"],\"articleSection\":[\"Ayto Pamplona\"],\"inLanguage\":\"es\"},{\"@type\":\"WebPage\",\"@id\":\"https:\\\/\\\/www.laguiadepamplona.com\\\/actualidad\\\/el-edificio-de-descalzos-24-recibe-una-nueva-mencion-ahora-en-el-premio-de-arquitectura-espanola-2015-que-convoca-el-consejo-superior-de-colegios-de-arquitectos\\\/\",\"url\":\"https:\\\/\\\/www.laguiadepamplona.com\\\/actualidad\\\/el-edificio-de-descalzos-24-recibe-una-nueva-mencion-ahora-en-el-premio-de-arquitectura-espanola-2015-que-convoca-el-consejo-superior-de-colegios-de-arquitectos\\\/\",\"name\":\"El edificio de Descalzos, 24 recibe una nueva menci\u00f3n, ahora en el Premio de Arquitectura Espa\u00f1ola 2015 que convoca el Consejo Superior de Colegios de Arquitectos\",\"isPartOf\":{\"@id\":\"https:\\\/\\\/www.laguiadepamplona.com\\\/actualidad\\\/#website\"},\"primaryImageOfPage\":{\"@id\":\"https:\\\/\\\/www.laguiadepamplona.com\\\/actualidad\\\/el-edificio-de-descalzos-24-recibe-una-nueva-mencion-ahora-en-el-premio-de-arquitectura-espanola-2015-que-convoca-el-consejo-superior-de-colegios-de-arquitectos\\\/#primaryimage\"},\"image\":{\"@id\":\"https:\\\/\\\/www.laguiadepamplona.com\\\/actualidad\\\/el-edificio-de-descalzos-24-recibe-una-nueva-mencion-ahora-en-el-premio-de-arquitectura-espanola-2015-que-convoca-el-consejo-superior-de-colegios-de-arquitectos\\\/#primaryimage\"},\"thumbnailUrl\":\"\",\"datePublished\":\"2015-06-18T12:13:15+00:00\",\"breadcrumb\":{\"@id\":\"https:\\\/\\\/www.laguiadepamplona.com\\\/actualidad\\\/el-edificio-de-descalzos-24-recibe-una-nueva-mencion-ahora-en-el-premio-de-arquitectura-espanola-2015-que-convoca-el-consejo-superior-de-colegios-de-arquitectos\\\/#breadcrumb\"},\"inLanguage\":\"es\",\"potentialAction\":[{\"@type\":\"ReadAction\",\"target\":[\"https:\\\/\\\/www.laguiadepamplona.com\\\/actualidad\\\/el-edificio-de-descalzos-24-recibe-una-nueva-mencion-ahora-en-el-premio-de-arquitectura-espanola-2015-que-convoca-el-consejo-superior-de-colegios-de-arquitectos\\\/\"]}]},{\"@type\":\"ImageObject\",\"inLanguage\":\"es\",\"@id\":\"https:\\\/\\\/www.laguiadepamplona.com\\\/actualidad\\\/el-edificio-de-descalzos-24-recibe-una-nueva-mencion-ahora-en-el-premio-de-arquitectura-espanola-2015-que-convoca-el-consejo-superior-de-colegios-de-arquitectos\\\/#primaryimage\",\"url\":\"\",\"contentUrl\":\"\"},{\"@type\":\"BreadcrumbList\",\"@id\":\"https:\\\/\\\/www.laguiadepamplona.com\\\/actualidad\\\/el-edificio-de-descalzos-24-recibe-una-nueva-mencion-ahora-en-el-premio-de-arquitectura-espanola-2015-que-convoca-el-consejo-superior-de-colegios-de-arquitectos\\\/#breadcrumb\",\"itemListElement\":[{\"@type\":\"ListItem\",\"position\":1,\"name\":\"Portada\",\"item\":\"https:\\\/\\\/www.laguiadepamplona.com\\\/actualidad\\\/\"},{\"@type\":\"ListItem\",\"position\":2,\"name\":\"El edificio de Descalzos, 24 recibe una nueva menci\u00f3n, ahora en el Premio de Arquitectura Espa\u00f1ola 2015 que convoca el Consejo Superior de Colegios de Arquitectos\"}]},{\"@type\":\"WebSite\",\"@id\":\"https:\\\/\\\/www.laguiadepamplona.com\\\/actualidad\\\/#website\",\"url\":\"https:\\\/\\\/www.laguiadepamplona.com\\\/actualidad\\\/\",\"name\":\"La gu\u00eda de Pamplona\",\"description\":\"Noticias de Pamplona\",\"publisher\":{\"@id\":\"https:\\\/\\\/www.laguiadepamplona.com\\\/actualidad\\\/#organization\"},\"potentialAction\":[{\"@type\":\"SearchAction\",\"target\":{\"@type\":\"EntryPoint\",\"urlTemplate\":\"https:\\\/\\\/www.laguiadepamplona.com\\\/actualidad\\\/?s={search_term_string}\"},\"query-input\":{\"@type\":\"PropertyValueSpecification\",\"valueRequired\":true,\"valueName\":\"search_term_string\"}}],\"inLanguage\":\"es\"},{\"@type\":\"Organization\",\"@id\":\"https:\\\/\\\/www.laguiadepamplona.com\\\/actualidad\\\/#organization\",\"name\":\"La Gu\u00eda de Pamplona \\\/ Noticias\",\"url\":\"https:\\\/\\\/www.laguiadepamplona.com\\\/actualidad\\\/\",\"logo\":{\"@type\":\"ImageObject\",\"inLanguage\":\"es\",\"@id\":\"https:\\\/\\\/www.laguiadepamplona.com\\\/actualidad\\\/#\\\/schema\\\/logo\\\/image\\\/\",\"url\":\"https:\\\/\\\/www.laguiadepamplona.com\\\/actualidad\\\/wp-content\\\/uploads\\\/2018\\\/11\\\/logo-laguiadepamplona18-web1.png\",\"contentUrl\":\"https:\\\/\\\/www.laguiadepamplona.com\\\/actualidad\\\/wp-content\\\/uploads\\\/2018\\\/11\\\/logo-laguiadepamplona18-web1.png\",\"width\":600,\"height\":196,\"caption\":\"La Gu\u00eda de Pamplona \\\/ Noticias\"},\"image\":{\"@id\":\"https:\\\/\\\/www.laguiadepamplona.com\\\/actualidad\\\/#\\\/schema\\\/logo\\\/image\\\/\"},\"sameAs\":[\"https:\\\/\\\/www.facebook.com\\\/laguiadepamplonacom-133175176762273\\\/?ref=hl\",\"https:\\\/\\\/x.com\\\/LaGuiadPamplona\",\"https:\\\/\\\/www.instagram.com\\\/la_guia_de_pamplona\\\/\",\"https:\\\/\\\/www.youtube.com\\\/user\\\/laguiadepamplona\"]},{\"@type\":\"Person\",\"@id\":\"https:\\\/\\\/www.laguiadepamplona.com\\\/actualidad\\\/#\\\/schema\\\/person\\\/efe887376f0213d4657c93adc50b1fdb\",\"name\":\"La Gu\u00eda de Pamplona\",\"image\":{\"@type\":\"ImageObject\",\"inLanguage\":\"es\",\"@id\":\"https:\\\/\\\/secure.gravatar.com\\\/avatar\\\/b6992f131dc8d30ab0dff15446e9d346d9dbd95992de0fef795073f5ea83a81c?s=96&d=mm&r=g\",\"url\":\"https:\\\/\\\/secure.gravatar.com\\\/avatar\\\/b6992f131dc8d30ab0dff15446e9d346d9dbd95992de0fef795073f5ea83a81c?s=96&d=mm&r=g\",\"contentUrl\":\"https:\\\/\\\/secure.gravatar.com\\\/avatar\\\/b6992f131dc8d30ab0dff15446e9d346d9dbd95992de0fef795073f5ea83a81c?s=96&d=mm&r=g\",\"caption\":\"La Gu\u00eda de Pamplona\"}}]}<\/script>\n<!-- \/ Yoast SEO plugin. -->","yoast_head_json":{"title":"El edificio de Descalzos, 24 recibe una nueva menci\u00f3n, ahora en el Premio de Arquitectura Espa\u00f1ola 2015 que convoca el Consejo Superior de Colegios de Arquitectos","robots":{"index":"index","follow":"follow","max-snippet":"max-snippet:-1","max-image-preview":"max-image-preview:large","max-video-preview":"max-video-preview:-1"},"canonical":"https:\/\/www.laguiadepamplona.com\/actualidad\/el-edificio-de-descalzos-24-recibe-una-nueva-mencion-ahora-en-el-premio-de-arquitectura-espanola-2015-que-convoca-el-consejo-superior-de-colegios-de-arquitectos\/","og_locale":"es_ES","og_type":"article","og_title":"El edificio de Descalzos, 24 recibe una nueva menci\u00f3n, ahora en el Premio de Arquitectura Espa\u00f1ola 2015 que convoca el Consejo Superior de Colegios de Arquitectos","og_description":"Los arquitectos Carlos Pereda Iglesias y \u00d3scar P\u00e9rez Silanes ganaron la edici\u00f3n anterior de este galard\u00f3n con otro proyecto del Consistorio El edificio de la calle Descalzos 24, de viviendas...","og_url":"https:\/\/www.laguiadepamplona.com\/actualidad\/el-edificio-de-descalzos-24-recibe-una-nueva-mencion-ahora-en-el-premio-de-arquitectura-espanola-2015-que-convoca-el-consejo-superior-de-colegios-de-arquitectos\/","og_site_name":"La Gu\u00eda de Pamplona","article_publisher":"https:\/\/www.facebook.com\/laguiadepamplonacom-133175176762273\/?ref=hl","article_published_time":"2015-06-18T12:13:15+00:00","author":"La Gu\u00eda de Pamplona","twitter_card":"summary_large_image","twitter_creator":"@LaGuiadPamplona","twitter_site":"@LaGuiadPamplona","twitter_misc":{"Escrito por":"La Gu\u00eda de Pamplona","Tiempo de lectura":"2 minutos"},"schema":{"@context":"https:\/\/schema.org","@graph":[{"@type":"Article","@id":"https:\/\/www.laguiadepamplona.com\/actualidad\/el-edificio-de-descalzos-24-recibe-una-nueva-mencion-ahora-en-el-premio-de-arquitectura-espanola-2015-que-convoca-el-consejo-superior-de-colegios-de-arquitectos\/#article","isPartOf":{"@id":"https:\/\/www.laguiadepamplona.com\/actualidad\/el-edificio-de-descalzos-24-recibe-una-nueva-mencion-ahora-en-el-premio-de-arquitectura-espanola-2015-que-convoca-el-consejo-superior-de-colegios-de-arquitectos\/"},"author":{"name":"La Gu\u00eda de Pamplona","@id":"https:\/\/www.laguiadepamplona.com\/actualidad\/#\/schema\/person\/efe887376f0213d4657c93adc50b1fdb"},"headline":"El edificio de Descalzos, 24 recibe una nueva menci\u00f3n, ahora en el Premio de Arquitectura Espa\u00f1ola 2015 que convoca el Consejo Superior de Colegios de Arquitectos","datePublished":"2015-06-18T12:13:15+00:00","mainEntityOfPage":{"@id":"https:\/\/www.laguiadepamplona.com\/actualidad\/el-edificio-de-descalzos-24-recibe-una-nueva-mencion-ahora-en-el-premio-de-arquitectura-espanola-2015-que-convoca-el-consejo-superior-de-colegios-de-arquitectos\/"},"wordCount":478,"publisher":{"@id":"https:\/\/www.laguiadepamplona.com\/actualidad\/#organization"},"image":{"@id":"https:\/\/www.laguiadepamplona.com\/actualidad\/el-edificio-de-descalzos-24-recibe-una-nueva-mencion-ahora-en-el-premio-de-arquitectura-espanola-2015-que-convoca-el-consejo-superior-de-colegios-de-arquitectos\/#primaryimage"},"thumbnailUrl":"","keywords":["actualidad","ayto pamplona","Ayuntamiento de Pamplona","Consejo Superior de Colegios de Arquitectos","Descalzos 24","edificio","noticias","nueva menci\u00f3n","pamplona","Premio de Arquitectura Espa\u00f1ola 2015"],"articleSection":["Ayto Pamplona"],"inLanguage":"es"},{"@type":"WebPage","@id":"https:\/\/www.laguiadepamplona.com\/actualidad\/el-edificio-de-descalzos-24-recibe-una-nueva-mencion-ahora-en-el-premio-de-arquitectura-espanola-2015-que-convoca-el-consejo-superior-de-colegios-de-arquitectos\/","url":"https:\/\/www.laguiadepamplona.com\/actualidad\/el-edificio-de-descalzos-24-recibe-una-nueva-mencion-ahora-en-el-premio-de-arquitectura-espanola-2015-que-convoca-el-consejo-superior-de-colegios-de-arquitectos\/","name":"El edificio de Descalzos, 24 recibe una nueva menci\u00f3n, ahora en el Premio de Arquitectura Espa\u00f1ola 2015 que convoca el Consejo Superior de Colegios de Arquitectos","isPartOf":{"@id":"https:\/\/www.laguiadepamplona.com\/actualidad\/#website"},"primaryImageOfPage":{"@id":"https:\/\/www.laguiadepamplona.com\/actualidad\/el-edificio-de-descalzos-24-recibe-una-nueva-mencion-ahora-en-el-premio-de-arquitectura-espanola-2015-que-convoca-el-consejo-superior-de-colegios-de-arquitectos\/#primaryimage"},"image":{"@id":"https:\/\/www.laguiadepamplona.com\/actualidad\/el-edificio-de-descalzos-24-recibe-una-nueva-mencion-ahora-en-el-premio-de-arquitectura-espanola-2015-que-convoca-el-consejo-superior-de-colegios-de-arquitectos\/#primaryimage"},"thumbnailUrl":"","datePublished":"2015-06-18T12:13:15+00:00","breadcrumb":{"@id":"https:\/\/www.laguiadepamplona.com\/actualidad\/el-edificio-de-descalzos-24-recibe-una-nueva-mencion-ahora-en-el-premio-de-arquitectura-espanola-2015-que-convoca-el-consejo-superior-de-colegios-de-arquitectos\/#breadcrumb"},"inLanguage":"es","potentialAction":[{"@type":"ReadAction","target":["https:\/\/www.laguiadepamplona.com\/actualidad\/el-edificio-de-descalzos-24-recibe-una-nueva-mencion-ahora-en-el-premio-de-arquitectura-espanola-2015-que-convoca-el-consejo-superior-de-colegios-de-arquitectos\/"]}]},{"@type":"ImageObject","inLanguage":"es","@id":"https:\/\/www.laguiadepamplona.com\/actualidad\/el-edificio-de-descalzos-24-recibe-una-nueva-mencion-ahora-en-el-premio-de-arquitectura-espanola-2015-que-convoca-el-consejo-superior-de-colegios-de-arquitectos\/#primaryimage","url":"","contentUrl":""},{"@type":"BreadcrumbList","@id":"https:\/\/www.laguiadepamplona.com\/actualidad\/el-edificio-de-descalzos-24-recibe-una-nueva-mencion-ahora-en-el-premio-de-arquitectura-espanola-2015-que-convoca-el-consejo-superior-de-colegios-de-arquitectos\/#breadcrumb","itemListElement":[{"@type":"ListItem","position":1,"name":"Portada","item":"https:\/\/www.laguiadepamplona.com\/actualidad\/"},{"@type":"ListItem","position":2,"name":"El edificio de Descalzos, 24 recibe una nueva menci\u00f3n, ahora en el Premio de Arquitectura Espa\u00f1ola 2015 que convoca el Consejo Superior de Colegios de Arquitectos"}]},{"@type":"WebSite","@id":"https:\/\/www.laguiadepamplona.com\/actualidad\/#website","url":"https:\/\/www.laguiadepamplona.com\/actualidad\/","name":"La gu\u00eda de Pamplona","description":"Noticias de Pamplona","publisher":{"@id":"https:\/\/www.laguiadepamplona.com\/actualidad\/#organization"},"potentialAction":[{"@type":"SearchAction","target":{"@type":"EntryPoint","urlTemplate":"https:\/\/www.laguiadepamplona.com\/actualidad\/?s={search_term_string}"},"query-input":{"@type":"PropertyValueSpecification","valueRequired":true,"valueName":"search_term_string"}}],"inLanguage":"es"},{"@type":"Organization","@id":"https:\/\/www.laguiadepamplona.com\/actualidad\/#organization","name":"La Gu\u00eda de Pamplona \/ Noticias","url":"https:\/\/www.laguiadepamplona.com\/actualidad\/","logo":{"@type":"ImageObject","inLanguage":"es","@id":"https:\/\/www.laguiadepamplona.com\/actualidad\/#\/schema\/logo\/image\/","url":"https:\/\/www.laguiadepamplona.com\/actualidad\/wp-content\/uploads\/2018\/11\/logo-laguiadepamplona18-web1.png","contentUrl":"https:\/\/www.laguiadepamplona.com\/actualidad\/wp-content\/uploads\/2018\/11\/logo-laguiadepamplona18-web1.png","width":600,"height":196,"caption":"La Gu\u00eda de Pamplona \/ Noticias"},"image":{"@id":"https:\/\/www.laguiadepamplona.com\/actualidad\/#\/schema\/logo\/image\/"},"sameAs":["https:\/\/www.facebook.com\/laguiadepamplonacom-133175176762273\/?ref=hl","https:\/\/x.com\/LaGuiadPamplona","https:\/\/www.instagram.com\/la_guia_de_pamplona\/","https:\/\/www.youtube.com\/user\/laguiadepamplona"]},{"@type":"Person","@id":"https:\/\/www.laguiadepamplona.com\/actualidad\/#\/schema\/person\/efe887376f0213d4657c93adc50b1fdb","name":"La Gu\u00eda de Pamplona","image":{"@type":"ImageObject","inLanguage":"es","@id":"https:\/\/secure.gravatar.com\/avatar\/b6992f131dc8d30ab0dff15446e9d346d9dbd95992de0fef795073f5ea83a81c?s=96&d=mm&r=g","url":"https:\/\/secure.gravatar.com\/avatar\/b6992f131dc8d30ab0dff15446e9d346d9dbd95992de0fef795073f5ea83a81c?s=96&d=mm&r=g","contentUrl":"https:\/\/secure.gravatar.com\/avatar\/b6992f131dc8d30ab0dff15446e9d346d9dbd95992de0fef795073f5ea83a81c?s=96&d=mm&r=g","caption":"La Gu\u00eda de Pamplona"}}]}},"post_mailing_queue_ids":[],"_links":{"self":[{"href":"https:\/\/www.laguiadepamplona.com\/actualidad\/wp-json\/wp\/v2\/posts\/6313","targetHints":{"allow":["GET"]}}],"collection":[{"href":"https:\/\/www.laguiadepamplona.com\/actualidad\/wp-json\/wp\/v2\/posts"}],"about":[{"href":"https:\/\/www.laguiadepamplona.com\/actualidad\/wp-json\/wp\/v2\/types\/post"}],"author":[{"embeddable":true,"href":"https:\/\/www.laguiadepamplona.com\/actualidad\/wp-json\/wp\/v2\/users\/1"}],"replies":[{"embeddable":true,"href":"https:\/\/www.laguiadepamplona.com\/actualidad\/wp-json\/wp\/v2\/comments?post=6313"}],"version-history":[{"count":0,"href":"https:\/\/www.laguiadepamplona.com\/actualidad\/wp-json\/wp\/v2\/posts\/6313\/revisions"}],"wp:featuredmedia":[{"embeddable":true,"href":"https:\/\/www.laguiadepamplona.com\/actualidad\/wp-json\/"}],"wp:attachment":[{"href":"https:\/\/www.laguiadepamplona.com\/actualidad\/wp-json\/wp\/v2\/media?parent=6313"}],"wp:term":[{"taxonomy":"category","embeddable":true,"href":"https:\/\/www.laguiadepamplona.com\/actualidad\/wp-json\/wp\/v2\/categories?post=6313"},{"taxonomy":"post_tag","embeddable":true,"href":"https:\/\/www.laguiadepamplona.com\/actualidad\/wp-json\/wp\/v2\/tags?post=6313"}],"curies":[{"name":"wp","href":"https:\/\/api.w.org\/{rel}","templated":true}]}}