{"id":6279,"date":"2015-06-15T13:43:57","date_gmt":"2015-06-15T11:43:57","guid":{"rendered":"http:\/\/laguiadepamplona.com\/actualidad\/?p=6279"},"modified":"2015-06-15T13:43:57","modified_gmt":"2015-06-15T11:43:57","slug":"un-ano-mas-vuelven-a-partir-del-martes-los-bailables-de-txistu-y-gaita-que-se-celebran-cada-verano-en-la-plaza-del-castillo","status":"publish","type":"post","link":"https:\/\/www.laguiadepamplona.com\/actualidad\/un-ano-mas-vuelven-a-partir-del-martes-los-bailables-de-txistu-y-gaita-que-se-celebran-cada-verano-en-la-plaza-del-castillo\/","title":{"rendered":"Un a\u00f1o m\u00e1s vuelven, a partir del martes, los bailables de txistu y gaita que se celebran cada verano en la Plaza del Castillo"},"content":{"rendered":"<h4>Hasta Sanfermines, en agosto y en septiembre se celebrar\u00e1n 18 sesiones los martes y jueves que cambiar\u00e1n de horario seg\u00fan los meses<\/h4>\n<figure id=\"attachment_6292\" aria-describedby=\"caption-attachment-6292\" style=\"width: 300px\" class=\"wp-caption alignleft\"><a href=\"http:\/\/laguiadepamplona.com\/actualidad\/wp-content\/uploads\/2015\/06\/bailables-de-txistu-300x198.jpg\"><img loading=\"lazy\" decoding=\"async\" class=\"size-medium wp-image-6292\" src=\"http:\/\/laguiadepamplona.com\/actualidad\/wp-content\/uploads\/2015\/06\/bailables-de-txistu-300x198-300x198.jpg\" alt=\"Foto de Koldo Torrecillas http:\/\/koldotorrecillas.blogspot.com.es\/\" width=\"300\" height=\"198\" \/><\/a><figcaption id=\"caption-attachment-6292\" class=\"wp-caption-text\">Foto de Koldo Torrecillas<br \/>http:\/\/koldotorrecillas.blogspot.com.es\/<\/figcaption><\/figure>\n<p>Ma\u00f1ana martes, 16 de junio, comenzar\u00e1n un a\u00f1o m\u00e1s los tradicionales bailables con m\u00fasica de txistu y gaita que se celebran cada verano en la Plaza del Castillo durante los meses de junio, julio, agosto y septiembre. Hasta Sanfermines, en el mes de agosto y durante septiembre se celebrar\u00e1n 18 sesiones que cambiar\u00e1n de horario seg\u00fan los meses, manteniendo fijo los d\u00edas de martes y jueves.<\/p>\n<p>El programa incluye pasacalles, pasodobles, polcas, zortzikos, porrusaldas y jotas. Durante el mes de junio, los bailables se celebrar\u00e1n los d\u00edas 16, 18, 23, 25 y 30 entre las siete y media de la tarde y las nueve y media de la noche. En julio se mantendr\u00e1 el horario y habr\u00e1 una \u00fanica sesi\u00f3n el d\u00eda 2. Las actuaciones se retomar\u00e1n en agosto, mes en el que est\u00e1n previstas los d\u00edas 18, 20, 25 y 27 en horario de siete de la tarde a nueve de la noche. En septiembre volver\u00e1 a adelantarse la hora del inicio de los bailables, que comenzar\u00e1n a las seis y media de la tarde y se alargar\u00e1n hasta las ocho y media. Se celebrar\u00e1n los d\u00edas 1, 3, 8, 10, 15, 17, 22 y 24.<\/p>\n<p>Esta actividad se desarrolla gracias a un convenio que el Ayuntamiento de Pamplona establece con la Asociaci\u00f3n Banda de Gaiteros de Pamplona\u2013Iru\u00f1eko Gaiteroak y con la Asociaci\u00f3n Banda de Txistularis de Pamplona\u2013Irui\u00f1ako Txistulari Taldea.<\/p>\n<p><strong>Bailables de Txistu y gaita<\/strong><\/p>\n<ul>\n<li><strong>Junio: <\/strong>16, 18, 23, 25 y 30, de 19.30 a 21.30 horas<\/li>\n<li><strong>Julio:<\/strong> 2, de 19.30 a 21.30 horas<\/li>\n<li><strong>Agosto:<\/strong> 18, 20, 25 y 27, de 19 a 21 horas<\/li>\n<li><strong>Septiembre: <\/strong>1, 3, 8, 10, 15, 17, 22 y 24, de 18.30 a 20.30 horas<\/li>\n<\/ul>\n<p>&nbsp;<\/p>\n","protected":false},"excerpt":{"rendered":"<p>Hasta Sanfermines, en agosto y en septiembre se celebrar\u00e1n 18 sesiones los martes y jueves que cambiar\u00e1n de horario seg\u00fan los meses Ma\u00f1ana martes, 16 de junio, comenzar\u00e1n un a\u00f1o&#8230;<\/p>\n","protected":false},"author":1,"featured_media":6292,"comment_status":"closed","ping_status":"closed","sticky":false,"template":"","format":"standard","meta":{"footnotes":""},"categories":[2],"tags":[5,6,509,5633,5634,8,9,1012],"class_list":["post-6279","post","type-post","status-publish","format-standard","has-post-thumbnail","hentry","category-ayuntamiento-pamplona","tag-actualidad","tag-ayto-pamplona","tag-ayuntamiento-de-pamplona","tag-bailables-de-txistu-y-gaita","tag-martes","tag-noticias","tag-pamplona","tag-plaza-del-castillo"],"yoast_head":"<!-- This site is optimized with the Yoast SEO plugin v27.5 - https:\/\/yoast.com\/product\/yoast-seo-wordpress\/ -->\n<title>Un a\u00f1o m\u00e1s vuelven, a partir del martes, los bailables de txistu y gaita que se celebran cada verano en la Plaza del Castillo<\/title>\n<meta name=\"robots\" content=\"index, follow, max-snippet:-1, max-image-preview:large, max-video-preview:-1\" \/>\n<link rel=\"canonical\" href=\"https:\/\/www.laguiadepamplona.com\/actualidad\/un-ano-mas-vuelven-a-partir-del-martes-los-bailables-de-txistu-y-gaita-que-se-celebran-cada-verano-en-la-plaza-del-castillo\/\" \/>\n<meta property=\"og:locale\" content=\"es_ES\" \/>\n<meta property=\"og:type\" content=\"article\" \/>\n<meta property=\"og:title\" content=\"Un a\u00f1o m\u00e1s vuelven, a partir del martes, los bailables de txistu y gaita que se celebran cada verano en la Plaza del Castillo\" \/>\n<meta property=\"og:description\" content=\"Hasta Sanfermines, en agosto y en septiembre se celebrar\u00e1n 18 sesiones los martes y jueves que cambiar\u00e1n de horario seg\u00fan los meses Ma\u00f1ana martes, 16 de junio, comenzar\u00e1n un a\u00f1o...\" \/>\n<meta property=\"og:url\" content=\"https:\/\/www.laguiadepamplona.com\/actualidad\/un-ano-mas-vuelven-a-partir-del-martes-los-bailables-de-txistu-y-gaita-que-se-celebran-cada-verano-en-la-plaza-del-castillo\/\" \/>\n<meta property=\"og:site_name\" content=\"La Gu\u00eda de Pamplona\" \/>\n<meta property=\"article:publisher\" content=\"https:\/\/www.facebook.com\/laguiadepamplonacom-133175176762273\/?ref=hl\" \/>\n<meta property=\"article:published_time\" content=\"2015-06-15T11:43:57+00:00\" \/>\n<meta name=\"author\" content=\"La Gu\u00eda de Pamplona\" \/>\n<meta name=\"twitter:card\" content=\"summary_large_image\" \/>\n<meta name=\"twitter:creator\" content=\"@LaGuiadPamplona\" \/>\n<meta name=\"twitter:site\" content=\"@LaGuiadPamplona\" \/>\n<meta name=\"twitter:label1\" content=\"Escrito por\" \/>\n\t<meta name=\"twitter:data1\" content=\"La Gu\u00eda de Pamplona\" \/>\n\t<meta name=\"twitter:label2\" content=\"Tiempo de lectura\" \/>\n\t<meta name=\"twitter:data2\" content=\"2 minutos\" \/>\n<script type=\"application\/ld+json\" class=\"yoast-schema-graph\">{\"@context\":\"https:\\\/\\\/schema.org\",\"@graph\":[{\"@type\":\"Article\",\"@id\":\"https:\\\/\\\/www.laguiadepamplona.com\\\/actualidad\\\/un-ano-mas-vuelven-a-partir-del-martes-los-bailables-de-txistu-y-gaita-que-se-celebran-cada-verano-en-la-plaza-del-castillo\\\/#article\",\"isPartOf\":{\"@id\":\"https:\\\/\\\/www.laguiadepamplona.com\\\/actualidad\\\/un-ano-mas-vuelven-a-partir-del-martes-los-bailables-de-txistu-y-gaita-que-se-celebran-cada-verano-en-la-plaza-del-castillo\\\/\"},\"author\":{\"name\":\"La Gu\u00eda de Pamplona\",\"@id\":\"https:\\\/\\\/www.laguiadepamplona.com\\\/actualidad\\\/#\\\/schema\\\/person\\\/efe887376f0213d4657c93adc50b1fdb\"},\"headline\":\"Un a\u00f1o m\u00e1s vuelven, a partir del martes, los bailables de txistu y gaita que se celebran cada verano en la Plaza del Castillo\",\"datePublished\":\"2015-06-15T11:43:57+00:00\",\"mainEntityOfPage\":{\"@id\":\"https:\\\/\\\/www.laguiadepamplona.com\\\/actualidad\\\/un-ano-mas-vuelven-a-partir-del-martes-los-bailables-de-txistu-y-gaita-que-se-celebran-cada-verano-en-la-plaza-del-castillo\\\/\"},\"wordCount\":327,\"publisher\":{\"@id\":\"https:\\\/\\\/www.laguiadepamplona.com\\\/actualidad\\\/#organization\"},\"image\":{\"@id\":\"https:\\\/\\\/www.laguiadepamplona.com\\\/actualidad\\\/un-ano-mas-vuelven-a-partir-del-martes-los-bailables-de-txistu-y-gaita-que-se-celebran-cada-verano-en-la-plaza-del-castillo\\\/#primaryimage\"},\"thumbnailUrl\":\"\",\"keywords\":[\"actualidad\",\"ayto pamplona\",\"Ayuntamiento de Pamplona\",\"bailables de txistu y gaita\",\"martes\",\"noticias\",\"pamplona\",\"plaza del Castillo\"],\"articleSection\":[\"Ayto Pamplona\"],\"inLanguage\":\"es\"},{\"@type\":\"WebPage\",\"@id\":\"https:\\\/\\\/www.laguiadepamplona.com\\\/actualidad\\\/un-ano-mas-vuelven-a-partir-del-martes-los-bailables-de-txistu-y-gaita-que-se-celebran-cada-verano-en-la-plaza-del-castillo\\\/\",\"url\":\"https:\\\/\\\/www.laguiadepamplona.com\\\/actualidad\\\/un-ano-mas-vuelven-a-partir-del-martes-los-bailables-de-txistu-y-gaita-que-se-celebran-cada-verano-en-la-plaza-del-castillo\\\/\",\"name\":\"Un a\u00f1o m\u00e1s vuelven, a partir del martes, los bailables de txistu y gaita que se celebran cada verano en la Plaza del Castillo\",\"isPartOf\":{\"@id\":\"https:\\\/\\\/www.laguiadepamplona.com\\\/actualidad\\\/#website\"},\"primaryImageOfPage\":{\"@id\":\"https:\\\/\\\/www.laguiadepamplona.com\\\/actualidad\\\/un-ano-mas-vuelven-a-partir-del-martes-los-bailables-de-txistu-y-gaita-que-se-celebran-cada-verano-en-la-plaza-del-castillo\\\/#primaryimage\"},\"image\":{\"@id\":\"https:\\\/\\\/www.laguiadepamplona.com\\\/actualidad\\\/un-ano-mas-vuelven-a-partir-del-martes-los-bailables-de-txistu-y-gaita-que-se-celebran-cada-verano-en-la-plaza-del-castillo\\\/#primaryimage\"},\"thumbnailUrl\":\"\",\"datePublished\":\"2015-06-15T11:43:57+00:00\",\"breadcrumb\":{\"@id\":\"https:\\\/\\\/www.laguiadepamplona.com\\\/actualidad\\\/un-ano-mas-vuelven-a-partir-del-martes-los-bailables-de-txistu-y-gaita-que-se-celebran-cada-verano-en-la-plaza-del-castillo\\\/#breadcrumb\"},\"inLanguage\":\"es\",\"potentialAction\":[{\"@type\":\"ReadAction\",\"target\":[\"https:\\\/\\\/www.laguiadepamplona.com\\\/actualidad\\\/un-ano-mas-vuelven-a-partir-del-martes-los-bailables-de-txistu-y-gaita-que-se-celebran-cada-verano-en-la-plaza-del-castillo\\\/\"]}]},{\"@type\":\"ImageObject\",\"inLanguage\":\"es\",\"@id\":\"https:\\\/\\\/www.laguiadepamplona.com\\\/actualidad\\\/un-ano-mas-vuelven-a-partir-del-martes-los-bailables-de-txistu-y-gaita-que-se-celebran-cada-verano-en-la-plaza-del-castillo\\\/#primaryimage\",\"url\":\"\",\"contentUrl\":\"\"},{\"@type\":\"BreadcrumbList\",\"@id\":\"https:\\\/\\\/www.laguiadepamplona.com\\\/actualidad\\\/un-ano-mas-vuelven-a-partir-del-martes-los-bailables-de-txistu-y-gaita-que-se-celebran-cada-verano-en-la-plaza-del-castillo\\\/#breadcrumb\",\"itemListElement\":[{\"@type\":\"ListItem\",\"position\":1,\"name\":\"Portada\",\"item\":\"https:\\\/\\\/www.laguiadepamplona.com\\\/actualidad\\\/\"},{\"@type\":\"ListItem\",\"position\":2,\"name\":\"Un a\u00f1o m\u00e1s vuelven, a partir del martes, los bailables de txistu y gaita que se celebran cada verano en la Plaza del Castillo\"}]},{\"@type\":\"WebSite\",\"@id\":\"https:\\\/\\\/www.laguiadepamplona.com\\\/actualidad\\\/#website\",\"url\":\"https:\\\/\\\/www.laguiadepamplona.com\\\/actualidad\\\/\",\"name\":\"La gu\u00eda de Pamplona\",\"description\":\"Noticias de Pamplona\",\"publisher\":{\"@id\":\"https:\\\/\\\/www.laguiadepamplona.com\\\/actualidad\\\/#organization\"},\"potentialAction\":[{\"@type\":\"SearchAction\",\"target\":{\"@type\":\"EntryPoint\",\"urlTemplate\":\"https:\\\/\\\/www.laguiadepamplona.com\\\/actualidad\\\/?s={search_term_string}\"},\"query-input\":{\"@type\":\"PropertyValueSpecification\",\"valueRequired\":true,\"valueName\":\"search_term_string\"}}],\"inLanguage\":\"es\"},{\"@type\":\"Organization\",\"@id\":\"https:\\\/\\\/www.laguiadepamplona.com\\\/actualidad\\\/#organization\",\"name\":\"La Gu\u00eda de Pamplona \\\/ Noticias\",\"url\":\"https:\\\/\\\/www.laguiadepamplona.com\\\/actualidad\\\/\",\"logo\":{\"@type\":\"ImageObject\",\"inLanguage\":\"es\",\"@id\":\"https:\\\/\\\/www.laguiadepamplona.com\\\/actualidad\\\/#\\\/schema\\\/logo\\\/image\\\/\",\"url\":\"https:\\\/\\\/www.laguiadepamplona.com\\\/actualidad\\\/wp-content\\\/uploads\\\/2018\\\/11\\\/logo-laguiadepamplona18-web1.png\",\"contentUrl\":\"https:\\\/\\\/www.laguiadepamplona.com\\\/actualidad\\\/wp-content\\\/uploads\\\/2018\\\/11\\\/logo-laguiadepamplona18-web1.png\",\"width\":600,\"height\":196,\"caption\":\"La Gu\u00eda de Pamplona \\\/ Noticias\"},\"image\":{\"@id\":\"https:\\\/\\\/www.laguiadepamplona.com\\\/actualidad\\\/#\\\/schema\\\/logo\\\/image\\\/\"},\"sameAs\":[\"https:\\\/\\\/www.facebook.com\\\/laguiadepamplonacom-133175176762273\\\/?ref=hl\",\"https:\\\/\\\/x.com\\\/LaGuiadPamplona\",\"https:\\\/\\\/www.instagram.com\\\/la_guia_de_pamplona\\\/\",\"https:\\\/\\\/www.youtube.com\\\/user\\\/laguiadepamplona\"]},{\"@type\":\"Person\",\"@id\":\"https:\\\/\\\/www.laguiadepamplona.com\\\/actualidad\\\/#\\\/schema\\\/person\\\/efe887376f0213d4657c93adc50b1fdb\",\"name\":\"La Gu\u00eda de Pamplona\",\"image\":{\"@type\":\"ImageObject\",\"inLanguage\":\"es\",\"@id\":\"https:\\\/\\\/secure.gravatar.com\\\/avatar\\\/b6992f131dc8d30ab0dff15446e9d346d9dbd95992de0fef795073f5ea83a81c?s=96&d=mm&r=g\",\"url\":\"https:\\\/\\\/secure.gravatar.com\\\/avatar\\\/b6992f131dc8d30ab0dff15446e9d346d9dbd95992de0fef795073f5ea83a81c?s=96&d=mm&r=g\",\"contentUrl\":\"https:\\\/\\\/secure.gravatar.com\\\/avatar\\\/b6992f131dc8d30ab0dff15446e9d346d9dbd95992de0fef795073f5ea83a81c?s=96&d=mm&r=g\",\"caption\":\"La Gu\u00eda de Pamplona\"}}]}<\/script>\n<!-- \/ Yoast SEO plugin. -->","yoast_head_json":{"title":"Un a\u00f1o m\u00e1s vuelven, a partir del martes, los bailables de txistu y gaita que se celebran cada verano en la Plaza del Castillo","robots":{"index":"index","follow":"follow","max-snippet":"max-snippet:-1","max-image-preview":"max-image-preview:large","max-video-preview":"max-video-preview:-1"},"canonical":"https:\/\/www.laguiadepamplona.com\/actualidad\/un-ano-mas-vuelven-a-partir-del-martes-los-bailables-de-txistu-y-gaita-que-se-celebran-cada-verano-en-la-plaza-del-castillo\/","og_locale":"es_ES","og_type":"article","og_title":"Un a\u00f1o m\u00e1s vuelven, a partir del martes, los bailables de txistu y gaita que se celebran cada verano en la Plaza del Castillo","og_description":"Hasta Sanfermines, en agosto y en septiembre se celebrar\u00e1n 18 sesiones los martes y jueves que cambiar\u00e1n de horario seg\u00fan los meses Ma\u00f1ana martes, 16 de junio, comenzar\u00e1n un a\u00f1o...","og_url":"https:\/\/www.laguiadepamplona.com\/actualidad\/un-ano-mas-vuelven-a-partir-del-martes-los-bailables-de-txistu-y-gaita-que-se-celebran-cada-verano-en-la-plaza-del-castillo\/","og_site_name":"La Gu\u00eda de Pamplona","article_publisher":"https:\/\/www.facebook.com\/laguiadepamplonacom-133175176762273\/?ref=hl","article_published_time":"2015-06-15T11:43:57+00:00","author":"La Gu\u00eda de Pamplona","twitter_card":"summary_large_image","twitter_creator":"@LaGuiadPamplona","twitter_site":"@LaGuiadPamplona","twitter_misc":{"Escrito por":"La Gu\u00eda de Pamplona","Tiempo de lectura":"2 minutos"},"schema":{"@context":"https:\/\/schema.org","@graph":[{"@type":"Article","@id":"https:\/\/www.laguiadepamplona.com\/actualidad\/un-ano-mas-vuelven-a-partir-del-martes-los-bailables-de-txistu-y-gaita-que-se-celebran-cada-verano-en-la-plaza-del-castillo\/#article","isPartOf":{"@id":"https:\/\/www.laguiadepamplona.com\/actualidad\/un-ano-mas-vuelven-a-partir-del-martes-los-bailables-de-txistu-y-gaita-que-se-celebran-cada-verano-en-la-plaza-del-castillo\/"},"author":{"name":"La Gu\u00eda de Pamplona","@id":"https:\/\/www.laguiadepamplona.com\/actualidad\/#\/schema\/person\/efe887376f0213d4657c93adc50b1fdb"},"headline":"Un a\u00f1o m\u00e1s vuelven, a partir del martes, los bailables de txistu y gaita que se celebran cada verano en la Plaza del Castillo","datePublished":"2015-06-15T11:43:57+00:00","mainEntityOfPage":{"@id":"https:\/\/www.laguiadepamplona.com\/actualidad\/un-ano-mas-vuelven-a-partir-del-martes-los-bailables-de-txistu-y-gaita-que-se-celebran-cada-verano-en-la-plaza-del-castillo\/"},"wordCount":327,"publisher":{"@id":"https:\/\/www.laguiadepamplona.com\/actualidad\/#organization"},"image":{"@id":"https:\/\/www.laguiadepamplona.com\/actualidad\/un-ano-mas-vuelven-a-partir-del-martes-los-bailables-de-txistu-y-gaita-que-se-celebran-cada-verano-en-la-plaza-del-castillo\/#primaryimage"},"thumbnailUrl":"","keywords":["actualidad","ayto pamplona","Ayuntamiento de Pamplona","bailables de txistu y gaita","martes","noticias","pamplona","plaza del Castillo"],"articleSection":["Ayto Pamplona"],"inLanguage":"es"},{"@type":"WebPage","@id":"https:\/\/www.laguiadepamplona.com\/actualidad\/un-ano-mas-vuelven-a-partir-del-martes-los-bailables-de-txistu-y-gaita-que-se-celebran-cada-verano-en-la-plaza-del-castillo\/","url":"https:\/\/www.laguiadepamplona.com\/actualidad\/un-ano-mas-vuelven-a-partir-del-martes-los-bailables-de-txistu-y-gaita-que-se-celebran-cada-verano-en-la-plaza-del-castillo\/","name":"Un a\u00f1o m\u00e1s vuelven, a partir del martes, los bailables de txistu y gaita que se celebran cada verano en la Plaza del Castillo","isPartOf":{"@id":"https:\/\/www.laguiadepamplona.com\/actualidad\/#website"},"primaryImageOfPage":{"@id":"https:\/\/www.laguiadepamplona.com\/actualidad\/un-ano-mas-vuelven-a-partir-del-martes-los-bailables-de-txistu-y-gaita-que-se-celebran-cada-verano-en-la-plaza-del-castillo\/#primaryimage"},"image":{"@id":"https:\/\/www.laguiadepamplona.com\/actualidad\/un-ano-mas-vuelven-a-partir-del-martes-los-bailables-de-txistu-y-gaita-que-se-celebran-cada-verano-en-la-plaza-del-castillo\/#primaryimage"},"thumbnailUrl":"","datePublished":"2015-06-15T11:43:57+00:00","breadcrumb":{"@id":"https:\/\/www.laguiadepamplona.com\/actualidad\/un-ano-mas-vuelven-a-partir-del-martes-los-bailables-de-txistu-y-gaita-que-se-celebran-cada-verano-en-la-plaza-del-castillo\/#breadcrumb"},"inLanguage":"es","potentialAction":[{"@type":"ReadAction","target":["https:\/\/www.laguiadepamplona.com\/actualidad\/un-ano-mas-vuelven-a-partir-del-martes-los-bailables-de-txistu-y-gaita-que-se-celebran-cada-verano-en-la-plaza-del-castillo\/"]}]},{"@type":"ImageObject","inLanguage":"es","@id":"https:\/\/www.laguiadepamplona.com\/actualidad\/un-ano-mas-vuelven-a-partir-del-martes-los-bailables-de-txistu-y-gaita-que-se-celebran-cada-verano-en-la-plaza-del-castillo\/#primaryimage","url":"","contentUrl":""},{"@type":"BreadcrumbList","@id":"https:\/\/www.laguiadepamplona.com\/actualidad\/un-ano-mas-vuelven-a-partir-del-martes-los-bailables-de-txistu-y-gaita-que-se-celebran-cada-verano-en-la-plaza-del-castillo\/#breadcrumb","itemListElement":[{"@type":"ListItem","position":1,"name":"Portada","item":"https:\/\/www.laguiadepamplona.com\/actualidad\/"},{"@type":"ListItem","position":2,"name":"Un a\u00f1o m\u00e1s vuelven, a partir del martes, los bailables de txistu y gaita que se celebran cada verano en la Plaza del Castillo"}]},{"@type":"WebSite","@id":"https:\/\/www.laguiadepamplona.com\/actualidad\/#website","url":"https:\/\/www.laguiadepamplona.com\/actualidad\/","name":"La gu\u00eda de Pamplona","description":"Noticias de Pamplona","publisher":{"@id":"https:\/\/www.laguiadepamplona.com\/actualidad\/#organization"},"potentialAction":[{"@type":"SearchAction","target":{"@type":"EntryPoint","urlTemplate":"https:\/\/www.laguiadepamplona.com\/actualidad\/?s={search_term_string}"},"query-input":{"@type":"PropertyValueSpecification","valueRequired":true,"valueName":"search_term_string"}}],"inLanguage":"es"},{"@type":"Organization","@id":"https:\/\/www.laguiadepamplona.com\/actualidad\/#organization","name":"La Gu\u00eda de Pamplona \/ Noticias","url":"https:\/\/www.laguiadepamplona.com\/actualidad\/","logo":{"@type":"ImageObject","inLanguage":"es","@id":"https:\/\/www.laguiadepamplona.com\/actualidad\/#\/schema\/logo\/image\/","url":"https:\/\/www.laguiadepamplona.com\/actualidad\/wp-content\/uploads\/2018\/11\/logo-laguiadepamplona18-web1.png","contentUrl":"https:\/\/www.laguiadepamplona.com\/actualidad\/wp-content\/uploads\/2018\/11\/logo-laguiadepamplona18-web1.png","width":600,"height":196,"caption":"La Gu\u00eda de Pamplona \/ Noticias"},"image":{"@id":"https:\/\/www.laguiadepamplona.com\/actualidad\/#\/schema\/logo\/image\/"},"sameAs":["https:\/\/www.facebook.com\/laguiadepamplonacom-133175176762273\/?ref=hl","https:\/\/x.com\/LaGuiadPamplona","https:\/\/www.instagram.com\/la_guia_de_pamplona\/","https:\/\/www.youtube.com\/user\/laguiadepamplona"]},{"@type":"Person","@id":"https:\/\/www.laguiadepamplona.com\/actualidad\/#\/schema\/person\/efe887376f0213d4657c93adc50b1fdb","name":"La Gu\u00eda de Pamplona","image":{"@type":"ImageObject","inLanguage":"es","@id":"https:\/\/secure.gravatar.com\/avatar\/b6992f131dc8d30ab0dff15446e9d346d9dbd95992de0fef795073f5ea83a81c?s=96&d=mm&r=g","url":"https:\/\/secure.gravatar.com\/avatar\/b6992f131dc8d30ab0dff15446e9d346d9dbd95992de0fef795073f5ea83a81c?s=96&d=mm&r=g","contentUrl":"https:\/\/secure.gravatar.com\/avatar\/b6992f131dc8d30ab0dff15446e9d346d9dbd95992de0fef795073f5ea83a81c?s=96&d=mm&r=g","caption":"La Gu\u00eda de Pamplona"}}]}},"post_mailing_queue_ids":[],"_links":{"self":[{"href":"https:\/\/www.laguiadepamplona.com\/actualidad\/wp-json\/wp\/v2\/posts\/6279","targetHints":{"allow":["GET"]}}],"collection":[{"href":"https:\/\/www.laguiadepamplona.com\/actualidad\/wp-json\/wp\/v2\/posts"}],"about":[{"href":"https:\/\/www.laguiadepamplona.com\/actualidad\/wp-json\/wp\/v2\/types\/post"}],"author":[{"embeddable":true,"href":"https:\/\/www.laguiadepamplona.com\/actualidad\/wp-json\/wp\/v2\/users\/1"}],"replies":[{"embeddable":true,"href":"https:\/\/www.laguiadepamplona.com\/actualidad\/wp-json\/wp\/v2\/comments?post=6279"}],"version-history":[{"count":0,"href":"https:\/\/www.laguiadepamplona.com\/actualidad\/wp-json\/wp\/v2\/posts\/6279\/revisions"}],"wp:featuredmedia":[{"embeddable":true,"href":"https:\/\/www.laguiadepamplona.com\/actualidad\/wp-json\/"}],"wp:attachment":[{"href":"https:\/\/www.laguiadepamplona.com\/actualidad\/wp-json\/wp\/v2\/media?parent=6279"}],"wp:term":[{"taxonomy":"category","embeddable":true,"href":"https:\/\/www.laguiadepamplona.com\/actualidad\/wp-json\/wp\/v2\/categories?post=6279"},{"taxonomy":"post_tag","embeddable":true,"href":"https:\/\/www.laguiadepamplona.com\/actualidad\/wp-json\/wp\/v2\/tags?post=6279"}],"curies":[{"name":"wp","href":"https:\/\/api.w.org\/{rel}","templated":true}]}}