{"id":6240,"date":"2015-06-12T13:12:44","date_gmt":"2015-06-12T11:12:44","guid":{"rendered":"http:\/\/laguiadepamplona.com\/actualidad\/?p=6240"},"modified":"2015-06-12T13:12:44","modified_gmt":"2015-06-12T11:12:44","slug":"el-complejo-deportivo-aranzadi-abre-el-lunes-sus-piscinas-exteriores-e-inicia-la-temporada-de-verano","status":"publish","type":"post","link":"https:\/\/www.laguiadepamplona.com\/actualidad\/el-complejo-deportivo-aranzadi-abre-el-lunes-sus-piscinas-exteriores-e-inicia-la-temporada-de-verano\/","title":{"rendered":"El Complejo Deportivo Aranzadi abre el lunes sus piscinas exteriores e inicia la temporada de verano"},"content":{"rendered":"<h4>Contin\u00faan a la venta los abonos para la temporada de verano a un precio que oscila entre los 40,30 euros y los 80,75 euros<\/h4>\n<p><a href=\"http:\/\/laguiadepamplona.com\/actualidad\/wp-content\/uploads\/2015\/03\/piscina-aranzadi.jpg\"><img loading=\"lazy\" decoding=\"async\" class=\"alignleft size-medium wp-image-5051\" src=\"http:\/\/laguiadepamplona.com\/actualidad\/wp-content\/uploads\/2015\/03\/piscina-aranzadi-300x200.jpg\" alt=\"piscina aranzadi\" width=\"300\" height=\"200\" \/><\/a>El Complejo Deportivo Aranzadi inicia el lunes 15 de junio la temporada de verano con la apertura al p\u00fablico de las piscinas exteriores del recinto. La temporada estival se prolongar\u00e1 hasta el 6 de septiembre. Las otras piscinas municipales, las de la Ciudad Deportiva San Jorge, abrir\u00e1n el pr\u00f3ximo 22 de junio.<\/p>\n<p>El Complejo Deportivo de Aranzadi fue construido por el Ayuntamiento de Pamplona en 1977 y ocupa una superficie de m\u00e1s de 28.000 metros cuadrados. Sus instalaciones cuentan con tres piscinas al aire libre, dos piscinas cubiertas, pabell\u00f3n polideportivo cubierto, front\u00f3n cubierto, saunas, gimnasio, dos pistas de p\u00e1del, zona de asadores y un edificio social con bar-cafeter\u00eda, vestuarios, aseos, salas polivalentes o sala de fitness, entre otras. Aranzadi es, adem\u00e1s, zona wifi.<\/p>\n<p>El precio de la entrada a la Ciudad Deportiva de Aranzadi un d\u00eda laborable var\u00eda entre los 2,70 euros para los menores entre 2 y 14 a\u00f1os y los mayores de 65 a\u00f1os, los 3,05 euros de los j\u00f3venes entre 14 y 25 a\u00f1os y los 4,45 euros que deber\u00e1n pagar para acceder las personas entre 26 y 65 a\u00f1os. Los d\u00edas festivos y en San Ferm\u00edn se modifican los precios para los j\u00f3venes entre 14 y 25 a\u00f1os, que deber\u00e1n pagar 3,90 euros, y para los adultos de 26 a 65 a\u00f1os, que pagar\u00e1n 5,50 euros.<\/p>\n<p><strong>Abonos de verano<\/strong><\/p>\n<p>Tambi\u00e9n sigue abierto el plazo para solicitar los abonos de verano. Este a\u00f1o el precio es de 40,30 euros para menores de 2 a 14 a\u00f1os y para mayores de 65 a\u00f1os, de 60,50 euros para j\u00f3venes entre 14 y 25 a\u00f1os; y de 80,75 euros para personas adultas entre 26 y 65 a\u00f1os. Hasta el 14 de junio los abonos se pueden adquirir tanto en el Complejo Deportivo Aranzadi como en la Ciudad Deportiva San Jorge, de 8.30 a 13.30 horas y de 15.30 a 21.30 horas. Del 15 al 30 de junio se vender\u00e1n en Aranzadi, de lunes a viernes de 10.30 a 15 horas; y a partir del 30 de junio, de nuevo, en ambas instalaciones, de lunes a viernes (en d\u00edas no festivos), de 10.30 a 20 horas.<\/p>\n<p>El pago del abono se puede realizar en la propia instalaci\u00f3n mediante tarjeta de cualquier entidad bancaria o haciendo previamente un ingreso en las cuentas que el Ayuntamiento tiene en La Caixa, Caja Laboral Popular, Caja Rural de Navarra o BBVA, entregando el justificante al solicitar el abono. No se admitir\u00e1 el pago con dinero en efectivo en ninguna de las dos instalaciones.<\/p>\n<p>&nbsp;<\/p>\n","protected":false},"excerpt":{"rendered":"<p>Contin\u00faan a la venta los abonos para la temporada de verano a un precio que oscila entre los 40,30 euros y los 80,75 euros El Complejo Deportivo Aranzadi inicia el&#8230;<\/p>\n","protected":false},"author":1,"featured_media":5051,"comment_status":"closed","ping_status":"closed","sticky":false,"template":"","format":"standard","meta":{"footnotes":""},"categories":[2],"tags":[1530,5,6,509,5599,5600,3517,8,9,5601,2778,1027],"class_list":["post-6240","post","type-post","status-publish","format-standard","has-post-thumbnail","hentry","category-ayuntamiento-pamplona","tag-abre","tag-actualidad","tag-ayto-pamplona","tag-ayuntamiento-de-pamplona","tag-complejo-deportivo-aranzadi","tag-exterior","tag-lunes","tag-noticias","tag-pamplona","tag-piscina","tag-temporada","tag-verano"],"yoast_head":"<!-- This site is optimized with the Yoast SEO plugin v27.5 - https:\/\/yoast.com\/product\/yoast-seo-wordpress\/ -->\n<title>El Complejo Deportivo Aranzadi abre el lunes sus piscinas exteriores e inicia la temporada de verano<\/title>\n<meta name=\"robots\" content=\"index, follow, max-snippet:-1, max-image-preview:large, max-video-preview:-1\" \/>\n<link rel=\"canonical\" href=\"https:\/\/www.laguiadepamplona.com\/actualidad\/el-complejo-deportivo-aranzadi-abre-el-lunes-sus-piscinas-exteriores-e-inicia-la-temporada-de-verano\/\" \/>\n<meta property=\"og:locale\" content=\"es_ES\" \/>\n<meta property=\"og:type\" content=\"article\" \/>\n<meta property=\"og:title\" content=\"El Complejo Deportivo Aranzadi abre el lunes sus piscinas exteriores e inicia la temporada de verano\" \/>\n<meta property=\"og:description\" content=\"Contin\u00faan a la venta los abonos para la temporada de verano a un precio que oscila entre los 40,30 euros y los 80,75 euros El Complejo Deportivo Aranzadi inicia el...\" \/>\n<meta property=\"og:url\" content=\"https:\/\/www.laguiadepamplona.com\/actualidad\/el-complejo-deportivo-aranzadi-abre-el-lunes-sus-piscinas-exteriores-e-inicia-la-temporada-de-verano\/\" \/>\n<meta property=\"og:site_name\" content=\"La Gu\u00eda de Pamplona\" \/>\n<meta property=\"article:publisher\" content=\"https:\/\/www.facebook.com\/laguiadepamplonacom-133175176762273\/?ref=hl\" \/>\n<meta property=\"article:published_time\" content=\"2015-06-12T11:12:44+00:00\" \/>\n<meta name=\"author\" content=\"La Gu\u00eda de Pamplona\" \/>\n<meta name=\"twitter:card\" content=\"summary_large_image\" \/>\n<meta name=\"twitter:creator\" content=\"@LaGuiadPamplona\" \/>\n<meta name=\"twitter:site\" content=\"@LaGuiadPamplona\" \/>\n<meta name=\"twitter:label1\" content=\"Escrito por\" \/>\n\t<meta name=\"twitter:data1\" content=\"La Gu\u00eda de Pamplona\" \/>\n\t<meta name=\"twitter:label2\" content=\"Tiempo de lectura\" \/>\n\t<meta name=\"twitter:data2\" content=\"2 minutos\" \/>\n<script type=\"application\/ld+json\" class=\"yoast-schema-graph\">{\"@context\":\"https:\\\/\\\/schema.org\",\"@graph\":[{\"@type\":\"Article\",\"@id\":\"https:\\\/\\\/www.laguiadepamplona.com\\\/actualidad\\\/el-complejo-deportivo-aranzadi-abre-el-lunes-sus-piscinas-exteriores-e-inicia-la-temporada-de-verano\\\/#article\",\"isPartOf\":{\"@id\":\"https:\\\/\\\/www.laguiadepamplona.com\\\/actualidad\\\/el-complejo-deportivo-aranzadi-abre-el-lunes-sus-piscinas-exteriores-e-inicia-la-temporada-de-verano\\\/\"},\"author\":{\"name\":\"La Gu\u00eda de Pamplona\",\"@id\":\"https:\\\/\\\/www.laguiadepamplona.com\\\/actualidad\\\/#\\\/schema\\\/person\\\/efe887376f0213d4657c93adc50b1fdb\"},\"headline\":\"El Complejo Deportivo Aranzadi abre el lunes sus piscinas exteriores e inicia la temporada de verano\",\"datePublished\":\"2015-06-12T11:12:44+00:00\",\"mainEntityOfPage\":{\"@id\":\"https:\\\/\\\/www.laguiadepamplona.com\\\/actualidad\\\/el-complejo-deportivo-aranzadi-abre-el-lunes-sus-piscinas-exteriores-e-inicia-la-temporada-de-verano\\\/\"},\"wordCount\":449,\"publisher\":{\"@id\":\"https:\\\/\\\/www.laguiadepamplona.com\\\/actualidad\\\/#organization\"},\"image\":{\"@id\":\"https:\\\/\\\/www.laguiadepamplona.com\\\/actualidad\\\/el-complejo-deportivo-aranzadi-abre-el-lunes-sus-piscinas-exteriores-e-inicia-la-temporada-de-verano\\\/#primaryimage\"},\"thumbnailUrl\":\"\",\"keywords\":[\"abre\",\"actualidad\",\"ayto pamplona\",\"Ayuntamiento de Pamplona\",\"Complejo Deportivo Aranzadi\",\"exterior\",\"lunes\",\"noticias\",\"pamplona\",\"piscina\",\"temporada\",\"verano\"],\"articleSection\":[\"Ayto Pamplona\"],\"inLanguage\":\"es\"},{\"@type\":\"WebPage\",\"@id\":\"https:\\\/\\\/www.laguiadepamplona.com\\\/actualidad\\\/el-complejo-deportivo-aranzadi-abre-el-lunes-sus-piscinas-exteriores-e-inicia-la-temporada-de-verano\\\/\",\"url\":\"https:\\\/\\\/www.laguiadepamplona.com\\\/actualidad\\\/el-complejo-deportivo-aranzadi-abre-el-lunes-sus-piscinas-exteriores-e-inicia-la-temporada-de-verano\\\/\",\"name\":\"El Complejo Deportivo Aranzadi abre el lunes sus piscinas exteriores e inicia la temporada de verano\",\"isPartOf\":{\"@id\":\"https:\\\/\\\/www.laguiadepamplona.com\\\/actualidad\\\/#website\"},\"primaryImageOfPage\":{\"@id\":\"https:\\\/\\\/www.laguiadepamplona.com\\\/actualidad\\\/el-complejo-deportivo-aranzadi-abre-el-lunes-sus-piscinas-exteriores-e-inicia-la-temporada-de-verano\\\/#primaryimage\"},\"image\":{\"@id\":\"https:\\\/\\\/www.laguiadepamplona.com\\\/actualidad\\\/el-complejo-deportivo-aranzadi-abre-el-lunes-sus-piscinas-exteriores-e-inicia-la-temporada-de-verano\\\/#primaryimage\"},\"thumbnailUrl\":\"\",\"datePublished\":\"2015-06-12T11:12:44+00:00\",\"breadcrumb\":{\"@id\":\"https:\\\/\\\/www.laguiadepamplona.com\\\/actualidad\\\/el-complejo-deportivo-aranzadi-abre-el-lunes-sus-piscinas-exteriores-e-inicia-la-temporada-de-verano\\\/#breadcrumb\"},\"inLanguage\":\"es\",\"potentialAction\":[{\"@type\":\"ReadAction\",\"target\":[\"https:\\\/\\\/www.laguiadepamplona.com\\\/actualidad\\\/el-complejo-deportivo-aranzadi-abre-el-lunes-sus-piscinas-exteriores-e-inicia-la-temporada-de-verano\\\/\"]}]},{\"@type\":\"ImageObject\",\"inLanguage\":\"es\",\"@id\":\"https:\\\/\\\/www.laguiadepamplona.com\\\/actualidad\\\/el-complejo-deportivo-aranzadi-abre-el-lunes-sus-piscinas-exteriores-e-inicia-la-temporada-de-verano\\\/#primaryimage\",\"url\":\"\",\"contentUrl\":\"\"},{\"@type\":\"BreadcrumbList\",\"@id\":\"https:\\\/\\\/www.laguiadepamplona.com\\\/actualidad\\\/el-complejo-deportivo-aranzadi-abre-el-lunes-sus-piscinas-exteriores-e-inicia-la-temporada-de-verano\\\/#breadcrumb\",\"itemListElement\":[{\"@type\":\"ListItem\",\"position\":1,\"name\":\"Portada\",\"item\":\"https:\\\/\\\/www.laguiadepamplona.com\\\/actualidad\\\/\"},{\"@type\":\"ListItem\",\"position\":2,\"name\":\"El Complejo Deportivo Aranzadi abre el lunes sus piscinas exteriores e inicia la temporada de verano\"}]},{\"@type\":\"WebSite\",\"@id\":\"https:\\\/\\\/www.laguiadepamplona.com\\\/actualidad\\\/#website\",\"url\":\"https:\\\/\\\/www.laguiadepamplona.com\\\/actualidad\\\/\",\"name\":\"La gu\u00eda de Pamplona\",\"description\":\"Noticias de Pamplona\",\"publisher\":{\"@id\":\"https:\\\/\\\/www.laguiadepamplona.com\\\/actualidad\\\/#organization\"},\"potentialAction\":[{\"@type\":\"SearchAction\",\"target\":{\"@type\":\"EntryPoint\",\"urlTemplate\":\"https:\\\/\\\/www.laguiadepamplona.com\\\/actualidad\\\/?s={search_term_string}\"},\"query-input\":{\"@type\":\"PropertyValueSpecification\",\"valueRequired\":true,\"valueName\":\"search_term_string\"}}],\"inLanguage\":\"es\"},{\"@type\":\"Organization\",\"@id\":\"https:\\\/\\\/www.laguiadepamplona.com\\\/actualidad\\\/#organization\",\"name\":\"La Gu\u00eda de Pamplona \\\/ Noticias\",\"url\":\"https:\\\/\\\/www.laguiadepamplona.com\\\/actualidad\\\/\",\"logo\":{\"@type\":\"ImageObject\",\"inLanguage\":\"es\",\"@id\":\"https:\\\/\\\/www.laguiadepamplona.com\\\/actualidad\\\/#\\\/schema\\\/logo\\\/image\\\/\",\"url\":\"https:\\\/\\\/www.laguiadepamplona.com\\\/actualidad\\\/wp-content\\\/uploads\\\/2018\\\/11\\\/logo-laguiadepamplona18-web1.png\",\"contentUrl\":\"https:\\\/\\\/www.laguiadepamplona.com\\\/actualidad\\\/wp-content\\\/uploads\\\/2018\\\/11\\\/logo-laguiadepamplona18-web1.png\",\"width\":600,\"height\":196,\"caption\":\"La Gu\u00eda de Pamplona \\\/ Noticias\"},\"image\":{\"@id\":\"https:\\\/\\\/www.laguiadepamplona.com\\\/actualidad\\\/#\\\/schema\\\/logo\\\/image\\\/\"},\"sameAs\":[\"https:\\\/\\\/www.facebook.com\\\/laguiadepamplonacom-133175176762273\\\/?ref=hl\",\"https:\\\/\\\/x.com\\\/LaGuiadPamplona\",\"https:\\\/\\\/www.instagram.com\\\/la_guia_de_pamplona\\\/\",\"https:\\\/\\\/www.youtube.com\\\/user\\\/laguiadepamplona\"]},{\"@type\":\"Person\",\"@id\":\"https:\\\/\\\/www.laguiadepamplona.com\\\/actualidad\\\/#\\\/schema\\\/person\\\/efe887376f0213d4657c93adc50b1fdb\",\"name\":\"La Gu\u00eda de Pamplona\",\"image\":{\"@type\":\"ImageObject\",\"inLanguage\":\"es\",\"@id\":\"https:\\\/\\\/secure.gravatar.com\\\/avatar\\\/b6992f131dc8d30ab0dff15446e9d346d9dbd95992de0fef795073f5ea83a81c?s=96&d=mm&r=g\",\"url\":\"https:\\\/\\\/secure.gravatar.com\\\/avatar\\\/b6992f131dc8d30ab0dff15446e9d346d9dbd95992de0fef795073f5ea83a81c?s=96&d=mm&r=g\",\"contentUrl\":\"https:\\\/\\\/secure.gravatar.com\\\/avatar\\\/b6992f131dc8d30ab0dff15446e9d346d9dbd95992de0fef795073f5ea83a81c?s=96&d=mm&r=g\",\"caption\":\"La Gu\u00eda de Pamplona\"}}]}<\/script>\n<!-- \/ Yoast SEO plugin. -->","yoast_head_json":{"title":"El Complejo Deportivo Aranzadi abre el lunes sus piscinas exteriores e inicia la temporada de verano","robots":{"index":"index","follow":"follow","max-snippet":"max-snippet:-1","max-image-preview":"max-image-preview:large","max-video-preview":"max-video-preview:-1"},"canonical":"https:\/\/www.laguiadepamplona.com\/actualidad\/el-complejo-deportivo-aranzadi-abre-el-lunes-sus-piscinas-exteriores-e-inicia-la-temporada-de-verano\/","og_locale":"es_ES","og_type":"article","og_title":"El Complejo Deportivo Aranzadi abre el lunes sus piscinas exteriores e inicia la temporada de verano","og_description":"Contin\u00faan a la venta los abonos para la temporada de verano a un precio que oscila entre los 40,30 euros y los 80,75 euros El Complejo Deportivo Aranzadi inicia el...","og_url":"https:\/\/www.laguiadepamplona.com\/actualidad\/el-complejo-deportivo-aranzadi-abre-el-lunes-sus-piscinas-exteriores-e-inicia-la-temporada-de-verano\/","og_site_name":"La Gu\u00eda de Pamplona","article_publisher":"https:\/\/www.facebook.com\/laguiadepamplonacom-133175176762273\/?ref=hl","article_published_time":"2015-06-12T11:12:44+00:00","author":"La Gu\u00eda de Pamplona","twitter_card":"summary_large_image","twitter_creator":"@LaGuiadPamplona","twitter_site":"@LaGuiadPamplona","twitter_misc":{"Escrito por":"La Gu\u00eda de Pamplona","Tiempo de lectura":"2 minutos"},"schema":{"@context":"https:\/\/schema.org","@graph":[{"@type":"Article","@id":"https:\/\/www.laguiadepamplona.com\/actualidad\/el-complejo-deportivo-aranzadi-abre-el-lunes-sus-piscinas-exteriores-e-inicia-la-temporada-de-verano\/#article","isPartOf":{"@id":"https:\/\/www.laguiadepamplona.com\/actualidad\/el-complejo-deportivo-aranzadi-abre-el-lunes-sus-piscinas-exteriores-e-inicia-la-temporada-de-verano\/"},"author":{"name":"La Gu\u00eda de Pamplona","@id":"https:\/\/www.laguiadepamplona.com\/actualidad\/#\/schema\/person\/efe887376f0213d4657c93adc50b1fdb"},"headline":"El Complejo Deportivo Aranzadi abre el lunes sus piscinas exteriores e inicia la temporada de verano","datePublished":"2015-06-12T11:12:44+00:00","mainEntityOfPage":{"@id":"https:\/\/www.laguiadepamplona.com\/actualidad\/el-complejo-deportivo-aranzadi-abre-el-lunes-sus-piscinas-exteriores-e-inicia-la-temporada-de-verano\/"},"wordCount":449,"publisher":{"@id":"https:\/\/www.laguiadepamplona.com\/actualidad\/#organization"},"image":{"@id":"https:\/\/www.laguiadepamplona.com\/actualidad\/el-complejo-deportivo-aranzadi-abre-el-lunes-sus-piscinas-exteriores-e-inicia-la-temporada-de-verano\/#primaryimage"},"thumbnailUrl":"","keywords":["abre","actualidad","ayto pamplona","Ayuntamiento de Pamplona","Complejo Deportivo Aranzadi","exterior","lunes","noticias","pamplona","piscina","temporada","verano"],"articleSection":["Ayto Pamplona"],"inLanguage":"es"},{"@type":"WebPage","@id":"https:\/\/www.laguiadepamplona.com\/actualidad\/el-complejo-deportivo-aranzadi-abre-el-lunes-sus-piscinas-exteriores-e-inicia-la-temporada-de-verano\/","url":"https:\/\/www.laguiadepamplona.com\/actualidad\/el-complejo-deportivo-aranzadi-abre-el-lunes-sus-piscinas-exteriores-e-inicia-la-temporada-de-verano\/","name":"El Complejo Deportivo Aranzadi abre el lunes sus piscinas exteriores e inicia la temporada de verano","isPartOf":{"@id":"https:\/\/www.laguiadepamplona.com\/actualidad\/#website"},"primaryImageOfPage":{"@id":"https:\/\/www.laguiadepamplona.com\/actualidad\/el-complejo-deportivo-aranzadi-abre-el-lunes-sus-piscinas-exteriores-e-inicia-la-temporada-de-verano\/#primaryimage"},"image":{"@id":"https:\/\/www.laguiadepamplona.com\/actualidad\/el-complejo-deportivo-aranzadi-abre-el-lunes-sus-piscinas-exteriores-e-inicia-la-temporada-de-verano\/#primaryimage"},"thumbnailUrl":"","datePublished":"2015-06-12T11:12:44+00:00","breadcrumb":{"@id":"https:\/\/www.laguiadepamplona.com\/actualidad\/el-complejo-deportivo-aranzadi-abre-el-lunes-sus-piscinas-exteriores-e-inicia-la-temporada-de-verano\/#breadcrumb"},"inLanguage":"es","potentialAction":[{"@type":"ReadAction","target":["https:\/\/www.laguiadepamplona.com\/actualidad\/el-complejo-deportivo-aranzadi-abre-el-lunes-sus-piscinas-exteriores-e-inicia-la-temporada-de-verano\/"]}]},{"@type":"ImageObject","inLanguage":"es","@id":"https:\/\/www.laguiadepamplona.com\/actualidad\/el-complejo-deportivo-aranzadi-abre-el-lunes-sus-piscinas-exteriores-e-inicia-la-temporada-de-verano\/#primaryimage","url":"","contentUrl":""},{"@type":"BreadcrumbList","@id":"https:\/\/www.laguiadepamplona.com\/actualidad\/el-complejo-deportivo-aranzadi-abre-el-lunes-sus-piscinas-exteriores-e-inicia-la-temporada-de-verano\/#breadcrumb","itemListElement":[{"@type":"ListItem","position":1,"name":"Portada","item":"https:\/\/www.laguiadepamplona.com\/actualidad\/"},{"@type":"ListItem","position":2,"name":"El Complejo Deportivo Aranzadi abre el lunes sus piscinas exteriores e inicia la temporada de verano"}]},{"@type":"WebSite","@id":"https:\/\/www.laguiadepamplona.com\/actualidad\/#website","url":"https:\/\/www.laguiadepamplona.com\/actualidad\/","name":"La gu\u00eda de Pamplona","description":"Noticias de Pamplona","publisher":{"@id":"https:\/\/www.laguiadepamplona.com\/actualidad\/#organization"},"potentialAction":[{"@type":"SearchAction","target":{"@type":"EntryPoint","urlTemplate":"https:\/\/www.laguiadepamplona.com\/actualidad\/?s={search_term_string}"},"query-input":{"@type":"PropertyValueSpecification","valueRequired":true,"valueName":"search_term_string"}}],"inLanguage":"es"},{"@type":"Organization","@id":"https:\/\/www.laguiadepamplona.com\/actualidad\/#organization","name":"La Gu\u00eda de Pamplona \/ Noticias","url":"https:\/\/www.laguiadepamplona.com\/actualidad\/","logo":{"@type":"ImageObject","inLanguage":"es","@id":"https:\/\/www.laguiadepamplona.com\/actualidad\/#\/schema\/logo\/image\/","url":"https:\/\/www.laguiadepamplona.com\/actualidad\/wp-content\/uploads\/2018\/11\/logo-laguiadepamplona18-web1.png","contentUrl":"https:\/\/www.laguiadepamplona.com\/actualidad\/wp-content\/uploads\/2018\/11\/logo-laguiadepamplona18-web1.png","width":600,"height":196,"caption":"La Gu\u00eda de Pamplona \/ Noticias"},"image":{"@id":"https:\/\/www.laguiadepamplona.com\/actualidad\/#\/schema\/logo\/image\/"},"sameAs":["https:\/\/www.facebook.com\/laguiadepamplonacom-133175176762273\/?ref=hl","https:\/\/x.com\/LaGuiadPamplona","https:\/\/www.instagram.com\/la_guia_de_pamplona\/","https:\/\/www.youtube.com\/user\/laguiadepamplona"]},{"@type":"Person","@id":"https:\/\/www.laguiadepamplona.com\/actualidad\/#\/schema\/person\/efe887376f0213d4657c93adc50b1fdb","name":"La Gu\u00eda de Pamplona","image":{"@type":"ImageObject","inLanguage":"es","@id":"https:\/\/secure.gravatar.com\/avatar\/b6992f131dc8d30ab0dff15446e9d346d9dbd95992de0fef795073f5ea83a81c?s=96&d=mm&r=g","url":"https:\/\/secure.gravatar.com\/avatar\/b6992f131dc8d30ab0dff15446e9d346d9dbd95992de0fef795073f5ea83a81c?s=96&d=mm&r=g","contentUrl":"https:\/\/secure.gravatar.com\/avatar\/b6992f131dc8d30ab0dff15446e9d346d9dbd95992de0fef795073f5ea83a81c?s=96&d=mm&r=g","caption":"La Gu\u00eda de Pamplona"}}]}},"post_mailing_queue_ids":[],"_links":{"self":[{"href":"https:\/\/www.laguiadepamplona.com\/actualidad\/wp-json\/wp\/v2\/posts\/6240","targetHints":{"allow":["GET"]}}],"collection":[{"href":"https:\/\/www.laguiadepamplona.com\/actualidad\/wp-json\/wp\/v2\/posts"}],"about":[{"href":"https:\/\/www.laguiadepamplona.com\/actualidad\/wp-json\/wp\/v2\/types\/post"}],"author":[{"embeddable":true,"href":"https:\/\/www.laguiadepamplona.com\/actualidad\/wp-json\/wp\/v2\/users\/1"}],"replies":[{"embeddable":true,"href":"https:\/\/www.laguiadepamplona.com\/actualidad\/wp-json\/wp\/v2\/comments?post=6240"}],"version-history":[{"count":0,"href":"https:\/\/www.laguiadepamplona.com\/actualidad\/wp-json\/wp\/v2\/posts\/6240\/revisions"}],"wp:featuredmedia":[{"embeddable":true,"href":"https:\/\/www.laguiadepamplona.com\/actualidad\/wp-json\/"}],"wp:attachment":[{"href":"https:\/\/www.laguiadepamplona.com\/actualidad\/wp-json\/wp\/v2\/media?parent=6240"}],"wp:term":[{"taxonomy":"category","embeddable":true,"href":"https:\/\/www.laguiadepamplona.com\/actualidad\/wp-json\/wp\/v2\/categories?post=6240"},{"taxonomy":"post_tag","embeddable":true,"href":"https:\/\/www.laguiadepamplona.com\/actualidad\/wp-json\/wp\/v2\/tags?post=6240"}],"curies":[{"name":"wp","href":"https:\/\/api.w.org\/{rel}","templated":true}]}}