{"id":6210,"date":"2015-06-10T14:02:47","date_gmt":"2015-06-10T12:02:47","guid":{"rendered":"http:\/\/laguiadepamplona.com\/actualidad\/?p=6210"},"modified":"2015-06-10T14:02:47","modified_gmt":"2015-06-10T12:02:47","slug":"el-sabado-13-de-junio-se-celebra-la-sesion-de-constitucion-del-10o-consistorio-de-pamplona-desde-la-llegada-de-la-democracia-en-la-que-se-elegira-al-nuevo-alcalde","status":"publish","type":"post","link":"https:\/\/www.laguiadepamplona.com\/actualidad\/el-sabado-13-de-junio-se-celebra-la-sesion-de-constitucion-del-10o-consistorio-de-pamplona-desde-la-llegada-de-la-democracia-en-la-que-se-elegira-al-nuevo-alcalde\/","title":{"rendered":"El s\u00e1bado 13 de junio se celebra la sesi\u00f3n de constituci\u00f3n del 10\u00ba Consistorio de Pamplona desde la llegada de la democracia, en la que se elegir\u00e1 al nuevo alcalde"},"content":{"rendered":"<h4>El acto tendr\u00e1 lugar a partir de las 12 horas en la Planta Noble de la Casa Consistorial<\/h4>\n<p><a href=\"http:\/\/laguiadepamplona.com\/actualidad\/wp-content\/uploads\/2014\/06\/Ayto_Pamplona.jpg\"><img loading=\"lazy\" decoding=\"async\" class=\"alignleft size-medium wp-image-2063\" src=\"http:\/\/laguiadepamplona.com\/actualidad\/wp-content\/uploads\/2014\/06\/Ayto_Pamplona-300x225.jpg\" alt=\"Ayto_Pamplona\" width=\"300\" height=\"225\" \/><\/a>Este s\u00e1bado a las 12 horas tendr\u00e1 lugar la sesi\u00f3n de constituci\u00f3n del Ayuntamiento de Pamplona, y la elecci\u00f3n y toma de posesi\u00f3n del edil que ostentar\u00e1 la Alcald\u00eda tras las elecciones del 24 de mayo.<\/p>\n<p>En la Casa Consistorial, adem\u00e1s de los 27 ediles, estar\u00e1n presentes autoridades e invitados (tres por corporativo), que se distribuir\u00e1n entre el Sal\u00f3n de Plenos y el Sal\u00f3n de Recepciones, desde donde podr\u00e1n seguir el acto a trav\u00e9s de una pantalla de televisi\u00f3n.<\/p>\n<p>Est\u00e1 previsto que la duraci\u00f3n del acto sea de unos treinta minutos y los medios acreditados para trasladar la informaci\u00f3n sobre la sesi\u00f3n podr\u00e1n seguir el desarrollo del conjunto del acto desde la Sala de Prensa (segunda planta) que estar\u00e1 equipada tambi\u00e9n con un monitor de gran tama\u00f1o. El p\u00fablico interesado podr\u00e1 seguir la sesi\u00f3n en directo por Internet a trav\u00e9s de a la web municipal <a href=\"http:\/\/www.pamplona.es\/\" target=\"_blank\">www.pamplona.es<\/a> (p\u00e1gina de inicio \u2013un scroll, abajo en la zona central- retransmisiones\/plenos municipales\/retransmisi\u00f3n en directo). Tras el acto, la sesi\u00f3n quedar\u00e1 alojada en la p\u00e1gina web.<\/p>\n<p><strong>Criterios objetivos: orden alfab\u00e9tico y edad<\/strong><\/p>\n<p>Siguiendo una tradici\u00f3n que se remonta al Privilegio de la Uni\u00f3n (1423) la nueva Corporaci\u00f3n se re\u00fane inicialmente en el Sal\u00f3n de Recepciones de la primera planta de la Casa Consistorial desde donde desfila, en fila de a dos, atravesando el pasillo que une esta dependencia con el Sal\u00f3n de Plenos, precedidos por los tres maceros. La ordenaci\u00f3n de la comitiva sigue un criterio alfab\u00e9tico, comenzando por Ana Lezcano, la de la derecha, e I\u00f1aki Cabas\u00e9s, la de la izquierda. Tras salvar el pasillo, los concejales, al toque de timbaleros y clarineros y ante agentes de Polic\u00eda Municipal en traje de gala, acceder\u00e1n al Sal\u00f3n de Plenos donde les esperar\u00e1, en pie, el p\u00fablico de la sesi\u00f3n.<\/p>\n<p>Una vez en el sal\u00f3n, los cabezas de lista de todas las formaciones pol\u00edticas con representaci\u00f3n se sentar\u00e1n juntos a la derecha de la Presidencia, orden\u00e1ndose de mayor a menor n\u00famero de sufragios recibidos, desde el sill\u00f3n m\u00e1s externo hacia el centro de la fila. El resto de los ediles completar\u00e1n los sitiales de la estancia disponi\u00e9ndose en orden alfab\u00e9tico desde la izquierda de la puerta de entrada, en el sentido de las agujas del reloj, hasta el final de la bancada.<\/p>\n<p>La sesi\u00f3n ser\u00e1 ordenada por una Mesa de edad, Presidencia que tiene los tres puestos legalmente prefijados: en el centro se sentar\u00e1 I\u00f1aki Cabas\u00e9s (15\/02\/1952), como concejal de mayor edad; a su derecha se situar\u00e1 Laura Berro Yoldi (10\/08\/1986), la concejala m\u00e1s joven de la actual Corporaci\u00f3n; y a su izquierda el Secretario del Pleno de la Corporaci\u00f3n, Javier Horcada.<\/p>\n<p><strong>Comprobaci\u00f3n de actas y f\u00f3rmula ritual de aceptaci\u00f3n<\/strong><\/p>\n<p>Una vez dispuestos los ediles en la bancada y comprobada la presencia de todos los concejales electos, el primer acto de la sesi\u00f3n consistir\u00e1 en la declaraci\u00f3n de conformidad de las credenciales de los electos por parte del Secretario.<\/p>\n<p>En ese momento I\u00f1aki Cabas\u00e9s, como presidente de la sesi\u00f3n, rogar\u00e1 a los ediles que se pongan en pie, seg\u00fan sean llamados, para jurar o prometer desde su sill\u00f3n el acatamiento de la Constituci\u00f3n. El llamamiento ser\u00e1 \u00fanico y se realizar\u00e1 por orden alfab\u00e9tico. A continuaci\u00f3n, Cabas\u00e9s declarar\u00e1 oficialmente constituido el Ayuntamiento de Pamplona, y los 27 ediles habr\u00e1n tomado posesi\u00f3n de su cargo, constituy\u00e9ndose la d\u00e9cima Corporaci\u00f3n de Pamplona desde la llegada de la democracia.<\/p>\n<p><strong>\u2018Primus inter pares\u2019<\/strong><\/p>\n<p>Constituido el Pleno del Ayuntamiento de Pamplona, los ediles celebrar\u00e1n su primera sesi\u00f3n cuyo contenido \u00fanico es elegir, de entre ellos y mediante votaci\u00f3n \u00fanica, a la persona que ostentar\u00e1 la Alcald\u00eda. El secretario, conforme a la Ley Org\u00e1nica del R\u00e9gimen Electoral General, recordar\u00e1 a los presentes que seg\u00fan las normas, ser\u00e1n candidatos todos aquellos cabeza de las listas que hayan obtenido representaci\u00f3n en el Consistorio tras las elecciones (Enrique Maya, Joseba Asir\u00f3n, Itziar G\u00f3mez, Maite Esporr\u00edn, Ana Lizoain y Edurne Eguino, de UPN, Bildu, Geroa Bai, PSN, Aranzadi e IU, respectivamente).<\/p>\n<p>El procedimiento de votaci\u00f3n establece que ser\u00e1 elegido alcalde aqu\u00e9l que obtenga mayor\u00eda absoluta en la votaci\u00f3n (14 votos) o, si esto no sucediera, ser\u00e1 proclamado autom\u00e1ticamente alcalde quien haya encabezado la lista m\u00e1s votada en las elecciones del pasado mes de mayo. Los ediles tendr\u00e1n a su disposici\u00f3n papeletas en las que escribir el sentido de su voto y los ediles de la Mesa de Edad (Cabas\u00e9s y Berro) ir\u00e1 acercando hasta cada sill\u00f3n una urna, hasta entonces depositada en una mesa en el centro del sal\u00f3n.<\/p>\n<p>La votaci\u00f3n se har\u00e1 tambi\u00e9n en orden alfab\u00e9tico desde el sitial m\u00e1s exterior a la izquierda de la Presidencia en el sentido de las agujas del reloj y, tras los 25 votos de los ediles, votar\u00e1 la Presidencia, primero Berro y luego Cabas\u00e9s; de forma inmediata se escrutar\u00e1n las papeletas depositadas y se leer\u00e1n los resultados obtenidos. En caso de haber mayor\u00eda absoluta tras el recuento de votos, se solicitar\u00e1 del candidato elegido la aceptaci\u00f3n del cargo. Caso de no haberla, dicha pregunta le ser\u00e1 dirigida al edil que encabece la lista m\u00e1s votada en los comicios.<\/p>\n<p><strong>Compromiso con la legalidad y simbolog\u00eda tradicional<\/strong><\/p>\n<p>Una vez aceptado formalmente el cargo ante el Pleno tendr\u00e1 lugar el juramento o promesa de quien vaya a ostentar la Alcald\u00eda. Desde ese momento el elegido habr\u00e1 tomado posesi\u00f3n del cargo. El concejal de mayor edad, que hasta entonces ha presidido la sesi\u00f3n, le entregar\u00e1 al nuevo regidor la vara de mando de la ciudad, el collar de alcalde y la insignia. Desde ese momento el alcalde se situar\u00e1 en la cabecera de la sesi\u00f3n, intercambiando su sitio con Cabas\u00e9s, hasta entonces en la Presidencia.<\/p>\n<p>El nuevo alcalde tomar\u00e1 entonces la palabra desde la Presidencia para dirigirse a la Corporaci\u00f3n. Tras el discurso, a modo de saludo, el nuevo alcalde entregar\u00e1 una insignia a cada uno de los concejales, este a\u00f1o de plata ba\u00f1ada en oro, con el escudo de la ciudad.<\/p>\n<p>Despu\u00e9s de este \u00faltimo acto protocolario el nuevo regidor levantar\u00e1 la sesi\u00f3n y la reci\u00e9n constituida Corporaci\u00f3n, de nuevo al toque de clarineros y timbaleros, saldr\u00e1 en fila de a dos desde el Sal\u00f3n de Plenos hacia el de Recepciones, terminando as\u00ed con el acto formal. Encabezar\u00e1n las filas Joxe Abaurrea, a la derecha, e I\u00f1aki Cabas\u00e9s, a la izquierda y cierra la comitiva el nuevo alcalde.<\/p>\n<p><strong>La distribuci\u00f3n del Pleno<\/strong><\/p>\n<ul>\n<li><strong>UPN: <\/strong>10 concejales<\/li>\n<\/ul>\n<table width=\"430\">\n<tbody>\n<tr>\n<td>Enrique<\/td>\n<td width=\"234\">Maya Miranda<\/td>\n<td width=\"110\">07-04-1959<\/td>\n<\/tr>\n<tr>\n<td>Ana<\/td>\n<td width=\"234\">Elizalde Urmeneta<\/td>\n<td width=\"110\">19-07-1968<\/td>\n<\/tr>\n<tr>\n<td>Mar\u00eda<\/td>\n<td width=\"234\">Caballero Mart\u00ednez<\/td>\n<td width=\"110\">22-06-1963<\/td>\n<\/tr>\n<tr>\n<td>Fernando<\/td>\n<td width=\"234\">Vilanueva Mesa<\/td>\n<td width=\"110\">28-07-1956<\/td>\n<\/tr>\n<tr>\n<td>Juan Jos\u00e9<\/td>\n<td width=\"234\">Echeverr\u00eda<\/td>\n<td width=\"110\">07-10-1959<\/td>\n<\/tr>\n<tr>\n<td>Mar\u00eda<\/td>\n<td width=\"234\">Garc\u00eda Barberena Unzu<\/td>\n<td width=\"110\">03-04-1980<\/td>\n<\/tr>\n<tr>\n<td>Ferm\u00edn<\/td>\n<td width=\"234\">Alonso Ibarra<\/td>\n<td width=\"110\">25-06-1982<\/td>\n<\/tr>\n<tr>\n<td>Ana<\/td>\n<td width=\"234\">Lezcano Galar<\/td>\n<td width=\"110\">20-09-1952<\/td>\n<\/tr>\n<tr>\n<td>Rom\u00e1n<\/td>\n<td width=\"234\">Luzan Suescun<\/td>\n<td width=\"110\">01-03-1964<\/td>\n<\/tr>\n<tr>\n<td>Gabriel<\/td>\n<td width=\"234\">Viedma Moreno<\/td>\n<td width=\"110\">02-05-1964<\/td>\n<\/tr>\n<\/tbody>\n<\/table>\n<p><strong>\u00a0<\/strong><\/p>\n<ul>\n<li><strong>Bildu: <\/strong>5 concejales<\/li>\n<\/ul>\n<table>\n<tbody>\n<tr>\n<td width=\"124\">Joseba<\/td>\n<td width=\"198\">Asir\u00f3n S\u00e1ez<\/td>\n<td width=\"110\">14-04-1962<\/td>\n<\/tr>\n<tr>\n<td width=\"124\">Patricia<\/td>\n<td width=\"198\">Perales Hurtado<\/td>\n<td width=\"110\">23-05-1975<\/td>\n<\/tr>\n<tr>\n<td width=\"124\">Aritz<\/td>\n<td width=\"198\">Romeo Ruiz<\/td>\n<td width=\"110\">05-07-1982<\/td>\n<\/tr>\n<tr>\n<td width=\"124\">Joxe<\/td>\n<td width=\"198\">Abaurrea San Juan<\/td>\n<td width=\"110\">14-02-1965<\/td>\n<\/tr>\n<tr>\n<td width=\"124\">Maider<\/td>\n<td width=\"198\">Beloki Unzu<\/td>\n<td width=\"110\">24-07-1978<\/td>\n<\/tr>\n<\/tbody>\n<\/table>\n<p>&nbsp;<\/p>\n<ul>\n<li><strong>Geroa Bai:<\/strong> 5 concejales<\/li>\n<\/ul>\n<table width=\"433\">\n<tbody>\n<tr>\n<td width=\"124\">Itziar<\/td>\n<td width=\"199\">G\u00f3mez L\u00f3pez<\/td>\n<td width=\"110\">29-01-1965<\/td>\n<\/tr>\n<tr>\n<td width=\"124\">Esther<\/td>\n<td width=\"199\">Cremaes Mayorga<\/td>\n<td width=\"110\">19-06-1959<\/td>\n<\/tr>\n<tr>\n<td width=\"124\">Javier<\/td>\n<td width=\"199\">Leoz Sanz<\/td>\n<td width=\"110\">30-01-1965<\/td>\n<\/tr>\n<tr>\n<td width=\"124\">I\u00f1aki<\/td>\n<td width=\"199\">Cabas\u00e9s Hita<\/td>\n<td width=\"110\">15-02-1952<\/td>\n<\/tr>\n<tr>\n<td width=\"124\">Mikel<\/td>\n<td width=\"199\">Armend\u00e1riz Barnechea<\/td>\n<td width=\"110\">09-07-1969<\/td>\n<\/tr>\n<\/tbody>\n<\/table>\n<p><strong>\u00a0<\/strong><\/p>\n<ul>\n<li><strong>PSN: <\/strong>3 concejales<\/li>\n<\/ul>\n<table>\n<tbody>\n<tr>\n<td width=\"124\">Maite<\/td>\n<td width=\"198\">Esporr\u00edn Las Heras<\/td>\n<td width=\"110\">12-04-1959<\/td>\n<\/tr>\n<tr>\n<td width=\"124\">Eduardo<\/td>\n<td width=\"198\">Vall Vi\u00f1uela<\/td>\n<td width=\"110\">19-04-1962<\/td>\n<\/tr>\n<tr>\n<td width=\"124\">Patricia<\/td>\n<td width=\"198\">Fanlo Mateo<\/td>\n<td width=\"110\">24-05-1978<\/td>\n<\/tr>\n<\/tbody>\n<\/table>\n<p><strong>\u00a0<\/strong><\/p>\n<p>&nbsp;<\/p>\n<ul>\n<li><strong>Aranzadi:<\/strong> 3 concejales<\/li>\n<\/ul>\n<table width=\"430\">\n<tbody>\n<tr>\n<td>Ana<\/td>\n<td width=\"225\">Lizoain Rodr\u00edguez<\/td>\n<td width=\"110\">09-04-1968<\/td>\n<\/tr>\n<tr>\n<td>Armando<\/td>\n<td width=\"225\">Cuenca Pina<\/td>\n<td width=\"110\">27-04-1979<\/td>\n<\/tr>\n<tr>\n<td>Laura<\/td>\n<td width=\"225\">Berro Yoldi<\/td>\n<td width=\"110\">10-08-1986<\/td>\n<\/tr>\n<\/tbody>\n<\/table>\n<p>&nbsp;<\/p>\n<ul>\n<li><strong>IU: <\/strong>1 concejala<\/li>\n<\/ul>\n<table>\n<tbody>\n<tr>\n<td width=\"124\">Edurne<\/td>\n<td width=\"199\">Eguino Sasi\u00e1in<\/td>\n<td width=\"110\">05-08-1959<\/td>\n<\/tr>\n<\/tbody>\n<\/table>\n<p>&nbsp;<\/p>\n<p>Los s\u00edmbolos del poder municipal<\/p>\n<ul>\n<li><strong>Un ceremonial de casi cuatro siglos:<\/strong> \u2018El Libro de Ceremonial y Funciones\u2019, de 1738, que se conserva en el Archivo Municipal, recog\u00eda c\u00f3mo durante la toma de posesi\u00f3n del alcalde en la Casa del Ayuntamiento, al primer regidor se le colocaba la venera o medalla de la ciudad al cuello. Asimismo, se le entregaba el sello de plata (que todav\u00eda se conserva) con las Armas de la Ciudad.<\/li>\n<li><strong>La medalla del alcalde:<\/strong> como la del resto de corporativos tiene por un lado el le\u00f3n que identifica a la ciudad de Pamplona desde el Privilegio de la Uni\u00f3n de Carlos III el Noble y por el otro, la representaci\u00f3n de las cinco llagas de \u201cNuestro Se\u00f1or Jesucristo\u201d, motivo iconogr\u00e1fico cuyo origen arranca en la epidemia de peste que padeci\u00f3 Pamplona entre los meses de marzo y noviembre de 1599. Entonces fue cuando se formularon votos a San Ferm\u00edn, San Sebasti\u00e1n y San Roque y se inici\u00f3 la celebraci\u00f3n del de las Cinco Llagas.<\/li>\n<li><strong>Cambio en la ubicaci\u00f3n del acto:<\/strong> como consta en el libro arriba citado, el alcalde en su toma de posesi\u00f3n hab\u00eda prestado juramento y recibido la \u2018Vara de autoridad\u2019 (simbolismo que se sigue reproduciendo con la \u2018Vara de mando de la ciudad\u2019), pero el acto ten\u00eda lugar en el Tribunal de la C\u00e1mara de Comptos.<\/li>\n<\/ul>\n<p>&nbsp;<\/p>\n","protected":false},"excerpt":{"rendered":"<p>El acto tendr\u00e1 lugar a partir de las 12 horas en la Planta Noble de la Casa Consistorial Este s\u00e1bado a las 12 horas tendr\u00e1 lugar la sesi\u00f3n de constituci\u00f3n&#8230;<\/p>\n","protected":false},"author":1,"featured_media":2063,"comment_status":"closed","ping_status":"closed","sticky":false,"template":"","format":"standard","meta":{"footnotes":""},"categories":[2],"tags":[5573,5,6,509,3888,8,9,5574,5575],"class_list":["post-6210","post","type-post","status-publish","format-standard","has-post-thumbnail","hentry","category-ayuntamiento-pamplona","tag-10o-consistorio-de-pamplona","tag-actualidad","tag-ayto-pamplona","tag-ayuntamiento-de-pamplona","tag-constitucion","tag-noticias","tag-pamplona","tag-sabado-13-junio","tag-sesion"],"yoast_head":"<!-- This site is optimized with the Yoast SEO plugin v27.3 - https:\/\/yoast.com\/product\/yoast-seo-wordpress\/ -->\n<title>El s\u00e1bado 13 de junio se celebra la sesi\u00f3n de constituci\u00f3n del 10\u00ba Consistorio de Pamplona desde la llegada de la democracia, en la que se elegir\u00e1 al nuevo alcalde<\/title>\n<meta name=\"robots\" content=\"index, follow, max-snippet:-1, max-image-preview:large, max-video-preview:-1\" \/>\n<link rel=\"canonical\" href=\"https:\/\/www.laguiadepamplona.com\/actualidad\/el-sabado-13-de-junio-se-celebra-la-sesion-de-constitucion-del-10o-consistorio-de-pamplona-desde-la-llegada-de-la-democracia-en-la-que-se-elegira-al-nuevo-alcalde\/\" \/>\n<meta property=\"og:locale\" content=\"es_ES\" \/>\n<meta property=\"og:type\" content=\"article\" \/>\n<meta property=\"og:title\" content=\"El s\u00e1bado 13 de junio se celebra la sesi\u00f3n de constituci\u00f3n del 10\u00ba Consistorio de Pamplona desde la llegada de la democracia, en la que se elegir\u00e1 al nuevo alcalde\" \/>\n<meta property=\"og:description\" content=\"El acto tendr\u00e1 lugar a partir de las 12 horas en la Planta Noble de la Casa Consistorial Este s\u00e1bado a las 12 horas tendr\u00e1 lugar la sesi\u00f3n de constituci\u00f3n...\" \/>\n<meta property=\"og:url\" content=\"https:\/\/www.laguiadepamplona.com\/actualidad\/el-sabado-13-de-junio-se-celebra-la-sesion-de-constitucion-del-10o-consistorio-de-pamplona-desde-la-llegada-de-la-democracia-en-la-que-se-elegira-al-nuevo-alcalde\/\" \/>\n<meta property=\"og:site_name\" content=\"La Gu\u00eda de Pamplona\" \/>\n<meta property=\"article:publisher\" content=\"https:\/\/www.facebook.com\/laguiadepamplonacom-133175176762273\/?ref=hl\" \/>\n<meta property=\"article:published_time\" content=\"2015-06-10T12:02:47+00:00\" \/>\n<meta name=\"author\" content=\"La Gu\u00eda de Pamplona\" \/>\n<meta name=\"twitter:card\" content=\"summary_large_image\" \/>\n<meta name=\"twitter:creator\" content=\"@LaGuiadPamplona\" \/>\n<meta name=\"twitter:site\" content=\"@LaGuiadPamplona\" \/>\n<meta name=\"twitter:label1\" content=\"Escrito por\" \/>\n\t<meta name=\"twitter:data1\" content=\"La Gu\u00eda de Pamplona\" \/>\n\t<meta name=\"twitter:label2\" content=\"Tiempo de lectura\" \/>\n\t<meta name=\"twitter:data2\" content=\"8 minutos\" \/>\n<script type=\"application\/ld+json\" class=\"yoast-schema-graph\">{\"@context\":\"https:\\\/\\\/schema.org\",\"@graph\":[{\"@type\":\"Article\",\"@id\":\"https:\\\/\\\/www.laguiadepamplona.com\\\/actualidad\\\/el-sabado-13-de-junio-se-celebra-la-sesion-de-constitucion-del-10o-consistorio-de-pamplona-desde-la-llegada-de-la-democracia-en-la-que-se-elegira-al-nuevo-alcalde\\\/#article\",\"isPartOf\":{\"@id\":\"https:\\\/\\\/www.laguiadepamplona.com\\\/actualidad\\\/el-sabado-13-de-junio-se-celebra-la-sesion-de-constitucion-del-10o-consistorio-de-pamplona-desde-la-llegada-de-la-democracia-en-la-que-se-elegira-al-nuevo-alcalde\\\/\"},\"author\":{\"name\":\"La Gu\u00eda de Pamplona\",\"@id\":\"https:\\\/\\\/www.laguiadepamplona.com\\\/actualidad\\\/#\\\/schema\\\/person\\\/efe887376f0213d4657c93adc50b1fdb\"},\"headline\":\"El s\u00e1bado 13 de junio se celebra la sesi\u00f3n de constituci\u00f3n del 10\u00ba Consistorio de Pamplona desde la llegada de la democracia, en la que se elegir\u00e1 al nuevo alcalde\",\"datePublished\":\"2015-06-10T12:02:47+00:00\",\"mainEntityOfPage\":{\"@id\":\"https:\\\/\\\/www.laguiadepamplona.com\\\/actualidad\\\/el-sabado-13-de-junio-se-celebra-la-sesion-de-constitucion-del-10o-consistorio-de-pamplona-desde-la-llegada-de-la-democracia-en-la-que-se-elegira-al-nuevo-alcalde\\\/\"},\"wordCount\":1635,\"publisher\":{\"@id\":\"https:\\\/\\\/www.laguiadepamplona.com\\\/actualidad\\\/#organization\"},\"image\":{\"@id\":\"https:\\\/\\\/www.laguiadepamplona.com\\\/actualidad\\\/el-sabado-13-de-junio-se-celebra-la-sesion-de-constitucion-del-10o-consistorio-de-pamplona-desde-la-llegada-de-la-democracia-en-la-que-se-elegira-al-nuevo-alcalde\\\/#primaryimage\"},\"thumbnailUrl\":\"\",\"keywords\":[\"10\u00ba consistorio de Pamplona\",\"actualidad\",\"ayto pamplona\",\"Ayuntamiento de Pamplona\",\"constituci\u00f3n\",\"noticias\",\"pamplona\",\"s\u00e1bado 13 junio\",\"sesi\u00f3n\"],\"articleSection\":[\"Ayto Pamplona\"],\"inLanguage\":\"es\"},{\"@type\":\"WebPage\",\"@id\":\"https:\\\/\\\/www.laguiadepamplona.com\\\/actualidad\\\/el-sabado-13-de-junio-se-celebra-la-sesion-de-constitucion-del-10o-consistorio-de-pamplona-desde-la-llegada-de-la-democracia-en-la-que-se-elegira-al-nuevo-alcalde\\\/\",\"url\":\"https:\\\/\\\/www.laguiadepamplona.com\\\/actualidad\\\/el-sabado-13-de-junio-se-celebra-la-sesion-de-constitucion-del-10o-consistorio-de-pamplona-desde-la-llegada-de-la-democracia-en-la-que-se-elegira-al-nuevo-alcalde\\\/\",\"name\":\"El s\u00e1bado 13 de junio se celebra la sesi\u00f3n de constituci\u00f3n del 10\u00ba Consistorio de Pamplona desde la llegada de la democracia, en la que se elegir\u00e1 al nuevo alcalde\",\"isPartOf\":{\"@id\":\"https:\\\/\\\/www.laguiadepamplona.com\\\/actualidad\\\/#website\"},\"primaryImageOfPage\":{\"@id\":\"https:\\\/\\\/www.laguiadepamplona.com\\\/actualidad\\\/el-sabado-13-de-junio-se-celebra-la-sesion-de-constitucion-del-10o-consistorio-de-pamplona-desde-la-llegada-de-la-democracia-en-la-que-se-elegira-al-nuevo-alcalde\\\/#primaryimage\"},\"image\":{\"@id\":\"https:\\\/\\\/www.laguiadepamplona.com\\\/actualidad\\\/el-sabado-13-de-junio-se-celebra-la-sesion-de-constitucion-del-10o-consistorio-de-pamplona-desde-la-llegada-de-la-democracia-en-la-que-se-elegira-al-nuevo-alcalde\\\/#primaryimage\"},\"thumbnailUrl\":\"\",\"datePublished\":\"2015-06-10T12:02:47+00:00\",\"breadcrumb\":{\"@id\":\"https:\\\/\\\/www.laguiadepamplona.com\\\/actualidad\\\/el-sabado-13-de-junio-se-celebra-la-sesion-de-constitucion-del-10o-consistorio-de-pamplona-desde-la-llegada-de-la-democracia-en-la-que-se-elegira-al-nuevo-alcalde\\\/#breadcrumb\"},\"inLanguage\":\"es\",\"potentialAction\":[{\"@type\":\"ReadAction\",\"target\":[\"https:\\\/\\\/www.laguiadepamplona.com\\\/actualidad\\\/el-sabado-13-de-junio-se-celebra-la-sesion-de-constitucion-del-10o-consistorio-de-pamplona-desde-la-llegada-de-la-democracia-en-la-que-se-elegira-al-nuevo-alcalde\\\/\"]}]},{\"@type\":\"ImageObject\",\"inLanguage\":\"es\",\"@id\":\"https:\\\/\\\/www.laguiadepamplona.com\\\/actualidad\\\/el-sabado-13-de-junio-se-celebra-la-sesion-de-constitucion-del-10o-consistorio-de-pamplona-desde-la-llegada-de-la-democracia-en-la-que-se-elegira-al-nuevo-alcalde\\\/#primaryimage\",\"url\":\"\",\"contentUrl\":\"\"},{\"@type\":\"BreadcrumbList\",\"@id\":\"https:\\\/\\\/www.laguiadepamplona.com\\\/actualidad\\\/el-sabado-13-de-junio-se-celebra-la-sesion-de-constitucion-del-10o-consistorio-de-pamplona-desde-la-llegada-de-la-democracia-en-la-que-se-elegira-al-nuevo-alcalde\\\/#breadcrumb\",\"itemListElement\":[{\"@type\":\"ListItem\",\"position\":1,\"name\":\"Portada\",\"item\":\"https:\\\/\\\/www.laguiadepamplona.com\\\/actualidad\\\/\"},{\"@type\":\"ListItem\",\"position\":2,\"name\":\"El s\u00e1bado 13 de junio se celebra la sesi\u00f3n de constituci\u00f3n del 10\u00ba Consistorio de Pamplona desde la llegada de la democracia, en la que se elegir\u00e1 al nuevo alcalde\"}]},{\"@type\":\"WebSite\",\"@id\":\"https:\\\/\\\/www.laguiadepamplona.com\\\/actualidad\\\/#website\",\"url\":\"https:\\\/\\\/www.laguiadepamplona.com\\\/actualidad\\\/\",\"name\":\"La gu\u00eda de Pamplona\",\"description\":\"Noticias de Pamplona\",\"publisher\":{\"@id\":\"https:\\\/\\\/www.laguiadepamplona.com\\\/actualidad\\\/#organization\"},\"potentialAction\":[{\"@type\":\"SearchAction\",\"target\":{\"@type\":\"EntryPoint\",\"urlTemplate\":\"https:\\\/\\\/www.laguiadepamplona.com\\\/actualidad\\\/?s={search_term_string}\"},\"query-input\":{\"@type\":\"PropertyValueSpecification\",\"valueRequired\":true,\"valueName\":\"search_term_string\"}}],\"inLanguage\":\"es\"},{\"@type\":\"Organization\",\"@id\":\"https:\\\/\\\/www.laguiadepamplona.com\\\/actualidad\\\/#organization\",\"name\":\"La Gu\u00eda de Pamplona \\\/ Noticias\",\"url\":\"https:\\\/\\\/www.laguiadepamplona.com\\\/actualidad\\\/\",\"logo\":{\"@type\":\"ImageObject\",\"inLanguage\":\"es\",\"@id\":\"https:\\\/\\\/www.laguiadepamplona.com\\\/actualidad\\\/#\\\/schema\\\/logo\\\/image\\\/\",\"url\":\"https:\\\/\\\/www.laguiadepamplona.com\\\/actualidad\\\/wp-content\\\/uploads\\\/2018\\\/11\\\/logo-laguiadepamplona18-web1.png\",\"contentUrl\":\"https:\\\/\\\/www.laguiadepamplona.com\\\/actualidad\\\/wp-content\\\/uploads\\\/2018\\\/11\\\/logo-laguiadepamplona18-web1.png\",\"width\":600,\"height\":196,\"caption\":\"La Gu\u00eda de Pamplona \\\/ Noticias\"},\"image\":{\"@id\":\"https:\\\/\\\/www.laguiadepamplona.com\\\/actualidad\\\/#\\\/schema\\\/logo\\\/image\\\/\"},\"sameAs\":[\"https:\\\/\\\/www.facebook.com\\\/laguiadepamplonacom-133175176762273\\\/?ref=hl\",\"https:\\\/\\\/x.com\\\/LaGuiadPamplona\",\"https:\\\/\\\/www.instagram.com\\\/la_guia_de_pamplona\\\/\",\"https:\\\/\\\/www.youtube.com\\\/user\\\/laguiadepamplona\"]},{\"@type\":\"Person\",\"@id\":\"https:\\\/\\\/www.laguiadepamplona.com\\\/actualidad\\\/#\\\/schema\\\/person\\\/efe887376f0213d4657c93adc50b1fdb\",\"name\":\"La Gu\u00eda de Pamplona\",\"image\":{\"@type\":\"ImageObject\",\"inLanguage\":\"es\",\"@id\":\"https:\\\/\\\/secure.gravatar.com\\\/avatar\\\/b6992f131dc8d30ab0dff15446e9d346d9dbd95992de0fef795073f5ea83a81c?s=96&d=mm&r=g\",\"url\":\"https:\\\/\\\/secure.gravatar.com\\\/avatar\\\/b6992f131dc8d30ab0dff15446e9d346d9dbd95992de0fef795073f5ea83a81c?s=96&d=mm&r=g\",\"contentUrl\":\"https:\\\/\\\/secure.gravatar.com\\\/avatar\\\/b6992f131dc8d30ab0dff15446e9d346d9dbd95992de0fef795073f5ea83a81c?s=96&d=mm&r=g\",\"caption\":\"La Gu\u00eda de Pamplona\"}}]}<\/script>\n<!-- \/ Yoast SEO plugin. -->","yoast_head_json":{"title":"El s\u00e1bado 13 de junio se celebra la sesi\u00f3n de constituci\u00f3n del 10\u00ba Consistorio de Pamplona desde la llegada de la democracia, en la que se elegir\u00e1 al nuevo alcalde","robots":{"index":"index","follow":"follow","max-snippet":"max-snippet:-1","max-image-preview":"max-image-preview:large","max-video-preview":"max-video-preview:-1"},"canonical":"https:\/\/www.laguiadepamplona.com\/actualidad\/el-sabado-13-de-junio-se-celebra-la-sesion-de-constitucion-del-10o-consistorio-de-pamplona-desde-la-llegada-de-la-democracia-en-la-que-se-elegira-al-nuevo-alcalde\/","og_locale":"es_ES","og_type":"article","og_title":"El s\u00e1bado 13 de junio se celebra la sesi\u00f3n de constituci\u00f3n del 10\u00ba Consistorio de Pamplona desde la llegada de la democracia, en la que se elegir\u00e1 al nuevo alcalde","og_description":"El acto tendr\u00e1 lugar a partir de las 12 horas en la Planta Noble de la Casa Consistorial Este s\u00e1bado a las 12 horas tendr\u00e1 lugar la sesi\u00f3n de constituci\u00f3n...","og_url":"https:\/\/www.laguiadepamplona.com\/actualidad\/el-sabado-13-de-junio-se-celebra-la-sesion-de-constitucion-del-10o-consistorio-de-pamplona-desde-la-llegada-de-la-democracia-en-la-que-se-elegira-al-nuevo-alcalde\/","og_site_name":"La Gu\u00eda de Pamplona","article_publisher":"https:\/\/www.facebook.com\/laguiadepamplonacom-133175176762273\/?ref=hl","article_published_time":"2015-06-10T12:02:47+00:00","author":"La Gu\u00eda de Pamplona","twitter_card":"summary_large_image","twitter_creator":"@LaGuiadPamplona","twitter_site":"@LaGuiadPamplona","twitter_misc":{"Escrito por":"La Gu\u00eda de Pamplona","Tiempo de lectura":"8 minutos"},"schema":{"@context":"https:\/\/schema.org","@graph":[{"@type":"Article","@id":"https:\/\/www.laguiadepamplona.com\/actualidad\/el-sabado-13-de-junio-se-celebra-la-sesion-de-constitucion-del-10o-consistorio-de-pamplona-desde-la-llegada-de-la-democracia-en-la-que-se-elegira-al-nuevo-alcalde\/#article","isPartOf":{"@id":"https:\/\/www.laguiadepamplona.com\/actualidad\/el-sabado-13-de-junio-se-celebra-la-sesion-de-constitucion-del-10o-consistorio-de-pamplona-desde-la-llegada-de-la-democracia-en-la-que-se-elegira-al-nuevo-alcalde\/"},"author":{"name":"La Gu\u00eda de Pamplona","@id":"https:\/\/www.laguiadepamplona.com\/actualidad\/#\/schema\/person\/efe887376f0213d4657c93adc50b1fdb"},"headline":"El s\u00e1bado 13 de junio se celebra la sesi\u00f3n de constituci\u00f3n del 10\u00ba Consistorio de Pamplona desde la llegada de la democracia, en la que se elegir\u00e1 al nuevo alcalde","datePublished":"2015-06-10T12:02:47+00:00","mainEntityOfPage":{"@id":"https:\/\/www.laguiadepamplona.com\/actualidad\/el-sabado-13-de-junio-se-celebra-la-sesion-de-constitucion-del-10o-consistorio-de-pamplona-desde-la-llegada-de-la-democracia-en-la-que-se-elegira-al-nuevo-alcalde\/"},"wordCount":1635,"publisher":{"@id":"https:\/\/www.laguiadepamplona.com\/actualidad\/#organization"},"image":{"@id":"https:\/\/www.laguiadepamplona.com\/actualidad\/el-sabado-13-de-junio-se-celebra-la-sesion-de-constitucion-del-10o-consistorio-de-pamplona-desde-la-llegada-de-la-democracia-en-la-que-se-elegira-al-nuevo-alcalde\/#primaryimage"},"thumbnailUrl":"","keywords":["10\u00ba consistorio de Pamplona","actualidad","ayto pamplona","Ayuntamiento de Pamplona","constituci\u00f3n","noticias","pamplona","s\u00e1bado 13 junio","sesi\u00f3n"],"articleSection":["Ayto Pamplona"],"inLanguage":"es"},{"@type":"WebPage","@id":"https:\/\/www.laguiadepamplona.com\/actualidad\/el-sabado-13-de-junio-se-celebra-la-sesion-de-constitucion-del-10o-consistorio-de-pamplona-desde-la-llegada-de-la-democracia-en-la-que-se-elegira-al-nuevo-alcalde\/","url":"https:\/\/www.laguiadepamplona.com\/actualidad\/el-sabado-13-de-junio-se-celebra-la-sesion-de-constitucion-del-10o-consistorio-de-pamplona-desde-la-llegada-de-la-democracia-en-la-que-se-elegira-al-nuevo-alcalde\/","name":"El s\u00e1bado 13 de junio se celebra la sesi\u00f3n de constituci\u00f3n del 10\u00ba Consistorio de Pamplona desde la llegada de la democracia, en la que se elegir\u00e1 al nuevo alcalde","isPartOf":{"@id":"https:\/\/www.laguiadepamplona.com\/actualidad\/#website"},"primaryImageOfPage":{"@id":"https:\/\/www.laguiadepamplona.com\/actualidad\/el-sabado-13-de-junio-se-celebra-la-sesion-de-constitucion-del-10o-consistorio-de-pamplona-desde-la-llegada-de-la-democracia-en-la-que-se-elegira-al-nuevo-alcalde\/#primaryimage"},"image":{"@id":"https:\/\/www.laguiadepamplona.com\/actualidad\/el-sabado-13-de-junio-se-celebra-la-sesion-de-constitucion-del-10o-consistorio-de-pamplona-desde-la-llegada-de-la-democracia-en-la-que-se-elegira-al-nuevo-alcalde\/#primaryimage"},"thumbnailUrl":"","datePublished":"2015-06-10T12:02:47+00:00","breadcrumb":{"@id":"https:\/\/www.laguiadepamplona.com\/actualidad\/el-sabado-13-de-junio-se-celebra-la-sesion-de-constitucion-del-10o-consistorio-de-pamplona-desde-la-llegada-de-la-democracia-en-la-que-se-elegira-al-nuevo-alcalde\/#breadcrumb"},"inLanguage":"es","potentialAction":[{"@type":"ReadAction","target":["https:\/\/www.laguiadepamplona.com\/actualidad\/el-sabado-13-de-junio-se-celebra-la-sesion-de-constitucion-del-10o-consistorio-de-pamplona-desde-la-llegada-de-la-democracia-en-la-que-se-elegira-al-nuevo-alcalde\/"]}]},{"@type":"ImageObject","inLanguage":"es","@id":"https:\/\/www.laguiadepamplona.com\/actualidad\/el-sabado-13-de-junio-se-celebra-la-sesion-de-constitucion-del-10o-consistorio-de-pamplona-desde-la-llegada-de-la-democracia-en-la-que-se-elegira-al-nuevo-alcalde\/#primaryimage","url":"","contentUrl":""},{"@type":"BreadcrumbList","@id":"https:\/\/www.laguiadepamplona.com\/actualidad\/el-sabado-13-de-junio-se-celebra-la-sesion-de-constitucion-del-10o-consistorio-de-pamplona-desde-la-llegada-de-la-democracia-en-la-que-se-elegira-al-nuevo-alcalde\/#breadcrumb","itemListElement":[{"@type":"ListItem","position":1,"name":"Portada","item":"https:\/\/www.laguiadepamplona.com\/actualidad\/"},{"@type":"ListItem","position":2,"name":"El s\u00e1bado 13 de junio se celebra la sesi\u00f3n de constituci\u00f3n del 10\u00ba Consistorio de Pamplona desde la llegada de la democracia, en la que se elegir\u00e1 al nuevo alcalde"}]},{"@type":"WebSite","@id":"https:\/\/www.laguiadepamplona.com\/actualidad\/#website","url":"https:\/\/www.laguiadepamplona.com\/actualidad\/","name":"La gu\u00eda de Pamplona","description":"Noticias de Pamplona","publisher":{"@id":"https:\/\/www.laguiadepamplona.com\/actualidad\/#organization"},"potentialAction":[{"@type":"SearchAction","target":{"@type":"EntryPoint","urlTemplate":"https:\/\/www.laguiadepamplona.com\/actualidad\/?s={search_term_string}"},"query-input":{"@type":"PropertyValueSpecification","valueRequired":true,"valueName":"search_term_string"}}],"inLanguage":"es"},{"@type":"Organization","@id":"https:\/\/www.laguiadepamplona.com\/actualidad\/#organization","name":"La Gu\u00eda de Pamplona \/ Noticias","url":"https:\/\/www.laguiadepamplona.com\/actualidad\/","logo":{"@type":"ImageObject","inLanguage":"es","@id":"https:\/\/www.laguiadepamplona.com\/actualidad\/#\/schema\/logo\/image\/","url":"https:\/\/www.laguiadepamplona.com\/actualidad\/wp-content\/uploads\/2018\/11\/logo-laguiadepamplona18-web1.png","contentUrl":"https:\/\/www.laguiadepamplona.com\/actualidad\/wp-content\/uploads\/2018\/11\/logo-laguiadepamplona18-web1.png","width":600,"height":196,"caption":"La Gu\u00eda de Pamplona \/ Noticias"},"image":{"@id":"https:\/\/www.laguiadepamplona.com\/actualidad\/#\/schema\/logo\/image\/"},"sameAs":["https:\/\/www.facebook.com\/laguiadepamplonacom-133175176762273\/?ref=hl","https:\/\/x.com\/LaGuiadPamplona","https:\/\/www.instagram.com\/la_guia_de_pamplona\/","https:\/\/www.youtube.com\/user\/laguiadepamplona"]},{"@type":"Person","@id":"https:\/\/www.laguiadepamplona.com\/actualidad\/#\/schema\/person\/efe887376f0213d4657c93adc50b1fdb","name":"La Gu\u00eda de Pamplona","image":{"@type":"ImageObject","inLanguage":"es","@id":"https:\/\/secure.gravatar.com\/avatar\/b6992f131dc8d30ab0dff15446e9d346d9dbd95992de0fef795073f5ea83a81c?s=96&d=mm&r=g","url":"https:\/\/secure.gravatar.com\/avatar\/b6992f131dc8d30ab0dff15446e9d346d9dbd95992de0fef795073f5ea83a81c?s=96&d=mm&r=g","contentUrl":"https:\/\/secure.gravatar.com\/avatar\/b6992f131dc8d30ab0dff15446e9d346d9dbd95992de0fef795073f5ea83a81c?s=96&d=mm&r=g","caption":"La Gu\u00eda de Pamplona"}}]}},"post_mailing_queue_ids":[],"_links":{"self":[{"href":"https:\/\/www.laguiadepamplona.com\/actualidad\/wp-json\/wp\/v2\/posts\/6210","targetHints":{"allow":["GET"]}}],"collection":[{"href":"https:\/\/www.laguiadepamplona.com\/actualidad\/wp-json\/wp\/v2\/posts"}],"about":[{"href":"https:\/\/www.laguiadepamplona.com\/actualidad\/wp-json\/wp\/v2\/types\/post"}],"author":[{"embeddable":true,"href":"https:\/\/www.laguiadepamplona.com\/actualidad\/wp-json\/wp\/v2\/users\/1"}],"replies":[{"embeddable":true,"href":"https:\/\/www.laguiadepamplona.com\/actualidad\/wp-json\/wp\/v2\/comments?post=6210"}],"version-history":[{"count":0,"href":"https:\/\/www.laguiadepamplona.com\/actualidad\/wp-json\/wp\/v2\/posts\/6210\/revisions"}],"wp:featuredmedia":[{"embeddable":true,"href":"https:\/\/www.laguiadepamplona.com\/actualidad\/wp-json\/"}],"wp:attachment":[{"href":"https:\/\/www.laguiadepamplona.com\/actualidad\/wp-json\/wp\/v2\/media?parent=6210"}],"wp:term":[{"taxonomy":"category","embeddable":true,"href":"https:\/\/www.laguiadepamplona.com\/actualidad\/wp-json\/wp\/v2\/categories?post=6210"},{"taxonomy":"post_tag","embeddable":true,"href":"https:\/\/www.laguiadepamplona.com\/actualidad\/wp-json\/wp\/v2\/tags?post=6210"}],"curies":[{"name":"wp","href":"https:\/\/api.w.org\/{rel}","templated":true}]}}