{"id":619,"date":"2014-02-27T12:48:50","date_gmt":"2014-02-27T11:48:50","guid":{"rendered":"http:\/\/laguiadepamplona.es\/noticias\/?p=619"},"modified":"2014-02-27T12:48:50","modified_gmt":"2014-02-27T11:48:50","slug":"el-alcalde-de-pamplona-recibe-a-los-participantes-en-el-x-congreso-internacional-de-oncologia-para-estudiantes-de-medicina-farmacia-y-ciencias","status":"publish","type":"post","link":"https:\/\/www.laguiadepamplona.com\/actualidad\/el-alcalde-de-pamplona-recibe-a-los-participantes-en-el-x-congreso-internacional-de-oncologia-para-estudiantes-de-medicina-farmacia-y-ciencias\/","title":{"rendered":"El alcalde de Pamplona recibe a los participantes en el X Congreso internacional de oncolog\u00eda para estudiantes de Medicina, Farmacia y Ciencias"},"content":{"rendered":"<h6>El congreso, organizado por alumnos de la Universidad de Navarra, se desarrolla del 27 de febrero al 1 de marzo<\/h6>\n<p><a href=\"http:\/\/laguiadepamplona.es\/noticias\/wp-content\/uploads\/2014\/02\/recepcion_congreso_oncologia_estudiantes.jpg\"><img loading=\"lazy\" decoding=\"async\" class=\"alignleft size-medium wp-image-620\" alt=\"recepcion_congreso_oncologia_estudiantes\" src=\"http:\/\/laguiadepamplona.es\/noticias\/wp-content\/uploads\/2014\/02\/recepcion_congreso_oncologia_estudiantes-300x200.jpg\" width=\"300\" height=\"200\" \/><\/a>El alcalde de Pamplona, Enrique Maya, ha recibido esta ma\u00f1ana en la Casa Consistorial a los participantes en el X Congreso internacional de oncolog\u00eda para estudiantes de Medicina, Enfermer\u00eda, Farmacia y Ciencias. Este congreso, organizado por alumnos de la Universidad de Navarra, se est\u00e1 celebrando en Pamplona los d\u00edas 27 y 28 de febrero y 1 de marzo bajo el t\u00edtulo &#8216;C\u00e1ncer: prevent today, defeat together&#8217;.<\/p>\n<p>En la recepci\u00f3n han estado presentes unos 40 alumnos. Adem\u00e1s del alcalde, en el acto han participado el director del Departamento de Oncolog\u00eda M\u00e9dica de la Cl\u00ednica Universidad de Navarra, Salvador Mart\u00edn Algarra, y la estudiante de 6\u00ba curso de Medicina de la Universidad de Navarra y presidenta del Comit\u00e9 Organizador del congreso Gianna Vargas Centanaro.<\/p>\n<p>El congreso cuenta con el reconocimiento de Inter\u00e9s Sanitario por el Gobierno de Espa\u00f1a, el auspicio de la Sociedad Espa\u00f1ola de Oncolog\u00eda M\u00e9dica (SEOM) y la colaboraci\u00f3n de la Asociaci\u00f3n Espa\u00f1ola Contra el C\u00e1ncer (AECC). Durante las jornadas se aborda todo lo referente a la investigaci\u00f3n, prevenci\u00f3n, diagn\u00f3stico, tratamiento y cuidado del c\u00e1ncer desde la perspectiva cient\u00edfica, humana y social. Todo ello \u201cenfatizando la importancia del trabajo multidisciplinario y en equipo para realizar con \u00e9xito el abordaje del c\u00e1ncer\u201d.<\/p>\n<p>&nbsp;<\/p>\n","protected":false},"excerpt":{"rendered":"<p>El congreso, organizado por alumnos de la Universidad de Navarra, se desarrolla del 27 de febrero al 1 de marzo El alcalde de Pamplona, Enrique Maya, ha recibido esta ma\u00f1ana&#8230;<\/p>\n","protected":false},"author":1,"featured_media":620,"comment_status":"open","ping_status":"open","sticky":false,"template":"","format":"standard","meta":{"footnotes":""},"categories":[2],"tags":[5,115,6,372,373,8,9,374],"class_list":["post-619","post","type-post","status-publish","format-standard","has-post-thumbnail","hentry","category-ayuntamiento-pamplona","tag-actualidad","tag-alcalde-de-pamplona","tag-ayto-pamplona","tag-estudiantes-de-medicina","tag-farmacia-y-ciencias","tag-noticias","tag-pamplona","tag-x-congreso-internacional-de-oncologia"],"yoast_head":"<!-- This site is optimized with the Yoast SEO plugin v27.5 - https:\/\/yoast.com\/product\/yoast-seo-wordpress\/ -->\n<title>El alcalde de Pamplona recibe a los participantes en el X Congreso internacional de oncolog\u00eda para estudiantes de Medicina, Farmacia y Ciencias<\/title>\n<meta name=\"robots\" content=\"index, follow, max-snippet:-1, max-image-preview:large, max-video-preview:-1\" \/>\n<link rel=\"canonical\" href=\"https:\/\/www.laguiadepamplona.com\/actualidad\/el-alcalde-de-pamplona-recibe-a-los-participantes-en-el-x-congreso-internacional-de-oncologia-para-estudiantes-de-medicina-farmacia-y-ciencias\/\" \/>\n<meta property=\"og:locale\" content=\"es_ES\" \/>\n<meta property=\"og:type\" content=\"article\" \/>\n<meta property=\"og:title\" content=\"El alcalde de Pamplona recibe a los participantes en el X Congreso internacional de oncolog\u00eda para estudiantes de Medicina, Farmacia y Ciencias\" \/>\n<meta property=\"og:description\" content=\"El congreso, organizado por alumnos de la Universidad de Navarra, se desarrolla del 27 de febrero al 1 de marzo El alcalde de Pamplona, Enrique Maya, ha recibido esta ma\u00f1ana...\" \/>\n<meta property=\"og:url\" content=\"https:\/\/www.laguiadepamplona.com\/actualidad\/el-alcalde-de-pamplona-recibe-a-los-participantes-en-el-x-congreso-internacional-de-oncologia-para-estudiantes-de-medicina-farmacia-y-ciencias\/\" \/>\n<meta property=\"og:site_name\" content=\"La Gu\u00eda de Pamplona\" \/>\n<meta property=\"article:publisher\" content=\"https:\/\/www.facebook.com\/laguiadepamplonacom-133175176762273\/?ref=hl\" \/>\n<meta property=\"article:published_time\" content=\"2014-02-27T11:48:50+00:00\" \/>\n<meta name=\"author\" content=\"La Gu\u00eda de Pamplona\" \/>\n<meta name=\"twitter:card\" content=\"summary_large_image\" \/>\n<meta name=\"twitter:creator\" content=\"@LaGuiadPamplona\" \/>\n<meta name=\"twitter:site\" content=\"@LaGuiadPamplona\" \/>\n<meta name=\"twitter:label1\" content=\"Escrito por\" \/>\n\t<meta name=\"twitter:data1\" content=\"La Gu\u00eda de Pamplona\" \/>\n\t<meta name=\"twitter:label2\" content=\"Tiempo de lectura\" \/>\n\t<meta name=\"twitter:data2\" content=\"1 minuto\" \/>\n<script type=\"application\/ld+json\" class=\"yoast-schema-graph\">{\"@context\":\"https:\\\/\\\/schema.org\",\"@graph\":[{\"@type\":\"Article\",\"@id\":\"https:\\\/\\\/www.laguiadepamplona.com\\\/actualidad\\\/el-alcalde-de-pamplona-recibe-a-los-participantes-en-el-x-congreso-internacional-de-oncologia-para-estudiantes-de-medicina-farmacia-y-ciencias\\\/#article\",\"isPartOf\":{\"@id\":\"https:\\\/\\\/www.laguiadepamplona.com\\\/actualidad\\\/el-alcalde-de-pamplona-recibe-a-los-participantes-en-el-x-congreso-internacional-de-oncologia-para-estudiantes-de-medicina-farmacia-y-ciencias\\\/\"},\"author\":{\"name\":\"La Gu\u00eda de Pamplona\",\"@id\":\"https:\\\/\\\/www.laguiadepamplona.com\\\/actualidad\\\/#\\\/schema\\\/person\\\/efe887376f0213d4657c93adc50b1fdb\"},\"headline\":\"El alcalde de Pamplona recibe a los participantes en el X Congreso internacional de oncolog\u00eda para estudiantes de Medicina, Farmacia y Ciencias\",\"datePublished\":\"2014-02-27T11:48:50+00:00\",\"mainEntityOfPage\":{\"@id\":\"https:\\\/\\\/www.laguiadepamplona.com\\\/actualidad\\\/el-alcalde-de-pamplona-recibe-a-los-participantes-en-el-x-congreso-internacional-de-oncologia-para-estudiantes-de-medicina-farmacia-y-ciencias\\\/\"},\"wordCount\":265,\"commentCount\":0,\"publisher\":{\"@id\":\"https:\\\/\\\/www.laguiadepamplona.com\\\/actualidad\\\/#organization\"},\"image\":{\"@id\":\"https:\\\/\\\/www.laguiadepamplona.com\\\/actualidad\\\/el-alcalde-de-pamplona-recibe-a-los-participantes-en-el-x-congreso-internacional-de-oncologia-para-estudiantes-de-medicina-farmacia-y-ciencias\\\/#primaryimage\"},\"thumbnailUrl\":\"\",\"keywords\":[\"actualidad\",\"alcalde de pamplona\",\"ayto pamplona\",\"estudiantes de Medicina\",\"Farmacia y Ciencias\",\"noticias\",\"pamplona\",\"X Congreso internacional de oncolog\u00eda\"],\"articleSection\":[\"Ayto Pamplona\"],\"inLanguage\":\"es\",\"potentialAction\":[{\"@type\":\"CommentAction\",\"name\":\"Comment\",\"target\":[\"https:\\\/\\\/www.laguiadepamplona.com\\\/actualidad\\\/el-alcalde-de-pamplona-recibe-a-los-participantes-en-el-x-congreso-internacional-de-oncologia-para-estudiantes-de-medicina-farmacia-y-ciencias\\\/#respond\"]}]},{\"@type\":\"WebPage\",\"@id\":\"https:\\\/\\\/www.laguiadepamplona.com\\\/actualidad\\\/el-alcalde-de-pamplona-recibe-a-los-participantes-en-el-x-congreso-internacional-de-oncologia-para-estudiantes-de-medicina-farmacia-y-ciencias\\\/\",\"url\":\"https:\\\/\\\/www.laguiadepamplona.com\\\/actualidad\\\/el-alcalde-de-pamplona-recibe-a-los-participantes-en-el-x-congreso-internacional-de-oncologia-para-estudiantes-de-medicina-farmacia-y-ciencias\\\/\",\"name\":\"El alcalde de Pamplona recibe a los participantes en el X Congreso internacional de oncolog\u00eda para estudiantes de Medicina, Farmacia y Ciencias\",\"isPartOf\":{\"@id\":\"https:\\\/\\\/www.laguiadepamplona.com\\\/actualidad\\\/#website\"},\"primaryImageOfPage\":{\"@id\":\"https:\\\/\\\/www.laguiadepamplona.com\\\/actualidad\\\/el-alcalde-de-pamplona-recibe-a-los-participantes-en-el-x-congreso-internacional-de-oncologia-para-estudiantes-de-medicina-farmacia-y-ciencias\\\/#primaryimage\"},\"image\":{\"@id\":\"https:\\\/\\\/www.laguiadepamplona.com\\\/actualidad\\\/el-alcalde-de-pamplona-recibe-a-los-participantes-en-el-x-congreso-internacional-de-oncologia-para-estudiantes-de-medicina-farmacia-y-ciencias\\\/#primaryimage\"},\"thumbnailUrl\":\"\",\"datePublished\":\"2014-02-27T11:48:50+00:00\",\"breadcrumb\":{\"@id\":\"https:\\\/\\\/www.laguiadepamplona.com\\\/actualidad\\\/el-alcalde-de-pamplona-recibe-a-los-participantes-en-el-x-congreso-internacional-de-oncologia-para-estudiantes-de-medicina-farmacia-y-ciencias\\\/#breadcrumb\"},\"inLanguage\":\"es\",\"potentialAction\":[{\"@type\":\"ReadAction\",\"target\":[\"https:\\\/\\\/www.laguiadepamplona.com\\\/actualidad\\\/el-alcalde-de-pamplona-recibe-a-los-participantes-en-el-x-congreso-internacional-de-oncologia-para-estudiantes-de-medicina-farmacia-y-ciencias\\\/\"]}]},{\"@type\":\"ImageObject\",\"inLanguage\":\"es\",\"@id\":\"https:\\\/\\\/www.laguiadepamplona.com\\\/actualidad\\\/el-alcalde-de-pamplona-recibe-a-los-participantes-en-el-x-congreso-internacional-de-oncologia-para-estudiantes-de-medicina-farmacia-y-ciencias\\\/#primaryimage\",\"url\":\"\",\"contentUrl\":\"\"},{\"@type\":\"BreadcrumbList\",\"@id\":\"https:\\\/\\\/www.laguiadepamplona.com\\\/actualidad\\\/el-alcalde-de-pamplona-recibe-a-los-participantes-en-el-x-congreso-internacional-de-oncologia-para-estudiantes-de-medicina-farmacia-y-ciencias\\\/#breadcrumb\",\"itemListElement\":[{\"@type\":\"ListItem\",\"position\":1,\"name\":\"Portada\",\"item\":\"https:\\\/\\\/www.laguiadepamplona.com\\\/actualidad\\\/\"},{\"@type\":\"ListItem\",\"position\":2,\"name\":\"El alcalde de Pamplona recibe a los participantes en el X Congreso internacional de oncolog\u00eda para estudiantes de Medicina, Farmacia y Ciencias\"}]},{\"@type\":\"WebSite\",\"@id\":\"https:\\\/\\\/www.laguiadepamplona.com\\\/actualidad\\\/#website\",\"url\":\"https:\\\/\\\/www.laguiadepamplona.com\\\/actualidad\\\/\",\"name\":\"La gu\u00eda de Pamplona\",\"description\":\"Noticias de Pamplona\",\"publisher\":{\"@id\":\"https:\\\/\\\/www.laguiadepamplona.com\\\/actualidad\\\/#organization\"},\"potentialAction\":[{\"@type\":\"SearchAction\",\"target\":{\"@type\":\"EntryPoint\",\"urlTemplate\":\"https:\\\/\\\/www.laguiadepamplona.com\\\/actualidad\\\/?s={search_term_string}\"},\"query-input\":{\"@type\":\"PropertyValueSpecification\",\"valueRequired\":true,\"valueName\":\"search_term_string\"}}],\"inLanguage\":\"es\"},{\"@type\":\"Organization\",\"@id\":\"https:\\\/\\\/www.laguiadepamplona.com\\\/actualidad\\\/#organization\",\"name\":\"La Gu\u00eda de Pamplona \\\/ Noticias\",\"url\":\"https:\\\/\\\/www.laguiadepamplona.com\\\/actualidad\\\/\",\"logo\":{\"@type\":\"ImageObject\",\"inLanguage\":\"es\",\"@id\":\"https:\\\/\\\/www.laguiadepamplona.com\\\/actualidad\\\/#\\\/schema\\\/logo\\\/image\\\/\",\"url\":\"https:\\\/\\\/www.laguiadepamplona.com\\\/actualidad\\\/wp-content\\\/uploads\\\/2018\\\/11\\\/logo-laguiadepamplona18-web1.png\",\"contentUrl\":\"https:\\\/\\\/www.laguiadepamplona.com\\\/actualidad\\\/wp-content\\\/uploads\\\/2018\\\/11\\\/logo-laguiadepamplona18-web1.png\",\"width\":600,\"height\":196,\"caption\":\"La Gu\u00eda de Pamplona \\\/ Noticias\"},\"image\":{\"@id\":\"https:\\\/\\\/www.laguiadepamplona.com\\\/actualidad\\\/#\\\/schema\\\/logo\\\/image\\\/\"},\"sameAs\":[\"https:\\\/\\\/www.facebook.com\\\/laguiadepamplonacom-133175176762273\\\/?ref=hl\",\"https:\\\/\\\/x.com\\\/LaGuiadPamplona\",\"https:\\\/\\\/www.instagram.com\\\/la_guia_de_pamplona\\\/\",\"https:\\\/\\\/www.youtube.com\\\/user\\\/laguiadepamplona\"]},{\"@type\":\"Person\",\"@id\":\"https:\\\/\\\/www.laguiadepamplona.com\\\/actualidad\\\/#\\\/schema\\\/person\\\/efe887376f0213d4657c93adc50b1fdb\",\"name\":\"La Gu\u00eda de Pamplona\",\"image\":{\"@type\":\"ImageObject\",\"inLanguage\":\"es\",\"@id\":\"https:\\\/\\\/secure.gravatar.com\\\/avatar\\\/b6992f131dc8d30ab0dff15446e9d346d9dbd95992de0fef795073f5ea83a81c?s=96&d=mm&r=g\",\"url\":\"https:\\\/\\\/secure.gravatar.com\\\/avatar\\\/b6992f131dc8d30ab0dff15446e9d346d9dbd95992de0fef795073f5ea83a81c?s=96&d=mm&r=g\",\"contentUrl\":\"https:\\\/\\\/secure.gravatar.com\\\/avatar\\\/b6992f131dc8d30ab0dff15446e9d346d9dbd95992de0fef795073f5ea83a81c?s=96&d=mm&r=g\",\"caption\":\"La Gu\u00eda de Pamplona\"}}]}<\/script>\n<!-- \/ Yoast SEO plugin. -->","yoast_head_json":{"title":"El alcalde de Pamplona recibe a los participantes en el X Congreso internacional de oncolog\u00eda para estudiantes de Medicina, Farmacia y Ciencias","robots":{"index":"index","follow":"follow","max-snippet":"max-snippet:-1","max-image-preview":"max-image-preview:large","max-video-preview":"max-video-preview:-1"},"canonical":"https:\/\/www.laguiadepamplona.com\/actualidad\/el-alcalde-de-pamplona-recibe-a-los-participantes-en-el-x-congreso-internacional-de-oncologia-para-estudiantes-de-medicina-farmacia-y-ciencias\/","og_locale":"es_ES","og_type":"article","og_title":"El alcalde de Pamplona recibe a los participantes en el X Congreso internacional de oncolog\u00eda para estudiantes de Medicina, Farmacia y Ciencias","og_description":"El congreso, organizado por alumnos de la Universidad de Navarra, se desarrolla del 27 de febrero al 1 de marzo El alcalde de Pamplona, Enrique Maya, ha recibido esta ma\u00f1ana...","og_url":"https:\/\/www.laguiadepamplona.com\/actualidad\/el-alcalde-de-pamplona-recibe-a-los-participantes-en-el-x-congreso-internacional-de-oncologia-para-estudiantes-de-medicina-farmacia-y-ciencias\/","og_site_name":"La Gu\u00eda de Pamplona","article_publisher":"https:\/\/www.facebook.com\/laguiadepamplonacom-133175176762273\/?ref=hl","article_published_time":"2014-02-27T11:48:50+00:00","author":"La Gu\u00eda de Pamplona","twitter_card":"summary_large_image","twitter_creator":"@LaGuiadPamplona","twitter_site":"@LaGuiadPamplona","twitter_misc":{"Escrito por":"La Gu\u00eda de Pamplona","Tiempo de lectura":"1 minuto"},"schema":{"@context":"https:\/\/schema.org","@graph":[{"@type":"Article","@id":"https:\/\/www.laguiadepamplona.com\/actualidad\/el-alcalde-de-pamplona-recibe-a-los-participantes-en-el-x-congreso-internacional-de-oncologia-para-estudiantes-de-medicina-farmacia-y-ciencias\/#article","isPartOf":{"@id":"https:\/\/www.laguiadepamplona.com\/actualidad\/el-alcalde-de-pamplona-recibe-a-los-participantes-en-el-x-congreso-internacional-de-oncologia-para-estudiantes-de-medicina-farmacia-y-ciencias\/"},"author":{"name":"La Gu\u00eda de Pamplona","@id":"https:\/\/www.laguiadepamplona.com\/actualidad\/#\/schema\/person\/efe887376f0213d4657c93adc50b1fdb"},"headline":"El alcalde de Pamplona recibe a los participantes en el X Congreso internacional de oncolog\u00eda para estudiantes de Medicina, Farmacia y Ciencias","datePublished":"2014-02-27T11:48:50+00:00","mainEntityOfPage":{"@id":"https:\/\/www.laguiadepamplona.com\/actualidad\/el-alcalde-de-pamplona-recibe-a-los-participantes-en-el-x-congreso-internacional-de-oncologia-para-estudiantes-de-medicina-farmacia-y-ciencias\/"},"wordCount":265,"commentCount":0,"publisher":{"@id":"https:\/\/www.laguiadepamplona.com\/actualidad\/#organization"},"image":{"@id":"https:\/\/www.laguiadepamplona.com\/actualidad\/el-alcalde-de-pamplona-recibe-a-los-participantes-en-el-x-congreso-internacional-de-oncologia-para-estudiantes-de-medicina-farmacia-y-ciencias\/#primaryimage"},"thumbnailUrl":"","keywords":["actualidad","alcalde de pamplona","ayto pamplona","estudiantes de Medicina","Farmacia y Ciencias","noticias","pamplona","X Congreso internacional de oncolog\u00eda"],"articleSection":["Ayto Pamplona"],"inLanguage":"es","potentialAction":[{"@type":"CommentAction","name":"Comment","target":["https:\/\/www.laguiadepamplona.com\/actualidad\/el-alcalde-de-pamplona-recibe-a-los-participantes-en-el-x-congreso-internacional-de-oncologia-para-estudiantes-de-medicina-farmacia-y-ciencias\/#respond"]}]},{"@type":"WebPage","@id":"https:\/\/www.laguiadepamplona.com\/actualidad\/el-alcalde-de-pamplona-recibe-a-los-participantes-en-el-x-congreso-internacional-de-oncologia-para-estudiantes-de-medicina-farmacia-y-ciencias\/","url":"https:\/\/www.laguiadepamplona.com\/actualidad\/el-alcalde-de-pamplona-recibe-a-los-participantes-en-el-x-congreso-internacional-de-oncologia-para-estudiantes-de-medicina-farmacia-y-ciencias\/","name":"El alcalde de Pamplona recibe a los participantes en el X Congreso internacional de oncolog\u00eda para estudiantes de Medicina, Farmacia y Ciencias","isPartOf":{"@id":"https:\/\/www.laguiadepamplona.com\/actualidad\/#website"},"primaryImageOfPage":{"@id":"https:\/\/www.laguiadepamplona.com\/actualidad\/el-alcalde-de-pamplona-recibe-a-los-participantes-en-el-x-congreso-internacional-de-oncologia-para-estudiantes-de-medicina-farmacia-y-ciencias\/#primaryimage"},"image":{"@id":"https:\/\/www.laguiadepamplona.com\/actualidad\/el-alcalde-de-pamplona-recibe-a-los-participantes-en-el-x-congreso-internacional-de-oncologia-para-estudiantes-de-medicina-farmacia-y-ciencias\/#primaryimage"},"thumbnailUrl":"","datePublished":"2014-02-27T11:48:50+00:00","breadcrumb":{"@id":"https:\/\/www.laguiadepamplona.com\/actualidad\/el-alcalde-de-pamplona-recibe-a-los-participantes-en-el-x-congreso-internacional-de-oncologia-para-estudiantes-de-medicina-farmacia-y-ciencias\/#breadcrumb"},"inLanguage":"es","potentialAction":[{"@type":"ReadAction","target":["https:\/\/www.laguiadepamplona.com\/actualidad\/el-alcalde-de-pamplona-recibe-a-los-participantes-en-el-x-congreso-internacional-de-oncologia-para-estudiantes-de-medicina-farmacia-y-ciencias\/"]}]},{"@type":"ImageObject","inLanguage":"es","@id":"https:\/\/www.laguiadepamplona.com\/actualidad\/el-alcalde-de-pamplona-recibe-a-los-participantes-en-el-x-congreso-internacional-de-oncologia-para-estudiantes-de-medicina-farmacia-y-ciencias\/#primaryimage","url":"","contentUrl":""},{"@type":"BreadcrumbList","@id":"https:\/\/www.laguiadepamplona.com\/actualidad\/el-alcalde-de-pamplona-recibe-a-los-participantes-en-el-x-congreso-internacional-de-oncologia-para-estudiantes-de-medicina-farmacia-y-ciencias\/#breadcrumb","itemListElement":[{"@type":"ListItem","position":1,"name":"Portada","item":"https:\/\/www.laguiadepamplona.com\/actualidad\/"},{"@type":"ListItem","position":2,"name":"El alcalde de Pamplona recibe a los participantes en el X Congreso internacional de oncolog\u00eda para estudiantes de Medicina, Farmacia y Ciencias"}]},{"@type":"WebSite","@id":"https:\/\/www.laguiadepamplona.com\/actualidad\/#website","url":"https:\/\/www.laguiadepamplona.com\/actualidad\/","name":"La gu\u00eda de Pamplona","description":"Noticias de Pamplona","publisher":{"@id":"https:\/\/www.laguiadepamplona.com\/actualidad\/#organization"},"potentialAction":[{"@type":"SearchAction","target":{"@type":"EntryPoint","urlTemplate":"https:\/\/www.laguiadepamplona.com\/actualidad\/?s={search_term_string}"},"query-input":{"@type":"PropertyValueSpecification","valueRequired":true,"valueName":"search_term_string"}}],"inLanguage":"es"},{"@type":"Organization","@id":"https:\/\/www.laguiadepamplona.com\/actualidad\/#organization","name":"La Gu\u00eda de Pamplona \/ Noticias","url":"https:\/\/www.laguiadepamplona.com\/actualidad\/","logo":{"@type":"ImageObject","inLanguage":"es","@id":"https:\/\/www.laguiadepamplona.com\/actualidad\/#\/schema\/logo\/image\/","url":"https:\/\/www.laguiadepamplona.com\/actualidad\/wp-content\/uploads\/2018\/11\/logo-laguiadepamplona18-web1.png","contentUrl":"https:\/\/www.laguiadepamplona.com\/actualidad\/wp-content\/uploads\/2018\/11\/logo-laguiadepamplona18-web1.png","width":600,"height":196,"caption":"La Gu\u00eda de Pamplona \/ Noticias"},"image":{"@id":"https:\/\/www.laguiadepamplona.com\/actualidad\/#\/schema\/logo\/image\/"},"sameAs":["https:\/\/www.facebook.com\/laguiadepamplonacom-133175176762273\/?ref=hl","https:\/\/x.com\/LaGuiadPamplona","https:\/\/www.instagram.com\/la_guia_de_pamplona\/","https:\/\/www.youtube.com\/user\/laguiadepamplona"]},{"@type":"Person","@id":"https:\/\/www.laguiadepamplona.com\/actualidad\/#\/schema\/person\/efe887376f0213d4657c93adc50b1fdb","name":"La Gu\u00eda de Pamplona","image":{"@type":"ImageObject","inLanguage":"es","@id":"https:\/\/secure.gravatar.com\/avatar\/b6992f131dc8d30ab0dff15446e9d346d9dbd95992de0fef795073f5ea83a81c?s=96&d=mm&r=g","url":"https:\/\/secure.gravatar.com\/avatar\/b6992f131dc8d30ab0dff15446e9d346d9dbd95992de0fef795073f5ea83a81c?s=96&d=mm&r=g","contentUrl":"https:\/\/secure.gravatar.com\/avatar\/b6992f131dc8d30ab0dff15446e9d346d9dbd95992de0fef795073f5ea83a81c?s=96&d=mm&r=g","caption":"La Gu\u00eda de Pamplona"}}]}},"post_mailing_queue_ids":[],"_links":{"self":[{"href":"https:\/\/www.laguiadepamplona.com\/actualidad\/wp-json\/wp\/v2\/posts\/619","targetHints":{"allow":["GET"]}}],"collection":[{"href":"https:\/\/www.laguiadepamplona.com\/actualidad\/wp-json\/wp\/v2\/posts"}],"about":[{"href":"https:\/\/www.laguiadepamplona.com\/actualidad\/wp-json\/wp\/v2\/types\/post"}],"author":[{"embeddable":true,"href":"https:\/\/www.laguiadepamplona.com\/actualidad\/wp-json\/wp\/v2\/users\/1"}],"replies":[{"embeddable":true,"href":"https:\/\/www.laguiadepamplona.com\/actualidad\/wp-json\/wp\/v2\/comments?post=619"}],"version-history":[{"count":0,"href":"https:\/\/www.laguiadepamplona.com\/actualidad\/wp-json\/wp\/v2\/posts\/619\/revisions"}],"wp:featuredmedia":[{"embeddable":true,"href":"https:\/\/www.laguiadepamplona.com\/actualidad\/wp-json\/"}],"wp:attachment":[{"href":"https:\/\/www.laguiadepamplona.com\/actualidad\/wp-json\/wp\/v2\/media?parent=619"}],"wp:term":[{"taxonomy":"category","embeddable":true,"href":"https:\/\/www.laguiadepamplona.com\/actualidad\/wp-json\/wp\/v2\/categories?post=619"},{"taxonomy":"post_tag","embeddable":true,"href":"https:\/\/www.laguiadepamplona.com\/actualidad\/wp-json\/wp\/v2\/tags?post=619"}],"curies":[{"name":"wp","href":"https:\/\/api.w.org\/{rel}","templated":true}]}}