{"id":6189,"date":"2015-06-08T16:51:43","date_gmt":"2015-06-08T14:51:43","guid":{"rendered":"http:\/\/laguiadepamplona.com\/actualidad\/?p=6189"},"modified":"2015-06-08T16:51:43","modified_gmt":"2015-06-08T14:51:43","slug":"la-exposicion-las-mil-vidas-del-carton-presenta-en-el-museo-de-educacion-ambiental-muebles-elaborados-con-este-material-y-la-forma-en-la-que-se-crean","status":"publish","type":"post","link":"https:\/\/www.laguiadepamplona.com\/actualidad\/la-exposicion-las-mil-vidas-del-carton-presenta-en-el-museo-de-educacion-ambiental-muebles-elaborados-con-este-material-y-la-forma-en-la-que-se-crean\/","title":{"rendered":"La exposici\u00f3n \u2018Las mil vidas del cart\u00f3n\u2019 presenta en el Museo de Educaci\u00f3n Ambiental muebles elaborados con este material y la forma en la que se crean"},"content":{"rendered":"<h4>La muestra estar\u00e1 abierta hasta el 19 de junio y puede visitarse de lunes a viernes de 10 a 13 y de 18 a 20 horas con entrada gratuita<\/h4>\n<p><a href=\"http:\/\/laguiadepamplona.com\/actualidad\/wp-content\/uploads\/2015\/06\/muebles_carton_museo_1.jpg\"><img loading=\"lazy\" decoding=\"async\" class=\"alignleft size-medium wp-image-6191\" src=\"http:\/\/laguiadepamplona.com\/actualidad\/wp-content\/uploads\/2015\/06\/muebles_carton_museo_1-300x225.jpg\" alt=\"muebles_carton_museo_1\" width=\"300\" height=\"225\" \/><\/a>El Museo de Educaci\u00f3n Ambiental del Ayuntamiento de Pamplona, situado en el Monasterio Viejo de San Pedro, presenta desde hoy hasta el viernes 19 de junio la exposici\u00f3n \u2018Muebles elaborados con cart\u00f3n: las mil vidas del cart\u00f3n\u2019, una muestra en la que pueden verse mesas de distintos tama\u00f1os y funciones que han sido elaboradas con el cart\u00f3n procedente de la recuperaci\u00f3n de cajas de embalajes, fundamentalmente de la que envuelven bicicletas y electrodom\u00e9sticos. Son 16 muebles completos y uno sin terminar, de forma que las personas que se acerquen a ver la muestra podr\u00e1n conocer el proceso de c\u00f3mo se elaboran.<\/p>\n<p>Son mesitas de noche y peque\u00f1as c\u00f3modas que cuentan con cajones y son totalmente v\u00e1lidas para soportar el peso, por ejemplo, de libros, relojes u otros peque\u00f1os objetos. Est\u00e1n realizadas en cart\u00f3n y forradas con papel pintado de muchos motivos y colores, desde alguno monocolor hasta otros con elementos vintage. El papel utilizado para decorarlos se elabora en Nepal y al igual que la filosof\u00eda de todo el proyecto, respetuoso con el medioambiente y procedente del comercio justo (cuenta con el sello de comercio justo de Fair Trade Group Nepal). Los procesos para crear los muebles son realizados a mano, son artesanales, y con la idea de que todos tienen que tener una utilidad m\u00e1s all\u00e1 de su valor est\u00e9tico y art\u00edstico. Su mantenimiento es muy sencillo y se limpian con un pa\u00f1o, como cualquier otro mueble.<\/p>\n<p><strong>Visitas de lunes a viernes, ma\u00f1ana y tarde<\/strong><\/p>\n<p><a href=\"http:\/\/laguiadepamplona.com\/actualidad\/wp-content\/uploads\/2015\/06\/muebles_carton_museo.jpg\"><img loading=\"lazy\" decoding=\"async\" class=\"alignleft size-medium wp-image-6190\" src=\"http:\/\/laguiadepamplona.com\/actualidad\/wp-content\/uploads\/2015\/06\/muebles_carton_museo-300x225.jpg\" alt=\"muebles_carton_museo\" width=\"300\" height=\"225\" \/><\/a>El horario de visita es de lunes a viernes de 10 de la ma\u00f1ana a una de la tarde y de seis a ocho de la tarde. La entrada es gratuita. \u2018Las mil vidas del cart\u00f3n\u2019 es una marca de la Asociaci\u00f3n para el fomento de los territorios sostenible TESOS en la que se concreta su compromiso a trav\u00e9s de la artesan\u00eda del reciclaje, en concreto, con la reutilizaci\u00f3n del cart\u00f3n. Esta asociaci\u00f3n aboga por un desarrollo equilibrado e integral y desde una perspectiva de la igualdad de los territorios, teniendo en cuenta y trabajando los distintos aspectos de la sostenibilidad: ambientales, sociales, econ\u00f3micos y culturales. Las personas que impulsan \u2018Las mil vidas del cart\u00f3n\u2019 son Maricruz Lerga Oronoz y Graciela Gonz\u00e1lez Monste\u00f1y.<\/p>\n<p>A trav\u00e9s de la fabricaci\u00f3n de muebles de cart\u00f3n, TESOS quiere fomentar el ecodise\u00f1o con material recuperado y sensibiliza a los consumidores sobre la importancia de comprar con criterios sostenibles. Considera que \u201ctodo este proceso de fabricaci\u00f3n de muebles a partir de material de desecho es una met\u00e1fora de nuestra sociedad y que, de la misma manera que podemos transformar la basura en algo bonito, en estos tiempos tan dif\u00edciles, podemos levantar una sociedad m\u00e1s justa social y ambientalmente de las abundantes cenizas que nos rodean\u201d.<\/p>\n<p>&nbsp;<\/p>\n","protected":false},"excerpt":{"rendered":"<p>La muestra estar\u00e1 abierta hasta el 19 de junio y puede visitarse de lunes a viernes de 10 a 13 y de 18 a 20 horas con entrada gratuita El&#8230;<\/p>\n","protected":false},"author":1,"featured_media":6191,"comment_status":"closed","ping_status":"closed","sticky":false,"template":"","format":"standard","meta":{"footnotes":""},"categories":[2],"tags":[5,6,509,5559,56,5560,5561,100,8,9],"class_list":["post-6189","post","type-post","status-publish","format-standard","has-post-thumbnail","hentry","category-ayuntamiento-pamplona","tag-actualidad","tag-ayto-pamplona","tag-ayuntamiento-de-pamplona","tag-carton","tag-exposicion","tag-las-mil-vidas-del-carton","tag-muebles-elaborados","tag-museo-de-educacion-ambiental","tag-noticias","tag-pamplona"],"yoast_head":"<!-- This site is optimized with the Yoast SEO plugin v27.5 - https:\/\/yoast.com\/product\/yoast-seo-wordpress\/ -->\n<title>La exposici\u00f3n \u2018Las mil vidas del cart\u00f3n\u2019 presenta en el Museo de Educaci\u00f3n Ambiental muebles elaborados con este material y la forma en la que se crean<\/title>\n<meta name=\"robots\" content=\"index, follow, max-snippet:-1, max-image-preview:large, max-video-preview:-1\" \/>\n<link rel=\"canonical\" href=\"https:\/\/www.laguiadepamplona.com\/actualidad\/la-exposicion-las-mil-vidas-del-carton-presenta-en-el-museo-de-educacion-ambiental-muebles-elaborados-con-este-material-y-la-forma-en-la-que-se-crean\/\" \/>\n<meta property=\"og:locale\" content=\"es_ES\" \/>\n<meta property=\"og:type\" content=\"article\" \/>\n<meta property=\"og:title\" content=\"La exposici\u00f3n \u2018Las mil vidas del cart\u00f3n\u2019 presenta en el Museo de Educaci\u00f3n Ambiental muebles elaborados con este material y la forma en la que se crean\" \/>\n<meta property=\"og:description\" content=\"La muestra estar\u00e1 abierta hasta el 19 de junio y puede visitarse de lunes a viernes de 10 a 13 y de 18 a 20 horas con entrada gratuita El...\" \/>\n<meta property=\"og:url\" content=\"https:\/\/www.laguiadepamplona.com\/actualidad\/la-exposicion-las-mil-vidas-del-carton-presenta-en-el-museo-de-educacion-ambiental-muebles-elaborados-con-este-material-y-la-forma-en-la-que-se-crean\/\" \/>\n<meta property=\"og:site_name\" content=\"La Gu\u00eda de Pamplona\" \/>\n<meta property=\"article:publisher\" content=\"https:\/\/www.facebook.com\/laguiadepamplonacom-133175176762273\/?ref=hl\" \/>\n<meta property=\"article:published_time\" content=\"2015-06-08T14:51:43+00:00\" \/>\n<meta name=\"author\" content=\"La Gu\u00eda de Pamplona\" \/>\n<meta name=\"twitter:card\" content=\"summary_large_image\" \/>\n<meta name=\"twitter:creator\" content=\"@LaGuiadPamplona\" \/>\n<meta name=\"twitter:site\" content=\"@LaGuiadPamplona\" \/>\n<meta name=\"twitter:label1\" content=\"Escrito por\" \/>\n\t<meta name=\"twitter:data1\" content=\"La Gu\u00eda de Pamplona\" \/>\n\t<meta name=\"twitter:label2\" content=\"Tiempo de lectura\" \/>\n\t<meta name=\"twitter:data2\" content=\"3 minutos\" \/>\n<script type=\"application\/ld+json\" class=\"yoast-schema-graph\">{\"@context\":\"https:\\\/\\\/schema.org\",\"@graph\":[{\"@type\":\"Article\",\"@id\":\"https:\\\/\\\/www.laguiadepamplona.com\\\/actualidad\\\/la-exposicion-las-mil-vidas-del-carton-presenta-en-el-museo-de-educacion-ambiental-muebles-elaborados-con-este-material-y-la-forma-en-la-que-se-crean\\\/#article\",\"isPartOf\":{\"@id\":\"https:\\\/\\\/www.laguiadepamplona.com\\\/actualidad\\\/la-exposicion-las-mil-vidas-del-carton-presenta-en-el-museo-de-educacion-ambiental-muebles-elaborados-con-este-material-y-la-forma-en-la-que-se-crean\\\/\"},\"author\":{\"name\":\"La Gu\u00eda de Pamplona\",\"@id\":\"https:\\\/\\\/www.laguiadepamplona.com\\\/actualidad\\\/#\\\/schema\\\/person\\\/efe887376f0213d4657c93adc50b1fdb\"},\"headline\":\"La exposici\u00f3n \u2018Las mil vidas del cart\u00f3n\u2019 presenta en el Museo de Educaci\u00f3n Ambiental muebles elaborados con este material y la forma en la que se crean\",\"datePublished\":\"2015-06-08T14:51:43+00:00\",\"mainEntityOfPage\":{\"@id\":\"https:\\\/\\\/www.laguiadepamplona.com\\\/actualidad\\\/la-exposicion-las-mil-vidas-del-carton-presenta-en-el-museo-de-educacion-ambiental-muebles-elaborados-con-este-material-y-la-forma-en-la-que-se-crean\\\/\"},\"wordCount\":549,\"publisher\":{\"@id\":\"https:\\\/\\\/www.laguiadepamplona.com\\\/actualidad\\\/#organization\"},\"image\":{\"@id\":\"https:\\\/\\\/www.laguiadepamplona.com\\\/actualidad\\\/la-exposicion-las-mil-vidas-del-carton-presenta-en-el-museo-de-educacion-ambiental-muebles-elaborados-con-este-material-y-la-forma-en-la-que-se-crean\\\/#primaryimage\"},\"thumbnailUrl\":\"\",\"keywords\":[\"actualidad\",\"ayto pamplona\",\"Ayuntamiento de Pamplona\",\"cart\u00f3n\",\"exposici\u00f3n\",\"Las mil vidas del cart\u00f3n\",\"muebles elaborados\",\"Museo de Educaci\u00f3n Ambiental\",\"noticias\",\"pamplona\"],\"articleSection\":[\"Ayto Pamplona\"],\"inLanguage\":\"es\"},{\"@type\":\"WebPage\",\"@id\":\"https:\\\/\\\/www.laguiadepamplona.com\\\/actualidad\\\/la-exposicion-las-mil-vidas-del-carton-presenta-en-el-museo-de-educacion-ambiental-muebles-elaborados-con-este-material-y-la-forma-en-la-que-se-crean\\\/\",\"url\":\"https:\\\/\\\/www.laguiadepamplona.com\\\/actualidad\\\/la-exposicion-las-mil-vidas-del-carton-presenta-en-el-museo-de-educacion-ambiental-muebles-elaborados-con-este-material-y-la-forma-en-la-que-se-crean\\\/\",\"name\":\"La exposici\u00f3n \u2018Las mil vidas del cart\u00f3n\u2019 presenta en el Museo de Educaci\u00f3n Ambiental muebles elaborados con este material y la forma en la que se crean\",\"isPartOf\":{\"@id\":\"https:\\\/\\\/www.laguiadepamplona.com\\\/actualidad\\\/#website\"},\"primaryImageOfPage\":{\"@id\":\"https:\\\/\\\/www.laguiadepamplona.com\\\/actualidad\\\/la-exposicion-las-mil-vidas-del-carton-presenta-en-el-museo-de-educacion-ambiental-muebles-elaborados-con-este-material-y-la-forma-en-la-que-se-crean\\\/#primaryimage\"},\"image\":{\"@id\":\"https:\\\/\\\/www.laguiadepamplona.com\\\/actualidad\\\/la-exposicion-las-mil-vidas-del-carton-presenta-en-el-museo-de-educacion-ambiental-muebles-elaborados-con-este-material-y-la-forma-en-la-que-se-crean\\\/#primaryimage\"},\"thumbnailUrl\":\"\",\"datePublished\":\"2015-06-08T14:51:43+00:00\",\"breadcrumb\":{\"@id\":\"https:\\\/\\\/www.laguiadepamplona.com\\\/actualidad\\\/la-exposicion-las-mil-vidas-del-carton-presenta-en-el-museo-de-educacion-ambiental-muebles-elaborados-con-este-material-y-la-forma-en-la-que-se-crean\\\/#breadcrumb\"},\"inLanguage\":\"es\",\"potentialAction\":[{\"@type\":\"ReadAction\",\"target\":[\"https:\\\/\\\/www.laguiadepamplona.com\\\/actualidad\\\/la-exposicion-las-mil-vidas-del-carton-presenta-en-el-museo-de-educacion-ambiental-muebles-elaborados-con-este-material-y-la-forma-en-la-que-se-crean\\\/\"]}]},{\"@type\":\"ImageObject\",\"inLanguage\":\"es\",\"@id\":\"https:\\\/\\\/www.laguiadepamplona.com\\\/actualidad\\\/la-exposicion-las-mil-vidas-del-carton-presenta-en-el-museo-de-educacion-ambiental-muebles-elaborados-con-este-material-y-la-forma-en-la-que-se-crean\\\/#primaryimage\",\"url\":\"\",\"contentUrl\":\"\"},{\"@type\":\"BreadcrumbList\",\"@id\":\"https:\\\/\\\/www.laguiadepamplona.com\\\/actualidad\\\/la-exposicion-las-mil-vidas-del-carton-presenta-en-el-museo-de-educacion-ambiental-muebles-elaborados-con-este-material-y-la-forma-en-la-que-se-crean\\\/#breadcrumb\",\"itemListElement\":[{\"@type\":\"ListItem\",\"position\":1,\"name\":\"Portada\",\"item\":\"https:\\\/\\\/www.laguiadepamplona.com\\\/actualidad\\\/\"},{\"@type\":\"ListItem\",\"position\":2,\"name\":\"La exposici\u00f3n \u2018Las mil vidas del cart\u00f3n\u2019 presenta en el Museo de Educaci\u00f3n Ambiental muebles elaborados con este material y la forma en la que se crean\"}]},{\"@type\":\"WebSite\",\"@id\":\"https:\\\/\\\/www.laguiadepamplona.com\\\/actualidad\\\/#website\",\"url\":\"https:\\\/\\\/www.laguiadepamplona.com\\\/actualidad\\\/\",\"name\":\"La gu\u00eda de Pamplona\",\"description\":\"Noticias de Pamplona\",\"publisher\":{\"@id\":\"https:\\\/\\\/www.laguiadepamplona.com\\\/actualidad\\\/#organization\"},\"potentialAction\":[{\"@type\":\"SearchAction\",\"target\":{\"@type\":\"EntryPoint\",\"urlTemplate\":\"https:\\\/\\\/www.laguiadepamplona.com\\\/actualidad\\\/?s={search_term_string}\"},\"query-input\":{\"@type\":\"PropertyValueSpecification\",\"valueRequired\":true,\"valueName\":\"search_term_string\"}}],\"inLanguage\":\"es\"},{\"@type\":\"Organization\",\"@id\":\"https:\\\/\\\/www.laguiadepamplona.com\\\/actualidad\\\/#organization\",\"name\":\"La Gu\u00eda de Pamplona \\\/ Noticias\",\"url\":\"https:\\\/\\\/www.laguiadepamplona.com\\\/actualidad\\\/\",\"logo\":{\"@type\":\"ImageObject\",\"inLanguage\":\"es\",\"@id\":\"https:\\\/\\\/www.laguiadepamplona.com\\\/actualidad\\\/#\\\/schema\\\/logo\\\/image\\\/\",\"url\":\"https:\\\/\\\/www.laguiadepamplona.com\\\/actualidad\\\/wp-content\\\/uploads\\\/2018\\\/11\\\/logo-laguiadepamplona18-web1.png\",\"contentUrl\":\"https:\\\/\\\/www.laguiadepamplona.com\\\/actualidad\\\/wp-content\\\/uploads\\\/2018\\\/11\\\/logo-laguiadepamplona18-web1.png\",\"width\":600,\"height\":196,\"caption\":\"La Gu\u00eda de Pamplona \\\/ Noticias\"},\"image\":{\"@id\":\"https:\\\/\\\/www.laguiadepamplona.com\\\/actualidad\\\/#\\\/schema\\\/logo\\\/image\\\/\"},\"sameAs\":[\"https:\\\/\\\/www.facebook.com\\\/laguiadepamplonacom-133175176762273\\\/?ref=hl\",\"https:\\\/\\\/x.com\\\/LaGuiadPamplona\",\"https:\\\/\\\/www.instagram.com\\\/la_guia_de_pamplona\\\/\",\"https:\\\/\\\/www.youtube.com\\\/user\\\/laguiadepamplona\"]},{\"@type\":\"Person\",\"@id\":\"https:\\\/\\\/www.laguiadepamplona.com\\\/actualidad\\\/#\\\/schema\\\/person\\\/efe887376f0213d4657c93adc50b1fdb\",\"name\":\"La Gu\u00eda de Pamplona\",\"image\":{\"@type\":\"ImageObject\",\"inLanguage\":\"es\",\"@id\":\"https:\\\/\\\/secure.gravatar.com\\\/avatar\\\/b6992f131dc8d30ab0dff15446e9d346d9dbd95992de0fef795073f5ea83a81c?s=96&d=mm&r=g\",\"url\":\"https:\\\/\\\/secure.gravatar.com\\\/avatar\\\/b6992f131dc8d30ab0dff15446e9d346d9dbd95992de0fef795073f5ea83a81c?s=96&d=mm&r=g\",\"contentUrl\":\"https:\\\/\\\/secure.gravatar.com\\\/avatar\\\/b6992f131dc8d30ab0dff15446e9d346d9dbd95992de0fef795073f5ea83a81c?s=96&d=mm&r=g\",\"caption\":\"La Gu\u00eda de Pamplona\"}}]}<\/script>\n<!-- \/ Yoast SEO plugin. -->","yoast_head_json":{"title":"La exposici\u00f3n \u2018Las mil vidas del cart\u00f3n\u2019 presenta en el Museo de Educaci\u00f3n Ambiental muebles elaborados con este material y la forma en la que se crean","robots":{"index":"index","follow":"follow","max-snippet":"max-snippet:-1","max-image-preview":"max-image-preview:large","max-video-preview":"max-video-preview:-1"},"canonical":"https:\/\/www.laguiadepamplona.com\/actualidad\/la-exposicion-las-mil-vidas-del-carton-presenta-en-el-museo-de-educacion-ambiental-muebles-elaborados-con-este-material-y-la-forma-en-la-que-se-crean\/","og_locale":"es_ES","og_type":"article","og_title":"La exposici\u00f3n \u2018Las mil vidas del cart\u00f3n\u2019 presenta en el Museo de Educaci\u00f3n Ambiental muebles elaborados con este material y la forma en la que se crean","og_description":"La muestra estar\u00e1 abierta hasta el 19 de junio y puede visitarse de lunes a viernes de 10 a 13 y de 18 a 20 horas con entrada gratuita El...","og_url":"https:\/\/www.laguiadepamplona.com\/actualidad\/la-exposicion-las-mil-vidas-del-carton-presenta-en-el-museo-de-educacion-ambiental-muebles-elaborados-con-este-material-y-la-forma-en-la-que-se-crean\/","og_site_name":"La Gu\u00eda de Pamplona","article_publisher":"https:\/\/www.facebook.com\/laguiadepamplonacom-133175176762273\/?ref=hl","article_published_time":"2015-06-08T14:51:43+00:00","author":"La Gu\u00eda de Pamplona","twitter_card":"summary_large_image","twitter_creator":"@LaGuiadPamplona","twitter_site":"@LaGuiadPamplona","twitter_misc":{"Escrito por":"La Gu\u00eda de Pamplona","Tiempo de lectura":"3 minutos"},"schema":{"@context":"https:\/\/schema.org","@graph":[{"@type":"Article","@id":"https:\/\/www.laguiadepamplona.com\/actualidad\/la-exposicion-las-mil-vidas-del-carton-presenta-en-el-museo-de-educacion-ambiental-muebles-elaborados-con-este-material-y-la-forma-en-la-que-se-crean\/#article","isPartOf":{"@id":"https:\/\/www.laguiadepamplona.com\/actualidad\/la-exposicion-las-mil-vidas-del-carton-presenta-en-el-museo-de-educacion-ambiental-muebles-elaborados-con-este-material-y-la-forma-en-la-que-se-crean\/"},"author":{"name":"La Gu\u00eda de Pamplona","@id":"https:\/\/www.laguiadepamplona.com\/actualidad\/#\/schema\/person\/efe887376f0213d4657c93adc50b1fdb"},"headline":"La exposici\u00f3n \u2018Las mil vidas del cart\u00f3n\u2019 presenta en el Museo de Educaci\u00f3n Ambiental muebles elaborados con este material y la forma en la que se crean","datePublished":"2015-06-08T14:51:43+00:00","mainEntityOfPage":{"@id":"https:\/\/www.laguiadepamplona.com\/actualidad\/la-exposicion-las-mil-vidas-del-carton-presenta-en-el-museo-de-educacion-ambiental-muebles-elaborados-con-este-material-y-la-forma-en-la-que-se-crean\/"},"wordCount":549,"publisher":{"@id":"https:\/\/www.laguiadepamplona.com\/actualidad\/#organization"},"image":{"@id":"https:\/\/www.laguiadepamplona.com\/actualidad\/la-exposicion-las-mil-vidas-del-carton-presenta-en-el-museo-de-educacion-ambiental-muebles-elaborados-con-este-material-y-la-forma-en-la-que-se-crean\/#primaryimage"},"thumbnailUrl":"","keywords":["actualidad","ayto pamplona","Ayuntamiento de Pamplona","cart\u00f3n","exposici\u00f3n","Las mil vidas del cart\u00f3n","muebles elaborados","Museo de Educaci\u00f3n Ambiental","noticias","pamplona"],"articleSection":["Ayto Pamplona"],"inLanguage":"es"},{"@type":"WebPage","@id":"https:\/\/www.laguiadepamplona.com\/actualidad\/la-exposicion-las-mil-vidas-del-carton-presenta-en-el-museo-de-educacion-ambiental-muebles-elaborados-con-este-material-y-la-forma-en-la-que-se-crean\/","url":"https:\/\/www.laguiadepamplona.com\/actualidad\/la-exposicion-las-mil-vidas-del-carton-presenta-en-el-museo-de-educacion-ambiental-muebles-elaborados-con-este-material-y-la-forma-en-la-que-se-crean\/","name":"La exposici\u00f3n \u2018Las mil vidas del cart\u00f3n\u2019 presenta en el Museo de Educaci\u00f3n Ambiental muebles elaborados con este material y la forma en la que se crean","isPartOf":{"@id":"https:\/\/www.laguiadepamplona.com\/actualidad\/#website"},"primaryImageOfPage":{"@id":"https:\/\/www.laguiadepamplona.com\/actualidad\/la-exposicion-las-mil-vidas-del-carton-presenta-en-el-museo-de-educacion-ambiental-muebles-elaborados-con-este-material-y-la-forma-en-la-que-se-crean\/#primaryimage"},"image":{"@id":"https:\/\/www.laguiadepamplona.com\/actualidad\/la-exposicion-las-mil-vidas-del-carton-presenta-en-el-museo-de-educacion-ambiental-muebles-elaborados-con-este-material-y-la-forma-en-la-que-se-crean\/#primaryimage"},"thumbnailUrl":"","datePublished":"2015-06-08T14:51:43+00:00","breadcrumb":{"@id":"https:\/\/www.laguiadepamplona.com\/actualidad\/la-exposicion-las-mil-vidas-del-carton-presenta-en-el-museo-de-educacion-ambiental-muebles-elaborados-con-este-material-y-la-forma-en-la-que-se-crean\/#breadcrumb"},"inLanguage":"es","potentialAction":[{"@type":"ReadAction","target":["https:\/\/www.laguiadepamplona.com\/actualidad\/la-exposicion-las-mil-vidas-del-carton-presenta-en-el-museo-de-educacion-ambiental-muebles-elaborados-con-este-material-y-la-forma-en-la-que-se-crean\/"]}]},{"@type":"ImageObject","inLanguage":"es","@id":"https:\/\/www.laguiadepamplona.com\/actualidad\/la-exposicion-las-mil-vidas-del-carton-presenta-en-el-museo-de-educacion-ambiental-muebles-elaborados-con-este-material-y-la-forma-en-la-que-se-crean\/#primaryimage","url":"","contentUrl":""},{"@type":"BreadcrumbList","@id":"https:\/\/www.laguiadepamplona.com\/actualidad\/la-exposicion-las-mil-vidas-del-carton-presenta-en-el-museo-de-educacion-ambiental-muebles-elaborados-con-este-material-y-la-forma-en-la-que-se-crean\/#breadcrumb","itemListElement":[{"@type":"ListItem","position":1,"name":"Portada","item":"https:\/\/www.laguiadepamplona.com\/actualidad\/"},{"@type":"ListItem","position":2,"name":"La exposici\u00f3n \u2018Las mil vidas del cart\u00f3n\u2019 presenta en el Museo de Educaci\u00f3n Ambiental muebles elaborados con este material y la forma en la que se crean"}]},{"@type":"WebSite","@id":"https:\/\/www.laguiadepamplona.com\/actualidad\/#website","url":"https:\/\/www.laguiadepamplona.com\/actualidad\/","name":"La gu\u00eda de Pamplona","description":"Noticias de Pamplona","publisher":{"@id":"https:\/\/www.laguiadepamplona.com\/actualidad\/#organization"},"potentialAction":[{"@type":"SearchAction","target":{"@type":"EntryPoint","urlTemplate":"https:\/\/www.laguiadepamplona.com\/actualidad\/?s={search_term_string}"},"query-input":{"@type":"PropertyValueSpecification","valueRequired":true,"valueName":"search_term_string"}}],"inLanguage":"es"},{"@type":"Organization","@id":"https:\/\/www.laguiadepamplona.com\/actualidad\/#organization","name":"La Gu\u00eda de Pamplona \/ Noticias","url":"https:\/\/www.laguiadepamplona.com\/actualidad\/","logo":{"@type":"ImageObject","inLanguage":"es","@id":"https:\/\/www.laguiadepamplona.com\/actualidad\/#\/schema\/logo\/image\/","url":"https:\/\/www.laguiadepamplona.com\/actualidad\/wp-content\/uploads\/2018\/11\/logo-laguiadepamplona18-web1.png","contentUrl":"https:\/\/www.laguiadepamplona.com\/actualidad\/wp-content\/uploads\/2018\/11\/logo-laguiadepamplona18-web1.png","width":600,"height":196,"caption":"La Gu\u00eda de Pamplona \/ Noticias"},"image":{"@id":"https:\/\/www.laguiadepamplona.com\/actualidad\/#\/schema\/logo\/image\/"},"sameAs":["https:\/\/www.facebook.com\/laguiadepamplonacom-133175176762273\/?ref=hl","https:\/\/x.com\/LaGuiadPamplona","https:\/\/www.instagram.com\/la_guia_de_pamplona\/","https:\/\/www.youtube.com\/user\/laguiadepamplona"]},{"@type":"Person","@id":"https:\/\/www.laguiadepamplona.com\/actualidad\/#\/schema\/person\/efe887376f0213d4657c93adc50b1fdb","name":"La Gu\u00eda de Pamplona","image":{"@type":"ImageObject","inLanguage":"es","@id":"https:\/\/secure.gravatar.com\/avatar\/b6992f131dc8d30ab0dff15446e9d346d9dbd95992de0fef795073f5ea83a81c?s=96&d=mm&r=g","url":"https:\/\/secure.gravatar.com\/avatar\/b6992f131dc8d30ab0dff15446e9d346d9dbd95992de0fef795073f5ea83a81c?s=96&d=mm&r=g","contentUrl":"https:\/\/secure.gravatar.com\/avatar\/b6992f131dc8d30ab0dff15446e9d346d9dbd95992de0fef795073f5ea83a81c?s=96&d=mm&r=g","caption":"La Gu\u00eda de Pamplona"}}]}},"post_mailing_queue_ids":[],"_links":{"self":[{"href":"https:\/\/www.laguiadepamplona.com\/actualidad\/wp-json\/wp\/v2\/posts\/6189","targetHints":{"allow":["GET"]}}],"collection":[{"href":"https:\/\/www.laguiadepamplona.com\/actualidad\/wp-json\/wp\/v2\/posts"}],"about":[{"href":"https:\/\/www.laguiadepamplona.com\/actualidad\/wp-json\/wp\/v2\/types\/post"}],"author":[{"embeddable":true,"href":"https:\/\/www.laguiadepamplona.com\/actualidad\/wp-json\/wp\/v2\/users\/1"}],"replies":[{"embeddable":true,"href":"https:\/\/www.laguiadepamplona.com\/actualidad\/wp-json\/wp\/v2\/comments?post=6189"}],"version-history":[{"count":0,"href":"https:\/\/www.laguiadepamplona.com\/actualidad\/wp-json\/wp\/v2\/posts\/6189\/revisions"}],"wp:featuredmedia":[{"embeddable":true,"href":"https:\/\/www.laguiadepamplona.com\/actualidad\/wp-json\/"}],"wp:attachment":[{"href":"https:\/\/www.laguiadepamplona.com\/actualidad\/wp-json\/wp\/v2\/media?parent=6189"}],"wp:term":[{"taxonomy":"category","embeddable":true,"href":"https:\/\/www.laguiadepamplona.com\/actualidad\/wp-json\/wp\/v2\/categories?post=6189"},{"taxonomy":"post_tag","embeddable":true,"href":"https:\/\/www.laguiadepamplona.com\/actualidad\/wp-json\/wp\/v2\/tags?post=6189"}],"curies":[{"name":"wp","href":"https:\/\/api.w.org\/{rel}","templated":true}]}}