{"id":603,"date":"2014-02-26T13:55:42","date_gmt":"2014-02-26T12:55:42","guid":{"rendered":"http:\/\/laguiadepamplona.es\/noticias\/?p=603"},"modified":"2014-02-26T13:55:42","modified_gmt":"2014-02-26T12:55:42","slug":"un-joven-con-discapacidad-intelectual-obtiene-por-primera-vez-en-navarra-un-certificado-de-profesionalidad-en-un-curso-abierto-de-formacion-para-desempleados","status":"publish","type":"post","link":"https:\/\/www.laguiadepamplona.com\/actualidad\/un-joven-con-discapacidad-intelectual-obtiene-por-primera-vez-en-navarra-un-certificado-de-profesionalidad-en-un-curso-abierto-de-formacion-para-desempleados\/","title":{"rendered":"Un joven con discapacidad intelectual obtiene, por primera vez en Navarra, un Certificado de Profesionalidad en un curso abierto de Formaci\u00f3n para Desempleados"},"content":{"rendered":"<h6>Tras quedar incluido en un proceso de selecci\u00f3n normalizado, el Ayuntamiento puso los medios para adaptar los contenidos a su perfil<\/h6>\n<p><a href=\"http:\/\/laguiadepamplona.es\/noticias\/wp-content\/uploads\/2014\/02\/certificado_profesionalidad_discapacidad2.jpg\"><img loading=\"lazy\" decoding=\"async\" class=\"alignleft size-medium wp-image-604\" alt=\"certificado_profesionalidad_discapacidad2\" src=\"http:\/\/laguiadepamplona.es\/noticias\/wp-content\/uploads\/2014\/02\/certificado_profesionalidad_discapacidad2-200x300.jpg\" width=\"200\" height=\"300\" \/><\/a>Esta semana termina en Pamplona una experiencia piloto que pretende poder ser repetida: una persona con s\u00edndrome de Down terminar\u00e1 su formaci\u00f3n te\u00f3rica y pr\u00e1ctica y ser\u00e1 el primer alumno con este perfil que obtenga un Certificado de Profesionalidad. En concreto, a lo largo de los \u00faltimos seis meses, Iker San Miguel se ha estado capacitando como Auxiliar en viveros, jardines y centros de jardiner\u00eda. Y eso ha sido posible gracias a su esfuerzo, al apoyo de los otros compa\u00f1eros de curso, que han valorado muy positivamente la experiencia, y a la labor de sus monitoras: la de jardiner\u00eda, Mar\u00eda Jos\u00e9 Moreno y la de apoyo, Manaik Riviere.<\/p>\n<p>Desde el Programa de Formaci\u00f3n para el Empleo del Ayuntamiento de Pamplona se realiz\u00f3 un proceso de selecci\u00f3n de 20 candidatos para ese curso de formaci\u00f3n, conforme a un baremo \u00fanico. Hubo 80 solicitudes el mismo d\u00eda en que se abri\u00f3 el plazo de inscripci\u00f3n y, en la lista obtenida tras las valoraciones, San Miguel qued\u00f3 el n\u00famero 17. El Consistorio inici\u00f3 entonces la segunda fase de selecci\u00f3n mediante entrevistas. Pese a discapacidad intelectual del candidato, visto el inter\u00e9s del alumno -que contaba adem\u00e1s con formaci\u00f3n previa en esa rama a trav\u00e9s de un PCPI previo en el Instituto de F.P. Agroforestal -, y contando con la garant\u00eda de la familia de que se implicar\u00edan en el proceso formativo, el Ayuntamiento de Pamplona decidi\u00f3 seguir adelante.<\/p>\n<p>Los cursos de Formaci\u00f3n para Desempleados se realizan en colaboraci\u00f3n con el Servicio Navarro de Empleo. Este tipo de acciones pretenden la formaci\u00f3n ocupacional para personas en desempleo en pro de su inserci\u00f3n laboral y el Ayuntamiento de Pamplona, como centro de formaci\u00f3n acreditado por el SNE, puede impartir formaci\u00f3n vinculada a la obtenci\u00f3n de Certificados de Profesionalidad.<\/p>\n<p><strong>Adaptar la teor\u00eda y consolidar destrezas pr\u00e1cticas<\/strong><\/p>\n<p><a href=\"http:\/\/laguiadepamplona.es\/noticias\/wp-content\/uploads\/2014\/02\/certificado_profesionalidad_discapacidad1.jpg\"><img loading=\"lazy\" decoding=\"async\" class=\"alignleft size-medium wp-image-605\" alt=\"certificado_profesionalidad_discapacidad1\" src=\"http:\/\/laguiadepamplona.es\/noticias\/wp-content\/uploads\/2014\/02\/certificado_profesionalidad_discapacidad1-300x200.jpg\" width=\"300\" height=\"200\" \/><\/a>Lo primero para permitir el acceso de San Miguel a este curso fue preparar material adecuado y hacer la adaptaci\u00f3n curricular. Mar\u00eda Jos\u00e9 Moreno, la monitora de jardiner\u00eda, usando de apoyo material en pr\u00e9stamo del CREENA, el Colegio El Molino y el Instituto de F.P. Agroforestal, comenz\u00f3 a preparar fichas espec\u00edficas para el alumno. El Consistorio contrat\u00f3, adem\u00e1s, a una monitora de apoyo -Manaik Riviere- con experiencia en docencia y discapacidad intelectual, y a partir de ah\u00ed se inici\u00f3 el proceso.<\/p>\n<p>El alumno con discapacidad intelectual, como el resto de sus compa\u00f1eros, comenz\u00f3 en septiembre la formaci\u00f3n te\u00f3rico pr\u00e1ctica que, hasta el 28 de noviembre, le supuso dedicar 5 horas diarias a estos contenidos en el Centro de Formaci\u00f3n Municipal Casa Irujo (Vuelta de Aranzadi). Las pruebas de evaluaci\u00f3n se adaptaron a sus necesidades, siempre garantizando la adquisici\u00f3n por el alumno de los conocimientos m\u00ednimos, y de hecho fueron haci\u00e9ndose m\u00e1s complejas en su formulaci\u00f3n a lo largo del proceso.<\/p>\n<p>Tras superar los m\u00f3dulos, incluyendo trabajos grupales y la confecci\u00f3n de un herbario, se requer\u00eda para poder obtener el Certificado de Profesionalidad que acredite su cualificaci\u00f3n la realizaci\u00f3n de 80 horas de pr\u00e1cticas, que terminan este viernes y que, en concreto Iker San Miguel, est\u00e1 haciendo en los viveros municipales. El trabajo pr\u00e1ctico ha requerido menos trabajo de adaptaci\u00f3n porque el alumno ten\u00eda adquiridas las destrezas m\u00ednimas necesarias, gracias a sus estudios previos en el Instituto de F.P. Agroforestal y las pr\u00e1cticas realizadas a lo largo de los tres meses de curso. De hecho actualmente San Miguel compatibiliza sus pr\u00e1cticas en el vivero con un trabajo a media jornada en otra instituci\u00f3n.<\/p>\n<p><strong>Los resultados obtenidos<\/strong><\/p>\n<p>El alumnado que participa en estos cursos obtiene un Certificado de Profesionalidad de nivel 1 que habilita para trabajar como pe\u00f3n de horticultura, jardiner\u00eda, agr\u00edcola, viveros y centros de jardiner\u00eda. Adem\u00e1s, a los participantes se les imparte como complemento a sus conocimientos, formaci\u00f3n en b\u00fasqueda activa de empleo, atenci\u00f3n al cliente y autoempleo.<\/p>\n<p>Desde ese punto de vista Iker San Miguel ha conseguido acceder a un nivel de formaci\u00f3n y a unas posibilidades de inserci\u00f3n que, hasta ahora, no estaban habilitadas para personas con su perfil. Seg\u00fan lo expresado por el resto del grupo, sus compa\u00f1eros, ellos se han visto enriquecidos por la experiencia de convivir con una persona con un sistema de aprendizaje distinto, les ha ayudado a perder el miedo al trato cotidiano con alguien diferente y a una mejor aceptaci\u00f3n de la diversidad social. Finalmente para el Consistorio la experiencia sobrevenida de este proceso de selecci\u00f3n-formaci\u00f3n ha supuesto un paso de flexibilizaci\u00f3n de criterios y de adaptaci\u00f3n de metodolog\u00edas, que a tenor de los resultados, podr\u00eda prolongarse y extenderse en el tiempo y en diversos \u00e1mbitos de actuaci\u00f3n. La idea final es que este proceso puede considerarse como un paso adelante en favor de un mejor aprovechamiento de las capacidades y aptitudes de todos los ciudadanos.<\/p>\n<p>&nbsp;<\/p>\n","protected":false},"excerpt":{"rendered":"<p>Tras quedar incluido en un proceso de selecci\u00f3n normalizado, el Ayuntamiento puso los medios para adaptar los contenidos a su perfil Esta semana termina en Pamplona una experiencia piloto que&#8230;<\/p>\n","protected":false},"author":1,"featured_media":605,"comment_status":"open","ping_status":"open","sticky":false,"template":"","format":"standard","meta":{"footnotes":""},"categories":[2],"tags":[5,6,360,361,362,8,9,363],"class_list":["post-603","post","type-post","status-publish","format-standard","has-post-thumbnail","hentry","category-ayuntamiento-pamplona","tag-actualidad","tag-ayto-pamplona","tag-certificado-de-profesionalidad","tag-discapacidad-intelectual","tag-iker-san-miguel","tag-noticias","tag-pamplona","tag-primera-vez-en-navarra"],"yoast_head":"<!-- This site is optimized with the Yoast SEO plugin v27.5 - https:\/\/yoast.com\/product\/yoast-seo-wordpress\/ -->\n<title>Un joven con discapacidad intelectual obtiene, por primera vez en Navarra, un Certificado de Profesionalidad en un curso abierto de Formaci\u00f3n para Desempleados<\/title>\n<meta name=\"robots\" content=\"index, follow, max-snippet:-1, max-image-preview:large, max-video-preview:-1\" \/>\n<link rel=\"canonical\" href=\"https:\/\/www.laguiadepamplona.com\/actualidad\/un-joven-con-discapacidad-intelectual-obtiene-por-primera-vez-en-navarra-un-certificado-de-profesionalidad-en-un-curso-abierto-de-formacion-para-desempleados\/\" \/>\n<meta property=\"og:locale\" content=\"es_ES\" \/>\n<meta property=\"og:type\" content=\"article\" \/>\n<meta property=\"og:title\" content=\"Un joven con discapacidad intelectual obtiene, por primera vez en Navarra, un Certificado de Profesionalidad en un curso abierto de Formaci\u00f3n para Desempleados\" \/>\n<meta property=\"og:description\" content=\"Tras quedar incluido en un proceso de selecci\u00f3n normalizado, el Ayuntamiento puso los medios para adaptar los contenidos a su perfil Esta semana termina en Pamplona una experiencia piloto que...\" \/>\n<meta property=\"og:url\" content=\"https:\/\/www.laguiadepamplona.com\/actualidad\/un-joven-con-discapacidad-intelectual-obtiene-por-primera-vez-en-navarra-un-certificado-de-profesionalidad-en-un-curso-abierto-de-formacion-para-desempleados\/\" \/>\n<meta property=\"og:site_name\" content=\"La Gu\u00eda de Pamplona\" \/>\n<meta property=\"article:publisher\" content=\"https:\/\/www.facebook.com\/laguiadepamplonacom-133175176762273\/?ref=hl\" \/>\n<meta property=\"article:published_time\" content=\"2014-02-26T12:55:42+00:00\" \/>\n<meta name=\"author\" content=\"La Gu\u00eda de Pamplona\" \/>\n<meta name=\"twitter:card\" content=\"summary_large_image\" \/>\n<meta name=\"twitter:creator\" content=\"@LaGuiadPamplona\" \/>\n<meta name=\"twitter:site\" content=\"@LaGuiadPamplona\" \/>\n<meta name=\"twitter:label1\" content=\"Escrito por\" \/>\n\t<meta name=\"twitter:data1\" content=\"La Gu\u00eda de Pamplona\" \/>\n\t<meta name=\"twitter:label2\" content=\"Tiempo de lectura\" \/>\n\t<meta name=\"twitter:data2\" content=\"4 minutos\" \/>\n<script type=\"application\/ld+json\" class=\"yoast-schema-graph\">{\"@context\":\"https:\\\/\\\/schema.org\",\"@graph\":[{\"@type\":\"Article\",\"@id\":\"https:\\\/\\\/www.laguiadepamplona.com\\\/actualidad\\\/un-joven-con-discapacidad-intelectual-obtiene-por-primera-vez-en-navarra-un-certificado-de-profesionalidad-en-un-curso-abierto-de-formacion-para-desempleados\\\/#article\",\"isPartOf\":{\"@id\":\"https:\\\/\\\/www.laguiadepamplona.com\\\/actualidad\\\/un-joven-con-discapacidad-intelectual-obtiene-por-primera-vez-en-navarra-un-certificado-de-profesionalidad-en-un-curso-abierto-de-formacion-para-desempleados\\\/\"},\"author\":{\"name\":\"La Gu\u00eda de Pamplona\",\"@id\":\"https:\\\/\\\/www.laguiadepamplona.com\\\/actualidad\\\/#\\\/schema\\\/person\\\/efe887376f0213d4657c93adc50b1fdb\"},\"headline\":\"Un joven con discapacidad intelectual obtiene, por primera vez en Navarra, un Certificado de Profesionalidad en un curso abierto de Formaci\u00f3n para Desempleados\",\"datePublished\":\"2014-02-26T12:55:42+00:00\",\"mainEntityOfPage\":{\"@id\":\"https:\\\/\\\/www.laguiadepamplona.com\\\/actualidad\\\/un-joven-con-discapacidad-intelectual-obtiene-por-primera-vez-en-navarra-un-certificado-de-profesionalidad-en-un-curso-abierto-de-formacion-para-desempleados\\\/\"},\"wordCount\":906,\"commentCount\":0,\"publisher\":{\"@id\":\"https:\\\/\\\/www.laguiadepamplona.com\\\/actualidad\\\/#organization\"},\"image\":{\"@id\":\"https:\\\/\\\/www.laguiadepamplona.com\\\/actualidad\\\/un-joven-con-discapacidad-intelectual-obtiene-por-primera-vez-en-navarra-un-certificado-de-profesionalidad-en-un-curso-abierto-de-formacion-para-desempleados\\\/#primaryimage\"},\"thumbnailUrl\":\"\",\"keywords\":[\"actualidad\",\"ayto pamplona\",\"Certificado de Profesionalidad\",\"discapacidad intelectual\",\"Iker San Miguel\",\"noticias\",\"pamplona\",\"primera vez en Navarra\"],\"articleSection\":[\"Ayto Pamplona\"],\"inLanguage\":\"es\",\"potentialAction\":[{\"@type\":\"CommentAction\",\"name\":\"Comment\",\"target\":[\"https:\\\/\\\/www.laguiadepamplona.com\\\/actualidad\\\/un-joven-con-discapacidad-intelectual-obtiene-por-primera-vez-en-navarra-un-certificado-de-profesionalidad-en-un-curso-abierto-de-formacion-para-desempleados\\\/#respond\"]}]},{\"@type\":\"WebPage\",\"@id\":\"https:\\\/\\\/www.laguiadepamplona.com\\\/actualidad\\\/un-joven-con-discapacidad-intelectual-obtiene-por-primera-vez-en-navarra-un-certificado-de-profesionalidad-en-un-curso-abierto-de-formacion-para-desempleados\\\/\",\"url\":\"https:\\\/\\\/www.laguiadepamplona.com\\\/actualidad\\\/un-joven-con-discapacidad-intelectual-obtiene-por-primera-vez-en-navarra-un-certificado-de-profesionalidad-en-un-curso-abierto-de-formacion-para-desempleados\\\/\",\"name\":\"Un joven con discapacidad intelectual obtiene, por primera vez en Navarra, un Certificado de Profesionalidad en un curso abierto de Formaci\u00f3n para Desempleados\",\"isPartOf\":{\"@id\":\"https:\\\/\\\/www.laguiadepamplona.com\\\/actualidad\\\/#website\"},\"primaryImageOfPage\":{\"@id\":\"https:\\\/\\\/www.laguiadepamplona.com\\\/actualidad\\\/un-joven-con-discapacidad-intelectual-obtiene-por-primera-vez-en-navarra-un-certificado-de-profesionalidad-en-un-curso-abierto-de-formacion-para-desempleados\\\/#primaryimage\"},\"image\":{\"@id\":\"https:\\\/\\\/www.laguiadepamplona.com\\\/actualidad\\\/un-joven-con-discapacidad-intelectual-obtiene-por-primera-vez-en-navarra-un-certificado-de-profesionalidad-en-un-curso-abierto-de-formacion-para-desempleados\\\/#primaryimage\"},\"thumbnailUrl\":\"\",\"datePublished\":\"2014-02-26T12:55:42+00:00\",\"breadcrumb\":{\"@id\":\"https:\\\/\\\/www.laguiadepamplona.com\\\/actualidad\\\/un-joven-con-discapacidad-intelectual-obtiene-por-primera-vez-en-navarra-un-certificado-de-profesionalidad-en-un-curso-abierto-de-formacion-para-desempleados\\\/#breadcrumb\"},\"inLanguage\":\"es\",\"potentialAction\":[{\"@type\":\"ReadAction\",\"target\":[\"https:\\\/\\\/www.laguiadepamplona.com\\\/actualidad\\\/un-joven-con-discapacidad-intelectual-obtiene-por-primera-vez-en-navarra-un-certificado-de-profesionalidad-en-un-curso-abierto-de-formacion-para-desempleados\\\/\"]}]},{\"@type\":\"ImageObject\",\"inLanguage\":\"es\",\"@id\":\"https:\\\/\\\/www.laguiadepamplona.com\\\/actualidad\\\/un-joven-con-discapacidad-intelectual-obtiene-por-primera-vez-en-navarra-un-certificado-de-profesionalidad-en-un-curso-abierto-de-formacion-para-desempleados\\\/#primaryimage\",\"url\":\"\",\"contentUrl\":\"\"},{\"@type\":\"BreadcrumbList\",\"@id\":\"https:\\\/\\\/www.laguiadepamplona.com\\\/actualidad\\\/un-joven-con-discapacidad-intelectual-obtiene-por-primera-vez-en-navarra-un-certificado-de-profesionalidad-en-un-curso-abierto-de-formacion-para-desempleados\\\/#breadcrumb\",\"itemListElement\":[{\"@type\":\"ListItem\",\"position\":1,\"name\":\"Portada\",\"item\":\"https:\\\/\\\/www.laguiadepamplona.com\\\/actualidad\\\/\"},{\"@type\":\"ListItem\",\"position\":2,\"name\":\"Un joven con discapacidad intelectual obtiene, por primera vez en Navarra, un Certificado de Profesionalidad en un curso abierto de Formaci\u00f3n para Desempleados\"}]},{\"@type\":\"WebSite\",\"@id\":\"https:\\\/\\\/www.laguiadepamplona.com\\\/actualidad\\\/#website\",\"url\":\"https:\\\/\\\/www.laguiadepamplona.com\\\/actualidad\\\/\",\"name\":\"La gu\u00eda de Pamplona\",\"description\":\"Noticias de Pamplona\",\"publisher\":{\"@id\":\"https:\\\/\\\/www.laguiadepamplona.com\\\/actualidad\\\/#organization\"},\"potentialAction\":[{\"@type\":\"SearchAction\",\"target\":{\"@type\":\"EntryPoint\",\"urlTemplate\":\"https:\\\/\\\/www.laguiadepamplona.com\\\/actualidad\\\/?s={search_term_string}\"},\"query-input\":{\"@type\":\"PropertyValueSpecification\",\"valueRequired\":true,\"valueName\":\"search_term_string\"}}],\"inLanguage\":\"es\"},{\"@type\":\"Organization\",\"@id\":\"https:\\\/\\\/www.laguiadepamplona.com\\\/actualidad\\\/#organization\",\"name\":\"La Gu\u00eda de Pamplona \\\/ Noticias\",\"url\":\"https:\\\/\\\/www.laguiadepamplona.com\\\/actualidad\\\/\",\"logo\":{\"@type\":\"ImageObject\",\"inLanguage\":\"es\",\"@id\":\"https:\\\/\\\/www.laguiadepamplona.com\\\/actualidad\\\/#\\\/schema\\\/logo\\\/image\\\/\",\"url\":\"https:\\\/\\\/www.laguiadepamplona.com\\\/actualidad\\\/wp-content\\\/uploads\\\/2018\\\/11\\\/logo-laguiadepamplona18-web1.png\",\"contentUrl\":\"https:\\\/\\\/www.laguiadepamplona.com\\\/actualidad\\\/wp-content\\\/uploads\\\/2018\\\/11\\\/logo-laguiadepamplona18-web1.png\",\"width\":600,\"height\":196,\"caption\":\"La Gu\u00eda de Pamplona \\\/ Noticias\"},\"image\":{\"@id\":\"https:\\\/\\\/www.laguiadepamplona.com\\\/actualidad\\\/#\\\/schema\\\/logo\\\/image\\\/\"},\"sameAs\":[\"https:\\\/\\\/www.facebook.com\\\/laguiadepamplonacom-133175176762273\\\/?ref=hl\",\"https:\\\/\\\/x.com\\\/LaGuiadPamplona\",\"https:\\\/\\\/www.instagram.com\\\/la_guia_de_pamplona\\\/\",\"https:\\\/\\\/www.youtube.com\\\/user\\\/laguiadepamplona\"]},{\"@type\":\"Person\",\"@id\":\"https:\\\/\\\/www.laguiadepamplona.com\\\/actualidad\\\/#\\\/schema\\\/person\\\/efe887376f0213d4657c93adc50b1fdb\",\"name\":\"La Gu\u00eda de Pamplona\",\"image\":{\"@type\":\"ImageObject\",\"inLanguage\":\"es\",\"@id\":\"https:\\\/\\\/secure.gravatar.com\\\/avatar\\\/b6992f131dc8d30ab0dff15446e9d346d9dbd95992de0fef795073f5ea83a81c?s=96&d=mm&r=g\",\"url\":\"https:\\\/\\\/secure.gravatar.com\\\/avatar\\\/b6992f131dc8d30ab0dff15446e9d346d9dbd95992de0fef795073f5ea83a81c?s=96&d=mm&r=g\",\"contentUrl\":\"https:\\\/\\\/secure.gravatar.com\\\/avatar\\\/b6992f131dc8d30ab0dff15446e9d346d9dbd95992de0fef795073f5ea83a81c?s=96&d=mm&r=g\",\"caption\":\"La Gu\u00eda de Pamplona\"}}]}<\/script>\n<!-- \/ Yoast SEO plugin. -->","yoast_head_json":{"title":"Un joven con discapacidad intelectual obtiene, por primera vez en Navarra, un Certificado de Profesionalidad en un curso abierto de Formaci\u00f3n para Desempleados","robots":{"index":"index","follow":"follow","max-snippet":"max-snippet:-1","max-image-preview":"max-image-preview:large","max-video-preview":"max-video-preview:-1"},"canonical":"https:\/\/www.laguiadepamplona.com\/actualidad\/un-joven-con-discapacidad-intelectual-obtiene-por-primera-vez-en-navarra-un-certificado-de-profesionalidad-en-un-curso-abierto-de-formacion-para-desempleados\/","og_locale":"es_ES","og_type":"article","og_title":"Un joven con discapacidad intelectual obtiene, por primera vez en Navarra, un Certificado de Profesionalidad en un curso abierto de Formaci\u00f3n para Desempleados","og_description":"Tras quedar incluido en un proceso de selecci\u00f3n normalizado, el Ayuntamiento puso los medios para adaptar los contenidos a su perfil Esta semana termina en Pamplona una experiencia piloto que...","og_url":"https:\/\/www.laguiadepamplona.com\/actualidad\/un-joven-con-discapacidad-intelectual-obtiene-por-primera-vez-en-navarra-un-certificado-de-profesionalidad-en-un-curso-abierto-de-formacion-para-desempleados\/","og_site_name":"La Gu\u00eda de Pamplona","article_publisher":"https:\/\/www.facebook.com\/laguiadepamplonacom-133175176762273\/?ref=hl","article_published_time":"2014-02-26T12:55:42+00:00","author":"La Gu\u00eda de Pamplona","twitter_card":"summary_large_image","twitter_creator":"@LaGuiadPamplona","twitter_site":"@LaGuiadPamplona","twitter_misc":{"Escrito por":"La Gu\u00eda de Pamplona","Tiempo de lectura":"4 minutos"},"schema":{"@context":"https:\/\/schema.org","@graph":[{"@type":"Article","@id":"https:\/\/www.laguiadepamplona.com\/actualidad\/un-joven-con-discapacidad-intelectual-obtiene-por-primera-vez-en-navarra-un-certificado-de-profesionalidad-en-un-curso-abierto-de-formacion-para-desempleados\/#article","isPartOf":{"@id":"https:\/\/www.laguiadepamplona.com\/actualidad\/un-joven-con-discapacidad-intelectual-obtiene-por-primera-vez-en-navarra-un-certificado-de-profesionalidad-en-un-curso-abierto-de-formacion-para-desempleados\/"},"author":{"name":"La Gu\u00eda de Pamplona","@id":"https:\/\/www.laguiadepamplona.com\/actualidad\/#\/schema\/person\/efe887376f0213d4657c93adc50b1fdb"},"headline":"Un joven con discapacidad intelectual obtiene, por primera vez en Navarra, un Certificado de Profesionalidad en un curso abierto de Formaci\u00f3n para Desempleados","datePublished":"2014-02-26T12:55:42+00:00","mainEntityOfPage":{"@id":"https:\/\/www.laguiadepamplona.com\/actualidad\/un-joven-con-discapacidad-intelectual-obtiene-por-primera-vez-en-navarra-un-certificado-de-profesionalidad-en-un-curso-abierto-de-formacion-para-desempleados\/"},"wordCount":906,"commentCount":0,"publisher":{"@id":"https:\/\/www.laguiadepamplona.com\/actualidad\/#organization"},"image":{"@id":"https:\/\/www.laguiadepamplona.com\/actualidad\/un-joven-con-discapacidad-intelectual-obtiene-por-primera-vez-en-navarra-un-certificado-de-profesionalidad-en-un-curso-abierto-de-formacion-para-desempleados\/#primaryimage"},"thumbnailUrl":"","keywords":["actualidad","ayto pamplona","Certificado de Profesionalidad","discapacidad intelectual","Iker San Miguel","noticias","pamplona","primera vez en Navarra"],"articleSection":["Ayto Pamplona"],"inLanguage":"es","potentialAction":[{"@type":"CommentAction","name":"Comment","target":["https:\/\/www.laguiadepamplona.com\/actualidad\/un-joven-con-discapacidad-intelectual-obtiene-por-primera-vez-en-navarra-un-certificado-de-profesionalidad-en-un-curso-abierto-de-formacion-para-desempleados\/#respond"]}]},{"@type":"WebPage","@id":"https:\/\/www.laguiadepamplona.com\/actualidad\/un-joven-con-discapacidad-intelectual-obtiene-por-primera-vez-en-navarra-un-certificado-de-profesionalidad-en-un-curso-abierto-de-formacion-para-desempleados\/","url":"https:\/\/www.laguiadepamplona.com\/actualidad\/un-joven-con-discapacidad-intelectual-obtiene-por-primera-vez-en-navarra-un-certificado-de-profesionalidad-en-un-curso-abierto-de-formacion-para-desempleados\/","name":"Un joven con discapacidad intelectual obtiene, por primera vez en Navarra, un Certificado de Profesionalidad en un curso abierto de Formaci\u00f3n para Desempleados","isPartOf":{"@id":"https:\/\/www.laguiadepamplona.com\/actualidad\/#website"},"primaryImageOfPage":{"@id":"https:\/\/www.laguiadepamplona.com\/actualidad\/un-joven-con-discapacidad-intelectual-obtiene-por-primera-vez-en-navarra-un-certificado-de-profesionalidad-en-un-curso-abierto-de-formacion-para-desempleados\/#primaryimage"},"image":{"@id":"https:\/\/www.laguiadepamplona.com\/actualidad\/un-joven-con-discapacidad-intelectual-obtiene-por-primera-vez-en-navarra-un-certificado-de-profesionalidad-en-un-curso-abierto-de-formacion-para-desempleados\/#primaryimage"},"thumbnailUrl":"","datePublished":"2014-02-26T12:55:42+00:00","breadcrumb":{"@id":"https:\/\/www.laguiadepamplona.com\/actualidad\/un-joven-con-discapacidad-intelectual-obtiene-por-primera-vez-en-navarra-un-certificado-de-profesionalidad-en-un-curso-abierto-de-formacion-para-desempleados\/#breadcrumb"},"inLanguage":"es","potentialAction":[{"@type":"ReadAction","target":["https:\/\/www.laguiadepamplona.com\/actualidad\/un-joven-con-discapacidad-intelectual-obtiene-por-primera-vez-en-navarra-un-certificado-de-profesionalidad-en-un-curso-abierto-de-formacion-para-desempleados\/"]}]},{"@type":"ImageObject","inLanguage":"es","@id":"https:\/\/www.laguiadepamplona.com\/actualidad\/un-joven-con-discapacidad-intelectual-obtiene-por-primera-vez-en-navarra-un-certificado-de-profesionalidad-en-un-curso-abierto-de-formacion-para-desempleados\/#primaryimage","url":"","contentUrl":""},{"@type":"BreadcrumbList","@id":"https:\/\/www.laguiadepamplona.com\/actualidad\/un-joven-con-discapacidad-intelectual-obtiene-por-primera-vez-en-navarra-un-certificado-de-profesionalidad-en-un-curso-abierto-de-formacion-para-desempleados\/#breadcrumb","itemListElement":[{"@type":"ListItem","position":1,"name":"Portada","item":"https:\/\/www.laguiadepamplona.com\/actualidad\/"},{"@type":"ListItem","position":2,"name":"Un joven con discapacidad intelectual obtiene, por primera vez en Navarra, un Certificado de Profesionalidad en un curso abierto de Formaci\u00f3n para Desempleados"}]},{"@type":"WebSite","@id":"https:\/\/www.laguiadepamplona.com\/actualidad\/#website","url":"https:\/\/www.laguiadepamplona.com\/actualidad\/","name":"La gu\u00eda de Pamplona","description":"Noticias de Pamplona","publisher":{"@id":"https:\/\/www.laguiadepamplona.com\/actualidad\/#organization"},"potentialAction":[{"@type":"SearchAction","target":{"@type":"EntryPoint","urlTemplate":"https:\/\/www.laguiadepamplona.com\/actualidad\/?s={search_term_string}"},"query-input":{"@type":"PropertyValueSpecification","valueRequired":true,"valueName":"search_term_string"}}],"inLanguage":"es"},{"@type":"Organization","@id":"https:\/\/www.laguiadepamplona.com\/actualidad\/#organization","name":"La Gu\u00eda de Pamplona \/ Noticias","url":"https:\/\/www.laguiadepamplona.com\/actualidad\/","logo":{"@type":"ImageObject","inLanguage":"es","@id":"https:\/\/www.laguiadepamplona.com\/actualidad\/#\/schema\/logo\/image\/","url":"https:\/\/www.laguiadepamplona.com\/actualidad\/wp-content\/uploads\/2018\/11\/logo-laguiadepamplona18-web1.png","contentUrl":"https:\/\/www.laguiadepamplona.com\/actualidad\/wp-content\/uploads\/2018\/11\/logo-laguiadepamplona18-web1.png","width":600,"height":196,"caption":"La Gu\u00eda de Pamplona \/ Noticias"},"image":{"@id":"https:\/\/www.laguiadepamplona.com\/actualidad\/#\/schema\/logo\/image\/"},"sameAs":["https:\/\/www.facebook.com\/laguiadepamplonacom-133175176762273\/?ref=hl","https:\/\/x.com\/LaGuiadPamplona","https:\/\/www.instagram.com\/la_guia_de_pamplona\/","https:\/\/www.youtube.com\/user\/laguiadepamplona"]},{"@type":"Person","@id":"https:\/\/www.laguiadepamplona.com\/actualidad\/#\/schema\/person\/efe887376f0213d4657c93adc50b1fdb","name":"La Gu\u00eda de Pamplona","image":{"@type":"ImageObject","inLanguage":"es","@id":"https:\/\/secure.gravatar.com\/avatar\/b6992f131dc8d30ab0dff15446e9d346d9dbd95992de0fef795073f5ea83a81c?s=96&d=mm&r=g","url":"https:\/\/secure.gravatar.com\/avatar\/b6992f131dc8d30ab0dff15446e9d346d9dbd95992de0fef795073f5ea83a81c?s=96&d=mm&r=g","contentUrl":"https:\/\/secure.gravatar.com\/avatar\/b6992f131dc8d30ab0dff15446e9d346d9dbd95992de0fef795073f5ea83a81c?s=96&d=mm&r=g","caption":"La Gu\u00eda de Pamplona"}}]}},"post_mailing_queue_ids":[],"_links":{"self":[{"href":"https:\/\/www.laguiadepamplona.com\/actualidad\/wp-json\/wp\/v2\/posts\/603","targetHints":{"allow":["GET"]}}],"collection":[{"href":"https:\/\/www.laguiadepamplona.com\/actualidad\/wp-json\/wp\/v2\/posts"}],"about":[{"href":"https:\/\/www.laguiadepamplona.com\/actualidad\/wp-json\/wp\/v2\/types\/post"}],"author":[{"embeddable":true,"href":"https:\/\/www.laguiadepamplona.com\/actualidad\/wp-json\/wp\/v2\/users\/1"}],"replies":[{"embeddable":true,"href":"https:\/\/www.laguiadepamplona.com\/actualidad\/wp-json\/wp\/v2\/comments?post=603"}],"version-history":[{"count":0,"href":"https:\/\/www.laguiadepamplona.com\/actualidad\/wp-json\/wp\/v2\/posts\/603\/revisions"}],"wp:featuredmedia":[{"embeddable":true,"href":"https:\/\/www.laguiadepamplona.com\/actualidad\/wp-json\/"}],"wp:attachment":[{"href":"https:\/\/www.laguiadepamplona.com\/actualidad\/wp-json\/wp\/v2\/media?parent=603"}],"wp:term":[{"taxonomy":"category","embeddable":true,"href":"https:\/\/www.laguiadepamplona.com\/actualidad\/wp-json\/wp\/v2\/categories?post=603"},{"taxonomy":"post_tag","embeddable":true,"href":"https:\/\/www.laguiadepamplona.com\/actualidad\/wp-json\/wp\/v2\/tags?post=603"}],"curies":[{"name":"wp","href":"https:\/\/api.w.org\/{rel}","templated":true}]}}