{"id":5954,"date":"2015-05-19T16:00:17","date_gmt":"2015-05-19T14:00:17","guid":{"rendered":"http:\/\/laguiadepamplona.com\/actualidad\/?p=5954"},"modified":"2015-05-19T16:00:17","modified_gmt":"2015-05-19T14:00:17","slug":"la-migracion-de-aves-en-la-via-atlantica-estudiada-a-traves-del-proyecto-lindus-tema-de-la-charla-que-acoge-manana-miercoles-el-museo-de-educacion-ambiental","status":"publish","type":"post","link":"https:\/\/www.laguiadepamplona.com\/actualidad\/la-migracion-de-aves-en-la-via-atlantica-estudiada-a-traves-del-proyecto-lindus-tema-de-la-charla-que-acoge-manana-miercoles-el-museo-de-educacion-ambiental\/","title":{"rendered":"La migraci\u00f3n de aves en la v\u00eda atl\u00e1ntica, estudiada a trav\u00e9s del proyecto Lindus, tema de la charla que acoge ma\u00f1ana mi\u00e9rcoles el Museo de Educaci\u00f3n Ambiental"},"content":{"rendered":"<h4>La conferencia comenzar\u00e1 a las 19 horas con entrada libre y correr\u00e1 a cargo del bi\u00f3logo Gabi Berasategui, de Ornitolan Servicios Ambientales<\/h4>\n<p><a href=\"http:\/\/laguiadepamplona.com\/actualidad\/wp-content\/uploads\/2015\/05\/observatorio_aves.jpg\"><img loading=\"lazy\" decoding=\"async\" class=\"alignleft size-medium wp-image-5955\" src=\"http:\/\/laguiadepamplona.com\/actualidad\/wp-content\/uploads\/2015\/05\/observatorio_aves-300x225.jpg\" alt=\"observatorio_aves\" width=\"300\" height=\"225\" \/><\/a>El Museo de Educaci\u00f3n Ambiental del Ayuntamiento de Pamplona acoge ma\u00f1ana mi\u00e9rcoles en su Aula de Sostenibilidad una charla sobre el estudio de la migraci\u00f3n de aves en la v\u00eda atl\u00e1ntica, concretamente sobre el proyecto Lindus desarrollado en Auritz-Burguete con la colaboraci\u00f3n e interacci\u00f3n de dos territorios: Pirineos-Atl\u00e1nticos y Navarra. El bi\u00f3logo Gabriel Berasategui, de la empresa Ornitolan, ser\u00e1 el encargado de impartir esta sesi\u00f3n que comenzar\u00e1 a las 19 horas con entrada libre. Los interesados en utilizar el servicio gratuito de ludoteca infantil que se ofrece a los asistentes mientras dura la charla deben realizar una reserva previa en el tel\u00e9fono 948149804.<\/p>\n<p>En el transcurso de la charla, el ponente describir\u00e1 las actividades y los resultados obtenidos en esta iniciativa que se realiza desde uno de los puntos de observaci\u00f3n m\u00e1s importantes de Europa. El proyecto Lindus consiste en el seguimiento de la migraci\u00f3n postnupcial de las aves a su paso por el Pirineo navarro, en concreto por los collados de Lindus. Este emplazamiento constituye un lugar excelente para la observaci\u00f3n de aves durante la migraci\u00f3n oto\u00f1al, ya que la especial orograf\u00eda de los Pirineos hace que miles de aves que han criado en Europa y que huyen del invierno busquen los pasos m\u00e1s sencillos para atravesar esta barrera monta\u00f1osa.<\/p>\n<p>A trav\u00e9s de una din\u00e1mica de observaci\u00f3n, recogida de datos, an\u00e1lisis y difusi\u00f3n, el proyecto permite establecer una verdadera interacci\u00f3n entre las colectividades dedicadas a la observaci\u00f3n de las aves en el espacio transfronterizo a nivel de la \u2018fosa atl\u00e1ntica\u2019, por donde transita una gran parte de las aves migratorias entre Europa y \u00c1frica.<\/p>\n<p>Este proyecto cuenta con la participaci\u00f3n de voluntarios en los \u00e1mbitos de la formaci\u00f3n, la ayuda a la observaci\u00f3n y a la recopilaci\u00f3n de datos, la educaci\u00f3n ambiental y los conocimientos de recursos locales. La difusi\u00f3n de los resultados del proyecto contribuir\u00e1, adem\u00e1s de formar y sensibilizar a estos voluntarios, a desvelar la riqueza natural de las zonas de Lindus-Burguete, Lizarrieta y Organbidexka a un nivel europeo.<\/p>\n<p><strong>Estudios y educaci\u00f3n ambiental<\/strong><\/p>\n<p>Ornitolan Servicios Ambientales es una empresa especializada en el estudio del medio ambiente que cuenta con un equipo multidisciplinar formado por especialistas en fauna, sistemas de informaci\u00f3n geogr\u00e1fica, estudios de impacto ambiental, estudios de afecciones, planes de seguimiento, educaci\u00f3n ambiental, turismo ornitol\u00f3gico y caza. Entre sus objetivos est\u00e1 dar cobertura de servicios ambientales; compatibilizar desarrollo y conservaci\u00f3n; ayudar e informar a los distintos sectores sobre las leyes ambientales, as\u00ed como de las mejoras ambientales posibles a la hora de llevar a cabo su proyecto; e informar y sensibilizar mediante campa\u00f1as de educaci\u00f3n ambiental a la sociedad.<\/p>\n<p>Su actividad se desarrolla en distintos \u00e1mbitos, y as\u00ed realizan estudios de impacto ambiental, estudios de fauna en diferentes comunidades aut\u00f3nomas, actividades de educaci\u00f3n ambiental (cursos de formaci\u00f3n, visitas guiadas, jornadas de voluntariado, trabajos con escolares, etc.) o propuestas de turismo en la naturaleza por toda la Comunidad Foral.<\/p>\n<p>&nbsp;<\/p>\n<p><strong>charla &#8211; aula de sostenibilidad<\/strong><\/p>\n<ul>\n<li><strong>T\u00edtulo<\/strong>: \u2018Estudio de la migraci\u00f3n de aves en la v\u00eda atl\u00e1ntica. Proyecto Lindus. Auritz-Burguete\u2019<\/li>\n<li><strong>Ponente<\/strong>: Gabriel Berasategui, bi\u00f3logo de Ornitolan Servicios Ambientales<\/li>\n<li><strong>Lugar<\/strong>: Museo de Educaci\u00f3n Ambiental<\/li>\n<li><strong>Fecha y hora<\/strong>: mi\u00e9rcoles 20 de mayo a las 19 horas<\/li>\n<li>Entrada libre. Servicio de ludoteca infantil gratuito para acompa\u00f1antes de los asistentes (reserva previa en el tel\u00e9fono 948149804)<\/li>\n<\/ul>\n<p>&nbsp;<\/p>\n","protected":false},"excerpt":{"rendered":"<p>La conferencia comenzar\u00e1 a las 19 horas con entrada libre y correr\u00e1 a cargo del bi\u00f3logo Gabi Berasategui, de Ornitolan Servicios Ambientales El Museo de Educaci\u00f3n Ambiental del Ayuntamiento de&#8230;<\/p>\n","protected":false},"author":1,"featured_media":5955,"comment_status":"closed","ping_status":"closed","sticky":false,"template":"","format":"standard","meta":{"footnotes":""},"categories":[2],"tags":[5,5358,6,509,453,5359,100,8,9,5360,5361],"class_list":["post-5954","post","type-post","status-publish","format-standard","has-post-thumbnail","hentry","category-ayuntamiento-pamplona","tag-actualidad","tag-aves","tag-ayto-pamplona","tag-ayuntamiento-de-pamplona","tag-charla","tag-migracion","tag-museo-de-educacion-ambiental","tag-noticias","tag-pamplona","tag-proyecto-lindus","tag-via-atlantica"],"yoast_head":"<!-- This site is optimized with the Yoast SEO plugin v27.5 - https:\/\/yoast.com\/product\/yoast-seo-wordpress\/ -->\n<title>La migraci\u00f3n de aves en la v\u00eda atl\u00e1ntica, estudiada a trav\u00e9s del proyecto Lindus, tema de la charla que acoge ma\u00f1ana mi\u00e9rcoles el Museo de Educaci\u00f3n Ambiental<\/title>\n<meta name=\"robots\" content=\"index, follow, max-snippet:-1, max-image-preview:large, max-video-preview:-1\" \/>\n<link rel=\"canonical\" href=\"https:\/\/www.laguiadepamplona.com\/actualidad\/la-migracion-de-aves-en-la-via-atlantica-estudiada-a-traves-del-proyecto-lindus-tema-de-la-charla-que-acoge-manana-miercoles-el-museo-de-educacion-ambiental\/\" \/>\n<meta property=\"og:locale\" content=\"es_ES\" \/>\n<meta property=\"og:type\" content=\"article\" \/>\n<meta property=\"og:title\" content=\"La migraci\u00f3n de aves en la v\u00eda atl\u00e1ntica, estudiada a trav\u00e9s del proyecto Lindus, tema de la charla que acoge ma\u00f1ana mi\u00e9rcoles el Museo de Educaci\u00f3n Ambiental\" \/>\n<meta property=\"og:description\" content=\"La conferencia comenzar\u00e1 a las 19 horas con entrada libre y correr\u00e1 a cargo del bi\u00f3logo Gabi Berasategui, de Ornitolan Servicios Ambientales El Museo de Educaci\u00f3n Ambiental del Ayuntamiento de...\" \/>\n<meta property=\"og:url\" content=\"https:\/\/www.laguiadepamplona.com\/actualidad\/la-migracion-de-aves-en-la-via-atlantica-estudiada-a-traves-del-proyecto-lindus-tema-de-la-charla-que-acoge-manana-miercoles-el-museo-de-educacion-ambiental\/\" \/>\n<meta property=\"og:site_name\" content=\"La Gu\u00eda de Pamplona\" \/>\n<meta property=\"article:publisher\" content=\"https:\/\/www.facebook.com\/laguiadepamplonacom-133175176762273\/?ref=hl\" \/>\n<meta property=\"article:published_time\" content=\"2015-05-19T14:00:17+00:00\" \/>\n<meta name=\"author\" content=\"La Gu\u00eda de Pamplona\" \/>\n<meta name=\"twitter:card\" content=\"summary_large_image\" \/>\n<meta name=\"twitter:creator\" content=\"@LaGuiadPamplona\" \/>\n<meta name=\"twitter:site\" content=\"@LaGuiadPamplona\" \/>\n<meta name=\"twitter:label1\" content=\"Escrito por\" \/>\n\t<meta name=\"twitter:data1\" content=\"La Gu\u00eda de Pamplona\" \/>\n\t<meta name=\"twitter:label2\" content=\"Tiempo de lectura\" \/>\n\t<meta name=\"twitter:data2\" content=\"3 minutos\" \/>\n<script type=\"application\/ld+json\" class=\"yoast-schema-graph\">{\"@context\":\"https:\\\/\\\/schema.org\",\"@graph\":[{\"@type\":\"Article\",\"@id\":\"https:\\\/\\\/www.laguiadepamplona.com\\\/actualidad\\\/la-migracion-de-aves-en-la-via-atlantica-estudiada-a-traves-del-proyecto-lindus-tema-de-la-charla-que-acoge-manana-miercoles-el-museo-de-educacion-ambiental\\\/#article\",\"isPartOf\":{\"@id\":\"https:\\\/\\\/www.laguiadepamplona.com\\\/actualidad\\\/la-migracion-de-aves-en-la-via-atlantica-estudiada-a-traves-del-proyecto-lindus-tema-de-la-charla-que-acoge-manana-miercoles-el-museo-de-educacion-ambiental\\\/\"},\"author\":{\"name\":\"La Gu\u00eda de Pamplona\",\"@id\":\"https:\\\/\\\/www.laguiadepamplona.com\\\/actualidad\\\/#\\\/schema\\\/person\\\/efe887376f0213d4657c93adc50b1fdb\"},\"headline\":\"La migraci\u00f3n de aves en la v\u00eda atl\u00e1ntica, estudiada a trav\u00e9s del proyecto Lindus, tema de la charla que acoge ma\u00f1ana mi\u00e9rcoles el Museo de Educaci\u00f3n Ambiental\",\"datePublished\":\"2015-05-19T14:00:17+00:00\",\"mainEntityOfPage\":{\"@id\":\"https:\\\/\\\/www.laguiadepamplona.com\\\/actualidad\\\/la-migracion-de-aves-en-la-via-atlantica-estudiada-a-traves-del-proyecto-lindus-tema-de-la-charla-que-acoge-manana-miercoles-el-museo-de-educacion-ambiental\\\/\"},\"wordCount\":651,\"publisher\":{\"@id\":\"https:\\\/\\\/www.laguiadepamplona.com\\\/actualidad\\\/#organization\"},\"image\":{\"@id\":\"https:\\\/\\\/www.laguiadepamplona.com\\\/actualidad\\\/la-migracion-de-aves-en-la-via-atlantica-estudiada-a-traves-del-proyecto-lindus-tema-de-la-charla-que-acoge-manana-miercoles-el-museo-de-educacion-ambiental\\\/#primaryimage\"},\"thumbnailUrl\":\"\",\"keywords\":[\"actualidad\",\"aves\",\"ayto pamplona\",\"Ayuntamiento de Pamplona\",\"charla\",\"migraci\u00f3n\",\"Museo de Educaci\u00f3n Ambiental\",\"noticias\",\"pamplona\",\"proyecto Lindus\",\"v\u00eda atl\u00e1ntica\"],\"articleSection\":[\"Ayto Pamplona\"],\"inLanguage\":\"es\"},{\"@type\":\"WebPage\",\"@id\":\"https:\\\/\\\/www.laguiadepamplona.com\\\/actualidad\\\/la-migracion-de-aves-en-la-via-atlantica-estudiada-a-traves-del-proyecto-lindus-tema-de-la-charla-que-acoge-manana-miercoles-el-museo-de-educacion-ambiental\\\/\",\"url\":\"https:\\\/\\\/www.laguiadepamplona.com\\\/actualidad\\\/la-migracion-de-aves-en-la-via-atlantica-estudiada-a-traves-del-proyecto-lindus-tema-de-la-charla-que-acoge-manana-miercoles-el-museo-de-educacion-ambiental\\\/\",\"name\":\"La migraci\u00f3n de aves en la v\u00eda atl\u00e1ntica, estudiada a trav\u00e9s del proyecto Lindus, tema de la charla que acoge ma\u00f1ana mi\u00e9rcoles el Museo de Educaci\u00f3n Ambiental\",\"isPartOf\":{\"@id\":\"https:\\\/\\\/www.laguiadepamplona.com\\\/actualidad\\\/#website\"},\"primaryImageOfPage\":{\"@id\":\"https:\\\/\\\/www.laguiadepamplona.com\\\/actualidad\\\/la-migracion-de-aves-en-la-via-atlantica-estudiada-a-traves-del-proyecto-lindus-tema-de-la-charla-que-acoge-manana-miercoles-el-museo-de-educacion-ambiental\\\/#primaryimage\"},\"image\":{\"@id\":\"https:\\\/\\\/www.laguiadepamplona.com\\\/actualidad\\\/la-migracion-de-aves-en-la-via-atlantica-estudiada-a-traves-del-proyecto-lindus-tema-de-la-charla-que-acoge-manana-miercoles-el-museo-de-educacion-ambiental\\\/#primaryimage\"},\"thumbnailUrl\":\"\",\"datePublished\":\"2015-05-19T14:00:17+00:00\",\"breadcrumb\":{\"@id\":\"https:\\\/\\\/www.laguiadepamplona.com\\\/actualidad\\\/la-migracion-de-aves-en-la-via-atlantica-estudiada-a-traves-del-proyecto-lindus-tema-de-la-charla-que-acoge-manana-miercoles-el-museo-de-educacion-ambiental\\\/#breadcrumb\"},\"inLanguage\":\"es\",\"potentialAction\":[{\"@type\":\"ReadAction\",\"target\":[\"https:\\\/\\\/www.laguiadepamplona.com\\\/actualidad\\\/la-migracion-de-aves-en-la-via-atlantica-estudiada-a-traves-del-proyecto-lindus-tema-de-la-charla-que-acoge-manana-miercoles-el-museo-de-educacion-ambiental\\\/\"]}]},{\"@type\":\"ImageObject\",\"inLanguage\":\"es\",\"@id\":\"https:\\\/\\\/www.laguiadepamplona.com\\\/actualidad\\\/la-migracion-de-aves-en-la-via-atlantica-estudiada-a-traves-del-proyecto-lindus-tema-de-la-charla-que-acoge-manana-miercoles-el-museo-de-educacion-ambiental\\\/#primaryimage\",\"url\":\"\",\"contentUrl\":\"\"},{\"@type\":\"BreadcrumbList\",\"@id\":\"https:\\\/\\\/www.laguiadepamplona.com\\\/actualidad\\\/la-migracion-de-aves-en-la-via-atlantica-estudiada-a-traves-del-proyecto-lindus-tema-de-la-charla-que-acoge-manana-miercoles-el-museo-de-educacion-ambiental\\\/#breadcrumb\",\"itemListElement\":[{\"@type\":\"ListItem\",\"position\":1,\"name\":\"Portada\",\"item\":\"https:\\\/\\\/www.laguiadepamplona.com\\\/actualidad\\\/\"},{\"@type\":\"ListItem\",\"position\":2,\"name\":\"La migraci\u00f3n de aves en la v\u00eda atl\u00e1ntica, estudiada a trav\u00e9s del proyecto Lindus, tema de la charla que acoge ma\u00f1ana mi\u00e9rcoles el Museo de Educaci\u00f3n Ambiental\"}]},{\"@type\":\"WebSite\",\"@id\":\"https:\\\/\\\/www.laguiadepamplona.com\\\/actualidad\\\/#website\",\"url\":\"https:\\\/\\\/www.laguiadepamplona.com\\\/actualidad\\\/\",\"name\":\"La gu\u00eda de Pamplona\",\"description\":\"Noticias de Pamplona\",\"publisher\":{\"@id\":\"https:\\\/\\\/www.laguiadepamplona.com\\\/actualidad\\\/#organization\"},\"potentialAction\":[{\"@type\":\"SearchAction\",\"target\":{\"@type\":\"EntryPoint\",\"urlTemplate\":\"https:\\\/\\\/www.laguiadepamplona.com\\\/actualidad\\\/?s={search_term_string}\"},\"query-input\":{\"@type\":\"PropertyValueSpecification\",\"valueRequired\":true,\"valueName\":\"search_term_string\"}}],\"inLanguage\":\"es\"},{\"@type\":\"Organization\",\"@id\":\"https:\\\/\\\/www.laguiadepamplona.com\\\/actualidad\\\/#organization\",\"name\":\"La Gu\u00eda de Pamplona \\\/ Noticias\",\"url\":\"https:\\\/\\\/www.laguiadepamplona.com\\\/actualidad\\\/\",\"logo\":{\"@type\":\"ImageObject\",\"inLanguage\":\"es\",\"@id\":\"https:\\\/\\\/www.laguiadepamplona.com\\\/actualidad\\\/#\\\/schema\\\/logo\\\/image\\\/\",\"url\":\"https:\\\/\\\/www.laguiadepamplona.com\\\/actualidad\\\/wp-content\\\/uploads\\\/2018\\\/11\\\/logo-laguiadepamplona18-web1.png\",\"contentUrl\":\"https:\\\/\\\/www.laguiadepamplona.com\\\/actualidad\\\/wp-content\\\/uploads\\\/2018\\\/11\\\/logo-laguiadepamplona18-web1.png\",\"width\":600,\"height\":196,\"caption\":\"La Gu\u00eda de Pamplona \\\/ Noticias\"},\"image\":{\"@id\":\"https:\\\/\\\/www.laguiadepamplona.com\\\/actualidad\\\/#\\\/schema\\\/logo\\\/image\\\/\"},\"sameAs\":[\"https:\\\/\\\/www.facebook.com\\\/laguiadepamplonacom-133175176762273\\\/?ref=hl\",\"https:\\\/\\\/x.com\\\/LaGuiadPamplona\",\"https:\\\/\\\/www.instagram.com\\\/la_guia_de_pamplona\\\/\",\"https:\\\/\\\/www.youtube.com\\\/user\\\/laguiadepamplona\"]},{\"@type\":\"Person\",\"@id\":\"https:\\\/\\\/www.laguiadepamplona.com\\\/actualidad\\\/#\\\/schema\\\/person\\\/efe887376f0213d4657c93adc50b1fdb\",\"name\":\"La Gu\u00eda de Pamplona\",\"image\":{\"@type\":\"ImageObject\",\"inLanguage\":\"es\",\"@id\":\"https:\\\/\\\/secure.gravatar.com\\\/avatar\\\/b6992f131dc8d30ab0dff15446e9d346d9dbd95992de0fef795073f5ea83a81c?s=96&d=mm&r=g\",\"url\":\"https:\\\/\\\/secure.gravatar.com\\\/avatar\\\/b6992f131dc8d30ab0dff15446e9d346d9dbd95992de0fef795073f5ea83a81c?s=96&d=mm&r=g\",\"contentUrl\":\"https:\\\/\\\/secure.gravatar.com\\\/avatar\\\/b6992f131dc8d30ab0dff15446e9d346d9dbd95992de0fef795073f5ea83a81c?s=96&d=mm&r=g\",\"caption\":\"La Gu\u00eda de Pamplona\"}}]}<\/script>\n<!-- \/ Yoast SEO plugin. -->","yoast_head_json":{"title":"La migraci\u00f3n de aves en la v\u00eda atl\u00e1ntica, estudiada a trav\u00e9s del proyecto Lindus, tema de la charla que acoge ma\u00f1ana mi\u00e9rcoles el Museo de Educaci\u00f3n Ambiental","robots":{"index":"index","follow":"follow","max-snippet":"max-snippet:-1","max-image-preview":"max-image-preview:large","max-video-preview":"max-video-preview:-1"},"canonical":"https:\/\/www.laguiadepamplona.com\/actualidad\/la-migracion-de-aves-en-la-via-atlantica-estudiada-a-traves-del-proyecto-lindus-tema-de-la-charla-que-acoge-manana-miercoles-el-museo-de-educacion-ambiental\/","og_locale":"es_ES","og_type":"article","og_title":"La migraci\u00f3n de aves en la v\u00eda atl\u00e1ntica, estudiada a trav\u00e9s del proyecto Lindus, tema de la charla que acoge ma\u00f1ana mi\u00e9rcoles el Museo de Educaci\u00f3n Ambiental","og_description":"La conferencia comenzar\u00e1 a las 19 horas con entrada libre y correr\u00e1 a cargo del bi\u00f3logo Gabi Berasategui, de Ornitolan Servicios Ambientales El Museo de Educaci\u00f3n Ambiental del Ayuntamiento de...","og_url":"https:\/\/www.laguiadepamplona.com\/actualidad\/la-migracion-de-aves-en-la-via-atlantica-estudiada-a-traves-del-proyecto-lindus-tema-de-la-charla-que-acoge-manana-miercoles-el-museo-de-educacion-ambiental\/","og_site_name":"La Gu\u00eda de Pamplona","article_publisher":"https:\/\/www.facebook.com\/laguiadepamplonacom-133175176762273\/?ref=hl","article_published_time":"2015-05-19T14:00:17+00:00","author":"La Gu\u00eda de Pamplona","twitter_card":"summary_large_image","twitter_creator":"@LaGuiadPamplona","twitter_site":"@LaGuiadPamplona","twitter_misc":{"Escrito por":"La Gu\u00eda de Pamplona","Tiempo de lectura":"3 minutos"},"schema":{"@context":"https:\/\/schema.org","@graph":[{"@type":"Article","@id":"https:\/\/www.laguiadepamplona.com\/actualidad\/la-migracion-de-aves-en-la-via-atlantica-estudiada-a-traves-del-proyecto-lindus-tema-de-la-charla-que-acoge-manana-miercoles-el-museo-de-educacion-ambiental\/#article","isPartOf":{"@id":"https:\/\/www.laguiadepamplona.com\/actualidad\/la-migracion-de-aves-en-la-via-atlantica-estudiada-a-traves-del-proyecto-lindus-tema-de-la-charla-que-acoge-manana-miercoles-el-museo-de-educacion-ambiental\/"},"author":{"name":"La Gu\u00eda de Pamplona","@id":"https:\/\/www.laguiadepamplona.com\/actualidad\/#\/schema\/person\/efe887376f0213d4657c93adc50b1fdb"},"headline":"La migraci\u00f3n de aves en la v\u00eda atl\u00e1ntica, estudiada a trav\u00e9s del proyecto Lindus, tema de la charla que acoge ma\u00f1ana mi\u00e9rcoles el Museo de Educaci\u00f3n Ambiental","datePublished":"2015-05-19T14:00:17+00:00","mainEntityOfPage":{"@id":"https:\/\/www.laguiadepamplona.com\/actualidad\/la-migracion-de-aves-en-la-via-atlantica-estudiada-a-traves-del-proyecto-lindus-tema-de-la-charla-que-acoge-manana-miercoles-el-museo-de-educacion-ambiental\/"},"wordCount":651,"publisher":{"@id":"https:\/\/www.laguiadepamplona.com\/actualidad\/#organization"},"image":{"@id":"https:\/\/www.laguiadepamplona.com\/actualidad\/la-migracion-de-aves-en-la-via-atlantica-estudiada-a-traves-del-proyecto-lindus-tema-de-la-charla-que-acoge-manana-miercoles-el-museo-de-educacion-ambiental\/#primaryimage"},"thumbnailUrl":"","keywords":["actualidad","aves","ayto pamplona","Ayuntamiento de Pamplona","charla","migraci\u00f3n","Museo de Educaci\u00f3n Ambiental","noticias","pamplona","proyecto Lindus","v\u00eda atl\u00e1ntica"],"articleSection":["Ayto Pamplona"],"inLanguage":"es"},{"@type":"WebPage","@id":"https:\/\/www.laguiadepamplona.com\/actualidad\/la-migracion-de-aves-en-la-via-atlantica-estudiada-a-traves-del-proyecto-lindus-tema-de-la-charla-que-acoge-manana-miercoles-el-museo-de-educacion-ambiental\/","url":"https:\/\/www.laguiadepamplona.com\/actualidad\/la-migracion-de-aves-en-la-via-atlantica-estudiada-a-traves-del-proyecto-lindus-tema-de-la-charla-que-acoge-manana-miercoles-el-museo-de-educacion-ambiental\/","name":"La migraci\u00f3n de aves en la v\u00eda atl\u00e1ntica, estudiada a trav\u00e9s del proyecto Lindus, tema de la charla que acoge ma\u00f1ana mi\u00e9rcoles el Museo de Educaci\u00f3n Ambiental","isPartOf":{"@id":"https:\/\/www.laguiadepamplona.com\/actualidad\/#website"},"primaryImageOfPage":{"@id":"https:\/\/www.laguiadepamplona.com\/actualidad\/la-migracion-de-aves-en-la-via-atlantica-estudiada-a-traves-del-proyecto-lindus-tema-de-la-charla-que-acoge-manana-miercoles-el-museo-de-educacion-ambiental\/#primaryimage"},"image":{"@id":"https:\/\/www.laguiadepamplona.com\/actualidad\/la-migracion-de-aves-en-la-via-atlantica-estudiada-a-traves-del-proyecto-lindus-tema-de-la-charla-que-acoge-manana-miercoles-el-museo-de-educacion-ambiental\/#primaryimage"},"thumbnailUrl":"","datePublished":"2015-05-19T14:00:17+00:00","breadcrumb":{"@id":"https:\/\/www.laguiadepamplona.com\/actualidad\/la-migracion-de-aves-en-la-via-atlantica-estudiada-a-traves-del-proyecto-lindus-tema-de-la-charla-que-acoge-manana-miercoles-el-museo-de-educacion-ambiental\/#breadcrumb"},"inLanguage":"es","potentialAction":[{"@type":"ReadAction","target":["https:\/\/www.laguiadepamplona.com\/actualidad\/la-migracion-de-aves-en-la-via-atlantica-estudiada-a-traves-del-proyecto-lindus-tema-de-la-charla-que-acoge-manana-miercoles-el-museo-de-educacion-ambiental\/"]}]},{"@type":"ImageObject","inLanguage":"es","@id":"https:\/\/www.laguiadepamplona.com\/actualidad\/la-migracion-de-aves-en-la-via-atlantica-estudiada-a-traves-del-proyecto-lindus-tema-de-la-charla-que-acoge-manana-miercoles-el-museo-de-educacion-ambiental\/#primaryimage","url":"","contentUrl":""},{"@type":"BreadcrumbList","@id":"https:\/\/www.laguiadepamplona.com\/actualidad\/la-migracion-de-aves-en-la-via-atlantica-estudiada-a-traves-del-proyecto-lindus-tema-de-la-charla-que-acoge-manana-miercoles-el-museo-de-educacion-ambiental\/#breadcrumb","itemListElement":[{"@type":"ListItem","position":1,"name":"Portada","item":"https:\/\/www.laguiadepamplona.com\/actualidad\/"},{"@type":"ListItem","position":2,"name":"La migraci\u00f3n de aves en la v\u00eda atl\u00e1ntica, estudiada a trav\u00e9s del proyecto Lindus, tema de la charla que acoge ma\u00f1ana mi\u00e9rcoles el Museo de Educaci\u00f3n Ambiental"}]},{"@type":"WebSite","@id":"https:\/\/www.laguiadepamplona.com\/actualidad\/#website","url":"https:\/\/www.laguiadepamplona.com\/actualidad\/","name":"La gu\u00eda de Pamplona","description":"Noticias de Pamplona","publisher":{"@id":"https:\/\/www.laguiadepamplona.com\/actualidad\/#organization"},"potentialAction":[{"@type":"SearchAction","target":{"@type":"EntryPoint","urlTemplate":"https:\/\/www.laguiadepamplona.com\/actualidad\/?s={search_term_string}"},"query-input":{"@type":"PropertyValueSpecification","valueRequired":true,"valueName":"search_term_string"}}],"inLanguage":"es"},{"@type":"Organization","@id":"https:\/\/www.laguiadepamplona.com\/actualidad\/#organization","name":"La Gu\u00eda de Pamplona \/ Noticias","url":"https:\/\/www.laguiadepamplona.com\/actualidad\/","logo":{"@type":"ImageObject","inLanguage":"es","@id":"https:\/\/www.laguiadepamplona.com\/actualidad\/#\/schema\/logo\/image\/","url":"https:\/\/www.laguiadepamplona.com\/actualidad\/wp-content\/uploads\/2018\/11\/logo-laguiadepamplona18-web1.png","contentUrl":"https:\/\/www.laguiadepamplona.com\/actualidad\/wp-content\/uploads\/2018\/11\/logo-laguiadepamplona18-web1.png","width":600,"height":196,"caption":"La Gu\u00eda de Pamplona \/ Noticias"},"image":{"@id":"https:\/\/www.laguiadepamplona.com\/actualidad\/#\/schema\/logo\/image\/"},"sameAs":["https:\/\/www.facebook.com\/laguiadepamplonacom-133175176762273\/?ref=hl","https:\/\/x.com\/LaGuiadPamplona","https:\/\/www.instagram.com\/la_guia_de_pamplona\/","https:\/\/www.youtube.com\/user\/laguiadepamplona"]},{"@type":"Person","@id":"https:\/\/www.laguiadepamplona.com\/actualidad\/#\/schema\/person\/efe887376f0213d4657c93adc50b1fdb","name":"La Gu\u00eda de Pamplona","image":{"@type":"ImageObject","inLanguage":"es","@id":"https:\/\/secure.gravatar.com\/avatar\/b6992f131dc8d30ab0dff15446e9d346d9dbd95992de0fef795073f5ea83a81c?s=96&d=mm&r=g","url":"https:\/\/secure.gravatar.com\/avatar\/b6992f131dc8d30ab0dff15446e9d346d9dbd95992de0fef795073f5ea83a81c?s=96&d=mm&r=g","contentUrl":"https:\/\/secure.gravatar.com\/avatar\/b6992f131dc8d30ab0dff15446e9d346d9dbd95992de0fef795073f5ea83a81c?s=96&d=mm&r=g","caption":"La Gu\u00eda de Pamplona"}}]}},"post_mailing_queue_ids":[],"_links":{"self":[{"href":"https:\/\/www.laguiadepamplona.com\/actualidad\/wp-json\/wp\/v2\/posts\/5954","targetHints":{"allow":["GET"]}}],"collection":[{"href":"https:\/\/www.laguiadepamplona.com\/actualidad\/wp-json\/wp\/v2\/posts"}],"about":[{"href":"https:\/\/www.laguiadepamplona.com\/actualidad\/wp-json\/wp\/v2\/types\/post"}],"author":[{"embeddable":true,"href":"https:\/\/www.laguiadepamplona.com\/actualidad\/wp-json\/wp\/v2\/users\/1"}],"replies":[{"embeddable":true,"href":"https:\/\/www.laguiadepamplona.com\/actualidad\/wp-json\/wp\/v2\/comments?post=5954"}],"version-history":[{"count":0,"href":"https:\/\/www.laguiadepamplona.com\/actualidad\/wp-json\/wp\/v2\/posts\/5954\/revisions"}],"wp:featuredmedia":[{"embeddable":true,"href":"https:\/\/www.laguiadepamplona.com\/actualidad\/wp-json\/"}],"wp:attachment":[{"href":"https:\/\/www.laguiadepamplona.com\/actualidad\/wp-json\/wp\/v2\/media?parent=5954"}],"wp:term":[{"taxonomy":"category","embeddable":true,"href":"https:\/\/www.laguiadepamplona.com\/actualidad\/wp-json\/wp\/v2\/categories?post=5954"},{"taxonomy":"post_tag","embeddable":true,"href":"https:\/\/www.laguiadepamplona.com\/actualidad\/wp-json\/wp\/v2\/tags?post=5954"}],"curies":[{"name":"wp","href":"https:\/\/api.w.org\/{rel}","templated":true}]}}