{"id":5910,"date":"2015-05-15T16:30:01","date_gmt":"2015-05-15T14:30:01","guid":{"rendered":"http:\/\/laguiadepamplona.com\/actualidad\/?p=5910"},"modified":"2015-05-15T16:30:01","modified_gmt":"2015-05-15T14:30:01","slug":"el-lunes-comienzan-las-inscripciones-para-el-servicio-de-atencion-infantil-organizado-por-el-ayuntamiento-para-facilitar-la-conciliacion-familiar-y-laboral-en-verano","status":"publish","type":"post","link":"https:\/\/www.laguiadepamplona.com\/actualidad\/el-lunes-comienzan-las-inscripciones-para-el-servicio-de-atencion-infantil-organizado-por-el-ayuntamiento-para-facilitar-la-conciliacion-familiar-y-laboral-en-verano\/","title":{"rendered":"El lunes comienzan las inscripciones para el Servicio de Atenci\u00f3n Infantil organizado por el Ayuntamiento para facilitar la conciliaci\u00f3n familiar y laboral en verano"},"content":{"rendered":"<h4>El plazo para apuntarse a la actividad, que tendr\u00e1 lugar en el Colegio P\u00fablico San Jorge por semanas completas, finaliza el 29 de mayo<\/h4>\n<p><a href=\"http:\/\/laguiadepamplona.com\/actualidad\/wp-content\/uploads\/2015\/05\/Colegio-Publico-San-Jorge.jpg\"><img loading=\"lazy\" decoding=\"async\" class=\"alignleft wp-image-5911 size-medium\" src=\"http:\/\/laguiadepamplona.com\/actualidad\/wp-content\/uploads\/2015\/05\/Colegio-Publico-San-Jorge-300x158.jpg\" alt=\"\" width=\"300\" height=\"158\" \/><\/a><\/p>\n<p>El pr\u00f3ximo lunes 18 de mayo comienzan las inscripciones para el Servicio de Atenci\u00f3n Infantil organizado por el Ayuntamiento de Pamplona para este verano con el objetivo de facilitar la conciliaci\u00f3n de la vida familiar y laboral durante las vacaciones escolares. El servicio se desarrollar\u00e1 del 1 de julio al 31 de agosto en las instalaciones del Colegio P\u00fablico San Jorge, situado en la calle Doctor Juaristi 1, y el plazo para apuntarse finaliza el viernes 29 de mayo.<\/p>\n<p>El servicio est\u00e1 dirigido a menores de entre 3 y 12 a\u00f1os y, en caso de que la demanda supere a las plazas ofertadas, se dar\u00e1 prioridad a los empadronados en Pamplona. Se formar\u00e1n grupos en castellano y en euskera, siempre que haya un grupo m\u00ednimo de menores, y el horario de atenci\u00f3n ser\u00e1 de 7.45 a 15.30 horas. La entrada se podr\u00e1 realizar hasta las 9.30 horas y habr\u00e1 posibilidad de salir a las 14.30, 15 o 15.30 horas. Los que no se queden a comer saldr\u00e1n a las 13.15 horas.<\/p>\n<p><strong>Precios y subvenciones<\/strong><\/p>\n<p>El precio para semana completa es de 80 euros por la jornada completa incluido el comedor y 45 euros cuando es media jornada sin comedor. Se descontar\u00e1 un 10% de la cuota total correspondiente en caso de que asistan dos menores de una misma familia. Adem\u00e1s, existe la posibilidad de solicitar una subvenci\u00f3n para las unidades familiares que no superen determinado nivel de renta.<\/p>\n<p>Las familias con derecho a subvenci\u00f3n son aqu\u00e9llas que no superen una renta mensual de 1.248 euros para unidades familiares de 2 miembros, hasta 1.411 euros para unidades familiares de 3 miembros, hasta 1.575 euros para unidades familiares de 4 miembros y hasta 1.745 euros para las unidades familiares de 5 o m\u00e1s miembros. Para el c\u00e1lculo del nivel de renta mensual se descontar\u00e1 de los ingresos el 70% del coste de alquiler o hipoteca de la vivienda familiar.<\/p>\n<p>En caso de solicitar subvenci\u00f3n, al realizar la inscripci\u00f3n se deber\u00e1 presentar la \u00faltima declaraci\u00f3n de renta (o certificado de no tener obligaci\u00f3n de hacerla en su caso); el Libro de Familia; el contrato de trabajo y las tres \u00faltimas n\u00f3minas de la unidad familiar (en caso de estar en paro, tarjeta de desempleo y justificante del Servicio de Empleo certificando que no se cobra ninguna prestaci\u00f3n); en caso de separaci\u00f3n o divorcio, copia de la sentencia y del convenio regulador; y contrato de alquiler o hipoteca donde conste la cantidad mensual a abonar.<\/p>\n<p><strong>Forma de inscribirse<\/strong><\/p>\n<p>La inscripci\u00f3n se realizar\u00e1 en cualquiera de los registros municipales (en el Palacio del Condestable o en los auxiliares) entregando la solicitud del servicio, el modelo de autorizaci\u00f3n de im\u00e1genes y un certificado de la empresa donde conste que en las fechas en que se solicita el servicio las personas responsables de los menores van a estar trabajando. En el caso de personas aut\u00f3nomas, se presentar\u00e1 una declaraci\u00f3n responsable en la que conste que van a estar trabajando. Para confirmar la inscripci\u00f3n se deber\u00e1 entregar posteriormente el justificante de abono del servicio en la calle Zapater\u00eda 40 \u2013 2\u00aa planta.<\/p>\n<p>La documentaci\u00f3n completa se puede recoger en cualquier registro municipal o descargarse de la p\u00e1gina municipal <a href=\"http:\/\/www.pamplona.es\/\" target=\"_blank\">www.pamplona.es<\/a>. Se puede obtener m\u00e1s informaci\u00f3n sobre cualquier aspecto en citada web del Ayuntamiento y en el tel\u00e9fono del \u00e1rea de Bienestar Social e Igualdad (948 420520).<\/p>\n<p>&nbsp;<\/p>\n<p><strong>Servicio de Atenci\u00f3n Infantil durante las vacaciones de verano 2015<\/strong><\/p>\n<ul>\n<li><strong>Inscripci\u00f3n<\/strong>: del 18 al 29 de mayo, ambos inclusive, en cualquiera de los registros municipales. Se adjudicar\u00e1n las plazas por orden de inscripci\u00f3n, una vez comprobado el pago<\/li>\n<li><strong>Para qui\u00e9n<\/strong>: menores de entre 3 y 12 a\u00f1os, con prioridad de los empadronados en Pamplona<\/li>\n<li><strong>Cu\u00e1ndo:<\/strong> del 1 de julio al 31 de agosto, por semanas<\/li>\n<li><strong>Horario:<\/strong> de 7.45 (entrada hasta las 9.30) a 15.30 horas (salidas a las 13.15, 14.30, 15 y 15.30 horas)<\/li>\n<li><strong>D\u00f3nde<\/strong>: en el Colegio P\u00fablico San Jorge<\/li>\n<li><strong>Precio <\/strong>\n<ul>\n<li>80 euros\/semana completa en jornada con comedor<\/li>\n<li>45 euros\/semana completa sin comedor y con salida a las 13.15 horas<\/li>\n<li>10% de descuento en caso de que asistan dos menores de una misma familia<\/li>\n<\/ul>\n<\/li>\n<li><strong>Requisitos<\/strong>:\n<ul>\n<li>Que las personas responsables de los menores est\u00e9n trabajando por las ma\u00f1anas en las fechas solicitadas<\/li>\n<\/ul>\n<\/li>\n<li><strong>Recogida de documentaci\u00f3n<\/strong>: en los registros municipales y en la web municipal <a href=\"http:\/\/www.pamplona.es\/\" target=\"_blank\">pamplona.es<\/a><\/li>\n<li><strong>Informaci\u00f3n<\/strong>: en la web municipal y en el tel\u00e9fono del \u00e1rea de Bienestar Social e Igualdad (948 420520)<\/li>\n<\/ul>\n<p>&nbsp;<\/p>\n<p>&nbsp;<\/p>\n","protected":false},"excerpt":{"rendered":"<p>El plazo para apuntarse a la actividad, que tendr\u00e1 lugar en el Colegio P\u00fablico San Jorge por semanas completas, finaliza el 29 de mayo El pr\u00f3ximo lunes 18 de mayo&#8230;<\/p>\n","protected":false},"author":1,"featured_media":5911,"comment_status":"closed","ping_status":"closed","sticky":false,"template":"","format":"standard","meta":{"footnotes":""},"categories":[2],"tags":[5,6,509,5303,8,9,558],"class_list":["post-5910","post","type-post","status-publish","format-standard","has-post-thumbnail","hentry","category-ayuntamiento-pamplona","tag-actualidad","tag-ayto-pamplona","tag-ayuntamiento-de-pamplona","tag-colegio-publico-san-jorge","tag-noticias","tag-pamplona","tag-servicio-de-atencion-infantil"],"yoast_head":"<!-- This site is optimized with the Yoast SEO plugin v27.5 - https:\/\/yoast.com\/product\/yoast-seo-wordpress\/ -->\n<title>El lunes comienzan las inscripciones para el Servicio de Atenci\u00f3n Infantil organizado por el Ayuntamiento para facilitar la conciliaci\u00f3n familiar y laboral en verano<\/title>\n<meta name=\"robots\" content=\"index, follow, max-snippet:-1, max-image-preview:large, max-video-preview:-1\" \/>\n<link rel=\"canonical\" href=\"https:\/\/www.laguiadepamplona.com\/actualidad\/el-lunes-comienzan-las-inscripciones-para-el-servicio-de-atencion-infantil-organizado-por-el-ayuntamiento-para-facilitar-la-conciliacion-familiar-y-laboral-en-verano\/\" \/>\n<meta property=\"og:locale\" content=\"es_ES\" \/>\n<meta property=\"og:type\" content=\"article\" \/>\n<meta property=\"og:title\" content=\"El lunes comienzan las inscripciones para el Servicio de Atenci\u00f3n Infantil organizado por el Ayuntamiento para facilitar la conciliaci\u00f3n familiar y laboral en verano\" \/>\n<meta property=\"og:description\" content=\"El plazo para apuntarse a la actividad, que tendr\u00e1 lugar en el Colegio P\u00fablico San Jorge por semanas completas, finaliza el 29 de mayo El pr\u00f3ximo lunes 18 de mayo...\" \/>\n<meta property=\"og:url\" content=\"https:\/\/www.laguiadepamplona.com\/actualidad\/el-lunes-comienzan-las-inscripciones-para-el-servicio-de-atencion-infantil-organizado-por-el-ayuntamiento-para-facilitar-la-conciliacion-familiar-y-laboral-en-verano\/\" \/>\n<meta property=\"og:site_name\" content=\"La Gu\u00eda de Pamplona\" \/>\n<meta property=\"article:publisher\" content=\"https:\/\/www.facebook.com\/laguiadepamplonacom-133175176762273\/?ref=hl\" \/>\n<meta property=\"article:published_time\" content=\"2015-05-15T14:30:01+00:00\" \/>\n<meta name=\"author\" content=\"La Gu\u00eda de Pamplona\" \/>\n<meta name=\"twitter:card\" content=\"summary_large_image\" \/>\n<meta name=\"twitter:creator\" content=\"@LaGuiadPamplona\" \/>\n<meta name=\"twitter:site\" content=\"@LaGuiadPamplona\" \/>\n<meta name=\"twitter:label1\" content=\"Escrito por\" \/>\n\t<meta name=\"twitter:data1\" content=\"La Gu\u00eda de Pamplona\" \/>\n\t<meta name=\"twitter:label2\" content=\"Tiempo de lectura\" \/>\n\t<meta name=\"twitter:data2\" content=\"4 minutos\" \/>\n<script type=\"application\/ld+json\" class=\"yoast-schema-graph\">{\"@context\":\"https:\\\/\\\/schema.org\",\"@graph\":[{\"@type\":\"Article\",\"@id\":\"https:\\\/\\\/www.laguiadepamplona.com\\\/actualidad\\\/el-lunes-comienzan-las-inscripciones-para-el-servicio-de-atencion-infantil-organizado-por-el-ayuntamiento-para-facilitar-la-conciliacion-familiar-y-laboral-en-verano\\\/#article\",\"isPartOf\":{\"@id\":\"https:\\\/\\\/www.laguiadepamplona.com\\\/actualidad\\\/el-lunes-comienzan-las-inscripciones-para-el-servicio-de-atencion-infantil-organizado-por-el-ayuntamiento-para-facilitar-la-conciliacion-familiar-y-laboral-en-verano\\\/\"},\"author\":{\"name\":\"La Gu\u00eda de Pamplona\",\"@id\":\"https:\\\/\\\/www.laguiadepamplona.com\\\/actualidad\\\/#\\\/schema\\\/person\\\/efe887376f0213d4657c93adc50b1fdb\"},\"headline\":\"El lunes comienzan las inscripciones para el Servicio de Atenci\u00f3n Infantil organizado por el Ayuntamiento para facilitar la conciliaci\u00f3n familiar y laboral en verano\",\"datePublished\":\"2015-05-15T14:30:01+00:00\",\"mainEntityOfPage\":{\"@id\":\"https:\\\/\\\/www.laguiadepamplona.com\\\/actualidad\\\/el-lunes-comienzan-las-inscripciones-para-el-servicio-de-atencion-infantil-organizado-por-el-ayuntamiento-para-facilitar-la-conciliacion-familiar-y-laboral-en-verano\\\/\"},\"wordCount\":785,\"publisher\":{\"@id\":\"https:\\\/\\\/www.laguiadepamplona.com\\\/actualidad\\\/#organization\"},\"image\":{\"@id\":\"https:\\\/\\\/www.laguiadepamplona.com\\\/actualidad\\\/el-lunes-comienzan-las-inscripciones-para-el-servicio-de-atencion-infantil-organizado-por-el-ayuntamiento-para-facilitar-la-conciliacion-familiar-y-laboral-en-verano\\\/#primaryimage\"},\"thumbnailUrl\":\"\",\"keywords\":[\"actualidad\",\"ayto pamplona\",\"Ayuntamiento de Pamplona\",\"Colegio P\u00fablico San Jorge\",\"noticias\",\"pamplona\",\"Servicio de Atenci\u00f3n Infantil\"],\"articleSection\":[\"Ayto Pamplona\"],\"inLanguage\":\"es\"},{\"@type\":\"WebPage\",\"@id\":\"https:\\\/\\\/www.laguiadepamplona.com\\\/actualidad\\\/el-lunes-comienzan-las-inscripciones-para-el-servicio-de-atencion-infantil-organizado-por-el-ayuntamiento-para-facilitar-la-conciliacion-familiar-y-laboral-en-verano\\\/\",\"url\":\"https:\\\/\\\/www.laguiadepamplona.com\\\/actualidad\\\/el-lunes-comienzan-las-inscripciones-para-el-servicio-de-atencion-infantil-organizado-por-el-ayuntamiento-para-facilitar-la-conciliacion-familiar-y-laboral-en-verano\\\/\",\"name\":\"El lunes comienzan las inscripciones para el Servicio de Atenci\u00f3n Infantil organizado por el Ayuntamiento para facilitar la conciliaci\u00f3n familiar y laboral en verano\",\"isPartOf\":{\"@id\":\"https:\\\/\\\/www.laguiadepamplona.com\\\/actualidad\\\/#website\"},\"primaryImageOfPage\":{\"@id\":\"https:\\\/\\\/www.laguiadepamplona.com\\\/actualidad\\\/el-lunes-comienzan-las-inscripciones-para-el-servicio-de-atencion-infantil-organizado-por-el-ayuntamiento-para-facilitar-la-conciliacion-familiar-y-laboral-en-verano\\\/#primaryimage\"},\"image\":{\"@id\":\"https:\\\/\\\/www.laguiadepamplona.com\\\/actualidad\\\/el-lunes-comienzan-las-inscripciones-para-el-servicio-de-atencion-infantil-organizado-por-el-ayuntamiento-para-facilitar-la-conciliacion-familiar-y-laboral-en-verano\\\/#primaryimage\"},\"thumbnailUrl\":\"\",\"datePublished\":\"2015-05-15T14:30:01+00:00\",\"breadcrumb\":{\"@id\":\"https:\\\/\\\/www.laguiadepamplona.com\\\/actualidad\\\/el-lunes-comienzan-las-inscripciones-para-el-servicio-de-atencion-infantil-organizado-por-el-ayuntamiento-para-facilitar-la-conciliacion-familiar-y-laboral-en-verano\\\/#breadcrumb\"},\"inLanguage\":\"es\",\"potentialAction\":[{\"@type\":\"ReadAction\",\"target\":[\"https:\\\/\\\/www.laguiadepamplona.com\\\/actualidad\\\/el-lunes-comienzan-las-inscripciones-para-el-servicio-de-atencion-infantil-organizado-por-el-ayuntamiento-para-facilitar-la-conciliacion-familiar-y-laboral-en-verano\\\/\"]}]},{\"@type\":\"ImageObject\",\"inLanguage\":\"es\",\"@id\":\"https:\\\/\\\/www.laguiadepamplona.com\\\/actualidad\\\/el-lunes-comienzan-las-inscripciones-para-el-servicio-de-atencion-infantil-organizado-por-el-ayuntamiento-para-facilitar-la-conciliacion-familiar-y-laboral-en-verano\\\/#primaryimage\",\"url\":\"\",\"contentUrl\":\"\"},{\"@type\":\"BreadcrumbList\",\"@id\":\"https:\\\/\\\/www.laguiadepamplona.com\\\/actualidad\\\/el-lunes-comienzan-las-inscripciones-para-el-servicio-de-atencion-infantil-organizado-por-el-ayuntamiento-para-facilitar-la-conciliacion-familiar-y-laboral-en-verano\\\/#breadcrumb\",\"itemListElement\":[{\"@type\":\"ListItem\",\"position\":1,\"name\":\"Portada\",\"item\":\"https:\\\/\\\/www.laguiadepamplona.com\\\/actualidad\\\/\"},{\"@type\":\"ListItem\",\"position\":2,\"name\":\"El lunes comienzan las inscripciones para el Servicio de Atenci\u00f3n Infantil organizado por el Ayuntamiento para facilitar la conciliaci\u00f3n familiar y laboral en verano\"}]},{\"@type\":\"WebSite\",\"@id\":\"https:\\\/\\\/www.laguiadepamplona.com\\\/actualidad\\\/#website\",\"url\":\"https:\\\/\\\/www.laguiadepamplona.com\\\/actualidad\\\/\",\"name\":\"La gu\u00eda de Pamplona\",\"description\":\"Noticias de Pamplona\",\"publisher\":{\"@id\":\"https:\\\/\\\/www.laguiadepamplona.com\\\/actualidad\\\/#organization\"},\"potentialAction\":[{\"@type\":\"SearchAction\",\"target\":{\"@type\":\"EntryPoint\",\"urlTemplate\":\"https:\\\/\\\/www.laguiadepamplona.com\\\/actualidad\\\/?s={search_term_string}\"},\"query-input\":{\"@type\":\"PropertyValueSpecification\",\"valueRequired\":true,\"valueName\":\"search_term_string\"}}],\"inLanguage\":\"es\"},{\"@type\":\"Organization\",\"@id\":\"https:\\\/\\\/www.laguiadepamplona.com\\\/actualidad\\\/#organization\",\"name\":\"La Gu\u00eda de Pamplona \\\/ Noticias\",\"url\":\"https:\\\/\\\/www.laguiadepamplona.com\\\/actualidad\\\/\",\"logo\":{\"@type\":\"ImageObject\",\"inLanguage\":\"es\",\"@id\":\"https:\\\/\\\/www.laguiadepamplona.com\\\/actualidad\\\/#\\\/schema\\\/logo\\\/image\\\/\",\"url\":\"https:\\\/\\\/www.laguiadepamplona.com\\\/actualidad\\\/wp-content\\\/uploads\\\/2018\\\/11\\\/logo-laguiadepamplona18-web1.png\",\"contentUrl\":\"https:\\\/\\\/www.laguiadepamplona.com\\\/actualidad\\\/wp-content\\\/uploads\\\/2018\\\/11\\\/logo-laguiadepamplona18-web1.png\",\"width\":600,\"height\":196,\"caption\":\"La Gu\u00eda de Pamplona \\\/ Noticias\"},\"image\":{\"@id\":\"https:\\\/\\\/www.laguiadepamplona.com\\\/actualidad\\\/#\\\/schema\\\/logo\\\/image\\\/\"},\"sameAs\":[\"https:\\\/\\\/www.facebook.com\\\/laguiadepamplonacom-133175176762273\\\/?ref=hl\",\"https:\\\/\\\/x.com\\\/LaGuiadPamplona\",\"https:\\\/\\\/www.instagram.com\\\/la_guia_de_pamplona\\\/\",\"https:\\\/\\\/www.youtube.com\\\/user\\\/laguiadepamplona\"]},{\"@type\":\"Person\",\"@id\":\"https:\\\/\\\/www.laguiadepamplona.com\\\/actualidad\\\/#\\\/schema\\\/person\\\/efe887376f0213d4657c93adc50b1fdb\",\"name\":\"La Gu\u00eda de Pamplona\",\"image\":{\"@type\":\"ImageObject\",\"inLanguage\":\"es\",\"@id\":\"https:\\\/\\\/secure.gravatar.com\\\/avatar\\\/b6992f131dc8d30ab0dff15446e9d346d9dbd95992de0fef795073f5ea83a81c?s=96&d=mm&r=g\",\"url\":\"https:\\\/\\\/secure.gravatar.com\\\/avatar\\\/b6992f131dc8d30ab0dff15446e9d346d9dbd95992de0fef795073f5ea83a81c?s=96&d=mm&r=g\",\"contentUrl\":\"https:\\\/\\\/secure.gravatar.com\\\/avatar\\\/b6992f131dc8d30ab0dff15446e9d346d9dbd95992de0fef795073f5ea83a81c?s=96&d=mm&r=g\",\"caption\":\"La Gu\u00eda de Pamplona\"}}]}<\/script>\n<!-- \/ Yoast SEO plugin. -->","yoast_head_json":{"title":"El lunes comienzan las inscripciones para el Servicio de Atenci\u00f3n Infantil organizado por el Ayuntamiento para facilitar la conciliaci\u00f3n familiar y laboral en verano","robots":{"index":"index","follow":"follow","max-snippet":"max-snippet:-1","max-image-preview":"max-image-preview:large","max-video-preview":"max-video-preview:-1"},"canonical":"https:\/\/www.laguiadepamplona.com\/actualidad\/el-lunes-comienzan-las-inscripciones-para-el-servicio-de-atencion-infantil-organizado-por-el-ayuntamiento-para-facilitar-la-conciliacion-familiar-y-laboral-en-verano\/","og_locale":"es_ES","og_type":"article","og_title":"El lunes comienzan las inscripciones para el Servicio de Atenci\u00f3n Infantil organizado por el Ayuntamiento para facilitar la conciliaci\u00f3n familiar y laboral en verano","og_description":"El plazo para apuntarse a la actividad, que tendr\u00e1 lugar en el Colegio P\u00fablico San Jorge por semanas completas, finaliza el 29 de mayo El pr\u00f3ximo lunes 18 de mayo...","og_url":"https:\/\/www.laguiadepamplona.com\/actualidad\/el-lunes-comienzan-las-inscripciones-para-el-servicio-de-atencion-infantil-organizado-por-el-ayuntamiento-para-facilitar-la-conciliacion-familiar-y-laboral-en-verano\/","og_site_name":"La Gu\u00eda de Pamplona","article_publisher":"https:\/\/www.facebook.com\/laguiadepamplonacom-133175176762273\/?ref=hl","article_published_time":"2015-05-15T14:30:01+00:00","author":"La Gu\u00eda de Pamplona","twitter_card":"summary_large_image","twitter_creator":"@LaGuiadPamplona","twitter_site":"@LaGuiadPamplona","twitter_misc":{"Escrito por":"La Gu\u00eda de Pamplona","Tiempo de lectura":"4 minutos"},"schema":{"@context":"https:\/\/schema.org","@graph":[{"@type":"Article","@id":"https:\/\/www.laguiadepamplona.com\/actualidad\/el-lunes-comienzan-las-inscripciones-para-el-servicio-de-atencion-infantil-organizado-por-el-ayuntamiento-para-facilitar-la-conciliacion-familiar-y-laboral-en-verano\/#article","isPartOf":{"@id":"https:\/\/www.laguiadepamplona.com\/actualidad\/el-lunes-comienzan-las-inscripciones-para-el-servicio-de-atencion-infantil-organizado-por-el-ayuntamiento-para-facilitar-la-conciliacion-familiar-y-laboral-en-verano\/"},"author":{"name":"La Gu\u00eda de Pamplona","@id":"https:\/\/www.laguiadepamplona.com\/actualidad\/#\/schema\/person\/efe887376f0213d4657c93adc50b1fdb"},"headline":"El lunes comienzan las inscripciones para el Servicio de Atenci\u00f3n Infantil organizado por el Ayuntamiento para facilitar la conciliaci\u00f3n familiar y laboral en verano","datePublished":"2015-05-15T14:30:01+00:00","mainEntityOfPage":{"@id":"https:\/\/www.laguiadepamplona.com\/actualidad\/el-lunes-comienzan-las-inscripciones-para-el-servicio-de-atencion-infantil-organizado-por-el-ayuntamiento-para-facilitar-la-conciliacion-familiar-y-laboral-en-verano\/"},"wordCount":785,"publisher":{"@id":"https:\/\/www.laguiadepamplona.com\/actualidad\/#organization"},"image":{"@id":"https:\/\/www.laguiadepamplona.com\/actualidad\/el-lunes-comienzan-las-inscripciones-para-el-servicio-de-atencion-infantil-organizado-por-el-ayuntamiento-para-facilitar-la-conciliacion-familiar-y-laboral-en-verano\/#primaryimage"},"thumbnailUrl":"","keywords":["actualidad","ayto pamplona","Ayuntamiento de Pamplona","Colegio P\u00fablico San Jorge","noticias","pamplona","Servicio de Atenci\u00f3n Infantil"],"articleSection":["Ayto Pamplona"],"inLanguage":"es"},{"@type":"WebPage","@id":"https:\/\/www.laguiadepamplona.com\/actualidad\/el-lunes-comienzan-las-inscripciones-para-el-servicio-de-atencion-infantil-organizado-por-el-ayuntamiento-para-facilitar-la-conciliacion-familiar-y-laboral-en-verano\/","url":"https:\/\/www.laguiadepamplona.com\/actualidad\/el-lunes-comienzan-las-inscripciones-para-el-servicio-de-atencion-infantil-organizado-por-el-ayuntamiento-para-facilitar-la-conciliacion-familiar-y-laboral-en-verano\/","name":"El lunes comienzan las inscripciones para el Servicio de Atenci\u00f3n Infantil organizado por el Ayuntamiento para facilitar la conciliaci\u00f3n familiar y laboral en verano","isPartOf":{"@id":"https:\/\/www.laguiadepamplona.com\/actualidad\/#website"},"primaryImageOfPage":{"@id":"https:\/\/www.laguiadepamplona.com\/actualidad\/el-lunes-comienzan-las-inscripciones-para-el-servicio-de-atencion-infantil-organizado-por-el-ayuntamiento-para-facilitar-la-conciliacion-familiar-y-laboral-en-verano\/#primaryimage"},"image":{"@id":"https:\/\/www.laguiadepamplona.com\/actualidad\/el-lunes-comienzan-las-inscripciones-para-el-servicio-de-atencion-infantil-organizado-por-el-ayuntamiento-para-facilitar-la-conciliacion-familiar-y-laboral-en-verano\/#primaryimage"},"thumbnailUrl":"","datePublished":"2015-05-15T14:30:01+00:00","breadcrumb":{"@id":"https:\/\/www.laguiadepamplona.com\/actualidad\/el-lunes-comienzan-las-inscripciones-para-el-servicio-de-atencion-infantil-organizado-por-el-ayuntamiento-para-facilitar-la-conciliacion-familiar-y-laboral-en-verano\/#breadcrumb"},"inLanguage":"es","potentialAction":[{"@type":"ReadAction","target":["https:\/\/www.laguiadepamplona.com\/actualidad\/el-lunes-comienzan-las-inscripciones-para-el-servicio-de-atencion-infantil-organizado-por-el-ayuntamiento-para-facilitar-la-conciliacion-familiar-y-laboral-en-verano\/"]}]},{"@type":"ImageObject","inLanguage":"es","@id":"https:\/\/www.laguiadepamplona.com\/actualidad\/el-lunes-comienzan-las-inscripciones-para-el-servicio-de-atencion-infantil-organizado-por-el-ayuntamiento-para-facilitar-la-conciliacion-familiar-y-laboral-en-verano\/#primaryimage","url":"","contentUrl":""},{"@type":"BreadcrumbList","@id":"https:\/\/www.laguiadepamplona.com\/actualidad\/el-lunes-comienzan-las-inscripciones-para-el-servicio-de-atencion-infantil-organizado-por-el-ayuntamiento-para-facilitar-la-conciliacion-familiar-y-laboral-en-verano\/#breadcrumb","itemListElement":[{"@type":"ListItem","position":1,"name":"Portada","item":"https:\/\/www.laguiadepamplona.com\/actualidad\/"},{"@type":"ListItem","position":2,"name":"El lunes comienzan las inscripciones para el Servicio de Atenci\u00f3n Infantil organizado por el Ayuntamiento para facilitar la conciliaci\u00f3n familiar y laboral en verano"}]},{"@type":"WebSite","@id":"https:\/\/www.laguiadepamplona.com\/actualidad\/#website","url":"https:\/\/www.laguiadepamplona.com\/actualidad\/","name":"La gu\u00eda de Pamplona","description":"Noticias de Pamplona","publisher":{"@id":"https:\/\/www.laguiadepamplona.com\/actualidad\/#organization"},"potentialAction":[{"@type":"SearchAction","target":{"@type":"EntryPoint","urlTemplate":"https:\/\/www.laguiadepamplona.com\/actualidad\/?s={search_term_string}"},"query-input":{"@type":"PropertyValueSpecification","valueRequired":true,"valueName":"search_term_string"}}],"inLanguage":"es"},{"@type":"Organization","@id":"https:\/\/www.laguiadepamplona.com\/actualidad\/#organization","name":"La Gu\u00eda de Pamplona \/ Noticias","url":"https:\/\/www.laguiadepamplona.com\/actualidad\/","logo":{"@type":"ImageObject","inLanguage":"es","@id":"https:\/\/www.laguiadepamplona.com\/actualidad\/#\/schema\/logo\/image\/","url":"https:\/\/www.laguiadepamplona.com\/actualidad\/wp-content\/uploads\/2018\/11\/logo-laguiadepamplona18-web1.png","contentUrl":"https:\/\/www.laguiadepamplona.com\/actualidad\/wp-content\/uploads\/2018\/11\/logo-laguiadepamplona18-web1.png","width":600,"height":196,"caption":"La Gu\u00eda de Pamplona \/ Noticias"},"image":{"@id":"https:\/\/www.laguiadepamplona.com\/actualidad\/#\/schema\/logo\/image\/"},"sameAs":["https:\/\/www.facebook.com\/laguiadepamplonacom-133175176762273\/?ref=hl","https:\/\/x.com\/LaGuiadPamplona","https:\/\/www.instagram.com\/la_guia_de_pamplona\/","https:\/\/www.youtube.com\/user\/laguiadepamplona"]},{"@type":"Person","@id":"https:\/\/www.laguiadepamplona.com\/actualidad\/#\/schema\/person\/efe887376f0213d4657c93adc50b1fdb","name":"La Gu\u00eda de Pamplona","image":{"@type":"ImageObject","inLanguage":"es","@id":"https:\/\/secure.gravatar.com\/avatar\/b6992f131dc8d30ab0dff15446e9d346d9dbd95992de0fef795073f5ea83a81c?s=96&d=mm&r=g","url":"https:\/\/secure.gravatar.com\/avatar\/b6992f131dc8d30ab0dff15446e9d346d9dbd95992de0fef795073f5ea83a81c?s=96&d=mm&r=g","contentUrl":"https:\/\/secure.gravatar.com\/avatar\/b6992f131dc8d30ab0dff15446e9d346d9dbd95992de0fef795073f5ea83a81c?s=96&d=mm&r=g","caption":"La Gu\u00eda de Pamplona"}}]}},"post_mailing_queue_ids":[],"_links":{"self":[{"href":"https:\/\/www.laguiadepamplona.com\/actualidad\/wp-json\/wp\/v2\/posts\/5910","targetHints":{"allow":["GET"]}}],"collection":[{"href":"https:\/\/www.laguiadepamplona.com\/actualidad\/wp-json\/wp\/v2\/posts"}],"about":[{"href":"https:\/\/www.laguiadepamplona.com\/actualidad\/wp-json\/wp\/v2\/types\/post"}],"author":[{"embeddable":true,"href":"https:\/\/www.laguiadepamplona.com\/actualidad\/wp-json\/wp\/v2\/users\/1"}],"replies":[{"embeddable":true,"href":"https:\/\/www.laguiadepamplona.com\/actualidad\/wp-json\/wp\/v2\/comments?post=5910"}],"version-history":[{"count":0,"href":"https:\/\/www.laguiadepamplona.com\/actualidad\/wp-json\/wp\/v2\/posts\/5910\/revisions"}],"wp:featuredmedia":[{"embeddable":true,"href":"https:\/\/www.laguiadepamplona.com\/actualidad\/wp-json\/"}],"wp:attachment":[{"href":"https:\/\/www.laguiadepamplona.com\/actualidad\/wp-json\/wp\/v2\/media?parent=5910"}],"wp:term":[{"taxonomy":"category","embeddable":true,"href":"https:\/\/www.laguiadepamplona.com\/actualidad\/wp-json\/wp\/v2\/categories?post=5910"},{"taxonomy":"post_tag","embeddable":true,"href":"https:\/\/www.laguiadepamplona.com\/actualidad\/wp-json\/wp\/v2\/tags?post=5910"}],"curies":[{"name":"wp","href":"https:\/\/api.w.org\/{rel}","templated":true}]}}