{"id":5907,"date":"2015-05-15T16:24:42","date_gmt":"2015-05-15T14:24:42","guid":{"rendered":"http:\/\/laguiadepamplona.com\/actualidad\/?p=5907"},"modified":"2015-05-15T16:24:42","modified_gmt":"2015-05-15T14:24:42","slug":"otxote-txorbela-y-el-coro-de-voces-graves-de-pamplona-ofrecen-pasado-manana-un-concierto-en-civivox-condestable-dentro-del-ciclo-musicas-de-domingo","status":"publish","type":"post","link":"https:\/\/www.laguiadepamplona.com\/actualidad\/otxote-txorbela-y-el-coro-de-voces-graves-de-pamplona-ofrecen-pasado-manana-un-concierto-en-civivox-condestable-dentro-del-ciclo-musicas-de-domingo\/","title":{"rendered":"Otxote Txorbela y el Coro de Voces Graves de Pamplona ofrecen pasado ma\u00f1ana un concierto en Civivox Condestable dentro del ciclo \u2018M\u00fasicas de domingo\u2019"},"content":{"rendered":"<h4>El recital comenzar\u00e1 a las 12.30 horas con entrada libre<\/h4>\n<p><a href=\"http:\/\/laguiadepamplona.com\/actualidad\/wp-content\/uploads\/2015\/05\/Coro-de-Voces-Graves-de-Pamplona.jpg\"><img loading=\"lazy\" decoding=\"async\" class=\"alignleft size-medium wp-image-5908\" src=\"http:\/\/laguiadepamplona.com\/actualidad\/wp-content\/uploads\/2015\/05\/Coro-de-Voces-Graves-de-Pamplona-300x169.jpg\" alt=\"Coro de Voces Graves de Pamplona\" width=\"300\" height=\"169\" \/><\/a>Contin\u00faa pasado ma\u00f1ana en Civivox Condestable el ciclo musical \u2018M\u00fasicas de domingo\u2019, organizado por el Ayuntamiento de Pamplona y que incluye cuatro conciertos matinales a lo largo de otros tantos domingos hasta el mes de junio. En esta ocasi\u00f3n actuar\u00e1n Otxote Txorbela y el Coro de Voces Graves de Pamplona, en un recital que comenzar\u00e1 a las 12.30 horas con entrada libre.<\/p>\n<p>Otxote Txorbela naci\u00f3 en 2008 en Arrasate-Mondrag\u00f3n de la mano de un grupo de amigos aficionados a la m\u00fasica que decidieron reunirse para recuperar algunas canciones tradicionales que, con el paso del tiempo, se hab\u00edan ido quedando olvidadas como la hojarasca (txorbela, en euskera) en oto\u00f1o cuando queda esparcida por el suelo, motivo de alg\u00fan modo da nombre al grupo. La formaci\u00f3n est\u00e1 compuesta por trece cantores provenientes de importantes formaciones corales vascas, como el Orfe\u00f3n Donostiarra, Goikobalu Abesbatza, Conductus Emsemble y Capilla Pe\u00f1aflorida, entre otras, y su repertorio presta especial atenci\u00f3n a la m\u00fasica vasca. Han actuado en numerosas localidades de Guip\u00fazcoa y en ciudades como Madrid, y adem\u00e1s han estrechado lazos con el otxote sueco &#8216;R\u00e4gnarok&#8217;, con el que comparten actuaciones en Suecia.<\/p>\n<p>El Coro de Voces Graves de Pamplona, por su parte, fue fundado en 1977 y se compone exclusivamente de voces masculinas, dirigidas actualmente por Jos\u00e9 Miguel Aguirre. Sus componentes se han educado en prestigiosos centros musicales de Navarra, como el Orfe\u00f3n Pamplon\u00e9s o la Coral de C\u00e1mara de Pamplona, y cuentan con un amplio repertorio en el que destaca la polifon\u00eda religiosa, la m\u00fasica profana, el folklore vasco-navarro y los espirituales negros. A lo largo de su trayectoria art\u00edstica, el coro, que canta esencialmente a capella, ha ofrecido conciertos en lugares como Par\u00eds, Santa Cruz de Tenerife, Madrid, Valladolid o Teruel.<\/p>\n<p>El ciclo \u2018M\u00fasicas de domingo\u2019 comenz\u00f3 el pasado d\u00eda 19 de abril con la actuaci\u00f3n del Cuarteto L\u00edrico Ad Libitum, y continuar\u00e1 el 31 de mayo con el d\u00fao Violoncello Vibrations. La \u00faltima cita la protagonizar\u00e1 la Orquesta de c\u00e1mara Pamplona XXI el 21 de junio. Todos los conciertos tendr\u00e1n lugar en Civivox Condestable a las 12.30 horas con entrada libre.<\/p>\n<p>&nbsp;<\/p>\n<p><strong>Conciertos \u2018M\u00fasicas de domingo\u2019<\/strong><\/p>\n<p><strong>Civivox Condestable<\/strong><\/p>\n<ul>\n<li><strong>Otxote Txorbela y Coro de Voces Graves de Pamplona<\/strong>\n<ul>\n<li>17 de mayo, 12.30 horas<\/li>\n<li>Programa:<\/li>\n<\/ul>\n<\/li>\n<li><strong>Violoncello vibrations<\/strong>\n<ul>\n<li>31 de mayo, 12.30 horas<\/li>\n<\/ul>\n<\/li>\n<li><strong>Orquesta de c\u00e1mara Pamplona XXI<\/strong>\n<ul>\n<li>21 de junio, 12.30 horas<\/li>\n<\/ul>\n<\/li>\n<\/ul>\n<p>&nbsp;<\/p>\n","protected":false},"excerpt":{"rendered":"<p>El recital comenzar\u00e1 a las 12.30 horas con entrada libre Contin\u00faa pasado ma\u00f1ana en Civivox Condestable el ciclo musical \u2018M\u00fasicas de domingo\u2019, organizado por el Ayuntamiento de Pamplona y que&#8230;<\/p>\n","protected":false},"author":1,"featured_media":5908,"comment_status":"closed","ping_status":"closed","sticky":false,"template":"","format":"standard","meta":{"footnotes":""},"categories":[2],"tags":[5,6,509,149,5301,799,8,5302,9],"class_list":["post-5907","post","type-post","status-publish","format-standard","has-post-thumbnail","hentry","category-ayuntamiento-pamplona","tag-actualidad","tag-ayto-pamplona","tag-ayuntamiento-de-pamplona","tag-civivox-condestable","tag-coro-de-voces-graves-de-pamplona","tag-musicas-de-domingo","tag-noticias","tag-otxote-txorbela","tag-pamplona"],"yoast_head":"<!-- This site is optimized with the Yoast SEO plugin v27.5 - https:\/\/yoast.com\/product\/yoast-seo-wordpress\/ -->\n<title>Otxote Txorbela y el Coro de Voces Graves de Pamplona ofrecen pasado ma\u00f1ana un concierto en Civivox Condestable dentro del ciclo \u2018M\u00fasicas de domingo\u2019<\/title>\n<meta name=\"robots\" content=\"index, follow, max-snippet:-1, max-image-preview:large, max-video-preview:-1\" \/>\n<link rel=\"canonical\" href=\"https:\/\/www.laguiadepamplona.com\/actualidad\/otxote-txorbela-y-el-coro-de-voces-graves-de-pamplona-ofrecen-pasado-manana-un-concierto-en-civivox-condestable-dentro-del-ciclo-musicas-de-domingo\/\" \/>\n<meta property=\"og:locale\" content=\"es_ES\" \/>\n<meta property=\"og:type\" content=\"article\" \/>\n<meta property=\"og:title\" content=\"Otxote Txorbela y el Coro de Voces Graves de Pamplona ofrecen pasado ma\u00f1ana un concierto en Civivox Condestable dentro del ciclo \u2018M\u00fasicas de domingo\u2019\" \/>\n<meta property=\"og:description\" content=\"El recital comenzar\u00e1 a las 12.30 horas con entrada libre Contin\u00faa pasado ma\u00f1ana en Civivox Condestable el ciclo musical \u2018M\u00fasicas de domingo\u2019, organizado por el Ayuntamiento de Pamplona y que...\" \/>\n<meta property=\"og:url\" content=\"https:\/\/www.laguiadepamplona.com\/actualidad\/otxote-txorbela-y-el-coro-de-voces-graves-de-pamplona-ofrecen-pasado-manana-un-concierto-en-civivox-condestable-dentro-del-ciclo-musicas-de-domingo\/\" \/>\n<meta property=\"og:site_name\" content=\"La Gu\u00eda de Pamplona\" \/>\n<meta property=\"article:publisher\" content=\"https:\/\/www.facebook.com\/laguiadepamplonacom-133175176762273\/?ref=hl\" \/>\n<meta property=\"article:published_time\" content=\"2015-05-15T14:24:42+00:00\" \/>\n<meta name=\"author\" content=\"La Gu\u00eda de Pamplona\" \/>\n<meta name=\"twitter:card\" content=\"summary_large_image\" \/>\n<meta name=\"twitter:creator\" content=\"@LaGuiadPamplona\" \/>\n<meta name=\"twitter:site\" content=\"@LaGuiadPamplona\" \/>\n<meta name=\"twitter:label1\" content=\"Escrito por\" \/>\n\t<meta name=\"twitter:data1\" content=\"La Gu\u00eda de Pamplona\" \/>\n\t<meta name=\"twitter:label2\" content=\"Tiempo de lectura\" \/>\n\t<meta name=\"twitter:data2\" content=\"2 minutos\" \/>\n<script type=\"application\/ld+json\" class=\"yoast-schema-graph\">{\"@context\":\"https:\\\/\\\/schema.org\",\"@graph\":[{\"@type\":\"Article\",\"@id\":\"https:\\\/\\\/www.laguiadepamplona.com\\\/actualidad\\\/otxote-txorbela-y-el-coro-de-voces-graves-de-pamplona-ofrecen-pasado-manana-un-concierto-en-civivox-condestable-dentro-del-ciclo-musicas-de-domingo\\\/#article\",\"isPartOf\":{\"@id\":\"https:\\\/\\\/www.laguiadepamplona.com\\\/actualidad\\\/otxote-txorbela-y-el-coro-de-voces-graves-de-pamplona-ofrecen-pasado-manana-un-concierto-en-civivox-condestable-dentro-del-ciclo-musicas-de-domingo\\\/\"},\"author\":{\"name\":\"La Gu\u00eda de Pamplona\",\"@id\":\"https:\\\/\\\/www.laguiadepamplona.com\\\/actualidad\\\/#\\\/schema\\\/person\\\/efe887376f0213d4657c93adc50b1fdb\"},\"headline\":\"Otxote Txorbela y el Coro de Voces Graves de Pamplona ofrecen pasado ma\u00f1ana un concierto en Civivox Condestable dentro del ciclo \u2018M\u00fasicas de domingo\u2019\",\"datePublished\":\"2015-05-15T14:24:42+00:00\",\"mainEntityOfPage\":{\"@id\":\"https:\\\/\\\/www.laguiadepamplona.com\\\/actualidad\\\/otxote-txorbela-y-el-coro-de-voces-graves-de-pamplona-ofrecen-pasado-manana-un-concierto-en-civivox-condestable-dentro-del-ciclo-musicas-de-domingo\\\/\"},\"wordCount\":445,\"publisher\":{\"@id\":\"https:\\\/\\\/www.laguiadepamplona.com\\\/actualidad\\\/#organization\"},\"image\":{\"@id\":\"https:\\\/\\\/www.laguiadepamplona.com\\\/actualidad\\\/otxote-txorbela-y-el-coro-de-voces-graves-de-pamplona-ofrecen-pasado-manana-un-concierto-en-civivox-condestable-dentro-del-ciclo-musicas-de-domingo\\\/#primaryimage\"},\"thumbnailUrl\":\"\",\"keywords\":[\"actualidad\",\"ayto pamplona\",\"Ayuntamiento de Pamplona\",\"civivox condestable\",\"Coro de Voces Graves de Pamplona\",\"M\u00fasicas de domingo\",\"noticias\",\"Otxote Txorbela\",\"pamplona\"],\"articleSection\":[\"Ayto Pamplona\"],\"inLanguage\":\"es\"},{\"@type\":\"WebPage\",\"@id\":\"https:\\\/\\\/www.laguiadepamplona.com\\\/actualidad\\\/otxote-txorbela-y-el-coro-de-voces-graves-de-pamplona-ofrecen-pasado-manana-un-concierto-en-civivox-condestable-dentro-del-ciclo-musicas-de-domingo\\\/\",\"url\":\"https:\\\/\\\/www.laguiadepamplona.com\\\/actualidad\\\/otxote-txorbela-y-el-coro-de-voces-graves-de-pamplona-ofrecen-pasado-manana-un-concierto-en-civivox-condestable-dentro-del-ciclo-musicas-de-domingo\\\/\",\"name\":\"Otxote Txorbela y el Coro de Voces Graves de Pamplona ofrecen pasado ma\u00f1ana un concierto en Civivox Condestable dentro del ciclo \u2018M\u00fasicas de domingo\u2019\",\"isPartOf\":{\"@id\":\"https:\\\/\\\/www.laguiadepamplona.com\\\/actualidad\\\/#website\"},\"primaryImageOfPage\":{\"@id\":\"https:\\\/\\\/www.laguiadepamplona.com\\\/actualidad\\\/otxote-txorbela-y-el-coro-de-voces-graves-de-pamplona-ofrecen-pasado-manana-un-concierto-en-civivox-condestable-dentro-del-ciclo-musicas-de-domingo\\\/#primaryimage\"},\"image\":{\"@id\":\"https:\\\/\\\/www.laguiadepamplona.com\\\/actualidad\\\/otxote-txorbela-y-el-coro-de-voces-graves-de-pamplona-ofrecen-pasado-manana-un-concierto-en-civivox-condestable-dentro-del-ciclo-musicas-de-domingo\\\/#primaryimage\"},\"thumbnailUrl\":\"\",\"datePublished\":\"2015-05-15T14:24:42+00:00\",\"breadcrumb\":{\"@id\":\"https:\\\/\\\/www.laguiadepamplona.com\\\/actualidad\\\/otxote-txorbela-y-el-coro-de-voces-graves-de-pamplona-ofrecen-pasado-manana-un-concierto-en-civivox-condestable-dentro-del-ciclo-musicas-de-domingo\\\/#breadcrumb\"},\"inLanguage\":\"es\",\"potentialAction\":[{\"@type\":\"ReadAction\",\"target\":[\"https:\\\/\\\/www.laguiadepamplona.com\\\/actualidad\\\/otxote-txorbela-y-el-coro-de-voces-graves-de-pamplona-ofrecen-pasado-manana-un-concierto-en-civivox-condestable-dentro-del-ciclo-musicas-de-domingo\\\/\"]}]},{\"@type\":\"ImageObject\",\"inLanguage\":\"es\",\"@id\":\"https:\\\/\\\/www.laguiadepamplona.com\\\/actualidad\\\/otxote-txorbela-y-el-coro-de-voces-graves-de-pamplona-ofrecen-pasado-manana-un-concierto-en-civivox-condestable-dentro-del-ciclo-musicas-de-domingo\\\/#primaryimage\",\"url\":\"\",\"contentUrl\":\"\"},{\"@type\":\"BreadcrumbList\",\"@id\":\"https:\\\/\\\/www.laguiadepamplona.com\\\/actualidad\\\/otxote-txorbela-y-el-coro-de-voces-graves-de-pamplona-ofrecen-pasado-manana-un-concierto-en-civivox-condestable-dentro-del-ciclo-musicas-de-domingo\\\/#breadcrumb\",\"itemListElement\":[{\"@type\":\"ListItem\",\"position\":1,\"name\":\"Portada\",\"item\":\"https:\\\/\\\/www.laguiadepamplona.com\\\/actualidad\\\/\"},{\"@type\":\"ListItem\",\"position\":2,\"name\":\"Otxote Txorbela y el Coro de Voces Graves de Pamplona ofrecen pasado ma\u00f1ana un concierto en Civivox Condestable dentro del ciclo \u2018M\u00fasicas de domingo\u2019\"}]},{\"@type\":\"WebSite\",\"@id\":\"https:\\\/\\\/www.laguiadepamplona.com\\\/actualidad\\\/#website\",\"url\":\"https:\\\/\\\/www.laguiadepamplona.com\\\/actualidad\\\/\",\"name\":\"La gu\u00eda de Pamplona\",\"description\":\"Noticias de Pamplona\",\"publisher\":{\"@id\":\"https:\\\/\\\/www.laguiadepamplona.com\\\/actualidad\\\/#organization\"},\"potentialAction\":[{\"@type\":\"SearchAction\",\"target\":{\"@type\":\"EntryPoint\",\"urlTemplate\":\"https:\\\/\\\/www.laguiadepamplona.com\\\/actualidad\\\/?s={search_term_string}\"},\"query-input\":{\"@type\":\"PropertyValueSpecification\",\"valueRequired\":true,\"valueName\":\"search_term_string\"}}],\"inLanguage\":\"es\"},{\"@type\":\"Organization\",\"@id\":\"https:\\\/\\\/www.laguiadepamplona.com\\\/actualidad\\\/#organization\",\"name\":\"La Gu\u00eda de Pamplona \\\/ Noticias\",\"url\":\"https:\\\/\\\/www.laguiadepamplona.com\\\/actualidad\\\/\",\"logo\":{\"@type\":\"ImageObject\",\"inLanguage\":\"es\",\"@id\":\"https:\\\/\\\/www.laguiadepamplona.com\\\/actualidad\\\/#\\\/schema\\\/logo\\\/image\\\/\",\"url\":\"https:\\\/\\\/www.laguiadepamplona.com\\\/actualidad\\\/wp-content\\\/uploads\\\/2018\\\/11\\\/logo-laguiadepamplona18-web1.png\",\"contentUrl\":\"https:\\\/\\\/www.laguiadepamplona.com\\\/actualidad\\\/wp-content\\\/uploads\\\/2018\\\/11\\\/logo-laguiadepamplona18-web1.png\",\"width\":600,\"height\":196,\"caption\":\"La Gu\u00eda de Pamplona \\\/ Noticias\"},\"image\":{\"@id\":\"https:\\\/\\\/www.laguiadepamplona.com\\\/actualidad\\\/#\\\/schema\\\/logo\\\/image\\\/\"},\"sameAs\":[\"https:\\\/\\\/www.facebook.com\\\/laguiadepamplonacom-133175176762273\\\/?ref=hl\",\"https:\\\/\\\/x.com\\\/LaGuiadPamplona\",\"https:\\\/\\\/www.instagram.com\\\/la_guia_de_pamplona\\\/\",\"https:\\\/\\\/www.youtube.com\\\/user\\\/laguiadepamplona\"]},{\"@type\":\"Person\",\"@id\":\"https:\\\/\\\/www.laguiadepamplona.com\\\/actualidad\\\/#\\\/schema\\\/person\\\/efe887376f0213d4657c93adc50b1fdb\",\"name\":\"La Gu\u00eda de Pamplona\",\"image\":{\"@type\":\"ImageObject\",\"inLanguage\":\"es\",\"@id\":\"https:\\\/\\\/secure.gravatar.com\\\/avatar\\\/b6992f131dc8d30ab0dff15446e9d346d9dbd95992de0fef795073f5ea83a81c?s=96&d=mm&r=g\",\"url\":\"https:\\\/\\\/secure.gravatar.com\\\/avatar\\\/b6992f131dc8d30ab0dff15446e9d346d9dbd95992de0fef795073f5ea83a81c?s=96&d=mm&r=g\",\"contentUrl\":\"https:\\\/\\\/secure.gravatar.com\\\/avatar\\\/b6992f131dc8d30ab0dff15446e9d346d9dbd95992de0fef795073f5ea83a81c?s=96&d=mm&r=g\",\"caption\":\"La Gu\u00eda de Pamplona\"}}]}<\/script>\n<!-- \/ Yoast SEO plugin. -->","yoast_head_json":{"title":"Otxote Txorbela y el Coro de Voces Graves de Pamplona ofrecen pasado ma\u00f1ana un concierto en Civivox Condestable dentro del ciclo \u2018M\u00fasicas de domingo\u2019","robots":{"index":"index","follow":"follow","max-snippet":"max-snippet:-1","max-image-preview":"max-image-preview:large","max-video-preview":"max-video-preview:-1"},"canonical":"https:\/\/www.laguiadepamplona.com\/actualidad\/otxote-txorbela-y-el-coro-de-voces-graves-de-pamplona-ofrecen-pasado-manana-un-concierto-en-civivox-condestable-dentro-del-ciclo-musicas-de-domingo\/","og_locale":"es_ES","og_type":"article","og_title":"Otxote Txorbela y el Coro de Voces Graves de Pamplona ofrecen pasado ma\u00f1ana un concierto en Civivox Condestable dentro del ciclo \u2018M\u00fasicas de domingo\u2019","og_description":"El recital comenzar\u00e1 a las 12.30 horas con entrada libre Contin\u00faa pasado ma\u00f1ana en Civivox Condestable el ciclo musical \u2018M\u00fasicas de domingo\u2019, organizado por el Ayuntamiento de Pamplona y que...","og_url":"https:\/\/www.laguiadepamplona.com\/actualidad\/otxote-txorbela-y-el-coro-de-voces-graves-de-pamplona-ofrecen-pasado-manana-un-concierto-en-civivox-condestable-dentro-del-ciclo-musicas-de-domingo\/","og_site_name":"La Gu\u00eda de Pamplona","article_publisher":"https:\/\/www.facebook.com\/laguiadepamplonacom-133175176762273\/?ref=hl","article_published_time":"2015-05-15T14:24:42+00:00","author":"La Gu\u00eda de Pamplona","twitter_card":"summary_large_image","twitter_creator":"@LaGuiadPamplona","twitter_site":"@LaGuiadPamplona","twitter_misc":{"Escrito por":"La Gu\u00eda de Pamplona","Tiempo de lectura":"2 minutos"},"schema":{"@context":"https:\/\/schema.org","@graph":[{"@type":"Article","@id":"https:\/\/www.laguiadepamplona.com\/actualidad\/otxote-txorbela-y-el-coro-de-voces-graves-de-pamplona-ofrecen-pasado-manana-un-concierto-en-civivox-condestable-dentro-del-ciclo-musicas-de-domingo\/#article","isPartOf":{"@id":"https:\/\/www.laguiadepamplona.com\/actualidad\/otxote-txorbela-y-el-coro-de-voces-graves-de-pamplona-ofrecen-pasado-manana-un-concierto-en-civivox-condestable-dentro-del-ciclo-musicas-de-domingo\/"},"author":{"name":"La Gu\u00eda de Pamplona","@id":"https:\/\/www.laguiadepamplona.com\/actualidad\/#\/schema\/person\/efe887376f0213d4657c93adc50b1fdb"},"headline":"Otxote Txorbela y el Coro de Voces Graves de Pamplona ofrecen pasado ma\u00f1ana un concierto en Civivox Condestable dentro del ciclo \u2018M\u00fasicas de domingo\u2019","datePublished":"2015-05-15T14:24:42+00:00","mainEntityOfPage":{"@id":"https:\/\/www.laguiadepamplona.com\/actualidad\/otxote-txorbela-y-el-coro-de-voces-graves-de-pamplona-ofrecen-pasado-manana-un-concierto-en-civivox-condestable-dentro-del-ciclo-musicas-de-domingo\/"},"wordCount":445,"publisher":{"@id":"https:\/\/www.laguiadepamplona.com\/actualidad\/#organization"},"image":{"@id":"https:\/\/www.laguiadepamplona.com\/actualidad\/otxote-txorbela-y-el-coro-de-voces-graves-de-pamplona-ofrecen-pasado-manana-un-concierto-en-civivox-condestable-dentro-del-ciclo-musicas-de-domingo\/#primaryimage"},"thumbnailUrl":"","keywords":["actualidad","ayto pamplona","Ayuntamiento de Pamplona","civivox condestable","Coro de Voces Graves de Pamplona","M\u00fasicas de domingo","noticias","Otxote Txorbela","pamplona"],"articleSection":["Ayto Pamplona"],"inLanguage":"es"},{"@type":"WebPage","@id":"https:\/\/www.laguiadepamplona.com\/actualidad\/otxote-txorbela-y-el-coro-de-voces-graves-de-pamplona-ofrecen-pasado-manana-un-concierto-en-civivox-condestable-dentro-del-ciclo-musicas-de-domingo\/","url":"https:\/\/www.laguiadepamplona.com\/actualidad\/otxote-txorbela-y-el-coro-de-voces-graves-de-pamplona-ofrecen-pasado-manana-un-concierto-en-civivox-condestable-dentro-del-ciclo-musicas-de-domingo\/","name":"Otxote Txorbela y el Coro de Voces Graves de Pamplona ofrecen pasado ma\u00f1ana un concierto en Civivox Condestable dentro del ciclo \u2018M\u00fasicas de domingo\u2019","isPartOf":{"@id":"https:\/\/www.laguiadepamplona.com\/actualidad\/#website"},"primaryImageOfPage":{"@id":"https:\/\/www.laguiadepamplona.com\/actualidad\/otxote-txorbela-y-el-coro-de-voces-graves-de-pamplona-ofrecen-pasado-manana-un-concierto-en-civivox-condestable-dentro-del-ciclo-musicas-de-domingo\/#primaryimage"},"image":{"@id":"https:\/\/www.laguiadepamplona.com\/actualidad\/otxote-txorbela-y-el-coro-de-voces-graves-de-pamplona-ofrecen-pasado-manana-un-concierto-en-civivox-condestable-dentro-del-ciclo-musicas-de-domingo\/#primaryimage"},"thumbnailUrl":"","datePublished":"2015-05-15T14:24:42+00:00","breadcrumb":{"@id":"https:\/\/www.laguiadepamplona.com\/actualidad\/otxote-txorbela-y-el-coro-de-voces-graves-de-pamplona-ofrecen-pasado-manana-un-concierto-en-civivox-condestable-dentro-del-ciclo-musicas-de-domingo\/#breadcrumb"},"inLanguage":"es","potentialAction":[{"@type":"ReadAction","target":["https:\/\/www.laguiadepamplona.com\/actualidad\/otxote-txorbela-y-el-coro-de-voces-graves-de-pamplona-ofrecen-pasado-manana-un-concierto-en-civivox-condestable-dentro-del-ciclo-musicas-de-domingo\/"]}]},{"@type":"ImageObject","inLanguage":"es","@id":"https:\/\/www.laguiadepamplona.com\/actualidad\/otxote-txorbela-y-el-coro-de-voces-graves-de-pamplona-ofrecen-pasado-manana-un-concierto-en-civivox-condestable-dentro-del-ciclo-musicas-de-domingo\/#primaryimage","url":"","contentUrl":""},{"@type":"BreadcrumbList","@id":"https:\/\/www.laguiadepamplona.com\/actualidad\/otxote-txorbela-y-el-coro-de-voces-graves-de-pamplona-ofrecen-pasado-manana-un-concierto-en-civivox-condestable-dentro-del-ciclo-musicas-de-domingo\/#breadcrumb","itemListElement":[{"@type":"ListItem","position":1,"name":"Portada","item":"https:\/\/www.laguiadepamplona.com\/actualidad\/"},{"@type":"ListItem","position":2,"name":"Otxote Txorbela y el Coro de Voces Graves de Pamplona ofrecen pasado ma\u00f1ana un concierto en Civivox Condestable dentro del ciclo \u2018M\u00fasicas de domingo\u2019"}]},{"@type":"WebSite","@id":"https:\/\/www.laguiadepamplona.com\/actualidad\/#website","url":"https:\/\/www.laguiadepamplona.com\/actualidad\/","name":"La gu\u00eda de Pamplona","description":"Noticias de Pamplona","publisher":{"@id":"https:\/\/www.laguiadepamplona.com\/actualidad\/#organization"},"potentialAction":[{"@type":"SearchAction","target":{"@type":"EntryPoint","urlTemplate":"https:\/\/www.laguiadepamplona.com\/actualidad\/?s={search_term_string}"},"query-input":{"@type":"PropertyValueSpecification","valueRequired":true,"valueName":"search_term_string"}}],"inLanguage":"es"},{"@type":"Organization","@id":"https:\/\/www.laguiadepamplona.com\/actualidad\/#organization","name":"La Gu\u00eda de Pamplona \/ Noticias","url":"https:\/\/www.laguiadepamplona.com\/actualidad\/","logo":{"@type":"ImageObject","inLanguage":"es","@id":"https:\/\/www.laguiadepamplona.com\/actualidad\/#\/schema\/logo\/image\/","url":"https:\/\/www.laguiadepamplona.com\/actualidad\/wp-content\/uploads\/2018\/11\/logo-laguiadepamplona18-web1.png","contentUrl":"https:\/\/www.laguiadepamplona.com\/actualidad\/wp-content\/uploads\/2018\/11\/logo-laguiadepamplona18-web1.png","width":600,"height":196,"caption":"La Gu\u00eda de Pamplona \/ Noticias"},"image":{"@id":"https:\/\/www.laguiadepamplona.com\/actualidad\/#\/schema\/logo\/image\/"},"sameAs":["https:\/\/www.facebook.com\/laguiadepamplonacom-133175176762273\/?ref=hl","https:\/\/x.com\/LaGuiadPamplona","https:\/\/www.instagram.com\/la_guia_de_pamplona\/","https:\/\/www.youtube.com\/user\/laguiadepamplona"]},{"@type":"Person","@id":"https:\/\/www.laguiadepamplona.com\/actualidad\/#\/schema\/person\/efe887376f0213d4657c93adc50b1fdb","name":"La Gu\u00eda de Pamplona","image":{"@type":"ImageObject","inLanguage":"es","@id":"https:\/\/secure.gravatar.com\/avatar\/b6992f131dc8d30ab0dff15446e9d346d9dbd95992de0fef795073f5ea83a81c?s=96&d=mm&r=g","url":"https:\/\/secure.gravatar.com\/avatar\/b6992f131dc8d30ab0dff15446e9d346d9dbd95992de0fef795073f5ea83a81c?s=96&d=mm&r=g","contentUrl":"https:\/\/secure.gravatar.com\/avatar\/b6992f131dc8d30ab0dff15446e9d346d9dbd95992de0fef795073f5ea83a81c?s=96&d=mm&r=g","caption":"La Gu\u00eda de Pamplona"}}]}},"post_mailing_queue_ids":[],"_links":{"self":[{"href":"https:\/\/www.laguiadepamplona.com\/actualidad\/wp-json\/wp\/v2\/posts\/5907","targetHints":{"allow":["GET"]}}],"collection":[{"href":"https:\/\/www.laguiadepamplona.com\/actualidad\/wp-json\/wp\/v2\/posts"}],"about":[{"href":"https:\/\/www.laguiadepamplona.com\/actualidad\/wp-json\/wp\/v2\/types\/post"}],"author":[{"embeddable":true,"href":"https:\/\/www.laguiadepamplona.com\/actualidad\/wp-json\/wp\/v2\/users\/1"}],"replies":[{"embeddable":true,"href":"https:\/\/www.laguiadepamplona.com\/actualidad\/wp-json\/wp\/v2\/comments?post=5907"}],"version-history":[{"count":0,"href":"https:\/\/www.laguiadepamplona.com\/actualidad\/wp-json\/wp\/v2\/posts\/5907\/revisions"}],"wp:featuredmedia":[{"embeddable":true,"href":"https:\/\/www.laguiadepamplona.com\/actualidad\/wp-json\/"}],"wp:attachment":[{"href":"https:\/\/www.laguiadepamplona.com\/actualidad\/wp-json\/wp\/v2\/media?parent=5907"}],"wp:term":[{"taxonomy":"category","embeddable":true,"href":"https:\/\/www.laguiadepamplona.com\/actualidad\/wp-json\/wp\/v2\/categories?post=5907"},{"taxonomy":"post_tag","embeddable":true,"href":"https:\/\/www.laguiadepamplona.com\/actualidad\/wp-json\/wp\/v2\/tags?post=5907"}],"curies":[{"name":"wp","href":"https:\/\/api.w.org\/{rel}","templated":true}]}}