{"id":5850,"date":"2015-05-11T12:50:27","date_gmt":"2015-05-11T10:50:27","guid":{"rendered":"http:\/\/laguiadepamplona.com\/actualidad\/?p=5850"},"modified":"2015-05-11T12:50:27","modified_gmt":"2015-05-11T10:50:27","slug":"el-maltrato-animal-y-el-papel-de-las-asociaciones-de-defensa-de-los-derechos-de-los-animales-centro-del-documental-de-este-martes-en-el-museo-de-educacion-ambiental","status":"publish","type":"post","link":"https:\/\/www.laguiadepamplona.com\/actualidad\/el-maltrato-animal-y-el-papel-de-las-asociaciones-de-defensa-de-los-derechos-de-los-animales-centro-del-documental-de-este-martes-en-el-museo-de-educacion-ambiental\/","title":{"rendered":"El maltrato animal y el papel de las asociaciones de defensa de los derechos de los animales, centro del documental de este martes en el Museo de Educaci\u00f3n Ambiental"},"content":{"rendered":"<h4>\u2018Art\u00edculo 337\u2019 hace referencia al texto del C\u00f3digo Penal donde se tipifica la violencia, tanto por acci\u00f3n como por omisi\u00f3n, contra los animales<\/h4>\n<p><a href=\"http:\/\/laguiadepamplona.com\/actualidad\/wp-content\/uploads\/2015\/05\/documental_ambiental_articulo_337.jpg\"><img loading=\"lazy\" decoding=\"async\" class=\"alignleft size-medium wp-image-5851\" src=\"http:\/\/laguiadepamplona.com\/actualidad\/wp-content\/uploads\/2015\/05\/documental_ambiental_articulo_337-300x191.jpg\" alt=\"documental_ambiental_articulo_337\" width=\"300\" height=\"191\" \/><\/a>Este martes, dentro del ciclo de documentales de naturaleza que ofrece el Museo de Educaci\u00f3n Ambiental del Ayuntamiento de Pamplona, se proyectar\u00e1 \u201cArt\u00edculo 337\u201d, un mediometraje espa\u00f1ol de 33 minutos de duraci\u00f3n firmado por Pandora Box y la Asociaci\u00f3n de defensa de los derechos animales (ADDA).<\/p>\n<p>El art\u00edculo 337 del C\u00f3digo Penal, cuyo contenido fue modificado en 2010, establece que comete un delito \u201cEl que por cualquier medio o procedimiento maltrate injustificadamente a un animal dom\u00e9stico o amansado, caus\u00e1ndole la muerte o lesiones que menoscaben gravemente su salud (&#8230;)\u201d. Ese mismo tipo penal establece que su autor \u201cser\u00e1 castigado con la pena de tres meses a un a\u00f1o de prisi\u00f3n e inhabilitaci\u00f3n especial de uno a tres a\u00f1os para el ejercicio de profesi\u00f3n, oficio o comercio que tenga relaci\u00f3n con los animales\u201d.<\/p>\n<p>El punto de partida del documental es que en Espa\u00f1a cientos de miles de animales (perros y gatos fundamentalmente) son abandonados cada a\u00f1o, y un porcentaje elevado de ellos sufren malos tratos. La cinta, premiada en el festival Telenatura en su edici\u00f3n de 2011 es una denuncia sobre el maltrato de animales dom\u00e9sticos y recoge la importancia del papel de las asociaciones que tratan de oponerse a esta situaci\u00f3n. Como siempre se proyectar\u00e1 en doble sesi\u00f3n, a las 11.30 y a las 18.30 horas. La entrada ser\u00e1 gratuita.<\/p>\n<p>La pr\u00f3xima sesi\u00f3n, el 19 de mayo, ser\u00e1 un documental premiado en el festival en 2012. \u2018Danubio, de la Selva Negra al Mar Negro\u2019 (51 minutos, VOS en ingl\u00e9s con subt\u00edtulos en castellano) se centra en la vida en torno a ese r\u00edo centroeuropeo. Como en el caso m\u00e1s conocido hist\u00f3ricamente del r\u00edo Nilo, las crecidas y las sequ\u00edas del Danubio tambi\u00e9n establecen un ciclo que determina la migraci\u00f3n cr\u00eda, reproducci\u00f3n, caza e hibernaci\u00f3n de los animales de su entorno. Los autores del filme son los realizadores austriacos Rita y Michel Schlamberger.<\/p>\n<p><strong>Cine documental y de naturaleza en el museo<\/strong><\/p>\n<p><strong>Todos los martes hasta el 23 de junio<\/strong><\/p>\n<p><strong>Doble sesi\u00f3n: a las 11.30 y a las 18.30 horas. Entrada libre<\/strong><\/p>\n<p><strong>Museo de Educaci\u00f3n Ambiental<\/strong><\/p>\n<p><u>PEL\u00cdCULAS MAYO (Telenatura 2011\/2012)<\/u><\/p>\n<p><strong>Martes 12 de mayo<\/strong><\/p>\n<ul>\n<li>\u201cArt\u00edculo 337\u201d<\/li>\n<li>Direcci\u00f3n: Asociaci\u00f3n de defensa de los derechos animales (ADDA) y Pandora Box. Castellano. 33\u2019. Espa\u00f1a<\/li>\n<\/ul>\n<p><strong>Martes 19 de mayo<\/strong><\/p>\n<ul>\n<li>\u201cDanubio, de la Selva Negra al Mar Negro\u201d<\/li>\n<li>Direcci\u00f3n: Rita y Michael Schamberger\/ ORF. V.O.S Ingl\u00e9s con subt\u00edtulos al castellano. 51\u2019. Austria<\/li>\n<\/ul>\n<p>&nbsp;<\/p>\n","protected":false},"excerpt":{"rendered":"<p>\u2018Art\u00edculo 337\u2019 hace referencia al texto del C\u00f3digo Penal donde se tipifica la violencia, tanto por acci\u00f3n como por omisi\u00f3n, contra los animales Este martes, dentro del ciclo de documentales&#8230;<\/p>\n","protected":false},"author":1,"featured_media":5851,"comment_status":"closed","ping_status":"closed","sticky":false,"template":"","format":"standard","meta":{"footnotes":""},"categories":[2],"tags":[5,5240,6,509,5241,699,5242,100,8,9],"class_list":["post-5850","post","type-post","status-publish","format-standard","has-post-thumbnail","hentry","category-ayuntamiento-pamplona","tag-actualidad","tag-asociaciones-de-defensa","tag-ayto-pamplona","tag-ayuntamiento-de-pamplona","tag-derechos-de-los-animales","tag-documental","tag-maltrato-animal","tag-museo-de-educacion-ambiental","tag-noticias","tag-pamplona"],"yoast_head":"<!-- This site is optimized with the Yoast SEO plugin v27.5 - https:\/\/yoast.com\/product\/yoast-seo-wordpress\/ -->\n<title>El maltrato animal y el papel de las asociaciones de defensa de los derechos de los animales, centro del documental de este martes en el Museo de Educaci\u00f3n Ambiental<\/title>\n<meta name=\"robots\" content=\"index, follow, max-snippet:-1, max-image-preview:large, max-video-preview:-1\" \/>\n<link rel=\"canonical\" href=\"https:\/\/www.laguiadepamplona.com\/actualidad\/el-maltrato-animal-y-el-papel-de-las-asociaciones-de-defensa-de-los-derechos-de-los-animales-centro-del-documental-de-este-martes-en-el-museo-de-educacion-ambiental\/\" \/>\n<meta property=\"og:locale\" content=\"es_ES\" \/>\n<meta property=\"og:type\" content=\"article\" \/>\n<meta property=\"og:title\" content=\"El maltrato animal y el papel de las asociaciones de defensa de los derechos de los animales, centro del documental de este martes en el Museo de Educaci\u00f3n Ambiental\" \/>\n<meta property=\"og:description\" content=\"\u2018Art\u00edculo 337\u2019 hace referencia al texto del C\u00f3digo Penal donde se tipifica la violencia, tanto por acci\u00f3n como por omisi\u00f3n, contra los animales Este martes, dentro del ciclo de documentales...\" \/>\n<meta property=\"og:url\" content=\"https:\/\/www.laguiadepamplona.com\/actualidad\/el-maltrato-animal-y-el-papel-de-las-asociaciones-de-defensa-de-los-derechos-de-los-animales-centro-del-documental-de-este-martes-en-el-museo-de-educacion-ambiental\/\" \/>\n<meta property=\"og:site_name\" content=\"La Gu\u00eda de Pamplona\" \/>\n<meta property=\"article:publisher\" content=\"https:\/\/www.facebook.com\/laguiadepamplonacom-133175176762273\/?ref=hl\" \/>\n<meta property=\"article:published_time\" content=\"2015-05-11T10:50:27+00:00\" \/>\n<meta name=\"author\" content=\"La Gu\u00eda de Pamplona\" \/>\n<meta name=\"twitter:card\" content=\"summary_large_image\" \/>\n<meta name=\"twitter:creator\" content=\"@LaGuiadPamplona\" \/>\n<meta name=\"twitter:site\" content=\"@LaGuiadPamplona\" \/>\n<meta name=\"twitter:label1\" content=\"Escrito por\" \/>\n\t<meta name=\"twitter:data1\" content=\"La Gu\u00eda de Pamplona\" \/>\n\t<meta name=\"twitter:label2\" content=\"Tiempo de lectura\" \/>\n\t<meta name=\"twitter:data2\" content=\"2 minutos\" \/>\n<script type=\"application\/ld+json\" class=\"yoast-schema-graph\">{\"@context\":\"https:\\\/\\\/schema.org\",\"@graph\":[{\"@type\":\"Article\",\"@id\":\"https:\\\/\\\/www.laguiadepamplona.com\\\/actualidad\\\/el-maltrato-animal-y-el-papel-de-las-asociaciones-de-defensa-de-los-derechos-de-los-animales-centro-del-documental-de-este-martes-en-el-museo-de-educacion-ambiental\\\/#article\",\"isPartOf\":{\"@id\":\"https:\\\/\\\/www.laguiadepamplona.com\\\/actualidad\\\/el-maltrato-animal-y-el-papel-de-las-asociaciones-de-defensa-de-los-derechos-de-los-animales-centro-del-documental-de-este-martes-en-el-museo-de-educacion-ambiental\\\/\"},\"author\":{\"name\":\"La Gu\u00eda de Pamplona\",\"@id\":\"https:\\\/\\\/www.laguiadepamplona.com\\\/actualidad\\\/#\\\/schema\\\/person\\\/efe887376f0213d4657c93adc50b1fdb\"},\"headline\":\"El maltrato animal y el papel de las asociaciones de defensa de los derechos de los animales, centro del documental de este martes en el Museo de Educaci\u00f3n Ambiental\",\"datePublished\":\"2015-05-11T10:50:27+00:00\",\"mainEntityOfPage\":{\"@id\":\"https:\\\/\\\/www.laguiadepamplona.com\\\/actualidad\\\/el-maltrato-animal-y-el-papel-de-las-asociaciones-de-defensa-de-los-derechos-de-los-animales-centro-del-documental-de-este-martes-en-el-museo-de-educacion-ambiental\\\/\"},\"wordCount\":479,\"publisher\":{\"@id\":\"https:\\\/\\\/www.laguiadepamplona.com\\\/actualidad\\\/#organization\"},\"image\":{\"@id\":\"https:\\\/\\\/www.laguiadepamplona.com\\\/actualidad\\\/el-maltrato-animal-y-el-papel-de-las-asociaciones-de-defensa-de-los-derechos-de-los-animales-centro-del-documental-de-este-martes-en-el-museo-de-educacion-ambiental\\\/#primaryimage\"},\"thumbnailUrl\":\"\",\"keywords\":[\"actualidad\",\"asociaciones de defensa\",\"ayto pamplona\",\"Ayuntamiento de Pamplona\",\"derechos de los animales\",\"documental\",\"maltrato animal\",\"Museo de Educaci\u00f3n Ambiental\",\"noticias\",\"pamplona\"],\"articleSection\":[\"Ayto Pamplona\"],\"inLanguage\":\"es\"},{\"@type\":\"WebPage\",\"@id\":\"https:\\\/\\\/www.laguiadepamplona.com\\\/actualidad\\\/el-maltrato-animal-y-el-papel-de-las-asociaciones-de-defensa-de-los-derechos-de-los-animales-centro-del-documental-de-este-martes-en-el-museo-de-educacion-ambiental\\\/\",\"url\":\"https:\\\/\\\/www.laguiadepamplona.com\\\/actualidad\\\/el-maltrato-animal-y-el-papel-de-las-asociaciones-de-defensa-de-los-derechos-de-los-animales-centro-del-documental-de-este-martes-en-el-museo-de-educacion-ambiental\\\/\",\"name\":\"El maltrato animal y el papel de las asociaciones de defensa de los derechos de los animales, centro del documental de este martes en el Museo de Educaci\u00f3n Ambiental\",\"isPartOf\":{\"@id\":\"https:\\\/\\\/www.laguiadepamplona.com\\\/actualidad\\\/#website\"},\"primaryImageOfPage\":{\"@id\":\"https:\\\/\\\/www.laguiadepamplona.com\\\/actualidad\\\/el-maltrato-animal-y-el-papel-de-las-asociaciones-de-defensa-de-los-derechos-de-los-animales-centro-del-documental-de-este-martes-en-el-museo-de-educacion-ambiental\\\/#primaryimage\"},\"image\":{\"@id\":\"https:\\\/\\\/www.laguiadepamplona.com\\\/actualidad\\\/el-maltrato-animal-y-el-papel-de-las-asociaciones-de-defensa-de-los-derechos-de-los-animales-centro-del-documental-de-este-martes-en-el-museo-de-educacion-ambiental\\\/#primaryimage\"},\"thumbnailUrl\":\"\",\"datePublished\":\"2015-05-11T10:50:27+00:00\",\"breadcrumb\":{\"@id\":\"https:\\\/\\\/www.laguiadepamplona.com\\\/actualidad\\\/el-maltrato-animal-y-el-papel-de-las-asociaciones-de-defensa-de-los-derechos-de-los-animales-centro-del-documental-de-este-martes-en-el-museo-de-educacion-ambiental\\\/#breadcrumb\"},\"inLanguage\":\"es\",\"potentialAction\":[{\"@type\":\"ReadAction\",\"target\":[\"https:\\\/\\\/www.laguiadepamplona.com\\\/actualidad\\\/el-maltrato-animal-y-el-papel-de-las-asociaciones-de-defensa-de-los-derechos-de-los-animales-centro-del-documental-de-este-martes-en-el-museo-de-educacion-ambiental\\\/\"]}]},{\"@type\":\"ImageObject\",\"inLanguage\":\"es\",\"@id\":\"https:\\\/\\\/www.laguiadepamplona.com\\\/actualidad\\\/el-maltrato-animal-y-el-papel-de-las-asociaciones-de-defensa-de-los-derechos-de-los-animales-centro-del-documental-de-este-martes-en-el-museo-de-educacion-ambiental\\\/#primaryimage\",\"url\":\"\",\"contentUrl\":\"\"},{\"@type\":\"BreadcrumbList\",\"@id\":\"https:\\\/\\\/www.laguiadepamplona.com\\\/actualidad\\\/el-maltrato-animal-y-el-papel-de-las-asociaciones-de-defensa-de-los-derechos-de-los-animales-centro-del-documental-de-este-martes-en-el-museo-de-educacion-ambiental\\\/#breadcrumb\",\"itemListElement\":[{\"@type\":\"ListItem\",\"position\":1,\"name\":\"Portada\",\"item\":\"https:\\\/\\\/www.laguiadepamplona.com\\\/actualidad\\\/\"},{\"@type\":\"ListItem\",\"position\":2,\"name\":\"El maltrato animal y el papel de las asociaciones de defensa de los derechos de los animales, centro del documental de este martes en el Museo de Educaci\u00f3n Ambiental\"}]},{\"@type\":\"WebSite\",\"@id\":\"https:\\\/\\\/www.laguiadepamplona.com\\\/actualidad\\\/#website\",\"url\":\"https:\\\/\\\/www.laguiadepamplona.com\\\/actualidad\\\/\",\"name\":\"La gu\u00eda de Pamplona\",\"description\":\"Noticias de Pamplona\",\"publisher\":{\"@id\":\"https:\\\/\\\/www.laguiadepamplona.com\\\/actualidad\\\/#organization\"},\"potentialAction\":[{\"@type\":\"SearchAction\",\"target\":{\"@type\":\"EntryPoint\",\"urlTemplate\":\"https:\\\/\\\/www.laguiadepamplona.com\\\/actualidad\\\/?s={search_term_string}\"},\"query-input\":{\"@type\":\"PropertyValueSpecification\",\"valueRequired\":true,\"valueName\":\"search_term_string\"}}],\"inLanguage\":\"es\"},{\"@type\":\"Organization\",\"@id\":\"https:\\\/\\\/www.laguiadepamplona.com\\\/actualidad\\\/#organization\",\"name\":\"La Gu\u00eda de Pamplona \\\/ Noticias\",\"url\":\"https:\\\/\\\/www.laguiadepamplona.com\\\/actualidad\\\/\",\"logo\":{\"@type\":\"ImageObject\",\"inLanguage\":\"es\",\"@id\":\"https:\\\/\\\/www.laguiadepamplona.com\\\/actualidad\\\/#\\\/schema\\\/logo\\\/image\\\/\",\"url\":\"https:\\\/\\\/www.laguiadepamplona.com\\\/actualidad\\\/wp-content\\\/uploads\\\/2018\\\/11\\\/logo-laguiadepamplona18-web1.png\",\"contentUrl\":\"https:\\\/\\\/www.laguiadepamplona.com\\\/actualidad\\\/wp-content\\\/uploads\\\/2018\\\/11\\\/logo-laguiadepamplona18-web1.png\",\"width\":600,\"height\":196,\"caption\":\"La Gu\u00eda de Pamplona \\\/ Noticias\"},\"image\":{\"@id\":\"https:\\\/\\\/www.laguiadepamplona.com\\\/actualidad\\\/#\\\/schema\\\/logo\\\/image\\\/\"},\"sameAs\":[\"https:\\\/\\\/www.facebook.com\\\/laguiadepamplonacom-133175176762273\\\/?ref=hl\",\"https:\\\/\\\/x.com\\\/LaGuiadPamplona\",\"https:\\\/\\\/www.instagram.com\\\/la_guia_de_pamplona\\\/\",\"https:\\\/\\\/www.youtube.com\\\/user\\\/laguiadepamplona\"]},{\"@type\":\"Person\",\"@id\":\"https:\\\/\\\/www.laguiadepamplona.com\\\/actualidad\\\/#\\\/schema\\\/person\\\/efe887376f0213d4657c93adc50b1fdb\",\"name\":\"La Gu\u00eda de Pamplona\",\"image\":{\"@type\":\"ImageObject\",\"inLanguage\":\"es\",\"@id\":\"https:\\\/\\\/secure.gravatar.com\\\/avatar\\\/b6992f131dc8d30ab0dff15446e9d346d9dbd95992de0fef795073f5ea83a81c?s=96&d=mm&r=g\",\"url\":\"https:\\\/\\\/secure.gravatar.com\\\/avatar\\\/b6992f131dc8d30ab0dff15446e9d346d9dbd95992de0fef795073f5ea83a81c?s=96&d=mm&r=g\",\"contentUrl\":\"https:\\\/\\\/secure.gravatar.com\\\/avatar\\\/b6992f131dc8d30ab0dff15446e9d346d9dbd95992de0fef795073f5ea83a81c?s=96&d=mm&r=g\",\"caption\":\"La Gu\u00eda de Pamplona\"}}]}<\/script>\n<!-- \/ Yoast SEO plugin. -->","yoast_head_json":{"title":"El maltrato animal y el papel de las asociaciones de defensa de los derechos de los animales, centro del documental de este martes en el Museo de Educaci\u00f3n Ambiental","robots":{"index":"index","follow":"follow","max-snippet":"max-snippet:-1","max-image-preview":"max-image-preview:large","max-video-preview":"max-video-preview:-1"},"canonical":"https:\/\/www.laguiadepamplona.com\/actualidad\/el-maltrato-animal-y-el-papel-de-las-asociaciones-de-defensa-de-los-derechos-de-los-animales-centro-del-documental-de-este-martes-en-el-museo-de-educacion-ambiental\/","og_locale":"es_ES","og_type":"article","og_title":"El maltrato animal y el papel de las asociaciones de defensa de los derechos de los animales, centro del documental de este martes en el Museo de Educaci\u00f3n Ambiental","og_description":"\u2018Art\u00edculo 337\u2019 hace referencia al texto del C\u00f3digo Penal donde se tipifica la violencia, tanto por acci\u00f3n como por omisi\u00f3n, contra los animales Este martes, dentro del ciclo de documentales...","og_url":"https:\/\/www.laguiadepamplona.com\/actualidad\/el-maltrato-animal-y-el-papel-de-las-asociaciones-de-defensa-de-los-derechos-de-los-animales-centro-del-documental-de-este-martes-en-el-museo-de-educacion-ambiental\/","og_site_name":"La Gu\u00eda de Pamplona","article_publisher":"https:\/\/www.facebook.com\/laguiadepamplonacom-133175176762273\/?ref=hl","article_published_time":"2015-05-11T10:50:27+00:00","author":"La Gu\u00eda de Pamplona","twitter_card":"summary_large_image","twitter_creator":"@LaGuiadPamplona","twitter_site":"@LaGuiadPamplona","twitter_misc":{"Escrito por":"La Gu\u00eda de Pamplona","Tiempo de lectura":"2 minutos"},"schema":{"@context":"https:\/\/schema.org","@graph":[{"@type":"Article","@id":"https:\/\/www.laguiadepamplona.com\/actualidad\/el-maltrato-animal-y-el-papel-de-las-asociaciones-de-defensa-de-los-derechos-de-los-animales-centro-del-documental-de-este-martes-en-el-museo-de-educacion-ambiental\/#article","isPartOf":{"@id":"https:\/\/www.laguiadepamplona.com\/actualidad\/el-maltrato-animal-y-el-papel-de-las-asociaciones-de-defensa-de-los-derechos-de-los-animales-centro-del-documental-de-este-martes-en-el-museo-de-educacion-ambiental\/"},"author":{"name":"La Gu\u00eda de Pamplona","@id":"https:\/\/www.laguiadepamplona.com\/actualidad\/#\/schema\/person\/efe887376f0213d4657c93adc50b1fdb"},"headline":"El maltrato animal y el papel de las asociaciones de defensa de los derechos de los animales, centro del documental de este martes en el Museo de Educaci\u00f3n Ambiental","datePublished":"2015-05-11T10:50:27+00:00","mainEntityOfPage":{"@id":"https:\/\/www.laguiadepamplona.com\/actualidad\/el-maltrato-animal-y-el-papel-de-las-asociaciones-de-defensa-de-los-derechos-de-los-animales-centro-del-documental-de-este-martes-en-el-museo-de-educacion-ambiental\/"},"wordCount":479,"publisher":{"@id":"https:\/\/www.laguiadepamplona.com\/actualidad\/#organization"},"image":{"@id":"https:\/\/www.laguiadepamplona.com\/actualidad\/el-maltrato-animal-y-el-papel-de-las-asociaciones-de-defensa-de-los-derechos-de-los-animales-centro-del-documental-de-este-martes-en-el-museo-de-educacion-ambiental\/#primaryimage"},"thumbnailUrl":"","keywords":["actualidad","asociaciones de defensa","ayto pamplona","Ayuntamiento de Pamplona","derechos de los animales","documental","maltrato animal","Museo de Educaci\u00f3n Ambiental","noticias","pamplona"],"articleSection":["Ayto Pamplona"],"inLanguage":"es"},{"@type":"WebPage","@id":"https:\/\/www.laguiadepamplona.com\/actualidad\/el-maltrato-animal-y-el-papel-de-las-asociaciones-de-defensa-de-los-derechos-de-los-animales-centro-del-documental-de-este-martes-en-el-museo-de-educacion-ambiental\/","url":"https:\/\/www.laguiadepamplona.com\/actualidad\/el-maltrato-animal-y-el-papel-de-las-asociaciones-de-defensa-de-los-derechos-de-los-animales-centro-del-documental-de-este-martes-en-el-museo-de-educacion-ambiental\/","name":"El maltrato animal y el papel de las asociaciones de defensa de los derechos de los animales, centro del documental de este martes en el Museo de Educaci\u00f3n Ambiental","isPartOf":{"@id":"https:\/\/www.laguiadepamplona.com\/actualidad\/#website"},"primaryImageOfPage":{"@id":"https:\/\/www.laguiadepamplona.com\/actualidad\/el-maltrato-animal-y-el-papel-de-las-asociaciones-de-defensa-de-los-derechos-de-los-animales-centro-del-documental-de-este-martes-en-el-museo-de-educacion-ambiental\/#primaryimage"},"image":{"@id":"https:\/\/www.laguiadepamplona.com\/actualidad\/el-maltrato-animal-y-el-papel-de-las-asociaciones-de-defensa-de-los-derechos-de-los-animales-centro-del-documental-de-este-martes-en-el-museo-de-educacion-ambiental\/#primaryimage"},"thumbnailUrl":"","datePublished":"2015-05-11T10:50:27+00:00","breadcrumb":{"@id":"https:\/\/www.laguiadepamplona.com\/actualidad\/el-maltrato-animal-y-el-papel-de-las-asociaciones-de-defensa-de-los-derechos-de-los-animales-centro-del-documental-de-este-martes-en-el-museo-de-educacion-ambiental\/#breadcrumb"},"inLanguage":"es","potentialAction":[{"@type":"ReadAction","target":["https:\/\/www.laguiadepamplona.com\/actualidad\/el-maltrato-animal-y-el-papel-de-las-asociaciones-de-defensa-de-los-derechos-de-los-animales-centro-del-documental-de-este-martes-en-el-museo-de-educacion-ambiental\/"]}]},{"@type":"ImageObject","inLanguage":"es","@id":"https:\/\/www.laguiadepamplona.com\/actualidad\/el-maltrato-animal-y-el-papel-de-las-asociaciones-de-defensa-de-los-derechos-de-los-animales-centro-del-documental-de-este-martes-en-el-museo-de-educacion-ambiental\/#primaryimage","url":"","contentUrl":""},{"@type":"BreadcrumbList","@id":"https:\/\/www.laguiadepamplona.com\/actualidad\/el-maltrato-animal-y-el-papel-de-las-asociaciones-de-defensa-de-los-derechos-de-los-animales-centro-del-documental-de-este-martes-en-el-museo-de-educacion-ambiental\/#breadcrumb","itemListElement":[{"@type":"ListItem","position":1,"name":"Portada","item":"https:\/\/www.laguiadepamplona.com\/actualidad\/"},{"@type":"ListItem","position":2,"name":"El maltrato animal y el papel de las asociaciones de defensa de los derechos de los animales, centro del documental de este martes en el Museo de Educaci\u00f3n Ambiental"}]},{"@type":"WebSite","@id":"https:\/\/www.laguiadepamplona.com\/actualidad\/#website","url":"https:\/\/www.laguiadepamplona.com\/actualidad\/","name":"La gu\u00eda de Pamplona","description":"Noticias de Pamplona","publisher":{"@id":"https:\/\/www.laguiadepamplona.com\/actualidad\/#organization"},"potentialAction":[{"@type":"SearchAction","target":{"@type":"EntryPoint","urlTemplate":"https:\/\/www.laguiadepamplona.com\/actualidad\/?s={search_term_string}"},"query-input":{"@type":"PropertyValueSpecification","valueRequired":true,"valueName":"search_term_string"}}],"inLanguage":"es"},{"@type":"Organization","@id":"https:\/\/www.laguiadepamplona.com\/actualidad\/#organization","name":"La Gu\u00eda de Pamplona \/ Noticias","url":"https:\/\/www.laguiadepamplona.com\/actualidad\/","logo":{"@type":"ImageObject","inLanguage":"es","@id":"https:\/\/www.laguiadepamplona.com\/actualidad\/#\/schema\/logo\/image\/","url":"https:\/\/www.laguiadepamplona.com\/actualidad\/wp-content\/uploads\/2018\/11\/logo-laguiadepamplona18-web1.png","contentUrl":"https:\/\/www.laguiadepamplona.com\/actualidad\/wp-content\/uploads\/2018\/11\/logo-laguiadepamplona18-web1.png","width":600,"height":196,"caption":"La Gu\u00eda de Pamplona \/ Noticias"},"image":{"@id":"https:\/\/www.laguiadepamplona.com\/actualidad\/#\/schema\/logo\/image\/"},"sameAs":["https:\/\/www.facebook.com\/laguiadepamplonacom-133175176762273\/?ref=hl","https:\/\/x.com\/LaGuiadPamplona","https:\/\/www.instagram.com\/la_guia_de_pamplona\/","https:\/\/www.youtube.com\/user\/laguiadepamplona"]},{"@type":"Person","@id":"https:\/\/www.laguiadepamplona.com\/actualidad\/#\/schema\/person\/efe887376f0213d4657c93adc50b1fdb","name":"La Gu\u00eda de Pamplona","image":{"@type":"ImageObject","inLanguage":"es","@id":"https:\/\/secure.gravatar.com\/avatar\/b6992f131dc8d30ab0dff15446e9d346d9dbd95992de0fef795073f5ea83a81c?s=96&d=mm&r=g","url":"https:\/\/secure.gravatar.com\/avatar\/b6992f131dc8d30ab0dff15446e9d346d9dbd95992de0fef795073f5ea83a81c?s=96&d=mm&r=g","contentUrl":"https:\/\/secure.gravatar.com\/avatar\/b6992f131dc8d30ab0dff15446e9d346d9dbd95992de0fef795073f5ea83a81c?s=96&d=mm&r=g","caption":"La Gu\u00eda de Pamplona"}}]}},"post_mailing_queue_ids":[],"_links":{"self":[{"href":"https:\/\/www.laguiadepamplona.com\/actualidad\/wp-json\/wp\/v2\/posts\/5850","targetHints":{"allow":["GET"]}}],"collection":[{"href":"https:\/\/www.laguiadepamplona.com\/actualidad\/wp-json\/wp\/v2\/posts"}],"about":[{"href":"https:\/\/www.laguiadepamplona.com\/actualidad\/wp-json\/wp\/v2\/types\/post"}],"author":[{"embeddable":true,"href":"https:\/\/www.laguiadepamplona.com\/actualidad\/wp-json\/wp\/v2\/users\/1"}],"replies":[{"embeddable":true,"href":"https:\/\/www.laguiadepamplona.com\/actualidad\/wp-json\/wp\/v2\/comments?post=5850"}],"version-history":[{"count":0,"href":"https:\/\/www.laguiadepamplona.com\/actualidad\/wp-json\/wp\/v2\/posts\/5850\/revisions"}],"wp:featuredmedia":[{"embeddable":true,"href":"https:\/\/www.laguiadepamplona.com\/actualidad\/wp-json\/"}],"wp:attachment":[{"href":"https:\/\/www.laguiadepamplona.com\/actualidad\/wp-json\/wp\/v2\/media?parent=5850"}],"wp:term":[{"taxonomy":"category","embeddable":true,"href":"https:\/\/www.laguiadepamplona.com\/actualidad\/wp-json\/wp\/v2\/categories?post=5850"},{"taxonomy":"post_tag","embeddable":true,"href":"https:\/\/www.laguiadepamplona.com\/actualidad\/wp-json\/wp\/v2\/tags?post=5850"}],"curies":[{"name":"wp","href":"https:\/\/api.w.org\/{rel}","templated":true}]}}