{"id":5835,"date":"2015-05-08T14:05:42","date_gmt":"2015-05-08T12:05:42","guid":{"rendered":"http:\/\/laguiadepamplona.com\/actualidad\/?p=5835"},"modified":"2015-05-08T14:05:42","modified_gmt":"2015-05-08T12:05:42","slug":"la-celebracion-de-la-xxxiv-media-maraton-ciudad-de-pamplona-provocara-alteraciones-en-el-trafico-el-domingo-por-la-manana","status":"publish","type":"post","link":"https:\/\/www.laguiadepamplona.com\/actualidad\/la-celebracion-de-la-xxxiv-media-maraton-ciudad-de-pamplona-provocara-alteraciones-en-el-trafico-el-domingo-por-la-manana\/","title":{"rendered":"La celebraci\u00f3n de la XXXIV Media Marat\u00f3n Ciudad de Pamplona provocar\u00e1 alteraciones en el tr\u00e1fico el domingo por la ma\u00f1ana"},"content":{"rendered":"<h4>La prueba comienza a las 9 horas y discurrir\u00e1 por el Ensanche, el Casco Antiguo, Iturrama y San Juan<\/h4>\n<p><a href=\"http:\/\/laguiadepamplona.com\/actualidad\/wp-content\/uploads\/2015\/05\/XXXIV-Media-Marat\u00f3n-Ciudad-de-Pamplona.jpg\"><img loading=\"lazy\" decoding=\"async\" class=\"alignleft size-medium wp-image-5836\" src=\"http:\/\/laguiadepamplona.com\/actualidad\/wp-content\/uploads\/2015\/05\/XXXIV-Media-Marat\u00f3n-Ciudad-de-Pamplona-206x300.jpg\" alt=\"XXXIV Media Marat\u00f3n Ciudad de Pamplona\" width=\"206\" height=\"300\" \/><\/a>El domingo a las 9 horas comienza la XXXIV Media Marat\u00f3n Ciudad de Pamplona, que transitar\u00e1 por los barrios del Ensanche, San Juan, Iturrama y Casco Antiguo. La carrera provocar\u00e1 alteraciones en el tr\u00e1fico, ya que por su longitud y desarrollo abarca una parte importante de la ciudad.<\/p>\n<p>Los principales puntos de corte de tr\u00e1fico rodado estar\u00e1n en la avenida Baja Navarra, en la cuesta de Labrit y calle Vergel, en la cuesta de la Reina, en la avenida de Navarra, en P\u00edo XII, en la avenida de Zaragoza y en la avenida de Galicia, donde tendr\u00e1 lugar la salida y discurrir\u00e1n los \u00faltimos metros antes de entrar en la meta del estadio Larrabide.<\/p>\n<p>Tras la salida, los atletas transitar\u00e1n por la calle Bergam\u00edn, Aoiz, Monjard\u00edn, carretera de Sarriguren, Baja Navarra, Media Luna, Arrieta, Amaya, Estafeta, Plaza Consistorial, Jarauta y Santo And\u00eda. Por la plaza de la O llegar\u00e1n a la Taconera, luego Antoniutti, calle San Roque y Monasterio de Irache. Regresar\u00e1n por Arcadio Mar\u00eda Larraona, Sancho el Fuerte, Erletokieta, Abejeras y vuelta por Sancho el Fuerte para coger la Vuelta del Castillo. El \u00faltimo tramo incluye la avenida del Ej\u00e9rcito, Yanguas y Miranda y avenida de Galicia hasta Larrabide. Los participantes en la media marat\u00f3n dar\u00e1n dos vueltas al recorrido y los inscritos en la carrera popular, de algo m\u00e1s de diez kil\u00f3metros, una vuelta.<\/p>\n<p><strong>Principales afecciones<\/strong><\/p>\n<p>En la avenida Baja Navarra se desviar\u00e1 el tr\u00e1fico que entra a la ciudad hacia Mendillorri y el tr\u00e1fico saliente, por la calle Valle de Eg\u00fc\u00e9s, hacia Lezkairu. No se podr\u00e1 circular\u00a0 hacia el centro de la ciudad por las calle Vergel y cuesta de Labrit, y la cuesta de la Reina se cerrar\u00e1 al tr\u00e1fico desde la avenida de Gipuzkoa. Tambi\u00e9n se cortar\u00e1 al tr\u00e1fico el acceso desde la avenida de Navarra a la calle Arcadio Mar\u00eda Larraona y en la avenida P\u00edo XII el acceso al centro de la ciudad. Se desviar\u00e1 el tr\u00e1fico por la calle Iturrama. La avenida de Zaragoza tendr\u00e1 cerrado al tr\u00e1fico el tramo comprendido entre la plaza de los Fueros y la plaza Pr\u00edncipe de Viana. La avenida de Galicia, por su parte, permanecer\u00e1 totalmente cerrada al tr\u00e1fico desde las 8 hasta las 12 horas.<\/p>\n<p>Adem\u00e1s, la Polic\u00eda Municipal regular\u00e1 el tr\u00e1fico en numerosas v\u00edas y cruces secundarios, en los que se dar\u00e1 paso alternativo seg\u00fan el desarrollo de la carrera. En algunas calles se desdoblar\u00e1 la calzada para que puedan ser usadas tanto por corredores como por los veh\u00edculos, siempre tomando las pertinentes medidas de seguridad para evitar cualquier problema. Las l\u00edneas del Transporte Urbano Comarcal apenas se ver\u00e1n afectadas, ya que se les permitir\u00e1 circular casi con total normalidad.<\/p>\n<p>&nbsp;<\/p>\n","protected":false},"excerpt":{"rendered":"<p>La prueba comienza a las 9 horas y discurrir\u00e1 por el Ensanche, el Casco Antiguo, Iturrama y San Juan El domingo a las 9 horas comienza la XXXIV Media Marat\u00f3n&#8230;<\/p>\n","protected":false},"author":1,"featured_media":5836,"comment_status":"closed","ping_status":"closed","sticky":false,"template":"","format":"standard","meta":{"footnotes":""},"categories":[2],"tags":[5,5228,6,509,2589,8,9,5229],"class_list":["post-5835","post","type-post","status-publish","format-standard","has-post-thumbnail","hentry","category-ayuntamiento-pamplona","tag-actualidad","tag-alteraciones-en-el-trafico","tag-ayto-pamplona","tag-ayuntamiento-de-pamplona","tag-domingo","tag-noticias","tag-pamplona","tag-xxxiv-media-maraton-ciudad-de-pamplona"],"yoast_head":"<!-- This site is optimized with the Yoast SEO plugin v27.5 - https:\/\/yoast.com\/product\/yoast-seo-wordpress\/ -->\n<title>La celebraci\u00f3n de la XXXIV Media Marat\u00f3n Ciudad de Pamplona provocar\u00e1 alteraciones en el tr\u00e1fico el domingo por la ma\u00f1ana<\/title>\n<meta name=\"robots\" content=\"index, follow, max-snippet:-1, max-image-preview:large, max-video-preview:-1\" \/>\n<link rel=\"canonical\" href=\"https:\/\/www.laguiadepamplona.com\/actualidad\/la-celebracion-de-la-xxxiv-media-maraton-ciudad-de-pamplona-provocara-alteraciones-en-el-trafico-el-domingo-por-la-manana\/\" \/>\n<meta property=\"og:locale\" content=\"es_ES\" \/>\n<meta property=\"og:type\" content=\"article\" \/>\n<meta property=\"og:title\" content=\"La celebraci\u00f3n de la XXXIV Media Marat\u00f3n Ciudad de Pamplona provocar\u00e1 alteraciones en el tr\u00e1fico el domingo por la ma\u00f1ana\" \/>\n<meta property=\"og:description\" content=\"La prueba comienza a las 9 horas y discurrir\u00e1 por el Ensanche, el Casco Antiguo, Iturrama y San Juan El domingo a las 9 horas comienza la XXXIV Media Marat\u00f3n...\" \/>\n<meta property=\"og:url\" content=\"https:\/\/www.laguiadepamplona.com\/actualidad\/la-celebracion-de-la-xxxiv-media-maraton-ciudad-de-pamplona-provocara-alteraciones-en-el-trafico-el-domingo-por-la-manana\/\" \/>\n<meta property=\"og:site_name\" content=\"La Gu\u00eda de Pamplona\" \/>\n<meta property=\"article:publisher\" content=\"https:\/\/www.facebook.com\/laguiadepamplonacom-133175176762273\/?ref=hl\" \/>\n<meta property=\"article:published_time\" content=\"2015-05-08T12:05:42+00:00\" \/>\n<meta name=\"author\" content=\"La Gu\u00eda de Pamplona\" \/>\n<meta name=\"twitter:card\" content=\"summary_large_image\" \/>\n<meta name=\"twitter:creator\" content=\"@LaGuiadPamplona\" \/>\n<meta name=\"twitter:site\" content=\"@LaGuiadPamplona\" \/>\n<meta name=\"twitter:label1\" content=\"Escrito por\" \/>\n\t<meta name=\"twitter:data1\" content=\"La Gu\u00eda de Pamplona\" \/>\n\t<meta name=\"twitter:label2\" content=\"Tiempo de lectura\" \/>\n\t<meta name=\"twitter:data2\" content=\"3 minutos\" \/>\n<script type=\"application\/ld+json\" class=\"yoast-schema-graph\">{\"@context\":\"https:\\\/\\\/schema.org\",\"@graph\":[{\"@type\":\"Article\",\"@id\":\"https:\\\/\\\/www.laguiadepamplona.com\\\/actualidad\\\/la-celebracion-de-la-xxxiv-media-maraton-ciudad-de-pamplona-provocara-alteraciones-en-el-trafico-el-domingo-por-la-manana\\\/#article\",\"isPartOf\":{\"@id\":\"https:\\\/\\\/www.laguiadepamplona.com\\\/actualidad\\\/la-celebracion-de-la-xxxiv-media-maraton-ciudad-de-pamplona-provocara-alteraciones-en-el-trafico-el-domingo-por-la-manana\\\/\"},\"author\":{\"name\":\"La Gu\u00eda de Pamplona\",\"@id\":\"https:\\\/\\\/www.laguiadepamplona.com\\\/actualidad\\\/#\\\/schema\\\/person\\\/efe887376f0213d4657c93adc50b1fdb\"},\"headline\":\"La celebraci\u00f3n de la XXXIV Media Marat\u00f3n Ciudad de Pamplona provocar\u00e1 alteraciones en el tr\u00e1fico el domingo por la ma\u00f1ana\",\"datePublished\":\"2015-05-08T12:05:42+00:00\",\"mainEntityOfPage\":{\"@id\":\"https:\\\/\\\/www.laguiadepamplona.com\\\/actualidad\\\/la-celebracion-de-la-xxxiv-media-maraton-ciudad-de-pamplona-provocara-alteraciones-en-el-trafico-el-domingo-por-la-manana\\\/\"},\"wordCount\":524,\"publisher\":{\"@id\":\"https:\\\/\\\/www.laguiadepamplona.com\\\/actualidad\\\/#organization\"},\"image\":{\"@id\":\"https:\\\/\\\/www.laguiadepamplona.com\\\/actualidad\\\/la-celebracion-de-la-xxxiv-media-maraton-ciudad-de-pamplona-provocara-alteraciones-en-el-trafico-el-domingo-por-la-manana\\\/#primaryimage\"},\"thumbnailUrl\":\"\",\"keywords\":[\"actualidad\",\"alteraciones en el tr\u00e1fico\",\"ayto pamplona\",\"Ayuntamiento de Pamplona\",\"domingo\",\"noticias\",\"pamplona\",\"XXXIV Media Marat\u00f3n Ciudad de Pamplona\"],\"articleSection\":[\"Ayto Pamplona\"],\"inLanguage\":\"es\"},{\"@type\":\"WebPage\",\"@id\":\"https:\\\/\\\/www.laguiadepamplona.com\\\/actualidad\\\/la-celebracion-de-la-xxxiv-media-maraton-ciudad-de-pamplona-provocara-alteraciones-en-el-trafico-el-domingo-por-la-manana\\\/\",\"url\":\"https:\\\/\\\/www.laguiadepamplona.com\\\/actualidad\\\/la-celebracion-de-la-xxxiv-media-maraton-ciudad-de-pamplona-provocara-alteraciones-en-el-trafico-el-domingo-por-la-manana\\\/\",\"name\":\"La celebraci\u00f3n de la XXXIV Media Marat\u00f3n Ciudad de Pamplona provocar\u00e1 alteraciones en el tr\u00e1fico el domingo por la ma\u00f1ana\",\"isPartOf\":{\"@id\":\"https:\\\/\\\/www.laguiadepamplona.com\\\/actualidad\\\/#website\"},\"primaryImageOfPage\":{\"@id\":\"https:\\\/\\\/www.laguiadepamplona.com\\\/actualidad\\\/la-celebracion-de-la-xxxiv-media-maraton-ciudad-de-pamplona-provocara-alteraciones-en-el-trafico-el-domingo-por-la-manana\\\/#primaryimage\"},\"image\":{\"@id\":\"https:\\\/\\\/www.laguiadepamplona.com\\\/actualidad\\\/la-celebracion-de-la-xxxiv-media-maraton-ciudad-de-pamplona-provocara-alteraciones-en-el-trafico-el-domingo-por-la-manana\\\/#primaryimage\"},\"thumbnailUrl\":\"\",\"datePublished\":\"2015-05-08T12:05:42+00:00\",\"breadcrumb\":{\"@id\":\"https:\\\/\\\/www.laguiadepamplona.com\\\/actualidad\\\/la-celebracion-de-la-xxxiv-media-maraton-ciudad-de-pamplona-provocara-alteraciones-en-el-trafico-el-domingo-por-la-manana\\\/#breadcrumb\"},\"inLanguage\":\"es\",\"potentialAction\":[{\"@type\":\"ReadAction\",\"target\":[\"https:\\\/\\\/www.laguiadepamplona.com\\\/actualidad\\\/la-celebracion-de-la-xxxiv-media-maraton-ciudad-de-pamplona-provocara-alteraciones-en-el-trafico-el-domingo-por-la-manana\\\/\"]}]},{\"@type\":\"ImageObject\",\"inLanguage\":\"es\",\"@id\":\"https:\\\/\\\/www.laguiadepamplona.com\\\/actualidad\\\/la-celebracion-de-la-xxxiv-media-maraton-ciudad-de-pamplona-provocara-alteraciones-en-el-trafico-el-domingo-por-la-manana\\\/#primaryimage\",\"url\":\"\",\"contentUrl\":\"\"},{\"@type\":\"BreadcrumbList\",\"@id\":\"https:\\\/\\\/www.laguiadepamplona.com\\\/actualidad\\\/la-celebracion-de-la-xxxiv-media-maraton-ciudad-de-pamplona-provocara-alteraciones-en-el-trafico-el-domingo-por-la-manana\\\/#breadcrumb\",\"itemListElement\":[{\"@type\":\"ListItem\",\"position\":1,\"name\":\"Portada\",\"item\":\"https:\\\/\\\/www.laguiadepamplona.com\\\/actualidad\\\/\"},{\"@type\":\"ListItem\",\"position\":2,\"name\":\"La celebraci\u00f3n de la XXXIV Media Marat\u00f3n Ciudad de Pamplona provocar\u00e1 alteraciones en el tr\u00e1fico el domingo por la ma\u00f1ana\"}]},{\"@type\":\"WebSite\",\"@id\":\"https:\\\/\\\/www.laguiadepamplona.com\\\/actualidad\\\/#website\",\"url\":\"https:\\\/\\\/www.laguiadepamplona.com\\\/actualidad\\\/\",\"name\":\"La gu\u00eda de Pamplona\",\"description\":\"Noticias de Pamplona\",\"publisher\":{\"@id\":\"https:\\\/\\\/www.laguiadepamplona.com\\\/actualidad\\\/#organization\"},\"potentialAction\":[{\"@type\":\"SearchAction\",\"target\":{\"@type\":\"EntryPoint\",\"urlTemplate\":\"https:\\\/\\\/www.laguiadepamplona.com\\\/actualidad\\\/?s={search_term_string}\"},\"query-input\":{\"@type\":\"PropertyValueSpecification\",\"valueRequired\":true,\"valueName\":\"search_term_string\"}}],\"inLanguage\":\"es\"},{\"@type\":\"Organization\",\"@id\":\"https:\\\/\\\/www.laguiadepamplona.com\\\/actualidad\\\/#organization\",\"name\":\"La Gu\u00eda de Pamplona \\\/ Noticias\",\"url\":\"https:\\\/\\\/www.laguiadepamplona.com\\\/actualidad\\\/\",\"logo\":{\"@type\":\"ImageObject\",\"inLanguage\":\"es\",\"@id\":\"https:\\\/\\\/www.laguiadepamplona.com\\\/actualidad\\\/#\\\/schema\\\/logo\\\/image\\\/\",\"url\":\"https:\\\/\\\/www.laguiadepamplona.com\\\/actualidad\\\/wp-content\\\/uploads\\\/2018\\\/11\\\/logo-laguiadepamplona18-web1.png\",\"contentUrl\":\"https:\\\/\\\/www.laguiadepamplona.com\\\/actualidad\\\/wp-content\\\/uploads\\\/2018\\\/11\\\/logo-laguiadepamplona18-web1.png\",\"width\":600,\"height\":196,\"caption\":\"La Gu\u00eda de Pamplona \\\/ Noticias\"},\"image\":{\"@id\":\"https:\\\/\\\/www.laguiadepamplona.com\\\/actualidad\\\/#\\\/schema\\\/logo\\\/image\\\/\"},\"sameAs\":[\"https:\\\/\\\/www.facebook.com\\\/laguiadepamplonacom-133175176762273\\\/?ref=hl\",\"https:\\\/\\\/x.com\\\/LaGuiadPamplona\",\"https:\\\/\\\/www.instagram.com\\\/la_guia_de_pamplona\\\/\",\"https:\\\/\\\/www.youtube.com\\\/user\\\/laguiadepamplona\"]},{\"@type\":\"Person\",\"@id\":\"https:\\\/\\\/www.laguiadepamplona.com\\\/actualidad\\\/#\\\/schema\\\/person\\\/efe887376f0213d4657c93adc50b1fdb\",\"name\":\"La Gu\u00eda de Pamplona\",\"image\":{\"@type\":\"ImageObject\",\"inLanguage\":\"es\",\"@id\":\"https:\\\/\\\/secure.gravatar.com\\\/avatar\\\/b6992f131dc8d30ab0dff15446e9d346d9dbd95992de0fef795073f5ea83a81c?s=96&d=mm&r=g\",\"url\":\"https:\\\/\\\/secure.gravatar.com\\\/avatar\\\/b6992f131dc8d30ab0dff15446e9d346d9dbd95992de0fef795073f5ea83a81c?s=96&d=mm&r=g\",\"contentUrl\":\"https:\\\/\\\/secure.gravatar.com\\\/avatar\\\/b6992f131dc8d30ab0dff15446e9d346d9dbd95992de0fef795073f5ea83a81c?s=96&d=mm&r=g\",\"caption\":\"La Gu\u00eda de Pamplona\"}}]}<\/script>\n<!-- \/ Yoast SEO plugin. -->","yoast_head_json":{"title":"La celebraci\u00f3n de la XXXIV Media Marat\u00f3n Ciudad de Pamplona provocar\u00e1 alteraciones en el tr\u00e1fico el domingo por la ma\u00f1ana","robots":{"index":"index","follow":"follow","max-snippet":"max-snippet:-1","max-image-preview":"max-image-preview:large","max-video-preview":"max-video-preview:-1"},"canonical":"https:\/\/www.laguiadepamplona.com\/actualidad\/la-celebracion-de-la-xxxiv-media-maraton-ciudad-de-pamplona-provocara-alteraciones-en-el-trafico-el-domingo-por-la-manana\/","og_locale":"es_ES","og_type":"article","og_title":"La celebraci\u00f3n de la XXXIV Media Marat\u00f3n Ciudad de Pamplona provocar\u00e1 alteraciones en el tr\u00e1fico el domingo por la ma\u00f1ana","og_description":"La prueba comienza a las 9 horas y discurrir\u00e1 por el Ensanche, el Casco Antiguo, Iturrama y San Juan El domingo a las 9 horas comienza la XXXIV Media Marat\u00f3n...","og_url":"https:\/\/www.laguiadepamplona.com\/actualidad\/la-celebracion-de-la-xxxiv-media-maraton-ciudad-de-pamplona-provocara-alteraciones-en-el-trafico-el-domingo-por-la-manana\/","og_site_name":"La Gu\u00eda de Pamplona","article_publisher":"https:\/\/www.facebook.com\/laguiadepamplonacom-133175176762273\/?ref=hl","article_published_time":"2015-05-08T12:05:42+00:00","author":"La Gu\u00eda de Pamplona","twitter_card":"summary_large_image","twitter_creator":"@LaGuiadPamplona","twitter_site":"@LaGuiadPamplona","twitter_misc":{"Escrito por":"La Gu\u00eda de Pamplona","Tiempo de lectura":"3 minutos"},"schema":{"@context":"https:\/\/schema.org","@graph":[{"@type":"Article","@id":"https:\/\/www.laguiadepamplona.com\/actualidad\/la-celebracion-de-la-xxxiv-media-maraton-ciudad-de-pamplona-provocara-alteraciones-en-el-trafico-el-domingo-por-la-manana\/#article","isPartOf":{"@id":"https:\/\/www.laguiadepamplona.com\/actualidad\/la-celebracion-de-la-xxxiv-media-maraton-ciudad-de-pamplona-provocara-alteraciones-en-el-trafico-el-domingo-por-la-manana\/"},"author":{"name":"La Gu\u00eda de Pamplona","@id":"https:\/\/www.laguiadepamplona.com\/actualidad\/#\/schema\/person\/efe887376f0213d4657c93adc50b1fdb"},"headline":"La celebraci\u00f3n de la XXXIV Media Marat\u00f3n Ciudad de Pamplona provocar\u00e1 alteraciones en el tr\u00e1fico el domingo por la ma\u00f1ana","datePublished":"2015-05-08T12:05:42+00:00","mainEntityOfPage":{"@id":"https:\/\/www.laguiadepamplona.com\/actualidad\/la-celebracion-de-la-xxxiv-media-maraton-ciudad-de-pamplona-provocara-alteraciones-en-el-trafico-el-domingo-por-la-manana\/"},"wordCount":524,"publisher":{"@id":"https:\/\/www.laguiadepamplona.com\/actualidad\/#organization"},"image":{"@id":"https:\/\/www.laguiadepamplona.com\/actualidad\/la-celebracion-de-la-xxxiv-media-maraton-ciudad-de-pamplona-provocara-alteraciones-en-el-trafico-el-domingo-por-la-manana\/#primaryimage"},"thumbnailUrl":"","keywords":["actualidad","alteraciones en el tr\u00e1fico","ayto pamplona","Ayuntamiento de Pamplona","domingo","noticias","pamplona","XXXIV Media Marat\u00f3n Ciudad de Pamplona"],"articleSection":["Ayto Pamplona"],"inLanguage":"es"},{"@type":"WebPage","@id":"https:\/\/www.laguiadepamplona.com\/actualidad\/la-celebracion-de-la-xxxiv-media-maraton-ciudad-de-pamplona-provocara-alteraciones-en-el-trafico-el-domingo-por-la-manana\/","url":"https:\/\/www.laguiadepamplona.com\/actualidad\/la-celebracion-de-la-xxxiv-media-maraton-ciudad-de-pamplona-provocara-alteraciones-en-el-trafico-el-domingo-por-la-manana\/","name":"La celebraci\u00f3n de la XXXIV Media Marat\u00f3n Ciudad de Pamplona provocar\u00e1 alteraciones en el tr\u00e1fico el domingo por la ma\u00f1ana","isPartOf":{"@id":"https:\/\/www.laguiadepamplona.com\/actualidad\/#website"},"primaryImageOfPage":{"@id":"https:\/\/www.laguiadepamplona.com\/actualidad\/la-celebracion-de-la-xxxiv-media-maraton-ciudad-de-pamplona-provocara-alteraciones-en-el-trafico-el-domingo-por-la-manana\/#primaryimage"},"image":{"@id":"https:\/\/www.laguiadepamplona.com\/actualidad\/la-celebracion-de-la-xxxiv-media-maraton-ciudad-de-pamplona-provocara-alteraciones-en-el-trafico-el-domingo-por-la-manana\/#primaryimage"},"thumbnailUrl":"","datePublished":"2015-05-08T12:05:42+00:00","breadcrumb":{"@id":"https:\/\/www.laguiadepamplona.com\/actualidad\/la-celebracion-de-la-xxxiv-media-maraton-ciudad-de-pamplona-provocara-alteraciones-en-el-trafico-el-domingo-por-la-manana\/#breadcrumb"},"inLanguage":"es","potentialAction":[{"@type":"ReadAction","target":["https:\/\/www.laguiadepamplona.com\/actualidad\/la-celebracion-de-la-xxxiv-media-maraton-ciudad-de-pamplona-provocara-alteraciones-en-el-trafico-el-domingo-por-la-manana\/"]}]},{"@type":"ImageObject","inLanguage":"es","@id":"https:\/\/www.laguiadepamplona.com\/actualidad\/la-celebracion-de-la-xxxiv-media-maraton-ciudad-de-pamplona-provocara-alteraciones-en-el-trafico-el-domingo-por-la-manana\/#primaryimage","url":"","contentUrl":""},{"@type":"BreadcrumbList","@id":"https:\/\/www.laguiadepamplona.com\/actualidad\/la-celebracion-de-la-xxxiv-media-maraton-ciudad-de-pamplona-provocara-alteraciones-en-el-trafico-el-domingo-por-la-manana\/#breadcrumb","itemListElement":[{"@type":"ListItem","position":1,"name":"Portada","item":"https:\/\/www.laguiadepamplona.com\/actualidad\/"},{"@type":"ListItem","position":2,"name":"La celebraci\u00f3n de la XXXIV Media Marat\u00f3n Ciudad de Pamplona provocar\u00e1 alteraciones en el tr\u00e1fico el domingo por la ma\u00f1ana"}]},{"@type":"WebSite","@id":"https:\/\/www.laguiadepamplona.com\/actualidad\/#website","url":"https:\/\/www.laguiadepamplona.com\/actualidad\/","name":"La gu\u00eda de Pamplona","description":"Noticias de Pamplona","publisher":{"@id":"https:\/\/www.laguiadepamplona.com\/actualidad\/#organization"},"potentialAction":[{"@type":"SearchAction","target":{"@type":"EntryPoint","urlTemplate":"https:\/\/www.laguiadepamplona.com\/actualidad\/?s={search_term_string}"},"query-input":{"@type":"PropertyValueSpecification","valueRequired":true,"valueName":"search_term_string"}}],"inLanguage":"es"},{"@type":"Organization","@id":"https:\/\/www.laguiadepamplona.com\/actualidad\/#organization","name":"La Gu\u00eda de Pamplona \/ Noticias","url":"https:\/\/www.laguiadepamplona.com\/actualidad\/","logo":{"@type":"ImageObject","inLanguage":"es","@id":"https:\/\/www.laguiadepamplona.com\/actualidad\/#\/schema\/logo\/image\/","url":"https:\/\/www.laguiadepamplona.com\/actualidad\/wp-content\/uploads\/2018\/11\/logo-laguiadepamplona18-web1.png","contentUrl":"https:\/\/www.laguiadepamplona.com\/actualidad\/wp-content\/uploads\/2018\/11\/logo-laguiadepamplona18-web1.png","width":600,"height":196,"caption":"La Gu\u00eda de Pamplona \/ Noticias"},"image":{"@id":"https:\/\/www.laguiadepamplona.com\/actualidad\/#\/schema\/logo\/image\/"},"sameAs":["https:\/\/www.facebook.com\/laguiadepamplonacom-133175176762273\/?ref=hl","https:\/\/x.com\/LaGuiadPamplona","https:\/\/www.instagram.com\/la_guia_de_pamplona\/","https:\/\/www.youtube.com\/user\/laguiadepamplona"]},{"@type":"Person","@id":"https:\/\/www.laguiadepamplona.com\/actualidad\/#\/schema\/person\/efe887376f0213d4657c93adc50b1fdb","name":"La Gu\u00eda de Pamplona","image":{"@type":"ImageObject","inLanguage":"es","@id":"https:\/\/secure.gravatar.com\/avatar\/b6992f131dc8d30ab0dff15446e9d346d9dbd95992de0fef795073f5ea83a81c?s=96&d=mm&r=g","url":"https:\/\/secure.gravatar.com\/avatar\/b6992f131dc8d30ab0dff15446e9d346d9dbd95992de0fef795073f5ea83a81c?s=96&d=mm&r=g","contentUrl":"https:\/\/secure.gravatar.com\/avatar\/b6992f131dc8d30ab0dff15446e9d346d9dbd95992de0fef795073f5ea83a81c?s=96&d=mm&r=g","caption":"La Gu\u00eda de Pamplona"}}]}},"post_mailing_queue_ids":[],"_links":{"self":[{"href":"https:\/\/www.laguiadepamplona.com\/actualidad\/wp-json\/wp\/v2\/posts\/5835","targetHints":{"allow":["GET"]}}],"collection":[{"href":"https:\/\/www.laguiadepamplona.com\/actualidad\/wp-json\/wp\/v2\/posts"}],"about":[{"href":"https:\/\/www.laguiadepamplona.com\/actualidad\/wp-json\/wp\/v2\/types\/post"}],"author":[{"embeddable":true,"href":"https:\/\/www.laguiadepamplona.com\/actualidad\/wp-json\/wp\/v2\/users\/1"}],"replies":[{"embeddable":true,"href":"https:\/\/www.laguiadepamplona.com\/actualidad\/wp-json\/wp\/v2\/comments?post=5835"}],"version-history":[{"count":0,"href":"https:\/\/www.laguiadepamplona.com\/actualidad\/wp-json\/wp\/v2\/posts\/5835\/revisions"}],"wp:featuredmedia":[{"embeddable":true,"href":"https:\/\/www.laguiadepamplona.com\/actualidad\/wp-json\/"}],"wp:attachment":[{"href":"https:\/\/www.laguiadepamplona.com\/actualidad\/wp-json\/wp\/v2\/media?parent=5835"}],"wp:term":[{"taxonomy":"category","embeddable":true,"href":"https:\/\/www.laguiadepamplona.com\/actualidad\/wp-json\/wp\/v2\/categories?post=5835"},{"taxonomy":"post_tag","embeddable":true,"href":"https:\/\/www.laguiadepamplona.com\/actualidad\/wp-json\/wp\/v2\/tags?post=5835"}],"curies":[{"name":"wp","href":"https:\/\/api.w.org\/{rel}","templated":true}]}}