{"id":5828,"date":"2015-05-08T12:41:12","date_gmt":"2015-05-08T10:41:12","guid":{"rendered":"http:\/\/laguiadepamplona.com\/actualidad\/?p=5828"},"modified":"2015-05-08T12:41:12","modified_gmt":"2015-05-08T10:41:12","slug":"el-polvorin-de-la-ciudadela-acoge-el-domingo-un-taller-infantil-de-musica-y-arquitectura-en-el-marco-de-la-exposicion-en-el-bosque-basoan-de-virginia-santos","status":"publish","type":"post","link":"https:\/\/www.laguiadepamplona.com\/actualidad\/el-polvorin-de-la-ciudadela-acoge-el-domingo-un-taller-infantil-de-musica-y-arquitectura-en-el-marco-de-la-exposicion-en-el-bosque-basoan-de-virginia-santos\/","title":{"rendered":"El Polvor\u00edn de la Ciudadela acoge el domingo un taller infantil de m\u00fasica y arquitectura en el marco de la exposici\u00f3n \u2018En el bosque. Basoan\u2019 de Virginia Santos"},"content":{"rendered":"<h4>Dirigida a menores de entre 5 y 12 a\u00f1os acompa\u00f1ados, la actividad comenzar\u00e1 a las 12 horas con entrada libre<\/h4>\n<p><a href=\"http:\/\/laguiadepamplona.com\/actualidad\/wp-content\/uploads\/2015\/02\/polvorin-ciudadela.jpg\"><img loading=\"lazy\" decoding=\"async\" class=\"alignleft size-medium wp-image-4849\" src=\"http:\/\/laguiadepamplona.com\/actualidad\/wp-content\/uploads\/2015\/02\/polvorin-ciudadela-300x229.jpg\" alt=\"polvorin-ciudadela\" width=\"300\" height=\"229\" \/><\/a>El recinto del Polvor\u00edn en la Ciudadela acoge este domingo d\u00eda 10 por la ma\u00f1ana un taller de m\u00fasica y arquitectura dirigido a menores de entre 5 y 12 a\u00f1os acompa\u00f1ados. La actividad se ha organizado en el marco de la exposici\u00f3n que la artista pamplonesa Virginia Santos protagoniza este mes en la citada sala bajo el t\u00edtulo \u2018En el bosque. Basoan\u2019, y comenzar\u00e1 a las 12 horas. La entrada es libre hasta completar el aforo y no es necesario inscribirse previamente.<\/p>\n<p>En el transcurso del taller, los participantes y los m\u00fasicos improvisar\u00e1n con formas, colores, ritmos y armon\u00edas. Los ni\u00f1os y sus familiares podr\u00e1n escuchar m\u00fasica improvisada y fundirse con ella buscando una improvisaci\u00f3n global. Con herramientas de trabajo y materiales que se aportar\u00e1n en el taller, los participantes construir\u00e1n maquetas de la forma m\u00e1s libre y aut\u00f3noma posible.<\/p>\n<p>Este laboratorio de arte y m\u00fasica se encuadra en el proyecto \u2018Acciones informales\u2019 y est\u00e1 subvencionado por la Fundaci\u00f3n Caja Navarra. Coordinado por la escuela de arte y arquitectura \u2018La Casa del Vac\u00edo\u2019, estar\u00e1 impartido por la arquitecta Eider Holgado y el m\u00fasico Pablo Llamas.<\/p>\n<p><strong>Cuentos y recuerdos de la infancia<\/strong><\/p>\n<p>La exposici\u00f3n \u2018En el bosque. Basoan\u2019 est\u00e1 compuesta por un conjunto de pinturas y dibujos con los que Virginia Santos recrea el mundo de los cuentos infantiles, y cuyo concepto nace de los recuerdos que creemos tener de la infancia y que muchas veces son tan solo detalles o elementos construidos por nosotros mismos.<\/p>\n<p>La muestra, que estar\u00e1 abierta al p\u00fablico en el Polvor\u00edn hasta el pr\u00f3ximo 7 de junio, se articula en torno a cuatro cap\u00edtulos que la autora ha dedicado a las historias de Caperucita Roja \u2013\u2018De lobos y ni\u00f1as buenas\u2019-, Blancanieves \u2013\u2018De espejos y manzanas\u2019- o Hansel y Gretel \u2013\u2018De p\u00e1jaros\u2019, entre otras. A partir de esos cuentos de siempre, presenta varios \u00f3leos de gran tama\u00f1o que identifican cada historia y sus personajes, retratados en esos bosques a los que alude el t\u00edtulo de la exposici\u00f3n. Junto a ellos pueden verse diversos dibujos de menor tama\u00f1o que complementan ese recuerdo desenfocado de las narraciones infantiles.<\/p>\n<p>&nbsp;<\/p>\n<p><strong>actividad infantil<\/strong><\/p>\n<ul>\n<li><strong>Laboratorio de m\u00fasica y arquitectura<\/strong><\/li>\n<li>Para menores de 5 a 12 a\u00f1os acompa\u00f1ados<\/li>\n<li>Polvor\u00edn de la Ciudadela (exposici\u00f3n \u2018En el bosque. Basoan\u2019 de Virginia Santos)<\/li>\n<li>Domingo 10 de mayo, 12 horas<\/li>\n<li>Imparten: Eider Holgado, arquitecta, y Pablo Llamas, m\u00fasico (Escuela de arte y arquitectura \u2018La Casa del Vac\u00edo\u2019)<\/li>\n<li>Entrada libre hasta completar aforo<\/li>\n<\/ul>\n<p>&nbsp;<\/p>\n","protected":false},"excerpt":{"rendered":"<p>Dirigida a menores de entre 5 y 12 a\u00f1os acompa\u00f1ados, la actividad comenzar\u00e1 a las 12 horas con entrada libre El recinto del Polvor\u00edn en la Ciudadela acoge este domingo&#8230;<\/p>\n","protected":false},"author":1,"featured_media":4849,"comment_status":"closed","ping_status":"closed","sticky":false,"template":"","format":"standard","meta":{"footnotes":""},"categories":[2],"tags":[5,1685,6,509,2589,5024,8,9,5025,5225,5026],"class_list":["post-5828","post","type-post","status-publish","format-standard","has-post-thumbnail","hentry","category-ayuntamiento-pamplona","tag-actualidad","tag-arquitectura","tag-ayto-pamplona","tag-ayuntamiento-de-pamplona","tag-domingo","tag-en-el-bosque-basoan","tag-noticias","tag-pamplona","tag-polvorin-de-la-ciudadela","tag-taller-infantil-de-musica","tag-virginia-santos"],"yoast_head":"<!-- This site is optimized with the Yoast SEO plugin v27.5 - https:\/\/yoast.com\/product\/yoast-seo-wordpress\/ -->\n<title>El Polvor\u00edn de la Ciudadela acoge el domingo un taller infantil de m\u00fasica y arquitectura en el marco de la exposici\u00f3n \u2018En el bosque. Basoan\u2019 de Virginia Santos<\/title>\n<meta name=\"robots\" content=\"index, follow, max-snippet:-1, max-image-preview:large, max-video-preview:-1\" \/>\n<link rel=\"canonical\" href=\"https:\/\/www.laguiadepamplona.com\/actualidad\/el-polvorin-de-la-ciudadela-acoge-el-domingo-un-taller-infantil-de-musica-y-arquitectura-en-el-marco-de-la-exposicion-en-el-bosque-basoan-de-virginia-santos\/\" \/>\n<meta property=\"og:locale\" content=\"es_ES\" \/>\n<meta property=\"og:type\" content=\"article\" \/>\n<meta property=\"og:title\" content=\"El Polvor\u00edn de la Ciudadela acoge el domingo un taller infantil de m\u00fasica y arquitectura en el marco de la exposici\u00f3n \u2018En el bosque. Basoan\u2019 de Virginia Santos\" \/>\n<meta property=\"og:description\" content=\"Dirigida a menores de entre 5 y 12 a\u00f1os acompa\u00f1ados, la actividad comenzar\u00e1 a las 12 horas con entrada libre El recinto del Polvor\u00edn en la Ciudadela acoge este domingo...\" \/>\n<meta property=\"og:url\" content=\"https:\/\/www.laguiadepamplona.com\/actualidad\/el-polvorin-de-la-ciudadela-acoge-el-domingo-un-taller-infantil-de-musica-y-arquitectura-en-el-marco-de-la-exposicion-en-el-bosque-basoan-de-virginia-santos\/\" \/>\n<meta property=\"og:site_name\" content=\"La Gu\u00eda de Pamplona\" \/>\n<meta property=\"article:publisher\" content=\"https:\/\/www.facebook.com\/laguiadepamplonacom-133175176762273\/?ref=hl\" \/>\n<meta property=\"article:published_time\" content=\"2015-05-08T10:41:12+00:00\" \/>\n<meta name=\"author\" content=\"La Gu\u00eda de Pamplona\" \/>\n<meta name=\"twitter:card\" content=\"summary_large_image\" \/>\n<meta name=\"twitter:creator\" content=\"@LaGuiadPamplona\" \/>\n<meta name=\"twitter:site\" content=\"@LaGuiadPamplona\" \/>\n<meta name=\"twitter:label1\" content=\"Escrito por\" \/>\n\t<meta name=\"twitter:data1\" content=\"La Gu\u00eda de Pamplona\" \/>\n\t<meta name=\"twitter:label2\" content=\"Tiempo de lectura\" \/>\n\t<meta name=\"twitter:data2\" content=\"2 minutos\" \/>\n<script type=\"application\/ld+json\" class=\"yoast-schema-graph\">{\"@context\":\"https:\\\/\\\/schema.org\",\"@graph\":[{\"@type\":\"Article\",\"@id\":\"https:\\\/\\\/www.laguiadepamplona.com\\\/actualidad\\\/el-polvorin-de-la-ciudadela-acoge-el-domingo-un-taller-infantil-de-musica-y-arquitectura-en-el-marco-de-la-exposicion-en-el-bosque-basoan-de-virginia-santos\\\/#article\",\"isPartOf\":{\"@id\":\"https:\\\/\\\/www.laguiadepamplona.com\\\/actualidad\\\/el-polvorin-de-la-ciudadela-acoge-el-domingo-un-taller-infantil-de-musica-y-arquitectura-en-el-marco-de-la-exposicion-en-el-bosque-basoan-de-virginia-santos\\\/\"},\"author\":{\"name\":\"La Gu\u00eda de Pamplona\",\"@id\":\"https:\\\/\\\/www.laguiadepamplona.com\\\/actualidad\\\/#\\\/schema\\\/person\\\/efe887376f0213d4657c93adc50b1fdb\"},\"headline\":\"El Polvor\u00edn de la Ciudadela acoge el domingo un taller infantil de m\u00fasica y arquitectura en el marco de la exposici\u00f3n \u2018En el bosque. Basoan\u2019 de Virginia Santos\",\"datePublished\":\"2015-05-08T10:41:12+00:00\",\"mainEntityOfPage\":{\"@id\":\"https:\\\/\\\/www.laguiadepamplona.com\\\/actualidad\\\/el-polvorin-de-la-ciudadela-acoge-el-domingo-un-taller-infantil-de-musica-y-arquitectura-en-el-marco-de-la-exposicion-en-el-bosque-basoan-de-virginia-santos\\\/\"},\"wordCount\":490,\"publisher\":{\"@id\":\"https:\\\/\\\/www.laguiadepamplona.com\\\/actualidad\\\/#organization\"},\"image\":{\"@id\":\"https:\\\/\\\/www.laguiadepamplona.com\\\/actualidad\\\/el-polvorin-de-la-ciudadela-acoge-el-domingo-un-taller-infantil-de-musica-y-arquitectura-en-el-marco-de-la-exposicion-en-el-bosque-basoan-de-virginia-santos\\\/#primaryimage\"},\"thumbnailUrl\":\"\",\"keywords\":[\"actualidad\",\"arquitectura\",\"ayto pamplona\",\"Ayuntamiento de Pamplona\",\"domingo\",\"En el bosque. Basoan\",\"noticias\",\"pamplona\",\"Polvor\u00edn de la Ciudadela\",\"taller infantil de m\u00fasica\",\"Virginia Santos\"],\"articleSection\":[\"Ayto Pamplona\"],\"inLanguage\":\"es\"},{\"@type\":\"WebPage\",\"@id\":\"https:\\\/\\\/www.laguiadepamplona.com\\\/actualidad\\\/el-polvorin-de-la-ciudadela-acoge-el-domingo-un-taller-infantil-de-musica-y-arquitectura-en-el-marco-de-la-exposicion-en-el-bosque-basoan-de-virginia-santos\\\/\",\"url\":\"https:\\\/\\\/www.laguiadepamplona.com\\\/actualidad\\\/el-polvorin-de-la-ciudadela-acoge-el-domingo-un-taller-infantil-de-musica-y-arquitectura-en-el-marco-de-la-exposicion-en-el-bosque-basoan-de-virginia-santos\\\/\",\"name\":\"El Polvor\u00edn de la Ciudadela acoge el domingo un taller infantil de m\u00fasica y arquitectura en el marco de la exposici\u00f3n \u2018En el bosque. Basoan\u2019 de Virginia Santos\",\"isPartOf\":{\"@id\":\"https:\\\/\\\/www.laguiadepamplona.com\\\/actualidad\\\/#website\"},\"primaryImageOfPage\":{\"@id\":\"https:\\\/\\\/www.laguiadepamplona.com\\\/actualidad\\\/el-polvorin-de-la-ciudadela-acoge-el-domingo-un-taller-infantil-de-musica-y-arquitectura-en-el-marco-de-la-exposicion-en-el-bosque-basoan-de-virginia-santos\\\/#primaryimage\"},\"image\":{\"@id\":\"https:\\\/\\\/www.laguiadepamplona.com\\\/actualidad\\\/el-polvorin-de-la-ciudadela-acoge-el-domingo-un-taller-infantil-de-musica-y-arquitectura-en-el-marco-de-la-exposicion-en-el-bosque-basoan-de-virginia-santos\\\/#primaryimage\"},\"thumbnailUrl\":\"\",\"datePublished\":\"2015-05-08T10:41:12+00:00\",\"breadcrumb\":{\"@id\":\"https:\\\/\\\/www.laguiadepamplona.com\\\/actualidad\\\/el-polvorin-de-la-ciudadela-acoge-el-domingo-un-taller-infantil-de-musica-y-arquitectura-en-el-marco-de-la-exposicion-en-el-bosque-basoan-de-virginia-santos\\\/#breadcrumb\"},\"inLanguage\":\"es\",\"potentialAction\":[{\"@type\":\"ReadAction\",\"target\":[\"https:\\\/\\\/www.laguiadepamplona.com\\\/actualidad\\\/el-polvorin-de-la-ciudadela-acoge-el-domingo-un-taller-infantil-de-musica-y-arquitectura-en-el-marco-de-la-exposicion-en-el-bosque-basoan-de-virginia-santos\\\/\"]}]},{\"@type\":\"ImageObject\",\"inLanguage\":\"es\",\"@id\":\"https:\\\/\\\/www.laguiadepamplona.com\\\/actualidad\\\/el-polvorin-de-la-ciudadela-acoge-el-domingo-un-taller-infantil-de-musica-y-arquitectura-en-el-marco-de-la-exposicion-en-el-bosque-basoan-de-virginia-santos\\\/#primaryimage\",\"url\":\"\",\"contentUrl\":\"\"},{\"@type\":\"BreadcrumbList\",\"@id\":\"https:\\\/\\\/www.laguiadepamplona.com\\\/actualidad\\\/el-polvorin-de-la-ciudadela-acoge-el-domingo-un-taller-infantil-de-musica-y-arquitectura-en-el-marco-de-la-exposicion-en-el-bosque-basoan-de-virginia-santos\\\/#breadcrumb\",\"itemListElement\":[{\"@type\":\"ListItem\",\"position\":1,\"name\":\"Portada\",\"item\":\"https:\\\/\\\/www.laguiadepamplona.com\\\/actualidad\\\/\"},{\"@type\":\"ListItem\",\"position\":2,\"name\":\"El Polvor\u00edn de la Ciudadela acoge el domingo un taller infantil de m\u00fasica y arquitectura en el marco de la exposici\u00f3n \u2018En el bosque. Basoan\u2019 de Virginia Santos\"}]},{\"@type\":\"WebSite\",\"@id\":\"https:\\\/\\\/www.laguiadepamplona.com\\\/actualidad\\\/#website\",\"url\":\"https:\\\/\\\/www.laguiadepamplona.com\\\/actualidad\\\/\",\"name\":\"La gu\u00eda de Pamplona\",\"description\":\"Noticias de Pamplona\",\"publisher\":{\"@id\":\"https:\\\/\\\/www.laguiadepamplona.com\\\/actualidad\\\/#organization\"},\"potentialAction\":[{\"@type\":\"SearchAction\",\"target\":{\"@type\":\"EntryPoint\",\"urlTemplate\":\"https:\\\/\\\/www.laguiadepamplona.com\\\/actualidad\\\/?s={search_term_string}\"},\"query-input\":{\"@type\":\"PropertyValueSpecification\",\"valueRequired\":true,\"valueName\":\"search_term_string\"}}],\"inLanguage\":\"es\"},{\"@type\":\"Organization\",\"@id\":\"https:\\\/\\\/www.laguiadepamplona.com\\\/actualidad\\\/#organization\",\"name\":\"La Gu\u00eda de Pamplona \\\/ Noticias\",\"url\":\"https:\\\/\\\/www.laguiadepamplona.com\\\/actualidad\\\/\",\"logo\":{\"@type\":\"ImageObject\",\"inLanguage\":\"es\",\"@id\":\"https:\\\/\\\/www.laguiadepamplona.com\\\/actualidad\\\/#\\\/schema\\\/logo\\\/image\\\/\",\"url\":\"https:\\\/\\\/www.laguiadepamplona.com\\\/actualidad\\\/wp-content\\\/uploads\\\/2018\\\/11\\\/logo-laguiadepamplona18-web1.png\",\"contentUrl\":\"https:\\\/\\\/www.laguiadepamplona.com\\\/actualidad\\\/wp-content\\\/uploads\\\/2018\\\/11\\\/logo-laguiadepamplona18-web1.png\",\"width\":600,\"height\":196,\"caption\":\"La Gu\u00eda de Pamplona \\\/ Noticias\"},\"image\":{\"@id\":\"https:\\\/\\\/www.laguiadepamplona.com\\\/actualidad\\\/#\\\/schema\\\/logo\\\/image\\\/\"},\"sameAs\":[\"https:\\\/\\\/www.facebook.com\\\/laguiadepamplonacom-133175176762273\\\/?ref=hl\",\"https:\\\/\\\/x.com\\\/LaGuiadPamplona\",\"https:\\\/\\\/www.instagram.com\\\/la_guia_de_pamplona\\\/\",\"https:\\\/\\\/www.youtube.com\\\/user\\\/laguiadepamplona\"]},{\"@type\":\"Person\",\"@id\":\"https:\\\/\\\/www.laguiadepamplona.com\\\/actualidad\\\/#\\\/schema\\\/person\\\/efe887376f0213d4657c93adc50b1fdb\",\"name\":\"La Gu\u00eda de Pamplona\",\"image\":{\"@type\":\"ImageObject\",\"inLanguage\":\"es\",\"@id\":\"https:\\\/\\\/secure.gravatar.com\\\/avatar\\\/b6992f131dc8d30ab0dff15446e9d346d9dbd95992de0fef795073f5ea83a81c?s=96&d=mm&r=g\",\"url\":\"https:\\\/\\\/secure.gravatar.com\\\/avatar\\\/b6992f131dc8d30ab0dff15446e9d346d9dbd95992de0fef795073f5ea83a81c?s=96&d=mm&r=g\",\"contentUrl\":\"https:\\\/\\\/secure.gravatar.com\\\/avatar\\\/b6992f131dc8d30ab0dff15446e9d346d9dbd95992de0fef795073f5ea83a81c?s=96&d=mm&r=g\",\"caption\":\"La Gu\u00eda de Pamplona\"}}]}<\/script>\n<!-- \/ Yoast SEO plugin. -->","yoast_head_json":{"title":"El Polvor\u00edn de la Ciudadela acoge el domingo un taller infantil de m\u00fasica y arquitectura en el marco de la exposici\u00f3n \u2018En el bosque. Basoan\u2019 de Virginia Santos","robots":{"index":"index","follow":"follow","max-snippet":"max-snippet:-1","max-image-preview":"max-image-preview:large","max-video-preview":"max-video-preview:-1"},"canonical":"https:\/\/www.laguiadepamplona.com\/actualidad\/el-polvorin-de-la-ciudadela-acoge-el-domingo-un-taller-infantil-de-musica-y-arquitectura-en-el-marco-de-la-exposicion-en-el-bosque-basoan-de-virginia-santos\/","og_locale":"es_ES","og_type":"article","og_title":"El Polvor\u00edn de la Ciudadela acoge el domingo un taller infantil de m\u00fasica y arquitectura en el marco de la exposici\u00f3n \u2018En el bosque. Basoan\u2019 de Virginia Santos","og_description":"Dirigida a menores de entre 5 y 12 a\u00f1os acompa\u00f1ados, la actividad comenzar\u00e1 a las 12 horas con entrada libre El recinto del Polvor\u00edn en la Ciudadela acoge este domingo...","og_url":"https:\/\/www.laguiadepamplona.com\/actualidad\/el-polvorin-de-la-ciudadela-acoge-el-domingo-un-taller-infantil-de-musica-y-arquitectura-en-el-marco-de-la-exposicion-en-el-bosque-basoan-de-virginia-santos\/","og_site_name":"La Gu\u00eda de Pamplona","article_publisher":"https:\/\/www.facebook.com\/laguiadepamplonacom-133175176762273\/?ref=hl","article_published_time":"2015-05-08T10:41:12+00:00","author":"La Gu\u00eda de Pamplona","twitter_card":"summary_large_image","twitter_creator":"@LaGuiadPamplona","twitter_site":"@LaGuiadPamplona","twitter_misc":{"Escrito por":"La Gu\u00eda de Pamplona","Tiempo de lectura":"2 minutos"},"schema":{"@context":"https:\/\/schema.org","@graph":[{"@type":"Article","@id":"https:\/\/www.laguiadepamplona.com\/actualidad\/el-polvorin-de-la-ciudadela-acoge-el-domingo-un-taller-infantil-de-musica-y-arquitectura-en-el-marco-de-la-exposicion-en-el-bosque-basoan-de-virginia-santos\/#article","isPartOf":{"@id":"https:\/\/www.laguiadepamplona.com\/actualidad\/el-polvorin-de-la-ciudadela-acoge-el-domingo-un-taller-infantil-de-musica-y-arquitectura-en-el-marco-de-la-exposicion-en-el-bosque-basoan-de-virginia-santos\/"},"author":{"name":"La Gu\u00eda de Pamplona","@id":"https:\/\/www.laguiadepamplona.com\/actualidad\/#\/schema\/person\/efe887376f0213d4657c93adc50b1fdb"},"headline":"El Polvor\u00edn de la Ciudadela acoge el domingo un taller infantil de m\u00fasica y arquitectura en el marco de la exposici\u00f3n \u2018En el bosque. Basoan\u2019 de Virginia Santos","datePublished":"2015-05-08T10:41:12+00:00","mainEntityOfPage":{"@id":"https:\/\/www.laguiadepamplona.com\/actualidad\/el-polvorin-de-la-ciudadela-acoge-el-domingo-un-taller-infantil-de-musica-y-arquitectura-en-el-marco-de-la-exposicion-en-el-bosque-basoan-de-virginia-santos\/"},"wordCount":490,"publisher":{"@id":"https:\/\/www.laguiadepamplona.com\/actualidad\/#organization"},"image":{"@id":"https:\/\/www.laguiadepamplona.com\/actualidad\/el-polvorin-de-la-ciudadela-acoge-el-domingo-un-taller-infantil-de-musica-y-arquitectura-en-el-marco-de-la-exposicion-en-el-bosque-basoan-de-virginia-santos\/#primaryimage"},"thumbnailUrl":"","keywords":["actualidad","arquitectura","ayto pamplona","Ayuntamiento de Pamplona","domingo","En el bosque. Basoan","noticias","pamplona","Polvor\u00edn de la Ciudadela","taller infantil de m\u00fasica","Virginia Santos"],"articleSection":["Ayto Pamplona"],"inLanguage":"es"},{"@type":"WebPage","@id":"https:\/\/www.laguiadepamplona.com\/actualidad\/el-polvorin-de-la-ciudadela-acoge-el-domingo-un-taller-infantil-de-musica-y-arquitectura-en-el-marco-de-la-exposicion-en-el-bosque-basoan-de-virginia-santos\/","url":"https:\/\/www.laguiadepamplona.com\/actualidad\/el-polvorin-de-la-ciudadela-acoge-el-domingo-un-taller-infantil-de-musica-y-arquitectura-en-el-marco-de-la-exposicion-en-el-bosque-basoan-de-virginia-santos\/","name":"El Polvor\u00edn de la Ciudadela acoge el domingo un taller infantil de m\u00fasica y arquitectura en el marco de la exposici\u00f3n \u2018En el bosque. Basoan\u2019 de Virginia Santos","isPartOf":{"@id":"https:\/\/www.laguiadepamplona.com\/actualidad\/#website"},"primaryImageOfPage":{"@id":"https:\/\/www.laguiadepamplona.com\/actualidad\/el-polvorin-de-la-ciudadela-acoge-el-domingo-un-taller-infantil-de-musica-y-arquitectura-en-el-marco-de-la-exposicion-en-el-bosque-basoan-de-virginia-santos\/#primaryimage"},"image":{"@id":"https:\/\/www.laguiadepamplona.com\/actualidad\/el-polvorin-de-la-ciudadela-acoge-el-domingo-un-taller-infantil-de-musica-y-arquitectura-en-el-marco-de-la-exposicion-en-el-bosque-basoan-de-virginia-santos\/#primaryimage"},"thumbnailUrl":"","datePublished":"2015-05-08T10:41:12+00:00","breadcrumb":{"@id":"https:\/\/www.laguiadepamplona.com\/actualidad\/el-polvorin-de-la-ciudadela-acoge-el-domingo-un-taller-infantil-de-musica-y-arquitectura-en-el-marco-de-la-exposicion-en-el-bosque-basoan-de-virginia-santos\/#breadcrumb"},"inLanguage":"es","potentialAction":[{"@type":"ReadAction","target":["https:\/\/www.laguiadepamplona.com\/actualidad\/el-polvorin-de-la-ciudadela-acoge-el-domingo-un-taller-infantil-de-musica-y-arquitectura-en-el-marco-de-la-exposicion-en-el-bosque-basoan-de-virginia-santos\/"]}]},{"@type":"ImageObject","inLanguage":"es","@id":"https:\/\/www.laguiadepamplona.com\/actualidad\/el-polvorin-de-la-ciudadela-acoge-el-domingo-un-taller-infantil-de-musica-y-arquitectura-en-el-marco-de-la-exposicion-en-el-bosque-basoan-de-virginia-santos\/#primaryimage","url":"","contentUrl":""},{"@type":"BreadcrumbList","@id":"https:\/\/www.laguiadepamplona.com\/actualidad\/el-polvorin-de-la-ciudadela-acoge-el-domingo-un-taller-infantil-de-musica-y-arquitectura-en-el-marco-de-la-exposicion-en-el-bosque-basoan-de-virginia-santos\/#breadcrumb","itemListElement":[{"@type":"ListItem","position":1,"name":"Portada","item":"https:\/\/www.laguiadepamplona.com\/actualidad\/"},{"@type":"ListItem","position":2,"name":"El Polvor\u00edn de la Ciudadela acoge el domingo un taller infantil de m\u00fasica y arquitectura en el marco de la exposici\u00f3n \u2018En el bosque. Basoan\u2019 de Virginia Santos"}]},{"@type":"WebSite","@id":"https:\/\/www.laguiadepamplona.com\/actualidad\/#website","url":"https:\/\/www.laguiadepamplona.com\/actualidad\/","name":"La gu\u00eda de Pamplona","description":"Noticias de Pamplona","publisher":{"@id":"https:\/\/www.laguiadepamplona.com\/actualidad\/#organization"},"potentialAction":[{"@type":"SearchAction","target":{"@type":"EntryPoint","urlTemplate":"https:\/\/www.laguiadepamplona.com\/actualidad\/?s={search_term_string}"},"query-input":{"@type":"PropertyValueSpecification","valueRequired":true,"valueName":"search_term_string"}}],"inLanguage":"es"},{"@type":"Organization","@id":"https:\/\/www.laguiadepamplona.com\/actualidad\/#organization","name":"La Gu\u00eda de Pamplona \/ Noticias","url":"https:\/\/www.laguiadepamplona.com\/actualidad\/","logo":{"@type":"ImageObject","inLanguage":"es","@id":"https:\/\/www.laguiadepamplona.com\/actualidad\/#\/schema\/logo\/image\/","url":"https:\/\/www.laguiadepamplona.com\/actualidad\/wp-content\/uploads\/2018\/11\/logo-laguiadepamplona18-web1.png","contentUrl":"https:\/\/www.laguiadepamplona.com\/actualidad\/wp-content\/uploads\/2018\/11\/logo-laguiadepamplona18-web1.png","width":600,"height":196,"caption":"La Gu\u00eda de Pamplona \/ Noticias"},"image":{"@id":"https:\/\/www.laguiadepamplona.com\/actualidad\/#\/schema\/logo\/image\/"},"sameAs":["https:\/\/www.facebook.com\/laguiadepamplonacom-133175176762273\/?ref=hl","https:\/\/x.com\/LaGuiadPamplona","https:\/\/www.instagram.com\/la_guia_de_pamplona\/","https:\/\/www.youtube.com\/user\/laguiadepamplona"]},{"@type":"Person","@id":"https:\/\/www.laguiadepamplona.com\/actualidad\/#\/schema\/person\/efe887376f0213d4657c93adc50b1fdb","name":"La Gu\u00eda de Pamplona","image":{"@type":"ImageObject","inLanguage":"es","@id":"https:\/\/secure.gravatar.com\/avatar\/b6992f131dc8d30ab0dff15446e9d346d9dbd95992de0fef795073f5ea83a81c?s=96&d=mm&r=g","url":"https:\/\/secure.gravatar.com\/avatar\/b6992f131dc8d30ab0dff15446e9d346d9dbd95992de0fef795073f5ea83a81c?s=96&d=mm&r=g","contentUrl":"https:\/\/secure.gravatar.com\/avatar\/b6992f131dc8d30ab0dff15446e9d346d9dbd95992de0fef795073f5ea83a81c?s=96&d=mm&r=g","caption":"La Gu\u00eda de Pamplona"}}]}},"post_mailing_queue_ids":[],"_links":{"self":[{"href":"https:\/\/www.laguiadepamplona.com\/actualidad\/wp-json\/wp\/v2\/posts\/5828","targetHints":{"allow":["GET"]}}],"collection":[{"href":"https:\/\/www.laguiadepamplona.com\/actualidad\/wp-json\/wp\/v2\/posts"}],"about":[{"href":"https:\/\/www.laguiadepamplona.com\/actualidad\/wp-json\/wp\/v2\/types\/post"}],"author":[{"embeddable":true,"href":"https:\/\/www.laguiadepamplona.com\/actualidad\/wp-json\/wp\/v2\/users\/1"}],"replies":[{"embeddable":true,"href":"https:\/\/www.laguiadepamplona.com\/actualidad\/wp-json\/wp\/v2\/comments?post=5828"}],"version-history":[{"count":0,"href":"https:\/\/www.laguiadepamplona.com\/actualidad\/wp-json\/wp\/v2\/posts\/5828\/revisions"}],"wp:featuredmedia":[{"embeddable":true,"href":"https:\/\/www.laguiadepamplona.com\/actualidad\/wp-json\/"}],"wp:attachment":[{"href":"https:\/\/www.laguiadepamplona.com\/actualidad\/wp-json\/wp\/v2\/media?parent=5828"}],"wp:term":[{"taxonomy":"category","embeddable":true,"href":"https:\/\/www.laguiadepamplona.com\/actualidad\/wp-json\/wp\/v2\/categories?post=5828"},{"taxonomy":"post_tag","embeddable":true,"href":"https:\/\/www.laguiadepamplona.com\/actualidad\/wp-json\/wp\/v2\/tags?post=5828"}],"curies":[{"name":"wp","href":"https:\/\/api.w.org\/{rel}","templated":true}]}}