{"id":5822,"date":"2015-05-08T12:36:06","date_gmt":"2015-05-08T10:36:06","guid":{"rendered":"http:\/\/laguiadepamplona.com\/actualidad\/?p=5822"},"modified":"2015-05-08T12:36:06","modified_gmt":"2015-05-08T10:36:06","slug":"el-camino-de-santiago-japones-y-la-espiritualidad-en-comunion-con-la-naturaleza-es-el-centro-de-la-muestra-fotografica-de-patxi-uriz-en-la-ciudadela","status":"publish","type":"post","link":"https:\/\/www.laguiadepamplona.com\/actualidad\/el-camino-de-santiago-japones-y-la-espiritualidad-en-comunion-con-la-naturaleza-es-el-centro-de-la-muestra-fotografica-de-patxi-uriz-en-la-ciudadela\/","title":{"rendered":"El Camino de Santiago japon\u00e9s y la espiritualidad en comuni\u00f3n con la naturaleza es el centro de la muestra fotogr\u00e1fica de Patxi \u00dariz en la Ciudadela"},"content":{"rendered":"<h4>La exposici\u00f3n se puede visitar hasta el 7 de junio en la Buhardilla de la Sala de Armas en el nuevo horario de apertura del recinto<\/h4>\n<figure id=\"attachment_5823\" aria-describedby=\"caption-attachment-5823\" style=\"width: 233px\" class=\"wp-caption alignleft\"><a href=\"http:\/\/laguiadepamplona.com\/actualidad\/wp-content\/uploads\/2015\/05\/patxi-uriz.jpg\"><img loading=\"lazy\" decoding=\"async\" class=\"wp-image-5823 size-medium\" src=\"http:\/\/laguiadepamplona.com\/actualidad\/wp-content\/uploads\/2015\/05\/patxi-uriz-233x300.jpg\" alt=\"\" width=\"233\" height=\"300\" \/><\/a><figcaption id=\"caption-attachment-5823\" class=\"wp-caption-text\">Patxi \u00dariz<\/figcaption><\/figure>\n<p>Desde este viernes la Buhardilla de la Sala de Armas de la Ciudadela acoge la muestra fotogr\u00e1fica \u2018Kumano Kodo, el camino nip\u00f3n\u2019, de Patxi \u00dariz. Este camino es una ruta de peregrinaci\u00f3n milenaria, de gran espiritualidad, hermanada con el europeo Camino de Santiago y ambas han sido sido distinguidas por la UNESCO como Patrimonio de la Humanidad. Esta ma\u00f1ana han presentado la muestra el concejal delegado de Educaci\u00f3n y Cultura, Ferm\u00edn Alonso, acompa\u00f1ado por el autor, Patxi \u00dariz, un creador que no es la primera vez que expone en la Ciudadela. En 2009 su serie fotogr\u00e1fica, colgada en Sala de Armas, tambi\u00e9n documentaba un camino, la ruta del marino de Getaria Domingo de Bonechea en un viaje por los Mares del Sur.<\/p>\n<p>La exposici\u00f3n consta de 27 fotograf\u00edas, en color y negro en tama\u00f1o que van desde los 120&#215;80 cm hasta los 90&#215;70 cm. El Camino Kumano est\u00e1 considerado como una ruta sagrada relacionada con el respeto hacia la naturaleza. Las instant\u00e1neas de esta muestra corresponden a la ruta Imperial o Nakahechi, la misma por la que transitaron los emperadores japoneses hace mil a\u00f1os, en la que se deben venerar los tres grandes templos del Kumano Kodo: Hong\u00fc, Hatayama y Nachi. Cada uno de ellos est\u00e1 relacionado con un elemento natural por lo que est\u00e1n enclavados en lugares de gran belleza. En la actualidad el Kumano Kodo solamente se puede realizar a pie como medida de preservaci\u00f3n y cada vez m\u00e1s peregrinos japoneses y extranjeros recorren esta ruta en busca de sus ra\u00edces espirituales y del estilo de vida rural perdido en las modernas urbes de Jap\u00f3n.<\/p>\n<p>Desde hoy hasta el pr\u00f3ximo 7 de junio \u2018Kumano Kodo, el camino nip\u00f3n\u2019 se podr\u00e1 visitar de martes a viernes de 18.30 a 21 horas; s\u00e1bados de 12 a 14 y de 18.30 a 21 horas, y domingos y festivos de 12 a 14. Lunes cerrado. Este es el horario de verano de la Ciudadela que entr\u00f3 en vigor el pasado 1 de mayo y se mantendr\u00e1 en esos t\u00e9rminos hasta el 31 de octubre.<\/p>\n<p><strong>Fotorreportero, viajero<\/strong><\/p>\n<p>El fot\u00f3grafo navarro Patxi \u00dariz realiz\u00f3 realiz\u00f3 estudios de fotograf\u00eda en la UPC de Terrassa y en el Institut de Estudis Fotogr\u00e0fics de Barcelona. Adem\u00e1s, es miembro de la C\u00e1mara de Periodistas de Turismo. Su primer viaje como fot\u00f3grafo fue en 1996, cuando viaj\u00f3 por razones humanitarias a los Balcanes. Junto al c\u00e1mara de televisi\u00f3n Txus Barrena, cre\u00f3 la exposici\u00f3n \u2018Los frutos de la guerra\u2019, que viaj\u00f3 por varias localidades navarras.<\/p>\n<p>En el a\u00f1o 2000 creo la Agencia Phototext y trabajo como fotoperiodista promocionando destinos tur\u00edsticos. Para ello, recorri\u00f3 pa\u00edses de cinco continentes durante a\u00f1os. Sus reportajes se han publicado, entre otras, en las revistas Alta\u00efr, Viajes National Geographic, Rutas del Mundo, De Viajes, Paisajes desde el Tren, Solo Auto, Glamour, Vivir en el Campo, Integral, Traveller y Geo y en los suplementos dominicales de El Pa\u00eds, La Vanguardia, El Peri\u00f3dico, El Mundo y Expansi\u00f3n.<\/p>\n<p><strong>En su palmar\u00e9s, Patxi \u00dariz cuenta con dos premios internacionales: su libro \u2018Navarra a la carta\u2019 obtuvo en 2008 el premio al tercer mejor libro de viajes gastron\u00f3micos del mundo por la Gourmand Cookbook Awards (Londres), y en noviembre del mismo a\u00f1o recibi\u00f3 el premio National Geographic <\/strong>en su edici\u00f3n espa\u00f1ola, por una fotograf\u00eda realizada en Angkor (Camboya) durante una boda campestre. En 2010 el libro Navarra la cultura del vino, en el que colabora como coordinador editorial y fot\u00f3grafo, fue premiado en Par\u00eds como mejor libro del mundo de vinos europeos. Durante los a\u00f1os 2012 y 2013 los ha dedicado a la realizaci\u00f3n del documental Hijos de la Tierra como productor y codirector <a href=\"http:\/\/www.hijosdelatierra.es\" target=\"_blank\">www.hijosdelatierra.es<\/a>. Parte del trabajo como fot\u00f3grafo se puede ver en la web: <a href=\"https:\/\/correo.imagina-media.com\/exchweb\/bin\/redir.asp?URL=http:\/\/www.patxiuriz.com\/\" target=\"_blank\">www.patxiuriz.com<\/a>.<\/p>\n<p>&nbsp;<\/p>\n","protected":false},"excerpt":{"rendered":"<p>La exposici\u00f3n se puede visitar hasta el 7 de junio en la Buhardilla de la Sala de Armas en el nuevo horario de apertura del recinto Desde este viernes la&#8230;<\/p>\n","protected":false},"author":1,"featured_media":5823,"comment_status":"closed","ping_status":"closed","sticky":false,"template":"","format":"standard","meta":{"footnotes":""},"categories":[2],"tags":[5,6,509,289,42,5220,5221,8,9,5222],"class_list":["post-5822","post","type-post","status-publish","format-standard","has-post-thumbnail","hentry","category-ayuntamiento-pamplona","tag-actualidad","tag-ayto-pamplona","tag-ayuntamiento-de-pamplona","tag-camino-de-santiago","tag-ciudadela","tag-japones","tag-muestra-fotografica","tag-noticias","tag-pamplona","tag-patxi-uriz"],"yoast_head":"<!-- This site is optimized with the Yoast SEO plugin v27.5 - https:\/\/yoast.com\/product\/yoast-seo-wordpress\/ -->\n<title>El Camino de Santiago japon\u00e9s y la espiritualidad en comuni\u00f3n con la naturaleza es el centro de la muestra fotogr\u00e1fica de Patxi \u00dariz en la Ciudadela<\/title>\n<meta name=\"robots\" content=\"index, follow, max-snippet:-1, max-image-preview:large, max-video-preview:-1\" \/>\n<link rel=\"canonical\" href=\"https:\/\/www.laguiadepamplona.com\/actualidad\/el-camino-de-santiago-japones-y-la-espiritualidad-en-comunion-con-la-naturaleza-es-el-centro-de-la-muestra-fotografica-de-patxi-uriz-en-la-ciudadela\/\" \/>\n<meta property=\"og:locale\" content=\"es_ES\" \/>\n<meta property=\"og:type\" content=\"article\" \/>\n<meta property=\"og:title\" content=\"El Camino de Santiago japon\u00e9s y la espiritualidad en comuni\u00f3n con la naturaleza es el centro de la muestra fotogr\u00e1fica de Patxi \u00dariz en la Ciudadela\" \/>\n<meta property=\"og:description\" content=\"La exposici\u00f3n se puede visitar hasta el 7 de junio en la Buhardilla de la Sala de Armas en el nuevo horario de apertura del recinto Desde este viernes la...\" \/>\n<meta property=\"og:url\" content=\"https:\/\/www.laguiadepamplona.com\/actualidad\/el-camino-de-santiago-japones-y-la-espiritualidad-en-comunion-con-la-naturaleza-es-el-centro-de-la-muestra-fotografica-de-patxi-uriz-en-la-ciudadela\/\" \/>\n<meta property=\"og:site_name\" content=\"La Gu\u00eda de Pamplona\" \/>\n<meta property=\"article:publisher\" content=\"https:\/\/www.facebook.com\/laguiadepamplonacom-133175176762273\/?ref=hl\" \/>\n<meta property=\"article:published_time\" content=\"2015-05-08T10:36:06+00:00\" \/>\n<meta name=\"author\" content=\"La Gu\u00eda de Pamplona\" \/>\n<meta name=\"twitter:card\" content=\"summary_large_image\" \/>\n<meta name=\"twitter:creator\" content=\"@LaGuiadPamplona\" \/>\n<meta name=\"twitter:site\" content=\"@LaGuiadPamplona\" \/>\n<meta name=\"twitter:label1\" content=\"Escrito por\" \/>\n\t<meta name=\"twitter:data1\" content=\"La Gu\u00eda de Pamplona\" \/>\n\t<meta name=\"twitter:label2\" content=\"Tiempo de lectura\" \/>\n\t<meta name=\"twitter:data2\" content=\"3 minutos\" \/>\n<script type=\"application\/ld+json\" class=\"yoast-schema-graph\">{\"@context\":\"https:\\\/\\\/schema.org\",\"@graph\":[{\"@type\":\"Article\",\"@id\":\"https:\\\/\\\/www.laguiadepamplona.com\\\/actualidad\\\/el-camino-de-santiago-japones-y-la-espiritualidad-en-comunion-con-la-naturaleza-es-el-centro-de-la-muestra-fotografica-de-patxi-uriz-en-la-ciudadela\\\/#article\",\"isPartOf\":{\"@id\":\"https:\\\/\\\/www.laguiadepamplona.com\\\/actualidad\\\/el-camino-de-santiago-japones-y-la-espiritualidad-en-comunion-con-la-naturaleza-es-el-centro-de-la-muestra-fotografica-de-patxi-uriz-en-la-ciudadela\\\/\"},\"author\":{\"name\":\"La Gu\u00eda de Pamplona\",\"@id\":\"https:\\\/\\\/www.laguiadepamplona.com\\\/actualidad\\\/#\\\/schema\\\/person\\\/efe887376f0213d4657c93adc50b1fdb\"},\"headline\":\"El Camino de Santiago japon\u00e9s y la espiritualidad en comuni\u00f3n con la naturaleza es el centro de la muestra fotogr\u00e1fica de Patxi \u00dariz en la Ciudadela\",\"datePublished\":\"2015-05-08T10:36:06+00:00\",\"mainEntityOfPage\":{\"@id\":\"https:\\\/\\\/www.laguiadepamplona.com\\\/actualidad\\\/el-camino-de-santiago-japones-y-la-espiritualidad-en-comunion-con-la-naturaleza-es-el-centro-de-la-muestra-fotografica-de-patxi-uriz-en-la-ciudadela\\\/\"},\"wordCount\":717,\"publisher\":{\"@id\":\"https:\\\/\\\/www.laguiadepamplona.com\\\/actualidad\\\/#organization\"},\"image\":{\"@id\":\"https:\\\/\\\/www.laguiadepamplona.com\\\/actualidad\\\/el-camino-de-santiago-japones-y-la-espiritualidad-en-comunion-con-la-naturaleza-es-el-centro-de-la-muestra-fotografica-de-patxi-uriz-en-la-ciudadela\\\/#primaryimage\"},\"thumbnailUrl\":\"\",\"keywords\":[\"actualidad\",\"ayto pamplona\",\"Ayuntamiento de Pamplona\",\"Camino de Santiago\",\"ciudadela\",\"japon\u00e9s\",\"muestra fotogr\u00e1fica\",\"noticias\",\"pamplona\",\"Patxi \u00dariz\"],\"articleSection\":[\"Ayto Pamplona\"],\"inLanguage\":\"es\"},{\"@type\":\"WebPage\",\"@id\":\"https:\\\/\\\/www.laguiadepamplona.com\\\/actualidad\\\/el-camino-de-santiago-japones-y-la-espiritualidad-en-comunion-con-la-naturaleza-es-el-centro-de-la-muestra-fotografica-de-patxi-uriz-en-la-ciudadela\\\/\",\"url\":\"https:\\\/\\\/www.laguiadepamplona.com\\\/actualidad\\\/el-camino-de-santiago-japones-y-la-espiritualidad-en-comunion-con-la-naturaleza-es-el-centro-de-la-muestra-fotografica-de-patxi-uriz-en-la-ciudadela\\\/\",\"name\":\"El Camino de Santiago japon\u00e9s y la espiritualidad en comuni\u00f3n con la naturaleza es el centro de la muestra fotogr\u00e1fica de Patxi \u00dariz en la Ciudadela\",\"isPartOf\":{\"@id\":\"https:\\\/\\\/www.laguiadepamplona.com\\\/actualidad\\\/#website\"},\"primaryImageOfPage\":{\"@id\":\"https:\\\/\\\/www.laguiadepamplona.com\\\/actualidad\\\/el-camino-de-santiago-japones-y-la-espiritualidad-en-comunion-con-la-naturaleza-es-el-centro-de-la-muestra-fotografica-de-patxi-uriz-en-la-ciudadela\\\/#primaryimage\"},\"image\":{\"@id\":\"https:\\\/\\\/www.laguiadepamplona.com\\\/actualidad\\\/el-camino-de-santiago-japones-y-la-espiritualidad-en-comunion-con-la-naturaleza-es-el-centro-de-la-muestra-fotografica-de-patxi-uriz-en-la-ciudadela\\\/#primaryimage\"},\"thumbnailUrl\":\"\",\"datePublished\":\"2015-05-08T10:36:06+00:00\",\"breadcrumb\":{\"@id\":\"https:\\\/\\\/www.laguiadepamplona.com\\\/actualidad\\\/el-camino-de-santiago-japones-y-la-espiritualidad-en-comunion-con-la-naturaleza-es-el-centro-de-la-muestra-fotografica-de-patxi-uriz-en-la-ciudadela\\\/#breadcrumb\"},\"inLanguage\":\"es\",\"potentialAction\":[{\"@type\":\"ReadAction\",\"target\":[\"https:\\\/\\\/www.laguiadepamplona.com\\\/actualidad\\\/el-camino-de-santiago-japones-y-la-espiritualidad-en-comunion-con-la-naturaleza-es-el-centro-de-la-muestra-fotografica-de-patxi-uriz-en-la-ciudadela\\\/\"]}]},{\"@type\":\"ImageObject\",\"inLanguage\":\"es\",\"@id\":\"https:\\\/\\\/www.laguiadepamplona.com\\\/actualidad\\\/el-camino-de-santiago-japones-y-la-espiritualidad-en-comunion-con-la-naturaleza-es-el-centro-de-la-muestra-fotografica-de-patxi-uriz-en-la-ciudadela\\\/#primaryimage\",\"url\":\"\",\"contentUrl\":\"\"},{\"@type\":\"BreadcrumbList\",\"@id\":\"https:\\\/\\\/www.laguiadepamplona.com\\\/actualidad\\\/el-camino-de-santiago-japones-y-la-espiritualidad-en-comunion-con-la-naturaleza-es-el-centro-de-la-muestra-fotografica-de-patxi-uriz-en-la-ciudadela\\\/#breadcrumb\",\"itemListElement\":[{\"@type\":\"ListItem\",\"position\":1,\"name\":\"Portada\",\"item\":\"https:\\\/\\\/www.laguiadepamplona.com\\\/actualidad\\\/\"},{\"@type\":\"ListItem\",\"position\":2,\"name\":\"El Camino de Santiago japon\u00e9s y la espiritualidad en comuni\u00f3n con la naturaleza es el centro de la muestra fotogr\u00e1fica de Patxi \u00dariz en la Ciudadela\"}]},{\"@type\":\"WebSite\",\"@id\":\"https:\\\/\\\/www.laguiadepamplona.com\\\/actualidad\\\/#website\",\"url\":\"https:\\\/\\\/www.laguiadepamplona.com\\\/actualidad\\\/\",\"name\":\"La gu\u00eda de Pamplona\",\"description\":\"Noticias de Pamplona\",\"publisher\":{\"@id\":\"https:\\\/\\\/www.laguiadepamplona.com\\\/actualidad\\\/#organization\"},\"potentialAction\":[{\"@type\":\"SearchAction\",\"target\":{\"@type\":\"EntryPoint\",\"urlTemplate\":\"https:\\\/\\\/www.laguiadepamplona.com\\\/actualidad\\\/?s={search_term_string}\"},\"query-input\":{\"@type\":\"PropertyValueSpecification\",\"valueRequired\":true,\"valueName\":\"search_term_string\"}}],\"inLanguage\":\"es\"},{\"@type\":\"Organization\",\"@id\":\"https:\\\/\\\/www.laguiadepamplona.com\\\/actualidad\\\/#organization\",\"name\":\"La Gu\u00eda de Pamplona \\\/ Noticias\",\"url\":\"https:\\\/\\\/www.laguiadepamplona.com\\\/actualidad\\\/\",\"logo\":{\"@type\":\"ImageObject\",\"inLanguage\":\"es\",\"@id\":\"https:\\\/\\\/www.laguiadepamplona.com\\\/actualidad\\\/#\\\/schema\\\/logo\\\/image\\\/\",\"url\":\"https:\\\/\\\/www.laguiadepamplona.com\\\/actualidad\\\/wp-content\\\/uploads\\\/2018\\\/11\\\/logo-laguiadepamplona18-web1.png\",\"contentUrl\":\"https:\\\/\\\/www.laguiadepamplona.com\\\/actualidad\\\/wp-content\\\/uploads\\\/2018\\\/11\\\/logo-laguiadepamplona18-web1.png\",\"width\":600,\"height\":196,\"caption\":\"La Gu\u00eda de Pamplona \\\/ Noticias\"},\"image\":{\"@id\":\"https:\\\/\\\/www.laguiadepamplona.com\\\/actualidad\\\/#\\\/schema\\\/logo\\\/image\\\/\"},\"sameAs\":[\"https:\\\/\\\/www.facebook.com\\\/laguiadepamplonacom-133175176762273\\\/?ref=hl\",\"https:\\\/\\\/x.com\\\/LaGuiadPamplona\",\"https:\\\/\\\/www.instagram.com\\\/la_guia_de_pamplona\\\/\",\"https:\\\/\\\/www.youtube.com\\\/user\\\/laguiadepamplona\"]},{\"@type\":\"Person\",\"@id\":\"https:\\\/\\\/www.laguiadepamplona.com\\\/actualidad\\\/#\\\/schema\\\/person\\\/efe887376f0213d4657c93adc50b1fdb\",\"name\":\"La Gu\u00eda de Pamplona\",\"image\":{\"@type\":\"ImageObject\",\"inLanguage\":\"es\",\"@id\":\"https:\\\/\\\/secure.gravatar.com\\\/avatar\\\/b6992f131dc8d30ab0dff15446e9d346d9dbd95992de0fef795073f5ea83a81c?s=96&d=mm&r=g\",\"url\":\"https:\\\/\\\/secure.gravatar.com\\\/avatar\\\/b6992f131dc8d30ab0dff15446e9d346d9dbd95992de0fef795073f5ea83a81c?s=96&d=mm&r=g\",\"contentUrl\":\"https:\\\/\\\/secure.gravatar.com\\\/avatar\\\/b6992f131dc8d30ab0dff15446e9d346d9dbd95992de0fef795073f5ea83a81c?s=96&d=mm&r=g\",\"caption\":\"La Gu\u00eda de Pamplona\"}}]}<\/script>\n<!-- \/ Yoast SEO plugin. -->","yoast_head_json":{"title":"El Camino de Santiago japon\u00e9s y la espiritualidad en comuni\u00f3n con la naturaleza es el centro de la muestra fotogr\u00e1fica de Patxi \u00dariz en la Ciudadela","robots":{"index":"index","follow":"follow","max-snippet":"max-snippet:-1","max-image-preview":"max-image-preview:large","max-video-preview":"max-video-preview:-1"},"canonical":"https:\/\/www.laguiadepamplona.com\/actualidad\/el-camino-de-santiago-japones-y-la-espiritualidad-en-comunion-con-la-naturaleza-es-el-centro-de-la-muestra-fotografica-de-patxi-uriz-en-la-ciudadela\/","og_locale":"es_ES","og_type":"article","og_title":"El Camino de Santiago japon\u00e9s y la espiritualidad en comuni\u00f3n con la naturaleza es el centro de la muestra fotogr\u00e1fica de Patxi \u00dariz en la Ciudadela","og_description":"La exposici\u00f3n se puede visitar hasta el 7 de junio en la Buhardilla de la Sala de Armas en el nuevo horario de apertura del recinto Desde este viernes la...","og_url":"https:\/\/www.laguiadepamplona.com\/actualidad\/el-camino-de-santiago-japones-y-la-espiritualidad-en-comunion-con-la-naturaleza-es-el-centro-de-la-muestra-fotografica-de-patxi-uriz-en-la-ciudadela\/","og_site_name":"La Gu\u00eda de Pamplona","article_publisher":"https:\/\/www.facebook.com\/laguiadepamplonacom-133175176762273\/?ref=hl","article_published_time":"2015-05-08T10:36:06+00:00","author":"La Gu\u00eda de Pamplona","twitter_card":"summary_large_image","twitter_creator":"@LaGuiadPamplona","twitter_site":"@LaGuiadPamplona","twitter_misc":{"Escrito por":"La Gu\u00eda de Pamplona","Tiempo de lectura":"3 minutos"},"schema":{"@context":"https:\/\/schema.org","@graph":[{"@type":"Article","@id":"https:\/\/www.laguiadepamplona.com\/actualidad\/el-camino-de-santiago-japones-y-la-espiritualidad-en-comunion-con-la-naturaleza-es-el-centro-de-la-muestra-fotografica-de-patxi-uriz-en-la-ciudadela\/#article","isPartOf":{"@id":"https:\/\/www.laguiadepamplona.com\/actualidad\/el-camino-de-santiago-japones-y-la-espiritualidad-en-comunion-con-la-naturaleza-es-el-centro-de-la-muestra-fotografica-de-patxi-uriz-en-la-ciudadela\/"},"author":{"name":"La Gu\u00eda de Pamplona","@id":"https:\/\/www.laguiadepamplona.com\/actualidad\/#\/schema\/person\/efe887376f0213d4657c93adc50b1fdb"},"headline":"El Camino de Santiago japon\u00e9s y la espiritualidad en comuni\u00f3n con la naturaleza es el centro de la muestra fotogr\u00e1fica de Patxi \u00dariz en la Ciudadela","datePublished":"2015-05-08T10:36:06+00:00","mainEntityOfPage":{"@id":"https:\/\/www.laguiadepamplona.com\/actualidad\/el-camino-de-santiago-japones-y-la-espiritualidad-en-comunion-con-la-naturaleza-es-el-centro-de-la-muestra-fotografica-de-patxi-uriz-en-la-ciudadela\/"},"wordCount":717,"publisher":{"@id":"https:\/\/www.laguiadepamplona.com\/actualidad\/#organization"},"image":{"@id":"https:\/\/www.laguiadepamplona.com\/actualidad\/el-camino-de-santiago-japones-y-la-espiritualidad-en-comunion-con-la-naturaleza-es-el-centro-de-la-muestra-fotografica-de-patxi-uriz-en-la-ciudadela\/#primaryimage"},"thumbnailUrl":"","keywords":["actualidad","ayto pamplona","Ayuntamiento de Pamplona","Camino de Santiago","ciudadela","japon\u00e9s","muestra fotogr\u00e1fica","noticias","pamplona","Patxi \u00dariz"],"articleSection":["Ayto Pamplona"],"inLanguage":"es"},{"@type":"WebPage","@id":"https:\/\/www.laguiadepamplona.com\/actualidad\/el-camino-de-santiago-japones-y-la-espiritualidad-en-comunion-con-la-naturaleza-es-el-centro-de-la-muestra-fotografica-de-patxi-uriz-en-la-ciudadela\/","url":"https:\/\/www.laguiadepamplona.com\/actualidad\/el-camino-de-santiago-japones-y-la-espiritualidad-en-comunion-con-la-naturaleza-es-el-centro-de-la-muestra-fotografica-de-patxi-uriz-en-la-ciudadela\/","name":"El Camino de Santiago japon\u00e9s y la espiritualidad en comuni\u00f3n con la naturaleza es el centro de la muestra fotogr\u00e1fica de Patxi \u00dariz en la Ciudadela","isPartOf":{"@id":"https:\/\/www.laguiadepamplona.com\/actualidad\/#website"},"primaryImageOfPage":{"@id":"https:\/\/www.laguiadepamplona.com\/actualidad\/el-camino-de-santiago-japones-y-la-espiritualidad-en-comunion-con-la-naturaleza-es-el-centro-de-la-muestra-fotografica-de-patxi-uriz-en-la-ciudadela\/#primaryimage"},"image":{"@id":"https:\/\/www.laguiadepamplona.com\/actualidad\/el-camino-de-santiago-japones-y-la-espiritualidad-en-comunion-con-la-naturaleza-es-el-centro-de-la-muestra-fotografica-de-patxi-uriz-en-la-ciudadela\/#primaryimage"},"thumbnailUrl":"","datePublished":"2015-05-08T10:36:06+00:00","breadcrumb":{"@id":"https:\/\/www.laguiadepamplona.com\/actualidad\/el-camino-de-santiago-japones-y-la-espiritualidad-en-comunion-con-la-naturaleza-es-el-centro-de-la-muestra-fotografica-de-patxi-uriz-en-la-ciudadela\/#breadcrumb"},"inLanguage":"es","potentialAction":[{"@type":"ReadAction","target":["https:\/\/www.laguiadepamplona.com\/actualidad\/el-camino-de-santiago-japones-y-la-espiritualidad-en-comunion-con-la-naturaleza-es-el-centro-de-la-muestra-fotografica-de-patxi-uriz-en-la-ciudadela\/"]}]},{"@type":"ImageObject","inLanguage":"es","@id":"https:\/\/www.laguiadepamplona.com\/actualidad\/el-camino-de-santiago-japones-y-la-espiritualidad-en-comunion-con-la-naturaleza-es-el-centro-de-la-muestra-fotografica-de-patxi-uriz-en-la-ciudadela\/#primaryimage","url":"","contentUrl":""},{"@type":"BreadcrumbList","@id":"https:\/\/www.laguiadepamplona.com\/actualidad\/el-camino-de-santiago-japones-y-la-espiritualidad-en-comunion-con-la-naturaleza-es-el-centro-de-la-muestra-fotografica-de-patxi-uriz-en-la-ciudadela\/#breadcrumb","itemListElement":[{"@type":"ListItem","position":1,"name":"Portada","item":"https:\/\/www.laguiadepamplona.com\/actualidad\/"},{"@type":"ListItem","position":2,"name":"El Camino de Santiago japon\u00e9s y la espiritualidad en comuni\u00f3n con la naturaleza es el centro de la muestra fotogr\u00e1fica de Patxi \u00dariz en la Ciudadela"}]},{"@type":"WebSite","@id":"https:\/\/www.laguiadepamplona.com\/actualidad\/#website","url":"https:\/\/www.laguiadepamplona.com\/actualidad\/","name":"La gu\u00eda de Pamplona","description":"Noticias de Pamplona","publisher":{"@id":"https:\/\/www.laguiadepamplona.com\/actualidad\/#organization"},"potentialAction":[{"@type":"SearchAction","target":{"@type":"EntryPoint","urlTemplate":"https:\/\/www.laguiadepamplona.com\/actualidad\/?s={search_term_string}"},"query-input":{"@type":"PropertyValueSpecification","valueRequired":true,"valueName":"search_term_string"}}],"inLanguage":"es"},{"@type":"Organization","@id":"https:\/\/www.laguiadepamplona.com\/actualidad\/#organization","name":"La Gu\u00eda de Pamplona \/ Noticias","url":"https:\/\/www.laguiadepamplona.com\/actualidad\/","logo":{"@type":"ImageObject","inLanguage":"es","@id":"https:\/\/www.laguiadepamplona.com\/actualidad\/#\/schema\/logo\/image\/","url":"https:\/\/www.laguiadepamplona.com\/actualidad\/wp-content\/uploads\/2018\/11\/logo-laguiadepamplona18-web1.png","contentUrl":"https:\/\/www.laguiadepamplona.com\/actualidad\/wp-content\/uploads\/2018\/11\/logo-laguiadepamplona18-web1.png","width":600,"height":196,"caption":"La Gu\u00eda de Pamplona \/ Noticias"},"image":{"@id":"https:\/\/www.laguiadepamplona.com\/actualidad\/#\/schema\/logo\/image\/"},"sameAs":["https:\/\/www.facebook.com\/laguiadepamplonacom-133175176762273\/?ref=hl","https:\/\/x.com\/LaGuiadPamplona","https:\/\/www.instagram.com\/la_guia_de_pamplona\/","https:\/\/www.youtube.com\/user\/laguiadepamplona"]},{"@type":"Person","@id":"https:\/\/www.laguiadepamplona.com\/actualidad\/#\/schema\/person\/efe887376f0213d4657c93adc50b1fdb","name":"La Gu\u00eda de Pamplona","image":{"@type":"ImageObject","inLanguage":"es","@id":"https:\/\/secure.gravatar.com\/avatar\/b6992f131dc8d30ab0dff15446e9d346d9dbd95992de0fef795073f5ea83a81c?s=96&d=mm&r=g","url":"https:\/\/secure.gravatar.com\/avatar\/b6992f131dc8d30ab0dff15446e9d346d9dbd95992de0fef795073f5ea83a81c?s=96&d=mm&r=g","contentUrl":"https:\/\/secure.gravatar.com\/avatar\/b6992f131dc8d30ab0dff15446e9d346d9dbd95992de0fef795073f5ea83a81c?s=96&d=mm&r=g","caption":"La Gu\u00eda de Pamplona"}}]}},"post_mailing_queue_ids":[],"_links":{"self":[{"href":"https:\/\/www.laguiadepamplona.com\/actualidad\/wp-json\/wp\/v2\/posts\/5822","targetHints":{"allow":["GET"]}}],"collection":[{"href":"https:\/\/www.laguiadepamplona.com\/actualidad\/wp-json\/wp\/v2\/posts"}],"about":[{"href":"https:\/\/www.laguiadepamplona.com\/actualidad\/wp-json\/wp\/v2\/types\/post"}],"author":[{"embeddable":true,"href":"https:\/\/www.laguiadepamplona.com\/actualidad\/wp-json\/wp\/v2\/users\/1"}],"replies":[{"embeddable":true,"href":"https:\/\/www.laguiadepamplona.com\/actualidad\/wp-json\/wp\/v2\/comments?post=5822"}],"version-history":[{"count":0,"href":"https:\/\/www.laguiadepamplona.com\/actualidad\/wp-json\/wp\/v2\/posts\/5822\/revisions"}],"wp:featuredmedia":[{"embeddable":true,"href":"https:\/\/www.laguiadepamplona.com\/actualidad\/wp-json\/"}],"wp:attachment":[{"href":"https:\/\/www.laguiadepamplona.com\/actualidad\/wp-json\/wp\/v2\/media?parent=5822"}],"wp:term":[{"taxonomy":"category","embeddable":true,"href":"https:\/\/www.laguiadepamplona.com\/actualidad\/wp-json\/wp\/v2\/categories?post=5822"},{"taxonomy":"post_tag","embeddable":true,"href":"https:\/\/www.laguiadepamplona.com\/actualidad\/wp-json\/wp\/v2\/tags?post=5822"}],"curies":[{"name":"wp","href":"https:\/\/api.w.org\/{rel}","templated":true}]}}