{"id":5819,"date":"2015-05-08T12:32:44","date_gmt":"2015-05-08T10:32:44","guid":{"rendered":"http:\/\/laguiadepamplona.com\/actualidad\/?p=5819"},"modified":"2015-05-08T12:32:44","modified_gmt":"2015-05-08T10:32:44","slug":"finaliza-el-lunes-el-ciclo-sobre-reinas-de-navarra-con-una-conferencia-sobe-juana-de-valois-en-civivox-condestable","status":"publish","type":"post","link":"https:\/\/www.laguiadepamplona.com\/actualidad\/finaliza-el-lunes-el-ciclo-sobre-reinas-de-navarra-con-una-conferencia-sobe-juana-de-valois-en-civivox-condestable\/","title":{"rendered":"Finaliza el lunes el ciclo sobre \u2018Reinas de Navarra\u2019 con una conferencia sobe Juana de Valois en Civivox Condestable"},"content":{"rendered":"<h4>El ponente es I\u00f1igo Arzoz, licenciado en Historia por la Universidad de Navarra y profesor de Geograf\u00eda e Historia del IES Pablo Sarasate<\/h4>\n<p><a href=\"http:\/\/laguiadepamplona.com\/actualidad\/wp-content\/uploads\/2015\/05\/JuanaValois.jpg\"><img loading=\"lazy\" decoding=\"async\" class=\"alignleft size-medium wp-image-5820\" src=\"http:\/\/laguiadepamplona.com\/actualidad\/wp-content\/uploads\/2015\/05\/JuanaValois-205x300.jpg\" alt=\"JuanaValois\" width=\"205\" height=\"300\" \/><\/a>Juana de Valois ser\u00e1 la \u00faltima protagonista del ciclo de conferencias que sobre las \u2018Reinas de Navarra\u2019 se est\u00e1 celebrando en Civivox Condestable. La charla tendr\u00e1 lugar el pr\u00f3ximo lunes, 11 de mayo, a las siete y media de la tarde con entrada gratuita. El ponente ser\u00e1 I\u00f1igo Arzoz Mendiz\u00e1bal, licenciado en Historia por la Universidad de Navarra y profesor de Geograf\u00eda e Historia del IES Pablo Sarasate de Lodosa. Realiz\u00f3 su tesis doctoral en Historia Medieval bajo la direcci\u00f3n de la profesora Julia Pav\u00f3n y es autor de diversos trabajos sobre la canciller\u00eda real de Navarra en \u00e9poca bajomedieval.<\/p>\n<p>La conferencia contar\u00e1 con un coloquio y finalizar\u00e1 con el sorteo del libro \u2018Reinas de Navarra\u2019 de Julia Pav\u00f3n. Esta monograf\u00eda fue publicada en 2014. Est\u00e1 dirigida y coordinada por la doctora Julia Pav\u00f3n, profesora titular de Historia Medieval y directora del Departamento de Historia, Historia del Arte y Geograf\u00eda de la Universidad de Navarra. Re\u00fane a especialistas en la Historia de Navarra, muchos de ellos miembros de la Sociedad de Estudios Hist\u00f3ricos de Navarra. Julia Pav\u00f3n ha publicado, adem\u00e1s de su tesis doctoral \u2018Poblamiento altomedieval navarro\u2019; la edici\u00f3n, con Jaume Aurell, del libro \u2018Rewriting the Middle ages in the twentieth century\u2019.<\/p>\n<p>Juana de Valois (1343-1373), hija del rey de Francia, fue la esposa del rey navarro Carlos II. La SEHN impulsa este ciclo de conferencias ya que considera importante dar a conocer parte de los contenidos de las investigaciones centradas en las reinas de Navarra. Por ello apoya que algunas de las reinas de Navarra cuya biograf\u00eda y relevancia han sido estudiadas por los especialistas sean trasladadas al p\u00fablico general por los propios investigadores.<\/p>\n<p>&nbsp;<\/p>\n","protected":false},"excerpt":{"rendered":"<p>El ponente es I\u00f1igo Arzoz, licenciado en Historia por la Universidad de Navarra y profesor de Geograf\u00eda e Historia del IES Pablo Sarasate Juana de Valois ser\u00e1 la \u00faltima protagonista&#8230;<\/p>\n","protected":false},"author":1,"featured_media":5820,"comment_status":"closed","ping_status":"closed","sticky":false,"template":"","format":"standard","meta":{"footnotes":""},"categories":[2],"tags":[5,6,509,149,5216,5217,5218,5219,8,9,2116,5030],"class_list":["post-5819","post","type-post","status-publish","format-standard","has-post-thumbnail","hentry","category-ayuntamiento-pamplona","tag-actualidad","tag-ayto-pamplona","tag-ayuntamiento-de-pamplona","tag-civivox-condestable","tag-geografia-e-historia-del-ies-pablo-sarasate","tag-historia-por-la-universidad-de-navarra","tag-inigo-arzoz","tag-juana-de-valois","tag-noticias","tag-pamplona","tag-profesor","tag-reinas-de-navarra"],"yoast_head":"<!-- This site is optimized with the Yoast SEO plugin v27.5 - https:\/\/yoast.com\/product\/yoast-seo-wordpress\/ -->\n<title>Finaliza el lunes el ciclo sobre \u2018Reinas de Navarra\u2019 con una conferencia sobe Juana de Valois en Civivox Condestable<\/title>\n<meta name=\"robots\" content=\"index, follow, max-snippet:-1, max-image-preview:large, max-video-preview:-1\" \/>\n<link rel=\"canonical\" href=\"https:\/\/www.laguiadepamplona.com\/actualidad\/finaliza-el-lunes-el-ciclo-sobre-reinas-de-navarra-con-una-conferencia-sobe-juana-de-valois-en-civivox-condestable\/\" \/>\n<meta property=\"og:locale\" content=\"es_ES\" \/>\n<meta property=\"og:type\" content=\"article\" \/>\n<meta property=\"og:title\" content=\"Finaliza el lunes el ciclo sobre \u2018Reinas de Navarra\u2019 con una conferencia sobe Juana de Valois en Civivox Condestable\" \/>\n<meta property=\"og:description\" content=\"El ponente es I\u00f1igo Arzoz, licenciado en Historia por la Universidad de Navarra y profesor de Geograf\u00eda e Historia del IES Pablo Sarasate Juana de Valois ser\u00e1 la \u00faltima protagonista...\" \/>\n<meta property=\"og:url\" content=\"https:\/\/www.laguiadepamplona.com\/actualidad\/finaliza-el-lunes-el-ciclo-sobre-reinas-de-navarra-con-una-conferencia-sobe-juana-de-valois-en-civivox-condestable\/\" \/>\n<meta property=\"og:site_name\" content=\"La Gu\u00eda de Pamplona\" \/>\n<meta property=\"article:publisher\" content=\"https:\/\/www.facebook.com\/laguiadepamplonacom-133175176762273\/?ref=hl\" \/>\n<meta property=\"article:published_time\" content=\"2015-05-08T10:32:44+00:00\" \/>\n<meta name=\"author\" content=\"La Gu\u00eda de Pamplona\" \/>\n<meta name=\"twitter:card\" content=\"summary_large_image\" \/>\n<meta name=\"twitter:creator\" content=\"@LaGuiadPamplona\" \/>\n<meta name=\"twitter:site\" content=\"@LaGuiadPamplona\" \/>\n<meta name=\"twitter:label1\" content=\"Escrito por\" \/>\n\t<meta name=\"twitter:data1\" content=\"La Gu\u00eda de Pamplona\" \/>\n\t<meta name=\"twitter:label2\" content=\"Tiempo de lectura\" \/>\n\t<meta name=\"twitter:data2\" content=\"2 minutos\" \/>\n<script type=\"application\/ld+json\" class=\"yoast-schema-graph\">{\"@context\":\"https:\\\/\\\/schema.org\",\"@graph\":[{\"@type\":\"Article\",\"@id\":\"https:\\\/\\\/www.laguiadepamplona.com\\\/actualidad\\\/finaliza-el-lunes-el-ciclo-sobre-reinas-de-navarra-con-una-conferencia-sobe-juana-de-valois-en-civivox-condestable\\\/#article\",\"isPartOf\":{\"@id\":\"https:\\\/\\\/www.laguiadepamplona.com\\\/actualidad\\\/finaliza-el-lunes-el-ciclo-sobre-reinas-de-navarra-con-una-conferencia-sobe-juana-de-valois-en-civivox-condestable\\\/\"},\"author\":{\"name\":\"La Gu\u00eda de Pamplona\",\"@id\":\"https:\\\/\\\/www.laguiadepamplona.com\\\/actualidad\\\/#\\\/schema\\\/person\\\/efe887376f0213d4657c93adc50b1fdb\"},\"headline\":\"Finaliza el lunes el ciclo sobre \u2018Reinas de Navarra\u2019 con una conferencia sobe Juana de Valois en Civivox Condestable\",\"datePublished\":\"2015-05-08T10:32:44+00:00\",\"mainEntityOfPage\":{\"@id\":\"https:\\\/\\\/www.laguiadepamplona.com\\\/actualidad\\\/finaliza-el-lunes-el-ciclo-sobre-reinas-de-navarra-con-una-conferencia-sobe-juana-de-valois-en-civivox-condestable\\\/\"},\"wordCount\":336,\"publisher\":{\"@id\":\"https:\\\/\\\/www.laguiadepamplona.com\\\/actualidad\\\/#organization\"},\"image\":{\"@id\":\"https:\\\/\\\/www.laguiadepamplona.com\\\/actualidad\\\/finaliza-el-lunes-el-ciclo-sobre-reinas-de-navarra-con-una-conferencia-sobe-juana-de-valois-en-civivox-condestable\\\/#primaryimage\"},\"thumbnailUrl\":\"\",\"keywords\":[\"actualidad\",\"ayto pamplona\",\"Ayuntamiento de Pamplona\",\"civivox condestable\",\"Geograf\u00eda e Historia del IES Pablo Sarasate\",\"Historia por la Universidad de Navarra\",\"I\u00f1igo Arzoz\",\"Juana de Valois\",\"noticias\",\"pamplona\",\"profesor\",\"Reinas de Navarra\"],\"articleSection\":[\"Ayto Pamplona\"],\"inLanguage\":\"es\"},{\"@type\":\"WebPage\",\"@id\":\"https:\\\/\\\/www.laguiadepamplona.com\\\/actualidad\\\/finaliza-el-lunes-el-ciclo-sobre-reinas-de-navarra-con-una-conferencia-sobe-juana-de-valois-en-civivox-condestable\\\/\",\"url\":\"https:\\\/\\\/www.laguiadepamplona.com\\\/actualidad\\\/finaliza-el-lunes-el-ciclo-sobre-reinas-de-navarra-con-una-conferencia-sobe-juana-de-valois-en-civivox-condestable\\\/\",\"name\":\"Finaliza el lunes el ciclo sobre \u2018Reinas de Navarra\u2019 con una conferencia sobe Juana de Valois en Civivox Condestable\",\"isPartOf\":{\"@id\":\"https:\\\/\\\/www.laguiadepamplona.com\\\/actualidad\\\/#website\"},\"primaryImageOfPage\":{\"@id\":\"https:\\\/\\\/www.laguiadepamplona.com\\\/actualidad\\\/finaliza-el-lunes-el-ciclo-sobre-reinas-de-navarra-con-una-conferencia-sobe-juana-de-valois-en-civivox-condestable\\\/#primaryimage\"},\"image\":{\"@id\":\"https:\\\/\\\/www.laguiadepamplona.com\\\/actualidad\\\/finaliza-el-lunes-el-ciclo-sobre-reinas-de-navarra-con-una-conferencia-sobe-juana-de-valois-en-civivox-condestable\\\/#primaryimage\"},\"thumbnailUrl\":\"\",\"datePublished\":\"2015-05-08T10:32:44+00:00\",\"breadcrumb\":{\"@id\":\"https:\\\/\\\/www.laguiadepamplona.com\\\/actualidad\\\/finaliza-el-lunes-el-ciclo-sobre-reinas-de-navarra-con-una-conferencia-sobe-juana-de-valois-en-civivox-condestable\\\/#breadcrumb\"},\"inLanguage\":\"es\",\"potentialAction\":[{\"@type\":\"ReadAction\",\"target\":[\"https:\\\/\\\/www.laguiadepamplona.com\\\/actualidad\\\/finaliza-el-lunes-el-ciclo-sobre-reinas-de-navarra-con-una-conferencia-sobe-juana-de-valois-en-civivox-condestable\\\/\"]}]},{\"@type\":\"ImageObject\",\"inLanguage\":\"es\",\"@id\":\"https:\\\/\\\/www.laguiadepamplona.com\\\/actualidad\\\/finaliza-el-lunes-el-ciclo-sobre-reinas-de-navarra-con-una-conferencia-sobe-juana-de-valois-en-civivox-condestable\\\/#primaryimage\",\"url\":\"\",\"contentUrl\":\"\"},{\"@type\":\"BreadcrumbList\",\"@id\":\"https:\\\/\\\/www.laguiadepamplona.com\\\/actualidad\\\/finaliza-el-lunes-el-ciclo-sobre-reinas-de-navarra-con-una-conferencia-sobe-juana-de-valois-en-civivox-condestable\\\/#breadcrumb\",\"itemListElement\":[{\"@type\":\"ListItem\",\"position\":1,\"name\":\"Portada\",\"item\":\"https:\\\/\\\/www.laguiadepamplona.com\\\/actualidad\\\/\"},{\"@type\":\"ListItem\",\"position\":2,\"name\":\"Finaliza el lunes el ciclo sobre \u2018Reinas de Navarra\u2019 con una conferencia sobe Juana de Valois en Civivox Condestable\"}]},{\"@type\":\"WebSite\",\"@id\":\"https:\\\/\\\/www.laguiadepamplona.com\\\/actualidad\\\/#website\",\"url\":\"https:\\\/\\\/www.laguiadepamplona.com\\\/actualidad\\\/\",\"name\":\"La gu\u00eda de Pamplona\",\"description\":\"Noticias de Pamplona\",\"publisher\":{\"@id\":\"https:\\\/\\\/www.laguiadepamplona.com\\\/actualidad\\\/#organization\"},\"potentialAction\":[{\"@type\":\"SearchAction\",\"target\":{\"@type\":\"EntryPoint\",\"urlTemplate\":\"https:\\\/\\\/www.laguiadepamplona.com\\\/actualidad\\\/?s={search_term_string}\"},\"query-input\":{\"@type\":\"PropertyValueSpecification\",\"valueRequired\":true,\"valueName\":\"search_term_string\"}}],\"inLanguage\":\"es\"},{\"@type\":\"Organization\",\"@id\":\"https:\\\/\\\/www.laguiadepamplona.com\\\/actualidad\\\/#organization\",\"name\":\"La Gu\u00eda de Pamplona \\\/ Noticias\",\"url\":\"https:\\\/\\\/www.laguiadepamplona.com\\\/actualidad\\\/\",\"logo\":{\"@type\":\"ImageObject\",\"inLanguage\":\"es\",\"@id\":\"https:\\\/\\\/www.laguiadepamplona.com\\\/actualidad\\\/#\\\/schema\\\/logo\\\/image\\\/\",\"url\":\"https:\\\/\\\/www.laguiadepamplona.com\\\/actualidad\\\/wp-content\\\/uploads\\\/2018\\\/11\\\/logo-laguiadepamplona18-web1.png\",\"contentUrl\":\"https:\\\/\\\/www.laguiadepamplona.com\\\/actualidad\\\/wp-content\\\/uploads\\\/2018\\\/11\\\/logo-laguiadepamplona18-web1.png\",\"width\":600,\"height\":196,\"caption\":\"La Gu\u00eda de Pamplona \\\/ Noticias\"},\"image\":{\"@id\":\"https:\\\/\\\/www.laguiadepamplona.com\\\/actualidad\\\/#\\\/schema\\\/logo\\\/image\\\/\"},\"sameAs\":[\"https:\\\/\\\/www.facebook.com\\\/laguiadepamplonacom-133175176762273\\\/?ref=hl\",\"https:\\\/\\\/x.com\\\/LaGuiadPamplona\",\"https:\\\/\\\/www.instagram.com\\\/la_guia_de_pamplona\\\/\",\"https:\\\/\\\/www.youtube.com\\\/user\\\/laguiadepamplona\"]},{\"@type\":\"Person\",\"@id\":\"https:\\\/\\\/www.laguiadepamplona.com\\\/actualidad\\\/#\\\/schema\\\/person\\\/efe887376f0213d4657c93adc50b1fdb\",\"name\":\"La Gu\u00eda de Pamplona\",\"image\":{\"@type\":\"ImageObject\",\"inLanguage\":\"es\",\"@id\":\"https:\\\/\\\/secure.gravatar.com\\\/avatar\\\/b6992f131dc8d30ab0dff15446e9d346d9dbd95992de0fef795073f5ea83a81c?s=96&d=mm&r=g\",\"url\":\"https:\\\/\\\/secure.gravatar.com\\\/avatar\\\/b6992f131dc8d30ab0dff15446e9d346d9dbd95992de0fef795073f5ea83a81c?s=96&d=mm&r=g\",\"contentUrl\":\"https:\\\/\\\/secure.gravatar.com\\\/avatar\\\/b6992f131dc8d30ab0dff15446e9d346d9dbd95992de0fef795073f5ea83a81c?s=96&d=mm&r=g\",\"caption\":\"La Gu\u00eda de Pamplona\"}}]}<\/script>\n<!-- \/ Yoast SEO plugin. -->","yoast_head_json":{"title":"Finaliza el lunes el ciclo sobre \u2018Reinas de Navarra\u2019 con una conferencia sobe Juana de Valois en Civivox Condestable","robots":{"index":"index","follow":"follow","max-snippet":"max-snippet:-1","max-image-preview":"max-image-preview:large","max-video-preview":"max-video-preview:-1"},"canonical":"https:\/\/www.laguiadepamplona.com\/actualidad\/finaliza-el-lunes-el-ciclo-sobre-reinas-de-navarra-con-una-conferencia-sobe-juana-de-valois-en-civivox-condestable\/","og_locale":"es_ES","og_type":"article","og_title":"Finaliza el lunes el ciclo sobre \u2018Reinas de Navarra\u2019 con una conferencia sobe Juana de Valois en Civivox Condestable","og_description":"El ponente es I\u00f1igo Arzoz, licenciado en Historia por la Universidad de Navarra y profesor de Geograf\u00eda e Historia del IES Pablo Sarasate Juana de Valois ser\u00e1 la \u00faltima protagonista...","og_url":"https:\/\/www.laguiadepamplona.com\/actualidad\/finaliza-el-lunes-el-ciclo-sobre-reinas-de-navarra-con-una-conferencia-sobe-juana-de-valois-en-civivox-condestable\/","og_site_name":"La Gu\u00eda de Pamplona","article_publisher":"https:\/\/www.facebook.com\/laguiadepamplonacom-133175176762273\/?ref=hl","article_published_time":"2015-05-08T10:32:44+00:00","author":"La Gu\u00eda de Pamplona","twitter_card":"summary_large_image","twitter_creator":"@LaGuiadPamplona","twitter_site":"@LaGuiadPamplona","twitter_misc":{"Escrito por":"La Gu\u00eda de Pamplona","Tiempo de lectura":"2 minutos"},"schema":{"@context":"https:\/\/schema.org","@graph":[{"@type":"Article","@id":"https:\/\/www.laguiadepamplona.com\/actualidad\/finaliza-el-lunes-el-ciclo-sobre-reinas-de-navarra-con-una-conferencia-sobe-juana-de-valois-en-civivox-condestable\/#article","isPartOf":{"@id":"https:\/\/www.laguiadepamplona.com\/actualidad\/finaliza-el-lunes-el-ciclo-sobre-reinas-de-navarra-con-una-conferencia-sobe-juana-de-valois-en-civivox-condestable\/"},"author":{"name":"La Gu\u00eda de Pamplona","@id":"https:\/\/www.laguiadepamplona.com\/actualidad\/#\/schema\/person\/efe887376f0213d4657c93adc50b1fdb"},"headline":"Finaliza el lunes el ciclo sobre \u2018Reinas de Navarra\u2019 con una conferencia sobe Juana de Valois en Civivox Condestable","datePublished":"2015-05-08T10:32:44+00:00","mainEntityOfPage":{"@id":"https:\/\/www.laguiadepamplona.com\/actualidad\/finaliza-el-lunes-el-ciclo-sobre-reinas-de-navarra-con-una-conferencia-sobe-juana-de-valois-en-civivox-condestable\/"},"wordCount":336,"publisher":{"@id":"https:\/\/www.laguiadepamplona.com\/actualidad\/#organization"},"image":{"@id":"https:\/\/www.laguiadepamplona.com\/actualidad\/finaliza-el-lunes-el-ciclo-sobre-reinas-de-navarra-con-una-conferencia-sobe-juana-de-valois-en-civivox-condestable\/#primaryimage"},"thumbnailUrl":"","keywords":["actualidad","ayto pamplona","Ayuntamiento de Pamplona","civivox condestable","Geograf\u00eda e Historia del IES Pablo Sarasate","Historia por la Universidad de Navarra","I\u00f1igo Arzoz","Juana de Valois","noticias","pamplona","profesor","Reinas de Navarra"],"articleSection":["Ayto Pamplona"],"inLanguage":"es"},{"@type":"WebPage","@id":"https:\/\/www.laguiadepamplona.com\/actualidad\/finaliza-el-lunes-el-ciclo-sobre-reinas-de-navarra-con-una-conferencia-sobe-juana-de-valois-en-civivox-condestable\/","url":"https:\/\/www.laguiadepamplona.com\/actualidad\/finaliza-el-lunes-el-ciclo-sobre-reinas-de-navarra-con-una-conferencia-sobe-juana-de-valois-en-civivox-condestable\/","name":"Finaliza el lunes el ciclo sobre \u2018Reinas de Navarra\u2019 con una conferencia sobe Juana de Valois en Civivox Condestable","isPartOf":{"@id":"https:\/\/www.laguiadepamplona.com\/actualidad\/#website"},"primaryImageOfPage":{"@id":"https:\/\/www.laguiadepamplona.com\/actualidad\/finaliza-el-lunes-el-ciclo-sobre-reinas-de-navarra-con-una-conferencia-sobe-juana-de-valois-en-civivox-condestable\/#primaryimage"},"image":{"@id":"https:\/\/www.laguiadepamplona.com\/actualidad\/finaliza-el-lunes-el-ciclo-sobre-reinas-de-navarra-con-una-conferencia-sobe-juana-de-valois-en-civivox-condestable\/#primaryimage"},"thumbnailUrl":"","datePublished":"2015-05-08T10:32:44+00:00","breadcrumb":{"@id":"https:\/\/www.laguiadepamplona.com\/actualidad\/finaliza-el-lunes-el-ciclo-sobre-reinas-de-navarra-con-una-conferencia-sobe-juana-de-valois-en-civivox-condestable\/#breadcrumb"},"inLanguage":"es","potentialAction":[{"@type":"ReadAction","target":["https:\/\/www.laguiadepamplona.com\/actualidad\/finaliza-el-lunes-el-ciclo-sobre-reinas-de-navarra-con-una-conferencia-sobe-juana-de-valois-en-civivox-condestable\/"]}]},{"@type":"ImageObject","inLanguage":"es","@id":"https:\/\/www.laguiadepamplona.com\/actualidad\/finaliza-el-lunes-el-ciclo-sobre-reinas-de-navarra-con-una-conferencia-sobe-juana-de-valois-en-civivox-condestable\/#primaryimage","url":"","contentUrl":""},{"@type":"BreadcrumbList","@id":"https:\/\/www.laguiadepamplona.com\/actualidad\/finaliza-el-lunes-el-ciclo-sobre-reinas-de-navarra-con-una-conferencia-sobe-juana-de-valois-en-civivox-condestable\/#breadcrumb","itemListElement":[{"@type":"ListItem","position":1,"name":"Portada","item":"https:\/\/www.laguiadepamplona.com\/actualidad\/"},{"@type":"ListItem","position":2,"name":"Finaliza el lunes el ciclo sobre \u2018Reinas de Navarra\u2019 con una conferencia sobe Juana de Valois en Civivox Condestable"}]},{"@type":"WebSite","@id":"https:\/\/www.laguiadepamplona.com\/actualidad\/#website","url":"https:\/\/www.laguiadepamplona.com\/actualidad\/","name":"La gu\u00eda de Pamplona","description":"Noticias de Pamplona","publisher":{"@id":"https:\/\/www.laguiadepamplona.com\/actualidad\/#organization"},"potentialAction":[{"@type":"SearchAction","target":{"@type":"EntryPoint","urlTemplate":"https:\/\/www.laguiadepamplona.com\/actualidad\/?s={search_term_string}"},"query-input":{"@type":"PropertyValueSpecification","valueRequired":true,"valueName":"search_term_string"}}],"inLanguage":"es"},{"@type":"Organization","@id":"https:\/\/www.laguiadepamplona.com\/actualidad\/#organization","name":"La Gu\u00eda de Pamplona \/ Noticias","url":"https:\/\/www.laguiadepamplona.com\/actualidad\/","logo":{"@type":"ImageObject","inLanguage":"es","@id":"https:\/\/www.laguiadepamplona.com\/actualidad\/#\/schema\/logo\/image\/","url":"https:\/\/www.laguiadepamplona.com\/actualidad\/wp-content\/uploads\/2018\/11\/logo-laguiadepamplona18-web1.png","contentUrl":"https:\/\/www.laguiadepamplona.com\/actualidad\/wp-content\/uploads\/2018\/11\/logo-laguiadepamplona18-web1.png","width":600,"height":196,"caption":"La Gu\u00eda de Pamplona \/ Noticias"},"image":{"@id":"https:\/\/www.laguiadepamplona.com\/actualidad\/#\/schema\/logo\/image\/"},"sameAs":["https:\/\/www.facebook.com\/laguiadepamplonacom-133175176762273\/?ref=hl","https:\/\/x.com\/LaGuiadPamplona","https:\/\/www.instagram.com\/la_guia_de_pamplona\/","https:\/\/www.youtube.com\/user\/laguiadepamplona"]},{"@type":"Person","@id":"https:\/\/www.laguiadepamplona.com\/actualidad\/#\/schema\/person\/efe887376f0213d4657c93adc50b1fdb","name":"La Gu\u00eda de Pamplona","image":{"@type":"ImageObject","inLanguage":"es","@id":"https:\/\/secure.gravatar.com\/avatar\/b6992f131dc8d30ab0dff15446e9d346d9dbd95992de0fef795073f5ea83a81c?s=96&d=mm&r=g","url":"https:\/\/secure.gravatar.com\/avatar\/b6992f131dc8d30ab0dff15446e9d346d9dbd95992de0fef795073f5ea83a81c?s=96&d=mm&r=g","contentUrl":"https:\/\/secure.gravatar.com\/avatar\/b6992f131dc8d30ab0dff15446e9d346d9dbd95992de0fef795073f5ea83a81c?s=96&d=mm&r=g","caption":"La Gu\u00eda de Pamplona"}}]}},"post_mailing_queue_ids":[],"_links":{"self":[{"href":"https:\/\/www.laguiadepamplona.com\/actualidad\/wp-json\/wp\/v2\/posts\/5819","targetHints":{"allow":["GET"]}}],"collection":[{"href":"https:\/\/www.laguiadepamplona.com\/actualidad\/wp-json\/wp\/v2\/posts"}],"about":[{"href":"https:\/\/www.laguiadepamplona.com\/actualidad\/wp-json\/wp\/v2\/types\/post"}],"author":[{"embeddable":true,"href":"https:\/\/www.laguiadepamplona.com\/actualidad\/wp-json\/wp\/v2\/users\/1"}],"replies":[{"embeddable":true,"href":"https:\/\/www.laguiadepamplona.com\/actualidad\/wp-json\/wp\/v2\/comments?post=5819"}],"version-history":[{"count":0,"href":"https:\/\/www.laguiadepamplona.com\/actualidad\/wp-json\/wp\/v2\/posts\/5819\/revisions"}],"wp:featuredmedia":[{"embeddable":true,"href":"https:\/\/www.laguiadepamplona.com\/actualidad\/wp-json\/"}],"wp:attachment":[{"href":"https:\/\/www.laguiadepamplona.com\/actualidad\/wp-json\/wp\/v2\/media?parent=5819"}],"wp:term":[{"taxonomy":"category","embeddable":true,"href":"https:\/\/www.laguiadepamplona.com\/actualidad\/wp-json\/wp\/v2\/categories?post=5819"},{"taxonomy":"post_tag","embeddable":true,"href":"https:\/\/www.laguiadepamplona.com\/actualidad\/wp-json\/wp\/v2\/tags?post=5819"}],"curies":[{"name":"wp","href":"https:\/\/api.w.org\/{rel}","templated":true}]}}