{"id":5788,"date":"2015-05-07T10:58:03","date_gmt":"2015-05-07T08:58:03","guid":{"rendered":"http:\/\/laguiadepamplona.com\/actualidad\/?p=5788"},"modified":"2015-05-07T10:58:03","modified_gmt":"2015-05-07T08:58:03","slug":"convocadas-pruebas-selectivas-para-la-contratacion-temporal-de-aspirantes-para-el-puesto-de-tecnico-de-grado-medio-de-archivo","status":"publish","type":"post","link":"https:\/\/www.laguiadepamplona.com\/actualidad\/convocadas-pruebas-selectivas-para-la-contratacion-temporal-de-aspirantes-para-el-puesto-de-tecnico-de-grado-medio-de-archivo\/","title":{"rendered":"Convocadas pruebas selectivas para la contrataci\u00f3n temporal de aspirantes para el puesto de T\u00e9cnico de Grado Medio de Archivo"},"content":{"rendered":"<h4>El plazo de presentaci\u00f3n de instancias para participar en las pruebas finaliza el 19 de mayo<\/h4>\n<p><a href=\"http:\/\/laguiadepamplona.com\/actualidad\/wp-content\/uploads\/2014\/06\/Ayto_Pamplona.jpg\"><img loading=\"lazy\" decoding=\"async\" class=\"alignleft size-medium wp-image-2063\" src=\"http:\/\/laguiadepamplona.com\/actualidad\/wp-content\/uploads\/2014\/06\/Ayto_Pamplona-300x225.jpg\" alt=\"Ayto_Pamplona\" width=\"300\" height=\"225\" \/><\/a>El Ayuntamiento de Pamplona ha convocado pruebas selectivas para la constituci\u00f3n de listas para el desempe\u00f1o, mediante contrataci\u00f3n temporal, del puesto de trabajo de T\u00e9cnico de Grado Medio de Archivo. El plazo de presentaci\u00f3n de las instancias para participar en el proceso concluye el 19 de mayo. Las bases de la convocatoria est\u00e1n publicadas en la web municipal, <a href=\"http:\/\/www.pamplona.es\/\" target=\"_blank\">www.pamplona.es<\/a>, y en el BON n\u00famero 82 de 29 de abril de 2015.<\/p>\n<p>Los aspirantes a estas listas deben tener el t\u00edtulo de Diplomado Universitario, Ingeniero T\u00e9cnico, Arquitecto T\u00e9cnico o Formaci\u00f3n Profesional de tercer grado o equivalente. Adem\u00e1s, deben ser espa\u00f1oles o nacionales de un Estado miembro de la Uni\u00f3n Europea o nacional de un Estado incluido en el \u00e1mbito de aplicaci\u00f3n de los Tratados Internacionales celebrados por la UE y ratificados por Espa\u00f1a; tener cumplidos los 16 a\u00f1os y no exceder de la edad establecida para la jubilaci\u00f3n forzosa; poseer la capacidad f\u00edsica y ps\u00edquica para el ejercico de las funciones correspondientes; y no hallarse inhabilitado ni suspendido para el ejercicio de funciones p\u00fablicas ni haber sido separado del servicio de una Administraci\u00f3n P\u00fablica.<\/p>\n<p>Las solicitudes para participar en la convocatoria se pueden presentar en cualquiera de los registros del Ayuntamiento de Pamplona o por cualquiera de los medios previstos en el art\u00edculo 38.4 de la Ley 30\/1992, de R\u00e9gimen Jur\u00eddico de las Administraciones P\u00fablicas y del Procedimiento Administrativo Com\u00fan.<\/p>\n<p><strong>Dos pruebas de selecci\u00f3n<\/strong><\/p>\n<p>La selecci\u00f3n se llevar\u00e1 a cabo mediante la realizaci\u00f3n de dos pruebas cada una con una valoraci\u00f3n de 50 puntos, quedando eliminados los aspirantes que no alcancen al menos la mitad de la puntuaci\u00f3n asignada a cada prueba. La primera prueba consistir\u00e1 en la presentaci\u00f3n de una propuesta t\u00e9cnica acerca del tratamiento archiv\u00edstico de fondos y colecciones fotogr\u00e1ficas, cuya finalidad es la de aportar un modelo de gesti\u00f3n para los agentes implicados en la producci\u00f3n, la gesti\u00f3n y el uso del patrimonio fotogr\u00e1fico. Su extensi\u00f3n no exceder\u00e1 de 40 folios.<\/p>\n<p>La segunda prueba consistir\u00e1 en el desarrollo por escrito de varios supuestos te\u00f3rico-pr\u00e1cticos propuestos por el Tribunal relativos a cualquier aspecto relacionado con la identificaci\u00f3n de procesos fotogr\u00e1ficos y morfolog\u00edas de materiales fotogr\u00e1ficos, sistemas de organizaci\u00f3n, clasificaci\u00f3n, descripci\u00f3n, evaluaci\u00f3n, preservaci\u00f3n, consulta, reproducci\u00f3n, uso y explotaci\u00f3n de los mismos, conforme a la metodolog\u00eda archiv\u00edstica. La duraci\u00f3n del ejercicio ser\u00e1 de un m\u00e1ximo de 4 horas.<\/p>\n<p>&nbsp;<\/p>\n","protected":false},"excerpt":{"rendered":"<p>El plazo de presentaci\u00f3n de instancias para participar en las pruebas finaliza el 19 de mayo El Ayuntamiento de Pamplona ha convocado pruebas selectivas para la constituci\u00f3n de listas para&#8230;<\/p>\n","protected":false},"author":1,"featured_media":2063,"comment_status":"closed","ping_status":"closed","sticky":false,"template":"","format":"standard","meta":{"footnotes":""},"categories":[2],"tags":[5,5200,6,509,2111,1376,8,9,2117,4165,5201,1866],"class_list":["post-5788","post","type-post","status-publish","format-standard","has-post-thumbnail","hentry","category-ayuntamiento-pamplona","tag-actualidad","tag-archivo","tag-ayto-pamplona","tag-ayuntamiento-de-pamplona","tag-contratacion","tag-convocadas","tag-noticias","tag-pamplona","tag-pruebas","tag-selectivas","tag-tecnico-grado-medio","tag-temporal"],"yoast_head":"<!-- This site is optimized with the Yoast SEO plugin v27.5 - https:\/\/yoast.com\/product\/yoast-seo-wordpress\/ -->\n<title>Convocadas pruebas selectivas para la contrataci\u00f3n temporal de aspirantes para el puesto de T\u00e9cnico de Grado Medio de Archivo<\/title>\n<meta name=\"robots\" content=\"index, follow, max-snippet:-1, max-image-preview:large, max-video-preview:-1\" \/>\n<link rel=\"canonical\" href=\"https:\/\/www.laguiadepamplona.com\/actualidad\/convocadas-pruebas-selectivas-para-la-contratacion-temporal-de-aspirantes-para-el-puesto-de-tecnico-de-grado-medio-de-archivo\/\" \/>\n<meta property=\"og:locale\" content=\"es_ES\" \/>\n<meta property=\"og:type\" content=\"article\" \/>\n<meta property=\"og:title\" content=\"Convocadas pruebas selectivas para la contrataci\u00f3n temporal de aspirantes para el puesto de T\u00e9cnico de Grado Medio de Archivo\" \/>\n<meta property=\"og:description\" content=\"El plazo de presentaci\u00f3n de instancias para participar en las pruebas finaliza el 19 de mayo El Ayuntamiento de Pamplona ha convocado pruebas selectivas para la constituci\u00f3n de listas para...\" \/>\n<meta property=\"og:url\" content=\"https:\/\/www.laguiadepamplona.com\/actualidad\/convocadas-pruebas-selectivas-para-la-contratacion-temporal-de-aspirantes-para-el-puesto-de-tecnico-de-grado-medio-de-archivo\/\" \/>\n<meta property=\"og:site_name\" content=\"La Gu\u00eda de Pamplona\" \/>\n<meta property=\"article:publisher\" content=\"https:\/\/www.facebook.com\/laguiadepamplonacom-133175176762273\/?ref=hl\" \/>\n<meta property=\"article:published_time\" content=\"2015-05-07T08:58:03+00:00\" \/>\n<meta name=\"author\" content=\"La Gu\u00eda de Pamplona\" \/>\n<meta name=\"twitter:card\" content=\"summary_large_image\" \/>\n<meta name=\"twitter:creator\" content=\"@LaGuiadPamplona\" \/>\n<meta name=\"twitter:site\" content=\"@LaGuiadPamplona\" \/>\n<meta name=\"twitter:label1\" content=\"Escrito por\" \/>\n\t<meta name=\"twitter:data1\" content=\"La Gu\u00eda de Pamplona\" \/>\n\t<meta name=\"twitter:label2\" content=\"Tiempo de lectura\" \/>\n\t<meta name=\"twitter:data2\" content=\"2 minutos\" \/>\n<script type=\"application\/ld+json\" class=\"yoast-schema-graph\">{\"@context\":\"https:\\\/\\\/schema.org\",\"@graph\":[{\"@type\":\"Article\",\"@id\":\"https:\\\/\\\/www.laguiadepamplona.com\\\/actualidad\\\/convocadas-pruebas-selectivas-para-la-contratacion-temporal-de-aspirantes-para-el-puesto-de-tecnico-de-grado-medio-de-archivo\\\/#article\",\"isPartOf\":{\"@id\":\"https:\\\/\\\/www.laguiadepamplona.com\\\/actualidad\\\/convocadas-pruebas-selectivas-para-la-contratacion-temporal-de-aspirantes-para-el-puesto-de-tecnico-de-grado-medio-de-archivo\\\/\"},\"author\":{\"name\":\"La Gu\u00eda de Pamplona\",\"@id\":\"https:\\\/\\\/www.laguiadepamplona.com\\\/actualidad\\\/#\\\/schema\\\/person\\\/efe887376f0213d4657c93adc50b1fdb\"},\"headline\":\"Convocadas pruebas selectivas para la contrataci\u00f3n temporal de aspirantes para el puesto de T\u00e9cnico de Grado Medio de Archivo\",\"datePublished\":\"2015-05-07T08:58:03+00:00\",\"mainEntityOfPage\":{\"@id\":\"https:\\\/\\\/www.laguiadepamplona.com\\\/actualidad\\\/convocadas-pruebas-selectivas-para-la-contratacion-temporal-de-aspirantes-para-el-puesto-de-tecnico-de-grado-medio-de-archivo\\\/\"},\"wordCount\":476,\"publisher\":{\"@id\":\"https:\\\/\\\/www.laguiadepamplona.com\\\/actualidad\\\/#organization\"},\"image\":{\"@id\":\"https:\\\/\\\/www.laguiadepamplona.com\\\/actualidad\\\/convocadas-pruebas-selectivas-para-la-contratacion-temporal-de-aspirantes-para-el-puesto-de-tecnico-de-grado-medio-de-archivo\\\/#primaryimage\"},\"thumbnailUrl\":\"\",\"keywords\":[\"actualidad\",\"Archivo\",\"ayto pamplona\",\"Ayuntamiento de Pamplona\",\"contrataci\u00f3n\",\"Convocadas\",\"noticias\",\"pamplona\",\"pruebas\",\"selectivas\",\"T\u00e9cnico Grado Medio\",\"temporal\"],\"articleSection\":[\"Ayto Pamplona\"],\"inLanguage\":\"es\"},{\"@type\":\"WebPage\",\"@id\":\"https:\\\/\\\/www.laguiadepamplona.com\\\/actualidad\\\/convocadas-pruebas-selectivas-para-la-contratacion-temporal-de-aspirantes-para-el-puesto-de-tecnico-de-grado-medio-de-archivo\\\/\",\"url\":\"https:\\\/\\\/www.laguiadepamplona.com\\\/actualidad\\\/convocadas-pruebas-selectivas-para-la-contratacion-temporal-de-aspirantes-para-el-puesto-de-tecnico-de-grado-medio-de-archivo\\\/\",\"name\":\"Convocadas pruebas selectivas para la contrataci\u00f3n temporal de aspirantes para el puesto de T\u00e9cnico de Grado Medio de Archivo\",\"isPartOf\":{\"@id\":\"https:\\\/\\\/www.laguiadepamplona.com\\\/actualidad\\\/#website\"},\"primaryImageOfPage\":{\"@id\":\"https:\\\/\\\/www.laguiadepamplona.com\\\/actualidad\\\/convocadas-pruebas-selectivas-para-la-contratacion-temporal-de-aspirantes-para-el-puesto-de-tecnico-de-grado-medio-de-archivo\\\/#primaryimage\"},\"image\":{\"@id\":\"https:\\\/\\\/www.laguiadepamplona.com\\\/actualidad\\\/convocadas-pruebas-selectivas-para-la-contratacion-temporal-de-aspirantes-para-el-puesto-de-tecnico-de-grado-medio-de-archivo\\\/#primaryimage\"},\"thumbnailUrl\":\"\",\"datePublished\":\"2015-05-07T08:58:03+00:00\",\"breadcrumb\":{\"@id\":\"https:\\\/\\\/www.laguiadepamplona.com\\\/actualidad\\\/convocadas-pruebas-selectivas-para-la-contratacion-temporal-de-aspirantes-para-el-puesto-de-tecnico-de-grado-medio-de-archivo\\\/#breadcrumb\"},\"inLanguage\":\"es\",\"potentialAction\":[{\"@type\":\"ReadAction\",\"target\":[\"https:\\\/\\\/www.laguiadepamplona.com\\\/actualidad\\\/convocadas-pruebas-selectivas-para-la-contratacion-temporal-de-aspirantes-para-el-puesto-de-tecnico-de-grado-medio-de-archivo\\\/\"]}]},{\"@type\":\"ImageObject\",\"inLanguage\":\"es\",\"@id\":\"https:\\\/\\\/www.laguiadepamplona.com\\\/actualidad\\\/convocadas-pruebas-selectivas-para-la-contratacion-temporal-de-aspirantes-para-el-puesto-de-tecnico-de-grado-medio-de-archivo\\\/#primaryimage\",\"url\":\"\",\"contentUrl\":\"\"},{\"@type\":\"BreadcrumbList\",\"@id\":\"https:\\\/\\\/www.laguiadepamplona.com\\\/actualidad\\\/convocadas-pruebas-selectivas-para-la-contratacion-temporal-de-aspirantes-para-el-puesto-de-tecnico-de-grado-medio-de-archivo\\\/#breadcrumb\",\"itemListElement\":[{\"@type\":\"ListItem\",\"position\":1,\"name\":\"Portada\",\"item\":\"https:\\\/\\\/www.laguiadepamplona.com\\\/actualidad\\\/\"},{\"@type\":\"ListItem\",\"position\":2,\"name\":\"Convocadas pruebas selectivas para la contrataci\u00f3n temporal de aspirantes para el puesto de T\u00e9cnico de Grado Medio de Archivo\"}]},{\"@type\":\"WebSite\",\"@id\":\"https:\\\/\\\/www.laguiadepamplona.com\\\/actualidad\\\/#website\",\"url\":\"https:\\\/\\\/www.laguiadepamplona.com\\\/actualidad\\\/\",\"name\":\"La gu\u00eda de Pamplona\",\"description\":\"Noticias de Pamplona\",\"publisher\":{\"@id\":\"https:\\\/\\\/www.laguiadepamplona.com\\\/actualidad\\\/#organization\"},\"potentialAction\":[{\"@type\":\"SearchAction\",\"target\":{\"@type\":\"EntryPoint\",\"urlTemplate\":\"https:\\\/\\\/www.laguiadepamplona.com\\\/actualidad\\\/?s={search_term_string}\"},\"query-input\":{\"@type\":\"PropertyValueSpecification\",\"valueRequired\":true,\"valueName\":\"search_term_string\"}}],\"inLanguage\":\"es\"},{\"@type\":\"Organization\",\"@id\":\"https:\\\/\\\/www.laguiadepamplona.com\\\/actualidad\\\/#organization\",\"name\":\"La Gu\u00eda de Pamplona \\\/ Noticias\",\"url\":\"https:\\\/\\\/www.laguiadepamplona.com\\\/actualidad\\\/\",\"logo\":{\"@type\":\"ImageObject\",\"inLanguage\":\"es\",\"@id\":\"https:\\\/\\\/www.laguiadepamplona.com\\\/actualidad\\\/#\\\/schema\\\/logo\\\/image\\\/\",\"url\":\"https:\\\/\\\/www.laguiadepamplona.com\\\/actualidad\\\/wp-content\\\/uploads\\\/2018\\\/11\\\/logo-laguiadepamplona18-web1.png\",\"contentUrl\":\"https:\\\/\\\/www.laguiadepamplona.com\\\/actualidad\\\/wp-content\\\/uploads\\\/2018\\\/11\\\/logo-laguiadepamplona18-web1.png\",\"width\":600,\"height\":196,\"caption\":\"La Gu\u00eda de Pamplona \\\/ Noticias\"},\"image\":{\"@id\":\"https:\\\/\\\/www.laguiadepamplona.com\\\/actualidad\\\/#\\\/schema\\\/logo\\\/image\\\/\"},\"sameAs\":[\"https:\\\/\\\/www.facebook.com\\\/laguiadepamplonacom-133175176762273\\\/?ref=hl\",\"https:\\\/\\\/x.com\\\/LaGuiadPamplona\",\"https:\\\/\\\/www.instagram.com\\\/la_guia_de_pamplona\\\/\",\"https:\\\/\\\/www.youtube.com\\\/user\\\/laguiadepamplona\"]},{\"@type\":\"Person\",\"@id\":\"https:\\\/\\\/www.laguiadepamplona.com\\\/actualidad\\\/#\\\/schema\\\/person\\\/efe887376f0213d4657c93adc50b1fdb\",\"name\":\"La Gu\u00eda de Pamplona\",\"image\":{\"@type\":\"ImageObject\",\"inLanguage\":\"es\",\"@id\":\"https:\\\/\\\/secure.gravatar.com\\\/avatar\\\/b6992f131dc8d30ab0dff15446e9d346d9dbd95992de0fef795073f5ea83a81c?s=96&d=mm&r=g\",\"url\":\"https:\\\/\\\/secure.gravatar.com\\\/avatar\\\/b6992f131dc8d30ab0dff15446e9d346d9dbd95992de0fef795073f5ea83a81c?s=96&d=mm&r=g\",\"contentUrl\":\"https:\\\/\\\/secure.gravatar.com\\\/avatar\\\/b6992f131dc8d30ab0dff15446e9d346d9dbd95992de0fef795073f5ea83a81c?s=96&d=mm&r=g\",\"caption\":\"La Gu\u00eda de Pamplona\"}}]}<\/script>\n<!-- \/ Yoast SEO plugin. -->","yoast_head_json":{"title":"Convocadas pruebas selectivas para la contrataci\u00f3n temporal de aspirantes para el puesto de T\u00e9cnico de Grado Medio de Archivo","robots":{"index":"index","follow":"follow","max-snippet":"max-snippet:-1","max-image-preview":"max-image-preview:large","max-video-preview":"max-video-preview:-1"},"canonical":"https:\/\/www.laguiadepamplona.com\/actualidad\/convocadas-pruebas-selectivas-para-la-contratacion-temporal-de-aspirantes-para-el-puesto-de-tecnico-de-grado-medio-de-archivo\/","og_locale":"es_ES","og_type":"article","og_title":"Convocadas pruebas selectivas para la contrataci\u00f3n temporal de aspirantes para el puesto de T\u00e9cnico de Grado Medio de Archivo","og_description":"El plazo de presentaci\u00f3n de instancias para participar en las pruebas finaliza el 19 de mayo El Ayuntamiento de Pamplona ha convocado pruebas selectivas para la constituci\u00f3n de listas para...","og_url":"https:\/\/www.laguiadepamplona.com\/actualidad\/convocadas-pruebas-selectivas-para-la-contratacion-temporal-de-aspirantes-para-el-puesto-de-tecnico-de-grado-medio-de-archivo\/","og_site_name":"La Gu\u00eda de Pamplona","article_publisher":"https:\/\/www.facebook.com\/laguiadepamplonacom-133175176762273\/?ref=hl","article_published_time":"2015-05-07T08:58:03+00:00","author":"La Gu\u00eda de Pamplona","twitter_card":"summary_large_image","twitter_creator":"@LaGuiadPamplona","twitter_site":"@LaGuiadPamplona","twitter_misc":{"Escrito por":"La Gu\u00eda de Pamplona","Tiempo de lectura":"2 minutos"},"schema":{"@context":"https:\/\/schema.org","@graph":[{"@type":"Article","@id":"https:\/\/www.laguiadepamplona.com\/actualidad\/convocadas-pruebas-selectivas-para-la-contratacion-temporal-de-aspirantes-para-el-puesto-de-tecnico-de-grado-medio-de-archivo\/#article","isPartOf":{"@id":"https:\/\/www.laguiadepamplona.com\/actualidad\/convocadas-pruebas-selectivas-para-la-contratacion-temporal-de-aspirantes-para-el-puesto-de-tecnico-de-grado-medio-de-archivo\/"},"author":{"name":"La Gu\u00eda de Pamplona","@id":"https:\/\/www.laguiadepamplona.com\/actualidad\/#\/schema\/person\/efe887376f0213d4657c93adc50b1fdb"},"headline":"Convocadas pruebas selectivas para la contrataci\u00f3n temporal de aspirantes para el puesto de T\u00e9cnico de Grado Medio de Archivo","datePublished":"2015-05-07T08:58:03+00:00","mainEntityOfPage":{"@id":"https:\/\/www.laguiadepamplona.com\/actualidad\/convocadas-pruebas-selectivas-para-la-contratacion-temporal-de-aspirantes-para-el-puesto-de-tecnico-de-grado-medio-de-archivo\/"},"wordCount":476,"publisher":{"@id":"https:\/\/www.laguiadepamplona.com\/actualidad\/#organization"},"image":{"@id":"https:\/\/www.laguiadepamplona.com\/actualidad\/convocadas-pruebas-selectivas-para-la-contratacion-temporal-de-aspirantes-para-el-puesto-de-tecnico-de-grado-medio-de-archivo\/#primaryimage"},"thumbnailUrl":"","keywords":["actualidad","Archivo","ayto pamplona","Ayuntamiento de Pamplona","contrataci\u00f3n","Convocadas","noticias","pamplona","pruebas","selectivas","T\u00e9cnico Grado Medio","temporal"],"articleSection":["Ayto Pamplona"],"inLanguage":"es"},{"@type":"WebPage","@id":"https:\/\/www.laguiadepamplona.com\/actualidad\/convocadas-pruebas-selectivas-para-la-contratacion-temporal-de-aspirantes-para-el-puesto-de-tecnico-de-grado-medio-de-archivo\/","url":"https:\/\/www.laguiadepamplona.com\/actualidad\/convocadas-pruebas-selectivas-para-la-contratacion-temporal-de-aspirantes-para-el-puesto-de-tecnico-de-grado-medio-de-archivo\/","name":"Convocadas pruebas selectivas para la contrataci\u00f3n temporal de aspirantes para el puesto de T\u00e9cnico de Grado Medio de Archivo","isPartOf":{"@id":"https:\/\/www.laguiadepamplona.com\/actualidad\/#website"},"primaryImageOfPage":{"@id":"https:\/\/www.laguiadepamplona.com\/actualidad\/convocadas-pruebas-selectivas-para-la-contratacion-temporal-de-aspirantes-para-el-puesto-de-tecnico-de-grado-medio-de-archivo\/#primaryimage"},"image":{"@id":"https:\/\/www.laguiadepamplona.com\/actualidad\/convocadas-pruebas-selectivas-para-la-contratacion-temporal-de-aspirantes-para-el-puesto-de-tecnico-de-grado-medio-de-archivo\/#primaryimage"},"thumbnailUrl":"","datePublished":"2015-05-07T08:58:03+00:00","breadcrumb":{"@id":"https:\/\/www.laguiadepamplona.com\/actualidad\/convocadas-pruebas-selectivas-para-la-contratacion-temporal-de-aspirantes-para-el-puesto-de-tecnico-de-grado-medio-de-archivo\/#breadcrumb"},"inLanguage":"es","potentialAction":[{"@type":"ReadAction","target":["https:\/\/www.laguiadepamplona.com\/actualidad\/convocadas-pruebas-selectivas-para-la-contratacion-temporal-de-aspirantes-para-el-puesto-de-tecnico-de-grado-medio-de-archivo\/"]}]},{"@type":"ImageObject","inLanguage":"es","@id":"https:\/\/www.laguiadepamplona.com\/actualidad\/convocadas-pruebas-selectivas-para-la-contratacion-temporal-de-aspirantes-para-el-puesto-de-tecnico-de-grado-medio-de-archivo\/#primaryimage","url":"","contentUrl":""},{"@type":"BreadcrumbList","@id":"https:\/\/www.laguiadepamplona.com\/actualidad\/convocadas-pruebas-selectivas-para-la-contratacion-temporal-de-aspirantes-para-el-puesto-de-tecnico-de-grado-medio-de-archivo\/#breadcrumb","itemListElement":[{"@type":"ListItem","position":1,"name":"Portada","item":"https:\/\/www.laguiadepamplona.com\/actualidad\/"},{"@type":"ListItem","position":2,"name":"Convocadas pruebas selectivas para la contrataci\u00f3n temporal de aspirantes para el puesto de T\u00e9cnico de Grado Medio de Archivo"}]},{"@type":"WebSite","@id":"https:\/\/www.laguiadepamplona.com\/actualidad\/#website","url":"https:\/\/www.laguiadepamplona.com\/actualidad\/","name":"La gu\u00eda de Pamplona","description":"Noticias de Pamplona","publisher":{"@id":"https:\/\/www.laguiadepamplona.com\/actualidad\/#organization"},"potentialAction":[{"@type":"SearchAction","target":{"@type":"EntryPoint","urlTemplate":"https:\/\/www.laguiadepamplona.com\/actualidad\/?s={search_term_string}"},"query-input":{"@type":"PropertyValueSpecification","valueRequired":true,"valueName":"search_term_string"}}],"inLanguage":"es"},{"@type":"Organization","@id":"https:\/\/www.laguiadepamplona.com\/actualidad\/#organization","name":"La Gu\u00eda de Pamplona \/ Noticias","url":"https:\/\/www.laguiadepamplona.com\/actualidad\/","logo":{"@type":"ImageObject","inLanguage":"es","@id":"https:\/\/www.laguiadepamplona.com\/actualidad\/#\/schema\/logo\/image\/","url":"https:\/\/www.laguiadepamplona.com\/actualidad\/wp-content\/uploads\/2018\/11\/logo-laguiadepamplona18-web1.png","contentUrl":"https:\/\/www.laguiadepamplona.com\/actualidad\/wp-content\/uploads\/2018\/11\/logo-laguiadepamplona18-web1.png","width":600,"height":196,"caption":"La Gu\u00eda de Pamplona \/ Noticias"},"image":{"@id":"https:\/\/www.laguiadepamplona.com\/actualidad\/#\/schema\/logo\/image\/"},"sameAs":["https:\/\/www.facebook.com\/laguiadepamplonacom-133175176762273\/?ref=hl","https:\/\/x.com\/LaGuiadPamplona","https:\/\/www.instagram.com\/la_guia_de_pamplona\/","https:\/\/www.youtube.com\/user\/laguiadepamplona"]},{"@type":"Person","@id":"https:\/\/www.laguiadepamplona.com\/actualidad\/#\/schema\/person\/efe887376f0213d4657c93adc50b1fdb","name":"La Gu\u00eda de Pamplona","image":{"@type":"ImageObject","inLanguage":"es","@id":"https:\/\/secure.gravatar.com\/avatar\/b6992f131dc8d30ab0dff15446e9d346d9dbd95992de0fef795073f5ea83a81c?s=96&d=mm&r=g","url":"https:\/\/secure.gravatar.com\/avatar\/b6992f131dc8d30ab0dff15446e9d346d9dbd95992de0fef795073f5ea83a81c?s=96&d=mm&r=g","contentUrl":"https:\/\/secure.gravatar.com\/avatar\/b6992f131dc8d30ab0dff15446e9d346d9dbd95992de0fef795073f5ea83a81c?s=96&d=mm&r=g","caption":"La Gu\u00eda de Pamplona"}}]}},"post_mailing_queue_ids":[],"_links":{"self":[{"href":"https:\/\/www.laguiadepamplona.com\/actualidad\/wp-json\/wp\/v2\/posts\/5788","targetHints":{"allow":["GET"]}}],"collection":[{"href":"https:\/\/www.laguiadepamplona.com\/actualidad\/wp-json\/wp\/v2\/posts"}],"about":[{"href":"https:\/\/www.laguiadepamplona.com\/actualidad\/wp-json\/wp\/v2\/types\/post"}],"author":[{"embeddable":true,"href":"https:\/\/www.laguiadepamplona.com\/actualidad\/wp-json\/wp\/v2\/users\/1"}],"replies":[{"embeddable":true,"href":"https:\/\/www.laguiadepamplona.com\/actualidad\/wp-json\/wp\/v2\/comments?post=5788"}],"version-history":[{"count":0,"href":"https:\/\/www.laguiadepamplona.com\/actualidad\/wp-json\/wp\/v2\/posts\/5788\/revisions"}],"wp:featuredmedia":[{"embeddable":true,"href":"https:\/\/www.laguiadepamplona.com\/actualidad\/wp-json\/"}],"wp:attachment":[{"href":"https:\/\/www.laguiadepamplona.com\/actualidad\/wp-json\/wp\/v2\/media?parent=5788"}],"wp:term":[{"taxonomy":"category","embeddable":true,"href":"https:\/\/www.laguiadepamplona.com\/actualidad\/wp-json\/wp\/v2\/categories?post=5788"},{"taxonomy":"post_tag","embeddable":true,"href":"https:\/\/www.laguiadepamplona.com\/actualidad\/wp-json\/wp\/v2\/tags?post=5788"}],"curies":[{"name":"wp","href":"https:\/\/api.w.org\/{rel}","templated":true}]}}