{"id":5785,"date":"2015-05-07T10:54:10","date_gmt":"2015-05-07T08:54:10","guid":{"rendered":"http:\/\/laguiadepamplona.com\/actualidad\/?p=5785"},"modified":"2015-05-07T10:54:10","modified_gmt":"2015-05-07T08:54:10","slug":"el-artista-pamplones-pedro-marco-landa-presenta-en-ciudadela-una-coleccion-de-pintura-y-fotografia-inspirada-en-la-teoria-del-caos-ordenado-en-la-naturaleza","status":"publish","type":"post","link":"https:\/\/www.laguiadepamplona.com\/actualidad\/el-artista-pamplones-pedro-marco-landa-presenta-en-ciudadela-una-coleccion-de-pintura-y-fotografia-inspirada-en-la-teoria-del-caos-ordenado-en-la-naturaleza\/","title":{"rendered":"El artista pamplon\u00e9s Pedro Marco Landa presenta en Ciudadela una colecci\u00f3n de pintura y fotograf\u00eda inspirada en la teor\u00eda del caos ordenado en la naturaleza"},"content":{"rendered":"<h4>La muestra permanecer\u00e1 abierta al p\u00fablico en la primera planta del Pabell\u00f3n de Mixtos desde ma\u00f1ana viernes hasta el d\u00eda 7 de junio<\/h4>\n<p><a href=\"http:\/\/laguiadepamplona.com\/actualidad\/wp-content\/uploads\/2015\/05\/MuralPedroMarcoHuArte-.jpg\"><img loading=\"lazy\" decoding=\"async\" class=\"alignleft size-medium wp-image-5786\" src=\"http:\/\/laguiadepamplona.com\/actualidad\/wp-content\/uploads\/2015\/05\/MuralPedroMarcoHuArte--300x140.jpg\" alt=\"MuralPedroMarcoHuArte-\" width=\"300\" height=\"140\" \/><\/a>La Ciudadela acoge desde ma\u00f1ana viernes la obra del artista pamplon\u00e9s Pedro Marco Landa. Bajo el t\u00edtulo \u2018Kaos ordenado\u2019, la muestra presenta un conjunto de fotograf\u00edas y pinturas realizadas por el autor durante los dos \u00faltimos a\u00f1os a partir del mural del mismo t\u00edtulo que realiz\u00f3 en el Museo de Arte Contempor\u00e1neo de Huarte en 2010. La relaci\u00f3n entre arte y ciencia es la base de una exposici\u00f3n que podr\u00e1 contemplarse en el Pabell\u00f3n de Mixtos hasta el d\u00eda 7 de junio.<\/p>\n<p>Aunque la esencia de este proyecto es la abstracci\u00f3n, las im\u00e1genes creadas por el autor presentan texturas y vol\u00famenes que evocan cierta figuraci\u00f3n f\u00edsica. Como se apunta en el cat\u00e1logo, \u201cla pintura de Marco Landa se inspira en las nuevas corrientes de la f\u00edsica, en teor\u00edas que, como la del caos ordenado, intentan explicar el funcionamiento del universo a nivel general, bas\u00e1ndose en las nuevas matem\u00e1ticas y f\u00edsicas h\u00edper continuas\u201d.<\/p>\n<p>Bocetos a bol\u00edgrafo y rotulador, acr\u00edlicos, \u00f3leos y fotograf\u00edas de diversos tama\u00f1os conforman una muestra por la que desfilan mol\u00e9culas, fluidos y otras estructuras aparentemente abstractas y ca\u00f3ticas presentes en la naturaleza. Con sus obras, Marco Landa pretende hacer visible parte del caos infinito que nos muestra el universo, acercando el caos interior de la intuici\u00f3n creativa a ese caos exterior de la naturaleza. \u201cLas figuras que aparecen en las obras no son una traslaci\u00f3n directa de las matem\u00e1ticas, sino que son m\u00e1s una aproximaci\u00f3n desde la intuici\u00f3n creativa, pero una intuici\u00f3n ordenada despu\u00e9s en el propio proceso pict\u00f3rico personal\u201d, recoge el cat\u00e1logo.<\/p>\n<p>La exposici\u00f3n estar\u00e1 abierta al p\u00fablico en horario de martes a viernes de 18 a 20.30 horas, s\u00e1bados de 12 a 14 horas y de 18 a 20.30 horas, y domingos y festivos de 12 a 14 horas. Todos los detalles han sido explicados esta ma\u00f1ana en rueda de prensa por la directora del \u00e1rea de Educaci\u00f3n y Cultura, Teresa Lasheras, y por el propio artista.<\/p>\n<p><strong>Trayectoria art\u00edstica<\/strong><\/p>\n<p>Pedro Marco Landa, nacido en Pamplona en 1968, estudi\u00f3 Dibujo y Pintura en los a\u00f1os 90 en la Escuela de Artes y Oficios de Pamplona. Desde entonces ha participado en numerosos talleres de pintura, dibujo, serigraf\u00eda y fotograf\u00eda, recibiendo clases de artistas como Antonio L\u00f3pez o Aquerreta, entre otros.<\/p>\n<p>En los \u00faltimos quince a\u00f1os ha protagonizado una docena de exposiciones en localidades como Pamplona, Sang\u00fcesa, Zizur, Huarte o Estella. En el a\u00f1o 2008 ya colg\u00f3 su obra en Ciudadela, concretamente en el recinto del Polvor\u00edn, donde pudo verse la muestra \u2018Reflexiones discontinuas\u2019.<\/p>\n<p>En cuanto a exposiciones colectivas, ha llevado su obra a Burgos, Zaragoza, Madrid, Par\u00eds o Gales. En Pamplona ha expuesto junto a otros artistas en algunas galer\u00edas y en Ciudadela, la \u00faltima vez en 2013 dentro de la exposici\u00f3n \u201810163458\u2019.<\/p>\n<p>&nbsp;<\/p>\n<p><strong>Exposici\u00f3n<\/strong><\/p>\n<ul>\n<li><strong>Autor:<\/strong> Pedro Marco Landa<\/li>\n<li><strong>Lugar:<\/strong> Pabell\u00f3n de Mixtos de la Ciudadela (primera planta)<\/li>\n<li><strong>Fechas:<\/strong> del 8 de mayo al 7 de junio<\/li>\n<li><strong>Horario:<\/strong> de martes a viernes de 18 a 20.30 horas, s\u00e1bados de 12 a 14 y de 18 a 20.30 horas, y domingos y festivos de 12 a 14 horas<\/li>\n<\/ul>\n<p>&nbsp;<\/p>\n","protected":false},"excerpt":{"rendered":"<p>La muestra permanecer\u00e1 abierta al p\u00fablico en la primera planta del Pabell\u00f3n de Mixtos desde ma\u00f1ana viernes hasta el d\u00eda 7 de junio La Ciudadela acoge desde ma\u00f1ana viernes la&#8230;<\/p>\n","protected":false},"author":1,"featured_media":5786,"comment_status":"closed","ping_status":"closed","sticky":false,"template":"","format":"standard","meta":{"footnotes":""},"categories":[2],"tags":[5,6,509,5196,5197,850,8,9,5198,5199],"class_list":["post-5785","post","type-post","status-publish","format-standard","has-post-thumbnail","hentry","category-ayuntamiento-pamplona","tag-actualidad","tag-ayto-pamplona","tag-ayuntamiento-de-pamplona","tag-coleccion-de-pintura-y-fotografia","tag-kaos-ordenado","tag-naturaleza","tag-noticias","tag-pamplona","tag-pedro-marco-landa","tag-teoria-del-caos-ordenado"],"yoast_head":"<!-- This site is optimized with the Yoast SEO plugin v27.5 - https:\/\/yoast.com\/product\/yoast-seo-wordpress\/ -->\n<title>El artista pamplon\u00e9s Pedro Marco Landa presenta en Ciudadela una colecci\u00f3n de pintura y fotograf\u00eda inspirada en la teor\u00eda del caos ordenado en la naturaleza<\/title>\n<meta name=\"robots\" content=\"index, follow, max-snippet:-1, max-image-preview:large, max-video-preview:-1\" \/>\n<link rel=\"canonical\" href=\"https:\/\/www.laguiadepamplona.com\/actualidad\/el-artista-pamplones-pedro-marco-landa-presenta-en-ciudadela-una-coleccion-de-pintura-y-fotografia-inspirada-en-la-teoria-del-caos-ordenado-en-la-naturaleza\/\" \/>\n<meta property=\"og:locale\" content=\"es_ES\" \/>\n<meta property=\"og:type\" content=\"article\" \/>\n<meta property=\"og:title\" content=\"El artista pamplon\u00e9s Pedro Marco Landa presenta en Ciudadela una colecci\u00f3n de pintura y fotograf\u00eda inspirada en la teor\u00eda del caos ordenado en la naturaleza\" \/>\n<meta property=\"og:description\" content=\"La muestra permanecer\u00e1 abierta al p\u00fablico en la primera planta del Pabell\u00f3n de Mixtos desde ma\u00f1ana viernes hasta el d\u00eda 7 de junio La Ciudadela acoge desde ma\u00f1ana viernes la...\" \/>\n<meta property=\"og:url\" content=\"https:\/\/www.laguiadepamplona.com\/actualidad\/el-artista-pamplones-pedro-marco-landa-presenta-en-ciudadela-una-coleccion-de-pintura-y-fotografia-inspirada-en-la-teoria-del-caos-ordenado-en-la-naturaleza\/\" \/>\n<meta property=\"og:site_name\" content=\"La Gu\u00eda de Pamplona\" \/>\n<meta property=\"article:publisher\" content=\"https:\/\/www.facebook.com\/laguiadepamplonacom-133175176762273\/?ref=hl\" \/>\n<meta property=\"article:published_time\" content=\"2015-05-07T08:54:10+00:00\" \/>\n<meta name=\"author\" content=\"La Gu\u00eda de Pamplona\" \/>\n<meta name=\"twitter:card\" content=\"summary_large_image\" \/>\n<meta name=\"twitter:creator\" content=\"@LaGuiadPamplona\" \/>\n<meta name=\"twitter:site\" content=\"@LaGuiadPamplona\" \/>\n<meta name=\"twitter:label1\" content=\"Escrito por\" \/>\n\t<meta name=\"twitter:data1\" content=\"La Gu\u00eda de Pamplona\" \/>\n\t<meta name=\"twitter:label2\" content=\"Tiempo de lectura\" \/>\n\t<meta name=\"twitter:data2\" content=\"3 minutos\" \/>\n<script type=\"application\/ld+json\" class=\"yoast-schema-graph\">{\"@context\":\"https:\\\/\\\/schema.org\",\"@graph\":[{\"@type\":\"Article\",\"@id\":\"https:\\\/\\\/www.laguiadepamplona.com\\\/actualidad\\\/el-artista-pamplones-pedro-marco-landa-presenta-en-ciudadela-una-coleccion-de-pintura-y-fotografia-inspirada-en-la-teoria-del-caos-ordenado-en-la-naturaleza\\\/#article\",\"isPartOf\":{\"@id\":\"https:\\\/\\\/www.laguiadepamplona.com\\\/actualidad\\\/el-artista-pamplones-pedro-marco-landa-presenta-en-ciudadela-una-coleccion-de-pintura-y-fotografia-inspirada-en-la-teoria-del-caos-ordenado-en-la-naturaleza\\\/\"},\"author\":{\"name\":\"La Gu\u00eda de Pamplona\",\"@id\":\"https:\\\/\\\/www.laguiadepamplona.com\\\/actualidad\\\/#\\\/schema\\\/person\\\/efe887376f0213d4657c93adc50b1fdb\"},\"headline\":\"El artista pamplon\u00e9s Pedro Marco Landa presenta en Ciudadela una colecci\u00f3n de pintura y fotograf\u00eda inspirada en la teor\u00eda del caos ordenado en la naturaleza\",\"datePublished\":\"2015-05-07T08:54:10+00:00\",\"mainEntityOfPage\":{\"@id\":\"https:\\\/\\\/www.laguiadepamplona.com\\\/actualidad\\\/el-artista-pamplones-pedro-marco-landa-presenta-en-ciudadela-una-coleccion-de-pintura-y-fotografia-inspirada-en-la-teoria-del-caos-ordenado-en-la-naturaleza\\\/\"},\"wordCount\":599,\"publisher\":{\"@id\":\"https:\\\/\\\/www.laguiadepamplona.com\\\/actualidad\\\/#organization\"},\"image\":{\"@id\":\"https:\\\/\\\/www.laguiadepamplona.com\\\/actualidad\\\/el-artista-pamplones-pedro-marco-landa-presenta-en-ciudadela-una-coleccion-de-pintura-y-fotografia-inspirada-en-la-teoria-del-caos-ordenado-en-la-naturaleza\\\/#primaryimage\"},\"thumbnailUrl\":\"\",\"keywords\":[\"actualidad\",\"ayto pamplona\",\"Ayuntamiento de Pamplona\",\"colecci\u00f3n de pintura y fotograf\u00eda\",\"Kaos ordenado\",\"naturaleza\",\"noticias\",\"pamplona\",\"Pedro Marco Landa\",\"teor\u00eda del caos ordenado\"],\"articleSection\":[\"Ayto Pamplona\"],\"inLanguage\":\"es\"},{\"@type\":\"WebPage\",\"@id\":\"https:\\\/\\\/www.laguiadepamplona.com\\\/actualidad\\\/el-artista-pamplones-pedro-marco-landa-presenta-en-ciudadela-una-coleccion-de-pintura-y-fotografia-inspirada-en-la-teoria-del-caos-ordenado-en-la-naturaleza\\\/\",\"url\":\"https:\\\/\\\/www.laguiadepamplona.com\\\/actualidad\\\/el-artista-pamplones-pedro-marco-landa-presenta-en-ciudadela-una-coleccion-de-pintura-y-fotografia-inspirada-en-la-teoria-del-caos-ordenado-en-la-naturaleza\\\/\",\"name\":\"El artista pamplon\u00e9s Pedro Marco Landa presenta en Ciudadela una colecci\u00f3n de pintura y fotograf\u00eda inspirada en la teor\u00eda del caos ordenado en la naturaleza\",\"isPartOf\":{\"@id\":\"https:\\\/\\\/www.laguiadepamplona.com\\\/actualidad\\\/#website\"},\"primaryImageOfPage\":{\"@id\":\"https:\\\/\\\/www.laguiadepamplona.com\\\/actualidad\\\/el-artista-pamplones-pedro-marco-landa-presenta-en-ciudadela-una-coleccion-de-pintura-y-fotografia-inspirada-en-la-teoria-del-caos-ordenado-en-la-naturaleza\\\/#primaryimage\"},\"image\":{\"@id\":\"https:\\\/\\\/www.laguiadepamplona.com\\\/actualidad\\\/el-artista-pamplones-pedro-marco-landa-presenta-en-ciudadela-una-coleccion-de-pintura-y-fotografia-inspirada-en-la-teoria-del-caos-ordenado-en-la-naturaleza\\\/#primaryimage\"},\"thumbnailUrl\":\"\",\"datePublished\":\"2015-05-07T08:54:10+00:00\",\"breadcrumb\":{\"@id\":\"https:\\\/\\\/www.laguiadepamplona.com\\\/actualidad\\\/el-artista-pamplones-pedro-marco-landa-presenta-en-ciudadela-una-coleccion-de-pintura-y-fotografia-inspirada-en-la-teoria-del-caos-ordenado-en-la-naturaleza\\\/#breadcrumb\"},\"inLanguage\":\"es\",\"potentialAction\":[{\"@type\":\"ReadAction\",\"target\":[\"https:\\\/\\\/www.laguiadepamplona.com\\\/actualidad\\\/el-artista-pamplones-pedro-marco-landa-presenta-en-ciudadela-una-coleccion-de-pintura-y-fotografia-inspirada-en-la-teoria-del-caos-ordenado-en-la-naturaleza\\\/\"]}]},{\"@type\":\"ImageObject\",\"inLanguage\":\"es\",\"@id\":\"https:\\\/\\\/www.laguiadepamplona.com\\\/actualidad\\\/el-artista-pamplones-pedro-marco-landa-presenta-en-ciudadela-una-coleccion-de-pintura-y-fotografia-inspirada-en-la-teoria-del-caos-ordenado-en-la-naturaleza\\\/#primaryimage\",\"url\":\"\",\"contentUrl\":\"\"},{\"@type\":\"BreadcrumbList\",\"@id\":\"https:\\\/\\\/www.laguiadepamplona.com\\\/actualidad\\\/el-artista-pamplones-pedro-marco-landa-presenta-en-ciudadela-una-coleccion-de-pintura-y-fotografia-inspirada-en-la-teoria-del-caos-ordenado-en-la-naturaleza\\\/#breadcrumb\",\"itemListElement\":[{\"@type\":\"ListItem\",\"position\":1,\"name\":\"Portada\",\"item\":\"https:\\\/\\\/www.laguiadepamplona.com\\\/actualidad\\\/\"},{\"@type\":\"ListItem\",\"position\":2,\"name\":\"El artista pamplon\u00e9s Pedro Marco Landa presenta en Ciudadela una colecci\u00f3n de pintura y fotograf\u00eda inspirada en la teor\u00eda del caos ordenado en la naturaleza\"}]},{\"@type\":\"WebSite\",\"@id\":\"https:\\\/\\\/www.laguiadepamplona.com\\\/actualidad\\\/#website\",\"url\":\"https:\\\/\\\/www.laguiadepamplona.com\\\/actualidad\\\/\",\"name\":\"La gu\u00eda de Pamplona\",\"description\":\"Noticias de Pamplona\",\"publisher\":{\"@id\":\"https:\\\/\\\/www.laguiadepamplona.com\\\/actualidad\\\/#organization\"},\"potentialAction\":[{\"@type\":\"SearchAction\",\"target\":{\"@type\":\"EntryPoint\",\"urlTemplate\":\"https:\\\/\\\/www.laguiadepamplona.com\\\/actualidad\\\/?s={search_term_string}\"},\"query-input\":{\"@type\":\"PropertyValueSpecification\",\"valueRequired\":true,\"valueName\":\"search_term_string\"}}],\"inLanguage\":\"es\"},{\"@type\":\"Organization\",\"@id\":\"https:\\\/\\\/www.laguiadepamplona.com\\\/actualidad\\\/#organization\",\"name\":\"La Gu\u00eda de Pamplona \\\/ Noticias\",\"url\":\"https:\\\/\\\/www.laguiadepamplona.com\\\/actualidad\\\/\",\"logo\":{\"@type\":\"ImageObject\",\"inLanguage\":\"es\",\"@id\":\"https:\\\/\\\/www.laguiadepamplona.com\\\/actualidad\\\/#\\\/schema\\\/logo\\\/image\\\/\",\"url\":\"https:\\\/\\\/www.laguiadepamplona.com\\\/actualidad\\\/wp-content\\\/uploads\\\/2018\\\/11\\\/logo-laguiadepamplona18-web1.png\",\"contentUrl\":\"https:\\\/\\\/www.laguiadepamplona.com\\\/actualidad\\\/wp-content\\\/uploads\\\/2018\\\/11\\\/logo-laguiadepamplona18-web1.png\",\"width\":600,\"height\":196,\"caption\":\"La Gu\u00eda de Pamplona \\\/ Noticias\"},\"image\":{\"@id\":\"https:\\\/\\\/www.laguiadepamplona.com\\\/actualidad\\\/#\\\/schema\\\/logo\\\/image\\\/\"},\"sameAs\":[\"https:\\\/\\\/www.facebook.com\\\/laguiadepamplonacom-133175176762273\\\/?ref=hl\",\"https:\\\/\\\/x.com\\\/LaGuiadPamplona\",\"https:\\\/\\\/www.instagram.com\\\/la_guia_de_pamplona\\\/\",\"https:\\\/\\\/www.youtube.com\\\/user\\\/laguiadepamplona\"]},{\"@type\":\"Person\",\"@id\":\"https:\\\/\\\/www.laguiadepamplona.com\\\/actualidad\\\/#\\\/schema\\\/person\\\/efe887376f0213d4657c93adc50b1fdb\",\"name\":\"La Gu\u00eda de Pamplona\",\"image\":{\"@type\":\"ImageObject\",\"inLanguage\":\"es\",\"@id\":\"https:\\\/\\\/secure.gravatar.com\\\/avatar\\\/b6992f131dc8d30ab0dff15446e9d346d9dbd95992de0fef795073f5ea83a81c?s=96&d=mm&r=g\",\"url\":\"https:\\\/\\\/secure.gravatar.com\\\/avatar\\\/b6992f131dc8d30ab0dff15446e9d346d9dbd95992de0fef795073f5ea83a81c?s=96&d=mm&r=g\",\"contentUrl\":\"https:\\\/\\\/secure.gravatar.com\\\/avatar\\\/b6992f131dc8d30ab0dff15446e9d346d9dbd95992de0fef795073f5ea83a81c?s=96&d=mm&r=g\",\"caption\":\"La Gu\u00eda de Pamplona\"}}]}<\/script>\n<!-- \/ Yoast SEO plugin. -->","yoast_head_json":{"title":"El artista pamplon\u00e9s Pedro Marco Landa presenta en Ciudadela una colecci\u00f3n de pintura y fotograf\u00eda inspirada en la teor\u00eda del caos ordenado en la naturaleza","robots":{"index":"index","follow":"follow","max-snippet":"max-snippet:-1","max-image-preview":"max-image-preview:large","max-video-preview":"max-video-preview:-1"},"canonical":"https:\/\/www.laguiadepamplona.com\/actualidad\/el-artista-pamplones-pedro-marco-landa-presenta-en-ciudadela-una-coleccion-de-pintura-y-fotografia-inspirada-en-la-teoria-del-caos-ordenado-en-la-naturaleza\/","og_locale":"es_ES","og_type":"article","og_title":"El artista pamplon\u00e9s Pedro Marco Landa presenta en Ciudadela una colecci\u00f3n de pintura y fotograf\u00eda inspirada en la teor\u00eda del caos ordenado en la naturaleza","og_description":"La muestra permanecer\u00e1 abierta al p\u00fablico en la primera planta del Pabell\u00f3n de Mixtos desde ma\u00f1ana viernes hasta el d\u00eda 7 de junio La Ciudadela acoge desde ma\u00f1ana viernes la...","og_url":"https:\/\/www.laguiadepamplona.com\/actualidad\/el-artista-pamplones-pedro-marco-landa-presenta-en-ciudadela-una-coleccion-de-pintura-y-fotografia-inspirada-en-la-teoria-del-caos-ordenado-en-la-naturaleza\/","og_site_name":"La Gu\u00eda de Pamplona","article_publisher":"https:\/\/www.facebook.com\/laguiadepamplonacom-133175176762273\/?ref=hl","article_published_time":"2015-05-07T08:54:10+00:00","author":"La Gu\u00eda de Pamplona","twitter_card":"summary_large_image","twitter_creator":"@LaGuiadPamplona","twitter_site":"@LaGuiadPamplona","twitter_misc":{"Escrito por":"La Gu\u00eda de Pamplona","Tiempo de lectura":"3 minutos"},"schema":{"@context":"https:\/\/schema.org","@graph":[{"@type":"Article","@id":"https:\/\/www.laguiadepamplona.com\/actualidad\/el-artista-pamplones-pedro-marco-landa-presenta-en-ciudadela-una-coleccion-de-pintura-y-fotografia-inspirada-en-la-teoria-del-caos-ordenado-en-la-naturaleza\/#article","isPartOf":{"@id":"https:\/\/www.laguiadepamplona.com\/actualidad\/el-artista-pamplones-pedro-marco-landa-presenta-en-ciudadela-una-coleccion-de-pintura-y-fotografia-inspirada-en-la-teoria-del-caos-ordenado-en-la-naturaleza\/"},"author":{"name":"La Gu\u00eda de Pamplona","@id":"https:\/\/www.laguiadepamplona.com\/actualidad\/#\/schema\/person\/efe887376f0213d4657c93adc50b1fdb"},"headline":"El artista pamplon\u00e9s Pedro Marco Landa presenta en Ciudadela una colecci\u00f3n de pintura y fotograf\u00eda inspirada en la teor\u00eda del caos ordenado en la naturaleza","datePublished":"2015-05-07T08:54:10+00:00","mainEntityOfPage":{"@id":"https:\/\/www.laguiadepamplona.com\/actualidad\/el-artista-pamplones-pedro-marco-landa-presenta-en-ciudadela-una-coleccion-de-pintura-y-fotografia-inspirada-en-la-teoria-del-caos-ordenado-en-la-naturaleza\/"},"wordCount":599,"publisher":{"@id":"https:\/\/www.laguiadepamplona.com\/actualidad\/#organization"},"image":{"@id":"https:\/\/www.laguiadepamplona.com\/actualidad\/el-artista-pamplones-pedro-marco-landa-presenta-en-ciudadela-una-coleccion-de-pintura-y-fotografia-inspirada-en-la-teoria-del-caos-ordenado-en-la-naturaleza\/#primaryimage"},"thumbnailUrl":"","keywords":["actualidad","ayto pamplona","Ayuntamiento de Pamplona","colecci\u00f3n de pintura y fotograf\u00eda","Kaos ordenado","naturaleza","noticias","pamplona","Pedro Marco Landa","teor\u00eda del caos ordenado"],"articleSection":["Ayto Pamplona"],"inLanguage":"es"},{"@type":"WebPage","@id":"https:\/\/www.laguiadepamplona.com\/actualidad\/el-artista-pamplones-pedro-marco-landa-presenta-en-ciudadela-una-coleccion-de-pintura-y-fotografia-inspirada-en-la-teoria-del-caos-ordenado-en-la-naturaleza\/","url":"https:\/\/www.laguiadepamplona.com\/actualidad\/el-artista-pamplones-pedro-marco-landa-presenta-en-ciudadela-una-coleccion-de-pintura-y-fotografia-inspirada-en-la-teoria-del-caos-ordenado-en-la-naturaleza\/","name":"El artista pamplon\u00e9s Pedro Marco Landa presenta en Ciudadela una colecci\u00f3n de pintura y fotograf\u00eda inspirada en la teor\u00eda del caos ordenado en la naturaleza","isPartOf":{"@id":"https:\/\/www.laguiadepamplona.com\/actualidad\/#website"},"primaryImageOfPage":{"@id":"https:\/\/www.laguiadepamplona.com\/actualidad\/el-artista-pamplones-pedro-marco-landa-presenta-en-ciudadela-una-coleccion-de-pintura-y-fotografia-inspirada-en-la-teoria-del-caos-ordenado-en-la-naturaleza\/#primaryimage"},"image":{"@id":"https:\/\/www.laguiadepamplona.com\/actualidad\/el-artista-pamplones-pedro-marco-landa-presenta-en-ciudadela-una-coleccion-de-pintura-y-fotografia-inspirada-en-la-teoria-del-caos-ordenado-en-la-naturaleza\/#primaryimage"},"thumbnailUrl":"","datePublished":"2015-05-07T08:54:10+00:00","breadcrumb":{"@id":"https:\/\/www.laguiadepamplona.com\/actualidad\/el-artista-pamplones-pedro-marco-landa-presenta-en-ciudadela-una-coleccion-de-pintura-y-fotografia-inspirada-en-la-teoria-del-caos-ordenado-en-la-naturaleza\/#breadcrumb"},"inLanguage":"es","potentialAction":[{"@type":"ReadAction","target":["https:\/\/www.laguiadepamplona.com\/actualidad\/el-artista-pamplones-pedro-marco-landa-presenta-en-ciudadela-una-coleccion-de-pintura-y-fotografia-inspirada-en-la-teoria-del-caos-ordenado-en-la-naturaleza\/"]}]},{"@type":"ImageObject","inLanguage":"es","@id":"https:\/\/www.laguiadepamplona.com\/actualidad\/el-artista-pamplones-pedro-marco-landa-presenta-en-ciudadela-una-coleccion-de-pintura-y-fotografia-inspirada-en-la-teoria-del-caos-ordenado-en-la-naturaleza\/#primaryimage","url":"","contentUrl":""},{"@type":"BreadcrumbList","@id":"https:\/\/www.laguiadepamplona.com\/actualidad\/el-artista-pamplones-pedro-marco-landa-presenta-en-ciudadela-una-coleccion-de-pintura-y-fotografia-inspirada-en-la-teoria-del-caos-ordenado-en-la-naturaleza\/#breadcrumb","itemListElement":[{"@type":"ListItem","position":1,"name":"Portada","item":"https:\/\/www.laguiadepamplona.com\/actualidad\/"},{"@type":"ListItem","position":2,"name":"El artista pamplon\u00e9s Pedro Marco Landa presenta en Ciudadela una colecci\u00f3n de pintura y fotograf\u00eda inspirada en la teor\u00eda del caos ordenado en la naturaleza"}]},{"@type":"WebSite","@id":"https:\/\/www.laguiadepamplona.com\/actualidad\/#website","url":"https:\/\/www.laguiadepamplona.com\/actualidad\/","name":"La gu\u00eda de Pamplona","description":"Noticias de Pamplona","publisher":{"@id":"https:\/\/www.laguiadepamplona.com\/actualidad\/#organization"},"potentialAction":[{"@type":"SearchAction","target":{"@type":"EntryPoint","urlTemplate":"https:\/\/www.laguiadepamplona.com\/actualidad\/?s={search_term_string}"},"query-input":{"@type":"PropertyValueSpecification","valueRequired":true,"valueName":"search_term_string"}}],"inLanguage":"es"},{"@type":"Organization","@id":"https:\/\/www.laguiadepamplona.com\/actualidad\/#organization","name":"La Gu\u00eda de Pamplona \/ Noticias","url":"https:\/\/www.laguiadepamplona.com\/actualidad\/","logo":{"@type":"ImageObject","inLanguage":"es","@id":"https:\/\/www.laguiadepamplona.com\/actualidad\/#\/schema\/logo\/image\/","url":"https:\/\/www.laguiadepamplona.com\/actualidad\/wp-content\/uploads\/2018\/11\/logo-laguiadepamplona18-web1.png","contentUrl":"https:\/\/www.laguiadepamplona.com\/actualidad\/wp-content\/uploads\/2018\/11\/logo-laguiadepamplona18-web1.png","width":600,"height":196,"caption":"La Gu\u00eda de Pamplona \/ Noticias"},"image":{"@id":"https:\/\/www.laguiadepamplona.com\/actualidad\/#\/schema\/logo\/image\/"},"sameAs":["https:\/\/www.facebook.com\/laguiadepamplonacom-133175176762273\/?ref=hl","https:\/\/x.com\/LaGuiadPamplona","https:\/\/www.instagram.com\/la_guia_de_pamplona\/","https:\/\/www.youtube.com\/user\/laguiadepamplona"]},{"@type":"Person","@id":"https:\/\/www.laguiadepamplona.com\/actualidad\/#\/schema\/person\/efe887376f0213d4657c93adc50b1fdb","name":"La Gu\u00eda de Pamplona","image":{"@type":"ImageObject","inLanguage":"es","@id":"https:\/\/secure.gravatar.com\/avatar\/b6992f131dc8d30ab0dff15446e9d346d9dbd95992de0fef795073f5ea83a81c?s=96&d=mm&r=g","url":"https:\/\/secure.gravatar.com\/avatar\/b6992f131dc8d30ab0dff15446e9d346d9dbd95992de0fef795073f5ea83a81c?s=96&d=mm&r=g","contentUrl":"https:\/\/secure.gravatar.com\/avatar\/b6992f131dc8d30ab0dff15446e9d346d9dbd95992de0fef795073f5ea83a81c?s=96&d=mm&r=g","caption":"La Gu\u00eda de Pamplona"}}]}},"post_mailing_queue_ids":[],"_links":{"self":[{"href":"https:\/\/www.laguiadepamplona.com\/actualidad\/wp-json\/wp\/v2\/posts\/5785","targetHints":{"allow":["GET"]}}],"collection":[{"href":"https:\/\/www.laguiadepamplona.com\/actualidad\/wp-json\/wp\/v2\/posts"}],"about":[{"href":"https:\/\/www.laguiadepamplona.com\/actualidad\/wp-json\/wp\/v2\/types\/post"}],"author":[{"embeddable":true,"href":"https:\/\/www.laguiadepamplona.com\/actualidad\/wp-json\/wp\/v2\/users\/1"}],"replies":[{"embeddable":true,"href":"https:\/\/www.laguiadepamplona.com\/actualidad\/wp-json\/wp\/v2\/comments?post=5785"}],"version-history":[{"count":0,"href":"https:\/\/www.laguiadepamplona.com\/actualidad\/wp-json\/wp\/v2\/posts\/5785\/revisions"}],"wp:featuredmedia":[{"embeddable":true,"href":"https:\/\/www.laguiadepamplona.com\/actualidad\/wp-json\/"}],"wp:attachment":[{"href":"https:\/\/www.laguiadepamplona.com\/actualidad\/wp-json\/wp\/v2\/media?parent=5785"}],"wp:term":[{"taxonomy":"category","embeddable":true,"href":"https:\/\/www.laguiadepamplona.com\/actualidad\/wp-json\/wp\/v2\/categories?post=5785"},{"taxonomy":"post_tag","embeddable":true,"href":"https:\/\/www.laguiadepamplona.com\/actualidad\/wp-json\/wp\/v2\/tags?post=5785"}],"curies":[{"name":"wp","href":"https:\/\/api.w.org\/{rel}","templated":true}]}}