{"id":5782,"date":"2015-05-07T10:51:52","date_gmt":"2015-05-07T08:51:52","guid":{"rendered":"http:\/\/laguiadepamplona.com\/actualidad\/?p=5782"},"modified":"2015-05-07T10:51:52","modified_gmt":"2015-05-07T08:51:52","slug":"yarleku-presenta-el-sabado-un-espectaculo-basado-en-los-musicos-de-bremen-con-musica-coreografias-y-acrobacias-dentro-de-la-programacion-infantil-en-euskera","status":"publish","type":"post","link":"https:\/\/www.laguiadepamplona.com\/actualidad\/yarleku-presenta-el-sabado-un-espectaculo-basado-en-los-musicos-de-bremen-con-musica-coreografias-y-acrobacias-dentro-de-la-programacion-infantil-en-euskera\/","title":{"rendered":"Yarleku presenta el s\u00e1bado un espect\u00e1culo basado en \u2018Los m\u00fasicos de Bremen\u2019 con m\u00fasica, coreograf\u00edas y acrobacias dentro de la programaci\u00f3n infantil en euskera"},"content":{"rendered":"<h4>La programaci\u00f3n infantil en euskera ofrece tambi\u00e9n antes del verano t\u00edteres y bertsos en Civivox San Jorge y dos actuaciones en Ciudadela<\/h4>\n<p><a href=\"http:\/\/laguiadepamplona.com\/actualidad\/wp-content\/uploads\/2015\/05\/taim-y-los-musicos-de-bremen.jpg\"><img loading=\"lazy\" decoding=\"async\" class=\"alignleft size-medium wp-image-5783\" src=\"http:\/\/laguiadepamplona.com\/actualidad\/wp-content\/uploads\/2015\/05\/taim-y-los-musicos-de-bremen-211x300.jpg\" alt=\"taim-y-los-musicos-de-bremen\" width=\"211\" height=\"300\" \/><\/a>Yarleku Teatro presentar\u00e1 el pr\u00f3ximo s\u00e1bado, 9 de mayo, \u2018Taim eta Bremengo musikariak\u2019, una obra basada en la historia de \u2018Los m\u00fasicos de Bremen\u2019 de los hermanos Grimm. El espect\u00e1culo, dirigido a mayores de tres a\u00f1os, abre un nuevo ciclo de la programaci\u00f3n infantil en euskera del Ayuntamiento de Pamplona que continuar\u00e1 con una producci\u00f3n de bertsos y t\u00edteres de la compa\u00f1\u00eda Lanku el 23 de mayo en Civivox San Jorge y dos actuaciones en Ciudadela al aire libre, una el 3 de junio protagonizada por Dindaia Fundazioa y otra con Kiki, Koko eta Moko el 17 de junio.<\/p>\n<p>\u2018Taim eta Bremengo musikariak\u2019 se pondr\u00e1 en escena en Civivox Mendillorri en doble sesi\u00f3n, a las doce del mediod\u00eda y a las seis de la tarde. Las entradas cuestan tres euros y ya est\u00e1n a la venta a trav\u00e9s de la p\u00e1gina web municipal <a href=\"http:\/\/www.pamplona.es\/\" target=\"_blank\">www.pamplona.es<\/a> o directamente en el mismo Civivox Mendillorri de nueve de la ma\u00f1ana a dos de la tarde y de cinco de la tarde a nueve de la noche. Para contar la conocida historia, el texto teatral se apoyar\u00e1 en coreograf\u00edas, m\u00fasica, acrobacias y una est\u00e9tica colorista y sorprendente que demostrar\u00e1 c\u00f3mo hasta de la basura se puede obtener belleza. En esta adaptaci\u00f3n, el tema central de la historia es la idea de que los objetos viejos y abandonados pueden generar belleza.<\/p>\n<p><strong>Compa\u00f1\u00eda de artistas de la ENT y de la Escuela de Circo Oreka<\/strong><\/p>\n<p>Yarleku Teatro es una compa\u00f1\u00eda navarra surgida en 2003 formada por artistas de la Escuela Navarra de Teatro y de la Escuela de Circo Oreka. En sus inicios se dedic\u00f3 exclusivamente al teatro y a la animaci\u00f3n de calle para a partir de 2010 con el estreno de \u2018<em>La isla de Yul\u2019<\/em> comenzar con espect\u00e1culos dise\u00f1ados para salas de teatro. Durante todo este tiempo han producido, adem\u00e1s de \u2018Los m\u00fasicos de Bremen\u2019 y \u2018<em>La isla de Yul\u2019, <\/em>otras cuatro obras de car\u00e1cter socio-educativo dirigidas principalmente al p\u00fablico familiar: \u2018Numenes\u2019, \u2018Merkao\u2019, \u2018Maldito sapo\u2019 y \u2018Marem\u2019.<\/p>\n<p>\u2018Taim eta Bremengo musikariak\u2019 est\u00e1 dirigida por Mercedes Casta\u00f1o, antigua alumna de la Escuela Navarra de Teatro que cuenta con una dilatada experiencia en la direcci\u00f3n teatral. En el 2009 estren\u00f3 un espect\u00e1culo de danza\u2013teatro titulado \u2018Locos desertus\u2019, creado y dirigido por ella misma como \u2018<em>La isla de Yul\u2019.<\/em><\/p>\n<p><strong><em>Actores con trayectoria en distintas compa\u00f1\u00edas<\/em><\/strong><\/p>\n<p><em>La obra est\u00e1 protagonizada por <\/em>Eva Azpilicueta, Laura Villanueva, Txetxu Collado y Javier Napal. Eva Azpilikueta est\u00e1 titulada en Arte Dram\u00e1tico por la Escuela Navarra de Teatro. Colabora con diversas compa\u00f1\u00edas como Aran Aran y TDG La Perola y ha intervenido en los montajes \u2018La Edad de la Ciruela\u2019 o \u2018Me quiero. Junto con Mercedes Casta\u00f1o trabaj\u00f3 en la producci\u00f3n de \u2018Kaia\u2019, obra ganadora del Concurso de textos teatrales dirigidos a p\u00fablico infantil en 2008. Laura Villanueva ha interpretado papeles en diferentes producciones de la Escuela Navarra de Teatro como \u2018El mundo al rev\u00e9s\u2019, \u2018Historia de Muri\u2019 o \u2018Una escuela de bufones\u2019 representada en 2009 en el Festival de Teatro Cl\u00e1sico de Olite.<\/p>\n<p>Txetxu Collado proviene de la Escuela de Zirko Eskola Oreka, donde se form\u00f3 en diferentes t\u00e9cnicas de circo como equilibrio, voz, maquillaje, ejercicios verticales, a\u00e9reos y portes con varias personas. En 2002 junto a otros alumnos de la escuela de circo form\u00f3 la compa\u00f1\u00eda La Banda, que en sus espect\u00e1culos incluye diversos recursos circenses (t\u00e9cnicas con balones, escaleras, mazas y acrobacias). <strong>Javier Napal<\/strong>, actor, acr\u00f3bata y malabarista, tambi\u00e9n se form\u00f3 en la escuela Oreka adem\u00e1s de estar titulado en Arte Dram\u00e1tico en la Escuela Navarra de Teatro. Es cofundador de La Banda, con la que ha obtenido varios premios y menciones nacionales.<\/p>\n<p><strong>Pr\u00f3ximas actuaciones<\/strong><\/p>\n<p>La pr\u00f3xima actuaci\u00f3n de la programaci\u00f3n infantil en euskera se celebrar\u00e1 el 9 de mayo en Civivox San Jorge en doble sesi\u00f3n, a las 12 y a las 18 horas. El grupo Lanku presentar\u00e1 \u2018Bikokote\u2019, un espect\u00e1culo de bertso-teatro que re\u00fane t\u00edteres y actores e intercala estrofas de bertsos en el gui\u00f3n. La historia gira sobre dos pescadores de ballenas que sufren un naufragio y recalan en una isla perdida. Para aliviar la dureza del modo de vida comienzan a jugar con dos cocos como si fueran marionetas. Las entradas cuestan tres euros.<\/p>\n<p>En el mes de junio, este ciclo municipal saldr\u00e1 a la calle, en concreto a la Ciudadela. Dindaia Fundazioa presentar\u00e1 \u2018Bazen behin herri bat\u2019 el 3 de junio a las cinco de la tarde con entrada gratuita. En \u2018Bazen behin herri bat\u2019 (\u00c9rase una vez un pueblo) lo importante ser\u00e1 utilizar la imaginaci\u00f3n y la creatividad para convertir la basura que se genera todos los d\u00edas en motivo de juego. Para finalizar, Kiki, Koko eta Moko estar\u00e1n el 17 de junio a las seis de la tarde. \u2018Tururututu pailazo bihurtu!\u2019 es un espect\u00e1culo de verbena y animaci\u00f3n en el que se baila y se cantan canciones creadas por los payasos o se participa en diversos juegos.<\/p>\n<p>&nbsp;<\/p>\n<p><strong>Programaci\u00f3n infantil en euskera<\/strong><\/p>\n<ul>\n<li><strong> Taim eta Bremengo musikarias<\/strong><\/li>\n<li>9 de mayo. 12 y 18 horas. Civivox Mendillorri. Entradas: 3 euros<\/li>\n<li><strong> Bikokote<\/strong><\/li>\n<li>9 de mayo. 12 y 18 horas. Civivox San Jorge. Entradas: 3 euros<\/li>\n<li><strong>Dindaia Fundazioa. Bazen behin herri bat<\/strong><\/li>\n<li>3 de junio. 17 horas. Ciudadela. Entrada libre<\/li>\n<li><strong>Kiki, Koko eta Moko. Tururututu pailazo bihurtu!<\/strong><\/li>\n<li>17 de junio. 18 horas. Ciudadela. Entrada libre<\/li>\n<\/ul>\n<p>&nbsp;<\/p>\n","protected":false},"excerpt":{"rendered":"<p>La programaci\u00f3n infantil en euskera ofrece tambi\u00e9n antes del verano t\u00edteres y bertsos en Civivox San Jorge y dos actuaciones en Ciudadela Yarleku Teatro presentar\u00e1 el pr\u00f3ximo s\u00e1bado, 9 de&#8230;<\/p>\n","protected":false},"author":1,"featured_media":5783,"comment_status":"closed","ping_status":"closed","sticky":false,"template":"","format":"standard","meta":{"footnotes":""},"categories":[2],"tags":[5,6,509,5193,8,9,5194,5195],"class_list":["post-5782","post","type-post","status-publish","format-standard","has-post-thumbnail","hentry","category-ayuntamiento-pamplona","tag-actualidad","tag-ayto-pamplona","tag-ayuntamiento-de-pamplona","tag-los-musicos-de-bremen","tag-noticias","tag-pamplona","tag-taim-eta-bremengo-musikariak","tag-yarleku-teatro"],"yoast_head":"<!-- This site is optimized with the Yoast SEO plugin v27.5 - https:\/\/yoast.com\/product\/yoast-seo-wordpress\/ -->\n<title>Yarleku presenta el s\u00e1bado un espect\u00e1culo basado en \u2018Los m\u00fasicos de Bremen\u2019 con m\u00fasica, coreograf\u00edas y acrobacias dentro de la programaci\u00f3n infantil en euskera<\/title>\n<meta name=\"robots\" content=\"index, follow, max-snippet:-1, max-image-preview:large, max-video-preview:-1\" \/>\n<link rel=\"canonical\" href=\"https:\/\/www.laguiadepamplona.com\/actualidad\/yarleku-presenta-el-sabado-un-espectaculo-basado-en-los-musicos-de-bremen-con-musica-coreografias-y-acrobacias-dentro-de-la-programacion-infantil-en-euskera\/\" \/>\n<meta property=\"og:locale\" content=\"es_ES\" \/>\n<meta property=\"og:type\" content=\"article\" \/>\n<meta property=\"og:title\" content=\"Yarleku presenta el s\u00e1bado un espect\u00e1culo basado en \u2018Los m\u00fasicos de Bremen\u2019 con m\u00fasica, coreograf\u00edas y acrobacias dentro de la programaci\u00f3n infantil en euskera\" \/>\n<meta property=\"og:description\" content=\"La programaci\u00f3n infantil en euskera ofrece tambi\u00e9n antes del verano t\u00edteres y bertsos en Civivox San Jorge y dos actuaciones en Ciudadela Yarleku Teatro presentar\u00e1 el pr\u00f3ximo s\u00e1bado, 9 de...\" \/>\n<meta property=\"og:url\" content=\"https:\/\/www.laguiadepamplona.com\/actualidad\/yarleku-presenta-el-sabado-un-espectaculo-basado-en-los-musicos-de-bremen-con-musica-coreografias-y-acrobacias-dentro-de-la-programacion-infantil-en-euskera\/\" \/>\n<meta property=\"og:site_name\" content=\"La Gu\u00eda de Pamplona\" \/>\n<meta property=\"article:publisher\" content=\"https:\/\/www.facebook.com\/laguiadepamplonacom-133175176762273\/?ref=hl\" \/>\n<meta property=\"article:published_time\" content=\"2015-05-07T08:51:52+00:00\" \/>\n<meta name=\"author\" content=\"La Gu\u00eda de Pamplona\" \/>\n<meta name=\"twitter:card\" content=\"summary_large_image\" \/>\n<meta name=\"twitter:creator\" content=\"@LaGuiadPamplona\" \/>\n<meta name=\"twitter:site\" content=\"@LaGuiadPamplona\" \/>\n<meta name=\"twitter:label1\" content=\"Escrito por\" \/>\n\t<meta name=\"twitter:data1\" content=\"La Gu\u00eda de Pamplona\" \/>\n\t<meta name=\"twitter:label2\" content=\"Tiempo de lectura\" \/>\n\t<meta name=\"twitter:data2\" content=\"5 minutos\" \/>\n<script type=\"application\/ld+json\" class=\"yoast-schema-graph\">{\"@context\":\"https:\\\/\\\/schema.org\",\"@graph\":[{\"@type\":\"Article\",\"@id\":\"https:\\\/\\\/www.laguiadepamplona.com\\\/actualidad\\\/yarleku-presenta-el-sabado-un-espectaculo-basado-en-los-musicos-de-bremen-con-musica-coreografias-y-acrobacias-dentro-de-la-programacion-infantil-en-euskera\\\/#article\",\"isPartOf\":{\"@id\":\"https:\\\/\\\/www.laguiadepamplona.com\\\/actualidad\\\/yarleku-presenta-el-sabado-un-espectaculo-basado-en-los-musicos-de-bremen-con-musica-coreografias-y-acrobacias-dentro-de-la-programacion-infantil-en-euskera\\\/\"},\"author\":{\"name\":\"La Gu\u00eda de Pamplona\",\"@id\":\"https:\\\/\\\/www.laguiadepamplona.com\\\/actualidad\\\/#\\\/schema\\\/person\\\/efe887376f0213d4657c93adc50b1fdb\"},\"headline\":\"Yarleku presenta el s\u00e1bado un espect\u00e1culo basado en \u2018Los m\u00fasicos de Bremen\u2019 con m\u00fasica, coreograf\u00edas y acrobacias dentro de la programaci\u00f3n infantil en euskera\",\"datePublished\":\"2015-05-07T08:51:52+00:00\",\"mainEntityOfPage\":{\"@id\":\"https:\\\/\\\/www.laguiadepamplona.com\\\/actualidad\\\/yarleku-presenta-el-sabado-un-espectaculo-basado-en-los-musicos-de-bremen-con-musica-coreografias-y-acrobacias-dentro-de-la-programacion-infantil-en-euskera\\\/\"},\"wordCount\":973,\"publisher\":{\"@id\":\"https:\\\/\\\/www.laguiadepamplona.com\\\/actualidad\\\/#organization\"},\"image\":{\"@id\":\"https:\\\/\\\/www.laguiadepamplona.com\\\/actualidad\\\/yarleku-presenta-el-sabado-un-espectaculo-basado-en-los-musicos-de-bremen-con-musica-coreografias-y-acrobacias-dentro-de-la-programacion-infantil-en-euskera\\\/#primaryimage\"},\"thumbnailUrl\":\"\",\"keywords\":[\"actualidad\",\"ayto pamplona\",\"Ayuntamiento de Pamplona\",\"Los m\u00fasicos de Bremen\",\"noticias\",\"pamplona\",\"Taim eta Bremengo musikariak\",\"Yarleku Teatro\"],\"articleSection\":[\"Ayto Pamplona\"],\"inLanguage\":\"es\"},{\"@type\":\"WebPage\",\"@id\":\"https:\\\/\\\/www.laguiadepamplona.com\\\/actualidad\\\/yarleku-presenta-el-sabado-un-espectaculo-basado-en-los-musicos-de-bremen-con-musica-coreografias-y-acrobacias-dentro-de-la-programacion-infantil-en-euskera\\\/\",\"url\":\"https:\\\/\\\/www.laguiadepamplona.com\\\/actualidad\\\/yarleku-presenta-el-sabado-un-espectaculo-basado-en-los-musicos-de-bremen-con-musica-coreografias-y-acrobacias-dentro-de-la-programacion-infantil-en-euskera\\\/\",\"name\":\"Yarleku presenta el s\u00e1bado un espect\u00e1culo basado en \u2018Los m\u00fasicos de Bremen\u2019 con m\u00fasica, coreograf\u00edas y acrobacias dentro de la programaci\u00f3n infantil en euskera\",\"isPartOf\":{\"@id\":\"https:\\\/\\\/www.laguiadepamplona.com\\\/actualidad\\\/#website\"},\"primaryImageOfPage\":{\"@id\":\"https:\\\/\\\/www.laguiadepamplona.com\\\/actualidad\\\/yarleku-presenta-el-sabado-un-espectaculo-basado-en-los-musicos-de-bremen-con-musica-coreografias-y-acrobacias-dentro-de-la-programacion-infantil-en-euskera\\\/#primaryimage\"},\"image\":{\"@id\":\"https:\\\/\\\/www.laguiadepamplona.com\\\/actualidad\\\/yarleku-presenta-el-sabado-un-espectaculo-basado-en-los-musicos-de-bremen-con-musica-coreografias-y-acrobacias-dentro-de-la-programacion-infantil-en-euskera\\\/#primaryimage\"},\"thumbnailUrl\":\"\",\"datePublished\":\"2015-05-07T08:51:52+00:00\",\"breadcrumb\":{\"@id\":\"https:\\\/\\\/www.laguiadepamplona.com\\\/actualidad\\\/yarleku-presenta-el-sabado-un-espectaculo-basado-en-los-musicos-de-bremen-con-musica-coreografias-y-acrobacias-dentro-de-la-programacion-infantil-en-euskera\\\/#breadcrumb\"},\"inLanguage\":\"es\",\"potentialAction\":[{\"@type\":\"ReadAction\",\"target\":[\"https:\\\/\\\/www.laguiadepamplona.com\\\/actualidad\\\/yarleku-presenta-el-sabado-un-espectaculo-basado-en-los-musicos-de-bremen-con-musica-coreografias-y-acrobacias-dentro-de-la-programacion-infantil-en-euskera\\\/\"]}]},{\"@type\":\"ImageObject\",\"inLanguage\":\"es\",\"@id\":\"https:\\\/\\\/www.laguiadepamplona.com\\\/actualidad\\\/yarleku-presenta-el-sabado-un-espectaculo-basado-en-los-musicos-de-bremen-con-musica-coreografias-y-acrobacias-dentro-de-la-programacion-infantil-en-euskera\\\/#primaryimage\",\"url\":\"\",\"contentUrl\":\"\"},{\"@type\":\"BreadcrumbList\",\"@id\":\"https:\\\/\\\/www.laguiadepamplona.com\\\/actualidad\\\/yarleku-presenta-el-sabado-un-espectaculo-basado-en-los-musicos-de-bremen-con-musica-coreografias-y-acrobacias-dentro-de-la-programacion-infantil-en-euskera\\\/#breadcrumb\",\"itemListElement\":[{\"@type\":\"ListItem\",\"position\":1,\"name\":\"Portada\",\"item\":\"https:\\\/\\\/www.laguiadepamplona.com\\\/actualidad\\\/\"},{\"@type\":\"ListItem\",\"position\":2,\"name\":\"Yarleku presenta el s\u00e1bado un espect\u00e1culo basado en \u2018Los m\u00fasicos de Bremen\u2019 con m\u00fasica, coreograf\u00edas y acrobacias dentro de la programaci\u00f3n infantil en euskera\"}]},{\"@type\":\"WebSite\",\"@id\":\"https:\\\/\\\/www.laguiadepamplona.com\\\/actualidad\\\/#website\",\"url\":\"https:\\\/\\\/www.laguiadepamplona.com\\\/actualidad\\\/\",\"name\":\"La gu\u00eda de Pamplona\",\"description\":\"Noticias de Pamplona\",\"publisher\":{\"@id\":\"https:\\\/\\\/www.laguiadepamplona.com\\\/actualidad\\\/#organization\"},\"potentialAction\":[{\"@type\":\"SearchAction\",\"target\":{\"@type\":\"EntryPoint\",\"urlTemplate\":\"https:\\\/\\\/www.laguiadepamplona.com\\\/actualidad\\\/?s={search_term_string}\"},\"query-input\":{\"@type\":\"PropertyValueSpecification\",\"valueRequired\":true,\"valueName\":\"search_term_string\"}}],\"inLanguage\":\"es\"},{\"@type\":\"Organization\",\"@id\":\"https:\\\/\\\/www.laguiadepamplona.com\\\/actualidad\\\/#organization\",\"name\":\"La Gu\u00eda de Pamplona \\\/ Noticias\",\"url\":\"https:\\\/\\\/www.laguiadepamplona.com\\\/actualidad\\\/\",\"logo\":{\"@type\":\"ImageObject\",\"inLanguage\":\"es\",\"@id\":\"https:\\\/\\\/www.laguiadepamplona.com\\\/actualidad\\\/#\\\/schema\\\/logo\\\/image\\\/\",\"url\":\"https:\\\/\\\/www.laguiadepamplona.com\\\/actualidad\\\/wp-content\\\/uploads\\\/2018\\\/11\\\/logo-laguiadepamplona18-web1.png\",\"contentUrl\":\"https:\\\/\\\/www.laguiadepamplona.com\\\/actualidad\\\/wp-content\\\/uploads\\\/2018\\\/11\\\/logo-laguiadepamplona18-web1.png\",\"width\":600,\"height\":196,\"caption\":\"La Gu\u00eda de Pamplona \\\/ Noticias\"},\"image\":{\"@id\":\"https:\\\/\\\/www.laguiadepamplona.com\\\/actualidad\\\/#\\\/schema\\\/logo\\\/image\\\/\"},\"sameAs\":[\"https:\\\/\\\/www.facebook.com\\\/laguiadepamplonacom-133175176762273\\\/?ref=hl\",\"https:\\\/\\\/x.com\\\/LaGuiadPamplona\",\"https:\\\/\\\/www.instagram.com\\\/la_guia_de_pamplona\\\/\",\"https:\\\/\\\/www.youtube.com\\\/user\\\/laguiadepamplona\"]},{\"@type\":\"Person\",\"@id\":\"https:\\\/\\\/www.laguiadepamplona.com\\\/actualidad\\\/#\\\/schema\\\/person\\\/efe887376f0213d4657c93adc50b1fdb\",\"name\":\"La Gu\u00eda de Pamplona\",\"image\":{\"@type\":\"ImageObject\",\"inLanguage\":\"es\",\"@id\":\"https:\\\/\\\/secure.gravatar.com\\\/avatar\\\/b6992f131dc8d30ab0dff15446e9d346d9dbd95992de0fef795073f5ea83a81c?s=96&d=mm&r=g\",\"url\":\"https:\\\/\\\/secure.gravatar.com\\\/avatar\\\/b6992f131dc8d30ab0dff15446e9d346d9dbd95992de0fef795073f5ea83a81c?s=96&d=mm&r=g\",\"contentUrl\":\"https:\\\/\\\/secure.gravatar.com\\\/avatar\\\/b6992f131dc8d30ab0dff15446e9d346d9dbd95992de0fef795073f5ea83a81c?s=96&d=mm&r=g\",\"caption\":\"La Gu\u00eda de Pamplona\"}}]}<\/script>\n<!-- \/ Yoast SEO plugin. -->","yoast_head_json":{"title":"Yarleku presenta el s\u00e1bado un espect\u00e1culo basado en \u2018Los m\u00fasicos de Bremen\u2019 con m\u00fasica, coreograf\u00edas y acrobacias dentro de la programaci\u00f3n infantil en euskera","robots":{"index":"index","follow":"follow","max-snippet":"max-snippet:-1","max-image-preview":"max-image-preview:large","max-video-preview":"max-video-preview:-1"},"canonical":"https:\/\/www.laguiadepamplona.com\/actualidad\/yarleku-presenta-el-sabado-un-espectaculo-basado-en-los-musicos-de-bremen-con-musica-coreografias-y-acrobacias-dentro-de-la-programacion-infantil-en-euskera\/","og_locale":"es_ES","og_type":"article","og_title":"Yarleku presenta el s\u00e1bado un espect\u00e1culo basado en \u2018Los m\u00fasicos de Bremen\u2019 con m\u00fasica, coreograf\u00edas y acrobacias dentro de la programaci\u00f3n infantil en euskera","og_description":"La programaci\u00f3n infantil en euskera ofrece tambi\u00e9n antes del verano t\u00edteres y bertsos en Civivox San Jorge y dos actuaciones en Ciudadela Yarleku Teatro presentar\u00e1 el pr\u00f3ximo s\u00e1bado, 9 de...","og_url":"https:\/\/www.laguiadepamplona.com\/actualidad\/yarleku-presenta-el-sabado-un-espectaculo-basado-en-los-musicos-de-bremen-con-musica-coreografias-y-acrobacias-dentro-de-la-programacion-infantil-en-euskera\/","og_site_name":"La Gu\u00eda de Pamplona","article_publisher":"https:\/\/www.facebook.com\/laguiadepamplonacom-133175176762273\/?ref=hl","article_published_time":"2015-05-07T08:51:52+00:00","author":"La Gu\u00eda de Pamplona","twitter_card":"summary_large_image","twitter_creator":"@LaGuiadPamplona","twitter_site":"@LaGuiadPamplona","twitter_misc":{"Escrito por":"La Gu\u00eda de Pamplona","Tiempo de lectura":"5 minutos"},"schema":{"@context":"https:\/\/schema.org","@graph":[{"@type":"Article","@id":"https:\/\/www.laguiadepamplona.com\/actualidad\/yarleku-presenta-el-sabado-un-espectaculo-basado-en-los-musicos-de-bremen-con-musica-coreografias-y-acrobacias-dentro-de-la-programacion-infantil-en-euskera\/#article","isPartOf":{"@id":"https:\/\/www.laguiadepamplona.com\/actualidad\/yarleku-presenta-el-sabado-un-espectaculo-basado-en-los-musicos-de-bremen-con-musica-coreografias-y-acrobacias-dentro-de-la-programacion-infantil-en-euskera\/"},"author":{"name":"La Gu\u00eda de Pamplona","@id":"https:\/\/www.laguiadepamplona.com\/actualidad\/#\/schema\/person\/efe887376f0213d4657c93adc50b1fdb"},"headline":"Yarleku presenta el s\u00e1bado un espect\u00e1culo basado en \u2018Los m\u00fasicos de Bremen\u2019 con m\u00fasica, coreograf\u00edas y acrobacias dentro de la programaci\u00f3n infantil en euskera","datePublished":"2015-05-07T08:51:52+00:00","mainEntityOfPage":{"@id":"https:\/\/www.laguiadepamplona.com\/actualidad\/yarleku-presenta-el-sabado-un-espectaculo-basado-en-los-musicos-de-bremen-con-musica-coreografias-y-acrobacias-dentro-de-la-programacion-infantil-en-euskera\/"},"wordCount":973,"publisher":{"@id":"https:\/\/www.laguiadepamplona.com\/actualidad\/#organization"},"image":{"@id":"https:\/\/www.laguiadepamplona.com\/actualidad\/yarleku-presenta-el-sabado-un-espectaculo-basado-en-los-musicos-de-bremen-con-musica-coreografias-y-acrobacias-dentro-de-la-programacion-infantil-en-euskera\/#primaryimage"},"thumbnailUrl":"","keywords":["actualidad","ayto pamplona","Ayuntamiento de Pamplona","Los m\u00fasicos de Bremen","noticias","pamplona","Taim eta Bremengo musikariak","Yarleku Teatro"],"articleSection":["Ayto Pamplona"],"inLanguage":"es"},{"@type":"WebPage","@id":"https:\/\/www.laguiadepamplona.com\/actualidad\/yarleku-presenta-el-sabado-un-espectaculo-basado-en-los-musicos-de-bremen-con-musica-coreografias-y-acrobacias-dentro-de-la-programacion-infantil-en-euskera\/","url":"https:\/\/www.laguiadepamplona.com\/actualidad\/yarleku-presenta-el-sabado-un-espectaculo-basado-en-los-musicos-de-bremen-con-musica-coreografias-y-acrobacias-dentro-de-la-programacion-infantil-en-euskera\/","name":"Yarleku presenta el s\u00e1bado un espect\u00e1culo basado en \u2018Los m\u00fasicos de Bremen\u2019 con m\u00fasica, coreograf\u00edas y acrobacias dentro de la programaci\u00f3n infantil en euskera","isPartOf":{"@id":"https:\/\/www.laguiadepamplona.com\/actualidad\/#website"},"primaryImageOfPage":{"@id":"https:\/\/www.laguiadepamplona.com\/actualidad\/yarleku-presenta-el-sabado-un-espectaculo-basado-en-los-musicos-de-bremen-con-musica-coreografias-y-acrobacias-dentro-de-la-programacion-infantil-en-euskera\/#primaryimage"},"image":{"@id":"https:\/\/www.laguiadepamplona.com\/actualidad\/yarleku-presenta-el-sabado-un-espectaculo-basado-en-los-musicos-de-bremen-con-musica-coreografias-y-acrobacias-dentro-de-la-programacion-infantil-en-euskera\/#primaryimage"},"thumbnailUrl":"","datePublished":"2015-05-07T08:51:52+00:00","breadcrumb":{"@id":"https:\/\/www.laguiadepamplona.com\/actualidad\/yarleku-presenta-el-sabado-un-espectaculo-basado-en-los-musicos-de-bremen-con-musica-coreografias-y-acrobacias-dentro-de-la-programacion-infantil-en-euskera\/#breadcrumb"},"inLanguage":"es","potentialAction":[{"@type":"ReadAction","target":["https:\/\/www.laguiadepamplona.com\/actualidad\/yarleku-presenta-el-sabado-un-espectaculo-basado-en-los-musicos-de-bremen-con-musica-coreografias-y-acrobacias-dentro-de-la-programacion-infantil-en-euskera\/"]}]},{"@type":"ImageObject","inLanguage":"es","@id":"https:\/\/www.laguiadepamplona.com\/actualidad\/yarleku-presenta-el-sabado-un-espectaculo-basado-en-los-musicos-de-bremen-con-musica-coreografias-y-acrobacias-dentro-de-la-programacion-infantil-en-euskera\/#primaryimage","url":"","contentUrl":""},{"@type":"BreadcrumbList","@id":"https:\/\/www.laguiadepamplona.com\/actualidad\/yarleku-presenta-el-sabado-un-espectaculo-basado-en-los-musicos-de-bremen-con-musica-coreografias-y-acrobacias-dentro-de-la-programacion-infantil-en-euskera\/#breadcrumb","itemListElement":[{"@type":"ListItem","position":1,"name":"Portada","item":"https:\/\/www.laguiadepamplona.com\/actualidad\/"},{"@type":"ListItem","position":2,"name":"Yarleku presenta el s\u00e1bado un espect\u00e1culo basado en \u2018Los m\u00fasicos de Bremen\u2019 con m\u00fasica, coreograf\u00edas y acrobacias dentro de la programaci\u00f3n infantil en euskera"}]},{"@type":"WebSite","@id":"https:\/\/www.laguiadepamplona.com\/actualidad\/#website","url":"https:\/\/www.laguiadepamplona.com\/actualidad\/","name":"La gu\u00eda de Pamplona","description":"Noticias de Pamplona","publisher":{"@id":"https:\/\/www.laguiadepamplona.com\/actualidad\/#organization"},"potentialAction":[{"@type":"SearchAction","target":{"@type":"EntryPoint","urlTemplate":"https:\/\/www.laguiadepamplona.com\/actualidad\/?s={search_term_string}"},"query-input":{"@type":"PropertyValueSpecification","valueRequired":true,"valueName":"search_term_string"}}],"inLanguage":"es"},{"@type":"Organization","@id":"https:\/\/www.laguiadepamplona.com\/actualidad\/#organization","name":"La Gu\u00eda de Pamplona \/ Noticias","url":"https:\/\/www.laguiadepamplona.com\/actualidad\/","logo":{"@type":"ImageObject","inLanguage":"es","@id":"https:\/\/www.laguiadepamplona.com\/actualidad\/#\/schema\/logo\/image\/","url":"https:\/\/www.laguiadepamplona.com\/actualidad\/wp-content\/uploads\/2018\/11\/logo-laguiadepamplona18-web1.png","contentUrl":"https:\/\/www.laguiadepamplona.com\/actualidad\/wp-content\/uploads\/2018\/11\/logo-laguiadepamplona18-web1.png","width":600,"height":196,"caption":"La Gu\u00eda de Pamplona \/ Noticias"},"image":{"@id":"https:\/\/www.laguiadepamplona.com\/actualidad\/#\/schema\/logo\/image\/"},"sameAs":["https:\/\/www.facebook.com\/laguiadepamplonacom-133175176762273\/?ref=hl","https:\/\/x.com\/LaGuiadPamplona","https:\/\/www.instagram.com\/la_guia_de_pamplona\/","https:\/\/www.youtube.com\/user\/laguiadepamplona"]},{"@type":"Person","@id":"https:\/\/www.laguiadepamplona.com\/actualidad\/#\/schema\/person\/efe887376f0213d4657c93adc50b1fdb","name":"La Gu\u00eda de Pamplona","image":{"@type":"ImageObject","inLanguage":"es","@id":"https:\/\/secure.gravatar.com\/avatar\/b6992f131dc8d30ab0dff15446e9d346d9dbd95992de0fef795073f5ea83a81c?s=96&d=mm&r=g","url":"https:\/\/secure.gravatar.com\/avatar\/b6992f131dc8d30ab0dff15446e9d346d9dbd95992de0fef795073f5ea83a81c?s=96&d=mm&r=g","contentUrl":"https:\/\/secure.gravatar.com\/avatar\/b6992f131dc8d30ab0dff15446e9d346d9dbd95992de0fef795073f5ea83a81c?s=96&d=mm&r=g","caption":"La Gu\u00eda de Pamplona"}}]}},"post_mailing_queue_ids":[],"_links":{"self":[{"href":"https:\/\/www.laguiadepamplona.com\/actualidad\/wp-json\/wp\/v2\/posts\/5782","targetHints":{"allow":["GET"]}}],"collection":[{"href":"https:\/\/www.laguiadepamplona.com\/actualidad\/wp-json\/wp\/v2\/posts"}],"about":[{"href":"https:\/\/www.laguiadepamplona.com\/actualidad\/wp-json\/wp\/v2\/types\/post"}],"author":[{"embeddable":true,"href":"https:\/\/www.laguiadepamplona.com\/actualidad\/wp-json\/wp\/v2\/users\/1"}],"replies":[{"embeddable":true,"href":"https:\/\/www.laguiadepamplona.com\/actualidad\/wp-json\/wp\/v2\/comments?post=5782"}],"version-history":[{"count":0,"href":"https:\/\/www.laguiadepamplona.com\/actualidad\/wp-json\/wp\/v2\/posts\/5782\/revisions"}],"wp:featuredmedia":[{"embeddable":true,"href":"https:\/\/www.laguiadepamplona.com\/actualidad\/wp-json\/"}],"wp:attachment":[{"href":"https:\/\/www.laguiadepamplona.com\/actualidad\/wp-json\/wp\/v2\/media?parent=5782"}],"wp:term":[{"taxonomy":"category","embeddable":true,"href":"https:\/\/www.laguiadepamplona.com\/actualidad\/wp-json\/wp\/v2\/categories?post=5782"},{"taxonomy":"post_tag","embeddable":true,"href":"https:\/\/www.laguiadepamplona.com\/actualidad\/wp-json\/wp\/v2\/tags?post=5782"}],"curies":[{"name":"wp","href":"https:\/\/api.w.org\/{rel}","templated":true}]}}