{"id":577,"date":"2014-02-24T13:12:23","date_gmt":"2014-02-24T12:12:23","guid":{"rendered":"http:\/\/laguiadepamplona.es\/noticias\/?p=577"},"modified":"2014-02-24T13:12:23","modified_gmt":"2014-02-24T12:12:23","slug":"el-pedagogo-y-orientador-familiar-blas-campos-hablara-manana-martes-en-civivox-jus-la-rocha-sobre-el-estres-en-la-familia-y-en-la-infancia","status":"publish","type":"post","link":"https:\/\/www.laguiadepamplona.com\/actualidad\/el-pedagogo-y-orientador-familiar-blas-campos-hablara-manana-martes-en-civivox-jus-la-rocha-sobre-el-estres-en-la-familia-y-en-la-infancia\/","title":{"rendered":"El pedagogo y orientador familiar Blas Campos hablar\u00e1 ma\u00f1ana martes en Civivox Jus la Rocha sobre \u2018El estr\u00e9s en la familia y en la infancia\u2019"},"content":{"rendered":"<p><a href=\"http:\/\/laguiadepamplona.es\/noticias\/wp-content\/uploads\/2014\/02\/civivox-jus-la-rocha.jpg\"><img loading=\"lazy\" decoding=\"async\" class=\"alignleft size-medium wp-image-478\" alt=\"civivox-jus-la-rocha\" src=\"http:\/\/laguiadepamplona.es\/noticias\/wp-content\/uploads\/2014\/02\/civivox-jus-la-rocha-300x168.jpg\" width=\"300\" height=\"168\" \/><\/a>La escuela de madres y padres de la Red Civivox organizada por el Ayuntamiento de Pamplona contin\u00faa esta semana con una conferencia de Blas Campos, pedagogo y orientador familiar y de pareja de Bidari. Ma\u00f1ana martes, 25 de febrero, hablar\u00e1 en Civivox Jus la Rocha a las seis de la tarde, sobre \u2018El estr\u00e9s en la familia y en la infancia\u2019 con entrada libre. La conferencia est\u00e1 adaptada para personas con discapacidad auditiva (Asorna). Esta escuela de madres y padres est\u00e1 ofreciendo a lo largo del trimestre cuatro conferencias y tres cursos sobre el estr\u00e9s, el desarrollo de la creatividad, el rendimiento escolar o la relaci\u00f3n con los adolescentes, por ejemplo.<\/p>\n<p>Blas Campos recordar\u00e1 ma\u00f1ana que las familias no son inmunes a las presiones y a las tensiones presentes en la sociedad, a los profundos cambios que se est\u00e1n viviendo y a las incertidumbres que generan. Se\u00f1alar\u00e1 que, quiz\u00e1 por esa raz\u00f3n, uno de los mayores focos de malestar y enfermedad en la sociedad es el llamado \u201cestr\u00e9s\u201d. Por ello, invitar\u00e1 a los presentes a reflexionar sobre los focos de tensi\u00f3n que afectan a las familias y a conocer y adquirir estrategias personales para mejorar el bienestar en la familia.<\/p>\n<p>Adem\u00e1s de en la conferencia, el tema se analizar\u00e1 en el \u00faltimo de los cursos del trimestre que se desarrollar\u00e1 los mi\u00e9rcoles de 10 a 12 horas entre el 5 de marzo y el 2 de abril. Lleva por t\u00edtulo \u2018Gesti\u00f3n del estr\u00e9s en la familia\u2019. Se celebrar\u00e1 en Civivox Ensanche, las inscripciones cuestan 5 euros y al frente tambi\u00e9n estar\u00e1 Blas Campos. Profundizando en la charla, se abordar\u00e1 la gesti\u00f3n de la tensi\u00f3n que se vive a diario con las comidas, el trabajo, el ajuste de tiempos, los retrasos, las tareas o las responsabilidades en el hogar. Se ense\u00f1ar\u00e1n estrategias a los progenitores para regular su estr\u00e9s y para hacer frente al de los menores.<\/p>\n<p>El ciclo lo cerrar\u00e1 el 11de marzo, Carmen Azparren, psic\u00f3loga y orientadora escolar de Bidari, con una conferencia en la que hablar\u00e1 de \u2018La atenci\u00f3n, influencia en el rendimiento escolar\u2019. Ser\u00e1 en Civivox Iturrama a las seis de la tarde.<\/p>\n<div>\n<p><strong>Escuela de madres y padres. Enero-marzo 2014<\/strong><\/p>\n<\/div>\n<ul>\n<li><b>Conferencias<\/b>. Entrada libre\n<ul>\n<li><b>El estr\u00e9s en la familia y en la infancia<\/b><\/li>\n<li>Ponente: Blas Campos Hern\u00e1ndez. Pedagogo, orientador familiar y de pareja. Bidari<\/li>\n<li>Martes 25 de febrero. 18 horas. Civivox Jus la Rocha<\/li>\n<li><b>La atenci\u00f3n, influencia en el rendimiento escolar<\/b><\/li>\n<li>Ponente: Carmen Azparren Jimeno. Psic\u00f3loga y orientadora escolar. Bidari<\/li>\n<li>Martes 11 de marzo. 18 horas. Civivox Iturrama<\/li>\n<li><b>Cursos<\/b>. Inscripci\u00f3n previa en cualquier civivox. 5 euros\n<ul>\n<li><b>Gesti\u00f3n del estr\u00e9s en la familia<\/b><\/li>\n<li>Civivox Ensanche. 5 de marzo al 2 de abril. Mi\u00e9rcoles, 10 a 12 horas<b><\/b><\/li>\n<li>Impartido por Blas Campos Hern\u00e1ndez. Pedagogo, orientador familiar y de pareja. Bidari<b><\/b><\/li>\n<\/ul>\n<\/li>\n<\/ul>\n<\/li>\n<\/ul>\n<p>&nbsp;<\/p>\n","protected":false},"excerpt":{"rendered":"<p>La escuela de madres y padres de la Red Civivox organizada por el Ayuntamiento de Pamplona contin\u00faa esta semana con una conferencia de Blas Campos, pedagogo y orientador familiar y&#8230;<\/p>\n","protected":false},"author":1,"featured_media":478,"comment_status":"open","ping_status":"open","sticky":false,"template":"","format":"standard","meta":{"footnotes":""},"categories":[2],"tags":[5,6,338,133,339,8,9,340],"class_list":["post-577","post","type-post","status-publish","format-standard","has-post-thumbnail","hentry","category-ayuntamiento-pamplona","tag-actualidad","tag-ayto-pamplona","tag-blas-campos","tag-civivox-jus-la-rocha","tag-el-estres-en-la-familia-y-en-la-infancia","tag-noticias","tag-pamplona","tag-pedagogo-y-orientador-familiar"],"yoast_head":"<!-- This site is optimized with the Yoast SEO plugin v27.5 - https:\/\/yoast.com\/product\/yoast-seo-wordpress\/ -->\n<title>El pedagogo y orientador familiar Blas Campos hablar\u00e1 ma\u00f1ana martes en Civivox Jus la Rocha sobre \u2018El estr\u00e9s en la familia y en la infancia\u2019<\/title>\n<meta name=\"robots\" content=\"index, follow, max-snippet:-1, max-image-preview:large, max-video-preview:-1\" \/>\n<link rel=\"canonical\" href=\"https:\/\/www.laguiadepamplona.com\/actualidad\/el-pedagogo-y-orientador-familiar-blas-campos-hablara-manana-martes-en-civivox-jus-la-rocha-sobre-el-estres-en-la-familia-y-en-la-infancia\/\" \/>\n<meta property=\"og:locale\" content=\"es_ES\" \/>\n<meta property=\"og:type\" content=\"article\" \/>\n<meta property=\"og:title\" content=\"El pedagogo y orientador familiar Blas Campos hablar\u00e1 ma\u00f1ana martes en Civivox Jus la Rocha sobre \u2018El estr\u00e9s en la familia y en la infancia\u2019\" \/>\n<meta property=\"og:description\" content=\"La escuela de madres y padres de la Red Civivox organizada por el Ayuntamiento de Pamplona contin\u00faa esta semana con una conferencia de Blas Campos, pedagogo y orientador familiar y...\" \/>\n<meta property=\"og:url\" content=\"https:\/\/www.laguiadepamplona.com\/actualidad\/el-pedagogo-y-orientador-familiar-blas-campos-hablara-manana-martes-en-civivox-jus-la-rocha-sobre-el-estres-en-la-familia-y-en-la-infancia\/\" \/>\n<meta property=\"og:site_name\" content=\"La Gu\u00eda de Pamplona\" \/>\n<meta property=\"article:publisher\" content=\"https:\/\/www.facebook.com\/laguiadepamplonacom-133175176762273\/?ref=hl\" \/>\n<meta property=\"article:published_time\" content=\"2014-02-24T12:12:23+00:00\" \/>\n<meta name=\"author\" content=\"La Gu\u00eda de Pamplona\" \/>\n<meta name=\"twitter:card\" content=\"summary_large_image\" \/>\n<meta name=\"twitter:creator\" content=\"@LaGuiadPamplona\" \/>\n<meta name=\"twitter:site\" content=\"@LaGuiadPamplona\" \/>\n<meta name=\"twitter:label1\" content=\"Escrito por\" \/>\n\t<meta name=\"twitter:data1\" content=\"La Gu\u00eda de Pamplona\" \/>\n\t<meta name=\"twitter:label2\" content=\"Tiempo de lectura\" \/>\n\t<meta name=\"twitter:data2\" content=\"2 minutos\" \/>\n<script type=\"application\/ld+json\" class=\"yoast-schema-graph\">{\"@context\":\"https:\\\/\\\/schema.org\",\"@graph\":[{\"@type\":\"Article\",\"@id\":\"https:\\\/\\\/www.laguiadepamplona.com\\\/actualidad\\\/el-pedagogo-y-orientador-familiar-blas-campos-hablara-manana-martes-en-civivox-jus-la-rocha-sobre-el-estres-en-la-familia-y-en-la-infancia\\\/#article\",\"isPartOf\":{\"@id\":\"https:\\\/\\\/www.laguiadepamplona.com\\\/actualidad\\\/el-pedagogo-y-orientador-familiar-blas-campos-hablara-manana-martes-en-civivox-jus-la-rocha-sobre-el-estres-en-la-familia-y-en-la-infancia\\\/\"},\"author\":{\"name\":\"La Gu\u00eda de Pamplona\",\"@id\":\"https:\\\/\\\/www.laguiadepamplona.com\\\/actualidad\\\/#\\\/schema\\\/person\\\/efe887376f0213d4657c93adc50b1fdb\"},\"headline\":\"El pedagogo y orientador familiar Blas Campos hablar\u00e1 ma\u00f1ana martes en Civivox Jus la Rocha sobre \u2018El estr\u00e9s en la familia y en la infancia\u2019\",\"datePublished\":\"2014-02-24T12:12:23+00:00\",\"mainEntityOfPage\":{\"@id\":\"https:\\\/\\\/www.laguiadepamplona.com\\\/actualidad\\\/el-pedagogo-y-orientador-familiar-blas-campos-hablara-manana-martes-en-civivox-jus-la-rocha-sobre-el-estres-en-la-familia-y-en-la-infancia\\\/\"},\"wordCount\":505,\"commentCount\":0,\"publisher\":{\"@id\":\"https:\\\/\\\/www.laguiadepamplona.com\\\/actualidad\\\/#organization\"},\"image\":{\"@id\":\"https:\\\/\\\/www.laguiadepamplona.com\\\/actualidad\\\/el-pedagogo-y-orientador-familiar-blas-campos-hablara-manana-martes-en-civivox-jus-la-rocha-sobre-el-estres-en-la-familia-y-en-la-infancia\\\/#primaryimage\"},\"thumbnailUrl\":\"\",\"keywords\":[\"actualidad\",\"ayto pamplona\",\"Blas Campos\",\"Civivox Jus la Rocha\",\"El estr\u00e9s en la familia y en la infancia\",\"noticias\",\"pamplona\",\"pedagogo y orientador familiar\"],\"articleSection\":[\"Ayto Pamplona\"],\"inLanguage\":\"es\",\"potentialAction\":[{\"@type\":\"CommentAction\",\"name\":\"Comment\",\"target\":[\"https:\\\/\\\/www.laguiadepamplona.com\\\/actualidad\\\/el-pedagogo-y-orientador-familiar-blas-campos-hablara-manana-martes-en-civivox-jus-la-rocha-sobre-el-estres-en-la-familia-y-en-la-infancia\\\/#respond\"]}]},{\"@type\":\"WebPage\",\"@id\":\"https:\\\/\\\/www.laguiadepamplona.com\\\/actualidad\\\/el-pedagogo-y-orientador-familiar-blas-campos-hablara-manana-martes-en-civivox-jus-la-rocha-sobre-el-estres-en-la-familia-y-en-la-infancia\\\/\",\"url\":\"https:\\\/\\\/www.laguiadepamplona.com\\\/actualidad\\\/el-pedagogo-y-orientador-familiar-blas-campos-hablara-manana-martes-en-civivox-jus-la-rocha-sobre-el-estres-en-la-familia-y-en-la-infancia\\\/\",\"name\":\"El pedagogo y orientador familiar Blas Campos hablar\u00e1 ma\u00f1ana martes en Civivox Jus la Rocha sobre \u2018El estr\u00e9s en la familia y en la infancia\u2019\",\"isPartOf\":{\"@id\":\"https:\\\/\\\/www.laguiadepamplona.com\\\/actualidad\\\/#website\"},\"primaryImageOfPage\":{\"@id\":\"https:\\\/\\\/www.laguiadepamplona.com\\\/actualidad\\\/el-pedagogo-y-orientador-familiar-blas-campos-hablara-manana-martes-en-civivox-jus-la-rocha-sobre-el-estres-en-la-familia-y-en-la-infancia\\\/#primaryimage\"},\"image\":{\"@id\":\"https:\\\/\\\/www.laguiadepamplona.com\\\/actualidad\\\/el-pedagogo-y-orientador-familiar-blas-campos-hablara-manana-martes-en-civivox-jus-la-rocha-sobre-el-estres-en-la-familia-y-en-la-infancia\\\/#primaryimage\"},\"thumbnailUrl\":\"\",\"datePublished\":\"2014-02-24T12:12:23+00:00\",\"breadcrumb\":{\"@id\":\"https:\\\/\\\/www.laguiadepamplona.com\\\/actualidad\\\/el-pedagogo-y-orientador-familiar-blas-campos-hablara-manana-martes-en-civivox-jus-la-rocha-sobre-el-estres-en-la-familia-y-en-la-infancia\\\/#breadcrumb\"},\"inLanguage\":\"es\",\"potentialAction\":[{\"@type\":\"ReadAction\",\"target\":[\"https:\\\/\\\/www.laguiadepamplona.com\\\/actualidad\\\/el-pedagogo-y-orientador-familiar-blas-campos-hablara-manana-martes-en-civivox-jus-la-rocha-sobre-el-estres-en-la-familia-y-en-la-infancia\\\/\"]}]},{\"@type\":\"ImageObject\",\"inLanguage\":\"es\",\"@id\":\"https:\\\/\\\/www.laguiadepamplona.com\\\/actualidad\\\/el-pedagogo-y-orientador-familiar-blas-campos-hablara-manana-martes-en-civivox-jus-la-rocha-sobre-el-estres-en-la-familia-y-en-la-infancia\\\/#primaryimage\",\"url\":\"\",\"contentUrl\":\"\"},{\"@type\":\"BreadcrumbList\",\"@id\":\"https:\\\/\\\/www.laguiadepamplona.com\\\/actualidad\\\/el-pedagogo-y-orientador-familiar-blas-campos-hablara-manana-martes-en-civivox-jus-la-rocha-sobre-el-estres-en-la-familia-y-en-la-infancia\\\/#breadcrumb\",\"itemListElement\":[{\"@type\":\"ListItem\",\"position\":1,\"name\":\"Portada\",\"item\":\"https:\\\/\\\/www.laguiadepamplona.com\\\/actualidad\\\/\"},{\"@type\":\"ListItem\",\"position\":2,\"name\":\"El pedagogo y orientador familiar Blas Campos hablar\u00e1 ma\u00f1ana martes en Civivox Jus la Rocha sobre \u2018El estr\u00e9s en la familia y en la infancia\u2019\"}]},{\"@type\":\"WebSite\",\"@id\":\"https:\\\/\\\/www.laguiadepamplona.com\\\/actualidad\\\/#website\",\"url\":\"https:\\\/\\\/www.laguiadepamplona.com\\\/actualidad\\\/\",\"name\":\"La gu\u00eda de Pamplona\",\"description\":\"Noticias de Pamplona\",\"publisher\":{\"@id\":\"https:\\\/\\\/www.laguiadepamplona.com\\\/actualidad\\\/#organization\"},\"potentialAction\":[{\"@type\":\"SearchAction\",\"target\":{\"@type\":\"EntryPoint\",\"urlTemplate\":\"https:\\\/\\\/www.laguiadepamplona.com\\\/actualidad\\\/?s={search_term_string}\"},\"query-input\":{\"@type\":\"PropertyValueSpecification\",\"valueRequired\":true,\"valueName\":\"search_term_string\"}}],\"inLanguage\":\"es\"},{\"@type\":\"Organization\",\"@id\":\"https:\\\/\\\/www.laguiadepamplona.com\\\/actualidad\\\/#organization\",\"name\":\"La Gu\u00eda de Pamplona \\\/ Noticias\",\"url\":\"https:\\\/\\\/www.laguiadepamplona.com\\\/actualidad\\\/\",\"logo\":{\"@type\":\"ImageObject\",\"inLanguage\":\"es\",\"@id\":\"https:\\\/\\\/www.laguiadepamplona.com\\\/actualidad\\\/#\\\/schema\\\/logo\\\/image\\\/\",\"url\":\"https:\\\/\\\/www.laguiadepamplona.com\\\/actualidad\\\/wp-content\\\/uploads\\\/2018\\\/11\\\/logo-laguiadepamplona18-web1.png\",\"contentUrl\":\"https:\\\/\\\/www.laguiadepamplona.com\\\/actualidad\\\/wp-content\\\/uploads\\\/2018\\\/11\\\/logo-laguiadepamplona18-web1.png\",\"width\":600,\"height\":196,\"caption\":\"La Gu\u00eda de Pamplona \\\/ Noticias\"},\"image\":{\"@id\":\"https:\\\/\\\/www.laguiadepamplona.com\\\/actualidad\\\/#\\\/schema\\\/logo\\\/image\\\/\"},\"sameAs\":[\"https:\\\/\\\/www.facebook.com\\\/laguiadepamplonacom-133175176762273\\\/?ref=hl\",\"https:\\\/\\\/x.com\\\/LaGuiadPamplona\",\"https:\\\/\\\/www.instagram.com\\\/la_guia_de_pamplona\\\/\",\"https:\\\/\\\/www.youtube.com\\\/user\\\/laguiadepamplona\"]},{\"@type\":\"Person\",\"@id\":\"https:\\\/\\\/www.laguiadepamplona.com\\\/actualidad\\\/#\\\/schema\\\/person\\\/efe887376f0213d4657c93adc50b1fdb\",\"name\":\"La Gu\u00eda de Pamplona\",\"image\":{\"@type\":\"ImageObject\",\"inLanguage\":\"es\",\"@id\":\"https:\\\/\\\/secure.gravatar.com\\\/avatar\\\/b6992f131dc8d30ab0dff15446e9d346d9dbd95992de0fef795073f5ea83a81c?s=96&d=mm&r=g\",\"url\":\"https:\\\/\\\/secure.gravatar.com\\\/avatar\\\/b6992f131dc8d30ab0dff15446e9d346d9dbd95992de0fef795073f5ea83a81c?s=96&d=mm&r=g\",\"contentUrl\":\"https:\\\/\\\/secure.gravatar.com\\\/avatar\\\/b6992f131dc8d30ab0dff15446e9d346d9dbd95992de0fef795073f5ea83a81c?s=96&d=mm&r=g\",\"caption\":\"La Gu\u00eda de Pamplona\"}}]}<\/script>\n<!-- \/ Yoast SEO plugin. -->","yoast_head_json":{"title":"El pedagogo y orientador familiar Blas Campos hablar\u00e1 ma\u00f1ana martes en Civivox Jus la Rocha sobre \u2018El estr\u00e9s en la familia y en la infancia\u2019","robots":{"index":"index","follow":"follow","max-snippet":"max-snippet:-1","max-image-preview":"max-image-preview:large","max-video-preview":"max-video-preview:-1"},"canonical":"https:\/\/www.laguiadepamplona.com\/actualidad\/el-pedagogo-y-orientador-familiar-blas-campos-hablara-manana-martes-en-civivox-jus-la-rocha-sobre-el-estres-en-la-familia-y-en-la-infancia\/","og_locale":"es_ES","og_type":"article","og_title":"El pedagogo y orientador familiar Blas Campos hablar\u00e1 ma\u00f1ana martes en Civivox Jus la Rocha sobre \u2018El estr\u00e9s en la familia y en la infancia\u2019","og_description":"La escuela de madres y padres de la Red Civivox organizada por el Ayuntamiento de Pamplona contin\u00faa esta semana con una conferencia de Blas Campos, pedagogo y orientador familiar y...","og_url":"https:\/\/www.laguiadepamplona.com\/actualidad\/el-pedagogo-y-orientador-familiar-blas-campos-hablara-manana-martes-en-civivox-jus-la-rocha-sobre-el-estres-en-la-familia-y-en-la-infancia\/","og_site_name":"La Gu\u00eda de Pamplona","article_publisher":"https:\/\/www.facebook.com\/laguiadepamplonacom-133175176762273\/?ref=hl","article_published_time":"2014-02-24T12:12:23+00:00","author":"La Gu\u00eda de Pamplona","twitter_card":"summary_large_image","twitter_creator":"@LaGuiadPamplona","twitter_site":"@LaGuiadPamplona","twitter_misc":{"Escrito por":"La Gu\u00eda de Pamplona","Tiempo de lectura":"2 minutos"},"schema":{"@context":"https:\/\/schema.org","@graph":[{"@type":"Article","@id":"https:\/\/www.laguiadepamplona.com\/actualidad\/el-pedagogo-y-orientador-familiar-blas-campos-hablara-manana-martes-en-civivox-jus-la-rocha-sobre-el-estres-en-la-familia-y-en-la-infancia\/#article","isPartOf":{"@id":"https:\/\/www.laguiadepamplona.com\/actualidad\/el-pedagogo-y-orientador-familiar-blas-campos-hablara-manana-martes-en-civivox-jus-la-rocha-sobre-el-estres-en-la-familia-y-en-la-infancia\/"},"author":{"name":"La Gu\u00eda de Pamplona","@id":"https:\/\/www.laguiadepamplona.com\/actualidad\/#\/schema\/person\/efe887376f0213d4657c93adc50b1fdb"},"headline":"El pedagogo y orientador familiar Blas Campos hablar\u00e1 ma\u00f1ana martes en Civivox Jus la Rocha sobre \u2018El estr\u00e9s en la familia y en la infancia\u2019","datePublished":"2014-02-24T12:12:23+00:00","mainEntityOfPage":{"@id":"https:\/\/www.laguiadepamplona.com\/actualidad\/el-pedagogo-y-orientador-familiar-blas-campos-hablara-manana-martes-en-civivox-jus-la-rocha-sobre-el-estres-en-la-familia-y-en-la-infancia\/"},"wordCount":505,"commentCount":0,"publisher":{"@id":"https:\/\/www.laguiadepamplona.com\/actualidad\/#organization"},"image":{"@id":"https:\/\/www.laguiadepamplona.com\/actualidad\/el-pedagogo-y-orientador-familiar-blas-campos-hablara-manana-martes-en-civivox-jus-la-rocha-sobre-el-estres-en-la-familia-y-en-la-infancia\/#primaryimage"},"thumbnailUrl":"","keywords":["actualidad","ayto pamplona","Blas Campos","Civivox Jus la Rocha","El estr\u00e9s en la familia y en la infancia","noticias","pamplona","pedagogo y orientador familiar"],"articleSection":["Ayto Pamplona"],"inLanguage":"es","potentialAction":[{"@type":"CommentAction","name":"Comment","target":["https:\/\/www.laguiadepamplona.com\/actualidad\/el-pedagogo-y-orientador-familiar-blas-campos-hablara-manana-martes-en-civivox-jus-la-rocha-sobre-el-estres-en-la-familia-y-en-la-infancia\/#respond"]}]},{"@type":"WebPage","@id":"https:\/\/www.laguiadepamplona.com\/actualidad\/el-pedagogo-y-orientador-familiar-blas-campos-hablara-manana-martes-en-civivox-jus-la-rocha-sobre-el-estres-en-la-familia-y-en-la-infancia\/","url":"https:\/\/www.laguiadepamplona.com\/actualidad\/el-pedagogo-y-orientador-familiar-blas-campos-hablara-manana-martes-en-civivox-jus-la-rocha-sobre-el-estres-en-la-familia-y-en-la-infancia\/","name":"El pedagogo y orientador familiar Blas Campos hablar\u00e1 ma\u00f1ana martes en Civivox Jus la Rocha sobre \u2018El estr\u00e9s en la familia y en la infancia\u2019","isPartOf":{"@id":"https:\/\/www.laguiadepamplona.com\/actualidad\/#website"},"primaryImageOfPage":{"@id":"https:\/\/www.laguiadepamplona.com\/actualidad\/el-pedagogo-y-orientador-familiar-blas-campos-hablara-manana-martes-en-civivox-jus-la-rocha-sobre-el-estres-en-la-familia-y-en-la-infancia\/#primaryimage"},"image":{"@id":"https:\/\/www.laguiadepamplona.com\/actualidad\/el-pedagogo-y-orientador-familiar-blas-campos-hablara-manana-martes-en-civivox-jus-la-rocha-sobre-el-estres-en-la-familia-y-en-la-infancia\/#primaryimage"},"thumbnailUrl":"","datePublished":"2014-02-24T12:12:23+00:00","breadcrumb":{"@id":"https:\/\/www.laguiadepamplona.com\/actualidad\/el-pedagogo-y-orientador-familiar-blas-campos-hablara-manana-martes-en-civivox-jus-la-rocha-sobre-el-estres-en-la-familia-y-en-la-infancia\/#breadcrumb"},"inLanguage":"es","potentialAction":[{"@type":"ReadAction","target":["https:\/\/www.laguiadepamplona.com\/actualidad\/el-pedagogo-y-orientador-familiar-blas-campos-hablara-manana-martes-en-civivox-jus-la-rocha-sobre-el-estres-en-la-familia-y-en-la-infancia\/"]}]},{"@type":"ImageObject","inLanguage":"es","@id":"https:\/\/www.laguiadepamplona.com\/actualidad\/el-pedagogo-y-orientador-familiar-blas-campos-hablara-manana-martes-en-civivox-jus-la-rocha-sobre-el-estres-en-la-familia-y-en-la-infancia\/#primaryimage","url":"","contentUrl":""},{"@type":"BreadcrumbList","@id":"https:\/\/www.laguiadepamplona.com\/actualidad\/el-pedagogo-y-orientador-familiar-blas-campos-hablara-manana-martes-en-civivox-jus-la-rocha-sobre-el-estres-en-la-familia-y-en-la-infancia\/#breadcrumb","itemListElement":[{"@type":"ListItem","position":1,"name":"Portada","item":"https:\/\/www.laguiadepamplona.com\/actualidad\/"},{"@type":"ListItem","position":2,"name":"El pedagogo y orientador familiar Blas Campos hablar\u00e1 ma\u00f1ana martes en Civivox Jus la Rocha sobre \u2018El estr\u00e9s en la familia y en la infancia\u2019"}]},{"@type":"WebSite","@id":"https:\/\/www.laguiadepamplona.com\/actualidad\/#website","url":"https:\/\/www.laguiadepamplona.com\/actualidad\/","name":"La gu\u00eda de Pamplona","description":"Noticias de Pamplona","publisher":{"@id":"https:\/\/www.laguiadepamplona.com\/actualidad\/#organization"},"potentialAction":[{"@type":"SearchAction","target":{"@type":"EntryPoint","urlTemplate":"https:\/\/www.laguiadepamplona.com\/actualidad\/?s={search_term_string}"},"query-input":{"@type":"PropertyValueSpecification","valueRequired":true,"valueName":"search_term_string"}}],"inLanguage":"es"},{"@type":"Organization","@id":"https:\/\/www.laguiadepamplona.com\/actualidad\/#organization","name":"La Gu\u00eda de Pamplona \/ Noticias","url":"https:\/\/www.laguiadepamplona.com\/actualidad\/","logo":{"@type":"ImageObject","inLanguage":"es","@id":"https:\/\/www.laguiadepamplona.com\/actualidad\/#\/schema\/logo\/image\/","url":"https:\/\/www.laguiadepamplona.com\/actualidad\/wp-content\/uploads\/2018\/11\/logo-laguiadepamplona18-web1.png","contentUrl":"https:\/\/www.laguiadepamplona.com\/actualidad\/wp-content\/uploads\/2018\/11\/logo-laguiadepamplona18-web1.png","width":600,"height":196,"caption":"La Gu\u00eda de Pamplona \/ Noticias"},"image":{"@id":"https:\/\/www.laguiadepamplona.com\/actualidad\/#\/schema\/logo\/image\/"},"sameAs":["https:\/\/www.facebook.com\/laguiadepamplonacom-133175176762273\/?ref=hl","https:\/\/x.com\/LaGuiadPamplona","https:\/\/www.instagram.com\/la_guia_de_pamplona\/","https:\/\/www.youtube.com\/user\/laguiadepamplona"]},{"@type":"Person","@id":"https:\/\/www.laguiadepamplona.com\/actualidad\/#\/schema\/person\/efe887376f0213d4657c93adc50b1fdb","name":"La Gu\u00eda de Pamplona","image":{"@type":"ImageObject","inLanguage":"es","@id":"https:\/\/secure.gravatar.com\/avatar\/b6992f131dc8d30ab0dff15446e9d346d9dbd95992de0fef795073f5ea83a81c?s=96&d=mm&r=g","url":"https:\/\/secure.gravatar.com\/avatar\/b6992f131dc8d30ab0dff15446e9d346d9dbd95992de0fef795073f5ea83a81c?s=96&d=mm&r=g","contentUrl":"https:\/\/secure.gravatar.com\/avatar\/b6992f131dc8d30ab0dff15446e9d346d9dbd95992de0fef795073f5ea83a81c?s=96&d=mm&r=g","caption":"La Gu\u00eda de Pamplona"}}]}},"post_mailing_queue_ids":[],"_links":{"self":[{"href":"https:\/\/www.laguiadepamplona.com\/actualidad\/wp-json\/wp\/v2\/posts\/577","targetHints":{"allow":["GET"]}}],"collection":[{"href":"https:\/\/www.laguiadepamplona.com\/actualidad\/wp-json\/wp\/v2\/posts"}],"about":[{"href":"https:\/\/www.laguiadepamplona.com\/actualidad\/wp-json\/wp\/v2\/types\/post"}],"author":[{"embeddable":true,"href":"https:\/\/www.laguiadepamplona.com\/actualidad\/wp-json\/wp\/v2\/users\/1"}],"replies":[{"embeddable":true,"href":"https:\/\/www.laguiadepamplona.com\/actualidad\/wp-json\/wp\/v2\/comments?post=577"}],"version-history":[{"count":0,"href":"https:\/\/www.laguiadepamplona.com\/actualidad\/wp-json\/wp\/v2\/posts\/577\/revisions"}],"wp:featuredmedia":[{"embeddable":true,"href":"https:\/\/www.laguiadepamplona.com\/actualidad\/wp-json\/"}],"wp:attachment":[{"href":"https:\/\/www.laguiadepamplona.com\/actualidad\/wp-json\/wp\/v2\/media?parent=577"}],"wp:term":[{"taxonomy":"category","embeddable":true,"href":"https:\/\/www.laguiadepamplona.com\/actualidad\/wp-json\/wp\/v2\/categories?post=577"},{"taxonomy":"post_tag","embeddable":true,"href":"https:\/\/www.laguiadepamplona.com\/actualidad\/wp-json\/wp\/v2\/tags?post=577"}],"curies":[{"name":"wp","href":"https:\/\/api.w.org\/{rel}","templated":true}]}}