{"id":5679,"date":"2015-04-29T16:14:43","date_gmt":"2015-04-29T14:14:43","guid":{"rendered":"http:\/\/laguiadepamplona.com\/actualidad\/?p=5679"},"modified":"2015-04-29T16:14:43","modified_gmt":"2015-04-29T14:14:43","slug":"las-salas-de-exposiciones-de-la-ciudadela-adoptan-desde-el-1-de-mayo-el-horario-de-verano","status":"publish","type":"post","link":"https:\/\/www.laguiadepamplona.com\/actualidad\/las-salas-de-exposiciones-de-la-ciudadela-adoptan-desde-el-1-de-mayo-el-horario-de-verano\/","title":{"rendered":"Las salas de exposiciones de la Ciudadela adoptan desde el 1 de mayo el horario de verano"},"content":{"rendered":"<h4>Por las tardes, de martes a s\u00e1bados, abrir\u00e1n de 18.30 a 21 horas, en lugar de permanecer abiertas de 17.30 a 20 horas como en invierno<\/h4>\n<p><a href=\"http:\/\/laguiadepamplona.com\/actualidad\/wp-content\/uploads\/2014\/12\/pabellon-mixtos-ciudadela-pamplona.jpg\"><img loading=\"lazy\" decoding=\"async\" class=\"alignleft size-medium wp-image-4192\" src=\"http:\/\/laguiadepamplona.com\/actualidad\/wp-content\/uploads\/2014\/12\/pabellon-mixtos-ciudadela-pamplona-300x224.jpg\" alt=\"pabellon-mixtos-ciudadela-pamplona\" width=\"300\" height=\"224\" \/><\/a>El pr\u00f3ximo 1 de mayo las salas de exposiciones de la Ciudadela cambian su horario de apertura. Adoptan el horario de verano, con cambios que afectan \u00fanicamente a la apertura por la tarde. A partir del 1 de mayo, las salas abrir\u00e1n por las tardes de 18.30 a 21 horas, en lugar de abrir de 17.30 a 20 horas, como en el horario de invierno.<\/p>\n<p>De esta manera, se consigue un horario de apertura m\u00e1s acorde a las fechas que llegan, en las que las horas de luz son m\u00e1s. Con esta modificaci\u00f3n que estar\u00e1 vigente hasta el 31 de octubre, la Sala de Armas, el Pabell\u00f3n de Mixtos, el Polvor\u00edn y el Horno de la Ciudadela abrir\u00e1n de martes a viernes, en horario solo de tarde, de 18.30 a 21 horas; los s\u00e1bados, tanto por la ma\u00f1ana como por la tarde, de 12 a 14 horas y de 18.30 a 21 horas; y los domingos y festivos, \u00fanicamente por la ma\u00f1ana, de 12 a 14 horas.<\/p>\n<p>El a\u00f1o pasado los diferentes recintos expositivos de la Ciudadela acogieron un total de 55 exposiciones, que visitaron m\u00e1s de 122.000 personas. La Sala de Armas acoge en estos momentos la retrospectiva de Mariano Royo y la muestra Artea Oinez, el Pabell\u00f3n de Mixtos \u2018La fascinaci\u00f3n de los sentidos\u2019 de Juan Carlos Pikabea y \u2018Curvarte, plegarte\u2019 de Josetxo Santos y el Polvor\u00edn, la obra de Virginia Santos bajo el t\u00edtulo \u2018En el bosque. Basoan\u2019. Ma\u00f1ana se abre en el Horno, la instalaci\u00f3n de Mireya Mart\u00edn Larumbe \u2018Les flux du sang des morts ravivant les fontaines\u2019.<\/p>\n<p>&nbsp;<\/p>\n","protected":false},"excerpt":{"rendered":"<p>Por las tardes, de martes a s\u00e1bados, abrir\u00e1n de 18.30 a 21 horas, en lugar de permanecer abiertas de 17.30 a 20 horas como en invierno El pr\u00f3ximo 1 de&#8230;<\/p>\n","protected":false},"author":1,"featured_media":4192,"comment_status":"closed","ping_status":"closed","sticky":false,"template":"","format":"standard","meta":{"footnotes":""},"categories":[2],"tags":[5,6,509,42,5097,8,9,5098],"class_list":["post-5679","post","type-post","status-publish","format-standard","has-post-thumbnail","hentry","category-ayuntamiento-pamplona","tag-actualidad","tag-ayto-pamplona","tag-ayuntamiento-de-pamplona","tag-ciudadela","tag-horario-verano","tag-noticias","tag-pamplona","tag-salas-exposiciones"],"yoast_head":"<!-- This site is optimized with the Yoast SEO plugin v27.5 - https:\/\/yoast.com\/product\/yoast-seo-wordpress\/ -->\n<title>Las salas de exposiciones de la Ciudadela adoptan desde el 1 de mayo el horario de verano<\/title>\n<meta name=\"robots\" content=\"index, follow, max-snippet:-1, max-image-preview:large, max-video-preview:-1\" \/>\n<link rel=\"canonical\" href=\"https:\/\/www.laguiadepamplona.com\/actualidad\/las-salas-de-exposiciones-de-la-ciudadela-adoptan-desde-el-1-de-mayo-el-horario-de-verano\/\" \/>\n<meta property=\"og:locale\" content=\"es_ES\" \/>\n<meta property=\"og:type\" content=\"article\" \/>\n<meta property=\"og:title\" content=\"Las salas de exposiciones de la Ciudadela adoptan desde el 1 de mayo el horario de verano\" \/>\n<meta property=\"og:description\" content=\"Por las tardes, de martes a s\u00e1bados, abrir\u00e1n de 18.30 a 21 horas, en lugar de permanecer abiertas de 17.30 a 20 horas como en invierno El pr\u00f3ximo 1 de...\" \/>\n<meta property=\"og:url\" content=\"https:\/\/www.laguiadepamplona.com\/actualidad\/las-salas-de-exposiciones-de-la-ciudadela-adoptan-desde-el-1-de-mayo-el-horario-de-verano\/\" \/>\n<meta property=\"og:site_name\" content=\"La Gu\u00eda de Pamplona\" \/>\n<meta property=\"article:publisher\" content=\"https:\/\/www.facebook.com\/laguiadepamplonacom-133175176762273\/?ref=hl\" \/>\n<meta property=\"article:published_time\" content=\"2015-04-29T14:14:43+00:00\" \/>\n<meta name=\"author\" content=\"La Gu\u00eda de Pamplona\" \/>\n<meta name=\"twitter:card\" content=\"summary_large_image\" \/>\n<meta name=\"twitter:creator\" content=\"@LaGuiadPamplona\" \/>\n<meta name=\"twitter:site\" content=\"@LaGuiadPamplona\" \/>\n<meta name=\"twitter:label1\" content=\"Escrito por\" \/>\n\t<meta name=\"twitter:data1\" content=\"La Gu\u00eda de Pamplona\" \/>\n\t<meta name=\"twitter:label2\" content=\"Tiempo de lectura\" \/>\n\t<meta name=\"twitter:data2\" content=\"1 minuto\" \/>\n<script type=\"application\/ld+json\" class=\"yoast-schema-graph\">{\"@context\":\"https:\\\/\\\/schema.org\",\"@graph\":[{\"@type\":\"Article\",\"@id\":\"https:\\\/\\\/www.laguiadepamplona.com\\\/actualidad\\\/las-salas-de-exposiciones-de-la-ciudadela-adoptan-desde-el-1-de-mayo-el-horario-de-verano\\\/#article\",\"isPartOf\":{\"@id\":\"https:\\\/\\\/www.laguiadepamplona.com\\\/actualidad\\\/las-salas-de-exposiciones-de-la-ciudadela-adoptan-desde-el-1-de-mayo-el-horario-de-verano\\\/\"},\"author\":{\"name\":\"La Gu\u00eda de Pamplona\",\"@id\":\"https:\\\/\\\/www.laguiadepamplona.com\\\/actualidad\\\/#\\\/schema\\\/person\\\/efe887376f0213d4657c93adc50b1fdb\"},\"headline\":\"Las salas de exposiciones de la Ciudadela adoptan desde el 1 de mayo el horario de verano\",\"datePublished\":\"2015-04-29T14:14:43+00:00\",\"mainEntityOfPage\":{\"@id\":\"https:\\\/\\\/www.laguiadepamplona.com\\\/actualidad\\\/las-salas-de-exposiciones-de-la-ciudadela-adoptan-desde-el-1-de-mayo-el-horario-de-verano\\\/\"},\"wordCount\":306,\"publisher\":{\"@id\":\"https:\\\/\\\/www.laguiadepamplona.com\\\/actualidad\\\/#organization\"},\"image\":{\"@id\":\"https:\\\/\\\/www.laguiadepamplona.com\\\/actualidad\\\/las-salas-de-exposiciones-de-la-ciudadela-adoptan-desde-el-1-de-mayo-el-horario-de-verano\\\/#primaryimage\"},\"thumbnailUrl\":\"\",\"keywords\":[\"actualidad\",\"ayto pamplona\",\"Ayuntamiento de Pamplona\",\"ciudadela\",\"horario verano\",\"noticias\",\"pamplona\",\"salas exposiciones\"],\"articleSection\":[\"Ayto Pamplona\"],\"inLanguage\":\"es\"},{\"@type\":\"WebPage\",\"@id\":\"https:\\\/\\\/www.laguiadepamplona.com\\\/actualidad\\\/las-salas-de-exposiciones-de-la-ciudadela-adoptan-desde-el-1-de-mayo-el-horario-de-verano\\\/\",\"url\":\"https:\\\/\\\/www.laguiadepamplona.com\\\/actualidad\\\/las-salas-de-exposiciones-de-la-ciudadela-adoptan-desde-el-1-de-mayo-el-horario-de-verano\\\/\",\"name\":\"Las salas de exposiciones de la Ciudadela adoptan desde el 1 de mayo el horario de verano\",\"isPartOf\":{\"@id\":\"https:\\\/\\\/www.laguiadepamplona.com\\\/actualidad\\\/#website\"},\"primaryImageOfPage\":{\"@id\":\"https:\\\/\\\/www.laguiadepamplona.com\\\/actualidad\\\/las-salas-de-exposiciones-de-la-ciudadela-adoptan-desde-el-1-de-mayo-el-horario-de-verano\\\/#primaryimage\"},\"image\":{\"@id\":\"https:\\\/\\\/www.laguiadepamplona.com\\\/actualidad\\\/las-salas-de-exposiciones-de-la-ciudadela-adoptan-desde-el-1-de-mayo-el-horario-de-verano\\\/#primaryimage\"},\"thumbnailUrl\":\"\",\"datePublished\":\"2015-04-29T14:14:43+00:00\",\"breadcrumb\":{\"@id\":\"https:\\\/\\\/www.laguiadepamplona.com\\\/actualidad\\\/las-salas-de-exposiciones-de-la-ciudadela-adoptan-desde-el-1-de-mayo-el-horario-de-verano\\\/#breadcrumb\"},\"inLanguage\":\"es\",\"potentialAction\":[{\"@type\":\"ReadAction\",\"target\":[\"https:\\\/\\\/www.laguiadepamplona.com\\\/actualidad\\\/las-salas-de-exposiciones-de-la-ciudadela-adoptan-desde-el-1-de-mayo-el-horario-de-verano\\\/\"]}]},{\"@type\":\"ImageObject\",\"inLanguage\":\"es\",\"@id\":\"https:\\\/\\\/www.laguiadepamplona.com\\\/actualidad\\\/las-salas-de-exposiciones-de-la-ciudadela-adoptan-desde-el-1-de-mayo-el-horario-de-verano\\\/#primaryimage\",\"url\":\"\",\"contentUrl\":\"\"},{\"@type\":\"BreadcrumbList\",\"@id\":\"https:\\\/\\\/www.laguiadepamplona.com\\\/actualidad\\\/las-salas-de-exposiciones-de-la-ciudadela-adoptan-desde-el-1-de-mayo-el-horario-de-verano\\\/#breadcrumb\",\"itemListElement\":[{\"@type\":\"ListItem\",\"position\":1,\"name\":\"Portada\",\"item\":\"https:\\\/\\\/www.laguiadepamplona.com\\\/actualidad\\\/\"},{\"@type\":\"ListItem\",\"position\":2,\"name\":\"Las salas de exposiciones de la Ciudadela adoptan desde el 1 de mayo el horario de verano\"}]},{\"@type\":\"WebSite\",\"@id\":\"https:\\\/\\\/www.laguiadepamplona.com\\\/actualidad\\\/#website\",\"url\":\"https:\\\/\\\/www.laguiadepamplona.com\\\/actualidad\\\/\",\"name\":\"La gu\u00eda de Pamplona\",\"description\":\"Noticias de Pamplona\",\"publisher\":{\"@id\":\"https:\\\/\\\/www.laguiadepamplona.com\\\/actualidad\\\/#organization\"},\"potentialAction\":[{\"@type\":\"SearchAction\",\"target\":{\"@type\":\"EntryPoint\",\"urlTemplate\":\"https:\\\/\\\/www.laguiadepamplona.com\\\/actualidad\\\/?s={search_term_string}\"},\"query-input\":{\"@type\":\"PropertyValueSpecification\",\"valueRequired\":true,\"valueName\":\"search_term_string\"}}],\"inLanguage\":\"es\"},{\"@type\":\"Organization\",\"@id\":\"https:\\\/\\\/www.laguiadepamplona.com\\\/actualidad\\\/#organization\",\"name\":\"La Gu\u00eda de Pamplona \\\/ Noticias\",\"url\":\"https:\\\/\\\/www.laguiadepamplona.com\\\/actualidad\\\/\",\"logo\":{\"@type\":\"ImageObject\",\"inLanguage\":\"es\",\"@id\":\"https:\\\/\\\/www.laguiadepamplona.com\\\/actualidad\\\/#\\\/schema\\\/logo\\\/image\\\/\",\"url\":\"https:\\\/\\\/www.laguiadepamplona.com\\\/actualidad\\\/wp-content\\\/uploads\\\/2018\\\/11\\\/logo-laguiadepamplona18-web1.png\",\"contentUrl\":\"https:\\\/\\\/www.laguiadepamplona.com\\\/actualidad\\\/wp-content\\\/uploads\\\/2018\\\/11\\\/logo-laguiadepamplona18-web1.png\",\"width\":600,\"height\":196,\"caption\":\"La Gu\u00eda de Pamplona \\\/ Noticias\"},\"image\":{\"@id\":\"https:\\\/\\\/www.laguiadepamplona.com\\\/actualidad\\\/#\\\/schema\\\/logo\\\/image\\\/\"},\"sameAs\":[\"https:\\\/\\\/www.facebook.com\\\/laguiadepamplonacom-133175176762273\\\/?ref=hl\",\"https:\\\/\\\/x.com\\\/LaGuiadPamplona\",\"https:\\\/\\\/www.instagram.com\\\/la_guia_de_pamplona\\\/\",\"https:\\\/\\\/www.youtube.com\\\/user\\\/laguiadepamplona\"]},{\"@type\":\"Person\",\"@id\":\"https:\\\/\\\/www.laguiadepamplona.com\\\/actualidad\\\/#\\\/schema\\\/person\\\/efe887376f0213d4657c93adc50b1fdb\",\"name\":\"La Gu\u00eda de Pamplona\",\"image\":{\"@type\":\"ImageObject\",\"inLanguage\":\"es\",\"@id\":\"https:\\\/\\\/secure.gravatar.com\\\/avatar\\\/b6992f131dc8d30ab0dff15446e9d346d9dbd95992de0fef795073f5ea83a81c?s=96&d=mm&r=g\",\"url\":\"https:\\\/\\\/secure.gravatar.com\\\/avatar\\\/b6992f131dc8d30ab0dff15446e9d346d9dbd95992de0fef795073f5ea83a81c?s=96&d=mm&r=g\",\"contentUrl\":\"https:\\\/\\\/secure.gravatar.com\\\/avatar\\\/b6992f131dc8d30ab0dff15446e9d346d9dbd95992de0fef795073f5ea83a81c?s=96&d=mm&r=g\",\"caption\":\"La Gu\u00eda de Pamplona\"}}]}<\/script>\n<!-- \/ Yoast SEO plugin. -->","yoast_head_json":{"title":"Las salas de exposiciones de la Ciudadela adoptan desde el 1 de mayo el horario de verano","robots":{"index":"index","follow":"follow","max-snippet":"max-snippet:-1","max-image-preview":"max-image-preview:large","max-video-preview":"max-video-preview:-1"},"canonical":"https:\/\/www.laguiadepamplona.com\/actualidad\/las-salas-de-exposiciones-de-la-ciudadela-adoptan-desde-el-1-de-mayo-el-horario-de-verano\/","og_locale":"es_ES","og_type":"article","og_title":"Las salas de exposiciones de la Ciudadela adoptan desde el 1 de mayo el horario de verano","og_description":"Por las tardes, de martes a s\u00e1bados, abrir\u00e1n de 18.30 a 21 horas, en lugar de permanecer abiertas de 17.30 a 20 horas como en invierno El pr\u00f3ximo 1 de...","og_url":"https:\/\/www.laguiadepamplona.com\/actualidad\/las-salas-de-exposiciones-de-la-ciudadela-adoptan-desde-el-1-de-mayo-el-horario-de-verano\/","og_site_name":"La Gu\u00eda de Pamplona","article_publisher":"https:\/\/www.facebook.com\/laguiadepamplonacom-133175176762273\/?ref=hl","article_published_time":"2015-04-29T14:14:43+00:00","author":"La Gu\u00eda de Pamplona","twitter_card":"summary_large_image","twitter_creator":"@LaGuiadPamplona","twitter_site":"@LaGuiadPamplona","twitter_misc":{"Escrito por":"La Gu\u00eda de Pamplona","Tiempo de lectura":"1 minuto"},"schema":{"@context":"https:\/\/schema.org","@graph":[{"@type":"Article","@id":"https:\/\/www.laguiadepamplona.com\/actualidad\/las-salas-de-exposiciones-de-la-ciudadela-adoptan-desde-el-1-de-mayo-el-horario-de-verano\/#article","isPartOf":{"@id":"https:\/\/www.laguiadepamplona.com\/actualidad\/las-salas-de-exposiciones-de-la-ciudadela-adoptan-desde-el-1-de-mayo-el-horario-de-verano\/"},"author":{"name":"La Gu\u00eda de Pamplona","@id":"https:\/\/www.laguiadepamplona.com\/actualidad\/#\/schema\/person\/efe887376f0213d4657c93adc50b1fdb"},"headline":"Las salas de exposiciones de la Ciudadela adoptan desde el 1 de mayo el horario de verano","datePublished":"2015-04-29T14:14:43+00:00","mainEntityOfPage":{"@id":"https:\/\/www.laguiadepamplona.com\/actualidad\/las-salas-de-exposiciones-de-la-ciudadela-adoptan-desde-el-1-de-mayo-el-horario-de-verano\/"},"wordCount":306,"publisher":{"@id":"https:\/\/www.laguiadepamplona.com\/actualidad\/#organization"},"image":{"@id":"https:\/\/www.laguiadepamplona.com\/actualidad\/las-salas-de-exposiciones-de-la-ciudadela-adoptan-desde-el-1-de-mayo-el-horario-de-verano\/#primaryimage"},"thumbnailUrl":"","keywords":["actualidad","ayto pamplona","Ayuntamiento de Pamplona","ciudadela","horario verano","noticias","pamplona","salas exposiciones"],"articleSection":["Ayto Pamplona"],"inLanguage":"es"},{"@type":"WebPage","@id":"https:\/\/www.laguiadepamplona.com\/actualidad\/las-salas-de-exposiciones-de-la-ciudadela-adoptan-desde-el-1-de-mayo-el-horario-de-verano\/","url":"https:\/\/www.laguiadepamplona.com\/actualidad\/las-salas-de-exposiciones-de-la-ciudadela-adoptan-desde-el-1-de-mayo-el-horario-de-verano\/","name":"Las salas de exposiciones de la Ciudadela adoptan desde el 1 de mayo el horario de verano","isPartOf":{"@id":"https:\/\/www.laguiadepamplona.com\/actualidad\/#website"},"primaryImageOfPage":{"@id":"https:\/\/www.laguiadepamplona.com\/actualidad\/las-salas-de-exposiciones-de-la-ciudadela-adoptan-desde-el-1-de-mayo-el-horario-de-verano\/#primaryimage"},"image":{"@id":"https:\/\/www.laguiadepamplona.com\/actualidad\/las-salas-de-exposiciones-de-la-ciudadela-adoptan-desde-el-1-de-mayo-el-horario-de-verano\/#primaryimage"},"thumbnailUrl":"","datePublished":"2015-04-29T14:14:43+00:00","breadcrumb":{"@id":"https:\/\/www.laguiadepamplona.com\/actualidad\/las-salas-de-exposiciones-de-la-ciudadela-adoptan-desde-el-1-de-mayo-el-horario-de-verano\/#breadcrumb"},"inLanguage":"es","potentialAction":[{"@type":"ReadAction","target":["https:\/\/www.laguiadepamplona.com\/actualidad\/las-salas-de-exposiciones-de-la-ciudadela-adoptan-desde-el-1-de-mayo-el-horario-de-verano\/"]}]},{"@type":"ImageObject","inLanguage":"es","@id":"https:\/\/www.laguiadepamplona.com\/actualidad\/las-salas-de-exposiciones-de-la-ciudadela-adoptan-desde-el-1-de-mayo-el-horario-de-verano\/#primaryimage","url":"","contentUrl":""},{"@type":"BreadcrumbList","@id":"https:\/\/www.laguiadepamplona.com\/actualidad\/las-salas-de-exposiciones-de-la-ciudadela-adoptan-desde-el-1-de-mayo-el-horario-de-verano\/#breadcrumb","itemListElement":[{"@type":"ListItem","position":1,"name":"Portada","item":"https:\/\/www.laguiadepamplona.com\/actualidad\/"},{"@type":"ListItem","position":2,"name":"Las salas de exposiciones de la Ciudadela adoptan desde el 1 de mayo el horario de verano"}]},{"@type":"WebSite","@id":"https:\/\/www.laguiadepamplona.com\/actualidad\/#website","url":"https:\/\/www.laguiadepamplona.com\/actualidad\/","name":"La gu\u00eda de Pamplona","description":"Noticias de Pamplona","publisher":{"@id":"https:\/\/www.laguiadepamplona.com\/actualidad\/#organization"},"potentialAction":[{"@type":"SearchAction","target":{"@type":"EntryPoint","urlTemplate":"https:\/\/www.laguiadepamplona.com\/actualidad\/?s={search_term_string}"},"query-input":{"@type":"PropertyValueSpecification","valueRequired":true,"valueName":"search_term_string"}}],"inLanguage":"es"},{"@type":"Organization","@id":"https:\/\/www.laguiadepamplona.com\/actualidad\/#organization","name":"La Gu\u00eda de Pamplona \/ Noticias","url":"https:\/\/www.laguiadepamplona.com\/actualidad\/","logo":{"@type":"ImageObject","inLanguage":"es","@id":"https:\/\/www.laguiadepamplona.com\/actualidad\/#\/schema\/logo\/image\/","url":"https:\/\/www.laguiadepamplona.com\/actualidad\/wp-content\/uploads\/2018\/11\/logo-laguiadepamplona18-web1.png","contentUrl":"https:\/\/www.laguiadepamplona.com\/actualidad\/wp-content\/uploads\/2018\/11\/logo-laguiadepamplona18-web1.png","width":600,"height":196,"caption":"La Gu\u00eda de Pamplona \/ Noticias"},"image":{"@id":"https:\/\/www.laguiadepamplona.com\/actualidad\/#\/schema\/logo\/image\/"},"sameAs":["https:\/\/www.facebook.com\/laguiadepamplonacom-133175176762273\/?ref=hl","https:\/\/x.com\/LaGuiadPamplona","https:\/\/www.instagram.com\/la_guia_de_pamplona\/","https:\/\/www.youtube.com\/user\/laguiadepamplona"]},{"@type":"Person","@id":"https:\/\/www.laguiadepamplona.com\/actualidad\/#\/schema\/person\/efe887376f0213d4657c93adc50b1fdb","name":"La Gu\u00eda de Pamplona","image":{"@type":"ImageObject","inLanguage":"es","@id":"https:\/\/secure.gravatar.com\/avatar\/b6992f131dc8d30ab0dff15446e9d346d9dbd95992de0fef795073f5ea83a81c?s=96&d=mm&r=g","url":"https:\/\/secure.gravatar.com\/avatar\/b6992f131dc8d30ab0dff15446e9d346d9dbd95992de0fef795073f5ea83a81c?s=96&d=mm&r=g","contentUrl":"https:\/\/secure.gravatar.com\/avatar\/b6992f131dc8d30ab0dff15446e9d346d9dbd95992de0fef795073f5ea83a81c?s=96&d=mm&r=g","caption":"La Gu\u00eda de Pamplona"}}]}},"post_mailing_queue_ids":[],"_links":{"self":[{"href":"https:\/\/www.laguiadepamplona.com\/actualidad\/wp-json\/wp\/v2\/posts\/5679","targetHints":{"allow":["GET"]}}],"collection":[{"href":"https:\/\/www.laguiadepamplona.com\/actualidad\/wp-json\/wp\/v2\/posts"}],"about":[{"href":"https:\/\/www.laguiadepamplona.com\/actualidad\/wp-json\/wp\/v2\/types\/post"}],"author":[{"embeddable":true,"href":"https:\/\/www.laguiadepamplona.com\/actualidad\/wp-json\/wp\/v2\/users\/1"}],"replies":[{"embeddable":true,"href":"https:\/\/www.laguiadepamplona.com\/actualidad\/wp-json\/wp\/v2\/comments?post=5679"}],"version-history":[{"count":0,"href":"https:\/\/www.laguiadepamplona.com\/actualidad\/wp-json\/wp\/v2\/posts\/5679\/revisions"}],"wp:featuredmedia":[{"embeddable":true,"href":"https:\/\/www.laguiadepamplona.com\/actualidad\/wp-json\/"}],"wp:attachment":[{"href":"https:\/\/www.laguiadepamplona.com\/actualidad\/wp-json\/wp\/v2\/media?parent=5679"}],"wp:term":[{"taxonomy":"category","embeddable":true,"href":"https:\/\/www.laguiadepamplona.com\/actualidad\/wp-json\/wp\/v2\/categories?post=5679"},{"taxonomy":"post_tag","embeddable":true,"href":"https:\/\/www.laguiadepamplona.com\/actualidad\/wp-json\/wp\/v2\/tags?post=5679"}],"curies":[{"name":"wp","href":"https:\/\/api.w.org\/{rel}","templated":true}]}}