{"id":5672,"date":"2015-04-29T13:28:09","date_gmt":"2015-04-29T11:28:09","guid":{"rendered":"http:\/\/laguiadepamplona.com\/actualidad\/?p=5672"},"modified":"2015-04-29T13:28:09","modified_gmt":"2015-04-29T11:28:09","slug":"recuperados-dos-videos-de-1982-del-pintor-mariano-royo-en-su-estudio-y-en-una-accion-artistica-que-se-proyectan-en-la-muestra-que-la-sala-de-armas-dedica-a-su-trayectoria","status":"publish","type":"post","link":"https:\/\/www.laguiadepamplona.com\/actualidad\/recuperados-dos-videos-de-1982-del-pintor-mariano-royo-en-su-estudio-y-en-una-accion-artistica-que-se-proyectan-en-la-muestra-que-la-sala-de-armas-dedica-a-su-trayectoria\/","title":{"rendered":"Recuperados dos v\u00eddeos de 1982 del pintor Mariano Royo en su estudio y en una acci\u00f3n art\u00edstica, que se proyectan en la muestra que la Sala de Armas dedica a su trayectoria"},"content":{"rendered":"<h4>Los v\u00eddeos los ha recuperado el periodista Koldo Lasa y pertenecen a los fondos de la Filmoteca de Navarra<\/h4>\n<p><a href=\"http:\/\/laguiadepamplona.com\/actualidad\/wp-content\/uploads\/2015\/04\/video_mariano_royo3.jpg\"><img loading=\"lazy\" decoding=\"async\" class=\"alignleft size-medium wp-image-5674\" src=\"http:\/\/laguiadepamplona.com\/actualidad\/wp-content\/uploads\/2015\/04\/video_mariano_royo3-300x226.jpg\" alt=\"video_mariano_royo3\" width=\"300\" height=\"226\" \/><\/a>La exposici\u00f3n que la primera planta de la Sala de Armas acoge sobre el pintor navarro Mariano Royo cuenta desde esta semana con la proyecci\u00f3n de dos v\u00eddeos de 1982 en los que el autor aparece pintando y trabajando en su estudio y en una actuaci\u00f3n art\u00edstica en Olite. Los documentos audiovisuales los ha recuperado el periodista y exdirector del Instituto Navarro de las Artes Audiovisuales y la Cinematograf\u00eda, Koldo Lasa.<\/p>\n<p>Los v\u00eddeos se conservan en su formato original U-Matic. Ambos son formatos de v\u00eddeo obsoletos y la conservaci\u00f3n de sus contenidos en muy precaria. Para poder exhibirlos en un formato actual, las im\u00e1genes han sido tratadas por Koldo Lasa, promotor de la iniciativa y participante en su momento en la grabaci\u00f3n de ambos documentos. Las im\u00e1genes pertenecen al Gobierno foral, ya que son fondos que est\u00e1n guardados en el archivo f\u00edlmico de la Filmoteca de Navarra y depositados en la secci\u00f3n de audiovisuales de la Biblioteca General de Navarra.<\/p>\n<p>\u2018Revisiones. Artistas navarros del siglo XX\u2019 es el t\u00edtulo de la muestra que recoge m\u00e1s de cuarenta obras creadas por Mariano Royo entre 1977 y 1985, a\u00f1o de su fallecimiento. La mayor parte de las obras pertenecen a colecciones p\u00fablicas y privadas. Hay cesiones de particulares y de instituciones como el Museo de Navarra, la Universidad P\u00fablica de Navarra o la Mancomunidad de la Comarca de Pamplona, cuadros a los que se unen los dos que posee el Ayuntamiento de Pamplona de este artista dentro de su Colecci\u00f3n de Arte Contempor\u00e1neo. La exposici\u00f3n se puede visitar hasta el 10 de mayo.<\/p>\n<p><strong>Dos v\u00eddeos de 1982<\/strong><\/p>\n<p><a href=\"http:\/\/laguiadepamplona.com\/actualidad\/wp-content\/uploads\/2015\/04\/video_mariano_royo2.jpg\"><img loading=\"lazy\" decoding=\"async\" class=\"alignleft size-medium wp-image-5673\" src=\"http:\/\/laguiadepamplona.com\/actualidad\/wp-content\/uploads\/2015\/04\/video_mariano_royo2-300x227.jpg\" alt=\"video_mariano_royo2\" width=\"300\" height=\"227\" \/><\/a>En el primer v\u00eddeo, Mariano Royo aparece pintando en su estudio. Se realiz\u00f3 en marzo de 1982 y corresponde a un trabajo llevado a cabo en un curso de iniciaci\u00f3n al v\u00eddeo que organiz\u00f3 la Instituci\u00f3n Pr\u00edncipe de Viana en el Museo de Navarra. Se grab\u00f3 en el estudio que Mariano Royo y Pedro Salaberri ten\u00edan en la calle Zapater\u00eda de Pamplona. El v\u00eddeo lo dirigi\u00f3 Valent\u00edn Red\u00edn y lo grab\u00f3 y edit\u00f3 Koldo Lasa.<\/p>\n<p>El segundo v\u00eddeo est\u00e1 grabado en los Festivales de Olite de agosto de 1982. Ese a\u00f1o se celebraba la segunda edici\u00f3n de unos festivales, que al a\u00f1o siguiente se llamar\u00edan ya Festivales de Navarra. La grabaci\u00f3n es un \u2018happening\u2019 o \u2018performance\u2019 de Mariano Royo en el patio de la pajarera del castillo de Olite. Fue una acci\u00f3n no anunciada el p\u00fablico en la que aparecen trabajadores del propio castillo o del taller de canter\u00eda. El audiovisual estaba tambi\u00e9n dirigido por Valent\u00edn Red\u00edn.<\/p>\n<p>Mariano Royo siempre tuvo mucho inter\u00e9s en el mundo audiovisual. De ah\u00ed, iniciativas como el curso de iniciaci\u00f3n al v\u00eddeo del Museo de Navarra o una pel\u00edcula sobre los esmaltes robados. del retablo de Aralar. En 1978, Royo rod\u00f3 el cortometraje \u201cEl poblado de Santa Luc\u00eda\u201d, que fue premiado en el Festival Internacional de Cine Documental de Bilbao.<\/p>\n<p>&nbsp;<\/p>\n","protected":false},"excerpt":{"rendered":"<p>Los v\u00eddeos los ha recuperado el periodista Koldo Lasa y pertenecen a los fondos de la Filmoteca de Navarra La exposici\u00f3n que la primera planta de la Sala de Armas&#8230;<\/p>\n","protected":false},"author":1,"featured_media":5674,"comment_status":"closed","ping_status":"closed","sticky":false,"template":"","format":"standard","meta":{"footnotes":""},"categories":[2],"tags":[5089,5,6,509,8,9,5090,5091,706,5092,5093],"class_list":["post-5672","post","type-post","status-publish","format-standard","has-post-thumbnail","hentry","category-ayuntamiento-pamplona","tag-5089","tag-actualidad","tag-ayto-pamplona","tag-ayuntamiento-de-pamplona","tag-noticias","tag-pamplona","tag-pintor-mariano-royo","tag-recuperados-dos-videos","tag-sala-de-armas","tag-su-estudio-y-en-una-accion-artistica","tag-trayectoria"],"yoast_head":"<!-- This site is optimized with the Yoast SEO plugin v27.5 - https:\/\/yoast.com\/product\/yoast-seo-wordpress\/ -->\n<title>Recuperados dos v\u00eddeos de 1982 del pintor Mariano Royo en su estudio y en una acci\u00f3n art\u00edstica, que se proyectan en la muestra que la Sala de Armas dedica a su trayectoria<\/title>\n<meta name=\"robots\" content=\"index, follow, max-snippet:-1, max-image-preview:large, max-video-preview:-1\" \/>\n<link rel=\"canonical\" href=\"https:\/\/www.laguiadepamplona.com\/actualidad\/recuperados-dos-videos-de-1982-del-pintor-mariano-royo-en-su-estudio-y-en-una-accion-artistica-que-se-proyectan-en-la-muestra-que-la-sala-de-armas-dedica-a-su-trayectoria\/\" \/>\n<meta property=\"og:locale\" content=\"es_ES\" \/>\n<meta property=\"og:type\" content=\"article\" \/>\n<meta property=\"og:title\" content=\"Recuperados dos v\u00eddeos de 1982 del pintor Mariano Royo en su estudio y en una acci\u00f3n art\u00edstica, que se proyectan en la muestra que la Sala de Armas dedica a su trayectoria\" \/>\n<meta property=\"og:description\" content=\"Los v\u00eddeos los ha recuperado el periodista Koldo Lasa y pertenecen a los fondos de la Filmoteca de Navarra La exposici\u00f3n que la primera planta de la Sala de Armas...\" \/>\n<meta property=\"og:url\" content=\"https:\/\/www.laguiadepamplona.com\/actualidad\/recuperados-dos-videos-de-1982-del-pintor-mariano-royo-en-su-estudio-y-en-una-accion-artistica-que-se-proyectan-en-la-muestra-que-la-sala-de-armas-dedica-a-su-trayectoria\/\" \/>\n<meta property=\"og:site_name\" content=\"La Gu\u00eda de Pamplona\" \/>\n<meta property=\"article:publisher\" content=\"https:\/\/www.facebook.com\/laguiadepamplonacom-133175176762273\/?ref=hl\" \/>\n<meta property=\"article:published_time\" content=\"2015-04-29T11:28:09+00:00\" \/>\n<meta name=\"author\" content=\"La Gu\u00eda de Pamplona\" \/>\n<meta name=\"twitter:card\" content=\"summary_large_image\" \/>\n<meta name=\"twitter:creator\" content=\"@LaGuiadPamplona\" \/>\n<meta name=\"twitter:site\" content=\"@LaGuiadPamplona\" \/>\n<meta name=\"twitter:label1\" content=\"Escrito por\" \/>\n\t<meta name=\"twitter:data1\" content=\"La Gu\u00eda de Pamplona\" \/>\n\t<meta name=\"twitter:label2\" content=\"Tiempo de lectura\" \/>\n\t<meta name=\"twitter:data2\" content=\"3 minutos\" \/>\n<script type=\"application\/ld+json\" class=\"yoast-schema-graph\">{\"@context\":\"https:\\\/\\\/schema.org\",\"@graph\":[{\"@type\":\"Article\",\"@id\":\"https:\\\/\\\/www.laguiadepamplona.com\\\/actualidad\\\/recuperados-dos-videos-de-1982-del-pintor-mariano-royo-en-su-estudio-y-en-una-accion-artistica-que-se-proyectan-en-la-muestra-que-la-sala-de-armas-dedica-a-su-trayectoria\\\/#article\",\"isPartOf\":{\"@id\":\"https:\\\/\\\/www.laguiadepamplona.com\\\/actualidad\\\/recuperados-dos-videos-de-1982-del-pintor-mariano-royo-en-su-estudio-y-en-una-accion-artistica-que-se-proyectan-en-la-muestra-que-la-sala-de-armas-dedica-a-su-trayectoria\\\/\"},\"author\":{\"name\":\"La Gu\u00eda de Pamplona\",\"@id\":\"https:\\\/\\\/www.laguiadepamplona.com\\\/actualidad\\\/#\\\/schema\\\/person\\\/efe887376f0213d4657c93adc50b1fdb\"},\"headline\":\"Recuperados dos v\u00eddeos de 1982 del pintor Mariano Royo en su estudio y en una acci\u00f3n art\u00edstica, que se proyectan en la muestra que la Sala de Armas dedica a su trayectoria\",\"datePublished\":\"2015-04-29T11:28:09+00:00\",\"mainEntityOfPage\":{\"@id\":\"https:\\\/\\\/www.laguiadepamplona.com\\\/actualidad\\\/recuperados-dos-videos-de-1982-del-pintor-mariano-royo-en-su-estudio-y-en-una-accion-artistica-que-se-proyectan-en-la-muestra-que-la-sala-de-armas-dedica-a-su-trayectoria\\\/\"},\"wordCount\":578,\"publisher\":{\"@id\":\"https:\\\/\\\/www.laguiadepamplona.com\\\/actualidad\\\/#organization\"},\"image\":{\"@id\":\"https:\\\/\\\/www.laguiadepamplona.com\\\/actualidad\\\/recuperados-dos-videos-de-1982-del-pintor-mariano-royo-en-su-estudio-y-en-una-accion-artistica-que-se-proyectan-en-la-muestra-que-la-sala-de-armas-dedica-a-su-trayectoria\\\/#primaryimage\"},\"thumbnailUrl\":\"\",\"keywords\":[\"1982\",\"actualidad\",\"ayto pamplona\",\"Ayuntamiento de Pamplona\",\"noticias\",\"pamplona\",\"pintor Mariano Royo\",\"Recuperados dos v\u00eddeos\",\"sala de armas\",\"su estudio y en una acci\u00f3n art\u00edstica\",\"trayectoria\"],\"articleSection\":[\"Ayto Pamplona\"],\"inLanguage\":\"es\"},{\"@type\":\"WebPage\",\"@id\":\"https:\\\/\\\/www.laguiadepamplona.com\\\/actualidad\\\/recuperados-dos-videos-de-1982-del-pintor-mariano-royo-en-su-estudio-y-en-una-accion-artistica-que-se-proyectan-en-la-muestra-que-la-sala-de-armas-dedica-a-su-trayectoria\\\/\",\"url\":\"https:\\\/\\\/www.laguiadepamplona.com\\\/actualidad\\\/recuperados-dos-videos-de-1982-del-pintor-mariano-royo-en-su-estudio-y-en-una-accion-artistica-que-se-proyectan-en-la-muestra-que-la-sala-de-armas-dedica-a-su-trayectoria\\\/\",\"name\":\"Recuperados dos v\u00eddeos de 1982 del pintor Mariano Royo en su estudio y en una acci\u00f3n art\u00edstica, que se proyectan en la muestra que la Sala de Armas dedica a su trayectoria\",\"isPartOf\":{\"@id\":\"https:\\\/\\\/www.laguiadepamplona.com\\\/actualidad\\\/#website\"},\"primaryImageOfPage\":{\"@id\":\"https:\\\/\\\/www.laguiadepamplona.com\\\/actualidad\\\/recuperados-dos-videos-de-1982-del-pintor-mariano-royo-en-su-estudio-y-en-una-accion-artistica-que-se-proyectan-en-la-muestra-que-la-sala-de-armas-dedica-a-su-trayectoria\\\/#primaryimage\"},\"image\":{\"@id\":\"https:\\\/\\\/www.laguiadepamplona.com\\\/actualidad\\\/recuperados-dos-videos-de-1982-del-pintor-mariano-royo-en-su-estudio-y-en-una-accion-artistica-que-se-proyectan-en-la-muestra-que-la-sala-de-armas-dedica-a-su-trayectoria\\\/#primaryimage\"},\"thumbnailUrl\":\"\",\"datePublished\":\"2015-04-29T11:28:09+00:00\",\"breadcrumb\":{\"@id\":\"https:\\\/\\\/www.laguiadepamplona.com\\\/actualidad\\\/recuperados-dos-videos-de-1982-del-pintor-mariano-royo-en-su-estudio-y-en-una-accion-artistica-que-se-proyectan-en-la-muestra-que-la-sala-de-armas-dedica-a-su-trayectoria\\\/#breadcrumb\"},\"inLanguage\":\"es\",\"potentialAction\":[{\"@type\":\"ReadAction\",\"target\":[\"https:\\\/\\\/www.laguiadepamplona.com\\\/actualidad\\\/recuperados-dos-videos-de-1982-del-pintor-mariano-royo-en-su-estudio-y-en-una-accion-artistica-que-se-proyectan-en-la-muestra-que-la-sala-de-armas-dedica-a-su-trayectoria\\\/\"]}]},{\"@type\":\"ImageObject\",\"inLanguage\":\"es\",\"@id\":\"https:\\\/\\\/www.laguiadepamplona.com\\\/actualidad\\\/recuperados-dos-videos-de-1982-del-pintor-mariano-royo-en-su-estudio-y-en-una-accion-artistica-que-se-proyectan-en-la-muestra-que-la-sala-de-armas-dedica-a-su-trayectoria\\\/#primaryimage\",\"url\":\"\",\"contentUrl\":\"\"},{\"@type\":\"BreadcrumbList\",\"@id\":\"https:\\\/\\\/www.laguiadepamplona.com\\\/actualidad\\\/recuperados-dos-videos-de-1982-del-pintor-mariano-royo-en-su-estudio-y-en-una-accion-artistica-que-se-proyectan-en-la-muestra-que-la-sala-de-armas-dedica-a-su-trayectoria\\\/#breadcrumb\",\"itemListElement\":[{\"@type\":\"ListItem\",\"position\":1,\"name\":\"Portada\",\"item\":\"https:\\\/\\\/www.laguiadepamplona.com\\\/actualidad\\\/\"},{\"@type\":\"ListItem\",\"position\":2,\"name\":\"Recuperados dos v\u00eddeos de 1982 del pintor Mariano Royo en su estudio y en una acci\u00f3n art\u00edstica, que se proyectan en la muestra que la Sala de Armas dedica a su trayectoria\"}]},{\"@type\":\"WebSite\",\"@id\":\"https:\\\/\\\/www.laguiadepamplona.com\\\/actualidad\\\/#website\",\"url\":\"https:\\\/\\\/www.laguiadepamplona.com\\\/actualidad\\\/\",\"name\":\"La gu\u00eda de Pamplona\",\"description\":\"Noticias de Pamplona\",\"publisher\":{\"@id\":\"https:\\\/\\\/www.laguiadepamplona.com\\\/actualidad\\\/#organization\"},\"potentialAction\":[{\"@type\":\"SearchAction\",\"target\":{\"@type\":\"EntryPoint\",\"urlTemplate\":\"https:\\\/\\\/www.laguiadepamplona.com\\\/actualidad\\\/?s={search_term_string}\"},\"query-input\":{\"@type\":\"PropertyValueSpecification\",\"valueRequired\":true,\"valueName\":\"search_term_string\"}}],\"inLanguage\":\"es\"},{\"@type\":\"Organization\",\"@id\":\"https:\\\/\\\/www.laguiadepamplona.com\\\/actualidad\\\/#organization\",\"name\":\"La Gu\u00eda de Pamplona \\\/ Noticias\",\"url\":\"https:\\\/\\\/www.laguiadepamplona.com\\\/actualidad\\\/\",\"logo\":{\"@type\":\"ImageObject\",\"inLanguage\":\"es\",\"@id\":\"https:\\\/\\\/www.laguiadepamplona.com\\\/actualidad\\\/#\\\/schema\\\/logo\\\/image\\\/\",\"url\":\"https:\\\/\\\/www.laguiadepamplona.com\\\/actualidad\\\/wp-content\\\/uploads\\\/2018\\\/11\\\/logo-laguiadepamplona18-web1.png\",\"contentUrl\":\"https:\\\/\\\/www.laguiadepamplona.com\\\/actualidad\\\/wp-content\\\/uploads\\\/2018\\\/11\\\/logo-laguiadepamplona18-web1.png\",\"width\":600,\"height\":196,\"caption\":\"La Gu\u00eda de Pamplona \\\/ Noticias\"},\"image\":{\"@id\":\"https:\\\/\\\/www.laguiadepamplona.com\\\/actualidad\\\/#\\\/schema\\\/logo\\\/image\\\/\"},\"sameAs\":[\"https:\\\/\\\/www.facebook.com\\\/laguiadepamplonacom-133175176762273\\\/?ref=hl\",\"https:\\\/\\\/x.com\\\/LaGuiadPamplona\",\"https:\\\/\\\/www.instagram.com\\\/la_guia_de_pamplona\\\/\",\"https:\\\/\\\/www.youtube.com\\\/user\\\/laguiadepamplona\"]},{\"@type\":\"Person\",\"@id\":\"https:\\\/\\\/www.laguiadepamplona.com\\\/actualidad\\\/#\\\/schema\\\/person\\\/efe887376f0213d4657c93adc50b1fdb\",\"name\":\"La Gu\u00eda de Pamplona\",\"image\":{\"@type\":\"ImageObject\",\"inLanguage\":\"es\",\"@id\":\"https:\\\/\\\/secure.gravatar.com\\\/avatar\\\/b6992f131dc8d30ab0dff15446e9d346d9dbd95992de0fef795073f5ea83a81c?s=96&d=mm&r=g\",\"url\":\"https:\\\/\\\/secure.gravatar.com\\\/avatar\\\/b6992f131dc8d30ab0dff15446e9d346d9dbd95992de0fef795073f5ea83a81c?s=96&d=mm&r=g\",\"contentUrl\":\"https:\\\/\\\/secure.gravatar.com\\\/avatar\\\/b6992f131dc8d30ab0dff15446e9d346d9dbd95992de0fef795073f5ea83a81c?s=96&d=mm&r=g\",\"caption\":\"La Gu\u00eda de Pamplona\"}}]}<\/script>\n<!-- \/ Yoast SEO plugin. -->","yoast_head_json":{"title":"Recuperados dos v\u00eddeos de 1982 del pintor Mariano Royo en su estudio y en una acci\u00f3n art\u00edstica, que se proyectan en la muestra que la Sala de Armas dedica a su trayectoria","robots":{"index":"index","follow":"follow","max-snippet":"max-snippet:-1","max-image-preview":"max-image-preview:large","max-video-preview":"max-video-preview:-1"},"canonical":"https:\/\/www.laguiadepamplona.com\/actualidad\/recuperados-dos-videos-de-1982-del-pintor-mariano-royo-en-su-estudio-y-en-una-accion-artistica-que-se-proyectan-en-la-muestra-que-la-sala-de-armas-dedica-a-su-trayectoria\/","og_locale":"es_ES","og_type":"article","og_title":"Recuperados dos v\u00eddeos de 1982 del pintor Mariano Royo en su estudio y en una acci\u00f3n art\u00edstica, que se proyectan en la muestra que la Sala de Armas dedica a su trayectoria","og_description":"Los v\u00eddeos los ha recuperado el periodista Koldo Lasa y pertenecen a los fondos de la Filmoteca de Navarra La exposici\u00f3n que la primera planta de la Sala de Armas...","og_url":"https:\/\/www.laguiadepamplona.com\/actualidad\/recuperados-dos-videos-de-1982-del-pintor-mariano-royo-en-su-estudio-y-en-una-accion-artistica-que-se-proyectan-en-la-muestra-que-la-sala-de-armas-dedica-a-su-trayectoria\/","og_site_name":"La Gu\u00eda de Pamplona","article_publisher":"https:\/\/www.facebook.com\/laguiadepamplonacom-133175176762273\/?ref=hl","article_published_time":"2015-04-29T11:28:09+00:00","author":"La Gu\u00eda de Pamplona","twitter_card":"summary_large_image","twitter_creator":"@LaGuiadPamplona","twitter_site":"@LaGuiadPamplona","twitter_misc":{"Escrito por":"La Gu\u00eda de Pamplona","Tiempo de lectura":"3 minutos"},"schema":{"@context":"https:\/\/schema.org","@graph":[{"@type":"Article","@id":"https:\/\/www.laguiadepamplona.com\/actualidad\/recuperados-dos-videos-de-1982-del-pintor-mariano-royo-en-su-estudio-y-en-una-accion-artistica-que-se-proyectan-en-la-muestra-que-la-sala-de-armas-dedica-a-su-trayectoria\/#article","isPartOf":{"@id":"https:\/\/www.laguiadepamplona.com\/actualidad\/recuperados-dos-videos-de-1982-del-pintor-mariano-royo-en-su-estudio-y-en-una-accion-artistica-que-se-proyectan-en-la-muestra-que-la-sala-de-armas-dedica-a-su-trayectoria\/"},"author":{"name":"La Gu\u00eda de Pamplona","@id":"https:\/\/www.laguiadepamplona.com\/actualidad\/#\/schema\/person\/efe887376f0213d4657c93adc50b1fdb"},"headline":"Recuperados dos v\u00eddeos de 1982 del pintor Mariano Royo en su estudio y en una acci\u00f3n art\u00edstica, que se proyectan en la muestra que la Sala de Armas dedica a su trayectoria","datePublished":"2015-04-29T11:28:09+00:00","mainEntityOfPage":{"@id":"https:\/\/www.laguiadepamplona.com\/actualidad\/recuperados-dos-videos-de-1982-del-pintor-mariano-royo-en-su-estudio-y-en-una-accion-artistica-que-se-proyectan-en-la-muestra-que-la-sala-de-armas-dedica-a-su-trayectoria\/"},"wordCount":578,"publisher":{"@id":"https:\/\/www.laguiadepamplona.com\/actualidad\/#organization"},"image":{"@id":"https:\/\/www.laguiadepamplona.com\/actualidad\/recuperados-dos-videos-de-1982-del-pintor-mariano-royo-en-su-estudio-y-en-una-accion-artistica-que-se-proyectan-en-la-muestra-que-la-sala-de-armas-dedica-a-su-trayectoria\/#primaryimage"},"thumbnailUrl":"","keywords":["1982","actualidad","ayto pamplona","Ayuntamiento de Pamplona","noticias","pamplona","pintor Mariano Royo","Recuperados dos v\u00eddeos","sala de armas","su estudio y en una acci\u00f3n art\u00edstica","trayectoria"],"articleSection":["Ayto Pamplona"],"inLanguage":"es"},{"@type":"WebPage","@id":"https:\/\/www.laguiadepamplona.com\/actualidad\/recuperados-dos-videos-de-1982-del-pintor-mariano-royo-en-su-estudio-y-en-una-accion-artistica-que-se-proyectan-en-la-muestra-que-la-sala-de-armas-dedica-a-su-trayectoria\/","url":"https:\/\/www.laguiadepamplona.com\/actualidad\/recuperados-dos-videos-de-1982-del-pintor-mariano-royo-en-su-estudio-y-en-una-accion-artistica-que-se-proyectan-en-la-muestra-que-la-sala-de-armas-dedica-a-su-trayectoria\/","name":"Recuperados dos v\u00eddeos de 1982 del pintor Mariano Royo en su estudio y en una acci\u00f3n art\u00edstica, que se proyectan en la muestra que la Sala de Armas dedica a su trayectoria","isPartOf":{"@id":"https:\/\/www.laguiadepamplona.com\/actualidad\/#website"},"primaryImageOfPage":{"@id":"https:\/\/www.laguiadepamplona.com\/actualidad\/recuperados-dos-videos-de-1982-del-pintor-mariano-royo-en-su-estudio-y-en-una-accion-artistica-que-se-proyectan-en-la-muestra-que-la-sala-de-armas-dedica-a-su-trayectoria\/#primaryimage"},"image":{"@id":"https:\/\/www.laguiadepamplona.com\/actualidad\/recuperados-dos-videos-de-1982-del-pintor-mariano-royo-en-su-estudio-y-en-una-accion-artistica-que-se-proyectan-en-la-muestra-que-la-sala-de-armas-dedica-a-su-trayectoria\/#primaryimage"},"thumbnailUrl":"","datePublished":"2015-04-29T11:28:09+00:00","breadcrumb":{"@id":"https:\/\/www.laguiadepamplona.com\/actualidad\/recuperados-dos-videos-de-1982-del-pintor-mariano-royo-en-su-estudio-y-en-una-accion-artistica-que-se-proyectan-en-la-muestra-que-la-sala-de-armas-dedica-a-su-trayectoria\/#breadcrumb"},"inLanguage":"es","potentialAction":[{"@type":"ReadAction","target":["https:\/\/www.laguiadepamplona.com\/actualidad\/recuperados-dos-videos-de-1982-del-pintor-mariano-royo-en-su-estudio-y-en-una-accion-artistica-que-se-proyectan-en-la-muestra-que-la-sala-de-armas-dedica-a-su-trayectoria\/"]}]},{"@type":"ImageObject","inLanguage":"es","@id":"https:\/\/www.laguiadepamplona.com\/actualidad\/recuperados-dos-videos-de-1982-del-pintor-mariano-royo-en-su-estudio-y-en-una-accion-artistica-que-se-proyectan-en-la-muestra-que-la-sala-de-armas-dedica-a-su-trayectoria\/#primaryimage","url":"","contentUrl":""},{"@type":"BreadcrumbList","@id":"https:\/\/www.laguiadepamplona.com\/actualidad\/recuperados-dos-videos-de-1982-del-pintor-mariano-royo-en-su-estudio-y-en-una-accion-artistica-que-se-proyectan-en-la-muestra-que-la-sala-de-armas-dedica-a-su-trayectoria\/#breadcrumb","itemListElement":[{"@type":"ListItem","position":1,"name":"Portada","item":"https:\/\/www.laguiadepamplona.com\/actualidad\/"},{"@type":"ListItem","position":2,"name":"Recuperados dos v\u00eddeos de 1982 del pintor Mariano Royo en su estudio y en una acci\u00f3n art\u00edstica, que se proyectan en la muestra que la Sala de Armas dedica a su trayectoria"}]},{"@type":"WebSite","@id":"https:\/\/www.laguiadepamplona.com\/actualidad\/#website","url":"https:\/\/www.laguiadepamplona.com\/actualidad\/","name":"La gu\u00eda de Pamplona","description":"Noticias de Pamplona","publisher":{"@id":"https:\/\/www.laguiadepamplona.com\/actualidad\/#organization"},"potentialAction":[{"@type":"SearchAction","target":{"@type":"EntryPoint","urlTemplate":"https:\/\/www.laguiadepamplona.com\/actualidad\/?s={search_term_string}"},"query-input":{"@type":"PropertyValueSpecification","valueRequired":true,"valueName":"search_term_string"}}],"inLanguage":"es"},{"@type":"Organization","@id":"https:\/\/www.laguiadepamplona.com\/actualidad\/#organization","name":"La Gu\u00eda de Pamplona \/ Noticias","url":"https:\/\/www.laguiadepamplona.com\/actualidad\/","logo":{"@type":"ImageObject","inLanguage":"es","@id":"https:\/\/www.laguiadepamplona.com\/actualidad\/#\/schema\/logo\/image\/","url":"https:\/\/www.laguiadepamplona.com\/actualidad\/wp-content\/uploads\/2018\/11\/logo-laguiadepamplona18-web1.png","contentUrl":"https:\/\/www.laguiadepamplona.com\/actualidad\/wp-content\/uploads\/2018\/11\/logo-laguiadepamplona18-web1.png","width":600,"height":196,"caption":"La Gu\u00eda de Pamplona \/ Noticias"},"image":{"@id":"https:\/\/www.laguiadepamplona.com\/actualidad\/#\/schema\/logo\/image\/"},"sameAs":["https:\/\/www.facebook.com\/laguiadepamplonacom-133175176762273\/?ref=hl","https:\/\/x.com\/LaGuiadPamplona","https:\/\/www.instagram.com\/la_guia_de_pamplona\/","https:\/\/www.youtube.com\/user\/laguiadepamplona"]},{"@type":"Person","@id":"https:\/\/www.laguiadepamplona.com\/actualidad\/#\/schema\/person\/efe887376f0213d4657c93adc50b1fdb","name":"La Gu\u00eda de Pamplona","image":{"@type":"ImageObject","inLanguage":"es","@id":"https:\/\/secure.gravatar.com\/avatar\/b6992f131dc8d30ab0dff15446e9d346d9dbd95992de0fef795073f5ea83a81c?s=96&d=mm&r=g","url":"https:\/\/secure.gravatar.com\/avatar\/b6992f131dc8d30ab0dff15446e9d346d9dbd95992de0fef795073f5ea83a81c?s=96&d=mm&r=g","contentUrl":"https:\/\/secure.gravatar.com\/avatar\/b6992f131dc8d30ab0dff15446e9d346d9dbd95992de0fef795073f5ea83a81c?s=96&d=mm&r=g","caption":"La Gu\u00eda de Pamplona"}}]}},"post_mailing_queue_ids":[],"_links":{"self":[{"href":"https:\/\/www.laguiadepamplona.com\/actualidad\/wp-json\/wp\/v2\/posts\/5672","targetHints":{"allow":["GET"]}}],"collection":[{"href":"https:\/\/www.laguiadepamplona.com\/actualidad\/wp-json\/wp\/v2\/posts"}],"about":[{"href":"https:\/\/www.laguiadepamplona.com\/actualidad\/wp-json\/wp\/v2\/types\/post"}],"author":[{"embeddable":true,"href":"https:\/\/www.laguiadepamplona.com\/actualidad\/wp-json\/wp\/v2\/users\/1"}],"replies":[{"embeddable":true,"href":"https:\/\/www.laguiadepamplona.com\/actualidad\/wp-json\/wp\/v2\/comments?post=5672"}],"version-history":[{"count":0,"href":"https:\/\/www.laguiadepamplona.com\/actualidad\/wp-json\/wp\/v2\/posts\/5672\/revisions"}],"wp:featuredmedia":[{"embeddable":true,"href":"https:\/\/www.laguiadepamplona.com\/actualidad\/wp-json\/"}],"wp:attachment":[{"href":"https:\/\/www.laguiadepamplona.com\/actualidad\/wp-json\/wp\/v2\/media?parent=5672"}],"wp:term":[{"taxonomy":"category","embeddable":true,"href":"https:\/\/www.laguiadepamplona.com\/actualidad\/wp-json\/wp\/v2\/categories?post=5672"},{"taxonomy":"post_tag","embeddable":true,"href":"https:\/\/www.laguiadepamplona.com\/actualidad\/wp-json\/wp\/v2\/tags?post=5672"}],"curies":[{"name":"wp","href":"https:\/\/api.w.org\/{rel}","templated":true}]}}