{"id":5644,"date":"2015-04-28T12:17:48","date_gmt":"2015-04-28T10:17:48","guid":{"rendered":"http:\/\/laguiadepamplona.com\/actualidad\/?p=5644"},"modified":"2015-04-28T12:17:48","modified_gmt":"2015-04-28T10:17:48","slug":"las-bajeras-tendran-que-estar-cerradas-desalojadas-y-sin-uso-de-2-a-9-de-la-manana-de-lunes-a-viernes-y-de-2-30-a-9-los-sabados-domingos-y-festivos","status":"publish","type":"post","link":"https:\/\/www.laguiadepamplona.com\/actualidad\/las-bajeras-tendran-que-estar-cerradas-desalojadas-y-sin-uso-de-2-a-9-de-la-manana-de-lunes-a-viernes-y-de-2-30-a-9-los-sabados-domingos-y-festivos\/","title":{"rendered":"Las bajeras tendr\u00e1n que estar cerradas, desalojadas y sin uso de 2 a 9 de la ma\u00f1ana, de lunes a viernes, y de 2.30 a 9, los s\u00e1bados, domingos y festivos"},"content":{"rendered":"<h4>La Ordenanza Municipal reguladora de Locales de Ocio Privado asimila su horario al de las actividades recreativas de uso p\u00fablico<\/h4>\n<p><a href=\"http:\/\/laguiadepamplona.com\/actualidad\/wp-content\/uploads\/2014\/06\/Ayto_Pamplona.jpg\"><img loading=\"lazy\" decoding=\"async\" class=\"alignleft size-medium wp-image-2063\" src=\"http:\/\/laguiadepamplona.com\/actualidad\/wp-content\/uploads\/2014\/06\/Ayto_Pamplona-300x225.jpg\" alt=\"Ayto_Pamplona\" width=\"300\" height=\"225\" \/><\/a>La Junta de Gobierno Local del Ayuntamiento de Pamplona ha aprobado en su sesi\u00f3n de esta ma\u00f1ana la Ordenanza Municipal reguladora de Locales de Ocio Privado. El texto normativo, que deber\u00e1 ser aprobado por el pleno para su entrada en vigor, regula las condiciones de funcionamiento de estos locales de ocio privado, su horario y el procedimiento de obtenci\u00f3n de la licencia.<\/p>\n<p>La ordenanza entiende por locales de ocio privado \u201caquellos destinados a desarrollar actividades restringidas al \u00e1mbito puramente privado, de car\u00e1cter personal o social, que no se hallen abiertas a p\u00fablica concurrencia\u201d. La norma \u201cpretende garantizar que estos locales funcionen adecuadamente, evitando molestias y riesgos para los propios usuarios y para el vecindario\u201d. La ordenanza ha sido sometida a un proceso previo de participaci\u00f3n ciudadana y ha contado con las aportaciones, entre otros, de la Asesor\u00eda Jur\u00eddica de la Casa de la Juventud y del Defensor del Pueblo. Consta de exposici\u00f3n de motivos, dos t\u00edtulos que regulan las condiciones m\u00ednimas de funcionamiento y la protecci\u00f3n de la legalidad urban\u00edstica, nueve art\u00edculos, una disposici\u00f3n transitoria y una disposici\u00f3n final.<\/p>\n<p><strong>Horario de funcionamiento<\/strong><\/p>\n<p>Tal y como recoge el art\u00edculo 4, \u201clos locales de ocio privado deber\u00e1n reunir las condiciones t\u00e9cnicas necesarias, debiendo contar a estos efectos con la correspondiente licencia municipal\u201d. Adem\u00e1s, \u201clas normas de funcionamiento de los locales de ocio privado ser\u00e1n las mismas que las correspondientes a las actividades recreativas de uso p\u00fablico a las que sean asimilables\u201d. Con car\u00e1cter general, se exigir\u00e1n extintores de incendio y se\u00f1alizaci\u00f3n de evacuaci\u00f3n, e iluminaci\u00f3n adecuada (normal y de emergencia). En cuanto a las puertas de acceso y salida del local, \u201cser\u00e1n abatibles con eje de giro vertical y cuyo cierre, mientras haya actividad en el local, consista en un dispositivo de f\u00e1cil y r\u00e1pida apertura sin tener que utilizar una llave sin tener que actuar sobre m\u00e1s de un mecanismo no admiti\u00e9ndose las integradas en puertas basculantes o similares\u201d y deber\u00e1n tener \u201celementos de amortiguaci\u00f3n suficientes para no producir ruidos molestos\u201d.<\/p>\n<p>La ordenanza equipara en el art\u00edculo 6 los locales de ocio privado a las actividades recreativas de uso p\u00fablico en cuanto a su r\u00e9gimen de horarios. Por tanto, \u201cdeber\u00e1n permanecer cerrados, desalojados y sin uso entre las 02:00 horas y las 09:00 horas de la ma\u00f1ana de lunes a viernes. S\u00e1bados, domingos y festivos deber\u00e1n permanecer cerrados, desalojados y sin uso entre las 02:30 horas y las 9:00 horas de la ma\u00f1ana\u201d. La norma except\u00faa las fiestas de San Ferm\u00edn, Navidad y A\u00f1o Nuevo, periodos en los que no regir\u00e1 esa limitaci\u00f3n, aunque \u201cla constataci\u00f3n de molestias ocasionadas a los vecinos por el funcionamiento de la actividad podr\u00e1 dar lugar a las medidas proporcionadas que se consideren necesarias para garantizar el descanso de los vecinos\u201d.<\/p>\n<p><strong>Tramitaci\u00f3n de la licencia, que incluye el aforo del local<\/strong><\/p>\n<p>Las solicitudes para la implantaci\u00f3n de una actividad de ocio privado se har\u00e1n conforme a instancia normalizada que facilitar\u00e1 el Ayuntamiento de Pamplona. En el caso de que no se pretendan realizar obras, \u201cla solicitud espec\u00edfica vendr\u00e1 acompa\u00f1ada de un certificado t\u00e9cnico \u2013 seg\u00fan modelo \u2013 acreditativo de aptitud del local\u201d.<\/p>\n<p>Una vez comprobadas por los servicios t\u00e9cnicos municipales, la solicitud y la documentaci\u00f3n t\u00e9cnica presentadas, y previos los requerimientos oportunos si fueran precisos, el Ayuntamiento otorgar\u00e1, en su caso, \u201cla oportuna licencia, con el aforo y las condiciones procedentes\u201d. \u201cEl documento de notificaci\u00f3n del otorgamiento de la licencia deber\u00e1 constar en el local a disposici\u00f3n del personal del Ayuntamiento que realice las labores de revisi\u00f3n e inspecci\u00f3n de las actividades\u201d.<\/p>\n<p><strong>Inspecciones<\/strong><\/p>\n<p>Seg\u00fan la ordenanza, \u201cel Ayuntamiento podr\u00e1 realizar visitas de comprobaci\u00f3n para verificar que los locales y sus instalaciones se ajustan a la documentaci\u00f3n t\u00e9cnica presentada por sus titulares y a los t\u00e9rminos de la licencia concedida\u201d. La inspecci\u00f3n la podr\u00e1 llevar a cabo personal del Ayuntamiento oficialmente designado para realizar esa labor o Polic\u00eda Municipal.<\/p>\n<p>Si el Ayuntamiento conoce que una bajera funciona sin la preceptiva autorizaci\u00f3n municipal, \u201cpodr\u00e1 ordenar su suspensi\u00f3n, previa adopci\u00f3n de las medidas cautelares precisas y, adem\u00e1s, su la actividad pudiera legalizarse, requerir\u00e1 a su titular para que regularice su situaci\u00f3n\u00a0 concedi\u00e9ndole, para que inicie el procedimiento, un plazo que no podr\u00e1 ser superior a dos meses\u201d.\u00a0 Si la actividad no pudiera autorizarse, se proceder\u00eda a la clausura definitiva. Si es necesario subsanar deficiencias en el funcionamiento de la actividad, el Ayuntamiento requerir\u00e1 su correcci\u00f3n en un plazo que, \u201csalvo casos especiales debidamente justificados, no podr\u00e1 ser superior a un mes\u201d.<\/p>\n<p>La disposici\u00f3n transitoria se\u00f1ala que \u201cen caso de molestias denunciadas y constatadas relacionadas con locales ya en funcionamiento con licencia previa a la entrada en vigor de la presente Ordenanza, este Ayuntamiento podr\u00e1 exigir la solicitud de una nueva licencia ajustada a las disposiciones de esta norma\u201d.<\/p>\n<h3><a href=\"http:\/\/laguiadepamplona.com\/actualidad\/wp-content\/uploads\/2015\/04\/ordenanza_bajeras_locales_ocio_privado.pdf\" target=\"_blank\">ordenanza_bajeras_locales_ocio_privado.pdf<\/a><\/h3>\n","protected":false},"excerpt":{"rendered":"<p>La Ordenanza Municipal reguladora de Locales de Ocio Privado asimila su horario al de las actividades recreativas de uso p\u00fablico La Junta de Gobierno Local del Ayuntamiento de Pamplona ha&#8230;<\/p>\n","protected":false},"author":1,"featured_media":2063,"comment_status":"closed","ping_status":"closed","sticky":false,"template":"","format":"standard","meta":{"footnotes":""},"categories":[2],"tags":[5,6,509,4762,1643,8,4245,9],"class_list":["post-5644","post","type-post","status-publish","format-standard","has-post-thumbnail","hentry","category-ayuntamiento-pamplona","tag-actualidad","tag-ayto-pamplona","tag-ayuntamiento-de-pamplona","tag-bajeras","tag-horarios","tag-noticias","tag-ordenanzas","tag-pamplona"],"yoast_head":"<!-- This site is optimized with the Yoast SEO plugin v27.5 - https:\/\/yoast.com\/product\/yoast-seo-wordpress\/ -->\n<title>Las bajeras tendr\u00e1n que estar cerradas, desalojadas y sin uso de 2 a 9 de la ma\u00f1ana, de lunes a viernes, y de 2.30 a 9, los s\u00e1bados, domingos y festivos<\/title>\n<meta name=\"robots\" content=\"index, follow, max-snippet:-1, max-image-preview:large, max-video-preview:-1\" \/>\n<link rel=\"canonical\" href=\"https:\/\/www.laguiadepamplona.com\/actualidad\/las-bajeras-tendran-que-estar-cerradas-desalojadas-y-sin-uso-de-2-a-9-de-la-manana-de-lunes-a-viernes-y-de-2-30-a-9-los-sabados-domingos-y-festivos\/\" \/>\n<meta property=\"og:locale\" content=\"es_ES\" \/>\n<meta property=\"og:type\" content=\"article\" \/>\n<meta property=\"og:title\" content=\"Las bajeras tendr\u00e1n que estar cerradas, desalojadas y sin uso de 2 a 9 de la ma\u00f1ana, de lunes a viernes, y de 2.30 a 9, los s\u00e1bados, domingos y festivos\" \/>\n<meta property=\"og:description\" content=\"La Ordenanza Municipal reguladora de Locales de Ocio Privado asimila su horario al de las actividades recreativas de uso p\u00fablico La Junta de Gobierno Local del Ayuntamiento de Pamplona ha...\" \/>\n<meta property=\"og:url\" content=\"https:\/\/www.laguiadepamplona.com\/actualidad\/las-bajeras-tendran-que-estar-cerradas-desalojadas-y-sin-uso-de-2-a-9-de-la-manana-de-lunes-a-viernes-y-de-2-30-a-9-los-sabados-domingos-y-festivos\/\" \/>\n<meta property=\"og:site_name\" content=\"La Gu\u00eda de Pamplona\" \/>\n<meta property=\"article:publisher\" content=\"https:\/\/www.facebook.com\/laguiadepamplonacom-133175176762273\/?ref=hl\" \/>\n<meta property=\"article:published_time\" content=\"2015-04-28T10:17:48+00:00\" \/>\n<meta name=\"author\" content=\"La Gu\u00eda de Pamplona\" \/>\n<meta name=\"twitter:card\" content=\"summary_large_image\" \/>\n<meta name=\"twitter:creator\" content=\"@LaGuiadPamplona\" \/>\n<meta name=\"twitter:site\" content=\"@LaGuiadPamplona\" \/>\n<meta name=\"twitter:label1\" content=\"Escrito por\" \/>\n\t<meta name=\"twitter:data1\" content=\"La Gu\u00eda de Pamplona\" \/>\n\t<meta name=\"twitter:label2\" content=\"Tiempo de lectura\" \/>\n\t<meta name=\"twitter:data2\" content=\"4 minutos\" \/>\n<script type=\"application\/ld+json\" class=\"yoast-schema-graph\">{\"@context\":\"https:\\\/\\\/schema.org\",\"@graph\":[{\"@type\":\"Article\",\"@id\":\"https:\\\/\\\/www.laguiadepamplona.com\\\/actualidad\\\/las-bajeras-tendran-que-estar-cerradas-desalojadas-y-sin-uso-de-2-a-9-de-la-manana-de-lunes-a-viernes-y-de-2-30-a-9-los-sabados-domingos-y-festivos\\\/#article\",\"isPartOf\":{\"@id\":\"https:\\\/\\\/www.laguiadepamplona.com\\\/actualidad\\\/las-bajeras-tendran-que-estar-cerradas-desalojadas-y-sin-uso-de-2-a-9-de-la-manana-de-lunes-a-viernes-y-de-2-30-a-9-los-sabados-domingos-y-festivos\\\/\"},\"author\":{\"name\":\"La Gu\u00eda de Pamplona\",\"@id\":\"https:\\\/\\\/www.laguiadepamplona.com\\\/actualidad\\\/#\\\/schema\\\/person\\\/efe887376f0213d4657c93adc50b1fdb\"},\"headline\":\"Las bajeras tendr\u00e1n que estar cerradas, desalojadas y sin uso de 2 a 9 de la ma\u00f1ana, de lunes a viernes, y de 2.30 a 9, los s\u00e1bados, domingos y festivos\",\"datePublished\":\"2015-04-28T10:17:48+00:00\",\"mainEntityOfPage\":{\"@id\":\"https:\\\/\\\/www.laguiadepamplona.com\\\/actualidad\\\/las-bajeras-tendran-que-estar-cerradas-desalojadas-y-sin-uso-de-2-a-9-de-la-manana-de-lunes-a-viernes-y-de-2-30-a-9-los-sabados-domingos-y-festivos\\\/\"},\"wordCount\":917,\"publisher\":{\"@id\":\"https:\\\/\\\/www.laguiadepamplona.com\\\/actualidad\\\/#organization\"},\"image\":{\"@id\":\"https:\\\/\\\/www.laguiadepamplona.com\\\/actualidad\\\/las-bajeras-tendran-que-estar-cerradas-desalojadas-y-sin-uso-de-2-a-9-de-la-manana-de-lunes-a-viernes-y-de-2-30-a-9-los-sabados-domingos-y-festivos\\\/#primaryimage\"},\"thumbnailUrl\":\"\",\"keywords\":[\"actualidad\",\"ayto pamplona\",\"Ayuntamiento de Pamplona\",\"bajeras\",\"horarios\",\"noticias\",\"ordenanzas\",\"pamplona\"],\"articleSection\":[\"Ayto Pamplona\"],\"inLanguage\":\"es\"},{\"@type\":\"WebPage\",\"@id\":\"https:\\\/\\\/www.laguiadepamplona.com\\\/actualidad\\\/las-bajeras-tendran-que-estar-cerradas-desalojadas-y-sin-uso-de-2-a-9-de-la-manana-de-lunes-a-viernes-y-de-2-30-a-9-los-sabados-domingos-y-festivos\\\/\",\"url\":\"https:\\\/\\\/www.laguiadepamplona.com\\\/actualidad\\\/las-bajeras-tendran-que-estar-cerradas-desalojadas-y-sin-uso-de-2-a-9-de-la-manana-de-lunes-a-viernes-y-de-2-30-a-9-los-sabados-domingos-y-festivos\\\/\",\"name\":\"Las bajeras tendr\u00e1n que estar cerradas, desalojadas y sin uso de 2 a 9 de la ma\u00f1ana, de lunes a viernes, y de 2.30 a 9, los s\u00e1bados, domingos y festivos\",\"isPartOf\":{\"@id\":\"https:\\\/\\\/www.laguiadepamplona.com\\\/actualidad\\\/#website\"},\"primaryImageOfPage\":{\"@id\":\"https:\\\/\\\/www.laguiadepamplona.com\\\/actualidad\\\/las-bajeras-tendran-que-estar-cerradas-desalojadas-y-sin-uso-de-2-a-9-de-la-manana-de-lunes-a-viernes-y-de-2-30-a-9-los-sabados-domingos-y-festivos\\\/#primaryimage\"},\"image\":{\"@id\":\"https:\\\/\\\/www.laguiadepamplona.com\\\/actualidad\\\/las-bajeras-tendran-que-estar-cerradas-desalojadas-y-sin-uso-de-2-a-9-de-la-manana-de-lunes-a-viernes-y-de-2-30-a-9-los-sabados-domingos-y-festivos\\\/#primaryimage\"},\"thumbnailUrl\":\"\",\"datePublished\":\"2015-04-28T10:17:48+00:00\",\"breadcrumb\":{\"@id\":\"https:\\\/\\\/www.laguiadepamplona.com\\\/actualidad\\\/las-bajeras-tendran-que-estar-cerradas-desalojadas-y-sin-uso-de-2-a-9-de-la-manana-de-lunes-a-viernes-y-de-2-30-a-9-los-sabados-domingos-y-festivos\\\/#breadcrumb\"},\"inLanguage\":\"es\",\"potentialAction\":[{\"@type\":\"ReadAction\",\"target\":[\"https:\\\/\\\/www.laguiadepamplona.com\\\/actualidad\\\/las-bajeras-tendran-que-estar-cerradas-desalojadas-y-sin-uso-de-2-a-9-de-la-manana-de-lunes-a-viernes-y-de-2-30-a-9-los-sabados-domingos-y-festivos\\\/\"]}]},{\"@type\":\"ImageObject\",\"inLanguage\":\"es\",\"@id\":\"https:\\\/\\\/www.laguiadepamplona.com\\\/actualidad\\\/las-bajeras-tendran-que-estar-cerradas-desalojadas-y-sin-uso-de-2-a-9-de-la-manana-de-lunes-a-viernes-y-de-2-30-a-9-los-sabados-domingos-y-festivos\\\/#primaryimage\",\"url\":\"\",\"contentUrl\":\"\"},{\"@type\":\"BreadcrumbList\",\"@id\":\"https:\\\/\\\/www.laguiadepamplona.com\\\/actualidad\\\/las-bajeras-tendran-que-estar-cerradas-desalojadas-y-sin-uso-de-2-a-9-de-la-manana-de-lunes-a-viernes-y-de-2-30-a-9-los-sabados-domingos-y-festivos\\\/#breadcrumb\",\"itemListElement\":[{\"@type\":\"ListItem\",\"position\":1,\"name\":\"Portada\",\"item\":\"https:\\\/\\\/www.laguiadepamplona.com\\\/actualidad\\\/\"},{\"@type\":\"ListItem\",\"position\":2,\"name\":\"Las bajeras tendr\u00e1n que estar cerradas, desalojadas y sin uso de 2 a 9 de la ma\u00f1ana, de lunes a viernes, y de 2.30 a 9, los s\u00e1bados, domingos y festivos\"}]},{\"@type\":\"WebSite\",\"@id\":\"https:\\\/\\\/www.laguiadepamplona.com\\\/actualidad\\\/#website\",\"url\":\"https:\\\/\\\/www.laguiadepamplona.com\\\/actualidad\\\/\",\"name\":\"La gu\u00eda de Pamplona\",\"description\":\"Noticias de Pamplona\",\"publisher\":{\"@id\":\"https:\\\/\\\/www.laguiadepamplona.com\\\/actualidad\\\/#organization\"},\"potentialAction\":[{\"@type\":\"SearchAction\",\"target\":{\"@type\":\"EntryPoint\",\"urlTemplate\":\"https:\\\/\\\/www.laguiadepamplona.com\\\/actualidad\\\/?s={search_term_string}\"},\"query-input\":{\"@type\":\"PropertyValueSpecification\",\"valueRequired\":true,\"valueName\":\"search_term_string\"}}],\"inLanguage\":\"es\"},{\"@type\":\"Organization\",\"@id\":\"https:\\\/\\\/www.laguiadepamplona.com\\\/actualidad\\\/#organization\",\"name\":\"La Gu\u00eda de Pamplona \\\/ Noticias\",\"url\":\"https:\\\/\\\/www.laguiadepamplona.com\\\/actualidad\\\/\",\"logo\":{\"@type\":\"ImageObject\",\"inLanguage\":\"es\",\"@id\":\"https:\\\/\\\/www.laguiadepamplona.com\\\/actualidad\\\/#\\\/schema\\\/logo\\\/image\\\/\",\"url\":\"https:\\\/\\\/www.laguiadepamplona.com\\\/actualidad\\\/wp-content\\\/uploads\\\/2018\\\/11\\\/logo-laguiadepamplona18-web1.png\",\"contentUrl\":\"https:\\\/\\\/www.laguiadepamplona.com\\\/actualidad\\\/wp-content\\\/uploads\\\/2018\\\/11\\\/logo-laguiadepamplona18-web1.png\",\"width\":600,\"height\":196,\"caption\":\"La Gu\u00eda de Pamplona \\\/ Noticias\"},\"image\":{\"@id\":\"https:\\\/\\\/www.laguiadepamplona.com\\\/actualidad\\\/#\\\/schema\\\/logo\\\/image\\\/\"},\"sameAs\":[\"https:\\\/\\\/www.facebook.com\\\/laguiadepamplonacom-133175176762273\\\/?ref=hl\",\"https:\\\/\\\/x.com\\\/LaGuiadPamplona\",\"https:\\\/\\\/www.instagram.com\\\/la_guia_de_pamplona\\\/\",\"https:\\\/\\\/www.youtube.com\\\/user\\\/laguiadepamplona\"]},{\"@type\":\"Person\",\"@id\":\"https:\\\/\\\/www.laguiadepamplona.com\\\/actualidad\\\/#\\\/schema\\\/person\\\/efe887376f0213d4657c93adc50b1fdb\",\"name\":\"La Gu\u00eda de Pamplona\",\"image\":{\"@type\":\"ImageObject\",\"inLanguage\":\"es\",\"@id\":\"https:\\\/\\\/secure.gravatar.com\\\/avatar\\\/b6992f131dc8d30ab0dff15446e9d346d9dbd95992de0fef795073f5ea83a81c?s=96&d=mm&r=g\",\"url\":\"https:\\\/\\\/secure.gravatar.com\\\/avatar\\\/b6992f131dc8d30ab0dff15446e9d346d9dbd95992de0fef795073f5ea83a81c?s=96&d=mm&r=g\",\"contentUrl\":\"https:\\\/\\\/secure.gravatar.com\\\/avatar\\\/b6992f131dc8d30ab0dff15446e9d346d9dbd95992de0fef795073f5ea83a81c?s=96&d=mm&r=g\",\"caption\":\"La Gu\u00eda de Pamplona\"}}]}<\/script>\n<!-- \/ Yoast SEO plugin. -->","yoast_head_json":{"title":"Las bajeras tendr\u00e1n que estar cerradas, desalojadas y sin uso de 2 a 9 de la ma\u00f1ana, de lunes a viernes, y de 2.30 a 9, los s\u00e1bados, domingos y festivos","robots":{"index":"index","follow":"follow","max-snippet":"max-snippet:-1","max-image-preview":"max-image-preview:large","max-video-preview":"max-video-preview:-1"},"canonical":"https:\/\/www.laguiadepamplona.com\/actualidad\/las-bajeras-tendran-que-estar-cerradas-desalojadas-y-sin-uso-de-2-a-9-de-la-manana-de-lunes-a-viernes-y-de-2-30-a-9-los-sabados-domingos-y-festivos\/","og_locale":"es_ES","og_type":"article","og_title":"Las bajeras tendr\u00e1n que estar cerradas, desalojadas y sin uso de 2 a 9 de la ma\u00f1ana, de lunes a viernes, y de 2.30 a 9, los s\u00e1bados, domingos y festivos","og_description":"La Ordenanza Municipal reguladora de Locales de Ocio Privado asimila su horario al de las actividades recreativas de uso p\u00fablico La Junta de Gobierno Local del Ayuntamiento de Pamplona ha...","og_url":"https:\/\/www.laguiadepamplona.com\/actualidad\/las-bajeras-tendran-que-estar-cerradas-desalojadas-y-sin-uso-de-2-a-9-de-la-manana-de-lunes-a-viernes-y-de-2-30-a-9-los-sabados-domingos-y-festivos\/","og_site_name":"La Gu\u00eda de Pamplona","article_publisher":"https:\/\/www.facebook.com\/laguiadepamplonacom-133175176762273\/?ref=hl","article_published_time":"2015-04-28T10:17:48+00:00","author":"La Gu\u00eda de Pamplona","twitter_card":"summary_large_image","twitter_creator":"@LaGuiadPamplona","twitter_site":"@LaGuiadPamplona","twitter_misc":{"Escrito por":"La Gu\u00eda de Pamplona","Tiempo de lectura":"4 minutos"},"schema":{"@context":"https:\/\/schema.org","@graph":[{"@type":"Article","@id":"https:\/\/www.laguiadepamplona.com\/actualidad\/las-bajeras-tendran-que-estar-cerradas-desalojadas-y-sin-uso-de-2-a-9-de-la-manana-de-lunes-a-viernes-y-de-2-30-a-9-los-sabados-domingos-y-festivos\/#article","isPartOf":{"@id":"https:\/\/www.laguiadepamplona.com\/actualidad\/las-bajeras-tendran-que-estar-cerradas-desalojadas-y-sin-uso-de-2-a-9-de-la-manana-de-lunes-a-viernes-y-de-2-30-a-9-los-sabados-domingos-y-festivos\/"},"author":{"name":"La Gu\u00eda de Pamplona","@id":"https:\/\/www.laguiadepamplona.com\/actualidad\/#\/schema\/person\/efe887376f0213d4657c93adc50b1fdb"},"headline":"Las bajeras tendr\u00e1n que estar cerradas, desalojadas y sin uso de 2 a 9 de la ma\u00f1ana, de lunes a viernes, y de 2.30 a 9, los s\u00e1bados, domingos y festivos","datePublished":"2015-04-28T10:17:48+00:00","mainEntityOfPage":{"@id":"https:\/\/www.laguiadepamplona.com\/actualidad\/las-bajeras-tendran-que-estar-cerradas-desalojadas-y-sin-uso-de-2-a-9-de-la-manana-de-lunes-a-viernes-y-de-2-30-a-9-los-sabados-domingos-y-festivos\/"},"wordCount":917,"publisher":{"@id":"https:\/\/www.laguiadepamplona.com\/actualidad\/#organization"},"image":{"@id":"https:\/\/www.laguiadepamplona.com\/actualidad\/las-bajeras-tendran-que-estar-cerradas-desalojadas-y-sin-uso-de-2-a-9-de-la-manana-de-lunes-a-viernes-y-de-2-30-a-9-los-sabados-domingos-y-festivos\/#primaryimage"},"thumbnailUrl":"","keywords":["actualidad","ayto pamplona","Ayuntamiento de Pamplona","bajeras","horarios","noticias","ordenanzas","pamplona"],"articleSection":["Ayto Pamplona"],"inLanguage":"es"},{"@type":"WebPage","@id":"https:\/\/www.laguiadepamplona.com\/actualidad\/las-bajeras-tendran-que-estar-cerradas-desalojadas-y-sin-uso-de-2-a-9-de-la-manana-de-lunes-a-viernes-y-de-2-30-a-9-los-sabados-domingos-y-festivos\/","url":"https:\/\/www.laguiadepamplona.com\/actualidad\/las-bajeras-tendran-que-estar-cerradas-desalojadas-y-sin-uso-de-2-a-9-de-la-manana-de-lunes-a-viernes-y-de-2-30-a-9-los-sabados-domingos-y-festivos\/","name":"Las bajeras tendr\u00e1n que estar cerradas, desalojadas y sin uso de 2 a 9 de la ma\u00f1ana, de lunes a viernes, y de 2.30 a 9, los s\u00e1bados, domingos y festivos","isPartOf":{"@id":"https:\/\/www.laguiadepamplona.com\/actualidad\/#website"},"primaryImageOfPage":{"@id":"https:\/\/www.laguiadepamplona.com\/actualidad\/las-bajeras-tendran-que-estar-cerradas-desalojadas-y-sin-uso-de-2-a-9-de-la-manana-de-lunes-a-viernes-y-de-2-30-a-9-los-sabados-domingos-y-festivos\/#primaryimage"},"image":{"@id":"https:\/\/www.laguiadepamplona.com\/actualidad\/las-bajeras-tendran-que-estar-cerradas-desalojadas-y-sin-uso-de-2-a-9-de-la-manana-de-lunes-a-viernes-y-de-2-30-a-9-los-sabados-domingos-y-festivos\/#primaryimage"},"thumbnailUrl":"","datePublished":"2015-04-28T10:17:48+00:00","breadcrumb":{"@id":"https:\/\/www.laguiadepamplona.com\/actualidad\/las-bajeras-tendran-que-estar-cerradas-desalojadas-y-sin-uso-de-2-a-9-de-la-manana-de-lunes-a-viernes-y-de-2-30-a-9-los-sabados-domingos-y-festivos\/#breadcrumb"},"inLanguage":"es","potentialAction":[{"@type":"ReadAction","target":["https:\/\/www.laguiadepamplona.com\/actualidad\/las-bajeras-tendran-que-estar-cerradas-desalojadas-y-sin-uso-de-2-a-9-de-la-manana-de-lunes-a-viernes-y-de-2-30-a-9-los-sabados-domingos-y-festivos\/"]}]},{"@type":"ImageObject","inLanguage":"es","@id":"https:\/\/www.laguiadepamplona.com\/actualidad\/las-bajeras-tendran-que-estar-cerradas-desalojadas-y-sin-uso-de-2-a-9-de-la-manana-de-lunes-a-viernes-y-de-2-30-a-9-los-sabados-domingos-y-festivos\/#primaryimage","url":"","contentUrl":""},{"@type":"BreadcrumbList","@id":"https:\/\/www.laguiadepamplona.com\/actualidad\/las-bajeras-tendran-que-estar-cerradas-desalojadas-y-sin-uso-de-2-a-9-de-la-manana-de-lunes-a-viernes-y-de-2-30-a-9-los-sabados-domingos-y-festivos\/#breadcrumb","itemListElement":[{"@type":"ListItem","position":1,"name":"Portada","item":"https:\/\/www.laguiadepamplona.com\/actualidad\/"},{"@type":"ListItem","position":2,"name":"Las bajeras tendr\u00e1n que estar cerradas, desalojadas y sin uso de 2 a 9 de la ma\u00f1ana, de lunes a viernes, y de 2.30 a 9, los s\u00e1bados, domingos y festivos"}]},{"@type":"WebSite","@id":"https:\/\/www.laguiadepamplona.com\/actualidad\/#website","url":"https:\/\/www.laguiadepamplona.com\/actualidad\/","name":"La gu\u00eda de Pamplona","description":"Noticias de Pamplona","publisher":{"@id":"https:\/\/www.laguiadepamplona.com\/actualidad\/#organization"},"potentialAction":[{"@type":"SearchAction","target":{"@type":"EntryPoint","urlTemplate":"https:\/\/www.laguiadepamplona.com\/actualidad\/?s={search_term_string}"},"query-input":{"@type":"PropertyValueSpecification","valueRequired":true,"valueName":"search_term_string"}}],"inLanguage":"es"},{"@type":"Organization","@id":"https:\/\/www.laguiadepamplona.com\/actualidad\/#organization","name":"La Gu\u00eda de Pamplona \/ Noticias","url":"https:\/\/www.laguiadepamplona.com\/actualidad\/","logo":{"@type":"ImageObject","inLanguage":"es","@id":"https:\/\/www.laguiadepamplona.com\/actualidad\/#\/schema\/logo\/image\/","url":"https:\/\/www.laguiadepamplona.com\/actualidad\/wp-content\/uploads\/2018\/11\/logo-laguiadepamplona18-web1.png","contentUrl":"https:\/\/www.laguiadepamplona.com\/actualidad\/wp-content\/uploads\/2018\/11\/logo-laguiadepamplona18-web1.png","width":600,"height":196,"caption":"La Gu\u00eda de Pamplona \/ Noticias"},"image":{"@id":"https:\/\/www.laguiadepamplona.com\/actualidad\/#\/schema\/logo\/image\/"},"sameAs":["https:\/\/www.facebook.com\/laguiadepamplonacom-133175176762273\/?ref=hl","https:\/\/x.com\/LaGuiadPamplona","https:\/\/www.instagram.com\/la_guia_de_pamplona\/","https:\/\/www.youtube.com\/user\/laguiadepamplona"]},{"@type":"Person","@id":"https:\/\/www.laguiadepamplona.com\/actualidad\/#\/schema\/person\/efe887376f0213d4657c93adc50b1fdb","name":"La Gu\u00eda de Pamplona","image":{"@type":"ImageObject","inLanguage":"es","@id":"https:\/\/secure.gravatar.com\/avatar\/b6992f131dc8d30ab0dff15446e9d346d9dbd95992de0fef795073f5ea83a81c?s=96&d=mm&r=g","url":"https:\/\/secure.gravatar.com\/avatar\/b6992f131dc8d30ab0dff15446e9d346d9dbd95992de0fef795073f5ea83a81c?s=96&d=mm&r=g","contentUrl":"https:\/\/secure.gravatar.com\/avatar\/b6992f131dc8d30ab0dff15446e9d346d9dbd95992de0fef795073f5ea83a81c?s=96&d=mm&r=g","caption":"La Gu\u00eda de Pamplona"}}]}},"post_mailing_queue_ids":[],"_links":{"self":[{"href":"https:\/\/www.laguiadepamplona.com\/actualidad\/wp-json\/wp\/v2\/posts\/5644","targetHints":{"allow":["GET"]}}],"collection":[{"href":"https:\/\/www.laguiadepamplona.com\/actualidad\/wp-json\/wp\/v2\/posts"}],"about":[{"href":"https:\/\/www.laguiadepamplona.com\/actualidad\/wp-json\/wp\/v2\/types\/post"}],"author":[{"embeddable":true,"href":"https:\/\/www.laguiadepamplona.com\/actualidad\/wp-json\/wp\/v2\/users\/1"}],"replies":[{"embeddable":true,"href":"https:\/\/www.laguiadepamplona.com\/actualidad\/wp-json\/wp\/v2\/comments?post=5644"}],"version-history":[{"count":0,"href":"https:\/\/www.laguiadepamplona.com\/actualidad\/wp-json\/wp\/v2\/posts\/5644\/revisions"}],"wp:featuredmedia":[{"embeddable":true,"href":"https:\/\/www.laguiadepamplona.com\/actualidad\/wp-json\/"}],"wp:attachment":[{"href":"https:\/\/www.laguiadepamplona.com\/actualidad\/wp-json\/wp\/v2\/media?parent=5644"}],"wp:term":[{"taxonomy":"category","embeddable":true,"href":"https:\/\/www.laguiadepamplona.com\/actualidad\/wp-json\/wp\/v2\/categories?post=5644"},{"taxonomy":"post_tag","embeddable":true,"href":"https:\/\/www.laguiadepamplona.com\/actualidad\/wp-json\/wp\/v2\/tags?post=5644"}],"curies":[{"name":"wp","href":"https:\/\/api.w.org\/{rel}","templated":true}]}}