{"id":5610,"date":"2015-04-24T14:16:32","date_gmt":"2015-04-24T12:16:32","guid":{"rendered":"http:\/\/laguiadepamplona.com\/actualidad\/?p=5610"},"modified":"2015-04-24T14:16:32","modified_gmt":"2015-04-24T12:16:32","slug":"el-ciclo-sobre-reinas-de-navarra-ofrece-el-lunes-una-conferencia-en-civivox-condestable-centrada-en-placencia-y-constanza","status":"publish","type":"post","link":"https:\/\/www.laguiadepamplona.com\/actualidad\/el-ciclo-sobre-reinas-de-navarra-ofrece-el-lunes-una-conferencia-en-civivox-condestable-centrada-en-placencia-y-constanza\/","title":{"rendered":"El ciclo sobre \u2018Reinas de Navarra\u2019 ofrece el lunes una conferencia en Civivox Condestable centrada en \u2018Placencia y Constanza\u2019"},"content":{"rendered":"<h4>La conferencia estar\u00e1 impartida por Javier Ilund\u00e1in, doctor en Historia y secretario de la Sociedad de Estudios Hist\u00f3ricos de Navarra<\/h4>\n<p><a href=\"http:\/\/laguiadepamplona.com\/actualidad\/wp-content\/uploads\/2014\/09\/palacio-condestable-civivox.jpg\"><img loading=\"lazy\" decoding=\"async\" class=\"alignleft size-medium wp-image-3085\" src=\"http:\/\/laguiadepamplona.com\/actualidad\/wp-content\/uploads\/2014\/09\/palacio-condestable-civivox-300x225.jpg\" alt=\"palacio condestable-civivox\" width=\"300\" height=\"225\" \/><\/a>El ciclo sobre \u2018Reinas de Navarra\u2019 ofrece el pr\u00f3ximo lunes, 27 de abril, una conferencia sobre \u2018Placencia y Constanza\u2019, que contar\u00e1 con un coloquio y finalizar\u00e1 con el sorteo del libro \u2018Reinas de Navarra\u2019 de Julia Pav\u00f3n. El ponente de la charla ser\u00e1 Javier Ilund\u00e1in Chamarro, doctor en Historia por la Universidad de Navarra, profesor de Historia de Espa\u00f1a en la Universidad Internacional de La Rioja y secretario de la Sociedad de Estudios Hist\u00f3ricos de Navarra (SEHN). Sus investigaciones se han centrado en la historia urbana y social del reino de Navarra en la Edad Media. Entre sus publicaciones se puede citar \u2018Festejar (siglos XIII-XVI)\u2019, libro del que es coautor junto a Pablo Orduna.<\/p>\n<p>La sesi\u00f3n se celebrar\u00e1 en Civivox Condestable a las siete y media de la tarde con entrada libre. Est\u00e1 organizada por la Sociedad de Estudios Hist\u00f3ricos de Navarra en colaboraci\u00f3n con el Ayuntamiento de Pamplona. La monograf\u00eda que se sortear\u00e1, \u2018Reinas de Navarra\u2019, fue publicada en 2014. Est\u00e1 dirigida y coordinada por la doctora Julia Pav\u00f3n, profesora titular de Historia Medieval y directora del Departamento de Historia, Historia del Arte y Geograf\u00eda de la Universidad de Navarra. Re\u00fane a especialistas en la Historia de Navarra, muchos de ellos miembros de la Sociedad de Estudios Hist\u00f3ricos de Navarra. Julia Pav\u00f3n ha publicado, adem\u00e1s de su tesis doctoral \u2018Poblamiento altomedieval navarro\u2019; la edici\u00f3n, con Jaume Aurell, del libro \u2018Rewriting the Middle ages in the twentieth century\u2019.<\/p>\n<p><strong>Juan I y Juana de Valois, las siguientes protagonistas<\/strong><\/p>\n<p>El ciclo continuar\u00e1 el lunes 4 de mayo con Susana Herreros Lopetegui, que impartir\u00e1 una conferencia sobre Juana I. Por \u00faltimo, Juana de Valois ser\u00e1 la protagonista de la sesi\u00f3n del 11 de mayo en la que participar\u00e1 el ponente I\u00f1igo Arzoz Mendiz\u00e1bal. La dos se celebrar\u00e1n en Civivox Condestable a las siete y media de la tarde y finalizar\u00e1n con un coloquio abierto al p\u00fablico.<\/p>\n<p>La SEHN considera importante dar a conocer parte de los contenidos de las investigaciones centradas en las reinas de Navarra y propone que algunas de las reinas de Navarra cuya biograf\u00eda y relevancia han sido estudiadas por los especialistas, sean trasladadas al p\u00fablico general por los propios investigadores.<\/p>\n<p>&nbsp;<\/p>\n<p><strong>Conferencias \u2018Reinas de Navarra\u2019. Palacio del Condestable. 19.30 horas<\/strong><\/p>\n<ul>\n<li><strong>Placencia y Constanza<\/strong><\/li>\n<li>Ponente: Javier Ilund\u00e1in Chamarro. 27 de abril<\/li>\n<li><strong>Juana I<\/strong><\/li>\n<li>Ponente: Susana Herreros Lopetegui. 4 de mayo<\/li>\n<li><strong>Juana de Valois<\/strong><\/li>\n<li>Ponente: I\u00f1igo Arzoz Mendiz\u00e1bal. 11 de mayo<\/li>\n<\/ul>\n<p>&nbsp;<\/p>\n","protected":false},"excerpt":{"rendered":"<p>La conferencia estar\u00e1 impartida por Javier Ilund\u00e1in, doctor en Historia y secretario de la Sociedad de Estudios Hist\u00f3ricos de Navarra El ciclo sobre \u2018Reinas de Navarra\u2019 ofrece el pr\u00f3ximo lunes,&#8230;<\/p>\n","protected":false},"author":1,"featured_media":3085,"comment_status":"closed","ping_status":"closed","sticky":false,"template":"","format":"standard","meta":{"footnotes":""},"categories":[2],"tags":[5,6,509,453,149,5027,5028,8,9,5029,5030],"class_list":["post-5610","post","type-post","status-publish","format-standard","has-post-thumbnail","hentry","category-ayuntamiento-pamplona","tag-actualidad","tag-ayto-pamplona","tag-ayuntamiento-de-pamplona","tag-charla","tag-civivox-condestable","tag-javier-ilundain-chamarro","tag-julia-pavon","tag-noticias","tag-pamplona","tag-placencia-y-constanza","tag-reinas-de-navarra"],"yoast_head":"<!-- This site is optimized with the Yoast SEO plugin v27.5 - https:\/\/yoast.com\/product\/yoast-seo-wordpress\/ -->\n<title>El ciclo sobre \u2018Reinas de Navarra\u2019 ofrece el lunes una conferencia en Civivox Condestable centrada en \u2018Placencia y Constanza\u2019<\/title>\n<meta name=\"robots\" content=\"index, follow, max-snippet:-1, max-image-preview:large, max-video-preview:-1\" \/>\n<link rel=\"canonical\" href=\"https:\/\/www.laguiadepamplona.com\/actualidad\/el-ciclo-sobre-reinas-de-navarra-ofrece-el-lunes-una-conferencia-en-civivox-condestable-centrada-en-placencia-y-constanza\/\" \/>\n<meta property=\"og:locale\" content=\"es_ES\" \/>\n<meta property=\"og:type\" content=\"article\" \/>\n<meta property=\"og:title\" content=\"El ciclo sobre \u2018Reinas de Navarra\u2019 ofrece el lunes una conferencia en Civivox Condestable centrada en \u2018Placencia y Constanza\u2019\" \/>\n<meta property=\"og:description\" content=\"La conferencia estar\u00e1 impartida por Javier Ilund\u00e1in, doctor en Historia y secretario de la Sociedad de Estudios Hist\u00f3ricos de Navarra El ciclo sobre \u2018Reinas de Navarra\u2019 ofrece el pr\u00f3ximo lunes,...\" \/>\n<meta property=\"og:url\" content=\"https:\/\/www.laguiadepamplona.com\/actualidad\/el-ciclo-sobre-reinas-de-navarra-ofrece-el-lunes-una-conferencia-en-civivox-condestable-centrada-en-placencia-y-constanza\/\" \/>\n<meta property=\"og:site_name\" content=\"La Gu\u00eda de Pamplona\" \/>\n<meta property=\"article:publisher\" content=\"https:\/\/www.facebook.com\/laguiadepamplonacom-133175176762273\/?ref=hl\" \/>\n<meta property=\"article:published_time\" content=\"2015-04-24T12:16:32+00:00\" \/>\n<meta name=\"author\" content=\"La Gu\u00eda de Pamplona\" \/>\n<meta name=\"twitter:card\" content=\"summary_large_image\" \/>\n<meta name=\"twitter:creator\" content=\"@LaGuiadPamplona\" \/>\n<meta name=\"twitter:site\" content=\"@LaGuiadPamplona\" \/>\n<meta name=\"twitter:label1\" content=\"Escrito por\" \/>\n\t<meta name=\"twitter:data1\" content=\"La Gu\u00eda de Pamplona\" \/>\n\t<meta name=\"twitter:label2\" content=\"Tiempo de lectura\" \/>\n\t<meta name=\"twitter:data2\" content=\"2 minutos\" \/>\n<script type=\"application\/ld+json\" class=\"yoast-schema-graph\">{\"@context\":\"https:\\\/\\\/schema.org\",\"@graph\":[{\"@type\":\"Article\",\"@id\":\"https:\\\/\\\/www.laguiadepamplona.com\\\/actualidad\\\/el-ciclo-sobre-reinas-de-navarra-ofrece-el-lunes-una-conferencia-en-civivox-condestable-centrada-en-placencia-y-constanza\\\/#article\",\"isPartOf\":{\"@id\":\"https:\\\/\\\/www.laguiadepamplona.com\\\/actualidad\\\/el-ciclo-sobre-reinas-de-navarra-ofrece-el-lunes-una-conferencia-en-civivox-condestable-centrada-en-placencia-y-constanza\\\/\"},\"author\":{\"name\":\"La Gu\u00eda de Pamplona\",\"@id\":\"https:\\\/\\\/www.laguiadepamplona.com\\\/actualidad\\\/#\\\/schema\\\/person\\\/efe887376f0213d4657c93adc50b1fdb\"},\"headline\":\"El ciclo sobre \u2018Reinas de Navarra\u2019 ofrece el lunes una conferencia en Civivox Condestable centrada en \u2018Placencia y Constanza\u2019\",\"datePublished\":\"2015-04-24T12:16:32+00:00\",\"mainEntityOfPage\":{\"@id\":\"https:\\\/\\\/www.laguiadepamplona.com\\\/actualidad\\\/el-ciclo-sobre-reinas-de-navarra-ofrece-el-lunes-una-conferencia-en-civivox-condestable-centrada-en-placencia-y-constanza\\\/\"},\"wordCount\":461,\"publisher\":{\"@id\":\"https:\\\/\\\/www.laguiadepamplona.com\\\/actualidad\\\/#organization\"},\"image\":{\"@id\":\"https:\\\/\\\/www.laguiadepamplona.com\\\/actualidad\\\/el-ciclo-sobre-reinas-de-navarra-ofrece-el-lunes-una-conferencia-en-civivox-condestable-centrada-en-placencia-y-constanza\\\/#primaryimage\"},\"thumbnailUrl\":\"\",\"keywords\":[\"actualidad\",\"ayto pamplona\",\"Ayuntamiento de Pamplona\",\"charla\",\"civivox condestable\",\"Javier Ilund\u00e1in Chamarro\",\"Julia Pav\u00f3n\",\"noticias\",\"pamplona\",\"Placencia y Constanza\",\"Reinas de Navarra\"],\"articleSection\":[\"Ayto Pamplona\"],\"inLanguage\":\"es\"},{\"@type\":\"WebPage\",\"@id\":\"https:\\\/\\\/www.laguiadepamplona.com\\\/actualidad\\\/el-ciclo-sobre-reinas-de-navarra-ofrece-el-lunes-una-conferencia-en-civivox-condestable-centrada-en-placencia-y-constanza\\\/\",\"url\":\"https:\\\/\\\/www.laguiadepamplona.com\\\/actualidad\\\/el-ciclo-sobre-reinas-de-navarra-ofrece-el-lunes-una-conferencia-en-civivox-condestable-centrada-en-placencia-y-constanza\\\/\",\"name\":\"El ciclo sobre \u2018Reinas de Navarra\u2019 ofrece el lunes una conferencia en Civivox Condestable centrada en \u2018Placencia y Constanza\u2019\",\"isPartOf\":{\"@id\":\"https:\\\/\\\/www.laguiadepamplona.com\\\/actualidad\\\/#website\"},\"primaryImageOfPage\":{\"@id\":\"https:\\\/\\\/www.laguiadepamplona.com\\\/actualidad\\\/el-ciclo-sobre-reinas-de-navarra-ofrece-el-lunes-una-conferencia-en-civivox-condestable-centrada-en-placencia-y-constanza\\\/#primaryimage\"},\"image\":{\"@id\":\"https:\\\/\\\/www.laguiadepamplona.com\\\/actualidad\\\/el-ciclo-sobre-reinas-de-navarra-ofrece-el-lunes-una-conferencia-en-civivox-condestable-centrada-en-placencia-y-constanza\\\/#primaryimage\"},\"thumbnailUrl\":\"\",\"datePublished\":\"2015-04-24T12:16:32+00:00\",\"breadcrumb\":{\"@id\":\"https:\\\/\\\/www.laguiadepamplona.com\\\/actualidad\\\/el-ciclo-sobre-reinas-de-navarra-ofrece-el-lunes-una-conferencia-en-civivox-condestable-centrada-en-placencia-y-constanza\\\/#breadcrumb\"},\"inLanguage\":\"es\",\"potentialAction\":[{\"@type\":\"ReadAction\",\"target\":[\"https:\\\/\\\/www.laguiadepamplona.com\\\/actualidad\\\/el-ciclo-sobre-reinas-de-navarra-ofrece-el-lunes-una-conferencia-en-civivox-condestable-centrada-en-placencia-y-constanza\\\/\"]}]},{\"@type\":\"ImageObject\",\"inLanguage\":\"es\",\"@id\":\"https:\\\/\\\/www.laguiadepamplona.com\\\/actualidad\\\/el-ciclo-sobre-reinas-de-navarra-ofrece-el-lunes-una-conferencia-en-civivox-condestable-centrada-en-placencia-y-constanza\\\/#primaryimage\",\"url\":\"\",\"contentUrl\":\"\"},{\"@type\":\"BreadcrumbList\",\"@id\":\"https:\\\/\\\/www.laguiadepamplona.com\\\/actualidad\\\/el-ciclo-sobre-reinas-de-navarra-ofrece-el-lunes-una-conferencia-en-civivox-condestable-centrada-en-placencia-y-constanza\\\/#breadcrumb\",\"itemListElement\":[{\"@type\":\"ListItem\",\"position\":1,\"name\":\"Portada\",\"item\":\"https:\\\/\\\/www.laguiadepamplona.com\\\/actualidad\\\/\"},{\"@type\":\"ListItem\",\"position\":2,\"name\":\"El ciclo sobre \u2018Reinas de Navarra\u2019 ofrece el lunes una conferencia en Civivox Condestable centrada en \u2018Placencia y Constanza\u2019\"}]},{\"@type\":\"WebSite\",\"@id\":\"https:\\\/\\\/www.laguiadepamplona.com\\\/actualidad\\\/#website\",\"url\":\"https:\\\/\\\/www.laguiadepamplona.com\\\/actualidad\\\/\",\"name\":\"La gu\u00eda de Pamplona\",\"description\":\"Noticias de Pamplona\",\"publisher\":{\"@id\":\"https:\\\/\\\/www.laguiadepamplona.com\\\/actualidad\\\/#organization\"},\"potentialAction\":[{\"@type\":\"SearchAction\",\"target\":{\"@type\":\"EntryPoint\",\"urlTemplate\":\"https:\\\/\\\/www.laguiadepamplona.com\\\/actualidad\\\/?s={search_term_string}\"},\"query-input\":{\"@type\":\"PropertyValueSpecification\",\"valueRequired\":true,\"valueName\":\"search_term_string\"}}],\"inLanguage\":\"es\"},{\"@type\":\"Organization\",\"@id\":\"https:\\\/\\\/www.laguiadepamplona.com\\\/actualidad\\\/#organization\",\"name\":\"La Gu\u00eda de Pamplona \\\/ Noticias\",\"url\":\"https:\\\/\\\/www.laguiadepamplona.com\\\/actualidad\\\/\",\"logo\":{\"@type\":\"ImageObject\",\"inLanguage\":\"es\",\"@id\":\"https:\\\/\\\/www.laguiadepamplona.com\\\/actualidad\\\/#\\\/schema\\\/logo\\\/image\\\/\",\"url\":\"https:\\\/\\\/www.laguiadepamplona.com\\\/actualidad\\\/wp-content\\\/uploads\\\/2018\\\/11\\\/logo-laguiadepamplona18-web1.png\",\"contentUrl\":\"https:\\\/\\\/www.laguiadepamplona.com\\\/actualidad\\\/wp-content\\\/uploads\\\/2018\\\/11\\\/logo-laguiadepamplona18-web1.png\",\"width\":600,\"height\":196,\"caption\":\"La Gu\u00eda de Pamplona \\\/ Noticias\"},\"image\":{\"@id\":\"https:\\\/\\\/www.laguiadepamplona.com\\\/actualidad\\\/#\\\/schema\\\/logo\\\/image\\\/\"},\"sameAs\":[\"https:\\\/\\\/www.facebook.com\\\/laguiadepamplonacom-133175176762273\\\/?ref=hl\",\"https:\\\/\\\/x.com\\\/LaGuiadPamplona\",\"https:\\\/\\\/www.instagram.com\\\/la_guia_de_pamplona\\\/\",\"https:\\\/\\\/www.youtube.com\\\/user\\\/laguiadepamplona\"]},{\"@type\":\"Person\",\"@id\":\"https:\\\/\\\/www.laguiadepamplona.com\\\/actualidad\\\/#\\\/schema\\\/person\\\/efe887376f0213d4657c93adc50b1fdb\",\"name\":\"La Gu\u00eda de Pamplona\",\"image\":{\"@type\":\"ImageObject\",\"inLanguage\":\"es\",\"@id\":\"https:\\\/\\\/secure.gravatar.com\\\/avatar\\\/b6992f131dc8d30ab0dff15446e9d346d9dbd95992de0fef795073f5ea83a81c?s=96&d=mm&r=g\",\"url\":\"https:\\\/\\\/secure.gravatar.com\\\/avatar\\\/b6992f131dc8d30ab0dff15446e9d346d9dbd95992de0fef795073f5ea83a81c?s=96&d=mm&r=g\",\"contentUrl\":\"https:\\\/\\\/secure.gravatar.com\\\/avatar\\\/b6992f131dc8d30ab0dff15446e9d346d9dbd95992de0fef795073f5ea83a81c?s=96&d=mm&r=g\",\"caption\":\"La Gu\u00eda de Pamplona\"}}]}<\/script>\n<!-- \/ Yoast SEO plugin. -->","yoast_head_json":{"title":"El ciclo sobre \u2018Reinas de Navarra\u2019 ofrece el lunes una conferencia en Civivox Condestable centrada en \u2018Placencia y Constanza\u2019","robots":{"index":"index","follow":"follow","max-snippet":"max-snippet:-1","max-image-preview":"max-image-preview:large","max-video-preview":"max-video-preview:-1"},"canonical":"https:\/\/www.laguiadepamplona.com\/actualidad\/el-ciclo-sobre-reinas-de-navarra-ofrece-el-lunes-una-conferencia-en-civivox-condestable-centrada-en-placencia-y-constanza\/","og_locale":"es_ES","og_type":"article","og_title":"El ciclo sobre \u2018Reinas de Navarra\u2019 ofrece el lunes una conferencia en Civivox Condestable centrada en \u2018Placencia y Constanza\u2019","og_description":"La conferencia estar\u00e1 impartida por Javier Ilund\u00e1in, doctor en Historia y secretario de la Sociedad de Estudios Hist\u00f3ricos de Navarra El ciclo sobre \u2018Reinas de Navarra\u2019 ofrece el pr\u00f3ximo lunes,...","og_url":"https:\/\/www.laguiadepamplona.com\/actualidad\/el-ciclo-sobre-reinas-de-navarra-ofrece-el-lunes-una-conferencia-en-civivox-condestable-centrada-en-placencia-y-constanza\/","og_site_name":"La Gu\u00eda de Pamplona","article_publisher":"https:\/\/www.facebook.com\/laguiadepamplonacom-133175176762273\/?ref=hl","article_published_time":"2015-04-24T12:16:32+00:00","author":"La Gu\u00eda de Pamplona","twitter_card":"summary_large_image","twitter_creator":"@LaGuiadPamplona","twitter_site":"@LaGuiadPamplona","twitter_misc":{"Escrito por":"La Gu\u00eda de Pamplona","Tiempo de lectura":"2 minutos"},"schema":{"@context":"https:\/\/schema.org","@graph":[{"@type":"Article","@id":"https:\/\/www.laguiadepamplona.com\/actualidad\/el-ciclo-sobre-reinas-de-navarra-ofrece-el-lunes-una-conferencia-en-civivox-condestable-centrada-en-placencia-y-constanza\/#article","isPartOf":{"@id":"https:\/\/www.laguiadepamplona.com\/actualidad\/el-ciclo-sobre-reinas-de-navarra-ofrece-el-lunes-una-conferencia-en-civivox-condestable-centrada-en-placencia-y-constanza\/"},"author":{"name":"La Gu\u00eda de Pamplona","@id":"https:\/\/www.laguiadepamplona.com\/actualidad\/#\/schema\/person\/efe887376f0213d4657c93adc50b1fdb"},"headline":"El ciclo sobre \u2018Reinas de Navarra\u2019 ofrece el lunes una conferencia en Civivox Condestable centrada en \u2018Placencia y Constanza\u2019","datePublished":"2015-04-24T12:16:32+00:00","mainEntityOfPage":{"@id":"https:\/\/www.laguiadepamplona.com\/actualidad\/el-ciclo-sobre-reinas-de-navarra-ofrece-el-lunes-una-conferencia-en-civivox-condestable-centrada-en-placencia-y-constanza\/"},"wordCount":461,"publisher":{"@id":"https:\/\/www.laguiadepamplona.com\/actualidad\/#organization"},"image":{"@id":"https:\/\/www.laguiadepamplona.com\/actualidad\/el-ciclo-sobre-reinas-de-navarra-ofrece-el-lunes-una-conferencia-en-civivox-condestable-centrada-en-placencia-y-constanza\/#primaryimage"},"thumbnailUrl":"","keywords":["actualidad","ayto pamplona","Ayuntamiento de Pamplona","charla","civivox condestable","Javier Ilund\u00e1in Chamarro","Julia Pav\u00f3n","noticias","pamplona","Placencia y Constanza","Reinas de Navarra"],"articleSection":["Ayto Pamplona"],"inLanguage":"es"},{"@type":"WebPage","@id":"https:\/\/www.laguiadepamplona.com\/actualidad\/el-ciclo-sobre-reinas-de-navarra-ofrece-el-lunes-una-conferencia-en-civivox-condestable-centrada-en-placencia-y-constanza\/","url":"https:\/\/www.laguiadepamplona.com\/actualidad\/el-ciclo-sobre-reinas-de-navarra-ofrece-el-lunes-una-conferencia-en-civivox-condestable-centrada-en-placencia-y-constanza\/","name":"El ciclo sobre \u2018Reinas de Navarra\u2019 ofrece el lunes una conferencia en Civivox Condestable centrada en \u2018Placencia y Constanza\u2019","isPartOf":{"@id":"https:\/\/www.laguiadepamplona.com\/actualidad\/#website"},"primaryImageOfPage":{"@id":"https:\/\/www.laguiadepamplona.com\/actualidad\/el-ciclo-sobre-reinas-de-navarra-ofrece-el-lunes-una-conferencia-en-civivox-condestable-centrada-en-placencia-y-constanza\/#primaryimage"},"image":{"@id":"https:\/\/www.laguiadepamplona.com\/actualidad\/el-ciclo-sobre-reinas-de-navarra-ofrece-el-lunes-una-conferencia-en-civivox-condestable-centrada-en-placencia-y-constanza\/#primaryimage"},"thumbnailUrl":"","datePublished":"2015-04-24T12:16:32+00:00","breadcrumb":{"@id":"https:\/\/www.laguiadepamplona.com\/actualidad\/el-ciclo-sobre-reinas-de-navarra-ofrece-el-lunes-una-conferencia-en-civivox-condestable-centrada-en-placencia-y-constanza\/#breadcrumb"},"inLanguage":"es","potentialAction":[{"@type":"ReadAction","target":["https:\/\/www.laguiadepamplona.com\/actualidad\/el-ciclo-sobre-reinas-de-navarra-ofrece-el-lunes-una-conferencia-en-civivox-condestable-centrada-en-placencia-y-constanza\/"]}]},{"@type":"ImageObject","inLanguage":"es","@id":"https:\/\/www.laguiadepamplona.com\/actualidad\/el-ciclo-sobre-reinas-de-navarra-ofrece-el-lunes-una-conferencia-en-civivox-condestable-centrada-en-placencia-y-constanza\/#primaryimage","url":"","contentUrl":""},{"@type":"BreadcrumbList","@id":"https:\/\/www.laguiadepamplona.com\/actualidad\/el-ciclo-sobre-reinas-de-navarra-ofrece-el-lunes-una-conferencia-en-civivox-condestable-centrada-en-placencia-y-constanza\/#breadcrumb","itemListElement":[{"@type":"ListItem","position":1,"name":"Portada","item":"https:\/\/www.laguiadepamplona.com\/actualidad\/"},{"@type":"ListItem","position":2,"name":"El ciclo sobre \u2018Reinas de Navarra\u2019 ofrece el lunes una conferencia en Civivox Condestable centrada en \u2018Placencia y Constanza\u2019"}]},{"@type":"WebSite","@id":"https:\/\/www.laguiadepamplona.com\/actualidad\/#website","url":"https:\/\/www.laguiadepamplona.com\/actualidad\/","name":"La gu\u00eda de Pamplona","description":"Noticias de Pamplona","publisher":{"@id":"https:\/\/www.laguiadepamplona.com\/actualidad\/#organization"},"potentialAction":[{"@type":"SearchAction","target":{"@type":"EntryPoint","urlTemplate":"https:\/\/www.laguiadepamplona.com\/actualidad\/?s={search_term_string}"},"query-input":{"@type":"PropertyValueSpecification","valueRequired":true,"valueName":"search_term_string"}}],"inLanguage":"es"},{"@type":"Organization","@id":"https:\/\/www.laguiadepamplona.com\/actualidad\/#organization","name":"La Gu\u00eda de Pamplona \/ Noticias","url":"https:\/\/www.laguiadepamplona.com\/actualidad\/","logo":{"@type":"ImageObject","inLanguage":"es","@id":"https:\/\/www.laguiadepamplona.com\/actualidad\/#\/schema\/logo\/image\/","url":"https:\/\/www.laguiadepamplona.com\/actualidad\/wp-content\/uploads\/2018\/11\/logo-laguiadepamplona18-web1.png","contentUrl":"https:\/\/www.laguiadepamplona.com\/actualidad\/wp-content\/uploads\/2018\/11\/logo-laguiadepamplona18-web1.png","width":600,"height":196,"caption":"La Gu\u00eda de Pamplona \/ Noticias"},"image":{"@id":"https:\/\/www.laguiadepamplona.com\/actualidad\/#\/schema\/logo\/image\/"},"sameAs":["https:\/\/www.facebook.com\/laguiadepamplonacom-133175176762273\/?ref=hl","https:\/\/x.com\/LaGuiadPamplona","https:\/\/www.instagram.com\/la_guia_de_pamplona\/","https:\/\/www.youtube.com\/user\/laguiadepamplona"]},{"@type":"Person","@id":"https:\/\/www.laguiadepamplona.com\/actualidad\/#\/schema\/person\/efe887376f0213d4657c93adc50b1fdb","name":"La Gu\u00eda de Pamplona","image":{"@type":"ImageObject","inLanguage":"es","@id":"https:\/\/secure.gravatar.com\/avatar\/b6992f131dc8d30ab0dff15446e9d346d9dbd95992de0fef795073f5ea83a81c?s=96&d=mm&r=g","url":"https:\/\/secure.gravatar.com\/avatar\/b6992f131dc8d30ab0dff15446e9d346d9dbd95992de0fef795073f5ea83a81c?s=96&d=mm&r=g","contentUrl":"https:\/\/secure.gravatar.com\/avatar\/b6992f131dc8d30ab0dff15446e9d346d9dbd95992de0fef795073f5ea83a81c?s=96&d=mm&r=g","caption":"La Gu\u00eda de Pamplona"}}]}},"post_mailing_queue_ids":[],"_links":{"self":[{"href":"https:\/\/www.laguiadepamplona.com\/actualidad\/wp-json\/wp\/v2\/posts\/5610","targetHints":{"allow":["GET"]}}],"collection":[{"href":"https:\/\/www.laguiadepamplona.com\/actualidad\/wp-json\/wp\/v2\/posts"}],"about":[{"href":"https:\/\/www.laguiadepamplona.com\/actualidad\/wp-json\/wp\/v2\/types\/post"}],"author":[{"embeddable":true,"href":"https:\/\/www.laguiadepamplona.com\/actualidad\/wp-json\/wp\/v2\/users\/1"}],"replies":[{"embeddable":true,"href":"https:\/\/www.laguiadepamplona.com\/actualidad\/wp-json\/wp\/v2\/comments?post=5610"}],"version-history":[{"count":0,"href":"https:\/\/www.laguiadepamplona.com\/actualidad\/wp-json\/wp\/v2\/posts\/5610\/revisions"}],"wp:featuredmedia":[{"embeddable":true,"href":"https:\/\/www.laguiadepamplona.com\/actualidad\/wp-json\/"}],"wp:attachment":[{"href":"https:\/\/www.laguiadepamplona.com\/actualidad\/wp-json\/wp\/v2\/media?parent=5610"}],"wp:term":[{"taxonomy":"category","embeddable":true,"href":"https:\/\/www.laguiadepamplona.com\/actualidad\/wp-json\/wp\/v2\/categories?post=5610"},{"taxonomy":"post_tag","embeddable":true,"href":"https:\/\/www.laguiadepamplona.com\/actualidad\/wp-json\/wp\/v2\/tags?post=5610"}],"curies":[{"name":"wp","href":"https:\/\/api.w.org\/{rel}","templated":true}]}}