{"id":5514,"date":"2015-04-17T18:20:41","date_gmt":"2015-04-17T16:20:41","guid":{"rendered":"http:\/\/laguiadepamplona.com\/actualidad\/?p=5514"},"modified":"2015-04-17T18:20:41","modified_gmt":"2015-04-17T16:20:41","slug":"el-museo-de-educacion-ambiental-acoge-la-proxima-semana-un-mercadillo-de-intercambio-de-bicicletas-y-una-exposicion-de-nuevas-tendencias-en-ciclismo-urbano","status":"publish","type":"post","link":"https:\/\/www.laguiadepamplona.com\/actualidad\/el-museo-de-educacion-ambiental-acoge-la-proxima-semana-un-mercadillo-de-intercambio-de-bicicletas-y-una-exposicion-de-nuevas-tendencias-en-ciclismo-urbano\/","title":{"rendered":"El Museo de Educaci\u00f3n Ambiental acoge la pr\u00f3xima semana un mercadillo de intercambio de bicicletas y una exposici\u00f3n de nuevas tendencias en ciclismo urbano"},"content":{"rendered":"<h4>El horario de apertura al p\u00fablico de ambas actividades ser\u00e1 de 10 a 13 y de 18 a 20 horas, con entrada libre<\/h4>\n<p><a href=\"http:\/\/laguiadepamplona.com\/actualidad\/wp-content\/uploads\/2015\/04\/mercadillo_bicis.jpg\"><img loading=\"lazy\" decoding=\"async\" class=\"alignleft size-medium wp-image-5515\" src=\"http:\/\/laguiadepamplona.com\/actualidad\/wp-content\/uploads\/2015\/04\/mercadillo_bicis-300x225.jpg\" alt=\"mercadillo_bicis\" width=\"300\" height=\"225\" \/><\/a>El Museo de Educaci\u00f3n Ambiental del Ayuntamiento de Pamplona acoge a partir del pr\u00f3ximo lunes d\u00eda 20 dos propuestas que permanecer\u00e1n abiertas al p\u00fablico durante toda la semana, hasta el viernes d\u00eda 24. Por un lado, el centro municipal inaugura una nueva edici\u00f3n del mercadillo de intercambio de bicicletas, piezas, recambios y accesorios y, por otro, ofrece la exposici\u00f3n \u2018Nuevas tendencias en bicicletas urbanas\u2019, con bicis cedidas por empresas locales. El horario de ambas actividades es de 10 a 13 y de 18 a 20 horas y la entrada es libre.<\/p>\n<p>En el mercadillo, que se celebra peri\u00f3dicamente en el centro municipal desde hace dos a\u00f1os, se pueden dejar o recoger piezas sin necesidad de realizar obligatoriamente un trueque y sin que intervenga el dinero. Los participantes pueden aportar, por ejemplo, una bicicleta, un cuadro o unos pedales que pasan a formar parte del mercadillo y, si quieren, pueden llevarse o no alg\u00fan otro elemento. All\u00ed se podr\u00e1n encontrar todo tipo de piezas como pedales, cuadros, cestas, ruedas, luces, tijas, frenos, pi\u00f1ones, manillares, etc., dependiendo de lo que vaya aportando o retirando cada persona.<\/p>\n<p>Para facilitar que los asistentes puedan llevarse solamente la pieza que necesiten, el Museo pone a su disposici\u00f3n herramientas. Adem\u00e1s, habr\u00e1 un tabl\u00f3n de anuncios relacionado con la bicicleta en el que se podr\u00e1n colocar avisos sobre intercambios concretos de bicis o piezas o sobre cualquier otro tipo de informaci\u00f3n. La idea de este mercadillo es promover la movilidad sostenible y promocionar la reutilizaci\u00f3n y el reciclaje de bicicletas.<\/p>\n<p><strong>\u00daltimas tendencias en bicis urbanas<\/strong><\/p>\n<p>Por otra parte, y coincidiendo con el mercadillo, durante toda la semana podr\u00e1 visitarse en el Museo una exposici\u00f3n de bicicletas urbanas cedidas por tres empresas locales. El objetivo es mostrar la bicicleta urbana en sus m\u00faltiples variedades, convencional, el\u00e9ctrica o plegable, con el fin de impulsar su uso en la ciudad. La muestra contar\u00e1 con las bicicletas m\u00e1s actuales del mercado, que incluir\u00e1n carteles identificativos con sus caracter\u00edsticas y no se podr\u00e1n probar.<\/p>\n<p>Las bicicletas urbanas son aqu\u00e9llas que permiten circular por ciudad c\u00f3modamente y sin la necesidad de llevar ropa deportiva espec\u00edfica, es decir, pueden utilizarse con vestuario de calle. Este tipo de bicicletas cuentan con una serie de caracter\u00edsticas concretas, como por ejemplo llevar cubrecadenas y guardabarros con la finalidad de no mancharse en caso de salpicaduras. Asimismo permiten mantener una postura erguida, disponen de manillar a la altura de las manos con el fin de que la espalda no est\u00e9 en posici\u00f3n forzada, sill\u00edn c\u00f3modo y cuadro bajo, adem\u00e1s de accesorios como una cesta para poder llevar documentos o bolsos que se utilizan en la vida diaria.<\/p>\n<p>&nbsp;<\/p>\n","protected":false},"excerpt":{"rendered":"<p>El horario de apertura al p\u00fablico de ambas actividades ser\u00e1 de 10 a 13 y de 18 a 20 horas, con entrada libre El Museo de Educaci\u00f3n Ambiental del Ayuntamiento&#8230;<\/p>\n","protected":false},"author":1,"featured_media":5515,"comment_status":"closed","ping_status":"closed","sticky":false,"template":"","format":"standard","meta":{"footnotes":""},"categories":[2],"tags":[5,6,509,4916,4917,4918,1409,100,8,9,4919],"class_list":["post-5514","post","type-post","status-publish","format-standard","has-post-thumbnail","hentry","category-ayuntamiento-pamplona","tag-actualidad","tag-ayto-pamplona","tag-ayuntamiento-de-pamplona","tag-ciclismo-urbano","tag-exposicion-de-nuevas","tag-intercambio-de-bicicletas","tag-mercadillo","tag-museo-de-educacion-ambiental","tag-noticias","tag-pamplona","tag-tendencias"],"yoast_head":"<!-- This site is optimized with the Yoast SEO plugin v27.5 - https:\/\/yoast.com\/product\/yoast-seo-wordpress\/ -->\n<title>El Museo de Educaci\u00f3n Ambiental acoge la pr\u00f3xima semana un mercadillo de intercambio de bicicletas y una exposici\u00f3n de nuevas tendencias en ciclismo urbano<\/title>\n<meta name=\"robots\" content=\"index, follow, max-snippet:-1, max-image-preview:large, max-video-preview:-1\" \/>\n<link rel=\"canonical\" href=\"https:\/\/www.laguiadepamplona.com\/actualidad\/el-museo-de-educacion-ambiental-acoge-la-proxima-semana-un-mercadillo-de-intercambio-de-bicicletas-y-una-exposicion-de-nuevas-tendencias-en-ciclismo-urbano\/\" \/>\n<meta property=\"og:locale\" content=\"es_ES\" \/>\n<meta property=\"og:type\" content=\"article\" \/>\n<meta property=\"og:title\" content=\"El Museo de Educaci\u00f3n Ambiental acoge la pr\u00f3xima semana un mercadillo de intercambio de bicicletas y una exposici\u00f3n de nuevas tendencias en ciclismo urbano\" \/>\n<meta property=\"og:description\" content=\"El horario de apertura al p\u00fablico de ambas actividades ser\u00e1 de 10 a 13 y de 18 a 20 horas, con entrada libre El Museo de Educaci\u00f3n Ambiental del Ayuntamiento...\" \/>\n<meta property=\"og:url\" content=\"https:\/\/www.laguiadepamplona.com\/actualidad\/el-museo-de-educacion-ambiental-acoge-la-proxima-semana-un-mercadillo-de-intercambio-de-bicicletas-y-una-exposicion-de-nuevas-tendencias-en-ciclismo-urbano\/\" \/>\n<meta property=\"og:site_name\" content=\"La Gu\u00eda de Pamplona\" \/>\n<meta property=\"article:publisher\" content=\"https:\/\/www.facebook.com\/laguiadepamplonacom-133175176762273\/?ref=hl\" \/>\n<meta property=\"article:published_time\" content=\"2015-04-17T16:20:41+00:00\" \/>\n<meta name=\"author\" content=\"La Gu\u00eda de Pamplona\" \/>\n<meta name=\"twitter:card\" content=\"summary_large_image\" \/>\n<meta name=\"twitter:creator\" content=\"@LaGuiadPamplona\" \/>\n<meta name=\"twitter:site\" content=\"@LaGuiadPamplona\" \/>\n<meta name=\"twitter:label1\" content=\"Escrito por\" \/>\n\t<meta name=\"twitter:data1\" content=\"La Gu\u00eda de Pamplona\" \/>\n\t<meta name=\"twitter:label2\" content=\"Tiempo de lectura\" \/>\n\t<meta name=\"twitter:data2\" content=\"2 minutos\" \/>\n<script type=\"application\/ld+json\" class=\"yoast-schema-graph\">{\"@context\":\"https:\\\/\\\/schema.org\",\"@graph\":[{\"@type\":\"Article\",\"@id\":\"https:\\\/\\\/www.laguiadepamplona.com\\\/actualidad\\\/el-museo-de-educacion-ambiental-acoge-la-proxima-semana-un-mercadillo-de-intercambio-de-bicicletas-y-una-exposicion-de-nuevas-tendencias-en-ciclismo-urbano\\\/#article\",\"isPartOf\":{\"@id\":\"https:\\\/\\\/www.laguiadepamplona.com\\\/actualidad\\\/el-museo-de-educacion-ambiental-acoge-la-proxima-semana-un-mercadillo-de-intercambio-de-bicicletas-y-una-exposicion-de-nuevas-tendencias-en-ciclismo-urbano\\\/\"},\"author\":{\"name\":\"La Gu\u00eda de Pamplona\",\"@id\":\"https:\\\/\\\/www.laguiadepamplona.com\\\/actualidad\\\/#\\\/schema\\\/person\\\/efe887376f0213d4657c93adc50b1fdb\"},\"headline\":\"El Museo de Educaci\u00f3n Ambiental acoge la pr\u00f3xima semana un mercadillo de intercambio de bicicletas y una exposici\u00f3n de nuevas tendencias en ciclismo urbano\",\"datePublished\":\"2015-04-17T16:20:41+00:00\",\"mainEntityOfPage\":{\"@id\":\"https:\\\/\\\/www.laguiadepamplona.com\\\/actualidad\\\/el-museo-de-educacion-ambiental-acoge-la-proxima-semana-un-mercadillo-de-intercambio-de-bicicletas-y-una-exposicion-de-nuevas-tendencias-en-ciclismo-urbano\\\/\"},\"wordCount\":515,\"publisher\":{\"@id\":\"https:\\\/\\\/www.laguiadepamplona.com\\\/actualidad\\\/#organization\"},\"image\":{\"@id\":\"https:\\\/\\\/www.laguiadepamplona.com\\\/actualidad\\\/el-museo-de-educacion-ambiental-acoge-la-proxima-semana-un-mercadillo-de-intercambio-de-bicicletas-y-una-exposicion-de-nuevas-tendencias-en-ciclismo-urbano\\\/#primaryimage\"},\"thumbnailUrl\":\"\",\"keywords\":[\"actualidad\",\"ayto pamplona\",\"Ayuntamiento de Pamplona\",\"ciclismo urbano\",\"exposici\u00f3n de nuevas\",\"intercambio de bicicletas\",\"mercadillo\",\"Museo de Educaci\u00f3n Ambiental\",\"noticias\",\"pamplona\",\"tendencias\"],\"articleSection\":[\"Ayto Pamplona\"],\"inLanguage\":\"es\"},{\"@type\":\"WebPage\",\"@id\":\"https:\\\/\\\/www.laguiadepamplona.com\\\/actualidad\\\/el-museo-de-educacion-ambiental-acoge-la-proxima-semana-un-mercadillo-de-intercambio-de-bicicletas-y-una-exposicion-de-nuevas-tendencias-en-ciclismo-urbano\\\/\",\"url\":\"https:\\\/\\\/www.laguiadepamplona.com\\\/actualidad\\\/el-museo-de-educacion-ambiental-acoge-la-proxima-semana-un-mercadillo-de-intercambio-de-bicicletas-y-una-exposicion-de-nuevas-tendencias-en-ciclismo-urbano\\\/\",\"name\":\"El Museo de Educaci\u00f3n Ambiental acoge la pr\u00f3xima semana un mercadillo de intercambio de bicicletas y una exposici\u00f3n de nuevas tendencias en ciclismo urbano\",\"isPartOf\":{\"@id\":\"https:\\\/\\\/www.laguiadepamplona.com\\\/actualidad\\\/#website\"},\"primaryImageOfPage\":{\"@id\":\"https:\\\/\\\/www.laguiadepamplona.com\\\/actualidad\\\/el-museo-de-educacion-ambiental-acoge-la-proxima-semana-un-mercadillo-de-intercambio-de-bicicletas-y-una-exposicion-de-nuevas-tendencias-en-ciclismo-urbano\\\/#primaryimage\"},\"image\":{\"@id\":\"https:\\\/\\\/www.laguiadepamplona.com\\\/actualidad\\\/el-museo-de-educacion-ambiental-acoge-la-proxima-semana-un-mercadillo-de-intercambio-de-bicicletas-y-una-exposicion-de-nuevas-tendencias-en-ciclismo-urbano\\\/#primaryimage\"},\"thumbnailUrl\":\"\",\"datePublished\":\"2015-04-17T16:20:41+00:00\",\"breadcrumb\":{\"@id\":\"https:\\\/\\\/www.laguiadepamplona.com\\\/actualidad\\\/el-museo-de-educacion-ambiental-acoge-la-proxima-semana-un-mercadillo-de-intercambio-de-bicicletas-y-una-exposicion-de-nuevas-tendencias-en-ciclismo-urbano\\\/#breadcrumb\"},\"inLanguage\":\"es\",\"potentialAction\":[{\"@type\":\"ReadAction\",\"target\":[\"https:\\\/\\\/www.laguiadepamplona.com\\\/actualidad\\\/el-museo-de-educacion-ambiental-acoge-la-proxima-semana-un-mercadillo-de-intercambio-de-bicicletas-y-una-exposicion-de-nuevas-tendencias-en-ciclismo-urbano\\\/\"]}]},{\"@type\":\"ImageObject\",\"inLanguage\":\"es\",\"@id\":\"https:\\\/\\\/www.laguiadepamplona.com\\\/actualidad\\\/el-museo-de-educacion-ambiental-acoge-la-proxima-semana-un-mercadillo-de-intercambio-de-bicicletas-y-una-exposicion-de-nuevas-tendencias-en-ciclismo-urbano\\\/#primaryimage\",\"url\":\"\",\"contentUrl\":\"\"},{\"@type\":\"BreadcrumbList\",\"@id\":\"https:\\\/\\\/www.laguiadepamplona.com\\\/actualidad\\\/el-museo-de-educacion-ambiental-acoge-la-proxima-semana-un-mercadillo-de-intercambio-de-bicicletas-y-una-exposicion-de-nuevas-tendencias-en-ciclismo-urbano\\\/#breadcrumb\",\"itemListElement\":[{\"@type\":\"ListItem\",\"position\":1,\"name\":\"Portada\",\"item\":\"https:\\\/\\\/www.laguiadepamplona.com\\\/actualidad\\\/\"},{\"@type\":\"ListItem\",\"position\":2,\"name\":\"El Museo de Educaci\u00f3n Ambiental acoge la pr\u00f3xima semana un mercadillo de intercambio de bicicletas y una exposici\u00f3n de nuevas tendencias en ciclismo urbano\"}]},{\"@type\":\"WebSite\",\"@id\":\"https:\\\/\\\/www.laguiadepamplona.com\\\/actualidad\\\/#website\",\"url\":\"https:\\\/\\\/www.laguiadepamplona.com\\\/actualidad\\\/\",\"name\":\"La gu\u00eda de Pamplona\",\"description\":\"Noticias de Pamplona\",\"publisher\":{\"@id\":\"https:\\\/\\\/www.laguiadepamplona.com\\\/actualidad\\\/#organization\"},\"potentialAction\":[{\"@type\":\"SearchAction\",\"target\":{\"@type\":\"EntryPoint\",\"urlTemplate\":\"https:\\\/\\\/www.laguiadepamplona.com\\\/actualidad\\\/?s={search_term_string}\"},\"query-input\":{\"@type\":\"PropertyValueSpecification\",\"valueRequired\":true,\"valueName\":\"search_term_string\"}}],\"inLanguage\":\"es\"},{\"@type\":\"Organization\",\"@id\":\"https:\\\/\\\/www.laguiadepamplona.com\\\/actualidad\\\/#organization\",\"name\":\"La Gu\u00eda de Pamplona \\\/ Noticias\",\"url\":\"https:\\\/\\\/www.laguiadepamplona.com\\\/actualidad\\\/\",\"logo\":{\"@type\":\"ImageObject\",\"inLanguage\":\"es\",\"@id\":\"https:\\\/\\\/www.laguiadepamplona.com\\\/actualidad\\\/#\\\/schema\\\/logo\\\/image\\\/\",\"url\":\"https:\\\/\\\/www.laguiadepamplona.com\\\/actualidad\\\/wp-content\\\/uploads\\\/2018\\\/11\\\/logo-laguiadepamplona18-web1.png\",\"contentUrl\":\"https:\\\/\\\/www.laguiadepamplona.com\\\/actualidad\\\/wp-content\\\/uploads\\\/2018\\\/11\\\/logo-laguiadepamplona18-web1.png\",\"width\":600,\"height\":196,\"caption\":\"La Gu\u00eda de Pamplona \\\/ Noticias\"},\"image\":{\"@id\":\"https:\\\/\\\/www.laguiadepamplona.com\\\/actualidad\\\/#\\\/schema\\\/logo\\\/image\\\/\"},\"sameAs\":[\"https:\\\/\\\/www.facebook.com\\\/laguiadepamplonacom-133175176762273\\\/?ref=hl\",\"https:\\\/\\\/x.com\\\/LaGuiadPamplona\",\"https:\\\/\\\/www.instagram.com\\\/la_guia_de_pamplona\\\/\",\"https:\\\/\\\/www.youtube.com\\\/user\\\/laguiadepamplona\"]},{\"@type\":\"Person\",\"@id\":\"https:\\\/\\\/www.laguiadepamplona.com\\\/actualidad\\\/#\\\/schema\\\/person\\\/efe887376f0213d4657c93adc50b1fdb\",\"name\":\"La Gu\u00eda de Pamplona\",\"image\":{\"@type\":\"ImageObject\",\"inLanguage\":\"es\",\"@id\":\"https:\\\/\\\/secure.gravatar.com\\\/avatar\\\/b6992f131dc8d30ab0dff15446e9d346d9dbd95992de0fef795073f5ea83a81c?s=96&d=mm&r=g\",\"url\":\"https:\\\/\\\/secure.gravatar.com\\\/avatar\\\/b6992f131dc8d30ab0dff15446e9d346d9dbd95992de0fef795073f5ea83a81c?s=96&d=mm&r=g\",\"contentUrl\":\"https:\\\/\\\/secure.gravatar.com\\\/avatar\\\/b6992f131dc8d30ab0dff15446e9d346d9dbd95992de0fef795073f5ea83a81c?s=96&d=mm&r=g\",\"caption\":\"La Gu\u00eda de Pamplona\"}}]}<\/script>\n<!-- \/ Yoast SEO plugin. -->","yoast_head_json":{"title":"El Museo de Educaci\u00f3n Ambiental acoge la pr\u00f3xima semana un mercadillo de intercambio de bicicletas y una exposici\u00f3n de nuevas tendencias en ciclismo urbano","robots":{"index":"index","follow":"follow","max-snippet":"max-snippet:-1","max-image-preview":"max-image-preview:large","max-video-preview":"max-video-preview:-1"},"canonical":"https:\/\/www.laguiadepamplona.com\/actualidad\/el-museo-de-educacion-ambiental-acoge-la-proxima-semana-un-mercadillo-de-intercambio-de-bicicletas-y-una-exposicion-de-nuevas-tendencias-en-ciclismo-urbano\/","og_locale":"es_ES","og_type":"article","og_title":"El Museo de Educaci\u00f3n Ambiental acoge la pr\u00f3xima semana un mercadillo de intercambio de bicicletas y una exposici\u00f3n de nuevas tendencias en ciclismo urbano","og_description":"El horario de apertura al p\u00fablico de ambas actividades ser\u00e1 de 10 a 13 y de 18 a 20 horas, con entrada libre El Museo de Educaci\u00f3n Ambiental del Ayuntamiento...","og_url":"https:\/\/www.laguiadepamplona.com\/actualidad\/el-museo-de-educacion-ambiental-acoge-la-proxima-semana-un-mercadillo-de-intercambio-de-bicicletas-y-una-exposicion-de-nuevas-tendencias-en-ciclismo-urbano\/","og_site_name":"La Gu\u00eda de Pamplona","article_publisher":"https:\/\/www.facebook.com\/laguiadepamplonacom-133175176762273\/?ref=hl","article_published_time":"2015-04-17T16:20:41+00:00","author":"La Gu\u00eda de Pamplona","twitter_card":"summary_large_image","twitter_creator":"@LaGuiadPamplona","twitter_site":"@LaGuiadPamplona","twitter_misc":{"Escrito por":"La Gu\u00eda de Pamplona","Tiempo de lectura":"2 minutos"},"schema":{"@context":"https:\/\/schema.org","@graph":[{"@type":"Article","@id":"https:\/\/www.laguiadepamplona.com\/actualidad\/el-museo-de-educacion-ambiental-acoge-la-proxima-semana-un-mercadillo-de-intercambio-de-bicicletas-y-una-exposicion-de-nuevas-tendencias-en-ciclismo-urbano\/#article","isPartOf":{"@id":"https:\/\/www.laguiadepamplona.com\/actualidad\/el-museo-de-educacion-ambiental-acoge-la-proxima-semana-un-mercadillo-de-intercambio-de-bicicletas-y-una-exposicion-de-nuevas-tendencias-en-ciclismo-urbano\/"},"author":{"name":"La Gu\u00eda de Pamplona","@id":"https:\/\/www.laguiadepamplona.com\/actualidad\/#\/schema\/person\/efe887376f0213d4657c93adc50b1fdb"},"headline":"El Museo de Educaci\u00f3n Ambiental acoge la pr\u00f3xima semana un mercadillo de intercambio de bicicletas y una exposici\u00f3n de nuevas tendencias en ciclismo urbano","datePublished":"2015-04-17T16:20:41+00:00","mainEntityOfPage":{"@id":"https:\/\/www.laguiadepamplona.com\/actualidad\/el-museo-de-educacion-ambiental-acoge-la-proxima-semana-un-mercadillo-de-intercambio-de-bicicletas-y-una-exposicion-de-nuevas-tendencias-en-ciclismo-urbano\/"},"wordCount":515,"publisher":{"@id":"https:\/\/www.laguiadepamplona.com\/actualidad\/#organization"},"image":{"@id":"https:\/\/www.laguiadepamplona.com\/actualidad\/el-museo-de-educacion-ambiental-acoge-la-proxima-semana-un-mercadillo-de-intercambio-de-bicicletas-y-una-exposicion-de-nuevas-tendencias-en-ciclismo-urbano\/#primaryimage"},"thumbnailUrl":"","keywords":["actualidad","ayto pamplona","Ayuntamiento de Pamplona","ciclismo urbano","exposici\u00f3n de nuevas","intercambio de bicicletas","mercadillo","Museo de Educaci\u00f3n Ambiental","noticias","pamplona","tendencias"],"articleSection":["Ayto Pamplona"],"inLanguage":"es"},{"@type":"WebPage","@id":"https:\/\/www.laguiadepamplona.com\/actualidad\/el-museo-de-educacion-ambiental-acoge-la-proxima-semana-un-mercadillo-de-intercambio-de-bicicletas-y-una-exposicion-de-nuevas-tendencias-en-ciclismo-urbano\/","url":"https:\/\/www.laguiadepamplona.com\/actualidad\/el-museo-de-educacion-ambiental-acoge-la-proxima-semana-un-mercadillo-de-intercambio-de-bicicletas-y-una-exposicion-de-nuevas-tendencias-en-ciclismo-urbano\/","name":"El Museo de Educaci\u00f3n Ambiental acoge la pr\u00f3xima semana un mercadillo de intercambio de bicicletas y una exposici\u00f3n de nuevas tendencias en ciclismo urbano","isPartOf":{"@id":"https:\/\/www.laguiadepamplona.com\/actualidad\/#website"},"primaryImageOfPage":{"@id":"https:\/\/www.laguiadepamplona.com\/actualidad\/el-museo-de-educacion-ambiental-acoge-la-proxima-semana-un-mercadillo-de-intercambio-de-bicicletas-y-una-exposicion-de-nuevas-tendencias-en-ciclismo-urbano\/#primaryimage"},"image":{"@id":"https:\/\/www.laguiadepamplona.com\/actualidad\/el-museo-de-educacion-ambiental-acoge-la-proxima-semana-un-mercadillo-de-intercambio-de-bicicletas-y-una-exposicion-de-nuevas-tendencias-en-ciclismo-urbano\/#primaryimage"},"thumbnailUrl":"","datePublished":"2015-04-17T16:20:41+00:00","breadcrumb":{"@id":"https:\/\/www.laguiadepamplona.com\/actualidad\/el-museo-de-educacion-ambiental-acoge-la-proxima-semana-un-mercadillo-de-intercambio-de-bicicletas-y-una-exposicion-de-nuevas-tendencias-en-ciclismo-urbano\/#breadcrumb"},"inLanguage":"es","potentialAction":[{"@type":"ReadAction","target":["https:\/\/www.laguiadepamplona.com\/actualidad\/el-museo-de-educacion-ambiental-acoge-la-proxima-semana-un-mercadillo-de-intercambio-de-bicicletas-y-una-exposicion-de-nuevas-tendencias-en-ciclismo-urbano\/"]}]},{"@type":"ImageObject","inLanguage":"es","@id":"https:\/\/www.laguiadepamplona.com\/actualidad\/el-museo-de-educacion-ambiental-acoge-la-proxima-semana-un-mercadillo-de-intercambio-de-bicicletas-y-una-exposicion-de-nuevas-tendencias-en-ciclismo-urbano\/#primaryimage","url":"","contentUrl":""},{"@type":"BreadcrumbList","@id":"https:\/\/www.laguiadepamplona.com\/actualidad\/el-museo-de-educacion-ambiental-acoge-la-proxima-semana-un-mercadillo-de-intercambio-de-bicicletas-y-una-exposicion-de-nuevas-tendencias-en-ciclismo-urbano\/#breadcrumb","itemListElement":[{"@type":"ListItem","position":1,"name":"Portada","item":"https:\/\/www.laguiadepamplona.com\/actualidad\/"},{"@type":"ListItem","position":2,"name":"El Museo de Educaci\u00f3n Ambiental acoge la pr\u00f3xima semana un mercadillo de intercambio de bicicletas y una exposici\u00f3n de nuevas tendencias en ciclismo urbano"}]},{"@type":"WebSite","@id":"https:\/\/www.laguiadepamplona.com\/actualidad\/#website","url":"https:\/\/www.laguiadepamplona.com\/actualidad\/","name":"La gu\u00eda de Pamplona","description":"Noticias de Pamplona","publisher":{"@id":"https:\/\/www.laguiadepamplona.com\/actualidad\/#organization"},"potentialAction":[{"@type":"SearchAction","target":{"@type":"EntryPoint","urlTemplate":"https:\/\/www.laguiadepamplona.com\/actualidad\/?s={search_term_string}"},"query-input":{"@type":"PropertyValueSpecification","valueRequired":true,"valueName":"search_term_string"}}],"inLanguage":"es"},{"@type":"Organization","@id":"https:\/\/www.laguiadepamplona.com\/actualidad\/#organization","name":"La Gu\u00eda de Pamplona \/ Noticias","url":"https:\/\/www.laguiadepamplona.com\/actualidad\/","logo":{"@type":"ImageObject","inLanguage":"es","@id":"https:\/\/www.laguiadepamplona.com\/actualidad\/#\/schema\/logo\/image\/","url":"https:\/\/www.laguiadepamplona.com\/actualidad\/wp-content\/uploads\/2018\/11\/logo-laguiadepamplona18-web1.png","contentUrl":"https:\/\/www.laguiadepamplona.com\/actualidad\/wp-content\/uploads\/2018\/11\/logo-laguiadepamplona18-web1.png","width":600,"height":196,"caption":"La Gu\u00eda de Pamplona \/ Noticias"},"image":{"@id":"https:\/\/www.laguiadepamplona.com\/actualidad\/#\/schema\/logo\/image\/"},"sameAs":["https:\/\/www.facebook.com\/laguiadepamplonacom-133175176762273\/?ref=hl","https:\/\/x.com\/LaGuiadPamplona","https:\/\/www.instagram.com\/la_guia_de_pamplona\/","https:\/\/www.youtube.com\/user\/laguiadepamplona"]},{"@type":"Person","@id":"https:\/\/www.laguiadepamplona.com\/actualidad\/#\/schema\/person\/efe887376f0213d4657c93adc50b1fdb","name":"La Gu\u00eda de Pamplona","image":{"@type":"ImageObject","inLanguage":"es","@id":"https:\/\/secure.gravatar.com\/avatar\/b6992f131dc8d30ab0dff15446e9d346d9dbd95992de0fef795073f5ea83a81c?s=96&d=mm&r=g","url":"https:\/\/secure.gravatar.com\/avatar\/b6992f131dc8d30ab0dff15446e9d346d9dbd95992de0fef795073f5ea83a81c?s=96&d=mm&r=g","contentUrl":"https:\/\/secure.gravatar.com\/avatar\/b6992f131dc8d30ab0dff15446e9d346d9dbd95992de0fef795073f5ea83a81c?s=96&d=mm&r=g","caption":"La Gu\u00eda de Pamplona"}}]}},"post_mailing_queue_ids":[],"_links":{"self":[{"href":"https:\/\/www.laguiadepamplona.com\/actualidad\/wp-json\/wp\/v2\/posts\/5514","targetHints":{"allow":["GET"]}}],"collection":[{"href":"https:\/\/www.laguiadepamplona.com\/actualidad\/wp-json\/wp\/v2\/posts"}],"about":[{"href":"https:\/\/www.laguiadepamplona.com\/actualidad\/wp-json\/wp\/v2\/types\/post"}],"author":[{"embeddable":true,"href":"https:\/\/www.laguiadepamplona.com\/actualidad\/wp-json\/wp\/v2\/users\/1"}],"replies":[{"embeddable":true,"href":"https:\/\/www.laguiadepamplona.com\/actualidad\/wp-json\/wp\/v2\/comments?post=5514"}],"version-history":[{"count":0,"href":"https:\/\/www.laguiadepamplona.com\/actualidad\/wp-json\/wp\/v2\/posts\/5514\/revisions"}],"wp:featuredmedia":[{"embeddable":true,"href":"https:\/\/www.laguiadepamplona.com\/actualidad\/wp-json\/"}],"wp:attachment":[{"href":"https:\/\/www.laguiadepamplona.com\/actualidad\/wp-json\/wp\/v2\/media?parent=5514"}],"wp:term":[{"taxonomy":"category","embeddable":true,"href":"https:\/\/www.laguiadepamplona.com\/actualidad\/wp-json\/wp\/v2\/categories?post=5514"},{"taxonomy":"post_tag","embeddable":true,"href":"https:\/\/www.laguiadepamplona.com\/actualidad\/wp-json\/wp\/v2\/tags?post=5514"}],"curies":[{"name":"wp","href":"https:\/\/api.w.org\/{rel}","templated":true}]}}