{"id":551,"date":"2014-02-21T12:41:42","date_gmt":"2014-02-21T11:41:42","guid":{"rendered":"http:\/\/laguiadepamplona.es\/noticias\/?p=551"},"modified":"2014-02-21T12:41:42","modified_gmt":"2014-02-21T11:41:42","slug":"el-desigual-sistema-social-romano-y-su-descripcion-a-traves-de-los-objetos-hallados-en-navarra-seran-el-centro-este-lunes-de-una-conferencia-en-civivox-condestable","status":"publish","type":"post","link":"https:\/\/www.laguiadepamplona.com\/actualidad\/el-desigual-sistema-social-romano-y-su-descripcion-a-traves-de-los-objetos-hallados-en-navarra-seran-el-centro-este-lunes-de-una-conferencia-en-civivox-condestable\/","title":{"rendered":"El desigual sistema social romano y su descripci\u00f3n a trav\u00e9s de los objetos hallados en Navarra, ser\u00e1n el centro este lunes de una conferencia en Civivox Condestable"},"content":{"rendered":"<h6>El s\u00e1bado est\u00e1 prevista una visita guiada por arque\u00f3logas a la ciudad de Andelo y a la villa de Arellano, para la que quedan plazas disponibles<\/h6>\n<p><a href=\"http:\/\/laguiadepamplona.es\/noticias\/wp-content\/uploads\/2014\/02\/arellano_excavacion_1998_detalle2.jpg\"><img loading=\"lazy\" decoding=\"async\" class=\"alignleft size-medium wp-image-552\" alt=\"arellano_excavacion_1998_detalle2\" src=\"http:\/\/laguiadepamplona.es\/noticias\/wp-content\/uploads\/2014\/02\/arellano_excavacion_1998_detalle2-300x186.jpg\" width=\"300\" height=\"186\" \/><\/a>El ciclo de actividades sobre romanizaci\u00f3n encara su recta final con las dos \u00faltimas actividades. Este lunes 24 de febrero, en Civivox Condestable, la arque\u00f3loga Mar\u00eda Garc\u00eda-Barberena dictar\u00e1 la conferencia \u201cLa vida cotidiana en la Navarra romana\u201d, una sesi\u00f3n que tendr\u00e1 lugar a las 19.30 horas, con entrada libre.<\/p>\n<p>En la sesi\u00f3n la experta tratar\u00e1 de acercarse a la vida cotidiana de una ciudad romana, caracterizada por el di\u00e1logo entre los espacios y edificios p\u00fablicos y sus zonas privadas (tiendas, viviendas&#8230;). Los edificios hablan del nivel de vida disfrutado por sus habitantes y los objetos localizados en ese contexto ilustran sus costumbres, ocio, gastronom\u00eda, higiene, modas&#8230; Mar\u00eda Garc\u00eda Barberena explicar\u00e1 c\u00f3mo a trav\u00e9s de los materiales arqueol\u00f3gicos romanos se aprecia la sociedad del <i>Ars Vivendi<\/i>, una sociedad exquisita en la alimentaci\u00f3n y la mesa, amante de lo l\u00fadico, obsesionada por la belleza y el culto al cuerpo, cautivada por la moda y el adorno personal. Pero ese estatus no era extensible a todos los habitantes. Muchos deb\u00edan conformarse con una existencia mucho m\u00e1s dura, que giraba en torno al trabajo.<\/p>\n<p>Espacios p\u00fablico y privados, costumbres y objetos de la Navarra romanizada que podr\u00e1n visualizarse mejor tras la visita guiada del s\u00e1bado 1 de marzo, que pondr\u00e1 fin al ciclo. Los destinos de la salida ser\u00e1n dos: la ciudad de Andelo (Mendigorr\u00eda) y la villa de La Musas en Arellano, dos buenos ejemplos de asentamientos que adem\u00e1s ilustran poblamientos diversos: una ciudad y la vida en torno a una explotaci\u00f3n vitivin\u00edcola de la zona de Tierra Estella. La visita, para la que a\u00fan quedan plazas, estar\u00e1 guiadas, tanto por la propia Garc\u00eda Barberena, como por la arque\u00f3loga Mercedes Unzu. Ambas mujeres han excavado en algunos de los puntos m\u00e1s importantes de los yacimientos navarros.<\/p>\n<p><strong>Roma en la Zona Media de Navarra<\/strong><\/p>\n<p>La visita guiada est\u00e1 previsto que a lo largo de la ma\u00f1ana recorra la ciudad de Andelo (Mendigorr\u00eda) con su dep\u00f3sito y la a la villa de La Musas en Arellano. Quedan plazas para una salida que se har\u00e1 desde la d\u00e1rsena 27 de la estaci\u00f3n de autobuses y cuyo precio es de 16 euros (incluye transporte y entradas).<\/p>\n<p>Ambas localizaciones tienen perfiles diferentes. Andelo fue una ciudad, que lleg\u00f3 a tener 18 hect\u00e1reas de superficie y 2.500 pobladores. Estaba situada en un cruce de caminos relevante (Jaca, Logro\u00f1o y Pamplona) y, para hacerse idea de su dimensi\u00f3n, ten\u00eda un servicio un sistema de abastecimiento de agua compuesto por una presa principal (150 metros), una de refuerzo y un dep\u00f3sito de embalse y depuraci\u00f3n de m\u00e1s de 7.000 m<sup>3<\/sup> de agua, que abastec\u00eda a las fuentes, termas y mansiones de la ciudad a trav\u00e9s de un acueducto del que apenas quedan restos.<\/p>\n<p>Hoy es uno de los yacimientos m\u00e1s importantes del Norte de Espa\u00f1a, pese a que s\u00f3lo hay excavada una 5\u00aa parte de su superficie. En Andelo (siglos I y II dC.), tras pasar por el Museo Arqueol\u00f3gico los visitantes podr\u00e1n apreciar sobre el terreno, las v\u00edas principales, restos del barrio residencial \u2013con edificios p\u00fablicos y tiendas- y el barrio artesanal. Las arque\u00f3logas ir\u00e1n poni\u00e9ndoles en situaci\u00f3n de c\u00f3mo, a partir de lo encontrado, se configuraba la vida urbana y las hip\u00f3tesis de los expertos, como por ejemplo la ubicaci\u00f3n del foro.<\/p>\n<p>La villa de Arellano, sin embargo, habla de cuatro siglos de evoluci\u00f3n de los asentamientos rurales. Concebida en el siglo I dC. como una explotaci\u00f3n agr\u00edcola y ganadera sobre un asentamiento anterior de la edad del Hierro, a trav\u00e9s de sus estancias se pueden recorrer los \u00faltimos siglos de romanizaci\u00f3n, hasta las postrimer\u00edas de la \u00e9poca constantiniana y las primeras invasiones germ\u00e1nicas. La segunda visita de la ma\u00f1ana se centrar\u00e1 en las dos fases: el sistema de elaboraci\u00f3n del vino de la primera \u00e9poca de la villa, hasta el funcionamiento de \u00e9sta como residencia se\u00f1orial y centro religioso de culto a Attis-Cibeles. La llamada villa de La Musas en Arellano, por un mosaico con ese contenido, se comenz\u00f3 a excavar en 1985 y lleva ya 15 campa\u00f1as. Es una de las bodegas de las m\u00e1s antiguas y mejor conservadas de Europa y est\u00e1 previsto que forme parte de la red de cooperaci\u00f3n nacional Villas romanas de Hispania.<\/p>\n<div>\n<p><strong>Arqueolog\u00eda en Navarra: Romanizaci\u00f3n<\/strong><\/p>\n<\/div>\n<p>Mi\u00e9rcoles, 24 de febrero<\/p>\n<p><b>Conferencia<\/b><\/p>\n<ul>\n<li><i>Ars Vivendi. <\/i>La vida cotidiana en la Navarra romana<\/li>\n<\/ul>\n<p>Imparte: Mar\u00eda Garc\u00eda-Barberena, arque\u00f3loga<\/p>\n<p>Civivox Condestable. 19.30 horas. Entrada libre<\/p>\n<p>S\u00e1bado, 1 de marzo<\/p>\n<p><b>Visita guiada<\/b><\/p>\n<ul>\n<li><i>Visita a la ciudad de Andelo y la Villa de Arellano<\/i><\/li>\n<\/ul>\n<p>Gu\u00edas: Mercedes Unzu y Mar\u00eda Garc\u00eda-Barberena, arque\u00f3logas<\/p>\n<p>Punto de encuentro: Estaci\u00f3n de autobuses, d\u00e1rsena 27. De 9 a 14 horas. Precio: 16 euros (incluye trasporte y entrada)<\/p>\n<p>&nbsp;<\/p>\n","protected":false},"excerpt":{"rendered":"<p>El s\u00e1bado est\u00e1 prevista una visita guiada por arque\u00f3logas a la ciudad de Andelo y a la villa de Arellano, para la que quedan plazas disponibles El ciclo de actividades&#8230;<\/p>\n","protected":false},"author":1,"featured_media":552,"comment_status":"open","ping_status":"open","sticky":false,"template":"","format":"standard","meta":{"footnotes":""},"categories":[2],"tags":[5,6,323,8,9,324,325,326],"class_list":["post-551","post","type-post","status-publish","format-standard","has-post-thumbnail","hentry","category-ayuntamiento-pamplona","tag-actualidad","tag-ayto-pamplona","tag-ciudad-de-andelo","tag-noticias","tag-pamplona","tag-roma-en-la-zona-media-de-navarra","tag-romanizacion","tag-villa-de-arellano"],"yoast_head":"<!-- This site is optimized with the Yoast SEO plugin v27.5 - https:\/\/yoast.com\/product\/yoast-seo-wordpress\/ -->\n<title>El desigual sistema social romano y su descripci\u00f3n a trav\u00e9s de los objetos hallados en Navarra, ser\u00e1n el centro este lunes de una conferencia en Civivox Condestable<\/title>\n<meta name=\"robots\" content=\"index, follow, max-snippet:-1, max-image-preview:large, max-video-preview:-1\" \/>\n<link rel=\"canonical\" href=\"https:\/\/www.laguiadepamplona.com\/actualidad\/el-desigual-sistema-social-romano-y-su-descripcion-a-traves-de-los-objetos-hallados-en-navarra-seran-el-centro-este-lunes-de-una-conferencia-en-civivox-condestable\/\" \/>\n<meta property=\"og:locale\" content=\"es_ES\" \/>\n<meta property=\"og:type\" content=\"article\" \/>\n<meta property=\"og:title\" content=\"El desigual sistema social romano y su descripci\u00f3n a trav\u00e9s de los objetos hallados en Navarra, ser\u00e1n el centro este lunes de una conferencia en Civivox Condestable\" \/>\n<meta property=\"og:description\" content=\"El s\u00e1bado est\u00e1 prevista una visita guiada por arque\u00f3logas a la ciudad de Andelo y a la villa de Arellano, para la que quedan plazas disponibles El ciclo de actividades...\" \/>\n<meta property=\"og:url\" content=\"https:\/\/www.laguiadepamplona.com\/actualidad\/el-desigual-sistema-social-romano-y-su-descripcion-a-traves-de-los-objetos-hallados-en-navarra-seran-el-centro-este-lunes-de-una-conferencia-en-civivox-condestable\/\" \/>\n<meta property=\"og:site_name\" content=\"La Gu\u00eda de Pamplona\" \/>\n<meta property=\"article:publisher\" content=\"https:\/\/www.facebook.com\/laguiadepamplonacom-133175176762273\/?ref=hl\" \/>\n<meta property=\"article:published_time\" content=\"2014-02-21T11:41:42+00:00\" \/>\n<meta name=\"author\" content=\"La Gu\u00eda de Pamplona\" \/>\n<meta name=\"twitter:card\" content=\"summary_large_image\" \/>\n<meta name=\"twitter:creator\" content=\"@LaGuiadPamplona\" \/>\n<meta name=\"twitter:site\" content=\"@LaGuiadPamplona\" \/>\n<meta name=\"twitter:label1\" content=\"Escrito por\" \/>\n\t<meta name=\"twitter:data1\" content=\"La Gu\u00eda de Pamplona\" \/>\n\t<meta name=\"twitter:label2\" content=\"Tiempo de lectura\" \/>\n\t<meta name=\"twitter:data2\" content=\"4 minutos\" \/>\n<script type=\"application\/ld+json\" class=\"yoast-schema-graph\">{\"@context\":\"https:\\\/\\\/schema.org\",\"@graph\":[{\"@type\":\"Article\",\"@id\":\"https:\\\/\\\/www.laguiadepamplona.com\\\/actualidad\\\/el-desigual-sistema-social-romano-y-su-descripcion-a-traves-de-los-objetos-hallados-en-navarra-seran-el-centro-este-lunes-de-una-conferencia-en-civivox-condestable\\\/#article\",\"isPartOf\":{\"@id\":\"https:\\\/\\\/www.laguiadepamplona.com\\\/actualidad\\\/el-desigual-sistema-social-romano-y-su-descripcion-a-traves-de-los-objetos-hallados-en-navarra-seran-el-centro-este-lunes-de-una-conferencia-en-civivox-condestable\\\/\"},\"author\":{\"name\":\"La Gu\u00eda de Pamplona\",\"@id\":\"https:\\\/\\\/www.laguiadepamplona.com\\\/actualidad\\\/#\\\/schema\\\/person\\\/efe887376f0213d4657c93adc50b1fdb\"},\"headline\":\"El desigual sistema social romano y su descripci\u00f3n a trav\u00e9s de los objetos hallados en Navarra, ser\u00e1n el centro este lunes de una conferencia en Civivox Condestable\",\"datePublished\":\"2014-02-21T11:41:42+00:00\",\"mainEntityOfPage\":{\"@id\":\"https:\\\/\\\/www.laguiadepamplona.com\\\/actualidad\\\/el-desigual-sistema-social-romano-y-su-descripcion-a-traves-de-los-objetos-hallados-en-navarra-seran-el-centro-este-lunes-de-una-conferencia-en-civivox-condestable\\\/\"},\"wordCount\":896,\"commentCount\":0,\"publisher\":{\"@id\":\"https:\\\/\\\/www.laguiadepamplona.com\\\/actualidad\\\/#organization\"},\"image\":{\"@id\":\"https:\\\/\\\/www.laguiadepamplona.com\\\/actualidad\\\/el-desigual-sistema-social-romano-y-su-descripcion-a-traves-de-los-objetos-hallados-en-navarra-seran-el-centro-este-lunes-de-una-conferencia-en-civivox-condestable\\\/#primaryimage\"},\"thumbnailUrl\":\"\",\"keywords\":[\"actualidad\",\"ayto pamplona\",\"ciudad de Andelo\",\"noticias\",\"pamplona\",\"Roma en la Zona Media de Navarra\",\"romanizaci\u00f3n\",\"villa de Arellano\"],\"articleSection\":[\"Ayto Pamplona\"],\"inLanguage\":\"es\",\"potentialAction\":[{\"@type\":\"CommentAction\",\"name\":\"Comment\",\"target\":[\"https:\\\/\\\/www.laguiadepamplona.com\\\/actualidad\\\/el-desigual-sistema-social-romano-y-su-descripcion-a-traves-de-los-objetos-hallados-en-navarra-seran-el-centro-este-lunes-de-una-conferencia-en-civivox-condestable\\\/#respond\"]}]},{\"@type\":\"WebPage\",\"@id\":\"https:\\\/\\\/www.laguiadepamplona.com\\\/actualidad\\\/el-desigual-sistema-social-romano-y-su-descripcion-a-traves-de-los-objetos-hallados-en-navarra-seran-el-centro-este-lunes-de-una-conferencia-en-civivox-condestable\\\/\",\"url\":\"https:\\\/\\\/www.laguiadepamplona.com\\\/actualidad\\\/el-desigual-sistema-social-romano-y-su-descripcion-a-traves-de-los-objetos-hallados-en-navarra-seran-el-centro-este-lunes-de-una-conferencia-en-civivox-condestable\\\/\",\"name\":\"El desigual sistema social romano y su descripci\u00f3n a trav\u00e9s de los objetos hallados en Navarra, ser\u00e1n el centro este lunes de una conferencia en Civivox Condestable\",\"isPartOf\":{\"@id\":\"https:\\\/\\\/www.laguiadepamplona.com\\\/actualidad\\\/#website\"},\"primaryImageOfPage\":{\"@id\":\"https:\\\/\\\/www.laguiadepamplona.com\\\/actualidad\\\/el-desigual-sistema-social-romano-y-su-descripcion-a-traves-de-los-objetos-hallados-en-navarra-seran-el-centro-este-lunes-de-una-conferencia-en-civivox-condestable\\\/#primaryimage\"},\"image\":{\"@id\":\"https:\\\/\\\/www.laguiadepamplona.com\\\/actualidad\\\/el-desigual-sistema-social-romano-y-su-descripcion-a-traves-de-los-objetos-hallados-en-navarra-seran-el-centro-este-lunes-de-una-conferencia-en-civivox-condestable\\\/#primaryimage\"},\"thumbnailUrl\":\"\",\"datePublished\":\"2014-02-21T11:41:42+00:00\",\"breadcrumb\":{\"@id\":\"https:\\\/\\\/www.laguiadepamplona.com\\\/actualidad\\\/el-desigual-sistema-social-romano-y-su-descripcion-a-traves-de-los-objetos-hallados-en-navarra-seran-el-centro-este-lunes-de-una-conferencia-en-civivox-condestable\\\/#breadcrumb\"},\"inLanguage\":\"es\",\"potentialAction\":[{\"@type\":\"ReadAction\",\"target\":[\"https:\\\/\\\/www.laguiadepamplona.com\\\/actualidad\\\/el-desigual-sistema-social-romano-y-su-descripcion-a-traves-de-los-objetos-hallados-en-navarra-seran-el-centro-este-lunes-de-una-conferencia-en-civivox-condestable\\\/\"]}]},{\"@type\":\"ImageObject\",\"inLanguage\":\"es\",\"@id\":\"https:\\\/\\\/www.laguiadepamplona.com\\\/actualidad\\\/el-desigual-sistema-social-romano-y-su-descripcion-a-traves-de-los-objetos-hallados-en-navarra-seran-el-centro-este-lunes-de-una-conferencia-en-civivox-condestable\\\/#primaryimage\",\"url\":\"\",\"contentUrl\":\"\"},{\"@type\":\"BreadcrumbList\",\"@id\":\"https:\\\/\\\/www.laguiadepamplona.com\\\/actualidad\\\/el-desigual-sistema-social-romano-y-su-descripcion-a-traves-de-los-objetos-hallados-en-navarra-seran-el-centro-este-lunes-de-una-conferencia-en-civivox-condestable\\\/#breadcrumb\",\"itemListElement\":[{\"@type\":\"ListItem\",\"position\":1,\"name\":\"Portada\",\"item\":\"https:\\\/\\\/www.laguiadepamplona.com\\\/actualidad\\\/\"},{\"@type\":\"ListItem\",\"position\":2,\"name\":\"El desigual sistema social romano y su descripci\u00f3n a trav\u00e9s de los objetos hallados en Navarra, ser\u00e1n el centro este lunes de una conferencia en Civivox Condestable\"}]},{\"@type\":\"WebSite\",\"@id\":\"https:\\\/\\\/www.laguiadepamplona.com\\\/actualidad\\\/#website\",\"url\":\"https:\\\/\\\/www.laguiadepamplona.com\\\/actualidad\\\/\",\"name\":\"La gu\u00eda de Pamplona\",\"description\":\"Noticias de Pamplona\",\"publisher\":{\"@id\":\"https:\\\/\\\/www.laguiadepamplona.com\\\/actualidad\\\/#organization\"},\"potentialAction\":[{\"@type\":\"SearchAction\",\"target\":{\"@type\":\"EntryPoint\",\"urlTemplate\":\"https:\\\/\\\/www.laguiadepamplona.com\\\/actualidad\\\/?s={search_term_string}\"},\"query-input\":{\"@type\":\"PropertyValueSpecification\",\"valueRequired\":true,\"valueName\":\"search_term_string\"}}],\"inLanguage\":\"es\"},{\"@type\":\"Organization\",\"@id\":\"https:\\\/\\\/www.laguiadepamplona.com\\\/actualidad\\\/#organization\",\"name\":\"La Gu\u00eda de Pamplona \\\/ Noticias\",\"url\":\"https:\\\/\\\/www.laguiadepamplona.com\\\/actualidad\\\/\",\"logo\":{\"@type\":\"ImageObject\",\"inLanguage\":\"es\",\"@id\":\"https:\\\/\\\/www.laguiadepamplona.com\\\/actualidad\\\/#\\\/schema\\\/logo\\\/image\\\/\",\"url\":\"https:\\\/\\\/www.laguiadepamplona.com\\\/actualidad\\\/wp-content\\\/uploads\\\/2018\\\/11\\\/logo-laguiadepamplona18-web1.png\",\"contentUrl\":\"https:\\\/\\\/www.laguiadepamplona.com\\\/actualidad\\\/wp-content\\\/uploads\\\/2018\\\/11\\\/logo-laguiadepamplona18-web1.png\",\"width\":600,\"height\":196,\"caption\":\"La Gu\u00eda de Pamplona \\\/ Noticias\"},\"image\":{\"@id\":\"https:\\\/\\\/www.laguiadepamplona.com\\\/actualidad\\\/#\\\/schema\\\/logo\\\/image\\\/\"},\"sameAs\":[\"https:\\\/\\\/www.facebook.com\\\/laguiadepamplonacom-133175176762273\\\/?ref=hl\",\"https:\\\/\\\/x.com\\\/LaGuiadPamplona\",\"https:\\\/\\\/www.instagram.com\\\/la_guia_de_pamplona\\\/\",\"https:\\\/\\\/www.youtube.com\\\/user\\\/laguiadepamplona\"]},{\"@type\":\"Person\",\"@id\":\"https:\\\/\\\/www.laguiadepamplona.com\\\/actualidad\\\/#\\\/schema\\\/person\\\/efe887376f0213d4657c93adc50b1fdb\",\"name\":\"La Gu\u00eda de Pamplona\",\"image\":{\"@type\":\"ImageObject\",\"inLanguage\":\"es\",\"@id\":\"https:\\\/\\\/secure.gravatar.com\\\/avatar\\\/b6992f131dc8d30ab0dff15446e9d346d9dbd95992de0fef795073f5ea83a81c?s=96&d=mm&r=g\",\"url\":\"https:\\\/\\\/secure.gravatar.com\\\/avatar\\\/b6992f131dc8d30ab0dff15446e9d346d9dbd95992de0fef795073f5ea83a81c?s=96&d=mm&r=g\",\"contentUrl\":\"https:\\\/\\\/secure.gravatar.com\\\/avatar\\\/b6992f131dc8d30ab0dff15446e9d346d9dbd95992de0fef795073f5ea83a81c?s=96&d=mm&r=g\",\"caption\":\"La Gu\u00eda de Pamplona\"}}]}<\/script>\n<!-- \/ Yoast SEO plugin. -->","yoast_head_json":{"title":"El desigual sistema social romano y su descripci\u00f3n a trav\u00e9s de los objetos hallados en Navarra, ser\u00e1n el centro este lunes de una conferencia en Civivox Condestable","robots":{"index":"index","follow":"follow","max-snippet":"max-snippet:-1","max-image-preview":"max-image-preview:large","max-video-preview":"max-video-preview:-1"},"canonical":"https:\/\/www.laguiadepamplona.com\/actualidad\/el-desigual-sistema-social-romano-y-su-descripcion-a-traves-de-los-objetos-hallados-en-navarra-seran-el-centro-este-lunes-de-una-conferencia-en-civivox-condestable\/","og_locale":"es_ES","og_type":"article","og_title":"El desigual sistema social romano y su descripci\u00f3n a trav\u00e9s de los objetos hallados en Navarra, ser\u00e1n el centro este lunes de una conferencia en Civivox Condestable","og_description":"El s\u00e1bado est\u00e1 prevista una visita guiada por arque\u00f3logas a la ciudad de Andelo y a la villa de Arellano, para la que quedan plazas disponibles El ciclo de actividades...","og_url":"https:\/\/www.laguiadepamplona.com\/actualidad\/el-desigual-sistema-social-romano-y-su-descripcion-a-traves-de-los-objetos-hallados-en-navarra-seran-el-centro-este-lunes-de-una-conferencia-en-civivox-condestable\/","og_site_name":"La Gu\u00eda de Pamplona","article_publisher":"https:\/\/www.facebook.com\/laguiadepamplonacom-133175176762273\/?ref=hl","article_published_time":"2014-02-21T11:41:42+00:00","author":"La Gu\u00eda de Pamplona","twitter_card":"summary_large_image","twitter_creator":"@LaGuiadPamplona","twitter_site":"@LaGuiadPamplona","twitter_misc":{"Escrito por":"La Gu\u00eda de Pamplona","Tiempo de lectura":"4 minutos"},"schema":{"@context":"https:\/\/schema.org","@graph":[{"@type":"Article","@id":"https:\/\/www.laguiadepamplona.com\/actualidad\/el-desigual-sistema-social-romano-y-su-descripcion-a-traves-de-los-objetos-hallados-en-navarra-seran-el-centro-este-lunes-de-una-conferencia-en-civivox-condestable\/#article","isPartOf":{"@id":"https:\/\/www.laguiadepamplona.com\/actualidad\/el-desigual-sistema-social-romano-y-su-descripcion-a-traves-de-los-objetos-hallados-en-navarra-seran-el-centro-este-lunes-de-una-conferencia-en-civivox-condestable\/"},"author":{"name":"La Gu\u00eda de Pamplona","@id":"https:\/\/www.laguiadepamplona.com\/actualidad\/#\/schema\/person\/efe887376f0213d4657c93adc50b1fdb"},"headline":"El desigual sistema social romano y su descripci\u00f3n a trav\u00e9s de los objetos hallados en Navarra, ser\u00e1n el centro este lunes de una conferencia en Civivox Condestable","datePublished":"2014-02-21T11:41:42+00:00","mainEntityOfPage":{"@id":"https:\/\/www.laguiadepamplona.com\/actualidad\/el-desigual-sistema-social-romano-y-su-descripcion-a-traves-de-los-objetos-hallados-en-navarra-seran-el-centro-este-lunes-de-una-conferencia-en-civivox-condestable\/"},"wordCount":896,"commentCount":0,"publisher":{"@id":"https:\/\/www.laguiadepamplona.com\/actualidad\/#organization"},"image":{"@id":"https:\/\/www.laguiadepamplona.com\/actualidad\/el-desigual-sistema-social-romano-y-su-descripcion-a-traves-de-los-objetos-hallados-en-navarra-seran-el-centro-este-lunes-de-una-conferencia-en-civivox-condestable\/#primaryimage"},"thumbnailUrl":"","keywords":["actualidad","ayto pamplona","ciudad de Andelo","noticias","pamplona","Roma en la Zona Media de Navarra","romanizaci\u00f3n","villa de Arellano"],"articleSection":["Ayto Pamplona"],"inLanguage":"es","potentialAction":[{"@type":"CommentAction","name":"Comment","target":["https:\/\/www.laguiadepamplona.com\/actualidad\/el-desigual-sistema-social-romano-y-su-descripcion-a-traves-de-los-objetos-hallados-en-navarra-seran-el-centro-este-lunes-de-una-conferencia-en-civivox-condestable\/#respond"]}]},{"@type":"WebPage","@id":"https:\/\/www.laguiadepamplona.com\/actualidad\/el-desigual-sistema-social-romano-y-su-descripcion-a-traves-de-los-objetos-hallados-en-navarra-seran-el-centro-este-lunes-de-una-conferencia-en-civivox-condestable\/","url":"https:\/\/www.laguiadepamplona.com\/actualidad\/el-desigual-sistema-social-romano-y-su-descripcion-a-traves-de-los-objetos-hallados-en-navarra-seran-el-centro-este-lunes-de-una-conferencia-en-civivox-condestable\/","name":"El desigual sistema social romano y su descripci\u00f3n a trav\u00e9s de los objetos hallados en Navarra, ser\u00e1n el centro este lunes de una conferencia en Civivox Condestable","isPartOf":{"@id":"https:\/\/www.laguiadepamplona.com\/actualidad\/#website"},"primaryImageOfPage":{"@id":"https:\/\/www.laguiadepamplona.com\/actualidad\/el-desigual-sistema-social-romano-y-su-descripcion-a-traves-de-los-objetos-hallados-en-navarra-seran-el-centro-este-lunes-de-una-conferencia-en-civivox-condestable\/#primaryimage"},"image":{"@id":"https:\/\/www.laguiadepamplona.com\/actualidad\/el-desigual-sistema-social-romano-y-su-descripcion-a-traves-de-los-objetos-hallados-en-navarra-seran-el-centro-este-lunes-de-una-conferencia-en-civivox-condestable\/#primaryimage"},"thumbnailUrl":"","datePublished":"2014-02-21T11:41:42+00:00","breadcrumb":{"@id":"https:\/\/www.laguiadepamplona.com\/actualidad\/el-desigual-sistema-social-romano-y-su-descripcion-a-traves-de-los-objetos-hallados-en-navarra-seran-el-centro-este-lunes-de-una-conferencia-en-civivox-condestable\/#breadcrumb"},"inLanguage":"es","potentialAction":[{"@type":"ReadAction","target":["https:\/\/www.laguiadepamplona.com\/actualidad\/el-desigual-sistema-social-romano-y-su-descripcion-a-traves-de-los-objetos-hallados-en-navarra-seran-el-centro-este-lunes-de-una-conferencia-en-civivox-condestable\/"]}]},{"@type":"ImageObject","inLanguage":"es","@id":"https:\/\/www.laguiadepamplona.com\/actualidad\/el-desigual-sistema-social-romano-y-su-descripcion-a-traves-de-los-objetos-hallados-en-navarra-seran-el-centro-este-lunes-de-una-conferencia-en-civivox-condestable\/#primaryimage","url":"","contentUrl":""},{"@type":"BreadcrumbList","@id":"https:\/\/www.laguiadepamplona.com\/actualidad\/el-desigual-sistema-social-romano-y-su-descripcion-a-traves-de-los-objetos-hallados-en-navarra-seran-el-centro-este-lunes-de-una-conferencia-en-civivox-condestable\/#breadcrumb","itemListElement":[{"@type":"ListItem","position":1,"name":"Portada","item":"https:\/\/www.laguiadepamplona.com\/actualidad\/"},{"@type":"ListItem","position":2,"name":"El desigual sistema social romano y su descripci\u00f3n a trav\u00e9s de los objetos hallados en Navarra, ser\u00e1n el centro este lunes de una conferencia en Civivox Condestable"}]},{"@type":"WebSite","@id":"https:\/\/www.laguiadepamplona.com\/actualidad\/#website","url":"https:\/\/www.laguiadepamplona.com\/actualidad\/","name":"La gu\u00eda de Pamplona","description":"Noticias de Pamplona","publisher":{"@id":"https:\/\/www.laguiadepamplona.com\/actualidad\/#organization"},"potentialAction":[{"@type":"SearchAction","target":{"@type":"EntryPoint","urlTemplate":"https:\/\/www.laguiadepamplona.com\/actualidad\/?s={search_term_string}"},"query-input":{"@type":"PropertyValueSpecification","valueRequired":true,"valueName":"search_term_string"}}],"inLanguage":"es"},{"@type":"Organization","@id":"https:\/\/www.laguiadepamplona.com\/actualidad\/#organization","name":"La Gu\u00eda de Pamplona \/ Noticias","url":"https:\/\/www.laguiadepamplona.com\/actualidad\/","logo":{"@type":"ImageObject","inLanguage":"es","@id":"https:\/\/www.laguiadepamplona.com\/actualidad\/#\/schema\/logo\/image\/","url":"https:\/\/www.laguiadepamplona.com\/actualidad\/wp-content\/uploads\/2018\/11\/logo-laguiadepamplona18-web1.png","contentUrl":"https:\/\/www.laguiadepamplona.com\/actualidad\/wp-content\/uploads\/2018\/11\/logo-laguiadepamplona18-web1.png","width":600,"height":196,"caption":"La Gu\u00eda de Pamplona \/ Noticias"},"image":{"@id":"https:\/\/www.laguiadepamplona.com\/actualidad\/#\/schema\/logo\/image\/"},"sameAs":["https:\/\/www.facebook.com\/laguiadepamplonacom-133175176762273\/?ref=hl","https:\/\/x.com\/LaGuiadPamplona","https:\/\/www.instagram.com\/la_guia_de_pamplona\/","https:\/\/www.youtube.com\/user\/laguiadepamplona"]},{"@type":"Person","@id":"https:\/\/www.laguiadepamplona.com\/actualidad\/#\/schema\/person\/efe887376f0213d4657c93adc50b1fdb","name":"La Gu\u00eda de Pamplona","image":{"@type":"ImageObject","inLanguage":"es","@id":"https:\/\/secure.gravatar.com\/avatar\/b6992f131dc8d30ab0dff15446e9d346d9dbd95992de0fef795073f5ea83a81c?s=96&d=mm&r=g","url":"https:\/\/secure.gravatar.com\/avatar\/b6992f131dc8d30ab0dff15446e9d346d9dbd95992de0fef795073f5ea83a81c?s=96&d=mm&r=g","contentUrl":"https:\/\/secure.gravatar.com\/avatar\/b6992f131dc8d30ab0dff15446e9d346d9dbd95992de0fef795073f5ea83a81c?s=96&d=mm&r=g","caption":"La Gu\u00eda de Pamplona"}}]}},"post_mailing_queue_ids":[],"_links":{"self":[{"href":"https:\/\/www.laguiadepamplona.com\/actualidad\/wp-json\/wp\/v2\/posts\/551","targetHints":{"allow":["GET"]}}],"collection":[{"href":"https:\/\/www.laguiadepamplona.com\/actualidad\/wp-json\/wp\/v2\/posts"}],"about":[{"href":"https:\/\/www.laguiadepamplona.com\/actualidad\/wp-json\/wp\/v2\/types\/post"}],"author":[{"embeddable":true,"href":"https:\/\/www.laguiadepamplona.com\/actualidad\/wp-json\/wp\/v2\/users\/1"}],"replies":[{"embeddable":true,"href":"https:\/\/www.laguiadepamplona.com\/actualidad\/wp-json\/wp\/v2\/comments?post=551"}],"version-history":[{"count":0,"href":"https:\/\/www.laguiadepamplona.com\/actualidad\/wp-json\/wp\/v2\/posts\/551\/revisions"}],"wp:featuredmedia":[{"embeddable":true,"href":"https:\/\/www.laguiadepamplona.com\/actualidad\/wp-json\/"}],"wp:attachment":[{"href":"https:\/\/www.laguiadepamplona.com\/actualidad\/wp-json\/wp\/v2\/media?parent=551"}],"wp:term":[{"taxonomy":"category","embeddable":true,"href":"https:\/\/www.laguiadepamplona.com\/actualidad\/wp-json\/wp\/v2\/categories?post=551"},{"taxonomy":"post_tag","embeddable":true,"href":"https:\/\/www.laguiadepamplona.com\/actualidad\/wp-json\/wp\/v2\/tags?post=551"}],"curies":[{"name":"wp","href":"https:\/\/api.w.org\/{rel}","templated":true}]}}