{"id":55001,"date":"2026-04-29T13:35:08","date_gmt":"2026-04-29T11:35:08","guid":{"rendered":"https:\/\/www.laguiadepamplona.com\/actualidad\/?p=55001"},"modified":"2026-04-29T13:35:08","modified_gmt":"2026-04-29T11:35:08","slug":"el-ayuntamiento-y-la-federacion-navarra-de-municipios-y-concejos-revalidan-su-colaboracion-para-el-funcionamiento-del-fondo-local-para-cooperacion-internacional","status":"publish","type":"post","link":"https:\/\/www.laguiadepamplona.com\/actualidad\/el-ayuntamiento-y-la-federacion-navarra-de-municipios-y-concejos-revalidan-su-colaboracion-para-el-funcionamiento-del-fondo-local-para-cooperacion-internacional\/","title":{"rendered":"El Ayuntamiento y la Federaci\u00f3n Navarra de Municipios y Concejos revalidan su colaboraci\u00f3n para el funcionamiento del fondo local para cooperaci\u00f3n internacional"},"content":{"rendered":"<h2>Esta ma\u00f1ana ambas entidades han suscrito un convenio por el que el Consistorio contribuir\u00e1 con 44.000 euros en 2026<\/h2>\n<p><!--more--><\/p>\n<p>El Ayuntamiento de Pamplona aportar\u00e1 este a\u00f1o 44.000 euros al Fondo Local Navarro de Cooperaci\u00f3n para el Desarrollo 2026, un apoyo que se ha formalizado esta ma\u00f1ana mediante la forma de un convenio entre el Consistorio y la Federaci\u00f3n Navarra de Municipios y Concejos (FNMC). esa cantidad supone el 13,75% del presupuesto del fondo para este a\u00f1o. En 2024 estuvieron adscritas al fondo un total de 127 entidades locales.<\/p>\n<p>El concejal delegado de Promoci\u00f3n Econ\u00f3mica, Proyecci\u00f3n Europea, Innovaci\u00f3n, Juventud y Cooperaci\u00f3n al Desarrollo, Mikel Armend\u00e1riz Barnechea, y el Presidente de la Federaci\u00f3n Navarra de Municipios y Concejos, Xabier Alcuaz Andueza, ha revalidado una iniciativa que respalda un fondo destinado a financiar proyectos de cooperaci\u00f3n con pa\u00edses en v\u00edas de desarrollo a trav\u00e9s de Organizaciones No Gubernamentales de Desarrollo (ONGD).<\/p>\n<p>Creado por la FNMC en 1998, este fondo pretende ofrecer a todas las entidades locales de Navarra la posibilidad de gestionar de forma conjunta los recursos que deseen aportar a una caja com\u00fan en un programa \u00fanico de cooperaci\u00f3n internacional al desarrollo, de forma que sus aportaciones puedan ser m\u00e1s ambiciosas, coordinadas y eficaces. Pamplona participa en este fondo desde su creaci\u00f3n a trav\u00e9s del Programa Municipal de Cooperaci\u00f3n al Desarrollo, tanto en su dotaci\u00f3n, como en las actividades de coordinaci\u00f3n y puesta en com\u00fan entre ambas entidades.<\/p>\n<p>En la convocatoria de 2024 se financiaron 13 proyectos y en la convocatoria anual de 2025, que se ejecuta a lo largo de 2026, se financiar\u00e1n nueve proyectos por un importe total de 246.558 euros. A ellos se suma el proyecto impulsado en el marco del convenio con la Delegaci\u00f3n del Sahara en Navarra, dotado con 30.000 euros, y el proyecto trienal 2024-2026 de Medicus Mundi, que contar\u00e1 este a\u00f1o con una aportaci\u00f3n de 35.000 euros. Las iniciativas seleccionadas se desarrollar\u00e1n en Uganda, Rep\u00fablica Democr\u00e1tica del Congo, Sierra Leona, Guinea-Bissau, Costa de Marfil, Angola, Argelia y Ruanda.<\/p>\n<p>Adem\u00e1s de los proyectos, desde el Fondo se apoya con 9.000 euros a la Coordinadora de ONGD de Navarra para realizaci\u00f3n de labores de sensibilizaci\u00f3n y coordinaci\u00f3n, por lo que el total de gastos es de 320.557 euros.<\/p>\n<p>El Ayuntamiento de Pamplona valora especialmente el inter\u00e9s social del Fondo, puesto que sus proyectos abordan la atenci\u00f3n de necesidades b\u00e1sicas (salud, educaci\u00f3n, suministro de agua y saneamiento, etc.) de diferentes comunidades de los pa\u00edses con menor \u00cdndice de Desarrollo Humano (IDH). En ese sentido su filosof\u00eda es complementaria con las l\u00edneas de trabajo desarrolladas por el Ayuntamiento de Pamplona en materia de Cooperaci\u00f3n Internacional al Desarrollo. Por parte de la FNMC, su sistema de cooperaci\u00f3n internacional apoya especialmente las competencias locales y se basa en agrupar esfuerzos para lograr la mayor efectividad de las acciones emprendidas, a modo de sistema cooperativo doble: cooperaci\u00f3n hacia el exterior, pero tambi\u00e9n cooperaci\u00f3n interna.<\/p>\n<p>&nbsp;<\/p>\n<p><strong>Principios del Fondo Local Navarro de Cooperaci\u00f3n para el Desarrollo<\/strong><\/p>\n<ul>\n<li>La cooperaci\u00f3n para el desarrollo encuentra su fundamento \u00faltimo en la solidaridad con los ciudadanos de los pa\u00edses menos favorecidos econ\u00f3micamente y el intercambio social y econ\u00f3mico con los mismos.<\/li>\n<li>Esa cooperaci\u00f3n debe contribuir directa o indirectamente al desarrollo social y econ\u00f3mico end\u00f3geno de los lugares receptores, a trav\u00e9s, en la medida de lo posible, de la potenciaci\u00f3n de los recursos humanos locales.<\/li>\n<li>Las actuaciones financiadas por el Fondo deben estar dirigidas a satisfacer las necesidades m\u00e1s b\u00e1sicas de la poblaci\u00f3n.<\/li>\n<li>Por tratarse de un Fondo creado por entidades locales, \u00e9ste financiar\u00e1 especialmente acciones relacionadas con las tradicionales competencias locales, tales como las siguientes:\n<ul>\n<li>Construcci\u00f3n de infraestructuras b\u00e1sicas de tradicional competencia local, y entre ellas especialmente el abastecimiento de agua potable y el saneamiento de las aguas residuales.<\/li>\n<li>Construcci\u00f3n o dotaci\u00f3n de infraestructuras o bienes y mantenimiento de servicios destinados a la atenci\u00f3n b\u00e1sica de la salud, o la educaci\u00f3n b\u00e1sica.<\/li>\n<li>Promoci\u00f3n de acciones dirigidas al fomento de la actividad econ\u00f3mica de la poblaci\u00f3n para la satisfacci\u00f3n de sus necesidades.<\/li>\n<\/ul>\n<\/li>\n<\/ul>\n","protected":false},"excerpt":{"rendered":"<p>Esta ma\u00f1ana ambas entidades han suscrito un convenio por el que el Consistorio contribuir\u00e1 con 44.000 euros en 2026<\/p>\n","protected":false},"author":1,"featured_media":55002,"comment_status":"open","ping_status":"closed","sticky":false,"template":"","format":"standard","meta":{"footnotes":""},"categories":[2],"tags":[],"class_list":["post-55001","post","type-post","status-publish","format-standard","has-post-thumbnail","hentry","category-ayuntamiento-pamplona"],"yoast_head":"<!-- This site is optimized with the Yoast SEO plugin v27.3 - https:\/\/yoast.com\/product\/yoast-seo-wordpress\/ -->\n<title>El Ayuntamiento y la Federaci\u00f3n Navarra de Municipios y Concejos revalidan su colaboraci\u00f3n para el funcionamiento del fondo local para cooperaci\u00f3n internacional<\/title>\n<meta name=\"description\" content=\"Esta ma\u00f1ana ambas entidades han suscrito un convenio por el que el Consistorio contribuir\u00e1 con 44.000 euros en 2026\" \/>\n<meta name=\"robots\" content=\"index, follow, max-snippet:-1, max-image-preview:large, max-video-preview:-1\" \/>\n<link rel=\"canonical\" href=\"https:\/\/www.laguiadepamplona.com\/actualidad\/el-ayuntamiento-y-la-federacion-navarra-de-municipios-y-concejos-revalidan-su-colaboracion-para-el-funcionamiento-del-fondo-local-para-cooperacion-internacional\/\" \/>\n<meta property=\"og:locale\" content=\"es_ES\" \/>\n<meta property=\"og:type\" content=\"article\" \/>\n<meta property=\"og:title\" content=\"El Ayuntamiento y la Federaci\u00f3n Navarra de Municipios y Concejos revalidan su colaboraci\u00f3n para el funcionamiento del fondo local para cooperaci\u00f3n internacional\" \/>\n<meta property=\"og:description\" content=\"Esta ma\u00f1ana ambas entidades han suscrito un convenio por el que el Consistorio contribuir\u00e1 con 44.000 euros en 2026\" \/>\n<meta property=\"og:url\" content=\"https:\/\/www.laguiadepamplona.com\/actualidad\/el-ayuntamiento-y-la-federacion-navarra-de-municipios-y-concejos-revalidan-su-colaboracion-para-el-funcionamiento-del-fondo-local-para-cooperacion-internacional\/\" \/>\n<meta property=\"og:site_name\" content=\"La Gu\u00eda de Pamplona\" \/>\n<meta property=\"article:publisher\" content=\"https:\/\/www.facebook.com\/laguiadepamplonacom-133175176762273\/?ref=hl\" \/>\n<meta property=\"article:published_time\" content=\"2026-04-29T11:35:08+00:00\" \/>\n<meta property=\"og:image\" content=\"https:\/\/www.laguiadepamplona.com\/actualidad\/wp-content\/uploads\/2026\/04\/FIRMA-CONVENIO-FMNC_CNB_1863.webp\" \/>\n\t<meta property=\"og:image:width\" content=\"1000\" \/>\n\t<meta property=\"og:image:height\" content=\"667\" \/>\n\t<meta property=\"og:image:type\" content=\"image\/webp\" \/>\n<meta name=\"author\" content=\"La Gu\u00eda de Pamplona\" \/>\n<meta name=\"twitter:card\" content=\"summary_large_image\" \/>\n<meta name=\"twitter:creator\" content=\"@LaGuiadPamplona\" \/>\n<meta name=\"twitter:site\" content=\"@LaGuiadPamplona\" \/>\n<meta name=\"twitter:label1\" content=\"Escrito por\" \/>\n\t<meta name=\"twitter:data1\" content=\"La Gu\u00eda de Pamplona\" \/>\n\t<meta name=\"twitter:label2\" content=\"Tiempo de lectura\" \/>\n\t<meta name=\"twitter:data2\" content=\"4 minutos\" \/>\n<script type=\"application\/ld+json\" class=\"yoast-schema-graph\">{\"@context\":\"https:\\\/\\\/schema.org\",\"@graph\":[{\"@type\":\"Article\",\"@id\":\"https:\\\/\\\/www.laguiadepamplona.com\\\/actualidad\\\/el-ayuntamiento-y-la-federacion-navarra-de-municipios-y-concejos-revalidan-su-colaboracion-para-el-funcionamiento-del-fondo-local-para-cooperacion-internacional\\\/#article\",\"isPartOf\":{\"@id\":\"https:\\\/\\\/www.laguiadepamplona.com\\\/actualidad\\\/el-ayuntamiento-y-la-federacion-navarra-de-municipios-y-concejos-revalidan-su-colaboracion-para-el-funcionamiento-del-fondo-local-para-cooperacion-internacional\\\/\"},\"author\":{\"name\":\"La Gu\u00eda de Pamplona\",\"@id\":\"https:\\\/\\\/www.laguiadepamplona.com\\\/actualidad\\\/#\\\/schema\\\/person\\\/efe887376f0213d4657c93adc50b1fdb\"},\"headline\":\"El Ayuntamiento y la Federaci\u00f3n Navarra de Municipios y Concejos revalidan su colaboraci\u00f3n para el funcionamiento del fondo local para cooperaci\u00f3n internacional\",\"datePublished\":\"2026-04-29T11:35:08+00:00\",\"mainEntityOfPage\":{\"@id\":\"https:\\\/\\\/www.laguiadepamplona.com\\\/actualidad\\\/el-ayuntamiento-y-la-federacion-navarra-de-municipios-y-concejos-revalidan-su-colaboracion-para-el-funcionamiento-del-fondo-local-para-cooperacion-internacional\\\/\"},\"wordCount\":745,\"commentCount\":0,\"publisher\":{\"@id\":\"https:\\\/\\\/www.laguiadepamplona.com\\\/actualidad\\\/#organization\"},\"image\":{\"@id\":\"https:\\\/\\\/www.laguiadepamplona.com\\\/actualidad\\\/el-ayuntamiento-y-la-federacion-navarra-de-municipios-y-concejos-revalidan-su-colaboracion-para-el-funcionamiento-del-fondo-local-para-cooperacion-internacional\\\/#primaryimage\"},\"thumbnailUrl\":\"https:\\\/\\\/www.laguiadepamplona.com\\\/actualidad\\\/wp-content\\\/uploads\\\/2026\\\/04\\\/FIRMA-CONVENIO-FMNC_CNB_1863.webp\",\"articleSection\":[\"Ayto Pamplona\"],\"inLanguage\":\"es\",\"potentialAction\":[{\"@type\":\"CommentAction\",\"name\":\"Comment\",\"target\":[\"https:\\\/\\\/www.laguiadepamplona.com\\\/actualidad\\\/el-ayuntamiento-y-la-federacion-navarra-de-municipios-y-concejos-revalidan-su-colaboracion-para-el-funcionamiento-del-fondo-local-para-cooperacion-internacional\\\/#respond\"]}]},{\"@type\":\"WebPage\",\"@id\":\"https:\\\/\\\/www.laguiadepamplona.com\\\/actualidad\\\/el-ayuntamiento-y-la-federacion-navarra-de-municipios-y-concejos-revalidan-su-colaboracion-para-el-funcionamiento-del-fondo-local-para-cooperacion-internacional\\\/\",\"url\":\"https:\\\/\\\/www.laguiadepamplona.com\\\/actualidad\\\/el-ayuntamiento-y-la-federacion-navarra-de-municipios-y-concejos-revalidan-su-colaboracion-para-el-funcionamiento-del-fondo-local-para-cooperacion-internacional\\\/\",\"name\":\"El Ayuntamiento y la Federaci\u00f3n Navarra de Municipios y Concejos revalidan su colaboraci\u00f3n para el funcionamiento del fondo local para cooperaci\u00f3n internacional\",\"isPartOf\":{\"@id\":\"https:\\\/\\\/www.laguiadepamplona.com\\\/actualidad\\\/#website\"},\"primaryImageOfPage\":{\"@id\":\"https:\\\/\\\/www.laguiadepamplona.com\\\/actualidad\\\/el-ayuntamiento-y-la-federacion-navarra-de-municipios-y-concejos-revalidan-su-colaboracion-para-el-funcionamiento-del-fondo-local-para-cooperacion-internacional\\\/#primaryimage\"},\"image\":{\"@id\":\"https:\\\/\\\/www.laguiadepamplona.com\\\/actualidad\\\/el-ayuntamiento-y-la-federacion-navarra-de-municipios-y-concejos-revalidan-su-colaboracion-para-el-funcionamiento-del-fondo-local-para-cooperacion-internacional\\\/#primaryimage\"},\"thumbnailUrl\":\"https:\\\/\\\/www.laguiadepamplona.com\\\/actualidad\\\/wp-content\\\/uploads\\\/2026\\\/04\\\/FIRMA-CONVENIO-FMNC_CNB_1863.webp\",\"datePublished\":\"2026-04-29T11:35:08+00:00\",\"description\":\"Esta ma\u00f1ana ambas entidades han suscrito un convenio por el que el Consistorio contribuir\u00e1 con 44.000 euros en 2026\",\"breadcrumb\":{\"@id\":\"https:\\\/\\\/www.laguiadepamplona.com\\\/actualidad\\\/el-ayuntamiento-y-la-federacion-navarra-de-municipios-y-concejos-revalidan-su-colaboracion-para-el-funcionamiento-del-fondo-local-para-cooperacion-internacional\\\/#breadcrumb\"},\"inLanguage\":\"es\",\"potentialAction\":[{\"@type\":\"ReadAction\",\"target\":[\"https:\\\/\\\/www.laguiadepamplona.com\\\/actualidad\\\/el-ayuntamiento-y-la-federacion-navarra-de-municipios-y-concejos-revalidan-su-colaboracion-para-el-funcionamiento-del-fondo-local-para-cooperacion-internacional\\\/\"]}]},{\"@type\":\"ImageObject\",\"inLanguage\":\"es\",\"@id\":\"https:\\\/\\\/www.laguiadepamplona.com\\\/actualidad\\\/el-ayuntamiento-y-la-federacion-navarra-de-municipios-y-concejos-revalidan-su-colaboracion-para-el-funcionamiento-del-fondo-local-para-cooperacion-internacional\\\/#primaryimage\",\"url\":\"https:\\\/\\\/www.laguiadepamplona.com\\\/actualidad\\\/wp-content\\\/uploads\\\/2026\\\/04\\\/FIRMA-CONVENIO-FMNC_CNB_1863.webp\",\"contentUrl\":\"https:\\\/\\\/www.laguiadepamplona.com\\\/actualidad\\\/wp-content\\\/uploads\\\/2026\\\/04\\\/FIRMA-CONVENIO-FMNC_CNB_1863.webp\",\"width\":1000,\"height\":667,\"caption\":\"FIRMA CONVENIO FMNC\"},{\"@type\":\"BreadcrumbList\",\"@id\":\"https:\\\/\\\/www.laguiadepamplona.com\\\/actualidad\\\/el-ayuntamiento-y-la-federacion-navarra-de-municipios-y-concejos-revalidan-su-colaboracion-para-el-funcionamiento-del-fondo-local-para-cooperacion-internacional\\\/#breadcrumb\",\"itemListElement\":[{\"@type\":\"ListItem\",\"position\":1,\"name\":\"Portada\",\"item\":\"https:\\\/\\\/www.laguiadepamplona.com\\\/actualidad\\\/\"},{\"@type\":\"ListItem\",\"position\":2,\"name\":\"El Ayuntamiento y la Federaci\u00f3n Navarra de Municipios y Concejos revalidan su colaboraci\u00f3n para el funcionamiento del fondo local para cooperaci\u00f3n internacional\"}]},{\"@type\":\"WebSite\",\"@id\":\"https:\\\/\\\/www.laguiadepamplona.com\\\/actualidad\\\/#website\",\"url\":\"https:\\\/\\\/www.laguiadepamplona.com\\\/actualidad\\\/\",\"name\":\"La gu\u00eda de Pamplona\",\"description\":\"Noticias de Pamplona\",\"publisher\":{\"@id\":\"https:\\\/\\\/www.laguiadepamplona.com\\\/actualidad\\\/#organization\"},\"potentialAction\":[{\"@type\":\"SearchAction\",\"target\":{\"@type\":\"EntryPoint\",\"urlTemplate\":\"https:\\\/\\\/www.laguiadepamplona.com\\\/actualidad\\\/?s={search_term_string}\"},\"query-input\":{\"@type\":\"PropertyValueSpecification\",\"valueRequired\":true,\"valueName\":\"search_term_string\"}}],\"inLanguage\":\"es\"},{\"@type\":\"Organization\",\"@id\":\"https:\\\/\\\/www.laguiadepamplona.com\\\/actualidad\\\/#organization\",\"name\":\"La Gu\u00eda de Pamplona \\\/ Noticias\",\"url\":\"https:\\\/\\\/www.laguiadepamplona.com\\\/actualidad\\\/\",\"logo\":{\"@type\":\"ImageObject\",\"inLanguage\":\"es\",\"@id\":\"https:\\\/\\\/www.laguiadepamplona.com\\\/actualidad\\\/#\\\/schema\\\/logo\\\/image\\\/\",\"url\":\"https:\\\/\\\/www.laguiadepamplona.com\\\/actualidad\\\/wp-content\\\/uploads\\\/2018\\\/11\\\/logo-laguiadepamplona18-web1.png\",\"contentUrl\":\"https:\\\/\\\/www.laguiadepamplona.com\\\/actualidad\\\/wp-content\\\/uploads\\\/2018\\\/11\\\/logo-laguiadepamplona18-web1.png\",\"width\":600,\"height\":196,\"caption\":\"La Gu\u00eda de Pamplona \\\/ Noticias\"},\"image\":{\"@id\":\"https:\\\/\\\/www.laguiadepamplona.com\\\/actualidad\\\/#\\\/schema\\\/logo\\\/image\\\/\"},\"sameAs\":[\"https:\\\/\\\/www.facebook.com\\\/laguiadepamplonacom-133175176762273\\\/?ref=hl\",\"https:\\\/\\\/x.com\\\/LaGuiadPamplona\",\"https:\\\/\\\/www.instagram.com\\\/la_guia_de_pamplona\\\/\",\"https:\\\/\\\/www.youtube.com\\\/user\\\/laguiadepamplona\"]},{\"@type\":\"Person\",\"@id\":\"https:\\\/\\\/www.laguiadepamplona.com\\\/actualidad\\\/#\\\/schema\\\/person\\\/efe887376f0213d4657c93adc50b1fdb\",\"name\":\"La Gu\u00eda de Pamplona\",\"image\":{\"@type\":\"ImageObject\",\"inLanguage\":\"es\",\"@id\":\"https:\\\/\\\/secure.gravatar.com\\\/avatar\\\/b6992f131dc8d30ab0dff15446e9d346d9dbd95992de0fef795073f5ea83a81c?s=96&d=mm&r=g\",\"url\":\"https:\\\/\\\/secure.gravatar.com\\\/avatar\\\/b6992f131dc8d30ab0dff15446e9d346d9dbd95992de0fef795073f5ea83a81c?s=96&d=mm&r=g\",\"contentUrl\":\"https:\\\/\\\/secure.gravatar.com\\\/avatar\\\/b6992f131dc8d30ab0dff15446e9d346d9dbd95992de0fef795073f5ea83a81c?s=96&d=mm&r=g\",\"caption\":\"La Gu\u00eda de Pamplona\"}}]}<\/script>\n<!-- \/ Yoast SEO plugin. -->","yoast_head_json":{"title":"El Ayuntamiento y la Federaci\u00f3n Navarra de Municipios y Concejos revalidan su colaboraci\u00f3n para el funcionamiento del fondo local para cooperaci\u00f3n internacional","description":"Esta ma\u00f1ana ambas entidades han suscrito un convenio por el que el Consistorio contribuir\u00e1 con 44.000 euros en 2026","robots":{"index":"index","follow":"follow","max-snippet":"max-snippet:-1","max-image-preview":"max-image-preview:large","max-video-preview":"max-video-preview:-1"},"canonical":"https:\/\/www.laguiadepamplona.com\/actualidad\/el-ayuntamiento-y-la-federacion-navarra-de-municipios-y-concejos-revalidan-su-colaboracion-para-el-funcionamiento-del-fondo-local-para-cooperacion-internacional\/","og_locale":"es_ES","og_type":"article","og_title":"El Ayuntamiento y la Federaci\u00f3n Navarra de Municipios y Concejos revalidan su colaboraci\u00f3n para el funcionamiento del fondo local para cooperaci\u00f3n internacional","og_description":"Esta ma\u00f1ana ambas entidades han suscrito un convenio por el que el Consistorio contribuir\u00e1 con 44.000 euros en 2026","og_url":"https:\/\/www.laguiadepamplona.com\/actualidad\/el-ayuntamiento-y-la-federacion-navarra-de-municipios-y-concejos-revalidan-su-colaboracion-para-el-funcionamiento-del-fondo-local-para-cooperacion-internacional\/","og_site_name":"La Gu\u00eda de Pamplona","article_publisher":"https:\/\/www.facebook.com\/laguiadepamplonacom-133175176762273\/?ref=hl","article_published_time":"2026-04-29T11:35:08+00:00","og_image":[{"width":1000,"height":667,"url":"https:\/\/www.laguiadepamplona.com\/actualidad\/wp-content\/uploads\/2026\/04\/FIRMA-CONVENIO-FMNC_CNB_1863.webp","type":"image\/webp"}],"author":"La Gu\u00eda de Pamplona","twitter_card":"summary_large_image","twitter_creator":"@LaGuiadPamplona","twitter_site":"@LaGuiadPamplona","twitter_misc":{"Escrito por":"La Gu\u00eda de Pamplona","Tiempo de lectura":"4 minutos"},"schema":{"@context":"https:\/\/schema.org","@graph":[{"@type":"Article","@id":"https:\/\/www.laguiadepamplona.com\/actualidad\/el-ayuntamiento-y-la-federacion-navarra-de-municipios-y-concejos-revalidan-su-colaboracion-para-el-funcionamiento-del-fondo-local-para-cooperacion-internacional\/#article","isPartOf":{"@id":"https:\/\/www.laguiadepamplona.com\/actualidad\/el-ayuntamiento-y-la-federacion-navarra-de-municipios-y-concejos-revalidan-su-colaboracion-para-el-funcionamiento-del-fondo-local-para-cooperacion-internacional\/"},"author":{"name":"La Gu\u00eda de Pamplona","@id":"https:\/\/www.laguiadepamplona.com\/actualidad\/#\/schema\/person\/efe887376f0213d4657c93adc50b1fdb"},"headline":"El Ayuntamiento y la Federaci\u00f3n Navarra de Municipios y Concejos revalidan su colaboraci\u00f3n para el funcionamiento del fondo local para cooperaci\u00f3n internacional","datePublished":"2026-04-29T11:35:08+00:00","mainEntityOfPage":{"@id":"https:\/\/www.laguiadepamplona.com\/actualidad\/el-ayuntamiento-y-la-federacion-navarra-de-municipios-y-concejos-revalidan-su-colaboracion-para-el-funcionamiento-del-fondo-local-para-cooperacion-internacional\/"},"wordCount":745,"commentCount":0,"publisher":{"@id":"https:\/\/www.laguiadepamplona.com\/actualidad\/#organization"},"image":{"@id":"https:\/\/www.laguiadepamplona.com\/actualidad\/el-ayuntamiento-y-la-federacion-navarra-de-municipios-y-concejos-revalidan-su-colaboracion-para-el-funcionamiento-del-fondo-local-para-cooperacion-internacional\/#primaryimage"},"thumbnailUrl":"https:\/\/www.laguiadepamplona.com\/actualidad\/wp-content\/uploads\/2026\/04\/FIRMA-CONVENIO-FMNC_CNB_1863.webp","articleSection":["Ayto Pamplona"],"inLanguage":"es","potentialAction":[{"@type":"CommentAction","name":"Comment","target":["https:\/\/www.laguiadepamplona.com\/actualidad\/el-ayuntamiento-y-la-federacion-navarra-de-municipios-y-concejos-revalidan-su-colaboracion-para-el-funcionamiento-del-fondo-local-para-cooperacion-internacional\/#respond"]}]},{"@type":"WebPage","@id":"https:\/\/www.laguiadepamplona.com\/actualidad\/el-ayuntamiento-y-la-federacion-navarra-de-municipios-y-concejos-revalidan-su-colaboracion-para-el-funcionamiento-del-fondo-local-para-cooperacion-internacional\/","url":"https:\/\/www.laguiadepamplona.com\/actualidad\/el-ayuntamiento-y-la-federacion-navarra-de-municipios-y-concejos-revalidan-su-colaboracion-para-el-funcionamiento-del-fondo-local-para-cooperacion-internacional\/","name":"El Ayuntamiento y la Federaci\u00f3n Navarra de Municipios y Concejos revalidan su colaboraci\u00f3n para el funcionamiento del fondo local para cooperaci\u00f3n internacional","isPartOf":{"@id":"https:\/\/www.laguiadepamplona.com\/actualidad\/#website"},"primaryImageOfPage":{"@id":"https:\/\/www.laguiadepamplona.com\/actualidad\/el-ayuntamiento-y-la-federacion-navarra-de-municipios-y-concejos-revalidan-su-colaboracion-para-el-funcionamiento-del-fondo-local-para-cooperacion-internacional\/#primaryimage"},"image":{"@id":"https:\/\/www.laguiadepamplona.com\/actualidad\/el-ayuntamiento-y-la-federacion-navarra-de-municipios-y-concejos-revalidan-su-colaboracion-para-el-funcionamiento-del-fondo-local-para-cooperacion-internacional\/#primaryimage"},"thumbnailUrl":"https:\/\/www.laguiadepamplona.com\/actualidad\/wp-content\/uploads\/2026\/04\/FIRMA-CONVENIO-FMNC_CNB_1863.webp","datePublished":"2026-04-29T11:35:08+00:00","description":"Esta ma\u00f1ana ambas entidades han suscrito un convenio por el que el Consistorio contribuir\u00e1 con 44.000 euros en 2026","breadcrumb":{"@id":"https:\/\/www.laguiadepamplona.com\/actualidad\/el-ayuntamiento-y-la-federacion-navarra-de-municipios-y-concejos-revalidan-su-colaboracion-para-el-funcionamiento-del-fondo-local-para-cooperacion-internacional\/#breadcrumb"},"inLanguage":"es","potentialAction":[{"@type":"ReadAction","target":["https:\/\/www.laguiadepamplona.com\/actualidad\/el-ayuntamiento-y-la-federacion-navarra-de-municipios-y-concejos-revalidan-su-colaboracion-para-el-funcionamiento-del-fondo-local-para-cooperacion-internacional\/"]}]},{"@type":"ImageObject","inLanguage":"es","@id":"https:\/\/www.laguiadepamplona.com\/actualidad\/el-ayuntamiento-y-la-federacion-navarra-de-municipios-y-concejos-revalidan-su-colaboracion-para-el-funcionamiento-del-fondo-local-para-cooperacion-internacional\/#primaryimage","url":"https:\/\/www.laguiadepamplona.com\/actualidad\/wp-content\/uploads\/2026\/04\/FIRMA-CONVENIO-FMNC_CNB_1863.webp","contentUrl":"https:\/\/www.laguiadepamplona.com\/actualidad\/wp-content\/uploads\/2026\/04\/FIRMA-CONVENIO-FMNC_CNB_1863.webp","width":1000,"height":667,"caption":"FIRMA CONVENIO FMNC"},{"@type":"BreadcrumbList","@id":"https:\/\/www.laguiadepamplona.com\/actualidad\/el-ayuntamiento-y-la-federacion-navarra-de-municipios-y-concejos-revalidan-su-colaboracion-para-el-funcionamiento-del-fondo-local-para-cooperacion-internacional\/#breadcrumb","itemListElement":[{"@type":"ListItem","position":1,"name":"Portada","item":"https:\/\/www.laguiadepamplona.com\/actualidad\/"},{"@type":"ListItem","position":2,"name":"El Ayuntamiento y la Federaci\u00f3n Navarra de Municipios y Concejos revalidan su colaboraci\u00f3n para el funcionamiento del fondo local para cooperaci\u00f3n internacional"}]},{"@type":"WebSite","@id":"https:\/\/www.laguiadepamplona.com\/actualidad\/#website","url":"https:\/\/www.laguiadepamplona.com\/actualidad\/","name":"La gu\u00eda de Pamplona","description":"Noticias de Pamplona","publisher":{"@id":"https:\/\/www.laguiadepamplona.com\/actualidad\/#organization"},"potentialAction":[{"@type":"SearchAction","target":{"@type":"EntryPoint","urlTemplate":"https:\/\/www.laguiadepamplona.com\/actualidad\/?s={search_term_string}"},"query-input":{"@type":"PropertyValueSpecification","valueRequired":true,"valueName":"search_term_string"}}],"inLanguage":"es"},{"@type":"Organization","@id":"https:\/\/www.laguiadepamplona.com\/actualidad\/#organization","name":"La Gu\u00eda de Pamplona \/ Noticias","url":"https:\/\/www.laguiadepamplona.com\/actualidad\/","logo":{"@type":"ImageObject","inLanguage":"es","@id":"https:\/\/www.laguiadepamplona.com\/actualidad\/#\/schema\/logo\/image\/","url":"https:\/\/www.laguiadepamplona.com\/actualidad\/wp-content\/uploads\/2018\/11\/logo-laguiadepamplona18-web1.png","contentUrl":"https:\/\/www.laguiadepamplona.com\/actualidad\/wp-content\/uploads\/2018\/11\/logo-laguiadepamplona18-web1.png","width":600,"height":196,"caption":"La Gu\u00eda de Pamplona \/ Noticias"},"image":{"@id":"https:\/\/www.laguiadepamplona.com\/actualidad\/#\/schema\/logo\/image\/"},"sameAs":["https:\/\/www.facebook.com\/laguiadepamplonacom-133175176762273\/?ref=hl","https:\/\/x.com\/LaGuiadPamplona","https:\/\/www.instagram.com\/la_guia_de_pamplona\/","https:\/\/www.youtube.com\/user\/laguiadepamplona"]},{"@type":"Person","@id":"https:\/\/www.laguiadepamplona.com\/actualidad\/#\/schema\/person\/efe887376f0213d4657c93adc50b1fdb","name":"La Gu\u00eda de Pamplona","image":{"@type":"ImageObject","inLanguage":"es","@id":"https:\/\/secure.gravatar.com\/avatar\/b6992f131dc8d30ab0dff15446e9d346d9dbd95992de0fef795073f5ea83a81c?s=96&d=mm&r=g","url":"https:\/\/secure.gravatar.com\/avatar\/b6992f131dc8d30ab0dff15446e9d346d9dbd95992de0fef795073f5ea83a81c?s=96&d=mm&r=g","contentUrl":"https:\/\/secure.gravatar.com\/avatar\/b6992f131dc8d30ab0dff15446e9d346d9dbd95992de0fef795073f5ea83a81c?s=96&d=mm&r=g","caption":"La Gu\u00eda de Pamplona"}}]}},"post_mailing_queue_ids":[],"_links":{"self":[{"href":"https:\/\/www.laguiadepamplona.com\/actualidad\/wp-json\/wp\/v2\/posts\/55001","targetHints":{"allow":["GET"]}}],"collection":[{"href":"https:\/\/www.laguiadepamplona.com\/actualidad\/wp-json\/wp\/v2\/posts"}],"about":[{"href":"https:\/\/www.laguiadepamplona.com\/actualidad\/wp-json\/wp\/v2\/types\/post"}],"author":[{"embeddable":true,"href":"https:\/\/www.laguiadepamplona.com\/actualidad\/wp-json\/wp\/v2\/users\/1"}],"replies":[{"embeddable":true,"href":"https:\/\/www.laguiadepamplona.com\/actualidad\/wp-json\/wp\/v2\/comments?post=55001"}],"version-history":[{"count":1,"href":"https:\/\/www.laguiadepamplona.com\/actualidad\/wp-json\/wp\/v2\/posts\/55001\/revisions"}],"predecessor-version":[{"id":55003,"href":"https:\/\/www.laguiadepamplona.com\/actualidad\/wp-json\/wp\/v2\/posts\/55001\/revisions\/55003"}],"wp:featuredmedia":[{"embeddable":true,"href":"https:\/\/www.laguiadepamplona.com\/actualidad\/wp-json\/wp\/v2\/media\/55002"}],"wp:attachment":[{"href":"https:\/\/www.laguiadepamplona.com\/actualidad\/wp-json\/wp\/v2\/media?parent=55001"}],"wp:term":[{"taxonomy":"category","embeddable":true,"href":"https:\/\/www.laguiadepamplona.com\/actualidad\/wp-json\/wp\/v2\/categories?post=55001"},{"taxonomy":"post_tag","embeddable":true,"href":"https:\/\/www.laguiadepamplona.com\/actualidad\/wp-json\/wp\/v2\/tags?post=55001"}],"curies":[{"name":"wp","href":"https:\/\/api.w.org\/{rel}","templated":true}]}}