{"id":54998,"date":"2026-04-29T13:26:40","date_gmt":"2026-04-29T11:26:40","guid":{"rendered":"https:\/\/www.laguiadepamplona.com\/actualidad\/?p=54998"},"modified":"2026-04-29T13:26:40","modified_gmt":"2026-04-29T11:26:40","slug":"el-alcalde-de-pamplona-joseba-asiron-saez-recibe-al-nuevo-consul-general-de-colombia-en-bilbao-carlos-alfonso-victoria","status":"publish","type":"post","link":"https:\/\/www.laguiadepamplona.com\/actualidad\/el-alcalde-de-pamplona-joseba-asiron-saez-recibe-al-nuevo-consul-general-de-colombia-en-bilbao-carlos-alfonso-victoria\/","title":{"rendered":"El alcalde de Pamplona, Joseba Asiron Saez, recibe al nuevo c\u00f3nsul general de Colombia en Bilbao, Carlos Alfonso Victoria"},"content":{"rendered":"<p><!--more--><\/p>\n<p>El alcalde de Pamplona, Joseba Asiron Saez, ha recibido en su despacho de la Casa Consistorial al nuevo c\u00f3nsul general de Colombia en Bilbao, Carlos Alfonso Victoria Mena, quien tom\u00f3 posesi\u00f3n del cargo el pasado mes de enero. El encuentro se inscribe dentro de la ronda de contactos que est\u00e1 realizando el nuevo c\u00f3nsul desde su nombramiento con distintas instituciones. En la reuni\u00f3n, Victoria Mena ha estado acompa\u00f1ado por el representante de los colombianos en el sur de Europa, Harold Rojas Varon, y el director de Radio Explosiva Pamplona, James Barona Campaz. Por parte del ayuntamiento, ha estado presente adem\u00e1s la concejala de Igualdad, Acci\u00f3n Comunitaria, Barrios y Diversidad Cultural, Zaloa Basabe Guti\u00e9rrez.<\/p>\n<p>El c\u00f3nsul Carlos Alfonso Victoria Mena sustituye en el cargo a Edgar Alberto Rojas. Desde finales de enero est\u00e1 al frente del Consulado General en Bilbao, cuya circunscripci\u00f3n se extiende, adem\u00e1s del Pa\u00eds Vasco, a La Rioja, Navarra, Cantabria y al Principado de Asturias. En todo este \u00e1mbito, busca salvaguardar los intereses de sus nacionales, ofreci\u00e9ndoles asesor\u00eda jur\u00eddica, social y asistencia.<\/p>\n<p>Pamplona cerr\u00f3 2025 con una poblaci\u00f3n de 209.676 personas, de las que 29.271 son extranjeras. De ellas, 4.735, seg\u00fan los datos del padr\u00f3n a 1 de enero de 2026, tienen nacionalidad colombiana. Son estas \u00faltimas las destinatarias principales de trabajo del Consulado General, a los que ofrece un servicio cercano. La poblaci\u00f3n colombiana es una de las m\u00e1s numerosas de Navarra. Adem\u00e1s, Pamplona est\u00e1 hermanada con la ciudad de Pamplona de Colombia, un hermanamiento que este a\u00f1o cumple 25 a\u00f1os y que va m\u00e1s all\u00e1 del nombre.<\/p>\n<p>En el encuentro, el alcalde de Pamplona y el c\u00f3nsul han conversado sobre la integraci\u00f3n de la poblaci\u00f3n colombiana en la ciudad y posibles colaboraciones institucionales. Adem\u00e1s del Ayuntamiento de Pamplona, el c\u00f3nsul ha visitado tambi\u00e9n la C\u00e1mara de Comercio y varios municipios de la Comarca de Pamplona.<\/p>\n","protected":false},"excerpt":{"rendered":"","protected":false},"author":1,"featured_media":54999,"comment_status":"open","ping_status":"closed","sticky":false,"template":"","format":"standard","meta":{"footnotes":""},"categories":[2],"tags":[],"class_list":["post-54998","post","type-post","status-publish","format-standard","has-post-thumbnail","hentry","category-ayuntamiento-pamplona"],"yoast_head":"<!-- This site is optimized with the Yoast SEO plugin v27.3 - https:\/\/yoast.com\/product\/yoast-seo-wordpress\/ -->\n<title>El alcalde de Pamplona, Joseba Asiron Saez, recibe al nuevo c\u00f3nsul general de Colombia en Bilbao, Carlos Alfonso Victoria<\/title>\n<meta name=\"description\" content=\"El c\u00f3nsul Carlos Alfonso Victoria Mena sustituye en el cargo a Edgar Alberto Rojas. Desde finales de enero est\u00e1 al frente del Consulado General en Bilbao\" \/>\n<meta name=\"robots\" content=\"index, follow, max-snippet:-1, max-image-preview:large, max-video-preview:-1\" \/>\n<link rel=\"canonical\" href=\"https:\/\/www.laguiadepamplona.com\/actualidad\/el-alcalde-de-pamplona-joseba-asiron-saez-recibe-al-nuevo-consul-general-de-colombia-en-bilbao-carlos-alfonso-victoria\/\" \/>\n<meta property=\"og:locale\" content=\"es_ES\" \/>\n<meta property=\"og:type\" content=\"article\" \/>\n<meta property=\"og:title\" content=\"El alcalde de Pamplona, Joseba Asiron Saez, recibe al nuevo c\u00f3nsul general de Colombia en Bilbao, Carlos Alfonso Victoria\" \/>\n<meta property=\"og:description\" content=\"El c\u00f3nsul Carlos Alfonso Victoria Mena sustituye en el cargo a Edgar Alberto Rojas. Desde finales de enero est\u00e1 al frente del Consulado General en Bilbao\" \/>\n<meta property=\"og:url\" content=\"https:\/\/www.laguiadepamplona.com\/actualidad\/el-alcalde-de-pamplona-joseba-asiron-saez-recibe-al-nuevo-consul-general-de-colombia-en-bilbao-carlos-alfonso-victoria\/\" \/>\n<meta property=\"og:site_name\" content=\"La Gu\u00eda de Pamplona\" \/>\n<meta property=\"article:publisher\" content=\"https:\/\/www.facebook.com\/laguiadepamplonacom-133175176762273\/?ref=hl\" \/>\n<meta property=\"article:published_time\" content=\"2026-04-29T11:26:40+00:00\" \/>\n<meta property=\"og:image\" content=\"https:\/\/www.laguiadepamplona.com\/actualidad\/wp-content\/uploads\/2026\/04\/reunion-consul-colombia-dscf9227.webp\" \/>\n\t<meta property=\"og:image:width\" content=\"1000\" \/>\n\t<meta property=\"og:image:height\" content=\"667\" \/>\n\t<meta property=\"og:image:type\" content=\"image\/webp\" \/>\n<meta name=\"author\" content=\"La Gu\u00eda de Pamplona\" \/>\n<meta name=\"twitter:card\" content=\"summary_large_image\" \/>\n<meta name=\"twitter:creator\" content=\"@LaGuiadPamplona\" \/>\n<meta name=\"twitter:site\" content=\"@LaGuiadPamplona\" \/>\n<meta name=\"twitter:label1\" content=\"Escrito por\" \/>\n\t<meta name=\"twitter:data1\" content=\"La Gu\u00eda de Pamplona\" \/>\n\t<meta name=\"twitter:label2\" content=\"Tiempo de lectura\" \/>\n\t<meta name=\"twitter:data2\" content=\"2 minutos\" \/>\n<script type=\"application\/ld+json\" class=\"yoast-schema-graph\">{\"@context\":\"https:\\\/\\\/schema.org\",\"@graph\":[{\"@type\":\"Article\",\"@id\":\"https:\\\/\\\/www.laguiadepamplona.com\\\/actualidad\\\/el-alcalde-de-pamplona-joseba-asiron-saez-recibe-al-nuevo-consul-general-de-colombia-en-bilbao-carlos-alfonso-victoria\\\/#article\",\"isPartOf\":{\"@id\":\"https:\\\/\\\/www.laguiadepamplona.com\\\/actualidad\\\/el-alcalde-de-pamplona-joseba-asiron-saez-recibe-al-nuevo-consul-general-de-colombia-en-bilbao-carlos-alfonso-victoria\\\/\"},\"author\":{\"name\":\"La Gu\u00eda de Pamplona\",\"@id\":\"https:\\\/\\\/www.laguiadepamplona.com\\\/actualidad\\\/#\\\/schema\\\/person\\\/efe887376f0213d4657c93adc50b1fdb\"},\"headline\":\"El alcalde de Pamplona, Joseba Asiron Saez, recibe al nuevo c\u00f3nsul general de Colombia en Bilbao, Carlos Alfonso Victoria\",\"datePublished\":\"2026-04-29T11:26:40+00:00\",\"mainEntityOfPage\":{\"@id\":\"https:\\\/\\\/www.laguiadepamplona.com\\\/actualidad\\\/el-alcalde-de-pamplona-joseba-asiron-saez-recibe-al-nuevo-consul-general-de-colombia-en-bilbao-carlos-alfonso-victoria\\\/\"},\"wordCount\":353,\"commentCount\":0,\"publisher\":{\"@id\":\"https:\\\/\\\/www.laguiadepamplona.com\\\/actualidad\\\/#organization\"},\"image\":{\"@id\":\"https:\\\/\\\/www.laguiadepamplona.com\\\/actualidad\\\/el-alcalde-de-pamplona-joseba-asiron-saez-recibe-al-nuevo-consul-general-de-colombia-en-bilbao-carlos-alfonso-victoria\\\/#primaryimage\"},\"thumbnailUrl\":\"https:\\\/\\\/www.laguiadepamplona.com\\\/actualidad\\\/wp-content\\\/uploads\\\/2026\\\/04\\\/reunion-consul-colombia-dscf9227.webp\",\"articleSection\":[\"Ayto Pamplona\"],\"inLanguage\":\"es\",\"potentialAction\":[{\"@type\":\"CommentAction\",\"name\":\"Comment\",\"target\":[\"https:\\\/\\\/www.laguiadepamplona.com\\\/actualidad\\\/el-alcalde-de-pamplona-joseba-asiron-saez-recibe-al-nuevo-consul-general-de-colombia-en-bilbao-carlos-alfonso-victoria\\\/#respond\"]}]},{\"@type\":\"WebPage\",\"@id\":\"https:\\\/\\\/www.laguiadepamplona.com\\\/actualidad\\\/el-alcalde-de-pamplona-joseba-asiron-saez-recibe-al-nuevo-consul-general-de-colombia-en-bilbao-carlos-alfonso-victoria\\\/\",\"url\":\"https:\\\/\\\/www.laguiadepamplona.com\\\/actualidad\\\/el-alcalde-de-pamplona-joseba-asiron-saez-recibe-al-nuevo-consul-general-de-colombia-en-bilbao-carlos-alfonso-victoria\\\/\",\"name\":\"El alcalde de Pamplona, Joseba Asiron Saez, recibe al nuevo c\u00f3nsul general de Colombia en Bilbao, Carlos Alfonso Victoria\",\"isPartOf\":{\"@id\":\"https:\\\/\\\/www.laguiadepamplona.com\\\/actualidad\\\/#website\"},\"primaryImageOfPage\":{\"@id\":\"https:\\\/\\\/www.laguiadepamplona.com\\\/actualidad\\\/el-alcalde-de-pamplona-joseba-asiron-saez-recibe-al-nuevo-consul-general-de-colombia-en-bilbao-carlos-alfonso-victoria\\\/#primaryimage\"},\"image\":{\"@id\":\"https:\\\/\\\/www.laguiadepamplona.com\\\/actualidad\\\/el-alcalde-de-pamplona-joseba-asiron-saez-recibe-al-nuevo-consul-general-de-colombia-en-bilbao-carlos-alfonso-victoria\\\/#primaryimage\"},\"thumbnailUrl\":\"https:\\\/\\\/www.laguiadepamplona.com\\\/actualidad\\\/wp-content\\\/uploads\\\/2026\\\/04\\\/reunion-consul-colombia-dscf9227.webp\",\"datePublished\":\"2026-04-29T11:26:40+00:00\",\"description\":\"El c\u00f3nsul Carlos Alfonso Victoria Mena sustituye en el cargo a Edgar Alberto Rojas. Desde finales de enero est\u00e1 al frente del Consulado General en Bilbao\",\"breadcrumb\":{\"@id\":\"https:\\\/\\\/www.laguiadepamplona.com\\\/actualidad\\\/el-alcalde-de-pamplona-joseba-asiron-saez-recibe-al-nuevo-consul-general-de-colombia-en-bilbao-carlos-alfonso-victoria\\\/#breadcrumb\"},\"inLanguage\":\"es\",\"potentialAction\":[{\"@type\":\"ReadAction\",\"target\":[\"https:\\\/\\\/www.laguiadepamplona.com\\\/actualidad\\\/el-alcalde-de-pamplona-joseba-asiron-saez-recibe-al-nuevo-consul-general-de-colombia-en-bilbao-carlos-alfonso-victoria\\\/\"]}]},{\"@type\":\"ImageObject\",\"inLanguage\":\"es\",\"@id\":\"https:\\\/\\\/www.laguiadepamplona.com\\\/actualidad\\\/el-alcalde-de-pamplona-joseba-asiron-saez-recibe-al-nuevo-consul-general-de-colombia-en-bilbao-carlos-alfonso-victoria\\\/#primaryimage\",\"url\":\"https:\\\/\\\/www.laguiadepamplona.com\\\/actualidad\\\/wp-content\\\/uploads\\\/2026\\\/04\\\/reunion-consul-colombia-dscf9227.webp\",\"contentUrl\":\"https:\\\/\\\/www.laguiadepamplona.com\\\/actualidad\\\/wp-content\\\/uploads\\\/2026\\\/04\\\/reunion-consul-colombia-dscf9227.webp\",\"width\":1000,\"height\":667,\"caption\":\"reuni\u00f3n c\u00f3nsul Colombia dscf9227\"},{\"@type\":\"BreadcrumbList\",\"@id\":\"https:\\\/\\\/www.laguiadepamplona.com\\\/actualidad\\\/el-alcalde-de-pamplona-joseba-asiron-saez-recibe-al-nuevo-consul-general-de-colombia-en-bilbao-carlos-alfonso-victoria\\\/#breadcrumb\",\"itemListElement\":[{\"@type\":\"ListItem\",\"position\":1,\"name\":\"Portada\",\"item\":\"https:\\\/\\\/www.laguiadepamplona.com\\\/actualidad\\\/\"},{\"@type\":\"ListItem\",\"position\":2,\"name\":\"El alcalde de Pamplona, Joseba Asiron Saez, recibe al nuevo c\u00f3nsul general de Colombia en Bilbao, Carlos Alfonso Victoria\"}]},{\"@type\":\"WebSite\",\"@id\":\"https:\\\/\\\/www.laguiadepamplona.com\\\/actualidad\\\/#website\",\"url\":\"https:\\\/\\\/www.laguiadepamplona.com\\\/actualidad\\\/\",\"name\":\"La gu\u00eda de Pamplona\",\"description\":\"Noticias de Pamplona\",\"publisher\":{\"@id\":\"https:\\\/\\\/www.laguiadepamplona.com\\\/actualidad\\\/#organization\"},\"potentialAction\":[{\"@type\":\"SearchAction\",\"target\":{\"@type\":\"EntryPoint\",\"urlTemplate\":\"https:\\\/\\\/www.laguiadepamplona.com\\\/actualidad\\\/?s={search_term_string}\"},\"query-input\":{\"@type\":\"PropertyValueSpecification\",\"valueRequired\":true,\"valueName\":\"search_term_string\"}}],\"inLanguage\":\"es\"},{\"@type\":\"Organization\",\"@id\":\"https:\\\/\\\/www.laguiadepamplona.com\\\/actualidad\\\/#organization\",\"name\":\"La Gu\u00eda de Pamplona \\\/ Noticias\",\"url\":\"https:\\\/\\\/www.laguiadepamplona.com\\\/actualidad\\\/\",\"logo\":{\"@type\":\"ImageObject\",\"inLanguage\":\"es\",\"@id\":\"https:\\\/\\\/www.laguiadepamplona.com\\\/actualidad\\\/#\\\/schema\\\/logo\\\/image\\\/\",\"url\":\"https:\\\/\\\/www.laguiadepamplona.com\\\/actualidad\\\/wp-content\\\/uploads\\\/2018\\\/11\\\/logo-laguiadepamplona18-web1.png\",\"contentUrl\":\"https:\\\/\\\/www.laguiadepamplona.com\\\/actualidad\\\/wp-content\\\/uploads\\\/2018\\\/11\\\/logo-laguiadepamplona18-web1.png\",\"width\":600,\"height\":196,\"caption\":\"La Gu\u00eda de Pamplona \\\/ Noticias\"},\"image\":{\"@id\":\"https:\\\/\\\/www.laguiadepamplona.com\\\/actualidad\\\/#\\\/schema\\\/logo\\\/image\\\/\"},\"sameAs\":[\"https:\\\/\\\/www.facebook.com\\\/laguiadepamplonacom-133175176762273\\\/?ref=hl\",\"https:\\\/\\\/x.com\\\/LaGuiadPamplona\",\"https:\\\/\\\/www.instagram.com\\\/la_guia_de_pamplona\\\/\",\"https:\\\/\\\/www.youtube.com\\\/user\\\/laguiadepamplona\"]},{\"@type\":\"Person\",\"@id\":\"https:\\\/\\\/www.laguiadepamplona.com\\\/actualidad\\\/#\\\/schema\\\/person\\\/efe887376f0213d4657c93adc50b1fdb\",\"name\":\"La Gu\u00eda de Pamplona\",\"image\":{\"@type\":\"ImageObject\",\"inLanguage\":\"es\",\"@id\":\"https:\\\/\\\/secure.gravatar.com\\\/avatar\\\/b6992f131dc8d30ab0dff15446e9d346d9dbd95992de0fef795073f5ea83a81c?s=96&d=mm&r=g\",\"url\":\"https:\\\/\\\/secure.gravatar.com\\\/avatar\\\/b6992f131dc8d30ab0dff15446e9d346d9dbd95992de0fef795073f5ea83a81c?s=96&d=mm&r=g\",\"contentUrl\":\"https:\\\/\\\/secure.gravatar.com\\\/avatar\\\/b6992f131dc8d30ab0dff15446e9d346d9dbd95992de0fef795073f5ea83a81c?s=96&d=mm&r=g\",\"caption\":\"La Gu\u00eda de Pamplona\"}}]}<\/script>\n<!-- \/ Yoast SEO plugin. -->","yoast_head_json":{"title":"El alcalde de Pamplona, Joseba Asiron Saez, recibe al nuevo c\u00f3nsul general de Colombia en Bilbao, Carlos Alfonso Victoria","description":"El c\u00f3nsul Carlos Alfonso Victoria Mena sustituye en el cargo a Edgar Alberto Rojas. Desde finales de enero est\u00e1 al frente del Consulado General en Bilbao","robots":{"index":"index","follow":"follow","max-snippet":"max-snippet:-1","max-image-preview":"max-image-preview:large","max-video-preview":"max-video-preview:-1"},"canonical":"https:\/\/www.laguiadepamplona.com\/actualidad\/el-alcalde-de-pamplona-joseba-asiron-saez-recibe-al-nuevo-consul-general-de-colombia-en-bilbao-carlos-alfonso-victoria\/","og_locale":"es_ES","og_type":"article","og_title":"El alcalde de Pamplona, Joseba Asiron Saez, recibe al nuevo c\u00f3nsul general de Colombia en Bilbao, Carlos Alfonso Victoria","og_description":"El c\u00f3nsul Carlos Alfonso Victoria Mena sustituye en el cargo a Edgar Alberto Rojas. Desde finales de enero est\u00e1 al frente del Consulado General en Bilbao","og_url":"https:\/\/www.laguiadepamplona.com\/actualidad\/el-alcalde-de-pamplona-joseba-asiron-saez-recibe-al-nuevo-consul-general-de-colombia-en-bilbao-carlos-alfonso-victoria\/","og_site_name":"La Gu\u00eda de Pamplona","article_publisher":"https:\/\/www.facebook.com\/laguiadepamplonacom-133175176762273\/?ref=hl","article_published_time":"2026-04-29T11:26:40+00:00","og_image":[{"width":1000,"height":667,"url":"https:\/\/www.laguiadepamplona.com\/actualidad\/wp-content\/uploads\/2026\/04\/reunion-consul-colombia-dscf9227.webp","type":"image\/webp"}],"author":"La Gu\u00eda de Pamplona","twitter_card":"summary_large_image","twitter_creator":"@LaGuiadPamplona","twitter_site":"@LaGuiadPamplona","twitter_misc":{"Escrito por":"La Gu\u00eda de Pamplona","Tiempo de lectura":"2 minutos"},"schema":{"@context":"https:\/\/schema.org","@graph":[{"@type":"Article","@id":"https:\/\/www.laguiadepamplona.com\/actualidad\/el-alcalde-de-pamplona-joseba-asiron-saez-recibe-al-nuevo-consul-general-de-colombia-en-bilbao-carlos-alfonso-victoria\/#article","isPartOf":{"@id":"https:\/\/www.laguiadepamplona.com\/actualidad\/el-alcalde-de-pamplona-joseba-asiron-saez-recibe-al-nuevo-consul-general-de-colombia-en-bilbao-carlos-alfonso-victoria\/"},"author":{"name":"La Gu\u00eda de Pamplona","@id":"https:\/\/www.laguiadepamplona.com\/actualidad\/#\/schema\/person\/efe887376f0213d4657c93adc50b1fdb"},"headline":"El alcalde de Pamplona, Joseba Asiron Saez, recibe al nuevo c\u00f3nsul general de Colombia en Bilbao, Carlos Alfonso Victoria","datePublished":"2026-04-29T11:26:40+00:00","mainEntityOfPage":{"@id":"https:\/\/www.laguiadepamplona.com\/actualidad\/el-alcalde-de-pamplona-joseba-asiron-saez-recibe-al-nuevo-consul-general-de-colombia-en-bilbao-carlos-alfonso-victoria\/"},"wordCount":353,"commentCount":0,"publisher":{"@id":"https:\/\/www.laguiadepamplona.com\/actualidad\/#organization"},"image":{"@id":"https:\/\/www.laguiadepamplona.com\/actualidad\/el-alcalde-de-pamplona-joseba-asiron-saez-recibe-al-nuevo-consul-general-de-colombia-en-bilbao-carlos-alfonso-victoria\/#primaryimage"},"thumbnailUrl":"https:\/\/www.laguiadepamplona.com\/actualidad\/wp-content\/uploads\/2026\/04\/reunion-consul-colombia-dscf9227.webp","articleSection":["Ayto Pamplona"],"inLanguage":"es","potentialAction":[{"@type":"CommentAction","name":"Comment","target":["https:\/\/www.laguiadepamplona.com\/actualidad\/el-alcalde-de-pamplona-joseba-asiron-saez-recibe-al-nuevo-consul-general-de-colombia-en-bilbao-carlos-alfonso-victoria\/#respond"]}]},{"@type":"WebPage","@id":"https:\/\/www.laguiadepamplona.com\/actualidad\/el-alcalde-de-pamplona-joseba-asiron-saez-recibe-al-nuevo-consul-general-de-colombia-en-bilbao-carlos-alfonso-victoria\/","url":"https:\/\/www.laguiadepamplona.com\/actualidad\/el-alcalde-de-pamplona-joseba-asiron-saez-recibe-al-nuevo-consul-general-de-colombia-en-bilbao-carlos-alfonso-victoria\/","name":"El alcalde de Pamplona, Joseba Asiron Saez, recibe al nuevo c\u00f3nsul general de Colombia en Bilbao, Carlos Alfonso Victoria","isPartOf":{"@id":"https:\/\/www.laguiadepamplona.com\/actualidad\/#website"},"primaryImageOfPage":{"@id":"https:\/\/www.laguiadepamplona.com\/actualidad\/el-alcalde-de-pamplona-joseba-asiron-saez-recibe-al-nuevo-consul-general-de-colombia-en-bilbao-carlos-alfonso-victoria\/#primaryimage"},"image":{"@id":"https:\/\/www.laguiadepamplona.com\/actualidad\/el-alcalde-de-pamplona-joseba-asiron-saez-recibe-al-nuevo-consul-general-de-colombia-en-bilbao-carlos-alfonso-victoria\/#primaryimage"},"thumbnailUrl":"https:\/\/www.laguiadepamplona.com\/actualidad\/wp-content\/uploads\/2026\/04\/reunion-consul-colombia-dscf9227.webp","datePublished":"2026-04-29T11:26:40+00:00","description":"El c\u00f3nsul Carlos Alfonso Victoria Mena sustituye en el cargo a Edgar Alberto Rojas. Desde finales de enero est\u00e1 al frente del Consulado General en Bilbao","breadcrumb":{"@id":"https:\/\/www.laguiadepamplona.com\/actualidad\/el-alcalde-de-pamplona-joseba-asiron-saez-recibe-al-nuevo-consul-general-de-colombia-en-bilbao-carlos-alfonso-victoria\/#breadcrumb"},"inLanguage":"es","potentialAction":[{"@type":"ReadAction","target":["https:\/\/www.laguiadepamplona.com\/actualidad\/el-alcalde-de-pamplona-joseba-asiron-saez-recibe-al-nuevo-consul-general-de-colombia-en-bilbao-carlos-alfonso-victoria\/"]}]},{"@type":"ImageObject","inLanguage":"es","@id":"https:\/\/www.laguiadepamplona.com\/actualidad\/el-alcalde-de-pamplona-joseba-asiron-saez-recibe-al-nuevo-consul-general-de-colombia-en-bilbao-carlos-alfonso-victoria\/#primaryimage","url":"https:\/\/www.laguiadepamplona.com\/actualidad\/wp-content\/uploads\/2026\/04\/reunion-consul-colombia-dscf9227.webp","contentUrl":"https:\/\/www.laguiadepamplona.com\/actualidad\/wp-content\/uploads\/2026\/04\/reunion-consul-colombia-dscf9227.webp","width":1000,"height":667,"caption":"reuni\u00f3n c\u00f3nsul Colombia dscf9227"},{"@type":"BreadcrumbList","@id":"https:\/\/www.laguiadepamplona.com\/actualidad\/el-alcalde-de-pamplona-joseba-asiron-saez-recibe-al-nuevo-consul-general-de-colombia-en-bilbao-carlos-alfonso-victoria\/#breadcrumb","itemListElement":[{"@type":"ListItem","position":1,"name":"Portada","item":"https:\/\/www.laguiadepamplona.com\/actualidad\/"},{"@type":"ListItem","position":2,"name":"El alcalde de Pamplona, Joseba Asiron Saez, recibe al nuevo c\u00f3nsul general de Colombia en Bilbao, Carlos Alfonso Victoria"}]},{"@type":"WebSite","@id":"https:\/\/www.laguiadepamplona.com\/actualidad\/#website","url":"https:\/\/www.laguiadepamplona.com\/actualidad\/","name":"La gu\u00eda de Pamplona","description":"Noticias de Pamplona","publisher":{"@id":"https:\/\/www.laguiadepamplona.com\/actualidad\/#organization"},"potentialAction":[{"@type":"SearchAction","target":{"@type":"EntryPoint","urlTemplate":"https:\/\/www.laguiadepamplona.com\/actualidad\/?s={search_term_string}"},"query-input":{"@type":"PropertyValueSpecification","valueRequired":true,"valueName":"search_term_string"}}],"inLanguage":"es"},{"@type":"Organization","@id":"https:\/\/www.laguiadepamplona.com\/actualidad\/#organization","name":"La Gu\u00eda de Pamplona \/ Noticias","url":"https:\/\/www.laguiadepamplona.com\/actualidad\/","logo":{"@type":"ImageObject","inLanguage":"es","@id":"https:\/\/www.laguiadepamplona.com\/actualidad\/#\/schema\/logo\/image\/","url":"https:\/\/www.laguiadepamplona.com\/actualidad\/wp-content\/uploads\/2018\/11\/logo-laguiadepamplona18-web1.png","contentUrl":"https:\/\/www.laguiadepamplona.com\/actualidad\/wp-content\/uploads\/2018\/11\/logo-laguiadepamplona18-web1.png","width":600,"height":196,"caption":"La Gu\u00eda de Pamplona \/ Noticias"},"image":{"@id":"https:\/\/www.laguiadepamplona.com\/actualidad\/#\/schema\/logo\/image\/"},"sameAs":["https:\/\/www.facebook.com\/laguiadepamplonacom-133175176762273\/?ref=hl","https:\/\/x.com\/LaGuiadPamplona","https:\/\/www.instagram.com\/la_guia_de_pamplona\/","https:\/\/www.youtube.com\/user\/laguiadepamplona"]},{"@type":"Person","@id":"https:\/\/www.laguiadepamplona.com\/actualidad\/#\/schema\/person\/efe887376f0213d4657c93adc50b1fdb","name":"La Gu\u00eda de Pamplona","image":{"@type":"ImageObject","inLanguage":"es","@id":"https:\/\/secure.gravatar.com\/avatar\/b6992f131dc8d30ab0dff15446e9d346d9dbd95992de0fef795073f5ea83a81c?s=96&d=mm&r=g","url":"https:\/\/secure.gravatar.com\/avatar\/b6992f131dc8d30ab0dff15446e9d346d9dbd95992de0fef795073f5ea83a81c?s=96&d=mm&r=g","contentUrl":"https:\/\/secure.gravatar.com\/avatar\/b6992f131dc8d30ab0dff15446e9d346d9dbd95992de0fef795073f5ea83a81c?s=96&d=mm&r=g","caption":"La Gu\u00eda de Pamplona"}}]}},"post_mailing_queue_ids":[],"_links":{"self":[{"href":"https:\/\/www.laguiadepamplona.com\/actualidad\/wp-json\/wp\/v2\/posts\/54998","targetHints":{"allow":["GET"]}}],"collection":[{"href":"https:\/\/www.laguiadepamplona.com\/actualidad\/wp-json\/wp\/v2\/posts"}],"about":[{"href":"https:\/\/www.laguiadepamplona.com\/actualidad\/wp-json\/wp\/v2\/types\/post"}],"author":[{"embeddable":true,"href":"https:\/\/www.laguiadepamplona.com\/actualidad\/wp-json\/wp\/v2\/users\/1"}],"replies":[{"embeddable":true,"href":"https:\/\/www.laguiadepamplona.com\/actualidad\/wp-json\/wp\/v2\/comments?post=54998"}],"version-history":[{"count":1,"href":"https:\/\/www.laguiadepamplona.com\/actualidad\/wp-json\/wp\/v2\/posts\/54998\/revisions"}],"predecessor-version":[{"id":55000,"href":"https:\/\/www.laguiadepamplona.com\/actualidad\/wp-json\/wp\/v2\/posts\/54998\/revisions\/55000"}],"wp:featuredmedia":[{"embeddable":true,"href":"https:\/\/www.laguiadepamplona.com\/actualidad\/wp-json\/wp\/v2\/media\/54999"}],"wp:attachment":[{"href":"https:\/\/www.laguiadepamplona.com\/actualidad\/wp-json\/wp\/v2\/media?parent=54998"}],"wp:term":[{"taxonomy":"category","embeddable":true,"href":"https:\/\/www.laguiadepamplona.com\/actualidad\/wp-json\/wp\/v2\/categories?post=54998"},{"taxonomy":"post_tag","embeddable":true,"href":"https:\/\/www.laguiadepamplona.com\/actualidad\/wp-json\/wp\/v2\/tags?post=54998"}],"curies":[{"name":"wp","href":"https:\/\/api.w.org\/{rel}","templated":true}]}}