{"id":54995,"date":"2026-04-29T13:22:50","date_gmt":"2026-04-29T11:22:50","guid":{"rendered":"https:\/\/www.laguiadepamplona.com\/actualidad\/?p=54995"},"modified":"2026-04-29T13:22:50","modified_gmt":"2026-04-29T11:22:50","slug":"el-foro-de-barrio-de-erripagana-beloso-bidezar-se-celebra-este-miercoles-por-la-tarde-en-el-colegio-publico-elorri","status":"publish","type":"post","link":"https:\/\/www.laguiadepamplona.com\/actualidad\/el-foro-de-barrio-de-erripagana-beloso-bidezar-se-celebra-este-miercoles-por-la-tarde-en-el-colegio-publico-elorri\/","title":{"rendered":"El Foro de Barrio de Erripaga\u00f1a-Beloso-Bidezar se celebra este mi\u00e9rcoles por la tarde en el colegio p\u00fablico Elorri"},"content":{"rendered":"<h2>La sesi\u00f3n se acompa\u00f1a de una exposici\u00f3n sobre el Programa Municipal de Cooperaci\u00f3n Internacional al Desarrollo y un paseo para conocer proyectos del barrio<\/h2>\n<p><!--more--><\/p>\n<p>La d\u00e9cima ronda de los Foros de Barrio llega este mi\u00e9rcoles a Erripaga\u00f1a-Beloso-Bidezar. A partir de las 18.30, el CPEIP Elorri acoge el foro principal, con presencia de la concejala de barrio, Maider Beloki Unzu, y la concejala delegada de Educaci\u00f3n, Participaci\u00f3n Ciudadana y Euskera, Aitziber Campi\u00f3n Ganboa, adem\u00e1s de t\u00e9cnicos municipales.<\/p>\n<p>El Foro de Erripaga\u00f1a-Beloso-Bidezar contar\u00e1 con int\u00e9rprete de lengua de signos, estenotipia (subtitulado) y bucle magn\u00e9tico que asegura la accesibilidad auditiva. La sesi\u00f3n, con una duraci\u00f3n aproximada de hora y media, se puede seguir en persona y en directo a trav\u00e9s de la web municipal <a href=\"http:\/\/www.pamplona.es\" target=\"_blank\" rel=\"noopener\">www.pamplona.es<\/a>. La sesi\u00f3n seguir\u00e1 la estructura habitual, con una primera parte en la que representantes municipales tomar\u00e1n la palabra y despu\u00e9s seguir\u00e1n consultas y propuestas de vecindario.<\/p>\n<p>En el foro se presentar\u00e1 el colectivo de vecinas de Beloso, proyecto comunitario del barrio y, entre los servicios municipales, la Casa de las Mujeres y Zentro. Este mismo mi\u00e9rcoles se podr\u00e1 visitar, en el CP Elorri, la exposici\u00f3n que conmemora el trig\u00e9simo aniversario del Programa Municipal de Cooperaci\u00f3n Internacional al Desarrollo. La muestra incluye 15 fotograf\u00edas de proyectos financiados por el Ayuntamiento de Pamplona durante los \u00faltimos a\u00f1os, en pa\u00edses como N\u00edger, Guatemala, S\u00e1hara o Senegal.<\/p>\n<p>Junto al foro se ha realizado esta semana un paseo por el barrio, para conocer m\u00e1s de cerca proyectos e iniciativas. El paseo, con salida desde el mirador del cruce entre las calles de Leoncio Urabayen y Beloso Alto, contact\u00f3 con el colectivo de vecinas de Beloso para que presentasen la demanda de una plaza de encuentro en el barrio. En la segunda parada, en el acceso al barrio desde la Avenida Baja Navarra, el vecindario explic\u00f3 el proyecto de mejora de accesibilidad de entrada y salida del barrio. La tercera parada sirvi\u00f3 para conocer el programa de voluntariado de San Juan de Dios y la exposici\u00f3n fotogr\u00e1fica \u201cNuestra historia, tu historia\u201d, un recorrido de 70 fotograf\u00edas desde los primeros a\u00f1os de la instituci\u00f3n hasta la actualidad.<\/p>\n<p>El siguiente foro de la d\u00e9cima ronda de Foros de Barrio corresponde a Lezkairu y tendr\u00e1 lugar en el Colegio P\u00fablico Paderborn, el mi\u00e9rcoles 6 de mayo. Aquellas personas que deseen realizar sugerencias o aportaciones pueden enviarlas, hasta el lunes 4 de mayo, al correo electr\u00f3nico <a href=\"mailto:foros@pamplona.es\">foros@pamplona.es<\/a> o la web <a href=\"https:\/\/decide.pamplona.es\/assemblies\/FBErripagainaBeloso\/f\/351\/\" target=\"_blank\" rel=\"noopener\">Decide Pamplona<\/a>.<\/p>\n<p>&nbsp;<\/p>\n<h3>Foros de Barrio 2026<\/h3>\n<ul>\n<li>Mi\u00e9rcoles 29 de abril:\n<ul>\n<li>Erripaga\u00f1a-Beloso-Bidezar. 18.30. Colegio P\u00fablico Elorri (calle Se\u00f1or\u00edo de Echalaz 5, planta baja)<\/li>\n<\/ul>\n<\/li>\n<li>Mi\u00e9rcoles 6 de mayo:\n<ul>\n<li>18.30. Colegio P\u00fablico Paderborn (calle Adela Bazo)<\/li>\n<\/ul>\n<\/li>\n<\/ul>\n","protected":false},"excerpt":{"rendered":"<p>La sesi\u00f3n se acompa\u00f1a de una exposici\u00f3n sobre el Programa Municipal de Cooperaci\u00f3n Internacional al Desarrollo y un paseo para conocer proyectos del barrio<\/p>\n","protected":false},"author":1,"featured_media":54996,"comment_status":"open","ping_status":"closed","sticky":false,"template":"","format":"standard","meta":{"footnotes":""},"categories":[2],"tags":[],"class_list":["post-54995","post","type-post","status-publish","format-standard","has-post-thumbnail","hentry","category-ayuntamiento-pamplona"],"yoast_head":"<!-- This site is optimized with the Yoast SEO plugin v27.3 - https:\/\/yoast.com\/product\/yoast-seo-wordpress\/ -->\n<title>El Foro de Barrio de Erripaga\u00f1a-Beloso-Bidezar se celebra este mi\u00e9rcoles por la tarde en el colegio p\u00fablico Elorri<\/title>\n<meta name=\"description\" content=\"La sesi\u00f3n se acompa\u00f1a de una exposici\u00f3n sobre el Programa Municipal de Cooperaci\u00f3n Internacional al Desarrollo y un paseo para conocer proyectos del barrio\" \/>\n<meta name=\"robots\" content=\"index, follow, max-snippet:-1, max-image-preview:large, max-video-preview:-1\" \/>\n<link rel=\"canonical\" href=\"https:\/\/www.laguiadepamplona.com\/actualidad\/el-foro-de-barrio-de-erripagana-beloso-bidezar-se-celebra-este-miercoles-por-la-tarde-en-el-colegio-publico-elorri\/\" \/>\n<meta property=\"og:locale\" content=\"es_ES\" \/>\n<meta property=\"og:type\" content=\"article\" \/>\n<meta property=\"og:title\" content=\"El Foro de Barrio de Erripaga\u00f1a-Beloso-Bidezar se celebra este mi\u00e9rcoles por la tarde en el colegio p\u00fablico Elorri\" \/>\n<meta property=\"og:description\" content=\"La sesi\u00f3n se acompa\u00f1a de una exposici\u00f3n sobre el Programa Municipal de Cooperaci\u00f3n Internacional al Desarrollo y un paseo para conocer proyectos del barrio\" \/>\n<meta property=\"og:url\" content=\"https:\/\/www.laguiadepamplona.com\/actualidad\/el-foro-de-barrio-de-erripagana-beloso-bidezar-se-celebra-este-miercoles-por-la-tarde-en-el-colegio-publico-elorri\/\" \/>\n<meta property=\"og:site_name\" content=\"La Gu\u00eda de Pamplona\" \/>\n<meta property=\"article:publisher\" content=\"https:\/\/www.facebook.com\/laguiadepamplonacom-133175176762273\/?ref=hl\" \/>\n<meta property=\"article:published_time\" content=\"2026-04-29T11:22:50+00:00\" \/>\n<meta property=\"og:image\" content=\"https:\/\/www.laguiadepamplona.com\/actualidad\/wp-content\/uploads\/2026\/04\/1paseoforodebarrioerripaganadscf9373.webp\" \/>\n\t<meta property=\"og:image:width\" content=\"1000\" \/>\n\t<meta property=\"og:image:height\" content=\"667\" \/>\n\t<meta property=\"og:image:type\" content=\"image\/webp\" \/>\n<meta name=\"author\" content=\"La Gu\u00eda de Pamplona\" \/>\n<meta name=\"twitter:card\" content=\"summary_large_image\" \/>\n<meta name=\"twitter:creator\" content=\"@LaGuiadPamplona\" \/>\n<meta name=\"twitter:site\" content=\"@LaGuiadPamplona\" \/>\n<meta name=\"twitter:label1\" content=\"Escrito por\" \/>\n\t<meta name=\"twitter:data1\" content=\"La Gu\u00eda de Pamplona\" \/>\n\t<meta name=\"twitter:label2\" content=\"Tiempo de lectura\" \/>\n\t<meta name=\"twitter:data2\" content=\"2 minutos\" \/>\n<script type=\"application\/ld+json\" class=\"yoast-schema-graph\">{\"@context\":\"https:\\\/\\\/schema.org\",\"@graph\":[{\"@type\":\"Article\",\"@id\":\"https:\\\/\\\/www.laguiadepamplona.com\\\/actualidad\\\/el-foro-de-barrio-de-erripagana-beloso-bidezar-se-celebra-este-miercoles-por-la-tarde-en-el-colegio-publico-elorri\\\/#article\",\"isPartOf\":{\"@id\":\"https:\\\/\\\/www.laguiadepamplona.com\\\/actualidad\\\/el-foro-de-barrio-de-erripagana-beloso-bidezar-se-celebra-este-miercoles-por-la-tarde-en-el-colegio-publico-elorri\\\/\"},\"author\":{\"name\":\"La Gu\u00eda de Pamplona\",\"@id\":\"https:\\\/\\\/www.laguiadepamplona.com\\\/actualidad\\\/#\\\/schema\\\/person\\\/efe887376f0213d4657c93adc50b1fdb\"},\"headline\":\"El Foro de Barrio de Erripaga\u00f1a-Beloso-Bidezar se celebra este mi\u00e9rcoles por la tarde en el colegio p\u00fablico Elorri\",\"datePublished\":\"2026-04-29T11:22:50+00:00\",\"mainEntityOfPage\":{\"@id\":\"https:\\\/\\\/www.laguiadepamplona.com\\\/actualidad\\\/el-foro-de-barrio-de-erripagana-beloso-bidezar-se-celebra-este-miercoles-por-la-tarde-en-el-colegio-publico-elorri\\\/\"},\"wordCount\":498,\"commentCount\":0,\"publisher\":{\"@id\":\"https:\\\/\\\/www.laguiadepamplona.com\\\/actualidad\\\/#organization\"},\"image\":{\"@id\":\"https:\\\/\\\/www.laguiadepamplona.com\\\/actualidad\\\/el-foro-de-barrio-de-erripagana-beloso-bidezar-se-celebra-este-miercoles-por-la-tarde-en-el-colegio-publico-elorri\\\/#primaryimage\"},\"thumbnailUrl\":\"https:\\\/\\\/www.laguiadepamplona.com\\\/actualidad\\\/wp-content\\\/uploads\\\/2026\\\/04\\\/1paseoforodebarrioerripaganadscf9373.webp\",\"articleSection\":[\"Ayto Pamplona\"],\"inLanguage\":\"es\",\"potentialAction\":[{\"@type\":\"CommentAction\",\"name\":\"Comment\",\"target\":[\"https:\\\/\\\/www.laguiadepamplona.com\\\/actualidad\\\/el-foro-de-barrio-de-erripagana-beloso-bidezar-se-celebra-este-miercoles-por-la-tarde-en-el-colegio-publico-elorri\\\/#respond\"]}]},{\"@type\":\"WebPage\",\"@id\":\"https:\\\/\\\/www.laguiadepamplona.com\\\/actualidad\\\/el-foro-de-barrio-de-erripagana-beloso-bidezar-se-celebra-este-miercoles-por-la-tarde-en-el-colegio-publico-elorri\\\/\",\"url\":\"https:\\\/\\\/www.laguiadepamplona.com\\\/actualidad\\\/el-foro-de-barrio-de-erripagana-beloso-bidezar-se-celebra-este-miercoles-por-la-tarde-en-el-colegio-publico-elorri\\\/\",\"name\":\"El Foro de Barrio de Erripaga\u00f1a-Beloso-Bidezar se celebra este mi\u00e9rcoles por la tarde en el colegio p\u00fablico Elorri\",\"isPartOf\":{\"@id\":\"https:\\\/\\\/www.laguiadepamplona.com\\\/actualidad\\\/#website\"},\"primaryImageOfPage\":{\"@id\":\"https:\\\/\\\/www.laguiadepamplona.com\\\/actualidad\\\/el-foro-de-barrio-de-erripagana-beloso-bidezar-se-celebra-este-miercoles-por-la-tarde-en-el-colegio-publico-elorri\\\/#primaryimage\"},\"image\":{\"@id\":\"https:\\\/\\\/www.laguiadepamplona.com\\\/actualidad\\\/el-foro-de-barrio-de-erripagana-beloso-bidezar-se-celebra-este-miercoles-por-la-tarde-en-el-colegio-publico-elorri\\\/#primaryimage\"},\"thumbnailUrl\":\"https:\\\/\\\/www.laguiadepamplona.com\\\/actualidad\\\/wp-content\\\/uploads\\\/2026\\\/04\\\/1paseoforodebarrioerripaganadscf9373.webp\",\"datePublished\":\"2026-04-29T11:22:50+00:00\",\"description\":\"La sesi\u00f3n se acompa\u00f1a de una exposici\u00f3n sobre el Programa Municipal de Cooperaci\u00f3n Internacional al Desarrollo y un paseo para conocer proyectos del barrio\",\"breadcrumb\":{\"@id\":\"https:\\\/\\\/www.laguiadepamplona.com\\\/actualidad\\\/el-foro-de-barrio-de-erripagana-beloso-bidezar-se-celebra-este-miercoles-por-la-tarde-en-el-colegio-publico-elorri\\\/#breadcrumb\"},\"inLanguage\":\"es\",\"potentialAction\":[{\"@type\":\"ReadAction\",\"target\":[\"https:\\\/\\\/www.laguiadepamplona.com\\\/actualidad\\\/el-foro-de-barrio-de-erripagana-beloso-bidezar-se-celebra-este-miercoles-por-la-tarde-en-el-colegio-publico-elorri\\\/\"]}]},{\"@type\":\"ImageObject\",\"inLanguage\":\"es\",\"@id\":\"https:\\\/\\\/www.laguiadepamplona.com\\\/actualidad\\\/el-foro-de-barrio-de-erripagana-beloso-bidezar-se-celebra-este-miercoles-por-la-tarde-en-el-colegio-publico-elorri\\\/#primaryimage\",\"url\":\"https:\\\/\\\/www.laguiadepamplona.com\\\/actualidad\\\/wp-content\\\/uploads\\\/2026\\\/04\\\/1paseoforodebarrioerripaganadscf9373.webp\",\"contentUrl\":\"https:\\\/\\\/www.laguiadepamplona.com\\\/actualidad\\\/wp-content\\\/uploads\\\/2026\\\/04\\\/1paseoforodebarrioerripaganadscf9373.webp\",\"width\":1000,\"height\":667,\"caption\":\"paseo foro de barrio erripagana dscf9373\"},{\"@type\":\"BreadcrumbList\",\"@id\":\"https:\\\/\\\/www.laguiadepamplona.com\\\/actualidad\\\/el-foro-de-barrio-de-erripagana-beloso-bidezar-se-celebra-este-miercoles-por-la-tarde-en-el-colegio-publico-elorri\\\/#breadcrumb\",\"itemListElement\":[{\"@type\":\"ListItem\",\"position\":1,\"name\":\"Portada\",\"item\":\"https:\\\/\\\/www.laguiadepamplona.com\\\/actualidad\\\/\"},{\"@type\":\"ListItem\",\"position\":2,\"name\":\"El Foro de Barrio de Erripaga\u00f1a-Beloso-Bidezar se celebra este mi\u00e9rcoles por la tarde en el colegio p\u00fablico Elorri\"}]},{\"@type\":\"WebSite\",\"@id\":\"https:\\\/\\\/www.laguiadepamplona.com\\\/actualidad\\\/#website\",\"url\":\"https:\\\/\\\/www.laguiadepamplona.com\\\/actualidad\\\/\",\"name\":\"La gu\u00eda de Pamplona\",\"description\":\"Noticias de Pamplona\",\"publisher\":{\"@id\":\"https:\\\/\\\/www.laguiadepamplona.com\\\/actualidad\\\/#organization\"},\"potentialAction\":[{\"@type\":\"SearchAction\",\"target\":{\"@type\":\"EntryPoint\",\"urlTemplate\":\"https:\\\/\\\/www.laguiadepamplona.com\\\/actualidad\\\/?s={search_term_string}\"},\"query-input\":{\"@type\":\"PropertyValueSpecification\",\"valueRequired\":true,\"valueName\":\"search_term_string\"}}],\"inLanguage\":\"es\"},{\"@type\":\"Organization\",\"@id\":\"https:\\\/\\\/www.laguiadepamplona.com\\\/actualidad\\\/#organization\",\"name\":\"La Gu\u00eda de Pamplona \\\/ Noticias\",\"url\":\"https:\\\/\\\/www.laguiadepamplona.com\\\/actualidad\\\/\",\"logo\":{\"@type\":\"ImageObject\",\"inLanguage\":\"es\",\"@id\":\"https:\\\/\\\/www.laguiadepamplona.com\\\/actualidad\\\/#\\\/schema\\\/logo\\\/image\\\/\",\"url\":\"https:\\\/\\\/www.laguiadepamplona.com\\\/actualidad\\\/wp-content\\\/uploads\\\/2018\\\/11\\\/logo-laguiadepamplona18-web1.png\",\"contentUrl\":\"https:\\\/\\\/www.laguiadepamplona.com\\\/actualidad\\\/wp-content\\\/uploads\\\/2018\\\/11\\\/logo-laguiadepamplona18-web1.png\",\"width\":600,\"height\":196,\"caption\":\"La Gu\u00eda de Pamplona \\\/ Noticias\"},\"image\":{\"@id\":\"https:\\\/\\\/www.laguiadepamplona.com\\\/actualidad\\\/#\\\/schema\\\/logo\\\/image\\\/\"},\"sameAs\":[\"https:\\\/\\\/www.facebook.com\\\/laguiadepamplonacom-133175176762273\\\/?ref=hl\",\"https:\\\/\\\/x.com\\\/LaGuiadPamplona\",\"https:\\\/\\\/www.instagram.com\\\/la_guia_de_pamplona\\\/\",\"https:\\\/\\\/www.youtube.com\\\/user\\\/laguiadepamplona\"]},{\"@type\":\"Person\",\"@id\":\"https:\\\/\\\/www.laguiadepamplona.com\\\/actualidad\\\/#\\\/schema\\\/person\\\/efe887376f0213d4657c93adc50b1fdb\",\"name\":\"La Gu\u00eda de Pamplona\",\"image\":{\"@type\":\"ImageObject\",\"inLanguage\":\"es\",\"@id\":\"https:\\\/\\\/secure.gravatar.com\\\/avatar\\\/b6992f131dc8d30ab0dff15446e9d346d9dbd95992de0fef795073f5ea83a81c?s=96&d=mm&r=g\",\"url\":\"https:\\\/\\\/secure.gravatar.com\\\/avatar\\\/b6992f131dc8d30ab0dff15446e9d346d9dbd95992de0fef795073f5ea83a81c?s=96&d=mm&r=g\",\"contentUrl\":\"https:\\\/\\\/secure.gravatar.com\\\/avatar\\\/b6992f131dc8d30ab0dff15446e9d346d9dbd95992de0fef795073f5ea83a81c?s=96&d=mm&r=g\",\"caption\":\"La Gu\u00eda de Pamplona\"}}]}<\/script>\n<!-- \/ Yoast SEO plugin. -->","yoast_head_json":{"title":"El Foro de Barrio de Erripaga\u00f1a-Beloso-Bidezar se celebra este mi\u00e9rcoles por la tarde en el colegio p\u00fablico Elorri","description":"La sesi\u00f3n se acompa\u00f1a de una exposici\u00f3n sobre el Programa Municipal de Cooperaci\u00f3n Internacional al Desarrollo y un paseo para conocer proyectos del barrio","robots":{"index":"index","follow":"follow","max-snippet":"max-snippet:-1","max-image-preview":"max-image-preview:large","max-video-preview":"max-video-preview:-1"},"canonical":"https:\/\/www.laguiadepamplona.com\/actualidad\/el-foro-de-barrio-de-erripagana-beloso-bidezar-se-celebra-este-miercoles-por-la-tarde-en-el-colegio-publico-elorri\/","og_locale":"es_ES","og_type":"article","og_title":"El Foro de Barrio de Erripaga\u00f1a-Beloso-Bidezar se celebra este mi\u00e9rcoles por la tarde en el colegio p\u00fablico Elorri","og_description":"La sesi\u00f3n se acompa\u00f1a de una exposici\u00f3n sobre el Programa Municipal de Cooperaci\u00f3n Internacional al Desarrollo y un paseo para conocer proyectos del barrio","og_url":"https:\/\/www.laguiadepamplona.com\/actualidad\/el-foro-de-barrio-de-erripagana-beloso-bidezar-se-celebra-este-miercoles-por-la-tarde-en-el-colegio-publico-elorri\/","og_site_name":"La Gu\u00eda de Pamplona","article_publisher":"https:\/\/www.facebook.com\/laguiadepamplonacom-133175176762273\/?ref=hl","article_published_time":"2026-04-29T11:22:50+00:00","og_image":[{"width":1000,"height":667,"url":"https:\/\/www.laguiadepamplona.com\/actualidad\/wp-content\/uploads\/2026\/04\/1paseoforodebarrioerripaganadscf9373.webp","type":"image\/webp"}],"author":"La Gu\u00eda de Pamplona","twitter_card":"summary_large_image","twitter_creator":"@LaGuiadPamplona","twitter_site":"@LaGuiadPamplona","twitter_misc":{"Escrito por":"La Gu\u00eda de Pamplona","Tiempo de lectura":"2 minutos"},"schema":{"@context":"https:\/\/schema.org","@graph":[{"@type":"Article","@id":"https:\/\/www.laguiadepamplona.com\/actualidad\/el-foro-de-barrio-de-erripagana-beloso-bidezar-se-celebra-este-miercoles-por-la-tarde-en-el-colegio-publico-elorri\/#article","isPartOf":{"@id":"https:\/\/www.laguiadepamplona.com\/actualidad\/el-foro-de-barrio-de-erripagana-beloso-bidezar-se-celebra-este-miercoles-por-la-tarde-en-el-colegio-publico-elorri\/"},"author":{"name":"La Gu\u00eda de Pamplona","@id":"https:\/\/www.laguiadepamplona.com\/actualidad\/#\/schema\/person\/efe887376f0213d4657c93adc50b1fdb"},"headline":"El Foro de Barrio de Erripaga\u00f1a-Beloso-Bidezar se celebra este mi\u00e9rcoles por la tarde en el colegio p\u00fablico Elorri","datePublished":"2026-04-29T11:22:50+00:00","mainEntityOfPage":{"@id":"https:\/\/www.laguiadepamplona.com\/actualidad\/el-foro-de-barrio-de-erripagana-beloso-bidezar-se-celebra-este-miercoles-por-la-tarde-en-el-colegio-publico-elorri\/"},"wordCount":498,"commentCount":0,"publisher":{"@id":"https:\/\/www.laguiadepamplona.com\/actualidad\/#organization"},"image":{"@id":"https:\/\/www.laguiadepamplona.com\/actualidad\/el-foro-de-barrio-de-erripagana-beloso-bidezar-se-celebra-este-miercoles-por-la-tarde-en-el-colegio-publico-elorri\/#primaryimage"},"thumbnailUrl":"https:\/\/www.laguiadepamplona.com\/actualidad\/wp-content\/uploads\/2026\/04\/1paseoforodebarrioerripaganadscf9373.webp","articleSection":["Ayto Pamplona"],"inLanguage":"es","potentialAction":[{"@type":"CommentAction","name":"Comment","target":["https:\/\/www.laguiadepamplona.com\/actualidad\/el-foro-de-barrio-de-erripagana-beloso-bidezar-se-celebra-este-miercoles-por-la-tarde-en-el-colegio-publico-elorri\/#respond"]}]},{"@type":"WebPage","@id":"https:\/\/www.laguiadepamplona.com\/actualidad\/el-foro-de-barrio-de-erripagana-beloso-bidezar-se-celebra-este-miercoles-por-la-tarde-en-el-colegio-publico-elorri\/","url":"https:\/\/www.laguiadepamplona.com\/actualidad\/el-foro-de-barrio-de-erripagana-beloso-bidezar-se-celebra-este-miercoles-por-la-tarde-en-el-colegio-publico-elorri\/","name":"El Foro de Barrio de Erripaga\u00f1a-Beloso-Bidezar se celebra este mi\u00e9rcoles por la tarde en el colegio p\u00fablico Elorri","isPartOf":{"@id":"https:\/\/www.laguiadepamplona.com\/actualidad\/#website"},"primaryImageOfPage":{"@id":"https:\/\/www.laguiadepamplona.com\/actualidad\/el-foro-de-barrio-de-erripagana-beloso-bidezar-se-celebra-este-miercoles-por-la-tarde-en-el-colegio-publico-elorri\/#primaryimage"},"image":{"@id":"https:\/\/www.laguiadepamplona.com\/actualidad\/el-foro-de-barrio-de-erripagana-beloso-bidezar-se-celebra-este-miercoles-por-la-tarde-en-el-colegio-publico-elorri\/#primaryimage"},"thumbnailUrl":"https:\/\/www.laguiadepamplona.com\/actualidad\/wp-content\/uploads\/2026\/04\/1paseoforodebarrioerripaganadscf9373.webp","datePublished":"2026-04-29T11:22:50+00:00","description":"La sesi\u00f3n se acompa\u00f1a de una exposici\u00f3n sobre el Programa Municipal de Cooperaci\u00f3n Internacional al Desarrollo y un paseo para conocer proyectos del barrio","breadcrumb":{"@id":"https:\/\/www.laguiadepamplona.com\/actualidad\/el-foro-de-barrio-de-erripagana-beloso-bidezar-se-celebra-este-miercoles-por-la-tarde-en-el-colegio-publico-elorri\/#breadcrumb"},"inLanguage":"es","potentialAction":[{"@type":"ReadAction","target":["https:\/\/www.laguiadepamplona.com\/actualidad\/el-foro-de-barrio-de-erripagana-beloso-bidezar-se-celebra-este-miercoles-por-la-tarde-en-el-colegio-publico-elorri\/"]}]},{"@type":"ImageObject","inLanguage":"es","@id":"https:\/\/www.laguiadepamplona.com\/actualidad\/el-foro-de-barrio-de-erripagana-beloso-bidezar-se-celebra-este-miercoles-por-la-tarde-en-el-colegio-publico-elorri\/#primaryimage","url":"https:\/\/www.laguiadepamplona.com\/actualidad\/wp-content\/uploads\/2026\/04\/1paseoforodebarrioerripaganadscf9373.webp","contentUrl":"https:\/\/www.laguiadepamplona.com\/actualidad\/wp-content\/uploads\/2026\/04\/1paseoforodebarrioerripaganadscf9373.webp","width":1000,"height":667,"caption":"paseo foro de barrio erripagana dscf9373"},{"@type":"BreadcrumbList","@id":"https:\/\/www.laguiadepamplona.com\/actualidad\/el-foro-de-barrio-de-erripagana-beloso-bidezar-se-celebra-este-miercoles-por-la-tarde-en-el-colegio-publico-elorri\/#breadcrumb","itemListElement":[{"@type":"ListItem","position":1,"name":"Portada","item":"https:\/\/www.laguiadepamplona.com\/actualidad\/"},{"@type":"ListItem","position":2,"name":"El Foro de Barrio de Erripaga\u00f1a-Beloso-Bidezar se celebra este mi\u00e9rcoles por la tarde en el colegio p\u00fablico Elorri"}]},{"@type":"WebSite","@id":"https:\/\/www.laguiadepamplona.com\/actualidad\/#website","url":"https:\/\/www.laguiadepamplona.com\/actualidad\/","name":"La gu\u00eda de Pamplona","description":"Noticias de Pamplona","publisher":{"@id":"https:\/\/www.laguiadepamplona.com\/actualidad\/#organization"},"potentialAction":[{"@type":"SearchAction","target":{"@type":"EntryPoint","urlTemplate":"https:\/\/www.laguiadepamplona.com\/actualidad\/?s={search_term_string}"},"query-input":{"@type":"PropertyValueSpecification","valueRequired":true,"valueName":"search_term_string"}}],"inLanguage":"es"},{"@type":"Organization","@id":"https:\/\/www.laguiadepamplona.com\/actualidad\/#organization","name":"La Gu\u00eda de Pamplona \/ Noticias","url":"https:\/\/www.laguiadepamplona.com\/actualidad\/","logo":{"@type":"ImageObject","inLanguage":"es","@id":"https:\/\/www.laguiadepamplona.com\/actualidad\/#\/schema\/logo\/image\/","url":"https:\/\/www.laguiadepamplona.com\/actualidad\/wp-content\/uploads\/2018\/11\/logo-laguiadepamplona18-web1.png","contentUrl":"https:\/\/www.laguiadepamplona.com\/actualidad\/wp-content\/uploads\/2018\/11\/logo-laguiadepamplona18-web1.png","width":600,"height":196,"caption":"La Gu\u00eda de Pamplona \/ Noticias"},"image":{"@id":"https:\/\/www.laguiadepamplona.com\/actualidad\/#\/schema\/logo\/image\/"},"sameAs":["https:\/\/www.facebook.com\/laguiadepamplonacom-133175176762273\/?ref=hl","https:\/\/x.com\/LaGuiadPamplona","https:\/\/www.instagram.com\/la_guia_de_pamplona\/","https:\/\/www.youtube.com\/user\/laguiadepamplona"]},{"@type":"Person","@id":"https:\/\/www.laguiadepamplona.com\/actualidad\/#\/schema\/person\/efe887376f0213d4657c93adc50b1fdb","name":"La Gu\u00eda de Pamplona","image":{"@type":"ImageObject","inLanguage":"es","@id":"https:\/\/secure.gravatar.com\/avatar\/b6992f131dc8d30ab0dff15446e9d346d9dbd95992de0fef795073f5ea83a81c?s=96&d=mm&r=g","url":"https:\/\/secure.gravatar.com\/avatar\/b6992f131dc8d30ab0dff15446e9d346d9dbd95992de0fef795073f5ea83a81c?s=96&d=mm&r=g","contentUrl":"https:\/\/secure.gravatar.com\/avatar\/b6992f131dc8d30ab0dff15446e9d346d9dbd95992de0fef795073f5ea83a81c?s=96&d=mm&r=g","caption":"La Gu\u00eda de Pamplona"}}]}},"post_mailing_queue_ids":[],"_links":{"self":[{"href":"https:\/\/www.laguiadepamplona.com\/actualidad\/wp-json\/wp\/v2\/posts\/54995","targetHints":{"allow":["GET"]}}],"collection":[{"href":"https:\/\/www.laguiadepamplona.com\/actualidad\/wp-json\/wp\/v2\/posts"}],"about":[{"href":"https:\/\/www.laguiadepamplona.com\/actualidad\/wp-json\/wp\/v2\/types\/post"}],"author":[{"embeddable":true,"href":"https:\/\/www.laguiadepamplona.com\/actualidad\/wp-json\/wp\/v2\/users\/1"}],"replies":[{"embeddable":true,"href":"https:\/\/www.laguiadepamplona.com\/actualidad\/wp-json\/wp\/v2\/comments?post=54995"}],"version-history":[{"count":1,"href":"https:\/\/www.laguiadepamplona.com\/actualidad\/wp-json\/wp\/v2\/posts\/54995\/revisions"}],"predecessor-version":[{"id":54997,"href":"https:\/\/www.laguiadepamplona.com\/actualidad\/wp-json\/wp\/v2\/posts\/54995\/revisions\/54997"}],"wp:featuredmedia":[{"embeddable":true,"href":"https:\/\/www.laguiadepamplona.com\/actualidad\/wp-json\/wp\/v2\/media\/54996"}],"wp:attachment":[{"href":"https:\/\/www.laguiadepamplona.com\/actualidad\/wp-json\/wp\/v2\/media?parent=54995"}],"wp:term":[{"taxonomy":"category","embeddable":true,"href":"https:\/\/www.laguiadepamplona.com\/actualidad\/wp-json\/wp\/v2\/categories?post=54995"},{"taxonomy":"post_tag","embeddable":true,"href":"https:\/\/www.laguiadepamplona.com\/actualidad\/wp-json\/wp\/v2\/tags?post=54995"}],"curies":[{"name":"wp","href":"https:\/\/api.w.org\/{rel}","templated":true}]}}