{"id":54993,"date":"2026-04-29T13:19:53","date_gmt":"2026-04-29T11:19:53","guid":{"rendered":"https:\/\/www.laguiadepamplona.com\/actualidad\/?p=54993"},"modified":"2026-04-29T13:19:53","modified_gmt":"2026-04-29T11:19:53","slug":"el-ayuntamiento-de-pamplona-preve-destinar-16-millones-de-euros-a-la-atencion-socioeducativa-en-domicilios-de-menores-en-riesgo-de-desproteccion","status":"publish","type":"post","link":"https:\/\/www.laguiadepamplona.com\/actualidad\/el-ayuntamiento-de-pamplona-preve-destinar-16-millones-de-euros-a-la-atencion-socioeducativa-en-domicilios-de-menores-en-riesgo-de-desproteccion\/","title":{"rendered":"El Ayuntamiento de Pamplona prev\u00e9 destinar 1,6 millones de euros a la atenci\u00f3n socioeducativa en domicilios de menores en riesgo de desprotecci\u00f3n"},"content":{"rendered":"<h2>El servicio ofrece aportar herramientas a menores y sus progenitores relacionadas con el cuidado, la educaci\u00f3n y la gesti\u00f3n emocional<\/h2>\n<p><!--more--><\/p>\n<p>El Ayuntamiento de Pamplona ha reservado un total de 1.634.113,99 euros para gestionar el servicio de intervenci\u00f3n familiar en los domicilios para menores en riesgo de desprotecci\u00f3n infantil para este 2026 y 2027. La Junta de Gobierno Local ha aprobado la licitaci\u00f3n de contrato, que se dirige a personas atendidas dentro del programa de Atenci\u00f3n a la Infancia y a la Familia.<\/p>\n<p>El servicio ofrecer\u00e1 una atenci\u00f3n socioeducativa para menores de 0 a 18 a\u00f1os y sus progenitores y tutores legales. El objetivo es que reciban la asistencia en los propios domicilios en los que residan las personas beneficiarias. Se elaborar\u00e1n planes individuales y globales de intervenci\u00f3n socioeducativa con cada familia. Con estos planes se buscar\u00e1 modificar las relaciones familiares inadecuadas y dotar a los padres y madres de las competencias y habilidades para satisfacer las necesidades b\u00e1sicas, emocionales, cognitivas y sociales de sus hijos e hijas. As\u00ed, se les aportar\u00e1 herramientas y habilidades relacionadas con el cuidado, la educaci\u00f3n y la gesti\u00f3n emocional. Esta atenci\u00f3n servir\u00e1 para contrarrestar los factores de desprotecci\u00f3n que existan en estos entornos familiares y evitar la separaci\u00f3n de los ni\u00f1os, ni\u00f1as y adolescentes de su medio familiar.<\/p>\n<p>En concreto, se abordar\u00e1n dificultades en la relaci\u00f3n, la crianza, la atenci\u00f3n y la educaci\u00f3n de los menores. Tambi\u00e9n se fomentar\u00e1 en los padres y madres la motivaci\u00f3n para resolver dificultades y reforzar los aspectos positivos. Se tratar\u00e1, asimismo, de ayudar a la familia a reducir el impacto de la crisis y estabilizar la situaci\u00f3n familiar, reduciendo el nivel de estr\u00e9s.<\/p>\n<p>El servicio discrimina entre menores de seis a\u00f1os y adolescentes. En los primeros, se promover\u00e1 el fomento de un apego seguro con sus progenitores, proporcionarles pautas de estimulaci\u00f3n social, cognitiva y de desarrollo del lenguaje y hacer conscientes a los padres y madres de la importancia de satisfacer las necesidades infantiles en la primera infancia para el desarrollo posterior. Por su parte, con la adolescencia se trabajar\u00e1 el desarrollo emocional, la adquisici\u00f3n de habilidades de interacci\u00f3n social, la adquisici\u00f3n de responsabilidades y habilidades de autocuidado. Tambi\u00e9n se trabajar\u00e1 la formaci\u00f3n escolar y laboral, la utilizaci\u00f3n del ocio y la educaci\u00f3n sexual.<\/p>\n<p>Del importe asignado, 583.300,57 euros sufragar\u00e1n el programa desde el 1 de junio hasta el 31 de diciembre de este a\u00f1o. Los otros 1.050.813,42 euros cubrir\u00e1n los gastos de la iniciativa durante todo 2027.<\/p>\n<p><strong>Contemplada una \u00fanica pr\u00f3rroga<\/strong><\/p>\n<p>La licitaci\u00f3n aprobada prev\u00e9 una pr\u00f3rroga de un a\u00f1o, que abarcar\u00eda 2028, por lo que el importe total ascender\u00eda a 2,45 millones.<\/p>\n<p>La adjudicaci\u00f3n se realizar\u00e1 atendiendo criterios cualitativos y cuantitativos. Por un lado, las empresas concurrentes deber\u00e1n presentar un plan de trabajo, que se valorar\u00e1 con hasta 50 puntos. En ese plan se deber\u00e1n recoger los objetivos generales y espec\u00edficos (5 puntos), la metodolog\u00eda aplicable en cada subprograma (15 puntos), las actividades previstas (10 puntos), los recursos t\u00e9cnicos (10 puntos), el sistema de coordinaci\u00f3n y m\u00e9todos tanto con la persona responsable del Programa de Atenci\u00f3n a la Infancia y Familia como con el Equipo de Atenci\u00f3n a la Infancia y Adolescencia y los recursos comunitarios (5 puntos) y la memoria evaluativa anual (5 puntos).<\/p>\n<p>En cuanto a los criterios cuantitativos, se conceder\u00e1n 30 puntos por la oferta econ\u00f3mica. Asimismo, se conceder\u00e1n hasta 10 puntos por las mejoras ofertadas, que incluir\u00e1n hasta cinco puntos por la realizaci\u00f3n de actividades grupales con las familias del programa o con adolescentes, y cinco m\u00e1s por la realizaci\u00f3n de supervisi\u00f3n de casos a propuesta del Equipo de Atenci\u00f3n a la Infancia y Adolescencia. Para los criterios sociales se han reservado otros 10 puntos, que depender\u00e1n de la contrataci\u00f3n de colectivos con dificultades de acceso al mercado laboral.<\/p>\n<p>De acuerdo con los datos de la memoria del \u00c1rea de Acci\u00f3n Social, el Programa de Intervenci\u00f3n Familiar viene desarroll\u00e1ndose en el Ayuntamiento de Pamplona desde el a\u00f1o 2004. El programa ha sido gestionado desde el a\u00f1o 2006 por Kamira Sociedad Cooperativa. Durante 2025, se ha atendido un total de 97 unidades familiares y 193 menores (93 chicos y 100 chicas). El grupo etario m\u00e1s numeroso lo conforman las chicas y chicos de entre 7 y 12 a\u00f1os (66 casos), seguido del tramo 13-16 a\u00f1os. El grupo de edad en el que se concentra la poblaci\u00f3n adulta es en la franja de 41 a 60 a\u00f1os (55%), seguida por la de 31 a 40 a\u00f1os (26%).<\/p>\n","protected":false},"excerpt":{"rendered":"<p>El servicio ofrece aportar herramientas a menores y sus progenitores relacionadas con el cuidado, la educaci\u00f3n y la gesti\u00f3n emocional<\/p>\n","protected":false},"author":1,"featured_media":52761,"comment_status":"open","ping_status":"closed","sticky":false,"template":"","format":"standard","meta":{"footnotes":""},"categories":[2],"tags":[],"class_list":["post-54993","post","type-post","status-publish","format-standard","has-post-thumbnail","hentry","category-ayuntamiento-pamplona"],"yoast_head":"<!-- This site is optimized with the Yoast SEO plugin v27.3 - https:\/\/yoast.com\/product\/yoast-seo-wordpress\/ -->\n<title>El Ayuntamiento de Pamplona prev\u00e9 destinar 1,6 millones de euros a la atenci\u00f3n socioeducativa en domicilios de menores en riesgo de desprotecci\u00f3n<\/title>\n<meta name=\"description\" content=\"El servicio ofrece aportar herramientas a menores y sus progenitores relacionadas con el cuidado, la educaci\u00f3n y la gesti\u00f3n emocional\" \/>\n<meta name=\"robots\" content=\"index, follow, max-snippet:-1, max-image-preview:large, max-video-preview:-1\" \/>\n<link rel=\"canonical\" href=\"https:\/\/www.laguiadepamplona.com\/actualidad\/el-ayuntamiento-de-pamplona-preve-destinar-16-millones-de-euros-a-la-atencion-socioeducativa-en-domicilios-de-menores-en-riesgo-de-desproteccion\/\" \/>\n<meta property=\"og:locale\" content=\"es_ES\" \/>\n<meta property=\"og:type\" content=\"article\" \/>\n<meta property=\"og:title\" content=\"El Ayuntamiento de Pamplona prev\u00e9 destinar 1,6 millones de euros a la atenci\u00f3n socioeducativa en domicilios de menores en riesgo de desprotecci\u00f3n\" \/>\n<meta property=\"og:description\" content=\"El servicio ofrece aportar herramientas a menores y sus progenitores relacionadas con el cuidado, la educaci\u00f3n y la gesti\u00f3n emocional\" \/>\n<meta property=\"og:url\" content=\"https:\/\/www.laguiadepamplona.com\/actualidad\/el-ayuntamiento-de-pamplona-preve-destinar-16-millones-de-euros-a-la-atencion-socioeducativa-en-domicilios-de-menores-en-riesgo-de-desproteccion\/\" \/>\n<meta property=\"og:site_name\" content=\"La Gu\u00eda de Pamplona\" \/>\n<meta property=\"article:publisher\" content=\"https:\/\/www.facebook.com\/laguiadepamplonacom-133175176762273\/?ref=hl\" \/>\n<meta property=\"article:published_time\" content=\"2026-04-29T11:19:53+00:00\" \/>\n<meta property=\"og:image\" content=\"https:\/\/www.laguiadepamplona.com\/actualidad\/wp-content\/uploads\/2025\/04\/oposiciones.webp\" \/>\n\t<meta property=\"og:image:width\" content=\"1000\" \/>\n\t<meta property=\"og:image:height\" content=\"663\" \/>\n\t<meta property=\"og:image:type\" content=\"image\/webp\" \/>\n<meta name=\"author\" content=\"La Gu\u00eda de Pamplona\" \/>\n<meta name=\"twitter:card\" content=\"summary_large_image\" \/>\n<meta name=\"twitter:creator\" content=\"@LaGuiadPamplona\" \/>\n<meta name=\"twitter:site\" content=\"@LaGuiadPamplona\" \/>\n<meta name=\"twitter:label1\" content=\"Escrito por\" \/>\n\t<meta name=\"twitter:data1\" content=\"La Gu\u00eda de Pamplona\" \/>\n\t<meta name=\"twitter:label2\" content=\"Tiempo de lectura\" \/>\n\t<meta name=\"twitter:data2\" content=\"4 minutos\" \/>\n<script type=\"application\/ld+json\" class=\"yoast-schema-graph\">{\"@context\":\"https:\\\/\\\/schema.org\",\"@graph\":[{\"@type\":\"Article\",\"@id\":\"https:\\\/\\\/www.laguiadepamplona.com\\\/actualidad\\\/el-ayuntamiento-de-pamplona-preve-destinar-16-millones-de-euros-a-la-atencion-socioeducativa-en-domicilios-de-menores-en-riesgo-de-desproteccion\\\/#article\",\"isPartOf\":{\"@id\":\"https:\\\/\\\/www.laguiadepamplona.com\\\/actualidad\\\/el-ayuntamiento-de-pamplona-preve-destinar-16-millones-de-euros-a-la-atencion-socioeducativa-en-domicilios-de-menores-en-riesgo-de-desproteccion\\\/\"},\"author\":{\"name\":\"La Gu\u00eda de Pamplona\",\"@id\":\"https:\\\/\\\/www.laguiadepamplona.com\\\/actualidad\\\/#\\\/schema\\\/person\\\/efe887376f0213d4657c93adc50b1fdb\"},\"headline\":\"El Ayuntamiento de Pamplona prev\u00e9 destinar 1,6 millones de euros a la atenci\u00f3n socioeducativa en domicilios de menores en riesgo de desprotecci\u00f3n\",\"datePublished\":\"2026-04-29T11:19:53+00:00\",\"mainEntityOfPage\":{\"@id\":\"https:\\\/\\\/www.laguiadepamplona.com\\\/actualidad\\\/el-ayuntamiento-de-pamplona-preve-destinar-16-millones-de-euros-a-la-atencion-socioeducativa-en-domicilios-de-menores-en-riesgo-de-desproteccion\\\/\"},\"wordCount\":803,\"commentCount\":0,\"publisher\":{\"@id\":\"https:\\\/\\\/www.laguiadepamplona.com\\\/actualidad\\\/#organization\"},\"image\":{\"@id\":\"https:\\\/\\\/www.laguiadepamplona.com\\\/actualidad\\\/el-ayuntamiento-de-pamplona-preve-destinar-16-millones-de-euros-a-la-atencion-socioeducativa-en-domicilios-de-menores-en-riesgo-de-desproteccion\\\/#primaryimage\"},\"thumbnailUrl\":\"https:\\\/\\\/www.laguiadepamplona.com\\\/actualidad\\\/wp-content\\\/uploads\\\/2025\\\/04\\\/oposiciones.webp\",\"articleSection\":[\"Ayto Pamplona\"],\"inLanguage\":\"es\",\"potentialAction\":[{\"@type\":\"CommentAction\",\"name\":\"Comment\",\"target\":[\"https:\\\/\\\/www.laguiadepamplona.com\\\/actualidad\\\/el-ayuntamiento-de-pamplona-preve-destinar-16-millones-de-euros-a-la-atencion-socioeducativa-en-domicilios-de-menores-en-riesgo-de-desproteccion\\\/#respond\"]}]},{\"@type\":\"WebPage\",\"@id\":\"https:\\\/\\\/www.laguiadepamplona.com\\\/actualidad\\\/el-ayuntamiento-de-pamplona-preve-destinar-16-millones-de-euros-a-la-atencion-socioeducativa-en-domicilios-de-menores-en-riesgo-de-desproteccion\\\/\",\"url\":\"https:\\\/\\\/www.laguiadepamplona.com\\\/actualidad\\\/el-ayuntamiento-de-pamplona-preve-destinar-16-millones-de-euros-a-la-atencion-socioeducativa-en-domicilios-de-menores-en-riesgo-de-desproteccion\\\/\",\"name\":\"El Ayuntamiento de Pamplona prev\u00e9 destinar 1,6 millones de euros a la atenci\u00f3n socioeducativa en domicilios de menores en riesgo de desprotecci\u00f3n\",\"isPartOf\":{\"@id\":\"https:\\\/\\\/www.laguiadepamplona.com\\\/actualidad\\\/#website\"},\"primaryImageOfPage\":{\"@id\":\"https:\\\/\\\/www.laguiadepamplona.com\\\/actualidad\\\/el-ayuntamiento-de-pamplona-preve-destinar-16-millones-de-euros-a-la-atencion-socioeducativa-en-domicilios-de-menores-en-riesgo-de-desproteccion\\\/#primaryimage\"},\"image\":{\"@id\":\"https:\\\/\\\/www.laguiadepamplona.com\\\/actualidad\\\/el-ayuntamiento-de-pamplona-preve-destinar-16-millones-de-euros-a-la-atencion-socioeducativa-en-domicilios-de-menores-en-riesgo-de-desproteccion\\\/#primaryimage\"},\"thumbnailUrl\":\"https:\\\/\\\/www.laguiadepamplona.com\\\/actualidad\\\/wp-content\\\/uploads\\\/2025\\\/04\\\/oposiciones.webp\",\"datePublished\":\"2026-04-29T11:19:53+00:00\",\"description\":\"El servicio ofrece aportar herramientas a menores y sus progenitores relacionadas con el cuidado, la educaci\u00f3n y la gesti\u00f3n emocional\",\"breadcrumb\":{\"@id\":\"https:\\\/\\\/www.laguiadepamplona.com\\\/actualidad\\\/el-ayuntamiento-de-pamplona-preve-destinar-16-millones-de-euros-a-la-atencion-socioeducativa-en-domicilios-de-menores-en-riesgo-de-desproteccion\\\/#breadcrumb\"},\"inLanguage\":\"es\",\"potentialAction\":[{\"@type\":\"ReadAction\",\"target\":[\"https:\\\/\\\/www.laguiadepamplona.com\\\/actualidad\\\/el-ayuntamiento-de-pamplona-preve-destinar-16-millones-de-euros-a-la-atencion-socioeducativa-en-domicilios-de-menores-en-riesgo-de-desproteccion\\\/\"]}]},{\"@type\":\"ImageObject\",\"inLanguage\":\"es\",\"@id\":\"https:\\\/\\\/www.laguiadepamplona.com\\\/actualidad\\\/el-ayuntamiento-de-pamplona-preve-destinar-16-millones-de-euros-a-la-atencion-socioeducativa-en-domicilios-de-menores-en-riesgo-de-desproteccion\\\/#primaryimage\",\"url\":\"https:\\\/\\\/www.laguiadepamplona.com\\\/actualidad\\\/wp-content\\\/uploads\\\/2025\\\/04\\\/oposiciones.webp\",\"contentUrl\":\"https:\\\/\\\/www.laguiadepamplona.com\\\/actualidad\\\/wp-content\\\/uploads\\\/2025\\\/04\\\/oposiciones.webp\",\"width\":1000,\"height\":663,\"caption\":\"oposici\u00f3n\"},{\"@type\":\"BreadcrumbList\",\"@id\":\"https:\\\/\\\/www.laguiadepamplona.com\\\/actualidad\\\/el-ayuntamiento-de-pamplona-preve-destinar-16-millones-de-euros-a-la-atencion-socioeducativa-en-domicilios-de-menores-en-riesgo-de-desproteccion\\\/#breadcrumb\",\"itemListElement\":[{\"@type\":\"ListItem\",\"position\":1,\"name\":\"Portada\",\"item\":\"https:\\\/\\\/www.laguiadepamplona.com\\\/actualidad\\\/\"},{\"@type\":\"ListItem\",\"position\":2,\"name\":\"El Ayuntamiento de Pamplona prev\u00e9 destinar 1,6 millones de euros a la atenci\u00f3n socioeducativa en domicilios de menores en riesgo de desprotecci\u00f3n\"}]},{\"@type\":\"WebSite\",\"@id\":\"https:\\\/\\\/www.laguiadepamplona.com\\\/actualidad\\\/#website\",\"url\":\"https:\\\/\\\/www.laguiadepamplona.com\\\/actualidad\\\/\",\"name\":\"La gu\u00eda de Pamplona\",\"description\":\"Noticias de Pamplona\",\"publisher\":{\"@id\":\"https:\\\/\\\/www.laguiadepamplona.com\\\/actualidad\\\/#organization\"},\"potentialAction\":[{\"@type\":\"SearchAction\",\"target\":{\"@type\":\"EntryPoint\",\"urlTemplate\":\"https:\\\/\\\/www.laguiadepamplona.com\\\/actualidad\\\/?s={search_term_string}\"},\"query-input\":{\"@type\":\"PropertyValueSpecification\",\"valueRequired\":true,\"valueName\":\"search_term_string\"}}],\"inLanguage\":\"es\"},{\"@type\":\"Organization\",\"@id\":\"https:\\\/\\\/www.laguiadepamplona.com\\\/actualidad\\\/#organization\",\"name\":\"La Gu\u00eda de Pamplona \\\/ Noticias\",\"url\":\"https:\\\/\\\/www.laguiadepamplona.com\\\/actualidad\\\/\",\"logo\":{\"@type\":\"ImageObject\",\"inLanguage\":\"es\",\"@id\":\"https:\\\/\\\/www.laguiadepamplona.com\\\/actualidad\\\/#\\\/schema\\\/logo\\\/image\\\/\",\"url\":\"https:\\\/\\\/www.laguiadepamplona.com\\\/actualidad\\\/wp-content\\\/uploads\\\/2018\\\/11\\\/logo-laguiadepamplona18-web1.png\",\"contentUrl\":\"https:\\\/\\\/www.laguiadepamplona.com\\\/actualidad\\\/wp-content\\\/uploads\\\/2018\\\/11\\\/logo-laguiadepamplona18-web1.png\",\"width\":600,\"height\":196,\"caption\":\"La Gu\u00eda de Pamplona \\\/ Noticias\"},\"image\":{\"@id\":\"https:\\\/\\\/www.laguiadepamplona.com\\\/actualidad\\\/#\\\/schema\\\/logo\\\/image\\\/\"},\"sameAs\":[\"https:\\\/\\\/www.facebook.com\\\/laguiadepamplonacom-133175176762273\\\/?ref=hl\",\"https:\\\/\\\/x.com\\\/LaGuiadPamplona\",\"https:\\\/\\\/www.instagram.com\\\/la_guia_de_pamplona\\\/\",\"https:\\\/\\\/www.youtube.com\\\/user\\\/laguiadepamplona\"]},{\"@type\":\"Person\",\"@id\":\"https:\\\/\\\/www.laguiadepamplona.com\\\/actualidad\\\/#\\\/schema\\\/person\\\/efe887376f0213d4657c93adc50b1fdb\",\"name\":\"La Gu\u00eda de Pamplona\",\"image\":{\"@type\":\"ImageObject\",\"inLanguage\":\"es\",\"@id\":\"https:\\\/\\\/secure.gravatar.com\\\/avatar\\\/b6992f131dc8d30ab0dff15446e9d346d9dbd95992de0fef795073f5ea83a81c?s=96&d=mm&r=g\",\"url\":\"https:\\\/\\\/secure.gravatar.com\\\/avatar\\\/b6992f131dc8d30ab0dff15446e9d346d9dbd95992de0fef795073f5ea83a81c?s=96&d=mm&r=g\",\"contentUrl\":\"https:\\\/\\\/secure.gravatar.com\\\/avatar\\\/b6992f131dc8d30ab0dff15446e9d346d9dbd95992de0fef795073f5ea83a81c?s=96&d=mm&r=g\",\"caption\":\"La Gu\u00eda de Pamplona\"}}]}<\/script>\n<!-- \/ Yoast SEO plugin. -->","yoast_head_json":{"title":"El Ayuntamiento de Pamplona prev\u00e9 destinar 1,6 millones de euros a la atenci\u00f3n socioeducativa en domicilios de menores en riesgo de desprotecci\u00f3n","description":"El servicio ofrece aportar herramientas a menores y sus progenitores relacionadas con el cuidado, la educaci\u00f3n y la gesti\u00f3n emocional","robots":{"index":"index","follow":"follow","max-snippet":"max-snippet:-1","max-image-preview":"max-image-preview:large","max-video-preview":"max-video-preview:-1"},"canonical":"https:\/\/www.laguiadepamplona.com\/actualidad\/el-ayuntamiento-de-pamplona-preve-destinar-16-millones-de-euros-a-la-atencion-socioeducativa-en-domicilios-de-menores-en-riesgo-de-desproteccion\/","og_locale":"es_ES","og_type":"article","og_title":"El Ayuntamiento de Pamplona prev\u00e9 destinar 1,6 millones de euros a la atenci\u00f3n socioeducativa en domicilios de menores en riesgo de desprotecci\u00f3n","og_description":"El servicio ofrece aportar herramientas a menores y sus progenitores relacionadas con el cuidado, la educaci\u00f3n y la gesti\u00f3n emocional","og_url":"https:\/\/www.laguiadepamplona.com\/actualidad\/el-ayuntamiento-de-pamplona-preve-destinar-16-millones-de-euros-a-la-atencion-socioeducativa-en-domicilios-de-menores-en-riesgo-de-desproteccion\/","og_site_name":"La Gu\u00eda de Pamplona","article_publisher":"https:\/\/www.facebook.com\/laguiadepamplonacom-133175176762273\/?ref=hl","article_published_time":"2026-04-29T11:19:53+00:00","og_image":[{"width":1000,"height":663,"url":"https:\/\/www.laguiadepamplona.com\/actualidad\/wp-content\/uploads\/2025\/04\/oposiciones.webp","type":"image\/webp"}],"author":"La Gu\u00eda de Pamplona","twitter_card":"summary_large_image","twitter_creator":"@LaGuiadPamplona","twitter_site":"@LaGuiadPamplona","twitter_misc":{"Escrito por":"La Gu\u00eda de Pamplona","Tiempo de lectura":"4 minutos"},"schema":{"@context":"https:\/\/schema.org","@graph":[{"@type":"Article","@id":"https:\/\/www.laguiadepamplona.com\/actualidad\/el-ayuntamiento-de-pamplona-preve-destinar-16-millones-de-euros-a-la-atencion-socioeducativa-en-domicilios-de-menores-en-riesgo-de-desproteccion\/#article","isPartOf":{"@id":"https:\/\/www.laguiadepamplona.com\/actualidad\/el-ayuntamiento-de-pamplona-preve-destinar-16-millones-de-euros-a-la-atencion-socioeducativa-en-domicilios-de-menores-en-riesgo-de-desproteccion\/"},"author":{"name":"La Gu\u00eda de Pamplona","@id":"https:\/\/www.laguiadepamplona.com\/actualidad\/#\/schema\/person\/efe887376f0213d4657c93adc50b1fdb"},"headline":"El Ayuntamiento de Pamplona prev\u00e9 destinar 1,6 millones de euros a la atenci\u00f3n socioeducativa en domicilios de menores en riesgo de desprotecci\u00f3n","datePublished":"2026-04-29T11:19:53+00:00","mainEntityOfPage":{"@id":"https:\/\/www.laguiadepamplona.com\/actualidad\/el-ayuntamiento-de-pamplona-preve-destinar-16-millones-de-euros-a-la-atencion-socioeducativa-en-domicilios-de-menores-en-riesgo-de-desproteccion\/"},"wordCount":803,"commentCount":0,"publisher":{"@id":"https:\/\/www.laguiadepamplona.com\/actualidad\/#organization"},"image":{"@id":"https:\/\/www.laguiadepamplona.com\/actualidad\/el-ayuntamiento-de-pamplona-preve-destinar-16-millones-de-euros-a-la-atencion-socioeducativa-en-domicilios-de-menores-en-riesgo-de-desproteccion\/#primaryimage"},"thumbnailUrl":"https:\/\/www.laguiadepamplona.com\/actualidad\/wp-content\/uploads\/2025\/04\/oposiciones.webp","articleSection":["Ayto Pamplona"],"inLanguage":"es","potentialAction":[{"@type":"CommentAction","name":"Comment","target":["https:\/\/www.laguiadepamplona.com\/actualidad\/el-ayuntamiento-de-pamplona-preve-destinar-16-millones-de-euros-a-la-atencion-socioeducativa-en-domicilios-de-menores-en-riesgo-de-desproteccion\/#respond"]}]},{"@type":"WebPage","@id":"https:\/\/www.laguiadepamplona.com\/actualidad\/el-ayuntamiento-de-pamplona-preve-destinar-16-millones-de-euros-a-la-atencion-socioeducativa-en-domicilios-de-menores-en-riesgo-de-desproteccion\/","url":"https:\/\/www.laguiadepamplona.com\/actualidad\/el-ayuntamiento-de-pamplona-preve-destinar-16-millones-de-euros-a-la-atencion-socioeducativa-en-domicilios-de-menores-en-riesgo-de-desproteccion\/","name":"El Ayuntamiento de Pamplona prev\u00e9 destinar 1,6 millones de euros a la atenci\u00f3n socioeducativa en domicilios de menores en riesgo de desprotecci\u00f3n","isPartOf":{"@id":"https:\/\/www.laguiadepamplona.com\/actualidad\/#website"},"primaryImageOfPage":{"@id":"https:\/\/www.laguiadepamplona.com\/actualidad\/el-ayuntamiento-de-pamplona-preve-destinar-16-millones-de-euros-a-la-atencion-socioeducativa-en-domicilios-de-menores-en-riesgo-de-desproteccion\/#primaryimage"},"image":{"@id":"https:\/\/www.laguiadepamplona.com\/actualidad\/el-ayuntamiento-de-pamplona-preve-destinar-16-millones-de-euros-a-la-atencion-socioeducativa-en-domicilios-de-menores-en-riesgo-de-desproteccion\/#primaryimage"},"thumbnailUrl":"https:\/\/www.laguiadepamplona.com\/actualidad\/wp-content\/uploads\/2025\/04\/oposiciones.webp","datePublished":"2026-04-29T11:19:53+00:00","description":"El servicio ofrece aportar herramientas a menores y sus progenitores relacionadas con el cuidado, la educaci\u00f3n y la gesti\u00f3n emocional","breadcrumb":{"@id":"https:\/\/www.laguiadepamplona.com\/actualidad\/el-ayuntamiento-de-pamplona-preve-destinar-16-millones-de-euros-a-la-atencion-socioeducativa-en-domicilios-de-menores-en-riesgo-de-desproteccion\/#breadcrumb"},"inLanguage":"es","potentialAction":[{"@type":"ReadAction","target":["https:\/\/www.laguiadepamplona.com\/actualidad\/el-ayuntamiento-de-pamplona-preve-destinar-16-millones-de-euros-a-la-atencion-socioeducativa-en-domicilios-de-menores-en-riesgo-de-desproteccion\/"]}]},{"@type":"ImageObject","inLanguage":"es","@id":"https:\/\/www.laguiadepamplona.com\/actualidad\/el-ayuntamiento-de-pamplona-preve-destinar-16-millones-de-euros-a-la-atencion-socioeducativa-en-domicilios-de-menores-en-riesgo-de-desproteccion\/#primaryimage","url":"https:\/\/www.laguiadepamplona.com\/actualidad\/wp-content\/uploads\/2025\/04\/oposiciones.webp","contentUrl":"https:\/\/www.laguiadepamplona.com\/actualidad\/wp-content\/uploads\/2025\/04\/oposiciones.webp","width":1000,"height":663,"caption":"oposici\u00f3n"},{"@type":"BreadcrumbList","@id":"https:\/\/www.laguiadepamplona.com\/actualidad\/el-ayuntamiento-de-pamplona-preve-destinar-16-millones-de-euros-a-la-atencion-socioeducativa-en-domicilios-de-menores-en-riesgo-de-desproteccion\/#breadcrumb","itemListElement":[{"@type":"ListItem","position":1,"name":"Portada","item":"https:\/\/www.laguiadepamplona.com\/actualidad\/"},{"@type":"ListItem","position":2,"name":"El Ayuntamiento de Pamplona prev\u00e9 destinar 1,6 millones de euros a la atenci\u00f3n socioeducativa en domicilios de menores en riesgo de desprotecci\u00f3n"}]},{"@type":"WebSite","@id":"https:\/\/www.laguiadepamplona.com\/actualidad\/#website","url":"https:\/\/www.laguiadepamplona.com\/actualidad\/","name":"La gu\u00eda de Pamplona","description":"Noticias de Pamplona","publisher":{"@id":"https:\/\/www.laguiadepamplona.com\/actualidad\/#organization"},"potentialAction":[{"@type":"SearchAction","target":{"@type":"EntryPoint","urlTemplate":"https:\/\/www.laguiadepamplona.com\/actualidad\/?s={search_term_string}"},"query-input":{"@type":"PropertyValueSpecification","valueRequired":true,"valueName":"search_term_string"}}],"inLanguage":"es"},{"@type":"Organization","@id":"https:\/\/www.laguiadepamplona.com\/actualidad\/#organization","name":"La Gu\u00eda de Pamplona \/ Noticias","url":"https:\/\/www.laguiadepamplona.com\/actualidad\/","logo":{"@type":"ImageObject","inLanguage":"es","@id":"https:\/\/www.laguiadepamplona.com\/actualidad\/#\/schema\/logo\/image\/","url":"https:\/\/www.laguiadepamplona.com\/actualidad\/wp-content\/uploads\/2018\/11\/logo-laguiadepamplona18-web1.png","contentUrl":"https:\/\/www.laguiadepamplona.com\/actualidad\/wp-content\/uploads\/2018\/11\/logo-laguiadepamplona18-web1.png","width":600,"height":196,"caption":"La Gu\u00eda de Pamplona \/ Noticias"},"image":{"@id":"https:\/\/www.laguiadepamplona.com\/actualidad\/#\/schema\/logo\/image\/"},"sameAs":["https:\/\/www.facebook.com\/laguiadepamplonacom-133175176762273\/?ref=hl","https:\/\/x.com\/LaGuiadPamplona","https:\/\/www.instagram.com\/la_guia_de_pamplona\/","https:\/\/www.youtube.com\/user\/laguiadepamplona"]},{"@type":"Person","@id":"https:\/\/www.laguiadepamplona.com\/actualidad\/#\/schema\/person\/efe887376f0213d4657c93adc50b1fdb","name":"La Gu\u00eda de Pamplona","image":{"@type":"ImageObject","inLanguage":"es","@id":"https:\/\/secure.gravatar.com\/avatar\/b6992f131dc8d30ab0dff15446e9d346d9dbd95992de0fef795073f5ea83a81c?s=96&d=mm&r=g","url":"https:\/\/secure.gravatar.com\/avatar\/b6992f131dc8d30ab0dff15446e9d346d9dbd95992de0fef795073f5ea83a81c?s=96&d=mm&r=g","contentUrl":"https:\/\/secure.gravatar.com\/avatar\/b6992f131dc8d30ab0dff15446e9d346d9dbd95992de0fef795073f5ea83a81c?s=96&d=mm&r=g","caption":"La Gu\u00eda de Pamplona"}}]}},"post_mailing_queue_ids":[],"_links":{"self":[{"href":"https:\/\/www.laguiadepamplona.com\/actualidad\/wp-json\/wp\/v2\/posts\/54993","targetHints":{"allow":["GET"]}}],"collection":[{"href":"https:\/\/www.laguiadepamplona.com\/actualidad\/wp-json\/wp\/v2\/posts"}],"about":[{"href":"https:\/\/www.laguiadepamplona.com\/actualidad\/wp-json\/wp\/v2\/types\/post"}],"author":[{"embeddable":true,"href":"https:\/\/www.laguiadepamplona.com\/actualidad\/wp-json\/wp\/v2\/users\/1"}],"replies":[{"embeddable":true,"href":"https:\/\/www.laguiadepamplona.com\/actualidad\/wp-json\/wp\/v2\/comments?post=54993"}],"version-history":[{"count":1,"href":"https:\/\/www.laguiadepamplona.com\/actualidad\/wp-json\/wp\/v2\/posts\/54993\/revisions"}],"predecessor-version":[{"id":54994,"href":"https:\/\/www.laguiadepamplona.com\/actualidad\/wp-json\/wp\/v2\/posts\/54993\/revisions\/54994"}],"wp:featuredmedia":[{"embeddable":true,"href":"https:\/\/www.laguiadepamplona.com\/actualidad\/wp-json\/wp\/v2\/media\/52761"}],"wp:attachment":[{"href":"https:\/\/www.laguiadepamplona.com\/actualidad\/wp-json\/wp\/v2\/media?parent=54993"}],"wp:term":[{"taxonomy":"category","embeddable":true,"href":"https:\/\/www.laguiadepamplona.com\/actualidad\/wp-json\/wp\/v2\/categories?post=54993"},{"taxonomy":"post_tag","embeddable":true,"href":"https:\/\/www.laguiadepamplona.com\/actualidad\/wp-json\/wp\/v2\/tags?post=54993"}],"curies":[{"name":"wp","href":"https:\/\/api.w.org\/{rel}","templated":true}]}}