{"id":54991,"date":"2026-04-29T13:18:21","date_gmt":"2026-04-29T11:18:21","guid":{"rendered":"https:\/\/www.laguiadepamplona.com\/actualidad\/?p=54991"},"modified":"2026-04-29T13:18:21","modified_gmt":"2026-04-29T11:18:21","slug":"convocado-un-concurso-oposicion-para-cubrir-una-plaza-de-jefe-a-de-servicio-de-infraestructuras-en-turno-libre-y-de-nivel-b","status":"publish","type":"post","link":"https:\/\/www.laguiadepamplona.com\/actualidad\/convocado-un-concurso-oposicion-para-cubrir-una-plaza-de-jefe-a-de-servicio-de-infraestructuras-en-turno-libre-y-de-nivel-b\/","title":{"rendered":"Convocado un concurso-oposici\u00f3n para cubrir una plaza de jefe\/a de servicio de infraestructuras, en turno libre y de nivel B"},"content":{"rendered":"<h2>La fase de oposici\u00f3n, a partir del mes de octubre de 2026, consta de dos pruebas, una te\u00f3rico-pr\u00e1ctica y un test de competencias profesionales<\/h2>\n<p><!--more--><\/p>\n<p>El Ayuntamiento de Pamplona ha convocado un concurso-oposici\u00f3n para una plaza de jefe\/a de servicio de infraestructuras. El puesto, de nivel B, est\u00e1 adscrito al \u00e1rea de Cultura, Fiestas y Deporte, y se convoca en turno libre. Las solicitudes se presentar\u00e1n en la <a href=\"https:\/\/sedeelectronica.pamplona.es\/novedades.aspx?ts=&amp;tema=1\" target=\"_blank\" rel=\"noopener\">Sede Electr\u00f3nica del Ayuntamiento de Pamplona<\/a>, en el plazo de 20 d\u00edas naturales desde el d\u00eda siguiente a su publicaci\u00f3n en el <a href=\"https:\/\/bon.navarra.es\/es\/\" target=\"_blank\" rel=\"noopener\">Bolet\u00edn Oficial de Navarra<\/a>. Las tasas son de 22,85 euros.<\/p>\n<p>Para tomar parte en la convocatoria, es necesario tener la nacionalidad espa\u00f1ola, de un Estado miembro de la Uni\u00f3n Europea o de un Estado incluido en el \u00e1mbito de aplicaci\u00f3n de los Tratados Internacionales celebrados por la Comunidad Europea y ratificados por Espa\u00f1a, que contemplen la libre circulaci\u00f3n de trabajadores. Se deben tener cumplidos 16 a\u00f1os y estar en posesi\u00f3n del carnet de conducir tipo B.<\/p>\n<p>En cuanto a titulaci\u00f3n, se precisa grado universitario en Edificaci\u00f3n, Arquitectura T\u00e9cnica o Ingenier\u00eda de la Edificaci\u00f3n, o cualquier otra titulaci\u00f3n que habilite para el ejercicio profesional de arquitecto\/a t\u00e9cnico\/a. Tambi\u00e9n se incluye el grado universitario en Ingenier\u00eda Industrial, Ingenier\u00eda Mec\u00e1nica, Ingenier\u00eda en Tecnolog\u00edas Industriales o titulaci\u00f3n equivalente que habilite para el ejercicio profesional en Ingenier\u00eda Industrial. Y grado universitario en Ingenier\u00eda El\u00e9ctrica o titulaci\u00f3n equivalente que habilite para el ejercicio profesional en Ingenier\u00eda El\u00e9ctrica.<\/p>\n<p><strong>Oposici\u00f3n, a partir de octubre<\/strong><\/p>\n<p>La convocatoria consta de dos fases, la de concurso y la de oposici\u00f3n, que comenzar\u00e1 a partir del mes de octubre de 2026. La fase de concurso sumar\u00e1, como m\u00e1ximo, 15 puntos, a partir de 3 criterios: experiencia profesional en puestos de jefaturas de infraestructuras en instituciones culturales de titularidad p\u00fablica, de titularidad privada y en otros puestos de trabajo relacionados con infraestructuras en organismos o instituciones de titularidad p\u00fablica o privada.<\/p>\n<p>La fase de oposici\u00f3n constar\u00e1 de dos pruebas. La primera prueba, a su vez, se divide en dos partes: una te\u00f3rica, con un cuestionario de 100 preguntas m\u00e1ximo tipo test, con varias alternativas de respuesta para cada pregunta, de las que s\u00f3lo una ser\u00e1 v\u00e1lida, sobre los 41 temas que integran el temario. La puntuaci\u00f3n m\u00e1xima del ejercicio ser\u00e1 de 60 puntos. Quedar\u00e1n eliminadas las personas aspirantes que no alcancen 30 puntos en el ejercicio.<\/p>\n<p>La segunda parte de la primera prueba consiste en la resoluci\u00f3n de dos supuestos pr\u00e1cticos, en respuesta a preguntas de desarrollo planteadas por el tribunal sobre el temario. La puntuaci\u00f3n m\u00e1xima de este segundo ejercicio ser\u00e1 de 40 puntos. Estas dos partes de la primera prueba se podr\u00e1n realizar en uno o dos d\u00edas, a criterio del tribunal.<\/p>\n<p>La segunda prueba de la oposici\u00f3n es un test de competencias profesionales y consistir\u00e1 en la realizaci\u00f3n de cuestionarios de personalidad general, de competencias laborales y\/o de aptitudes para la determinaci\u00f3n del grado de adecuaci\u00f3n de las personas aspirantes a las exigencias del perfil competencial del puesto de trabajo. Esta prueba se realizar\u00e1 por el Instituto Navarro de Administraci\u00f3n P\u00fablica y sus valoraciones vincular\u00e1n al tribunal.<\/p>\n<p>En la segunda prueba solo tomar\u00e1n parte, entre quienes hayan superado las dos partes de la primera prueba, las 30 personas aspirantes con mejor puntuaci\u00f3n total, sumadas las calificaciones obtenidas en la primera prueba. El resto de las personas aspirantes quedar\u00e1n eliminadas de la convocatoria. La puntuaci\u00f3n de esta segunda prueba podr\u00e1 alcanzar un m\u00e1ximo de 15 puntos. Quedar\u00e1n eliminadas las personas aspirantes que no obtengan, al menos, la mitad de la puntuaci\u00f3n m\u00e1xima global de la prueba, es decir, 7,5 puntos.<\/p>\n<p>El perfil competencial del puesto se dar\u00e1 a conocer a las personas participantes con car\u00e1cter previo a la realizaci\u00f3n de la prueba en la ficha web de la convocatoria, disponible en la direcci\u00f3n <a href=\"http:\/\/www.pamplona.es\" target=\"_blank\" rel=\"noopener\">www.pamplona.es<\/a>.<\/p>\n<p>Tras el proceso se realizar\u00e1n listas de las personas aprobadas sin plaza, lista de aspirantes que no hayan aprobado y hayan superado la primera parte de la prueba selectiva, y lista de aspirantes que hayan alcanzado, al menos, el 30 % de la puntuaci\u00f3n m\u00e1xima establecida para la parte I de la prueba del proceso selectivo.<\/p>\n","protected":false},"excerpt":{"rendered":"<p>La fase de oposici\u00f3n, a partir del mes de octubre de 2026, consta de dos pruebas, una te\u00f3rico-pr\u00e1ctica y un test de competencias profesionales<\/p>\n","protected":false},"author":1,"featured_media":53777,"comment_status":"open","ping_status":"closed","sticky":false,"template":"","format":"standard","meta":{"footnotes":""},"categories":[2],"tags":[],"class_list":["post-54991","post","type-post","status-publish","format-standard","has-post-thumbnail","hentry","category-ayuntamiento-pamplona"],"yoast_head":"<!-- This site is optimized with the Yoast SEO plugin v27.3 - https:\/\/yoast.com\/product\/yoast-seo-wordpress\/ -->\n<title>Convocado un concurso-oposici\u00f3n para cubrir una plaza de jefe\/a de servicio de infraestructuras, en turno libre y de nivel B<\/title>\n<meta name=\"description\" content=\"La fase de oposici\u00f3n, a partir del mes de octubre de 2026, consta de dos pruebas, una te\u00f3rico-pr\u00e1ctica y un test de competencias profesionales\u00a0\" \/>\n<meta name=\"robots\" content=\"index, follow, max-snippet:-1, max-image-preview:large, max-video-preview:-1\" \/>\n<link rel=\"canonical\" href=\"https:\/\/www.laguiadepamplona.com\/actualidad\/convocado-un-concurso-oposicion-para-cubrir-una-plaza-de-jefe-a-de-servicio-de-infraestructuras-en-turno-libre-y-de-nivel-b\/\" \/>\n<meta property=\"og:locale\" content=\"es_ES\" \/>\n<meta property=\"og:type\" content=\"article\" \/>\n<meta property=\"og:title\" content=\"Convocado un concurso-oposici\u00f3n para cubrir una plaza de jefe\/a de servicio de infraestructuras, en turno libre y de nivel B\" \/>\n<meta property=\"og:description\" content=\"La fase de oposici\u00f3n, a partir del mes de octubre de 2026, consta de dos pruebas, una te\u00f3rico-pr\u00e1ctica y un test de competencias profesionales\u00a0\" \/>\n<meta property=\"og:url\" content=\"https:\/\/www.laguiadepamplona.com\/actualidad\/convocado-un-concurso-oposicion-para-cubrir-una-plaza-de-jefe-a-de-servicio-de-infraestructuras-en-turno-libre-y-de-nivel-b\/\" \/>\n<meta property=\"og:site_name\" content=\"La Gu\u00eda de Pamplona\" \/>\n<meta property=\"article:publisher\" content=\"https:\/\/www.facebook.com\/laguiadepamplonacom-133175176762273\/?ref=hl\" \/>\n<meta property=\"article:published_time\" content=\"2026-04-29T11:18:21+00:00\" \/>\n<meta property=\"og:image\" content=\"https:\/\/www.laguiadepamplona.com\/actualidad\/wp-content\/uploads\/2025\/09\/traductor-oposicion.webp\" \/>\n\t<meta property=\"og:image:width\" content=\"1000\" \/>\n\t<meta property=\"og:image:height\" content=\"667\" \/>\n\t<meta property=\"og:image:type\" content=\"image\/webp\" \/>\n<meta name=\"author\" content=\"La Gu\u00eda de Pamplona\" \/>\n<meta name=\"twitter:card\" content=\"summary_large_image\" \/>\n<meta name=\"twitter:creator\" content=\"@LaGuiadPamplona\" \/>\n<meta name=\"twitter:site\" content=\"@LaGuiadPamplona\" \/>\n<meta name=\"twitter:label1\" content=\"Escrito por\" \/>\n\t<meta name=\"twitter:data1\" content=\"La Gu\u00eda de Pamplona\" \/>\n\t<meta name=\"twitter:label2\" content=\"Tiempo de lectura\" \/>\n\t<meta name=\"twitter:data2\" content=\"4 minutos\" \/>\n<script type=\"application\/ld+json\" class=\"yoast-schema-graph\">{\"@context\":\"https:\\\/\\\/schema.org\",\"@graph\":[{\"@type\":\"Article\",\"@id\":\"https:\\\/\\\/www.laguiadepamplona.com\\\/actualidad\\\/convocado-un-concurso-oposicion-para-cubrir-una-plaza-de-jefe-a-de-servicio-de-infraestructuras-en-turno-libre-y-de-nivel-b\\\/#article\",\"isPartOf\":{\"@id\":\"https:\\\/\\\/www.laguiadepamplona.com\\\/actualidad\\\/convocado-un-concurso-oposicion-para-cubrir-una-plaza-de-jefe-a-de-servicio-de-infraestructuras-en-turno-libre-y-de-nivel-b\\\/\"},\"author\":{\"name\":\"La Gu\u00eda de Pamplona\",\"@id\":\"https:\\\/\\\/www.laguiadepamplona.com\\\/actualidad\\\/#\\\/schema\\\/person\\\/efe887376f0213d4657c93adc50b1fdb\"},\"headline\":\"Convocado un concurso-oposici\u00f3n para cubrir una plaza de jefe\\\/a de servicio de infraestructuras, en turno libre y de nivel B\",\"datePublished\":\"2026-04-29T11:18:21+00:00\",\"mainEntityOfPage\":{\"@id\":\"https:\\\/\\\/www.laguiadepamplona.com\\\/actualidad\\\/convocado-un-concurso-oposicion-para-cubrir-una-plaza-de-jefe-a-de-servicio-de-infraestructuras-en-turno-libre-y-de-nivel-b\\\/\"},\"wordCount\":776,\"commentCount\":0,\"publisher\":{\"@id\":\"https:\\\/\\\/www.laguiadepamplona.com\\\/actualidad\\\/#organization\"},\"image\":{\"@id\":\"https:\\\/\\\/www.laguiadepamplona.com\\\/actualidad\\\/convocado-un-concurso-oposicion-para-cubrir-una-plaza-de-jefe-a-de-servicio-de-infraestructuras-en-turno-libre-y-de-nivel-b\\\/#primaryimage\"},\"thumbnailUrl\":\"https:\\\/\\\/www.laguiadepamplona.com\\\/actualidad\\\/wp-content\\\/uploads\\\/2025\\\/09\\\/traductor-oposicion.webp\",\"articleSection\":[\"Ayto Pamplona\"],\"inLanguage\":\"es\",\"potentialAction\":[{\"@type\":\"CommentAction\",\"name\":\"Comment\",\"target\":[\"https:\\\/\\\/www.laguiadepamplona.com\\\/actualidad\\\/convocado-un-concurso-oposicion-para-cubrir-una-plaza-de-jefe-a-de-servicio-de-infraestructuras-en-turno-libre-y-de-nivel-b\\\/#respond\"]}]},{\"@type\":\"WebPage\",\"@id\":\"https:\\\/\\\/www.laguiadepamplona.com\\\/actualidad\\\/convocado-un-concurso-oposicion-para-cubrir-una-plaza-de-jefe-a-de-servicio-de-infraestructuras-en-turno-libre-y-de-nivel-b\\\/\",\"url\":\"https:\\\/\\\/www.laguiadepamplona.com\\\/actualidad\\\/convocado-un-concurso-oposicion-para-cubrir-una-plaza-de-jefe-a-de-servicio-de-infraestructuras-en-turno-libre-y-de-nivel-b\\\/\",\"name\":\"Convocado un concurso-oposici\u00f3n para cubrir una plaza de jefe\\\/a de servicio de infraestructuras, en turno libre y de nivel B\",\"isPartOf\":{\"@id\":\"https:\\\/\\\/www.laguiadepamplona.com\\\/actualidad\\\/#website\"},\"primaryImageOfPage\":{\"@id\":\"https:\\\/\\\/www.laguiadepamplona.com\\\/actualidad\\\/convocado-un-concurso-oposicion-para-cubrir-una-plaza-de-jefe-a-de-servicio-de-infraestructuras-en-turno-libre-y-de-nivel-b\\\/#primaryimage\"},\"image\":{\"@id\":\"https:\\\/\\\/www.laguiadepamplona.com\\\/actualidad\\\/convocado-un-concurso-oposicion-para-cubrir-una-plaza-de-jefe-a-de-servicio-de-infraestructuras-en-turno-libre-y-de-nivel-b\\\/#primaryimage\"},\"thumbnailUrl\":\"https:\\\/\\\/www.laguiadepamplona.com\\\/actualidad\\\/wp-content\\\/uploads\\\/2025\\\/09\\\/traductor-oposicion.webp\",\"datePublished\":\"2026-04-29T11:18:21+00:00\",\"description\":\"La fase de oposici\u00f3n, a partir del mes de octubre de 2026, consta de dos pruebas, una te\u00f3rico-pr\u00e1ctica y un test de competencias profesionales\u00a0\",\"breadcrumb\":{\"@id\":\"https:\\\/\\\/www.laguiadepamplona.com\\\/actualidad\\\/convocado-un-concurso-oposicion-para-cubrir-una-plaza-de-jefe-a-de-servicio-de-infraestructuras-en-turno-libre-y-de-nivel-b\\\/#breadcrumb\"},\"inLanguage\":\"es\",\"potentialAction\":[{\"@type\":\"ReadAction\",\"target\":[\"https:\\\/\\\/www.laguiadepamplona.com\\\/actualidad\\\/convocado-un-concurso-oposicion-para-cubrir-una-plaza-de-jefe-a-de-servicio-de-infraestructuras-en-turno-libre-y-de-nivel-b\\\/\"]}]},{\"@type\":\"ImageObject\",\"inLanguage\":\"es\",\"@id\":\"https:\\\/\\\/www.laguiadepamplona.com\\\/actualidad\\\/convocado-un-concurso-oposicion-para-cubrir-una-plaza-de-jefe-a-de-servicio-de-infraestructuras-en-turno-libre-y-de-nivel-b\\\/#primaryimage\",\"url\":\"https:\\\/\\\/www.laguiadepamplona.com\\\/actualidad\\\/wp-content\\\/uploads\\\/2025\\\/09\\\/traductor-oposicion.webp\",\"contentUrl\":\"https:\\\/\\\/www.laguiadepamplona.com\\\/actualidad\\\/wp-content\\\/uploads\\\/2025\\\/09\\\/traductor-oposicion.webp\",\"width\":1000,\"height\":667,\"caption\":\"oposici\u00f3n traductor\"},{\"@type\":\"BreadcrumbList\",\"@id\":\"https:\\\/\\\/www.laguiadepamplona.com\\\/actualidad\\\/convocado-un-concurso-oposicion-para-cubrir-una-plaza-de-jefe-a-de-servicio-de-infraestructuras-en-turno-libre-y-de-nivel-b\\\/#breadcrumb\",\"itemListElement\":[{\"@type\":\"ListItem\",\"position\":1,\"name\":\"Portada\",\"item\":\"https:\\\/\\\/www.laguiadepamplona.com\\\/actualidad\\\/\"},{\"@type\":\"ListItem\",\"position\":2,\"name\":\"Convocado un concurso-oposici\u00f3n para cubrir una plaza de jefe\\\/a de servicio de infraestructuras, en turno libre y de nivel B\"}]},{\"@type\":\"WebSite\",\"@id\":\"https:\\\/\\\/www.laguiadepamplona.com\\\/actualidad\\\/#website\",\"url\":\"https:\\\/\\\/www.laguiadepamplona.com\\\/actualidad\\\/\",\"name\":\"La gu\u00eda de Pamplona\",\"description\":\"Noticias de Pamplona\",\"publisher\":{\"@id\":\"https:\\\/\\\/www.laguiadepamplona.com\\\/actualidad\\\/#organization\"},\"potentialAction\":[{\"@type\":\"SearchAction\",\"target\":{\"@type\":\"EntryPoint\",\"urlTemplate\":\"https:\\\/\\\/www.laguiadepamplona.com\\\/actualidad\\\/?s={search_term_string}\"},\"query-input\":{\"@type\":\"PropertyValueSpecification\",\"valueRequired\":true,\"valueName\":\"search_term_string\"}}],\"inLanguage\":\"es\"},{\"@type\":\"Organization\",\"@id\":\"https:\\\/\\\/www.laguiadepamplona.com\\\/actualidad\\\/#organization\",\"name\":\"La Gu\u00eda de Pamplona \\\/ Noticias\",\"url\":\"https:\\\/\\\/www.laguiadepamplona.com\\\/actualidad\\\/\",\"logo\":{\"@type\":\"ImageObject\",\"inLanguage\":\"es\",\"@id\":\"https:\\\/\\\/www.laguiadepamplona.com\\\/actualidad\\\/#\\\/schema\\\/logo\\\/image\\\/\",\"url\":\"https:\\\/\\\/www.laguiadepamplona.com\\\/actualidad\\\/wp-content\\\/uploads\\\/2018\\\/11\\\/logo-laguiadepamplona18-web1.png\",\"contentUrl\":\"https:\\\/\\\/www.laguiadepamplona.com\\\/actualidad\\\/wp-content\\\/uploads\\\/2018\\\/11\\\/logo-laguiadepamplona18-web1.png\",\"width\":600,\"height\":196,\"caption\":\"La Gu\u00eda de Pamplona \\\/ Noticias\"},\"image\":{\"@id\":\"https:\\\/\\\/www.laguiadepamplona.com\\\/actualidad\\\/#\\\/schema\\\/logo\\\/image\\\/\"},\"sameAs\":[\"https:\\\/\\\/www.facebook.com\\\/laguiadepamplonacom-133175176762273\\\/?ref=hl\",\"https:\\\/\\\/x.com\\\/LaGuiadPamplona\",\"https:\\\/\\\/www.instagram.com\\\/la_guia_de_pamplona\\\/\",\"https:\\\/\\\/www.youtube.com\\\/user\\\/laguiadepamplona\"]},{\"@type\":\"Person\",\"@id\":\"https:\\\/\\\/www.laguiadepamplona.com\\\/actualidad\\\/#\\\/schema\\\/person\\\/efe887376f0213d4657c93adc50b1fdb\",\"name\":\"La Gu\u00eda de Pamplona\",\"image\":{\"@type\":\"ImageObject\",\"inLanguage\":\"es\",\"@id\":\"https:\\\/\\\/secure.gravatar.com\\\/avatar\\\/b6992f131dc8d30ab0dff15446e9d346d9dbd95992de0fef795073f5ea83a81c?s=96&d=mm&r=g\",\"url\":\"https:\\\/\\\/secure.gravatar.com\\\/avatar\\\/b6992f131dc8d30ab0dff15446e9d346d9dbd95992de0fef795073f5ea83a81c?s=96&d=mm&r=g\",\"contentUrl\":\"https:\\\/\\\/secure.gravatar.com\\\/avatar\\\/b6992f131dc8d30ab0dff15446e9d346d9dbd95992de0fef795073f5ea83a81c?s=96&d=mm&r=g\",\"caption\":\"La Gu\u00eda de Pamplona\"}}]}<\/script>\n<!-- \/ Yoast SEO plugin. -->","yoast_head_json":{"title":"Convocado un concurso-oposici\u00f3n para cubrir una plaza de jefe\/a de servicio de infraestructuras, en turno libre y de nivel B","description":"La fase de oposici\u00f3n, a partir del mes de octubre de 2026, consta de dos pruebas, una te\u00f3rico-pr\u00e1ctica y un test de competencias profesionales\u00a0","robots":{"index":"index","follow":"follow","max-snippet":"max-snippet:-1","max-image-preview":"max-image-preview:large","max-video-preview":"max-video-preview:-1"},"canonical":"https:\/\/www.laguiadepamplona.com\/actualidad\/convocado-un-concurso-oposicion-para-cubrir-una-plaza-de-jefe-a-de-servicio-de-infraestructuras-en-turno-libre-y-de-nivel-b\/","og_locale":"es_ES","og_type":"article","og_title":"Convocado un concurso-oposici\u00f3n para cubrir una plaza de jefe\/a de servicio de infraestructuras, en turno libre y de nivel B","og_description":"La fase de oposici\u00f3n, a partir del mes de octubre de 2026, consta de dos pruebas, una te\u00f3rico-pr\u00e1ctica y un test de competencias profesionales\u00a0","og_url":"https:\/\/www.laguiadepamplona.com\/actualidad\/convocado-un-concurso-oposicion-para-cubrir-una-plaza-de-jefe-a-de-servicio-de-infraestructuras-en-turno-libre-y-de-nivel-b\/","og_site_name":"La Gu\u00eda de Pamplona","article_publisher":"https:\/\/www.facebook.com\/laguiadepamplonacom-133175176762273\/?ref=hl","article_published_time":"2026-04-29T11:18:21+00:00","og_image":[{"width":1000,"height":667,"url":"https:\/\/www.laguiadepamplona.com\/actualidad\/wp-content\/uploads\/2025\/09\/traductor-oposicion.webp","type":"image\/webp"}],"author":"La Gu\u00eda de Pamplona","twitter_card":"summary_large_image","twitter_creator":"@LaGuiadPamplona","twitter_site":"@LaGuiadPamplona","twitter_misc":{"Escrito por":"La Gu\u00eda de Pamplona","Tiempo de lectura":"4 minutos"},"schema":{"@context":"https:\/\/schema.org","@graph":[{"@type":"Article","@id":"https:\/\/www.laguiadepamplona.com\/actualidad\/convocado-un-concurso-oposicion-para-cubrir-una-plaza-de-jefe-a-de-servicio-de-infraestructuras-en-turno-libre-y-de-nivel-b\/#article","isPartOf":{"@id":"https:\/\/www.laguiadepamplona.com\/actualidad\/convocado-un-concurso-oposicion-para-cubrir-una-plaza-de-jefe-a-de-servicio-de-infraestructuras-en-turno-libre-y-de-nivel-b\/"},"author":{"name":"La Gu\u00eda de Pamplona","@id":"https:\/\/www.laguiadepamplona.com\/actualidad\/#\/schema\/person\/efe887376f0213d4657c93adc50b1fdb"},"headline":"Convocado un concurso-oposici\u00f3n para cubrir una plaza de jefe\/a de servicio de infraestructuras, en turno libre y de nivel B","datePublished":"2026-04-29T11:18:21+00:00","mainEntityOfPage":{"@id":"https:\/\/www.laguiadepamplona.com\/actualidad\/convocado-un-concurso-oposicion-para-cubrir-una-plaza-de-jefe-a-de-servicio-de-infraestructuras-en-turno-libre-y-de-nivel-b\/"},"wordCount":776,"commentCount":0,"publisher":{"@id":"https:\/\/www.laguiadepamplona.com\/actualidad\/#organization"},"image":{"@id":"https:\/\/www.laguiadepamplona.com\/actualidad\/convocado-un-concurso-oposicion-para-cubrir-una-plaza-de-jefe-a-de-servicio-de-infraestructuras-en-turno-libre-y-de-nivel-b\/#primaryimage"},"thumbnailUrl":"https:\/\/www.laguiadepamplona.com\/actualidad\/wp-content\/uploads\/2025\/09\/traductor-oposicion.webp","articleSection":["Ayto Pamplona"],"inLanguage":"es","potentialAction":[{"@type":"CommentAction","name":"Comment","target":["https:\/\/www.laguiadepamplona.com\/actualidad\/convocado-un-concurso-oposicion-para-cubrir-una-plaza-de-jefe-a-de-servicio-de-infraestructuras-en-turno-libre-y-de-nivel-b\/#respond"]}]},{"@type":"WebPage","@id":"https:\/\/www.laguiadepamplona.com\/actualidad\/convocado-un-concurso-oposicion-para-cubrir-una-plaza-de-jefe-a-de-servicio-de-infraestructuras-en-turno-libre-y-de-nivel-b\/","url":"https:\/\/www.laguiadepamplona.com\/actualidad\/convocado-un-concurso-oposicion-para-cubrir-una-plaza-de-jefe-a-de-servicio-de-infraestructuras-en-turno-libre-y-de-nivel-b\/","name":"Convocado un concurso-oposici\u00f3n para cubrir una plaza de jefe\/a de servicio de infraestructuras, en turno libre y de nivel B","isPartOf":{"@id":"https:\/\/www.laguiadepamplona.com\/actualidad\/#website"},"primaryImageOfPage":{"@id":"https:\/\/www.laguiadepamplona.com\/actualidad\/convocado-un-concurso-oposicion-para-cubrir-una-plaza-de-jefe-a-de-servicio-de-infraestructuras-en-turno-libre-y-de-nivel-b\/#primaryimage"},"image":{"@id":"https:\/\/www.laguiadepamplona.com\/actualidad\/convocado-un-concurso-oposicion-para-cubrir-una-plaza-de-jefe-a-de-servicio-de-infraestructuras-en-turno-libre-y-de-nivel-b\/#primaryimage"},"thumbnailUrl":"https:\/\/www.laguiadepamplona.com\/actualidad\/wp-content\/uploads\/2025\/09\/traductor-oposicion.webp","datePublished":"2026-04-29T11:18:21+00:00","description":"La fase de oposici\u00f3n, a partir del mes de octubre de 2026, consta de dos pruebas, una te\u00f3rico-pr\u00e1ctica y un test de competencias profesionales\u00a0","breadcrumb":{"@id":"https:\/\/www.laguiadepamplona.com\/actualidad\/convocado-un-concurso-oposicion-para-cubrir-una-plaza-de-jefe-a-de-servicio-de-infraestructuras-en-turno-libre-y-de-nivel-b\/#breadcrumb"},"inLanguage":"es","potentialAction":[{"@type":"ReadAction","target":["https:\/\/www.laguiadepamplona.com\/actualidad\/convocado-un-concurso-oposicion-para-cubrir-una-plaza-de-jefe-a-de-servicio-de-infraestructuras-en-turno-libre-y-de-nivel-b\/"]}]},{"@type":"ImageObject","inLanguage":"es","@id":"https:\/\/www.laguiadepamplona.com\/actualidad\/convocado-un-concurso-oposicion-para-cubrir-una-plaza-de-jefe-a-de-servicio-de-infraestructuras-en-turno-libre-y-de-nivel-b\/#primaryimage","url":"https:\/\/www.laguiadepamplona.com\/actualidad\/wp-content\/uploads\/2025\/09\/traductor-oposicion.webp","contentUrl":"https:\/\/www.laguiadepamplona.com\/actualidad\/wp-content\/uploads\/2025\/09\/traductor-oposicion.webp","width":1000,"height":667,"caption":"oposici\u00f3n traductor"},{"@type":"BreadcrumbList","@id":"https:\/\/www.laguiadepamplona.com\/actualidad\/convocado-un-concurso-oposicion-para-cubrir-una-plaza-de-jefe-a-de-servicio-de-infraestructuras-en-turno-libre-y-de-nivel-b\/#breadcrumb","itemListElement":[{"@type":"ListItem","position":1,"name":"Portada","item":"https:\/\/www.laguiadepamplona.com\/actualidad\/"},{"@type":"ListItem","position":2,"name":"Convocado un concurso-oposici\u00f3n para cubrir una plaza de jefe\/a de servicio de infraestructuras, en turno libre y de nivel B"}]},{"@type":"WebSite","@id":"https:\/\/www.laguiadepamplona.com\/actualidad\/#website","url":"https:\/\/www.laguiadepamplona.com\/actualidad\/","name":"La gu\u00eda de Pamplona","description":"Noticias de Pamplona","publisher":{"@id":"https:\/\/www.laguiadepamplona.com\/actualidad\/#organization"},"potentialAction":[{"@type":"SearchAction","target":{"@type":"EntryPoint","urlTemplate":"https:\/\/www.laguiadepamplona.com\/actualidad\/?s={search_term_string}"},"query-input":{"@type":"PropertyValueSpecification","valueRequired":true,"valueName":"search_term_string"}}],"inLanguage":"es"},{"@type":"Organization","@id":"https:\/\/www.laguiadepamplona.com\/actualidad\/#organization","name":"La Gu\u00eda de Pamplona \/ Noticias","url":"https:\/\/www.laguiadepamplona.com\/actualidad\/","logo":{"@type":"ImageObject","inLanguage":"es","@id":"https:\/\/www.laguiadepamplona.com\/actualidad\/#\/schema\/logo\/image\/","url":"https:\/\/www.laguiadepamplona.com\/actualidad\/wp-content\/uploads\/2018\/11\/logo-laguiadepamplona18-web1.png","contentUrl":"https:\/\/www.laguiadepamplona.com\/actualidad\/wp-content\/uploads\/2018\/11\/logo-laguiadepamplona18-web1.png","width":600,"height":196,"caption":"La Gu\u00eda de Pamplona \/ Noticias"},"image":{"@id":"https:\/\/www.laguiadepamplona.com\/actualidad\/#\/schema\/logo\/image\/"},"sameAs":["https:\/\/www.facebook.com\/laguiadepamplonacom-133175176762273\/?ref=hl","https:\/\/x.com\/LaGuiadPamplona","https:\/\/www.instagram.com\/la_guia_de_pamplona\/","https:\/\/www.youtube.com\/user\/laguiadepamplona"]},{"@type":"Person","@id":"https:\/\/www.laguiadepamplona.com\/actualidad\/#\/schema\/person\/efe887376f0213d4657c93adc50b1fdb","name":"La Gu\u00eda de Pamplona","image":{"@type":"ImageObject","inLanguage":"es","@id":"https:\/\/secure.gravatar.com\/avatar\/b6992f131dc8d30ab0dff15446e9d346d9dbd95992de0fef795073f5ea83a81c?s=96&d=mm&r=g","url":"https:\/\/secure.gravatar.com\/avatar\/b6992f131dc8d30ab0dff15446e9d346d9dbd95992de0fef795073f5ea83a81c?s=96&d=mm&r=g","contentUrl":"https:\/\/secure.gravatar.com\/avatar\/b6992f131dc8d30ab0dff15446e9d346d9dbd95992de0fef795073f5ea83a81c?s=96&d=mm&r=g","caption":"La Gu\u00eda de Pamplona"}}]}},"post_mailing_queue_ids":[],"_links":{"self":[{"href":"https:\/\/www.laguiadepamplona.com\/actualidad\/wp-json\/wp\/v2\/posts\/54991","targetHints":{"allow":["GET"]}}],"collection":[{"href":"https:\/\/www.laguiadepamplona.com\/actualidad\/wp-json\/wp\/v2\/posts"}],"about":[{"href":"https:\/\/www.laguiadepamplona.com\/actualidad\/wp-json\/wp\/v2\/types\/post"}],"author":[{"embeddable":true,"href":"https:\/\/www.laguiadepamplona.com\/actualidad\/wp-json\/wp\/v2\/users\/1"}],"replies":[{"embeddable":true,"href":"https:\/\/www.laguiadepamplona.com\/actualidad\/wp-json\/wp\/v2\/comments?post=54991"}],"version-history":[{"count":1,"href":"https:\/\/www.laguiadepamplona.com\/actualidad\/wp-json\/wp\/v2\/posts\/54991\/revisions"}],"predecessor-version":[{"id":54992,"href":"https:\/\/www.laguiadepamplona.com\/actualidad\/wp-json\/wp\/v2\/posts\/54991\/revisions\/54992"}],"wp:featuredmedia":[{"embeddable":true,"href":"https:\/\/www.laguiadepamplona.com\/actualidad\/wp-json\/wp\/v2\/media\/53777"}],"wp:attachment":[{"href":"https:\/\/www.laguiadepamplona.com\/actualidad\/wp-json\/wp\/v2\/media?parent=54991"}],"wp:term":[{"taxonomy":"category","embeddable":true,"href":"https:\/\/www.laguiadepamplona.com\/actualidad\/wp-json\/wp\/v2\/categories?post=54991"},{"taxonomy":"post_tag","embeddable":true,"href":"https:\/\/www.laguiadepamplona.com\/actualidad\/wp-json\/wp\/v2\/tags?post=54991"}],"curies":[{"name":"wp","href":"https:\/\/api.w.org\/{rel}","templated":true}]}}