{"id":54988,"date":"2026-04-29T13:16:06","date_gmt":"2026-04-29T11:16:06","guid":{"rendered":"https:\/\/www.laguiadepamplona.com\/actualidad\/?p=54988"},"modified":"2026-04-29T13:16:06","modified_gmt":"2026-04-29T11:16:06","slug":"el-monumento-a-los-caidos-abre-sus-puertas-a-la-ciudadania-durante-once-dias","status":"publish","type":"post","link":"https:\/\/www.laguiadepamplona.com\/actualidad\/el-monumento-a-los-caidos-abre-sus-puertas-a-la-ciudadania-durante-once-dias\/","title":{"rendered":"El Monumento a los Ca\u00eddos abre sus puertas a la ciudadan\u00eda durante once d\u00edas"},"content":{"rendered":"<h2>La Comisi\u00f3n de Urbanismo realiza una visita para recorrer el interior, la c\u00fapula y explorar la cubierta-mirador<\/h2>\n<p><!--more--><\/p>\n<p>Este mismo mi\u00e9rcoles, comienzan las visitas guiadas gratuitas al Monumento a los Ca\u00eddos. Unas visitas que se prolongar\u00e1n durante once d\u00edas y cuyas plazas, 550, se agotaron en apenas unas horas. La Comisi\u00f3n y la Gerencia de Urbanismo del Ayuntamiento de Pamplona ha replicado esta ma\u00f1ana la que ser\u00e1 la visita tipo, que mostrar\u00e1 a la ciudadan\u00eda el interior del edificio y sus espacios m\u00e1s rese\u00f1ables, adem\u00e1s de mostrar un v\u00eddeo documental sobre el espacio.<\/p>\n<p>El Ayuntamiento de Pamplona ha organizado estas visitas dentro del proceso de transformaci\u00f3n de este entorno, cuyo reflejo principal es el concurso internacional de arquitectura para convertir el edificio en un museo memorial. A este certamen se han presentado 21 propuestas y ahora un jurado seleccionar\u00e1 un m\u00e1ximo de cinco, que se expondr\u00e1n a la ciudadan\u00eda, para que pueda realizar aportaciones y sugerencias. Con todo ello, se elaborar\u00e1n las bases de un procedimiento negociado entre las propuestas seleccionadas para adjudicar la redacci\u00f3n del proyecto de ejecuci\u00f3n, que afectar\u00e1 no s\u00f3lo al edificio sino tambi\u00e9n al entorno, haci\u00e9ndolo m\u00e1s permeable y mejorando el tr\u00e1nsito entre el Ensanche y el barrio de Lezkairu.<\/p>\n<p>Antes de esa selecci\u00f3n, el Consistorio ha abierto las puertas del Monumento a los Ca\u00eddos al conjunto de la ciudadan\u00eda, a fin de que conozcan el espacio. Las visitas, que arrancan este mismo mi\u00e9rcoles por la tarde, se prolongar\u00e1n hasta el 10 de mayo, a raz\u00f3n de dos visitas diarias, cada una de ellas, salvo el 1 de mayo, con un m\u00e1ximo de 25 participantes por visita. Adem\u00e1s de visitar la planta baja del edificio, se acceder\u00e1 a la c\u00fapula y al mirador situado en la cubierta, desde el que se tiene una vista panor\u00e1mica de la avenida de Carlos III hasta su confluencia con la Plaza del Castillo.<\/p>\n<p>El edificio que alberga el Monumentos a los Ca\u00eddos se reabrir\u00e1 a la ciudadan\u00eda para la exposici\u00f3n de los trabajos finalistas del concurso internacional de proyectos.<\/p>\n<p>El inmueble, dise\u00f1ado por Jos\u00e9 Y\u00e1rnoz y Victor Eusa, se levant\u00f3 en 1952 como homenaje a los muertos en Navarra del bando franquita durante la Guerra Civil. En 1961 se enterraron en la cripta del edificio los cuerpos los generales franquistas Mola y Sanjurjo, que fueron exhumados en 2016, como paso previo al proceso de resignificaci\u00f3n que inici\u00f3 el Ayuntamiento de Pamplona en 2018. Ahora, se ha vuelto a retomar la iniciativa, con el concurso internacional de arquitectura, cuyos proyectos seleccionados se dar\u00e1n a conocer en breve.<\/p>\n","protected":false},"excerpt":{"rendered":"<p>La Comisi\u00f3n de Urbanismo realiza una visita para recorrer el interior, la c\u00fapula y explorar la cubierta-mirador<\/p>\n","protected":false},"author":1,"featured_media":54989,"comment_status":"open","ping_status":"closed","sticky":false,"template":"","format":"standard","meta":{"footnotes":""},"categories":[2],"tags":[],"class_list":["post-54988","post","type-post","status-publish","format-standard","has-post-thumbnail","hentry","category-ayuntamiento-pamplona"],"yoast_head":"<!-- This site is optimized with the Yoast SEO plugin v27.3 - https:\/\/yoast.com\/product\/yoast-seo-wordpress\/ -->\n<title>El Monumento a los Ca\u00eddos abre sus puertas a la ciudadan\u00eda durante once d\u00edas<\/title>\n<meta name=\"description\" content=\"La Comisi\u00f3n de Urbanismo realiza una visita para recorrer el interior, la c\u00fapula y explorar la cubierta-mirador\" \/>\n<meta name=\"robots\" content=\"index, follow, max-snippet:-1, max-image-preview:large, max-video-preview:-1\" \/>\n<link rel=\"canonical\" href=\"https:\/\/www.laguiadepamplona.com\/actualidad\/el-monumento-a-los-caidos-abre-sus-puertas-a-la-ciudadania-durante-once-dias\/\" \/>\n<meta property=\"og:locale\" content=\"es_ES\" \/>\n<meta property=\"og:type\" content=\"article\" \/>\n<meta property=\"og:title\" content=\"El Monumento a los Ca\u00eddos abre sus puertas a la ciudadan\u00eda durante once d\u00edas\" \/>\n<meta property=\"og:description\" content=\"La Comisi\u00f3n de Urbanismo realiza una visita para recorrer el interior, la c\u00fapula y explorar la cubierta-mirador\" \/>\n<meta property=\"og:url\" content=\"https:\/\/www.laguiadepamplona.com\/actualidad\/el-monumento-a-los-caidos-abre-sus-puertas-a-la-ciudadania-durante-once-dias\/\" \/>\n<meta property=\"og:site_name\" content=\"La Gu\u00eda de Pamplona\" \/>\n<meta property=\"article:publisher\" content=\"https:\/\/www.facebook.com\/laguiadepamplonacom-133175176762273\/?ref=hl\" \/>\n<meta property=\"article:published_time\" content=\"2026-04-29T11:16:06+00:00\" \/>\n<meta property=\"og:image\" content=\"https:\/\/www.laguiadepamplona.com\/actualidad\/wp-content\/uploads\/2026\/04\/COMISION-URBANISMO-VISITA-GUIADA-LOS-CAIDOS.webp\" \/>\n\t<meta property=\"og:image:width\" content=\"1000\" \/>\n\t<meta property=\"og:image:height\" content=\"667\" \/>\n\t<meta property=\"og:image:type\" content=\"image\/webp\" \/>\n<meta name=\"author\" content=\"La Gu\u00eda de Pamplona\" \/>\n<meta name=\"twitter:card\" content=\"summary_large_image\" \/>\n<meta name=\"twitter:creator\" content=\"@LaGuiadPamplona\" \/>\n<meta name=\"twitter:site\" content=\"@LaGuiadPamplona\" \/>\n<meta name=\"twitter:label1\" content=\"Escrito por\" \/>\n\t<meta name=\"twitter:data1\" content=\"La Gu\u00eda de Pamplona\" \/>\n\t<meta name=\"twitter:label2\" content=\"Tiempo de lectura\" \/>\n\t<meta name=\"twitter:data2\" content=\"2 minutos\" \/>\n<script type=\"application\/ld+json\" class=\"yoast-schema-graph\">{\"@context\":\"https:\\\/\\\/schema.org\",\"@graph\":[{\"@type\":\"Article\",\"@id\":\"https:\\\/\\\/www.laguiadepamplona.com\\\/actualidad\\\/el-monumento-a-los-caidos-abre-sus-puertas-a-la-ciudadania-durante-once-dias\\\/#article\",\"isPartOf\":{\"@id\":\"https:\\\/\\\/www.laguiadepamplona.com\\\/actualidad\\\/el-monumento-a-los-caidos-abre-sus-puertas-a-la-ciudadania-durante-once-dias\\\/\"},\"author\":{\"name\":\"La Gu\u00eda de Pamplona\",\"@id\":\"https:\\\/\\\/www.laguiadepamplona.com\\\/actualidad\\\/#\\\/schema\\\/person\\\/efe887376f0213d4657c93adc50b1fdb\"},\"headline\":\"El Monumento a los Ca\u00eddos abre sus puertas a la ciudadan\u00eda durante once d\u00edas\",\"datePublished\":\"2026-04-29T11:16:06+00:00\",\"mainEntityOfPage\":{\"@id\":\"https:\\\/\\\/www.laguiadepamplona.com\\\/actualidad\\\/el-monumento-a-los-caidos-abre-sus-puertas-a-la-ciudadania-durante-once-dias\\\/\"},\"wordCount\":475,\"commentCount\":0,\"publisher\":{\"@id\":\"https:\\\/\\\/www.laguiadepamplona.com\\\/actualidad\\\/#organization\"},\"image\":{\"@id\":\"https:\\\/\\\/www.laguiadepamplona.com\\\/actualidad\\\/el-monumento-a-los-caidos-abre-sus-puertas-a-la-ciudadania-durante-once-dias\\\/#primaryimage\"},\"thumbnailUrl\":\"https:\\\/\\\/www.laguiadepamplona.com\\\/actualidad\\\/wp-content\\\/uploads\\\/2026\\\/04\\\/COMISION-URBANISMO-VISITA-GUIADA-LOS-CAIDOS.webp\",\"articleSection\":[\"Ayto Pamplona\"],\"inLanguage\":\"es\",\"potentialAction\":[{\"@type\":\"CommentAction\",\"name\":\"Comment\",\"target\":[\"https:\\\/\\\/www.laguiadepamplona.com\\\/actualidad\\\/el-monumento-a-los-caidos-abre-sus-puertas-a-la-ciudadania-durante-once-dias\\\/#respond\"]}]},{\"@type\":\"WebPage\",\"@id\":\"https:\\\/\\\/www.laguiadepamplona.com\\\/actualidad\\\/el-monumento-a-los-caidos-abre-sus-puertas-a-la-ciudadania-durante-once-dias\\\/\",\"url\":\"https:\\\/\\\/www.laguiadepamplona.com\\\/actualidad\\\/el-monumento-a-los-caidos-abre-sus-puertas-a-la-ciudadania-durante-once-dias\\\/\",\"name\":\"El Monumento a los Ca\u00eddos abre sus puertas a la ciudadan\u00eda durante once d\u00edas\",\"isPartOf\":{\"@id\":\"https:\\\/\\\/www.laguiadepamplona.com\\\/actualidad\\\/#website\"},\"primaryImageOfPage\":{\"@id\":\"https:\\\/\\\/www.laguiadepamplona.com\\\/actualidad\\\/el-monumento-a-los-caidos-abre-sus-puertas-a-la-ciudadania-durante-once-dias\\\/#primaryimage\"},\"image\":{\"@id\":\"https:\\\/\\\/www.laguiadepamplona.com\\\/actualidad\\\/el-monumento-a-los-caidos-abre-sus-puertas-a-la-ciudadania-durante-once-dias\\\/#primaryimage\"},\"thumbnailUrl\":\"https:\\\/\\\/www.laguiadepamplona.com\\\/actualidad\\\/wp-content\\\/uploads\\\/2026\\\/04\\\/COMISION-URBANISMO-VISITA-GUIADA-LOS-CAIDOS.webp\",\"datePublished\":\"2026-04-29T11:16:06+00:00\",\"description\":\"La Comisi\u00f3n de Urbanismo realiza una visita para recorrer el interior, la c\u00fapula y explorar la cubierta-mirador\",\"breadcrumb\":{\"@id\":\"https:\\\/\\\/www.laguiadepamplona.com\\\/actualidad\\\/el-monumento-a-los-caidos-abre-sus-puertas-a-la-ciudadania-durante-once-dias\\\/#breadcrumb\"},\"inLanguage\":\"es\",\"potentialAction\":[{\"@type\":\"ReadAction\",\"target\":[\"https:\\\/\\\/www.laguiadepamplona.com\\\/actualidad\\\/el-monumento-a-los-caidos-abre-sus-puertas-a-la-ciudadania-durante-once-dias\\\/\"]}]},{\"@type\":\"ImageObject\",\"inLanguage\":\"es\",\"@id\":\"https:\\\/\\\/www.laguiadepamplona.com\\\/actualidad\\\/el-monumento-a-los-caidos-abre-sus-puertas-a-la-ciudadania-durante-once-dias\\\/#primaryimage\",\"url\":\"https:\\\/\\\/www.laguiadepamplona.com\\\/actualidad\\\/wp-content\\\/uploads\\\/2026\\\/04\\\/COMISION-URBANISMO-VISITA-GUIADA-LOS-CAIDOS.webp\",\"contentUrl\":\"https:\\\/\\\/www.laguiadepamplona.com\\\/actualidad\\\/wp-content\\\/uploads\\\/2026\\\/04\\\/COMISION-URBANISMO-VISITA-GUIADA-LOS-CAIDOS.webp\",\"width\":1000,\"height\":667,\"caption\":\"COMISI\u00d3N URBANISMO VISITA GUIADA LOS CA\u00cdDOS\"},{\"@type\":\"BreadcrumbList\",\"@id\":\"https:\\\/\\\/www.laguiadepamplona.com\\\/actualidad\\\/el-monumento-a-los-caidos-abre-sus-puertas-a-la-ciudadania-durante-once-dias\\\/#breadcrumb\",\"itemListElement\":[{\"@type\":\"ListItem\",\"position\":1,\"name\":\"Portada\",\"item\":\"https:\\\/\\\/www.laguiadepamplona.com\\\/actualidad\\\/\"},{\"@type\":\"ListItem\",\"position\":2,\"name\":\"El Monumento a los Ca\u00eddos abre sus puertas a la ciudadan\u00eda durante once d\u00edas\"}]},{\"@type\":\"WebSite\",\"@id\":\"https:\\\/\\\/www.laguiadepamplona.com\\\/actualidad\\\/#website\",\"url\":\"https:\\\/\\\/www.laguiadepamplona.com\\\/actualidad\\\/\",\"name\":\"La gu\u00eda de Pamplona\",\"description\":\"Noticias de Pamplona\",\"publisher\":{\"@id\":\"https:\\\/\\\/www.laguiadepamplona.com\\\/actualidad\\\/#organization\"},\"potentialAction\":[{\"@type\":\"SearchAction\",\"target\":{\"@type\":\"EntryPoint\",\"urlTemplate\":\"https:\\\/\\\/www.laguiadepamplona.com\\\/actualidad\\\/?s={search_term_string}\"},\"query-input\":{\"@type\":\"PropertyValueSpecification\",\"valueRequired\":true,\"valueName\":\"search_term_string\"}}],\"inLanguage\":\"es\"},{\"@type\":\"Organization\",\"@id\":\"https:\\\/\\\/www.laguiadepamplona.com\\\/actualidad\\\/#organization\",\"name\":\"La Gu\u00eda de Pamplona \\\/ Noticias\",\"url\":\"https:\\\/\\\/www.laguiadepamplona.com\\\/actualidad\\\/\",\"logo\":{\"@type\":\"ImageObject\",\"inLanguage\":\"es\",\"@id\":\"https:\\\/\\\/www.laguiadepamplona.com\\\/actualidad\\\/#\\\/schema\\\/logo\\\/image\\\/\",\"url\":\"https:\\\/\\\/www.laguiadepamplona.com\\\/actualidad\\\/wp-content\\\/uploads\\\/2018\\\/11\\\/logo-laguiadepamplona18-web1.png\",\"contentUrl\":\"https:\\\/\\\/www.laguiadepamplona.com\\\/actualidad\\\/wp-content\\\/uploads\\\/2018\\\/11\\\/logo-laguiadepamplona18-web1.png\",\"width\":600,\"height\":196,\"caption\":\"La Gu\u00eda de Pamplona \\\/ Noticias\"},\"image\":{\"@id\":\"https:\\\/\\\/www.laguiadepamplona.com\\\/actualidad\\\/#\\\/schema\\\/logo\\\/image\\\/\"},\"sameAs\":[\"https:\\\/\\\/www.facebook.com\\\/laguiadepamplonacom-133175176762273\\\/?ref=hl\",\"https:\\\/\\\/x.com\\\/LaGuiadPamplona\",\"https:\\\/\\\/www.instagram.com\\\/la_guia_de_pamplona\\\/\",\"https:\\\/\\\/www.youtube.com\\\/user\\\/laguiadepamplona\"]},{\"@type\":\"Person\",\"@id\":\"https:\\\/\\\/www.laguiadepamplona.com\\\/actualidad\\\/#\\\/schema\\\/person\\\/efe887376f0213d4657c93adc50b1fdb\",\"name\":\"La Gu\u00eda de Pamplona\",\"image\":{\"@type\":\"ImageObject\",\"inLanguage\":\"es\",\"@id\":\"https:\\\/\\\/secure.gravatar.com\\\/avatar\\\/b6992f131dc8d30ab0dff15446e9d346d9dbd95992de0fef795073f5ea83a81c?s=96&d=mm&r=g\",\"url\":\"https:\\\/\\\/secure.gravatar.com\\\/avatar\\\/b6992f131dc8d30ab0dff15446e9d346d9dbd95992de0fef795073f5ea83a81c?s=96&d=mm&r=g\",\"contentUrl\":\"https:\\\/\\\/secure.gravatar.com\\\/avatar\\\/b6992f131dc8d30ab0dff15446e9d346d9dbd95992de0fef795073f5ea83a81c?s=96&d=mm&r=g\",\"caption\":\"La Gu\u00eda de Pamplona\"}}]}<\/script>\n<!-- \/ Yoast SEO plugin. -->","yoast_head_json":{"title":"El Monumento a los Ca\u00eddos abre sus puertas a la ciudadan\u00eda durante once d\u00edas","description":"La Comisi\u00f3n de Urbanismo realiza una visita para recorrer el interior, la c\u00fapula y explorar la cubierta-mirador","robots":{"index":"index","follow":"follow","max-snippet":"max-snippet:-1","max-image-preview":"max-image-preview:large","max-video-preview":"max-video-preview:-1"},"canonical":"https:\/\/www.laguiadepamplona.com\/actualidad\/el-monumento-a-los-caidos-abre-sus-puertas-a-la-ciudadania-durante-once-dias\/","og_locale":"es_ES","og_type":"article","og_title":"El Monumento a los Ca\u00eddos abre sus puertas a la ciudadan\u00eda durante once d\u00edas","og_description":"La Comisi\u00f3n de Urbanismo realiza una visita para recorrer el interior, la c\u00fapula y explorar la cubierta-mirador","og_url":"https:\/\/www.laguiadepamplona.com\/actualidad\/el-monumento-a-los-caidos-abre-sus-puertas-a-la-ciudadania-durante-once-dias\/","og_site_name":"La Gu\u00eda de Pamplona","article_publisher":"https:\/\/www.facebook.com\/laguiadepamplonacom-133175176762273\/?ref=hl","article_published_time":"2026-04-29T11:16:06+00:00","og_image":[{"width":1000,"height":667,"url":"https:\/\/www.laguiadepamplona.com\/actualidad\/wp-content\/uploads\/2026\/04\/COMISION-URBANISMO-VISITA-GUIADA-LOS-CAIDOS.webp","type":"image\/webp"}],"author":"La Gu\u00eda de Pamplona","twitter_card":"summary_large_image","twitter_creator":"@LaGuiadPamplona","twitter_site":"@LaGuiadPamplona","twitter_misc":{"Escrito por":"La Gu\u00eda de Pamplona","Tiempo de lectura":"2 minutos"},"schema":{"@context":"https:\/\/schema.org","@graph":[{"@type":"Article","@id":"https:\/\/www.laguiadepamplona.com\/actualidad\/el-monumento-a-los-caidos-abre-sus-puertas-a-la-ciudadania-durante-once-dias\/#article","isPartOf":{"@id":"https:\/\/www.laguiadepamplona.com\/actualidad\/el-monumento-a-los-caidos-abre-sus-puertas-a-la-ciudadania-durante-once-dias\/"},"author":{"name":"La Gu\u00eda de Pamplona","@id":"https:\/\/www.laguiadepamplona.com\/actualidad\/#\/schema\/person\/efe887376f0213d4657c93adc50b1fdb"},"headline":"El Monumento a los Ca\u00eddos abre sus puertas a la ciudadan\u00eda durante once d\u00edas","datePublished":"2026-04-29T11:16:06+00:00","mainEntityOfPage":{"@id":"https:\/\/www.laguiadepamplona.com\/actualidad\/el-monumento-a-los-caidos-abre-sus-puertas-a-la-ciudadania-durante-once-dias\/"},"wordCount":475,"commentCount":0,"publisher":{"@id":"https:\/\/www.laguiadepamplona.com\/actualidad\/#organization"},"image":{"@id":"https:\/\/www.laguiadepamplona.com\/actualidad\/el-monumento-a-los-caidos-abre-sus-puertas-a-la-ciudadania-durante-once-dias\/#primaryimage"},"thumbnailUrl":"https:\/\/www.laguiadepamplona.com\/actualidad\/wp-content\/uploads\/2026\/04\/COMISION-URBANISMO-VISITA-GUIADA-LOS-CAIDOS.webp","articleSection":["Ayto Pamplona"],"inLanguage":"es","potentialAction":[{"@type":"CommentAction","name":"Comment","target":["https:\/\/www.laguiadepamplona.com\/actualidad\/el-monumento-a-los-caidos-abre-sus-puertas-a-la-ciudadania-durante-once-dias\/#respond"]}]},{"@type":"WebPage","@id":"https:\/\/www.laguiadepamplona.com\/actualidad\/el-monumento-a-los-caidos-abre-sus-puertas-a-la-ciudadania-durante-once-dias\/","url":"https:\/\/www.laguiadepamplona.com\/actualidad\/el-monumento-a-los-caidos-abre-sus-puertas-a-la-ciudadania-durante-once-dias\/","name":"El Monumento a los Ca\u00eddos abre sus puertas a la ciudadan\u00eda durante once d\u00edas","isPartOf":{"@id":"https:\/\/www.laguiadepamplona.com\/actualidad\/#website"},"primaryImageOfPage":{"@id":"https:\/\/www.laguiadepamplona.com\/actualidad\/el-monumento-a-los-caidos-abre-sus-puertas-a-la-ciudadania-durante-once-dias\/#primaryimage"},"image":{"@id":"https:\/\/www.laguiadepamplona.com\/actualidad\/el-monumento-a-los-caidos-abre-sus-puertas-a-la-ciudadania-durante-once-dias\/#primaryimage"},"thumbnailUrl":"https:\/\/www.laguiadepamplona.com\/actualidad\/wp-content\/uploads\/2026\/04\/COMISION-URBANISMO-VISITA-GUIADA-LOS-CAIDOS.webp","datePublished":"2026-04-29T11:16:06+00:00","description":"La Comisi\u00f3n de Urbanismo realiza una visita para recorrer el interior, la c\u00fapula y explorar la cubierta-mirador","breadcrumb":{"@id":"https:\/\/www.laguiadepamplona.com\/actualidad\/el-monumento-a-los-caidos-abre-sus-puertas-a-la-ciudadania-durante-once-dias\/#breadcrumb"},"inLanguage":"es","potentialAction":[{"@type":"ReadAction","target":["https:\/\/www.laguiadepamplona.com\/actualidad\/el-monumento-a-los-caidos-abre-sus-puertas-a-la-ciudadania-durante-once-dias\/"]}]},{"@type":"ImageObject","inLanguage":"es","@id":"https:\/\/www.laguiadepamplona.com\/actualidad\/el-monumento-a-los-caidos-abre-sus-puertas-a-la-ciudadania-durante-once-dias\/#primaryimage","url":"https:\/\/www.laguiadepamplona.com\/actualidad\/wp-content\/uploads\/2026\/04\/COMISION-URBANISMO-VISITA-GUIADA-LOS-CAIDOS.webp","contentUrl":"https:\/\/www.laguiadepamplona.com\/actualidad\/wp-content\/uploads\/2026\/04\/COMISION-URBANISMO-VISITA-GUIADA-LOS-CAIDOS.webp","width":1000,"height":667,"caption":"COMISI\u00d3N URBANISMO VISITA GUIADA LOS CA\u00cdDOS"},{"@type":"BreadcrumbList","@id":"https:\/\/www.laguiadepamplona.com\/actualidad\/el-monumento-a-los-caidos-abre-sus-puertas-a-la-ciudadania-durante-once-dias\/#breadcrumb","itemListElement":[{"@type":"ListItem","position":1,"name":"Portada","item":"https:\/\/www.laguiadepamplona.com\/actualidad\/"},{"@type":"ListItem","position":2,"name":"El Monumento a los Ca\u00eddos abre sus puertas a la ciudadan\u00eda durante once d\u00edas"}]},{"@type":"WebSite","@id":"https:\/\/www.laguiadepamplona.com\/actualidad\/#website","url":"https:\/\/www.laguiadepamplona.com\/actualidad\/","name":"La gu\u00eda de Pamplona","description":"Noticias de Pamplona","publisher":{"@id":"https:\/\/www.laguiadepamplona.com\/actualidad\/#organization"},"potentialAction":[{"@type":"SearchAction","target":{"@type":"EntryPoint","urlTemplate":"https:\/\/www.laguiadepamplona.com\/actualidad\/?s={search_term_string}"},"query-input":{"@type":"PropertyValueSpecification","valueRequired":true,"valueName":"search_term_string"}}],"inLanguage":"es"},{"@type":"Organization","@id":"https:\/\/www.laguiadepamplona.com\/actualidad\/#organization","name":"La Gu\u00eda de Pamplona \/ Noticias","url":"https:\/\/www.laguiadepamplona.com\/actualidad\/","logo":{"@type":"ImageObject","inLanguage":"es","@id":"https:\/\/www.laguiadepamplona.com\/actualidad\/#\/schema\/logo\/image\/","url":"https:\/\/www.laguiadepamplona.com\/actualidad\/wp-content\/uploads\/2018\/11\/logo-laguiadepamplona18-web1.png","contentUrl":"https:\/\/www.laguiadepamplona.com\/actualidad\/wp-content\/uploads\/2018\/11\/logo-laguiadepamplona18-web1.png","width":600,"height":196,"caption":"La Gu\u00eda de Pamplona \/ Noticias"},"image":{"@id":"https:\/\/www.laguiadepamplona.com\/actualidad\/#\/schema\/logo\/image\/"},"sameAs":["https:\/\/www.facebook.com\/laguiadepamplonacom-133175176762273\/?ref=hl","https:\/\/x.com\/LaGuiadPamplona","https:\/\/www.instagram.com\/la_guia_de_pamplona\/","https:\/\/www.youtube.com\/user\/laguiadepamplona"]},{"@type":"Person","@id":"https:\/\/www.laguiadepamplona.com\/actualidad\/#\/schema\/person\/efe887376f0213d4657c93adc50b1fdb","name":"La Gu\u00eda de Pamplona","image":{"@type":"ImageObject","inLanguage":"es","@id":"https:\/\/secure.gravatar.com\/avatar\/b6992f131dc8d30ab0dff15446e9d346d9dbd95992de0fef795073f5ea83a81c?s=96&d=mm&r=g","url":"https:\/\/secure.gravatar.com\/avatar\/b6992f131dc8d30ab0dff15446e9d346d9dbd95992de0fef795073f5ea83a81c?s=96&d=mm&r=g","contentUrl":"https:\/\/secure.gravatar.com\/avatar\/b6992f131dc8d30ab0dff15446e9d346d9dbd95992de0fef795073f5ea83a81c?s=96&d=mm&r=g","caption":"La Gu\u00eda de Pamplona"}}]}},"post_mailing_queue_ids":[],"_links":{"self":[{"href":"https:\/\/www.laguiadepamplona.com\/actualidad\/wp-json\/wp\/v2\/posts\/54988","targetHints":{"allow":["GET"]}}],"collection":[{"href":"https:\/\/www.laguiadepamplona.com\/actualidad\/wp-json\/wp\/v2\/posts"}],"about":[{"href":"https:\/\/www.laguiadepamplona.com\/actualidad\/wp-json\/wp\/v2\/types\/post"}],"author":[{"embeddable":true,"href":"https:\/\/www.laguiadepamplona.com\/actualidad\/wp-json\/wp\/v2\/users\/1"}],"replies":[{"embeddable":true,"href":"https:\/\/www.laguiadepamplona.com\/actualidad\/wp-json\/wp\/v2\/comments?post=54988"}],"version-history":[{"count":1,"href":"https:\/\/www.laguiadepamplona.com\/actualidad\/wp-json\/wp\/v2\/posts\/54988\/revisions"}],"predecessor-version":[{"id":54990,"href":"https:\/\/www.laguiadepamplona.com\/actualidad\/wp-json\/wp\/v2\/posts\/54988\/revisions\/54990"}],"wp:featuredmedia":[{"embeddable":true,"href":"https:\/\/www.laguiadepamplona.com\/actualidad\/wp-json\/wp\/v2\/media\/54989"}],"wp:attachment":[{"href":"https:\/\/www.laguiadepamplona.com\/actualidad\/wp-json\/wp\/v2\/media?parent=54988"}],"wp:term":[{"taxonomy":"category","embeddable":true,"href":"https:\/\/www.laguiadepamplona.com\/actualidad\/wp-json\/wp\/v2\/categories?post=54988"},{"taxonomy":"post_tag","embeddable":true,"href":"https:\/\/www.laguiadepamplona.com\/actualidad\/wp-json\/wp\/v2\/tags?post=54988"}],"curies":[{"name":"wp","href":"https:\/\/api.w.org\/{rel}","templated":true}]}}