{"id":54973,"date":"2026-04-27T17:10:21","date_gmt":"2026-04-27T15:10:21","guid":{"rendered":"https:\/\/www.laguiadepamplona.com\/actualidad\/?p=54973"},"modified":"2026-04-27T17:10:21","modified_gmt":"2026-04-27T15:10:21","slug":"el-ayuntamiento-de-pamplona-definira-para-finales-de-ano-las-lineas-estrategicas-del-area-de-cultura-y-ordenara-la-oferta-cultural-de-la-ciudad","status":"publish","type":"post","link":"https:\/\/www.laguiadepamplona.com\/actualidad\/el-ayuntamiento-de-pamplona-definira-para-finales-de-ano-las-lineas-estrategicas-del-area-de-cultura-y-ordenara-la-oferta-cultural-de-la-ciudad\/","title":{"rendered":"El Ayuntamiento de Pamplona definir\u00e1 para finales de a\u00f1o las l\u00edneas estrat\u00e9gicas del \u00e1rea de Cultura y ordenar\u00e1 la oferta cultural de la ciudad"},"content":{"rendered":"<h2>El documento que surja buscar\u00e1 alinear los objetivos de Pamplona con los planes forales y estatales y lograr consensos en materia cultural<\/h2>\n<p><!--more--><\/p>\n<p>El Ayuntamiento de Pamplona est\u00e1 elaborando, a lo largo de este a\u00f1o, un Marco Estrat\u00e9gico de Cultura, en el que definir\u00e1 las l\u00edneas estrat\u00e9gicas que deben marcar la actividad de esta \u00e1rea municipal y reordenar\u00e1 la oferta cultural de la ciudad. El documento, sobre el que ya se est\u00e1 trabajando, estar\u00e1 listo para finales de a\u00f1o. El objetivo es que la actividad cultural municipal se alinee con el Plan Estrat\u00e9gico de la Cultura de Navarra (PECN) y con el Plan de Derechos Culturales del Ministerio de Cultural, a fin de ir de la mano en la organizaci\u00f3n y fomento de actividades culturales.<\/p>\n<p>Para ello, el Consistorio ha adjudicado la elaboraci\u00f3n del marco estrat\u00e9gico de la cultura en Pamplona a la empresa Una M\u00e1s Una, por un importe de 17.545 euros, para determinar qu\u00e9 se hace y qu\u00e9 necesidades hay dentro del \u00e1mbito cultural municipal. La adjudicataria se encargar\u00e1 no solo de ordenar la pol\u00edtica cultural del Ayuntamiento sino tambi\u00e9n de facilitar acuerdos amplios y sostenibles en el tiempo en la materia. La ejecuci\u00f3n de este encargo se llevar\u00e1 a cabo en distintas fases.<\/p>\n<p>En un primer momento, que se desarrollar\u00e1 durante los pr\u00f3ximos dos meses, se proceder\u00e1 a la recopilaci\u00f3n de informaci\u00f3n sobre los distintos eventos culturales, citas, programas, exposiciones y acciones que organiza y desarrolla el Ayuntamiento de Pamplona en materia cultural. En una segunda fase, se llevar\u00e1 a cabo un contrate de esa informaci\u00f3n con personal t\u00e9cnico, para determinar los objetivos, prioridades y herramientas que se usan en cada caso. En un momento posterior, con toda esa informaci\u00f3n ya disponible, se entablar\u00e1n contactos con los agentes culturales de la ciudad y de Navarra. En esos encuentros, se buscar\u00e1 obtener informaci\u00f3n sobre los intereses y necesidades del sector, y recopilar su opini\u00f3n sobre el papel del Ayuntamiento en la promoci\u00f3n cultural.<\/p>\n<p>A trav\u00e9s de la metodolog\u00eda de an\u00e1lisis, contraste y devoluci\u00f3n, la empresa adjudicataria analizar\u00e1 la coherencia de las propuestas municipales con el Plan Estrat\u00e9gico de la Cultura en Navarra y con el resto de normativa y planes estatales e internacionales. Tambi\u00e9n buscar\u00e1 sinergias entre las \u00e1reas municipales para dar respuesta a la naturaleza transversal de los derechos culturales.<\/p>\n<p><strong>Hacia un Pacto por la Cultura<\/strong><\/p>\n<p>Una vez contratados todos esos datos, se har\u00e1 part\u00edcipes tambi\u00e9n a los grupos pol\u00edticos del Ayuntamiento sobre los trabajos realizados y el establecimiento de esas l\u00edneas estrat\u00e9gicas. En este sentido, se buscar\u00e1 aunar los intereses de los grupos municipales en aras de lograr un Pacto por la Cultura, con visos de permanencia, capaz de marcar la senda de los pr\u00f3ximos a\u00f1os.<\/p>\n<p>El objetivo es que, entre noviembre y diciembre, la empresa adjudicataria disponga ya de ese Marco Estrat\u00e9gico de la Cultura Local de Pamplona, que marcar\u00e1 las l\u00edneas de actuaci\u00f3n del Consistorio en los pr\u00f3ximos a\u00f1os en el \u00e1mbito cultural.<\/p>\n<p>Una M\u00e1s Una es una empresa de gesti\u00f3n y producci\u00f3n cultural que ofrece servicios de consultor\u00eda, an\u00e1lisis y estudios para apoyar el desarrollo de pol\u00edticas culturales, planes estrat\u00e9gicos y museol\u00f3gicos. Esta firma est\u00e1 detr\u00e1s del Plan de Derechos Culturales del Ministerio de Cultura y de la Estrategia de Cultura y Desarrollo del Ministerio de Asuntos Exteriores y de Cooperaci\u00f3n.<\/p>\n","protected":false},"excerpt":{"rendered":"<p>El documento que surja buscar\u00e1 alinear los objetivos de Pamplona con los planes forales y estatales y lograr consensos en materia cultural<\/p>\n","protected":false},"author":1,"featured_media":54974,"comment_status":"open","ping_status":"closed","sticky":false,"template":"","format":"standard","meta":{"footnotes":""},"categories":[2],"tags":[],"class_list":["post-54973","post","type-post","status-publish","format-standard","has-post-thumbnail","hentry","category-ayuntamiento-pamplona"],"yoast_head":"<!-- This site is optimized with the Yoast SEO plugin v27.3 - https:\/\/yoast.com\/product\/yoast-seo-wordpress\/ -->\n<title>El Ayuntamiento de Pamplona definir\u00e1 para finales de a\u00f1o las l\u00edneas estrat\u00e9gicas del \u00e1rea de Cultura y ordenar\u00e1 la oferta cultural de la ciudad<\/title>\n<meta name=\"description\" content=\"El documento que surja buscar\u00e1 alinear los objetivos de Pamplona con los planes forales y estatales y lograr consensos en materia cultural\" \/>\n<meta name=\"robots\" content=\"index, follow, max-snippet:-1, max-image-preview:large, max-video-preview:-1\" \/>\n<link rel=\"canonical\" href=\"https:\/\/www.laguiadepamplona.com\/actualidad\/el-ayuntamiento-de-pamplona-definira-para-finales-de-ano-las-lineas-estrategicas-del-area-de-cultura-y-ordenara-la-oferta-cultural-de-la-ciudad\/\" \/>\n<meta property=\"og:locale\" content=\"es_ES\" \/>\n<meta property=\"og:type\" content=\"article\" \/>\n<meta property=\"og:title\" content=\"El Ayuntamiento de Pamplona definir\u00e1 para finales de a\u00f1o las l\u00edneas estrat\u00e9gicas del \u00e1rea de Cultura y ordenar\u00e1 la oferta cultural de la ciudad\" \/>\n<meta property=\"og:description\" content=\"El documento que surja buscar\u00e1 alinear los objetivos de Pamplona con los planes forales y estatales y lograr consensos en materia cultural\" \/>\n<meta property=\"og:url\" content=\"https:\/\/www.laguiadepamplona.com\/actualidad\/el-ayuntamiento-de-pamplona-definira-para-finales-de-ano-las-lineas-estrategicas-del-area-de-cultura-y-ordenara-la-oferta-cultural-de-la-ciudad\/\" \/>\n<meta property=\"og:site_name\" content=\"La Gu\u00eda de Pamplona\" \/>\n<meta property=\"article:publisher\" content=\"https:\/\/www.facebook.com\/laguiadepamplonacom-133175176762273\/?ref=hl\" \/>\n<meta property=\"article:published_time\" content=\"2026-04-27T15:10:21+00:00\" \/>\n<meta property=\"og:image\" content=\"https:\/\/www.laguiadepamplona.com\/actualidad\/wp-content\/uploads\/2026\/04\/Plan-estrategico-Cultura_web.webp\" \/>\n\t<meta property=\"og:image:width\" content=\"1000\" \/>\n\t<meta property=\"og:image:height\" content=\"667\" \/>\n\t<meta property=\"og:image:type\" content=\"image\/webp\" \/>\n<meta name=\"author\" content=\"La Gu\u00eda de Pamplona\" \/>\n<meta name=\"twitter:card\" content=\"summary_large_image\" \/>\n<meta name=\"twitter:creator\" content=\"@LaGuiadPamplona\" \/>\n<meta name=\"twitter:site\" content=\"@LaGuiadPamplona\" \/>\n<meta name=\"twitter:label1\" content=\"Escrito por\" \/>\n\t<meta name=\"twitter:data1\" content=\"La Gu\u00eda de Pamplona\" \/>\n\t<meta name=\"twitter:label2\" content=\"Tiempo de lectura\" \/>\n\t<meta name=\"twitter:data2\" content=\"3 minutos\" \/>\n<script type=\"application\/ld+json\" class=\"yoast-schema-graph\">{\"@context\":\"https:\\\/\\\/schema.org\",\"@graph\":[{\"@type\":\"Article\",\"@id\":\"https:\\\/\\\/www.laguiadepamplona.com\\\/actualidad\\\/el-ayuntamiento-de-pamplona-definira-para-finales-de-ano-las-lineas-estrategicas-del-area-de-cultura-y-ordenara-la-oferta-cultural-de-la-ciudad\\\/#article\",\"isPartOf\":{\"@id\":\"https:\\\/\\\/www.laguiadepamplona.com\\\/actualidad\\\/el-ayuntamiento-de-pamplona-definira-para-finales-de-ano-las-lineas-estrategicas-del-area-de-cultura-y-ordenara-la-oferta-cultural-de-la-ciudad\\\/\"},\"author\":{\"name\":\"La Gu\u00eda de Pamplona\",\"@id\":\"https:\\\/\\\/www.laguiadepamplona.com\\\/actualidad\\\/#\\\/schema\\\/person\\\/efe887376f0213d4657c93adc50b1fdb\"},\"headline\":\"El Ayuntamiento de Pamplona definir\u00e1 para finales de a\u00f1o las l\u00edneas estrat\u00e9gicas del \u00e1rea de Cultura y ordenar\u00e1 la oferta cultural de la ciudad\",\"datePublished\":\"2026-04-27T15:10:21+00:00\",\"mainEntityOfPage\":{\"@id\":\"https:\\\/\\\/www.laguiadepamplona.com\\\/actualidad\\\/el-ayuntamiento-de-pamplona-definira-para-finales-de-ano-las-lineas-estrategicas-del-area-de-cultura-y-ordenara-la-oferta-cultural-de-la-ciudad\\\/\"},\"wordCount\":624,\"commentCount\":0,\"publisher\":{\"@id\":\"https:\\\/\\\/www.laguiadepamplona.com\\\/actualidad\\\/#organization\"},\"image\":{\"@id\":\"https:\\\/\\\/www.laguiadepamplona.com\\\/actualidad\\\/el-ayuntamiento-de-pamplona-definira-para-finales-de-ano-las-lineas-estrategicas-del-area-de-cultura-y-ordenara-la-oferta-cultural-de-la-ciudad\\\/#primaryimage\"},\"thumbnailUrl\":\"https:\\\/\\\/www.laguiadepamplona.com\\\/actualidad\\\/wp-content\\\/uploads\\\/2026\\\/04\\\/Plan-estrategico-Cultura_web.webp\",\"articleSection\":[\"Ayto Pamplona\"],\"inLanguage\":\"es\",\"potentialAction\":[{\"@type\":\"CommentAction\",\"name\":\"Comment\",\"target\":[\"https:\\\/\\\/www.laguiadepamplona.com\\\/actualidad\\\/el-ayuntamiento-de-pamplona-definira-para-finales-de-ano-las-lineas-estrategicas-del-area-de-cultura-y-ordenara-la-oferta-cultural-de-la-ciudad\\\/#respond\"]}]},{\"@type\":\"WebPage\",\"@id\":\"https:\\\/\\\/www.laguiadepamplona.com\\\/actualidad\\\/el-ayuntamiento-de-pamplona-definira-para-finales-de-ano-las-lineas-estrategicas-del-area-de-cultura-y-ordenara-la-oferta-cultural-de-la-ciudad\\\/\",\"url\":\"https:\\\/\\\/www.laguiadepamplona.com\\\/actualidad\\\/el-ayuntamiento-de-pamplona-definira-para-finales-de-ano-las-lineas-estrategicas-del-area-de-cultura-y-ordenara-la-oferta-cultural-de-la-ciudad\\\/\",\"name\":\"El Ayuntamiento de Pamplona definir\u00e1 para finales de a\u00f1o las l\u00edneas estrat\u00e9gicas del \u00e1rea de Cultura y ordenar\u00e1 la oferta cultural de la ciudad\",\"isPartOf\":{\"@id\":\"https:\\\/\\\/www.laguiadepamplona.com\\\/actualidad\\\/#website\"},\"primaryImageOfPage\":{\"@id\":\"https:\\\/\\\/www.laguiadepamplona.com\\\/actualidad\\\/el-ayuntamiento-de-pamplona-definira-para-finales-de-ano-las-lineas-estrategicas-del-area-de-cultura-y-ordenara-la-oferta-cultural-de-la-ciudad\\\/#primaryimage\"},\"image\":{\"@id\":\"https:\\\/\\\/www.laguiadepamplona.com\\\/actualidad\\\/el-ayuntamiento-de-pamplona-definira-para-finales-de-ano-las-lineas-estrategicas-del-area-de-cultura-y-ordenara-la-oferta-cultural-de-la-ciudad\\\/#primaryimage\"},\"thumbnailUrl\":\"https:\\\/\\\/www.laguiadepamplona.com\\\/actualidad\\\/wp-content\\\/uploads\\\/2026\\\/04\\\/Plan-estrategico-Cultura_web.webp\",\"datePublished\":\"2026-04-27T15:10:21+00:00\",\"description\":\"El documento que surja buscar\u00e1 alinear los objetivos de Pamplona con los planes forales y estatales y lograr consensos en materia cultural\",\"breadcrumb\":{\"@id\":\"https:\\\/\\\/www.laguiadepamplona.com\\\/actualidad\\\/el-ayuntamiento-de-pamplona-definira-para-finales-de-ano-las-lineas-estrategicas-del-area-de-cultura-y-ordenara-la-oferta-cultural-de-la-ciudad\\\/#breadcrumb\"},\"inLanguage\":\"es\",\"potentialAction\":[{\"@type\":\"ReadAction\",\"target\":[\"https:\\\/\\\/www.laguiadepamplona.com\\\/actualidad\\\/el-ayuntamiento-de-pamplona-definira-para-finales-de-ano-las-lineas-estrategicas-del-area-de-cultura-y-ordenara-la-oferta-cultural-de-la-ciudad\\\/\"]}]},{\"@type\":\"ImageObject\",\"inLanguage\":\"es\",\"@id\":\"https:\\\/\\\/www.laguiadepamplona.com\\\/actualidad\\\/el-ayuntamiento-de-pamplona-definira-para-finales-de-ano-las-lineas-estrategicas-del-area-de-cultura-y-ordenara-la-oferta-cultural-de-la-ciudad\\\/#primaryimage\",\"url\":\"https:\\\/\\\/www.laguiadepamplona.com\\\/actualidad\\\/wp-content\\\/uploads\\\/2026\\\/04\\\/Plan-estrategico-Cultura_web.webp\",\"contentUrl\":\"https:\\\/\\\/www.laguiadepamplona.com\\\/actualidad\\\/wp-content\\\/uploads\\\/2026\\\/04\\\/Plan-estrategico-Cultura_web.webp\",\"width\":1000,\"height\":667,\"caption\":\"Plan estrat\u00e9gico Cultura\"},{\"@type\":\"BreadcrumbList\",\"@id\":\"https:\\\/\\\/www.laguiadepamplona.com\\\/actualidad\\\/el-ayuntamiento-de-pamplona-definira-para-finales-de-ano-las-lineas-estrategicas-del-area-de-cultura-y-ordenara-la-oferta-cultural-de-la-ciudad\\\/#breadcrumb\",\"itemListElement\":[{\"@type\":\"ListItem\",\"position\":1,\"name\":\"Portada\",\"item\":\"https:\\\/\\\/www.laguiadepamplona.com\\\/actualidad\\\/\"},{\"@type\":\"ListItem\",\"position\":2,\"name\":\"El Ayuntamiento de Pamplona definir\u00e1 para finales de a\u00f1o las l\u00edneas estrat\u00e9gicas del \u00e1rea de Cultura y ordenar\u00e1 la oferta cultural de la ciudad\"}]},{\"@type\":\"WebSite\",\"@id\":\"https:\\\/\\\/www.laguiadepamplona.com\\\/actualidad\\\/#website\",\"url\":\"https:\\\/\\\/www.laguiadepamplona.com\\\/actualidad\\\/\",\"name\":\"La gu\u00eda de Pamplona\",\"description\":\"Noticias de Pamplona\",\"publisher\":{\"@id\":\"https:\\\/\\\/www.laguiadepamplona.com\\\/actualidad\\\/#organization\"},\"potentialAction\":[{\"@type\":\"SearchAction\",\"target\":{\"@type\":\"EntryPoint\",\"urlTemplate\":\"https:\\\/\\\/www.laguiadepamplona.com\\\/actualidad\\\/?s={search_term_string}\"},\"query-input\":{\"@type\":\"PropertyValueSpecification\",\"valueRequired\":true,\"valueName\":\"search_term_string\"}}],\"inLanguage\":\"es\"},{\"@type\":\"Organization\",\"@id\":\"https:\\\/\\\/www.laguiadepamplona.com\\\/actualidad\\\/#organization\",\"name\":\"La Gu\u00eda de Pamplona \\\/ Noticias\",\"url\":\"https:\\\/\\\/www.laguiadepamplona.com\\\/actualidad\\\/\",\"logo\":{\"@type\":\"ImageObject\",\"inLanguage\":\"es\",\"@id\":\"https:\\\/\\\/www.laguiadepamplona.com\\\/actualidad\\\/#\\\/schema\\\/logo\\\/image\\\/\",\"url\":\"https:\\\/\\\/www.laguiadepamplona.com\\\/actualidad\\\/wp-content\\\/uploads\\\/2018\\\/11\\\/logo-laguiadepamplona18-web1.png\",\"contentUrl\":\"https:\\\/\\\/www.laguiadepamplona.com\\\/actualidad\\\/wp-content\\\/uploads\\\/2018\\\/11\\\/logo-laguiadepamplona18-web1.png\",\"width\":600,\"height\":196,\"caption\":\"La Gu\u00eda de Pamplona \\\/ Noticias\"},\"image\":{\"@id\":\"https:\\\/\\\/www.laguiadepamplona.com\\\/actualidad\\\/#\\\/schema\\\/logo\\\/image\\\/\"},\"sameAs\":[\"https:\\\/\\\/www.facebook.com\\\/laguiadepamplonacom-133175176762273\\\/?ref=hl\",\"https:\\\/\\\/x.com\\\/LaGuiadPamplona\",\"https:\\\/\\\/www.instagram.com\\\/la_guia_de_pamplona\\\/\",\"https:\\\/\\\/www.youtube.com\\\/user\\\/laguiadepamplona\"]},{\"@type\":\"Person\",\"@id\":\"https:\\\/\\\/www.laguiadepamplona.com\\\/actualidad\\\/#\\\/schema\\\/person\\\/efe887376f0213d4657c93adc50b1fdb\",\"name\":\"La Gu\u00eda de Pamplona\",\"image\":{\"@type\":\"ImageObject\",\"inLanguage\":\"es\",\"@id\":\"https:\\\/\\\/secure.gravatar.com\\\/avatar\\\/b6992f131dc8d30ab0dff15446e9d346d9dbd95992de0fef795073f5ea83a81c?s=96&d=mm&r=g\",\"url\":\"https:\\\/\\\/secure.gravatar.com\\\/avatar\\\/b6992f131dc8d30ab0dff15446e9d346d9dbd95992de0fef795073f5ea83a81c?s=96&d=mm&r=g\",\"contentUrl\":\"https:\\\/\\\/secure.gravatar.com\\\/avatar\\\/b6992f131dc8d30ab0dff15446e9d346d9dbd95992de0fef795073f5ea83a81c?s=96&d=mm&r=g\",\"caption\":\"La Gu\u00eda de Pamplona\"}}]}<\/script>\n<!-- \/ Yoast SEO plugin. -->","yoast_head_json":{"title":"El Ayuntamiento de Pamplona definir\u00e1 para finales de a\u00f1o las l\u00edneas estrat\u00e9gicas del \u00e1rea de Cultura y ordenar\u00e1 la oferta cultural de la ciudad","description":"El documento que surja buscar\u00e1 alinear los objetivos de Pamplona con los planes forales y estatales y lograr consensos en materia cultural","robots":{"index":"index","follow":"follow","max-snippet":"max-snippet:-1","max-image-preview":"max-image-preview:large","max-video-preview":"max-video-preview:-1"},"canonical":"https:\/\/www.laguiadepamplona.com\/actualidad\/el-ayuntamiento-de-pamplona-definira-para-finales-de-ano-las-lineas-estrategicas-del-area-de-cultura-y-ordenara-la-oferta-cultural-de-la-ciudad\/","og_locale":"es_ES","og_type":"article","og_title":"El Ayuntamiento de Pamplona definir\u00e1 para finales de a\u00f1o las l\u00edneas estrat\u00e9gicas del \u00e1rea de Cultura y ordenar\u00e1 la oferta cultural de la ciudad","og_description":"El documento que surja buscar\u00e1 alinear los objetivos de Pamplona con los planes forales y estatales y lograr consensos en materia cultural","og_url":"https:\/\/www.laguiadepamplona.com\/actualidad\/el-ayuntamiento-de-pamplona-definira-para-finales-de-ano-las-lineas-estrategicas-del-area-de-cultura-y-ordenara-la-oferta-cultural-de-la-ciudad\/","og_site_name":"La Gu\u00eda de Pamplona","article_publisher":"https:\/\/www.facebook.com\/laguiadepamplonacom-133175176762273\/?ref=hl","article_published_time":"2026-04-27T15:10:21+00:00","og_image":[{"width":1000,"height":667,"url":"https:\/\/www.laguiadepamplona.com\/actualidad\/wp-content\/uploads\/2026\/04\/Plan-estrategico-Cultura_web.webp","type":"image\/webp"}],"author":"La Gu\u00eda de Pamplona","twitter_card":"summary_large_image","twitter_creator":"@LaGuiadPamplona","twitter_site":"@LaGuiadPamplona","twitter_misc":{"Escrito por":"La Gu\u00eda de Pamplona","Tiempo de lectura":"3 minutos"},"schema":{"@context":"https:\/\/schema.org","@graph":[{"@type":"Article","@id":"https:\/\/www.laguiadepamplona.com\/actualidad\/el-ayuntamiento-de-pamplona-definira-para-finales-de-ano-las-lineas-estrategicas-del-area-de-cultura-y-ordenara-la-oferta-cultural-de-la-ciudad\/#article","isPartOf":{"@id":"https:\/\/www.laguiadepamplona.com\/actualidad\/el-ayuntamiento-de-pamplona-definira-para-finales-de-ano-las-lineas-estrategicas-del-area-de-cultura-y-ordenara-la-oferta-cultural-de-la-ciudad\/"},"author":{"name":"La Gu\u00eda de Pamplona","@id":"https:\/\/www.laguiadepamplona.com\/actualidad\/#\/schema\/person\/efe887376f0213d4657c93adc50b1fdb"},"headline":"El Ayuntamiento de Pamplona definir\u00e1 para finales de a\u00f1o las l\u00edneas estrat\u00e9gicas del \u00e1rea de Cultura y ordenar\u00e1 la oferta cultural de la ciudad","datePublished":"2026-04-27T15:10:21+00:00","mainEntityOfPage":{"@id":"https:\/\/www.laguiadepamplona.com\/actualidad\/el-ayuntamiento-de-pamplona-definira-para-finales-de-ano-las-lineas-estrategicas-del-area-de-cultura-y-ordenara-la-oferta-cultural-de-la-ciudad\/"},"wordCount":624,"commentCount":0,"publisher":{"@id":"https:\/\/www.laguiadepamplona.com\/actualidad\/#organization"},"image":{"@id":"https:\/\/www.laguiadepamplona.com\/actualidad\/el-ayuntamiento-de-pamplona-definira-para-finales-de-ano-las-lineas-estrategicas-del-area-de-cultura-y-ordenara-la-oferta-cultural-de-la-ciudad\/#primaryimage"},"thumbnailUrl":"https:\/\/www.laguiadepamplona.com\/actualidad\/wp-content\/uploads\/2026\/04\/Plan-estrategico-Cultura_web.webp","articleSection":["Ayto Pamplona"],"inLanguage":"es","potentialAction":[{"@type":"CommentAction","name":"Comment","target":["https:\/\/www.laguiadepamplona.com\/actualidad\/el-ayuntamiento-de-pamplona-definira-para-finales-de-ano-las-lineas-estrategicas-del-area-de-cultura-y-ordenara-la-oferta-cultural-de-la-ciudad\/#respond"]}]},{"@type":"WebPage","@id":"https:\/\/www.laguiadepamplona.com\/actualidad\/el-ayuntamiento-de-pamplona-definira-para-finales-de-ano-las-lineas-estrategicas-del-area-de-cultura-y-ordenara-la-oferta-cultural-de-la-ciudad\/","url":"https:\/\/www.laguiadepamplona.com\/actualidad\/el-ayuntamiento-de-pamplona-definira-para-finales-de-ano-las-lineas-estrategicas-del-area-de-cultura-y-ordenara-la-oferta-cultural-de-la-ciudad\/","name":"El Ayuntamiento de Pamplona definir\u00e1 para finales de a\u00f1o las l\u00edneas estrat\u00e9gicas del \u00e1rea de Cultura y ordenar\u00e1 la oferta cultural de la ciudad","isPartOf":{"@id":"https:\/\/www.laguiadepamplona.com\/actualidad\/#website"},"primaryImageOfPage":{"@id":"https:\/\/www.laguiadepamplona.com\/actualidad\/el-ayuntamiento-de-pamplona-definira-para-finales-de-ano-las-lineas-estrategicas-del-area-de-cultura-y-ordenara-la-oferta-cultural-de-la-ciudad\/#primaryimage"},"image":{"@id":"https:\/\/www.laguiadepamplona.com\/actualidad\/el-ayuntamiento-de-pamplona-definira-para-finales-de-ano-las-lineas-estrategicas-del-area-de-cultura-y-ordenara-la-oferta-cultural-de-la-ciudad\/#primaryimage"},"thumbnailUrl":"https:\/\/www.laguiadepamplona.com\/actualidad\/wp-content\/uploads\/2026\/04\/Plan-estrategico-Cultura_web.webp","datePublished":"2026-04-27T15:10:21+00:00","description":"El documento que surja buscar\u00e1 alinear los objetivos de Pamplona con los planes forales y estatales y lograr consensos en materia cultural","breadcrumb":{"@id":"https:\/\/www.laguiadepamplona.com\/actualidad\/el-ayuntamiento-de-pamplona-definira-para-finales-de-ano-las-lineas-estrategicas-del-area-de-cultura-y-ordenara-la-oferta-cultural-de-la-ciudad\/#breadcrumb"},"inLanguage":"es","potentialAction":[{"@type":"ReadAction","target":["https:\/\/www.laguiadepamplona.com\/actualidad\/el-ayuntamiento-de-pamplona-definira-para-finales-de-ano-las-lineas-estrategicas-del-area-de-cultura-y-ordenara-la-oferta-cultural-de-la-ciudad\/"]}]},{"@type":"ImageObject","inLanguage":"es","@id":"https:\/\/www.laguiadepamplona.com\/actualidad\/el-ayuntamiento-de-pamplona-definira-para-finales-de-ano-las-lineas-estrategicas-del-area-de-cultura-y-ordenara-la-oferta-cultural-de-la-ciudad\/#primaryimage","url":"https:\/\/www.laguiadepamplona.com\/actualidad\/wp-content\/uploads\/2026\/04\/Plan-estrategico-Cultura_web.webp","contentUrl":"https:\/\/www.laguiadepamplona.com\/actualidad\/wp-content\/uploads\/2026\/04\/Plan-estrategico-Cultura_web.webp","width":1000,"height":667,"caption":"Plan estrat\u00e9gico Cultura"},{"@type":"BreadcrumbList","@id":"https:\/\/www.laguiadepamplona.com\/actualidad\/el-ayuntamiento-de-pamplona-definira-para-finales-de-ano-las-lineas-estrategicas-del-area-de-cultura-y-ordenara-la-oferta-cultural-de-la-ciudad\/#breadcrumb","itemListElement":[{"@type":"ListItem","position":1,"name":"Portada","item":"https:\/\/www.laguiadepamplona.com\/actualidad\/"},{"@type":"ListItem","position":2,"name":"El Ayuntamiento de Pamplona definir\u00e1 para finales de a\u00f1o las l\u00edneas estrat\u00e9gicas del \u00e1rea de Cultura y ordenar\u00e1 la oferta cultural de la ciudad"}]},{"@type":"WebSite","@id":"https:\/\/www.laguiadepamplona.com\/actualidad\/#website","url":"https:\/\/www.laguiadepamplona.com\/actualidad\/","name":"La gu\u00eda de Pamplona","description":"Noticias de Pamplona","publisher":{"@id":"https:\/\/www.laguiadepamplona.com\/actualidad\/#organization"},"potentialAction":[{"@type":"SearchAction","target":{"@type":"EntryPoint","urlTemplate":"https:\/\/www.laguiadepamplona.com\/actualidad\/?s={search_term_string}"},"query-input":{"@type":"PropertyValueSpecification","valueRequired":true,"valueName":"search_term_string"}}],"inLanguage":"es"},{"@type":"Organization","@id":"https:\/\/www.laguiadepamplona.com\/actualidad\/#organization","name":"La Gu\u00eda de Pamplona \/ Noticias","url":"https:\/\/www.laguiadepamplona.com\/actualidad\/","logo":{"@type":"ImageObject","inLanguage":"es","@id":"https:\/\/www.laguiadepamplona.com\/actualidad\/#\/schema\/logo\/image\/","url":"https:\/\/www.laguiadepamplona.com\/actualidad\/wp-content\/uploads\/2018\/11\/logo-laguiadepamplona18-web1.png","contentUrl":"https:\/\/www.laguiadepamplona.com\/actualidad\/wp-content\/uploads\/2018\/11\/logo-laguiadepamplona18-web1.png","width":600,"height":196,"caption":"La Gu\u00eda de Pamplona \/ Noticias"},"image":{"@id":"https:\/\/www.laguiadepamplona.com\/actualidad\/#\/schema\/logo\/image\/"},"sameAs":["https:\/\/www.facebook.com\/laguiadepamplonacom-133175176762273\/?ref=hl","https:\/\/x.com\/LaGuiadPamplona","https:\/\/www.instagram.com\/la_guia_de_pamplona\/","https:\/\/www.youtube.com\/user\/laguiadepamplona"]},{"@type":"Person","@id":"https:\/\/www.laguiadepamplona.com\/actualidad\/#\/schema\/person\/efe887376f0213d4657c93adc50b1fdb","name":"La Gu\u00eda de Pamplona","image":{"@type":"ImageObject","inLanguage":"es","@id":"https:\/\/secure.gravatar.com\/avatar\/b6992f131dc8d30ab0dff15446e9d346d9dbd95992de0fef795073f5ea83a81c?s=96&d=mm&r=g","url":"https:\/\/secure.gravatar.com\/avatar\/b6992f131dc8d30ab0dff15446e9d346d9dbd95992de0fef795073f5ea83a81c?s=96&d=mm&r=g","contentUrl":"https:\/\/secure.gravatar.com\/avatar\/b6992f131dc8d30ab0dff15446e9d346d9dbd95992de0fef795073f5ea83a81c?s=96&d=mm&r=g","caption":"La Gu\u00eda de Pamplona"}}]}},"post_mailing_queue_ids":[],"_links":{"self":[{"href":"https:\/\/www.laguiadepamplona.com\/actualidad\/wp-json\/wp\/v2\/posts\/54973","targetHints":{"allow":["GET"]}}],"collection":[{"href":"https:\/\/www.laguiadepamplona.com\/actualidad\/wp-json\/wp\/v2\/posts"}],"about":[{"href":"https:\/\/www.laguiadepamplona.com\/actualidad\/wp-json\/wp\/v2\/types\/post"}],"author":[{"embeddable":true,"href":"https:\/\/www.laguiadepamplona.com\/actualidad\/wp-json\/wp\/v2\/users\/1"}],"replies":[{"embeddable":true,"href":"https:\/\/www.laguiadepamplona.com\/actualidad\/wp-json\/wp\/v2\/comments?post=54973"}],"version-history":[{"count":1,"href":"https:\/\/www.laguiadepamplona.com\/actualidad\/wp-json\/wp\/v2\/posts\/54973\/revisions"}],"predecessor-version":[{"id":54975,"href":"https:\/\/www.laguiadepamplona.com\/actualidad\/wp-json\/wp\/v2\/posts\/54973\/revisions\/54975"}],"wp:featuredmedia":[{"embeddable":true,"href":"https:\/\/www.laguiadepamplona.com\/actualidad\/wp-json\/wp\/v2\/media\/54974"}],"wp:attachment":[{"href":"https:\/\/www.laguiadepamplona.com\/actualidad\/wp-json\/wp\/v2\/media?parent=54973"}],"wp:term":[{"taxonomy":"category","embeddable":true,"href":"https:\/\/www.laguiadepamplona.com\/actualidad\/wp-json\/wp\/v2\/categories?post=54973"},{"taxonomy":"post_tag","embeddable":true,"href":"https:\/\/www.laguiadepamplona.com\/actualidad\/wp-json\/wp\/v2\/tags?post=54973"}],"curies":[{"name":"wp","href":"https:\/\/api.w.org\/{rel}","templated":true}]}}