{"id":54970,"date":"2026-04-27T17:08:11","date_gmt":"2026-04-27T15:08:11","guid":{"rendered":"https:\/\/www.laguiadepamplona.com\/actualidad\/?p=54970"},"modified":"2026-04-27T17:08:11","modified_gmt":"2026-04-27T15:08:11","slug":"el-ayuntamiento-abrira-en-mayo-las-subvenciones-a-la-rehabilitacion-que-en-conjunto-alcanzaran-los-26-millones-de-euros","status":"publish","type":"post","link":"https:\/\/www.laguiadepamplona.com\/actualidad\/el-ayuntamiento-abrira-en-mayo-las-subvenciones-a-la-rehabilitacion-que-en-conjunto-alcanzaran-los-26-millones-de-euros\/","title":{"rendered":"El Ayuntamiento abrir\u00e1 en mayo las subvenciones a la rehabilitaci\u00f3n que, en conjunto, alcanzar\u00e1n los 2,6 millones de euros"},"content":{"rendered":"<h2>Se incluye tanto la rehabilitaci\u00f3n integral para edificios individuales, como los Proyectos de Intervenci\u00f3n Global (PIG) y los anteproyectos<\/h2>\n<p><!--more--><\/p>\n<p>El Ayuntamiento de Pamplona tendr\u00e1 en breve activas las bases de las tres convocatorias de subvenciones de rehabilitaci\u00f3n que se conceden en la ciudad. En total, con esas tres convocatorias, se destinar\u00e1n al menos, 2,6 millones de euros a la rehabilitaci\u00f3n del parque de viviendas de Pamplona.<\/p>\n<p>Las subvenciones cubren tres \u00e1mbitos diferentes. Por un lado, las subvenciones de rehabilitaci\u00f3n integral de edificios individuales que se ofertan prioritariamente a comunidades, para obras terminadas, y se abonan contra factura. Esta subvenci\u00f3n para 2026 est\u00e1 ya aprobada y en v\u00edas de publicaci\u00f3n en la base nacional y tiene consignado como importe inicial 450.000 euros, aunque se estima que llegar\u00e1 a un montante final de al menos 1,45 millones de euros, gracias a la incorporaci\u00f3n de remanentes.<\/p>\n<p>Pero, adem\u00e1s, en el mes de mayo saldr\u00e1 adelante la subvenci\u00f3n prevista para los Proyectos de Intervenci\u00f3n Global (PIG), unos instrumentos urban\u00edsticos que buscan la rehabilitaci\u00f3n de conjuntos de edificios con problemas similares para mantener soluciones coordinadas y que est\u00e1n dotadas con aproximadamente 135.000 euros. Finalmente, tambi\u00e9n en mayo, se publicar\u00e1n las subvenciones para pagar los costes de los anteproyectos de rehabilitaci\u00f3n, con 20.000 euros.<\/p>\n<p>El concejal delegado de Gobierno Estrat\u00e9gico, Urbanismo, Vivienda y Agenda 2030, Joxe Abaurrea San Juan, y la directora del \u00e1rea, Uxua Domblas Ib\u00e1\u00f1ez, han presentado los datos de las inversiones ejecutadas en las dos \u00faltimas convocatorias de estas subvenciones, una herramienta que representa una forma de trabajo conjunto de los sectores p\u00fablico y privado en la regeneraci\u00f3n urbana. Seg\u00fan sus datos, por un lado, han sido 24 los expedientes de rehabilitaci\u00f3n integral de edificios (2,6 millones de euros sumando los dos ejercicios anteriores) que benefician a un total de 209 viviendas; adem\u00e1s, se han ejecutado 78.200 euros en convocatoria de Proyectos de Intervenci\u00f3n Global (PIG), y se han tramitado siete expedientes por un importe de 21.000 euros en las subvenciones a anteproyectos del a\u00f1o 2024 (en 2025 no hubo esta modalidad).<\/p>\n<p><strong>Un mill\u00f3n m\u00e1s en convenios<\/strong><\/p>\n<p>La rehabilitaci\u00f3n del parque de viviendas de la ciudad es uno de los ejes de desarrollo estrat\u00e9gico del Consistorio, en el marco de la implementaci\u00f3n del Plan de Vivienda del Ayuntamiento de Pamplona, un plan que quiere fomentar la vivienda asequible en el conjunto de la ciudad y la regeneraci\u00f3n urbana.<\/p>\n<p>Las dos actuaciones m\u00e1s relevantes en esta etapa han sido, por un lado, la aprobaci\u00f3n de la nueva Ordenanza Reguladora de las Ayudas Municipales a la Rehabilitaci\u00f3n de Edificios, elaborada en 2023 por el Ayuntamiento, que engloba por primera vez toda la ciudad con el m\u00e1ximo de ayudas y, por el otro, la puesta en marcha en 2024 de las oficinas verdes como oficinas de proximidad y trabajo sobre el terreno. En la actualidad estas oficinas ya llegan a tres y se ubican en Milagrosa &#8211; Arrosad\u00eda, Rochapea y Txantrea. La misma funci\u00f3n que desempe\u00f1an estas oficinas verdes tambi\u00e9n la asumir\u00e1 pr\u00f3ximamente PCH en el Casco Antiguo. La ordenanza regula las ayudas municipales en materia de rehabilitaci\u00f3n, accesibilidad y eficiencia energ\u00e9tica, dando prioridad a las comunidades de propietarios frente a propietarios individuales.<\/p>\n<p>Adem\u00e1s, a los 1,6 millones de euros en subvenciones por rehabilitaci\u00f3n, se suma otro mill\u00f3n de euros para financiar convenios con comunidades. El sistema, anterior a 2023, se articul\u00f3 sobre la f\u00f3rmula de convenio para apoyar las zonas vulnerables en barrios de rehabilitaci\u00f3n preferente en la ciudad, ya que inicialmente las subvenciones de rehabilitaci\u00f3n solo cubr\u00edan Casco Antiguo y Ensanches. El \u00faltimo de los convenios ha sido el de Santa Engracia.<\/p>\n","protected":false},"excerpt":{"rendered":"<p>Se incluye tanto la rehabilitaci\u00f3n integral para edificios individuales, como los Proyectos de Intervenci\u00f3n Global (PIG) y los anteproyectos<\/p>\n","protected":false},"author":1,"featured_media":54971,"comment_status":"open","ping_status":"closed","sticky":false,"template":"","format":"standard","meta":{"footnotes":""},"categories":[2],"tags":[],"class_list":["post-54970","post","type-post","status-publish","format-standard","has-post-thumbnail","hentry","category-ayuntamiento-pamplona"],"yoast_head":"<!-- This site is optimized with the Yoast SEO plugin v27.3 - https:\/\/yoast.com\/product\/yoast-seo-wordpress\/ -->\n<title>El Ayuntamiento abrir\u00e1 en mayo las subvenciones a la rehabilitaci\u00f3n que, en conjunto, alcanzar\u00e1n los 2,6 millones de euros<\/title>\n<meta name=\"description\" content=\"Se incluye tanto la rehabilitaci\u00f3n integral para edificios individuales, como los Proyectos de Intervenci\u00f3n Global (PIG) y los anteproyectos\" \/>\n<meta name=\"robots\" content=\"index, follow, max-snippet:-1, max-image-preview:large, max-video-preview:-1\" \/>\n<link rel=\"canonical\" href=\"https:\/\/www.laguiadepamplona.com\/actualidad\/el-ayuntamiento-abrira-en-mayo-las-subvenciones-a-la-rehabilitacion-que-en-conjunto-alcanzaran-los-26-millones-de-euros\/\" \/>\n<meta property=\"og:locale\" content=\"es_ES\" \/>\n<meta property=\"og:type\" content=\"article\" \/>\n<meta property=\"og:title\" content=\"El Ayuntamiento abrir\u00e1 en mayo las subvenciones a la rehabilitaci\u00f3n que, en conjunto, alcanzar\u00e1n los 2,6 millones de euros\" \/>\n<meta property=\"og:description\" content=\"Se incluye tanto la rehabilitaci\u00f3n integral para edificios individuales, como los Proyectos de Intervenci\u00f3n Global (PIG) y los anteproyectos\" \/>\n<meta property=\"og:url\" content=\"https:\/\/www.laguiadepamplona.com\/actualidad\/el-ayuntamiento-abrira-en-mayo-las-subvenciones-a-la-rehabilitacion-que-en-conjunto-alcanzaran-los-26-millones-de-euros\/\" \/>\n<meta property=\"og:site_name\" content=\"La Gu\u00eda de Pamplona\" \/>\n<meta property=\"article:publisher\" content=\"https:\/\/www.facebook.com\/laguiadepamplonacom-133175176762273\/?ref=hl\" \/>\n<meta property=\"article:published_time\" content=\"2026-04-27T15:08:11+00:00\" \/>\n<meta property=\"og:image\" content=\"https:\/\/www.laguiadepamplona.com\/actualidad\/wp-content\/uploads\/2026\/04\/andamios_web.webp\" \/>\n\t<meta property=\"og:image:width\" content=\"1000\" \/>\n\t<meta property=\"og:image:height\" content=\"667\" \/>\n\t<meta property=\"og:image:type\" content=\"image\/webp\" \/>\n<meta name=\"author\" content=\"La Gu\u00eda de Pamplona\" \/>\n<meta name=\"twitter:card\" content=\"summary_large_image\" \/>\n<meta name=\"twitter:creator\" content=\"@LaGuiadPamplona\" \/>\n<meta name=\"twitter:site\" content=\"@LaGuiadPamplona\" \/>\n<meta name=\"twitter:label1\" content=\"Escrito por\" \/>\n\t<meta name=\"twitter:data1\" content=\"La Gu\u00eda de Pamplona\" \/>\n\t<meta name=\"twitter:label2\" content=\"Tiempo de lectura\" \/>\n\t<meta name=\"twitter:data2\" content=\"3 minutos\" \/>\n<script type=\"application\/ld+json\" class=\"yoast-schema-graph\">{\"@context\":\"https:\\\/\\\/schema.org\",\"@graph\":[{\"@type\":\"Article\",\"@id\":\"https:\\\/\\\/www.laguiadepamplona.com\\\/actualidad\\\/el-ayuntamiento-abrira-en-mayo-las-subvenciones-a-la-rehabilitacion-que-en-conjunto-alcanzaran-los-26-millones-de-euros\\\/#article\",\"isPartOf\":{\"@id\":\"https:\\\/\\\/www.laguiadepamplona.com\\\/actualidad\\\/el-ayuntamiento-abrira-en-mayo-las-subvenciones-a-la-rehabilitacion-que-en-conjunto-alcanzaran-los-26-millones-de-euros\\\/\"},\"author\":{\"name\":\"La Gu\u00eda de Pamplona\",\"@id\":\"https:\\\/\\\/www.laguiadepamplona.com\\\/actualidad\\\/#\\\/schema\\\/person\\\/efe887376f0213d4657c93adc50b1fdb\"},\"headline\":\"El Ayuntamiento abrir\u00e1 en mayo las subvenciones a la rehabilitaci\u00f3n que, en conjunto, alcanzar\u00e1n los 2,6 millones de euros\",\"datePublished\":\"2026-04-27T15:08:11+00:00\",\"mainEntityOfPage\":{\"@id\":\"https:\\\/\\\/www.laguiadepamplona.com\\\/actualidad\\\/el-ayuntamiento-abrira-en-mayo-las-subvenciones-a-la-rehabilitacion-que-en-conjunto-alcanzaran-los-26-millones-de-euros\\\/\"},\"wordCount\":652,\"commentCount\":0,\"publisher\":{\"@id\":\"https:\\\/\\\/www.laguiadepamplona.com\\\/actualidad\\\/#organization\"},\"image\":{\"@id\":\"https:\\\/\\\/www.laguiadepamplona.com\\\/actualidad\\\/el-ayuntamiento-abrira-en-mayo-las-subvenciones-a-la-rehabilitacion-que-en-conjunto-alcanzaran-los-26-millones-de-euros\\\/#primaryimage\"},\"thumbnailUrl\":\"https:\\\/\\\/www.laguiadepamplona.com\\\/actualidad\\\/wp-content\\\/uploads\\\/2026\\\/04\\\/andamios_web.webp\",\"articleSection\":[\"Ayto Pamplona\"],\"inLanguage\":\"es\",\"potentialAction\":[{\"@type\":\"CommentAction\",\"name\":\"Comment\",\"target\":[\"https:\\\/\\\/www.laguiadepamplona.com\\\/actualidad\\\/el-ayuntamiento-abrira-en-mayo-las-subvenciones-a-la-rehabilitacion-que-en-conjunto-alcanzaran-los-26-millones-de-euros\\\/#respond\"]}]},{\"@type\":\"WebPage\",\"@id\":\"https:\\\/\\\/www.laguiadepamplona.com\\\/actualidad\\\/el-ayuntamiento-abrira-en-mayo-las-subvenciones-a-la-rehabilitacion-que-en-conjunto-alcanzaran-los-26-millones-de-euros\\\/\",\"url\":\"https:\\\/\\\/www.laguiadepamplona.com\\\/actualidad\\\/el-ayuntamiento-abrira-en-mayo-las-subvenciones-a-la-rehabilitacion-que-en-conjunto-alcanzaran-los-26-millones-de-euros\\\/\",\"name\":\"El Ayuntamiento abrir\u00e1 en mayo las subvenciones a la rehabilitaci\u00f3n que, en conjunto, alcanzar\u00e1n los 2,6 millones de euros\",\"isPartOf\":{\"@id\":\"https:\\\/\\\/www.laguiadepamplona.com\\\/actualidad\\\/#website\"},\"primaryImageOfPage\":{\"@id\":\"https:\\\/\\\/www.laguiadepamplona.com\\\/actualidad\\\/el-ayuntamiento-abrira-en-mayo-las-subvenciones-a-la-rehabilitacion-que-en-conjunto-alcanzaran-los-26-millones-de-euros\\\/#primaryimage\"},\"image\":{\"@id\":\"https:\\\/\\\/www.laguiadepamplona.com\\\/actualidad\\\/el-ayuntamiento-abrira-en-mayo-las-subvenciones-a-la-rehabilitacion-que-en-conjunto-alcanzaran-los-26-millones-de-euros\\\/#primaryimage\"},\"thumbnailUrl\":\"https:\\\/\\\/www.laguiadepamplona.com\\\/actualidad\\\/wp-content\\\/uploads\\\/2026\\\/04\\\/andamios_web.webp\",\"datePublished\":\"2026-04-27T15:08:11+00:00\",\"description\":\"Se incluye tanto la rehabilitaci\u00f3n integral para edificios individuales, como los Proyectos de Intervenci\u00f3n Global (PIG) y los anteproyectos\",\"breadcrumb\":{\"@id\":\"https:\\\/\\\/www.laguiadepamplona.com\\\/actualidad\\\/el-ayuntamiento-abrira-en-mayo-las-subvenciones-a-la-rehabilitacion-que-en-conjunto-alcanzaran-los-26-millones-de-euros\\\/#breadcrumb\"},\"inLanguage\":\"es\",\"potentialAction\":[{\"@type\":\"ReadAction\",\"target\":[\"https:\\\/\\\/www.laguiadepamplona.com\\\/actualidad\\\/el-ayuntamiento-abrira-en-mayo-las-subvenciones-a-la-rehabilitacion-que-en-conjunto-alcanzaran-los-26-millones-de-euros\\\/\"]}]},{\"@type\":\"ImageObject\",\"inLanguage\":\"es\",\"@id\":\"https:\\\/\\\/www.laguiadepamplona.com\\\/actualidad\\\/el-ayuntamiento-abrira-en-mayo-las-subvenciones-a-la-rehabilitacion-que-en-conjunto-alcanzaran-los-26-millones-de-euros\\\/#primaryimage\",\"url\":\"https:\\\/\\\/www.laguiadepamplona.com\\\/actualidad\\\/wp-content\\\/uploads\\\/2026\\\/04\\\/andamios_web.webp\",\"contentUrl\":\"https:\\\/\\\/www.laguiadepamplona.com\\\/actualidad\\\/wp-content\\\/uploads\\\/2026\\\/04\\\/andamios_web.webp\",\"width\":1000,\"height\":667,\"caption\":\"andamios\"},{\"@type\":\"BreadcrumbList\",\"@id\":\"https:\\\/\\\/www.laguiadepamplona.com\\\/actualidad\\\/el-ayuntamiento-abrira-en-mayo-las-subvenciones-a-la-rehabilitacion-que-en-conjunto-alcanzaran-los-26-millones-de-euros\\\/#breadcrumb\",\"itemListElement\":[{\"@type\":\"ListItem\",\"position\":1,\"name\":\"Portada\",\"item\":\"https:\\\/\\\/www.laguiadepamplona.com\\\/actualidad\\\/\"},{\"@type\":\"ListItem\",\"position\":2,\"name\":\"El Ayuntamiento abrir\u00e1 en mayo las subvenciones a la rehabilitaci\u00f3n que, en conjunto, alcanzar\u00e1n los 2,6 millones de euros\"}]},{\"@type\":\"WebSite\",\"@id\":\"https:\\\/\\\/www.laguiadepamplona.com\\\/actualidad\\\/#website\",\"url\":\"https:\\\/\\\/www.laguiadepamplona.com\\\/actualidad\\\/\",\"name\":\"La gu\u00eda de Pamplona\",\"description\":\"Noticias de Pamplona\",\"publisher\":{\"@id\":\"https:\\\/\\\/www.laguiadepamplona.com\\\/actualidad\\\/#organization\"},\"potentialAction\":[{\"@type\":\"SearchAction\",\"target\":{\"@type\":\"EntryPoint\",\"urlTemplate\":\"https:\\\/\\\/www.laguiadepamplona.com\\\/actualidad\\\/?s={search_term_string}\"},\"query-input\":{\"@type\":\"PropertyValueSpecification\",\"valueRequired\":true,\"valueName\":\"search_term_string\"}}],\"inLanguage\":\"es\"},{\"@type\":\"Organization\",\"@id\":\"https:\\\/\\\/www.laguiadepamplona.com\\\/actualidad\\\/#organization\",\"name\":\"La Gu\u00eda de Pamplona \\\/ Noticias\",\"url\":\"https:\\\/\\\/www.laguiadepamplona.com\\\/actualidad\\\/\",\"logo\":{\"@type\":\"ImageObject\",\"inLanguage\":\"es\",\"@id\":\"https:\\\/\\\/www.laguiadepamplona.com\\\/actualidad\\\/#\\\/schema\\\/logo\\\/image\\\/\",\"url\":\"https:\\\/\\\/www.laguiadepamplona.com\\\/actualidad\\\/wp-content\\\/uploads\\\/2018\\\/11\\\/logo-laguiadepamplona18-web1.png\",\"contentUrl\":\"https:\\\/\\\/www.laguiadepamplona.com\\\/actualidad\\\/wp-content\\\/uploads\\\/2018\\\/11\\\/logo-laguiadepamplona18-web1.png\",\"width\":600,\"height\":196,\"caption\":\"La Gu\u00eda de Pamplona \\\/ Noticias\"},\"image\":{\"@id\":\"https:\\\/\\\/www.laguiadepamplona.com\\\/actualidad\\\/#\\\/schema\\\/logo\\\/image\\\/\"},\"sameAs\":[\"https:\\\/\\\/www.facebook.com\\\/laguiadepamplonacom-133175176762273\\\/?ref=hl\",\"https:\\\/\\\/x.com\\\/LaGuiadPamplona\",\"https:\\\/\\\/www.instagram.com\\\/la_guia_de_pamplona\\\/\",\"https:\\\/\\\/www.youtube.com\\\/user\\\/laguiadepamplona\"]},{\"@type\":\"Person\",\"@id\":\"https:\\\/\\\/www.laguiadepamplona.com\\\/actualidad\\\/#\\\/schema\\\/person\\\/efe887376f0213d4657c93adc50b1fdb\",\"name\":\"La Gu\u00eda de Pamplona\",\"image\":{\"@type\":\"ImageObject\",\"inLanguage\":\"es\",\"@id\":\"https:\\\/\\\/secure.gravatar.com\\\/avatar\\\/b6992f131dc8d30ab0dff15446e9d346d9dbd95992de0fef795073f5ea83a81c?s=96&d=mm&r=g\",\"url\":\"https:\\\/\\\/secure.gravatar.com\\\/avatar\\\/b6992f131dc8d30ab0dff15446e9d346d9dbd95992de0fef795073f5ea83a81c?s=96&d=mm&r=g\",\"contentUrl\":\"https:\\\/\\\/secure.gravatar.com\\\/avatar\\\/b6992f131dc8d30ab0dff15446e9d346d9dbd95992de0fef795073f5ea83a81c?s=96&d=mm&r=g\",\"caption\":\"La Gu\u00eda de Pamplona\"}}]}<\/script>\n<!-- \/ Yoast SEO plugin. -->","yoast_head_json":{"title":"El Ayuntamiento abrir\u00e1 en mayo las subvenciones a la rehabilitaci\u00f3n que, en conjunto, alcanzar\u00e1n los 2,6 millones de euros","description":"Se incluye tanto la rehabilitaci\u00f3n integral para edificios individuales, como los Proyectos de Intervenci\u00f3n Global (PIG) y los anteproyectos","robots":{"index":"index","follow":"follow","max-snippet":"max-snippet:-1","max-image-preview":"max-image-preview:large","max-video-preview":"max-video-preview:-1"},"canonical":"https:\/\/www.laguiadepamplona.com\/actualidad\/el-ayuntamiento-abrira-en-mayo-las-subvenciones-a-la-rehabilitacion-que-en-conjunto-alcanzaran-los-26-millones-de-euros\/","og_locale":"es_ES","og_type":"article","og_title":"El Ayuntamiento abrir\u00e1 en mayo las subvenciones a la rehabilitaci\u00f3n que, en conjunto, alcanzar\u00e1n los 2,6 millones de euros","og_description":"Se incluye tanto la rehabilitaci\u00f3n integral para edificios individuales, como los Proyectos de Intervenci\u00f3n Global (PIG) y los anteproyectos","og_url":"https:\/\/www.laguiadepamplona.com\/actualidad\/el-ayuntamiento-abrira-en-mayo-las-subvenciones-a-la-rehabilitacion-que-en-conjunto-alcanzaran-los-26-millones-de-euros\/","og_site_name":"La Gu\u00eda de Pamplona","article_publisher":"https:\/\/www.facebook.com\/laguiadepamplonacom-133175176762273\/?ref=hl","article_published_time":"2026-04-27T15:08:11+00:00","og_image":[{"width":1000,"height":667,"url":"https:\/\/www.laguiadepamplona.com\/actualidad\/wp-content\/uploads\/2026\/04\/andamios_web.webp","type":"image\/webp"}],"author":"La Gu\u00eda de Pamplona","twitter_card":"summary_large_image","twitter_creator":"@LaGuiadPamplona","twitter_site":"@LaGuiadPamplona","twitter_misc":{"Escrito por":"La Gu\u00eda de Pamplona","Tiempo de lectura":"3 minutos"},"schema":{"@context":"https:\/\/schema.org","@graph":[{"@type":"Article","@id":"https:\/\/www.laguiadepamplona.com\/actualidad\/el-ayuntamiento-abrira-en-mayo-las-subvenciones-a-la-rehabilitacion-que-en-conjunto-alcanzaran-los-26-millones-de-euros\/#article","isPartOf":{"@id":"https:\/\/www.laguiadepamplona.com\/actualidad\/el-ayuntamiento-abrira-en-mayo-las-subvenciones-a-la-rehabilitacion-que-en-conjunto-alcanzaran-los-26-millones-de-euros\/"},"author":{"name":"La Gu\u00eda de Pamplona","@id":"https:\/\/www.laguiadepamplona.com\/actualidad\/#\/schema\/person\/efe887376f0213d4657c93adc50b1fdb"},"headline":"El Ayuntamiento abrir\u00e1 en mayo las subvenciones a la rehabilitaci\u00f3n que, en conjunto, alcanzar\u00e1n los 2,6 millones de euros","datePublished":"2026-04-27T15:08:11+00:00","mainEntityOfPage":{"@id":"https:\/\/www.laguiadepamplona.com\/actualidad\/el-ayuntamiento-abrira-en-mayo-las-subvenciones-a-la-rehabilitacion-que-en-conjunto-alcanzaran-los-26-millones-de-euros\/"},"wordCount":652,"commentCount":0,"publisher":{"@id":"https:\/\/www.laguiadepamplona.com\/actualidad\/#organization"},"image":{"@id":"https:\/\/www.laguiadepamplona.com\/actualidad\/el-ayuntamiento-abrira-en-mayo-las-subvenciones-a-la-rehabilitacion-que-en-conjunto-alcanzaran-los-26-millones-de-euros\/#primaryimage"},"thumbnailUrl":"https:\/\/www.laguiadepamplona.com\/actualidad\/wp-content\/uploads\/2026\/04\/andamios_web.webp","articleSection":["Ayto Pamplona"],"inLanguage":"es","potentialAction":[{"@type":"CommentAction","name":"Comment","target":["https:\/\/www.laguiadepamplona.com\/actualidad\/el-ayuntamiento-abrira-en-mayo-las-subvenciones-a-la-rehabilitacion-que-en-conjunto-alcanzaran-los-26-millones-de-euros\/#respond"]}]},{"@type":"WebPage","@id":"https:\/\/www.laguiadepamplona.com\/actualidad\/el-ayuntamiento-abrira-en-mayo-las-subvenciones-a-la-rehabilitacion-que-en-conjunto-alcanzaran-los-26-millones-de-euros\/","url":"https:\/\/www.laguiadepamplona.com\/actualidad\/el-ayuntamiento-abrira-en-mayo-las-subvenciones-a-la-rehabilitacion-que-en-conjunto-alcanzaran-los-26-millones-de-euros\/","name":"El Ayuntamiento abrir\u00e1 en mayo las subvenciones a la rehabilitaci\u00f3n que, en conjunto, alcanzar\u00e1n los 2,6 millones de euros","isPartOf":{"@id":"https:\/\/www.laguiadepamplona.com\/actualidad\/#website"},"primaryImageOfPage":{"@id":"https:\/\/www.laguiadepamplona.com\/actualidad\/el-ayuntamiento-abrira-en-mayo-las-subvenciones-a-la-rehabilitacion-que-en-conjunto-alcanzaran-los-26-millones-de-euros\/#primaryimage"},"image":{"@id":"https:\/\/www.laguiadepamplona.com\/actualidad\/el-ayuntamiento-abrira-en-mayo-las-subvenciones-a-la-rehabilitacion-que-en-conjunto-alcanzaran-los-26-millones-de-euros\/#primaryimage"},"thumbnailUrl":"https:\/\/www.laguiadepamplona.com\/actualidad\/wp-content\/uploads\/2026\/04\/andamios_web.webp","datePublished":"2026-04-27T15:08:11+00:00","description":"Se incluye tanto la rehabilitaci\u00f3n integral para edificios individuales, como los Proyectos de Intervenci\u00f3n Global (PIG) y los anteproyectos","breadcrumb":{"@id":"https:\/\/www.laguiadepamplona.com\/actualidad\/el-ayuntamiento-abrira-en-mayo-las-subvenciones-a-la-rehabilitacion-que-en-conjunto-alcanzaran-los-26-millones-de-euros\/#breadcrumb"},"inLanguage":"es","potentialAction":[{"@type":"ReadAction","target":["https:\/\/www.laguiadepamplona.com\/actualidad\/el-ayuntamiento-abrira-en-mayo-las-subvenciones-a-la-rehabilitacion-que-en-conjunto-alcanzaran-los-26-millones-de-euros\/"]}]},{"@type":"ImageObject","inLanguage":"es","@id":"https:\/\/www.laguiadepamplona.com\/actualidad\/el-ayuntamiento-abrira-en-mayo-las-subvenciones-a-la-rehabilitacion-que-en-conjunto-alcanzaran-los-26-millones-de-euros\/#primaryimage","url":"https:\/\/www.laguiadepamplona.com\/actualidad\/wp-content\/uploads\/2026\/04\/andamios_web.webp","contentUrl":"https:\/\/www.laguiadepamplona.com\/actualidad\/wp-content\/uploads\/2026\/04\/andamios_web.webp","width":1000,"height":667,"caption":"andamios"},{"@type":"BreadcrumbList","@id":"https:\/\/www.laguiadepamplona.com\/actualidad\/el-ayuntamiento-abrira-en-mayo-las-subvenciones-a-la-rehabilitacion-que-en-conjunto-alcanzaran-los-26-millones-de-euros\/#breadcrumb","itemListElement":[{"@type":"ListItem","position":1,"name":"Portada","item":"https:\/\/www.laguiadepamplona.com\/actualidad\/"},{"@type":"ListItem","position":2,"name":"El Ayuntamiento abrir\u00e1 en mayo las subvenciones a la rehabilitaci\u00f3n que, en conjunto, alcanzar\u00e1n los 2,6 millones de euros"}]},{"@type":"WebSite","@id":"https:\/\/www.laguiadepamplona.com\/actualidad\/#website","url":"https:\/\/www.laguiadepamplona.com\/actualidad\/","name":"La gu\u00eda de Pamplona","description":"Noticias de Pamplona","publisher":{"@id":"https:\/\/www.laguiadepamplona.com\/actualidad\/#organization"},"potentialAction":[{"@type":"SearchAction","target":{"@type":"EntryPoint","urlTemplate":"https:\/\/www.laguiadepamplona.com\/actualidad\/?s={search_term_string}"},"query-input":{"@type":"PropertyValueSpecification","valueRequired":true,"valueName":"search_term_string"}}],"inLanguage":"es"},{"@type":"Organization","@id":"https:\/\/www.laguiadepamplona.com\/actualidad\/#organization","name":"La Gu\u00eda de Pamplona \/ Noticias","url":"https:\/\/www.laguiadepamplona.com\/actualidad\/","logo":{"@type":"ImageObject","inLanguage":"es","@id":"https:\/\/www.laguiadepamplona.com\/actualidad\/#\/schema\/logo\/image\/","url":"https:\/\/www.laguiadepamplona.com\/actualidad\/wp-content\/uploads\/2018\/11\/logo-laguiadepamplona18-web1.png","contentUrl":"https:\/\/www.laguiadepamplona.com\/actualidad\/wp-content\/uploads\/2018\/11\/logo-laguiadepamplona18-web1.png","width":600,"height":196,"caption":"La Gu\u00eda de Pamplona \/ Noticias"},"image":{"@id":"https:\/\/www.laguiadepamplona.com\/actualidad\/#\/schema\/logo\/image\/"},"sameAs":["https:\/\/www.facebook.com\/laguiadepamplonacom-133175176762273\/?ref=hl","https:\/\/x.com\/LaGuiadPamplona","https:\/\/www.instagram.com\/la_guia_de_pamplona\/","https:\/\/www.youtube.com\/user\/laguiadepamplona"]},{"@type":"Person","@id":"https:\/\/www.laguiadepamplona.com\/actualidad\/#\/schema\/person\/efe887376f0213d4657c93adc50b1fdb","name":"La Gu\u00eda de Pamplona","image":{"@type":"ImageObject","inLanguage":"es","@id":"https:\/\/secure.gravatar.com\/avatar\/b6992f131dc8d30ab0dff15446e9d346d9dbd95992de0fef795073f5ea83a81c?s=96&d=mm&r=g","url":"https:\/\/secure.gravatar.com\/avatar\/b6992f131dc8d30ab0dff15446e9d346d9dbd95992de0fef795073f5ea83a81c?s=96&d=mm&r=g","contentUrl":"https:\/\/secure.gravatar.com\/avatar\/b6992f131dc8d30ab0dff15446e9d346d9dbd95992de0fef795073f5ea83a81c?s=96&d=mm&r=g","caption":"La Gu\u00eda de Pamplona"}}]}},"post_mailing_queue_ids":[],"_links":{"self":[{"href":"https:\/\/www.laguiadepamplona.com\/actualidad\/wp-json\/wp\/v2\/posts\/54970","targetHints":{"allow":["GET"]}}],"collection":[{"href":"https:\/\/www.laguiadepamplona.com\/actualidad\/wp-json\/wp\/v2\/posts"}],"about":[{"href":"https:\/\/www.laguiadepamplona.com\/actualidad\/wp-json\/wp\/v2\/types\/post"}],"author":[{"embeddable":true,"href":"https:\/\/www.laguiadepamplona.com\/actualidad\/wp-json\/wp\/v2\/users\/1"}],"replies":[{"embeddable":true,"href":"https:\/\/www.laguiadepamplona.com\/actualidad\/wp-json\/wp\/v2\/comments?post=54970"}],"version-history":[{"count":1,"href":"https:\/\/www.laguiadepamplona.com\/actualidad\/wp-json\/wp\/v2\/posts\/54970\/revisions"}],"predecessor-version":[{"id":54972,"href":"https:\/\/www.laguiadepamplona.com\/actualidad\/wp-json\/wp\/v2\/posts\/54970\/revisions\/54972"}],"wp:featuredmedia":[{"embeddable":true,"href":"https:\/\/www.laguiadepamplona.com\/actualidad\/wp-json\/wp\/v2\/media\/54971"}],"wp:attachment":[{"href":"https:\/\/www.laguiadepamplona.com\/actualidad\/wp-json\/wp\/v2\/media?parent=54970"}],"wp:term":[{"taxonomy":"category","embeddable":true,"href":"https:\/\/www.laguiadepamplona.com\/actualidad\/wp-json\/wp\/v2\/categories?post=54970"},{"taxonomy":"post_tag","embeddable":true,"href":"https:\/\/www.laguiadepamplona.com\/actualidad\/wp-json\/wp\/v2\/tags?post=54970"}],"curies":[{"name":"wp","href":"https:\/\/api.w.org\/{rel}","templated":true}]}}