{"id":54954,"date":"2026-04-27T12:52:14","date_gmt":"2026-04-27T10:52:14","guid":{"rendered":"https:\/\/www.laguiadepamplona.com\/actualidad\/?p=54954"},"modified":"2026-04-27T12:53:38","modified_gmt":"2026-04-27T10:53:38","slug":"las-personas-empadronadas-en-pamplona-pueden-votar-hasta-el-4-de-mayo-el-cartel-anunciador-de-san-fermin-2026-entre-las-diez-propuestas-del-jurado-tecnico","status":"publish","type":"post","link":"https:\/\/www.laguiadepamplona.com\/actualidad\/las-personas-empadronadas-en-pamplona-pueden-votar-hasta-el-4-de-mayo-el-cartel-anunciador-de-san-fermin-2026-entre-las-diez-propuestas-del-jurado-tecnico\/","title":{"rendered":"Las personas empadronadas en Pamplona pueden votar, hasta el 4 de mayo, el cartel anunciador de San Ferm\u00edn 2026, entre las diez propuestas del jurado t\u00e9cnico"},"content":{"rendered":"<h2>Cada empadronado puede emitir un \u00fanico voto, a trav\u00e9s de la web municipal, el tel\u00e9fono 010 \u2013 948 420 100 o en las urnas de la Red Civivox<\/h2>\n<p><!--more--><\/p>\n<p>&nbsp;<\/p>\n<div id='gallery-1' class='gallery galleryid-54954 gallery-columns-5 gallery-size-medium'><figure class='gallery-item'>\n\t\t\t<div class='gallery-icon portrait'>\n\t\t\t\t<a href='https:\/\/www.laguiadepamplona.com\/actualidad\/las-personas-empadronadas-en-pamplona-pueden-votar-hasta-el-4-de-mayo-el-cartel-anunciador-de-san-fermin-2026-entre-las-diez-propuestas-del-jurado-tecnico\/numero-1-plica-3932-ritmo-y-pasion\/'><img loading=\"lazy\" decoding=\"async\" width=\"350\" height=\"500\" src=\"https:\/\/www.laguiadepamplona.com\/actualidad\/wp-content\/uploads\/2026\/04\/Numero-1.-Plica-3932.-Ritmo-y-pasion-350x500.webp\" class=\"attachment-medium size-medium\" alt=\"N\u00famero 1. Plica 3932. Ritmo y pasi\u00f3n\" srcset=\"https:\/\/www.laguiadepamplona.com\/actualidad\/wp-content\/uploads\/2026\/04\/Numero-1.-Plica-3932.-Ritmo-y-pasion-350x500.webp 350w, https:\/\/www.laguiadepamplona.com\/actualidad\/wp-content\/uploads\/2026\/04\/Numero-1.-Plica-3932.-Ritmo-y-pasion-717x1024.webp 717w, https:\/\/www.laguiadepamplona.com\/actualidad\/wp-content\/uploads\/2026\/04\/Numero-1.-Plica-3932.-Ritmo-y-pasion-105x150.webp 105w, https:\/\/www.laguiadepamplona.com\/actualidad\/wp-content\/uploads\/2026\/04\/Numero-1.-Plica-3932.-Ritmo-y-pasion-768x1097.webp 768w, https:\/\/www.laguiadepamplona.com\/actualidad\/wp-content\/uploads\/2026\/04\/Numero-1.-Plica-3932.-Ritmo-y-pasion-580x829.webp 580w, https:\/\/www.laguiadepamplona.com\/actualidad\/wp-content\/uploads\/2026\/04\/Numero-1.-Plica-3932.-Ritmo-y-pasion-860x1229.webp 860w, https:\/\/www.laguiadepamplona.com\/actualidad\/wp-content\/uploads\/2026\/04\/Numero-1.-Plica-3932.-Ritmo-y-pasion-640x915.webp 640w, https:\/\/www.laguiadepamplona.com\/actualidad\/wp-content\/uploads\/2026\/04\/Numero-1.-Plica-3932.-Ritmo-y-pasion.webp 1000w\" sizes=\"auto, (max-width: 350px) 100vw, 350px\" \/><\/a>\n\t\t\t<\/div><\/figure><figure class='gallery-item'>\n\t\t\t<div class='gallery-icon portrait'>\n\t\t\t\t<a href='https:\/\/www.laguiadepamplona.com\/actualidad\/las-personas-empadronadas-en-pamplona-pueden-votar-hasta-el-4-de-mayo-el-cartel-anunciador-de-san-fermin-2026-entre-las-diez-propuestas-del-jurado-tecnico\/numero-2-plica-3955-juntos\/'><img loading=\"lazy\" decoding=\"async\" width=\"347\" height=\"500\" src=\"https:\/\/www.laguiadepamplona.com\/actualidad\/wp-content\/uploads\/2026\/04\/Numero-2.-Plica-3955.-Juntos-347x500.webp\" class=\"attachment-medium size-medium\" alt=\"N\u00famero 2. Plica 3955. Juntos\" srcset=\"https:\/\/www.laguiadepamplona.com\/actualidad\/wp-content\/uploads\/2026\/04\/Numero-2.-Plica-3955.-Juntos-347x500.webp 347w, https:\/\/www.laguiadepamplona.com\/actualidad\/wp-content\/uploads\/2026\/04\/Numero-2.-Plica-3955.-Juntos-710x1024.webp 710w, https:\/\/www.laguiadepamplona.com\/actualidad\/wp-content\/uploads\/2026\/04\/Numero-2.-Plica-3955.-Juntos-104x150.webp 104w, https:\/\/www.laguiadepamplona.com\/actualidad\/wp-content\/uploads\/2026\/04\/Numero-2.-Plica-3955.-Juntos-768x1108.webp 768w, https:\/\/www.laguiadepamplona.com\/actualidad\/wp-content\/uploads\/2026\/04\/Numero-2.-Plica-3955.-Juntos-580x837.webp 580w, https:\/\/www.laguiadepamplona.com\/actualidad\/wp-content\/uploads\/2026\/04\/Numero-2.-Plica-3955.-Juntos-860x1241.webp 860w, https:\/\/www.laguiadepamplona.com\/actualidad\/wp-content\/uploads\/2026\/04\/Numero-2.-Plica-3955.-Juntos-640x924.webp 640w, https:\/\/www.laguiadepamplona.com\/actualidad\/wp-content\/uploads\/2026\/04\/Numero-2.-Plica-3955.-Juntos.webp 1000w\" sizes=\"auto, (max-width: 347px) 100vw, 347px\" \/><\/a>\n\t\t\t<\/div><\/figure><figure class='gallery-item'>\n\t\t\t<div class='gallery-icon portrait'>\n\t\t\t\t<a href='https:\/\/www.laguiadepamplona.com\/actualidad\/las-personas-empadronadas-en-pamplona-pueden-votar-hasta-el-4-de-mayo-el-cartel-anunciador-de-san-fermin-2026-entre-las-diez-propuestas-del-jurado-tecnico\/numero-3-plica-4059-paz-y-amor-copia\/'><img loading=\"lazy\" decoding=\"async\" width=\"350\" height=\"500\" src=\"https:\/\/www.laguiadepamplona.com\/actualidad\/wp-content\/uploads\/2026\/04\/Numero-3.-Plica-4059.-Paz-y-amor-copia-350x500.webp\" class=\"attachment-medium size-medium\" alt=\"N\u00famero 3. Plica 4059. Paz y amor\" srcset=\"https:\/\/www.laguiadepamplona.com\/actualidad\/wp-content\/uploads\/2026\/04\/Numero-3.-Plica-4059.-Paz-y-amor-copia-350x500.webp 350w, https:\/\/www.laguiadepamplona.com\/actualidad\/wp-content\/uploads\/2026\/04\/Numero-3.-Plica-4059.-Paz-y-amor-copia-717x1024.webp 717w, https:\/\/www.laguiadepamplona.com\/actualidad\/wp-content\/uploads\/2026\/04\/Numero-3.-Plica-4059.-Paz-y-amor-copia-105x150.webp 105w, https:\/\/www.laguiadepamplona.com\/actualidad\/wp-content\/uploads\/2026\/04\/Numero-3.-Plica-4059.-Paz-y-amor-copia-768x1097.webp 768w, https:\/\/www.laguiadepamplona.com\/actualidad\/wp-content\/uploads\/2026\/04\/Numero-3.-Plica-4059.-Paz-y-amor-copia-580x829.webp 580w, https:\/\/www.laguiadepamplona.com\/actualidad\/wp-content\/uploads\/2026\/04\/Numero-3.-Plica-4059.-Paz-y-amor-copia-860x1229.webp 860w, https:\/\/www.laguiadepamplona.com\/actualidad\/wp-content\/uploads\/2026\/04\/Numero-3.-Plica-4059.-Paz-y-amor-copia-640x915.webp 640w, https:\/\/www.laguiadepamplona.com\/actualidad\/wp-content\/uploads\/2026\/04\/Numero-3.-Plica-4059.-Paz-y-amor-copia.webp 1000w\" sizes=\"auto, (max-width: 350px) 100vw, 350px\" \/><\/a>\n\t\t\t<\/div><\/figure><figure class='gallery-item'>\n\t\t\t<div class='gallery-icon portrait'>\n\t\t\t\t<a href='https:\/\/www.laguiadepamplona.com\/actualidad\/las-personas-empadronadas-en-pamplona-pueden-votar-hasta-el-4-de-mayo-el-cartel-anunciador-de-san-fermin-2026-entre-las-diez-propuestas-del-jurado-tecnico\/numero-4-plica-4081-la-cuadrilla\/'><img loading=\"lazy\" decoding=\"async\" width=\"350\" height=\"500\" src=\"https:\/\/www.laguiadepamplona.com\/actualidad\/wp-content\/uploads\/2026\/04\/Numero-4.-Plica-4081.-La-cuadrilla-350x500.webp\" class=\"attachment-medium size-medium\" alt=\"N\u00famero 4. Plica 4081. La cuadrilla\" srcset=\"https:\/\/www.laguiadepamplona.com\/actualidad\/wp-content\/uploads\/2026\/04\/Numero-4.-Plica-4081.-La-cuadrilla-350x500.webp 350w, https:\/\/www.laguiadepamplona.com\/actualidad\/wp-content\/uploads\/2026\/04\/Numero-4.-Plica-4081.-La-cuadrilla-717x1024.webp 717w, https:\/\/www.laguiadepamplona.com\/actualidad\/wp-content\/uploads\/2026\/04\/Numero-4.-Plica-4081.-La-cuadrilla-105x150.webp 105w, https:\/\/www.laguiadepamplona.com\/actualidad\/wp-content\/uploads\/2026\/04\/Numero-4.-Plica-4081.-La-cuadrilla-768x1097.webp 768w, https:\/\/www.laguiadepamplona.com\/actualidad\/wp-content\/uploads\/2026\/04\/Numero-4.-Plica-4081.-La-cuadrilla-580x829.webp 580w, https:\/\/www.laguiadepamplona.com\/actualidad\/wp-content\/uploads\/2026\/04\/Numero-4.-Plica-4081.-La-cuadrilla-860x1229.webp 860w, https:\/\/www.laguiadepamplona.com\/actualidad\/wp-content\/uploads\/2026\/04\/Numero-4.-Plica-4081.-La-cuadrilla-640x915.webp 640w, https:\/\/www.laguiadepamplona.com\/actualidad\/wp-content\/uploads\/2026\/04\/Numero-4.-Plica-4081.-La-cuadrilla.webp 1000w\" sizes=\"auto, (max-width: 350px) 100vw, 350px\" \/><\/a>\n\t\t\t<\/div><\/figure><figure class='gallery-item'>\n\t\t\t<div class='gallery-icon portrait'>\n\t\t\t\t<a href='https:\/\/www.laguiadepamplona.com\/actualidad\/las-personas-empadronadas-en-pamplona-pueden-votar-hasta-el-4-de-mayo-el-cartel-anunciador-de-san-fermin-2026-entre-las-diez-propuestas-del-jurado-tecnico\/numero-5-plica-4117-esther-arata-presenta-el-gran-lio-de-colores-letra-y-numeros-copia\/'><img loading=\"lazy\" decoding=\"async\" width=\"350\" height=\"500\" src=\"https:\/\/www.laguiadepamplona.com\/actualidad\/wp-content\/uploads\/2026\/04\/Numero-5.-Plica-4117.-Esther-Arata-presenta-el-gran-lio-de-colores-letra-y-numeros-copia-350x500.webp\" class=\"attachment-medium size-medium\" alt=\"N\u00famero 5. Plica 4117. Esther Arata presenta el gran l\u00edo de colores, letra y n\u00fameros\" srcset=\"https:\/\/www.laguiadepamplona.com\/actualidad\/wp-content\/uploads\/2026\/04\/Numero-5.-Plica-4117.-Esther-Arata-presenta-el-gran-lio-de-colores-letra-y-numeros-copia-350x500.webp 350w, https:\/\/www.laguiadepamplona.com\/actualidad\/wp-content\/uploads\/2026\/04\/Numero-5.-Plica-4117.-Esther-Arata-presenta-el-gran-lio-de-colores-letra-y-numeros-copia-717x1024.webp 717w, https:\/\/www.laguiadepamplona.com\/actualidad\/wp-content\/uploads\/2026\/04\/Numero-5.-Plica-4117.-Esther-Arata-presenta-el-gran-lio-de-colores-letra-y-numeros-copia-105x150.webp 105w, https:\/\/www.laguiadepamplona.com\/actualidad\/wp-content\/uploads\/2026\/04\/Numero-5.-Plica-4117.-Esther-Arata-presenta-el-gran-lio-de-colores-letra-y-numeros-copia-768x1097.webp 768w, https:\/\/www.laguiadepamplona.com\/actualidad\/wp-content\/uploads\/2026\/04\/Numero-5.-Plica-4117.-Esther-Arata-presenta-el-gran-lio-de-colores-letra-y-numeros-copia-580x829.webp 580w, https:\/\/www.laguiadepamplona.com\/actualidad\/wp-content\/uploads\/2026\/04\/Numero-5.-Plica-4117.-Esther-Arata-presenta-el-gran-lio-de-colores-letra-y-numeros-copia-860x1229.webp 860w, https:\/\/www.laguiadepamplona.com\/actualidad\/wp-content\/uploads\/2026\/04\/Numero-5.-Plica-4117.-Esther-Arata-presenta-el-gran-lio-de-colores-letra-y-numeros-copia-640x915.webp 640w, https:\/\/www.laguiadepamplona.com\/actualidad\/wp-content\/uploads\/2026\/04\/Numero-5.-Plica-4117.-Esther-Arata-presenta-el-gran-lio-de-colores-letra-y-numeros-copia.webp 1000w\" sizes=\"auto, (max-width: 350px) 100vw, 350px\" \/><\/a>\n\t\t\t<\/div><\/figure><figure class='gallery-item'>\n\t\t\t<div class='gallery-icon portrait'>\n\t\t\t\t<a href='https:\/\/www.laguiadepamplona.com\/actualidad\/las-personas-empadronadas-en-pamplona-pueden-votar-hasta-el-4-de-mayo-el-cartel-anunciador-de-san-fermin-2026-entre-las-diez-propuestas-del-jurado-tecnico\/numero-6-plica-4163-las-piezas-de-la-fiesta-copia\/'><img loading=\"lazy\" decoding=\"async\" width=\"350\" height=\"500\" src=\"https:\/\/www.laguiadepamplona.com\/actualidad\/wp-content\/uploads\/2026\/04\/Numero-6.-Plica-4163.-Las-piezas-de-la-fiesta-copia-350x500.webp\" class=\"attachment-medium size-medium\" alt=\"N\u00famero 6. Plica 4163. Las piezas de la fiesta\" srcset=\"https:\/\/www.laguiadepamplona.com\/actualidad\/wp-content\/uploads\/2026\/04\/Numero-6.-Plica-4163.-Las-piezas-de-la-fiesta-copia-350x500.webp 350w, https:\/\/www.laguiadepamplona.com\/actualidad\/wp-content\/uploads\/2026\/04\/Numero-6.-Plica-4163.-Las-piezas-de-la-fiesta-copia-717x1024.webp 717w, https:\/\/www.laguiadepamplona.com\/actualidad\/wp-content\/uploads\/2026\/04\/Numero-6.-Plica-4163.-Las-piezas-de-la-fiesta-copia-105x150.webp 105w, https:\/\/www.laguiadepamplona.com\/actualidad\/wp-content\/uploads\/2026\/04\/Numero-6.-Plica-4163.-Las-piezas-de-la-fiesta-copia-768x1097.webp 768w, https:\/\/www.laguiadepamplona.com\/actualidad\/wp-content\/uploads\/2026\/04\/Numero-6.-Plica-4163.-Las-piezas-de-la-fiesta-copia-580x829.webp 580w, https:\/\/www.laguiadepamplona.com\/actualidad\/wp-content\/uploads\/2026\/04\/Numero-6.-Plica-4163.-Las-piezas-de-la-fiesta-copia-860x1229.webp 860w, https:\/\/www.laguiadepamplona.com\/actualidad\/wp-content\/uploads\/2026\/04\/Numero-6.-Plica-4163.-Las-piezas-de-la-fiesta-copia-640x915.webp 640w, https:\/\/www.laguiadepamplona.com\/actualidad\/wp-content\/uploads\/2026\/04\/Numero-6.-Plica-4163.-Las-piezas-de-la-fiesta-copia.webp 1000w\" sizes=\"auto, (max-width: 350px) 100vw, 350px\" \/><\/a>\n\t\t\t<\/div><\/figure><figure class='gallery-item'>\n\t\t\t<div class='gallery-icon portrait'>\n\t\t\t\t<a href='https:\/\/www.laguiadepamplona.com\/actualidad\/las-personas-empadronadas-en-pamplona-pueden-votar-hasta-el-4-de-mayo-el-cartel-anunciador-de-san-fermin-2026-entre-las-diez-propuestas-del-jurado-tecnico\/numero-7-plica-4285-venir-ver-vivir\/'><img loading=\"lazy\" decoding=\"async\" width=\"352\" height=\"500\" src=\"https:\/\/www.laguiadepamplona.com\/actualidad\/wp-content\/uploads\/2026\/04\/Numero-7.-Plica-4285.-Venir-ver\u2026-\u00a1Vivir-352x500.webp\" class=\"attachment-medium size-medium\" alt=\"N\u00famero 7. Plica 4285. Venir, ver\u2026 \u00a1Vivir!\" srcset=\"https:\/\/www.laguiadepamplona.com\/actualidad\/wp-content\/uploads\/2026\/04\/Numero-7.-Plica-4285.-Venir-ver\u2026-\u00a1Vivir-352x500.webp 352w, https:\/\/www.laguiadepamplona.com\/actualidad\/wp-content\/uploads\/2026\/04\/Numero-7.-Plica-4285.-Venir-ver\u2026-\u00a1Vivir-720x1024.webp 720w, https:\/\/www.laguiadepamplona.com\/actualidad\/wp-content\/uploads\/2026\/04\/Numero-7.-Plica-4285.-Venir-ver\u2026-\u00a1Vivir-105x150.webp 105w, https:\/\/www.laguiadepamplona.com\/actualidad\/wp-content\/uploads\/2026\/04\/Numero-7.-Plica-4285.-Venir-ver\u2026-\u00a1Vivir-768x1092.webp 768w, https:\/\/www.laguiadepamplona.com\/actualidad\/wp-content\/uploads\/2026\/04\/Numero-7.-Plica-4285.-Venir-ver\u2026-\u00a1Vivir-580x825.webp 580w, https:\/\/www.laguiadepamplona.com\/actualidad\/wp-content\/uploads\/2026\/04\/Numero-7.-Plica-4285.-Venir-ver\u2026-\u00a1Vivir-860x1223.webp 860w, https:\/\/www.laguiadepamplona.com\/actualidad\/wp-content\/uploads\/2026\/04\/Numero-7.-Plica-4285.-Venir-ver\u2026-\u00a1Vivir-640x910.webp 640w, https:\/\/www.laguiadepamplona.com\/actualidad\/wp-content\/uploads\/2026\/04\/Numero-7.-Plica-4285.-Venir-ver\u2026-\u00a1Vivir.webp 1000w\" sizes=\"auto, (max-width: 352px) 100vw, 352px\" \/><\/a>\n\t\t\t<\/div><\/figure><figure class='gallery-item'>\n\t\t\t<div class='gallery-icon portrait'>\n\t\t\t\t<a href='https:\/\/www.laguiadepamplona.com\/actualidad\/las-personas-empadronadas-en-pamplona-pueden-votar-hasta-el-4-de-mayo-el-cartel-anunciador-de-san-fermin-2026-entre-las-diez-propuestas-del-jurado-tecnico\/numero-8-plica-4372-postal-de-san-fermin-la-noche-encendida\/'><img loading=\"lazy\" decoding=\"async\" width=\"350\" height=\"500\" src=\"https:\/\/www.laguiadepamplona.com\/actualidad\/wp-content\/uploads\/2026\/04\/Numero-8.-Plica-4372.-Postal-de-San-Fermin-la-noche-encendida-350x500.webp\" class=\"attachment-medium size-medium\" alt=\"N\u00famero 8. Plica 4372. Postal de San Ferm\u00edn la noche encendida\" srcset=\"https:\/\/www.laguiadepamplona.com\/actualidad\/wp-content\/uploads\/2026\/04\/Numero-8.-Plica-4372.-Postal-de-San-Fermin-la-noche-encendida-350x500.webp 350w, https:\/\/www.laguiadepamplona.com\/actualidad\/wp-content\/uploads\/2026\/04\/Numero-8.-Plica-4372.-Postal-de-San-Fermin-la-noche-encendida-717x1024.webp 717w, https:\/\/www.laguiadepamplona.com\/actualidad\/wp-content\/uploads\/2026\/04\/Numero-8.-Plica-4372.-Postal-de-San-Fermin-la-noche-encendida-105x150.webp 105w, https:\/\/www.laguiadepamplona.com\/actualidad\/wp-content\/uploads\/2026\/04\/Numero-8.-Plica-4372.-Postal-de-San-Fermin-la-noche-encendida-768x1097.webp 768w, https:\/\/www.laguiadepamplona.com\/actualidad\/wp-content\/uploads\/2026\/04\/Numero-8.-Plica-4372.-Postal-de-San-Fermin-la-noche-encendida-580x829.webp 580w, https:\/\/www.laguiadepamplona.com\/actualidad\/wp-content\/uploads\/2026\/04\/Numero-8.-Plica-4372.-Postal-de-San-Fermin-la-noche-encendida-860x1229.webp 860w, https:\/\/www.laguiadepamplona.com\/actualidad\/wp-content\/uploads\/2026\/04\/Numero-8.-Plica-4372.-Postal-de-San-Fermin-la-noche-encendida-640x915.webp 640w, https:\/\/www.laguiadepamplona.com\/actualidad\/wp-content\/uploads\/2026\/04\/Numero-8.-Plica-4372.-Postal-de-San-Fermin-la-noche-encendida.webp 1000w\" sizes=\"auto, (max-width: 350px) 100vw, 350px\" \/><\/a>\n\t\t\t<\/div><\/figure><figure class='gallery-item'>\n\t\t\t<div class='gallery-icon portrait'>\n\t\t\t\t<a href='https:\/\/www.laguiadepamplona.com\/actualidad\/las-personas-empadronadas-en-pamplona-pueden-votar-hasta-el-4-de-mayo-el-cartel-anunciador-de-san-fermin-2026-entre-las-diez-propuestas-del-jurado-tecnico\/numero-9-plica-4384-rostro-de-tradicion-copia\/'><img loading=\"lazy\" decoding=\"async\" width=\"350\" height=\"500\" src=\"https:\/\/www.laguiadepamplona.com\/actualidad\/wp-content\/uploads\/2026\/04\/Numero-9.-Plica-4384.-Rostro-de-tradicion-copia-350x500.webp\" class=\"attachment-medium size-medium\" alt=\"N\u00famero 9. Plica 4384. Rostro de tradici\u00f3n\" srcset=\"https:\/\/www.laguiadepamplona.com\/actualidad\/wp-content\/uploads\/2026\/04\/Numero-9.-Plica-4384.-Rostro-de-tradicion-copia-350x500.webp 350w, https:\/\/www.laguiadepamplona.com\/actualidad\/wp-content\/uploads\/2026\/04\/Numero-9.-Plica-4384.-Rostro-de-tradicion-copia-717x1024.webp 717w, https:\/\/www.laguiadepamplona.com\/actualidad\/wp-content\/uploads\/2026\/04\/Numero-9.-Plica-4384.-Rostro-de-tradicion-copia-105x150.webp 105w, https:\/\/www.laguiadepamplona.com\/actualidad\/wp-content\/uploads\/2026\/04\/Numero-9.-Plica-4384.-Rostro-de-tradicion-copia-768x1097.webp 768w, https:\/\/www.laguiadepamplona.com\/actualidad\/wp-content\/uploads\/2026\/04\/Numero-9.-Plica-4384.-Rostro-de-tradicion-copia-580x829.webp 580w, https:\/\/www.laguiadepamplona.com\/actualidad\/wp-content\/uploads\/2026\/04\/Numero-9.-Plica-4384.-Rostro-de-tradicion-copia-860x1229.webp 860w, https:\/\/www.laguiadepamplona.com\/actualidad\/wp-content\/uploads\/2026\/04\/Numero-9.-Plica-4384.-Rostro-de-tradicion-copia-640x915.webp 640w, https:\/\/www.laguiadepamplona.com\/actualidad\/wp-content\/uploads\/2026\/04\/Numero-9.-Plica-4384.-Rostro-de-tradicion-copia.webp 1000w\" sizes=\"auto, (max-width: 350px) 100vw, 350px\" \/><\/a>\n\t\t\t<\/div><\/figure><figure class='gallery-item'>\n\t\t\t<div class='gallery-icon portrait'>\n\t\t\t\t<a href='https:\/\/www.laguiadepamplona.com\/actualidad\/las-personas-empadronadas-en-pamplona-pueden-votar-hasta-el-4-de-mayo-el-cartel-anunciador-de-san-fermin-2026-entre-las-diez-propuestas-del-jurado-tecnico\/numero-10-plica-4390-todo-empieza-en-rojo\/'><img loading=\"lazy\" decoding=\"async\" width=\"350\" height=\"500\" src=\"https:\/\/www.laguiadepamplona.com\/actualidad\/wp-content\/uploads\/2026\/04\/Numero-10.-Plica-4390.-Todo-empieza-en-rojo-350x500.jpg\" class=\"attachment-medium size-medium\" alt=\"N\u00famero 10. Plica 4390. Todo empieza en rojo\" srcset=\"https:\/\/www.laguiadepamplona.com\/actualidad\/wp-content\/uploads\/2026\/04\/Numero-10.-Plica-4390.-Todo-empieza-en-rojo-350x500.jpg 350w, https:\/\/www.laguiadepamplona.com\/actualidad\/wp-content\/uploads\/2026\/04\/Numero-10.-Plica-4390.-Todo-empieza-en-rojo-717x1024.jpg 717w, https:\/\/www.laguiadepamplona.com\/actualidad\/wp-content\/uploads\/2026\/04\/Numero-10.-Plica-4390.-Todo-empieza-en-rojo-105x150.jpg 105w, https:\/\/www.laguiadepamplona.com\/actualidad\/wp-content\/uploads\/2026\/04\/Numero-10.-Plica-4390.-Todo-empieza-en-rojo-768x1097.jpg 768w, https:\/\/www.laguiadepamplona.com\/actualidad\/wp-content\/uploads\/2026\/04\/Numero-10.-Plica-4390.-Todo-empieza-en-rojo-1075x1536.jpg 1075w, https:\/\/www.laguiadepamplona.com\/actualidad\/wp-content\/uploads\/2026\/04\/Numero-10.-Plica-4390.-Todo-empieza-en-rojo-1434x2048.jpg 1434w, https:\/\/www.laguiadepamplona.com\/actualidad\/wp-content\/uploads\/2026\/04\/Numero-10.-Plica-4390.-Todo-empieza-en-rojo-580x829.jpg 580w, https:\/\/www.laguiadepamplona.com\/actualidad\/wp-content\/uploads\/2026\/04\/Numero-10.-Plica-4390.-Todo-empieza-en-rojo-860x1229.jpg 860w, https:\/\/www.laguiadepamplona.com\/actualidad\/wp-content\/uploads\/2026\/04\/Numero-10.-Plica-4390.-Todo-empieza-en-rojo-1160x1657.jpg 1160w, https:\/\/www.laguiadepamplona.com\/actualidad\/wp-content\/uploads\/2026\/04\/Numero-10.-Plica-4390.-Todo-empieza-en-rojo-640x914.jpg 640w, https:\/\/www.laguiadepamplona.com\/actualidad\/wp-content\/uploads\/2026\/04\/Numero-10.-Plica-4390.-Todo-empieza-en-rojo-scaled.jpg 1792w\" sizes=\"auto, (max-width: 350px) 100vw, 350px\" \/><\/a>\n\t\t\t<\/div><\/figure>\n\t\t<\/div>\n\n<p>Las personas empadronadas en Pamplona ya pueden votar el cartel anunciador de San Ferm\u00edn 2026. Cuando faltan poco m\u00e1s de dos meses para el inicio de las fiestas, ya se conocen los diez carteles seleccionados por el jurado t\u00e9cnico, entre los 488 presentados. Las diez propuestas, todas diferentes, se pueden visitar en el Palacio del Condestable y est\u00e1n disponibles en las p\u00e1ginas web <a href=\"http:\/\/www.pamplona.es\" target=\"_blank\" rel=\"noopener\">www.pamplona.es<\/a> y <a href=\"http:\/\/www.pamplonaescultura.es\" target=\"_blank\" rel=\"noopener\">www.pamplonaescultura.es<\/a>.<\/p>\n<p>La ciudadan\u00eda podr\u00e1 emitir un \u00fanico voto por persona, hasta el lunes 4 de mayo, a trav\u00e9s de tres v\u00edas: en el Tel\u00e9fono de Atenci\u00f3n Ciudadana 010 (948 420 100 si se llama desde la red m\u00f3vil o desde fuera de Pamplona) y, presencialmente, en todos los centros de la red Civivox, en las urnas instaladas; en ambos casos, la votaci\u00f3n se cerrar\u00e1 el d\u00eda 4, lunes, a las 22 horas. Tambi\u00e9n se puede votar telem\u00e1ticamente, en las web <a href=\"http:\/\/www.pamplona.es\" target=\"_blank\" rel=\"noopener\">www.pamplona.es<\/a> y <a href=\"http:\/\/www.pamplonaescultura.es\" target=\"_blank\" rel=\"noopener\">www.pamplonaescultura.es<\/a>, hasta las 23.59 horas del lunes 4.<\/p>\n<p>Las principales novedades en el certamen del Cartel de San Ferm\u00edn 2026 las ha dado a conocer en rueda de prensa la concejala de Cultura, Fiestas y Deporte, Maider Beloki Unzu, y el director del \u00e1rea, \u00cd\u00f1igo G\u00f3mez Egu\u00edluz, quienes han presentado, junto a las personas integrantes del jurado profesional, los diez carteles seleccionados. Estas diez obras, con su n\u00famero para la votaci\u00f3n y su n\u00famero de plica, son las siguientes:<\/p>\n<ul>\n<li>N\u00famero 1. Plica 3932. Ritmo y pasi\u00f3n<\/li>\n<li>N\u00famero 2. Plica 3955. Juntos<\/li>\n<li>N\u00famero 3. Plica 4059. Paz y amor<\/li>\n<li>N\u00famero 4. Plica 4081. La cuadrilla<\/li>\n<li>N\u00famero 5. Plica 4117. Esther Arata presenta el gran l\u00edo de colores, letra y n\u00fameros<\/li>\n<li>N\u00famero 6. Plica 4163. Las piezas de la fiesta<\/li>\n<li>N\u00famero 7. Plica 4285. Venir, ver\u2026 \u00a1Vivir!<\/li>\n<li>N\u00famero 8. Plica 4372. Postal de San Ferm\u00edn: la noche encendida<\/li>\n<li>N\u00famero 9. Plica 4384. Rostro de tradici\u00f3n<\/li>\n<li>N\u00famero 10. Plica 4390. Todo empieza en rojo<\/li>\n<\/ul>\n<p>&nbsp;<\/p>\n<p>Entre los m\u00e1s de 488 trabajos presentados, la selecci\u00f3n de los 10 finalistas pone de relieve la amplitud y diversidad de propuestas recibidas. En ellos conviven miradas muy distintas, aunque con una presencia destacada de elementos ic\u00f3nicos del imaginario sanferminero, como el Santo, el encierro, la comparsa o la m\u00fasica. A su vez, la variedad tambi\u00e9n se refleja en las t\u00e9cnicas empleadas, que abarcan desde la imagen digital hasta la ilustraci\u00f3n, el collage o el dibujo. El resultado es una muestra equilibrada que combina tradici\u00f3n y contemporaneidad, y que evidencia la riqueza creativa en torno a las fiestas.<\/p>\n<p>Una de las diez propuestas ser\u00e1 la ganadora, tras la votaci\u00f3n popular, y adem\u00e1s de anunciar las fiestas de San Ferm\u00edn, recibir\u00e1 un premio de 5.000 euros. Los nueve trabajos restantes recibir\u00e1n su correspondiente acc\u00e9sit de 500 euros, en concepto del trabajo dedicado a la participaci\u00f3n en la fase final del certamen.<\/p>\n<p>En esta fase del concurso, las bases indican expresamente que est\u00e1 prohibido difundir la autor\u00eda de ninguna de las obras participantes. La participaci\u00f3n en el concurso es an\u00f3nima y ha de mantenerse as\u00ed durante todas las fases del concurso. No se pueden difundir im\u00e1genes de los carteles, seleccionados o no, ni su autor\u00eda por parte de las personas participantes hasta que se haya realizado la presentaci\u00f3n oficial del cartel ganador.<\/p>\n<p>El incumplimiento de las bases en relaci\u00f3n a la obligaci\u00f3n de anonimato tendr\u00e1 la consideraci\u00f3n de infracci\u00f3n grave. La sanci\u00f3n por esta infracci\u00f3n grave supondr\u00e1, adem\u00e1s de la exclusi\u00f3n autom\u00e1tica de esta edici\u00f3n, la imposibilidad de presentarse al concurso durante un per\u00edodo de 3 a\u00f1os. No podr\u00e1n ser susceptibles de ser galardonadas aquellas obras que sean creadas \u00edntegra y\/ o parcialmente por inteligencia artificial.<\/p>\n<p>El jurado de la edici\u00f3n de 2026 ha estado integrado por el director del \u00e1rea de Cultura, Fiestas, y Deporte, \u00cd\u00f1igo G\u00f3mez Egu\u00edluz, quien ha ejercido como presidente del jurado. Como vocales, han participado el profesor de la Escuela de Arte y Superior de Dise\u00f1o de Pamplona Roberto Barbero Go\u00f1i; el arquitecto t\u00e9cnico, ilustrador y dibujante de c\u00f3mic Agust\u00edn Ferrer Casas; la ilustradora e integrante de Euskal Irudigileak Maite Mutuberria Larraiotz; la dise\u00f1adora en Estudio Errea, miembro de la Asociaci\u00f3n Navarra de Empresas de Comunicaci\u00f3n, Ana P\u00e9rez Errea; la licenciada en bellas artes y artista pl\u00e1stica Amaya Suberviola Garc\u00eda; y el t\u00e9cnico de Artes Pl\u00e1sticas del Ayuntamiento de Pamplona Javier Manzanos Garayoa. Como secretaria, ha ejercido Lidia Aguerri Hermoso de Mendoza, administrativa del \u00e1rea de Cultura, Fiestas y Deporte.<\/p>\n<p><strong>C\u00f3mo participar en la votaci\u00f3n popular<\/strong><\/p>\n<p>Las personas empadronadas en Pamplona que quieran participar en la votaci\u00f3n pueden votar desde las webs municipales <a href=\"http:\/\/www.pamplona.es\" target=\"_blank\" rel=\"noopener\">www.pamplona.es<\/a> y <a href=\"http:\/\/www.pamplonaescultura.es\" target=\"_blank\" rel=\"noopener\">www.pamplonaescultura.es<\/a>. Para poder emitir su voto, deber\u00e1n contar con una direcci\u00f3n de correo electr\u00f3nico. Una vez realizada su elecci\u00f3n entre las diez propuestas, deber\u00e1n rellenar un formulario en el que se solicita su n\u00famero de DNI, NIE o pasaporte completo (incluidas las letras), as\u00ed como su nombre y apellido y un email de validaci\u00f3n. El sistema enviar\u00e1 un enlace a la direcci\u00f3n de correo electr\u00f3nica facilitada, que habr\u00e1 que validar para poder hacer efectivo el voto. \u00danicamente se permitir\u00e1 una votaci\u00f3n por persona.<\/p>\n<p>Las personas que voten a trav\u00e9s del Tel\u00e9fono de Atenci\u00f3n Ciudadana 010 \u2013 948 420 100 tendr\u00e1n que aportar tambi\u00e9n su n\u00famero de DNI, NIE o pasaporte completo (incluidas las letras), as\u00ed como su nombre y apellido. Para la votaci\u00f3n presencial, se puede acudir a los centros de la Red Civivox y utilizar las papeletas disponibles, en las que hay que introducir el DNI. Todos los datos se contrastar\u00e1n para evitar duplicidades.<\/p>\n<p>Esta votaci\u00f3n popular ser\u00e1 la decimos\u00e9ptima para elegir el cartel anunciador de los Sanfermines, un procedimiento participativo que se inici\u00f3 en 2008 y que no se llev\u00f3 a cabo en los a\u00f1os 2020 y 2021, debido a la pandemia del coronavirus que llev\u00f3 a la suspensi\u00f3n de las fiestas.<\/p>\n<p><strong>Una participaci\u00f3n que se mantiene<\/strong><\/p>\n<p>La presente edici\u00f3n del concurso del cartel anunciador ha recibido 488 trabajos, una cifra similar a la del a\u00f1o pasado, con 490. Entre esas 488 propuestas, 291, el 59,6% del total, han llegado desde Navarra, y ocho, desde el extranjero: tres desde Estados Unidos, uno de Canad\u00e1, otro de Francia, uno de Reino Unido, otro de Ecuador y uno de Andorra.<\/p>\n<p>De las 291 propuestas navarras, 160 proceden de Pamplona, m\u00e1s de la mitad, y 189, de otras comunidades, sobre todo, de Madrid, con 40 trabajos y de Pa\u00eds Vasco, con 37: 17 de Gipuzkoa, 15 de Bizkaia y 5 de \u00c1lava. Desde la Comunidad Valenciana se han recibido 23: 11 de Valencia, 6 de Alicante y 6 de Castell\u00f3n; 18 desde Catalu\u00f1a: 16 de Barcelona y 2 de Girona; 17 de Castilla y Le\u00f3n: 7 de Burgos, 3 de Soria y 3 de Le\u00f3n, entre otros; 16 de Andaluc\u00eda: 5 de Sevilla, 3 de C\u00e1diz, 3 de M\u00e1laga y 2 de Almer\u00eda, entre otros; 15 de Arag\u00f3n: 11 de Zaragoza y 3 de Huesca, entre otros; 6 de Castilla La Mancha, 4 de Galicia y 3 de La Rioja. Adem\u00e1s, ha habido presencia de otras provincias, aunque con una participaci\u00f3n m\u00e1s minoritaria como, por ejemplo, dos de Cantabria, y otras dos de Baleares, entre otras.<\/p>\n<p>Por edades, predominan las personas de entre 30 y 49 a\u00f1os, con 193 trabajos realizados, y destacan los 168 trabajos presentados por personas de m\u00e1s de 50 a\u00f1os. Se han presentado 18 carteles de personas menores de 18 a\u00f1os y 109 de personas de entre 19 y 29 a\u00f1os. Por g\u00e9nero, los autores masculinos son mayoritarios, con el 57,3% de la participaci\u00f3n, frente al 41,8% de autoras, una brecha que se va acortando con los a\u00f1os.<\/p>\n<p>&nbsp;<\/p>\n<h3>Finalistas del Concurso del Cartel de San Ferm\u00edn 2026. Valoraci\u00f3n del jurado<\/h3>\n<ul>\n<li><strong>N\u00famero 1. Plica: 3932. T\u00edtulo del cartel: Ritmo y pasi\u00f3n<\/strong>\n<ul>\n<li>Es la definici\u00f3n perfecta de un cartel, rotundo y con una identidad visual muy potente. El minotauro recoge elementos perfectamente reconocibles de la fiesta como son el toro, el chupinazo y la indumentaria sanferminera. La paleta de colores es reducida y, al mismo tiempo, vibrante. Adem\u00e1s, se percibe un homenaje al dise\u00f1ador gr\u00e1fico Saul Bass, autor de carteles tan ic\u00f3nicos como el de Anatom\u00eda de un asesinato, de Otto Preminger.<\/li>\n<\/ul>\n<\/li>\n<li><strong>N\u00famero 2. Plica: 3955. T\u00edtulo del cartel: Juntos<\/strong>\n<ul>\n<li>La obra realizada mediante t\u00e9cnica pict\u00f3rica le aporta humanidad y personalidad al dise\u00f1o del cartel. Los personajes est\u00e1n juntos y a su vez separados por un espacio rojo que remite a las fiestas, sugiriendo el flujo y trasiego de gente tan propio de las fechas se\u00f1aladas. Es de apreciar que el texto ocupa el hueco que rellenar\u00eda una persona, estando mimetizado con la imagen. La vista cenital de la escena aporta una percepci\u00f3n de conjunto, entendiendo los individuos como una unidad.<\/li>\n<\/ul>\n<\/li>\n<li><strong>N\u00famero 3. Plica: 4059. T\u00edtulo del cartel: Paz y amor<\/strong>\n<ul>\n<li>El cartel utiliza ingredientes formales de los t\u00f3picos sanfermineros en un gesto de amable rebeld\u00eda. Un desplante inocuo controlado y simb\u00f3lico. Se trata de una imagen desenfadada que nos arranca inicialmente una sonrisa y nos introduce en un contexto festivo de aparente frivolidad.<\/li>\n<\/ul>\n<\/li>\n<\/ul>\n<p>No obstante, la simplicidad de sus siluetas y los trazos temblorosos y toscos, conforman una imagen rotunda y directa. La sencillez en el tratamiento gr\u00e1fico y el uso del color le confieren \u2014sorprendentemente\u2014 un car\u00e1cter delicado y amable. Tal vez ingenua, pero sin duda pertinente invitaci\u00f3n a la paz, si queremos festejar algo en el actual contexto b\u00e9lico.<\/p>\n<ul>\n<li><strong>N\u00famero 4. Plica: 4081. T\u00edtulo del cartel: La cuadrilla<\/strong>\n<ul>\n<li>El cartel consigue transmitir con acierto la esencia de los Sanfermines, reflejando la riqueza de momentos, tradiciones y vivencias que conforman las fiestas. Destaca por su gran actividad y dinamismo, con una composici\u00f3n muy viva y llena de escenas que evocan el car\u00e1cter colectivo y participativo.<\/li>\n<\/ul>\n<\/li>\n<\/ul>\n<p>El uso del color aporta calidez y energ\u00eda. La abundancia de elementos genera un cierto <em>horror vacui<\/em>, pero al mismo tiempo contribuye a esa sensaci\u00f3n de intensidad y desenfreno propia de los Sanfermines. En conjunto, es una propuesta muy expresiva y cargada de identidad local.<\/p>\n<ul>\n<li><strong>N\u00famero 5. Plica: 4117. T\u00edtulo del cartel: Esther Arata presenta el gran l\u00edo de colores, letra y n\u00fameros<\/strong>\n<ul>\n<li>Cartel atrevido donde la emoci\u00f3n y la fuerza del trazo importan m\u00e1s que la perfecci\u00f3n t\u00e9cnica. Fusiona el grafiti callejero con un cierto primitivismo de trazos r\u00e1pidos y toscos que generan una atm\u00f3sfera ca\u00f3tica, cruda y llena de energ\u00eda.<\/li>\n<\/ul>\n<\/li>\n<\/ul>\n<p>Su car\u00e1cter monocromo nos introduce en la fiesta lejos de estereotipos y t\u00f3picos sanfermineros. El tratamiento de la imagen es congruente con la elecci\u00f3n de Esther como representante de la diversidad para personas y colectivos que en ocasiones quedan en segundo plano.<\/p>\n<p>La fiesta de San Ferm\u00edn est\u00e1 en la elecci\u00f3n del personaje de la reina y en el tratamiento que la humaniza, est\u00e1 en la pretendida torpeza, la confusi\u00f3n y el desorden que toma forma se hace finalmente legible. Ese caos ordenado y popular es consustancial a la fiesta de San Ferm\u00edn y este cartel lo ejemplifica con eficacia.<\/p>\n<ul>\n<li><strong>N\u00famero 6. Plica: 4163. T\u00edtulo del cartel: Las piezas de la fiesta<\/strong>\n<ul>\n<li>El cartel representa los Sanfermines como un tejido vivo. A trav\u00e9s de retales de diversas formas y colores simboliza la uni\u00f3n entre diferentes, la costura de diversos momentos, espacios y personas. Lejos de lo digital, las texturas aportan calidez y remiten a la vestimenta sanferminera. Una propuesta abierta que invita a la mirada pausada y a la libre interpretaci\u00f3n.<\/li>\n<\/ul>\n<\/li>\n<li><strong>N\u00famero 7. Plica: 4285. T\u00edtulo del cartel: Venir, ver\u2026 \u00a1Vivir!<\/strong>\n<ul>\n<li>Caravinagre vuelve a hacerse protagonista de la fiesta, esta vez a lomos de un zaldiko \u2013no sabemos si con el benepl\u00e1cito de su tradicional jinete o usurpando arteramente su puesto\u2013. De esta manera, el ic\u00f3nico Kiliki destaca entre el bullicio de una plaza del Ayuntamiento en plena jarana, a la vez que sobresale en medio del juego tipogr\u00e1fico que anuncia San Ferm\u00edn. La vibrante paleta de colores al \u00f3leo de la composici\u00f3n refleja la luminosidad de un festejo que invita, como dice el t\u00edtulo del cartel, a Venir, ver\u2026 \u00a1Vivir!<\/li>\n<\/ul>\n<\/li>\n<li><strong>N\u00famero 8. Plica: 4372. T\u00edtulo del cartel: Postal de San Ferm\u00edn: la noche encendida<\/strong>\n<ul>\n<li>El cartel destaca por situar en el centro los fuegos artificiales como elemento protagonista, captando con acierto ese momento colectivo tan ic\u00f3nico de las fiestas. La composici\u00f3n, estructurada y equilibrada, gu\u00eda la mirada desde el cielo iluminado hasta la Ciudadela y, finalmente, hacia la multitud. La atm\u00f3sfera nocturna est\u00e1 muy bien trabajada, y la presencia de la gente refuerza esa sensaci\u00f3n de \u201cmarabunta\u201d compartida, donde lo individual se diluye en lo colectivo. En conjunto, es una propuesta cuidada y evocadora de los fuegos artificiales.<\/li>\n<\/ul>\n<\/li>\n<li><strong>N\u00famero 9. Plica: 4384. T\u00edtulo del cartel: Rostro de tradici\u00f3n<\/strong>\n<ul>\n<li>El cartel, de composici\u00f3n muy cl\u00e1sica, limpia y elegante, propone un homenaje a la tradici\u00f3n y a la m\u00fasica popular, una de las bases fundamentales que caracterizan el ambiente \u00fanico y genuino de las fiestas de San Ferm\u00edn.<\/li>\n<\/ul>\n<\/li>\n<\/ul>\n<p>Plantea un retrato de medio cuerpo en el que el rostro se invisibiliza en el fondo neutro del cartel, invitando a un protagonismo an\u00f3nimo y colectivo de la m\u00fasica.<\/p>\n<p>La figura de ese gaitero universal no deja de evocarnos a Javier Lacunza, figura clave en el renacimiento de la gaita navarra, fallecido recientemente.<\/p>\n<ul>\n<li><strong>N\u00famero 10. Plica: 4390. T\u00edtulo del cartel: Todo empieza en rojo<\/strong>\n<ul>\n<li>La pureza de lo abstracto. El cohete, uno de los s\u00edmbolos principales de la fiesta, atraviesa el espacio creando una composici\u00f3n bicolor. La tipograf\u00eda es discreta, apenas un \u201capellido\u00bb en la parte inferior del cartel, todo lo dem\u00e1s es un cuadro escuetamente bello en su simpleza.<\/li>\n<\/ul>\n<\/li>\n<\/ul>\n","protected":false},"excerpt":{"rendered":"<p>Cada empadronado puede emitir un \u00fanico voto, a trav\u00e9s de la web municipal, el tel\u00e9fono 010 \u2013 948 420 100 o en las urnas de la Red Civivox<\/p>\n","protected":false},"author":1,"featured_media":54955,"comment_status":"open","ping_status":"closed","sticky":false,"template":"","format":"standard","meta":{"footnotes":""},"categories":[2],"tags":[],"class_list":["post-54954","post","type-post","status-publish","format-standard","has-post-thumbnail","hentry","category-ayuntamiento-pamplona"],"yoast_head":"<!-- This site is optimized with the Yoast SEO plugin v27.3 - https:\/\/yoast.com\/product\/yoast-seo-wordpress\/ -->\n<title>Las personas empadronadas en Pamplona pueden votar, hasta el 4 de mayo, el cartel anunciador de San Ferm\u00edn 2026, entre las diez propuestas del jurado t\u00e9cnico<\/title>\n<meta name=\"description\" content=\"Cada empadronado puede emitir un \u00fanico voto, a trav\u00e9s de la web municipal, el tel\u00e9fono 010 \u2013 948 420 100 o en las urnas de la Red Civivox\" \/>\n<meta name=\"robots\" content=\"index, follow, max-snippet:-1, max-image-preview:large, max-video-preview:-1\" \/>\n<link rel=\"canonical\" href=\"https:\/\/www.laguiadepamplona.com\/actualidad\/las-personas-empadronadas-en-pamplona-pueden-votar-hasta-el-4-de-mayo-el-cartel-anunciador-de-san-fermin-2026-entre-las-diez-propuestas-del-jurado-tecnico\/\" \/>\n<meta property=\"og:locale\" content=\"es_ES\" \/>\n<meta property=\"og:type\" content=\"article\" \/>\n<meta property=\"og:title\" content=\"Las personas empadronadas en Pamplona pueden votar, hasta el 4 de mayo, el cartel anunciador de San Ferm\u00edn 2026, entre las diez propuestas del jurado t\u00e9cnico\" \/>\n<meta property=\"og:description\" content=\"Cada empadronado puede emitir un \u00fanico voto, a trav\u00e9s de la web municipal, el tel\u00e9fono 010 \u2013 948 420 100 o en las urnas de la Red Civivox\" \/>\n<meta property=\"og:url\" content=\"https:\/\/www.laguiadepamplona.com\/actualidad\/las-personas-empadronadas-en-pamplona-pueden-votar-hasta-el-4-de-mayo-el-cartel-anunciador-de-san-fermin-2026-entre-las-diez-propuestas-del-jurado-tecnico\/\" \/>\n<meta property=\"og:site_name\" content=\"La Gu\u00eda de Pamplona\" \/>\n<meta property=\"article:publisher\" content=\"https:\/\/www.facebook.com\/laguiadepamplonacom-133175176762273\/?ref=hl\" \/>\n<meta property=\"article:published_time\" content=\"2026-04-27T10:52:14+00:00\" \/>\n<meta property=\"article:modified_time\" content=\"2026-04-27T10:53:38+00:00\" \/>\n<meta property=\"og:image\" content=\"https:\/\/www.laguiadepamplona.com\/actualidad\/wp-content\/uploads\/2026\/04\/carteles-san-fermin-2026.webp\" \/>\n\t<meta property=\"og:image:width\" content=\"1000\" \/>\n\t<meta property=\"og:image:height\" content=\"565\" \/>\n\t<meta property=\"og:image:type\" content=\"image\/webp\" \/>\n<meta name=\"author\" content=\"La Gu\u00eda de Pamplona\" \/>\n<meta name=\"twitter:card\" content=\"summary_large_image\" \/>\n<meta name=\"twitter:creator\" content=\"@LaGuiadPamplona\" \/>\n<meta name=\"twitter:site\" content=\"@LaGuiadPamplona\" \/>\n<meta name=\"twitter:label1\" content=\"Escrito por\" \/>\n\t<meta name=\"twitter:data1\" content=\"La Gu\u00eda de Pamplona\" \/>\n\t<meta name=\"twitter:label2\" content=\"Tiempo de lectura\" \/>\n\t<meta name=\"twitter:data2\" content=\"11 minutos\" \/>\n<script type=\"application\/ld+json\" class=\"yoast-schema-graph\">{\"@context\":\"https:\\\/\\\/schema.org\",\"@graph\":[{\"@type\":\"Article\",\"@id\":\"https:\\\/\\\/www.laguiadepamplona.com\\\/actualidad\\\/las-personas-empadronadas-en-pamplona-pueden-votar-hasta-el-4-de-mayo-el-cartel-anunciador-de-san-fermin-2026-entre-las-diez-propuestas-del-jurado-tecnico\\\/#article\",\"isPartOf\":{\"@id\":\"https:\\\/\\\/www.laguiadepamplona.com\\\/actualidad\\\/las-personas-empadronadas-en-pamplona-pueden-votar-hasta-el-4-de-mayo-el-cartel-anunciador-de-san-fermin-2026-entre-las-diez-propuestas-del-jurado-tecnico\\\/\"},\"author\":{\"name\":\"La Gu\u00eda de Pamplona\",\"@id\":\"https:\\\/\\\/www.laguiadepamplona.com\\\/actualidad\\\/#\\\/schema\\\/person\\\/efe887376f0213d4657c93adc50b1fdb\"},\"headline\":\"Las personas empadronadas en Pamplona pueden votar, hasta el 4 de mayo, el cartel anunciador de San Ferm\u00edn 2026, entre las diez propuestas del jurado t\u00e9cnico\",\"datePublished\":\"2026-04-27T10:52:14+00:00\",\"dateModified\":\"2026-04-27T10:53:38+00:00\",\"mainEntityOfPage\":{\"@id\":\"https:\\\/\\\/www.laguiadepamplona.com\\\/actualidad\\\/las-personas-empadronadas-en-pamplona-pueden-votar-hasta-el-4-de-mayo-el-cartel-anunciador-de-san-fermin-2026-entre-las-diez-propuestas-del-jurado-tecnico\\\/\"},\"wordCount\":2406,\"commentCount\":0,\"publisher\":{\"@id\":\"https:\\\/\\\/www.laguiadepamplona.com\\\/actualidad\\\/#organization\"},\"image\":{\"@id\":\"https:\\\/\\\/www.laguiadepamplona.com\\\/actualidad\\\/las-personas-empadronadas-en-pamplona-pueden-votar-hasta-el-4-de-mayo-el-cartel-anunciador-de-san-fermin-2026-entre-las-diez-propuestas-del-jurado-tecnico\\\/#primaryimage\"},\"thumbnailUrl\":\"https:\\\/\\\/www.laguiadepamplona.com\\\/actualidad\\\/wp-content\\\/uploads\\\/2026\\\/04\\\/carteles-san-fermin-2026.webp\",\"articleSection\":[\"Ayto Pamplona\"],\"inLanguage\":\"es\",\"potentialAction\":[{\"@type\":\"CommentAction\",\"name\":\"Comment\",\"target\":[\"https:\\\/\\\/www.laguiadepamplona.com\\\/actualidad\\\/las-personas-empadronadas-en-pamplona-pueden-votar-hasta-el-4-de-mayo-el-cartel-anunciador-de-san-fermin-2026-entre-las-diez-propuestas-del-jurado-tecnico\\\/#respond\"]}]},{\"@type\":\"WebPage\",\"@id\":\"https:\\\/\\\/www.laguiadepamplona.com\\\/actualidad\\\/las-personas-empadronadas-en-pamplona-pueden-votar-hasta-el-4-de-mayo-el-cartel-anunciador-de-san-fermin-2026-entre-las-diez-propuestas-del-jurado-tecnico\\\/\",\"url\":\"https:\\\/\\\/www.laguiadepamplona.com\\\/actualidad\\\/las-personas-empadronadas-en-pamplona-pueden-votar-hasta-el-4-de-mayo-el-cartel-anunciador-de-san-fermin-2026-entre-las-diez-propuestas-del-jurado-tecnico\\\/\",\"name\":\"Las personas empadronadas en Pamplona pueden votar, hasta el 4 de mayo, el cartel anunciador de San Ferm\u00edn 2026, entre las diez propuestas del jurado t\u00e9cnico\",\"isPartOf\":{\"@id\":\"https:\\\/\\\/www.laguiadepamplona.com\\\/actualidad\\\/#website\"},\"primaryImageOfPage\":{\"@id\":\"https:\\\/\\\/www.laguiadepamplona.com\\\/actualidad\\\/las-personas-empadronadas-en-pamplona-pueden-votar-hasta-el-4-de-mayo-el-cartel-anunciador-de-san-fermin-2026-entre-las-diez-propuestas-del-jurado-tecnico\\\/#primaryimage\"},\"image\":{\"@id\":\"https:\\\/\\\/www.laguiadepamplona.com\\\/actualidad\\\/las-personas-empadronadas-en-pamplona-pueden-votar-hasta-el-4-de-mayo-el-cartel-anunciador-de-san-fermin-2026-entre-las-diez-propuestas-del-jurado-tecnico\\\/#primaryimage\"},\"thumbnailUrl\":\"https:\\\/\\\/www.laguiadepamplona.com\\\/actualidad\\\/wp-content\\\/uploads\\\/2026\\\/04\\\/carteles-san-fermin-2026.webp\",\"datePublished\":\"2026-04-27T10:52:14+00:00\",\"dateModified\":\"2026-04-27T10:53:38+00:00\",\"description\":\"Cada empadronado puede emitir un \u00fanico voto, a trav\u00e9s de la web municipal, el tel\u00e9fono 010 \u2013 948 420 100 o en las urnas de la Red Civivox\",\"breadcrumb\":{\"@id\":\"https:\\\/\\\/www.laguiadepamplona.com\\\/actualidad\\\/las-personas-empadronadas-en-pamplona-pueden-votar-hasta-el-4-de-mayo-el-cartel-anunciador-de-san-fermin-2026-entre-las-diez-propuestas-del-jurado-tecnico\\\/#breadcrumb\"},\"inLanguage\":\"es\",\"potentialAction\":[{\"@type\":\"ReadAction\",\"target\":[\"https:\\\/\\\/www.laguiadepamplona.com\\\/actualidad\\\/las-personas-empadronadas-en-pamplona-pueden-votar-hasta-el-4-de-mayo-el-cartel-anunciador-de-san-fermin-2026-entre-las-diez-propuestas-del-jurado-tecnico\\\/\"]}]},{\"@type\":\"ImageObject\",\"inLanguage\":\"es\",\"@id\":\"https:\\\/\\\/www.laguiadepamplona.com\\\/actualidad\\\/las-personas-empadronadas-en-pamplona-pueden-votar-hasta-el-4-de-mayo-el-cartel-anunciador-de-san-fermin-2026-entre-las-diez-propuestas-del-jurado-tecnico\\\/#primaryimage\",\"url\":\"https:\\\/\\\/www.laguiadepamplona.com\\\/actualidad\\\/wp-content\\\/uploads\\\/2026\\\/04\\\/carteles-san-fermin-2026.webp\",\"contentUrl\":\"https:\\\/\\\/www.laguiadepamplona.com\\\/actualidad\\\/wp-content\\\/uploads\\\/2026\\\/04\\\/carteles-san-fermin-2026.webp\",\"width\":1000,\"height\":565,\"caption\":\"Carteles San Ferm\u00edn 2026\"},{\"@type\":\"BreadcrumbList\",\"@id\":\"https:\\\/\\\/www.laguiadepamplona.com\\\/actualidad\\\/las-personas-empadronadas-en-pamplona-pueden-votar-hasta-el-4-de-mayo-el-cartel-anunciador-de-san-fermin-2026-entre-las-diez-propuestas-del-jurado-tecnico\\\/#breadcrumb\",\"itemListElement\":[{\"@type\":\"ListItem\",\"position\":1,\"name\":\"Portada\",\"item\":\"https:\\\/\\\/www.laguiadepamplona.com\\\/actualidad\\\/\"},{\"@type\":\"ListItem\",\"position\":2,\"name\":\"Las personas empadronadas en Pamplona pueden votar, hasta el 4 de mayo, el cartel anunciador de San Ferm\u00edn 2026, entre las diez propuestas del jurado t\u00e9cnico\"}]},{\"@type\":\"WebSite\",\"@id\":\"https:\\\/\\\/www.laguiadepamplona.com\\\/actualidad\\\/#website\",\"url\":\"https:\\\/\\\/www.laguiadepamplona.com\\\/actualidad\\\/\",\"name\":\"La gu\u00eda de Pamplona\",\"description\":\"Noticias de Pamplona\",\"publisher\":{\"@id\":\"https:\\\/\\\/www.laguiadepamplona.com\\\/actualidad\\\/#organization\"},\"potentialAction\":[{\"@type\":\"SearchAction\",\"target\":{\"@type\":\"EntryPoint\",\"urlTemplate\":\"https:\\\/\\\/www.laguiadepamplona.com\\\/actualidad\\\/?s={search_term_string}\"},\"query-input\":{\"@type\":\"PropertyValueSpecification\",\"valueRequired\":true,\"valueName\":\"search_term_string\"}}],\"inLanguage\":\"es\"},{\"@type\":\"Organization\",\"@id\":\"https:\\\/\\\/www.laguiadepamplona.com\\\/actualidad\\\/#organization\",\"name\":\"La Gu\u00eda de Pamplona \\\/ Noticias\",\"url\":\"https:\\\/\\\/www.laguiadepamplona.com\\\/actualidad\\\/\",\"logo\":{\"@type\":\"ImageObject\",\"inLanguage\":\"es\",\"@id\":\"https:\\\/\\\/www.laguiadepamplona.com\\\/actualidad\\\/#\\\/schema\\\/logo\\\/image\\\/\",\"url\":\"https:\\\/\\\/www.laguiadepamplona.com\\\/actualidad\\\/wp-content\\\/uploads\\\/2018\\\/11\\\/logo-laguiadepamplona18-web1.png\",\"contentUrl\":\"https:\\\/\\\/www.laguiadepamplona.com\\\/actualidad\\\/wp-content\\\/uploads\\\/2018\\\/11\\\/logo-laguiadepamplona18-web1.png\",\"width\":600,\"height\":196,\"caption\":\"La Gu\u00eda de Pamplona \\\/ Noticias\"},\"image\":{\"@id\":\"https:\\\/\\\/www.laguiadepamplona.com\\\/actualidad\\\/#\\\/schema\\\/logo\\\/image\\\/\"},\"sameAs\":[\"https:\\\/\\\/www.facebook.com\\\/laguiadepamplonacom-133175176762273\\\/?ref=hl\",\"https:\\\/\\\/x.com\\\/LaGuiadPamplona\",\"https:\\\/\\\/www.instagram.com\\\/la_guia_de_pamplona\\\/\",\"https:\\\/\\\/www.youtube.com\\\/user\\\/laguiadepamplona\"]},{\"@type\":\"Person\",\"@id\":\"https:\\\/\\\/www.laguiadepamplona.com\\\/actualidad\\\/#\\\/schema\\\/person\\\/efe887376f0213d4657c93adc50b1fdb\",\"name\":\"La Gu\u00eda de Pamplona\",\"image\":{\"@type\":\"ImageObject\",\"inLanguage\":\"es\",\"@id\":\"https:\\\/\\\/secure.gravatar.com\\\/avatar\\\/b6992f131dc8d30ab0dff15446e9d346d9dbd95992de0fef795073f5ea83a81c?s=96&d=mm&r=g\",\"url\":\"https:\\\/\\\/secure.gravatar.com\\\/avatar\\\/b6992f131dc8d30ab0dff15446e9d346d9dbd95992de0fef795073f5ea83a81c?s=96&d=mm&r=g\",\"contentUrl\":\"https:\\\/\\\/secure.gravatar.com\\\/avatar\\\/b6992f131dc8d30ab0dff15446e9d346d9dbd95992de0fef795073f5ea83a81c?s=96&d=mm&r=g\",\"caption\":\"La Gu\u00eda de Pamplona\"}}]}<\/script>\n<!-- \/ Yoast SEO plugin. -->","yoast_head_json":{"title":"Las personas empadronadas en Pamplona pueden votar, hasta el 4 de mayo, el cartel anunciador de San Ferm\u00edn 2026, entre las diez propuestas del jurado t\u00e9cnico","description":"Cada empadronado puede emitir un \u00fanico voto, a trav\u00e9s de la web municipal, el tel\u00e9fono 010 \u2013 948 420 100 o en las urnas de la Red Civivox","robots":{"index":"index","follow":"follow","max-snippet":"max-snippet:-1","max-image-preview":"max-image-preview:large","max-video-preview":"max-video-preview:-1"},"canonical":"https:\/\/www.laguiadepamplona.com\/actualidad\/las-personas-empadronadas-en-pamplona-pueden-votar-hasta-el-4-de-mayo-el-cartel-anunciador-de-san-fermin-2026-entre-las-diez-propuestas-del-jurado-tecnico\/","og_locale":"es_ES","og_type":"article","og_title":"Las personas empadronadas en Pamplona pueden votar, hasta el 4 de mayo, el cartel anunciador de San Ferm\u00edn 2026, entre las diez propuestas del jurado t\u00e9cnico","og_description":"Cada empadronado puede emitir un \u00fanico voto, a trav\u00e9s de la web municipal, el tel\u00e9fono 010 \u2013 948 420 100 o en las urnas de la Red Civivox","og_url":"https:\/\/www.laguiadepamplona.com\/actualidad\/las-personas-empadronadas-en-pamplona-pueden-votar-hasta-el-4-de-mayo-el-cartel-anunciador-de-san-fermin-2026-entre-las-diez-propuestas-del-jurado-tecnico\/","og_site_name":"La Gu\u00eda de Pamplona","article_publisher":"https:\/\/www.facebook.com\/laguiadepamplonacom-133175176762273\/?ref=hl","article_published_time":"2026-04-27T10:52:14+00:00","article_modified_time":"2026-04-27T10:53:38+00:00","og_image":[{"width":1000,"height":565,"url":"https:\/\/www.laguiadepamplona.com\/actualidad\/wp-content\/uploads\/2026\/04\/carteles-san-fermin-2026.webp","type":"image\/webp"}],"author":"La Gu\u00eda de Pamplona","twitter_card":"summary_large_image","twitter_creator":"@LaGuiadPamplona","twitter_site":"@LaGuiadPamplona","twitter_misc":{"Escrito por":"La Gu\u00eda de Pamplona","Tiempo de lectura":"11 minutos"},"schema":{"@context":"https:\/\/schema.org","@graph":[{"@type":"Article","@id":"https:\/\/www.laguiadepamplona.com\/actualidad\/las-personas-empadronadas-en-pamplona-pueden-votar-hasta-el-4-de-mayo-el-cartel-anunciador-de-san-fermin-2026-entre-las-diez-propuestas-del-jurado-tecnico\/#article","isPartOf":{"@id":"https:\/\/www.laguiadepamplona.com\/actualidad\/las-personas-empadronadas-en-pamplona-pueden-votar-hasta-el-4-de-mayo-el-cartel-anunciador-de-san-fermin-2026-entre-las-diez-propuestas-del-jurado-tecnico\/"},"author":{"name":"La Gu\u00eda de Pamplona","@id":"https:\/\/www.laguiadepamplona.com\/actualidad\/#\/schema\/person\/efe887376f0213d4657c93adc50b1fdb"},"headline":"Las personas empadronadas en Pamplona pueden votar, hasta el 4 de mayo, el cartel anunciador de San Ferm\u00edn 2026, entre las diez propuestas del jurado t\u00e9cnico","datePublished":"2026-04-27T10:52:14+00:00","dateModified":"2026-04-27T10:53:38+00:00","mainEntityOfPage":{"@id":"https:\/\/www.laguiadepamplona.com\/actualidad\/las-personas-empadronadas-en-pamplona-pueden-votar-hasta-el-4-de-mayo-el-cartel-anunciador-de-san-fermin-2026-entre-las-diez-propuestas-del-jurado-tecnico\/"},"wordCount":2406,"commentCount":0,"publisher":{"@id":"https:\/\/www.laguiadepamplona.com\/actualidad\/#organization"},"image":{"@id":"https:\/\/www.laguiadepamplona.com\/actualidad\/las-personas-empadronadas-en-pamplona-pueden-votar-hasta-el-4-de-mayo-el-cartel-anunciador-de-san-fermin-2026-entre-las-diez-propuestas-del-jurado-tecnico\/#primaryimage"},"thumbnailUrl":"https:\/\/www.laguiadepamplona.com\/actualidad\/wp-content\/uploads\/2026\/04\/carteles-san-fermin-2026.webp","articleSection":["Ayto Pamplona"],"inLanguage":"es","potentialAction":[{"@type":"CommentAction","name":"Comment","target":["https:\/\/www.laguiadepamplona.com\/actualidad\/las-personas-empadronadas-en-pamplona-pueden-votar-hasta-el-4-de-mayo-el-cartel-anunciador-de-san-fermin-2026-entre-las-diez-propuestas-del-jurado-tecnico\/#respond"]}]},{"@type":"WebPage","@id":"https:\/\/www.laguiadepamplona.com\/actualidad\/las-personas-empadronadas-en-pamplona-pueden-votar-hasta-el-4-de-mayo-el-cartel-anunciador-de-san-fermin-2026-entre-las-diez-propuestas-del-jurado-tecnico\/","url":"https:\/\/www.laguiadepamplona.com\/actualidad\/las-personas-empadronadas-en-pamplona-pueden-votar-hasta-el-4-de-mayo-el-cartel-anunciador-de-san-fermin-2026-entre-las-diez-propuestas-del-jurado-tecnico\/","name":"Las personas empadronadas en Pamplona pueden votar, hasta el 4 de mayo, el cartel anunciador de San Ferm\u00edn 2026, entre las diez propuestas del jurado t\u00e9cnico","isPartOf":{"@id":"https:\/\/www.laguiadepamplona.com\/actualidad\/#website"},"primaryImageOfPage":{"@id":"https:\/\/www.laguiadepamplona.com\/actualidad\/las-personas-empadronadas-en-pamplona-pueden-votar-hasta-el-4-de-mayo-el-cartel-anunciador-de-san-fermin-2026-entre-las-diez-propuestas-del-jurado-tecnico\/#primaryimage"},"image":{"@id":"https:\/\/www.laguiadepamplona.com\/actualidad\/las-personas-empadronadas-en-pamplona-pueden-votar-hasta-el-4-de-mayo-el-cartel-anunciador-de-san-fermin-2026-entre-las-diez-propuestas-del-jurado-tecnico\/#primaryimage"},"thumbnailUrl":"https:\/\/www.laguiadepamplona.com\/actualidad\/wp-content\/uploads\/2026\/04\/carteles-san-fermin-2026.webp","datePublished":"2026-04-27T10:52:14+00:00","dateModified":"2026-04-27T10:53:38+00:00","description":"Cada empadronado puede emitir un \u00fanico voto, a trav\u00e9s de la web municipal, el tel\u00e9fono 010 \u2013 948 420 100 o en las urnas de la Red Civivox","breadcrumb":{"@id":"https:\/\/www.laguiadepamplona.com\/actualidad\/las-personas-empadronadas-en-pamplona-pueden-votar-hasta-el-4-de-mayo-el-cartel-anunciador-de-san-fermin-2026-entre-las-diez-propuestas-del-jurado-tecnico\/#breadcrumb"},"inLanguage":"es","potentialAction":[{"@type":"ReadAction","target":["https:\/\/www.laguiadepamplona.com\/actualidad\/las-personas-empadronadas-en-pamplona-pueden-votar-hasta-el-4-de-mayo-el-cartel-anunciador-de-san-fermin-2026-entre-las-diez-propuestas-del-jurado-tecnico\/"]}]},{"@type":"ImageObject","inLanguage":"es","@id":"https:\/\/www.laguiadepamplona.com\/actualidad\/las-personas-empadronadas-en-pamplona-pueden-votar-hasta-el-4-de-mayo-el-cartel-anunciador-de-san-fermin-2026-entre-las-diez-propuestas-del-jurado-tecnico\/#primaryimage","url":"https:\/\/www.laguiadepamplona.com\/actualidad\/wp-content\/uploads\/2026\/04\/carteles-san-fermin-2026.webp","contentUrl":"https:\/\/www.laguiadepamplona.com\/actualidad\/wp-content\/uploads\/2026\/04\/carteles-san-fermin-2026.webp","width":1000,"height":565,"caption":"Carteles San Ferm\u00edn 2026"},{"@type":"BreadcrumbList","@id":"https:\/\/www.laguiadepamplona.com\/actualidad\/las-personas-empadronadas-en-pamplona-pueden-votar-hasta-el-4-de-mayo-el-cartel-anunciador-de-san-fermin-2026-entre-las-diez-propuestas-del-jurado-tecnico\/#breadcrumb","itemListElement":[{"@type":"ListItem","position":1,"name":"Portada","item":"https:\/\/www.laguiadepamplona.com\/actualidad\/"},{"@type":"ListItem","position":2,"name":"Las personas empadronadas en Pamplona pueden votar, hasta el 4 de mayo, el cartel anunciador de San Ferm\u00edn 2026, entre las diez propuestas del jurado t\u00e9cnico"}]},{"@type":"WebSite","@id":"https:\/\/www.laguiadepamplona.com\/actualidad\/#website","url":"https:\/\/www.laguiadepamplona.com\/actualidad\/","name":"La gu\u00eda de Pamplona","description":"Noticias de Pamplona","publisher":{"@id":"https:\/\/www.laguiadepamplona.com\/actualidad\/#organization"},"potentialAction":[{"@type":"SearchAction","target":{"@type":"EntryPoint","urlTemplate":"https:\/\/www.laguiadepamplona.com\/actualidad\/?s={search_term_string}"},"query-input":{"@type":"PropertyValueSpecification","valueRequired":true,"valueName":"search_term_string"}}],"inLanguage":"es"},{"@type":"Organization","@id":"https:\/\/www.laguiadepamplona.com\/actualidad\/#organization","name":"La Gu\u00eda de Pamplona \/ Noticias","url":"https:\/\/www.laguiadepamplona.com\/actualidad\/","logo":{"@type":"ImageObject","inLanguage":"es","@id":"https:\/\/www.laguiadepamplona.com\/actualidad\/#\/schema\/logo\/image\/","url":"https:\/\/www.laguiadepamplona.com\/actualidad\/wp-content\/uploads\/2018\/11\/logo-laguiadepamplona18-web1.png","contentUrl":"https:\/\/www.laguiadepamplona.com\/actualidad\/wp-content\/uploads\/2018\/11\/logo-laguiadepamplona18-web1.png","width":600,"height":196,"caption":"La Gu\u00eda de Pamplona \/ Noticias"},"image":{"@id":"https:\/\/www.laguiadepamplona.com\/actualidad\/#\/schema\/logo\/image\/"},"sameAs":["https:\/\/www.facebook.com\/laguiadepamplonacom-133175176762273\/?ref=hl","https:\/\/x.com\/LaGuiadPamplona","https:\/\/www.instagram.com\/la_guia_de_pamplona\/","https:\/\/www.youtube.com\/user\/laguiadepamplona"]},{"@type":"Person","@id":"https:\/\/www.laguiadepamplona.com\/actualidad\/#\/schema\/person\/efe887376f0213d4657c93adc50b1fdb","name":"La Gu\u00eda de Pamplona","image":{"@type":"ImageObject","inLanguage":"es","@id":"https:\/\/secure.gravatar.com\/avatar\/b6992f131dc8d30ab0dff15446e9d346d9dbd95992de0fef795073f5ea83a81c?s=96&d=mm&r=g","url":"https:\/\/secure.gravatar.com\/avatar\/b6992f131dc8d30ab0dff15446e9d346d9dbd95992de0fef795073f5ea83a81c?s=96&d=mm&r=g","contentUrl":"https:\/\/secure.gravatar.com\/avatar\/b6992f131dc8d30ab0dff15446e9d346d9dbd95992de0fef795073f5ea83a81c?s=96&d=mm&r=g","caption":"La Gu\u00eda de Pamplona"}}]}},"post_mailing_queue_ids":[],"_links":{"self":[{"href":"https:\/\/www.laguiadepamplona.com\/actualidad\/wp-json\/wp\/v2\/posts\/54954","targetHints":{"allow":["GET"]}}],"collection":[{"href":"https:\/\/www.laguiadepamplona.com\/actualidad\/wp-json\/wp\/v2\/posts"}],"about":[{"href":"https:\/\/www.laguiadepamplona.com\/actualidad\/wp-json\/wp\/v2\/types\/post"}],"author":[{"embeddable":true,"href":"https:\/\/www.laguiadepamplona.com\/actualidad\/wp-json\/wp\/v2\/users\/1"}],"replies":[{"embeddable":true,"href":"https:\/\/www.laguiadepamplona.com\/actualidad\/wp-json\/wp\/v2\/comments?post=54954"}],"version-history":[{"count":4,"href":"https:\/\/www.laguiadepamplona.com\/actualidad\/wp-json\/wp\/v2\/posts\/54954\/revisions"}],"predecessor-version":[{"id":54969,"href":"https:\/\/www.laguiadepamplona.com\/actualidad\/wp-json\/wp\/v2\/posts\/54954\/revisions\/54969"}],"wp:featuredmedia":[{"embeddable":true,"href":"https:\/\/www.laguiadepamplona.com\/actualidad\/wp-json\/wp\/v2\/media\/54955"}],"wp:attachment":[{"href":"https:\/\/www.laguiadepamplona.com\/actualidad\/wp-json\/wp\/v2\/media?parent=54954"}],"wp:term":[{"taxonomy":"category","embeddable":true,"href":"https:\/\/www.laguiadepamplona.com\/actualidad\/wp-json\/wp\/v2\/categories?post=54954"},{"taxonomy":"post_tag","embeddable":true,"href":"https:\/\/www.laguiadepamplona.com\/actualidad\/wp-json\/wp\/v2\/tags?post=54954"}],"curies":[{"name":"wp","href":"https:\/\/api.w.org\/{rel}","templated":true}]}}