{"id":54788,"date":"2026-03-09T21:05:31","date_gmt":"2026-03-09T19:05:31","guid":{"rendered":"https:\/\/www.laguiadepamplona.com\/actualidad\/?p=54788"},"modified":"2026-03-09T21:05:31","modified_gmt":"2026-03-09T19:05:31","slug":"la-tombola-de-caritas-se-ubicara-en-los-proximos-sanfermines-en-la-plaza-de-la-constitucion-junto-a-baluarte","status":"publish","type":"post","link":"https:\/\/www.laguiadepamplona.com\/actualidad\/la-tombola-de-caritas-se-ubicara-en-los-proximos-sanfermines-en-la-plaza-de-la-constitucion-junto-a-baluarte\/","title":{"rendered":"La T\u00f3mbola de C\u00e1ritas se ubicar\u00e1 en los pr\u00f3ximos Sanfermines en la plaza de la Constituci\u00f3n, junto a Baluarte"},"content":{"rendered":"<h2>Se propone el entorno del parque de la Media Luna como el espacio para acoger el escenario de Sarasate y su programaci\u00f3n de jotas, bertsos y danzas<\/h2>\n<p><!--more--><\/p>\n<p>Las obras de reurbanizaci\u00f3n del paseo de Sarasate, que se llevan a cabo desde enero y se prolongar\u00e1n hasta mediados del a\u00f1o que viene, han provocado el traslado de la T\u00f3mbola de C\u00e1ritas a una nueva ubicaci\u00f3n durante los pr\u00f3ximos Sanfermines. La plaza de la Constituci\u00f3n, junto a Baluarte, acoger\u00e1 la instalaci\u00f3n de la T\u00f3mbola tras el informe favorable del Ayuntamiento de Pamplona a la propuesta.<\/p>\n<p>A finales del pasado a\u00f1o, C\u00e1ritas Diocesana de Pamplona \u2013 Tudela solicit\u00f3 permiso al Ayuntamiento para trasladar la ubicaci\u00f3n de la T\u00f3mbola del paseo de Sarasate a la plaza de la Constituci\u00f3n. El Ayuntamiento de Pamplona ha dado el visto bueno a ese nuevo emplazamiento estableciendo como condiciones que no haya una sobrecarga en la plaza durante el montaje, desmontaje, uso o almacenamiento de regalos superior a los 2.000 kg\/m<sup>2<\/sup> y que el m\u00f3dulo largo, el de reparto de regalos, con unas dimensiones de 49,20 metros, est\u00e9 lo m\u00e1s alejado posible del edificio de Baluarte para no repercutir en su salida de emergencia.<\/p>\n<p>Se ha establecido una distancia de 8,30 metros entre la parte trasera del m\u00f3dulo m\u00e1s largo de la T\u00f3mbola y el edificio, en concreto, respecto al volumen situado a la izquierda. El m\u00f3dulo de la T\u00f3mbola en el que se venden los boletos se ubicar\u00e1 de forma perpendicular al de la entrega de regalos en el espacio que queda junto al v\u00e9rtice del edificio. Asimismo, seg\u00fan se recoge en el Plan de Autoprotecci\u00f3n de Baluarte, el aforo de su sala de exposiciones en la planta baja estar\u00e1 limitado a 220 personas.<\/p>\n<p><strong>Jotas, danzas y bertsos, a la Media Luna<\/strong><\/p>\n<p>El entorno del parque de la Media Luna es el lugar propuesto para trasladar el escenario del paseo de Sarasate y la programaci\u00f3n que acoge durante las fiestas de San Ferm\u00edn. Tras la valoraci\u00f3n de diferentes lugares del centro de la ciudad, el Ayuntamiento propone que se ubique en la trasera del Colegio de M\u00e9dicos, en el espacio peatonal ya en el parque que lleva al estanque central.<\/p>\n<p>Esta propuesta, que debe todav\u00eda confirmarse, tiene en cuenta que es una zona de sombra durante todo el d\u00eda y que se trata de una zona amplia, con la posibilidad de que se puedan colocar unas 400 sillas para que la ciudadan\u00eda pueda disfrutar sentada de los conciertos o actuaciones. El inconveniente, m\u00e1s t\u00e9cnico que funcional y que hay que solucionar antes de la decisi\u00f3n definitiva, tiene que ver con la instalaci\u00f3n del escenario, que se realizar\u00eda sobre uno de los canales del estanque que deber\u00eda ser previamente vaciado de agua o anulado con una tajadera.<\/p>\n<p>El escenario del paseo de Sarasate acoge habitualmente durante los Sanfermines los festivales de jotas a las 12 horas y la programaci\u00f3n folkl\u00f3rica de tarde con actuaciones de bertsolaris y grupos de danzas. En los \u00faltimos a\u00f1os, se realizaba tambi\u00e9n el Alarde de Txistularis y se retransmit\u00eda el Chupinazo en una pantalla gigante que colocaba el Ayuntamiento de Pamplona.<\/p>\n","protected":false},"excerpt":{"rendered":"<p>Se propone el entorno del parque de la Media Luna como el espacio para acoger el escenario de Sarasate y su programaci\u00f3n de jotas, bertsos y danzas<\/p>\n","protected":false},"author":1,"featured_media":54789,"comment_status":"open","ping_status":"closed","sticky":false,"template":"","format":"standard","meta":{"footnotes":""},"categories":[2],"tags":[],"class_list":["post-54788","post","type-post","status-publish","format-standard","has-post-thumbnail","hentry","category-ayuntamiento-pamplona"],"yoast_head":"<!-- This site is optimized with the Yoast SEO plugin v27.5 - https:\/\/yoast.com\/product\/yoast-seo-wordpress\/ -->\n<title>La T\u00f3mbola de C\u00e1ritas se ubicar\u00e1 en los pr\u00f3ximos Sanfermines en la plaza de la Constituci\u00f3n, junto a Baluarte<\/title>\n<meta name=\"description\" content=\"Se propone el entorno del parque de la Media Luna como el espacio para acoger el escenario de Sarasate y su programaci\u00f3n de jotas, bertsos y danzas\" \/>\n<meta name=\"robots\" content=\"index, follow, max-snippet:-1, max-image-preview:large, max-video-preview:-1\" \/>\n<link rel=\"canonical\" href=\"https:\/\/www.laguiadepamplona.com\/actualidad\/la-tombola-de-caritas-se-ubicara-en-los-proximos-sanfermines-en-la-plaza-de-la-constitucion-junto-a-baluarte\/\" \/>\n<meta property=\"og:locale\" content=\"es_ES\" \/>\n<meta property=\"og:type\" content=\"article\" \/>\n<meta property=\"og:title\" content=\"La T\u00f3mbola de C\u00e1ritas se ubicar\u00e1 en los pr\u00f3ximos Sanfermines en la plaza de la Constituci\u00f3n, junto a Baluarte\" \/>\n<meta property=\"og:description\" content=\"Se propone el entorno del parque de la Media Luna como el espacio para acoger el escenario de Sarasate y su programaci\u00f3n de jotas, bertsos y danzas\" \/>\n<meta property=\"og:url\" content=\"https:\/\/www.laguiadepamplona.com\/actualidad\/la-tombola-de-caritas-se-ubicara-en-los-proximos-sanfermines-en-la-plaza-de-la-constitucion-junto-a-baluarte\/\" \/>\n<meta property=\"og:site_name\" content=\"La Gu\u00eda de Pamplona\" \/>\n<meta property=\"article:publisher\" content=\"https:\/\/www.facebook.com\/laguiadepamplonacom-133175176762273\/?ref=hl\" \/>\n<meta property=\"article:published_time\" content=\"2026-03-09T19:05:31+00:00\" \/>\n<meta property=\"og:image\" content=\"https:\/\/www.laguiadepamplona.com\/actualidad\/wp-content\/uploads\/2026\/03\/Tombola_web.webp\" \/>\n\t<meta property=\"og:image:width\" content=\"1000\" \/>\n\t<meta property=\"og:image:height\" content=\"667\" \/>\n\t<meta property=\"og:image:type\" content=\"image\/webp\" \/>\n<meta name=\"author\" content=\"La Gu\u00eda de Pamplona\" \/>\n<meta name=\"twitter:card\" content=\"summary_large_image\" \/>\n<meta name=\"twitter:creator\" content=\"@LaGuiadPamplona\" \/>\n<meta name=\"twitter:site\" content=\"@LaGuiadPamplona\" \/>\n<meta name=\"twitter:label1\" content=\"Escrito por\" \/>\n\t<meta name=\"twitter:data1\" content=\"La Gu\u00eda de Pamplona\" \/>\n\t<meta name=\"twitter:label2\" content=\"Tiempo de lectura\" \/>\n\t<meta name=\"twitter:data2\" content=\"3 minutos\" \/>\n<script type=\"application\/ld+json\" class=\"yoast-schema-graph\">{\"@context\":\"https:\\\/\\\/schema.org\",\"@graph\":[{\"@type\":\"Article\",\"@id\":\"https:\\\/\\\/www.laguiadepamplona.com\\\/actualidad\\\/la-tombola-de-caritas-se-ubicara-en-los-proximos-sanfermines-en-la-plaza-de-la-constitucion-junto-a-baluarte\\\/#article\",\"isPartOf\":{\"@id\":\"https:\\\/\\\/www.laguiadepamplona.com\\\/actualidad\\\/la-tombola-de-caritas-se-ubicara-en-los-proximos-sanfermines-en-la-plaza-de-la-constitucion-junto-a-baluarte\\\/\"},\"author\":{\"name\":\"La Gu\u00eda de Pamplona\",\"@id\":\"https:\\\/\\\/www.laguiadepamplona.com\\\/actualidad\\\/#\\\/schema\\\/person\\\/efe887376f0213d4657c93adc50b1fdb\"},\"headline\":\"La T\u00f3mbola de C\u00e1ritas se ubicar\u00e1 en los pr\u00f3ximos Sanfermines en la plaza de la Constituci\u00f3n, junto a Baluarte\",\"datePublished\":\"2026-03-09T19:05:31+00:00\",\"mainEntityOfPage\":{\"@id\":\"https:\\\/\\\/www.laguiadepamplona.com\\\/actualidad\\\/la-tombola-de-caritas-se-ubicara-en-los-proximos-sanfermines-en-la-plaza-de-la-constitucion-junto-a-baluarte\\\/\"},\"wordCount\":579,\"commentCount\":0,\"publisher\":{\"@id\":\"https:\\\/\\\/www.laguiadepamplona.com\\\/actualidad\\\/#organization\"},\"image\":{\"@id\":\"https:\\\/\\\/www.laguiadepamplona.com\\\/actualidad\\\/la-tombola-de-caritas-se-ubicara-en-los-proximos-sanfermines-en-la-plaza-de-la-constitucion-junto-a-baluarte\\\/#primaryimage\"},\"thumbnailUrl\":\"https:\\\/\\\/www.laguiadepamplona.com\\\/actualidad\\\/wp-content\\\/uploads\\\/2026\\\/03\\\/Tombola_web.webp\",\"articleSection\":[\"Ayto Pamplona\"],\"inLanguage\":\"es\",\"potentialAction\":[{\"@type\":\"CommentAction\",\"name\":\"Comment\",\"target\":[\"https:\\\/\\\/www.laguiadepamplona.com\\\/actualidad\\\/la-tombola-de-caritas-se-ubicara-en-los-proximos-sanfermines-en-la-plaza-de-la-constitucion-junto-a-baluarte\\\/#respond\"]}]},{\"@type\":\"WebPage\",\"@id\":\"https:\\\/\\\/www.laguiadepamplona.com\\\/actualidad\\\/la-tombola-de-caritas-se-ubicara-en-los-proximos-sanfermines-en-la-plaza-de-la-constitucion-junto-a-baluarte\\\/\",\"url\":\"https:\\\/\\\/www.laguiadepamplona.com\\\/actualidad\\\/la-tombola-de-caritas-se-ubicara-en-los-proximos-sanfermines-en-la-plaza-de-la-constitucion-junto-a-baluarte\\\/\",\"name\":\"La T\u00f3mbola de C\u00e1ritas se ubicar\u00e1 en los pr\u00f3ximos Sanfermines en la plaza de la Constituci\u00f3n, junto a Baluarte\",\"isPartOf\":{\"@id\":\"https:\\\/\\\/www.laguiadepamplona.com\\\/actualidad\\\/#website\"},\"primaryImageOfPage\":{\"@id\":\"https:\\\/\\\/www.laguiadepamplona.com\\\/actualidad\\\/la-tombola-de-caritas-se-ubicara-en-los-proximos-sanfermines-en-la-plaza-de-la-constitucion-junto-a-baluarte\\\/#primaryimage\"},\"image\":{\"@id\":\"https:\\\/\\\/www.laguiadepamplona.com\\\/actualidad\\\/la-tombola-de-caritas-se-ubicara-en-los-proximos-sanfermines-en-la-plaza-de-la-constitucion-junto-a-baluarte\\\/#primaryimage\"},\"thumbnailUrl\":\"https:\\\/\\\/www.laguiadepamplona.com\\\/actualidad\\\/wp-content\\\/uploads\\\/2026\\\/03\\\/Tombola_web.webp\",\"datePublished\":\"2026-03-09T19:05:31+00:00\",\"description\":\"Se propone el entorno del parque de la Media Luna como el espacio para acoger el escenario de Sarasate y su programaci\u00f3n de jotas, bertsos y danzas\",\"breadcrumb\":{\"@id\":\"https:\\\/\\\/www.laguiadepamplona.com\\\/actualidad\\\/la-tombola-de-caritas-se-ubicara-en-los-proximos-sanfermines-en-la-plaza-de-la-constitucion-junto-a-baluarte\\\/#breadcrumb\"},\"inLanguage\":\"es\",\"potentialAction\":[{\"@type\":\"ReadAction\",\"target\":[\"https:\\\/\\\/www.laguiadepamplona.com\\\/actualidad\\\/la-tombola-de-caritas-se-ubicara-en-los-proximos-sanfermines-en-la-plaza-de-la-constitucion-junto-a-baluarte\\\/\"]}]},{\"@type\":\"ImageObject\",\"inLanguage\":\"es\",\"@id\":\"https:\\\/\\\/www.laguiadepamplona.com\\\/actualidad\\\/la-tombola-de-caritas-se-ubicara-en-los-proximos-sanfermines-en-la-plaza-de-la-constitucion-junto-a-baluarte\\\/#primaryimage\",\"url\":\"https:\\\/\\\/www.laguiadepamplona.com\\\/actualidad\\\/wp-content\\\/uploads\\\/2026\\\/03\\\/Tombola_web.webp\",\"contentUrl\":\"https:\\\/\\\/www.laguiadepamplona.com\\\/actualidad\\\/wp-content\\\/uploads\\\/2026\\\/03\\\/Tombola_web.webp\",\"width\":1000,\"height\":667,\"caption\":\"t\u00f3mbola San Ferm\u00edn\"},{\"@type\":\"BreadcrumbList\",\"@id\":\"https:\\\/\\\/www.laguiadepamplona.com\\\/actualidad\\\/la-tombola-de-caritas-se-ubicara-en-los-proximos-sanfermines-en-la-plaza-de-la-constitucion-junto-a-baluarte\\\/#breadcrumb\",\"itemListElement\":[{\"@type\":\"ListItem\",\"position\":1,\"name\":\"Portada\",\"item\":\"https:\\\/\\\/www.laguiadepamplona.com\\\/actualidad\\\/\"},{\"@type\":\"ListItem\",\"position\":2,\"name\":\"La T\u00f3mbola de C\u00e1ritas se ubicar\u00e1 en los pr\u00f3ximos Sanfermines en la plaza de la Constituci\u00f3n, junto a Baluarte\"}]},{\"@type\":\"WebSite\",\"@id\":\"https:\\\/\\\/www.laguiadepamplona.com\\\/actualidad\\\/#website\",\"url\":\"https:\\\/\\\/www.laguiadepamplona.com\\\/actualidad\\\/\",\"name\":\"La gu\u00eda de Pamplona\",\"description\":\"Noticias de Pamplona\",\"publisher\":{\"@id\":\"https:\\\/\\\/www.laguiadepamplona.com\\\/actualidad\\\/#organization\"},\"potentialAction\":[{\"@type\":\"SearchAction\",\"target\":{\"@type\":\"EntryPoint\",\"urlTemplate\":\"https:\\\/\\\/www.laguiadepamplona.com\\\/actualidad\\\/?s={search_term_string}\"},\"query-input\":{\"@type\":\"PropertyValueSpecification\",\"valueRequired\":true,\"valueName\":\"search_term_string\"}}],\"inLanguage\":\"es\"},{\"@type\":\"Organization\",\"@id\":\"https:\\\/\\\/www.laguiadepamplona.com\\\/actualidad\\\/#organization\",\"name\":\"La Gu\u00eda de Pamplona \\\/ Noticias\",\"url\":\"https:\\\/\\\/www.laguiadepamplona.com\\\/actualidad\\\/\",\"logo\":{\"@type\":\"ImageObject\",\"inLanguage\":\"es\",\"@id\":\"https:\\\/\\\/www.laguiadepamplona.com\\\/actualidad\\\/#\\\/schema\\\/logo\\\/image\\\/\",\"url\":\"https:\\\/\\\/www.laguiadepamplona.com\\\/actualidad\\\/wp-content\\\/uploads\\\/2018\\\/11\\\/logo-laguiadepamplona18-web1.png\",\"contentUrl\":\"https:\\\/\\\/www.laguiadepamplona.com\\\/actualidad\\\/wp-content\\\/uploads\\\/2018\\\/11\\\/logo-laguiadepamplona18-web1.png\",\"width\":600,\"height\":196,\"caption\":\"La Gu\u00eda de Pamplona \\\/ Noticias\"},\"image\":{\"@id\":\"https:\\\/\\\/www.laguiadepamplona.com\\\/actualidad\\\/#\\\/schema\\\/logo\\\/image\\\/\"},\"sameAs\":[\"https:\\\/\\\/www.facebook.com\\\/laguiadepamplonacom-133175176762273\\\/?ref=hl\",\"https:\\\/\\\/x.com\\\/LaGuiadPamplona\",\"https:\\\/\\\/www.instagram.com\\\/la_guia_de_pamplona\\\/\",\"https:\\\/\\\/www.youtube.com\\\/user\\\/laguiadepamplona\"]},{\"@type\":\"Person\",\"@id\":\"https:\\\/\\\/www.laguiadepamplona.com\\\/actualidad\\\/#\\\/schema\\\/person\\\/efe887376f0213d4657c93adc50b1fdb\",\"name\":\"La Gu\u00eda de Pamplona\",\"image\":{\"@type\":\"ImageObject\",\"inLanguage\":\"es\",\"@id\":\"https:\\\/\\\/secure.gravatar.com\\\/avatar\\\/b6992f131dc8d30ab0dff15446e9d346d9dbd95992de0fef795073f5ea83a81c?s=96&d=mm&r=g\",\"url\":\"https:\\\/\\\/secure.gravatar.com\\\/avatar\\\/b6992f131dc8d30ab0dff15446e9d346d9dbd95992de0fef795073f5ea83a81c?s=96&d=mm&r=g\",\"contentUrl\":\"https:\\\/\\\/secure.gravatar.com\\\/avatar\\\/b6992f131dc8d30ab0dff15446e9d346d9dbd95992de0fef795073f5ea83a81c?s=96&d=mm&r=g\",\"caption\":\"La Gu\u00eda de Pamplona\"}}]}<\/script>\n<!-- \/ Yoast SEO plugin. -->","yoast_head_json":{"title":"La T\u00f3mbola de C\u00e1ritas se ubicar\u00e1 en los pr\u00f3ximos Sanfermines en la plaza de la Constituci\u00f3n, junto a Baluarte","description":"Se propone el entorno del parque de la Media Luna como el espacio para acoger el escenario de Sarasate y su programaci\u00f3n de jotas, bertsos y danzas","robots":{"index":"index","follow":"follow","max-snippet":"max-snippet:-1","max-image-preview":"max-image-preview:large","max-video-preview":"max-video-preview:-1"},"canonical":"https:\/\/www.laguiadepamplona.com\/actualidad\/la-tombola-de-caritas-se-ubicara-en-los-proximos-sanfermines-en-la-plaza-de-la-constitucion-junto-a-baluarte\/","og_locale":"es_ES","og_type":"article","og_title":"La T\u00f3mbola de C\u00e1ritas se ubicar\u00e1 en los pr\u00f3ximos Sanfermines en la plaza de la Constituci\u00f3n, junto a Baluarte","og_description":"Se propone el entorno del parque de la Media Luna como el espacio para acoger el escenario de Sarasate y su programaci\u00f3n de jotas, bertsos y danzas","og_url":"https:\/\/www.laguiadepamplona.com\/actualidad\/la-tombola-de-caritas-se-ubicara-en-los-proximos-sanfermines-en-la-plaza-de-la-constitucion-junto-a-baluarte\/","og_site_name":"La Gu\u00eda de Pamplona","article_publisher":"https:\/\/www.facebook.com\/laguiadepamplonacom-133175176762273\/?ref=hl","article_published_time":"2026-03-09T19:05:31+00:00","og_image":[{"width":1000,"height":667,"url":"https:\/\/www.laguiadepamplona.com\/actualidad\/wp-content\/uploads\/2026\/03\/Tombola_web.webp","type":"image\/webp"}],"author":"La Gu\u00eda de Pamplona","twitter_card":"summary_large_image","twitter_creator":"@LaGuiadPamplona","twitter_site":"@LaGuiadPamplona","twitter_misc":{"Escrito por":"La Gu\u00eda de Pamplona","Tiempo de lectura":"3 minutos"},"schema":{"@context":"https:\/\/schema.org","@graph":[{"@type":"Article","@id":"https:\/\/www.laguiadepamplona.com\/actualidad\/la-tombola-de-caritas-se-ubicara-en-los-proximos-sanfermines-en-la-plaza-de-la-constitucion-junto-a-baluarte\/#article","isPartOf":{"@id":"https:\/\/www.laguiadepamplona.com\/actualidad\/la-tombola-de-caritas-se-ubicara-en-los-proximos-sanfermines-en-la-plaza-de-la-constitucion-junto-a-baluarte\/"},"author":{"name":"La Gu\u00eda de Pamplona","@id":"https:\/\/www.laguiadepamplona.com\/actualidad\/#\/schema\/person\/efe887376f0213d4657c93adc50b1fdb"},"headline":"La T\u00f3mbola de C\u00e1ritas se ubicar\u00e1 en los pr\u00f3ximos Sanfermines en la plaza de la Constituci\u00f3n, junto a Baluarte","datePublished":"2026-03-09T19:05:31+00:00","mainEntityOfPage":{"@id":"https:\/\/www.laguiadepamplona.com\/actualidad\/la-tombola-de-caritas-se-ubicara-en-los-proximos-sanfermines-en-la-plaza-de-la-constitucion-junto-a-baluarte\/"},"wordCount":579,"commentCount":0,"publisher":{"@id":"https:\/\/www.laguiadepamplona.com\/actualidad\/#organization"},"image":{"@id":"https:\/\/www.laguiadepamplona.com\/actualidad\/la-tombola-de-caritas-se-ubicara-en-los-proximos-sanfermines-en-la-plaza-de-la-constitucion-junto-a-baluarte\/#primaryimage"},"thumbnailUrl":"https:\/\/www.laguiadepamplona.com\/actualidad\/wp-content\/uploads\/2026\/03\/Tombola_web.webp","articleSection":["Ayto Pamplona"],"inLanguage":"es","potentialAction":[{"@type":"CommentAction","name":"Comment","target":["https:\/\/www.laguiadepamplona.com\/actualidad\/la-tombola-de-caritas-se-ubicara-en-los-proximos-sanfermines-en-la-plaza-de-la-constitucion-junto-a-baluarte\/#respond"]}]},{"@type":"WebPage","@id":"https:\/\/www.laguiadepamplona.com\/actualidad\/la-tombola-de-caritas-se-ubicara-en-los-proximos-sanfermines-en-la-plaza-de-la-constitucion-junto-a-baluarte\/","url":"https:\/\/www.laguiadepamplona.com\/actualidad\/la-tombola-de-caritas-se-ubicara-en-los-proximos-sanfermines-en-la-plaza-de-la-constitucion-junto-a-baluarte\/","name":"La T\u00f3mbola de C\u00e1ritas se ubicar\u00e1 en los pr\u00f3ximos Sanfermines en la plaza de la Constituci\u00f3n, junto a Baluarte","isPartOf":{"@id":"https:\/\/www.laguiadepamplona.com\/actualidad\/#website"},"primaryImageOfPage":{"@id":"https:\/\/www.laguiadepamplona.com\/actualidad\/la-tombola-de-caritas-se-ubicara-en-los-proximos-sanfermines-en-la-plaza-de-la-constitucion-junto-a-baluarte\/#primaryimage"},"image":{"@id":"https:\/\/www.laguiadepamplona.com\/actualidad\/la-tombola-de-caritas-se-ubicara-en-los-proximos-sanfermines-en-la-plaza-de-la-constitucion-junto-a-baluarte\/#primaryimage"},"thumbnailUrl":"https:\/\/www.laguiadepamplona.com\/actualidad\/wp-content\/uploads\/2026\/03\/Tombola_web.webp","datePublished":"2026-03-09T19:05:31+00:00","description":"Se propone el entorno del parque de la Media Luna como el espacio para acoger el escenario de Sarasate y su programaci\u00f3n de jotas, bertsos y danzas","breadcrumb":{"@id":"https:\/\/www.laguiadepamplona.com\/actualidad\/la-tombola-de-caritas-se-ubicara-en-los-proximos-sanfermines-en-la-plaza-de-la-constitucion-junto-a-baluarte\/#breadcrumb"},"inLanguage":"es","potentialAction":[{"@type":"ReadAction","target":["https:\/\/www.laguiadepamplona.com\/actualidad\/la-tombola-de-caritas-se-ubicara-en-los-proximos-sanfermines-en-la-plaza-de-la-constitucion-junto-a-baluarte\/"]}]},{"@type":"ImageObject","inLanguage":"es","@id":"https:\/\/www.laguiadepamplona.com\/actualidad\/la-tombola-de-caritas-se-ubicara-en-los-proximos-sanfermines-en-la-plaza-de-la-constitucion-junto-a-baluarte\/#primaryimage","url":"https:\/\/www.laguiadepamplona.com\/actualidad\/wp-content\/uploads\/2026\/03\/Tombola_web.webp","contentUrl":"https:\/\/www.laguiadepamplona.com\/actualidad\/wp-content\/uploads\/2026\/03\/Tombola_web.webp","width":1000,"height":667,"caption":"t\u00f3mbola San Ferm\u00edn"},{"@type":"BreadcrumbList","@id":"https:\/\/www.laguiadepamplona.com\/actualidad\/la-tombola-de-caritas-se-ubicara-en-los-proximos-sanfermines-en-la-plaza-de-la-constitucion-junto-a-baluarte\/#breadcrumb","itemListElement":[{"@type":"ListItem","position":1,"name":"Portada","item":"https:\/\/www.laguiadepamplona.com\/actualidad\/"},{"@type":"ListItem","position":2,"name":"La T\u00f3mbola de C\u00e1ritas se ubicar\u00e1 en los pr\u00f3ximos Sanfermines en la plaza de la Constituci\u00f3n, junto a Baluarte"}]},{"@type":"WebSite","@id":"https:\/\/www.laguiadepamplona.com\/actualidad\/#website","url":"https:\/\/www.laguiadepamplona.com\/actualidad\/","name":"La gu\u00eda de Pamplona","description":"Noticias de Pamplona","publisher":{"@id":"https:\/\/www.laguiadepamplona.com\/actualidad\/#organization"},"potentialAction":[{"@type":"SearchAction","target":{"@type":"EntryPoint","urlTemplate":"https:\/\/www.laguiadepamplona.com\/actualidad\/?s={search_term_string}"},"query-input":{"@type":"PropertyValueSpecification","valueRequired":true,"valueName":"search_term_string"}}],"inLanguage":"es"},{"@type":"Organization","@id":"https:\/\/www.laguiadepamplona.com\/actualidad\/#organization","name":"La Gu\u00eda de Pamplona \/ Noticias","url":"https:\/\/www.laguiadepamplona.com\/actualidad\/","logo":{"@type":"ImageObject","inLanguage":"es","@id":"https:\/\/www.laguiadepamplona.com\/actualidad\/#\/schema\/logo\/image\/","url":"https:\/\/www.laguiadepamplona.com\/actualidad\/wp-content\/uploads\/2018\/11\/logo-laguiadepamplona18-web1.png","contentUrl":"https:\/\/www.laguiadepamplona.com\/actualidad\/wp-content\/uploads\/2018\/11\/logo-laguiadepamplona18-web1.png","width":600,"height":196,"caption":"La Gu\u00eda de Pamplona \/ Noticias"},"image":{"@id":"https:\/\/www.laguiadepamplona.com\/actualidad\/#\/schema\/logo\/image\/"},"sameAs":["https:\/\/www.facebook.com\/laguiadepamplonacom-133175176762273\/?ref=hl","https:\/\/x.com\/LaGuiadPamplona","https:\/\/www.instagram.com\/la_guia_de_pamplona\/","https:\/\/www.youtube.com\/user\/laguiadepamplona"]},{"@type":"Person","@id":"https:\/\/www.laguiadepamplona.com\/actualidad\/#\/schema\/person\/efe887376f0213d4657c93adc50b1fdb","name":"La Gu\u00eda de Pamplona","image":{"@type":"ImageObject","inLanguage":"es","@id":"https:\/\/secure.gravatar.com\/avatar\/b6992f131dc8d30ab0dff15446e9d346d9dbd95992de0fef795073f5ea83a81c?s=96&d=mm&r=g","url":"https:\/\/secure.gravatar.com\/avatar\/b6992f131dc8d30ab0dff15446e9d346d9dbd95992de0fef795073f5ea83a81c?s=96&d=mm&r=g","contentUrl":"https:\/\/secure.gravatar.com\/avatar\/b6992f131dc8d30ab0dff15446e9d346d9dbd95992de0fef795073f5ea83a81c?s=96&d=mm&r=g","caption":"La Gu\u00eda de Pamplona"}}]}},"post_mailing_queue_ids":[],"_links":{"self":[{"href":"https:\/\/www.laguiadepamplona.com\/actualidad\/wp-json\/wp\/v2\/posts\/54788","targetHints":{"allow":["GET"]}}],"collection":[{"href":"https:\/\/www.laguiadepamplona.com\/actualidad\/wp-json\/wp\/v2\/posts"}],"about":[{"href":"https:\/\/www.laguiadepamplona.com\/actualidad\/wp-json\/wp\/v2\/types\/post"}],"author":[{"embeddable":true,"href":"https:\/\/www.laguiadepamplona.com\/actualidad\/wp-json\/wp\/v2\/users\/1"}],"replies":[{"embeddable":true,"href":"https:\/\/www.laguiadepamplona.com\/actualidad\/wp-json\/wp\/v2\/comments?post=54788"}],"version-history":[{"count":1,"href":"https:\/\/www.laguiadepamplona.com\/actualidad\/wp-json\/wp\/v2\/posts\/54788\/revisions"}],"predecessor-version":[{"id":54790,"href":"https:\/\/www.laguiadepamplona.com\/actualidad\/wp-json\/wp\/v2\/posts\/54788\/revisions\/54790"}],"wp:featuredmedia":[{"embeddable":true,"href":"https:\/\/www.laguiadepamplona.com\/actualidad\/wp-json\/wp\/v2\/media\/54789"}],"wp:attachment":[{"href":"https:\/\/www.laguiadepamplona.com\/actualidad\/wp-json\/wp\/v2\/media?parent=54788"}],"wp:term":[{"taxonomy":"category","embeddable":true,"href":"https:\/\/www.laguiadepamplona.com\/actualidad\/wp-json\/wp\/v2\/categories?post=54788"},{"taxonomy":"post_tag","embeddable":true,"href":"https:\/\/www.laguiadepamplona.com\/actualidad\/wp-json\/wp\/v2\/tags?post=54788"}],"curies":[{"name":"wp","href":"https:\/\/api.w.org\/{rel}","templated":true}]}}