{"id":54785,"date":"2026-03-09T21:03:38","date_gmt":"2026-03-09T19:03:38","guid":{"rendered":"https:\/\/www.laguiadepamplona.com\/actualidad\/?p=54785"},"modified":"2026-03-09T21:03:38","modified_gmt":"2026-03-09T19:03:38","slug":"el-ayuntamiento-de-pamplona-colabora-con-el-pacto-de-la-persona-mayor-de-san-juan-en-su-labor-de-promocion-del-envejecimiento-activo-y-saludable","status":"publish","type":"post","link":"https:\/\/www.laguiadepamplona.com\/actualidad\/el-ayuntamiento-de-pamplona-colabora-con-el-pacto-de-la-persona-mayor-de-san-juan-en-su-labor-de-promocion-del-envejecimiento-activo-y-saludable\/","title":{"rendered":"El Ayuntamiento de Pamplona colabora con el Pacto de la Persona Mayor de San Juan en su labor de promoci\u00f3n del envejecimiento activo y saludable"},"content":{"rendered":"<h2>El convenio de colaboraci\u00f3n firmado canaliza la subvenci\u00f3n de 7.500 euros con la que se financian alquiler y otros gastos indirectos del local del Pacto<\/h2>\n<p><!--more--><\/p>\n<p>La concejala delegada de Igualdad, Acci\u00f3n Comunitaria, Barrios y Diversidad Cultural, Zaloa Basabe Guti\u00e9rrez, y la presidenta del Pacto de la Persona Mayor de San Juan, Sara Chivite Lasheras, han firmado esta ma\u00f1ana un convenio de colaboraci\u00f3n para mantener el funcionamiento de la sede del Pacto. Esta sede ofrece informaci\u00f3n especializada y accesible a la ciudadan\u00eda del barrio, sobre todo en lo referente a las personas mayores.<\/p>\n<p>El convenio articula una subvenci\u00f3n nominativa de 7.500 euros para financiar el alquiler y un porcentaje de los gastos indirectos de consumos, como electricidad, agua o gas, del local que funciona como sede del Pacto. El local del Pacto de la Persona Mayor de San Juan est\u00e1 ubicado en la calle Alberto Magno 8 y est\u00e1 abierto al p\u00fablico de lunes a viernes por la ma\u00f1ana, de 10 a 13 horas, y los lunes y mi\u00e9rcoles por la tarde, de 16.30 a 20 horas.<\/p>\n<p>El Pacto de la Persona Mayor de San Juan y el Ayuntamiento de Pamplona se comprometen a trabajar por el bienestar de las personas mayores, principalmente en ese barrio. Adem\u00e1s, colaborar\u00e1n con la recogida e identificaci\u00f3n de las personas mayores y ofrecer\u00e1n actividades, charlas u otras acciones que se puedan llevar a cabo individual o conjuntamente en el barrio de San Juan. El convenio recoge la difusi\u00f3n del Pacto de la Persona Mayor de San Juan, sus servicios, fondos y actividades, tanto en la sede como mediante carteler\u00eda, d\u00edpticos o de forma virtual. Por \u00faltimo, ambas entidades impulsan la colaboraci\u00f3n e implicaci\u00f3n de las administraciones p\u00fablicas en la consecuci\u00f3n de todos estos fines.<\/p>\n<p>El <strong>Pacto por la Persona Mayor de San Juan<\/strong>\u00a0se firm\u00f3 en 2018 como una iniciativa vecinal y asociativa para trabajar en la promoci\u00f3n del envejecimiento activo y saludable y responder con mayor eficacia a las necesidades sociosanitarias de la poblaci\u00f3n mayor del barrio. M\u00e1s de una treintena de asociaciones, establecimientos comerciales y otras entidades forman parte de este pacto que dise\u00f1a propuestas conjuntas de salud, participaci\u00f3n y seguridad que repercutan positivamente en la poblaci\u00f3n del barrio con mayor \u00edndice de envejecimiento de la ciudad.<\/p>\n","protected":false},"excerpt":{"rendered":"<p>El convenio de colaboraci\u00f3n firmado canaliza la subvenci\u00f3n de 7.500 euros con la que se financian alquiler y otros gastos indirectos del local del Pacto<\/p>\n","protected":false},"author":1,"featured_media":54786,"comment_status":"open","ping_status":"closed","sticky":false,"template":"","format":"standard","meta":{"footnotes":""},"categories":[2],"tags":[],"class_list":["post-54785","post","type-post","status-publish","format-standard","has-post-thumbnail","hentry","category-ayuntamiento-pamplona"],"yoast_head":"<!-- This site is optimized with the Yoast SEO plugin v27.5 - https:\/\/yoast.com\/product\/yoast-seo-wordpress\/ -->\n<title>El Ayuntamiento de Pamplona colabora con el Pacto de la Persona Mayor de San Juan en su labor de promoci\u00f3n del envejecimiento activo y saludable<\/title>\n<meta name=\"description\" content=\"El convenio de colaboraci\u00f3n firmado canaliza la subvenci\u00f3n de 7.500 euros con la que se financian alquiler y otros gastos indirectos del local del Pacto\" \/>\n<meta name=\"robots\" content=\"index, follow, max-snippet:-1, max-image-preview:large, max-video-preview:-1\" \/>\n<link rel=\"canonical\" href=\"https:\/\/www.laguiadepamplona.com\/actualidad\/el-ayuntamiento-de-pamplona-colabora-con-el-pacto-de-la-persona-mayor-de-san-juan-en-su-labor-de-promocion-del-envejecimiento-activo-y-saludable\/\" \/>\n<meta property=\"og:locale\" content=\"es_ES\" \/>\n<meta property=\"og:type\" content=\"article\" \/>\n<meta property=\"og:title\" content=\"El Ayuntamiento de Pamplona colabora con el Pacto de la Persona Mayor de San Juan en su labor de promoci\u00f3n del envejecimiento activo y saludable\" \/>\n<meta property=\"og:description\" content=\"El convenio de colaboraci\u00f3n firmado canaliza la subvenci\u00f3n de 7.500 euros con la que se financian alquiler y otros gastos indirectos del local del Pacto\" \/>\n<meta property=\"og:url\" content=\"https:\/\/www.laguiadepamplona.com\/actualidad\/el-ayuntamiento-de-pamplona-colabora-con-el-pacto-de-la-persona-mayor-de-san-juan-en-su-labor-de-promocion-del-envejecimiento-activo-y-saludable\/\" \/>\n<meta property=\"og:site_name\" content=\"La Gu\u00eda de Pamplona\" \/>\n<meta property=\"article:publisher\" content=\"https:\/\/www.facebook.com\/laguiadepamplonacom-133175176762273\/?ref=hl\" \/>\n<meta property=\"article:published_time\" content=\"2026-03-09T19:03:38+00:00\" \/>\n<meta property=\"og:image\" content=\"https:\/\/www.laguiadepamplona.com\/actualidad\/wp-content\/uploads\/2026\/03\/firma-convenio-pacto-persona-mayor-san-juan-dscf2274.webp\" \/>\n\t<meta property=\"og:image:width\" content=\"1000\" \/>\n\t<meta property=\"og:image:height\" content=\"667\" \/>\n\t<meta property=\"og:image:type\" content=\"image\/webp\" \/>\n<meta name=\"author\" content=\"La Gu\u00eda de Pamplona\" \/>\n<meta name=\"twitter:card\" content=\"summary_large_image\" \/>\n<meta name=\"twitter:creator\" content=\"@LaGuiadPamplona\" \/>\n<meta name=\"twitter:site\" content=\"@LaGuiadPamplona\" \/>\n<meta name=\"twitter:label1\" content=\"Escrito por\" \/>\n\t<meta name=\"twitter:data1\" content=\"La Gu\u00eda de Pamplona\" \/>\n\t<meta name=\"twitter:label2\" content=\"Tiempo de lectura\" \/>\n\t<meta name=\"twitter:data2\" content=\"2 minutos\" \/>\n<script type=\"application\/ld+json\" class=\"yoast-schema-graph\">{\"@context\":\"https:\\\/\\\/schema.org\",\"@graph\":[{\"@type\":\"Article\",\"@id\":\"https:\\\/\\\/www.laguiadepamplona.com\\\/actualidad\\\/el-ayuntamiento-de-pamplona-colabora-con-el-pacto-de-la-persona-mayor-de-san-juan-en-su-labor-de-promocion-del-envejecimiento-activo-y-saludable\\\/#article\",\"isPartOf\":{\"@id\":\"https:\\\/\\\/www.laguiadepamplona.com\\\/actualidad\\\/el-ayuntamiento-de-pamplona-colabora-con-el-pacto-de-la-persona-mayor-de-san-juan-en-su-labor-de-promocion-del-envejecimiento-activo-y-saludable\\\/\"},\"author\":{\"name\":\"La Gu\u00eda de Pamplona\",\"@id\":\"https:\\\/\\\/www.laguiadepamplona.com\\\/actualidad\\\/#\\\/schema\\\/person\\\/efe887376f0213d4657c93adc50b1fdb\"},\"headline\":\"El Ayuntamiento de Pamplona colabora con el Pacto de la Persona Mayor de San Juan en su labor de promoci\u00f3n del envejecimiento activo y saludable\",\"datePublished\":\"2026-03-09T19:03:38+00:00\",\"mainEntityOfPage\":{\"@id\":\"https:\\\/\\\/www.laguiadepamplona.com\\\/actualidad\\\/el-ayuntamiento-de-pamplona-colabora-con-el-pacto-de-la-persona-mayor-de-san-juan-en-su-labor-de-promocion-del-envejecimiento-activo-y-saludable\\\/\"},\"wordCount\":421,\"commentCount\":0,\"publisher\":{\"@id\":\"https:\\\/\\\/www.laguiadepamplona.com\\\/actualidad\\\/#organization\"},\"image\":{\"@id\":\"https:\\\/\\\/www.laguiadepamplona.com\\\/actualidad\\\/el-ayuntamiento-de-pamplona-colabora-con-el-pacto-de-la-persona-mayor-de-san-juan-en-su-labor-de-promocion-del-envejecimiento-activo-y-saludable\\\/#primaryimage\"},\"thumbnailUrl\":\"https:\\\/\\\/www.laguiadepamplona.com\\\/actualidad\\\/wp-content\\\/uploads\\\/2026\\\/03\\\/firma-convenio-pacto-persona-mayor-san-juan-dscf2274.webp\",\"articleSection\":[\"Ayto Pamplona\"],\"inLanguage\":\"es\",\"potentialAction\":[{\"@type\":\"CommentAction\",\"name\":\"Comment\",\"target\":[\"https:\\\/\\\/www.laguiadepamplona.com\\\/actualidad\\\/el-ayuntamiento-de-pamplona-colabora-con-el-pacto-de-la-persona-mayor-de-san-juan-en-su-labor-de-promocion-del-envejecimiento-activo-y-saludable\\\/#respond\"]}]},{\"@type\":\"WebPage\",\"@id\":\"https:\\\/\\\/www.laguiadepamplona.com\\\/actualidad\\\/el-ayuntamiento-de-pamplona-colabora-con-el-pacto-de-la-persona-mayor-de-san-juan-en-su-labor-de-promocion-del-envejecimiento-activo-y-saludable\\\/\",\"url\":\"https:\\\/\\\/www.laguiadepamplona.com\\\/actualidad\\\/el-ayuntamiento-de-pamplona-colabora-con-el-pacto-de-la-persona-mayor-de-san-juan-en-su-labor-de-promocion-del-envejecimiento-activo-y-saludable\\\/\",\"name\":\"El Ayuntamiento de Pamplona colabora con el Pacto de la Persona Mayor de San Juan en su labor de promoci\u00f3n del envejecimiento activo y saludable\",\"isPartOf\":{\"@id\":\"https:\\\/\\\/www.laguiadepamplona.com\\\/actualidad\\\/#website\"},\"primaryImageOfPage\":{\"@id\":\"https:\\\/\\\/www.laguiadepamplona.com\\\/actualidad\\\/el-ayuntamiento-de-pamplona-colabora-con-el-pacto-de-la-persona-mayor-de-san-juan-en-su-labor-de-promocion-del-envejecimiento-activo-y-saludable\\\/#primaryimage\"},\"image\":{\"@id\":\"https:\\\/\\\/www.laguiadepamplona.com\\\/actualidad\\\/el-ayuntamiento-de-pamplona-colabora-con-el-pacto-de-la-persona-mayor-de-san-juan-en-su-labor-de-promocion-del-envejecimiento-activo-y-saludable\\\/#primaryimage\"},\"thumbnailUrl\":\"https:\\\/\\\/www.laguiadepamplona.com\\\/actualidad\\\/wp-content\\\/uploads\\\/2026\\\/03\\\/firma-convenio-pacto-persona-mayor-san-juan-dscf2274.webp\",\"datePublished\":\"2026-03-09T19:03:38+00:00\",\"description\":\"El convenio de colaboraci\u00f3n firmado canaliza la subvenci\u00f3n de 7.500 euros con la que se financian alquiler y otros gastos indirectos del local del Pacto\",\"breadcrumb\":{\"@id\":\"https:\\\/\\\/www.laguiadepamplona.com\\\/actualidad\\\/el-ayuntamiento-de-pamplona-colabora-con-el-pacto-de-la-persona-mayor-de-san-juan-en-su-labor-de-promocion-del-envejecimiento-activo-y-saludable\\\/#breadcrumb\"},\"inLanguage\":\"es\",\"potentialAction\":[{\"@type\":\"ReadAction\",\"target\":[\"https:\\\/\\\/www.laguiadepamplona.com\\\/actualidad\\\/el-ayuntamiento-de-pamplona-colabora-con-el-pacto-de-la-persona-mayor-de-san-juan-en-su-labor-de-promocion-del-envejecimiento-activo-y-saludable\\\/\"]}]},{\"@type\":\"ImageObject\",\"inLanguage\":\"es\",\"@id\":\"https:\\\/\\\/www.laguiadepamplona.com\\\/actualidad\\\/el-ayuntamiento-de-pamplona-colabora-con-el-pacto-de-la-persona-mayor-de-san-juan-en-su-labor-de-promocion-del-envejecimiento-activo-y-saludable\\\/#primaryimage\",\"url\":\"https:\\\/\\\/www.laguiadepamplona.com\\\/actualidad\\\/wp-content\\\/uploads\\\/2026\\\/03\\\/firma-convenio-pacto-persona-mayor-san-juan-dscf2274.webp\",\"contentUrl\":\"https:\\\/\\\/www.laguiadepamplona.com\\\/actualidad\\\/wp-content\\\/uploads\\\/2026\\\/03\\\/firma-convenio-pacto-persona-mayor-san-juan-dscf2274.webp\",\"width\":1000,\"height\":667,\"caption\":\"firma convenio pacto persona mayor san juan\"},{\"@type\":\"BreadcrumbList\",\"@id\":\"https:\\\/\\\/www.laguiadepamplona.com\\\/actualidad\\\/el-ayuntamiento-de-pamplona-colabora-con-el-pacto-de-la-persona-mayor-de-san-juan-en-su-labor-de-promocion-del-envejecimiento-activo-y-saludable\\\/#breadcrumb\",\"itemListElement\":[{\"@type\":\"ListItem\",\"position\":1,\"name\":\"Portada\",\"item\":\"https:\\\/\\\/www.laguiadepamplona.com\\\/actualidad\\\/\"},{\"@type\":\"ListItem\",\"position\":2,\"name\":\"El Ayuntamiento de Pamplona colabora con el Pacto de la Persona Mayor de San Juan en su labor de promoci\u00f3n del envejecimiento activo y saludable\"}]},{\"@type\":\"WebSite\",\"@id\":\"https:\\\/\\\/www.laguiadepamplona.com\\\/actualidad\\\/#website\",\"url\":\"https:\\\/\\\/www.laguiadepamplona.com\\\/actualidad\\\/\",\"name\":\"La gu\u00eda de Pamplona\",\"description\":\"Noticias de Pamplona\",\"publisher\":{\"@id\":\"https:\\\/\\\/www.laguiadepamplona.com\\\/actualidad\\\/#organization\"},\"potentialAction\":[{\"@type\":\"SearchAction\",\"target\":{\"@type\":\"EntryPoint\",\"urlTemplate\":\"https:\\\/\\\/www.laguiadepamplona.com\\\/actualidad\\\/?s={search_term_string}\"},\"query-input\":{\"@type\":\"PropertyValueSpecification\",\"valueRequired\":true,\"valueName\":\"search_term_string\"}}],\"inLanguage\":\"es\"},{\"@type\":\"Organization\",\"@id\":\"https:\\\/\\\/www.laguiadepamplona.com\\\/actualidad\\\/#organization\",\"name\":\"La Gu\u00eda de Pamplona \\\/ Noticias\",\"url\":\"https:\\\/\\\/www.laguiadepamplona.com\\\/actualidad\\\/\",\"logo\":{\"@type\":\"ImageObject\",\"inLanguage\":\"es\",\"@id\":\"https:\\\/\\\/www.laguiadepamplona.com\\\/actualidad\\\/#\\\/schema\\\/logo\\\/image\\\/\",\"url\":\"https:\\\/\\\/www.laguiadepamplona.com\\\/actualidad\\\/wp-content\\\/uploads\\\/2018\\\/11\\\/logo-laguiadepamplona18-web1.png\",\"contentUrl\":\"https:\\\/\\\/www.laguiadepamplona.com\\\/actualidad\\\/wp-content\\\/uploads\\\/2018\\\/11\\\/logo-laguiadepamplona18-web1.png\",\"width\":600,\"height\":196,\"caption\":\"La Gu\u00eda de Pamplona \\\/ Noticias\"},\"image\":{\"@id\":\"https:\\\/\\\/www.laguiadepamplona.com\\\/actualidad\\\/#\\\/schema\\\/logo\\\/image\\\/\"},\"sameAs\":[\"https:\\\/\\\/www.facebook.com\\\/laguiadepamplonacom-133175176762273\\\/?ref=hl\",\"https:\\\/\\\/x.com\\\/LaGuiadPamplona\",\"https:\\\/\\\/www.instagram.com\\\/la_guia_de_pamplona\\\/\",\"https:\\\/\\\/www.youtube.com\\\/user\\\/laguiadepamplona\"]},{\"@type\":\"Person\",\"@id\":\"https:\\\/\\\/www.laguiadepamplona.com\\\/actualidad\\\/#\\\/schema\\\/person\\\/efe887376f0213d4657c93adc50b1fdb\",\"name\":\"La Gu\u00eda de Pamplona\",\"image\":{\"@type\":\"ImageObject\",\"inLanguage\":\"es\",\"@id\":\"https:\\\/\\\/secure.gravatar.com\\\/avatar\\\/b6992f131dc8d30ab0dff15446e9d346d9dbd95992de0fef795073f5ea83a81c?s=96&d=mm&r=g\",\"url\":\"https:\\\/\\\/secure.gravatar.com\\\/avatar\\\/b6992f131dc8d30ab0dff15446e9d346d9dbd95992de0fef795073f5ea83a81c?s=96&d=mm&r=g\",\"contentUrl\":\"https:\\\/\\\/secure.gravatar.com\\\/avatar\\\/b6992f131dc8d30ab0dff15446e9d346d9dbd95992de0fef795073f5ea83a81c?s=96&d=mm&r=g\",\"caption\":\"La Gu\u00eda de Pamplona\"}}]}<\/script>\n<!-- \/ Yoast SEO plugin. -->","yoast_head_json":{"title":"El Ayuntamiento de Pamplona colabora con el Pacto de la Persona Mayor de San Juan en su labor de promoci\u00f3n del envejecimiento activo y saludable","description":"El convenio de colaboraci\u00f3n firmado canaliza la subvenci\u00f3n de 7.500 euros con la que se financian alquiler y otros gastos indirectos del local del Pacto","robots":{"index":"index","follow":"follow","max-snippet":"max-snippet:-1","max-image-preview":"max-image-preview:large","max-video-preview":"max-video-preview:-1"},"canonical":"https:\/\/www.laguiadepamplona.com\/actualidad\/el-ayuntamiento-de-pamplona-colabora-con-el-pacto-de-la-persona-mayor-de-san-juan-en-su-labor-de-promocion-del-envejecimiento-activo-y-saludable\/","og_locale":"es_ES","og_type":"article","og_title":"El Ayuntamiento de Pamplona colabora con el Pacto de la Persona Mayor de San Juan en su labor de promoci\u00f3n del envejecimiento activo y saludable","og_description":"El convenio de colaboraci\u00f3n firmado canaliza la subvenci\u00f3n de 7.500 euros con la que se financian alquiler y otros gastos indirectos del local del Pacto","og_url":"https:\/\/www.laguiadepamplona.com\/actualidad\/el-ayuntamiento-de-pamplona-colabora-con-el-pacto-de-la-persona-mayor-de-san-juan-en-su-labor-de-promocion-del-envejecimiento-activo-y-saludable\/","og_site_name":"La Gu\u00eda de Pamplona","article_publisher":"https:\/\/www.facebook.com\/laguiadepamplonacom-133175176762273\/?ref=hl","article_published_time":"2026-03-09T19:03:38+00:00","og_image":[{"width":1000,"height":667,"url":"https:\/\/www.laguiadepamplona.com\/actualidad\/wp-content\/uploads\/2026\/03\/firma-convenio-pacto-persona-mayor-san-juan-dscf2274.webp","type":"image\/webp"}],"author":"La Gu\u00eda de Pamplona","twitter_card":"summary_large_image","twitter_creator":"@LaGuiadPamplona","twitter_site":"@LaGuiadPamplona","twitter_misc":{"Escrito por":"La Gu\u00eda de Pamplona","Tiempo de lectura":"2 minutos"},"schema":{"@context":"https:\/\/schema.org","@graph":[{"@type":"Article","@id":"https:\/\/www.laguiadepamplona.com\/actualidad\/el-ayuntamiento-de-pamplona-colabora-con-el-pacto-de-la-persona-mayor-de-san-juan-en-su-labor-de-promocion-del-envejecimiento-activo-y-saludable\/#article","isPartOf":{"@id":"https:\/\/www.laguiadepamplona.com\/actualidad\/el-ayuntamiento-de-pamplona-colabora-con-el-pacto-de-la-persona-mayor-de-san-juan-en-su-labor-de-promocion-del-envejecimiento-activo-y-saludable\/"},"author":{"name":"La Gu\u00eda de Pamplona","@id":"https:\/\/www.laguiadepamplona.com\/actualidad\/#\/schema\/person\/efe887376f0213d4657c93adc50b1fdb"},"headline":"El Ayuntamiento de Pamplona colabora con el Pacto de la Persona Mayor de San Juan en su labor de promoci\u00f3n del envejecimiento activo y saludable","datePublished":"2026-03-09T19:03:38+00:00","mainEntityOfPage":{"@id":"https:\/\/www.laguiadepamplona.com\/actualidad\/el-ayuntamiento-de-pamplona-colabora-con-el-pacto-de-la-persona-mayor-de-san-juan-en-su-labor-de-promocion-del-envejecimiento-activo-y-saludable\/"},"wordCount":421,"commentCount":0,"publisher":{"@id":"https:\/\/www.laguiadepamplona.com\/actualidad\/#organization"},"image":{"@id":"https:\/\/www.laguiadepamplona.com\/actualidad\/el-ayuntamiento-de-pamplona-colabora-con-el-pacto-de-la-persona-mayor-de-san-juan-en-su-labor-de-promocion-del-envejecimiento-activo-y-saludable\/#primaryimage"},"thumbnailUrl":"https:\/\/www.laguiadepamplona.com\/actualidad\/wp-content\/uploads\/2026\/03\/firma-convenio-pacto-persona-mayor-san-juan-dscf2274.webp","articleSection":["Ayto Pamplona"],"inLanguage":"es","potentialAction":[{"@type":"CommentAction","name":"Comment","target":["https:\/\/www.laguiadepamplona.com\/actualidad\/el-ayuntamiento-de-pamplona-colabora-con-el-pacto-de-la-persona-mayor-de-san-juan-en-su-labor-de-promocion-del-envejecimiento-activo-y-saludable\/#respond"]}]},{"@type":"WebPage","@id":"https:\/\/www.laguiadepamplona.com\/actualidad\/el-ayuntamiento-de-pamplona-colabora-con-el-pacto-de-la-persona-mayor-de-san-juan-en-su-labor-de-promocion-del-envejecimiento-activo-y-saludable\/","url":"https:\/\/www.laguiadepamplona.com\/actualidad\/el-ayuntamiento-de-pamplona-colabora-con-el-pacto-de-la-persona-mayor-de-san-juan-en-su-labor-de-promocion-del-envejecimiento-activo-y-saludable\/","name":"El Ayuntamiento de Pamplona colabora con el Pacto de la Persona Mayor de San Juan en su labor de promoci\u00f3n del envejecimiento activo y saludable","isPartOf":{"@id":"https:\/\/www.laguiadepamplona.com\/actualidad\/#website"},"primaryImageOfPage":{"@id":"https:\/\/www.laguiadepamplona.com\/actualidad\/el-ayuntamiento-de-pamplona-colabora-con-el-pacto-de-la-persona-mayor-de-san-juan-en-su-labor-de-promocion-del-envejecimiento-activo-y-saludable\/#primaryimage"},"image":{"@id":"https:\/\/www.laguiadepamplona.com\/actualidad\/el-ayuntamiento-de-pamplona-colabora-con-el-pacto-de-la-persona-mayor-de-san-juan-en-su-labor-de-promocion-del-envejecimiento-activo-y-saludable\/#primaryimage"},"thumbnailUrl":"https:\/\/www.laguiadepamplona.com\/actualidad\/wp-content\/uploads\/2026\/03\/firma-convenio-pacto-persona-mayor-san-juan-dscf2274.webp","datePublished":"2026-03-09T19:03:38+00:00","description":"El convenio de colaboraci\u00f3n firmado canaliza la subvenci\u00f3n de 7.500 euros con la que se financian alquiler y otros gastos indirectos del local del Pacto","breadcrumb":{"@id":"https:\/\/www.laguiadepamplona.com\/actualidad\/el-ayuntamiento-de-pamplona-colabora-con-el-pacto-de-la-persona-mayor-de-san-juan-en-su-labor-de-promocion-del-envejecimiento-activo-y-saludable\/#breadcrumb"},"inLanguage":"es","potentialAction":[{"@type":"ReadAction","target":["https:\/\/www.laguiadepamplona.com\/actualidad\/el-ayuntamiento-de-pamplona-colabora-con-el-pacto-de-la-persona-mayor-de-san-juan-en-su-labor-de-promocion-del-envejecimiento-activo-y-saludable\/"]}]},{"@type":"ImageObject","inLanguage":"es","@id":"https:\/\/www.laguiadepamplona.com\/actualidad\/el-ayuntamiento-de-pamplona-colabora-con-el-pacto-de-la-persona-mayor-de-san-juan-en-su-labor-de-promocion-del-envejecimiento-activo-y-saludable\/#primaryimage","url":"https:\/\/www.laguiadepamplona.com\/actualidad\/wp-content\/uploads\/2026\/03\/firma-convenio-pacto-persona-mayor-san-juan-dscf2274.webp","contentUrl":"https:\/\/www.laguiadepamplona.com\/actualidad\/wp-content\/uploads\/2026\/03\/firma-convenio-pacto-persona-mayor-san-juan-dscf2274.webp","width":1000,"height":667,"caption":"firma convenio pacto persona mayor san juan"},{"@type":"BreadcrumbList","@id":"https:\/\/www.laguiadepamplona.com\/actualidad\/el-ayuntamiento-de-pamplona-colabora-con-el-pacto-de-la-persona-mayor-de-san-juan-en-su-labor-de-promocion-del-envejecimiento-activo-y-saludable\/#breadcrumb","itemListElement":[{"@type":"ListItem","position":1,"name":"Portada","item":"https:\/\/www.laguiadepamplona.com\/actualidad\/"},{"@type":"ListItem","position":2,"name":"El Ayuntamiento de Pamplona colabora con el Pacto de la Persona Mayor de San Juan en su labor de promoci\u00f3n del envejecimiento activo y saludable"}]},{"@type":"WebSite","@id":"https:\/\/www.laguiadepamplona.com\/actualidad\/#website","url":"https:\/\/www.laguiadepamplona.com\/actualidad\/","name":"La gu\u00eda de Pamplona","description":"Noticias de Pamplona","publisher":{"@id":"https:\/\/www.laguiadepamplona.com\/actualidad\/#organization"},"potentialAction":[{"@type":"SearchAction","target":{"@type":"EntryPoint","urlTemplate":"https:\/\/www.laguiadepamplona.com\/actualidad\/?s={search_term_string}"},"query-input":{"@type":"PropertyValueSpecification","valueRequired":true,"valueName":"search_term_string"}}],"inLanguage":"es"},{"@type":"Organization","@id":"https:\/\/www.laguiadepamplona.com\/actualidad\/#organization","name":"La Gu\u00eda de Pamplona \/ Noticias","url":"https:\/\/www.laguiadepamplona.com\/actualidad\/","logo":{"@type":"ImageObject","inLanguage":"es","@id":"https:\/\/www.laguiadepamplona.com\/actualidad\/#\/schema\/logo\/image\/","url":"https:\/\/www.laguiadepamplona.com\/actualidad\/wp-content\/uploads\/2018\/11\/logo-laguiadepamplona18-web1.png","contentUrl":"https:\/\/www.laguiadepamplona.com\/actualidad\/wp-content\/uploads\/2018\/11\/logo-laguiadepamplona18-web1.png","width":600,"height":196,"caption":"La Gu\u00eda de Pamplona \/ Noticias"},"image":{"@id":"https:\/\/www.laguiadepamplona.com\/actualidad\/#\/schema\/logo\/image\/"},"sameAs":["https:\/\/www.facebook.com\/laguiadepamplonacom-133175176762273\/?ref=hl","https:\/\/x.com\/LaGuiadPamplona","https:\/\/www.instagram.com\/la_guia_de_pamplona\/","https:\/\/www.youtube.com\/user\/laguiadepamplona"]},{"@type":"Person","@id":"https:\/\/www.laguiadepamplona.com\/actualidad\/#\/schema\/person\/efe887376f0213d4657c93adc50b1fdb","name":"La Gu\u00eda de Pamplona","image":{"@type":"ImageObject","inLanguage":"es","@id":"https:\/\/secure.gravatar.com\/avatar\/b6992f131dc8d30ab0dff15446e9d346d9dbd95992de0fef795073f5ea83a81c?s=96&d=mm&r=g","url":"https:\/\/secure.gravatar.com\/avatar\/b6992f131dc8d30ab0dff15446e9d346d9dbd95992de0fef795073f5ea83a81c?s=96&d=mm&r=g","contentUrl":"https:\/\/secure.gravatar.com\/avatar\/b6992f131dc8d30ab0dff15446e9d346d9dbd95992de0fef795073f5ea83a81c?s=96&d=mm&r=g","caption":"La Gu\u00eda de Pamplona"}}]}},"post_mailing_queue_ids":[],"_links":{"self":[{"href":"https:\/\/www.laguiadepamplona.com\/actualidad\/wp-json\/wp\/v2\/posts\/54785","targetHints":{"allow":["GET"]}}],"collection":[{"href":"https:\/\/www.laguiadepamplona.com\/actualidad\/wp-json\/wp\/v2\/posts"}],"about":[{"href":"https:\/\/www.laguiadepamplona.com\/actualidad\/wp-json\/wp\/v2\/types\/post"}],"author":[{"embeddable":true,"href":"https:\/\/www.laguiadepamplona.com\/actualidad\/wp-json\/wp\/v2\/users\/1"}],"replies":[{"embeddable":true,"href":"https:\/\/www.laguiadepamplona.com\/actualidad\/wp-json\/wp\/v2\/comments?post=54785"}],"version-history":[{"count":1,"href":"https:\/\/www.laguiadepamplona.com\/actualidad\/wp-json\/wp\/v2\/posts\/54785\/revisions"}],"predecessor-version":[{"id":54787,"href":"https:\/\/www.laguiadepamplona.com\/actualidad\/wp-json\/wp\/v2\/posts\/54785\/revisions\/54787"}],"wp:featuredmedia":[{"embeddable":true,"href":"https:\/\/www.laguiadepamplona.com\/actualidad\/wp-json\/wp\/v2\/media\/54786"}],"wp:attachment":[{"href":"https:\/\/www.laguiadepamplona.com\/actualidad\/wp-json\/wp\/v2\/media?parent=54785"}],"wp:term":[{"taxonomy":"category","embeddable":true,"href":"https:\/\/www.laguiadepamplona.com\/actualidad\/wp-json\/wp\/v2\/categories?post=54785"},{"taxonomy":"post_tag","embeddable":true,"href":"https:\/\/www.laguiadepamplona.com\/actualidad\/wp-json\/wp\/v2\/tags?post=54785"}],"curies":[{"name":"wp","href":"https:\/\/api.w.org\/{rel}","templated":true}]}}