{"id":54782,"date":"2026-03-09T21:01:53","date_gmt":"2026-03-09T19:01:53","guid":{"rendered":"https:\/\/www.laguiadepamplona.com\/actualidad\/?p=54782"},"modified":"2026-03-09T21:01:53","modified_gmt":"2026-03-09T19:01:53","slug":"la-figura-de-lurdes-iriondo-pionera-de-la-cultura-en-euskera-protagoniza-el-documental-que-se-proyecta-este-martes-en-condestable","status":"publish","type":"post","link":"https:\/\/www.laguiadepamplona.com\/actualidad\/la-figura-de-lurdes-iriondo-pionera-de-la-cultura-en-euskera-protagoniza-el-documental-que-se-proyecta-este-martes-en-condestable\/","title":{"rendered":"La figura de Lurdes Iriondo, pionera de la cultura en euskera, protagoniza el documental que se proyecta este martes en Condestable"},"content":{"rendered":"<h2>La proyecci\u00f3n forma parte de la programaci\u00f3n cultural trimestral que organizan el Ayuntamiento de Pamplona y el Ateneo Navarro<\/h2>\n<p><!--more--><\/p>\n<p>Civivox Condestable acoge este martes de la \u00faltima actividad de la programaci\u00f3n cultural trimestral en euskera que organizan el Ayuntamiento de Pamplona y el Ateneo Navarro. A partir de las 19.30 horas, se proyectar\u00e1 el documental \u201cLurdes Iriondo, ez gera alferrik pasako\u201d, que glosa la figura de esta pionera de la m\u00fasica en euskera y referente de la transmisi\u00f3n de la cultura vasca. La entrada es libre, hasta completar el aforo.<\/p>\n<p>El documental est\u00e1 dirigido por Inge Mendioroz Ib\u00e1\u00f1ez, con guion de Idoia Garzes Aldazabal y particip\u00f3 en la secci\u00f3n Zinemira del Festival de Cine de San Sebastian de 2025. Lurdes Iriondo fue una de las fundadoras del movimiento vanguardista Ez Dok Amairu y sus canciones, tanto en solitario como junto a Xabier Lete o en colaboraci\u00f3n con otros artistas, se convirtieron en referentes de la memoria colectiva de los a\u00f1os 60 y 70. Fue tambi\u00e9n pionera desde la perspectiva de la igualdad, al tener la capacidad de situar a las mujeres creadoras en el espacio p\u00fablico, al tiempo que realiz\u00f3 una aportaci\u00f3n fundamental en el \u00e1mbito de la literatura infantil en euskera.<\/p>\n<p>Tras la proyecci\u00f3n, se llevar\u00e1 a cabo un coloquio que contar\u00e1 con su directora, Inge Mendioroz Ib\u00e1\u00f1ez. La cineasta ha trabajado como c\u00e1mara y montadora bajo el nombre de Behirada. Estudi\u00f3 dise\u00f1o gr\u00e1fico e ilustraci\u00f3n y trabaj\u00f3 varios a\u00f1os como maquetadora en la revista Gaztezulo. Tras realizar un m\u00e1ster en montaje y postproducci\u00f3n, fue ayudante de Ra\u00fal L\u00f3pez y Laurent Dufreche en varias de sus pel\u00edculas como el documental \u201cEz, eskerrik asko! Gladysen leihoa\u201d. Ha dirigido tambi\u00e9n el largometraje documental \u201cPioneras\u201d.<\/p>\n<p>Idoia Garzes, periodista y escritora guipuzcoana, ha tocado a lo largo de su trayectoria profesional diversos g\u00e9neros como la literatura infantil y juvenil, la narraci\u00f3n o la novela. En 2019 gan\u00f3 el premio Xabier Lizardi con la obra \u201cHari single bat\u201d y tambi\u00e9n el premio Augustin Zubikarai con su novela \u201cMendiko gaitza\u201d.<\/p>\n","protected":false},"excerpt":{"rendered":"<p>La proyecci\u00f3n forma parte de la programaci\u00f3n cultural trimestral que organizan el Ayuntamiento de Pamplona y el Ateneo Navarro<\/p>\n","protected":false},"author":1,"featured_media":54783,"comment_status":"open","ping_status":"closed","sticky":false,"template":"","format":"standard","meta":{"footnotes":""},"categories":[2],"tags":[],"class_list":["post-54782","post","type-post","status-publish","format-standard","has-post-thumbnail","hentry","category-ayuntamiento-pamplona"],"yoast_head":"<!-- This site is optimized with the Yoast SEO plugin v27.5 - https:\/\/yoast.com\/product\/yoast-seo-wordpress\/ -->\n<title>La figura de Lurdes Iriondo, pionera de la cultura en euskera, protagoniza el documental que se proyecta este martes en Condestable<\/title>\n<meta name=\"description\" content=\"La proyecci\u00f3n forma parte de la programaci\u00f3n cultural trimestral que organizan el Ayuntamiento de Pamplona y el Ateneo Navarro\" \/>\n<meta name=\"robots\" content=\"index, follow, max-snippet:-1, max-image-preview:large, max-video-preview:-1\" \/>\n<link rel=\"canonical\" href=\"https:\/\/www.laguiadepamplona.com\/actualidad\/la-figura-de-lurdes-iriondo-pionera-de-la-cultura-en-euskera-protagoniza-el-documental-que-se-proyecta-este-martes-en-condestable\/\" \/>\n<meta property=\"og:locale\" content=\"es_ES\" \/>\n<meta property=\"og:type\" content=\"article\" \/>\n<meta property=\"og:title\" content=\"La figura de Lurdes Iriondo, pionera de la cultura en euskera, protagoniza el documental que se proyecta este martes en Condestable\" \/>\n<meta property=\"og:description\" content=\"La proyecci\u00f3n forma parte de la programaci\u00f3n cultural trimestral que organizan el Ayuntamiento de Pamplona y el Ateneo Navarro\" \/>\n<meta property=\"og:url\" content=\"https:\/\/www.laguiadepamplona.com\/actualidad\/la-figura-de-lurdes-iriondo-pionera-de-la-cultura-en-euskera-protagoniza-el-documental-que-se-proyecta-este-martes-en-condestable\/\" \/>\n<meta property=\"og:site_name\" content=\"La Gu\u00eda de Pamplona\" \/>\n<meta property=\"article:publisher\" content=\"https:\/\/www.facebook.com\/laguiadepamplonacom-133175176762273\/?ref=hl\" \/>\n<meta property=\"article:published_time\" content=\"2026-03-09T19:01:53+00:00\" \/>\n<meta property=\"og:image\" content=\"https:\/\/www.laguiadepamplona.com\/actualidad\/wp-content\/uploads\/2026\/03\/Ateneo_web.webp\" \/>\n\t<meta property=\"og:image:width\" content=\"1000\" \/>\n\t<meta property=\"og:image:height\" content=\"667\" \/>\n\t<meta property=\"og:image:type\" content=\"image\/webp\" \/>\n<meta name=\"author\" content=\"La Gu\u00eda de Pamplona\" \/>\n<meta name=\"twitter:card\" content=\"summary_large_image\" \/>\n<meta name=\"twitter:creator\" content=\"@LaGuiadPamplona\" \/>\n<meta name=\"twitter:site\" content=\"@LaGuiadPamplona\" \/>\n<meta name=\"twitter:label1\" content=\"Escrito por\" \/>\n\t<meta name=\"twitter:data1\" content=\"La Gu\u00eda de Pamplona\" \/>\n\t<meta name=\"twitter:label2\" content=\"Tiempo de lectura\" \/>\n\t<meta name=\"twitter:data2\" content=\"2 minutos\" \/>\n<script type=\"application\/ld+json\" class=\"yoast-schema-graph\">{\"@context\":\"https:\\\/\\\/schema.org\",\"@graph\":[{\"@type\":\"Article\",\"@id\":\"https:\\\/\\\/www.laguiadepamplona.com\\\/actualidad\\\/la-figura-de-lurdes-iriondo-pionera-de-la-cultura-en-euskera-protagoniza-el-documental-que-se-proyecta-este-martes-en-condestable\\\/#article\",\"isPartOf\":{\"@id\":\"https:\\\/\\\/www.laguiadepamplona.com\\\/actualidad\\\/la-figura-de-lurdes-iriondo-pionera-de-la-cultura-en-euskera-protagoniza-el-documental-que-se-proyecta-este-martes-en-condestable\\\/\"},\"author\":{\"name\":\"La Gu\u00eda de Pamplona\",\"@id\":\"https:\\\/\\\/www.laguiadepamplona.com\\\/actualidad\\\/#\\\/schema\\\/person\\\/efe887376f0213d4657c93adc50b1fdb\"},\"headline\":\"La figura de Lurdes Iriondo, pionera de la cultura en euskera, protagoniza el documental que se proyecta este martes en Condestable\",\"datePublished\":\"2026-03-09T19:01:53+00:00\",\"mainEntityOfPage\":{\"@id\":\"https:\\\/\\\/www.laguiadepamplona.com\\\/actualidad\\\/la-figura-de-lurdes-iriondo-pionera-de-la-cultura-en-euskera-protagoniza-el-documental-que-se-proyecta-este-martes-en-condestable\\\/\"},\"wordCount\":379,\"commentCount\":0,\"publisher\":{\"@id\":\"https:\\\/\\\/www.laguiadepamplona.com\\\/actualidad\\\/#organization\"},\"image\":{\"@id\":\"https:\\\/\\\/www.laguiadepamplona.com\\\/actualidad\\\/la-figura-de-lurdes-iriondo-pionera-de-la-cultura-en-euskera-protagoniza-el-documental-que-se-proyecta-este-martes-en-condestable\\\/#primaryimage\"},\"thumbnailUrl\":\"https:\\\/\\\/www.laguiadepamplona.com\\\/actualidad\\\/wp-content\\\/uploads\\\/2026\\\/03\\\/Ateneo_web.webp\",\"articleSection\":[\"Ayto Pamplona\"],\"inLanguage\":\"es\",\"potentialAction\":[{\"@type\":\"CommentAction\",\"name\":\"Comment\",\"target\":[\"https:\\\/\\\/www.laguiadepamplona.com\\\/actualidad\\\/la-figura-de-lurdes-iriondo-pionera-de-la-cultura-en-euskera-protagoniza-el-documental-que-se-proyecta-este-martes-en-condestable\\\/#respond\"]}]},{\"@type\":\"WebPage\",\"@id\":\"https:\\\/\\\/www.laguiadepamplona.com\\\/actualidad\\\/la-figura-de-lurdes-iriondo-pionera-de-la-cultura-en-euskera-protagoniza-el-documental-que-se-proyecta-este-martes-en-condestable\\\/\",\"url\":\"https:\\\/\\\/www.laguiadepamplona.com\\\/actualidad\\\/la-figura-de-lurdes-iriondo-pionera-de-la-cultura-en-euskera-protagoniza-el-documental-que-se-proyecta-este-martes-en-condestable\\\/\",\"name\":\"La figura de Lurdes Iriondo, pionera de la cultura en euskera, protagoniza el documental que se proyecta este martes en Condestable\",\"isPartOf\":{\"@id\":\"https:\\\/\\\/www.laguiadepamplona.com\\\/actualidad\\\/#website\"},\"primaryImageOfPage\":{\"@id\":\"https:\\\/\\\/www.laguiadepamplona.com\\\/actualidad\\\/la-figura-de-lurdes-iriondo-pionera-de-la-cultura-en-euskera-protagoniza-el-documental-que-se-proyecta-este-martes-en-condestable\\\/#primaryimage\"},\"image\":{\"@id\":\"https:\\\/\\\/www.laguiadepamplona.com\\\/actualidad\\\/la-figura-de-lurdes-iriondo-pionera-de-la-cultura-en-euskera-protagoniza-el-documental-que-se-proyecta-este-martes-en-condestable\\\/#primaryimage\"},\"thumbnailUrl\":\"https:\\\/\\\/www.laguiadepamplona.com\\\/actualidad\\\/wp-content\\\/uploads\\\/2026\\\/03\\\/Ateneo_web.webp\",\"datePublished\":\"2026-03-09T19:01:53+00:00\",\"description\":\"La proyecci\u00f3n forma parte de la programaci\u00f3n cultural trimestral que organizan el Ayuntamiento de Pamplona y el Ateneo Navarro\",\"breadcrumb\":{\"@id\":\"https:\\\/\\\/www.laguiadepamplona.com\\\/actualidad\\\/la-figura-de-lurdes-iriondo-pionera-de-la-cultura-en-euskera-protagoniza-el-documental-que-se-proyecta-este-martes-en-condestable\\\/#breadcrumb\"},\"inLanguage\":\"es\",\"potentialAction\":[{\"@type\":\"ReadAction\",\"target\":[\"https:\\\/\\\/www.laguiadepamplona.com\\\/actualidad\\\/la-figura-de-lurdes-iriondo-pionera-de-la-cultura-en-euskera-protagoniza-el-documental-que-se-proyecta-este-martes-en-condestable\\\/\"]}]},{\"@type\":\"ImageObject\",\"inLanguage\":\"es\",\"@id\":\"https:\\\/\\\/www.laguiadepamplona.com\\\/actualidad\\\/la-figura-de-lurdes-iriondo-pionera-de-la-cultura-en-euskera-protagoniza-el-documental-que-se-proyecta-este-martes-en-condestable\\\/#primaryimage\",\"url\":\"https:\\\/\\\/www.laguiadepamplona.com\\\/actualidad\\\/wp-content\\\/uploads\\\/2026\\\/03\\\/Ateneo_web.webp\",\"contentUrl\":\"https:\\\/\\\/www.laguiadepamplona.com\\\/actualidad\\\/wp-content\\\/uploads\\\/2026\\\/03\\\/Ateneo_web.webp\",\"width\":1000,\"height\":667,\"caption\":\"Ateneo\"},{\"@type\":\"BreadcrumbList\",\"@id\":\"https:\\\/\\\/www.laguiadepamplona.com\\\/actualidad\\\/la-figura-de-lurdes-iriondo-pionera-de-la-cultura-en-euskera-protagoniza-el-documental-que-se-proyecta-este-martes-en-condestable\\\/#breadcrumb\",\"itemListElement\":[{\"@type\":\"ListItem\",\"position\":1,\"name\":\"Portada\",\"item\":\"https:\\\/\\\/www.laguiadepamplona.com\\\/actualidad\\\/\"},{\"@type\":\"ListItem\",\"position\":2,\"name\":\"La figura de Lurdes Iriondo, pionera de la cultura en euskera, protagoniza el documental que se proyecta este martes en Condestable\"}]},{\"@type\":\"WebSite\",\"@id\":\"https:\\\/\\\/www.laguiadepamplona.com\\\/actualidad\\\/#website\",\"url\":\"https:\\\/\\\/www.laguiadepamplona.com\\\/actualidad\\\/\",\"name\":\"La gu\u00eda de Pamplona\",\"description\":\"Noticias de Pamplona\",\"publisher\":{\"@id\":\"https:\\\/\\\/www.laguiadepamplona.com\\\/actualidad\\\/#organization\"},\"potentialAction\":[{\"@type\":\"SearchAction\",\"target\":{\"@type\":\"EntryPoint\",\"urlTemplate\":\"https:\\\/\\\/www.laguiadepamplona.com\\\/actualidad\\\/?s={search_term_string}\"},\"query-input\":{\"@type\":\"PropertyValueSpecification\",\"valueRequired\":true,\"valueName\":\"search_term_string\"}}],\"inLanguage\":\"es\"},{\"@type\":\"Organization\",\"@id\":\"https:\\\/\\\/www.laguiadepamplona.com\\\/actualidad\\\/#organization\",\"name\":\"La Gu\u00eda de Pamplona \\\/ Noticias\",\"url\":\"https:\\\/\\\/www.laguiadepamplona.com\\\/actualidad\\\/\",\"logo\":{\"@type\":\"ImageObject\",\"inLanguage\":\"es\",\"@id\":\"https:\\\/\\\/www.laguiadepamplona.com\\\/actualidad\\\/#\\\/schema\\\/logo\\\/image\\\/\",\"url\":\"https:\\\/\\\/www.laguiadepamplona.com\\\/actualidad\\\/wp-content\\\/uploads\\\/2018\\\/11\\\/logo-laguiadepamplona18-web1.png\",\"contentUrl\":\"https:\\\/\\\/www.laguiadepamplona.com\\\/actualidad\\\/wp-content\\\/uploads\\\/2018\\\/11\\\/logo-laguiadepamplona18-web1.png\",\"width\":600,\"height\":196,\"caption\":\"La Gu\u00eda de Pamplona \\\/ Noticias\"},\"image\":{\"@id\":\"https:\\\/\\\/www.laguiadepamplona.com\\\/actualidad\\\/#\\\/schema\\\/logo\\\/image\\\/\"},\"sameAs\":[\"https:\\\/\\\/www.facebook.com\\\/laguiadepamplonacom-133175176762273\\\/?ref=hl\",\"https:\\\/\\\/x.com\\\/LaGuiadPamplona\",\"https:\\\/\\\/www.instagram.com\\\/la_guia_de_pamplona\\\/\",\"https:\\\/\\\/www.youtube.com\\\/user\\\/laguiadepamplona\"]},{\"@type\":\"Person\",\"@id\":\"https:\\\/\\\/www.laguiadepamplona.com\\\/actualidad\\\/#\\\/schema\\\/person\\\/efe887376f0213d4657c93adc50b1fdb\",\"name\":\"La Gu\u00eda de Pamplona\",\"image\":{\"@type\":\"ImageObject\",\"inLanguage\":\"es\",\"@id\":\"https:\\\/\\\/secure.gravatar.com\\\/avatar\\\/b6992f131dc8d30ab0dff15446e9d346d9dbd95992de0fef795073f5ea83a81c?s=96&d=mm&r=g\",\"url\":\"https:\\\/\\\/secure.gravatar.com\\\/avatar\\\/b6992f131dc8d30ab0dff15446e9d346d9dbd95992de0fef795073f5ea83a81c?s=96&d=mm&r=g\",\"contentUrl\":\"https:\\\/\\\/secure.gravatar.com\\\/avatar\\\/b6992f131dc8d30ab0dff15446e9d346d9dbd95992de0fef795073f5ea83a81c?s=96&d=mm&r=g\",\"caption\":\"La Gu\u00eda de Pamplona\"}}]}<\/script>\n<!-- \/ Yoast SEO plugin. -->","yoast_head_json":{"title":"La figura de Lurdes Iriondo, pionera de la cultura en euskera, protagoniza el documental que se proyecta este martes en Condestable","description":"La proyecci\u00f3n forma parte de la programaci\u00f3n cultural trimestral que organizan el Ayuntamiento de Pamplona y el Ateneo Navarro","robots":{"index":"index","follow":"follow","max-snippet":"max-snippet:-1","max-image-preview":"max-image-preview:large","max-video-preview":"max-video-preview:-1"},"canonical":"https:\/\/www.laguiadepamplona.com\/actualidad\/la-figura-de-lurdes-iriondo-pionera-de-la-cultura-en-euskera-protagoniza-el-documental-que-se-proyecta-este-martes-en-condestable\/","og_locale":"es_ES","og_type":"article","og_title":"La figura de Lurdes Iriondo, pionera de la cultura en euskera, protagoniza el documental que se proyecta este martes en Condestable","og_description":"La proyecci\u00f3n forma parte de la programaci\u00f3n cultural trimestral que organizan el Ayuntamiento de Pamplona y el Ateneo Navarro","og_url":"https:\/\/www.laguiadepamplona.com\/actualidad\/la-figura-de-lurdes-iriondo-pionera-de-la-cultura-en-euskera-protagoniza-el-documental-que-se-proyecta-este-martes-en-condestable\/","og_site_name":"La Gu\u00eda de Pamplona","article_publisher":"https:\/\/www.facebook.com\/laguiadepamplonacom-133175176762273\/?ref=hl","article_published_time":"2026-03-09T19:01:53+00:00","og_image":[{"width":1000,"height":667,"url":"https:\/\/www.laguiadepamplona.com\/actualidad\/wp-content\/uploads\/2026\/03\/Ateneo_web.webp","type":"image\/webp"}],"author":"La Gu\u00eda de Pamplona","twitter_card":"summary_large_image","twitter_creator":"@LaGuiadPamplona","twitter_site":"@LaGuiadPamplona","twitter_misc":{"Escrito por":"La Gu\u00eda de Pamplona","Tiempo de lectura":"2 minutos"},"schema":{"@context":"https:\/\/schema.org","@graph":[{"@type":"Article","@id":"https:\/\/www.laguiadepamplona.com\/actualidad\/la-figura-de-lurdes-iriondo-pionera-de-la-cultura-en-euskera-protagoniza-el-documental-que-se-proyecta-este-martes-en-condestable\/#article","isPartOf":{"@id":"https:\/\/www.laguiadepamplona.com\/actualidad\/la-figura-de-lurdes-iriondo-pionera-de-la-cultura-en-euskera-protagoniza-el-documental-que-se-proyecta-este-martes-en-condestable\/"},"author":{"name":"La Gu\u00eda de Pamplona","@id":"https:\/\/www.laguiadepamplona.com\/actualidad\/#\/schema\/person\/efe887376f0213d4657c93adc50b1fdb"},"headline":"La figura de Lurdes Iriondo, pionera de la cultura en euskera, protagoniza el documental que se proyecta este martes en Condestable","datePublished":"2026-03-09T19:01:53+00:00","mainEntityOfPage":{"@id":"https:\/\/www.laguiadepamplona.com\/actualidad\/la-figura-de-lurdes-iriondo-pionera-de-la-cultura-en-euskera-protagoniza-el-documental-que-se-proyecta-este-martes-en-condestable\/"},"wordCount":379,"commentCount":0,"publisher":{"@id":"https:\/\/www.laguiadepamplona.com\/actualidad\/#organization"},"image":{"@id":"https:\/\/www.laguiadepamplona.com\/actualidad\/la-figura-de-lurdes-iriondo-pionera-de-la-cultura-en-euskera-protagoniza-el-documental-que-se-proyecta-este-martes-en-condestable\/#primaryimage"},"thumbnailUrl":"https:\/\/www.laguiadepamplona.com\/actualidad\/wp-content\/uploads\/2026\/03\/Ateneo_web.webp","articleSection":["Ayto Pamplona"],"inLanguage":"es","potentialAction":[{"@type":"CommentAction","name":"Comment","target":["https:\/\/www.laguiadepamplona.com\/actualidad\/la-figura-de-lurdes-iriondo-pionera-de-la-cultura-en-euskera-protagoniza-el-documental-que-se-proyecta-este-martes-en-condestable\/#respond"]}]},{"@type":"WebPage","@id":"https:\/\/www.laguiadepamplona.com\/actualidad\/la-figura-de-lurdes-iriondo-pionera-de-la-cultura-en-euskera-protagoniza-el-documental-que-se-proyecta-este-martes-en-condestable\/","url":"https:\/\/www.laguiadepamplona.com\/actualidad\/la-figura-de-lurdes-iriondo-pionera-de-la-cultura-en-euskera-protagoniza-el-documental-que-se-proyecta-este-martes-en-condestable\/","name":"La figura de Lurdes Iriondo, pionera de la cultura en euskera, protagoniza el documental que se proyecta este martes en Condestable","isPartOf":{"@id":"https:\/\/www.laguiadepamplona.com\/actualidad\/#website"},"primaryImageOfPage":{"@id":"https:\/\/www.laguiadepamplona.com\/actualidad\/la-figura-de-lurdes-iriondo-pionera-de-la-cultura-en-euskera-protagoniza-el-documental-que-se-proyecta-este-martes-en-condestable\/#primaryimage"},"image":{"@id":"https:\/\/www.laguiadepamplona.com\/actualidad\/la-figura-de-lurdes-iriondo-pionera-de-la-cultura-en-euskera-protagoniza-el-documental-que-se-proyecta-este-martes-en-condestable\/#primaryimage"},"thumbnailUrl":"https:\/\/www.laguiadepamplona.com\/actualidad\/wp-content\/uploads\/2026\/03\/Ateneo_web.webp","datePublished":"2026-03-09T19:01:53+00:00","description":"La proyecci\u00f3n forma parte de la programaci\u00f3n cultural trimestral que organizan el Ayuntamiento de Pamplona y el Ateneo Navarro","breadcrumb":{"@id":"https:\/\/www.laguiadepamplona.com\/actualidad\/la-figura-de-lurdes-iriondo-pionera-de-la-cultura-en-euskera-protagoniza-el-documental-que-se-proyecta-este-martes-en-condestable\/#breadcrumb"},"inLanguage":"es","potentialAction":[{"@type":"ReadAction","target":["https:\/\/www.laguiadepamplona.com\/actualidad\/la-figura-de-lurdes-iriondo-pionera-de-la-cultura-en-euskera-protagoniza-el-documental-que-se-proyecta-este-martes-en-condestable\/"]}]},{"@type":"ImageObject","inLanguage":"es","@id":"https:\/\/www.laguiadepamplona.com\/actualidad\/la-figura-de-lurdes-iriondo-pionera-de-la-cultura-en-euskera-protagoniza-el-documental-que-se-proyecta-este-martes-en-condestable\/#primaryimage","url":"https:\/\/www.laguiadepamplona.com\/actualidad\/wp-content\/uploads\/2026\/03\/Ateneo_web.webp","contentUrl":"https:\/\/www.laguiadepamplona.com\/actualidad\/wp-content\/uploads\/2026\/03\/Ateneo_web.webp","width":1000,"height":667,"caption":"Ateneo"},{"@type":"BreadcrumbList","@id":"https:\/\/www.laguiadepamplona.com\/actualidad\/la-figura-de-lurdes-iriondo-pionera-de-la-cultura-en-euskera-protagoniza-el-documental-que-se-proyecta-este-martes-en-condestable\/#breadcrumb","itemListElement":[{"@type":"ListItem","position":1,"name":"Portada","item":"https:\/\/www.laguiadepamplona.com\/actualidad\/"},{"@type":"ListItem","position":2,"name":"La figura de Lurdes Iriondo, pionera de la cultura en euskera, protagoniza el documental que se proyecta este martes en Condestable"}]},{"@type":"WebSite","@id":"https:\/\/www.laguiadepamplona.com\/actualidad\/#website","url":"https:\/\/www.laguiadepamplona.com\/actualidad\/","name":"La gu\u00eda de Pamplona","description":"Noticias de Pamplona","publisher":{"@id":"https:\/\/www.laguiadepamplona.com\/actualidad\/#organization"},"potentialAction":[{"@type":"SearchAction","target":{"@type":"EntryPoint","urlTemplate":"https:\/\/www.laguiadepamplona.com\/actualidad\/?s={search_term_string}"},"query-input":{"@type":"PropertyValueSpecification","valueRequired":true,"valueName":"search_term_string"}}],"inLanguage":"es"},{"@type":"Organization","@id":"https:\/\/www.laguiadepamplona.com\/actualidad\/#organization","name":"La Gu\u00eda de Pamplona \/ Noticias","url":"https:\/\/www.laguiadepamplona.com\/actualidad\/","logo":{"@type":"ImageObject","inLanguage":"es","@id":"https:\/\/www.laguiadepamplona.com\/actualidad\/#\/schema\/logo\/image\/","url":"https:\/\/www.laguiadepamplona.com\/actualidad\/wp-content\/uploads\/2018\/11\/logo-laguiadepamplona18-web1.png","contentUrl":"https:\/\/www.laguiadepamplona.com\/actualidad\/wp-content\/uploads\/2018\/11\/logo-laguiadepamplona18-web1.png","width":600,"height":196,"caption":"La Gu\u00eda de Pamplona \/ Noticias"},"image":{"@id":"https:\/\/www.laguiadepamplona.com\/actualidad\/#\/schema\/logo\/image\/"},"sameAs":["https:\/\/www.facebook.com\/laguiadepamplonacom-133175176762273\/?ref=hl","https:\/\/x.com\/LaGuiadPamplona","https:\/\/www.instagram.com\/la_guia_de_pamplona\/","https:\/\/www.youtube.com\/user\/laguiadepamplona"]},{"@type":"Person","@id":"https:\/\/www.laguiadepamplona.com\/actualidad\/#\/schema\/person\/efe887376f0213d4657c93adc50b1fdb","name":"La Gu\u00eda de Pamplona","image":{"@type":"ImageObject","inLanguage":"es","@id":"https:\/\/secure.gravatar.com\/avatar\/b6992f131dc8d30ab0dff15446e9d346d9dbd95992de0fef795073f5ea83a81c?s=96&d=mm&r=g","url":"https:\/\/secure.gravatar.com\/avatar\/b6992f131dc8d30ab0dff15446e9d346d9dbd95992de0fef795073f5ea83a81c?s=96&d=mm&r=g","contentUrl":"https:\/\/secure.gravatar.com\/avatar\/b6992f131dc8d30ab0dff15446e9d346d9dbd95992de0fef795073f5ea83a81c?s=96&d=mm&r=g","caption":"La Gu\u00eda de Pamplona"}}]}},"post_mailing_queue_ids":[],"_links":{"self":[{"href":"https:\/\/www.laguiadepamplona.com\/actualidad\/wp-json\/wp\/v2\/posts\/54782","targetHints":{"allow":["GET"]}}],"collection":[{"href":"https:\/\/www.laguiadepamplona.com\/actualidad\/wp-json\/wp\/v2\/posts"}],"about":[{"href":"https:\/\/www.laguiadepamplona.com\/actualidad\/wp-json\/wp\/v2\/types\/post"}],"author":[{"embeddable":true,"href":"https:\/\/www.laguiadepamplona.com\/actualidad\/wp-json\/wp\/v2\/users\/1"}],"replies":[{"embeddable":true,"href":"https:\/\/www.laguiadepamplona.com\/actualidad\/wp-json\/wp\/v2\/comments?post=54782"}],"version-history":[{"count":1,"href":"https:\/\/www.laguiadepamplona.com\/actualidad\/wp-json\/wp\/v2\/posts\/54782\/revisions"}],"predecessor-version":[{"id":54784,"href":"https:\/\/www.laguiadepamplona.com\/actualidad\/wp-json\/wp\/v2\/posts\/54782\/revisions\/54784"}],"wp:featuredmedia":[{"embeddable":true,"href":"https:\/\/www.laguiadepamplona.com\/actualidad\/wp-json\/wp\/v2\/media\/54783"}],"wp:attachment":[{"href":"https:\/\/www.laguiadepamplona.com\/actualidad\/wp-json\/wp\/v2\/media?parent=54782"}],"wp:term":[{"taxonomy":"category","embeddable":true,"href":"https:\/\/www.laguiadepamplona.com\/actualidad\/wp-json\/wp\/v2\/categories?post=54782"},{"taxonomy":"post_tag","embeddable":true,"href":"https:\/\/www.laguiadepamplona.com\/actualidad\/wp-json\/wp\/v2\/tags?post=54782"}],"curies":[{"name":"wp","href":"https:\/\/api.w.org\/{rel}","templated":true}]}}