{"id":54779,"date":"2026-03-09T21:00:00","date_gmt":"2026-03-09T19:00:00","guid":{"rendered":"https:\/\/www.laguiadepamplona.com\/actualidad\/?p=54779"},"modified":"2026-03-09T21:00:00","modified_gmt":"2026-03-09T19:00:00","slug":"esta-primavera-pamplona-contara-con-un-nuevo-bosque-en-mendebaldea-y-18-hectareas-de-ezkaba-reforestadas-para-combatir-el-cambio-climatico","status":"publish","type":"post","link":"https:\/\/www.laguiadepamplona.com\/actualidad\/esta-primavera-pamplona-contara-con-un-nuevo-bosque-en-mendebaldea-y-18-hectareas-de-ezkaba-reforestadas-para-combatir-el-cambio-climatico\/","title":{"rendered":"Esta primavera Pamplona contar\u00e1 con un nuevo bosque en Mendebaldea y 18 hect\u00e1reas de Ezkaba reforestadas para combatir el cambio clim\u00e1tico"},"content":{"rendered":"<h2>Pamplona cuenta con 50 hect\u00e1reas de bosque, adem\u00e1s de zonas de vegetaci\u00f3n de ribera en los casi 35 km de orillas del t\u00e9rmino municipal<\/h2>\n<p><!--more--><\/p>\n<p>Estas semanas se est\u00e1n rematando los trabajos de plantaci\u00f3n en dos bosques de Pamplona, por un lado, se interviene en el nuevo bosque urbano de absorci\u00f3n de CO2 creado en Mendebaldea sobre una parcela anteriormente destinada a pastos, y por otra, ha terminado la repoblaci\u00f3n forestal de 18,45 hect\u00e1reas en Monte Ezkaba en las dos parcelas incendiadas en el a\u00f1o 2022. Esta ma\u00f1ana el concejal delegado de Gobierno Estrat\u00e9gico, Urbanismo, Vivienda y Agenda 2030, Joxe Abaurrea San Juan y el responsable del servicio de Energia y Clima, Zuhaitz Areitio Larra\u00f1aga, han abordado el papel que est\u00e1n ejerciendo y desempe\u00f1ar\u00e1n en un futuro las 50 hect\u00e1reas de bosque se la ciudad, sin contar los ecosistemas fluviales.<\/p>\n<p>Pamplona cuenta con 120.000 \u00e1rboles, la mitad en sus parques y aceras y otros tantos ejemplares en bosques. Por un lado, en los bosques de ribera de los casi 35 kil\u00f3metros de orillas de los tres r\u00edos que la atraviesan: Arga, Elorz y Sadar y por otro, en el Monte Ezkaba, 43 hect\u00e1reas de siete parcelas forestales de propiedad municipal. En los \u00faltimos a\u00f1os, con ayuda de la ciudadan\u00eda, se han plantado dos bosques urbanos m\u00e1s en la ciudad: el Bosque Ol\u00edmpico de Mendillorri\/ Lezkairu, con m\u00e1s de mil ejemplares de especies aut\u00f3ctonas de \u00e1rboles y arbustos plantados en una hect\u00e1rea de superficie, y el bosque de compensaci\u00f3n de emisiones de CO2 del Pol\u00edgono de Agustinos, con cuatro hect\u00e1reas de superficie.<\/p>\n<p>Las dos \u00faltimas intervenciones han requerido una inversi\u00f3n de algo m\u00e1s de 500.000 euros. La apuesta de Pamplona por un proceso general de naturalizaci\u00f3n y, espec\u00edficamente, por aumentar sus bosques parte de la base de que la captura de carbono de la atm\u00f3sfera contribuye a reducir el calentamiento global y mitigar el cambio clim\u00e1tico. Pero, adem\u00e1s, el bosque ofrece otros servicios ecosist\u00e9micos adicionales, como la mejora del h\u00e1bitat y recuperaci\u00f3n de la biodiversidad; mejora en los servicios de regulaci\u00f3n de la calidad del aire, del ciclo del agua, recarga del acu\u00edfero y disminuci\u00f3n de escorrent\u00edas; mejora del uso recreativo y did\u00e1ctico del espacio; y mejora paisaj\u00edstica del entorno.<\/p>\n<p><strong>Tesoros y herramientas<\/strong><\/p>\n<p>Los bosques tienen importantes repercusiones en la vida de la ciudadan\u00eda. Para empezar, captan CO2, equilibrando la emisi\u00f3n de gases de efecto invernadero, reduciendo la \u2018huella de carbono\u2019 de la ciudad y ayudando a la renovaci\u00f3n del aire. Como ejemplo Mendebaldea y Ezkaba compensar\u00e1n 316 toneladas de ese compuesto, algo m\u00e1s que Mendillorri y Agustinos que tienen estimada la compensaci\u00f3n de 300.toneladas. Los \u201cbosques de captaci\u00f3n\u201d est\u00e1n regulados y se registran como sumidero de carbono en el Ministerio para la Transici\u00f3n Ecol\u00f3gica y el Reto Demogr\u00e1fico del Gobierno de Espa\u00f1a (MITECO).<\/p>\n<p>Pero, adem\u00e1s, los bosques luchan contra la p\u00e9rdida de biodiversidad y contra el calentamiento global. As\u00ed estas masas boscosas tienen un papel relevante en la implementaci\u00f3n de las medidas del Plan de Infraestructura Verde y Drenaje Sostenible (IVyazul y DUS) del Ayuntamiento de Pamplona. Los bosques pueden aportar servicios ecosist\u00e9micos y proteger o incrementar la biodiversidad, ya que albergan alrededor del 80% de los animales y plantas terrestres, garantizan la dispersi\u00f3n de semillas, la polinizaci\u00f3n, fertilizaci\u00f3n, ofrecen otros servicios como madera, refugio, frutos y son claves en el ciclo del agua.<\/p>\n<p>En lo relativo a mitigar los efectos del calentamiento, los bosques son una pieza esencial en el dise\u00f1o de futura de ciudad, ya que seg\u00fan el Plan IV y azul y DUS son nodos fundamentales en<strong> una red estrat\u00e9gicamente planificada que conecta espacios naturales y seminaturales de alta calidad<\/strong> con otros elementos medioambientales. Desde el plan se trata de planificar con Soluciones Basadas en la Naturaleza una ciudad resiliente frente al cambio clim\u00e1tico y comprometida con el medio natural. Este trabajo est\u00e1 alineado, adem\u00e1s, con la Estrategia de Transici\u00f3n Energ\u00e9tica y de Cambio Clim\u00e1tico 2030.<\/p>\n<p>&nbsp;<\/p>\n<h3>Bosque urbano aut\u00f3ctono de absorci\u00f3n de CO2\u201d en Mendebaldea<\/h3>\n<ul>\n<li><strong>Trabajos:<\/strong> reforestaci\u00f3n de parcela municipal de car\u00e1cter seminatural, actualmente sin uso espec\u00edfico y destinada a pastos<\/li>\n<li><strong>Superficie:<\/strong>671 metros cuadrados<\/li>\n<li><strong>Presupuesto:<\/strong>503,78 euros<\/li>\n<li><strong>Arbolado:<\/strong> serie robledal pubescente con especies de los quejigares ib\u00e9ricos y encinares o carrascales castellano-cant\u00e1bricos. Tambi\u00e9n se incluyen otras especies como el almez, olmo, avellano, espino, pachar\u00e1n\u2026 Los \u00e1rboles se distribuyen en dos tipos de masas forestales: Miyawaki, con alta densidad de plantaci\u00f3n, de cobertura m\u00e1s densa y crecimiento m\u00e1s r\u00e1pido y otra plantaci\u00f3n sigue un patr\u00f3n de densidad de unas 700 plantas por hect\u00e1rea.<\/li>\n<\/ul>\n<h3><\/h3>\n<h3>La composici\u00f3n de la plantaci\u00f3n es 80% arbolado y 20% arbustos.<\/h3>\n<ul>\n<li><strong>N\u00famero de ejemplares:<\/strong>920<\/li>\n<li>Otros trabajos: mejora de recorridos peatonales y creaci\u00f3n de zonas de observaci\u00f3n de paisaje, actuaciones de drenaje sostenible para la recogida de aguas pluviales y nueva zona de esparcimiento canino<\/li>\n<\/ul>\n<p>&nbsp;<\/p>\n<h3>Integrado dentro del proyecto RUNA 2025<\/h3>\n<p>Repoblaci\u00f3n forestal en Ezkaba<\/p>\n<ul>\n<li><strong>Trabajos:<\/strong> restauraci\u00f3n de 18,45 hect\u00e1reas en dos parcelas patrimoniales del Consistorio de car\u00e1cter comunal y forestal que ardieron durante el incendio de 2022 (las n\u00famero 1.750 y 1.758). Ezkaba cuenta con tres masas forestales con certificaci\u00f3n PEFC en las que el Consistorio viene trabajando desde el a\u00f1o 2012<\/li>\n<li><strong>Superficie de plantaci\u00f3n:<\/strong>908,80 metros cuadrados<\/li>\n<li><strong>Presupuesto:<\/strong>952,43 euros<\/li>\n<li><strong>Arbolado:<\/strong> Serie de vegetaci\u00f3n del quercus pubescens\u00a0 , <em>Quercus <\/em>(roble peloso), <em>Quercus ilex ballota<\/em> (carrasca), <em>Acer monspessulanum y Acer campestre<\/em> (arces), <em>Sorbus domestica<\/em> (pomo o serbal mediterr\u00e1neo) y <em>Sambucus nigra <\/em>(sa\u00faco) y <em>Cornus sangu\u00ednea<\/em> (cornejo). Se han realizado cinco tipos de repoblaci\u00f3n en cuanto a proporci\u00f3n de \u00e1rboles y arbustos, especies y densidad de plantaci\u00f3n, y en funci\u00f3n de la calidad del suelo y la insolaci\u00f3n, pinus halepensis.<\/li>\n<li><strong>N\u00famero de ejemplares:<\/strong>154<\/li>\n<li><strong>Otros trabajos:<\/strong> poda baja del encinar para permitir el tr\u00e1nsito por una zona muy sombreada; reparaci\u00f3n de cunetas y limpieza de y apertura de claros en pinar para acelerar la evoluci\u00f3n a bosque de frondosas. Tambi\u00e9n se han realizado la apertura de v\u00edas para los equipos de emergencia y mantenimiento.<\/li>\n<\/ul>\n","protected":false},"excerpt":{"rendered":"<p>Pamplona cuenta con 50 hect\u00e1reas de bosque, adem\u00e1s de zonas de vegetaci\u00f3n de ribera en los casi 35 km de orillas del t\u00e9rmino municipal<\/p>\n","protected":false},"author":1,"featured_media":54780,"comment_status":"open","ping_status":"closed","sticky":false,"template":"","format":"standard","meta":{"footnotes":""},"categories":[2],"tags":[],"class_list":["post-54779","post","type-post","status-publish","format-standard","has-post-thumbnail","hentry","category-ayuntamiento-pamplona"],"yoast_head":"<!-- This site is optimized with the Yoast SEO plugin v27.5 - https:\/\/yoast.com\/product\/yoast-seo-wordpress\/ -->\n<title>Esta primavera Pamplona contar\u00e1 con un nuevo bosque en Mendebaldea y 18 hect\u00e1reas de Ezkaba reforestadas para combatir el cambio clim\u00e1tico<\/title>\n<meta name=\"description\" content=\"Pamplona cuenta con 50 hect\u00e1reas de bosque, adem\u00e1s de zonas de vegetaci\u00f3n de ribera en los casi 35 km de orillas del t\u00e9rmino municipal\" \/>\n<meta name=\"robots\" content=\"index, follow, max-snippet:-1, max-image-preview:large, max-video-preview:-1\" \/>\n<link rel=\"canonical\" href=\"https:\/\/www.laguiadepamplona.com\/actualidad\/esta-primavera-pamplona-contara-con-un-nuevo-bosque-en-mendebaldea-y-18-hectareas-de-ezkaba-reforestadas-para-combatir-el-cambio-climatico\/\" \/>\n<meta property=\"og:locale\" content=\"es_ES\" \/>\n<meta property=\"og:type\" content=\"article\" \/>\n<meta property=\"og:title\" content=\"Esta primavera Pamplona contar\u00e1 con un nuevo bosque en Mendebaldea y 18 hect\u00e1reas de Ezkaba reforestadas para combatir el cambio clim\u00e1tico\" \/>\n<meta property=\"og:description\" content=\"Pamplona cuenta con 50 hect\u00e1reas de bosque, adem\u00e1s de zonas de vegetaci\u00f3n de ribera en los casi 35 km de orillas del t\u00e9rmino municipal\" \/>\n<meta property=\"og:url\" content=\"https:\/\/www.laguiadepamplona.com\/actualidad\/esta-primavera-pamplona-contara-con-un-nuevo-bosque-en-mendebaldea-y-18-hectareas-de-ezkaba-reforestadas-para-combatir-el-cambio-climatico\/\" \/>\n<meta property=\"og:site_name\" content=\"La Gu\u00eda de Pamplona\" \/>\n<meta property=\"article:publisher\" content=\"https:\/\/www.facebook.com\/laguiadepamplonacom-133175176762273\/?ref=hl\" \/>\n<meta property=\"article:published_time\" content=\"2026-03-09T19:00:00+00:00\" \/>\n<meta property=\"og:image\" content=\"https:\/\/www.laguiadepamplona.com\/actualidad\/wp-content\/uploads\/2026\/03\/Bosques_web.webp\" \/>\n\t<meta property=\"og:image:width\" content=\"1000\" \/>\n\t<meta property=\"og:image:height\" content=\"667\" \/>\n\t<meta property=\"og:image:type\" content=\"image\/webp\" \/>\n<meta name=\"author\" content=\"La Gu\u00eda de Pamplona\" \/>\n<meta name=\"twitter:card\" content=\"summary_large_image\" \/>\n<meta name=\"twitter:creator\" content=\"@LaGuiadPamplona\" \/>\n<meta name=\"twitter:site\" content=\"@LaGuiadPamplona\" \/>\n<meta name=\"twitter:label1\" content=\"Escrito por\" \/>\n\t<meta name=\"twitter:data1\" content=\"La Gu\u00eda de Pamplona\" \/>\n\t<meta name=\"twitter:label2\" content=\"Tiempo de lectura\" \/>\n\t<meta name=\"twitter:data2\" content=\"5 minutos\" \/>\n<script type=\"application\/ld+json\" class=\"yoast-schema-graph\">{\"@context\":\"https:\\\/\\\/schema.org\",\"@graph\":[{\"@type\":\"Article\",\"@id\":\"https:\\\/\\\/www.laguiadepamplona.com\\\/actualidad\\\/esta-primavera-pamplona-contara-con-un-nuevo-bosque-en-mendebaldea-y-18-hectareas-de-ezkaba-reforestadas-para-combatir-el-cambio-climatico\\\/#article\",\"isPartOf\":{\"@id\":\"https:\\\/\\\/www.laguiadepamplona.com\\\/actualidad\\\/esta-primavera-pamplona-contara-con-un-nuevo-bosque-en-mendebaldea-y-18-hectareas-de-ezkaba-reforestadas-para-combatir-el-cambio-climatico\\\/\"},\"author\":{\"name\":\"La Gu\u00eda de Pamplona\",\"@id\":\"https:\\\/\\\/www.laguiadepamplona.com\\\/actualidad\\\/#\\\/schema\\\/person\\\/efe887376f0213d4657c93adc50b1fdb\"},\"headline\":\"Esta primavera Pamplona contar\u00e1 con un nuevo bosque en Mendebaldea y 18 hect\u00e1reas de Ezkaba reforestadas para combatir el cambio clim\u00e1tico\",\"datePublished\":\"2026-03-09T19:00:00+00:00\",\"mainEntityOfPage\":{\"@id\":\"https:\\\/\\\/www.laguiadepamplona.com\\\/actualidad\\\/esta-primavera-pamplona-contara-con-un-nuevo-bosque-en-mendebaldea-y-18-hectareas-de-ezkaba-reforestadas-para-combatir-el-cambio-climatico\\\/\"},\"wordCount\":1091,\"commentCount\":0,\"publisher\":{\"@id\":\"https:\\\/\\\/www.laguiadepamplona.com\\\/actualidad\\\/#organization\"},\"image\":{\"@id\":\"https:\\\/\\\/www.laguiadepamplona.com\\\/actualidad\\\/esta-primavera-pamplona-contara-con-un-nuevo-bosque-en-mendebaldea-y-18-hectareas-de-ezkaba-reforestadas-para-combatir-el-cambio-climatico\\\/#primaryimage\"},\"thumbnailUrl\":\"https:\\\/\\\/www.laguiadepamplona.com\\\/actualidad\\\/wp-content\\\/uploads\\\/2026\\\/03\\\/Bosques_web.webp\",\"articleSection\":[\"Ayto Pamplona\"],\"inLanguage\":\"es\",\"potentialAction\":[{\"@type\":\"CommentAction\",\"name\":\"Comment\",\"target\":[\"https:\\\/\\\/www.laguiadepamplona.com\\\/actualidad\\\/esta-primavera-pamplona-contara-con-un-nuevo-bosque-en-mendebaldea-y-18-hectareas-de-ezkaba-reforestadas-para-combatir-el-cambio-climatico\\\/#respond\"]}]},{\"@type\":\"WebPage\",\"@id\":\"https:\\\/\\\/www.laguiadepamplona.com\\\/actualidad\\\/esta-primavera-pamplona-contara-con-un-nuevo-bosque-en-mendebaldea-y-18-hectareas-de-ezkaba-reforestadas-para-combatir-el-cambio-climatico\\\/\",\"url\":\"https:\\\/\\\/www.laguiadepamplona.com\\\/actualidad\\\/esta-primavera-pamplona-contara-con-un-nuevo-bosque-en-mendebaldea-y-18-hectareas-de-ezkaba-reforestadas-para-combatir-el-cambio-climatico\\\/\",\"name\":\"Esta primavera Pamplona contar\u00e1 con un nuevo bosque en Mendebaldea y 18 hect\u00e1reas de Ezkaba reforestadas para combatir el cambio clim\u00e1tico\",\"isPartOf\":{\"@id\":\"https:\\\/\\\/www.laguiadepamplona.com\\\/actualidad\\\/#website\"},\"primaryImageOfPage\":{\"@id\":\"https:\\\/\\\/www.laguiadepamplona.com\\\/actualidad\\\/esta-primavera-pamplona-contara-con-un-nuevo-bosque-en-mendebaldea-y-18-hectareas-de-ezkaba-reforestadas-para-combatir-el-cambio-climatico\\\/#primaryimage\"},\"image\":{\"@id\":\"https:\\\/\\\/www.laguiadepamplona.com\\\/actualidad\\\/esta-primavera-pamplona-contara-con-un-nuevo-bosque-en-mendebaldea-y-18-hectareas-de-ezkaba-reforestadas-para-combatir-el-cambio-climatico\\\/#primaryimage\"},\"thumbnailUrl\":\"https:\\\/\\\/www.laguiadepamplona.com\\\/actualidad\\\/wp-content\\\/uploads\\\/2026\\\/03\\\/Bosques_web.webp\",\"datePublished\":\"2026-03-09T19:00:00+00:00\",\"description\":\"Pamplona cuenta con 50 hect\u00e1reas de bosque, adem\u00e1s de zonas de vegetaci\u00f3n de ribera en los casi 35 km de orillas del t\u00e9rmino municipal\",\"breadcrumb\":{\"@id\":\"https:\\\/\\\/www.laguiadepamplona.com\\\/actualidad\\\/esta-primavera-pamplona-contara-con-un-nuevo-bosque-en-mendebaldea-y-18-hectareas-de-ezkaba-reforestadas-para-combatir-el-cambio-climatico\\\/#breadcrumb\"},\"inLanguage\":\"es\",\"potentialAction\":[{\"@type\":\"ReadAction\",\"target\":[\"https:\\\/\\\/www.laguiadepamplona.com\\\/actualidad\\\/esta-primavera-pamplona-contara-con-un-nuevo-bosque-en-mendebaldea-y-18-hectareas-de-ezkaba-reforestadas-para-combatir-el-cambio-climatico\\\/\"]}]},{\"@type\":\"ImageObject\",\"inLanguage\":\"es\",\"@id\":\"https:\\\/\\\/www.laguiadepamplona.com\\\/actualidad\\\/esta-primavera-pamplona-contara-con-un-nuevo-bosque-en-mendebaldea-y-18-hectareas-de-ezkaba-reforestadas-para-combatir-el-cambio-climatico\\\/#primaryimage\",\"url\":\"https:\\\/\\\/www.laguiadepamplona.com\\\/actualidad\\\/wp-content\\\/uploads\\\/2026\\\/03\\\/Bosques_web.webp\",\"contentUrl\":\"https:\\\/\\\/www.laguiadepamplona.com\\\/actualidad\\\/wp-content\\\/uploads\\\/2026\\\/03\\\/Bosques_web.webp\",\"width\":1000,\"height\":667,\"caption\":\"bosque\"},{\"@type\":\"BreadcrumbList\",\"@id\":\"https:\\\/\\\/www.laguiadepamplona.com\\\/actualidad\\\/esta-primavera-pamplona-contara-con-un-nuevo-bosque-en-mendebaldea-y-18-hectareas-de-ezkaba-reforestadas-para-combatir-el-cambio-climatico\\\/#breadcrumb\",\"itemListElement\":[{\"@type\":\"ListItem\",\"position\":1,\"name\":\"Portada\",\"item\":\"https:\\\/\\\/www.laguiadepamplona.com\\\/actualidad\\\/\"},{\"@type\":\"ListItem\",\"position\":2,\"name\":\"Esta primavera Pamplona contar\u00e1 con un nuevo bosque en Mendebaldea y 18 hect\u00e1reas de Ezkaba reforestadas para combatir el cambio clim\u00e1tico\"}]},{\"@type\":\"WebSite\",\"@id\":\"https:\\\/\\\/www.laguiadepamplona.com\\\/actualidad\\\/#website\",\"url\":\"https:\\\/\\\/www.laguiadepamplona.com\\\/actualidad\\\/\",\"name\":\"La gu\u00eda de Pamplona\",\"description\":\"Noticias de Pamplona\",\"publisher\":{\"@id\":\"https:\\\/\\\/www.laguiadepamplona.com\\\/actualidad\\\/#organization\"},\"potentialAction\":[{\"@type\":\"SearchAction\",\"target\":{\"@type\":\"EntryPoint\",\"urlTemplate\":\"https:\\\/\\\/www.laguiadepamplona.com\\\/actualidad\\\/?s={search_term_string}\"},\"query-input\":{\"@type\":\"PropertyValueSpecification\",\"valueRequired\":true,\"valueName\":\"search_term_string\"}}],\"inLanguage\":\"es\"},{\"@type\":\"Organization\",\"@id\":\"https:\\\/\\\/www.laguiadepamplona.com\\\/actualidad\\\/#organization\",\"name\":\"La Gu\u00eda de Pamplona \\\/ Noticias\",\"url\":\"https:\\\/\\\/www.laguiadepamplona.com\\\/actualidad\\\/\",\"logo\":{\"@type\":\"ImageObject\",\"inLanguage\":\"es\",\"@id\":\"https:\\\/\\\/www.laguiadepamplona.com\\\/actualidad\\\/#\\\/schema\\\/logo\\\/image\\\/\",\"url\":\"https:\\\/\\\/www.laguiadepamplona.com\\\/actualidad\\\/wp-content\\\/uploads\\\/2018\\\/11\\\/logo-laguiadepamplona18-web1.png\",\"contentUrl\":\"https:\\\/\\\/www.laguiadepamplona.com\\\/actualidad\\\/wp-content\\\/uploads\\\/2018\\\/11\\\/logo-laguiadepamplona18-web1.png\",\"width\":600,\"height\":196,\"caption\":\"La Gu\u00eda de Pamplona \\\/ Noticias\"},\"image\":{\"@id\":\"https:\\\/\\\/www.laguiadepamplona.com\\\/actualidad\\\/#\\\/schema\\\/logo\\\/image\\\/\"},\"sameAs\":[\"https:\\\/\\\/www.facebook.com\\\/laguiadepamplonacom-133175176762273\\\/?ref=hl\",\"https:\\\/\\\/x.com\\\/LaGuiadPamplona\",\"https:\\\/\\\/www.instagram.com\\\/la_guia_de_pamplona\\\/\",\"https:\\\/\\\/www.youtube.com\\\/user\\\/laguiadepamplona\"]},{\"@type\":\"Person\",\"@id\":\"https:\\\/\\\/www.laguiadepamplona.com\\\/actualidad\\\/#\\\/schema\\\/person\\\/efe887376f0213d4657c93adc50b1fdb\",\"name\":\"La Gu\u00eda de Pamplona\",\"image\":{\"@type\":\"ImageObject\",\"inLanguage\":\"es\",\"@id\":\"https:\\\/\\\/secure.gravatar.com\\\/avatar\\\/b6992f131dc8d30ab0dff15446e9d346d9dbd95992de0fef795073f5ea83a81c?s=96&d=mm&r=g\",\"url\":\"https:\\\/\\\/secure.gravatar.com\\\/avatar\\\/b6992f131dc8d30ab0dff15446e9d346d9dbd95992de0fef795073f5ea83a81c?s=96&d=mm&r=g\",\"contentUrl\":\"https:\\\/\\\/secure.gravatar.com\\\/avatar\\\/b6992f131dc8d30ab0dff15446e9d346d9dbd95992de0fef795073f5ea83a81c?s=96&d=mm&r=g\",\"caption\":\"La Gu\u00eda de Pamplona\"}}]}<\/script>\n<!-- \/ Yoast SEO plugin. -->","yoast_head_json":{"title":"Esta primavera Pamplona contar\u00e1 con un nuevo bosque en Mendebaldea y 18 hect\u00e1reas de Ezkaba reforestadas para combatir el cambio clim\u00e1tico","description":"Pamplona cuenta con 50 hect\u00e1reas de bosque, adem\u00e1s de zonas de vegetaci\u00f3n de ribera en los casi 35 km de orillas del t\u00e9rmino municipal","robots":{"index":"index","follow":"follow","max-snippet":"max-snippet:-1","max-image-preview":"max-image-preview:large","max-video-preview":"max-video-preview:-1"},"canonical":"https:\/\/www.laguiadepamplona.com\/actualidad\/esta-primavera-pamplona-contara-con-un-nuevo-bosque-en-mendebaldea-y-18-hectareas-de-ezkaba-reforestadas-para-combatir-el-cambio-climatico\/","og_locale":"es_ES","og_type":"article","og_title":"Esta primavera Pamplona contar\u00e1 con un nuevo bosque en Mendebaldea y 18 hect\u00e1reas de Ezkaba reforestadas para combatir el cambio clim\u00e1tico","og_description":"Pamplona cuenta con 50 hect\u00e1reas de bosque, adem\u00e1s de zonas de vegetaci\u00f3n de ribera en los casi 35 km de orillas del t\u00e9rmino municipal","og_url":"https:\/\/www.laguiadepamplona.com\/actualidad\/esta-primavera-pamplona-contara-con-un-nuevo-bosque-en-mendebaldea-y-18-hectareas-de-ezkaba-reforestadas-para-combatir-el-cambio-climatico\/","og_site_name":"La Gu\u00eda de Pamplona","article_publisher":"https:\/\/www.facebook.com\/laguiadepamplonacom-133175176762273\/?ref=hl","article_published_time":"2026-03-09T19:00:00+00:00","og_image":[{"width":1000,"height":667,"url":"https:\/\/www.laguiadepamplona.com\/actualidad\/wp-content\/uploads\/2026\/03\/Bosques_web.webp","type":"image\/webp"}],"author":"La Gu\u00eda de Pamplona","twitter_card":"summary_large_image","twitter_creator":"@LaGuiadPamplona","twitter_site":"@LaGuiadPamplona","twitter_misc":{"Escrito por":"La Gu\u00eda de Pamplona","Tiempo de lectura":"5 minutos"},"schema":{"@context":"https:\/\/schema.org","@graph":[{"@type":"Article","@id":"https:\/\/www.laguiadepamplona.com\/actualidad\/esta-primavera-pamplona-contara-con-un-nuevo-bosque-en-mendebaldea-y-18-hectareas-de-ezkaba-reforestadas-para-combatir-el-cambio-climatico\/#article","isPartOf":{"@id":"https:\/\/www.laguiadepamplona.com\/actualidad\/esta-primavera-pamplona-contara-con-un-nuevo-bosque-en-mendebaldea-y-18-hectareas-de-ezkaba-reforestadas-para-combatir-el-cambio-climatico\/"},"author":{"name":"La Gu\u00eda de Pamplona","@id":"https:\/\/www.laguiadepamplona.com\/actualidad\/#\/schema\/person\/efe887376f0213d4657c93adc50b1fdb"},"headline":"Esta primavera Pamplona contar\u00e1 con un nuevo bosque en Mendebaldea y 18 hect\u00e1reas de Ezkaba reforestadas para combatir el cambio clim\u00e1tico","datePublished":"2026-03-09T19:00:00+00:00","mainEntityOfPage":{"@id":"https:\/\/www.laguiadepamplona.com\/actualidad\/esta-primavera-pamplona-contara-con-un-nuevo-bosque-en-mendebaldea-y-18-hectareas-de-ezkaba-reforestadas-para-combatir-el-cambio-climatico\/"},"wordCount":1091,"commentCount":0,"publisher":{"@id":"https:\/\/www.laguiadepamplona.com\/actualidad\/#organization"},"image":{"@id":"https:\/\/www.laguiadepamplona.com\/actualidad\/esta-primavera-pamplona-contara-con-un-nuevo-bosque-en-mendebaldea-y-18-hectareas-de-ezkaba-reforestadas-para-combatir-el-cambio-climatico\/#primaryimage"},"thumbnailUrl":"https:\/\/www.laguiadepamplona.com\/actualidad\/wp-content\/uploads\/2026\/03\/Bosques_web.webp","articleSection":["Ayto Pamplona"],"inLanguage":"es","potentialAction":[{"@type":"CommentAction","name":"Comment","target":["https:\/\/www.laguiadepamplona.com\/actualidad\/esta-primavera-pamplona-contara-con-un-nuevo-bosque-en-mendebaldea-y-18-hectareas-de-ezkaba-reforestadas-para-combatir-el-cambio-climatico\/#respond"]}]},{"@type":"WebPage","@id":"https:\/\/www.laguiadepamplona.com\/actualidad\/esta-primavera-pamplona-contara-con-un-nuevo-bosque-en-mendebaldea-y-18-hectareas-de-ezkaba-reforestadas-para-combatir-el-cambio-climatico\/","url":"https:\/\/www.laguiadepamplona.com\/actualidad\/esta-primavera-pamplona-contara-con-un-nuevo-bosque-en-mendebaldea-y-18-hectareas-de-ezkaba-reforestadas-para-combatir-el-cambio-climatico\/","name":"Esta primavera Pamplona contar\u00e1 con un nuevo bosque en Mendebaldea y 18 hect\u00e1reas de Ezkaba reforestadas para combatir el cambio clim\u00e1tico","isPartOf":{"@id":"https:\/\/www.laguiadepamplona.com\/actualidad\/#website"},"primaryImageOfPage":{"@id":"https:\/\/www.laguiadepamplona.com\/actualidad\/esta-primavera-pamplona-contara-con-un-nuevo-bosque-en-mendebaldea-y-18-hectareas-de-ezkaba-reforestadas-para-combatir-el-cambio-climatico\/#primaryimage"},"image":{"@id":"https:\/\/www.laguiadepamplona.com\/actualidad\/esta-primavera-pamplona-contara-con-un-nuevo-bosque-en-mendebaldea-y-18-hectareas-de-ezkaba-reforestadas-para-combatir-el-cambio-climatico\/#primaryimage"},"thumbnailUrl":"https:\/\/www.laguiadepamplona.com\/actualidad\/wp-content\/uploads\/2026\/03\/Bosques_web.webp","datePublished":"2026-03-09T19:00:00+00:00","description":"Pamplona cuenta con 50 hect\u00e1reas de bosque, adem\u00e1s de zonas de vegetaci\u00f3n de ribera en los casi 35 km de orillas del t\u00e9rmino municipal","breadcrumb":{"@id":"https:\/\/www.laguiadepamplona.com\/actualidad\/esta-primavera-pamplona-contara-con-un-nuevo-bosque-en-mendebaldea-y-18-hectareas-de-ezkaba-reforestadas-para-combatir-el-cambio-climatico\/#breadcrumb"},"inLanguage":"es","potentialAction":[{"@type":"ReadAction","target":["https:\/\/www.laguiadepamplona.com\/actualidad\/esta-primavera-pamplona-contara-con-un-nuevo-bosque-en-mendebaldea-y-18-hectareas-de-ezkaba-reforestadas-para-combatir-el-cambio-climatico\/"]}]},{"@type":"ImageObject","inLanguage":"es","@id":"https:\/\/www.laguiadepamplona.com\/actualidad\/esta-primavera-pamplona-contara-con-un-nuevo-bosque-en-mendebaldea-y-18-hectareas-de-ezkaba-reforestadas-para-combatir-el-cambio-climatico\/#primaryimage","url":"https:\/\/www.laguiadepamplona.com\/actualidad\/wp-content\/uploads\/2026\/03\/Bosques_web.webp","contentUrl":"https:\/\/www.laguiadepamplona.com\/actualidad\/wp-content\/uploads\/2026\/03\/Bosques_web.webp","width":1000,"height":667,"caption":"bosque"},{"@type":"BreadcrumbList","@id":"https:\/\/www.laguiadepamplona.com\/actualidad\/esta-primavera-pamplona-contara-con-un-nuevo-bosque-en-mendebaldea-y-18-hectareas-de-ezkaba-reforestadas-para-combatir-el-cambio-climatico\/#breadcrumb","itemListElement":[{"@type":"ListItem","position":1,"name":"Portada","item":"https:\/\/www.laguiadepamplona.com\/actualidad\/"},{"@type":"ListItem","position":2,"name":"Esta primavera Pamplona contar\u00e1 con un nuevo bosque en Mendebaldea y 18 hect\u00e1reas de Ezkaba reforestadas para combatir el cambio clim\u00e1tico"}]},{"@type":"WebSite","@id":"https:\/\/www.laguiadepamplona.com\/actualidad\/#website","url":"https:\/\/www.laguiadepamplona.com\/actualidad\/","name":"La gu\u00eda de Pamplona","description":"Noticias de Pamplona","publisher":{"@id":"https:\/\/www.laguiadepamplona.com\/actualidad\/#organization"},"potentialAction":[{"@type":"SearchAction","target":{"@type":"EntryPoint","urlTemplate":"https:\/\/www.laguiadepamplona.com\/actualidad\/?s={search_term_string}"},"query-input":{"@type":"PropertyValueSpecification","valueRequired":true,"valueName":"search_term_string"}}],"inLanguage":"es"},{"@type":"Organization","@id":"https:\/\/www.laguiadepamplona.com\/actualidad\/#organization","name":"La Gu\u00eda de Pamplona \/ Noticias","url":"https:\/\/www.laguiadepamplona.com\/actualidad\/","logo":{"@type":"ImageObject","inLanguage":"es","@id":"https:\/\/www.laguiadepamplona.com\/actualidad\/#\/schema\/logo\/image\/","url":"https:\/\/www.laguiadepamplona.com\/actualidad\/wp-content\/uploads\/2018\/11\/logo-laguiadepamplona18-web1.png","contentUrl":"https:\/\/www.laguiadepamplona.com\/actualidad\/wp-content\/uploads\/2018\/11\/logo-laguiadepamplona18-web1.png","width":600,"height":196,"caption":"La Gu\u00eda de Pamplona \/ Noticias"},"image":{"@id":"https:\/\/www.laguiadepamplona.com\/actualidad\/#\/schema\/logo\/image\/"},"sameAs":["https:\/\/www.facebook.com\/laguiadepamplonacom-133175176762273\/?ref=hl","https:\/\/x.com\/LaGuiadPamplona","https:\/\/www.instagram.com\/la_guia_de_pamplona\/","https:\/\/www.youtube.com\/user\/laguiadepamplona"]},{"@type":"Person","@id":"https:\/\/www.laguiadepamplona.com\/actualidad\/#\/schema\/person\/efe887376f0213d4657c93adc50b1fdb","name":"La Gu\u00eda de Pamplona","image":{"@type":"ImageObject","inLanguage":"es","@id":"https:\/\/secure.gravatar.com\/avatar\/b6992f131dc8d30ab0dff15446e9d346d9dbd95992de0fef795073f5ea83a81c?s=96&d=mm&r=g","url":"https:\/\/secure.gravatar.com\/avatar\/b6992f131dc8d30ab0dff15446e9d346d9dbd95992de0fef795073f5ea83a81c?s=96&d=mm&r=g","contentUrl":"https:\/\/secure.gravatar.com\/avatar\/b6992f131dc8d30ab0dff15446e9d346d9dbd95992de0fef795073f5ea83a81c?s=96&d=mm&r=g","caption":"La Gu\u00eda de Pamplona"}}]}},"post_mailing_queue_ids":[],"_links":{"self":[{"href":"https:\/\/www.laguiadepamplona.com\/actualidad\/wp-json\/wp\/v2\/posts\/54779","targetHints":{"allow":["GET"]}}],"collection":[{"href":"https:\/\/www.laguiadepamplona.com\/actualidad\/wp-json\/wp\/v2\/posts"}],"about":[{"href":"https:\/\/www.laguiadepamplona.com\/actualidad\/wp-json\/wp\/v2\/types\/post"}],"author":[{"embeddable":true,"href":"https:\/\/www.laguiadepamplona.com\/actualidad\/wp-json\/wp\/v2\/users\/1"}],"replies":[{"embeddable":true,"href":"https:\/\/www.laguiadepamplona.com\/actualidad\/wp-json\/wp\/v2\/comments?post=54779"}],"version-history":[{"count":1,"href":"https:\/\/www.laguiadepamplona.com\/actualidad\/wp-json\/wp\/v2\/posts\/54779\/revisions"}],"predecessor-version":[{"id":54781,"href":"https:\/\/www.laguiadepamplona.com\/actualidad\/wp-json\/wp\/v2\/posts\/54779\/revisions\/54781"}],"wp:featuredmedia":[{"embeddable":true,"href":"https:\/\/www.laguiadepamplona.com\/actualidad\/wp-json\/wp\/v2\/media\/54780"}],"wp:attachment":[{"href":"https:\/\/www.laguiadepamplona.com\/actualidad\/wp-json\/wp\/v2\/media?parent=54779"}],"wp:term":[{"taxonomy":"category","embeddable":true,"href":"https:\/\/www.laguiadepamplona.com\/actualidad\/wp-json\/wp\/v2\/categories?post=54779"},{"taxonomy":"post_tag","embeddable":true,"href":"https:\/\/www.laguiadepamplona.com\/actualidad\/wp-json\/wp\/v2\/tags?post=54779"}],"curies":[{"name":"wp","href":"https:\/\/api.w.org\/{rel}","templated":true}]}}