{"id":54773,"date":"2026-03-06T20:40:37","date_gmt":"2026-03-06T18:40:37","guid":{"rendered":"https:\/\/www.laguiadepamplona.com\/actualidad\/?p=54773"},"modified":"2026-03-06T20:40:37","modified_gmt":"2026-03-06T18:40:37","slug":"la-casa-de-la-juventud-acoge-la-proxima-semana-una-charla-dos-proyecciones-un-monologo-y-una-exposicion-del-programa-ensancha-tu-cultura-zabalsanche","status":"publish","type":"post","link":"https:\/\/www.laguiadepamplona.com\/actualidad\/la-casa-de-la-juventud-acoge-la-proxima-semana-una-charla-dos-proyecciones-un-monologo-y-una-exposicion-del-programa-ensancha-tu-cultura-zabalsanche\/","title":{"rendered":"La Casa de la Juventud acoge la pr\u00f3xima semana una charla, dos proyecciones, un mon\u00f3logo y una exposici\u00f3n del programa \u2018Ensancha tu Cultura, Zabalsanche\u2019"},"content":{"rendered":"<h2>Las actividades de esta semana cultural son gratuitas y buscan fortalecer la vida comunitaria y visibilizar la actividad cultural del barrio<\/h2>\n<p><!--more--><\/p>\n<p>La Asociaci\u00f3n Vecinal Zabalsanche celebra una nueva edici\u00f3n de su semana cultural con la programaci\u00f3n de cinco actividades gratuitas en la Casa de la Juventud durante la pr\u00f3xima semana. Una charla, dos proyecciones, un mon\u00f3logo y una exposici\u00f3n conforman un programa que busca fortalecer la vida comunitaria y visibilizar la actividad cultural del barrio del Ensanche. Las actividades comenzar\u00e1n a las 19 horas, con entrada libre hasta completar el aforo.<\/p>\n<p>El lunes comenzar\u00e1n las actividades en la Casa de la Juventud con la charla \u2018De paseo Valencia a paseo Sarasate\u2019, a cargo de V\u00edctor Manuel Egia\u00a0Astibia, m\u00e9dico jubilado, miembro fundador del grupo\u00a0Ortzadar\u00a0y cofundador en 1994 de Iturralde Sociedad de Estudios e Iniciativas, dedicada al estudio y divulgaci\u00f3n del patrimonio hist\u00f3rico.\u00a0Se har\u00e1 un repaso a la evoluci\u00f3n del paseo de Sarasate a lo largo de la historia.<\/p>\n<p>El martes y el mi\u00e9rcoles se proyectar\u00e1n dos pel\u00edculas, \u00abArnasa Betean \/ A pulm\u00f3n\u00bb, de Rosa\u00a0Zuf\u00eda y Bertha Gaztelumendi, y \u2018El vuelo de las lib\u00e9lulas\u2019, de I\u00f1aki Alforja, respectivamente. La primera de ellas propone un viaje submarino por el cine realizado por mujeres vascas, guiado por tres buceadoras que conectan creaci\u00f3n art\u00edstica, mirada femenina y transformaci\u00f3n de la industria cinematogr\u00e1fica. El documental de I\u00f1aki Alforja descubre a nueve mujeres que encuentran en la nataci\u00f3n sincronizada, a trav\u00e9s del grupo\u00a0Mariburruntzi, una herramienta de apoyo mutuo, salud y superaci\u00f3n personal. Tras la proyecci\u00f3n se celebrar\u00e1 un debate sobre deporte y salud con dos integrantes del grupo y con L\u00e1zaro Elizalde Soto, m\u00e9dico y exrepresentante de la Plataforma de Salud de Navarra.<\/p>\n<p>El viernes la actriz y creadora pamplonesa, Garazi San Mart\u00edn Boj, interpretar\u00e1 el mon\u00f3logo en euskera \u201cJaioren\u00a0erregina.\u00a0Iruzurgilearen\u00a0showa\u201d. Se trata de un mon\u00f3logo feminista y humor\u00edstico que reflexiona sobre la precariedad laboral en el mundo del espect\u00e1culo, los roles de g\u00e9nero y los modelos de fiesta, desde una mirada cr\u00edtica, inclusiva y comprometida.<\/p>\n<p>Por \u00faltimo, del 9 al 21 de marzo, la propia Casa de la Juventud acoger\u00e1 una exposici\u00f3n de collages del grupo Tacto Sutil\u00a0Kollage\u00a0Taldea bajo el t\u00edtulo de \u2018Fragmentos del agua\u2019. Tacto Sutil Collage es un grupo de creadores y creadoras que trabaja el collage anal\u00f3gico a partir de recortes de revistas, c\u00f3mics y fotograf\u00edas, utilizando t\u00e9cnicas manuales tradicionales.<\/p>\n<p>&nbsp;<\/p>\n<h3>Ensanche tu cultura, Zabalsanche. Del 9 al 21 de marzo. Casa de la Juventud<\/h3>\n<p>Lunes 9 de marzo, 19 horas<\/p>\n<ul>\n<li>\u2018De Paseo Valencia a Paseo Sarasate\u2019. Con V\u00edctor Manuel Egia\u00a0Astibia<\/li>\n<\/ul>\n<p>Martes 10 de marzo, 19 horas<\/p>\n<ul>\n<li>Proyecci\u00f3n. \u2018Arnasa Betean \/ A pulm\u00f3n\u2019. Dirigida por Rosa\u00a0Zuf\u00eda\u00a0y Bertha Gaztelumendi<\/li>\n<\/ul>\n<p>Mi\u00e9rcoles 11 de marzo, 19 horas<\/p>\n<ul>\n<li>Proyecci\u00f3n. \u2018El vuelo de las lib\u00e9lulas\u2019. Dirigida por I\u00f1aki Alforja<\/li>\n<\/ul>\n<p>Viernes 13 de marzo, 19 horas<\/p>\n<ul>\n<li>Mon\u00f3logo. \u2018Jaioren\u00a0erregina.\u00a0Iruzurgilearen\u00a0showa\u2019. Con Garazi San Mart\u00edn Boj<\/li>\n<\/ul>\n<p>Del 9 al 21 de marzo<\/p>\n<ul>\n<li>Exposici\u00f3n. \u2018Fragmentos del agua\u2019. Collages del grupo Tacto Sutil\u00a0Kollage\u00a0Taldea<\/li>\n<\/ul>\n","protected":false},"excerpt":{"rendered":"<p>Las actividades de esta semana cultural son gratuitas y buscan fortalecer la vida comunitaria y visibilizar la actividad cultural del barrio<\/p>\n","protected":false},"author":1,"featured_media":54774,"comment_status":"open","ping_status":"closed","sticky":false,"template":"","format":"standard","meta":{"footnotes":""},"categories":[2],"tags":[],"class_list":["post-54773","post","type-post","status-publish","format-standard","has-post-thumbnail","hentry","category-ayuntamiento-pamplona"],"yoast_head":"<!-- This site is optimized with the Yoast SEO plugin v27.3 - https:\/\/yoast.com\/product\/yoast-seo-wordpress\/ -->\n<title>La Casa de la Juventud acoge la pr\u00f3xima semana una charla, dos proyecciones, un mon\u00f3logo y una exposici\u00f3n del programa \u2018Ensancha tu Cultura, Zabalsanche\u2019<\/title>\n<meta name=\"description\" content=\"Las actividades de esta semana cultural son gratuitas y buscan fortalecer la vida comunitaria y visibilizar la actividad cultural del barrio\" \/>\n<meta name=\"robots\" content=\"index, follow, max-snippet:-1, max-image-preview:large, max-video-preview:-1\" \/>\n<link rel=\"canonical\" href=\"https:\/\/www.laguiadepamplona.com\/actualidad\/la-casa-de-la-juventud-acoge-la-proxima-semana-una-charla-dos-proyecciones-un-monologo-y-una-exposicion-del-programa-ensancha-tu-cultura-zabalsanche\/\" \/>\n<meta property=\"og:locale\" content=\"es_ES\" \/>\n<meta property=\"og:type\" content=\"article\" \/>\n<meta property=\"og:title\" content=\"La Casa de la Juventud acoge la pr\u00f3xima semana una charla, dos proyecciones, un mon\u00f3logo y una exposici\u00f3n del programa \u2018Ensancha tu Cultura, Zabalsanche\u2019\" \/>\n<meta property=\"og:description\" content=\"Las actividades de esta semana cultural son gratuitas y buscan fortalecer la vida comunitaria y visibilizar la actividad cultural del barrio\" \/>\n<meta property=\"og:url\" content=\"https:\/\/www.laguiadepamplona.com\/actualidad\/la-casa-de-la-juventud-acoge-la-proxima-semana-una-charla-dos-proyecciones-un-monologo-y-una-exposicion-del-programa-ensancha-tu-cultura-zabalsanche\/\" \/>\n<meta property=\"og:site_name\" content=\"La Gu\u00eda de Pamplona\" \/>\n<meta property=\"article:publisher\" content=\"https:\/\/www.facebook.com\/laguiadepamplonacom-133175176762273\/?ref=hl\" \/>\n<meta property=\"article:published_time\" content=\"2026-03-06T18:40:37+00:00\" \/>\n<meta property=\"og:image\" content=\"https:\/\/www.laguiadepamplona.com\/actualidad\/wp-content\/uploads\/2026\/03\/Zabalsanche_web.webp\" \/>\n\t<meta property=\"og:image:width\" content=\"1000\" \/>\n\t<meta property=\"og:image:height\" content=\"667\" \/>\n\t<meta property=\"og:image:type\" content=\"image\/webp\" \/>\n<meta name=\"author\" content=\"La Gu\u00eda de Pamplona\" \/>\n<meta name=\"twitter:card\" content=\"summary_large_image\" \/>\n<meta name=\"twitter:creator\" content=\"@LaGuiadPamplona\" \/>\n<meta name=\"twitter:site\" content=\"@LaGuiadPamplona\" \/>\n<meta name=\"twitter:label1\" content=\"Escrito por\" \/>\n\t<meta name=\"twitter:data1\" content=\"La Gu\u00eda de Pamplona\" \/>\n\t<meta name=\"twitter:label2\" content=\"Tiempo de lectura\" \/>\n\t<meta name=\"twitter:data2\" content=\"3 minutos\" \/>\n<script type=\"application\/ld+json\" class=\"yoast-schema-graph\">{\"@context\":\"https:\\\/\\\/schema.org\",\"@graph\":[{\"@type\":\"Article\",\"@id\":\"https:\\\/\\\/www.laguiadepamplona.com\\\/actualidad\\\/la-casa-de-la-juventud-acoge-la-proxima-semana-una-charla-dos-proyecciones-un-monologo-y-una-exposicion-del-programa-ensancha-tu-cultura-zabalsanche\\\/#article\",\"isPartOf\":{\"@id\":\"https:\\\/\\\/www.laguiadepamplona.com\\\/actualidad\\\/la-casa-de-la-juventud-acoge-la-proxima-semana-una-charla-dos-proyecciones-un-monologo-y-una-exposicion-del-programa-ensancha-tu-cultura-zabalsanche\\\/\"},\"author\":{\"name\":\"La Gu\u00eda de Pamplona\",\"@id\":\"https:\\\/\\\/www.laguiadepamplona.com\\\/actualidad\\\/#\\\/schema\\\/person\\\/efe887376f0213d4657c93adc50b1fdb\"},\"headline\":\"La Casa de la Juventud acoge la pr\u00f3xima semana una charla, dos proyecciones, un mon\u00f3logo y una exposici\u00f3n del programa \u2018Ensancha tu Cultura, Zabalsanche\u2019\",\"datePublished\":\"2026-03-06T18:40:37+00:00\",\"mainEntityOfPage\":{\"@id\":\"https:\\\/\\\/www.laguiadepamplona.com\\\/actualidad\\\/la-casa-de-la-juventud-acoge-la-proxima-semana-una-charla-dos-proyecciones-un-monologo-y-una-exposicion-del-programa-ensancha-tu-cultura-zabalsanche\\\/\"},\"wordCount\":561,\"commentCount\":0,\"publisher\":{\"@id\":\"https:\\\/\\\/www.laguiadepamplona.com\\\/actualidad\\\/#organization\"},\"image\":{\"@id\":\"https:\\\/\\\/www.laguiadepamplona.com\\\/actualidad\\\/la-casa-de-la-juventud-acoge-la-proxima-semana-una-charla-dos-proyecciones-un-monologo-y-una-exposicion-del-programa-ensancha-tu-cultura-zabalsanche\\\/#primaryimage\"},\"thumbnailUrl\":\"https:\\\/\\\/www.laguiadepamplona.com\\\/actualidad\\\/wp-content\\\/uploads\\\/2026\\\/03\\\/Zabalsanche_web.webp\",\"articleSection\":[\"Ayto Pamplona\"],\"inLanguage\":\"es\",\"potentialAction\":[{\"@type\":\"CommentAction\",\"name\":\"Comment\",\"target\":[\"https:\\\/\\\/www.laguiadepamplona.com\\\/actualidad\\\/la-casa-de-la-juventud-acoge-la-proxima-semana-una-charla-dos-proyecciones-un-monologo-y-una-exposicion-del-programa-ensancha-tu-cultura-zabalsanche\\\/#respond\"]}]},{\"@type\":\"WebPage\",\"@id\":\"https:\\\/\\\/www.laguiadepamplona.com\\\/actualidad\\\/la-casa-de-la-juventud-acoge-la-proxima-semana-una-charla-dos-proyecciones-un-monologo-y-una-exposicion-del-programa-ensancha-tu-cultura-zabalsanche\\\/\",\"url\":\"https:\\\/\\\/www.laguiadepamplona.com\\\/actualidad\\\/la-casa-de-la-juventud-acoge-la-proxima-semana-una-charla-dos-proyecciones-un-monologo-y-una-exposicion-del-programa-ensancha-tu-cultura-zabalsanche\\\/\",\"name\":\"La Casa de la Juventud acoge la pr\u00f3xima semana una charla, dos proyecciones, un mon\u00f3logo y una exposici\u00f3n del programa \u2018Ensancha tu Cultura, Zabalsanche\u2019\",\"isPartOf\":{\"@id\":\"https:\\\/\\\/www.laguiadepamplona.com\\\/actualidad\\\/#website\"},\"primaryImageOfPage\":{\"@id\":\"https:\\\/\\\/www.laguiadepamplona.com\\\/actualidad\\\/la-casa-de-la-juventud-acoge-la-proxima-semana-una-charla-dos-proyecciones-un-monologo-y-una-exposicion-del-programa-ensancha-tu-cultura-zabalsanche\\\/#primaryimage\"},\"image\":{\"@id\":\"https:\\\/\\\/www.laguiadepamplona.com\\\/actualidad\\\/la-casa-de-la-juventud-acoge-la-proxima-semana-una-charla-dos-proyecciones-un-monologo-y-una-exposicion-del-programa-ensancha-tu-cultura-zabalsanche\\\/#primaryimage\"},\"thumbnailUrl\":\"https:\\\/\\\/www.laguiadepamplona.com\\\/actualidad\\\/wp-content\\\/uploads\\\/2026\\\/03\\\/Zabalsanche_web.webp\",\"datePublished\":\"2026-03-06T18:40:37+00:00\",\"description\":\"Las actividades de esta semana cultural son gratuitas y buscan fortalecer la vida comunitaria y visibilizar la actividad cultural del barrio\",\"breadcrumb\":{\"@id\":\"https:\\\/\\\/www.laguiadepamplona.com\\\/actualidad\\\/la-casa-de-la-juventud-acoge-la-proxima-semana-una-charla-dos-proyecciones-un-monologo-y-una-exposicion-del-programa-ensancha-tu-cultura-zabalsanche\\\/#breadcrumb\"},\"inLanguage\":\"es\",\"potentialAction\":[{\"@type\":\"ReadAction\",\"target\":[\"https:\\\/\\\/www.laguiadepamplona.com\\\/actualidad\\\/la-casa-de-la-juventud-acoge-la-proxima-semana-una-charla-dos-proyecciones-un-monologo-y-una-exposicion-del-programa-ensancha-tu-cultura-zabalsanche\\\/\"]}]},{\"@type\":\"ImageObject\",\"inLanguage\":\"es\",\"@id\":\"https:\\\/\\\/www.laguiadepamplona.com\\\/actualidad\\\/la-casa-de-la-juventud-acoge-la-proxima-semana-una-charla-dos-proyecciones-un-monologo-y-una-exposicion-del-programa-ensancha-tu-cultura-zabalsanche\\\/#primaryimage\",\"url\":\"https:\\\/\\\/www.laguiadepamplona.com\\\/actualidad\\\/wp-content\\\/uploads\\\/2026\\\/03\\\/Zabalsanche_web.webp\",\"contentUrl\":\"https:\\\/\\\/www.laguiadepamplona.com\\\/actualidad\\\/wp-content\\\/uploads\\\/2026\\\/03\\\/Zabalsanche_web.webp\",\"width\":1000,\"height\":667,\"caption\":\"Zabalsanche\"},{\"@type\":\"BreadcrumbList\",\"@id\":\"https:\\\/\\\/www.laguiadepamplona.com\\\/actualidad\\\/la-casa-de-la-juventud-acoge-la-proxima-semana-una-charla-dos-proyecciones-un-monologo-y-una-exposicion-del-programa-ensancha-tu-cultura-zabalsanche\\\/#breadcrumb\",\"itemListElement\":[{\"@type\":\"ListItem\",\"position\":1,\"name\":\"Portada\",\"item\":\"https:\\\/\\\/www.laguiadepamplona.com\\\/actualidad\\\/\"},{\"@type\":\"ListItem\",\"position\":2,\"name\":\"La Casa de la Juventud acoge la pr\u00f3xima semana una charla, dos proyecciones, un mon\u00f3logo y una exposici\u00f3n del programa \u2018Ensancha tu Cultura, Zabalsanche\u2019\"}]},{\"@type\":\"WebSite\",\"@id\":\"https:\\\/\\\/www.laguiadepamplona.com\\\/actualidad\\\/#website\",\"url\":\"https:\\\/\\\/www.laguiadepamplona.com\\\/actualidad\\\/\",\"name\":\"La gu\u00eda de Pamplona\",\"description\":\"Noticias de Pamplona\",\"publisher\":{\"@id\":\"https:\\\/\\\/www.laguiadepamplona.com\\\/actualidad\\\/#organization\"},\"potentialAction\":[{\"@type\":\"SearchAction\",\"target\":{\"@type\":\"EntryPoint\",\"urlTemplate\":\"https:\\\/\\\/www.laguiadepamplona.com\\\/actualidad\\\/?s={search_term_string}\"},\"query-input\":{\"@type\":\"PropertyValueSpecification\",\"valueRequired\":true,\"valueName\":\"search_term_string\"}}],\"inLanguage\":\"es\"},{\"@type\":\"Organization\",\"@id\":\"https:\\\/\\\/www.laguiadepamplona.com\\\/actualidad\\\/#organization\",\"name\":\"La Gu\u00eda de Pamplona \\\/ Noticias\",\"url\":\"https:\\\/\\\/www.laguiadepamplona.com\\\/actualidad\\\/\",\"logo\":{\"@type\":\"ImageObject\",\"inLanguage\":\"es\",\"@id\":\"https:\\\/\\\/www.laguiadepamplona.com\\\/actualidad\\\/#\\\/schema\\\/logo\\\/image\\\/\",\"url\":\"https:\\\/\\\/www.laguiadepamplona.com\\\/actualidad\\\/wp-content\\\/uploads\\\/2018\\\/11\\\/logo-laguiadepamplona18-web1.png\",\"contentUrl\":\"https:\\\/\\\/www.laguiadepamplona.com\\\/actualidad\\\/wp-content\\\/uploads\\\/2018\\\/11\\\/logo-laguiadepamplona18-web1.png\",\"width\":600,\"height\":196,\"caption\":\"La Gu\u00eda de Pamplona \\\/ Noticias\"},\"image\":{\"@id\":\"https:\\\/\\\/www.laguiadepamplona.com\\\/actualidad\\\/#\\\/schema\\\/logo\\\/image\\\/\"},\"sameAs\":[\"https:\\\/\\\/www.facebook.com\\\/laguiadepamplonacom-133175176762273\\\/?ref=hl\",\"https:\\\/\\\/x.com\\\/LaGuiadPamplona\",\"https:\\\/\\\/www.instagram.com\\\/la_guia_de_pamplona\\\/\",\"https:\\\/\\\/www.youtube.com\\\/user\\\/laguiadepamplona\"]},{\"@type\":\"Person\",\"@id\":\"https:\\\/\\\/www.laguiadepamplona.com\\\/actualidad\\\/#\\\/schema\\\/person\\\/efe887376f0213d4657c93adc50b1fdb\",\"name\":\"La Gu\u00eda de Pamplona\",\"image\":{\"@type\":\"ImageObject\",\"inLanguage\":\"es\",\"@id\":\"https:\\\/\\\/secure.gravatar.com\\\/avatar\\\/b6992f131dc8d30ab0dff15446e9d346d9dbd95992de0fef795073f5ea83a81c?s=96&d=mm&r=g\",\"url\":\"https:\\\/\\\/secure.gravatar.com\\\/avatar\\\/b6992f131dc8d30ab0dff15446e9d346d9dbd95992de0fef795073f5ea83a81c?s=96&d=mm&r=g\",\"contentUrl\":\"https:\\\/\\\/secure.gravatar.com\\\/avatar\\\/b6992f131dc8d30ab0dff15446e9d346d9dbd95992de0fef795073f5ea83a81c?s=96&d=mm&r=g\",\"caption\":\"La Gu\u00eda de Pamplona\"}}]}<\/script>\n<!-- \/ Yoast SEO plugin. -->","yoast_head_json":{"title":"La Casa de la Juventud acoge la pr\u00f3xima semana una charla, dos proyecciones, un mon\u00f3logo y una exposici\u00f3n del programa \u2018Ensancha tu Cultura, Zabalsanche\u2019","description":"Las actividades de esta semana cultural son gratuitas y buscan fortalecer la vida comunitaria y visibilizar la actividad cultural del barrio","robots":{"index":"index","follow":"follow","max-snippet":"max-snippet:-1","max-image-preview":"max-image-preview:large","max-video-preview":"max-video-preview:-1"},"canonical":"https:\/\/www.laguiadepamplona.com\/actualidad\/la-casa-de-la-juventud-acoge-la-proxima-semana-una-charla-dos-proyecciones-un-monologo-y-una-exposicion-del-programa-ensancha-tu-cultura-zabalsanche\/","og_locale":"es_ES","og_type":"article","og_title":"La Casa de la Juventud acoge la pr\u00f3xima semana una charla, dos proyecciones, un mon\u00f3logo y una exposici\u00f3n del programa \u2018Ensancha tu Cultura, Zabalsanche\u2019","og_description":"Las actividades de esta semana cultural son gratuitas y buscan fortalecer la vida comunitaria y visibilizar la actividad cultural del barrio","og_url":"https:\/\/www.laguiadepamplona.com\/actualidad\/la-casa-de-la-juventud-acoge-la-proxima-semana-una-charla-dos-proyecciones-un-monologo-y-una-exposicion-del-programa-ensancha-tu-cultura-zabalsanche\/","og_site_name":"La Gu\u00eda de Pamplona","article_publisher":"https:\/\/www.facebook.com\/laguiadepamplonacom-133175176762273\/?ref=hl","article_published_time":"2026-03-06T18:40:37+00:00","og_image":[{"width":1000,"height":667,"url":"https:\/\/www.laguiadepamplona.com\/actualidad\/wp-content\/uploads\/2026\/03\/Zabalsanche_web.webp","type":"image\/webp"}],"author":"La Gu\u00eda de Pamplona","twitter_card":"summary_large_image","twitter_creator":"@LaGuiadPamplona","twitter_site":"@LaGuiadPamplona","twitter_misc":{"Escrito por":"La Gu\u00eda de Pamplona","Tiempo de lectura":"3 minutos"},"schema":{"@context":"https:\/\/schema.org","@graph":[{"@type":"Article","@id":"https:\/\/www.laguiadepamplona.com\/actualidad\/la-casa-de-la-juventud-acoge-la-proxima-semana-una-charla-dos-proyecciones-un-monologo-y-una-exposicion-del-programa-ensancha-tu-cultura-zabalsanche\/#article","isPartOf":{"@id":"https:\/\/www.laguiadepamplona.com\/actualidad\/la-casa-de-la-juventud-acoge-la-proxima-semana-una-charla-dos-proyecciones-un-monologo-y-una-exposicion-del-programa-ensancha-tu-cultura-zabalsanche\/"},"author":{"name":"La Gu\u00eda de Pamplona","@id":"https:\/\/www.laguiadepamplona.com\/actualidad\/#\/schema\/person\/efe887376f0213d4657c93adc50b1fdb"},"headline":"La Casa de la Juventud acoge la pr\u00f3xima semana una charla, dos proyecciones, un mon\u00f3logo y una exposici\u00f3n del programa \u2018Ensancha tu Cultura, Zabalsanche\u2019","datePublished":"2026-03-06T18:40:37+00:00","mainEntityOfPage":{"@id":"https:\/\/www.laguiadepamplona.com\/actualidad\/la-casa-de-la-juventud-acoge-la-proxima-semana-una-charla-dos-proyecciones-un-monologo-y-una-exposicion-del-programa-ensancha-tu-cultura-zabalsanche\/"},"wordCount":561,"commentCount":0,"publisher":{"@id":"https:\/\/www.laguiadepamplona.com\/actualidad\/#organization"},"image":{"@id":"https:\/\/www.laguiadepamplona.com\/actualidad\/la-casa-de-la-juventud-acoge-la-proxima-semana-una-charla-dos-proyecciones-un-monologo-y-una-exposicion-del-programa-ensancha-tu-cultura-zabalsanche\/#primaryimage"},"thumbnailUrl":"https:\/\/www.laguiadepamplona.com\/actualidad\/wp-content\/uploads\/2026\/03\/Zabalsanche_web.webp","articleSection":["Ayto Pamplona"],"inLanguage":"es","potentialAction":[{"@type":"CommentAction","name":"Comment","target":["https:\/\/www.laguiadepamplona.com\/actualidad\/la-casa-de-la-juventud-acoge-la-proxima-semana-una-charla-dos-proyecciones-un-monologo-y-una-exposicion-del-programa-ensancha-tu-cultura-zabalsanche\/#respond"]}]},{"@type":"WebPage","@id":"https:\/\/www.laguiadepamplona.com\/actualidad\/la-casa-de-la-juventud-acoge-la-proxima-semana-una-charla-dos-proyecciones-un-monologo-y-una-exposicion-del-programa-ensancha-tu-cultura-zabalsanche\/","url":"https:\/\/www.laguiadepamplona.com\/actualidad\/la-casa-de-la-juventud-acoge-la-proxima-semana-una-charla-dos-proyecciones-un-monologo-y-una-exposicion-del-programa-ensancha-tu-cultura-zabalsanche\/","name":"La Casa de la Juventud acoge la pr\u00f3xima semana una charla, dos proyecciones, un mon\u00f3logo y una exposici\u00f3n del programa \u2018Ensancha tu Cultura, Zabalsanche\u2019","isPartOf":{"@id":"https:\/\/www.laguiadepamplona.com\/actualidad\/#website"},"primaryImageOfPage":{"@id":"https:\/\/www.laguiadepamplona.com\/actualidad\/la-casa-de-la-juventud-acoge-la-proxima-semana-una-charla-dos-proyecciones-un-monologo-y-una-exposicion-del-programa-ensancha-tu-cultura-zabalsanche\/#primaryimage"},"image":{"@id":"https:\/\/www.laguiadepamplona.com\/actualidad\/la-casa-de-la-juventud-acoge-la-proxima-semana-una-charla-dos-proyecciones-un-monologo-y-una-exposicion-del-programa-ensancha-tu-cultura-zabalsanche\/#primaryimage"},"thumbnailUrl":"https:\/\/www.laguiadepamplona.com\/actualidad\/wp-content\/uploads\/2026\/03\/Zabalsanche_web.webp","datePublished":"2026-03-06T18:40:37+00:00","description":"Las actividades de esta semana cultural son gratuitas y buscan fortalecer la vida comunitaria y visibilizar la actividad cultural del barrio","breadcrumb":{"@id":"https:\/\/www.laguiadepamplona.com\/actualidad\/la-casa-de-la-juventud-acoge-la-proxima-semana-una-charla-dos-proyecciones-un-monologo-y-una-exposicion-del-programa-ensancha-tu-cultura-zabalsanche\/#breadcrumb"},"inLanguage":"es","potentialAction":[{"@type":"ReadAction","target":["https:\/\/www.laguiadepamplona.com\/actualidad\/la-casa-de-la-juventud-acoge-la-proxima-semana-una-charla-dos-proyecciones-un-monologo-y-una-exposicion-del-programa-ensancha-tu-cultura-zabalsanche\/"]}]},{"@type":"ImageObject","inLanguage":"es","@id":"https:\/\/www.laguiadepamplona.com\/actualidad\/la-casa-de-la-juventud-acoge-la-proxima-semana-una-charla-dos-proyecciones-un-monologo-y-una-exposicion-del-programa-ensancha-tu-cultura-zabalsanche\/#primaryimage","url":"https:\/\/www.laguiadepamplona.com\/actualidad\/wp-content\/uploads\/2026\/03\/Zabalsanche_web.webp","contentUrl":"https:\/\/www.laguiadepamplona.com\/actualidad\/wp-content\/uploads\/2026\/03\/Zabalsanche_web.webp","width":1000,"height":667,"caption":"Zabalsanche"},{"@type":"BreadcrumbList","@id":"https:\/\/www.laguiadepamplona.com\/actualidad\/la-casa-de-la-juventud-acoge-la-proxima-semana-una-charla-dos-proyecciones-un-monologo-y-una-exposicion-del-programa-ensancha-tu-cultura-zabalsanche\/#breadcrumb","itemListElement":[{"@type":"ListItem","position":1,"name":"Portada","item":"https:\/\/www.laguiadepamplona.com\/actualidad\/"},{"@type":"ListItem","position":2,"name":"La Casa de la Juventud acoge la pr\u00f3xima semana una charla, dos proyecciones, un mon\u00f3logo y una exposici\u00f3n del programa \u2018Ensancha tu Cultura, Zabalsanche\u2019"}]},{"@type":"WebSite","@id":"https:\/\/www.laguiadepamplona.com\/actualidad\/#website","url":"https:\/\/www.laguiadepamplona.com\/actualidad\/","name":"La gu\u00eda de Pamplona","description":"Noticias de Pamplona","publisher":{"@id":"https:\/\/www.laguiadepamplona.com\/actualidad\/#organization"},"potentialAction":[{"@type":"SearchAction","target":{"@type":"EntryPoint","urlTemplate":"https:\/\/www.laguiadepamplona.com\/actualidad\/?s={search_term_string}"},"query-input":{"@type":"PropertyValueSpecification","valueRequired":true,"valueName":"search_term_string"}}],"inLanguage":"es"},{"@type":"Organization","@id":"https:\/\/www.laguiadepamplona.com\/actualidad\/#organization","name":"La Gu\u00eda de Pamplona \/ Noticias","url":"https:\/\/www.laguiadepamplona.com\/actualidad\/","logo":{"@type":"ImageObject","inLanguage":"es","@id":"https:\/\/www.laguiadepamplona.com\/actualidad\/#\/schema\/logo\/image\/","url":"https:\/\/www.laguiadepamplona.com\/actualidad\/wp-content\/uploads\/2018\/11\/logo-laguiadepamplona18-web1.png","contentUrl":"https:\/\/www.laguiadepamplona.com\/actualidad\/wp-content\/uploads\/2018\/11\/logo-laguiadepamplona18-web1.png","width":600,"height":196,"caption":"La Gu\u00eda de Pamplona \/ Noticias"},"image":{"@id":"https:\/\/www.laguiadepamplona.com\/actualidad\/#\/schema\/logo\/image\/"},"sameAs":["https:\/\/www.facebook.com\/laguiadepamplonacom-133175176762273\/?ref=hl","https:\/\/x.com\/LaGuiadPamplona","https:\/\/www.instagram.com\/la_guia_de_pamplona\/","https:\/\/www.youtube.com\/user\/laguiadepamplona"]},{"@type":"Person","@id":"https:\/\/www.laguiadepamplona.com\/actualidad\/#\/schema\/person\/efe887376f0213d4657c93adc50b1fdb","name":"La Gu\u00eda de Pamplona","image":{"@type":"ImageObject","inLanguage":"es","@id":"https:\/\/secure.gravatar.com\/avatar\/b6992f131dc8d30ab0dff15446e9d346d9dbd95992de0fef795073f5ea83a81c?s=96&d=mm&r=g","url":"https:\/\/secure.gravatar.com\/avatar\/b6992f131dc8d30ab0dff15446e9d346d9dbd95992de0fef795073f5ea83a81c?s=96&d=mm&r=g","contentUrl":"https:\/\/secure.gravatar.com\/avatar\/b6992f131dc8d30ab0dff15446e9d346d9dbd95992de0fef795073f5ea83a81c?s=96&d=mm&r=g","caption":"La Gu\u00eda de Pamplona"}}]}},"post_mailing_queue_ids":[],"_links":{"self":[{"href":"https:\/\/www.laguiadepamplona.com\/actualidad\/wp-json\/wp\/v2\/posts\/54773","targetHints":{"allow":["GET"]}}],"collection":[{"href":"https:\/\/www.laguiadepamplona.com\/actualidad\/wp-json\/wp\/v2\/posts"}],"about":[{"href":"https:\/\/www.laguiadepamplona.com\/actualidad\/wp-json\/wp\/v2\/types\/post"}],"author":[{"embeddable":true,"href":"https:\/\/www.laguiadepamplona.com\/actualidad\/wp-json\/wp\/v2\/users\/1"}],"replies":[{"embeddable":true,"href":"https:\/\/www.laguiadepamplona.com\/actualidad\/wp-json\/wp\/v2\/comments?post=54773"}],"version-history":[{"count":1,"href":"https:\/\/www.laguiadepamplona.com\/actualidad\/wp-json\/wp\/v2\/posts\/54773\/revisions"}],"predecessor-version":[{"id":54775,"href":"https:\/\/www.laguiadepamplona.com\/actualidad\/wp-json\/wp\/v2\/posts\/54773\/revisions\/54775"}],"wp:featuredmedia":[{"embeddable":true,"href":"https:\/\/www.laguiadepamplona.com\/actualidad\/wp-json\/wp\/v2\/media\/54774"}],"wp:attachment":[{"href":"https:\/\/www.laguiadepamplona.com\/actualidad\/wp-json\/wp\/v2\/media?parent=54773"}],"wp:term":[{"taxonomy":"category","embeddable":true,"href":"https:\/\/www.laguiadepamplona.com\/actualidad\/wp-json\/wp\/v2\/categories?post=54773"},{"taxonomy":"post_tag","embeddable":true,"href":"https:\/\/www.laguiadepamplona.com\/actualidad\/wp-json\/wp\/v2\/tags?post=54773"}],"curies":[{"name":"wp","href":"https:\/\/api.w.org\/{rel}","templated":true}]}}